{"id":8272,"date":"2025-03-20T12:00:50","date_gmt":"2025-03-20T10:00:50","guid":{"rendered":"https:\/\/allasorias.hu\/hirek\/?p=8272"},"modified":"2025-05-13T16:00:01","modified_gmt":"2025-05-13T14:00:01","slug":"ujabb-kedvezmeny-kisgyermekes-anyaknak","status":"publish","type":"post","link":"https:\/\/allasorias.hu\/hirek\/ujabb-kedvezmeny-kisgyermekes-anyaknak\/","title":{"rendered":"\u00dajabb kedvezm\u00e9ny kisgyermekes any\u00e1knak"},"content":{"rendered":"<p><strong>Kedvez\u0151 lehet a kisgyermekes any\u00e1knak a munka melletti CSED, ami v\u00e1rhat\u00f3an j\u00falius 1-t\u0151l vehet\u0151 ig\u00e9nybe. Az \u00faj jogszab\u00e1ly m\u00f3dos\u00edt\u00e1s azoknak lesz kedvez\u0151, akiknek fontos az \u00fcgyf\u00e9lk\u00f6r\u00fck megtart\u00e1sa a munkahelyeiken. <\/strong><\/p>\n<p>A Kultur\u00e1lis \u00e9s Innov\u00e1ci\u00f3s Miniszt\u00e9rium t\u00e1rsadalmi egyeztet\u00e9sre bocs\u00e1tja azt a jogszab\u00e1lytervezetet, amely a gyed extra mint\u00e1j\u00e1ra lehet\u0151v\u00e9 tenn\u00e9, hogy a csecsem\u0151gondoz\u00e1si d\u00edjat (CSED) munkav\u00e9gz\u00e9s mellett is ig\u00e9nybe lehessen venni &#8211; k\u00f6z\u00f6lte a Kultur\u00e1lis \u00e9s Innov\u00e1ci\u00f3s Miniszt\u00e9rium (KIM) az MTI-vel. Ezzel tov\u00e1bb n\u0151het a kisgyermekes \u00e9desany\u00e1k v\u00e1laszt\u00e1si szabads\u00e1ga \u00e9s j\u00f6vedelme is &#8211; tett\u00e9k hozz\u00e1.<\/p>\n<h2>R\u00e9szmunkaid\u0151, t\u00e1vmunka, egy\u00e9ni v\u00e1llalkoz\u00e1s<\/h2>\n<p>A tervezett int\u00e9zked\u00e9s c\u00e9lj\u00e1nak azt nevezt\u00e9k, hogy az \u00e9desanya min\u00e9l hamarabb visszat\u00e9rhessen a munka vil\u00e1g\u00e1ba, an\u00e9lk\u00fcl, hogy ezzel elvesz\u00edten\u00e9 a gyermeke ut\u00e1n j\u00e1r\u00f3 ell\u00e1t\u00e1st. Az \u00faj javaslat k\u00fcl\u00f6n\u00f6sen azoknak a csal\u00e1doknak jelenthet komoly seg\u00edts\u00e9get, ahol az \u00e9desanya a foglalkoz\u00e1sa jelleg\u00e9b\u0151l ad\u00f3d\u00f3an kisgyermeke ell\u00e1t\u00e1sa mellett a munk\u00e1j\u00e1t is el tudja v\u00e9gezni (p\u00e9ld\u00e1ul r\u00e9szmunkaid\u0151s foglalkoztat\u00e1s, t\u00e1vmunkav\u00e9gz\u00e9sben dolgoz\u00f3k, egy\u00e9ni v\u00e1llalkoz\u00f3k, fodr\u00e1szok, kozmetikusok, \u0151stermel\u0151k) &#8211; \u00edrt\u00e1k.<\/p>\n<p>A jelenlegi szab\u00e1lyoz\u00e1s szerint a csecsem\u0151gondoz\u00e1si d\u00edj a sz\u00fcl\u00e9si szabads\u00e1g id\u0151tartam\u00e1ra j\u00e1r\u00f3, biztos\u00edt\u00e1si jogviszonyhoz k\u00f6t\u00f6tt ell\u00e1t\u00e1s. A 24 hetes sz\u00fcl\u00e9si szabads\u00e1g id\u0151tartam\u00e1b\u00f3l k\u00e9t hetet k\u00f6telez\u0151 ig\u00e9nybe venni, a sz\u00fcl\u00e9si szabads\u00e1got pedig \u00fagy kell kiadni, hogy legfeljebb n\u00e9gy h\u00e9t a sz\u00fcl\u00e9s v\u00e1rhat\u00f3 id\u0151pontja el\u00e9 essen. A CSED \u00f6sszege az \u00e9desanya kor\u00e1bbi j\u00f6vedelm\u00e9nek figyelembev\u00e9tel\u00e9vel meg\u00e1llap\u00edtott napt\u00e1ri napi alap 100 sz\u00e1zal\u00e9ka. Az ell\u00e1t\u00e1s foly\u00f3s\u00edt\u00e1sa mellett jelenleg keres\u0151tev\u00e9kenys\u00e9get nem lehet folytatni &#8211; fejtett\u00e9k ki.<\/p>\n<p>A t\u00e1rsadalmi egyeztet\u00e9sre bocs\u00e1tott javaslat szerint az \u00e9desanya a gyermeke sz\u00fclet\u00e9se ut\u00e1ni harmadik h\u00f3napot (90 napot) k\u00f6vet\u0151en munk\u00e1t v\u00e1llalhatna. A tervezet alapj\u00e1n munkav\u00e9gz\u00e9s mellett a csed \u00f6sszege a napt\u00e1ri napi alap 100 sz\u00e1zal\u00e9ka helyett 70 sz\u00e1zal\u00e9kra cs\u00f6kkenne, de az \u00e9rintett \u00e9desanya \u00edgy anyagilag jobban j\u00e1rna, hiszen a fizet\u00e9se, keresete mellett r\u00e9szes\u00fclne a csed extra szerinti \u00f6sszegben. A korm\u00e1ny sz\u00e1nd\u00e9ka szerint a csed extra j\u00falius 1-j\u00e9n l\u00e9pne hat\u00e1lyba, az int\u00e9zked\u00e9s m\u00e1r a foly\u00f3 ell\u00e1t\u00e1sokra is vonatkozna. Az \u00fajabb csal\u00e1dbar\u00e1t m\u00f3dos\u00edt\u00e1s els\u0151sorban azoknak az any\u00e1knak ny\u00fajthat seg\u00edts\u00e9get, akiknek \u00fcgyf\u00e9lk\u00f6r\u00fck megtart\u00e1sa miatt kiemelten fontos, hogy miel\u0151bb visszat\u00e9rhessenek dolgozni, an\u00e9lk\u00fcl, hogy ezzel elvesz\u00edten\u00e9k a gyermek ut\u00e1n j\u00e1r\u00f3 ell\u00e1t\u00e1st &#8211; emelt\u00e9k ki.<\/p>\n<p>Forr\u00e1s: <a href=\"https:\/\/www.hrportal.hu\/c\/munka-mellett-is-igenybe-veheto-lesz-a-csed-de-csokkentett-osszegben-20250320.html\" target=\"_blank\" rel=\"nofollow noopener\">hrportal.hu<\/a><\/p>\n<p>&nbsp;<\/p>\n","protected":false},"excerpt":{"rendered":"<p>Kedvez\u0151 lehet a kisgyermekes any\u00e1knak a munka melletti CSED, ami v\u00e1rhat\u00f3an j\u00falius 1-t\u0151l vehet\u0151 ig\u00e9nybe. Az \u00faj jogszab\u00e1ly m\u00f3dos\u00edt\u00e1s azoknak lesz kedvez\u0151, akiknek fontos az \u00fcgyf\u00e9lk\u00f6r\u00fck megtart\u00e1sa a munkahelyeiken. A Kultur\u00e1lis \u00e9s Innov\u00e1ci\u00f3s Miniszt\u00e9rium t\u00e1rsadalmi egyeztet\u00e9sre bocs\u00e1tja azt a jogszab\u00e1lytervezetet, amely a gyed extra mint\u00e1j\u00e1ra lehet\u0151v\u00e9 tenn\u00e9, hogy a csecsem\u0151gondoz\u00e1si d\u00edjat (CSED) munkav\u00e9gz\u00e9s mellett is [&hellip;]<\/p>\n","protected":false},"author":1,"featured_media":8273,"comment_status":"closed","ping_status":"closed","sticky":false,"template":"","format":"standard","meta":{"_monsterinsights_skip_tracking":false,"footnotes":""},"categories":[200],"tags":[893,363],"class_list":["post-8272","post","type-post","status-publish","format-standard","has-post-thumbnail","hentry","category-munkaeropiac","tag-csed","tag-kisgyermekes-anyak"],"aioseo_notices":[],"aioseo_head":"\n\t\t<!-- All in One SEO 5.0.0.1 - aioseo.com -->\n\t<meta name=\"description\" content=\"Kedvez\u0151 lehet a kisgyermekes any\u00e1knak a munka melletti CSED, ami v\u00e1rhat\u00f3an j\u00falius 1-t\u0151l vehet\u0151 ig\u00e9nybe.\" \/>\n\t<meta name=\"robots\" content=\"max-image-preview:large\" \/>\n\t<meta name=\"author\" content=\"Juh\u00e1sz P\u00e9ter\"\/>\n\t<meta name=\"keywords\" content=\"csed,kisgyermekes any\u00e1k\" \/>\n\t<link rel=\"canonical\" href=\"https:\/\/allasorias.hu\/hirek\/ujabb-kedvezmeny-kisgyermekes-anyaknak\/\" \/>\n\t<meta name=\"generator\" content=\"All in One SEO (AIOSEO) 5.0.0.1\" \/>\n\t\t<meta property=\"og:locale\" content=\"hu_HU\" \/>\n\t\t<meta property=\"og:site_name\" content=\"AllasOrias.hu | H\u00edrek-lapszemle | \u00dczleti h\u00edrek az \u00e1ll\u00e1s \u00e9s a munka vil\u00e1g\u00e1b\u00f3l\" \/>\n\t\t<meta property=\"og:type\" content=\"article\" \/>\n\t\t<meta property=\"og:title\" content=\"\u00dajabb kedvezm\u00e9ny kisgyermekes any\u00e1knak j\u00e1r\" \/>\n\t\t<meta property=\"og:description\" content=\"Kedvez\u0151 lehet a kisgyermekes any\u00e1knak a munka melletti CSED, ami v\u00e1rhat\u00f3an j\u00falius 1-t\u0151l vehet\u0151 ig\u00e9nybe.\" \/>\n\t\t<meta property=\"og:url\" content=\"https:\/\/allasorias.hu\/hirek\/ujabb-kedvezmeny-kisgyermekes-anyaknak\/\" \/>\n\t\t<meta property=\"og:image\" content=\"https:\/\/allasorias.hu\/hirek\/wp-content\/uploads\/2025\/03\/kedvezmeny-kisgyermekes-anyaknak.jpg\" \/>\n\t\t<meta property=\"og:image:secure_url\" content=\"https:\/\/allasorias.hu\/hirek\/wp-content\/uploads\/2025\/03\/kedvezmeny-kisgyermekes-anyaknak.jpg\" \/>\n\t\t<meta property=\"og:image:width\" content=\"1920\" \/>\n\t\t<meta property=\"og:image:height\" content=\"1280\" \/>\n\t\t<meta property=\"article:published_time\" content=\"2025-03-20T10:00:50+00:00\" \/>\n\t\t<meta property=\"article:modified_time\" content=\"2025-05-13T14:00:01+00:00\" \/>\n\t\t<meta property=\"article:publisher\" content=\"https:\/\/www.facebook.com\/allasorias\" \/>\n\t\t<meta name=\"twitter:card\" content=\"summary_large_image\" \/>\n\t\t<meta name=\"twitter:title\" content=\"\u00dajabb kedvezm\u00e9ny kisgyermekes any\u00e1knak j\u00e1r\" \/>\n\t\t<meta name=\"twitter:description\" content=\"Kedvez\u0151 lehet a kisgyermekes any\u00e1knak a munka melletti CSED, ami v\u00e1rhat\u00f3an j\u00falius 1-t\u0151l vehet\u0151 ig\u00e9nybe.\" \/>\n\t\t<meta name=\"twitter:image\" content=\"https:\/\/allasorias.hu\/hirek\/wp-content\/uploads\/2025\/03\/kedvezmeny-kisgyermekes-anyaknak.jpg\" \/>\n\t\t<meta name=\"twitter:label1\" content=\"Written by\" \/>\n\t\t<meta name=\"twitter:data1\" content=\"Juh\u00e1sz P\u00e9ter\" \/>\n\t\t<meta name=\"twitter:label2\" content=\"Est. reading time\" \/>\n\t\t<meta name=\"twitter:data2\" content=\"3 minutes\" \/>\n\t\t<script type=\"application\/ld+json\" class=\"aioseo-schema\">\n\t\t\t{\"@context\":\"https:\\\/\\\/schema.org\",\"@graph\":[{\"@type\":\"Article\",\"@id\":\"https:\\\/\\\/allasorias.hu\\\/hirek\\\/ujabb-kedvezmeny-kisgyermekes-anyaknak\\\/#article\",\"name\":\"\\u00dajabb kedvezm\\u00e9ny kisgyermekes any\\u00e1knak j\\u00e1r\",\"headline\":\"\\u00dajabb kedvezm\\u00e9ny kisgyermekes any\\u00e1knak\",\"author\":{\"@id\":\"https:\\\/\\\/allasorias.hu\\\/hirek\\\/author\\\/admin-allasorias\\\/#author\"},\"publisher\":{\"@id\":\"https:\\\/\\\/allasorias.hu\\\/hirek\\\/#organization\"},\"image\":{\"@type\":\"ImageObject\",\"url\":\"https:\\\/\\\/allasorias.hu\\\/hirek\\\/wp-content\\\/uploads\\\/2025\\\/03\\\/kedvezmeny-kisgyermekes-anyaknak.jpg\",\"width\":1920,\"height\":1280,\"caption\":\"\\u00dajabb kedvezm\\u00e9ny kisgyermekes any\\u00e1knak - Allasorias.hu\\\/Hirek\"},\"datePublished\":\"2025-03-20T12:00:50+02:00\",\"dateModified\":\"2025-05-13T16:00:01+02:00\",\"inLanguage\":\"hu-HU\",\"mainEntityOfPage\":{\"@id\":\"https:\\\/\\\/allasorias.hu\\\/hirek\\\/ujabb-kedvezmeny-kisgyermekes-anyaknak\\\/#webpage\"},\"isPartOf\":{\"@id\":\"https:\\\/\\\/allasorias.hu\\\/hirek\\\/ujabb-kedvezmeny-kisgyermekes-anyaknak\\\/#webpage\"},\"articleSection\":\"Munkaer\\u0151piac, CSED, kisgyermekes any\\u00e1k\"},{\"@type\":\"BreadcrumbList\",\"@id\":\"https:\\\/\\\/allasorias.hu\\\/hirek\\\/ujabb-kedvezmeny-kisgyermekes-anyaknak\\\/#breadcrumblist\",\"itemListElement\":[{\"@type\":\"ListItem\",\"@id\":\"https:\\\/\\\/allasorias.hu\\\/hirek#listItem\",\"position\":1,\"name\":\"Home\",\"item\":\"https:\\\/\\\/allasorias.hu\\\/hirek\",\"nextItem\":{\"@type\":\"ListItem\",\"@id\":\"https:\\\/\\\/allasorias.hu\\\/hirek\\\/temak\\\/munkaeropiac\\\/#listItem\",\"name\":\"Munkaer\\u0151piac\"}},{\"@type\":\"ListItem\",\"@id\":\"https:\\\/\\\/allasorias.hu\\\/hirek\\\/temak\\\/munkaeropiac\\\/#listItem\",\"position\":2,\"name\":\"Munkaer\\u0151piac\",\"item\":\"https:\\\/\\\/allasorias.hu\\\/hirek\\\/temak\\\/munkaeropiac\\\/\",\"nextItem\":{\"@type\":\"ListItem\",\"@id\":\"https:\\\/\\\/allasorias.hu\\\/hirek\\\/ujabb-kedvezmeny-kisgyermekes-anyaknak\\\/#listItem\",\"name\":\"\\u00dajabb kedvezm\\u00e9ny kisgyermekes any\\u00e1knak\"},\"previousItem\":{\"@type\":\"ListItem\",\"@id\":\"https:\\\/\\\/allasorias.hu\\\/hirek#listItem\",\"name\":\"Home\"}},{\"@type\":\"ListItem\",\"@id\":\"https:\\\/\\\/allasorias.hu\\\/hirek\\\/ujabb-kedvezmeny-kisgyermekes-anyaknak\\\/#listItem\",\"position\":3,\"name\":\"\\u00dajabb kedvezm\\u00e9ny kisgyermekes any\\u00e1knak\",\"previousItem\":{\"@type\":\"ListItem\",\"@id\":\"https:\\\/\\\/allasorias.hu\\\/hirek\\\/temak\\\/munkaeropiac\\\/#listItem\",\"name\":\"Munkaer\\u0151piac\"}}]},{\"@type\":\"Organization\",\"@id\":\"https:\\\/\\\/allasorias.hu\\\/hirek\\\/#organization\",\"name\":\"AllasOrias.hu | H\\u00edrek-lapszemle\",\"description\":\"\\u00dczleti h\\u00edrek az \\u00e1ll\\u00e1s \\u00e9s a munka vil\\u00e1g\\u00e1b\\u00f3l\",\"url\":\"https:\\\/\\\/allasorias.hu\\\/hirek\\\/\",\"logo\":{\"@type\":\"ImageObject\",\"url\":\"https:\\\/\\\/allasorias.hu\\\/hirek\\\/wp-content\\\/uploads\\\/2022\\\/10\\\/allasorias_site_facebok_logo.png\",\"@id\":\"https:\\\/\\\/allasorias.hu\\\/hirek\\\/ujabb-kedvezmeny-kisgyermekes-anyaknak\\\/#organizationLogo\"},\"image\":{\"@id\":\"https:\\\/\\\/allasorias.hu\\\/hirek\\\/ujabb-kedvezmeny-kisgyermekes-anyaknak\\\/#organizationLogo\"},\"sameAs\":[\"https:\\\/\\\/www.facebook.com\\\/allasorias\",\"https:\\\/\\\/www.linkedin.com\\\/company\\\/allasorias\"]},{\"@type\":\"Person\",\"@id\":\"https:\\\/\\\/allasorias.hu\\\/hirek\\\/author\\\/admin-allasorias\\\/#author\",\"url\":\"https:\\\/\\\/allasorias.hu\\\/hirek\\\/author\\\/admin-allasorias\\\/\",\"name\":\"Juh\\u00e1sz P\\u00e9ter\",\"image\":{\"@type\":\"ImageObject\",\"@id\":\"https:\\\/\\\/allasorias.hu\\\/hirek\\\/ujabb-kedvezmeny-kisgyermekes-anyaknak\\\/#authorImage\",\"url\":\"https:\\\/\\\/secure.gravatar.com\\\/avatar\\\/36e6bcb83148978b992977cb0f54d22feb0cce8a0a849a9410532bb2623ba4c6?s=96&d=mm&r=g\",\"width\":96,\"height\":96,\"caption\":\"Juh\\u00e1sz P\\u00e9ter\"}},{\"@type\":\"WebPage\",\"@id\":\"https:\\\/\\\/allasorias.hu\\\/hirek\\\/ujabb-kedvezmeny-kisgyermekes-anyaknak\\\/#webpage\",\"url\":\"https:\\\/\\\/allasorias.hu\\\/hirek\\\/ujabb-kedvezmeny-kisgyermekes-anyaknak\\\/\",\"name\":\"\\u00dajabb kedvezm\\u00e9ny kisgyermekes any\\u00e1knak j\\u00e1r\",\"description\":\"Kedvez\\u0151 lehet a kisgyermekes any\\u00e1knak a munka melletti CSED, ami v\\u00e1rhat\\u00f3an j\\u00falius 1-t\\u0151l vehet\\u0151 ig\\u00e9nybe.\",\"inLanguage\":\"hu-HU\",\"isPartOf\":{\"@id\":\"https:\\\/\\\/allasorias.hu\\\/hirek\\\/#website\"},\"breadcrumb\":{\"@id\":\"https:\\\/\\\/allasorias.hu\\\/hirek\\\/ujabb-kedvezmeny-kisgyermekes-anyaknak\\\/#breadcrumblist\"},\"author\":{\"@id\":\"https:\\\/\\\/allasorias.hu\\\/hirek\\\/author\\\/admin-allasorias\\\/#author\"},\"creator\":{\"@id\":\"https:\\\/\\\/allasorias.hu\\\/hirek\\\/author\\\/admin-allasorias\\\/#author\"},\"image\":{\"@type\":\"ImageObject\",\"url\":\"https:\\\/\\\/allasorias.hu\\\/hirek\\\/wp-content\\\/uploads\\\/2025\\\/03\\\/kedvezmeny-kisgyermekes-anyaknak.jpg\",\"@id\":\"https:\\\/\\\/allasorias.hu\\\/hirek\\\/ujabb-kedvezmeny-kisgyermekes-anyaknak\\\/#mainImage\",\"width\":1920,\"height\":1280,\"caption\":\"\\u00dajabb kedvezm\\u00e9ny kisgyermekes any\\u00e1knak - Allasorias.hu\\\/Hirek\"},\"primaryImageOfPage\":{\"@id\":\"https:\\\/\\\/allasorias.hu\\\/hirek\\\/ujabb-kedvezmeny-kisgyermekes-anyaknak\\\/#mainImage\"},\"datePublished\":\"2025-03-20T12:00:50+02:00\",\"dateModified\":\"2025-05-13T16:00:01+02:00\"},{\"@type\":\"WebSite\",\"@id\":\"https:\\\/\\\/allasorias.hu\\\/hirek\\\/#website\",\"url\":\"https:\\\/\\\/allasorias.hu\\\/hirek\\\/\",\"name\":\"AllasOrias.hu | H\\u00edrek-lapszemle\",\"description\":\"\\u00dczleti h\\u00edrek az \\u00e1ll\\u00e1s \\u00e9s a munka vil\\u00e1g\\u00e1b\\u00f3l\",\"inLanguage\":\"hu-HU\",\"publisher\":{\"@id\":\"https:\\\/\\\/allasorias.hu\\\/hirek\\\/#organization\"}}]}\n\t\t<\/script>\n\t\t<!-- All in One SEO -->\n\n","aioseo_head_json":{"title":"\u00dajabb kedvezm\u00e9ny kisgyermekes any\u00e1knak j\u00e1r","description":"Kedvez\u0151 lehet a kisgyermekes any\u00e1knak a munka melletti CSED, ami v\u00e1rhat\u00f3an j\u00falius 1-t\u0151l vehet\u0151 ig\u00e9nybe.","canonical_url":"https:\/\/allasorias.hu\/hirek\/ujabb-kedvezmeny-kisgyermekes-anyaknak\/","robots":"max-image-preview:large","keywords":"csed,kisgyermekes any\u00e1k","webmasterTools":{"miscellaneous":""},"schema":{"@context":"https:\/\/schema.org","@graph":[{"@type":"Article","@id":"https:\/\/allasorias.hu\/hirek\/ujabb-kedvezmeny-kisgyermekes-anyaknak\/#article","name":"\u00dajabb kedvezm\u00e9ny kisgyermekes any\u00e1knak j\u00e1r","headline":"\u00dajabb kedvezm\u00e9ny kisgyermekes any\u00e1knak","author":{"@id":"https:\/\/allasorias.hu\/hirek\/author\/admin-allasorias\/#author"},"publisher":{"@id":"https:\/\/allasorias.hu\/hirek\/#organization"},"image":{"@type":"ImageObject","url":"https:\/\/allasorias.hu\/hirek\/wp-content\/uploads\/2025\/03\/kedvezmeny-kisgyermekes-anyaknak.jpg","width":1920,"height":1280,"caption":"\u00dajabb kedvezm\u00e9ny kisgyermekes any\u00e1knak - Allasorias.hu\/Hirek"},"datePublished":"2025-03-20T12:00:50+02:00","dateModified":"2025-05-13T16:00:01+02:00","inLanguage":"hu-HU","mainEntityOfPage":{"@id":"https:\/\/allasorias.hu\/hirek\/ujabb-kedvezmeny-kisgyermekes-anyaknak\/#webpage"},"isPartOf":{"@id":"https:\/\/allasorias.hu\/hirek\/ujabb-kedvezmeny-kisgyermekes-anyaknak\/#webpage"},"articleSection":"Munkaer\u0151piac, CSED, kisgyermekes any\u00e1k"},{"@type":"BreadcrumbList","@id":"https:\/\/allasorias.hu\/hirek\/ujabb-kedvezmeny-kisgyermekes-anyaknak\/#breadcrumblist","itemListElement":[{"@type":"ListItem","@id":"https:\/\/allasorias.hu\/hirek#listItem","position":1,"name":"Home","item":"https:\/\/allasorias.hu\/hirek","nextItem":{"@type":"ListItem","@id":"https:\/\/allasorias.hu\/hirek\/temak\/munkaeropiac\/#listItem","name":"Munkaer\u0151piac"}},{"@type":"ListItem","@id":"https:\/\/allasorias.hu\/hirek\/temak\/munkaeropiac\/#listItem","position":2,"name":"Munkaer\u0151piac","item":"https:\/\/allasorias.hu\/hirek\/temak\/munkaeropiac\/","nextItem":{"@type":"ListItem","@id":"https:\/\/allasorias.hu\/hirek\/ujabb-kedvezmeny-kisgyermekes-anyaknak\/#listItem","name":"\u00dajabb kedvezm\u00e9ny kisgyermekes any\u00e1knak"},"previousItem":{"@type":"ListItem","@id":"https:\/\/allasorias.hu\/hirek#listItem","name":"Home"}},{"@type":"ListItem","@id":"https:\/\/allasorias.hu\/hirek\/ujabb-kedvezmeny-kisgyermekes-anyaknak\/#listItem","position":3,"name":"\u00dajabb kedvezm\u00e9ny kisgyermekes any\u00e1knak","previousItem":{"@type":"ListItem","@id":"https:\/\/allasorias.hu\/hirek\/temak\/munkaeropiac\/#listItem","name":"Munkaer\u0151piac"}}]},{"@type":"Organization","@id":"https:\/\/allasorias.hu\/hirek\/#organization","name":"AllasOrias.hu | H\u00edrek-lapszemle","description":"\u00dczleti h\u00edrek az \u00e1ll\u00e1s \u00e9s a munka vil\u00e1g\u00e1b\u00f3l","url":"https:\/\/allasorias.hu\/hirek\/","logo":{"@type":"ImageObject","url":"https:\/\/allasorias.hu\/hirek\/wp-content\/uploads\/2022\/10\/allasorias_site_facebok_logo.png","@id":"https:\/\/allasorias.hu\/hirek\/ujabb-kedvezmeny-kisgyermekes-anyaknak\/#organizationLogo"},"image":{"@id":"https:\/\/allasorias.hu\/hirek\/ujabb-kedvezmeny-kisgyermekes-anyaknak\/#organizationLogo"},"sameAs":["https:\/\/www.facebook.com\/allasorias","https:\/\/www.linkedin.com\/company\/allasorias"]},{"@type":"Person","@id":"https:\/\/allasorias.hu\/hirek\/author\/admin-allasorias\/#author","url":"https:\/\/allasorias.hu\/hirek\/author\/admin-allasorias\/","name":"Juh\u00e1sz P\u00e9ter","image":{"@type":"ImageObject","@id":"https:\/\/allasorias.hu\/hirek\/ujabb-kedvezmeny-kisgyermekes-anyaknak\/#authorImage","url":"https:\/\/secure.gravatar.com\/avatar\/36e6bcb83148978b992977cb0f54d22feb0cce8a0a849a9410532bb2623ba4c6?s=96&d=mm&r=g","width":96,"height":96,"caption":"Juh\u00e1sz P\u00e9ter"}},{"@type":"WebPage","@id":"https:\/\/allasorias.hu\/hirek\/ujabb-kedvezmeny-kisgyermekes-anyaknak\/#webpage","url":"https:\/\/allasorias.hu\/hirek\/ujabb-kedvezmeny-kisgyermekes-anyaknak\/","name":"\u00dajabb kedvezm\u00e9ny kisgyermekes any\u00e1knak j\u00e1r","description":"Kedvez\u0151 lehet a kisgyermekes any\u00e1knak a munka melletti CSED, ami v\u00e1rhat\u00f3an j\u00falius 1-t\u0151l vehet\u0151 ig\u00e9nybe.","inLanguage":"hu-HU","isPartOf":{"@id":"https:\/\/allasorias.hu\/hirek\/#website"},"breadcrumb":{"@id":"https:\/\/allasorias.hu\/hirek\/ujabb-kedvezmeny-kisgyermekes-anyaknak\/#breadcrumblist"},"author":{"@id":"https:\/\/allasorias.hu\/hirek\/author\/admin-allasorias\/#author"},"creator":{"@id":"https:\/\/allasorias.hu\/hirek\/author\/admin-allasorias\/#author"},"image":{"@type":"ImageObject","url":"https:\/\/allasorias.hu\/hirek\/wp-content\/uploads\/2025\/03\/kedvezmeny-kisgyermekes-anyaknak.jpg","@id":"https:\/\/allasorias.hu\/hirek\/ujabb-kedvezmeny-kisgyermekes-anyaknak\/#mainImage","width":1920,"height":1280,"caption":"\u00dajabb kedvezm\u00e9ny kisgyermekes any\u00e1knak - Allasorias.hu\/Hirek"},"primaryImageOfPage":{"@id":"https:\/\/allasorias.hu\/hirek\/ujabb-kedvezmeny-kisgyermekes-anyaknak\/#mainImage"},"datePublished":"2025-03-20T12:00:50+02:00","dateModified":"2025-05-13T16:00:01+02:00"},{"@type":"WebSite","@id":"https:\/\/allasorias.hu\/hirek\/#website","url":"https:\/\/allasorias.hu\/hirek\/","name":"AllasOrias.hu | H\u00edrek-lapszemle","description":"\u00dczleti h\u00edrek az \u00e1ll\u00e1s \u00e9s a munka vil\u00e1g\u00e1b\u00f3l","inLanguage":"hu-HU","publisher":{"@id":"https:\/\/allasorias.hu\/hirek\/#organization"}}]},"og:locale":"hu_HU","og:site_name":"AllasOrias.hu | H\u00edrek-lapszemle | \u00dczleti h\u00edrek az \u00e1ll\u00e1s \u00e9s a munka vil\u00e1g\u00e1b\u00f3l","og:type":"article","og:title":"\u00dajabb kedvezm\u00e9ny kisgyermekes any\u00e1knak j\u00e1r","og:description":"Kedvez\u0151 lehet a kisgyermekes any\u00e1knak a munka melletti CSED, ami v\u00e1rhat\u00f3an j\u00falius 1-t\u0151l vehet\u0151 ig\u00e9nybe.","og:url":"https:\/\/allasorias.hu\/hirek\/ujabb-kedvezmeny-kisgyermekes-anyaknak\/","og:image":"https:\/\/allasorias.hu\/hirek\/wp-content\/uploads\/2025\/03\/kedvezmeny-kisgyermekes-anyaknak.jpg","og:image:secure_url":"https:\/\/allasorias.hu\/hirek\/wp-content\/uploads\/2025\/03\/kedvezmeny-kisgyermekes-anyaknak.jpg","og:image:width":1920,"og:image:height":1280,"article:published_time":"2025-03-20T10:00:50+00:00","article:modified_time":"2025-05-13T14:00:01+00:00","article:publisher":"https:\/\/www.facebook.com\/allasorias","twitter:card":"summary_large_image","twitter:title":"\u00dajabb kedvezm\u00e9ny kisgyermekes any\u00e1knak j\u00e1r","twitter:description":"Kedvez\u0151 lehet a kisgyermekes any\u00e1knak a munka melletti CSED, ami v\u00e1rhat\u00f3an j\u00falius 1-t\u0151l vehet\u0151 ig\u00e9nybe.","twitter:image":"https:\/\/allasorias.hu\/hirek\/wp-content\/uploads\/2025\/03\/kedvezmeny-kisgyermekes-anyaknak.jpg","twitter:label1":"Written by","twitter:data1":"Juh\u00e1sz P\u00e9ter","twitter:label2":"Est. reading time","twitter:data2":"3 minutes"},"aioseo_meta_data":{"post_id":"8272","title":"\u00dajabb kedvezm\u00e9ny kisgyermekes any\u00e1knak j\u00e1r","description":"Kedvez\u0151 lehet a kisgyermekes any\u00e1knak a munka melletti CSED, ami v\u00e1rhat\u00f3an j\u00falius 1-t\u0151l vehet\u0151 ig\u00e9nybe.","keywords":null,"keyphrases":{"focus":{"keyphrase":"","score":0,"analysis":{"keyphraseInTitle":{"score":0,"maxScore":9,"error":1}}},"additional":[]},"primary_term":null,"canonical_url":null,"og_title":null,"og_description":null,"og_object_type":"default","og_image_type":"default","og_image_url":null,"og_image_width":null,"og_image_height":null,"og_image_custom_url":null,"og_image_custom_fields":null,"og_video":"","og_custom_url":null,"og_article_section":null,"og_article_tags":null,"twitter_use_og":true,"twitter_card":"default","twitter_image_type":"default","twitter_image_url":null,"twitter_image_custom_url":null,"twitter_image_custom_fields":null,"twitter_title":null,"twitter_description":null,"schema":{"blockGraphs":[],"customGraphs":[],"default":{"data":{"Article":[],"Course":[],"Dataset":[],"FAQPage":[],"Movie":[],"Person":[],"Product":[],"ProductReview":[],"Car":[],"Recipe":[],"Service":[],"SoftwareApplication":[],"WebPage":[]},"graphName":"Article","isEnabled":true},"graphs":[]},"schema_type":"default","schema_type_options":null,"pillar_content":false,"robots_default":true,"robots_noindex":false,"robots_noarchive":false,"robots_nosnippet":false,"robots_nofollow":false,"robots_noimageindex":false,"robots_noodp":false,"robots_notranslate":false,"robots_max_snippet":"-1","robots_max_videopreview":"-1","robots_max_imagepreview":"large","priority":null,"frequency":"default","location":null,"local_seo":null,"breadcrumb_settings":null,"limit_modified_date":false,"ai":null,"created":"2025-03-20 09:48:57","updated":"2025-10-02 21:02:32","seo_analyzer_scan_date":null,"focus_keyword":null,"additional_keywords":null,"truseo_locale":null},"aioseo_breadcrumb":"<div class=\"aioseo-breadcrumbs\"><span class=\"aioseo-breadcrumb\">\n\t\t\t<a href=\"https:\/\/allasorias.hu\/hirek\" title=\"Home\">Home<\/a>\n\t\t<\/span><span class=\"aioseo-breadcrumb-separator\">&raquo;<\/span><span class=\"aioseo-breadcrumb\">\n\t\t\t<a href=\"https:\/\/allasorias.hu\/hirek\/temak\/munkaeropiac\/\" title=\"Munkaer\u0151piac\">Munkaer\u0151piac<\/a>\n\t\t<\/span><span class=\"aioseo-breadcrumb-separator\">&raquo;<\/span><span class=\"aioseo-breadcrumb\">\n\t\t\t\u00dajabb kedvezm\u00e9ny kisgyermekes any\u00e1knak\n\t\t<\/span><\/div>","aioseo_breadcrumb_json":[{"label":"Home","link":"https:\/\/allasorias.hu\/hirek"},{"label":"Munkaer\u0151piac","link":"https:\/\/allasorias.hu\/hirek\/temak\/munkaeropiac\/"},{"label":"\u00dajabb kedvezm\u00e9ny kisgyermekes any\u00e1knak","link":"https:\/\/allasorias.hu\/hirek\/ujabb-kedvezmeny-kisgyermekes-anyaknak\/"}],"_links":{"self":[{"href":"https:\/\/allasorias.hu\/hirek\/wp-json\/wp\/v2\/posts\/8272","targetHints":{"allow":["GET"]}}],"collection":[{"href":"https:\/\/allasorias.hu\/hirek\/wp-json\/wp\/v2\/posts"}],"about":[{"href":"https:\/\/allasorias.hu\/hirek\/wp-json\/wp\/v2\/types\/post"}],"author":[{"embeddable":true,"href":"https:\/\/allasorias.hu\/hirek\/wp-json\/wp\/v2\/users\/1"}],"replies":[{"embeddable":true,"href":"https:\/\/allasorias.hu\/hirek\/wp-json\/wp\/v2\/comments?post=8272"}],"version-history":[{"count":1,"href":"https:\/\/allasorias.hu\/hirek\/wp-json\/wp\/v2\/posts\/8272\/revisions"}],"predecessor-version":[{"id":8274,"href":"https:\/\/allasorias.hu\/hirek\/wp-json\/wp\/v2\/posts\/8272\/revisions\/8274"}],"wp:featuredmedia":[{"embeddable":true,"href":"https:\/\/allasorias.hu\/hirek\/wp-json\/wp\/v2\/media\/8273"}],"wp:attachment":[{"href":"https:\/\/allasorias.hu\/hirek\/wp-json\/wp\/v2\/media?parent=8272"}],"wp:term":[{"taxonomy":"category","embeddable":true,"href":"https:\/\/allasorias.hu\/hirek\/wp-json\/wp\/v2\/categories?post=8272"},{"taxonomy":"post_tag","embeddable":true,"href":"https:\/\/allasorias.hu\/hirek\/wp-json\/wp\/v2\/tags?post=8272"}],"curies":[{"name":"wp","href":"https:\/\/api.w.org\/{rel}","templated":true}]}}