{"id":8268,"date":"2025-03-19T10:29:56","date_gmt":"2025-03-19T08:29:56","guid":{"rendered":"https:\/\/allasorias.hu\/hirek\/?p=8268"},"modified":"2025-05-13T13:38:25","modified_gmt":"2025-05-13T11:38:25","slug":"nyugdijasok-akik-ket-szerepben-is-helytallnak","status":"publish","type":"post","link":"https:\/\/allasorias.hu\/hirek\/nyugdijasok-akik-ket-szerepben-is-helytallnak\/","title":{"rendered":"Nyugd\u00edjasok, akik k\u00e9t szerepben is helyt\u00e1llnak"},"content":{"rendered":"<p><strong>Magyarorsz\u00e1gon alacsony a t\u00f6bbgener\u00e1ci\u00f3s h\u00e1ztart\u00e1sok ar\u00e1nya, azonban a nyugd\u00edjasokra nemcsak a csal\u00e1dokn\u00e1l, de a munkaer\u0151piacon is sz\u00e1m\u00edtanak.<\/strong><\/p>\n<p>A nyugd\u00edjasok egyre nagyobb szerepet v\u00e1llalnak a munkaer\u0151piacon \u00e9s a csal\u00e1djuk \u00e9let\u00e9ben is. K\u00e9rd\u00e9s azonban, hogy hogyan tudj\u00e1k megtal\u00e1lni az egyens\u00falyt a munka \u00e9s a mag\u00e1n\u00e9let k\u00f6z\u00f6tt. Magyarorsz\u00e1gon 2025 janu\u00e1rj\u00e1ban 2,4 milli\u00f3 nyugd\u00edjas \u00e9lt, akik k\u00f6z\u00fcl k\u00e9tmilli\u00f3an \u00f6regs\u00e9gi nyugd\u00edjasok voltak. A K\u00f6zponti Statisztikai Hivatal (KSH) adatai szerint a 65-69 \u00e9ves koroszt\u00e1ly 15%-a volt akt\u00edv 2024-ben, ami azt mutatja, hogy sok nyugd\u00edjas tov\u00e1bbra is r\u00e9szt vesz a munkaer\u0151piacon.<\/p>\n<p>Emellett a nagysz\u00fcl\u0151k jelent\u0151s szerepet v\u00e1llalnak a csal\u00e1dok \u00e9let\u00e9ben, k\u00fcl\u00f6n\u00f6sen a gyermeknevel\u00e9s ter\u00e9n. A munka \u00e9s mag\u00e1n\u00e9let egyens\u00faly\u00e1ra ma m\u00e1r a dolgoz\u00f3 nyugd\u00edjasoknak is gondolnia kell, a t\u00e9m\u00e1t az Economx j\u00e1rta k\u00f6r\u00fcl. A t\u00f6bbgener\u00e1ci\u00f3s h\u00e1ztart\u00e1sok ar\u00e1nya Magyarorsz\u00e1gon a kisgyermeket nevel\u0151 csal\u00e1dok k\u00f6r\u00e9ben 15%, m\u00edg Bulg\u00e1ri\u00e1ban ez az ar\u00e1ny 40% k\u00f6r\u00fcl van. Ez azt jelenti, hogy haz\u00e1nkban minden hetedik csal\u00e1d \u00e9l egy\u00fctt a nagysz\u00fcl\u0151kkel, ami jelent\u0151s t\u00e1mogat\u00e1st ny\u00fajt a gyermeknevel\u00e9sben \u00e9s a mindennapi \u00e9letben.<\/p>\n<p>Az Eur\u00f3pai Uni\u00f3 orsz\u00e1gaiban a legal\u00e1bb egy 15 \u00e9ven aluli gyermeket nevel\u0151k 62%-a nem vesz ig\u00e9nybe professzion\u00e1lis seg\u00edts\u00e9get a gyermeknevel\u00e9sben, mint p\u00e9ld\u00e1ul b\u00e9biszittert vagy mag\u00e1nnapk\u00f6zit, els\u0151sorban anyagi okok miatt. A sz\u00fcl\u0151k fele \u00fagy v\u00e9li, hogy egyed\u00fcl vagy partner\u00fckkel is k\u00e9pesek ell\u00e1tni a sz\u00fcl\u0151i feladatokat, m\u00edg 15%-uk inform\u00e1lis m\u00f3don, p\u00e9ld\u00e1ul a nagysz\u00fcl\u0151k seg\u00edts\u00e9g\u00e9vel oldja meg a gyermekfel\u00fcgyeletet.<\/p>\n<p>Egy 2021 \u00e9s 2022 k\u00f6z\u00f6tt k\u00e9sz\u00fclt kutat\u00e1s szerint a h\u00e1rom\u00e9ves gyermeket nevel\u0151 any\u00e1k 96%-\u00e1nak van legal\u00e1bb egy \u00e9l\u0151 nagysz\u00fcl\u0151je, \u00e9s 58%-uknak legal\u00e1bb egy d\u00e9dsz\u00fcl\u0151je is \u00e9l. A csal\u00e1dok 93%-\u00e1ban a gyerekek havonta legal\u00e1bb egyszer tal\u00e1lkoznak valamelyik nagysz\u00fcl\u0151j\u00fckkel, \u00e9s a csal\u00e1dok fel\u00e9ben a nagysz\u00fcl\u0151k heti egy napot t\u00f6ltenek a gyermekekkel, ami jelent\u0151s t\u00e1mogat\u00e1st jelent a sz\u00fcl\u0151k sz\u00e1m\u00e1ra.<\/p>\n<p>Forr\u00e1s: <a href=\"https:\/\/168.hu\/itthon\/nyugdijas-csalad-munka-egyensuly-286050\" target=\"_blank\" rel=\"nofollow noopener noreferrer\">168.hu<\/a><\/p>\n","protected":false},"excerpt":{"rendered":"<p>Magyarorsz\u00e1gon alacsony a t\u00f6bbgener\u00e1ci\u00f3s h\u00e1ztart\u00e1sok ar\u00e1nya, azonban a nyugd\u00edjasokra nemcsak a csal\u00e1dokn\u00e1l, de a munkaer\u0151piacon is sz\u00e1m\u00edtanak. A nyugd\u00edjasok egyre nagyobb szerepet v\u00e1llalnak a munkaer\u0151piacon \u00e9s a csal\u00e1djuk \u00e9let\u00e9ben is. K\u00e9rd\u00e9s azonban, hogy hogyan tudj\u00e1k megtal\u00e1lni az egyens\u00falyt a munka \u00e9s a mag\u00e1n\u00e9let k\u00f6z\u00f6tt. Magyarorsz\u00e1gon 2025 janu\u00e1rj\u00e1ban 2,4 milli\u00f3 nyugd\u00edjas \u00e9lt, akik k\u00f6z\u00fcl k\u00e9tmilli\u00f3an \u00f6regs\u00e9gi [&hellip;]<\/p>\n","protected":false},"author":1,"featured_media":8269,"comment_status":"closed","ping_status":"closed","sticky":false,"template":"","format":"standard","meta":{"_monsterinsights_skip_tracking":false,"footnotes":""},"categories":[200],"tags":[509],"class_list":["post-8268","post","type-post","status-publish","format-standard","has-post-thumbnail","hentry","category-munkaeropiac","tag-nyugdijasok"],"aioseo_notices":[],"aioseo_head":"\n\t\t<!-- All in One SEO 5.0.0.1 - aioseo.com -->\n\t<meta name=\"description\" content=\"Magyarorsz\u00e1gon alacsony a t\u00f6bbgener\u00e1ci\u00f3s h\u00e1ztart\u00e1sok ar\u00e1nya, azonban a nyugd\u00edjasokra nemcsak a csal\u00e1dokn\u00e1l, de a munkaer\u0151piacon is sz\u00e1m\u00edtanak.\" \/>\n\t<meta name=\"robots\" content=\"max-image-preview:large\" \/>\n\t<meta name=\"author\" content=\"Juh\u00e1sz P\u00e9ter\"\/>\n\t<meta name=\"keywords\" content=\"nyugd\u00edjasok\" \/>\n\t<link rel=\"canonical\" href=\"https:\/\/allasorias.hu\/hirek\/nyugdijasok-akik-ket-szerepben-is-helytallnak\/\" \/>\n\t<meta name=\"generator\" content=\"All in One SEO (AIOSEO) 5.0.0.1\" \/>\n\t\t<meta property=\"og:locale\" content=\"hu_HU\" \/>\n\t\t<meta property=\"og:site_name\" content=\"AllasOrias.hu | H\u00edrek-lapszemle | \u00dczleti h\u00edrek az \u00e1ll\u00e1s \u00e9s a munka vil\u00e1g\u00e1b\u00f3l\" \/>\n\t\t<meta property=\"og:type\" content=\"article\" \/>\n\t\t<meta property=\"og:title\" content=\"Nyugd\u00edjasok helyt\u00e1llnak t\u00f6bb szerepben is\" \/>\n\t\t<meta property=\"og:description\" content=\"Magyarorsz\u00e1gon alacsony a t\u00f6bbgener\u00e1ci\u00f3s h\u00e1ztart\u00e1sok ar\u00e1nya, azonban a nyugd\u00edjasokra nemcsak a csal\u00e1dokn\u00e1l, de a munkaer\u0151piacon is sz\u00e1m\u00edtanak.\" \/>\n\t\t<meta property=\"og:url\" content=\"https:\/\/allasorias.hu\/hirek\/nyugdijasok-akik-ket-szerepben-is-helytallnak\/\" \/>\n\t\t<meta property=\"og:image\" content=\"https:\/\/allasorias.hu\/hirek\/wp-content\/uploads\/2025\/03\/nyugdijasok-ket-szerepben.jpg\" \/>\n\t\t<meta property=\"og:image:secure_url\" content=\"https:\/\/allasorias.hu\/hirek\/wp-content\/uploads\/2025\/03\/nyugdijasok-ket-szerepben.jpg\" \/>\n\t\t<meta property=\"og:image:width\" content=\"1920\" \/>\n\t\t<meta property=\"og:image:height\" content=\"1280\" \/>\n\t\t<meta property=\"article:published_time\" content=\"2025-03-19T08:29:56+00:00\" \/>\n\t\t<meta property=\"article:modified_time\" content=\"2025-05-13T11:38:25+00:00\" \/>\n\t\t<meta property=\"article:publisher\" content=\"https:\/\/www.facebook.com\/allasorias\" \/>\n\t\t<meta name=\"twitter:card\" content=\"summary_large_image\" \/>\n\t\t<meta name=\"twitter:title\" content=\"Nyugd\u00edjasok helyt\u00e1llnak t\u00f6bb szerepben is\" \/>\n\t\t<meta name=\"twitter:description\" content=\"Magyarorsz\u00e1gon alacsony a t\u00f6bbgener\u00e1ci\u00f3s h\u00e1ztart\u00e1sok ar\u00e1nya, azonban a nyugd\u00edjasokra nemcsak a csal\u00e1dokn\u00e1l, de a munkaer\u0151piacon is sz\u00e1m\u00edtanak.\" \/>\n\t\t<meta name=\"twitter:image\" content=\"https:\/\/allasorias.hu\/hirek\/wp-content\/uploads\/2025\/03\/nyugdijasok-ket-szerepben.jpg\" \/>\n\t\t<meta name=\"twitter:label1\" content=\"Written by\" \/>\n\t\t<meta name=\"twitter:data1\" content=\"Juh\u00e1sz P\u00e9ter\" \/>\n\t\t<meta name=\"twitter:label2\" content=\"Est. reading time\" \/>\n\t\t<meta name=\"twitter:data2\" content=\"2 minutes\" \/>\n\t\t<script type=\"application\/ld+json\" class=\"aioseo-schema\">\n\t\t\t{\"@context\":\"https:\\\/\\\/schema.org\",\"@graph\":[{\"@type\":\"Article\",\"@id\":\"https:\\\/\\\/allasorias.hu\\\/hirek\\\/nyugdijasok-akik-ket-szerepben-is-helytallnak\\\/#article\",\"name\":\"Nyugd\\u00edjasok helyt\\u00e1llnak t\\u00f6bb szerepben is\",\"headline\":\"Nyugd\\u00edjasok, akik k\\u00e9t szerepben is helyt\\u00e1llnak\",\"author\":{\"@id\":\"https:\\\/\\\/allasorias.hu\\\/hirek\\\/author\\\/admin-allasorias\\\/#author\"},\"publisher\":{\"@id\":\"https:\\\/\\\/allasorias.hu\\\/hirek\\\/#organization\"},\"image\":{\"@type\":\"ImageObject\",\"url\":\"https:\\\/\\\/allasorias.hu\\\/hirek\\\/wp-content\\\/uploads\\\/2025\\\/03\\\/nyugdijasok-ket-szerepben.jpg\",\"width\":1920,\"height\":1280,\"caption\":\"Nyugd\\u00edjasok, akik k\\u00e9t szerepben is helyt\\u00e1llnak - Allasorias.hu\\\/Hirek\"},\"datePublished\":\"2025-03-19T10:29:56+02:00\",\"dateModified\":\"2025-05-13T13:38:25+02:00\",\"inLanguage\":\"hu-HU\",\"mainEntityOfPage\":{\"@id\":\"https:\\\/\\\/allasorias.hu\\\/hirek\\\/nyugdijasok-akik-ket-szerepben-is-helytallnak\\\/#webpage\"},\"isPartOf\":{\"@id\":\"https:\\\/\\\/allasorias.hu\\\/hirek\\\/nyugdijasok-akik-ket-szerepben-is-helytallnak\\\/#webpage\"},\"articleSection\":\"Munkaer\\u0151piac, nyugd\\u00edjasok\"},{\"@type\":\"BreadcrumbList\",\"@id\":\"https:\\\/\\\/allasorias.hu\\\/hirek\\\/nyugdijasok-akik-ket-szerepben-is-helytallnak\\\/#breadcrumblist\",\"itemListElement\":[{\"@type\":\"ListItem\",\"@id\":\"https:\\\/\\\/allasorias.hu\\\/hirek#listItem\",\"position\":1,\"name\":\"Home\",\"item\":\"https:\\\/\\\/allasorias.hu\\\/hirek\",\"nextItem\":{\"@type\":\"ListItem\",\"@id\":\"https:\\\/\\\/allasorias.hu\\\/hirek\\\/temak\\\/munkaeropiac\\\/#listItem\",\"name\":\"Munkaer\\u0151piac\"}},{\"@type\":\"ListItem\",\"@id\":\"https:\\\/\\\/allasorias.hu\\\/hirek\\\/temak\\\/munkaeropiac\\\/#listItem\",\"position\":2,\"name\":\"Munkaer\\u0151piac\",\"item\":\"https:\\\/\\\/allasorias.hu\\\/hirek\\\/temak\\\/munkaeropiac\\\/\",\"nextItem\":{\"@type\":\"ListItem\",\"@id\":\"https:\\\/\\\/allasorias.hu\\\/hirek\\\/nyugdijasok-akik-ket-szerepben-is-helytallnak\\\/#listItem\",\"name\":\"Nyugd\\u00edjasok, akik k\\u00e9t szerepben is helyt\\u00e1llnak\"},\"previousItem\":{\"@type\":\"ListItem\",\"@id\":\"https:\\\/\\\/allasorias.hu\\\/hirek#listItem\",\"name\":\"Home\"}},{\"@type\":\"ListItem\",\"@id\":\"https:\\\/\\\/allasorias.hu\\\/hirek\\\/nyugdijasok-akik-ket-szerepben-is-helytallnak\\\/#listItem\",\"position\":3,\"name\":\"Nyugd\\u00edjasok, akik k\\u00e9t szerepben is helyt\\u00e1llnak\",\"previousItem\":{\"@type\":\"ListItem\",\"@id\":\"https:\\\/\\\/allasorias.hu\\\/hirek\\\/temak\\\/munkaeropiac\\\/#listItem\",\"name\":\"Munkaer\\u0151piac\"}}]},{\"@type\":\"Organization\",\"@id\":\"https:\\\/\\\/allasorias.hu\\\/hirek\\\/#organization\",\"name\":\"AllasOrias.hu | H\\u00edrek-lapszemle\",\"description\":\"\\u00dczleti h\\u00edrek az \\u00e1ll\\u00e1s \\u00e9s a munka vil\\u00e1g\\u00e1b\\u00f3l\",\"url\":\"https:\\\/\\\/allasorias.hu\\\/hirek\\\/\",\"logo\":{\"@type\":\"ImageObject\",\"url\":\"https:\\\/\\\/allasorias.hu\\\/hirek\\\/wp-content\\\/uploads\\\/2022\\\/10\\\/allasorias_site_facebok_logo.png\",\"@id\":\"https:\\\/\\\/allasorias.hu\\\/hirek\\\/nyugdijasok-akik-ket-szerepben-is-helytallnak\\\/#organizationLogo\"},\"image\":{\"@id\":\"https:\\\/\\\/allasorias.hu\\\/hirek\\\/nyugdijasok-akik-ket-szerepben-is-helytallnak\\\/#organizationLogo\"},\"sameAs\":[\"https:\\\/\\\/www.facebook.com\\\/allasorias\",\"https:\\\/\\\/www.linkedin.com\\\/company\\\/allasorias\"]},{\"@type\":\"Person\",\"@id\":\"https:\\\/\\\/allasorias.hu\\\/hirek\\\/author\\\/admin-allasorias\\\/#author\",\"url\":\"https:\\\/\\\/allasorias.hu\\\/hirek\\\/author\\\/admin-allasorias\\\/\",\"name\":\"Juh\\u00e1sz P\\u00e9ter\",\"image\":{\"@type\":\"ImageObject\",\"@id\":\"https:\\\/\\\/allasorias.hu\\\/hirek\\\/nyugdijasok-akik-ket-szerepben-is-helytallnak\\\/#authorImage\",\"url\":\"https:\\\/\\\/secure.gravatar.com\\\/avatar\\\/36e6bcb83148978b992977cb0f54d22feb0cce8a0a849a9410532bb2623ba4c6?s=96&d=mm&r=g\",\"width\":96,\"height\":96,\"caption\":\"Juh\\u00e1sz P\\u00e9ter\"}},{\"@type\":\"WebPage\",\"@id\":\"https:\\\/\\\/allasorias.hu\\\/hirek\\\/nyugdijasok-akik-ket-szerepben-is-helytallnak\\\/#webpage\",\"url\":\"https:\\\/\\\/allasorias.hu\\\/hirek\\\/nyugdijasok-akik-ket-szerepben-is-helytallnak\\\/\",\"name\":\"Nyugd\\u00edjasok helyt\\u00e1llnak t\\u00f6bb szerepben is\",\"description\":\"Magyarorsz\\u00e1gon alacsony a t\\u00f6bbgener\\u00e1ci\\u00f3s h\\u00e1ztart\\u00e1sok ar\\u00e1nya, azonban a nyugd\\u00edjasokra nemcsak a csal\\u00e1dokn\\u00e1l, de a munkaer\\u0151piacon is sz\\u00e1m\\u00edtanak.\",\"inLanguage\":\"hu-HU\",\"isPartOf\":{\"@id\":\"https:\\\/\\\/allasorias.hu\\\/hirek\\\/#website\"},\"breadcrumb\":{\"@id\":\"https:\\\/\\\/allasorias.hu\\\/hirek\\\/nyugdijasok-akik-ket-szerepben-is-helytallnak\\\/#breadcrumblist\"},\"author\":{\"@id\":\"https:\\\/\\\/allasorias.hu\\\/hirek\\\/author\\\/admin-allasorias\\\/#author\"},\"creator\":{\"@id\":\"https:\\\/\\\/allasorias.hu\\\/hirek\\\/author\\\/admin-allasorias\\\/#author\"},\"image\":{\"@type\":\"ImageObject\",\"url\":\"https:\\\/\\\/allasorias.hu\\\/hirek\\\/wp-content\\\/uploads\\\/2025\\\/03\\\/nyugdijasok-ket-szerepben.jpg\",\"@id\":\"https:\\\/\\\/allasorias.hu\\\/hirek\\\/nyugdijasok-akik-ket-szerepben-is-helytallnak\\\/#mainImage\",\"width\":1920,\"height\":1280,\"caption\":\"Nyugd\\u00edjasok, akik k\\u00e9t szerepben is helyt\\u00e1llnak - Allasorias.hu\\\/Hirek\"},\"primaryImageOfPage\":{\"@id\":\"https:\\\/\\\/allasorias.hu\\\/hirek\\\/nyugdijasok-akik-ket-szerepben-is-helytallnak\\\/#mainImage\"},\"datePublished\":\"2025-03-19T10:29:56+02:00\",\"dateModified\":\"2025-05-13T13:38:25+02:00\"},{\"@type\":\"WebSite\",\"@id\":\"https:\\\/\\\/allasorias.hu\\\/hirek\\\/#website\",\"url\":\"https:\\\/\\\/allasorias.hu\\\/hirek\\\/\",\"name\":\"AllasOrias.hu | H\\u00edrek-lapszemle\",\"description\":\"\\u00dczleti h\\u00edrek az \\u00e1ll\\u00e1s \\u00e9s a munka vil\\u00e1g\\u00e1b\\u00f3l\",\"inLanguage\":\"hu-HU\",\"publisher\":{\"@id\":\"https:\\\/\\\/allasorias.hu\\\/hirek\\\/#organization\"}}]}\n\t\t<\/script>\n\t\t<!-- All in One SEO -->\n\n","aioseo_head_json":{"title":"Nyugd\u00edjasok helyt\u00e1llnak t\u00f6bb szerepben is","description":"Magyarorsz\u00e1gon alacsony a t\u00f6bbgener\u00e1ci\u00f3s h\u00e1ztart\u00e1sok ar\u00e1nya, azonban a nyugd\u00edjasokra nemcsak a csal\u00e1dokn\u00e1l, de a munkaer\u0151piacon is sz\u00e1m\u00edtanak.","canonical_url":"https:\/\/allasorias.hu\/hirek\/nyugdijasok-akik-ket-szerepben-is-helytallnak\/","robots":"max-image-preview:large","keywords":"nyugd\u00edjasok","webmasterTools":{"miscellaneous":""},"schema":{"@context":"https:\/\/schema.org","@graph":[{"@type":"Article","@id":"https:\/\/allasorias.hu\/hirek\/nyugdijasok-akik-ket-szerepben-is-helytallnak\/#article","name":"Nyugd\u00edjasok helyt\u00e1llnak t\u00f6bb szerepben is","headline":"Nyugd\u00edjasok, akik k\u00e9t szerepben is helyt\u00e1llnak","author":{"@id":"https:\/\/allasorias.hu\/hirek\/author\/admin-allasorias\/#author"},"publisher":{"@id":"https:\/\/allasorias.hu\/hirek\/#organization"},"image":{"@type":"ImageObject","url":"https:\/\/allasorias.hu\/hirek\/wp-content\/uploads\/2025\/03\/nyugdijasok-ket-szerepben.jpg","width":1920,"height":1280,"caption":"Nyugd\u00edjasok, akik k\u00e9t szerepben is helyt\u00e1llnak - Allasorias.hu\/Hirek"},"datePublished":"2025-03-19T10:29:56+02:00","dateModified":"2025-05-13T13:38:25+02:00","inLanguage":"hu-HU","mainEntityOfPage":{"@id":"https:\/\/allasorias.hu\/hirek\/nyugdijasok-akik-ket-szerepben-is-helytallnak\/#webpage"},"isPartOf":{"@id":"https:\/\/allasorias.hu\/hirek\/nyugdijasok-akik-ket-szerepben-is-helytallnak\/#webpage"},"articleSection":"Munkaer\u0151piac, nyugd\u00edjasok"},{"@type":"BreadcrumbList","@id":"https:\/\/allasorias.hu\/hirek\/nyugdijasok-akik-ket-szerepben-is-helytallnak\/#breadcrumblist","itemListElement":[{"@type":"ListItem","@id":"https:\/\/allasorias.hu\/hirek#listItem","position":1,"name":"Home","item":"https:\/\/allasorias.hu\/hirek","nextItem":{"@type":"ListItem","@id":"https:\/\/allasorias.hu\/hirek\/temak\/munkaeropiac\/#listItem","name":"Munkaer\u0151piac"}},{"@type":"ListItem","@id":"https:\/\/allasorias.hu\/hirek\/temak\/munkaeropiac\/#listItem","position":2,"name":"Munkaer\u0151piac","item":"https:\/\/allasorias.hu\/hirek\/temak\/munkaeropiac\/","nextItem":{"@type":"ListItem","@id":"https:\/\/allasorias.hu\/hirek\/nyugdijasok-akik-ket-szerepben-is-helytallnak\/#listItem","name":"Nyugd\u00edjasok, akik k\u00e9t szerepben is helyt\u00e1llnak"},"previousItem":{"@type":"ListItem","@id":"https:\/\/allasorias.hu\/hirek#listItem","name":"Home"}},{"@type":"ListItem","@id":"https:\/\/allasorias.hu\/hirek\/nyugdijasok-akik-ket-szerepben-is-helytallnak\/#listItem","position":3,"name":"Nyugd\u00edjasok, akik k\u00e9t szerepben is helyt\u00e1llnak","previousItem":{"@type":"ListItem","@id":"https:\/\/allasorias.hu\/hirek\/temak\/munkaeropiac\/#listItem","name":"Munkaer\u0151piac"}}]},{"@type":"Organization","@id":"https:\/\/allasorias.hu\/hirek\/#organization","name":"AllasOrias.hu | H\u00edrek-lapszemle","description":"\u00dczleti h\u00edrek az \u00e1ll\u00e1s \u00e9s a munka vil\u00e1g\u00e1b\u00f3l","url":"https:\/\/allasorias.hu\/hirek\/","logo":{"@type":"ImageObject","url":"https:\/\/allasorias.hu\/hirek\/wp-content\/uploads\/2022\/10\/allasorias_site_facebok_logo.png","@id":"https:\/\/allasorias.hu\/hirek\/nyugdijasok-akik-ket-szerepben-is-helytallnak\/#organizationLogo"},"image":{"@id":"https:\/\/allasorias.hu\/hirek\/nyugdijasok-akik-ket-szerepben-is-helytallnak\/#organizationLogo"},"sameAs":["https:\/\/www.facebook.com\/allasorias","https:\/\/www.linkedin.com\/company\/allasorias"]},{"@type":"Person","@id":"https:\/\/allasorias.hu\/hirek\/author\/admin-allasorias\/#author","url":"https:\/\/allasorias.hu\/hirek\/author\/admin-allasorias\/","name":"Juh\u00e1sz P\u00e9ter","image":{"@type":"ImageObject","@id":"https:\/\/allasorias.hu\/hirek\/nyugdijasok-akik-ket-szerepben-is-helytallnak\/#authorImage","url":"https:\/\/secure.gravatar.com\/avatar\/36e6bcb83148978b992977cb0f54d22feb0cce8a0a849a9410532bb2623ba4c6?s=96&d=mm&r=g","width":96,"height":96,"caption":"Juh\u00e1sz P\u00e9ter"}},{"@type":"WebPage","@id":"https:\/\/allasorias.hu\/hirek\/nyugdijasok-akik-ket-szerepben-is-helytallnak\/#webpage","url":"https:\/\/allasorias.hu\/hirek\/nyugdijasok-akik-ket-szerepben-is-helytallnak\/","name":"Nyugd\u00edjasok helyt\u00e1llnak t\u00f6bb szerepben is","description":"Magyarorsz\u00e1gon alacsony a t\u00f6bbgener\u00e1ci\u00f3s h\u00e1ztart\u00e1sok ar\u00e1nya, azonban a nyugd\u00edjasokra nemcsak a csal\u00e1dokn\u00e1l, de a munkaer\u0151piacon is sz\u00e1m\u00edtanak.","inLanguage":"hu-HU","isPartOf":{"@id":"https:\/\/allasorias.hu\/hirek\/#website"},"breadcrumb":{"@id":"https:\/\/allasorias.hu\/hirek\/nyugdijasok-akik-ket-szerepben-is-helytallnak\/#breadcrumblist"},"author":{"@id":"https:\/\/allasorias.hu\/hirek\/author\/admin-allasorias\/#author"},"creator":{"@id":"https:\/\/allasorias.hu\/hirek\/author\/admin-allasorias\/#author"},"image":{"@type":"ImageObject","url":"https:\/\/allasorias.hu\/hirek\/wp-content\/uploads\/2025\/03\/nyugdijasok-ket-szerepben.jpg","@id":"https:\/\/allasorias.hu\/hirek\/nyugdijasok-akik-ket-szerepben-is-helytallnak\/#mainImage","width":1920,"height":1280,"caption":"Nyugd\u00edjasok, akik k\u00e9t szerepben is helyt\u00e1llnak - Allasorias.hu\/Hirek"},"primaryImageOfPage":{"@id":"https:\/\/allasorias.hu\/hirek\/nyugdijasok-akik-ket-szerepben-is-helytallnak\/#mainImage"},"datePublished":"2025-03-19T10:29:56+02:00","dateModified":"2025-05-13T13:38:25+02:00"},{"@type":"WebSite","@id":"https:\/\/allasorias.hu\/hirek\/#website","url":"https:\/\/allasorias.hu\/hirek\/","name":"AllasOrias.hu | H\u00edrek-lapszemle","description":"\u00dczleti h\u00edrek az \u00e1ll\u00e1s \u00e9s a munka vil\u00e1g\u00e1b\u00f3l","inLanguage":"hu-HU","publisher":{"@id":"https:\/\/allasorias.hu\/hirek\/#organization"}}]},"og:locale":"hu_HU","og:site_name":"AllasOrias.hu | H\u00edrek-lapszemle | \u00dczleti h\u00edrek az \u00e1ll\u00e1s \u00e9s a munka vil\u00e1g\u00e1b\u00f3l","og:type":"article","og:title":"Nyugd\u00edjasok helyt\u00e1llnak t\u00f6bb szerepben is","og:description":"Magyarorsz\u00e1gon alacsony a t\u00f6bbgener\u00e1ci\u00f3s h\u00e1ztart\u00e1sok ar\u00e1nya, azonban a nyugd\u00edjasokra nemcsak a csal\u00e1dokn\u00e1l, de a munkaer\u0151piacon is sz\u00e1m\u00edtanak.","og:url":"https:\/\/allasorias.hu\/hirek\/nyugdijasok-akik-ket-szerepben-is-helytallnak\/","og:image":"https:\/\/allasorias.hu\/hirek\/wp-content\/uploads\/2025\/03\/nyugdijasok-ket-szerepben.jpg","og:image:secure_url":"https:\/\/allasorias.hu\/hirek\/wp-content\/uploads\/2025\/03\/nyugdijasok-ket-szerepben.jpg","og:image:width":1920,"og:image:height":1280,"article:published_time":"2025-03-19T08:29:56+00:00","article:modified_time":"2025-05-13T11:38:25+00:00","article:publisher":"https:\/\/www.facebook.com\/allasorias","twitter:card":"summary_large_image","twitter:title":"Nyugd\u00edjasok helyt\u00e1llnak t\u00f6bb szerepben is","twitter:description":"Magyarorsz\u00e1gon alacsony a t\u00f6bbgener\u00e1ci\u00f3s h\u00e1ztart\u00e1sok ar\u00e1nya, azonban a nyugd\u00edjasokra nemcsak a csal\u00e1dokn\u00e1l, de a munkaer\u0151piacon is sz\u00e1m\u00edtanak.","twitter:image":"https:\/\/allasorias.hu\/hirek\/wp-content\/uploads\/2025\/03\/nyugdijasok-ket-szerepben.jpg","twitter:label1":"Written by","twitter:data1":"Juh\u00e1sz P\u00e9ter","twitter:label2":"Est. reading time","twitter:data2":"2 minutes"},"aioseo_meta_data":{"post_id":"8268","title":"Nyugd\u00edjasok helyt\u00e1llnak t\u00f6bb szerepben is","description":"Magyarorsz\u00e1gon alacsony a t\u00f6bbgener\u00e1ci\u00f3s h\u00e1ztart\u00e1sok ar\u00e1nya, azonban a nyugd\u00edjasokra nemcsak a csal\u00e1dokn\u00e1l, de a munkaer\u0151piacon is sz\u00e1m\u00edtanak.","keywords":null,"keyphrases":{"focus":{"keyphrase":"","score":0,"analysis":{"keyphraseInTitle":{"score":0,"maxScore":9,"error":1}}},"additional":[]},"primary_term":null,"canonical_url":null,"og_title":null,"og_description":null,"og_object_type":"default","og_image_type":"default","og_image_url":null,"og_image_width":null,"og_image_height":null,"og_image_custom_url":null,"og_image_custom_fields":null,"og_video":"","og_custom_url":null,"og_article_section":null,"og_article_tags":null,"twitter_use_og":true,"twitter_card":"default","twitter_image_type":"default","twitter_image_url":null,"twitter_image_custom_url":null,"twitter_image_custom_fields":null,"twitter_title":null,"twitter_description":null,"schema":{"blockGraphs":[],"customGraphs":[],"default":{"data":{"Article":[],"Course":[],"Dataset":[],"FAQPage":[],"Movie":[],"Person":[],"Product":[],"ProductReview":[],"Car":[],"Recipe":[],"Service":[],"SoftwareApplication":[],"WebPage":[]},"graphName":"Article","isEnabled":true},"graphs":[]},"schema_type":"default","schema_type_options":null,"pillar_content":false,"robots_default":true,"robots_noindex":false,"robots_noarchive":false,"robots_nosnippet":false,"robots_nofollow":false,"robots_noimageindex":false,"robots_noodp":false,"robots_notranslate":false,"robots_max_snippet":"-1","robots_max_videopreview":"-1","robots_max_imagepreview":"large","priority":null,"frequency":"default","location":null,"local_seo":null,"breadcrumb_settings":null,"limit_modified_date":false,"ai":null,"created":"2025-03-19 08:08:56","updated":"2025-10-02 21:02:32","seo_analyzer_scan_date":null,"focus_keyword":null,"additional_keywords":null,"truseo_locale":null},"aioseo_breadcrumb":"<div class=\"aioseo-breadcrumbs\"><span class=\"aioseo-breadcrumb\">\n\t\t\t<a href=\"https:\/\/allasorias.hu\/hirek\" title=\"Home\">Home<\/a>\n\t\t<\/span><span class=\"aioseo-breadcrumb-separator\">&raquo;<\/span><span class=\"aioseo-breadcrumb\">\n\t\t\t<a href=\"https:\/\/allasorias.hu\/hirek\/temak\/munkaeropiac\/\" title=\"Munkaer\u0151piac\">Munkaer\u0151piac<\/a>\n\t\t<\/span><span class=\"aioseo-breadcrumb-separator\">&raquo;<\/span><span class=\"aioseo-breadcrumb\">\n\t\t\tNyugd\u00edjasok, akik k\u00e9t szerepben is helyt\u00e1llnak\n\t\t<\/span><\/div>","aioseo_breadcrumb_json":[{"label":"Home","link":"https:\/\/allasorias.hu\/hirek"},{"label":"Munkaer\u0151piac","link":"https:\/\/allasorias.hu\/hirek\/temak\/munkaeropiac\/"},{"label":"Nyugd\u00edjasok, akik k\u00e9t szerepben is helyt\u00e1llnak","link":"https:\/\/allasorias.hu\/hirek\/nyugdijasok-akik-ket-szerepben-is-helytallnak\/"}],"_links":{"self":[{"href":"https:\/\/allasorias.hu\/hirek\/wp-json\/wp\/v2\/posts\/8268","targetHints":{"allow":["GET"]}}],"collection":[{"href":"https:\/\/allasorias.hu\/hirek\/wp-json\/wp\/v2\/posts"}],"about":[{"href":"https:\/\/allasorias.hu\/hirek\/wp-json\/wp\/v2\/types\/post"}],"author":[{"embeddable":true,"href":"https:\/\/allasorias.hu\/hirek\/wp-json\/wp\/v2\/users\/1"}],"replies":[{"embeddable":true,"href":"https:\/\/allasorias.hu\/hirek\/wp-json\/wp\/v2\/comments?post=8268"}],"version-history":[{"count":1,"href":"https:\/\/allasorias.hu\/hirek\/wp-json\/wp\/v2\/posts\/8268\/revisions"}],"predecessor-version":[{"id":8270,"href":"https:\/\/allasorias.hu\/hirek\/wp-json\/wp\/v2\/posts\/8268\/revisions\/8270"}],"wp:featuredmedia":[{"embeddable":true,"href":"https:\/\/allasorias.hu\/hirek\/wp-json\/wp\/v2\/media\/8269"}],"wp:attachment":[{"href":"https:\/\/allasorias.hu\/hirek\/wp-json\/wp\/v2\/media?parent=8268"}],"wp:term":[{"taxonomy":"category","embeddable":true,"href":"https:\/\/allasorias.hu\/hirek\/wp-json\/wp\/v2\/categories?post=8268"},{"taxonomy":"post_tag","embeddable":true,"href":"https:\/\/allasorias.hu\/hirek\/wp-json\/wp\/v2\/tags?post=8268"}],"curies":[{"name":"wp","href":"https:\/\/api.w.org\/{rel}","templated":true}]}}