{"id":8261,"date":"2025-03-14T12:00:38","date_gmt":"2025-03-14T10:00:38","guid":{"rendered":"https:\/\/allasorias.hu\/hirek\/?p=8261"},"modified":"2025-05-09T15:35:43","modified_gmt":"2025-05-09T13:35:43","slug":"kulonleges-eredmeny-minden-eddiginel-kevesebb-munkanelkuli","status":"publish","type":"post","link":"https:\/\/allasorias.hu\/hirek\/kulonleges-eredmeny-minden-eddiginel-kevesebb-munkanelkuli\/","title":{"rendered":"K\u00fcl\u00f6nleges eredm\u00e9ny: minden eddigin\u00e9l kevesebb munkan\u00e9lk\u00fcli"},"content":{"rendered":"<p><strong>Minden koroszt\u00e1lyn\u00e1l cs\u00f6kkent\u00a0 a munkan\u00e9lk\u00fclis\u00e9g az OECD orsz\u00e1gokban. Csup\u00e1n h\u00e1rom orsz\u00e1gban volt n\u00f6veked\u00e9s. Spanyolorsz\u00e1gban egyed\u00fclik\u00e9nt viszont k\u00e9tsz\u00e1mjegy\u0171 volt a munkan\u00e9lk\u00fclis\u00e9gi r\u00e1ta. <\/strong><\/p>\n<p>A Gazdas\u00e1gi Egy\u00fcttm\u0171k\u00f6d\u00e9si \u00e9s Fejleszt\u00e9si Szervezet (OECD) tagorsz\u00e1gaiban t\u00f6rt\u00e9nelmi m\u00e9lypontra, 4,8 sz\u00e1zal\u00e9kra cs\u00f6kkent a munkan\u00e9lk\u00fclis\u00e9g janu\u00e1rban, miut\u00e1n az el\u0151z\u0151 \u00f6t h\u00f3napban 4,9 sz\u00e1zal\u00e9kon stagn\u00e1lt. Az OECD honlapj\u00e1n szerepl\u0151 adatok szerint janu\u00e1rban 19 orsz\u00e1gban stagn\u00e1lt a munkan\u00e9lk\u00fclis\u00e9g decemberhez viszony\u00edtva, mik\u00f6zben 3 orsz\u00e1gban volt n\u00f6veked\u00e9s \u00e9s 11-ben cs\u00f6kken\u00e9s.<\/p>\n<p>\u00d6t orsz\u00e1gban (Jap\u00e1nban, Izraelben, Mexik\u00f3ban, Lengyelorsz\u00e1gban \u00e9s a Csehorsz\u00e1gban) a munkan\u00e9lk\u00fclis\u00e9g 3 sz\u00e1zal\u00e9k alatti volt. K\u00e9tsz\u00e1mjegy\u0171 r\u00e1t\u00e1t csak Spanyolorsz\u00e1gban regisztr\u00e1ltak, 10,7 sz\u00e1zal\u00e9kosat janu\u00e1rban. Az OECD-ben a munkan\u00e9lk\u00fcliek sz\u00e1ma 34,017 milli\u00f3ra cs\u00f6kkent janu\u00e1rban a decemberi 34,346 milli\u00f3r\u00f3l. Az \u00e9v els\u0151 h\u00f3napj\u00e1ban a n\u0151k k\u00f6r\u00e9ben 5,1 sz\u00e1zal\u00e9kra cs\u00f6kkent a munkan\u00e9lk\u00fclis\u00e9g a decemberi 5,2 sz\u00e1zal\u00e9kr\u00f3l, a f\u00e9rfiak eset\u00e9ben pedig 4,7 sz\u00e1zal\u00e9kr\u00f3l 4,6 sz\u00e1zal\u00e9kra s\u00fcllyedt. A fiatalok (15-24 \u00e9vesek) munkan\u00e9lk\u00fclis\u00e9gi r\u00e1t\u00e1ja 10,9 sz\u00e1zal\u00e9kra cs\u00f6kkent janu\u00e1rban az el\u0151z\u0151 havi 11 sz\u00e1zal\u00e9kr\u00f3l.<\/p>\n<p>Forr\u00e1s: <a href=\"https:\/\/piacesprofit.hu\/cikkek\/gazdasag\/ilyen-meg-nem-volt-rekord-a-munkaeropiacon-.html\" target=\"_blank\" rel=\"nofollow noopener noreferrer\">piacesprofit.hu<\/a><\/p>\n","protected":false},"excerpt":{"rendered":"<p>Minden koroszt\u00e1lyn\u00e1l cs\u00f6kkent\u00a0 a munkan\u00e9lk\u00fclis\u00e9g az OECD orsz\u00e1gokban. Csup\u00e1n h\u00e1rom orsz\u00e1gban volt n\u00f6veked\u00e9s. Spanyolorsz\u00e1gban egyed\u00fclik\u00e9nt viszont k\u00e9tsz\u00e1mjegy\u0171 volt a munkan\u00e9lk\u00fclis\u00e9gi r\u00e1ta. A Gazdas\u00e1gi Egy\u00fcttm\u0171k\u00f6d\u00e9si \u00e9s Fejleszt\u00e9si Szervezet (OECD) tagorsz\u00e1gaiban t\u00f6rt\u00e9nelmi m\u00e9lypontra, 4,8 sz\u00e1zal\u00e9kra cs\u00f6kkent a munkan\u00e9lk\u00fclis\u00e9g janu\u00e1rban, miut\u00e1n az el\u0151z\u0151 \u00f6t h\u00f3napban 4,9 sz\u00e1zal\u00e9kon stagn\u00e1lt. Az OECD honlapj\u00e1n szerepl\u0151 adatok szerint janu\u00e1rban 19 orsz\u00e1gban stagn\u00e1lt [&hellip;]<\/p>\n","protected":false},"author":1,"featured_media":8262,"comment_status":"closed","ping_status":"closed","sticky":false,"template":"","format":"standard","meta":{"_monsterinsights_skip_tracking":false,"footnotes":""},"categories":[200],"tags":[81,891],"class_list":["post-8261","post","type-post","status-publish","format-standard","has-post-thumbnail","hentry","category-munkaeropiac","tag-munkanelkuliseg-2","tag-oecd"],"aioseo_notices":[],"aioseo_head":"\n\t\t<!-- All in One SEO 5.0.0.1 - aioseo.com -->\n\t<meta name=\"description\" content=\"Minden koroszt\u00e1lyn\u00e1l cs\u00f6kkent a munkan\u00e9lk\u00fclis\u00e9g az OECD orsz\u00e1gokban. Csup\u00e1n h\u00e1rom orsz\u00e1gban volt n\u00f6veked\u00e9s.\" \/>\n\t<meta name=\"robots\" content=\"max-image-preview:large\" \/>\n\t<meta name=\"author\" content=\"Juh\u00e1sz P\u00e9ter\"\/>\n\t<meta name=\"keywords\" content=\"munkan\u00e9lk\u00fclis\u00e9g,oecd\" \/>\n\t<link rel=\"canonical\" href=\"https:\/\/allasorias.hu\/hirek\/kulonleges-eredmeny-minden-eddiginel-kevesebb-munkanelkuli\/\" \/>\n\t<meta name=\"generator\" content=\"All in One SEO (AIOSEO) 5.0.0.1\" \/>\n\t\t<meta property=\"og:locale\" content=\"hu_HU\" \/>\n\t\t<meta property=\"og:site_name\" content=\"AllasOrias.hu | H\u00edrek-lapszemle | \u00dczleti h\u00edrek az \u00e1ll\u00e1s \u00e9s a munka vil\u00e1g\u00e1b\u00f3l\" \/>\n\t\t<meta property=\"og:type\" content=\"article\" \/>\n\t\t<meta property=\"og:title\" content=\"Rekord alacsony munkan\u00e9lk\u00fclis\u00e9g Magyarorsz\u00e1gon\" \/>\n\t\t<meta property=\"og:description\" content=\"Minden koroszt\u00e1lyn\u00e1l cs\u00f6kkent a munkan\u00e9lk\u00fclis\u00e9g az OECD orsz\u00e1gokban. Csup\u00e1n h\u00e1rom orsz\u00e1gban volt n\u00f6veked\u00e9s.\" \/>\n\t\t<meta property=\"og:url\" content=\"https:\/\/allasorias.hu\/hirek\/kulonleges-eredmeny-minden-eddiginel-kevesebb-munkanelkuli\/\" \/>\n\t\t<meta property=\"og:image\" content=\"https:\/\/allasorias.hu\/hirek\/wp-content\/uploads\/2025\/03\/munkanelkulisegi-rata.jpg\" \/>\n\t\t<meta property=\"og:image:secure_url\" content=\"https:\/\/allasorias.hu\/hirek\/wp-content\/uploads\/2025\/03\/munkanelkulisegi-rata.jpg\" \/>\n\t\t<meta property=\"og:image:width\" content=\"1920\" \/>\n\t\t<meta property=\"og:image:height\" content=\"1280\" \/>\n\t\t<meta property=\"article:published_time\" content=\"2025-03-14T10:00:38+00:00\" \/>\n\t\t<meta property=\"article:modified_time\" content=\"2025-05-09T13:35:43+00:00\" \/>\n\t\t<meta property=\"article:publisher\" content=\"https:\/\/www.facebook.com\/allasorias\" \/>\n\t\t<meta name=\"twitter:card\" content=\"summary_large_image\" \/>\n\t\t<meta name=\"twitter:title\" content=\"Rekord alacsony munkan\u00e9lk\u00fclis\u00e9g Magyarorsz\u00e1gon\" \/>\n\t\t<meta name=\"twitter:description\" content=\"Minden koroszt\u00e1lyn\u00e1l cs\u00f6kkent a munkan\u00e9lk\u00fclis\u00e9g az OECD orsz\u00e1gokban. Csup\u00e1n h\u00e1rom orsz\u00e1gban volt n\u00f6veked\u00e9s.\" \/>\n\t\t<meta name=\"twitter:image\" content=\"https:\/\/allasorias.hu\/hirek\/wp-content\/uploads\/2025\/03\/munkanelkulisegi-rata.jpg\" \/>\n\t\t<meta name=\"twitter:label1\" content=\"Written by\" \/>\n\t\t<meta name=\"twitter:data1\" content=\"Juh\u00e1sz P\u00e9ter\" \/>\n\t\t<meta name=\"twitter:label2\" content=\"Est. reading time\" \/>\n\t\t<meta name=\"twitter:data2\" content=\"1 minute\" \/>\n\t\t<script type=\"application\/ld+json\" class=\"aioseo-schema\">\n\t\t\t{\"@context\":\"https:\\\/\\\/schema.org\",\"@graph\":[{\"@type\":\"Article\",\"@id\":\"https:\\\/\\\/allasorias.hu\\\/hirek\\\/kulonleges-eredmeny-minden-eddiginel-kevesebb-munkanelkuli\\\/#article\",\"name\":\"Rekord alacsony munkan\\u00e9lk\\u00fclis\\u00e9g Magyarorsz\\u00e1gon\",\"headline\":\"K\\u00fcl\\u00f6nleges eredm\\u00e9ny: minden eddigin\\u00e9l kevesebb munkan\\u00e9lk\\u00fcli\",\"author\":{\"@id\":\"https:\\\/\\\/allasorias.hu\\\/hirek\\\/author\\\/admin-allasorias\\\/#author\"},\"publisher\":{\"@id\":\"https:\\\/\\\/allasorias.hu\\\/hirek\\\/#organization\"},\"image\":{\"@type\":\"ImageObject\",\"url\":\"https:\\\/\\\/allasorias.hu\\\/hirek\\\/wp-content\\\/uploads\\\/2025\\\/03\\\/munkanelkulisegi-rata.jpg\",\"width\":1920,\"height\":1280,\"caption\":\"K\\u00fcl\\u00f6nleges eredm\\u00e9ny: minden eddigin\\u00e9l kevesebb munkan\\u00e9lk\\u00fcli - Allasorias.hu\\\/Hirek\"},\"datePublished\":\"2025-03-14T12:00:38+02:00\",\"dateModified\":\"2025-05-09T15:35:43+02:00\",\"inLanguage\":\"hu-HU\",\"mainEntityOfPage\":{\"@id\":\"https:\\\/\\\/allasorias.hu\\\/hirek\\\/kulonleges-eredmeny-minden-eddiginel-kevesebb-munkanelkuli\\\/#webpage\"},\"isPartOf\":{\"@id\":\"https:\\\/\\\/allasorias.hu\\\/hirek\\\/kulonleges-eredmeny-minden-eddiginel-kevesebb-munkanelkuli\\\/#webpage\"},\"articleSection\":\"Munkaer\\u0151piac, munkan\\u00e9lk\\u00fclis\\u00e9g, OECD\"},{\"@type\":\"BreadcrumbList\",\"@id\":\"https:\\\/\\\/allasorias.hu\\\/hirek\\\/kulonleges-eredmeny-minden-eddiginel-kevesebb-munkanelkuli\\\/#breadcrumblist\",\"itemListElement\":[{\"@type\":\"ListItem\",\"@id\":\"https:\\\/\\\/allasorias.hu\\\/hirek#listItem\",\"position\":1,\"name\":\"Home\",\"item\":\"https:\\\/\\\/allasorias.hu\\\/hirek\",\"nextItem\":{\"@type\":\"ListItem\",\"@id\":\"https:\\\/\\\/allasorias.hu\\\/hirek\\\/temak\\\/munkaeropiac\\\/#listItem\",\"name\":\"Munkaer\\u0151piac\"}},{\"@type\":\"ListItem\",\"@id\":\"https:\\\/\\\/allasorias.hu\\\/hirek\\\/temak\\\/munkaeropiac\\\/#listItem\",\"position\":2,\"name\":\"Munkaer\\u0151piac\",\"item\":\"https:\\\/\\\/allasorias.hu\\\/hirek\\\/temak\\\/munkaeropiac\\\/\",\"nextItem\":{\"@type\":\"ListItem\",\"@id\":\"https:\\\/\\\/allasorias.hu\\\/hirek\\\/kulonleges-eredmeny-minden-eddiginel-kevesebb-munkanelkuli\\\/#listItem\",\"name\":\"K\\u00fcl\\u00f6nleges eredm\\u00e9ny: minden eddigin\\u00e9l kevesebb munkan\\u00e9lk\\u00fcli\"},\"previousItem\":{\"@type\":\"ListItem\",\"@id\":\"https:\\\/\\\/allasorias.hu\\\/hirek#listItem\",\"name\":\"Home\"}},{\"@type\":\"ListItem\",\"@id\":\"https:\\\/\\\/allasorias.hu\\\/hirek\\\/kulonleges-eredmeny-minden-eddiginel-kevesebb-munkanelkuli\\\/#listItem\",\"position\":3,\"name\":\"K\\u00fcl\\u00f6nleges eredm\\u00e9ny: minden eddigin\\u00e9l kevesebb munkan\\u00e9lk\\u00fcli\",\"previousItem\":{\"@type\":\"ListItem\",\"@id\":\"https:\\\/\\\/allasorias.hu\\\/hirek\\\/temak\\\/munkaeropiac\\\/#listItem\",\"name\":\"Munkaer\\u0151piac\"}}]},{\"@type\":\"Organization\",\"@id\":\"https:\\\/\\\/allasorias.hu\\\/hirek\\\/#organization\",\"name\":\"AllasOrias.hu | H\\u00edrek-lapszemle\",\"description\":\"\\u00dczleti h\\u00edrek az \\u00e1ll\\u00e1s \\u00e9s a munka vil\\u00e1g\\u00e1b\\u00f3l\",\"url\":\"https:\\\/\\\/allasorias.hu\\\/hirek\\\/\",\"logo\":{\"@type\":\"ImageObject\",\"url\":\"https:\\\/\\\/allasorias.hu\\\/hirek\\\/wp-content\\\/uploads\\\/2022\\\/10\\\/allasorias_site_facebok_logo.png\",\"@id\":\"https:\\\/\\\/allasorias.hu\\\/hirek\\\/kulonleges-eredmeny-minden-eddiginel-kevesebb-munkanelkuli\\\/#organizationLogo\"},\"image\":{\"@id\":\"https:\\\/\\\/allasorias.hu\\\/hirek\\\/kulonleges-eredmeny-minden-eddiginel-kevesebb-munkanelkuli\\\/#organizationLogo\"},\"sameAs\":[\"https:\\\/\\\/www.facebook.com\\\/allasorias\",\"https:\\\/\\\/www.linkedin.com\\\/company\\\/allasorias\"]},{\"@type\":\"Person\",\"@id\":\"https:\\\/\\\/allasorias.hu\\\/hirek\\\/author\\\/admin-allasorias\\\/#author\",\"url\":\"https:\\\/\\\/allasorias.hu\\\/hirek\\\/author\\\/admin-allasorias\\\/\",\"name\":\"Juh\\u00e1sz P\\u00e9ter\",\"image\":{\"@type\":\"ImageObject\",\"@id\":\"https:\\\/\\\/allasorias.hu\\\/hirek\\\/kulonleges-eredmeny-minden-eddiginel-kevesebb-munkanelkuli\\\/#authorImage\",\"url\":\"https:\\\/\\\/secure.gravatar.com\\\/avatar\\\/36e6bcb83148978b992977cb0f54d22feb0cce8a0a849a9410532bb2623ba4c6?s=96&d=mm&r=g\",\"width\":96,\"height\":96,\"caption\":\"Juh\\u00e1sz P\\u00e9ter\"}},{\"@type\":\"WebPage\",\"@id\":\"https:\\\/\\\/allasorias.hu\\\/hirek\\\/kulonleges-eredmeny-minden-eddiginel-kevesebb-munkanelkuli\\\/#webpage\",\"url\":\"https:\\\/\\\/allasorias.hu\\\/hirek\\\/kulonleges-eredmeny-minden-eddiginel-kevesebb-munkanelkuli\\\/\",\"name\":\"Rekord alacsony munkan\\u00e9lk\\u00fclis\\u00e9g Magyarorsz\\u00e1gon\",\"description\":\"Minden koroszt\\u00e1lyn\\u00e1l cs\\u00f6kkent a munkan\\u00e9lk\\u00fclis\\u00e9g az OECD orsz\\u00e1gokban. Csup\\u00e1n h\\u00e1rom orsz\\u00e1gban volt n\\u00f6veked\\u00e9s.\",\"inLanguage\":\"hu-HU\",\"isPartOf\":{\"@id\":\"https:\\\/\\\/allasorias.hu\\\/hirek\\\/#website\"},\"breadcrumb\":{\"@id\":\"https:\\\/\\\/allasorias.hu\\\/hirek\\\/kulonleges-eredmeny-minden-eddiginel-kevesebb-munkanelkuli\\\/#breadcrumblist\"},\"author\":{\"@id\":\"https:\\\/\\\/allasorias.hu\\\/hirek\\\/author\\\/admin-allasorias\\\/#author\"},\"creator\":{\"@id\":\"https:\\\/\\\/allasorias.hu\\\/hirek\\\/author\\\/admin-allasorias\\\/#author\"},\"image\":{\"@type\":\"ImageObject\",\"url\":\"https:\\\/\\\/allasorias.hu\\\/hirek\\\/wp-content\\\/uploads\\\/2025\\\/03\\\/munkanelkulisegi-rata.jpg\",\"@id\":\"https:\\\/\\\/allasorias.hu\\\/hirek\\\/kulonleges-eredmeny-minden-eddiginel-kevesebb-munkanelkuli\\\/#mainImage\",\"width\":1920,\"height\":1280,\"caption\":\"K\\u00fcl\\u00f6nleges eredm\\u00e9ny: minden eddigin\\u00e9l kevesebb munkan\\u00e9lk\\u00fcli - Allasorias.hu\\\/Hirek\"},\"primaryImageOfPage\":{\"@id\":\"https:\\\/\\\/allasorias.hu\\\/hirek\\\/kulonleges-eredmeny-minden-eddiginel-kevesebb-munkanelkuli\\\/#mainImage\"},\"datePublished\":\"2025-03-14T12:00:38+02:00\",\"dateModified\":\"2025-05-09T15:35:43+02:00\"},{\"@type\":\"WebSite\",\"@id\":\"https:\\\/\\\/allasorias.hu\\\/hirek\\\/#website\",\"url\":\"https:\\\/\\\/allasorias.hu\\\/hirek\\\/\",\"name\":\"AllasOrias.hu | H\\u00edrek-lapszemle\",\"description\":\"\\u00dczleti h\\u00edrek az \\u00e1ll\\u00e1s \\u00e9s a munka vil\\u00e1g\\u00e1b\\u00f3l\",\"inLanguage\":\"hu-HU\",\"publisher\":{\"@id\":\"https:\\\/\\\/allasorias.hu\\\/hirek\\\/#organization\"}}]}\n\t\t<\/script>\n\t\t<!-- All in One SEO -->\n\n","aioseo_head_json":{"title":"Rekord alacsony munkan\u00e9lk\u00fclis\u00e9g Magyarorsz\u00e1gon","description":"Minden koroszt\u00e1lyn\u00e1l cs\u00f6kkent a munkan\u00e9lk\u00fclis\u00e9g az OECD orsz\u00e1gokban. Csup\u00e1n h\u00e1rom orsz\u00e1gban volt n\u00f6veked\u00e9s.","canonical_url":"https:\/\/allasorias.hu\/hirek\/kulonleges-eredmeny-minden-eddiginel-kevesebb-munkanelkuli\/","robots":"max-image-preview:large","keywords":"munkan\u00e9lk\u00fclis\u00e9g,oecd","webmasterTools":{"miscellaneous":""},"schema":{"@context":"https:\/\/schema.org","@graph":[{"@type":"Article","@id":"https:\/\/allasorias.hu\/hirek\/kulonleges-eredmeny-minden-eddiginel-kevesebb-munkanelkuli\/#article","name":"Rekord alacsony munkan\u00e9lk\u00fclis\u00e9g Magyarorsz\u00e1gon","headline":"K\u00fcl\u00f6nleges eredm\u00e9ny: minden eddigin\u00e9l kevesebb munkan\u00e9lk\u00fcli","author":{"@id":"https:\/\/allasorias.hu\/hirek\/author\/admin-allasorias\/#author"},"publisher":{"@id":"https:\/\/allasorias.hu\/hirek\/#organization"},"image":{"@type":"ImageObject","url":"https:\/\/allasorias.hu\/hirek\/wp-content\/uploads\/2025\/03\/munkanelkulisegi-rata.jpg","width":1920,"height":1280,"caption":"K\u00fcl\u00f6nleges eredm\u00e9ny: minden eddigin\u00e9l kevesebb munkan\u00e9lk\u00fcli - Allasorias.hu\/Hirek"},"datePublished":"2025-03-14T12:00:38+02:00","dateModified":"2025-05-09T15:35:43+02:00","inLanguage":"hu-HU","mainEntityOfPage":{"@id":"https:\/\/allasorias.hu\/hirek\/kulonleges-eredmeny-minden-eddiginel-kevesebb-munkanelkuli\/#webpage"},"isPartOf":{"@id":"https:\/\/allasorias.hu\/hirek\/kulonleges-eredmeny-minden-eddiginel-kevesebb-munkanelkuli\/#webpage"},"articleSection":"Munkaer\u0151piac, munkan\u00e9lk\u00fclis\u00e9g, OECD"},{"@type":"BreadcrumbList","@id":"https:\/\/allasorias.hu\/hirek\/kulonleges-eredmeny-minden-eddiginel-kevesebb-munkanelkuli\/#breadcrumblist","itemListElement":[{"@type":"ListItem","@id":"https:\/\/allasorias.hu\/hirek#listItem","position":1,"name":"Home","item":"https:\/\/allasorias.hu\/hirek","nextItem":{"@type":"ListItem","@id":"https:\/\/allasorias.hu\/hirek\/temak\/munkaeropiac\/#listItem","name":"Munkaer\u0151piac"}},{"@type":"ListItem","@id":"https:\/\/allasorias.hu\/hirek\/temak\/munkaeropiac\/#listItem","position":2,"name":"Munkaer\u0151piac","item":"https:\/\/allasorias.hu\/hirek\/temak\/munkaeropiac\/","nextItem":{"@type":"ListItem","@id":"https:\/\/allasorias.hu\/hirek\/kulonleges-eredmeny-minden-eddiginel-kevesebb-munkanelkuli\/#listItem","name":"K\u00fcl\u00f6nleges eredm\u00e9ny: minden eddigin\u00e9l kevesebb munkan\u00e9lk\u00fcli"},"previousItem":{"@type":"ListItem","@id":"https:\/\/allasorias.hu\/hirek#listItem","name":"Home"}},{"@type":"ListItem","@id":"https:\/\/allasorias.hu\/hirek\/kulonleges-eredmeny-minden-eddiginel-kevesebb-munkanelkuli\/#listItem","position":3,"name":"K\u00fcl\u00f6nleges eredm\u00e9ny: minden eddigin\u00e9l kevesebb munkan\u00e9lk\u00fcli","previousItem":{"@type":"ListItem","@id":"https:\/\/allasorias.hu\/hirek\/temak\/munkaeropiac\/#listItem","name":"Munkaer\u0151piac"}}]},{"@type":"Organization","@id":"https:\/\/allasorias.hu\/hirek\/#organization","name":"AllasOrias.hu | H\u00edrek-lapszemle","description":"\u00dczleti h\u00edrek az \u00e1ll\u00e1s \u00e9s a munka vil\u00e1g\u00e1b\u00f3l","url":"https:\/\/allasorias.hu\/hirek\/","logo":{"@type":"ImageObject","url":"https:\/\/allasorias.hu\/hirek\/wp-content\/uploads\/2022\/10\/allasorias_site_facebok_logo.png","@id":"https:\/\/allasorias.hu\/hirek\/kulonleges-eredmeny-minden-eddiginel-kevesebb-munkanelkuli\/#organizationLogo"},"image":{"@id":"https:\/\/allasorias.hu\/hirek\/kulonleges-eredmeny-minden-eddiginel-kevesebb-munkanelkuli\/#organizationLogo"},"sameAs":["https:\/\/www.facebook.com\/allasorias","https:\/\/www.linkedin.com\/company\/allasorias"]},{"@type":"Person","@id":"https:\/\/allasorias.hu\/hirek\/author\/admin-allasorias\/#author","url":"https:\/\/allasorias.hu\/hirek\/author\/admin-allasorias\/","name":"Juh\u00e1sz P\u00e9ter","image":{"@type":"ImageObject","@id":"https:\/\/allasorias.hu\/hirek\/kulonleges-eredmeny-minden-eddiginel-kevesebb-munkanelkuli\/#authorImage","url":"https:\/\/secure.gravatar.com\/avatar\/36e6bcb83148978b992977cb0f54d22feb0cce8a0a849a9410532bb2623ba4c6?s=96&d=mm&r=g","width":96,"height":96,"caption":"Juh\u00e1sz P\u00e9ter"}},{"@type":"WebPage","@id":"https:\/\/allasorias.hu\/hirek\/kulonleges-eredmeny-minden-eddiginel-kevesebb-munkanelkuli\/#webpage","url":"https:\/\/allasorias.hu\/hirek\/kulonleges-eredmeny-minden-eddiginel-kevesebb-munkanelkuli\/","name":"Rekord alacsony munkan\u00e9lk\u00fclis\u00e9g Magyarorsz\u00e1gon","description":"Minden koroszt\u00e1lyn\u00e1l cs\u00f6kkent a munkan\u00e9lk\u00fclis\u00e9g az OECD orsz\u00e1gokban. Csup\u00e1n h\u00e1rom orsz\u00e1gban volt n\u00f6veked\u00e9s.","inLanguage":"hu-HU","isPartOf":{"@id":"https:\/\/allasorias.hu\/hirek\/#website"},"breadcrumb":{"@id":"https:\/\/allasorias.hu\/hirek\/kulonleges-eredmeny-minden-eddiginel-kevesebb-munkanelkuli\/#breadcrumblist"},"author":{"@id":"https:\/\/allasorias.hu\/hirek\/author\/admin-allasorias\/#author"},"creator":{"@id":"https:\/\/allasorias.hu\/hirek\/author\/admin-allasorias\/#author"},"image":{"@type":"ImageObject","url":"https:\/\/allasorias.hu\/hirek\/wp-content\/uploads\/2025\/03\/munkanelkulisegi-rata.jpg","@id":"https:\/\/allasorias.hu\/hirek\/kulonleges-eredmeny-minden-eddiginel-kevesebb-munkanelkuli\/#mainImage","width":1920,"height":1280,"caption":"K\u00fcl\u00f6nleges eredm\u00e9ny: minden eddigin\u00e9l kevesebb munkan\u00e9lk\u00fcli - Allasorias.hu\/Hirek"},"primaryImageOfPage":{"@id":"https:\/\/allasorias.hu\/hirek\/kulonleges-eredmeny-minden-eddiginel-kevesebb-munkanelkuli\/#mainImage"},"datePublished":"2025-03-14T12:00:38+02:00","dateModified":"2025-05-09T15:35:43+02:00"},{"@type":"WebSite","@id":"https:\/\/allasorias.hu\/hirek\/#website","url":"https:\/\/allasorias.hu\/hirek\/","name":"AllasOrias.hu | H\u00edrek-lapszemle","description":"\u00dczleti h\u00edrek az \u00e1ll\u00e1s \u00e9s a munka vil\u00e1g\u00e1b\u00f3l","inLanguage":"hu-HU","publisher":{"@id":"https:\/\/allasorias.hu\/hirek\/#organization"}}]},"og:locale":"hu_HU","og:site_name":"AllasOrias.hu | H\u00edrek-lapszemle | \u00dczleti h\u00edrek az \u00e1ll\u00e1s \u00e9s a munka vil\u00e1g\u00e1b\u00f3l","og:type":"article","og:title":"Rekord alacsony munkan\u00e9lk\u00fclis\u00e9g Magyarorsz\u00e1gon","og:description":"Minden koroszt\u00e1lyn\u00e1l cs\u00f6kkent a munkan\u00e9lk\u00fclis\u00e9g az OECD orsz\u00e1gokban. Csup\u00e1n h\u00e1rom orsz\u00e1gban volt n\u00f6veked\u00e9s.","og:url":"https:\/\/allasorias.hu\/hirek\/kulonleges-eredmeny-minden-eddiginel-kevesebb-munkanelkuli\/","og:image":"https:\/\/allasorias.hu\/hirek\/wp-content\/uploads\/2025\/03\/munkanelkulisegi-rata.jpg","og:image:secure_url":"https:\/\/allasorias.hu\/hirek\/wp-content\/uploads\/2025\/03\/munkanelkulisegi-rata.jpg","og:image:width":1920,"og:image:height":1280,"article:published_time":"2025-03-14T10:00:38+00:00","article:modified_time":"2025-05-09T13:35:43+00:00","article:publisher":"https:\/\/www.facebook.com\/allasorias","twitter:card":"summary_large_image","twitter:title":"Rekord alacsony munkan\u00e9lk\u00fclis\u00e9g Magyarorsz\u00e1gon","twitter:description":"Minden koroszt\u00e1lyn\u00e1l cs\u00f6kkent a munkan\u00e9lk\u00fclis\u00e9g az OECD orsz\u00e1gokban. Csup\u00e1n h\u00e1rom orsz\u00e1gban volt n\u00f6veked\u00e9s.","twitter:image":"https:\/\/allasorias.hu\/hirek\/wp-content\/uploads\/2025\/03\/munkanelkulisegi-rata.jpg","twitter:label1":"Written by","twitter:data1":"Juh\u00e1sz P\u00e9ter","twitter:label2":"Est. reading time","twitter:data2":"1 minute"},"aioseo_meta_data":{"post_id":"8261","title":"Rekord alacsony munkan\u00e9lk\u00fclis\u00e9g Magyarorsz\u00e1gon","description":"Minden koroszt\u00e1lyn\u00e1l cs\u00f6kkent a munkan\u00e9lk\u00fclis\u00e9g az OECD orsz\u00e1gokban. Csup\u00e1n h\u00e1rom orsz\u00e1gban volt n\u00f6veked\u00e9s.","keywords":null,"keyphrases":{"focus":{"keyphrase":"","score":0,"analysis":{"keyphraseInTitle":{"score":0,"maxScore":9,"error":1}}},"additional":[]},"primary_term":null,"canonical_url":null,"og_title":null,"og_description":null,"og_object_type":"default","og_image_type":"default","og_image_url":null,"og_image_width":null,"og_image_height":null,"og_image_custom_url":null,"og_image_custom_fields":null,"og_video":"","og_custom_url":null,"og_article_section":null,"og_article_tags":null,"twitter_use_og":true,"twitter_card":"default","twitter_image_type":"default","twitter_image_url":null,"twitter_image_custom_url":null,"twitter_image_custom_fields":null,"twitter_title":null,"twitter_description":null,"schema":{"blockGraphs":[],"customGraphs":[],"default":{"data":{"Article":[],"Course":[],"Dataset":[],"FAQPage":[],"Movie":[],"Person":[],"Product":[],"ProductReview":[],"Car":[],"Recipe":[],"Service":[],"SoftwareApplication":[],"WebPage":[]},"graphName":"Article","isEnabled":true},"graphs":[]},"schema_type":"default","schema_type_options":null,"pillar_content":false,"robots_default":true,"robots_noindex":false,"robots_noarchive":false,"robots_nosnippet":false,"robots_nofollow":false,"robots_noimageindex":false,"robots_noodp":false,"robots_notranslate":false,"robots_max_snippet":"-1","robots_max_videopreview":"-1","robots_max_imagepreview":"large","priority":null,"frequency":"default","location":null,"local_seo":null,"breadcrumb_settings":null,"limit_modified_date":false,"ai":null,"created":"2025-03-14 09:22:23","updated":"2025-10-02 21:02:32","seo_analyzer_scan_date":null,"focus_keyword":null,"additional_keywords":null,"truseo_locale":null},"aioseo_breadcrumb":"<div class=\"aioseo-breadcrumbs\"><span class=\"aioseo-breadcrumb\">\n\t\t\t<a href=\"https:\/\/allasorias.hu\/hirek\" title=\"Home\">Home<\/a>\n\t\t<\/span><span class=\"aioseo-breadcrumb-separator\">&raquo;<\/span><span class=\"aioseo-breadcrumb\">\n\t\t\t<a href=\"https:\/\/allasorias.hu\/hirek\/temak\/munkaeropiac\/\" title=\"Munkaer\u0151piac\">Munkaer\u0151piac<\/a>\n\t\t<\/span><span class=\"aioseo-breadcrumb-separator\">&raquo;<\/span><span class=\"aioseo-breadcrumb\">\n\t\t\tK\u00fcl\u00f6nleges eredm\u00e9ny: minden eddigin\u00e9l kevesebb munkan\u00e9lk\u00fcli\n\t\t<\/span><\/div>","aioseo_breadcrumb_json":[{"label":"Home","link":"https:\/\/allasorias.hu\/hirek"},{"label":"Munkaer\u0151piac","link":"https:\/\/allasorias.hu\/hirek\/temak\/munkaeropiac\/"},{"label":"K\u00fcl\u00f6nleges eredm\u00e9ny: minden eddigin\u00e9l kevesebb munkan\u00e9lk\u00fcli","link":"https:\/\/allasorias.hu\/hirek\/kulonleges-eredmeny-minden-eddiginel-kevesebb-munkanelkuli\/"}],"_links":{"self":[{"href":"https:\/\/allasorias.hu\/hirek\/wp-json\/wp\/v2\/posts\/8261","targetHints":{"allow":["GET"]}}],"collection":[{"href":"https:\/\/allasorias.hu\/hirek\/wp-json\/wp\/v2\/posts"}],"about":[{"href":"https:\/\/allasorias.hu\/hirek\/wp-json\/wp\/v2\/types\/post"}],"author":[{"embeddable":true,"href":"https:\/\/allasorias.hu\/hirek\/wp-json\/wp\/v2\/users\/1"}],"replies":[{"embeddable":true,"href":"https:\/\/allasorias.hu\/hirek\/wp-json\/wp\/v2\/comments?post=8261"}],"version-history":[{"count":1,"href":"https:\/\/allasorias.hu\/hirek\/wp-json\/wp\/v2\/posts\/8261\/revisions"}],"predecessor-version":[{"id":8263,"href":"https:\/\/allasorias.hu\/hirek\/wp-json\/wp\/v2\/posts\/8261\/revisions\/8263"}],"wp:featuredmedia":[{"embeddable":true,"href":"https:\/\/allasorias.hu\/hirek\/wp-json\/wp\/v2\/media\/8262"}],"wp:attachment":[{"href":"https:\/\/allasorias.hu\/hirek\/wp-json\/wp\/v2\/media?parent=8261"}],"wp:term":[{"taxonomy":"category","embeddable":true,"href":"https:\/\/allasorias.hu\/hirek\/wp-json\/wp\/v2\/categories?post=8261"},{"taxonomy":"post_tag","embeddable":true,"href":"https:\/\/allasorias.hu\/hirek\/wp-json\/wp\/v2\/tags?post=8261"}],"curies":[{"name":"wp","href":"https:\/\/api.w.org\/{rel}","templated":true}]}}