{"id":8249,"date":"2025-03-10T13:54:39","date_gmt":"2025-03-10T11:54:39","guid":{"rendered":"https:\/\/allasorias.hu\/hirek\/?p=8249"},"modified":"2025-05-09T09:39:40","modified_gmt":"2025-05-09T07:39:40","slug":"a-fegyverkezes-jo-a-magyar-gazdasagnak","status":"publish","type":"post","link":"https:\/\/allasorias.hu\/hirek\/a-fegyverkezes-jo-a-magyar-gazdasagnak\/","title":{"rendered":"A fegyverkez\u00e9s j\u00f3 a magyar gazdas\u00e1gnak"},"content":{"rendered":"<p><strong>N\u00e9metorsz\u00e1g t\u00f6bbsz\u00e1z eur\u00f3t k\u00f6lt majd fegyverkez\u00e9sre, s az elemz\u0151k szerint ez valamilyen m\u00e9rt\u00e9kben j\u00f3 lesz a magyar gazdas\u00e1gnak is, \u00edgy k\u00f6zvetve a munkaer\u0151piaci helyzet javulni fog.<\/strong><\/p>\n<p>N\u00e9metorsz\u00e1g gigantikus fegyverkez\u00e9sbe kezd, Orb\u00e1n Viktor szerint ez pedig a magyar gazdas\u00e1got is azonnal felp\u00f6rgeti majd. A megk\u00e9rdezett elemz\u0151k is \u00fagy v\u00e9lik, a n\u00e9met fegyveripari fejleszt\u00e9sek valamelyest \u00e9l\u00e9nk\u00edthetik a magyar exportot. B\u00e1r a k\u00f6z\u00f6s eur\u00f3pai v\u00e9delem er\u0151s\u00edt\u00e9s\u00e9be Magyarorsz\u00e1g is beleegyezett a rendk\u00edv\u00fcli EU-cs\u00facson, Ukrajna t\u00e1mogat\u00e1s\u00e1t egyed\u00fclik\u00e9nt megv\u00e9t\u00f3zta; biztons\u00e1gpolitikai k\u00e9rd\u00e9sekben pedig egyhang\u00fa d\u00f6nt\u00e9s sz\u00fcks\u00e9ges. \u201e<em>A h\u00e1bor\u00fa folytat\u00e1s\u00e1r\u00f3l nem j\u00f6hetett l\u00e9tre hat\u00e1rozat. Az, hogy 26-an kiadtak egy politikai nyilatkozatot, semmifajta jogi jelent\u0151s\u00e9ggel nem b\u00edr, ez egy politikai v\u00e9lem\u00e9ny<\/em>\u201d \u2013 nyilatkozta h\u00edrad\u00f3nknak Szijj\u00e1rt\u00f3 P\u00e9ter.<\/p>\n<p>Gyarmati Istv\u00e1n biztons\u00e1gpolitikai szak\u00e9rt\u0151 \u00fagy l\u00e1tja, ha jogi k\u00f6t\u0151ereje nincs is a nyilatkozatnak, amit Magyarorsz\u00e1g kiv\u00e9tel\u00e9vel minden uni\u00f3s tag\u00e1llam al\u00e1\u00edrt, gazdas\u00e1gi jelent\u0151s\u00e9g\u00e9t neh\u00e9z lenne megk\u00e9rd\u0151jelezni. \u201e<em>Annyi relevanci\u00e1ja van, hogy mindenki v\u00e9gre fogja hajtani. Ki fognak adni t\u00f6bb sz\u00e1z milli\u00e1rd eur\u00f3t ezzel megseg\u00edtve Ukrajn\u00e1t, ennyi relevanci\u00e1ja van. Jogi relevanci\u00e1ja ebben az \u00e9rtelemben val\u00f3ban nincsen, de a p\u00e9nz oda fog menni<\/em>\u201d \u2013 \u00e9rt\u00e9kelte Gyarmati.<\/p>\n<p>Az EU-cs\u00facs m\u00e1sik f\u0151 k\u00e9rd\u00e9se Eur\u00f3pa v\u00e9delm\u00e9nek meger\u0151s\u00edt\u00e9se, \u00e9s az erre sz\u00e1nt kiad\u00e1sok n\u00f6vel\u00e9se volt. Ezt m\u00e1r Magyarorsz\u00e1g is megszavazta. Friedrich Merz leend\u0151 n\u00e9met kancell\u00e1r a h\u00e9ten bejelentette, hogy N\u00e9metorsz\u00e1g 800 milli\u00e1rd eur\u00f3t fog k\u00f6lteni hadiipari \u00e9s infrastrukt\u00fara fejleszt\u00e9s\u00e9re. Orb\u00e1n Viktor egy szombati konferenci\u00e1n arr\u00f3l besz\u00e9lt, hogy a n\u00e9met k\u00f6ltekez\u00e9s szinte azonnal megjelenik a magyar gazdas\u00e1gban, \u00e9s n\u00f6veli annak teljes\u00edtm\u00e9ny\u00e9t.\u2028\u201e<em>Hogy r\u00f6vidt\u00e1von j\u00f3 lesz-e, azt meg tudom mondani. R\u00f6vid t\u00e1von nagyon-nagyon j\u00f3 lesz. Enn\u00e9l jobb h\u00edr r\u00f6vid t\u00e1von a magyar gazdas\u00e1g sz\u00e1m\u00e1ra nem is lehetne<\/em>\u201d \u2013 mondta a minisztereln\u00f6k.<\/p>\n<p>A Gr\u00e1nit Alapkezel\u0151 elemz\u0151je, Reg\u0151s G\u00e1bor azt mondta, a n\u00e9met gazdas\u00e1g visszaes\u00e9s\u00e9nek egyik oka az ad\u00f3ss\u00e1gf\u00e9k szab\u00e1ly, ami alapj\u00e1n az \u00e1llamkincst\u00e1r hi\u00e1nya alig haladhatja meg a null\u00e1t. A n\u00e9met parlament viszont d\u00f6nt\u00f6tt a szab\u00e1ly \u00e1talak\u00edt\u00e1s\u00e1r\u00f3l, ez teszi majd lehet\u0151v\u00e9, a t\u00f6bb sz\u00e1z milli\u00e1rd eur\u00f3s hadiipari kiad\u00e1sokat.\u2028\u2028\u201dAz alacsony k\u00fcls\u0151 keresletet a t\u00f6bbi orsz\u00e1g is meg\u00e9rezte, ez\u00e9rt sz\u00e1m\u00edtunk arra, hogy ha ez az ad\u00f3ss\u00e1gf\u00e9k szab\u00e1ly elt\u00f6rl\u00e9sre vagy felold\u00e1sra ker\u00fcl, akkor n\u00f6vekszik a n\u00e9met k\u00fcls\u0151 kereslet, \u00e9s ez egy kicsit nek\u00fcnk is j\u00f3 lesz, mert t\u00f6bbet tudunk oda export\u00e1lni.<\/p>\n<p>Persze az, hogy ez pont hadi kiad\u00e1sok \u00e1ltal val\u00f3sul meg, az nem felt\u00e9tlen\u00fcl annyira j\u00f3\u201d \u2013 v\u00e9lte Reg\u0151s. N\u00e9meth D\u00e1vid, a K&amp;H Bank elemz\u0151je szerint \u00e1rnyalja a k\u00e9pet, hogy Eur\u00f3pa a hadiipar ter\u00e9n importra szorul. Az elemz\u0151 ugyanakkor hozz\u00e1tette: ha az eur\u00f3pai gy\u00e1rt\u00f3k t\u00f6bb term\u00e9ket \u00e1ll\u00edtanak el\u0151, azzal munkahelyeket teremtenek, ami \u00e9l\u00e9nk\u00edti a fogyaszt\u00e1st, ez pedig visszahat a magyar gazdas\u00e1gra.<\/p>\n<p>Forr\u00e1s: <a href=\"https:\/\/www.atv.hu\/belfold\/20250310\/magyar-gazdasagot-is-felporgeti-nemet\/\" target=\"_blank\" rel=\"nofollow noopener noreferrer\">atv.hu<\/a><\/p>\n","protected":false},"excerpt":{"rendered":"<p>N\u00e9metorsz\u00e1g t\u00f6bbsz\u00e1z eur\u00f3t k\u00f6lt majd fegyverkez\u00e9sre, s az elemz\u0151k szerint ez valamilyen m\u00e9rt\u00e9kben j\u00f3 lesz a magyar gazdas\u00e1gnak is, \u00edgy k\u00f6zvetve a munkaer\u0151piaci helyzet javulni fog. N\u00e9metorsz\u00e1g gigantikus fegyverkez\u00e9sbe kezd, Orb\u00e1n Viktor szerint ez pedig a magyar gazdas\u00e1got is azonnal felp\u00f6rgeti majd. A megk\u00e9rdezett elemz\u0151k is \u00fagy v\u00e9lik, a n\u00e9met fegyveripari fejleszt\u00e9sek valamelyest \u00e9l\u00e9nk\u00edthetik a [&hellip;]<\/p>\n","protected":false},"author":1,"featured_media":8250,"comment_status":"closed","ping_status":"closed","sticky":false,"template":"","format":"standard","meta":{"_monsterinsights_skip_tracking":false,"footnotes":""},"categories":[198],"tags":[889,403],"class_list":["post-8249","post","type-post","status-publish","format-standard","has-post-thumbnail","hentry","category-gazdasag","tag-nemet-fegyverkezes","tag-nemetorszag"],"aioseo_notices":[],"aioseo_head":"\n\t\t<!-- All in One SEO 5.0.0.1 - aioseo.com -->\n\t<meta name=\"description\" content=\"N\u00e9metorsz\u00e1g t\u00f6bbsz\u00e1z eur\u00f3t k\u00f6lt majd fegyverkez\u00e9sre, s az elemz\u0151k szerint ez valamilyen m\u00e9rt\u00e9kben j\u00f3 lesz a magyar gazdas\u00e1gnak is\" \/>\n\t<meta name=\"robots\" content=\"max-image-preview:large\" \/>\n\t<meta name=\"author\" content=\"Juh\u00e1sz P\u00e9ter\"\/>\n\t<meta name=\"keywords\" content=\"n\u00e9met fegyverkez\u00e9s,n\u00e9metorsz\u00e1g\" \/>\n\t<link rel=\"canonical\" href=\"https:\/\/allasorias.hu\/hirek\/a-fegyverkezes-jo-a-magyar-gazdasagnak\/\" \/>\n\t<meta name=\"generator\" content=\"All in One SEO (AIOSEO) 5.0.0.1\" \/>\n\t\t<meta property=\"og:locale\" content=\"hu_HU\" \/>\n\t\t<meta property=\"og:site_name\" content=\"AllasOrias.hu | H\u00edrek-lapszemle | \u00dczleti h\u00edrek az \u00e1ll\u00e1s \u00e9s a munka vil\u00e1g\u00e1b\u00f3l\" \/>\n\t\t<meta property=\"og:type\" content=\"article\" \/>\n\t\t<meta property=\"og:title\" content=\"Fegyverkez\u00e9s pozit\u00edv hat\u00e1sa a gazdas\u00e1gra\" \/>\n\t\t<meta property=\"og:description\" content=\"N\u00e9metorsz\u00e1g t\u00f6bbsz\u00e1z eur\u00f3t k\u00f6lt majd fegyverkez\u00e9sre, s az elemz\u0151k szerint ez valamilyen m\u00e9rt\u00e9kben j\u00f3 lesz a magyar gazdas\u00e1gnak is\" \/>\n\t\t<meta property=\"og:url\" content=\"https:\/\/allasorias.hu\/hirek\/a-fegyverkezes-jo-a-magyar-gazdasagnak\/\" \/>\n\t\t<meta property=\"og:image\" content=\"https:\/\/allasorias.hu\/hirek\/wp-content\/uploads\/2025\/03\/nemet-fegyverkezes.jpg\" \/>\n\t\t<meta property=\"og:image:secure_url\" content=\"https:\/\/allasorias.hu\/hirek\/wp-content\/uploads\/2025\/03\/nemet-fegyverkezes.jpg\" \/>\n\t\t<meta property=\"og:image:width\" content=\"1920\" \/>\n\t\t<meta property=\"og:image:height\" content=\"1280\" \/>\n\t\t<meta property=\"article:published_time\" content=\"2025-03-10T11:54:39+00:00\" \/>\n\t\t<meta property=\"article:modified_time\" content=\"2025-05-09T07:39:40+00:00\" \/>\n\t\t<meta property=\"article:publisher\" content=\"https:\/\/www.facebook.com\/allasorias\" \/>\n\t\t<meta name=\"twitter:card\" content=\"summary_large_image\" \/>\n\t\t<meta name=\"twitter:title\" content=\"Fegyverkez\u00e9s pozit\u00edv hat\u00e1sa a gazdas\u00e1gra\" \/>\n\t\t<meta name=\"twitter:description\" content=\"N\u00e9metorsz\u00e1g t\u00f6bbsz\u00e1z eur\u00f3t k\u00f6lt majd fegyverkez\u00e9sre, s az elemz\u0151k szerint ez valamilyen m\u00e9rt\u00e9kben j\u00f3 lesz a magyar gazdas\u00e1gnak is\" \/>\n\t\t<meta name=\"twitter:image\" content=\"https:\/\/allasorias.hu\/hirek\/wp-content\/uploads\/2025\/03\/nemet-fegyverkezes.jpg\" \/>\n\t\t<meta name=\"twitter:label1\" content=\"Written by\" \/>\n\t\t<meta name=\"twitter:data1\" content=\"Juh\u00e1sz P\u00e9ter\" \/>\n\t\t<meta name=\"twitter:label2\" content=\"Est. reading time\" \/>\n\t\t<meta name=\"twitter:data2\" content=\"3 minutes\" \/>\n\t\t<script type=\"application\/ld+json\" class=\"aioseo-schema\">\n\t\t\t{\"@context\":\"https:\\\/\\\/schema.org\",\"@graph\":[{\"@type\":\"Article\",\"@id\":\"https:\\\/\\\/allasorias.hu\\\/hirek\\\/a-fegyverkezes-jo-a-magyar-gazdasagnak\\\/#article\",\"name\":\"Fegyverkez\\u00e9s pozit\\u00edv hat\\u00e1sa a gazdas\\u00e1gra\",\"headline\":\"A fegyverkez\\u00e9s j\\u00f3 a magyar gazdas\\u00e1gnak\",\"author\":{\"@id\":\"https:\\\/\\\/allasorias.hu\\\/hirek\\\/author\\\/admin-allasorias\\\/#author\"},\"publisher\":{\"@id\":\"https:\\\/\\\/allasorias.hu\\\/hirek\\\/#organization\"},\"image\":{\"@type\":\"ImageObject\",\"url\":\"https:\\\/\\\/allasorias.hu\\\/hirek\\\/wp-content\\\/uploads\\\/2025\\\/03\\\/nemet-fegyverkezes.jpg\",\"width\":1920,\"height\":1280,\"caption\":\"A fegyverkez\\u00e9s j\\u00f3 a magyar gazdas\\u00e1gnak - Allasorias.hu\\\/Hirek\"},\"datePublished\":\"2025-03-10T13:54:39+02:00\",\"dateModified\":\"2025-05-09T09:39:40+02:00\",\"inLanguage\":\"hu-HU\",\"mainEntityOfPage\":{\"@id\":\"https:\\\/\\\/allasorias.hu\\\/hirek\\\/a-fegyverkezes-jo-a-magyar-gazdasagnak\\\/#webpage\"},\"isPartOf\":{\"@id\":\"https:\\\/\\\/allasorias.hu\\\/hirek\\\/a-fegyverkezes-jo-a-magyar-gazdasagnak\\\/#webpage\"},\"articleSection\":\"Gazdas\\u00e1g, N\\u00e9met fegyverkez\\u00e9s, N\\u00e9metorsz\\u00e1g\"},{\"@type\":\"BreadcrumbList\",\"@id\":\"https:\\\/\\\/allasorias.hu\\\/hirek\\\/a-fegyverkezes-jo-a-magyar-gazdasagnak\\\/#breadcrumblist\",\"itemListElement\":[{\"@type\":\"ListItem\",\"@id\":\"https:\\\/\\\/allasorias.hu\\\/hirek#listItem\",\"position\":1,\"name\":\"Home\",\"item\":\"https:\\\/\\\/allasorias.hu\\\/hirek\",\"nextItem\":{\"@type\":\"ListItem\",\"@id\":\"https:\\\/\\\/allasorias.hu\\\/hirek\\\/temak\\\/gazdasag\\\/#listItem\",\"name\":\"Gazdas\\u00e1g\"}},{\"@type\":\"ListItem\",\"@id\":\"https:\\\/\\\/allasorias.hu\\\/hirek\\\/temak\\\/gazdasag\\\/#listItem\",\"position\":2,\"name\":\"Gazdas\\u00e1g\",\"item\":\"https:\\\/\\\/allasorias.hu\\\/hirek\\\/temak\\\/gazdasag\\\/\",\"nextItem\":{\"@type\":\"ListItem\",\"@id\":\"https:\\\/\\\/allasorias.hu\\\/hirek\\\/a-fegyverkezes-jo-a-magyar-gazdasagnak\\\/#listItem\",\"name\":\"A fegyverkez\\u00e9s j\\u00f3 a magyar gazdas\\u00e1gnak\"},\"previousItem\":{\"@type\":\"ListItem\",\"@id\":\"https:\\\/\\\/allasorias.hu\\\/hirek#listItem\",\"name\":\"Home\"}},{\"@type\":\"ListItem\",\"@id\":\"https:\\\/\\\/allasorias.hu\\\/hirek\\\/a-fegyverkezes-jo-a-magyar-gazdasagnak\\\/#listItem\",\"position\":3,\"name\":\"A fegyverkez\\u00e9s j\\u00f3 a magyar gazdas\\u00e1gnak\",\"previousItem\":{\"@type\":\"ListItem\",\"@id\":\"https:\\\/\\\/allasorias.hu\\\/hirek\\\/temak\\\/gazdasag\\\/#listItem\",\"name\":\"Gazdas\\u00e1g\"}}]},{\"@type\":\"Organization\",\"@id\":\"https:\\\/\\\/allasorias.hu\\\/hirek\\\/#organization\",\"name\":\"AllasOrias.hu | H\\u00edrek-lapszemle\",\"description\":\"\\u00dczleti h\\u00edrek az \\u00e1ll\\u00e1s \\u00e9s a munka vil\\u00e1g\\u00e1b\\u00f3l\",\"url\":\"https:\\\/\\\/allasorias.hu\\\/hirek\\\/\",\"logo\":{\"@type\":\"ImageObject\",\"url\":\"https:\\\/\\\/allasorias.hu\\\/hirek\\\/wp-content\\\/uploads\\\/2022\\\/10\\\/allasorias_site_facebok_logo.png\",\"@id\":\"https:\\\/\\\/allasorias.hu\\\/hirek\\\/a-fegyverkezes-jo-a-magyar-gazdasagnak\\\/#organizationLogo\"},\"image\":{\"@id\":\"https:\\\/\\\/allasorias.hu\\\/hirek\\\/a-fegyverkezes-jo-a-magyar-gazdasagnak\\\/#organizationLogo\"},\"sameAs\":[\"https:\\\/\\\/www.facebook.com\\\/allasorias\",\"https:\\\/\\\/www.linkedin.com\\\/company\\\/allasorias\"]},{\"@type\":\"Person\",\"@id\":\"https:\\\/\\\/allasorias.hu\\\/hirek\\\/author\\\/admin-allasorias\\\/#author\",\"url\":\"https:\\\/\\\/allasorias.hu\\\/hirek\\\/author\\\/admin-allasorias\\\/\",\"name\":\"Juh\\u00e1sz P\\u00e9ter\",\"image\":{\"@type\":\"ImageObject\",\"@id\":\"https:\\\/\\\/allasorias.hu\\\/hirek\\\/a-fegyverkezes-jo-a-magyar-gazdasagnak\\\/#authorImage\",\"url\":\"https:\\\/\\\/secure.gravatar.com\\\/avatar\\\/36e6bcb83148978b992977cb0f54d22feb0cce8a0a849a9410532bb2623ba4c6?s=96&d=mm&r=g\",\"width\":96,\"height\":96,\"caption\":\"Juh\\u00e1sz P\\u00e9ter\"}},{\"@type\":\"WebPage\",\"@id\":\"https:\\\/\\\/allasorias.hu\\\/hirek\\\/a-fegyverkezes-jo-a-magyar-gazdasagnak\\\/#webpage\",\"url\":\"https:\\\/\\\/allasorias.hu\\\/hirek\\\/a-fegyverkezes-jo-a-magyar-gazdasagnak\\\/\",\"name\":\"Fegyverkez\\u00e9s pozit\\u00edv hat\\u00e1sa a gazdas\\u00e1gra\",\"description\":\"N\\u00e9metorsz\\u00e1g t\\u00f6bbsz\\u00e1z eur\\u00f3t k\\u00f6lt majd fegyverkez\\u00e9sre, s az elemz\\u0151k szerint ez valamilyen m\\u00e9rt\\u00e9kben j\\u00f3 lesz a magyar gazdas\\u00e1gnak is\",\"inLanguage\":\"hu-HU\",\"isPartOf\":{\"@id\":\"https:\\\/\\\/allasorias.hu\\\/hirek\\\/#website\"},\"breadcrumb\":{\"@id\":\"https:\\\/\\\/allasorias.hu\\\/hirek\\\/a-fegyverkezes-jo-a-magyar-gazdasagnak\\\/#breadcrumblist\"},\"author\":{\"@id\":\"https:\\\/\\\/allasorias.hu\\\/hirek\\\/author\\\/admin-allasorias\\\/#author\"},\"creator\":{\"@id\":\"https:\\\/\\\/allasorias.hu\\\/hirek\\\/author\\\/admin-allasorias\\\/#author\"},\"image\":{\"@type\":\"ImageObject\",\"url\":\"https:\\\/\\\/allasorias.hu\\\/hirek\\\/wp-content\\\/uploads\\\/2025\\\/03\\\/nemet-fegyverkezes.jpg\",\"@id\":\"https:\\\/\\\/allasorias.hu\\\/hirek\\\/a-fegyverkezes-jo-a-magyar-gazdasagnak\\\/#mainImage\",\"width\":1920,\"height\":1280,\"caption\":\"A fegyverkez\\u00e9s j\\u00f3 a magyar gazdas\\u00e1gnak - Allasorias.hu\\\/Hirek\"},\"primaryImageOfPage\":{\"@id\":\"https:\\\/\\\/allasorias.hu\\\/hirek\\\/a-fegyverkezes-jo-a-magyar-gazdasagnak\\\/#mainImage\"},\"datePublished\":\"2025-03-10T13:54:39+02:00\",\"dateModified\":\"2025-05-09T09:39:40+02:00\"},{\"@type\":\"WebSite\",\"@id\":\"https:\\\/\\\/allasorias.hu\\\/hirek\\\/#website\",\"url\":\"https:\\\/\\\/allasorias.hu\\\/hirek\\\/\",\"name\":\"AllasOrias.hu | H\\u00edrek-lapszemle\",\"description\":\"\\u00dczleti h\\u00edrek az \\u00e1ll\\u00e1s \\u00e9s a munka vil\\u00e1g\\u00e1b\\u00f3l\",\"inLanguage\":\"hu-HU\",\"publisher\":{\"@id\":\"https:\\\/\\\/allasorias.hu\\\/hirek\\\/#organization\"}}]}\n\t\t<\/script>\n\t\t<!-- All in One SEO -->\n\n","aioseo_head_json":{"title":"Fegyverkez\u00e9s pozit\u00edv hat\u00e1sa a gazdas\u00e1gra","description":"N\u00e9metorsz\u00e1g t\u00f6bbsz\u00e1z eur\u00f3t k\u00f6lt majd fegyverkez\u00e9sre, s az elemz\u0151k szerint ez valamilyen m\u00e9rt\u00e9kben j\u00f3 lesz a magyar gazdas\u00e1gnak is","canonical_url":"https:\/\/allasorias.hu\/hirek\/a-fegyverkezes-jo-a-magyar-gazdasagnak\/","robots":"max-image-preview:large","keywords":"n\u00e9met fegyverkez\u00e9s,n\u00e9metorsz\u00e1g","webmasterTools":{"miscellaneous":""},"schema":{"@context":"https:\/\/schema.org","@graph":[{"@type":"Article","@id":"https:\/\/allasorias.hu\/hirek\/a-fegyverkezes-jo-a-magyar-gazdasagnak\/#article","name":"Fegyverkez\u00e9s pozit\u00edv hat\u00e1sa a gazdas\u00e1gra","headline":"A fegyverkez\u00e9s j\u00f3 a magyar gazdas\u00e1gnak","author":{"@id":"https:\/\/allasorias.hu\/hirek\/author\/admin-allasorias\/#author"},"publisher":{"@id":"https:\/\/allasorias.hu\/hirek\/#organization"},"image":{"@type":"ImageObject","url":"https:\/\/allasorias.hu\/hirek\/wp-content\/uploads\/2025\/03\/nemet-fegyverkezes.jpg","width":1920,"height":1280,"caption":"A fegyverkez\u00e9s j\u00f3 a magyar gazdas\u00e1gnak - Allasorias.hu\/Hirek"},"datePublished":"2025-03-10T13:54:39+02:00","dateModified":"2025-05-09T09:39:40+02:00","inLanguage":"hu-HU","mainEntityOfPage":{"@id":"https:\/\/allasorias.hu\/hirek\/a-fegyverkezes-jo-a-magyar-gazdasagnak\/#webpage"},"isPartOf":{"@id":"https:\/\/allasorias.hu\/hirek\/a-fegyverkezes-jo-a-magyar-gazdasagnak\/#webpage"},"articleSection":"Gazdas\u00e1g, N\u00e9met fegyverkez\u00e9s, N\u00e9metorsz\u00e1g"},{"@type":"BreadcrumbList","@id":"https:\/\/allasorias.hu\/hirek\/a-fegyverkezes-jo-a-magyar-gazdasagnak\/#breadcrumblist","itemListElement":[{"@type":"ListItem","@id":"https:\/\/allasorias.hu\/hirek#listItem","position":1,"name":"Home","item":"https:\/\/allasorias.hu\/hirek","nextItem":{"@type":"ListItem","@id":"https:\/\/allasorias.hu\/hirek\/temak\/gazdasag\/#listItem","name":"Gazdas\u00e1g"}},{"@type":"ListItem","@id":"https:\/\/allasorias.hu\/hirek\/temak\/gazdasag\/#listItem","position":2,"name":"Gazdas\u00e1g","item":"https:\/\/allasorias.hu\/hirek\/temak\/gazdasag\/","nextItem":{"@type":"ListItem","@id":"https:\/\/allasorias.hu\/hirek\/a-fegyverkezes-jo-a-magyar-gazdasagnak\/#listItem","name":"A fegyverkez\u00e9s j\u00f3 a magyar gazdas\u00e1gnak"},"previousItem":{"@type":"ListItem","@id":"https:\/\/allasorias.hu\/hirek#listItem","name":"Home"}},{"@type":"ListItem","@id":"https:\/\/allasorias.hu\/hirek\/a-fegyverkezes-jo-a-magyar-gazdasagnak\/#listItem","position":3,"name":"A fegyverkez\u00e9s j\u00f3 a magyar gazdas\u00e1gnak","previousItem":{"@type":"ListItem","@id":"https:\/\/allasorias.hu\/hirek\/temak\/gazdasag\/#listItem","name":"Gazdas\u00e1g"}}]},{"@type":"Organization","@id":"https:\/\/allasorias.hu\/hirek\/#organization","name":"AllasOrias.hu | H\u00edrek-lapszemle","description":"\u00dczleti h\u00edrek az \u00e1ll\u00e1s \u00e9s a munka vil\u00e1g\u00e1b\u00f3l","url":"https:\/\/allasorias.hu\/hirek\/","logo":{"@type":"ImageObject","url":"https:\/\/allasorias.hu\/hirek\/wp-content\/uploads\/2022\/10\/allasorias_site_facebok_logo.png","@id":"https:\/\/allasorias.hu\/hirek\/a-fegyverkezes-jo-a-magyar-gazdasagnak\/#organizationLogo"},"image":{"@id":"https:\/\/allasorias.hu\/hirek\/a-fegyverkezes-jo-a-magyar-gazdasagnak\/#organizationLogo"},"sameAs":["https:\/\/www.facebook.com\/allasorias","https:\/\/www.linkedin.com\/company\/allasorias"]},{"@type":"Person","@id":"https:\/\/allasorias.hu\/hirek\/author\/admin-allasorias\/#author","url":"https:\/\/allasorias.hu\/hirek\/author\/admin-allasorias\/","name":"Juh\u00e1sz P\u00e9ter","image":{"@type":"ImageObject","@id":"https:\/\/allasorias.hu\/hirek\/a-fegyverkezes-jo-a-magyar-gazdasagnak\/#authorImage","url":"https:\/\/secure.gravatar.com\/avatar\/36e6bcb83148978b992977cb0f54d22feb0cce8a0a849a9410532bb2623ba4c6?s=96&d=mm&r=g","width":96,"height":96,"caption":"Juh\u00e1sz P\u00e9ter"}},{"@type":"WebPage","@id":"https:\/\/allasorias.hu\/hirek\/a-fegyverkezes-jo-a-magyar-gazdasagnak\/#webpage","url":"https:\/\/allasorias.hu\/hirek\/a-fegyverkezes-jo-a-magyar-gazdasagnak\/","name":"Fegyverkez\u00e9s pozit\u00edv hat\u00e1sa a gazdas\u00e1gra","description":"N\u00e9metorsz\u00e1g t\u00f6bbsz\u00e1z eur\u00f3t k\u00f6lt majd fegyverkez\u00e9sre, s az elemz\u0151k szerint ez valamilyen m\u00e9rt\u00e9kben j\u00f3 lesz a magyar gazdas\u00e1gnak is","inLanguage":"hu-HU","isPartOf":{"@id":"https:\/\/allasorias.hu\/hirek\/#website"},"breadcrumb":{"@id":"https:\/\/allasorias.hu\/hirek\/a-fegyverkezes-jo-a-magyar-gazdasagnak\/#breadcrumblist"},"author":{"@id":"https:\/\/allasorias.hu\/hirek\/author\/admin-allasorias\/#author"},"creator":{"@id":"https:\/\/allasorias.hu\/hirek\/author\/admin-allasorias\/#author"},"image":{"@type":"ImageObject","url":"https:\/\/allasorias.hu\/hirek\/wp-content\/uploads\/2025\/03\/nemet-fegyverkezes.jpg","@id":"https:\/\/allasorias.hu\/hirek\/a-fegyverkezes-jo-a-magyar-gazdasagnak\/#mainImage","width":1920,"height":1280,"caption":"A fegyverkez\u00e9s j\u00f3 a magyar gazdas\u00e1gnak - Allasorias.hu\/Hirek"},"primaryImageOfPage":{"@id":"https:\/\/allasorias.hu\/hirek\/a-fegyverkezes-jo-a-magyar-gazdasagnak\/#mainImage"},"datePublished":"2025-03-10T13:54:39+02:00","dateModified":"2025-05-09T09:39:40+02:00"},{"@type":"WebSite","@id":"https:\/\/allasorias.hu\/hirek\/#website","url":"https:\/\/allasorias.hu\/hirek\/","name":"AllasOrias.hu | H\u00edrek-lapszemle","description":"\u00dczleti h\u00edrek az \u00e1ll\u00e1s \u00e9s a munka vil\u00e1g\u00e1b\u00f3l","inLanguage":"hu-HU","publisher":{"@id":"https:\/\/allasorias.hu\/hirek\/#organization"}}]},"og:locale":"hu_HU","og:site_name":"AllasOrias.hu | H\u00edrek-lapszemle | \u00dczleti h\u00edrek az \u00e1ll\u00e1s \u00e9s a munka vil\u00e1g\u00e1b\u00f3l","og:type":"article","og:title":"Fegyverkez\u00e9s pozit\u00edv hat\u00e1sa a gazdas\u00e1gra","og:description":"N\u00e9metorsz\u00e1g t\u00f6bbsz\u00e1z eur\u00f3t k\u00f6lt majd fegyverkez\u00e9sre, s az elemz\u0151k szerint ez valamilyen m\u00e9rt\u00e9kben j\u00f3 lesz a magyar gazdas\u00e1gnak is","og:url":"https:\/\/allasorias.hu\/hirek\/a-fegyverkezes-jo-a-magyar-gazdasagnak\/","og:image":"https:\/\/allasorias.hu\/hirek\/wp-content\/uploads\/2025\/03\/nemet-fegyverkezes.jpg","og:image:secure_url":"https:\/\/allasorias.hu\/hirek\/wp-content\/uploads\/2025\/03\/nemet-fegyverkezes.jpg","og:image:width":1920,"og:image:height":1280,"article:published_time":"2025-03-10T11:54:39+00:00","article:modified_time":"2025-05-09T07:39:40+00:00","article:publisher":"https:\/\/www.facebook.com\/allasorias","twitter:card":"summary_large_image","twitter:title":"Fegyverkez\u00e9s pozit\u00edv hat\u00e1sa a gazdas\u00e1gra","twitter:description":"N\u00e9metorsz\u00e1g t\u00f6bbsz\u00e1z eur\u00f3t k\u00f6lt majd fegyverkez\u00e9sre, s az elemz\u0151k szerint ez valamilyen m\u00e9rt\u00e9kben j\u00f3 lesz a magyar gazdas\u00e1gnak is","twitter:image":"https:\/\/allasorias.hu\/hirek\/wp-content\/uploads\/2025\/03\/nemet-fegyverkezes.jpg","twitter:label1":"Written by","twitter:data1":"Juh\u00e1sz P\u00e9ter","twitter:label2":"Est. reading time","twitter:data2":"3 minutes"},"aioseo_meta_data":{"post_id":"8249","title":"Fegyverkez\u00e9s pozit\u00edv hat\u00e1sa a gazdas\u00e1gra","description":"N\u00e9metorsz\u00e1g t\u00f6bbsz\u00e1z eur\u00f3t k\u00f6lt majd fegyverkez\u00e9sre, s az elemz\u0151k szerint ez valamilyen m\u00e9rt\u00e9kben j\u00f3 lesz a magyar gazdas\u00e1gnak is","keywords":null,"keyphrases":{"focus":{"keyphrase":"","score":0,"analysis":{"keyphraseInTitle":{"score":0,"maxScore":9,"error":1}}},"additional":[]},"primary_term":null,"canonical_url":null,"og_title":null,"og_description":null,"og_object_type":"default","og_image_type":"default","og_image_url":null,"og_image_width":null,"og_image_height":null,"og_image_custom_url":null,"og_image_custom_fields":null,"og_video":"","og_custom_url":null,"og_article_section":null,"og_article_tags":null,"twitter_use_og":true,"twitter_card":"default","twitter_image_type":"default","twitter_image_url":null,"twitter_image_custom_url":null,"twitter_image_custom_fields":null,"twitter_title":null,"twitter_description":null,"schema":{"blockGraphs":[],"customGraphs":[],"default":{"data":{"Article":[],"Course":[],"Dataset":[],"FAQPage":[],"Movie":[],"Person":[],"Product":[],"ProductReview":[],"Car":[],"Recipe":[],"Service":[],"SoftwareApplication":[],"WebPage":[]},"graphName":"Article","isEnabled":true},"graphs":[]},"schema_type":"default","schema_type_options":null,"pillar_content":false,"robots_default":true,"robots_noindex":false,"robots_noarchive":false,"robots_nosnippet":false,"robots_nofollow":false,"robots_noimageindex":false,"robots_noodp":false,"robots_notranslate":false,"robots_max_snippet":"-1","robots_max_videopreview":"-1","robots_max_imagepreview":"large","priority":null,"frequency":"default","location":null,"local_seo":null,"breadcrumb_settings":null,"limit_modified_date":false,"ai":null,"created":"2025-03-11 11:54:39","updated":"2025-10-02 21:00:54","seo_analyzer_scan_date":null,"focus_keyword":null,"additional_keywords":null,"truseo_locale":null},"aioseo_breadcrumb":"<div class=\"aioseo-breadcrumbs\"><span class=\"aioseo-breadcrumb\">\n\t\t\t<a href=\"https:\/\/allasorias.hu\/hirek\" title=\"Home\">Home<\/a>\n\t\t<\/span><span class=\"aioseo-breadcrumb-separator\">&raquo;<\/span><span class=\"aioseo-breadcrumb\">\n\t\t\t<a href=\"https:\/\/allasorias.hu\/hirek\/temak\/gazdasag\/\" title=\"Gazdas\u00e1g\">Gazdas\u00e1g<\/a>\n\t\t<\/span><span class=\"aioseo-breadcrumb-separator\">&raquo;<\/span><span class=\"aioseo-breadcrumb\">\n\t\t\tA fegyverkez\u00e9s j\u00f3 a magyar gazdas\u00e1gnak\n\t\t<\/span><\/div>","aioseo_breadcrumb_json":[{"label":"Home","link":"https:\/\/allasorias.hu\/hirek"},{"label":"Gazdas\u00e1g","link":"https:\/\/allasorias.hu\/hirek\/temak\/gazdasag\/"},{"label":"A fegyverkez\u00e9s j\u00f3 a magyar gazdas\u00e1gnak","link":"https:\/\/allasorias.hu\/hirek\/a-fegyverkezes-jo-a-magyar-gazdasagnak\/"}],"_links":{"self":[{"href":"https:\/\/allasorias.hu\/hirek\/wp-json\/wp\/v2\/posts\/8249","targetHints":{"allow":["GET"]}}],"collection":[{"href":"https:\/\/allasorias.hu\/hirek\/wp-json\/wp\/v2\/posts"}],"about":[{"href":"https:\/\/allasorias.hu\/hirek\/wp-json\/wp\/v2\/types\/post"}],"author":[{"embeddable":true,"href":"https:\/\/allasorias.hu\/hirek\/wp-json\/wp\/v2\/users\/1"}],"replies":[{"embeddable":true,"href":"https:\/\/allasorias.hu\/hirek\/wp-json\/wp\/v2\/comments?post=8249"}],"version-history":[{"count":1,"href":"https:\/\/allasorias.hu\/hirek\/wp-json\/wp\/v2\/posts\/8249\/revisions"}],"predecessor-version":[{"id":8251,"href":"https:\/\/allasorias.hu\/hirek\/wp-json\/wp\/v2\/posts\/8249\/revisions\/8251"}],"wp:featuredmedia":[{"embeddable":true,"href":"https:\/\/allasorias.hu\/hirek\/wp-json\/wp\/v2\/media\/8250"}],"wp:attachment":[{"href":"https:\/\/allasorias.hu\/hirek\/wp-json\/wp\/v2\/media?parent=8249"}],"wp:term":[{"taxonomy":"category","embeddable":true,"href":"https:\/\/allasorias.hu\/hirek\/wp-json\/wp\/v2\/categories?post=8249"},{"taxonomy":"post_tag","embeddable":true,"href":"https:\/\/allasorias.hu\/hirek\/wp-json\/wp\/v2\/tags?post=8249"}],"curies":[{"name":"wp","href":"https:\/\/api.w.org\/{rel}","templated":true}]}}