{"id":8238,"date":"2025-03-05T15:25:00","date_gmt":"2025-03-05T13:25:00","guid":{"rendered":"https:\/\/allasorias.hu\/hirek\/?p=8238"},"modified":"2025-05-09T14:43:33","modified_gmt":"2025-05-09T12:43:33","slug":"konnyebb-lesz-mezogazdasagi-munkat-vallalni","status":"publish","type":"post","link":"https:\/\/allasorias.hu\/hirek\/konnyebb-lesz-mezogazdasagi-munkat-vallalni\/","title":{"rendered":"K\u00f6nnyebb lesz mez\u0151gazdas\u00e1gi munk\u00e1t v\u00e1llalni"},"content":{"rendered":"<p><strong>A mez\u0151gazdas\u00e1gi id\u00e9nymunk\u00e1t v\u00e1llal\u00f3knak is kedvez egy \u00faj szab\u00e1lyoz\u00e1s. A parlament hamarosan t\u00e1rgyalja az \u00faj tervezetet, ami mindk\u00e9t f\u00e9lnek, a munkaad\u00f3knak \u00e9s a munkav\u00e1llal\u00f3knak is kedvez.<\/strong><\/p>\n<p>A Nemzetgazdas\u00e1gi Miniszt\u00e9rium (NGM) fel\u00fclvizsg\u00e1lta az egyszer\u0171s\u00edtett foglalkoztat\u00e1s szigor\u00edtott szab\u00e1lyoz\u00e1s\u00e1t a mez\u0151gazdas\u00e1gi munkav\u00e9gz\u00e9s eset\u00e9ben \u2013 k\u00f6z\u00f6lte a Nemzetgazdas\u00e1gi Miniszt\u00e9rium (NGM) az MTI-vel. Mint arr\u00f3l kor\u00e1bban besz\u00e1moltunk, v\u00e1ltoztak az egyszer\u0171s\u00edtett foglalkoztat\u00e1s szab\u00e1lyai. A d\u00f6nt\u00e9s nagy felh\u00e1borod\u00e1st v\u00e1ltott ki, els\u0151sorban a z\u00f6lds\u00e9g- \u00e9s gy\u00fcm\u00f6lcstermeszt\u00e9sben okozott p\u00e1nikot, ugyanis itt foglalkoztatj\u00e1k a legt\u00f6bb id\u00e9nymunk\u00e1st.<\/p>\n<h2>\u00daj szab\u00e1lyok<\/h2>\n<p>2026. janu\u00e1r elsej\u00e9t\u0151l az ilyen form\u00e1ban ledolgozhat\u00f3 munkanapok sz\u00e1ma a jelenlegi legfeljebb sz\u00e1zh\u00fasz napon fel\u00fcl m\u00e9g kilencven nappal eg\u00e9sz\u00fclhet ki, az emelt munkanapok sz\u00e1m\u00e1ra vonatkoz\u00f3an magasabb k\u00f6zteher fizet\u00e9se mellett. A m\u00f3dos\u00edt\u00e1s \u00e9rinteni fogja az alkalmi munka szab\u00e1lyoz\u00e1s\u00e1t is, a j\u00f6v\u0151ben nem lesz korl\u00e1t, hogy egy munk\u00e1ltat\u00f3n\u00e1l csak 90 napot dolgozhat a munkav\u00e1llal\u00f3 alkalmi munkav\u00e9gz\u00e9s keret\u00e9ben.<\/p>\n<p>Az egyszer\u0171s\u00edtett munkav\u00e1llal\u00e1s napid\u00edja a mez\u0151gazdas\u00e1gi id\u00e9nymunka eset\u00e9n 120 napig napi 2200 forint, a 120 nap feletti alkalmaz\u00e1s eset\u00e9n napi 3300 forintba fog ker\u00fclni az id\u00e9nymunk\u00e1s foglalkoztat\u00e1sa- \u00edrt\u00e1k. A k\u00f6zlem\u00e9ny szerint a korm\u00e1ny folyamatosan figyeli a munkaer\u0151piaci folyamatokat, annak szab\u00e1lyoz\u00e1s\u00e1t \u00fagy alak\u00edtja ki, hogy a munkav\u00e1llal\u00f3k \u00e9s munk\u00e1ltat\u00f3k \u00e9rdekeit is \u00e9rdemben figyelembe veszi. Tavaly 20 \u00e9s 44 ezer f\u0151 k\u00f6z\u00f6tt mozgott a mez\u0151gazdas\u00e1gi id\u00e9nymunk\u00e1ra bejelentettek sz\u00e1ma, a 120 nap feletti munkav\u00e9gz\u00e9si ig\u00e9nnyel \u00e9rintett l\u00e9tsz\u00e1m mintegy 4500 f\u0151t tett ki, ami indokolja az agr\u00e1r\u00e1gazat eset\u00e9n a szab\u00e1lyoz\u00e1s k\u00f6nny\u00edt\u00e9s\u00e9t.<\/p>\n<h2>El kell kere\u00fclni a vissza\u00e9l\u00e9seket<\/h2>\n<p>Az egyszer\u0171s\u00edtett foglalkoztat\u00e1s kor\u00e1bbi m\u00f3dos\u00edt\u00e1s\u00e1ra az\u00e9rt ker\u00fclt sor, mert a foglalkoztat\u00e1si adatok azt mutatj\u00e1k, hogy ez a foglalkoztat\u00e1si forma t\u00fals\u00e1gosan elterjedt a munkaviszony rov\u00e1s\u00e1ra, mivel az eredetileg alkalmi jelleg\u0171, illetve id\u00e9nyjelleg\u0171 foglalkoztat\u00e1s rugalmas szab\u00e1lyoz\u00e1s\u00e1t egyes foglalkoztat\u00f3k gyakran a rendes munkaviszonyban t\u00f6rt\u00e9n\u0151 foglalkoztat\u00e1s kiv\u00e1lt\u00e1s\u00e1ra haszn\u00e1lj\u00e1k. Az egyszer\u0171s\u00edtett foglalkoztat\u00e1s t\u00f6bb mint t\u00edz \u00e9vvel ezel\u0151tti bevezet\u00e9s\u00e9n\u00e9l a korm\u00e1ny n\u00e9h\u00e1ny t\u00edzezer f\u0151vel sz\u00e1molt, ugyanakkor 2024-ben \u00e1tlagosan t\u00f6bb mint 300 ezer f\u0151 dolgozott ebben a foglalkoztat\u00e1si form\u00e1ban.<\/p>\n<p>Egy munkaalap\u00fa t\u00e1rsadalomban a munka megbecs\u00fcl\u00e9se els\u0151dleges, \u00edgy nem engedhet\u0151 meg, hogy magyar munkav\u00e1llal\u00f3k hossz\u00fa \u00e9vek egybef\u00fcgg\u0151 munkav\u00e9gz\u00e9se ut\u00e1n ne min\u0151s\u00fcljenek t\u00e1rsadalombiztos\u00edt\u00e1si szempontb\u00f3l biztos\u00edtottnak az\u00e9rt, mert bizonyos foglalkoztat\u00f3k vissza\u00e9l\u00e9sszer\u0171en alkalmazz\u00e1k a hat\u00e1lyos jogszab\u00e1lyokat, \u00edgy szerezve versenyel\u0151nyt a tisztess\u00e9gesen foglalkoztat\u00f3 jogk\u00f6vet\u0151 v\u00e1llalkoz\u00e1sokkal szemben \u2013 tett\u00e9k hozz\u00e1.<\/p>\n<p>Az egyszer\u0171s\u00edtett foglalkoztat\u00e1s jogint\u00e9zm\u00e9nye kiv\u00e1l\u00f3 eszk\u00f6z a rugalmas foglalkoztat\u00e1si ig\u00e9nyek kiel\u00e9g\u00edt\u00e9s\u00e9re, de annak vissza\u00e9l\u00e9sszer\u0171 felhaszn\u00e1l\u00e1sa minden szerepl\u0151, azaz a munkav\u00e1llal\u00f3, a tisztess\u00e9ges jogk\u00f6vet\u0151 foglalkoztat\u00f3, \u00e9s az \u00e1llam \u00e9rdekeivel is ellent\u00e9tes. Az NGM az agr\u00e1riumban tervezett m\u00f3dos\u00edt\u00e1s\u00e1t a Parlament tavaszi \u00fcl\u00e9sszaka alatt fogja beny\u00fajtani \u2013 olvashat\u00f3 a k\u00f6zlem\u00e9nyben.<\/p>\n<p>Forr\u00e1s: <a href=\"https:\/\/www.hrportal.hu\/c\/jo-hir-a-mezogazdasagnak-enyhitenek-az-egyszerusitett-foglalkoztatas-szabalyain-20250304.html\" target=\"_blank\" rel=\"nofollow noopener noreferrer\">hrportal.hu<\/a><\/p>\n","protected":false},"excerpt":{"rendered":"<p>A mez\u0151gazdas\u00e1gi id\u00e9nymunk\u00e1t v\u00e1llal\u00f3knak is kedvez egy \u00faj szab\u00e1lyoz\u00e1s. A parlament hamarosan t\u00e1rgyalja az \u00faj tervezetet, ami mindk\u00e9t f\u00e9lnek, a munkaad\u00f3knak \u00e9s a munkav\u00e1llal\u00f3knak is kedvez. A Nemzetgazdas\u00e1gi Miniszt\u00e9rium (NGM) fel\u00fclvizsg\u00e1lta az egyszer\u0171s\u00edtett foglalkoztat\u00e1s szigor\u00edtott szab\u00e1lyoz\u00e1s\u00e1t a mez\u0151gazdas\u00e1gi munkav\u00e9gz\u00e9s eset\u00e9ben \u2013 k\u00f6z\u00f6lte a Nemzetgazdas\u00e1gi Miniszt\u00e9rium (NGM) az MTI-vel. Mint arr\u00f3l kor\u00e1bban besz\u00e1moltunk, v\u00e1ltoztak az egyszer\u0171s\u00edtett [&hellip;]<\/p>\n","protected":false},"author":1,"featured_media":8239,"comment_status":"closed","ping_status":"closed","sticky":false,"template":"","format":"standard","meta":{"_monsterinsights_skip_tracking":false,"footnotes":""},"categories":[200],"tags":[888,458],"class_list":["post-8238","post","type-post","status-publish","format-standard","has-post-thumbnail","hentry","category-munkaeropiac","tag-egyszerusitett-foglalkoztatas","tag-mezogazdasag"],"aioseo_notices":[],"aioseo_head":"\n\t\t<!-- All in One SEO 5.0.0.1 - aioseo.com -->\n\t<meta name=\"description\" content=\"A mez\u0151gazdas\u00e1gi id\u00e9nymunk\u00e1t v\u00e1llal\u00f3knak is kedvez egy \u00faj szab\u00e1lyoz\u00e1s. A parlament hamarosan t\u00e1rgyalja az \u00faj tervezetet, ami a munkaad\u00f3knak \u00e9s a munkav\u00e1llal\u00f3knak is kedvez.\" \/>\n\t<meta name=\"robots\" content=\"max-image-preview:large\" \/>\n\t<meta name=\"author\" content=\"Juh\u00e1sz P\u00e9ter\"\/>\n\t<meta name=\"keywords\" content=\"egyszer\u0171s\u00edtett foglalkoztat\u00e1s,mez\u0151gazdas\u00e1g\" \/>\n\t<link rel=\"canonical\" href=\"https:\/\/allasorias.hu\/hirek\/konnyebb-lesz-mezogazdasagi-munkat-vallalni\/\" \/>\n\t<meta name=\"generator\" content=\"All in One SEO (AIOSEO) 5.0.0.1\" \/>\n\t\t<meta property=\"og:locale\" content=\"hu_HU\" \/>\n\t\t<meta property=\"og:site_name\" content=\"AllasOrias.hu | H\u00edrek-lapszemle | \u00dczleti h\u00edrek az \u00e1ll\u00e1s \u00e9s a munka vil\u00e1g\u00e1b\u00f3l\" \/>\n\t\t<meta property=\"og:type\" content=\"article\" \/>\n\t\t<meta property=\"og:title\" content=\"Mez\u0151gazdas\u00e1gi munkav\u00e1llal\u00e1s k\u00f6nnyebb\u00e9 v\u00e1lik\" \/>\n\t\t<meta property=\"og:description\" content=\"A mez\u0151gazdas\u00e1gi id\u00e9nymunk\u00e1t v\u00e1llal\u00f3knak is kedvez egy \u00faj szab\u00e1lyoz\u00e1s. A parlament hamarosan t\u00e1rgyalja az \u00faj tervezetet, ami a munkaad\u00f3knak \u00e9s a munkav\u00e1llal\u00f3knak is kedvez.\" \/>\n\t\t<meta property=\"og:url\" content=\"https:\/\/allasorias.hu\/hirek\/konnyebb-lesz-mezogazdasagi-munkat-vallalni\/\" \/>\n\t\t<meta property=\"og:image\" content=\"https:\/\/allasorias.hu\/hirek\/wp-content\/uploads\/2025\/03\/mezogazdasagi-munkak.jpg\" \/>\n\t\t<meta property=\"og:image:secure_url\" content=\"https:\/\/allasorias.hu\/hirek\/wp-content\/uploads\/2025\/03\/mezogazdasagi-munkak.jpg\" \/>\n\t\t<meta property=\"og:image:width\" content=\"1920\" \/>\n\t\t<meta property=\"og:image:height\" content=\"1280\" \/>\n\t\t<meta property=\"article:published_time\" content=\"2025-03-05T13:25:00+00:00\" \/>\n\t\t<meta property=\"article:modified_time\" content=\"2025-05-09T12:43:33+00:00\" \/>\n\t\t<meta property=\"article:publisher\" content=\"https:\/\/www.facebook.com\/allasorias\" \/>\n\t\t<meta name=\"twitter:card\" content=\"summary_large_image\" \/>\n\t\t<meta name=\"twitter:title\" content=\"Mez\u0151gazdas\u00e1gi munkav\u00e1llal\u00e1s k\u00f6nnyebb\u00e9 v\u00e1lik\" \/>\n\t\t<meta name=\"twitter:description\" content=\"A mez\u0151gazdas\u00e1gi id\u00e9nymunk\u00e1t v\u00e1llal\u00f3knak is kedvez egy \u00faj szab\u00e1lyoz\u00e1s. A parlament hamarosan t\u00e1rgyalja az \u00faj tervezetet, ami a munkaad\u00f3knak \u00e9s a munkav\u00e1llal\u00f3knak is kedvez.\" \/>\n\t\t<meta name=\"twitter:image\" content=\"https:\/\/allasorias.hu\/hirek\/wp-content\/uploads\/2025\/03\/mezogazdasagi-munkak.jpg\" \/>\n\t\t<meta name=\"twitter:label1\" content=\"Written by\" \/>\n\t\t<meta name=\"twitter:data1\" content=\"Juh\u00e1sz P\u00e9ter\" \/>\n\t\t<meta name=\"twitter:label2\" content=\"Est. reading time\" \/>\n\t\t<meta name=\"twitter:data2\" content=\"3 minutes\" \/>\n\t\t<script type=\"application\/ld+json\" class=\"aioseo-schema\">\n\t\t\t{\"@context\":\"https:\\\/\\\/schema.org\",\"@graph\":[{\"@type\":\"Article\",\"@id\":\"https:\\\/\\\/allasorias.hu\\\/hirek\\\/konnyebb-lesz-mezogazdasagi-munkat-vallalni\\\/#article\",\"name\":\"Mez\\u0151gazdas\\u00e1gi munkav\\u00e1llal\\u00e1s k\\u00f6nnyebb\\u00e9 v\\u00e1lik\",\"headline\":\"K\\u00f6nnyebb lesz mez\\u0151gazdas\\u00e1gi munk\\u00e1t v\\u00e1llalni\",\"author\":{\"@id\":\"https:\\\/\\\/allasorias.hu\\\/hirek\\\/author\\\/admin-allasorias\\\/#author\"},\"publisher\":{\"@id\":\"https:\\\/\\\/allasorias.hu\\\/hirek\\\/#organization\"},\"image\":{\"@type\":\"ImageObject\",\"url\":\"https:\\\/\\\/allasorias.hu\\\/hirek\\\/wp-content\\\/uploads\\\/2025\\\/03\\\/mezogazdasagi-munkak.jpg\",\"width\":1920,\"height\":1280,\"caption\":\"K\\u00f6nnyebb lesz mez\\u0151gazdas\\u00e1gi munk\\u00e1t v\\u00e1llalni - Allasorias.hu\\\/Hirek\"},\"datePublished\":\"2025-03-05T15:25:00+02:00\",\"dateModified\":\"2025-05-09T14:43:33+02:00\",\"inLanguage\":\"hu-HU\",\"mainEntityOfPage\":{\"@id\":\"https:\\\/\\\/allasorias.hu\\\/hirek\\\/konnyebb-lesz-mezogazdasagi-munkat-vallalni\\\/#webpage\"},\"isPartOf\":{\"@id\":\"https:\\\/\\\/allasorias.hu\\\/hirek\\\/konnyebb-lesz-mezogazdasagi-munkat-vallalni\\\/#webpage\"},\"articleSection\":\"Munkaer\\u0151piac, egyszer\\u0171s\\u00edtett foglalkoztat\\u00e1s, mez\\u0151gazdas\\u00e1g\"},{\"@type\":\"BreadcrumbList\",\"@id\":\"https:\\\/\\\/allasorias.hu\\\/hirek\\\/konnyebb-lesz-mezogazdasagi-munkat-vallalni\\\/#breadcrumblist\",\"itemListElement\":[{\"@type\":\"ListItem\",\"@id\":\"https:\\\/\\\/allasorias.hu\\\/hirek#listItem\",\"position\":1,\"name\":\"Home\",\"item\":\"https:\\\/\\\/allasorias.hu\\\/hirek\",\"nextItem\":{\"@type\":\"ListItem\",\"@id\":\"https:\\\/\\\/allasorias.hu\\\/hirek\\\/temak\\\/munkaeropiac\\\/#listItem\",\"name\":\"Munkaer\\u0151piac\"}},{\"@type\":\"ListItem\",\"@id\":\"https:\\\/\\\/allasorias.hu\\\/hirek\\\/temak\\\/munkaeropiac\\\/#listItem\",\"position\":2,\"name\":\"Munkaer\\u0151piac\",\"item\":\"https:\\\/\\\/allasorias.hu\\\/hirek\\\/temak\\\/munkaeropiac\\\/\",\"nextItem\":{\"@type\":\"ListItem\",\"@id\":\"https:\\\/\\\/allasorias.hu\\\/hirek\\\/konnyebb-lesz-mezogazdasagi-munkat-vallalni\\\/#listItem\",\"name\":\"K\\u00f6nnyebb lesz mez\\u0151gazdas\\u00e1gi munk\\u00e1t v\\u00e1llalni\"},\"previousItem\":{\"@type\":\"ListItem\",\"@id\":\"https:\\\/\\\/allasorias.hu\\\/hirek#listItem\",\"name\":\"Home\"}},{\"@type\":\"ListItem\",\"@id\":\"https:\\\/\\\/allasorias.hu\\\/hirek\\\/konnyebb-lesz-mezogazdasagi-munkat-vallalni\\\/#listItem\",\"position\":3,\"name\":\"K\\u00f6nnyebb lesz mez\\u0151gazdas\\u00e1gi munk\\u00e1t v\\u00e1llalni\",\"previousItem\":{\"@type\":\"ListItem\",\"@id\":\"https:\\\/\\\/allasorias.hu\\\/hirek\\\/temak\\\/munkaeropiac\\\/#listItem\",\"name\":\"Munkaer\\u0151piac\"}}]},{\"@type\":\"Organization\",\"@id\":\"https:\\\/\\\/allasorias.hu\\\/hirek\\\/#organization\",\"name\":\"AllasOrias.hu | H\\u00edrek-lapszemle\",\"description\":\"\\u00dczleti h\\u00edrek az \\u00e1ll\\u00e1s \\u00e9s a munka vil\\u00e1g\\u00e1b\\u00f3l\",\"url\":\"https:\\\/\\\/allasorias.hu\\\/hirek\\\/\",\"logo\":{\"@type\":\"ImageObject\",\"url\":\"https:\\\/\\\/allasorias.hu\\\/hirek\\\/wp-content\\\/uploads\\\/2022\\\/10\\\/allasorias_site_facebok_logo.png\",\"@id\":\"https:\\\/\\\/allasorias.hu\\\/hirek\\\/konnyebb-lesz-mezogazdasagi-munkat-vallalni\\\/#organizationLogo\"},\"image\":{\"@id\":\"https:\\\/\\\/allasorias.hu\\\/hirek\\\/konnyebb-lesz-mezogazdasagi-munkat-vallalni\\\/#organizationLogo\"},\"sameAs\":[\"https:\\\/\\\/www.facebook.com\\\/allasorias\",\"https:\\\/\\\/www.linkedin.com\\\/company\\\/allasorias\"]},{\"@type\":\"Person\",\"@id\":\"https:\\\/\\\/allasorias.hu\\\/hirek\\\/author\\\/admin-allasorias\\\/#author\",\"url\":\"https:\\\/\\\/allasorias.hu\\\/hirek\\\/author\\\/admin-allasorias\\\/\",\"name\":\"Juh\\u00e1sz P\\u00e9ter\",\"image\":{\"@type\":\"ImageObject\",\"@id\":\"https:\\\/\\\/allasorias.hu\\\/hirek\\\/konnyebb-lesz-mezogazdasagi-munkat-vallalni\\\/#authorImage\",\"url\":\"https:\\\/\\\/secure.gravatar.com\\\/avatar\\\/36e6bcb83148978b992977cb0f54d22feb0cce8a0a849a9410532bb2623ba4c6?s=96&d=mm&r=g\",\"width\":96,\"height\":96,\"caption\":\"Juh\\u00e1sz P\\u00e9ter\"}},{\"@type\":\"WebPage\",\"@id\":\"https:\\\/\\\/allasorias.hu\\\/hirek\\\/konnyebb-lesz-mezogazdasagi-munkat-vallalni\\\/#webpage\",\"url\":\"https:\\\/\\\/allasorias.hu\\\/hirek\\\/konnyebb-lesz-mezogazdasagi-munkat-vallalni\\\/\",\"name\":\"Mez\\u0151gazdas\\u00e1gi munkav\\u00e1llal\\u00e1s k\\u00f6nnyebb\\u00e9 v\\u00e1lik\",\"description\":\"A mez\\u0151gazdas\\u00e1gi id\\u00e9nymunk\\u00e1t v\\u00e1llal\\u00f3knak is kedvez egy \\u00faj szab\\u00e1lyoz\\u00e1s. A parlament hamarosan t\\u00e1rgyalja az \\u00faj tervezetet, ami a munkaad\\u00f3knak \\u00e9s a munkav\\u00e1llal\\u00f3knak is kedvez.\",\"inLanguage\":\"hu-HU\",\"isPartOf\":{\"@id\":\"https:\\\/\\\/allasorias.hu\\\/hirek\\\/#website\"},\"breadcrumb\":{\"@id\":\"https:\\\/\\\/allasorias.hu\\\/hirek\\\/konnyebb-lesz-mezogazdasagi-munkat-vallalni\\\/#breadcrumblist\"},\"author\":{\"@id\":\"https:\\\/\\\/allasorias.hu\\\/hirek\\\/author\\\/admin-allasorias\\\/#author\"},\"creator\":{\"@id\":\"https:\\\/\\\/allasorias.hu\\\/hirek\\\/author\\\/admin-allasorias\\\/#author\"},\"image\":{\"@type\":\"ImageObject\",\"url\":\"https:\\\/\\\/allasorias.hu\\\/hirek\\\/wp-content\\\/uploads\\\/2025\\\/03\\\/mezogazdasagi-munkak.jpg\",\"@id\":\"https:\\\/\\\/allasorias.hu\\\/hirek\\\/konnyebb-lesz-mezogazdasagi-munkat-vallalni\\\/#mainImage\",\"width\":1920,\"height\":1280,\"caption\":\"K\\u00f6nnyebb lesz mez\\u0151gazdas\\u00e1gi munk\\u00e1t v\\u00e1llalni - Allasorias.hu\\\/Hirek\"},\"primaryImageOfPage\":{\"@id\":\"https:\\\/\\\/allasorias.hu\\\/hirek\\\/konnyebb-lesz-mezogazdasagi-munkat-vallalni\\\/#mainImage\"},\"datePublished\":\"2025-03-05T15:25:00+02:00\",\"dateModified\":\"2025-05-09T14:43:33+02:00\"},{\"@type\":\"WebSite\",\"@id\":\"https:\\\/\\\/allasorias.hu\\\/hirek\\\/#website\",\"url\":\"https:\\\/\\\/allasorias.hu\\\/hirek\\\/\",\"name\":\"AllasOrias.hu | H\\u00edrek-lapszemle\",\"description\":\"\\u00dczleti h\\u00edrek az \\u00e1ll\\u00e1s \\u00e9s a munka vil\\u00e1g\\u00e1b\\u00f3l\",\"inLanguage\":\"hu-HU\",\"publisher\":{\"@id\":\"https:\\\/\\\/allasorias.hu\\\/hirek\\\/#organization\"}}]}\n\t\t<\/script>\n\t\t<!-- All in One SEO -->\n\n","aioseo_head_json":{"title":"Mez\u0151gazdas\u00e1gi munkav\u00e1llal\u00e1s k\u00f6nnyebb\u00e9 v\u00e1lik","description":"A mez\u0151gazdas\u00e1gi id\u00e9nymunk\u00e1t v\u00e1llal\u00f3knak is kedvez egy \u00faj szab\u00e1lyoz\u00e1s. A parlament hamarosan t\u00e1rgyalja az \u00faj tervezetet, ami a munkaad\u00f3knak \u00e9s a munkav\u00e1llal\u00f3knak is kedvez.","canonical_url":"https:\/\/allasorias.hu\/hirek\/konnyebb-lesz-mezogazdasagi-munkat-vallalni\/","robots":"max-image-preview:large","keywords":"egyszer\u0171s\u00edtett foglalkoztat\u00e1s,mez\u0151gazdas\u00e1g","webmasterTools":{"miscellaneous":""},"schema":{"@context":"https:\/\/schema.org","@graph":[{"@type":"Article","@id":"https:\/\/allasorias.hu\/hirek\/konnyebb-lesz-mezogazdasagi-munkat-vallalni\/#article","name":"Mez\u0151gazdas\u00e1gi munkav\u00e1llal\u00e1s k\u00f6nnyebb\u00e9 v\u00e1lik","headline":"K\u00f6nnyebb lesz mez\u0151gazdas\u00e1gi munk\u00e1t v\u00e1llalni","author":{"@id":"https:\/\/allasorias.hu\/hirek\/author\/admin-allasorias\/#author"},"publisher":{"@id":"https:\/\/allasorias.hu\/hirek\/#organization"},"image":{"@type":"ImageObject","url":"https:\/\/allasorias.hu\/hirek\/wp-content\/uploads\/2025\/03\/mezogazdasagi-munkak.jpg","width":1920,"height":1280,"caption":"K\u00f6nnyebb lesz mez\u0151gazdas\u00e1gi munk\u00e1t v\u00e1llalni - Allasorias.hu\/Hirek"},"datePublished":"2025-03-05T15:25:00+02:00","dateModified":"2025-05-09T14:43:33+02:00","inLanguage":"hu-HU","mainEntityOfPage":{"@id":"https:\/\/allasorias.hu\/hirek\/konnyebb-lesz-mezogazdasagi-munkat-vallalni\/#webpage"},"isPartOf":{"@id":"https:\/\/allasorias.hu\/hirek\/konnyebb-lesz-mezogazdasagi-munkat-vallalni\/#webpage"},"articleSection":"Munkaer\u0151piac, egyszer\u0171s\u00edtett foglalkoztat\u00e1s, mez\u0151gazdas\u00e1g"},{"@type":"BreadcrumbList","@id":"https:\/\/allasorias.hu\/hirek\/konnyebb-lesz-mezogazdasagi-munkat-vallalni\/#breadcrumblist","itemListElement":[{"@type":"ListItem","@id":"https:\/\/allasorias.hu\/hirek#listItem","position":1,"name":"Home","item":"https:\/\/allasorias.hu\/hirek","nextItem":{"@type":"ListItem","@id":"https:\/\/allasorias.hu\/hirek\/temak\/munkaeropiac\/#listItem","name":"Munkaer\u0151piac"}},{"@type":"ListItem","@id":"https:\/\/allasorias.hu\/hirek\/temak\/munkaeropiac\/#listItem","position":2,"name":"Munkaer\u0151piac","item":"https:\/\/allasorias.hu\/hirek\/temak\/munkaeropiac\/","nextItem":{"@type":"ListItem","@id":"https:\/\/allasorias.hu\/hirek\/konnyebb-lesz-mezogazdasagi-munkat-vallalni\/#listItem","name":"K\u00f6nnyebb lesz mez\u0151gazdas\u00e1gi munk\u00e1t v\u00e1llalni"},"previousItem":{"@type":"ListItem","@id":"https:\/\/allasorias.hu\/hirek#listItem","name":"Home"}},{"@type":"ListItem","@id":"https:\/\/allasorias.hu\/hirek\/konnyebb-lesz-mezogazdasagi-munkat-vallalni\/#listItem","position":3,"name":"K\u00f6nnyebb lesz mez\u0151gazdas\u00e1gi munk\u00e1t v\u00e1llalni","previousItem":{"@type":"ListItem","@id":"https:\/\/allasorias.hu\/hirek\/temak\/munkaeropiac\/#listItem","name":"Munkaer\u0151piac"}}]},{"@type":"Organization","@id":"https:\/\/allasorias.hu\/hirek\/#organization","name":"AllasOrias.hu | H\u00edrek-lapszemle","description":"\u00dczleti h\u00edrek az \u00e1ll\u00e1s \u00e9s a munka vil\u00e1g\u00e1b\u00f3l","url":"https:\/\/allasorias.hu\/hirek\/","logo":{"@type":"ImageObject","url":"https:\/\/allasorias.hu\/hirek\/wp-content\/uploads\/2022\/10\/allasorias_site_facebok_logo.png","@id":"https:\/\/allasorias.hu\/hirek\/konnyebb-lesz-mezogazdasagi-munkat-vallalni\/#organizationLogo"},"image":{"@id":"https:\/\/allasorias.hu\/hirek\/konnyebb-lesz-mezogazdasagi-munkat-vallalni\/#organizationLogo"},"sameAs":["https:\/\/www.facebook.com\/allasorias","https:\/\/www.linkedin.com\/company\/allasorias"]},{"@type":"Person","@id":"https:\/\/allasorias.hu\/hirek\/author\/admin-allasorias\/#author","url":"https:\/\/allasorias.hu\/hirek\/author\/admin-allasorias\/","name":"Juh\u00e1sz P\u00e9ter","image":{"@type":"ImageObject","@id":"https:\/\/allasorias.hu\/hirek\/konnyebb-lesz-mezogazdasagi-munkat-vallalni\/#authorImage","url":"https:\/\/secure.gravatar.com\/avatar\/36e6bcb83148978b992977cb0f54d22feb0cce8a0a849a9410532bb2623ba4c6?s=96&d=mm&r=g","width":96,"height":96,"caption":"Juh\u00e1sz P\u00e9ter"}},{"@type":"WebPage","@id":"https:\/\/allasorias.hu\/hirek\/konnyebb-lesz-mezogazdasagi-munkat-vallalni\/#webpage","url":"https:\/\/allasorias.hu\/hirek\/konnyebb-lesz-mezogazdasagi-munkat-vallalni\/","name":"Mez\u0151gazdas\u00e1gi munkav\u00e1llal\u00e1s k\u00f6nnyebb\u00e9 v\u00e1lik","description":"A mez\u0151gazdas\u00e1gi id\u00e9nymunk\u00e1t v\u00e1llal\u00f3knak is kedvez egy \u00faj szab\u00e1lyoz\u00e1s. A parlament hamarosan t\u00e1rgyalja az \u00faj tervezetet, ami a munkaad\u00f3knak \u00e9s a munkav\u00e1llal\u00f3knak is kedvez.","inLanguage":"hu-HU","isPartOf":{"@id":"https:\/\/allasorias.hu\/hirek\/#website"},"breadcrumb":{"@id":"https:\/\/allasorias.hu\/hirek\/konnyebb-lesz-mezogazdasagi-munkat-vallalni\/#breadcrumblist"},"author":{"@id":"https:\/\/allasorias.hu\/hirek\/author\/admin-allasorias\/#author"},"creator":{"@id":"https:\/\/allasorias.hu\/hirek\/author\/admin-allasorias\/#author"},"image":{"@type":"ImageObject","url":"https:\/\/allasorias.hu\/hirek\/wp-content\/uploads\/2025\/03\/mezogazdasagi-munkak.jpg","@id":"https:\/\/allasorias.hu\/hirek\/konnyebb-lesz-mezogazdasagi-munkat-vallalni\/#mainImage","width":1920,"height":1280,"caption":"K\u00f6nnyebb lesz mez\u0151gazdas\u00e1gi munk\u00e1t v\u00e1llalni - Allasorias.hu\/Hirek"},"primaryImageOfPage":{"@id":"https:\/\/allasorias.hu\/hirek\/konnyebb-lesz-mezogazdasagi-munkat-vallalni\/#mainImage"},"datePublished":"2025-03-05T15:25:00+02:00","dateModified":"2025-05-09T14:43:33+02:00"},{"@type":"WebSite","@id":"https:\/\/allasorias.hu\/hirek\/#website","url":"https:\/\/allasorias.hu\/hirek\/","name":"AllasOrias.hu | H\u00edrek-lapszemle","description":"\u00dczleti h\u00edrek az \u00e1ll\u00e1s \u00e9s a munka vil\u00e1g\u00e1b\u00f3l","inLanguage":"hu-HU","publisher":{"@id":"https:\/\/allasorias.hu\/hirek\/#organization"}}]},"og:locale":"hu_HU","og:site_name":"AllasOrias.hu | H\u00edrek-lapszemle | \u00dczleti h\u00edrek az \u00e1ll\u00e1s \u00e9s a munka vil\u00e1g\u00e1b\u00f3l","og:type":"article","og:title":"Mez\u0151gazdas\u00e1gi munkav\u00e1llal\u00e1s k\u00f6nnyebb\u00e9 v\u00e1lik","og:description":"A mez\u0151gazdas\u00e1gi id\u00e9nymunk\u00e1t v\u00e1llal\u00f3knak is kedvez egy \u00faj szab\u00e1lyoz\u00e1s. A parlament hamarosan t\u00e1rgyalja az \u00faj tervezetet, ami a munkaad\u00f3knak \u00e9s a munkav\u00e1llal\u00f3knak is kedvez.","og:url":"https:\/\/allasorias.hu\/hirek\/konnyebb-lesz-mezogazdasagi-munkat-vallalni\/","og:image":"https:\/\/allasorias.hu\/hirek\/wp-content\/uploads\/2025\/03\/mezogazdasagi-munkak.jpg","og:image:secure_url":"https:\/\/allasorias.hu\/hirek\/wp-content\/uploads\/2025\/03\/mezogazdasagi-munkak.jpg","og:image:width":1920,"og:image:height":1280,"article:published_time":"2025-03-05T13:25:00+00:00","article:modified_time":"2025-05-09T12:43:33+00:00","article:publisher":"https:\/\/www.facebook.com\/allasorias","twitter:card":"summary_large_image","twitter:title":"Mez\u0151gazdas\u00e1gi munkav\u00e1llal\u00e1s k\u00f6nnyebb\u00e9 v\u00e1lik","twitter:description":"A mez\u0151gazdas\u00e1gi id\u00e9nymunk\u00e1t v\u00e1llal\u00f3knak is kedvez egy \u00faj szab\u00e1lyoz\u00e1s. A parlament hamarosan t\u00e1rgyalja az \u00faj tervezetet, ami a munkaad\u00f3knak \u00e9s a munkav\u00e1llal\u00f3knak is kedvez.","twitter:image":"https:\/\/allasorias.hu\/hirek\/wp-content\/uploads\/2025\/03\/mezogazdasagi-munkak.jpg","twitter:label1":"Written by","twitter:data1":"Juh\u00e1sz P\u00e9ter","twitter:label2":"Est. reading time","twitter:data2":"3 minutes"},"aioseo_meta_data":{"post_id":"8238","title":"Mez\u0151gazdas\u00e1gi munkav\u00e1llal\u00e1s k\u00f6nnyebb\u00e9 v\u00e1lik","description":"A mez\u0151gazdas\u00e1gi id\u00e9nymunk\u00e1t v\u00e1llal\u00f3knak is kedvez egy \u00faj szab\u00e1lyoz\u00e1s. A parlament hamarosan t\u00e1rgyalja az \u00faj tervezetet, ami a munkaad\u00f3knak \u00e9s a munkav\u00e1llal\u00f3knak is kedvez.","keywords":null,"keyphrases":{"focus":{"keyphrase":"","score":0,"analysis":{"keyphraseInTitle":{"score":0,"maxScore":9,"error":1}}},"additional":[]},"primary_term":null,"canonical_url":null,"og_title":null,"og_description":null,"og_object_type":"default","og_image_type":"default","og_image_url":null,"og_image_width":null,"og_image_height":null,"og_image_custom_url":null,"og_image_custom_fields":null,"og_video":"","og_custom_url":null,"og_article_section":null,"og_article_tags":null,"twitter_use_og":true,"twitter_card":"default","twitter_image_type":"default","twitter_image_url":null,"twitter_image_custom_url":null,"twitter_image_custom_fields":null,"twitter_title":null,"twitter_description":null,"schema":{"blockGraphs":[],"customGraphs":[],"default":{"data":{"Article":[],"Course":[],"Dataset":[],"FAQPage":[],"Movie":[],"Person":[],"Product":[],"ProductReview":[],"Car":[],"Recipe":[],"Service":[],"SoftwareApplication":[],"WebPage":[]},"graphName":"Article","isEnabled":true},"graphs":[]},"schema_type":"default","schema_type_options":null,"pillar_content":false,"robots_default":true,"robots_noindex":false,"robots_noarchive":false,"robots_nosnippet":false,"robots_nofollow":false,"robots_noimageindex":false,"robots_noodp":false,"robots_notranslate":false,"robots_max_snippet":"-1","robots_max_videopreview":"-1","robots_max_imagepreview":"large","priority":null,"frequency":"default","location":null,"local_seo":null,"breadcrumb_settings":null,"limit_modified_date":false,"ai":null,"created":"2025-03-05 13:12:55","updated":"2025-10-02 20:59:49","seo_analyzer_scan_date":null,"focus_keyword":null,"additional_keywords":null,"truseo_locale":null},"aioseo_breadcrumb":"<div class=\"aioseo-breadcrumbs\"><span class=\"aioseo-breadcrumb\">\n\t\t\t<a href=\"https:\/\/allasorias.hu\/hirek\" title=\"Home\">Home<\/a>\n\t\t<\/span><span class=\"aioseo-breadcrumb-separator\">&raquo;<\/span><span class=\"aioseo-breadcrumb\">\n\t\t\t<a href=\"https:\/\/allasorias.hu\/hirek\/temak\/munkaeropiac\/\" title=\"Munkaer\u0151piac\">Munkaer\u0151piac<\/a>\n\t\t<\/span><span class=\"aioseo-breadcrumb-separator\">&raquo;<\/span><span class=\"aioseo-breadcrumb\">\n\t\t\tK\u00f6nnyebb lesz mez\u0151gazdas\u00e1gi munk\u00e1t v\u00e1llalni\n\t\t<\/span><\/div>","aioseo_breadcrumb_json":[{"label":"Home","link":"https:\/\/allasorias.hu\/hirek"},{"label":"Munkaer\u0151piac","link":"https:\/\/allasorias.hu\/hirek\/temak\/munkaeropiac\/"},{"label":"K\u00f6nnyebb lesz mez\u0151gazdas\u00e1gi munk\u00e1t v\u00e1llalni","link":"https:\/\/allasorias.hu\/hirek\/konnyebb-lesz-mezogazdasagi-munkat-vallalni\/"}],"_links":{"self":[{"href":"https:\/\/allasorias.hu\/hirek\/wp-json\/wp\/v2\/posts\/8238","targetHints":{"allow":["GET"]}}],"collection":[{"href":"https:\/\/allasorias.hu\/hirek\/wp-json\/wp\/v2\/posts"}],"about":[{"href":"https:\/\/allasorias.hu\/hirek\/wp-json\/wp\/v2\/types\/post"}],"author":[{"embeddable":true,"href":"https:\/\/allasorias.hu\/hirek\/wp-json\/wp\/v2\/users\/1"}],"replies":[{"embeddable":true,"href":"https:\/\/allasorias.hu\/hirek\/wp-json\/wp\/v2\/comments?post=8238"}],"version-history":[{"count":2,"href":"https:\/\/allasorias.hu\/hirek\/wp-json\/wp\/v2\/posts\/8238\/revisions"}],"predecessor-version":[{"id":8434,"href":"https:\/\/allasorias.hu\/hirek\/wp-json\/wp\/v2\/posts\/8238\/revisions\/8434"}],"wp:featuredmedia":[{"embeddable":true,"href":"https:\/\/allasorias.hu\/hirek\/wp-json\/wp\/v2\/media\/8239"}],"wp:attachment":[{"href":"https:\/\/allasorias.hu\/hirek\/wp-json\/wp\/v2\/media?parent=8238"}],"wp:term":[{"taxonomy":"category","embeddable":true,"href":"https:\/\/allasorias.hu\/hirek\/wp-json\/wp\/v2\/categories?post=8238"},{"taxonomy":"post_tag","embeddable":true,"href":"https:\/\/allasorias.hu\/hirek\/wp-json\/wp\/v2\/tags?post=8238"}],"curies":[{"name":"wp","href":"https:\/\/api.w.org\/{rel}","templated":true}]}}