{"id":8222,"date":"2025-02-26T11:40:14","date_gmt":"2025-02-26T09:40:14","guid":{"rendered":"https:\/\/allasorias.hu\/hirek\/?p=8222"},"modified":"2025-05-13T13:15:46","modified_gmt":"2025-05-13T11:15:46","slug":"nemek-kozotti-berkulonbsegek-csokkentese-es-az-atlathatosag-a-cel","status":"publish","type":"post","link":"https:\/\/allasorias.hu\/hirek\/nemek-kozotti-berkulonbsegek-csokkentese-es-az-atlathatosag-a-cel\/","title":{"rendered":"Nemek k\u00f6z\u00f6tti b\u00e9rk\u00fcl\u00f6nbs\u00e9gek cs\u00f6kkent\u00e9se \u00e9s az \u00e1tl\u00e1that\u00f3s\u00e1g a c\u00e9l"},"content":{"rendered":"<p><strong>Egy kutat\u00e1s szerint Magyarorsz\u00e1gon j\u00f3val kevesebbet keresnek a n\u0151k a f\u00e9rfiakhoz k\u00e9pest. Elt\u00e9r\u0151 k\u00fcl\u00f6nbs\u00e9gek vannak a munk\u00e1ltat\u00f3k hozz\u00e1\u00e1ll\u00e1s\u00e1ban is. Nagy r\u00e9sz\u00fck p\u00e9ld\u00e1ul nem alkalmaz b\u00e9rs\u00e1vot.<\/strong><\/p>\n<p>A n\u0151k \u00f3r\u00e1nk\u00e9nt \u00e1tlagosan 12,7 sz\u00e1zal\u00e9kkal keresnek kevesebbet, mint a f\u00e9rfiak. Ez a k\u00fcl\u00f6nbs\u00e9g Magyarorsz\u00e1gon m\u00e9g magasabb, 17,3 sz\u00e1zal\u00e9kos. Hamarosan a magyar jogrendben is hat\u00e1lyoss\u00e1 v\u00e1lik a nemek k\u00f6z\u00f6tti b\u00e9rk\u00fcl\u00f6nbs\u00e9gek cs\u00f6kkent\u00e9se \u00e9s az \u00e1tl\u00e1that\u00f3s\u00e1g megteremt\u00e9se a munkaer\u0151piacon. A j\u00f6v\u0151 \u00e9vt\u0151l Magyarorsz\u00e1gon is hat\u00e1lyba l\u00e9pnek az uni\u00f3 b\u00e9rtranszparenci\u00e1r\u00f3l, vagyis a b\u00e9rek \u00e1tl\u00e1that\u00f3s\u00e1g\u00e1r\u00f3l hozott szab\u00e1lyai, amelyek \u00faj kih\u00edv\u00e1sok el\u00e9 \u00e1ll\u00edtj\u00e1k a munk\u00e1ltat\u00f3kat.<\/p>\n<p>A HUNAM Personnel Solutions Kft. kutat\u00e1sa arra keresett v\u00e1laszt, hogy a magyar v\u00e1llalatok milyen m\u00e9rt\u00e9kben k\u00e9sz\u00fcltek fel ezekre a v\u00e1ltoz\u00e1sokra, \u00e9s milyen l\u00e9p\u00e9seket tesznek a transzparens b\u00e9rez\u00e9si gyakorlat kialak\u00edt\u00e1sa \u00e9rdek\u00e9ben. Az Eur\u00f3pai Uni\u00f3ban az Eurostat 2022-es adatai szerint a n\u0151k \u00f3r\u00e1nk\u00e9nt \u00e1tlagosan 12,7 sz\u00e1zal\u00e9kkal keresnek kevesebbet, mint a f\u00e9rfiak, \u00e9s ez a k\u00fcl\u00f6nbs\u00e9g Magyarorsz\u00e1gon m\u00e9g magasabb, 17,3 sz\u00e1zal\u00e9kos. Ez a sz\u00e1m r\u00e1vil\u00e1g\u00edt arra, hogy a n\u0151k jelent\u0151s h\u00e1tr\u00e1nyban vannak a munkaer\u0151piacon, ami hossz\u00fa t\u00e1von nemcsak az egyenl\u0151s\u00e9g szempontj\u00e1b\u00f3l, hanem gazdas\u00e1gilag is hatalmas vesztes\u00e9get jelenthet.<\/p>\n<h2>Eur\u00f3pai jogszab\u00e1ly<\/h2>\n<p>Ezt a probl\u00e9m\u00e1t igyekszik orvosolni az \u00faj eur\u00f3pai szab\u00e1lyoz\u00e1s, amely a nemek k\u00f6z\u00f6tti b\u00e9rk\u00fcl\u00f6nbs\u00e9gek cs\u00f6kkent\u00e9s\u00e9t c\u00e9lozza meg. A Gender pay gap, vagyis az EU 2023\/970 direkt\u00edva c\u00e9lja a nemek k\u00f6z\u00f6tti b\u00e9rk\u00fcl\u00f6nbs\u00e9gek cs\u00f6kkent\u00e9se \u00e9s az \u00e1tl\u00e1that\u00f3s\u00e1g megteremt\u00e9se a munkaer\u0151piacon, mely 2026 j\u00fanius\u00e1t\u00f3l v\u00e1lik hat\u00e1lyoss\u00e1 a magyar jogrendben. De milyen v\u00e1ltoz\u00e1sokat hozna ez? A legfontosabb rendelkez\u00e9sek k\u00f6z\u00e9 tartozik, hogy:<\/p>\n<ul>\n<li>azonos munk\u00e1\u00e9rt legfeljebb 5 sz\u00e1zal\u00e9kos b\u00e9rk\u00fcl\u00f6nbs\u00e9g enged\u00e9lyezett,<\/li>\n<li>a munk\u00e1ltat\u00f3k 2027-t\u0151l k\u00f6telesek jelent\u00e9st k\u00e9sz\u00edteni \u00e9s biztos\u00edtani a hozz\u00e1f\u00e9r\u00e9st a b\u00e9radatokhoz,<\/li>\n<li>az \u00e1ll\u00e1shirdet\u00e9sekben k\u00f6telez\u0151 felt\u00fcntetni a b\u00e9rs\u00e1vokat, \u00e9s \u00fagynevezett gender-neutral, vagyis nemsemleges \u00e1ll\u00e1shirdet\u00e9seket kell alkalmazni,<\/li>\n<li>a munkav\u00e1llal\u00f3k jogosultak t\u00e1j\u00e9koztat\u00e1st k\u00e9rni az azonos vagy egyen\u00e9rt\u00e9k\u0171 munkak\u00f6rt bet\u00f6lt\u0151 koll\u00e9g\u00e1ik b\u00e9r\u00e9r\u0151l,<\/li>\n<li>a munk\u00e1ltat\u00f3nak pedig biztos\u00edtania kell az adatokhoz val\u00f3 hozz\u00e1f\u00e9r\u00e9st a jogszab\u00e1lyoknak megfelel\u0151 m\u00f3don, emellett a bizony\u00edt\u00e1si teher megfordul, \u00e9s a munk\u00e1ltat\u00f3nak kell bizony\u00edtania, hogy nem t\u00f6rt\u00e9nt b\u00e9rdiszkrimin\u00e1ci\u00f3, ellenkez\u0151 esetben szankci\u00f3kra sz\u00e1m\u00edthatnak.<\/li>\n<\/ul>\n<h2>Mi a helyzet most Magyarorsz\u00e1gon?<\/h2>\n<p>A kutat\u00e1s\u00e1ban a HUNAM Personnel Solutions Kft. a magyar c\u00e9gek felk\u00e9sz\u00fclts\u00e9g\u00e9t \u00e9s strat\u00e9gi\u00e1it vizsg\u00e1lta, k\u00fcl\u00f6n\u00f6s figyelmet ford\u00edtva arra, hogy milyen l\u00e9p\u00e9seket tesznek a b\u00e9rtranszparencia ir\u00e1ny\u00e1ba. A v\u00e1laszokb\u00f3l kider\u00fclt: b\u00e1r sok v\u00e1llalat m\u00e1r elkezdte a sz\u00fcks\u00e9ges v\u00e1ltoztat\u00e1sokat, az ipar\u00e1gi k\u00fcl\u00f6nbs\u00e9gek \u00e9s a v\u00e1llalatm\u00e9retek szerinti elt\u00e9r\u00e9sek m\u00e9g jelent\u0151s hat\u00e1ssal vannak a helyzetre. A b\u00e9rs\u00e1vok alkalmaz\u00e1sa p\u00e9ld\u00e1ul m\u00e9g mindig nem elterjedt, \u00e9s a b\u00e9rtranszparenci\u00e1val kapcsolatos hozz\u00e1\u00e1ll\u00e1s is v\u00e1ltoz\u00f3.<\/p>\n<p>Az \u00e1ll\u00e1shirdet\u00e9sekkel kapcsolatban az der\u00fclt ki, hogy a c\u00e9gek jelent\u0151s r\u00e9sze m\u00e9g nem alkalmaz b\u00e9rs\u00e1vokat az \u00e1ll\u00e1shirdet\u00e9sekben. A v\u00e1laszad\u00f3k k\u00f6zel k\u00e9tharmada nem t\u00fcnteti fel a b\u00e9rez\u00e9si s\u00e1vokat, ami arra utal, hogy az \u00e1tl\u00e1that\u00f3s\u00e1g ezen a t\u00e9ren m\u00e9g nem elterjedt. A legnagyobb elt\u00e9r\u00e9s a k\u00fcl\u00f6nb\u00f6z\u0151 ipar\u00e1gak k\u00f6z\u00f6tt tapasztalhat\u00f3: a gy\u00e1rt\u00e1s \u00e9s termel\u00e9s ter\u00fclet\u00e9n k\u00fcl\u00f6n\u00f6sen alacsony a b\u00e9rs\u00e1vok k\u00f6zz\u00e9t\u00e9teli ar\u00e1nya, m\u00edg az IT\/technol\u00f3giai szektorban is szembet\u0171n\u0151 a b\u00e9rs\u00e1vok teljes elmarad\u00e1sa. Nemcsak a munkav\u00e1llal\u00f3k el\u00e9gedetts\u00e9g\u00e9re van hat\u00e1ssal, hanem k\u00f6zvetlen\u00fcl hozz\u00e1j\u00e1rulhat a versenyk\u00e9pess\u00e9g n\u00f6vel\u00e9s\u00e9hez is.<\/p>\n<p>A kutat\u00e1sban egyre t\u00f6bb c\u00e9g jelezte, hogy a transzparens b\u00e9rpolitika er\u0151s\u00edti a bizalmat \u00e9s cs\u00f6kkenti a b\u00e9rrel kapcsolatos bizonytalans\u00e1gokat. Ugyanakkor a v\u00e1llalatok egy r\u00e9sze agg\u00f3dik, hogy az \u00e1tl\u00e1that\u00f3s\u00e1g n\u00f6vel\u00e9se magasabb b\u00e9rig\u00e9nyeket vonhat maga ut\u00e1n, \u00e9s ezzel a versenyt\u00e1rsakhoz val\u00f3 elv\u00e1ndorl\u00e1s kock\u00e1zat\u00e1t is. A tanulm\u00e1nyb\u00f3l az l\u00e1tszik: a b\u00e9rk\u00fcl\u00f6nbs\u00e9gek cs\u00f6kkent\u00e9se \u00e9s a b\u00e9rtranszparencia megval\u00f3s\u00edt\u00e1sa kulcsfontoss\u00e1g\u00fa nemcsak a t\u00e1rsadalmi egyenl\u0151s\u00e9g, hanem a gazdas\u00e1gi fejl\u0151d\u00e9s szempontj\u00e1b\u00f3l is.<\/p>\n<p>A v\u00e1llalatok sz\u00e1m\u00e1ra a legnagyobb kih\u00edv\u00e1s nem csup\u00e1n az \u00faj szab\u00e1lyoz\u00e1snak val\u00f3 megfelel\u00e9s, hanem a transzparens b\u00e9rpolitik\u00e1k bevezet\u00e9se \u00e9s azok fenntart\u00e1sa. A kutat\u00e1s egy\u00e9rtelm\u0171en megmutatta: a c\u00e9gek egyre ink\u00e1bb felismerik a b\u00e9rtranszparencia fontoss\u00e1g\u00e1t, de sok m\u00e9g a tennival\u00f3 a teljes \u00e1tl\u00e1that\u00f3s\u00e1g \u00e9s igazs\u00e1goss\u00e1g el\u00e9r\u00e9s\u00e9hez.<\/p>\n<p>Forr\u00e1s: <a href=\"https:\/\/www.vg.hu\/vilaggazdasag-magyar-gazdasag\/2025\/02\/bertranszparencia-nok-hatranya-munkaeropiac\" target=\"_blank\" rel=\"nofollow noopener noreferrer\">vg.hu<\/a><\/p>\n","protected":false},"excerpt":{"rendered":"<p>Egy kutat\u00e1s szerint Magyarorsz\u00e1gon j\u00f3val kevesebbet keresnek a n\u0151k a f\u00e9rfiakhoz k\u00e9pest. Elt\u00e9r\u0151 k\u00fcl\u00f6nbs\u00e9gek vannak a munk\u00e1ltat\u00f3k hozz\u00e1\u00e1ll\u00e1s\u00e1ban is. Nagy r\u00e9sz\u00fck p\u00e9ld\u00e1ul nem alkalmaz b\u00e9rs\u00e1vot. A n\u0151k \u00f3r\u00e1nk\u00e9nt \u00e1tlagosan 12,7 sz\u00e1zal\u00e9kkal keresnek kevesebbet, mint a f\u00e9rfiak. Ez a k\u00fcl\u00f6nbs\u00e9g Magyarorsz\u00e1gon m\u00e9g magasabb, 17,3 sz\u00e1zal\u00e9kos. Hamarosan a magyar jogrendben is hat\u00e1lyoss\u00e1 v\u00e1lik a nemek k\u00f6z\u00f6tti b\u00e9rk\u00fcl\u00f6nbs\u00e9gek [&hellip;]<\/p>\n","protected":false},"author":1,"featured_media":8223,"comment_status":"closed","ping_status":"closed","sticky":false,"template":"","format":"standard","meta":{"_monsterinsights_skip_tracking":false,"footnotes":""},"categories":[200],"tags":[448,883,257],"class_list":["post-8222","post","type-post","status-publish","format-standard","has-post-thumbnail","hentry","category-munkaeropiac","tag-atlathatosag","tag-berkulonbsegek-csokkentese","tag-fizetesek"],"aioseo_notices":[],"aioseo_head":"\n\t\t<!-- All in One SEO 5.0.0.1 - aioseo.com -->\n\t<meta name=\"description\" content=\"Egy kutat\u00e1s szerint Magyarorsz\u00e1gon j\u00f3val kevesebbet keresnek a n\u0151k a f\u00e9rfiakhoz k\u00e9pest. Elt\u00e9r\u0151 k\u00fcl\u00f6nbs\u00e9gek vannak a munk\u00e1ltat\u00f3k hozz\u00e1\u00e1ll\u00e1s\u00e1ban is.\" \/>\n\t<meta name=\"robots\" content=\"max-image-preview:large\" \/>\n\t<meta name=\"author\" content=\"Juh\u00e1sz P\u00e9ter\"\/>\n\t<meta name=\"keywords\" content=\"\u00e1tl\u00e1that\u00f3s\u00e1g,b\u00e9rk\u00fcl\u00f6nbs\u00e9gek cs\u00f6kkent\u00e9se,fizet\u00e9sek\" \/>\n\t<link rel=\"canonical\" href=\"https:\/\/allasorias.hu\/hirek\/nemek-kozotti-berkulonbsegek-csokkentese-es-az-atlathatosag-a-cel\/\" \/>\n\t<meta name=\"generator\" content=\"All in One SEO (AIOSEO) 5.0.0.1\" \/>\n\t\t<meta property=\"og:locale\" content=\"hu_HU\" \/>\n\t\t<meta property=\"og:site_name\" content=\"AllasOrias.hu | H\u00edrek-lapszemle | \u00dczleti h\u00edrek az \u00e1ll\u00e1s \u00e9s a munka vil\u00e1g\u00e1b\u00f3l\" \/>\n\t\t<meta property=\"og:type\" content=\"article\" \/>\n\t\t<meta property=\"og:title\" content=\"C\u00e9l a nemek k\u00f6zti b\u00e9rk\u00fcl\u00f6nbs\u00e9g cs\u00f6kkent\u00e9se\" \/>\n\t\t<meta property=\"og:description\" content=\"Egy kutat\u00e1s szerint Magyarorsz\u00e1gon j\u00f3val kevesebbet keresnek a n\u0151k a f\u00e9rfiakhoz k\u00e9pest. Elt\u00e9r\u0151 k\u00fcl\u00f6nbs\u00e9gek vannak a munk\u00e1ltat\u00f3k hozz\u00e1\u00e1ll\u00e1s\u00e1ban is.\" \/>\n\t\t<meta property=\"og:url\" content=\"https:\/\/allasorias.hu\/hirek\/nemek-kozotti-berkulonbsegek-csokkentese-es-az-atlathatosag-a-cel\/\" \/>\n\t\t<meta property=\"og:image\" content=\"https:\/\/allasorias.hu\/hirek\/wp-content\/uploads\/2025\/02\/berkulonbsegek-csokkentese.jpg\" \/>\n\t\t<meta property=\"og:image:secure_url\" content=\"https:\/\/allasorias.hu\/hirek\/wp-content\/uploads\/2025\/02\/berkulonbsegek-csokkentese.jpg\" \/>\n\t\t<meta property=\"og:image:width\" content=\"1920\" \/>\n\t\t<meta property=\"og:image:height\" content=\"1281\" \/>\n\t\t<meta property=\"article:published_time\" content=\"2025-02-26T09:40:14+00:00\" \/>\n\t\t<meta property=\"article:modified_time\" content=\"2025-05-13T11:15:46+00:00\" \/>\n\t\t<meta property=\"article:publisher\" content=\"https:\/\/www.facebook.com\/allasorias\" \/>\n\t\t<meta name=\"twitter:card\" content=\"summary_large_image\" \/>\n\t\t<meta name=\"twitter:title\" content=\"C\u00e9l a nemek k\u00f6zti b\u00e9rk\u00fcl\u00f6nbs\u00e9g cs\u00f6kkent\u00e9se\" \/>\n\t\t<meta name=\"twitter:description\" content=\"Egy kutat\u00e1s szerint Magyarorsz\u00e1gon j\u00f3val kevesebbet keresnek a n\u0151k a f\u00e9rfiakhoz k\u00e9pest. Elt\u00e9r\u0151 k\u00fcl\u00f6nbs\u00e9gek vannak a munk\u00e1ltat\u00f3k hozz\u00e1\u00e1ll\u00e1s\u00e1ban is.\" \/>\n\t\t<meta name=\"twitter:image\" content=\"https:\/\/allasorias.hu\/hirek\/wp-content\/uploads\/2025\/02\/berkulonbsegek-csokkentese.jpg\" \/>\n\t\t<meta name=\"twitter:label1\" content=\"Written by\" \/>\n\t\t<meta name=\"twitter:data1\" content=\"Juh\u00e1sz P\u00e9ter\" \/>\n\t\t<meta name=\"twitter:label2\" content=\"Est. reading time\" \/>\n\t\t<meta name=\"twitter:data2\" content=\"5 minutes\" \/>\n\t\t<script type=\"application\/ld+json\" class=\"aioseo-schema\">\n\t\t\t{\"@context\":\"https:\\\/\\\/schema.org\",\"@graph\":[{\"@type\":\"Article\",\"@id\":\"https:\\\/\\\/allasorias.hu\\\/hirek\\\/nemek-kozotti-berkulonbsegek-csokkentese-es-az-atlathatosag-a-cel\\\/#article\",\"name\":\"C\\u00e9l a nemek k\\u00f6zti b\\u00e9rk\\u00fcl\\u00f6nbs\\u00e9g cs\\u00f6kkent\\u00e9se\",\"headline\":\"Nemek k\\u00f6z\\u00f6tti b\\u00e9rk\\u00fcl\\u00f6nbs\\u00e9gek cs\\u00f6kkent\\u00e9se \\u00e9s az \\u00e1tl\\u00e1that\\u00f3s\\u00e1g a c\\u00e9l\",\"author\":{\"@id\":\"https:\\\/\\\/allasorias.hu\\\/hirek\\\/author\\\/admin-allasorias\\\/#author\"},\"publisher\":{\"@id\":\"https:\\\/\\\/allasorias.hu\\\/hirek\\\/#organization\"},\"image\":{\"@type\":\"ImageObject\",\"url\":\"https:\\\/\\\/allasorias.hu\\\/hirek\\\/wp-content\\\/uploads\\\/2025\\\/02\\\/berkulonbsegek-csokkentese.jpg\",\"width\":1920,\"height\":1281,\"caption\":\"Nemek k\\u00f6z\\u00f6tti b\\u00e9rk\\u00fcl\\u00f6nbs\\u00e9gek cs\\u00f6kkent\\u00e9se \\u00e9s az \\u00e1tl\\u00e1that\\u00f3s\\u00e1g a c\\u00e9l - Allasorias.hu\\\/Hirek\"},\"datePublished\":\"2025-02-26T11:40:14+02:00\",\"dateModified\":\"2025-05-13T13:15:46+02:00\",\"inLanguage\":\"hu-HU\",\"mainEntityOfPage\":{\"@id\":\"https:\\\/\\\/allasorias.hu\\\/hirek\\\/nemek-kozotti-berkulonbsegek-csokkentese-es-az-atlathatosag-a-cel\\\/#webpage\"},\"isPartOf\":{\"@id\":\"https:\\\/\\\/allasorias.hu\\\/hirek\\\/nemek-kozotti-berkulonbsegek-csokkentese-es-az-atlathatosag-a-cel\\\/#webpage\"},\"articleSection\":\"Munkaer\\u0151piac, \\u00e1tl\\u00e1that\\u00f3s\\u00e1g, B\\u00e9rk\\u00fcl\\u00f6nbs\\u00e9gek cs\\u00f6kkent\\u00e9se, fizet\\u00e9sek\"},{\"@type\":\"BreadcrumbList\",\"@id\":\"https:\\\/\\\/allasorias.hu\\\/hirek\\\/nemek-kozotti-berkulonbsegek-csokkentese-es-az-atlathatosag-a-cel\\\/#breadcrumblist\",\"itemListElement\":[{\"@type\":\"ListItem\",\"@id\":\"https:\\\/\\\/allasorias.hu\\\/hirek#listItem\",\"position\":1,\"name\":\"Home\",\"item\":\"https:\\\/\\\/allasorias.hu\\\/hirek\",\"nextItem\":{\"@type\":\"ListItem\",\"@id\":\"https:\\\/\\\/allasorias.hu\\\/hirek\\\/temak\\\/munkaeropiac\\\/#listItem\",\"name\":\"Munkaer\\u0151piac\"}},{\"@type\":\"ListItem\",\"@id\":\"https:\\\/\\\/allasorias.hu\\\/hirek\\\/temak\\\/munkaeropiac\\\/#listItem\",\"position\":2,\"name\":\"Munkaer\\u0151piac\",\"item\":\"https:\\\/\\\/allasorias.hu\\\/hirek\\\/temak\\\/munkaeropiac\\\/\",\"nextItem\":{\"@type\":\"ListItem\",\"@id\":\"https:\\\/\\\/allasorias.hu\\\/hirek\\\/nemek-kozotti-berkulonbsegek-csokkentese-es-az-atlathatosag-a-cel\\\/#listItem\",\"name\":\"Nemek k\\u00f6z\\u00f6tti b\\u00e9rk\\u00fcl\\u00f6nbs\\u00e9gek cs\\u00f6kkent\\u00e9se \\u00e9s az \\u00e1tl\\u00e1that\\u00f3s\\u00e1g a c\\u00e9l\"},\"previousItem\":{\"@type\":\"ListItem\",\"@id\":\"https:\\\/\\\/allasorias.hu\\\/hirek#listItem\",\"name\":\"Home\"}},{\"@type\":\"ListItem\",\"@id\":\"https:\\\/\\\/allasorias.hu\\\/hirek\\\/nemek-kozotti-berkulonbsegek-csokkentese-es-az-atlathatosag-a-cel\\\/#listItem\",\"position\":3,\"name\":\"Nemek k\\u00f6z\\u00f6tti b\\u00e9rk\\u00fcl\\u00f6nbs\\u00e9gek cs\\u00f6kkent\\u00e9se \\u00e9s az \\u00e1tl\\u00e1that\\u00f3s\\u00e1g a c\\u00e9l\",\"previousItem\":{\"@type\":\"ListItem\",\"@id\":\"https:\\\/\\\/allasorias.hu\\\/hirek\\\/temak\\\/munkaeropiac\\\/#listItem\",\"name\":\"Munkaer\\u0151piac\"}}]},{\"@type\":\"Organization\",\"@id\":\"https:\\\/\\\/allasorias.hu\\\/hirek\\\/#organization\",\"name\":\"AllasOrias.hu | H\\u00edrek-lapszemle\",\"description\":\"\\u00dczleti h\\u00edrek az \\u00e1ll\\u00e1s \\u00e9s a munka vil\\u00e1g\\u00e1b\\u00f3l\",\"url\":\"https:\\\/\\\/allasorias.hu\\\/hirek\\\/\",\"logo\":{\"@type\":\"ImageObject\",\"url\":\"https:\\\/\\\/allasorias.hu\\\/hirek\\\/wp-content\\\/uploads\\\/2022\\\/10\\\/allasorias_site_facebok_logo.png\",\"@id\":\"https:\\\/\\\/allasorias.hu\\\/hirek\\\/nemek-kozotti-berkulonbsegek-csokkentese-es-az-atlathatosag-a-cel\\\/#organizationLogo\"},\"image\":{\"@id\":\"https:\\\/\\\/allasorias.hu\\\/hirek\\\/nemek-kozotti-berkulonbsegek-csokkentese-es-az-atlathatosag-a-cel\\\/#organizationLogo\"},\"sameAs\":[\"https:\\\/\\\/www.facebook.com\\\/allasorias\",\"https:\\\/\\\/www.linkedin.com\\\/company\\\/allasorias\"]},{\"@type\":\"Person\",\"@id\":\"https:\\\/\\\/allasorias.hu\\\/hirek\\\/author\\\/admin-allasorias\\\/#author\",\"url\":\"https:\\\/\\\/allasorias.hu\\\/hirek\\\/author\\\/admin-allasorias\\\/\",\"name\":\"Juh\\u00e1sz P\\u00e9ter\",\"image\":{\"@type\":\"ImageObject\",\"@id\":\"https:\\\/\\\/allasorias.hu\\\/hirek\\\/nemek-kozotti-berkulonbsegek-csokkentese-es-az-atlathatosag-a-cel\\\/#authorImage\",\"url\":\"https:\\\/\\\/secure.gravatar.com\\\/avatar\\\/36e6bcb83148978b992977cb0f54d22feb0cce8a0a849a9410532bb2623ba4c6?s=96&d=mm&r=g\",\"width\":96,\"height\":96,\"caption\":\"Juh\\u00e1sz P\\u00e9ter\"}},{\"@type\":\"WebPage\",\"@id\":\"https:\\\/\\\/allasorias.hu\\\/hirek\\\/nemek-kozotti-berkulonbsegek-csokkentese-es-az-atlathatosag-a-cel\\\/#webpage\",\"url\":\"https:\\\/\\\/allasorias.hu\\\/hirek\\\/nemek-kozotti-berkulonbsegek-csokkentese-es-az-atlathatosag-a-cel\\\/\",\"name\":\"C\\u00e9l a nemek k\\u00f6zti b\\u00e9rk\\u00fcl\\u00f6nbs\\u00e9g cs\\u00f6kkent\\u00e9se\",\"description\":\"Egy kutat\\u00e1s szerint Magyarorsz\\u00e1gon j\\u00f3val kevesebbet keresnek a n\\u0151k a f\\u00e9rfiakhoz k\\u00e9pest. Elt\\u00e9r\\u0151 k\\u00fcl\\u00f6nbs\\u00e9gek vannak a munk\\u00e1ltat\\u00f3k hozz\\u00e1\\u00e1ll\\u00e1s\\u00e1ban is.\",\"inLanguage\":\"hu-HU\",\"isPartOf\":{\"@id\":\"https:\\\/\\\/allasorias.hu\\\/hirek\\\/#website\"},\"breadcrumb\":{\"@id\":\"https:\\\/\\\/allasorias.hu\\\/hirek\\\/nemek-kozotti-berkulonbsegek-csokkentese-es-az-atlathatosag-a-cel\\\/#breadcrumblist\"},\"author\":{\"@id\":\"https:\\\/\\\/allasorias.hu\\\/hirek\\\/author\\\/admin-allasorias\\\/#author\"},\"creator\":{\"@id\":\"https:\\\/\\\/allasorias.hu\\\/hirek\\\/author\\\/admin-allasorias\\\/#author\"},\"image\":{\"@type\":\"ImageObject\",\"url\":\"https:\\\/\\\/allasorias.hu\\\/hirek\\\/wp-content\\\/uploads\\\/2025\\\/02\\\/berkulonbsegek-csokkentese.jpg\",\"@id\":\"https:\\\/\\\/allasorias.hu\\\/hirek\\\/nemek-kozotti-berkulonbsegek-csokkentese-es-az-atlathatosag-a-cel\\\/#mainImage\",\"width\":1920,\"height\":1281,\"caption\":\"Nemek k\\u00f6z\\u00f6tti b\\u00e9rk\\u00fcl\\u00f6nbs\\u00e9gek cs\\u00f6kkent\\u00e9se \\u00e9s az \\u00e1tl\\u00e1that\\u00f3s\\u00e1g a c\\u00e9l - Allasorias.hu\\\/Hirek\"},\"primaryImageOfPage\":{\"@id\":\"https:\\\/\\\/allasorias.hu\\\/hirek\\\/nemek-kozotti-berkulonbsegek-csokkentese-es-az-atlathatosag-a-cel\\\/#mainImage\"},\"datePublished\":\"2025-02-26T11:40:14+02:00\",\"dateModified\":\"2025-05-13T13:15:46+02:00\"},{\"@type\":\"WebSite\",\"@id\":\"https:\\\/\\\/allasorias.hu\\\/hirek\\\/#website\",\"url\":\"https:\\\/\\\/allasorias.hu\\\/hirek\\\/\",\"name\":\"AllasOrias.hu | H\\u00edrek-lapszemle\",\"description\":\"\\u00dczleti h\\u00edrek az \\u00e1ll\\u00e1s \\u00e9s a munka vil\\u00e1g\\u00e1b\\u00f3l\",\"inLanguage\":\"hu-HU\",\"publisher\":{\"@id\":\"https:\\\/\\\/allasorias.hu\\\/hirek\\\/#organization\"}}]}\n\t\t<\/script>\n\t\t<!-- All in One SEO -->\n\n","aioseo_head_json":{"title":"C\u00e9l a nemek k\u00f6zti b\u00e9rk\u00fcl\u00f6nbs\u00e9g cs\u00f6kkent\u00e9se","description":"Egy kutat\u00e1s szerint Magyarorsz\u00e1gon j\u00f3val kevesebbet keresnek a n\u0151k a f\u00e9rfiakhoz k\u00e9pest. Elt\u00e9r\u0151 k\u00fcl\u00f6nbs\u00e9gek vannak a munk\u00e1ltat\u00f3k hozz\u00e1\u00e1ll\u00e1s\u00e1ban is.","canonical_url":"https:\/\/allasorias.hu\/hirek\/nemek-kozotti-berkulonbsegek-csokkentese-es-az-atlathatosag-a-cel\/","robots":"max-image-preview:large","keywords":"\u00e1tl\u00e1that\u00f3s\u00e1g,b\u00e9rk\u00fcl\u00f6nbs\u00e9gek cs\u00f6kkent\u00e9se,fizet\u00e9sek","webmasterTools":{"miscellaneous":""},"schema":{"@context":"https:\/\/schema.org","@graph":[{"@type":"Article","@id":"https:\/\/allasorias.hu\/hirek\/nemek-kozotti-berkulonbsegek-csokkentese-es-az-atlathatosag-a-cel\/#article","name":"C\u00e9l a nemek k\u00f6zti b\u00e9rk\u00fcl\u00f6nbs\u00e9g cs\u00f6kkent\u00e9se","headline":"Nemek k\u00f6z\u00f6tti b\u00e9rk\u00fcl\u00f6nbs\u00e9gek cs\u00f6kkent\u00e9se \u00e9s az \u00e1tl\u00e1that\u00f3s\u00e1g a c\u00e9l","author":{"@id":"https:\/\/allasorias.hu\/hirek\/author\/admin-allasorias\/#author"},"publisher":{"@id":"https:\/\/allasorias.hu\/hirek\/#organization"},"image":{"@type":"ImageObject","url":"https:\/\/allasorias.hu\/hirek\/wp-content\/uploads\/2025\/02\/berkulonbsegek-csokkentese.jpg","width":1920,"height":1281,"caption":"Nemek k\u00f6z\u00f6tti b\u00e9rk\u00fcl\u00f6nbs\u00e9gek cs\u00f6kkent\u00e9se \u00e9s az \u00e1tl\u00e1that\u00f3s\u00e1g a c\u00e9l - Allasorias.hu\/Hirek"},"datePublished":"2025-02-26T11:40:14+02:00","dateModified":"2025-05-13T13:15:46+02:00","inLanguage":"hu-HU","mainEntityOfPage":{"@id":"https:\/\/allasorias.hu\/hirek\/nemek-kozotti-berkulonbsegek-csokkentese-es-az-atlathatosag-a-cel\/#webpage"},"isPartOf":{"@id":"https:\/\/allasorias.hu\/hirek\/nemek-kozotti-berkulonbsegek-csokkentese-es-az-atlathatosag-a-cel\/#webpage"},"articleSection":"Munkaer\u0151piac, \u00e1tl\u00e1that\u00f3s\u00e1g, B\u00e9rk\u00fcl\u00f6nbs\u00e9gek cs\u00f6kkent\u00e9se, fizet\u00e9sek"},{"@type":"BreadcrumbList","@id":"https:\/\/allasorias.hu\/hirek\/nemek-kozotti-berkulonbsegek-csokkentese-es-az-atlathatosag-a-cel\/#breadcrumblist","itemListElement":[{"@type":"ListItem","@id":"https:\/\/allasorias.hu\/hirek#listItem","position":1,"name":"Home","item":"https:\/\/allasorias.hu\/hirek","nextItem":{"@type":"ListItem","@id":"https:\/\/allasorias.hu\/hirek\/temak\/munkaeropiac\/#listItem","name":"Munkaer\u0151piac"}},{"@type":"ListItem","@id":"https:\/\/allasorias.hu\/hirek\/temak\/munkaeropiac\/#listItem","position":2,"name":"Munkaer\u0151piac","item":"https:\/\/allasorias.hu\/hirek\/temak\/munkaeropiac\/","nextItem":{"@type":"ListItem","@id":"https:\/\/allasorias.hu\/hirek\/nemek-kozotti-berkulonbsegek-csokkentese-es-az-atlathatosag-a-cel\/#listItem","name":"Nemek k\u00f6z\u00f6tti b\u00e9rk\u00fcl\u00f6nbs\u00e9gek cs\u00f6kkent\u00e9se \u00e9s az \u00e1tl\u00e1that\u00f3s\u00e1g a c\u00e9l"},"previousItem":{"@type":"ListItem","@id":"https:\/\/allasorias.hu\/hirek#listItem","name":"Home"}},{"@type":"ListItem","@id":"https:\/\/allasorias.hu\/hirek\/nemek-kozotti-berkulonbsegek-csokkentese-es-az-atlathatosag-a-cel\/#listItem","position":3,"name":"Nemek k\u00f6z\u00f6tti b\u00e9rk\u00fcl\u00f6nbs\u00e9gek cs\u00f6kkent\u00e9se \u00e9s az \u00e1tl\u00e1that\u00f3s\u00e1g a c\u00e9l","previousItem":{"@type":"ListItem","@id":"https:\/\/allasorias.hu\/hirek\/temak\/munkaeropiac\/#listItem","name":"Munkaer\u0151piac"}}]},{"@type":"Organization","@id":"https:\/\/allasorias.hu\/hirek\/#organization","name":"AllasOrias.hu | H\u00edrek-lapszemle","description":"\u00dczleti h\u00edrek az \u00e1ll\u00e1s \u00e9s a munka vil\u00e1g\u00e1b\u00f3l","url":"https:\/\/allasorias.hu\/hirek\/","logo":{"@type":"ImageObject","url":"https:\/\/allasorias.hu\/hirek\/wp-content\/uploads\/2022\/10\/allasorias_site_facebok_logo.png","@id":"https:\/\/allasorias.hu\/hirek\/nemek-kozotti-berkulonbsegek-csokkentese-es-az-atlathatosag-a-cel\/#organizationLogo"},"image":{"@id":"https:\/\/allasorias.hu\/hirek\/nemek-kozotti-berkulonbsegek-csokkentese-es-az-atlathatosag-a-cel\/#organizationLogo"},"sameAs":["https:\/\/www.facebook.com\/allasorias","https:\/\/www.linkedin.com\/company\/allasorias"]},{"@type":"Person","@id":"https:\/\/allasorias.hu\/hirek\/author\/admin-allasorias\/#author","url":"https:\/\/allasorias.hu\/hirek\/author\/admin-allasorias\/","name":"Juh\u00e1sz P\u00e9ter","image":{"@type":"ImageObject","@id":"https:\/\/allasorias.hu\/hirek\/nemek-kozotti-berkulonbsegek-csokkentese-es-az-atlathatosag-a-cel\/#authorImage","url":"https:\/\/secure.gravatar.com\/avatar\/36e6bcb83148978b992977cb0f54d22feb0cce8a0a849a9410532bb2623ba4c6?s=96&d=mm&r=g","width":96,"height":96,"caption":"Juh\u00e1sz P\u00e9ter"}},{"@type":"WebPage","@id":"https:\/\/allasorias.hu\/hirek\/nemek-kozotti-berkulonbsegek-csokkentese-es-az-atlathatosag-a-cel\/#webpage","url":"https:\/\/allasorias.hu\/hirek\/nemek-kozotti-berkulonbsegek-csokkentese-es-az-atlathatosag-a-cel\/","name":"C\u00e9l a nemek k\u00f6zti b\u00e9rk\u00fcl\u00f6nbs\u00e9g cs\u00f6kkent\u00e9se","description":"Egy kutat\u00e1s szerint Magyarorsz\u00e1gon j\u00f3val kevesebbet keresnek a n\u0151k a f\u00e9rfiakhoz k\u00e9pest. Elt\u00e9r\u0151 k\u00fcl\u00f6nbs\u00e9gek vannak a munk\u00e1ltat\u00f3k hozz\u00e1\u00e1ll\u00e1s\u00e1ban is.","inLanguage":"hu-HU","isPartOf":{"@id":"https:\/\/allasorias.hu\/hirek\/#website"},"breadcrumb":{"@id":"https:\/\/allasorias.hu\/hirek\/nemek-kozotti-berkulonbsegek-csokkentese-es-az-atlathatosag-a-cel\/#breadcrumblist"},"author":{"@id":"https:\/\/allasorias.hu\/hirek\/author\/admin-allasorias\/#author"},"creator":{"@id":"https:\/\/allasorias.hu\/hirek\/author\/admin-allasorias\/#author"},"image":{"@type":"ImageObject","url":"https:\/\/allasorias.hu\/hirek\/wp-content\/uploads\/2025\/02\/berkulonbsegek-csokkentese.jpg","@id":"https:\/\/allasorias.hu\/hirek\/nemek-kozotti-berkulonbsegek-csokkentese-es-az-atlathatosag-a-cel\/#mainImage","width":1920,"height":1281,"caption":"Nemek k\u00f6z\u00f6tti b\u00e9rk\u00fcl\u00f6nbs\u00e9gek cs\u00f6kkent\u00e9se \u00e9s az \u00e1tl\u00e1that\u00f3s\u00e1g a c\u00e9l - Allasorias.hu\/Hirek"},"primaryImageOfPage":{"@id":"https:\/\/allasorias.hu\/hirek\/nemek-kozotti-berkulonbsegek-csokkentese-es-az-atlathatosag-a-cel\/#mainImage"},"datePublished":"2025-02-26T11:40:14+02:00","dateModified":"2025-05-13T13:15:46+02:00"},{"@type":"WebSite","@id":"https:\/\/allasorias.hu\/hirek\/#website","url":"https:\/\/allasorias.hu\/hirek\/","name":"AllasOrias.hu | H\u00edrek-lapszemle","description":"\u00dczleti h\u00edrek az \u00e1ll\u00e1s \u00e9s a munka vil\u00e1g\u00e1b\u00f3l","inLanguage":"hu-HU","publisher":{"@id":"https:\/\/allasorias.hu\/hirek\/#organization"}}]},"og:locale":"hu_HU","og:site_name":"AllasOrias.hu | H\u00edrek-lapszemle | \u00dczleti h\u00edrek az \u00e1ll\u00e1s \u00e9s a munka vil\u00e1g\u00e1b\u00f3l","og:type":"article","og:title":"C\u00e9l a nemek k\u00f6zti b\u00e9rk\u00fcl\u00f6nbs\u00e9g cs\u00f6kkent\u00e9se","og:description":"Egy kutat\u00e1s szerint Magyarorsz\u00e1gon j\u00f3val kevesebbet keresnek a n\u0151k a f\u00e9rfiakhoz k\u00e9pest. Elt\u00e9r\u0151 k\u00fcl\u00f6nbs\u00e9gek vannak a munk\u00e1ltat\u00f3k hozz\u00e1\u00e1ll\u00e1s\u00e1ban is.","og:url":"https:\/\/allasorias.hu\/hirek\/nemek-kozotti-berkulonbsegek-csokkentese-es-az-atlathatosag-a-cel\/","og:image":"https:\/\/allasorias.hu\/hirek\/wp-content\/uploads\/2025\/02\/berkulonbsegek-csokkentese.jpg","og:image:secure_url":"https:\/\/allasorias.hu\/hirek\/wp-content\/uploads\/2025\/02\/berkulonbsegek-csokkentese.jpg","og:image:width":1920,"og:image:height":1281,"article:published_time":"2025-02-26T09:40:14+00:00","article:modified_time":"2025-05-13T11:15:46+00:00","article:publisher":"https:\/\/www.facebook.com\/allasorias","twitter:card":"summary_large_image","twitter:title":"C\u00e9l a nemek k\u00f6zti b\u00e9rk\u00fcl\u00f6nbs\u00e9g cs\u00f6kkent\u00e9se","twitter:description":"Egy kutat\u00e1s szerint Magyarorsz\u00e1gon j\u00f3val kevesebbet keresnek a n\u0151k a f\u00e9rfiakhoz k\u00e9pest. Elt\u00e9r\u0151 k\u00fcl\u00f6nbs\u00e9gek vannak a munk\u00e1ltat\u00f3k hozz\u00e1\u00e1ll\u00e1s\u00e1ban is.","twitter:image":"https:\/\/allasorias.hu\/hirek\/wp-content\/uploads\/2025\/02\/berkulonbsegek-csokkentese.jpg","twitter:label1":"Written by","twitter:data1":"Juh\u00e1sz P\u00e9ter","twitter:label2":"Est. reading time","twitter:data2":"5 minutes"},"aioseo_meta_data":{"post_id":"8222","title":"C\u00e9l a nemek k\u00f6zti b\u00e9rk\u00fcl\u00f6nbs\u00e9g cs\u00f6kkent\u00e9se","description":"Egy kutat\u00e1s szerint Magyarorsz\u00e1gon j\u00f3val kevesebbet keresnek a n\u0151k a f\u00e9rfiakhoz k\u00e9pest. Elt\u00e9r\u0151 k\u00fcl\u00f6nbs\u00e9gek vannak a munk\u00e1ltat\u00f3k hozz\u00e1\u00e1ll\u00e1s\u00e1ban is.","keywords":null,"keyphrases":{"focus":{"keyphrase":"","score":0,"analysis":{"keyphraseInTitle":{"score":0,"maxScore":9,"error":1}}},"additional":[]},"primary_term":null,"canonical_url":null,"og_title":null,"og_description":null,"og_object_type":"default","og_image_type":"default","og_image_url":null,"og_image_width":null,"og_image_height":null,"og_image_custom_url":null,"og_image_custom_fields":null,"og_video":"","og_custom_url":null,"og_article_section":null,"og_article_tags":null,"twitter_use_og":true,"twitter_card":"default","twitter_image_type":"default","twitter_image_url":null,"twitter_image_custom_url":null,"twitter_image_custom_fields":null,"twitter_title":null,"twitter_description":null,"schema":{"blockGraphs":[],"customGraphs":[],"default":{"data":{"Article":[],"Course":[],"Dataset":[],"FAQPage":[],"Movie":[],"Person":[],"Product":[],"ProductReview":[],"Car":[],"Recipe":[],"Service":[],"SoftwareApplication":[],"WebPage":[]},"graphName":"Article","isEnabled":true},"graphs":[]},"schema_type":"default","schema_type_options":null,"pillar_content":false,"robots_default":true,"robots_noindex":false,"robots_noarchive":false,"robots_nosnippet":false,"robots_nofollow":false,"robots_noimageindex":false,"robots_noodp":false,"robots_notranslate":false,"robots_max_snippet":"-1","robots_max_videopreview":"-1","robots_max_imagepreview":"large","priority":null,"frequency":"default","location":null,"local_seo":null,"breadcrumb_settings":null,"limit_modified_date":false,"ai":null,"created":"2025-02-26 08:34:20","updated":"2025-10-02 20:57:19","seo_analyzer_scan_date":null,"focus_keyword":null,"additional_keywords":null,"truseo_locale":null},"aioseo_breadcrumb":"<div class=\"aioseo-breadcrumbs\"><span class=\"aioseo-breadcrumb\">\n\t\t\t<a href=\"https:\/\/allasorias.hu\/hirek\" title=\"Home\">Home<\/a>\n\t\t<\/span><span class=\"aioseo-breadcrumb-separator\">&raquo;<\/span><span class=\"aioseo-breadcrumb\">\n\t\t\t<a href=\"https:\/\/allasorias.hu\/hirek\/temak\/munkaeropiac\/\" title=\"Munkaer\u0151piac\">Munkaer\u0151piac<\/a>\n\t\t<\/span><span class=\"aioseo-breadcrumb-separator\">&raquo;<\/span><span class=\"aioseo-breadcrumb\">\n\t\t\tNemek k\u00f6z\u00f6tti b\u00e9rk\u00fcl\u00f6nbs\u00e9gek cs\u00f6kkent\u00e9se \u00e9s az \u00e1tl\u00e1that\u00f3s\u00e1g a c\u00e9l\n\t\t<\/span><\/div>","aioseo_breadcrumb_json":[{"label":"Home","link":"https:\/\/allasorias.hu\/hirek"},{"label":"Munkaer\u0151piac","link":"https:\/\/allasorias.hu\/hirek\/temak\/munkaeropiac\/"},{"label":"Nemek k\u00f6z\u00f6tti b\u00e9rk\u00fcl\u00f6nbs\u00e9gek cs\u00f6kkent\u00e9se \u00e9s az \u00e1tl\u00e1that\u00f3s\u00e1g a c\u00e9l","link":"https:\/\/allasorias.hu\/hirek\/nemek-kozotti-berkulonbsegek-csokkentese-es-az-atlathatosag-a-cel\/"}],"_links":{"self":[{"href":"https:\/\/allasorias.hu\/hirek\/wp-json\/wp\/v2\/posts\/8222","targetHints":{"allow":["GET"]}}],"collection":[{"href":"https:\/\/allasorias.hu\/hirek\/wp-json\/wp\/v2\/posts"}],"about":[{"href":"https:\/\/allasorias.hu\/hirek\/wp-json\/wp\/v2\/types\/post"}],"author":[{"embeddable":true,"href":"https:\/\/allasorias.hu\/hirek\/wp-json\/wp\/v2\/users\/1"}],"replies":[{"embeddable":true,"href":"https:\/\/allasorias.hu\/hirek\/wp-json\/wp\/v2\/comments?post=8222"}],"version-history":[{"count":1,"href":"https:\/\/allasorias.hu\/hirek\/wp-json\/wp\/v2\/posts\/8222\/revisions"}],"predecessor-version":[{"id":8224,"href":"https:\/\/allasorias.hu\/hirek\/wp-json\/wp\/v2\/posts\/8222\/revisions\/8224"}],"wp:featuredmedia":[{"embeddable":true,"href":"https:\/\/allasorias.hu\/hirek\/wp-json\/wp\/v2\/media\/8223"}],"wp:attachment":[{"href":"https:\/\/allasorias.hu\/hirek\/wp-json\/wp\/v2\/media?parent=8222"}],"wp:term":[{"taxonomy":"category","embeddable":true,"href":"https:\/\/allasorias.hu\/hirek\/wp-json\/wp\/v2\/categories?post=8222"},{"taxonomy":"post_tag","embeddable":true,"href":"https:\/\/allasorias.hu\/hirek\/wp-json\/wp\/v2\/tags?post=8222"}],"curies":[{"name":"wp","href":"https:\/\/api.w.org\/{rel}","templated":true}]}}