{"id":8209,"date":"2025-02-20T11:57:28","date_gmt":"2025-02-20T09:57:28","guid":{"rendered":"https:\/\/allasorias.hu\/hirek\/?p=8209"},"modified":"2025-02-20T11:57:28","modified_gmt":"2025-02-20T09:57:28","slug":"hogyan-dolgozhatunk-negy-napot-egy-heten","status":"publish","type":"post","link":"https:\/\/allasorias.hu\/hirek\/hogyan-dolgozhatunk-negy-napot-egy-heten\/","title":{"rendered":"Hogyan dolgozhatunk n\u00e9gy napot egy h\u00e9ten?"},"content":{"rendered":"<p><strong>A szakemberek m\u00e1s-m\u00e1s v\u00e9lem\u00e9nyen vannak a n\u00e9gynapos munkah\u00e9tr\u0151l, a dolgoz\u00f3k persze \u00f6r\u00fcln\u00e9nek neki, ha fizet\u00e9s\u00fck v\u00e1ltozatlan maradna. A mesters\u00e9ges intelligencia teheti f\u00f6l a pontot az i-re ebben a t\u00e9m\u00e1ban.<\/strong><\/p>\n<p>A n\u00e9gynapos munkah\u00e9t tov\u00e1bbra is forr\u00f3 t\u00e9ma a munkaer\u0151piacon, vil\u00e1gszerte egyre t\u00f6bb c\u00e9g k\u00eds\u00e9rletezik vele. A CNBC cikk\u00e9b\u0151l kider\u00fcl, hogy mennyiben seg\u00edtheti a mesters\u00e9ges intelligencia t\u00e9rnyer\u00e9se ennek az idillinek hangz\u00f3 rugalmas munkarendnek a bevezet\u00e9s\u00e9t. Egyes c\u00e9gek megpr\u00f3b\u00e1lt\u00e1k, de azt\u00e1n lez\u00e1rt\u00e1k a projektet, m\u00e1sok a ny\u00e1ri uborkaszezont igyekeztek \u00e1thidalni vele. H\u00edrt adtunk m\u00e1r olyan orsz\u00e1gr\u00f3l, ahol a korm\u00e1ny \u00f6szt\u00f6nzi r\u00e1 a v\u00e1llalatokat a munkaer\u0151hi\u00e1ny enyh\u00edt\u00e9se c\u00e9lj\u00e1b\u00f3l. Egy biztos, a n\u00e9gynapos munkahetet \u00f6vez\u0151 felhajt\u00e1s nem l\u00e1tszik cs\u00f6kkenni, hi\u00e1ba gondolja trendinek Elon Musk a h\u00e9tv\u00e9gi munkav\u00e9gz\u00e9st.<\/p>\n<h2>A mesters\u00e9ges intelligencia seg\u00edthet<\/h2>\n<p>A CNBC \u00e9s a Generation Lab 2024-es, t\u00f6bb mint ezer 18-34 \u00e9v k\u00f6z\u00f6tti amerikai megk\u00e9rdez\u00e9s\u00e9vel k\u00e9sz\u00fclt felm\u00e9r\u00e9se szerint a fiatalok els\u00f6pr\u0151 t\u00f6bbs\u00e9ge, 81%-a t\u00e1mogatja a n\u00e9gynapos munkahetet. Logikusnak t\u0171nik, hogy ebben is a mesters\u00e9ges intelligencia t\u00e9rnyer\u00e9se fogja meghozni az \u00e1tt\u00f6r\u00e9st, mely hajt\u00f3ereje lehet a termel\u00e9kenys\u00e9g n\u00f6veked\u00e9s\u00e9nek. Term\u00e9szetesen persze nem eszik olyan forr\u00f3n a k\u00e1s\u00e1t. A CNBC cikke szerint az olyan AI-eszk\u00f6z\u00f6k megjelen\u00e9se, mint a Microsoft Copilot, seg\u00edthet a munkav\u00e1llal\u00f3knak a munkahelyi termel\u00e9kenys\u00e9g n\u00f6vel\u00e9s\u00e9ben. (Ez egy AI-alap\u00fa eszk\u00f6z, amelyet arra terveztek, hogy seg\u00edtse \u00e9s t\u00e1mogassa a felhaszn\u00e1l\u00f3kat k\u00fcl\u00f6nb\u00f6z\u0151 munkafolyamatokban &#8211; a szerk.)<\/p>\n<p>Az irodai dolgoz\u00f3k, szellemi munk\u00e1t v\u00e9gz\u0151k munkaidej\u00fck k\u00f6r\u00fclbel\u00fcl 53%-\u00e1t t\u00f6ltik olyan munk\u00e1val &#8211; mondja Rebecca Hinds, az Asana Work Innovation Lab vezet\u0151je, mely a mesters\u00e9ges intelligencia seg\u00edts\u00e9g\u00e9vel elvileg automatiz\u00e1lhat\u00f3 lenne. Ez alapj\u00e1n a technol\u00f3giai fejl\u0151d\u00e9s hozz\u00e1j\u00e1rulhat a n\u00e9gynapos munkah\u00e9t bevezet\u00e9s\u00e9hez. Kelly Daniel, a Lazarus AI nev\u0171, mesters\u00e9ges intelligenci\u00e1t fejleszt\u0151 c\u00e9g prompt igazgat\u00f3ja \u00fagy nyilatkozott: &#8222;biztos vagyok benne, hogy \u00edgy lesz&#8221;. M\u00e1s szak\u00e9rt\u0151k fontosnak tartj\u00e1k hangs\u00falyozni, hogy mindez nagym\u00e9rt\u00e9kben f\u00fcgg a v\u00e1llalatt\u00f3l \u00e9s a vezet\u0151i d\u00f6nt\u00e9sekt\u0151l.<\/p>\n<h2>Fontos a rendszeres AI haszn\u00e1lat<\/h2>\n<p>B\u00e1r egyesek m\u00e1r tapasztalj\u00e1k az AI-eszk\u00f6z\u00f6k haszn\u00e1lat\u00e1nak el\u0151nyeit, ezek nem mindenki sz\u00e1m\u00e1ra egyform\u00e1n hasznosak. Ha naponta haszn\u00e1lj\u00e1k az AI-t, a dolgoz\u00f3k 89%-a tapasztal termel\u00e9kenys\u00e9gn\u00f6veked\u00e9st. Ha ritk\u00e1bban, p\u00e9ld\u00e1ul havonta vagy hetente haszn\u00e1lj\u00e1k, akkor sokkal kisebb val\u00f3sz\u00edn\u0171s\u00e9ggel \u00e9szlelnek termel\u00e9kenys\u00e9gn\u00f6veked\u00e9st. A rendszeres haszn\u00e1lat vezethet csak igaz\u00e1n pozit\u00edv eredm\u00e9nyekhez, m\u00edg a ritka haszn\u00e1lat nem hozza ugyanezeket az el\u0151ny\u00f6ket. Ez megnehez\u00edti a szervezetek sz\u00e1m\u00e1ra, hogy felm\u00e9rj\u00e9k, mennyire hat\u00e9kony ez a technol\u00f3gia val\u00f3j\u00e1ban, \u00e9s ennek megfelel\u0151en hozzanak d\u00f6nt\u00e9seket a munkaer\u0151re vonatkoz\u00f3an.<\/p>\n<p>&#8222;<em>Ahhoz, hogy egy m\u00e1sfajta munkarend val\u00f3ban m\u0171k\u00f6dj\u00f6n<\/em>&#8221; &#8211; mondja Hinds a n\u00e9gynapos munkah\u00e9tr\u0151l &#8211; &#8222;<em>mindenkinek k\u00e9pesnek kell lennie arra, hogy hat\u00e9konyan haszn\u00e1lja a technol\u00f3gi\u00e1t<\/em>&#8222;. \u00dagy gondolja, &#8222;<em>am\u00edg az egy\u00e9nek \u00e9s a csapatok nem kezdik el sz\u00e9les k\u00f6rben haszn\u00e1lni az AI-t, val\u00f3sz\u00edn\u0171leg nem lesz v\u00e1ltoz\u00e1s a rugalmas munkav\u00e9gz\u00e9sben. A szervezetek pedig k\u00e9nyelmesen elvannak a jelenlegi helyzettel. Lehet, hogy egyes v\u00e1llalatok azt fogj\u00e1k mondani:\u00a0 Azt v\u00e1rjuk el, hogy ugyanazokat az eredm\u00e9nyeket l\u00e1ssuk minden h\u00e9ten<\/em>&#8221; \u2013 mondja Mark Riedl, a Georgia Institute of Technology professzora, majd folytatja: &#8222;<em>aki ezzel 4 nap alatt v\u00e9gzett 5 helyett, az mehet haza.<\/em>&#8221;<\/p>\n<p>M\u00e1s c\u00e9gekn\u00e9l viszont azt fogj\u00e1k mondani, hogy hi\u00e1ba vettek le sok terhet a munkav\u00e1llal\u00f3 v\u00e1ll\u00e1r\u00f3l az AI-eszk\u00f6z\u00f6k, att\u00f3l m\u00e9g maradt tennival\u00f3, a felszabadul\u00f3 er\u0151forr\u00e1st \u00e1t kell szervezni m\u00e1shova. &#8222;<em>Megint m\u00e1sok kihaszn\u00e1lhatj\u00e1k az AI megjelen\u00e9s\u00e9t, hogy bizonyos munkak\u00f6r\u00f6ket teljesen megsz\u00fcntessenek<\/em>&#8221; \u2013 mondja Reidl, b\u00e1r nem hiszi, hogy t\u00fal sok olyan munka lenne, ami 100 sz\u00e1zal\u00e9kban kiv\u00e1lthat\u00f3 lesz. Biztosan lesznek, akik \u00fagy d\u00f6ntenek majd, hogy kevesebb emberrel v\u00e9geztetik el ugyanazt a munk\u00e1t \u2013 teszi hozz\u00e1. \u00d6sszess\u00e9g\u00e9ben az, hogy az AI megjelen\u00e9se hogyan hat a munkarendre, \u00edgy a n\u00e9gynapos munkah\u00e9t bevezet\u00e9s\u00e9re val\u00f3sz\u00edn\u0171leg v\u00e1llalatonk\u00e9nt v\u00e1ltozni fog, az \u00fczleti c\u00e9loknak megfelel\u0151en &#8211; hangs\u00falyozza Daniel.<\/p>\n<p>Forr\u00e1s: <a href=\"https:\/\/www.hrportal.hu\/hr\/aki-ezzel-4-nap-alatt-vegzett-5-helyett-mehet-haza-segithet-az-ai-hogy-rovidebb-legyen-a-munkahet-20250218.html\" target=\"_blank\" rel=\"nofollow noopener noreferrer\">hrportal.hu<\/a><\/p>\n","protected":false},"excerpt":{"rendered":"<p>A szakemberek m\u00e1s-m\u00e1s v\u00e9lem\u00e9nyen vannak a n\u00e9gynapos munkah\u00e9tr\u0151l, a dolgoz\u00f3k persze \u00f6r\u00fcln\u00e9nek neki, ha fizet\u00e9s\u00fck v\u00e1ltozatlan maradna. A mesters\u00e9ges intelligencia teheti f\u00f6l a pontot az i-re ebben a t\u00e9m\u00e1ban. A n\u00e9gynapos munkah\u00e9t tov\u00e1bbra is forr\u00f3 t\u00e9ma a munkaer\u0151piacon, vil\u00e1gszerte egyre t\u00f6bb c\u00e9g k\u00eds\u00e9rletezik vele. A CNBC cikk\u00e9b\u0151l kider\u00fcl, hogy mennyiben seg\u00edtheti a mesters\u00e9ges intelligencia t\u00e9rnyer\u00e9se [&hellip;]<\/p>\n","protected":false},"author":1,"featured_media":8210,"comment_status":"closed","ping_status":"closed","sticky":false,"template":"","format":"standard","meta":{"_monsterinsights_skip_tracking":false,"footnotes":""},"categories":[200],"tags":[878,489,264],"class_list":["post-8209","post","type-post","status-publish","format-standard","has-post-thumbnail","hentry","category-munkaeropiac","tag-4-napos-munkahet","tag-ai","tag-mesterseges-intelligencia"],"aioseo_notices":[],"aioseo_head":"\n\t\t<!-- All in One SEO 5.0.0.1 - aioseo.com -->\n\t<meta name=\"description\" content=\"A szakemberek m\u00e1s-m\u00e1s v\u00e9lem\u00e9nyen vannak a n\u00e9gynapos munkah\u00e9tr\u0151l, a dolgoz\u00f3k persze \u00f6r\u00fcln\u00e9nek neki, ha fizet\u00e9s\u00fck v\u00e1ltozatlan maradna. A mesters\u00e9ges intelligencia teheti f\u00f6l a pontot az i-re ebben a t\u00e9m\u00e1ban. A n\u00e9gynapos munkah\u00e9t tov\u00e1bbra is forr\u00f3 t\u00e9ma a munkaer\u0151piacon, vil\u00e1gszerte egyre t\u00f6bb c\u00e9g k\u00eds\u00e9rletezik vele. A CNBC cikk\u00e9b\u0151l kider\u00fcl, hogy mennyiben seg\u00edtheti a mesters\u00e9ges intelligencia t\u00e9rnyer\u00e9se\" \/>\n\t<meta name=\"robots\" content=\"max-image-preview:large\" \/>\n\t<meta name=\"author\" content=\"Juh\u00e1sz P\u00e9ter\"\/>\n\t<meta name=\"keywords\" content=\"4 napos munkah\u00e9t,ai,mesters\u00e9ges intelligencia\" \/>\n\t<link rel=\"canonical\" href=\"https:\/\/allasorias.hu\/hirek\/hogyan-dolgozhatunk-negy-napot-egy-heten\/\" \/>\n\t<meta name=\"generator\" content=\"All in One SEO (AIOSEO) 5.0.0.1\" \/>\n\t\t<meta property=\"og:locale\" content=\"hu_HU\" \/>\n\t\t<meta property=\"og:site_name\" content=\"AllasOrias.hu | H\u00edrek-lapszemle | \u00dczleti h\u00edrek az \u00e1ll\u00e1s \u00e9s a munka vil\u00e1g\u00e1b\u00f3l\" \/>\n\t\t<meta property=\"og:type\" content=\"article\" \/>\n\t\t<meta property=\"og:title\" content=\"Hogyan dolgozhatunk n\u00e9gy napot egy h\u00e9ten? | AllasOrias.hu | H\u00edrek-lapszemle\" \/>\n\t\t<meta property=\"og:description\" content=\"A szakemberek m\u00e1s-m\u00e1s v\u00e9lem\u00e9nyen vannak a n\u00e9gynapos munkah\u00e9tr\u0151l, a dolgoz\u00f3k persze \u00f6r\u00fcln\u00e9nek neki, ha fizet\u00e9s\u00fck v\u00e1ltozatlan maradna. A mesters\u00e9ges intelligencia teheti f\u00f6l a pontot az i-re ebben a t\u00e9m\u00e1ban. A n\u00e9gynapos munkah\u00e9t tov\u00e1bbra is forr\u00f3 t\u00e9ma a munkaer\u0151piacon, vil\u00e1gszerte egyre t\u00f6bb c\u00e9g k\u00eds\u00e9rletezik vele. A CNBC cikk\u00e9b\u0151l kider\u00fcl, hogy mennyiben seg\u00edtheti a mesters\u00e9ges intelligencia t\u00e9rnyer\u00e9se\" \/>\n\t\t<meta property=\"og:url\" content=\"https:\/\/allasorias.hu\/hirek\/hogyan-dolgozhatunk-negy-napot-egy-heten\/\" \/>\n\t\t<meta property=\"og:image\" content=\"https:\/\/allasorias.hu\/hirek\/wp-content\/uploads\/2025\/02\/negy-napos-munkahet.jpg\" \/>\n\t\t<meta property=\"og:image:secure_url\" content=\"https:\/\/allasorias.hu\/hirek\/wp-content\/uploads\/2025\/02\/negy-napos-munkahet.jpg\" \/>\n\t\t<meta property=\"og:image:width\" content=\"1920\" \/>\n\t\t<meta property=\"og:image:height\" content=\"1280\" \/>\n\t\t<meta property=\"article:published_time\" content=\"2025-02-20T09:57:28+00:00\" \/>\n\t\t<meta property=\"article:modified_time\" content=\"2025-02-20T09:57:28+00:00\" \/>\n\t\t<meta property=\"article:publisher\" content=\"https:\/\/www.facebook.com\/allasorias\" \/>\n\t\t<meta name=\"twitter:card\" content=\"summary_large_image\" \/>\n\t\t<meta name=\"twitter:title\" content=\"Hogyan dolgozhatunk n\u00e9gy napot egy h\u00e9ten? | AllasOrias.hu | H\u00edrek-lapszemle\" \/>\n\t\t<meta name=\"twitter:description\" content=\"A szakemberek m\u00e1s-m\u00e1s v\u00e9lem\u00e9nyen vannak a n\u00e9gynapos munkah\u00e9tr\u0151l, a dolgoz\u00f3k persze \u00f6r\u00fcln\u00e9nek neki, ha fizet\u00e9s\u00fck v\u00e1ltozatlan maradna. A mesters\u00e9ges intelligencia teheti f\u00f6l a pontot az i-re ebben a t\u00e9m\u00e1ban. A n\u00e9gynapos munkah\u00e9t tov\u00e1bbra is forr\u00f3 t\u00e9ma a munkaer\u0151piacon, vil\u00e1gszerte egyre t\u00f6bb c\u00e9g k\u00eds\u00e9rletezik vele. A CNBC cikk\u00e9b\u0151l kider\u00fcl, hogy mennyiben seg\u00edtheti a mesters\u00e9ges intelligencia t\u00e9rnyer\u00e9se\" \/>\n\t\t<meta name=\"twitter:image\" content=\"https:\/\/allasorias.hu\/hirek\/wp-content\/uploads\/2025\/02\/negy-napos-munkahet.jpg\" \/>\n\t\t<meta name=\"twitter:label1\" content=\"Written by\" \/>\n\t\t<meta name=\"twitter:data1\" content=\"Juh\u00e1sz P\u00e9ter\" \/>\n\t\t<meta name=\"twitter:label2\" content=\"Est. reading time\" \/>\n\t\t<meta name=\"twitter:data2\" content=\"4 minutes\" \/>\n\t\t<script type=\"application\/ld+json\" class=\"aioseo-schema\">\n\t\t\t{\"@context\":\"https:\\\/\\\/schema.org\",\"@graph\":[{\"@type\":\"Article\",\"@id\":\"https:\\\/\\\/allasorias.hu\\\/hirek\\\/hogyan-dolgozhatunk-negy-napot-egy-heten\\\/#article\",\"name\":\"Hogyan dolgozhatunk n\\u00e9gy napot egy h\\u00e9ten? | AllasOrias.hu | H\\u00edrek-lapszemle\",\"headline\":\"Hogyan dolgozhatunk n\\u00e9gy napot egy h\\u00e9ten?\",\"author\":{\"@id\":\"https:\\\/\\\/allasorias.hu\\\/hirek\\\/author\\\/admin-allasorias\\\/#author\"},\"publisher\":{\"@id\":\"https:\\\/\\\/allasorias.hu\\\/hirek\\\/#organization\"},\"image\":{\"@type\":\"ImageObject\",\"url\":\"https:\\\/\\\/allasorias.hu\\\/hirek\\\/wp-content\\\/uploads\\\/2025\\\/02\\\/negy-napos-munkahet.jpg\",\"width\":1920,\"height\":1280,\"caption\":\"Hogyan dolgozhatunk n\\u00e9gy napot egy h\\u00e9ten? - Allasorias.hu\\\/Hirek\"},\"datePublished\":\"2025-02-20T11:57:28+02:00\",\"dateModified\":\"2025-02-20T11:57:28+02:00\",\"inLanguage\":\"hu-HU\",\"mainEntityOfPage\":{\"@id\":\"https:\\\/\\\/allasorias.hu\\\/hirek\\\/hogyan-dolgozhatunk-negy-napot-egy-heten\\\/#webpage\"},\"isPartOf\":{\"@id\":\"https:\\\/\\\/allasorias.hu\\\/hirek\\\/hogyan-dolgozhatunk-negy-napot-egy-heten\\\/#webpage\"},\"articleSection\":\"Munkaer\\u0151piac, 4 napos munkah\\u00e9t, AI, mesters\\u00e9ges intelligencia\"},{\"@type\":\"BreadcrumbList\",\"@id\":\"https:\\\/\\\/allasorias.hu\\\/hirek\\\/hogyan-dolgozhatunk-negy-napot-egy-heten\\\/#breadcrumblist\",\"itemListElement\":[{\"@type\":\"ListItem\",\"@id\":\"https:\\\/\\\/allasorias.hu\\\/hirek#listItem\",\"position\":1,\"name\":\"Home\",\"item\":\"https:\\\/\\\/allasorias.hu\\\/hirek\",\"nextItem\":{\"@type\":\"ListItem\",\"@id\":\"https:\\\/\\\/allasorias.hu\\\/hirek\\\/temak\\\/munkaeropiac\\\/#listItem\",\"name\":\"Munkaer\\u0151piac\"}},{\"@type\":\"ListItem\",\"@id\":\"https:\\\/\\\/allasorias.hu\\\/hirek\\\/temak\\\/munkaeropiac\\\/#listItem\",\"position\":2,\"name\":\"Munkaer\\u0151piac\",\"item\":\"https:\\\/\\\/allasorias.hu\\\/hirek\\\/temak\\\/munkaeropiac\\\/\",\"nextItem\":{\"@type\":\"ListItem\",\"@id\":\"https:\\\/\\\/allasorias.hu\\\/hirek\\\/hogyan-dolgozhatunk-negy-napot-egy-heten\\\/#listItem\",\"name\":\"Hogyan dolgozhatunk n\\u00e9gy napot egy h\\u00e9ten?\"},\"previousItem\":{\"@type\":\"ListItem\",\"@id\":\"https:\\\/\\\/allasorias.hu\\\/hirek#listItem\",\"name\":\"Home\"}},{\"@type\":\"ListItem\",\"@id\":\"https:\\\/\\\/allasorias.hu\\\/hirek\\\/hogyan-dolgozhatunk-negy-napot-egy-heten\\\/#listItem\",\"position\":3,\"name\":\"Hogyan dolgozhatunk n\\u00e9gy napot egy h\\u00e9ten?\",\"previousItem\":{\"@type\":\"ListItem\",\"@id\":\"https:\\\/\\\/allasorias.hu\\\/hirek\\\/temak\\\/munkaeropiac\\\/#listItem\",\"name\":\"Munkaer\\u0151piac\"}}]},{\"@type\":\"Organization\",\"@id\":\"https:\\\/\\\/allasorias.hu\\\/hirek\\\/#organization\",\"name\":\"AllasOrias.hu | H\\u00edrek-lapszemle\",\"description\":\"\\u00dczleti h\\u00edrek az \\u00e1ll\\u00e1s \\u00e9s a munka vil\\u00e1g\\u00e1b\\u00f3l\",\"url\":\"https:\\\/\\\/allasorias.hu\\\/hirek\\\/\",\"logo\":{\"@type\":\"ImageObject\",\"url\":\"https:\\\/\\\/allasorias.hu\\\/hirek\\\/wp-content\\\/uploads\\\/2022\\\/10\\\/allasorias_site_facebok_logo.png\",\"@id\":\"https:\\\/\\\/allasorias.hu\\\/hirek\\\/hogyan-dolgozhatunk-negy-napot-egy-heten\\\/#organizationLogo\"},\"image\":{\"@id\":\"https:\\\/\\\/allasorias.hu\\\/hirek\\\/hogyan-dolgozhatunk-negy-napot-egy-heten\\\/#organizationLogo\"},\"sameAs\":[\"https:\\\/\\\/www.facebook.com\\\/allasorias\",\"https:\\\/\\\/www.linkedin.com\\\/company\\\/allasorias\"]},{\"@type\":\"Person\",\"@id\":\"https:\\\/\\\/allasorias.hu\\\/hirek\\\/author\\\/admin-allasorias\\\/#author\",\"url\":\"https:\\\/\\\/allasorias.hu\\\/hirek\\\/author\\\/admin-allasorias\\\/\",\"name\":\"Juh\\u00e1sz P\\u00e9ter\",\"image\":{\"@type\":\"ImageObject\",\"@id\":\"https:\\\/\\\/allasorias.hu\\\/hirek\\\/hogyan-dolgozhatunk-negy-napot-egy-heten\\\/#authorImage\",\"url\":\"https:\\\/\\\/secure.gravatar.com\\\/avatar\\\/36e6bcb83148978b992977cb0f54d22feb0cce8a0a849a9410532bb2623ba4c6?s=96&d=mm&r=g\",\"width\":96,\"height\":96,\"caption\":\"Juh\\u00e1sz P\\u00e9ter\"}},{\"@type\":\"WebPage\",\"@id\":\"https:\\\/\\\/allasorias.hu\\\/hirek\\\/hogyan-dolgozhatunk-negy-napot-egy-heten\\\/#webpage\",\"url\":\"https:\\\/\\\/allasorias.hu\\\/hirek\\\/hogyan-dolgozhatunk-negy-napot-egy-heten\\\/\",\"name\":\"Hogyan dolgozhatunk n\\u00e9gy napot egy h\\u00e9ten? | AllasOrias.hu | H\\u00edrek-lapszemle\",\"description\":\"A szakemberek m\\u00e1s-m\\u00e1s v\\u00e9lem\\u00e9nyen vannak a n\\u00e9gynapos munkah\\u00e9tr\\u0151l, a dolgoz\\u00f3k persze \\u00f6r\\u00fcln\\u00e9nek neki, ha fizet\\u00e9s\\u00fck v\\u00e1ltozatlan maradna. A mesters\\u00e9ges intelligencia teheti f\\u00f6l a pontot az i-re ebben a t\\u00e9m\\u00e1ban. A n\\u00e9gynapos munkah\\u00e9t tov\\u00e1bbra is forr\\u00f3 t\\u00e9ma a munkaer\\u0151piacon, vil\\u00e1gszerte egyre t\\u00f6bb c\\u00e9g k\\u00eds\\u00e9rletezik vele. A CNBC cikk\\u00e9b\\u0151l kider\\u00fcl, hogy mennyiben seg\\u00edtheti a mesters\\u00e9ges intelligencia t\\u00e9rnyer\\u00e9se\",\"inLanguage\":\"hu-HU\",\"isPartOf\":{\"@id\":\"https:\\\/\\\/allasorias.hu\\\/hirek\\\/#website\"},\"breadcrumb\":{\"@id\":\"https:\\\/\\\/allasorias.hu\\\/hirek\\\/hogyan-dolgozhatunk-negy-napot-egy-heten\\\/#breadcrumblist\"},\"author\":{\"@id\":\"https:\\\/\\\/allasorias.hu\\\/hirek\\\/author\\\/admin-allasorias\\\/#author\"},\"creator\":{\"@id\":\"https:\\\/\\\/allasorias.hu\\\/hirek\\\/author\\\/admin-allasorias\\\/#author\"},\"image\":{\"@type\":\"ImageObject\",\"url\":\"https:\\\/\\\/allasorias.hu\\\/hirek\\\/wp-content\\\/uploads\\\/2025\\\/02\\\/negy-napos-munkahet.jpg\",\"@id\":\"https:\\\/\\\/allasorias.hu\\\/hirek\\\/hogyan-dolgozhatunk-negy-napot-egy-heten\\\/#mainImage\",\"width\":1920,\"height\":1280,\"caption\":\"Hogyan dolgozhatunk n\\u00e9gy napot egy h\\u00e9ten? - Allasorias.hu\\\/Hirek\"},\"primaryImageOfPage\":{\"@id\":\"https:\\\/\\\/allasorias.hu\\\/hirek\\\/hogyan-dolgozhatunk-negy-napot-egy-heten\\\/#mainImage\"},\"datePublished\":\"2025-02-20T11:57:28+02:00\",\"dateModified\":\"2025-02-20T11:57:28+02:00\"},{\"@type\":\"WebSite\",\"@id\":\"https:\\\/\\\/allasorias.hu\\\/hirek\\\/#website\",\"url\":\"https:\\\/\\\/allasorias.hu\\\/hirek\\\/\",\"name\":\"AllasOrias.hu | H\\u00edrek-lapszemle\",\"description\":\"\\u00dczleti h\\u00edrek az \\u00e1ll\\u00e1s \\u00e9s a munka vil\\u00e1g\\u00e1b\\u00f3l\",\"inLanguage\":\"hu-HU\",\"publisher\":{\"@id\":\"https:\\\/\\\/allasorias.hu\\\/hirek\\\/#organization\"}}]}\n\t\t<\/script>\n\t\t<!-- All in One SEO -->\n\n","aioseo_head_json":{"title":"Hogyan dolgozhatunk n\u00e9gy napot egy h\u00e9ten? | AllasOrias.hu | H\u00edrek-lapszemle","description":"A szakemberek m\u00e1s-m\u00e1s v\u00e9lem\u00e9nyen vannak a n\u00e9gynapos munkah\u00e9tr\u0151l, a dolgoz\u00f3k persze \u00f6r\u00fcln\u00e9nek neki, ha fizet\u00e9s\u00fck v\u00e1ltozatlan maradna. A mesters\u00e9ges intelligencia teheti f\u00f6l a pontot az i-re ebben a t\u00e9m\u00e1ban. A n\u00e9gynapos munkah\u00e9t tov\u00e1bbra is forr\u00f3 t\u00e9ma a munkaer\u0151piacon, vil\u00e1gszerte egyre t\u00f6bb c\u00e9g k\u00eds\u00e9rletezik vele. A CNBC cikk\u00e9b\u0151l kider\u00fcl, hogy mennyiben seg\u00edtheti a mesters\u00e9ges intelligencia t\u00e9rnyer\u00e9se","canonical_url":"https:\/\/allasorias.hu\/hirek\/hogyan-dolgozhatunk-negy-napot-egy-heten\/","robots":"max-image-preview:large","keywords":"4 napos munkah\u00e9t,ai,mesters\u00e9ges intelligencia","webmasterTools":{"miscellaneous":""},"schema":{"@context":"https:\/\/schema.org","@graph":[{"@type":"Article","@id":"https:\/\/allasorias.hu\/hirek\/hogyan-dolgozhatunk-negy-napot-egy-heten\/#article","name":"Hogyan dolgozhatunk n\u00e9gy napot egy h\u00e9ten? | AllasOrias.hu | H\u00edrek-lapszemle","headline":"Hogyan dolgozhatunk n\u00e9gy napot egy h\u00e9ten?","author":{"@id":"https:\/\/allasorias.hu\/hirek\/author\/admin-allasorias\/#author"},"publisher":{"@id":"https:\/\/allasorias.hu\/hirek\/#organization"},"image":{"@type":"ImageObject","url":"https:\/\/allasorias.hu\/hirek\/wp-content\/uploads\/2025\/02\/negy-napos-munkahet.jpg","width":1920,"height":1280,"caption":"Hogyan dolgozhatunk n\u00e9gy napot egy h\u00e9ten? - Allasorias.hu\/Hirek"},"datePublished":"2025-02-20T11:57:28+02:00","dateModified":"2025-02-20T11:57:28+02:00","inLanguage":"hu-HU","mainEntityOfPage":{"@id":"https:\/\/allasorias.hu\/hirek\/hogyan-dolgozhatunk-negy-napot-egy-heten\/#webpage"},"isPartOf":{"@id":"https:\/\/allasorias.hu\/hirek\/hogyan-dolgozhatunk-negy-napot-egy-heten\/#webpage"},"articleSection":"Munkaer\u0151piac, 4 napos munkah\u00e9t, AI, mesters\u00e9ges intelligencia"},{"@type":"BreadcrumbList","@id":"https:\/\/allasorias.hu\/hirek\/hogyan-dolgozhatunk-negy-napot-egy-heten\/#breadcrumblist","itemListElement":[{"@type":"ListItem","@id":"https:\/\/allasorias.hu\/hirek#listItem","position":1,"name":"Home","item":"https:\/\/allasorias.hu\/hirek","nextItem":{"@type":"ListItem","@id":"https:\/\/allasorias.hu\/hirek\/temak\/munkaeropiac\/#listItem","name":"Munkaer\u0151piac"}},{"@type":"ListItem","@id":"https:\/\/allasorias.hu\/hirek\/temak\/munkaeropiac\/#listItem","position":2,"name":"Munkaer\u0151piac","item":"https:\/\/allasorias.hu\/hirek\/temak\/munkaeropiac\/","nextItem":{"@type":"ListItem","@id":"https:\/\/allasorias.hu\/hirek\/hogyan-dolgozhatunk-negy-napot-egy-heten\/#listItem","name":"Hogyan dolgozhatunk n\u00e9gy napot egy h\u00e9ten?"},"previousItem":{"@type":"ListItem","@id":"https:\/\/allasorias.hu\/hirek#listItem","name":"Home"}},{"@type":"ListItem","@id":"https:\/\/allasorias.hu\/hirek\/hogyan-dolgozhatunk-negy-napot-egy-heten\/#listItem","position":3,"name":"Hogyan dolgozhatunk n\u00e9gy napot egy h\u00e9ten?","previousItem":{"@type":"ListItem","@id":"https:\/\/allasorias.hu\/hirek\/temak\/munkaeropiac\/#listItem","name":"Munkaer\u0151piac"}}]},{"@type":"Organization","@id":"https:\/\/allasorias.hu\/hirek\/#organization","name":"AllasOrias.hu | H\u00edrek-lapszemle","description":"\u00dczleti h\u00edrek az \u00e1ll\u00e1s \u00e9s a munka vil\u00e1g\u00e1b\u00f3l","url":"https:\/\/allasorias.hu\/hirek\/","logo":{"@type":"ImageObject","url":"https:\/\/allasorias.hu\/hirek\/wp-content\/uploads\/2022\/10\/allasorias_site_facebok_logo.png","@id":"https:\/\/allasorias.hu\/hirek\/hogyan-dolgozhatunk-negy-napot-egy-heten\/#organizationLogo"},"image":{"@id":"https:\/\/allasorias.hu\/hirek\/hogyan-dolgozhatunk-negy-napot-egy-heten\/#organizationLogo"},"sameAs":["https:\/\/www.facebook.com\/allasorias","https:\/\/www.linkedin.com\/company\/allasorias"]},{"@type":"Person","@id":"https:\/\/allasorias.hu\/hirek\/author\/admin-allasorias\/#author","url":"https:\/\/allasorias.hu\/hirek\/author\/admin-allasorias\/","name":"Juh\u00e1sz P\u00e9ter","image":{"@type":"ImageObject","@id":"https:\/\/allasorias.hu\/hirek\/hogyan-dolgozhatunk-negy-napot-egy-heten\/#authorImage","url":"https:\/\/secure.gravatar.com\/avatar\/36e6bcb83148978b992977cb0f54d22feb0cce8a0a849a9410532bb2623ba4c6?s=96&d=mm&r=g","width":96,"height":96,"caption":"Juh\u00e1sz P\u00e9ter"}},{"@type":"WebPage","@id":"https:\/\/allasorias.hu\/hirek\/hogyan-dolgozhatunk-negy-napot-egy-heten\/#webpage","url":"https:\/\/allasorias.hu\/hirek\/hogyan-dolgozhatunk-negy-napot-egy-heten\/","name":"Hogyan dolgozhatunk n\u00e9gy napot egy h\u00e9ten? | AllasOrias.hu | H\u00edrek-lapszemle","description":"A szakemberek m\u00e1s-m\u00e1s v\u00e9lem\u00e9nyen vannak a n\u00e9gynapos munkah\u00e9tr\u0151l, a dolgoz\u00f3k persze \u00f6r\u00fcln\u00e9nek neki, ha fizet\u00e9s\u00fck v\u00e1ltozatlan maradna. A mesters\u00e9ges intelligencia teheti f\u00f6l a pontot az i-re ebben a t\u00e9m\u00e1ban. A n\u00e9gynapos munkah\u00e9t tov\u00e1bbra is forr\u00f3 t\u00e9ma a munkaer\u0151piacon, vil\u00e1gszerte egyre t\u00f6bb c\u00e9g k\u00eds\u00e9rletezik vele. A CNBC cikk\u00e9b\u0151l kider\u00fcl, hogy mennyiben seg\u00edtheti a mesters\u00e9ges intelligencia t\u00e9rnyer\u00e9se","inLanguage":"hu-HU","isPartOf":{"@id":"https:\/\/allasorias.hu\/hirek\/#website"},"breadcrumb":{"@id":"https:\/\/allasorias.hu\/hirek\/hogyan-dolgozhatunk-negy-napot-egy-heten\/#breadcrumblist"},"author":{"@id":"https:\/\/allasorias.hu\/hirek\/author\/admin-allasorias\/#author"},"creator":{"@id":"https:\/\/allasorias.hu\/hirek\/author\/admin-allasorias\/#author"},"image":{"@type":"ImageObject","url":"https:\/\/allasorias.hu\/hirek\/wp-content\/uploads\/2025\/02\/negy-napos-munkahet.jpg","@id":"https:\/\/allasorias.hu\/hirek\/hogyan-dolgozhatunk-negy-napot-egy-heten\/#mainImage","width":1920,"height":1280,"caption":"Hogyan dolgozhatunk n\u00e9gy napot egy h\u00e9ten? - Allasorias.hu\/Hirek"},"primaryImageOfPage":{"@id":"https:\/\/allasorias.hu\/hirek\/hogyan-dolgozhatunk-negy-napot-egy-heten\/#mainImage"},"datePublished":"2025-02-20T11:57:28+02:00","dateModified":"2025-02-20T11:57:28+02:00"},{"@type":"WebSite","@id":"https:\/\/allasorias.hu\/hirek\/#website","url":"https:\/\/allasorias.hu\/hirek\/","name":"AllasOrias.hu | H\u00edrek-lapszemle","description":"\u00dczleti h\u00edrek az \u00e1ll\u00e1s \u00e9s a munka vil\u00e1g\u00e1b\u00f3l","inLanguage":"hu-HU","publisher":{"@id":"https:\/\/allasorias.hu\/hirek\/#organization"}}]},"og:locale":"hu_HU","og:site_name":"AllasOrias.hu | H\u00edrek-lapszemle | \u00dczleti h\u00edrek az \u00e1ll\u00e1s \u00e9s a munka vil\u00e1g\u00e1b\u00f3l","og:type":"article","og:title":"Hogyan dolgozhatunk n\u00e9gy napot egy h\u00e9ten? | AllasOrias.hu | H\u00edrek-lapszemle","og:description":"A szakemberek m\u00e1s-m\u00e1s v\u00e9lem\u00e9nyen vannak a n\u00e9gynapos munkah\u00e9tr\u0151l, a dolgoz\u00f3k persze \u00f6r\u00fcln\u00e9nek neki, ha fizet\u00e9s\u00fck v\u00e1ltozatlan maradna. A mesters\u00e9ges intelligencia teheti f\u00f6l a pontot az i-re ebben a t\u00e9m\u00e1ban. A n\u00e9gynapos munkah\u00e9t tov\u00e1bbra is forr\u00f3 t\u00e9ma a munkaer\u0151piacon, vil\u00e1gszerte egyre t\u00f6bb c\u00e9g k\u00eds\u00e9rletezik vele. A CNBC cikk\u00e9b\u0151l kider\u00fcl, hogy mennyiben seg\u00edtheti a mesters\u00e9ges intelligencia t\u00e9rnyer\u00e9se","og:url":"https:\/\/allasorias.hu\/hirek\/hogyan-dolgozhatunk-negy-napot-egy-heten\/","og:image":"https:\/\/allasorias.hu\/hirek\/wp-content\/uploads\/2025\/02\/negy-napos-munkahet.jpg","og:image:secure_url":"https:\/\/allasorias.hu\/hirek\/wp-content\/uploads\/2025\/02\/negy-napos-munkahet.jpg","og:image:width":1920,"og:image:height":1280,"article:published_time":"2025-02-20T09:57:28+00:00","article:modified_time":"2025-02-20T09:57:28+00:00","article:publisher":"https:\/\/www.facebook.com\/allasorias","twitter:card":"summary_large_image","twitter:title":"Hogyan dolgozhatunk n\u00e9gy napot egy h\u00e9ten? | AllasOrias.hu | H\u00edrek-lapszemle","twitter:description":"A szakemberek m\u00e1s-m\u00e1s v\u00e9lem\u00e9nyen vannak a n\u00e9gynapos munkah\u00e9tr\u0151l, a dolgoz\u00f3k persze \u00f6r\u00fcln\u00e9nek neki, ha fizet\u00e9s\u00fck v\u00e1ltozatlan maradna. A mesters\u00e9ges intelligencia teheti f\u00f6l a pontot az i-re ebben a t\u00e9m\u00e1ban. A n\u00e9gynapos munkah\u00e9t tov\u00e1bbra is forr\u00f3 t\u00e9ma a munkaer\u0151piacon, vil\u00e1gszerte egyre t\u00f6bb c\u00e9g k\u00eds\u00e9rletezik vele. A CNBC cikk\u00e9b\u0151l kider\u00fcl, hogy mennyiben seg\u00edtheti a mesters\u00e9ges intelligencia t\u00e9rnyer\u00e9se","twitter:image":"https:\/\/allasorias.hu\/hirek\/wp-content\/uploads\/2025\/02\/negy-napos-munkahet.jpg","twitter:label1":"Written by","twitter:data1":"Juh\u00e1sz P\u00e9ter","twitter:label2":"Est. reading time","twitter:data2":"4 minutes"},"aioseo_meta_data":{"post_id":"8209","title":null,"description":null,"keywords":null,"keyphrases":{"focus":{"keyphrase":"","score":0,"analysis":{"keyphraseInTitle":{"score":0,"maxScore":9,"error":1}}},"additional":[]},"primary_term":null,"canonical_url":null,"og_title":null,"og_description":null,"og_object_type":"default","og_image_type":"default","og_image_url":null,"og_image_width":null,"og_image_height":null,"og_image_custom_url":null,"og_image_custom_fields":null,"og_video":"","og_custom_url":null,"og_article_section":null,"og_article_tags":null,"twitter_use_og":true,"twitter_card":"default","twitter_image_type":"default","twitter_image_url":null,"twitter_image_custom_url":null,"twitter_image_custom_fields":null,"twitter_title":null,"twitter_description":null,"schema":{"blockGraphs":[],"customGraphs":[],"default":{"data":{"Article":[],"Course":[],"Dataset":[],"FAQPage":[],"Movie":[],"Person":[],"Product":[],"ProductReview":[],"Car":[],"Recipe":[],"Service":[],"SoftwareApplication":[],"WebPage":[]},"graphName":"Article","isEnabled":true},"graphs":[]},"schema_type":"default","schema_type_options":null,"pillar_content":false,"robots_default":true,"robots_noindex":false,"robots_noarchive":false,"robots_nosnippet":false,"robots_nofollow":false,"robots_noimageindex":false,"robots_noodp":false,"robots_notranslate":false,"robots_max_snippet":"-1","robots_max_videopreview":"-1","robots_max_imagepreview":"large","priority":null,"frequency":"default","location":null,"local_seo":null,"breadcrumb_settings":null,"limit_modified_date":false,"ai":null,"created":"2025-02-20 09:29:29","updated":"2025-10-02 20:57:19","seo_analyzer_scan_date":null,"focus_keyword":null,"additional_keywords":null,"truseo_locale":null},"aioseo_breadcrumb":"<div class=\"aioseo-breadcrumbs\"><span class=\"aioseo-breadcrumb\">\n\t\t\t<a href=\"https:\/\/allasorias.hu\/hirek\" title=\"Home\">Home<\/a>\n\t\t<\/span><span class=\"aioseo-breadcrumb-separator\">&raquo;<\/span><span class=\"aioseo-breadcrumb\">\n\t\t\t<a href=\"https:\/\/allasorias.hu\/hirek\/temak\/munkaeropiac\/\" title=\"Munkaer\u0151piac\">Munkaer\u0151piac<\/a>\n\t\t<\/span><span class=\"aioseo-breadcrumb-separator\">&raquo;<\/span><span class=\"aioseo-breadcrumb\">\n\t\t\tHogyan dolgozhatunk n\u00e9gy napot egy h\u00e9ten?\n\t\t<\/span><\/div>","aioseo_breadcrumb_json":[{"label":"Home","link":"https:\/\/allasorias.hu\/hirek"},{"label":"Munkaer\u0151piac","link":"https:\/\/allasorias.hu\/hirek\/temak\/munkaeropiac\/"},{"label":"Hogyan dolgozhatunk n\u00e9gy napot egy h\u00e9ten?","link":"https:\/\/allasorias.hu\/hirek\/hogyan-dolgozhatunk-negy-napot-egy-heten\/"}],"_links":{"self":[{"href":"https:\/\/allasorias.hu\/hirek\/wp-json\/wp\/v2\/posts\/8209","targetHints":{"allow":["GET"]}}],"collection":[{"href":"https:\/\/allasorias.hu\/hirek\/wp-json\/wp\/v2\/posts"}],"about":[{"href":"https:\/\/allasorias.hu\/hirek\/wp-json\/wp\/v2\/types\/post"}],"author":[{"embeddable":true,"href":"https:\/\/allasorias.hu\/hirek\/wp-json\/wp\/v2\/users\/1"}],"replies":[{"embeddable":true,"href":"https:\/\/allasorias.hu\/hirek\/wp-json\/wp\/v2\/comments?post=8209"}],"version-history":[{"count":1,"href":"https:\/\/allasorias.hu\/hirek\/wp-json\/wp\/v2\/posts\/8209\/revisions"}],"predecessor-version":[{"id":8211,"href":"https:\/\/allasorias.hu\/hirek\/wp-json\/wp\/v2\/posts\/8209\/revisions\/8211"}],"wp:featuredmedia":[{"embeddable":true,"href":"https:\/\/allasorias.hu\/hirek\/wp-json\/wp\/v2\/media\/8210"}],"wp:attachment":[{"href":"https:\/\/allasorias.hu\/hirek\/wp-json\/wp\/v2\/media?parent=8209"}],"wp:term":[{"taxonomy":"category","embeddable":true,"href":"https:\/\/allasorias.hu\/hirek\/wp-json\/wp\/v2\/categories?post=8209"},{"taxonomy":"post_tag","embeddable":true,"href":"https:\/\/allasorias.hu\/hirek\/wp-json\/wp\/v2\/tags?post=8209"}],"curies":[{"name":"wp","href":"https:\/\/api.w.org\/{rel}","templated":true}]}}