{"id":8199,"date":"2025-02-14T10:47:34","date_gmt":"2025-02-14T08:47:34","guid":{"rendered":"https:\/\/allasorias.hu\/hirek\/?p=8199"},"modified":"2025-02-14T10:47:34","modified_gmt":"2025-02-14T08:47:34","slug":"munkaeropiaci-helyzet","status":"publish","type":"post","link":"https:\/\/allasorias.hu\/hirek\/munkaeropiaci-helyzet\/","title":{"rendered":"Munkaer\u0151piaci helyzet"},"content":{"rendered":"<p><strong>Tov\u00e1bbra sem enyh\u00fcl a magyar munkaer\u0151piac probl\u00e9ma, miszerint kev\u00e9s a j\u00f3l k\u00e9pzett szakember \u00e9s nagyobb fizet\u00e9s rem\u00e9ny\u00e9ben gyakran v\u00e1ltanak munkahelyet a dolgoz\u00f3k.<\/strong><\/p>\n<p>A glob\u00e1lis bizonytalans\u00e1g \u00e9s a fokoz\u00f3d\u00f3 geopolitikai fesz\u00fclts\u00e9gek mellett az infl\u00e1ci\u00f3 \u00e9s az elh\u00faz\u00f3d\u00f3 v\u00e1ls\u00e1g r\u00e9me k\u00eds\u00e9rt tov\u00e1bbra is a magyar munkaer\u0151piacon \u2013 der\u00fcl ki a Hays friss Salary Guide kiadv\u00e1ny\u00e1b\u00f3l. Ebben a helyzetben komoly kih\u00edv\u00e1s hossz\u00fa t\u00e1vra tervezni, ez\u00e9rt 2024-ben is ink\u00e1bb a befel\u00e9 fordul\u00e1s, a stabiliz\u00e1l\u00e1si sz\u00e1nd\u00e9k jellemezte a munk\u00e1ltat\u00f3kat. A megfelel\u0151en k\u00e9pzett munkaer\u0151 hi\u00e1nya mellett ma m\u00e1r az a c\u00e9gvezet\u0151k egyik legnagyobb probl\u00e9m\u00e1ja, hogy munkav\u00e1llal\u00f3i oldalon n\u00e9ha m\u00e1r t\u00fal magasak lettek a fizet\u00e9si elv\u00e1r\u00e1sok.<\/p>\n<p>A m\u00falt \u00e9vet m\u00e9g bizakod\u00e1ssal kezdhett\u00e9k a magyar v\u00e1llalatok, a recesszi\u00f3 enyh\u00fcl\u00e9s\u00e9t \u00e9s a gazdas\u00e1gi k\u00f6rnyezet javul\u00e1s\u00e1t rem\u00e9lt\u00e9k. A h\u00f3napok el\u0151rehaladt\u00e1val azonban nem lett kevesebb a probl\u00e9m\u00e1juk: az \u00e9p\u00edt\u0151ipart \u00e9s az eg\u00e9szs\u00e9gipart els\u0151sorban a visszafogott \u00e1llami k\u00f6ltekez\u00e9s viselte meg, m\u00edg az exportra termel\u0151 c\u00e9gek a n\u00e9met aut\u00f3gy\u00e1rt\u00f3kat s\u00fajt\u00f3 lassul\u00e1st \u00e9s az amerikai technol\u00f3giai szektorban tapasztalt le\u00e9p\u00edt\u00e9seket \u00e9rezt\u00e9k meg.<\/p>\n<p>A sokasod\u00f3 gondok egy dologra mindenk\u00e9pp j\u00f3k voltak: a v\u00e1llalkoz\u00e1sok t\u00f6bbs\u00e9ge elindult a hat\u00e9konys\u00e1gn\u00f6vel\u00e9s \u00fatj\u00e1n, ennek \u00e9rdek\u00e9ben p\u00e9ld\u00e1ul egyre intenz\u00edvebben haszn\u00e1lj\u00e1k az automatiz\u00e1l\u00e1sban, mesters\u00e9ges intelligenci\u00e1ban rejl\u0151 lehet\u0151s\u00e9geket. \u201e<em>Pesszimista j\u00f6v\u0151k\u00e9p, ugyanakkor lehengerl\u0151 agilit\u00e1s l\u00e1tszik most legink\u00e1bb a munk\u00e1ltat\u00f3kon<\/em>\u201d \u2013 \u00e1llap\u00edtja meg Tammy Nagy-Stellini, a Hays Hungary \u00fcgyvezet\u0151 igazgat\u00f3ja. A friss felm\u00e9r\u00e9s szerint a v\u00e1llalatok legfontosabb strat\u00e9giai c\u00e9ljai id\u00e9n az \u00e1rbev\u00e9tel n\u00f6vel\u00e9se, a versenyk\u00e9pess\u00e9g jav\u00edt\u00e1sa \u00e9s a nagyobb piaci r\u00e9szesed\u00e9s el\u00e9r\u00e9se lesz.<\/p>\n<h2>Nem javult a helyzet a szekemberek ter\u00e9n<\/h2>\n<p>A magyar munkaer\u0151piac akut probl\u00e9m\u00e1ja, hogy nincs el\u00e9g tapasztalt szakember \u00e9s szak\u00e9rt\u0151, egy\u00e1ltal\u00e1n nem enyh\u00fclt \u00e9rdemben. A tart\u00f3s munkaer\u0151hi\u00e1ny pedig oda vezethet, hogy ma m\u00e1r egyre t\u00f6bb c\u00e9gn\u00e9l v\u00e1lnak t\u00falterheltt\u00e9 a szenior munkav\u00e1llal\u00f3k, ami n\u00f6velheti a fluktu\u00e1ci\u00f3t. Ugyanakkor az \u00faj szakemberek megszerz\u00e9se neh\u00e9zkes, a b\u00e9rig\u00e9nyek magasak, ez\u00e9rt a v\u00e1llalatok t\u00f6bbs\u00e9ge ma m\u00e1r ink\u00e1bb a szakk\u00e9pzett munkaer\u0151 megtart\u00e1s\u00e1ra f\u00f3kusz\u00e1l. Az aktu\u00e1lis neh\u00e9zs\u00e9geket \u00e9s a kil\u00e1t\u00e1sokat j\u00f3l jelzi, hogy a munk\u00e1ltat\u00f3k 55 sz\u00e1zal\u00e9ka ink\u00e1bb pesszimista a k\u00f6vetkez\u0151 k\u00e9t-\u00f6t \u00e9vet illet\u0151en.<\/p>\n<p>F\u0151 probl\u00e9mak\u00e9nt pedig a szakemberhi\u00e1ny mellett a m\u0171k\u00f6d\u00e9si k\u00f6lts\u00e9gek emelked\u00e9s\u00e9t \u00e9s a fesz\u00edtett k\u00f6lts\u00e9gvet\u00e9st azonos\u00edtj\u00e1k. A 2025-\u00f6s munkaer\u0151piaci c\u00e9lok k\u00f6z\u00fcl a t\u00f6bbs\u00e9g a l\u00e9tsz\u00e1m megtart\u00e1s\u00e1t emelte ki, minden m\u00e1sodik c\u00e9g megeml\u00edtette ezt. Ugyanakkor azt is elismert\u00e9k, hogy a megfelel\u0151 jel\u00f6ltek megtal\u00e1l\u00e1s\u00e1nak els\u0151dleges akad\u00e1lya a fizet\u00e9si ig\u00e9ny, illetve az intenz\u00edv verseny m\u00e1s v\u00e1llalatokkal.<\/p>\n<h2>A munkav\u00e1llal\u00f3k nagyr\u00e9sze bor\u00fal\u00e1t\u00f3<\/h2>\n<p>A munkav\u00e1llal\u00f3i oldalt m\u00e9g er\u0151sebb pesszimizmus jellemzi a Hays felm\u00e9r\u00e9se szerint. A dolgoz\u00f3k majdnem 60 sz\u00e1zal\u00e9ka ink\u00e1bb vagy teljesen bor\u00fal\u00e1t\u00f3 a makrogazdas\u00e1gi k\u00f6r\u00fclm\u00e9nyek munkaer\u0151piaci hat\u00e1sait illet\u0151en a k\u00f6vetkez\u0151 k\u00e9t-\u00f6t \u00e9vben, mik\u00f6zben egy \u00e9vvel ezel\u0151tt a mostani \u00e9rt\u00e9k mind\u00f6ssze fele volt a bor\u00fat\u00e1l\u00f3k ar\u00e1nya. \u00dagy t\u0171nik, az elm\u00falt \u00e9vek neh\u00e9zs\u00e9gei ut\u00e1n a munkav\u00e1llal\u00f3k igyekeznek felk\u00e9sz\u00fclni a legrosszabbra: csup\u00e1n a megk\u00e9rdezettek 11 sz\u00e1zal\u00e9ka viszonyult teljesen vagy r\u00e9szben optimist\u00e1n a kil\u00e1t\u00e1sokhoz, ami j\u00f3val kevesebb, mint az egy \u00e9vvel kor\u00e1bban m\u00e9rt 30 sz\u00e1zal\u00e9k.<\/p>\n<p>Az elm\u00falt \u00e9vekben a magas infl\u00e1ci\u00f3 a munkaad\u00f3kat is r\u00e1k\u00e9nyszer\u00edtette az intenz\u00edv b\u00e9remel\u00e9sre. Ez mostanra oda vezetett, hogy a felm\u00e9r\u00e9sben r\u00e9sztvev\u0151 c\u00e9gvezet\u0151k egyik f\u0151 probl\u00e9mak\u00e9nt jel\u00f6lt\u00e9k meg a munkav\u00e1llal\u00f3k magas b\u00e9rig\u00e9nyeit. Emellett a k\u00e9pzett munkaer\u0151 sz\u0171k\u00f6ss\u00e9ge \u00e9s a megfelel\u0151 dolgoz\u00f3k\u00e9rt folytatott intenz\u00edv verseny jellemzi szerint\u00fck legink\u00e1bb a magyar munkaer\u0151piacot.<\/p>\n<ul>\n<li>Az irre\u00e1lis fizet\u00e9si ig\u00e9nyeket a felm\u00e9r\u00e9sben r\u00e9sztvev\u0151 c\u00e9gvezet\u0151k 55 sz\u00e1zal\u00e9ka eml\u00edtette els\u0151dleges gondk\u00e9nt,<\/li>\n<li>m\u00e1sodik helyen a k\u00e9pzett munkaer\u0151 hi\u00e1nya szerepel (50%),<\/li>\n<li>m\u00edg a harmadik a munkaer\u0151\u00e9rt folytatott verseny lett (42%).<\/li>\n<\/ul>\n<h2>B\u00e9rig\u00e9nyek \u00e9s fizet\u00e9semel\u00e9sek<\/h2>\n<p>A munkav\u00e1llal\u00f3k majdnem k\u00e9tharmada (64%) jelenleg teljesen vagy nagyobb r\u00e9szben el\u00e9gedett a munkahely\u00e9vel, 53 sz\u00e1zal\u00e9kuk pedig az aktu\u00e1lis fizet\u00e9s\u00e9r\u0151l is hasonl\u00f3an nyilatkozott. Ugyanakkor tagadhatatlan a roml\u00f3 tendencia: m\u00e1r alig vannak t\u00f6bbs\u00e9gben az el\u00e9gedett munkav\u00e1llal\u00f3k, a teljesen el\u00e9gedetlenek ar\u00e1nya pedig az egy \u00e9vvel ezel\u0151tti 8-r\u00f3l 13 sz\u00e1zal\u00e9kra emelkedett.<\/p>\n<p>A munkav\u00e1llal\u00f3k legnagyobb r\u00e9sze (31%) 2025-ben 6-10 sz\u00e1zal\u00e9kos fizet\u00e9semelked\u00e9sre sz\u00e1m\u00edt. Ett\u0151l nem sokkal marad el azok ar\u00e1nya, akik enn\u00e9l szer\u00e9nyebb, 2,5-5 sz\u00e1zal\u00e9kos emel\u00e9st (23%) vagy v\u00e1ltozatlan b\u00e9rszintet v\u00e1rnak (21%) id\u00e9n. \u201e<em>Ezen a ponton tal\u00e1lkoznak a munkav\u00e1llal\u00f3k \u00e9s a munk\u00e1ltat\u00f3i oldal v\u00e1rakoz\u00e1sai: a c\u00e9gek 42 sz\u00e1zal\u00e9ka szint\u00e9n 6-10 sz\u00e1zal\u00e9k k\u00f6z\u00f6tti b\u00e9remel\u00e9sre k\u00e9sz\u00fcl 2025-ben<\/em>\u201d \u2013 \u00e1llap\u00edtja meg Katona Tibor, a Hays kereskedelmi igazgat\u00f3ja.<\/p>\n<p>T\u00edz sz\u00e1zal\u00e9k feletti b\u00e9remel\u00e9st mind\u00f6ssze a magyar v\u00e1llalkoz\u00e1sok alig nyolcada (12%) tervez az \u00e9v elej\u00e9n. Ek\u00f6zben a dolgoz\u00f3k k\u00f6z\u00fcl minden \u00f6t\u00f6dik (20%) sz\u00e1m\u00edt ekkora emel\u00e9sre, ami azt vet\u00edti el\u0151re, hogy id\u00e9n is lehetnek olyanok, akik csal\u00f3dnak majd. A b\u00e9ren k\u00edv\u00fcli juttat\u00e1sokat vizsg\u00e1lva a dolgoz\u00f3k t\u00f6bb mint h\u00e1romnegyede kap cafeteri\u00e1t, a home office sz\u0171k\u00fcl\u00e9s\u00e9vel pedig egyre ink\u00e1bb fel\u00e9rt\u00e9kel\u0151dik a k\u00fcl\u00f6n juttat\u00e1sk\u00e9nt adott rugalmas munkav\u00e9gz\u00e9si lehet\u0151s\u00e9g. Emellett tov\u00e1bbra is sl\u00e1ger a mag\u00e1neg\u00e9szs\u00e9g\u00fcgyi ell\u00e1t\u00e1s \u00e9s a c\u00e9ges aut\u00f3. Az irodai munkav\u00e9gz\u00e9s fokozatosan nyer teret: a teljesen szem\u00e9lyes jelenl\u00e9tet k\u00edv\u00e1n\u00f3 tev\u00e9kenys\u00e9gek ar\u00e1nya egy \u00e9v alatt 19-r\u0151l 27 sz\u00e1zal\u00e9kra emelkedett a c\u00e9gek v\u00e1laszaiban.<\/p>\n<h2>Elt\u00e9r\u00e9sek a soft skillek fejleszt\u00e9se ter\u00e9n<\/h2>\n<p>A Hays szak\u00e9rt\u0151i meglep\u0151 eredm\u00e9nynek tartj\u00e1k, mennyire elt\u00e9rnek a munk\u00e1ltat\u00f3i ig\u00e9nyek \u00e9s a munkav\u00e1llal\u00f3i tervek a felm\u00e9r\u00e9s szerint az \u00fagynevezett soft skillek ter\u00fclet\u00e9n. A c\u00e9gek els\u0151sorban a t\u00e1rgyal\u00e1si \u00e9s kommunik\u00e1ci\u00f3s k\u00e9pess\u00e9geket, valamint az emberek menedzsel\u00e9s\u00e9t eml\u00edtett\u00e9k fejlesztend\u0151 ter\u00fcletk\u00e9nt, m\u00edg a munkav\u00e1llal\u00f3k legsz\u00edvesebben a probl\u00e9mamegold\u00f3 k\u00e9pess\u00e9g\u00fckre, a rugalmass\u00e1gukra \u00e9s az egy\u00fcttm\u0171k\u00f6d\u00e9si k\u00e9szs\u00e9g\u00fckre ford\u00edtan\u00e1nak figyelmet.<\/p>\n<p>Tammy Nagy-Stellini szerint az elk\u00e9pzel\u00e9sek k\u00f6z\u00f6tt mutatkoz\u00f3 jelent\u0151s szakad\u00e9kot \u00e9rdemes komolyan venni, mert a munkav\u00e1llal\u00f3k megfelel\u0151 k\u00e9pz\u00e9s\u00e9re ford\u00edtott figyelem \u00e9s k\u00f6lts\u00e9gvet\u00e9s komoly megtart\u00f3 eszk\u00f6z lehet a munk\u00e1ltat\u00f3k kez\u00e9ben. B\u00e1r nagyr\u00e9szt finansz\u00edroz\u00e1si k\u00e9rd\u00e9s, az \u00faj technol\u00f3giai megold\u00e1sok hat\u00e9konys\u00e1gjav\u00edt\u00f3 szerep\u00e9t a munkav\u00e1llal\u00f3k m\u00e1r felismert\u00e9k: k\u00e9tharmaduk sz\u00e1molt be arr\u00f3l a felm\u00e9r\u00e9sben, hogy haszn\u00e1l valamilyen mesters\u00e9ges intelligencia alap\u00fa megold\u00e1st, ami seg\u00edti a munk\u00e1j\u00e1t.<\/p>\n<p>Tov\u00e1bb\u00e1, t\u00edzb\u0151l majdnem kilencen (87,5%) lenn\u00e9nek hajland\u00f3ak ak\u00e1r speci\u00e1lis k\u00e9pz\u00e9sen is r\u00e9szt venni ilyen ter\u00fcleten. Az AI-alap\u00fa eszk\u00f6z\u00f6k munkahelyi haszn\u00e1lata azonban m\u00e1r a kezdetekt\u0151l felvetett probl\u00e9m\u00e1s k\u00e9rd\u00e9seket a munk\u00e1ltat\u00f3i oldalon. A k\u00f6lts\u00e9gek melletti k\u00e9t legfontosabb agg\u00e1ly az el\u0151z\u0151 \u00e9vi felm\u00e9r\u00e9s eredm\u00e9nyeivel t\u00f6k\u00e9letesen egybev\u00e1g id\u00e9n is: az AI haszn\u00e1lata adatv\u00e9delmi \u00e9s biztons\u00e1gi kock\u00e1zatokat rejthet.<\/p>\n<p>Forr\u00e1s: <a href=\"https:\/\/www.penzcentrum.hu\/karrier\/20250212\/nincs-mese-penz-beszel-kutya-ugat-ha-nem-kapnak-beremelest-a-magyarok-valtanak-1174537\" target=\"_blank\" rel=\"nofollow noopener noreferrer\">penzcentrum.hu<\/a><\/p>\n","protected":false},"excerpt":{"rendered":"<p>Tov\u00e1bbra sem enyh\u00fcl a magyar munkaer\u0151piac probl\u00e9ma, miszerint kev\u00e9s a j\u00f3l k\u00e9pzett szakember \u00e9s nagyobb fizet\u00e9s rem\u00e9ny\u00e9ben gyakran v\u00e1ltanak munkahelyet a dolgoz\u00f3k. A glob\u00e1lis bizonytalans\u00e1g \u00e9s a fokoz\u00f3d\u00f3 geopolitikai fesz\u00fclts\u00e9gek mellett az infl\u00e1ci\u00f3 \u00e9s az elh\u00faz\u00f3d\u00f3 v\u00e1ls\u00e1g r\u00e9me k\u00eds\u00e9rt tov\u00e1bbra is a magyar munkaer\u0151piacon \u2013 der\u00fcl ki a Hays friss Salary Guide kiadv\u00e1ny\u00e1b\u00f3l. Ebben a [&hellip;]<\/p>\n","protected":false},"author":1,"featured_media":8200,"comment_status":"closed","ping_status":"closed","sticky":false,"template":"","format":"standard","meta":{"_monsterinsights_skip_tracking":false,"footnotes":""},"categories":[200],"tags":[],"class_list":["post-8199","post","type-post","status-publish","format-standard","has-post-thumbnail","hentry","category-munkaeropiac"],"aioseo_notices":[],"aioseo_head":"\n\t\t<!-- All in One SEO 5.0.0.1 - aioseo.com -->\n\t<meta name=\"description\" content=\"Tov\u00e1bbra sem enyh\u00fcl a magyar munkaer\u0151piac probl\u00e9ma, miszerint kev\u00e9s a j\u00f3l k\u00e9pzett szakember \u00e9s nagyobb fizet\u00e9s miatt gyakran v\u00e1ltanak munkahelyet a dolgoz\u00f3k.\" \/>\n\t<meta name=\"robots\" content=\"max-image-preview:large\" \/>\n\t<meta name=\"author\" content=\"Juh\u00e1sz P\u00e9ter\"\/>\n\t<link rel=\"canonical\" href=\"https:\/\/allasorias.hu\/hirek\/munkaeropiaci-helyzet\/\" \/>\n\t<meta name=\"generator\" content=\"All in One SEO (AIOSEO) 5.0.0.1\" \/>\n\t\t<meta property=\"og:locale\" content=\"hu_HU\" \/>\n\t\t<meta property=\"og:site_name\" content=\"AllasOrias.hu | H\u00edrek-lapszemle | \u00dczleti h\u00edrek az \u00e1ll\u00e1s \u00e9s a munka vil\u00e1g\u00e1b\u00f3l\" \/>\n\t\t<meta property=\"og:type\" content=\"article\" \/>\n\t\t<meta property=\"og:title\" content=\"Munkaer\u0151piaci helyzet | Allasorias.hu\/Hirek\" \/>\n\t\t<meta property=\"og:description\" content=\"Tov\u00e1bbra sem enyh\u00fcl a magyar munkaer\u0151piac probl\u00e9ma, miszerint kev\u00e9s a j\u00f3l k\u00e9pzett szakember \u00e9s nagyobb fizet\u00e9s miatt gyakran v\u00e1ltanak munkahelyet a dolgoz\u00f3k.\" \/>\n\t\t<meta property=\"og:url\" content=\"https:\/\/allasorias.hu\/hirek\/munkaeropiaci-helyzet\/\" \/>\n\t\t<meta property=\"og:image\" content=\"https:\/\/allasorias.hu\/hirek\/wp-content\/uploads\/2025\/02\/munkaeropiaci-helyzet-2025.jpg\" \/>\n\t\t<meta property=\"og:image:secure_url\" content=\"https:\/\/allasorias.hu\/hirek\/wp-content\/uploads\/2025\/02\/munkaeropiaci-helyzet-2025.jpg\" \/>\n\t\t<meta property=\"og:image:width\" content=\"1920\" \/>\n\t\t<meta property=\"og:image:height\" content=\"975\" \/>\n\t\t<meta property=\"article:published_time\" content=\"2025-02-14T08:47:34+00:00\" \/>\n\t\t<meta property=\"article:modified_time\" content=\"2025-02-14T08:47:34+00:00\" \/>\n\t\t<meta property=\"article:publisher\" content=\"https:\/\/www.facebook.com\/allasorias\" \/>\n\t\t<meta name=\"twitter:card\" content=\"summary_large_image\" \/>\n\t\t<meta name=\"twitter:title\" content=\"Munkaer\u0151piaci helyzet | Allasorias.hu\/Hirek\" \/>\n\t\t<meta name=\"twitter:description\" content=\"Tov\u00e1bbra sem enyh\u00fcl a magyar munkaer\u0151piac probl\u00e9ma, miszerint kev\u00e9s a j\u00f3l k\u00e9pzett szakember \u00e9s nagyobb fizet\u00e9s miatt gyakran v\u00e1ltanak munkahelyet a dolgoz\u00f3k.\" \/>\n\t\t<meta name=\"twitter:image\" content=\"https:\/\/allasorias.hu\/hirek\/wp-content\/uploads\/2025\/02\/munkaeropiaci-helyzet-2025.jpg\" \/>\n\t\t<meta name=\"twitter:label1\" content=\"Written by\" \/>\n\t\t<meta name=\"twitter:data1\" content=\"Juh\u00e1sz P\u00e9ter\" \/>\n\t\t<meta name=\"twitter:label2\" content=\"Est. reading time\" \/>\n\t\t<meta name=\"twitter:data2\" content=\"8 minutes\" \/>\n\t\t<script type=\"application\/ld+json\" class=\"aioseo-schema\">\n\t\t\t{\"@context\":\"https:\\\/\\\/schema.org\",\"@graph\":[{\"@type\":\"Article\",\"@id\":\"https:\\\/\\\/allasorias.hu\\\/hirek\\\/munkaeropiaci-helyzet\\\/#article\",\"name\":\"Munkaer\\u0151piaci helyzet | Allasorias.hu\\\/Hirek\",\"headline\":\"Munkaer\\u0151piaci helyzet\",\"author\":{\"@id\":\"https:\\\/\\\/allasorias.hu\\\/hirek\\\/author\\\/admin-allasorias\\\/#author\"},\"publisher\":{\"@id\":\"https:\\\/\\\/allasorias.hu\\\/hirek\\\/#organization\"},\"image\":{\"@type\":\"ImageObject\",\"url\":\"https:\\\/\\\/allasorias.hu\\\/hirek\\\/wp-content\\\/uploads\\\/2025\\\/02\\\/munkaeropiaci-helyzet-2025.jpg\",\"width\":1920,\"height\":975,\"caption\":\"Munkaer\\u0151piaci helyzet - Allasorias.hu\\\/Hirek\"},\"datePublished\":\"2025-02-14T10:47:34+02:00\",\"dateModified\":\"2025-02-14T10:47:34+02:00\",\"inLanguage\":\"hu-HU\",\"mainEntityOfPage\":{\"@id\":\"https:\\\/\\\/allasorias.hu\\\/hirek\\\/munkaeropiaci-helyzet\\\/#webpage\"},\"isPartOf\":{\"@id\":\"https:\\\/\\\/allasorias.hu\\\/hirek\\\/munkaeropiaci-helyzet\\\/#webpage\"},\"articleSection\":\"Munkaer\\u0151piac\"},{\"@type\":\"BreadcrumbList\",\"@id\":\"https:\\\/\\\/allasorias.hu\\\/hirek\\\/munkaeropiaci-helyzet\\\/#breadcrumblist\",\"itemListElement\":[{\"@type\":\"ListItem\",\"@id\":\"https:\\\/\\\/allasorias.hu\\\/hirek#listItem\",\"position\":1,\"name\":\"Home\",\"item\":\"https:\\\/\\\/allasorias.hu\\\/hirek\",\"nextItem\":{\"@type\":\"ListItem\",\"@id\":\"https:\\\/\\\/allasorias.hu\\\/hirek\\\/temak\\\/munkaeropiac\\\/#listItem\",\"name\":\"Munkaer\\u0151piac\"}},{\"@type\":\"ListItem\",\"@id\":\"https:\\\/\\\/allasorias.hu\\\/hirek\\\/temak\\\/munkaeropiac\\\/#listItem\",\"position\":2,\"name\":\"Munkaer\\u0151piac\",\"item\":\"https:\\\/\\\/allasorias.hu\\\/hirek\\\/temak\\\/munkaeropiac\\\/\",\"nextItem\":{\"@type\":\"ListItem\",\"@id\":\"https:\\\/\\\/allasorias.hu\\\/hirek\\\/munkaeropiaci-helyzet\\\/#listItem\",\"name\":\"Munkaer\\u0151piaci helyzet\"},\"previousItem\":{\"@type\":\"ListItem\",\"@id\":\"https:\\\/\\\/allasorias.hu\\\/hirek#listItem\",\"name\":\"Home\"}},{\"@type\":\"ListItem\",\"@id\":\"https:\\\/\\\/allasorias.hu\\\/hirek\\\/munkaeropiaci-helyzet\\\/#listItem\",\"position\":3,\"name\":\"Munkaer\\u0151piaci helyzet\",\"previousItem\":{\"@type\":\"ListItem\",\"@id\":\"https:\\\/\\\/allasorias.hu\\\/hirek\\\/temak\\\/munkaeropiac\\\/#listItem\",\"name\":\"Munkaer\\u0151piac\"}}]},{\"@type\":\"Organization\",\"@id\":\"https:\\\/\\\/allasorias.hu\\\/hirek\\\/#organization\",\"name\":\"AllasOrias.hu | H\\u00edrek-lapszemle\",\"description\":\"\\u00dczleti h\\u00edrek az \\u00e1ll\\u00e1s \\u00e9s a munka vil\\u00e1g\\u00e1b\\u00f3l\",\"url\":\"https:\\\/\\\/allasorias.hu\\\/hirek\\\/\",\"logo\":{\"@type\":\"ImageObject\",\"url\":\"https:\\\/\\\/allasorias.hu\\\/hirek\\\/wp-content\\\/uploads\\\/2022\\\/10\\\/allasorias_site_facebok_logo.png\",\"@id\":\"https:\\\/\\\/allasorias.hu\\\/hirek\\\/munkaeropiaci-helyzet\\\/#organizationLogo\"},\"image\":{\"@id\":\"https:\\\/\\\/allasorias.hu\\\/hirek\\\/munkaeropiaci-helyzet\\\/#organizationLogo\"},\"sameAs\":[\"https:\\\/\\\/www.facebook.com\\\/allasorias\",\"https:\\\/\\\/www.linkedin.com\\\/company\\\/allasorias\"]},{\"@type\":\"Person\",\"@id\":\"https:\\\/\\\/allasorias.hu\\\/hirek\\\/author\\\/admin-allasorias\\\/#author\",\"url\":\"https:\\\/\\\/allasorias.hu\\\/hirek\\\/author\\\/admin-allasorias\\\/\",\"name\":\"Juh\\u00e1sz P\\u00e9ter\",\"image\":{\"@type\":\"ImageObject\",\"@id\":\"https:\\\/\\\/allasorias.hu\\\/hirek\\\/munkaeropiaci-helyzet\\\/#authorImage\",\"url\":\"https:\\\/\\\/secure.gravatar.com\\\/avatar\\\/36e6bcb83148978b992977cb0f54d22feb0cce8a0a849a9410532bb2623ba4c6?s=96&d=mm&r=g\",\"width\":96,\"height\":96,\"caption\":\"Juh\\u00e1sz P\\u00e9ter\"}},{\"@type\":\"WebPage\",\"@id\":\"https:\\\/\\\/allasorias.hu\\\/hirek\\\/munkaeropiaci-helyzet\\\/#webpage\",\"url\":\"https:\\\/\\\/allasorias.hu\\\/hirek\\\/munkaeropiaci-helyzet\\\/\",\"name\":\"Munkaer\\u0151piaci helyzet | Allasorias.hu\\\/Hirek\",\"description\":\"Tov\\u00e1bbra sem enyh\\u00fcl a magyar munkaer\\u0151piac probl\\u00e9ma, miszerint kev\\u00e9s a j\\u00f3l k\\u00e9pzett szakember \\u00e9s nagyobb fizet\\u00e9s miatt gyakran v\\u00e1ltanak munkahelyet a dolgoz\\u00f3k.\",\"inLanguage\":\"hu-HU\",\"isPartOf\":{\"@id\":\"https:\\\/\\\/allasorias.hu\\\/hirek\\\/#website\"},\"breadcrumb\":{\"@id\":\"https:\\\/\\\/allasorias.hu\\\/hirek\\\/munkaeropiaci-helyzet\\\/#breadcrumblist\"},\"author\":{\"@id\":\"https:\\\/\\\/allasorias.hu\\\/hirek\\\/author\\\/admin-allasorias\\\/#author\"},\"creator\":{\"@id\":\"https:\\\/\\\/allasorias.hu\\\/hirek\\\/author\\\/admin-allasorias\\\/#author\"},\"image\":{\"@type\":\"ImageObject\",\"url\":\"https:\\\/\\\/allasorias.hu\\\/hirek\\\/wp-content\\\/uploads\\\/2025\\\/02\\\/munkaeropiaci-helyzet-2025.jpg\",\"@id\":\"https:\\\/\\\/allasorias.hu\\\/hirek\\\/munkaeropiaci-helyzet\\\/#mainImage\",\"width\":1920,\"height\":975,\"caption\":\"Munkaer\\u0151piaci helyzet - Allasorias.hu\\\/Hirek\"},\"primaryImageOfPage\":{\"@id\":\"https:\\\/\\\/allasorias.hu\\\/hirek\\\/munkaeropiaci-helyzet\\\/#mainImage\"},\"datePublished\":\"2025-02-14T10:47:34+02:00\",\"dateModified\":\"2025-02-14T10:47:34+02:00\"},{\"@type\":\"WebSite\",\"@id\":\"https:\\\/\\\/allasorias.hu\\\/hirek\\\/#website\",\"url\":\"https:\\\/\\\/allasorias.hu\\\/hirek\\\/\",\"name\":\"AllasOrias.hu | H\\u00edrek-lapszemle\",\"description\":\"\\u00dczleti h\\u00edrek az \\u00e1ll\\u00e1s \\u00e9s a munka vil\\u00e1g\\u00e1b\\u00f3l\",\"inLanguage\":\"hu-HU\",\"publisher\":{\"@id\":\"https:\\\/\\\/allasorias.hu\\\/hirek\\\/#organization\"}}]}\n\t\t<\/script>\n\t\t<!-- All in One SEO -->\n\n","aioseo_head_json":{"title":"Munkaer\u0151piaci helyzet | Allasorias.hu\/Hirek","description":"Tov\u00e1bbra sem enyh\u00fcl a magyar munkaer\u0151piac probl\u00e9ma, miszerint kev\u00e9s a j\u00f3l k\u00e9pzett szakember \u00e9s nagyobb fizet\u00e9s miatt gyakran v\u00e1ltanak munkahelyet a dolgoz\u00f3k.","canonical_url":"https:\/\/allasorias.hu\/hirek\/munkaeropiaci-helyzet\/","robots":"max-image-preview:large","keywords":"","webmasterTools":{"miscellaneous":""},"schema":{"@context":"https:\/\/schema.org","@graph":[{"@type":"Article","@id":"https:\/\/allasorias.hu\/hirek\/munkaeropiaci-helyzet\/#article","name":"Munkaer\u0151piaci helyzet | Allasorias.hu\/Hirek","headline":"Munkaer\u0151piaci helyzet","author":{"@id":"https:\/\/allasorias.hu\/hirek\/author\/admin-allasorias\/#author"},"publisher":{"@id":"https:\/\/allasorias.hu\/hirek\/#organization"},"image":{"@type":"ImageObject","url":"https:\/\/allasorias.hu\/hirek\/wp-content\/uploads\/2025\/02\/munkaeropiaci-helyzet-2025.jpg","width":1920,"height":975,"caption":"Munkaer\u0151piaci helyzet - Allasorias.hu\/Hirek"},"datePublished":"2025-02-14T10:47:34+02:00","dateModified":"2025-02-14T10:47:34+02:00","inLanguage":"hu-HU","mainEntityOfPage":{"@id":"https:\/\/allasorias.hu\/hirek\/munkaeropiaci-helyzet\/#webpage"},"isPartOf":{"@id":"https:\/\/allasorias.hu\/hirek\/munkaeropiaci-helyzet\/#webpage"},"articleSection":"Munkaer\u0151piac"},{"@type":"BreadcrumbList","@id":"https:\/\/allasorias.hu\/hirek\/munkaeropiaci-helyzet\/#breadcrumblist","itemListElement":[{"@type":"ListItem","@id":"https:\/\/allasorias.hu\/hirek#listItem","position":1,"name":"Home","item":"https:\/\/allasorias.hu\/hirek","nextItem":{"@type":"ListItem","@id":"https:\/\/allasorias.hu\/hirek\/temak\/munkaeropiac\/#listItem","name":"Munkaer\u0151piac"}},{"@type":"ListItem","@id":"https:\/\/allasorias.hu\/hirek\/temak\/munkaeropiac\/#listItem","position":2,"name":"Munkaer\u0151piac","item":"https:\/\/allasorias.hu\/hirek\/temak\/munkaeropiac\/","nextItem":{"@type":"ListItem","@id":"https:\/\/allasorias.hu\/hirek\/munkaeropiaci-helyzet\/#listItem","name":"Munkaer\u0151piaci helyzet"},"previousItem":{"@type":"ListItem","@id":"https:\/\/allasorias.hu\/hirek#listItem","name":"Home"}},{"@type":"ListItem","@id":"https:\/\/allasorias.hu\/hirek\/munkaeropiaci-helyzet\/#listItem","position":3,"name":"Munkaer\u0151piaci helyzet","previousItem":{"@type":"ListItem","@id":"https:\/\/allasorias.hu\/hirek\/temak\/munkaeropiac\/#listItem","name":"Munkaer\u0151piac"}}]},{"@type":"Organization","@id":"https:\/\/allasorias.hu\/hirek\/#organization","name":"AllasOrias.hu | H\u00edrek-lapszemle","description":"\u00dczleti h\u00edrek az \u00e1ll\u00e1s \u00e9s a munka vil\u00e1g\u00e1b\u00f3l","url":"https:\/\/allasorias.hu\/hirek\/","logo":{"@type":"ImageObject","url":"https:\/\/allasorias.hu\/hirek\/wp-content\/uploads\/2022\/10\/allasorias_site_facebok_logo.png","@id":"https:\/\/allasorias.hu\/hirek\/munkaeropiaci-helyzet\/#organizationLogo"},"image":{"@id":"https:\/\/allasorias.hu\/hirek\/munkaeropiaci-helyzet\/#organizationLogo"},"sameAs":["https:\/\/www.facebook.com\/allasorias","https:\/\/www.linkedin.com\/company\/allasorias"]},{"@type":"Person","@id":"https:\/\/allasorias.hu\/hirek\/author\/admin-allasorias\/#author","url":"https:\/\/allasorias.hu\/hirek\/author\/admin-allasorias\/","name":"Juh\u00e1sz P\u00e9ter","image":{"@type":"ImageObject","@id":"https:\/\/allasorias.hu\/hirek\/munkaeropiaci-helyzet\/#authorImage","url":"https:\/\/secure.gravatar.com\/avatar\/36e6bcb83148978b992977cb0f54d22feb0cce8a0a849a9410532bb2623ba4c6?s=96&d=mm&r=g","width":96,"height":96,"caption":"Juh\u00e1sz P\u00e9ter"}},{"@type":"WebPage","@id":"https:\/\/allasorias.hu\/hirek\/munkaeropiaci-helyzet\/#webpage","url":"https:\/\/allasorias.hu\/hirek\/munkaeropiaci-helyzet\/","name":"Munkaer\u0151piaci helyzet | Allasorias.hu\/Hirek","description":"Tov\u00e1bbra sem enyh\u00fcl a magyar munkaer\u0151piac probl\u00e9ma, miszerint kev\u00e9s a j\u00f3l k\u00e9pzett szakember \u00e9s nagyobb fizet\u00e9s miatt gyakran v\u00e1ltanak munkahelyet a dolgoz\u00f3k.","inLanguage":"hu-HU","isPartOf":{"@id":"https:\/\/allasorias.hu\/hirek\/#website"},"breadcrumb":{"@id":"https:\/\/allasorias.hu\/hirek\/munkaeropiaci-helyzet\/#breadcrumblist"},"author":{"@id":"https:\/\/allasorias.hu\/hirek\/author\/admin-allasorias\/#author"},"creator":{"@id":"https:\/\/allasorias.hu\/hirek\/author\/admin-allasorias\/#author"},"image":{"@type":"ImageObject","url":"https:\/\/allasorias.hu\/hirek\/wp-content\/uploads\/2025\/02\/munkaeropiaci-helyzet-2025.jpg","@id":"https:\/\/allasorias.hu\/hirek\/munkaeropiaci-helyzet\/#mainImage","width":1920,"height":975,"caption":"Munkaer\u0151piaci helyzet - Allasorias.hu\/Hirek"},"primaryImageOfPage":{"@id":"https:\/\/allasorias.hu\/hirek\/munkaeropiaci-helyzet\/#mainImage"},"datePublished":"2025-02-14T10:47:34+02:00","dateModified":"2025-02-14T10:47:34+02:00"},{"@type":"WebSite","@id":"https:\/\/allasorias.hu\/hirek\/#website","url":"https:\/\/allasorias.hu\/hirek\/","name":"AllasOrias.hu | H\u00edrek-lapszemle","description":"\u00dczleti h\u00edrek az \u00e1ll\u00e1s \u00e9s a munka vil\u00e1g\u00e1b\u00f3l","inLanguage":"hu-HU","publisher":{"@id":"https:\/\/allasorias.hu\/hirek\/#organization"}}]},"og:locale":"hu_HU","og:site_name":"AllasOrias.hu | H\u00edrek-lapszemle | \u00dczleti h\u00edrek az \u00e1ll\u00e1s \u00e9s a munka vil\u00e1g\u00e1b\u00f3l","og:type":"article","og:title":"Munkaer\u0151piaci helyzet | Allasorias.hu\/Hirek","og:description":"Tov\u00e1bbra sem enyh\u00fcl a magyar munkaer\u0151piac probl\u00e9ma, miszerint kev\u00e9s a j\u00f3l k\u00e9pzett szakember \u00e9s nagyobb fizet\u00e9s miatt gyakran v\u00e1ltanak munkahelyet a dolgoz\u00f3k.","og:url":"https:\/\/allasorias.hu\/hirek\/munkaeropiaci-helyzet\/","og:image":"https:\/\/allasorias.hu\/hirek\/wp-content\/uploads\/2025\/02\/munkaeropiaci-helyzet-2025.jpg","og:image:secure_url":"https:\/\/allasorias.hu\/hirek\/wp-content\/uploads\/2025\/02\/munkaeropiaci-helyzet-2025.jpg","og:image:width":1920,"og:image:height":975,"article:published_time":"2025-02-14T08:47:34+00:00","article:modified_time":"2025-02-14T08:47:34+00:00","article:publisher":"https:\/\/www.facebook.com\/allasorias","twitter:card":"summary_large_image","twitter:title":"Munkaer\u0151piaci helyzet | Allasorias.hu\/Hirek","twitter:description":"Tov\u00e1bbra sem enyh\u00fcl a magyar munkaer\u0151piac probl\u00e9ma, miszerint kev\u00e9s a j\u00f3l k\u00e9pzett szakember \u00e9s nagyobb fizet\u00e9s miatt gyakran v\u00e1ltanak munkahelyet a dolgoz\u00f3k.","twitter:image":"https:\/\/allasorias.hu\/hirek\/wp-content\/uploads\/2025\/02\/munkaeropiaci-helyzet-2025.jpg","twitter:label1":"Written by","twitter:data1":"Juh\u00e1sz P\u00e9ter","twitter:label2":"Est. reading time","twitter:data2":"8 minutes"},"aioseo_meta_data":{"post_id":"8199","title":"#post_title | Allasorias.hu\/Hirek","description":"Tov\u00e1bbra sem enyh\u00fcl a magyar munkaer\u0151piac probl\u00e9ma, miszerint kev\u00e9s a j\u00f3l k\u00e9pzett szakember \u00e9s nagyobb fizet\u00e9s miatt gyakran v\u00e1ltanak munkahelyet a dolgoz\u00f3k.","keywords":null,"keyphrases":{"focus":{"keyphrase":"","score":0,"analysis":{"keyphraseInTitle":{"score":0,"maxScore":9,"error":1}}},"additional":[]},"primary_term":null,"canonical_url":null,"og_title":null,"og_description":null,"og_object_type":"default","og_image_type":"default","og_image_url":null,"og_image_width":null,"og_image_height":null,"og_image_custom_url":null,"og_image_custom_fields":null,"og_video":"","og_custom_url":null,"og_article_section":null,"og_article_tags":null,"twitter_use_og":true,"twitter_card":"default","twitter_image_type":"default","twitter_image_url":null,"twitter_image_custom_url":null,"twitter_image_custom_fields":null,"twitter_title":null,"twitter_description":null,"schema":{"blockGraphs":[],"customGraphs":[],"default":{"data":{"Article":[],"Course":[],"Dataset":[],"FAQPage":[],"Movie":[],"Person":[],"Product":[],"ProductReview":[],"Car":[],"Recipe":[],"Service":[],"SoftwareApplication":[],"WebPage":[]},"graphName":"Article","isEnabled":true},"graphs":[]},"schema_type":"default","schema_type_options":null,"pillar_content":false,"robots_default":true,"robots_noindex":false,"robots_noarchive":false,"robots_nosnippet":false,"robots_nofollow":false,"robots_noimageindex":false,"robots_noodp":false,"robots_notranslate":false,"robots_max_snippet":"-1","robots_max_videopreview":"-1","robots_max_imagepreview":"large","priority":null,"frequency":"default","location":null,"local_seo":null,"breadcrumb_settings":null,"limit_modified_date":false,"ai":null,"created":"2025-02-14 08:16:33","updated":"2025-10-02 20:56:26","seo_analyzer_scan_date":null,"focus_keyword":null,"additional_keywords":null,"truseo_locale":null},"aioseo_breadcrumb":"<div class=\"aioseo-breadcrumbs\"><span class=\"aioseo-breadcrumb\">\n\t\t\t<a href=\"https:\/\/allasorias.hu\/hirek\" title=\"Home\">Home<\/a>\n\t\t<\/span><span class=\"aioseo-breadcrumb-separator\">&raquo;<\/span><span class=\"aioseo-breadcrumb\">\n\t\t\t<a href=\"https:\/\/allasorias.hu\/hirek\/temak\/munkaeropiac\/\" title=\"Munkaer\u0151piac\">Munkaer\u0151piac<\/a>\n\t\t<\/span><span class=\"aioseo-breadcrumb-separator\">&raquo;<\/span><span class=\"aioseo-breadcrumb\">\n\t\t\tMunkaer\u0151piaci helyzet\n\t\t<\/span><\/div>","aioseo_breadcrumb_json":[{"label":"Home","link":"https:\/\/allasorias.hu\/hirek"},{"label":"Munkaer\u0151piac","link":"https:\/\/allasorias.hu\/hirek\/temak\/munkaeropiac\/"},{"label":"Munkaer\u0151piaci helyzet","link":"https:\/\/allasorias.hu\/hirek\/munkaeropiaci-helyzet\/"}],"_links":{"self":[{"href":"https:\/\/allasorias.hu\/hirek\/wp-json\/wp\/v2\/posts\/8199","targetHints":{"allow":["GET"]}}],"collection":[{"href":"https:\/\/allasorias.hu\/hirek\/wp-json\/wp\/v2\/posts"}],"about":[{"href":"https:\/\/allasorias.hu\/hirek\/wp-json\/wp\/v2\/types\/post"}],"author":[{"embeddable":true,"href":"https:\/\/allasorias.hu\/hirek\/wp-json\/wp\/v2\/users\/1"}],"replies":[{"embeddable":true,"href":"https:\/\/allasorias.hu\/hirek\/wp-json\/wp\/v2\/comments?post=8199"}],"version-history":[{"count":1,"href":"https:\/\/allasorias.hu\/hirek\/wp-json\/wp\/v2\/posts\/8199\/revisions"}],"predecessor-version":[{"id":8201,"href":"https:\/\/allasorias.hu\/hirek\/wp-json\/wp\/v2\/posts\/8199\/revisions\/8201"}],"wp:featuredmedia":[{"embeddable":true,"href":"https:\/\/allasorias.hu\/hirek\/wp-json\/wp\/v2\/media\/8200"}],"wp:attachment":[{"href":"https:\/\/allasorias.hu\/hirek\/wp-json\/wp\/v2\/media?parent=8199"}],"wp:term":[{"taxonomy":"category","embeddable":true,"href":"https:\/\/allasorias.hu\/hirek\/wp-json\/wp\/v2\/categories?post=8199"},{"taxonomy":"post_tag","embeddable":true,"href":"https:\/\/allasorias.hu\/hirek\/wp-json\/wp\/v2\/tags?post=8199"}],"curies":[{"name":"wp","href":"https:\/\/api.w.org\/{rel}","templated":true}]}}