{"id":8192,"date":"2025-02-12T11:20:24","date_gmt":"2025-02-12T09:20:24","guid":{"rendered":"https:\/\/allasorias.hu\/hirek\/?p=8192"},"modified":"2025-05-09T16:05:13","modified_gmt":"2025-05-09T14:05:13","slug":"munkasokat-kuldenek-el-a-zf-egri-gyarabol","status":"publish","type":"post","link":"https:\/\/allasorias.hu\/hirek\/munkasokat-kuldenek-el-a-zf-egri-gyarabol\/","title":{"rendered":"Munk\u00e1sokat k\u00fcldenek el a ZF egri gy\u00e1r\u00e1b\u00f3l"},"content":{"rendered":"<p><strong>Kevesebb a megrendel\u00e9s, t\u00f6bb dolgoz\u00f3j\u00e1t\u00f3l k\u00e9nytelen megv\u00e1lni a ZF egri gy\u00e1ra. A c\u00e9g az elm\u00falt \u00e9vben is hajtott v\u00e9gre l\u00e9tsz\u00e1mle\u00e9p\u00edt\u00e9st.<\/strong><\/p>\n<p>A v\u00e1llalat a piaci k\u00f6r\u00fclm\u00e9nyekkel \u00e9s a rendel\u00e9s\u00e1llom\u00e1ny cs\u00f6kken\u00e9s\u00e9vel magyar\u00e1zza a d\u00f6nt\u00e9st. \u00d6sszesen mintegy 110 munkav\u00e1llal\u00f3t bocs\u00e1t el a n\u00e9met gy\u00f6ker\u0171 ZF Hung\u00e1ria Kft. Egerben \u2013 \u00edrja a 24.hu. A v\u00e1llalat 2024 utols\u00f3 negyed\u00e9v\u00e9ben csoportos l\u00e9tsz\u00e1mle\u00e9p\u00edt\u00e9si programot hajtott v\u00e9gre, ami 60 dolgoz\u00f3t \u00e9rintett, ez a c\u00e9g munkaer\u0151-\u00e1llom\u00e1ny\u00e1nak 3,5 sz\u00e1zal\u00e9k\u00e1t jelenti. A d\u00f6nt\u00e9st a kih\u00edv\u00e1sokkal teli piaci k\u00f6r\u00fclm\u00e9nyek \u00e9s a rendel\u00e9s\u00e1llom\u00e1ny jelent\u0151s cs\u00f6kken\u00e9se indokolta.<\/p>\n<p>Az el\u0151rejelz\u00e9sek szerint 2025 els\u0151 negyed\u00e9v\u00e9ben \u00fajabb rendel\u00e9smennyis\u00e9g-cs\u00f6kken\u00e9sre kell sz\u00e1m\u00edtani, \u00e9s v\u00e1rhat\u00f3an tov\u00e1bbi 50 dolgoz\u00f3t \u00e9rint majd a le\u00e9p\u00edt\u00e9s.\u00a0 A v\u00e1llalat szerint az elbocs\u00e1t\u00e1sok els\u0151sorban az \u00f6sszeszerel\u0151 oper\u00e1tor, a g\u00e9pkezel\u0151 \u00e9s a logisztikai oper\u00e1tor poz\u00edci\u00f3kban dolgoz\u00f3kat \u00e9rintik.<\/p>\n<p>A c\u00e9g anyav\u00e1llalata, a ZF Friedrichshafen a vil\u00e1g negyedik legnagyobb aut\u00f3ipari besz\u00e1ll\u00edt\u00f3ja, mely els\u0151sorban haszong\u00e9pj\u00e1rm\u0171vekbe, valamint szem\u00e9lyg\u00e9pkocsikba k\u00e9sz\u00fcl\u0151 sebess\u00e9gv\u00e1lt\u00f3kat gy\u00e1rt. A Vasas Szakszervezeti Sz\u00f6vets\u00e9g aleln\u00f6ke, L\u00e1szl\u00f3 Zolt\u00e1n a 24.hu-nak azt mondta,\u00a0 sok v\u00e1llalat hajt v\u00e9gre le\u00e9p\u00edt\u00e9st, de t\u00f6bb j\u00e1rm\u0171ipari besz\u00e1ll\u00edt\u00f3 kisebb csoportokban hajtja v\u00e9gre a le\u00e9p\u00edt\u00e9seket, hogy azok hivatalosan ne min\u0151s\u00fcljenek csoportosnak.<\/p>\n<p>Forr\u00e1s: <a href=\"https:\/\/www.hrportal.hu\/c\/szaznal-is-tobb-dolgozot-kuldenek-el-az-egri-autoipari-gyarbol-20250211.html\" target=\"_blank\" rel=\"nofollow noopener noreferrer\">hrportal.hu<\/a><\/p>\n","protected":false},"excerpt":{"rendered":"<p>Kevesebb a megrendel\u00e9s, t\u00f6bb dolgoz\u00f3j\u00e1t\u00f3l k\u00e9nytelen megv\u00e1lni a ZF egri gy\u00e1ra. A c\u00e9g az elm\u00falt \u00e9vben is hajtott v\u00e9gre l\u00e9tsz\u00e1mle\u00e9p\u00edt\u00e9st. A v\u00e1llalat a piaci k\u00f6r\u00fclm\u00e9nyekkel \u00e9s a rendel\u00e9s\u00e1llom\u00e1ny cs\u00f6kken\u00e9s\u00e9vel magyar\u00e1zza a d\u00f6nt\u00e9st. \u00d6sszesen mintegy 110 munkav\u00e1llal\u00f3t bocs\u00e1t el a n\u00e9met gy\u00f6ker\u0171 ZF Hung\u00e1ria Kft. Egerben \u2013 \u00edrja a 24.hu. A v\u00e1llalat 2024 utols\u00f3 negyed\u00e9v\u00e9ben csoportos [&hellip;]<\/p>\n","protected":false},"author":1,"featured_media":8193,"comment_status":"closed","ping_status":"closed","sticky":false,"template":"","format":"standard","meta":{"_monsterinsights_skip_tracking":false,"footnotes":""},"categories":[200],"tags":[874,873],"class_list":["post-8192","post","type-post","status-publish","format-standard","has-post-thumbnail","hentry","category-munkaeropiac","tag-eger","tag-zf"],"aioseo_notices":[],"aioseo_head":"\n\t\t<!-- All in One SEO 5.0.0.1 - aioseo.com -->\n\t<meta name=\"description\" content=\"Kevesebb a megrendel\u00e9s, t\u00f6bb dolgoz\u00f3j\u00e1t\u00f3l k\u00e9nytelen megv\u00e1lni a ZF egri gy\u00e1ra. A c\u00e9g az elm\u00falt \u00e9vben is hajtott v\u00e9gre l\u00e9tsz\u00e1mle\u00e9p\u00edt\u00e9st.\" \/>\n\t<meta name=\"robots\" content=\"max-image-preview:large\" \/>\n\t<meta name=\"author\" content=\"Juh\u00e1sz P\u00e9ter\"\/>\n\t<meta name=\"keywords\" content=\"eger,zf\" \/>\n\t<link rel=\"canonical\" href=\"https:\/\/allasorias.hu\/hirek\/munkasokat-kuldenek-el-a-zf-egri-gyarabol\/\" \/>\n\t<meta name=\"generator\" content=\"All in One SEO (AIOSEO) 5.0.0.1\" \/>\n\t\t<meta property=\"og:locale\" content=\"hu_HU\" \/>\n\t\t<meta property=\"og:site_name\" content=\"AllasOrias.hu | H\u00edrek-lapszemle | \u00dczleti h\u00edrek az \u00e1ll\u00e1s \u00e9s a munka vil\u00e1g\u00e1b\u00f3l\" \/>\n\t\t<meta property=\"og:type\" content=\"article\" \/>\n\t\t<meta property=\"og:title\" content=\"ZF egri gy\u00e1r\u00e1b\u00f3l munk\u00e1sokat k\u00fcldenek el\" \/>\n\t\t<meta property=\"og:description\" content=\"Kevesebb a megrendel\u00e9s, t\u00f6bb dolgoz\u00f3j\u00e1t\u00f3l k\u00e9nytelen megv\u00e1lni a ZF egri gy\u00e1ra. A c\u00e9g az elm\u00falt \u00e9vben is hajtott v\u00e9gre l\u00e9tsz\u00e1mle\u00e9p\u00edt\u00e9st.\" \/>\n\t\t<meta property=\"og:url\" content=\"https:\/\/allasorias.hu\/hirek\/munkasokat-kuldenek-el-a-zf-egri-gyarabol\/\" \/>\n\t\t<meta property=\"og:image\" content=\"https:\/\/allasorias.hu\/hirek\/wp-content\/uploads\/2025\/02\/ZF-letszamleepites.jpg\" \/>\n\t\t<meta property=\"og:image:secure_url\" content=\"https:\/\/allasorias.hu\/hirek\/wp-content\/uploads\/2025\/02\/ZF-letszamleepites.jpg\" \/>\n\t\t<meta property=\"og:image:width\" content=\"1920\" \/>\n\t\t<meta property=\"og:image:height\" content=\"1280\" \/>\n\t\t<meta property=\"article:published_time\" content=\"2025-02-12T09:20:24+00:00\" \/>\n\t\t<meta property=\"article:modified_time\" content=\"2025-05-09T14:05:13+00:00\" \/>\n\t\t<meta property=\"article:publisher\" content=\"https:\/\/www.facebook.com\/allasorias\" \/>\n\t\t<meta name=\"twitter:card\" content=\"summary_large_image\" \/>\n\t\t<meta name=\"twitter:title\" content=\"ZF egri gy\u00e1r\u00e1b\u00f3l munk\u00e1sokat k\u00fcldenek el\" \/>\n\t\t<meta name=\"twitter:description\" content=\"Kevesebb a megrendel\u00e9s, t\u00f6bb dolgoz\u00f3j\u00e1t\u00f3l k\u00e9nytelen megv\u00e1lni a ZF egri gy\u00e1ra. A c\u00e9g az elm\u00falt \u00e9vben is hajtott v\u00e9gre l\u00e9tsz\u00e1mle\u00e9p\u00edt\u00e9st.\" \/>\n\t\t<meta name=\"twitter:image\" content=\"https:\/\/allasorias.hu\/hirek\/wp-content\/uploads\/2025\/02\/ZF-letszamleepites.jpg\" \/>\n\t\t<meta name=\"twitter:label1\" content=\"Written by\" \/>\n\t\t<meta name=\"twitter:data1\" content=\"Juh\u00e1sz P\u00e9ter\" \/>\n\t\t<meta name=\"twitter:label2\" content=\"Est. reading time\" \/>\n\t\t<meta name=\"twitter:data2\" content=\"2 minutes\" \/>\n\t\t<script type=\"application\/ld+json\" class=\"aioseo-schema\">\n\t\t\t{\"@context\":\"https:\\\/\\\/schema.org\",\"@graph\":[{\"@type\":\"Article\",\"@id\":\"https:\\\/\\\/allasorias.hu\\\/hirek\\\/munkasokat-kuldenek-el-a-zf-egri-gyarabol\\\/#article\",\"name\":\"ZF egri gy\\u00e1r\\u00e1b\\u00f3l munk\\u00e1sokat k\\u00fcldenek el\",\"headline\":\"Munk\\u00e1sokat k\\u00fcldenek el a ZF egri gy\\u00e1r\\u00e1b\\u00f3l\",\"author\":{\"@id\":\"https:\\\/\\\/allasorias.hu\\\/hirek\\\/author\\\/admin-allasorias\\\/#author\"},\"publisher\":{\"@id\":\"https:\\\/\\\/allasorias.hu\\\/hirek\\\/#organization\"},\"image\":{\"@type\":\"ImageObject\",\"url\":\"https:\\\/\\\/allasorias.hu\\\/hirek\\\/wp-content\\\/uploads\\\/2025\\\/02\\\/ZF-letszamleepites.jpg\",\"width\":1920,\"height\":1280,\"caption\":\"Munk\\u00e1sokat k\\u00fcldenek el a ZF egri gy\\u00e1r\\u00e1b\\u00f3l - Allasorias.hu\\\/Hirek\"},\"datePublished\":\"2025-02-12T11:20:24+02:00\",\"dateModified\":\"2025-05-09T16:05:13+02:00\",\"inLanguage\":\"hu-HU\",\"mainEntityOfPage\":{\"@id\":\"https:\\\/\\\/allasorias.hu\\\/hirek\\\/munkasokat-kuldenek-el-a-zf-egri-gyarabol\\\/#webpage\"},\"isPartOf\":{\"@id\":\"https:\\\/\\\/allasorias.hu\\\/hirek\\\/munkasokat-kuldenek-el-a-zf-egri-gyarabol\\\/#webpage\"},\"articleSection\":\"Munkaer\\u0151piac, Eger, ZF\"},{\"@type\":\"BreadcrumbList\",\"@id\":\"https:\\\/\\\/allasorias.hu\\\/hirek\\\/munkasokat-kuldenek-el-a-zf-egri-gyarabol\\\/#breadcrumblist\",\"itemListElement\":[{\"@type\":\"ListItem\",\"@id\":\"https:\\\/\\\/allasorias.hu\\\/hirek#listItem\",\"position\":1,\"name\":\"Home\",\"item\":\"https:\\\/\\\/allasorias.hu\\\/hirek\",\"nextItem\":{\"@type\":\"ListItem\",\"@id\":\"https:\\\/\\\/allasorias.hu\\\/hirek\\\/temak\\\/munkaeropiac\\\/#listItem\",\"name\":\"Munkaer\\u0151piac\"}},{\"@type\":\"ListItem\",\"@id\":\"https:\\\/\\\/allasorias.hu\\\/hirek\\\/temak\\\/munkaeropiac\\\/#listItem\",\"position\":2,\"name\":\"Munkaer\\u0151piac\",\"item\":\"https:\\\/\\\/allasorias.hu\\\/hirek\\\/temak\\\/munkaeropiac\\\/\",\"nextItem\":{\"@type\":\"ListItem\",\"@id\":\"https:\\\/\\\/allasorias.hu\\\/hirek\\\/munkasokat-kuldenek-el-a-zf-egri-gyarabol\\\/#listItem\",\"name\":\"Munk\\u00e1sokat k\\u00fcldenek el a ZF egri gy\\u00e1r\\u00e1b\\u00f3l\"},\"previousItem\":{\"@type\":\"ListItem\",\"@id\":\"https:\\\/\\\/allasorias.hu\\\/hirek#listItem\",\"name\":\"Home\"}},{\"@type\":\"ListItem\",\"@id\":\"https:\\\/\\\/allasorias.hu\\\/hirek\\\/munkasokat-kuldenek-el-a-zf-egri-gyarabol\\\/#listItem\",\"position\":3,\"name\":\"Munk\\u00e1sokat k\\u00fcldenek el a ZF egri gy\\u00e1r\\u00e1b\\u00f3l\",\"previousItem\":{\"@type\":\"ListItem\",\"@id\":\"https:\\\/\\\/allasorias.hu\\\/hirek\\\/temak\\\/munkaeropiac\\\/#listItem\",\"name\":\"Munkaer\\u0151piac\"}}]},{\"@type\":\"Organization\",\"@id\":\"https:\\\/\\\/allasorias.hu\\\/hirek\\\/#organization\",\"name\":\"AllasOrias.hu | H\\u00edrek-lapszemle\",\"description\":\"\\u00dczleti h\\u00edrek az \\u00e1ll\\u00e1s \\u00e9s a munka vil\\u00e1g\\u00e1b\\u00f3l\",\"url\":\"https:\\\/\\\/allasorias.hu\\\/hirek\\\/\",\"logo\":{\"@type\":\"ImageObject\",\"url\":\"https:\\\/\\\/allasorias.hu\\\/hirek\\\/wp-content\\\/uploads\\\/2022\\\/10\\\/allasorias_site_facebok_logo.png\",\"@id\":\"https:\\\/\\\/allasorias.hu\\\/hirek\\\/munkasokat-kuldenek-el-a-zf-egri-gyarabol\\\/#organizationLogo\"},\"image\":{\"@id\":\"https:\\\/\\\/allasorias.hu\\\/hirek\\\/munkasokat-kuldenek-el-a-zf-egri-gyarabol\\\/#organizationLogo\"},\"sameAs\":[\"https:\\\/\\\/www.facebook.com\\\/allasorias\",\"https:\\\/\\\/www.linkedin.com\\\/company\\\/allasorias\"]},{\"@type\":\"Person\",\"@id\":\"https:\\\/\\\/allasorias.hu\\\/hirek\\\/author\\\/admin-allasorias\\\/#author\",\"url\":\"https:\\\/\\\/allasorias.hu\\\/hirek\\\/author\\\/admin-allasorias\\\/\",\"name\":\"Juh\\u00e1sz P\\u00e9ter\",\"image\":{\"@type\":\"ImageObject\",\"@id\":\"https:\\\/\\\/allasorias.hu\\\/hirek\\\/munkasokat-kuldenek-el-a-zf-egri-gyarabol\\\/#authorImage\",\"url\":\"https:\\\/\\\/secure.gravatar.com\\\/avatar\\\/36e6bcb83148978b992977cb0f54d22feb0cce8a0a849a9410532bb2623ba4c6?s=96&d=mm&r=g\",\"width\":96,\"height\":96,\"caption\":\"Juh\\u00e1sz P\\u00e9ter\"}},{\"@type\":\"WebPage\",\"@id\":\"https:\\\/\\\/allasorias.hu\\\/hirek\\\/munkasokat-kuldenek-el-a-zf-egri-gyarabol\\\/#webpage\",\"url\":\"https:\\\/\\\/allasorias.hu\\\/hirek\\\/munkasokat-kuldenek-el-a-zf-egri-gyarabol\\\/\",\"name\":\"ZF egri gy\\u00e1r\\u00e1b\\u00f3l munk\\u00e1sokat k\\u00fcldenek el\",\"description\":\"Kevesebb a megrendel\\u00e9s, t\\u00f6bb dolgoz\\u00f3j\\u00e1t\\u00f3l k\\u00e9nytelen megv\\u00e1lni a ZF egri gy\\u00e1ra. A c\\u00e9g az elm\\u00falt \\u00e9vben is hajtott v\\u00e9gre l\\u00e9tsz\\u00e1mle\\u00e9p\\u00edt\\u00e9st.\",\"inLanguage\":\"hu-HU\",\"isPartOf\":{\"@id\":\"https:\\\/\\\/allasorias.hu\\\/hirek\\\/#website\"},\"breadcrumb\":{\"@id\":\"https:\\\/\\\/allasorias.hu\\\/hirek\\\/munkasokat-kuldenek-el-a-zf-egri-gyarabol\\\/#breadcrumblist\"},\"author\":{\"@id\":\"https:\\\/\\\/allasorias.hu\\\/hirek\\\/author\\\/admin-allasorias\\\/#author\"},\"creator\":{\"@id\":\"https:\\\/\\\/allasorias.hu\\\/hirek\\\/author\\\/admin-allasorias\\\/#author\"},\"image\":{\"@type\":\"ImageObject\",\"url\":\"https:\\\/\\\/allasorias.hu\\\/hirek\\\/wp-content\\\/uploads\\\/2025\\\/02\\\/ZF-letszamleepites.jpg\",\"@id\":\"https:\\\/\\\/allasorias.hu\\\/hirek\\\/munkasokat-kuldenek-el-a-zf-egri-gyarabol\\\/#mainImage\",\"width\":1920,\"height\":1280,\"caption\":\"Munk\\u00e1sokat k\\u00fcldenek el a ZF egri gy\\u00e1r\\u00e1b\\u00f3l - Allasorias.hu\\\/Hirek\"},\"primaryImageOfPage\":{\"@id\":\"https:\\\/\\\/allasorias.hu\\\/hirek\\\/munkasokat-kuldenek-el-a-zf-egri-gyarabol\\\/#mainImage\"},\"datePublished\":\"2025-02-12T11:20:24+02:00\",\"dateModified\":\"2025-05-09T16:05:13+02:00\"},{\"@type\":\"WebSite\",\"@id\":\"https:\\\/\\\/allasorias.hu\\\/hirek\\\/#website\",\"url\":\"https:\\\/\\\/allasorias.hu\\\/hirek\\\/\",\"name\":\"AllasOrias.hu | H\\u00edrek-lapszemle\",\"description\":\"\\u00dczleti h\\u00edrek az \\u00e1ll\\u00e1s \\u00e9s a munka vil\\u00e1g\\u00e1b\\u00f3l\",\"inLanguage\":\"hu-HU\",\"publisher\":{\"@id\":\"https:\\\/\\\/allasorias.hu\\\/hirek\\\/#organization\"}}]}\n\t\t<\/script>\n\t\t<!-- All in One SEO -->\n\n","aioseo_head_json":{"title":"ZF egri gy\u00e1r\u00e1b\u00f3l munk\u00e1sokat k\u00fcldenek el","description":"Kevesebb a megrendel\u00e9s, t\u00f6bb dolgoz\u00f3j\u00e1t\u00f3l k\u00e9nytelen megv\u00e1lni a ZF egri gy\u00e1ra. A c\u00e9g az elm\u00falt \u00e9vben is hajtott v\u00e9gre l\u00e9tsz\u00e1mle\u00e9p\u00edt\u00e9st.","canonical_url":"https:\/\/allasorias.hu\/hirek\/munkasokat-kuldenek-el-a-zf-egri-gyarabol\/","robots":"max-image-preview:large","keywords":"eger,zf","webmasterTools":{"miscellaneous":""},"schema":{"@context":"https:\/\/schema.org","@graph":[{"@type":"Article","@id":"https:\/\/allasorias.hu\/hirek\/munkasokat-kuldenek-el-a-zf-egri-gyarabol\/#article","name":"ZF egri gy\u00e1r\u00e1b\u00f3l munk\u00e1sokat k\u00fcldenek el","headline":"Munk\u00e1sokat k\u00fcldenek el a ZF egri gy\u00e1r\u00e1b\u00f3l","author":{"@id":"https:\/\/allasorias.hu\/hirek\/author\/admin-allasorias\/#author"},"publisher":{"@id":"https:\/\/allasorias.hu\/hirek\/#organization"},"image":{"@type":"ImageObject","url":"https:\/\/allasorias.hu\/hirek\/wp-content\/uploads\/2025\/02\/ZF-letszamleepites.jpg","width":1920,"height":1280,"caption":"Munk\u00e1sokat k\u00fcldenek el a ZF egri gy\u00e1r\u00e1b\u00f3l - Allasorias.hu\/Hirek"},"datePublished":"2025-02-12T11:20:24+02:00","dateModified":"2025-05-09T16:05:13+02:00","inLanguage":"hu-HU","mainEntityOfPage":{"@id":"https:\/\/allasorias.hu\/hirek\/munkasokat-kuldenek-el-a-zf-egri-gyarabol\/#webpage"},"isPartOf":{"@id":"https:\/\/allasorias.hu\/hirek\/munkasokat-kuldenek-el-a-zf-egri-gyarabol\/#webpage"},"articleSection":"Munkaer\u0151piac, Eger, ZF"},{"@type":"BreadcrumbList","@id":"https:\/\/allasorias.hu\/hirek\/munkasokat-kuldenek-el-a-zf-egri-gyarabol\/#breadcrumblist","itemListElement":[{"@type":"ListItem","@id":"https:\/\/allasorias.hu\/hirek#listItem","position":1,"name":"Home","item":"https:\/\/allasorias.hu\/hirek","nextItem":{"@type":"ListItem","@id":"https:\/\/allasorias.hu\/hirek\/temak\/munkaeropiac\/#listItem","name":"Munkaer\u0151piac"}},{"@type":"ListItem","@id":"https:\/\/allasorias.hu\/hirek\/temak\/munkaeropiac\/#listItem","position":2,"name":"Munkaer\u0151piac","item":"https:\/\/allasorias.hu\/hirek\/temak\/munkaeropiac\/","nextItem":{"@type":"ListItem","@id":"https:\/\/allasorias.hu\/hirek\/munkasokat-kuldenek-el-a-zf-egri-gyarabol\/#listItem","name":"Munk\u00e1sokat k\u00fcldenek el a ZF egri gy\u00e1r\u00e1b\u00f3l"},"previousItem":{"@type":"ListItem","@id":"https:\/\/allasorias.hu\/hirek#listItem","name":"Home"}},{"@type":"ListItem","@id":"https:\/\/allasorias.hu\/hirek\/munkasokat-kuldenek-el-a-zf-egri-gyarabol\/#listItem","position":3,"name":"Munk\u00e1sokat k\u00fcldenek el a ZF egri gy\u00e1r\u00e1b\u00f3l","previousItem":{"@type":"ListItem","@id":"https:\/\/allasorias.hu\/hirek\/temak\/munkaeropiac\/#listItem","name":"Munkaer\u0151piac"}}]},{"@type":"Organization","@id":"https:\/\/allasorias.hu\/hirek\/#organization","name":"AllasOrias.hu | H\u00edrek-lapszemle","description":"\u00dczleti h\u00edrek az \u00e1ll\u00e1s \u00e9s a munka vil\u00e1g\u00e1b\u00f3l","url":"https:\/\/allasorias.hu\/hirek\/","logo":{"@type":"ImageObject","url":"https:\/\/allasorias.hu\/hirek\/wp-content\/uploads\/2022\/10\/allasorias_site_facebok_logo.png","@id":"https:\/\/allasorias.hu\/hirek\/munkasokat-kuldenek-el-a-zf-egri-gyarabol\/#organizationLogo"},"image":{"@id":"https:\/\/allasorias.hu\/hirek\/munkasokat-kuldenek-el-a-zf-egri-gyarabol\/#organizationLogo"},"sameAs":["https:\/\/www.facebook.com\/allasorias","https:\/\/www.linkedin.com\/company\/allasorias"]},{"@type":"Person","@id":"https:\/\/allasorias.hu\/hirek\/author\/admin-allasorias\/#author","url":"https:\/\/allasorias.hu\/hirek\/author\/admin-allasorias\/","name":"Juh\u00e1sz P\u00e9ter","image":{"@type":"ImageObject","@id":"https:\/\/allasorias.hu\/hirek\/munkasokat-kuldenek-el-a-zf-egri-gyarabol\/#authorImage","url":"https:\/\/secure.gravatar.com\/avatar\/36e6bcb83148978b992977cb0f54d22feb0cce8a0a849a9410532bb2623ba4c6?s=96&d=mm&r=g","width":96,"height":96,"caption":"Juh\u00e1sz P\u00e9ter"}},{"@type":"WebPage","@id":"https:\/\/allasorias.hu\/hirek\/munkasokat-kuldenek-el-a-zf-egri-gyarabol\/#webpage","url":"https:\/\/allasorias.hu\/hirek\/munkasokat-kuldenek-el-a-zf-egri-gyarabol\/","name":"ZF egri gy\u00e1r\u00e1b\u00f3l munk\u00e1sokat k\u00fcldenek el","description":"Kevesebb a megrendel\u00e9s, t\u00f6bb dolgoz\u00f3j\u00e1t\u00f3l k\u00e9nytelen megv\u00e1lni a ZF egri gy\u00e1ra. A c\u00e9g az elm\u00falt \u00e9vben is hajtott v\u00e9gre l\u00e9tsz\u00e1mle\u00e9p\u00edt\u00e9st.","inLanguage":"hu-HU","isPartOf":{"@id":"https:\/\/allasorias.hu\/hirek\/#website"},"breadcrumb":{"@id":"https:\/\/allasorias.hu\/hirek\/munkasokat-kuldenek-el-a-zf-egri-gyarabol\/#breadcrumblist"},"author":{"@id":"https:\/\/allasorias.hu\/hirek\/author\/admin-allasorias\/#author"},"creator":{"@id":"https:\/\/allasorias.hu\/hirek\/author\/admin-allasorias\/#author"},"image":{"@type":"ImageObject","url":"https:\/\/allasorias.hu\/hirek\/wp-content\/uploads\/2025\/02\/ZF-letszamleepites.jpg","@id":"https:\/\/allasorias.hu\/hirek\/munkasokat-kuldenek-el-a-zf-egri-gyarabol\/#mainImage","width":1920,"height":1280,"caption":"Munk\u00e1sokat k\u00fcldenek el a ZF egri gy\u00e1r\u00e1b\u00f3l - Allasorias.hu\/Hirek"},"primaryImageOfPage":{"@id":"https:\/\/allasorias.hu\/hirek\/munkasokat-kuldenek-el-a-zf-egri-gyarabol\/#mainImage"},"datePublished":"2025-02-12T11:20:24+02:00","dateModified":"2025-05-09T16:05:13+02:00"},{"@type":"WebSite","@id":"https:\/\/allasorias.hu\/hirek\/#website","url":"https:\/\/allasorias.hu\/hirek\/","name":"AllasOrias.hu | H\u00edrek-lapszemle","description":"\u00dczleti h\u00edrek az \u00e1ll\u00e1s \u00e9s a munka vil\u00e1g\u00e1b\u00f3l","inLanguage":"hu-HU","publisher":{"@id":"https:\/\/allasorias.hu\/hirek\/#organization"}}]},"og:locale":"hu_HU","og:site_name":"AllasOrias.hu | H\u00edrek-lapszemle | \u00dczleti h\u00edrek az \u00e1ll\u00e1s \u00e9s a munka vil\u00e1g\u00e1b\u00f3l","og:type":"article","og:title":"ZF egri gy\u00e1r\u00e1b\u00f3l munk\u00e1sokat k\u00fcldenek el","og:description":"Kevesebb a megrendel\u00e9s, t\u00f6bb dolgoz\u00f3j\u00e1t\u00f3l k\u00e9nytelen megv\u00e1lni a ZF egri gy\u00e1ra. A c\u00e9g az elm\u00falt \u00e9vben is hajtott v\u00e9gre l\u00e9tsz\u00e1mle\u00e9p\u00edt\u00e9st.","og:url":"https:\/\/allasorias.hu\/hirek\/munkasokat-kuldenek-el-a-zf-egri-gyarabol\/","og:image":"https:\/\/allasorias.hu\/hirek\/wp-content\/uploads\/2025\/02\/ZF-letszamleepites.jpg","og:image:secure_url":"https:\/\/allasorias.hu\/hirek\/wp-content\/uploads\/2025\/02\/ZF-letszamleepites.jpg","og:image:width":1920,"og:image:height":1280,"article:published_time":"2025-02-12T09:20:24+00:00","article:modified_time":"2025-05-09T14:05:13+00:00","article:publisher":"https:\/\/www.facebook.com\/allasorias","twitter:card":"summary_large_image","twitter:title":"ZF egri gy\u00e1r\u00e1b\u00f3l munk\u00e1sokat k\u00fcldenek el","twitter:description":"Kevesebb a megrendel\u00e9s, t\u00f6bb dolgoz\u00f3j\u00e1t\u00f3l k\u00e9nytelen megv\u00e1lni a ZF egri gy\u00e1ra. A c\u00e9g az elm\u00falt \u00e9vben is hajtott v\u00e9gre l\u00e9tsz\u00e1mle\u00e9p\u00edt\u00e9st.","twitter:image":"https:\/\/allasorias.hu\/hirek\/wp-content\/uploads\/2025\/02\/ZF-letszamleepites.jpg","twitter:label1":"Written by","twitter:data1":"Juh\u00e1sz P\u00e9ter","twitter:label2":"Est. reading time","twitter:data2":"2 minutes"},"aioseo_meta_data":{"post_id":"8192","title":"ZF egri gy\u00e1r\u00e1b\u00f3l munk\u00e1sokat k\u00fcldenek el","description":"Kevesebb a megrendel\u00e9s, t\u00f6bb dolgoz\u00f3j\u00e1t\u00f3l k\u00e9nytelen megv\u00e1lni a ZF egri gy\u00e1ra. A c\u00e9g az elm\u00falt \u00e9vben is hajtott v\u00e9gre l\u00e9tsz\u00e1mle\u00e9p\u00edt\u00e9st.","keywords":null,"keyphrases":{"focus":{"keyphrase":"","score":0,"analysis":{"keyphraseInTitle":{"score":0,"maxScore":9,"error":1}}},"additional":[]},"primary_term":null,"canonical_url":null,"og_title":null,"og_description":null,"og_object_type":"default","og_image_type":"default","og_image_url":null,"og_image_width":null,"og_image_height":null,"og_image_custom_url":null,"og_image_custom_fields":null,"og_video":"","og_custom_url":null,"og_article_section":null,"og_article_tags":null,"twitter_use_og":true,"twitter_card":"default","twitter_image_type":"default","twitter_image_url":null,"twitter_image_custom_url":null,"twitter_image_custom_fields":null,"twitter_title":null,"twitter_description":null,"schema":{"blockGraphs":[],"customGraphs":[],"default":{"data":{"Article":[],"Course":[],"Dataset":[],"FAQPage":[],"Movie":[],"Person":[],"Product":[],"ProductReview":[],"Car":[],"Recipe":[],"Service":[],"SoftwareApplication":[],"WebPage":[]},"graphName":"Article","isEnabled":true},"graphs":[]},"schema_type":"default","schema_type_options":null,"pillar_content":false,"robots_default":true,"robots_noindex":false,"robots_noarchive":false,"robots_nosnippet":false,"robots_nofollow":false,"robots_noimageindex":false,"robots_noodp":false,"robots_notranslate":false,"robots_max_snippet":"-1","robots_max_videopreview":"-1","robots_max_imagepreview":"large","priority":null,"frequency":"default","location":null,"local_seo":null,"breadcrumb_settings":null,"limit_modified_date":false,"ai":null,"created":"2025-02-12 08:48:28","updated":"2025-10-02 20:56:26","seo_analyzer_scan_date":null,"focus_keyword":null,"additional_keywords":null,"truseo_locale":null},"aioseo_breadcrumb":"<div class=\"aioseo-breadcrumbs\"><span class=\"aioseo-breadcrumb\">\n\t\t\t<a href=\"https:\/\/allasorias.hu\/hirek\" title=\"Home\">Home<\/a>\n\t\t<\/span><span class=\"aioseo-breadcrumb-separator\">&raquo;<\/span><span class=\"aioseo-breadcrumb\">\n\t\t\t<a href=\"https:\/\/allasorias.hu\/hirek\/temak\/munkaeropiac\/\" title=\"Munkaer\u0151piac\">Munkaer\u0151piac<\/a>\n\t\t<\/span><span class=\"aioseo-breadcrumb-separator\">&raquo;<\/span><span class=\"aioseo-breadcrumb\">\n\t\t\tMunk\u00e1sokat k\u00fcldenek el a ZF egri gy\u00e1r\u00e1b\u00f3l\n\t\t<\/span><\/div>","aioseo_breadcrumb_json":[{"label":"Home","link":"https:\/\/allasorias.hu\/hirek"},{"label":"Munkaer\u0151piac","link":"https:\/\/allasorias.hu\/hirek\/temak\/munkaeropiac\/"},{"label":"Munk\u00e1sokat k\u00fcldenek el a ZF egri gy\u00e1r\u00e1b\u00f3l","link":"https:\/\/allasorias.hu\/hirek\/munkasokat-kuldenek-el-a-zf-egri-gyarabol\/"}],"_links":{"self":[{"href":"https:\/\/allasorias.hu\/hirek\/wp-json\/wp\/v2\/posts\/8192","targetHints":{"allow":["GET"]}}],"collection":[{"href":"https:\/\/allasorias.hu\/hirek\/wp-json\/wp\/v2\/posts"}],"about":[{"href":"https:\/\/allasorias.hu\/hirek\/wp-json\/wp\/v2\/types\/post"}],"author":[{"embeddable":true,"href":"https:\/\/allasorias.hu\/hirek\/wp-json\/wp\/v2\/users\/1"}],"replies":[{"embeddable":true,"href":"https:\/\/allasorias.hu\/hirek\/wp-json\/wp\/v2\/comments?post=8192"}],"version-history":[{"count":2,"href":"https:\/\/allasorias.hu\/hirek\/wp-json\/wp\/v2\/posts\/8192\/revisions"}],"predecessor-version":[{"id":8445,"href":"https:\/\/allasorias.hu\/hirek\/wp-json\/wp\/v2\/posts\/8192\/revisions\/8445"}],"wp:featuredmedia":[{"embeddable":true,"href":"https:\/\/allasorias.hu\/hirek\/wp-json\/wp\/v2\/media\/8193"}],"wp:attachment":[{"href":"https:\/\/allasorias.hu\/hirek\/wp-json\/wp\/v2\/media?parent=8192"}],"wp:term":[{"taxonomy":"category","embeddable":true,"href":"https:\/\/allasorias.hu\/hirek\/wp-json\/wp\/v2\/categories?post=8192"},{"taxonomy":"post_tag","embeddable":true,"href":"https:\/\/allasorias.hu\/hirek\/wp-json\/wp\/v2\/tags?post=8192"}],"curies":[{"name":"wp","href":"https:\/\/api.w.org\/{rel}","templated":true}]}}