{"id":8183,"date":"2025-02-07T15:43:12","date_gmt":"2025-02-07T13:43:12","guid":{"rendered":"https:\/\/allasorias.hu\/hirek\/?p=8183"},"modified":"2025-05-09T10:02:32","modified_gmt":"2025-05-09T08:02:32","slug":"a-videki-fiatalok-kevesbe-tartjak-biztosnak-a-munkahelyuket","status":"publish","type":"post","link":"https:\/\/allasorias.hu\/hirek\/a-videki-fiatalok-kevesbe-tartjak-biztosnak-a-munkahelyuket\/","title":{"rendered":"A vid\u00e9ki fiatalok kev\u00e9sb\u00e9 tartj\u00e1k biztosnak a munkahely\u00fcket"},"content":{"rendered":"<p><strong>Egyre fontosabbnak tartj\u00e1k a fiatalok a munkahelyi megbecs\u00fclts\u00e9get. A vid\u00e9ken \u00e9l\u0151k pedig bizonytalanabbak az \u00e1ll\u00e1sukat illet\u0151en, mint a f\u0151v\u00e1rosban \u00e9l\u0151k. Egy kutat\u00e1s szerint az elm\u00falt \u00e9vihez k\u00e9pest javul\u00f3 tendenci\u00e1t lehet m\u00e9rni.<\/strong><\/p>\n<p>Tov\u00e1bbra is t\u00f6bbs\u00e9gben vannak azok a dolgoz\u00f3 fiatalok, akik kell\u0151en fixnek gondolj\u00e1k az \u00e1ll\u00e1sukat: a K&amp;H ifj\u00fas\u00e1gi index legfrissebb, 2024 \u00e9v v\u00e9gi eredm\u00e9nyei szerint 59 sz\u00e1zal\u00e9kos az ar\u00e1nyuk. A dolgoz\u00f3 fiatalok 43 sz\u00e1zal\u00e9ka l\u00e1t t\u00e9nyleges el\u0151rel\u00e9p\u00e9si lehet\u0151s\u00e9get a munkahely\u00e9n, ami a felm\u00e9r\u00e9s t\u00f6rt\u00e9net\u00e9ben a legmagasabb \u00e9rt\u00e9k. Ugyanakkor az\u00e9rt \u00e1rnyalja a k\u00e9pet, hogy negyed\u00fck m\u00e9g mindig \u00fagy \u00e9rzi, hogy nem becs\u00fclik meg a munk\u00e1jukat.<\/p>\n<p>El\u00e9g vegyes k\u00e9p alakult ki a dolgoz\u00f3 fiatalokban a munkahely\u00fckr\u0151l: pozit\u00edv \u00e9s kedvez\u0151tlen eredm\u00e9nyek egyar\u00e1nt szerepelnek a K&amp;H ifj\u00fas\u00e1gi indexben, amely az akt\u00edv \u2013 azaz \u00e1ll\u00e1ssal rendelkez\u0151 \u2013 19-29 \u00e9vesek helyzet\u00e9t is vizsg\u00e1lta. A kutat\u00e1s szerint 2024 v\u00e9g\u00e9n a dolgoz\u00f3 fiatalok 59 sz\u00e1zal\u00e9ka tartotta stabilnak a munkahely\u00e9t, ami l\u00e9nyeg\u00e9ben megegyezik a m\u00falt \u00e9v m\u00e1sodik \u00e9s harmadik negyed\u00e9v\u00e9ben m\u00e9rt \u00e9rt\u00e9kkel, de javul\u00e1st jelent a 2022 \u00e9s 2024 eleje k\u00f6z\u00f6tti id\u0151szakban m\u00e9rt 50 sz\u00e1zal\u00e9k k\u00f6r\u00fcli szinthez k\u00e9pest. Ebben a m\u00e9r\u00e9si id\u0151szakban 14 sz\u00e1zal\u00e9kos lett azoknak az ar\u00e1nya, akik \u00fagy \u00e9rzik, van f\u00e9lnival\u00f3juk, azaz nem tartj\u00e1k megfelel\u0151en stabilnak a munkahely\u00fcket.<\/p>\n<p>A pozit\u00edv eredm\u00e9nyek k\u00f6z\u00e9 sorolhat\u00f3 a fiatalok karrierlehet\u0151s\u00e9geit t\u00fckr\u00f6z\u0151 mutat\u00f3. A munkahelyi fejl\u0151d\u00e9si \u00e9s el\u0151rel\u00e9p\u00e9si lehet\u0151s\u00e9gekre vonatkoz\u00f3 k\u00e9rd\u00e9sre 43 sz\u00e1zal\u00e9k v\u00e1laszolt igennel: ez a felm\u00e9r\u00e9s t\u00f6bb mint egy \u00e9vtizedes t\u00f6rt\u00e9net\u00e9ben rekord\u00e9rt\u00e9ket jelent. A m\u00falt \u00e9v v\u00e9g\u00e9n m\u00e9rt 29 sz\u00e1zal\u00e9kr\u00f3l negyed\u00e9vr\u0151l negyed\u00e9vre n\u0151tt az ar\u00e1nyuk, hosszabb t\u00e1von pedig m\u00e9g jelent\u0151sebb a javul\u00e1s: 2015 el\u0151tt m\u00e9g csak 20-25 sz\u00e1zal\u00e9kuk l\u00e1tott el\u0151rel\u00e9p\u00e9sre es\u00e9lyt a munkahely\u00e9n.<\/p>\n<h2>Elt\u00e9r\u00e9s a kis \u00e9s nagyv\u00e1rosok k\u00f6z\u00f6tt<\/h2>\n<p>A friss adatok szerint massz\u00edv elt\u00e9r\u00e9s van a f\u0151v\u00e1rosban vagy megyesz\u00e9khelyeken \u00e9s a kisebb telep\u00fcl\u00e9seken dolgoz\u00f3 fiatalok k\u00f6z\u00f6tt: m\u00edg az el\u0151bbiek k\u00e9tharmada \u2013 66-67 sz\u00e1zal\u00e9ka &#8211; tartja stabilnak az \u00e1ll\u00e1s\u00e1t, ut\u00f3bbiakn\u00e1l az ar\u00e1ny csak 44 sz\u00e1zal\u00e9kos. Ugyanakkor \u00e1rnyalja a k\u00e9pet az, hogy sok fiatalnak hi\u00e1nyzik a megbecs\u00fclts\u00e9g. A felm\u00e9r\u00e9s szerint a m\u00falt \u00e9v utols\u00f3 negyed\u00e9ben 42 sz\u00e1zal\u00e9kuk mondta azt, hogy a f\u0151n\u00f6kei elismerik a munk\u00e1jukat. Ez az eredm\u00e9ny megfelel az elm\u00falt id\u0151szakban m\u00e9rt szintnek, amikor k\u00f6r\u00fclbel\u00fcl harmaduk ink\u00e1bb csak \u00e1tlagos szint\u0171 megbecs\u00fclts\u00e9get \u00e9rzett, m\u00edg negyed\u00fck-\u00f6t\u00f6d\u00fck egy\u00e1ltal\u00e1n vagy ink\u00e1bb nem \u00e9rezte ezt munkaad\u00f3it\u00f3l.<\/p>\n<p>Mik\u00f6zben a karrierlehet\u0151s\u00e9g az adott \u00e1ll\u00e1s mellett, addig a megbecs\u00fclts\u00e9g hi\u00e1nya ellene sz\u00f3l, ut\u00f3bbi miatt egy-egy fiatal elgondolkodhat a v\u00e1lt\u00e1son. A felm\u00e9r\u00e9s szerint a dolgoz\u00f3 fiatalok alig t\u00f6bb mint negyede \u2013 27 sz\u00e1zal\u00e9ka \u2013 l\u00e1tja \u00fagy, hogy nagyon gyorsan tal\u00e1lna mag\u00e1nak \u00faj munkahelyet, ha t\u00e1voznia kellene a megl\u00e9v\u0151 \u00e1ll\u00e1s\u00e1b\u00f3l. 28 sz\u00e1zal\u00e9kuk szerint neh\u00e9zkes, 18 sz\u00e1zal\u00e9kuk szerint pedig kifejezetten neh\u00e9z lenne m\u00e1sik \u00e1ll\u00e1st tal\u00e1lniuk. A felm\u00e9r\u00e9sb\u0151l kider\u00fcl, hogy a f\u00e9rfiak az \u00e1tlagn\u00e1l optimist\u00e1bbak, 39 sz\u00e1zal\u00e9kuk k\u00f6nny\u0171 \u00e1ll\u00e1sv\u00e1lt\u00e1ssal sz\u00e1mol, m\u00edg a n\u0151knek csak a 17 sz\u00e1zal\u00e9ka l\u00e1tja \u00edgy a k\u00e9rd\u00e9st.<\/p>\n<p>Forr\u00e1s: <a href=\"https:\/\/www.hrportal.hu\/hr\/jelentosen-optimistabbak-a-fiatalok-a-karrierlehetosegeiket-illetoen-20250206.html\" target=\"_blank\" rel=\"nofollow noopener noreferrer\">hrportal.hu<\/a><\/p>\n","protected":false},"excerpt":{"rendered":"<p>Egyre fontosabbnak tartj\u00e1k a fiatalok a munkahelyi megbecs\u00fclts\u00e9get. A vid\u00e9ken \u00e9l\u0151k pedig bizonytalanabbak az \u00e1ll\u00e1sukat illet\u0151en, mint a f\u0151v\u00e1rosban \u00e9l\u0151k. Egy kutat\u00e1s szerint az elm\u00falt \u00e9vihez k\u00e9pest javul\u00f3 tendenci\u00e1t lehet m\u00e9rni. Tov\u00e1bbra is t\u00f6bbs\u00e9gben vannak azok a dolgoz\u00f3 fiatalok, akik kell\u0151en fixnek gondolj\u00e1k az \u00e1ll\u00e1sukat: a K&amp;H ifj\u00fas\u00e1gi index legfrissebb, 2024 \u00e9v v\u00e9gi eredm\u00e9nyei szerint [&hellip;]<\/p>\n","protected":false},"author":1,"featured_media":8184,"comment_status":"closed","ping_status":"closed","sticky":false,"template":"","format":"standard","meta":{"_monsterinsights_skip_tracking":false,"footnotes":""},"categories":[200],"tags":[213,869],"class_list":["post-8183","post","type-post","status-publish","format-standard","has-post-thumbnail","hentry","category-munkaeropiac","tag-felmeres","tag-ifjusagi-felmeres"],"aioseo_notices":[],"aioseo_head":"\n\t\t<!-- All in One SEO 5.0.0.1 - aioseo.com -->\n\t<meta name=\"description\" content=\"Egyre fontosabbnak tartj\u00e1k a fiatalok a munkahelyi megbecs\u00fclts\u00e9get. A vid\u00e9ken \u00e9l\u0151k pedig bizonytalanabbak az \u00e1ll\u00e1sukat illet\u0151en, mint a f\u0151v\u00e1rosban \u00e9l\u0151k.\" \/>\n\t<meta name=\"robots\" content=\"max-image-preview:large\" \/>\n\t<meta name=\"author\" content=\"Juh\u00e1sz P\u00e9ter\"\/>\n\t<meta name=\"keywords\" content=\"felm\u00e9r\u00e9s,ifj\u00fas\u00e1gi felm\u00e9r\u00e9s\" \/>\n\t<link rel=\"canonical\" href=\"https:\/\/allasorias.hu\/hirek\/a-videki-fiatalok-kevesbe-tartjak-biztosnak-a-munkahelyuket\/\" \/>\n\t<meta name=\"generator\" content=\"All in One SEO (AIOSEO) 5.0.0.1\" \/>\n\t\t<meta property=\"og:locale\" content=\"hu_HU\" \/>\n\t\t<meta property=\"og:site_name\" content=\"AllasOrias.hu | H\u00edrek-lapszemle | \u00dczleti h\u00edrek az \u00e1ll\u00e1s \u00e9s a munka vil\u00e1g\u00e1b\u00f3l\" \/>\n\t\t<meta property=\"og:type\" content=\"article\" \/>\n\t\t<meta property=\"og:title\" content=\"Vid\u00e9ki fiatalok kev\u00e9sb\u00e9 b\u00edznak munkahely\u00fckben\" \/>\n\t\t<meta property=\"og:description\" content=\"Egyre fontosabbnak tartj\u00e1k a fiatalok a munkahelyi megbecs\u00fclts\u00e9get. A vid\u00e9ken \u00e9l\u0151k pedig bizonytalanabbak az \u00e1ll\u00e1sukat illet\u0151en, mint a f\u0151v\u00e1rosban \u00e9l\u0151k.\" \/>\n\t\t<meta property=\"og:url\" content=\"https:\/\/allasorias.hu\/hirek\/a-videki-fiatalok-kevesbe-tartjak-biztosnak-a-munkahelyuket\/\" \/>\n\t\t<meta property=\"og:image\" content=\"https:\/\/allasorias.hu\/hirek\/wp-content\/uploads\/2025\/02\/ifjusagi-felmeres.jpg\" \/>\n\t\t<meta property=\"og:image:secure_url\" content=\"https:\/\/allasorias.hu\/hirek\/wp-content\/uploads\/2025\/02\/ifjusagi-felmeres.jpg\" \/>\n\t\t<meta property=\"og:image:width\" content=\"1920\" \/>\n\t\t<meta property=\"og:image:height\" content=\"1280\" \/>\n\t\t<meta property=\"article:published_time\" content=\"2025-02-07T13:43:12+00:00\" \/>\n\t\t<meta property=\"article:modified_time\" content=\"2025-05-09T08:02:32+00:00\" \/>\n\t\t<meta property=\"article:publisher\" content=\"https:\/\/www.facebook.com\/allasorias\" \/>\n\t\t<meta name=\"twitter:card\" content=\"summary_large_image\" \/>\n\t\t<meta name=\"twitter:title\" content=\"Vid\u00e9ki fiatalok kev\u00e9sb\u00e9 b\u00edznak munkahely\u00fckben\" \/>\n\t\t<meta name=\"twitter:description\" content=\"Egyre fontosabbnak tartj\u00e1k a fiatalok a munkahelyi megbecs\u00fclts\u00e9get. A vid\u00e9ken \u00e9l\u0151k pedig bizonytalanabbak az \u00e1ll\u00e1sukat illet\u0151en, mint a f\u0151v\u00e1rosban \u00e9l\u0151k.\" \/>\n\t\t<meta name=\"twitter:image\" content=\"https:\/\/allasorias.hu\/hirek\/wp-content\/uploads\/2025\/02\/ifjusagi-felmeres.jpg\" \/>\n\t\t<meta name=\"twitter:label1\" content=\"Written by\" \/>\n\t\t<meta name=\"twitter:data1\" content=\"Juh\u00e1sz P\u00e9ter\" \/>\n\t\t<meta name=\"twitter:label2\" content=\"Est. reading time\" \/>\n\t\t<meta name=\"twitter:data2\" content=\"3 minutes\" \/>\n\t\t<script type=\"application\/ld+json\" class=\"aioseo-schema\">\n\t\t\t{\"@context\":\"https:\\\/\\\/schema.org\",\"@graph\":[{\"@type\":\"Article\",\"@id\":\"https:\\\/\\\/allasorias.hu\\\/hirek\\\/a-videki-fiatalok-kevesbe-tartjak-biztosnak-a-munkahelyuket\\\/#article\",\"name\":\"Vid\\u00e9ki fiatalok kev\\u00e9sb\\u00e9 b\\u00edznak munkahely\\u00fckben\",\"headline\":\"A vid\\u00e9ki fiatalok kev\\u00e9sb\\u00e9 tartj\\u00e1k biztosnak a munkahely\\u00fcket\",\"author\":{\"@id\":\"https:\\\/\\\/allasorias.hu\\\/hirek\\\/author\\\/admin-allasorias\\\/#author\"},\"publisher\":{\"@id\":\"https:\\\/\\\/allasorias.hu\\\/hirek\\\/#organization\"},\"image\":{\"@type\":\"ImageObject\",\"url\":\"https:\\\/\\\/allasorias.hu\\\/hirek\\\/wp-content\\\/uploads\\\/2025\\\/02\\\/ifjusagi-felmeres.jpg\",\"width\":1920,\"height\":1280,\"caption\":\"A vid\\u00e9ki fiatalok kev\\u00e9sb\\u00e9 tartj\\u00e1k biztosnak a munkahely\\u00fcket - Allasorias.hu\\\/Hirek\"},\"datePublished\":\"2025-02-07T15:43:12+02:00\",\"dateModified\":\"2025-05-09T10:02:32+02:00\",\"inLanguage\":\"hu-HU\",\"mainEntityOfPage\":{\"@id\":\"https:\\\/\\\/allasorias.hu\\\/hirek\\\/a-videki-fiatalok-kevesbe-tartjak-biztosnak-a-munkahelyuket\\\/#webpage\"},\"isPartOf\":{\"@id\":\"https:\\\/\\\/allasorias.hu\\\/hirek\\\/a-videki-fiatalok-kevesbe-tartjak-biztosnak-a-munkahelyuket\\\/#webpage\"},\"articleSection\":\"Munkaer\\u0151piac, Felm\\u00e9r\\u00e9s, ifj\\u00fas\\u00e1gi felm\\u00e9r\\u00e9s\"},{\"@type\":\"BreadcrumbList\",\"@id\":\"https:\\\/\\\/allasorias.hu\\\/hirek\\\/a-videki-fiatalok-kevesbe-tartjak-biztosnak-a-munkahelyuket\\\/#breadcrumblist\",\"itemListElement\":[{\"@type\":\"ListItem\",\"@id\":\"https:\\\/\\\/allasorias.hu\\\/hirek#listItem\",\"position\":1,\"name\":\"Home\",\"item\":\"https:\\\/\\\/allasorias.hu\\\/hirek\",\"nextItem\":{\"@type\":\"ListItem\",\"@id\":\"https:\\\/\\\/allasorias.hu\\\/hirek\\\/temak\\\/munkaeropiac\\\/#listItem\",\"name\":\"Munkaer\\u0151piac\"}},{\"@type\":\"ListItem\",\"@id\":\"https:\\\/\\\/allasorias.hu\\\/hirek\\\/temak\\\/munkaeropiac\\\/#listItem\",\"position\":2,\"name\":\"Munkaer\\u0151piac\",\"item\":\"https:\\\/\\\/allasorias.hu\\\/hirek\\\/temak\\\/munkaeropiac\\\/\",\"nextItem\":{\"@type\":\"ListItem\",\"@id\":\"https:\\\/\\\/allasorias.hu\\\/hirek\\\/a-videki-fiatalok-kevesbe-tartjak-biztosnak-a-munkahelyuket\\\/#listItem\",\"name\":\"A vid\\u00e9ki fiatalok kev\\u00e9sb\\u00e9 tartj\\u00e1k biztosnak a munkahely\\u00fcket\"},\"previousItem\":{\"@type\":\"ListItem\",\"@id\":\"https:\\\/\\\/allasorias.hu\\\/hirek#listItem\",\"name\":\"Home\"}},{\"@type\":\"ListItem\",\"@id\":\"https:\\\/\\\/allasorias.hu\\\/hirek\\\/a-videki-fiatalok-kevesbe-tartjak-biztosnak-a-munkahelyuket\\\/#listItem\",\"position\":3,\"name\":\"A vid\\u00e9ki fiatalok kev\\u00e9sb\\u00e9 tartj\\u00e1k biztosnak a munkahely\\u00fcket\",\"previousItem\":{\"@type\":\"ListItem\",\"@id\":\"https:\\\/\\\/allasorias.hu\\\/hirek\\\/temak\\\/munkaeropiac\\\/#listItem\",\"name\":\"Munkaer\\u0151piac\"}}]},{\"@type\":\"Organization\",\"@id\":\"https:\\\/\\\/allasorias.hu\\\/hirek\\\/#organization\",\"name\":\"AllasOrias.hu | H\\u00edrek-lapszemle\",\"description\":\"\\u00dczleti h\\u00edrek az \\u00e1ll\\u00e1s \\u00e9s a munka vil\\u00e1g\\u00e1b\\u00f3l\",\"url\":\"https:\\\/\\\/allasorias.hu\\\/hirek\\\/\",\"logo\":{\"@type\":\"ImageObject\",\"url\":\"https:\\\/\\\/allasorias.hu\\\/hirek\\\/wp-content\\\/uploads\\\/2022\\\/10\\\/allasorias_site_facebok_logo.png\",\"@id\":\"https:\\\/\\\/allasorias.hu\\\/hirek\\\/a-videki-fiatalok-kevesbe-tartjak-biztosnak-a-munkahelyuket\\\/#organizationLogo\"},\"image\":{\"@id\":\"https:\\\/\\\/allasorias.hu\\\/hirek\\\/a-videki-fiatalok-kevesbe-tartjak-biztosnak-a-munkahelyuket\\\/#organizationLogo\"},\"sameAs\":[\"https:\\\/\\\/www.facebook.com\\\/allasorias\",\"https:\\\/\\\/www.linkedin.com\\\/company\\\/allasorias\"]},{\"@type\":\"Person\",\"@id\":\"https:\\\/\\\/allasorias.hu\\\/hirek\\\/author\\\/admin-allasorias\\\/#author\",\"url\":\"https:\\\/\\\/allasorias.hu\\\/hirek\\\/author\\\/admin-allasorias\\\/\",\"name\":\"Juh\\u00e1sz P\\u00e9ter\",\"image\":{\"@type\":\"ImageObject\",\"@id\":\"https:\\\/\\\/allasorias.hu\\\/hirek\\\/a-videki-fiatalok-kevesbe-tartjak-biztosnak-a-munkahelyuket\\\/#authorImage\",\"url\":\"https:\\\/\\\/secure.gravatar.com\\\/avatar\\\/36e6bcb83148978b992977cb0f54d22feb0cce8a0a849a9410532bb2623ba4c6?s=96&d=mm&r=g\",\"width\":96,\"height\":96,\"caption\":\"Juh\\u00e1sz P\\u00e9ter\"}},{\"@type\":\"WebPage\",\"@id\":\"https:\\\/\\\/allasorias.hu\\\/hirek\\\/a-videki-fiatalok-kevesbe-tartjak-biztosnak-a-munkahelyuket\\\/#webpage\",\"url\":\"https:\\\/\\\/allasorias.hu\\\/hirek\\\/a-videki-fiatalok-kevesbe-tartjak-biztosnak-a-munkahelyuket\\\/\",\"name\":\"Vid\\u00e9ki fiatalok kev\\u00e9sb\\u00e9 b\\u00edznak munkahely\\u00fckben\",\"description\":\"Egyre fontosabbnak tartj\\u00e1k a fiatalok a munkahelyi megbecs\\u00fclts\\u00e9get. A vid\\u00e9ken \\u00e9l\\u0151k pedig bizonytalanabbak az \\u00e1ll\\u00e1sukat illet\\u0151en, mint a f\\u0151v\\u00e1rosban \\u00e9l\\u0151k.\",\"inLanguage\":\"hu-HU\",\"isPartOf\":{\"@id\":\"https:\\\/\\\/allasorias.hu\\\/hirek\\\/#website\"},\"breadcrumb\":{\"@id\":\"https:\\\/\\\/allasorias.hu\\\/hirek\\\/a-videki-fiatalok-kevesbe-tartjak-biztosnak-a-munkahelyuket\\\/#breadcrumblist\"},\"author\":{\"@id\":\"https:\\\/\\\/allasorias.hu\\\/hirek\\\/author\\\/admin-allasorias\\\/#author\"},\"creator\":{\"@id\":\"https:\\\/\\\/allasorias.hu\\\/hirek\\\/author\\\/admin-allasorias\\\/#author\"},\"image\":{\"@type\":\"ImageObject\",\"url\":\"https:\\\/\\\/allasorias.hu\\\/hirek\\\/wp-content\\\/uploads\\\/2025\\\/02\\\/ifjusagi-felmeres.jpg\",\"@id\":\"https:\\\/\\\/allasorias.hu\\\/hirek\\\/a-videki-fiatalok-kevesbe-tartjak-biztosnak-a-munkahelyuket\\\/#mainImage\",\"width\":1920,\"height\":1280,\"caption\":\"A vid\\u00e9ki fiatalok kev\\u00e9sb\\u00e9 tartj\\u00e1k biztosnak a munkahely\\u00fcket - Allasorias.hu\\\/Hirek\"},\"primaryImageOfPage\":{\"@id\":\"https:\\\/\\\/allasorias.hu\\\/hirek\\\/a-videki-fiatalok-kevesbe-tartjak-biztosnak-a-munkahelyuket\\\/#mainImage\"},\"datePublished\":\"2025-02-07T15:43:12+02:00\",\"dateModified\":\"2025-05-09T10:02:32+02:00\"},{\"@type\":\"WebSite\",\"@id\":\"https:\\\/\\\/allasorias.hu\\\/hirek\\\/#website\",\"url\":\"https:\\\/\\\/allasorias.hu\\\/hirek\\\/\",\"name\":\"AllasOrias.hu | H\\u00edrek-lapszemle\",\"description\":\"\\u00dczleti h\\u00edrek az \\u00e1ll\\u00e1s \\u00e9s a munka vil\\u00e1g\\u00e1b\\u00f3l\",\"inLanguage\":\"hu-HU\",\"publisher\":{\"@id\":\"https:\\\/\\\/allasorias.hu\\\/hirek\\\/#organization\"}}]}\n\t\t<\/script>\n\t\t<!-- All in One SEO -->\n\n","aioseo_head_json":{"title":"Vid\u00e9ki fiatalok kev\u00e9sb\u00e9 b\u00edznak munkahely\u00fckben","description":"Egyre fontosabbnak tartj\u00e1k a fiatalok a munkahelyi megbecs\u00fclts\u00e9get. A vid\u00e9ken \u00e9l\u0151k pedig bizonytalanabbak az \u00e1ll\u00e1sukat illet\u0151en, mint a f\u0151v\u00e1rosban \u00e9l\u0151k.","canonical_url":"https:\/\/allasorias.hu\/hirek\/a-videki-fiatalok-kevesbe-tartjak-biztosnak-a-munkahelyuket\/","robots":"max-image-preview:large","keywords":"felm\u00e9r\u00e9s,ifj\u00fas\u00e1gi felm\u00e9r\u00e9s","webmasterTools":{"miscellaneous":""},"schema":{"@context":"https:\/\/schema.org","@graph":[{"@type":"Article","@id":"https:\/\/allasorias.hu\/hirek\/a-videki-fiatalok-kevesbe-tartjak-biztosnak-a-munkahelyuket\/#article","name":"Vid\u00e9ki fiatalok kev\u00e9sb\u00e9 b\u00edznak munkahely\u00fckben","headline":"A vid\u00e9ki fiatalok kev\u00e9sb\u00e9 tartj\u00e1k biztosnak a munkahely\u00fcket","author":{"@id":"https:\/\/allasorias.hu\/hirek\/author\/admin-allasorias\/#author"},"publisher":{"@id":"https:\/\/allasorias.hu\/hirek\/#organization"},"image":{"@type":"ImageObject","url":"https:\/\/allasorias.hu\/hirek\/wp-content\/uploads\/2025\/02\/ifjusagi-felmeres.jpg","width":1920,"height":1280,"caption":"A vid\u00e9ki fiatalok kev\u00e9sb\u00e9 tartj\u00e1k biztosnak a munkahely\u00fcket - Allasorias.hu\/Hirek"},"datePublished":"2025-02-07T15:43:12+02:00","dateModified":"2025-05-09T10:02:32+02:00","inLanguage":"hu-HU","mainEntityOfPage":{"@id":"https:\/\/allasorias.hu\/hirek\/a-videki-fiatalok-kevesbe-tartjak-biztosnak-a-munkahelyuket\/#webpage"},"isPartOf":{"@id":"https:\/\/allasorias.hu\/hirek\/a-videki-fiatalok-kevesbe-tartjak-biztosnak-a-munkahelyuket\/#webpage"},"articleSection":"Munkaer\u0151piac, Felm\u00e9r\u00e9s, ifj\u00fas\u00e1gi felm\u00e9r\u00e9s"},{"@type":"BreadcrumbList","@id":"https:\/\/allasorias.hu\/hirek\/a-videki-fiatalok-kevesbe-tartjak-biztosnak-a-munkahelyuket\/#breadcrumblist","itemListElement":[{"@type":"ListItem","@id":"https:\/\/allasorias.hu\/hirek#listItem","position":1,"name":"Home","item":"https:\/\/allasorias.hu\/hirek","nextItem":{"@type":"ListItem","@id":"https:\/\/allasorias.hu\/hirek\/temak\/munkaeropiac\/#listItem","name":"Munkaer\u0151piac"}},{"@type":"ListItem","@id":"https:\/\/allasorias.hu\/hirek\/temak\/munkaeropiac\/#listItem","position":2,"name":"Munkaer\u0151piac","item":"https:\/\/allasorias.hu\/hirek\/temak\/munkaeropiac\/","nextItem":{"@type":"ListItem","@id":"https:\/\/allasorias.hu\/hirek\/a-videki-fiatalok-kevesbe-tartjak-biztosnak-a-munkahelyuket\/#listItem","name":"A vid\u00e9ki fiatalok kev\u00e9sb\u00e9 tartj\u00e1k biztosnak a munkahely\u00fcket"},"previousItem":{"@type":"ListItem","@id":"https:\/\/allasorias.hu\/hirek#listItem","name":"Home"}},{"@type":"ListItem","@id":"https:\/\/allasorias.hu\/hirek\/a-videki-fiatalok-kevesbe-tartjak-biztosnak-a-munkahelyuket\/#listItem","position":3,"name":"A vid\u00e9ki fiatalok kev\u00e9sb\u00e9 tartj\u00e1k biztosnak a munkahely\u00fcket","previousItem":{"@type":"ListItem","@id":"https:\/\/allasorias.hu\/hirek\/temak\/munkaeropiac\/#listItem","name":"Munkaer\u0151piac"}}]},{"@type":"Organization","@id":"https:\/\/allasorias.hu\/hirek\/#organization","name":"AllasOrias.hu | H\u00edrek-lapszemle","description":"\u00dczleti h\u00edrek az \u00e1ll\u00e1s \u00e9s a munka vil\u00e1g\u00e1b\u00f3l","url":"https:\/\/allasorias.hu\/hirek\/","logo":{"@type":"ImageObject","url":"https:\/\/allasorias.hu\/hirek\/wp-content\/uploads\/2022\/10\/allasorias_site_facebok_logo.png","@id":"https:\/\/allasorias.hu\/hirek\/a-videki-fiatalok-kevesbe-tartjak-biztosnak-a-munkahelyuket\/#organizationLogo"},"image":{"@id":"https:\/\/allasorias.hu\/hirek\/a-videki-fiatalok-kevesbe-tartjak-biztosnak-a-munkahelyuket\/#organizationLogo"},"sameAs":["https:\/\/www.facebook.com\/allasorias","https:\/\/www.linkedin.com\/company\/allasorias"]},{"@type":"Person","@id":"https:\/\/allasorias.hu\/hirek\/author\/admin-allasorias\/#author","url":"https:\/\/allasorias.hu\/hirek\/author\/admin-allasorias\/","name":"Juh\u00e1sz P\u00e9ter","image":{"@type":"ImageObject","@id":"https:\/\/allasorias.hu\/hirek\/a-videki-fiatalok-kevesbe-tartjak-biztosnak-a-munkahelyuket\/#authorImage","url":"https:\/\/secure.gravatar.com\/avatar\/36e6bcb83148978b992977cb0f54d22feb0cce8a0a849a9410532bb2623ba4c6?s=96&d=mm&r=g","width":96,"height":96,"caption":"Juh\u00e1sz P\u00e9ter"}},{"@type":"WebPage","@id":"https:\/\/allasorias.hu\/hirek\/a-videki-fiatalok-kevesbe-tartjak-biztosnak-a-munkahelyuket\/#webpage","url":"https:\/\/allasorias.hu\/hirek\/a-videki-fiatalok-kevesbe-tartjak-biztosnak-a-munkahelyuket\/","name":"Vid\u00e9ki fiatalok kev\u00e9sb\u00e9 b\u00edznak munkahely\u00fckben","description":"Egyre fontosabbnak tartj\u00e1k a fiatalok a munkahelyi megbecs\u00fclts\u00e9get. A vid\u00e9ken \u00e9l\u0151k pedig bizonytalanabbak az \u00e1ll\u00e1sukat illet\u0151en, mint a f\u0151v\u00e1rosban \u00e9l\u0151k.","inLanguage":"hu-HU","isPartOf":{"@id":"https:\/\/allasorias.hu\/hirek\/#website"},"breadcrumb":{"@id":"https:\/\/allasorias.hu\/hirek\/a-videki-fiatalok-kevesbe-tartjak-biztosnak-a-munkahelyuket\/#breadcrumblist"},"author":{"@id":"https:\/\/allasorias.hu\/hirek\/author\/admin-allasorias\/#author"},"creator":{"@id":"https:\/\/allasorias.hu\/hirek\/author\/admin-allasorias\/#author"},"image":{"@type":"ImageObject","url":"https:\/\/allasorias.hu\/hirek\/wp-content\/uploads\/2025\/02\/ifjusagi-felmeres.jpg","@id":"https:\/\/allasorias.hu\/hirek\/a-videki-fiatalok-kevesbe-tartjak-biztosnak-a-munkahelyuket\/#mainImage","width":1920,"height":1280,"caption":"A vid\u00e9ki fiatalok kev\u00e9sb\u00e9 tartj\u00e1k biztosnak a munkahely\u00fcket - Allasorias.hu\/Hirek"},"primaryImageOfPage":{"@id":"https:\/\/allasorias.hu\/hirek\/a-videki-fiatalok-kevesbe-tartjak-biztosnak-a-munkahelyuket\/#mainImage"},"datePublished":"2025-02-07T15:43:12+02:00","dateModified":"2025-05-09T10:02:32+02:00"},{"@type":"WebSite","@id":"https:\/\/allasorias.hu\/hirek\/#website","url":"https:\/\/allasorias.hu\/hirek\/","name":"AllasOrias.hu | H\u00edrek-lapszemle","description":"\u00dczleti h\u00edrek az \u00e1ll\u00e1s \u00e9s a munka vil\u00e1g\u00e1b\u00f3l","inLanguage":"hu-HU","publisher":{"@id":"https:\/\/allasorias.hu\/hirek\/#organization"}}]},"og:locale":"hu_HU","og:site_name":"AllasOrias.hu | H\u00edrek-lapszemle | \u00dczleti h\u00edrek az \u00e1ll\u00e1s \u00e9s a munka vil\u00e1g\u00e1b\u00f3l","og:type":"article","og:title":"Vid\u00e9ki fiatalok kev\u00e9sb\u00e9 b\u00edznak munkahely\u00fckben","og:description":"Egyre fontosabbnak tartj\u00e1k a fiatalok a munkahelyi megbecs\u00fclts\u00e9get. A vid\u00e9ken \u00e9l\u0151k pedig bizonytalanabbak az \u00e1ll\u00e1sukat illet\u0151en, mint a f\u0151v\u00e1rosban \u00e9l\u0151k.","og:url":"https:\/\/allasorias.hu\/hirek\/a-videki-fiatalok-kevesbe-tartjak-biztosnak-a-munkahelyuket\/","og:image":"https:\/\/allasorias.hu\/hirek\/wp-content\/uploads\/2025\/02\/ifjusagi-felmeres.jpg","og:image:secure_url":"https:\/\/allasorias.hu\/hirek\/wp-content\/uploads\/2025\/02\/ifjusagi-felmeres.jpg","og:image:width":1920,"og:image:height":1280,"article:published_time":"2025-02-07T13:43:12+00:00","article:modified_time":"2025-05-09T08:02:32+00:00","article:publisher":"https:\/\/www.facebook.com\/allasorias","twitter:card":"summary_large_image","twitter:title":"Vid\u00e9ki fiatalok kev\u00e9sb\u00e9 b\u00edznak munkahely\u00fckben","twitter:description":"Egyre fontosabbnak tartj\u00e1k a fiatalok a munkahelyi megbecs\u00fclts\u00e9get. A vid\u00e9ken \u00e9l\u0151k pedig bizonytalanabbak az \u00e1ll\u00e1sukat illet\u0151en, mint a f\u0151v\u00e1rosban \u00e9l\u0151k.","twitter:image":"https:\/\/allasorias.hu\/hirek\/wp-content\/uploads\/2025\/02\/ifjusagi-felmeres.jpg","twitter:label1":"Written by","twitter:data1":"Juh\u00e1sz P\u00e9ter","twitter:label2":"Est. reading time","twitter:data2":"3 minutes"},"aioseo_meta_data":{"post_id":"8183","title":"Vid\u00e9ki fiatalok kev\u00e9sb\u00e9 b\u00edznak munkahely\u00fckben","description":"Egyre fontosabbnak tartj\u00e1k a fiatalok a munkahelyi megbecs\u00fclts\u00e9get. A vid\u00e9ken \u00e9l\u0151k pedig bizonytalanabbak az \u00e1ll\u00e1sukat illet\u0151en, mint a f\u0151v\u00e1rosban \u00e9l\u0151k.","keywords":null,"keyphrases":{"focus":{"keyphrase":"","score":0,"analysis":{"keyphraseInTitle":{"score":0,"maxScore":9,"error":1}}},"additional":[]},"primary_term":null,"canonical_url":null,"og_title":null,"og_description":null,"og_object_type":"default","og_image_type":"default","og_image_url":null,"og_image_width":null,"og_image_height":null,"og_image_custom_url":null,"og_image_custom_fields":null,"og_video":"","og_custom_url":null,"og_article_section":null,"og_article_tags":null,"twitter_use_og":true,"twitter_card":"default","twitter_image_type":"default","twitter_image_url":null,"twitter_image_custom_url":null,"twitter_image_custom_fields":null,"twitter_title":null,"twitter_description":null,"schema":{"blockGraphs":[],"customGraphs":[],"default":{"data":{"Article":[],"Course":[],"Dataset":[],"FAQPage":[],"Movie":[],"Person":[],"Product":[],"ProductReview":[],"Car":[],"Recipe":[],"Service":[],"SoftwareApplication":[],"WebPage":[]},"graphName":"Article","isEnabled":true},"graphs":[]},"schema_type":"default","schema_type_options":null,"pillar_content":false,"robots_default":true,"robots_noindex":false,"robots_noarchive":false,"robots_nosnippet":false,"robots_nofollow":false,"robots_noimageindex":false,"robots_noodp":false,"robots_notranslate":false,"robots_max_snippet":"-1","robots_max_videopreview":"-1","robots_max_imagepreview":"large","priority":null,"frequency":"default","location":null,"local_seo":null,"breadcrumb_settings":null,"limit_modified_date":false,"ai":null,"created":"2025-02-07 13:32:47","updated":"2025-10-02 20:55:24","seo_analyzer_scan_date":null,"focus_keyword":null,"additional_keywords":null,"truseo_locale":null},"aioseo_breadcrumb":"<div class=\"aioseo-breadcrumbs\"><span class=\"aioseo-breadcrumb\">\n\t\t\t<a href=\"https:\/\/allasorias.hu\/hirek\" title=\"Home\">Home<\/a>\n\t\t<\/span><span class=\"aioseo-breadcrumb-separator\">&raquo;<\/span><span class=\"aioseo-breadcrumb\">\n\t\t\t<a href=\"https:\/\/allasorias.hu\/hirek\/temak\/munkaeropiac\/\" title=\"Munkaer\u0151piac\">Munkaer\u0151piac<\/a>\n\t\t<\/span><span class=\"aioseo-breadcrumb-separator\">&raquo;<\/span><span class=\"aioseo-breadcrumb\">\n\t\t\tA vid\u00e9ki fiatalok kev\u00e9sb\u00e9 tartj\u00e1k biztosnak a munkahely\u00fcket\n\t\t<\/span><\/div>","aioseo_breadcrumb_json":[{"label":"Home","link":"https:\/\/allasorias.hu\/hirek"},{"label":"Munkaer\u0151piac","link":"https:\/\/allasorias.hu\/hirek\/temak\/munkaeropiac\/"},{"label":"A vid\u00e9ki fiatalok kev\u00e9sb\u00e9 tartj\u00e1k biztosnak a munkahely\u00fcket","link":"https:\/\/allasorias.hu\/hirek\/a-videki-fiatalok-kevesbe-tartjak-biztosnak-a-munkahelyuket\/"}],"_links":{"self":[{"href":"https:\/\/allasorias.hu\/hirek\/wp-json\/wp\/v2\/posts\/8183","targetHints":{"allow":["GET"]}}],"collection":[{"href":"https:\/\/allasorias.hu\/hirek\/wp-json\/wp\/v2\/posts"}],"about":[{"href":"https:\/\/allasorias.hu\/hirek\/wp-json\/wp\/v2\/types\/post"}],"author":[{"embeddable":true,"href":"https:\/\/allasorias.hu\/hirek\/wp-json\/wp\/v2\/users\/1"}],"replies":[{"embeddable":true,"href":"https:\/\/allasorias.hu\/hirek\/wp-json\/wp\/v2\/comments?post=8183"}],"version-history":[{"count":1,"href":"https:\/\/allasorias.hu\/hirek\/wp-json\/wp\/v2\/posts\/8183\/revisions"}],"predecessor-version":[{"id":8185,"href":"https:\/\/allasorias.hu\/hirek\/wp-json\/wp\/v2\/posts\/8183\/revisions\/8185"}],"wp:featuredmedia":[{"embeddable":true,"href":"https:\/\/allasorias.hu\/hirek\/wp-json\/wp\/v2\/media\/8184"}],"wp:attachment":[{"href":"https:\/\/allasorias.hu\/hirek\/wp-json\/wp\/v2\/media?parent=8183"}],"wp:term":[{"taxonomy":"category","embeddable":true,"href":"https:\/\/allasorias.hu\/hirek\/wp-json\/wp\/v2\/categories?post=8183"},{"taxonomy":"post_tag","embeddable":true,"href":"https:\/\/allasorias.hu\/hirek\/wp-json\/wp\/v2\/tags?post=8183"}],"curies":[{"name":"wp","href":"https:\/\/api.w.org\/{rel}","templated":true}]}}