{"id":8172,"date":"2025-02-05T11:53:26","date_gmt":"2025-02-05T09:53:26","guid":{"rendered":"https:\/\/allasorias.hu\/hirek\/?p=8172"},"modified":"2025-05-13T16:02:36","modified_gmt":"2025-05-13T14:02:36","slug":"vezetnek-a-muszaki-kepzesben-vegzett-fiatalok","status":"publish","type":"post","link":"https:\/\/allasorias.hu\/hirek\/vezetnek-a-muszaki-kepzesben-vegzett-fiatalok\/","title":{"rendered":"Vezetnek a m\u0171szaki k\u00e9pz\u00e9sben v\u00e9gzett fiatalok"},"content":{"rendered":"<p><strong>A m\u0171szaki k\u00e9pz\u00e9sb\u0151l \u00e9rkez\u0151 munkakezd\u0151k j\u00f3 poz\u00edci\u00f3kra \u00e9s fizet\u00e9sekre sz\u00e1m\u00edthatnak. A fiatal kezd\u0151k sz\u00e1m\u00e1ra azonban nemcsak a fizet\u00e9s sz\u00e1m\u00edt. Sokan el\u0151nyben r\u00e9szes\u00edtik az otthonr\u00f3l v\u00e9gezhet\u0151 munk\u00e1t.<\/strong><\/p>\n<p>A friss diplom\u00e1soknak a munkaad\u00f3kkal szembeni legfontosabb ig\u00e9nye a rugalmass\u00e1g \u00e9s a szabads\u00e1g, ezt k\u00f6veti a b\u00e9rez\u00e9s: az energetikusok k\u00f6r\u00fclbel\u00fcl 550-600 ezer forintos, az informatikusok pedig k\u00f6r\u00fclbel\u00fcl 800 ezer forintos kezd\u0151 fizet\u00e9st k\u00e9rnek &#8211; a friss tendenci\u00e1kat Orb\u00e1n Bal\u00e1zs, a m\u00e1rcius 11-12-i M\u0171egyetemi \u00c1ll\u00e1sb\u00f6rze f\u0151szervez\u0151je foglalta \u00f6ssze a Budapesti M\u0171szaki \u00e9s Gazdas\u00e1gtudom\u00e1nyi Egyetem \u00e1ltal\u00a0 az MTI-nek eljutatott k\u00f6zlem\u00e9nyben.<\/p>\n<p>Kiemelt\u00e9k, hogy id\u00e9n a m\u0171szaki szektorban a legkeresettebb szakm\u00e1k k\u00f6z\u00f6tt tal\u00e1lhat\u00f3 a g\u00e9p\u00e9sz \u00e9s j\u00e1rm\u0171m\u00e9rn\u00f6ki szakter\u00fclet, mechatronikai, illetve a logisztikai m\u00e9rn\u00f6k. \u00daj lehet\u0151s\u00e9geket hordoz mag\u00e1ban a BME \u0171rm\u00e9rn\u00f6ki k\u00e9pz\u00e9se, ami nem kifejezetten \u0171rhaj\u00f3s k\u00e9pz\u00e9st jelent, hanem ak\u00e1r olyan korszer\u0171 nanotechnikai tud\u00e1st, amely az \u00faj piaci ig\u00e9nyeket teljes m\u00e9rt\u00e9kben k\u00e9pes kiel\u00e9g\u00edteni. K\u00f6z\u00f6lt\u00e9k, hogy minden \u00e9vben n\u0151 azoknak a szakembereknek a sz\u00e1ma, akik k\u00f6zvetlen\u00fcl az egyetemr\u0151l kiker\u00fclve nemzetk\u00f6zi c\u00e9gekn\u00e9l t\u00f6ltenek be poz\u00edci\u00f3kat. Emellett egyre nagyobb sz\u00e1mban dolgoznak ak\u00e1r Budapesten \u00e9l\u0151, p\u00e1lyakezd\u0151 fiatalok otthonr\u00f3l k\u00fclf\u00f6ldi c\u00e9geknek, ez pedig nemcsak az IT szakm\u00e1ra \u00e9rv\u00e9nyes, hanem a k\u00fcl\u00f6nb\u00f6z\u0151 m\u00e9rn\u00f6k\u00f6kre is.<\/p>\n<p>Forr\u00e1s: <a href=\"https:\/\/www.hrportal.hu\/hr\/ilyen-igenyekkel-erkeznek-a-munkaeropiacra-a-friss-diplomasok-20250204.html\" target=\"_blank\" rel=\"nofollow noopener noreferrer\">hrportal.hu<\/a><\/p>\n","protected":false},"excerpt":{"rendered":"<p>A m\u0171szaki k\u00e9pz\u00e9sb\u0151l \u00e9rkez\u0151 munkakezd\u0151k j\u00f3 poz\u00edci\u00f3kra \u00e9s fizet\u00e9sekre sz\u00e1m\u00edthatnak. A fiatal kezd\u0151k sz\u00e1m\u00e1ra azonban nemcsak a fizet\u00e9s sz\u00e1m\u00edt. Sokan el\u0151nyben r\u00e9szes\u00edtik az otthonr\u00f3l v\u00e9gezhet\u0151 munk\u00e1t. A friss diplom\u00e1soknak a munkaad\u00f3kkal szembeni legfontosabb ig\u00e9nye a rugalmass\u00e1g \u00e9s a szabads\u00e1g, ezt k\u00f6veti a b\u00e9rez\u00e9s: az energetikusok k\u00f6r\u00fclbel\u00fcl 550-600 ezer forintos, az informatikusok pedig k\u00f6r\u00fclbel\u00fcl 800 ezer [&hellip;]<\/p>\n","protected":false},"author":1,"featured_media":8173,"comment_status":"closed","ping_status":"closed","sticky":false,"template":"","format":"standard","meta":{"_monsterinsights_skip_tracking":false,"footnotes":""},"categories":[200],"tags":[868,404,660],"class_list":["post-8172","post","type-post","status-publish","format-standard","has-post-thumbnail","hentry","category-munkaeropiac","tag-friss-diplomasok","tag-informatikusok","tag-palyakezdok"],"aioseo_notices":[],"aioseo_head":"\n\t\t<!-- All in One SEO 5.0.0.1 - aioseo.com -->\n\t<meta name=\"description\" content=\"A m\u0171szaki k\u00e9pz\u00e9sb\u0151l \u00e9rkez\u0151 munkakezd\u0151k j\u00f3 poz\u00edci\u00f3kra \u00e9s fizet\u00e9sekre sz\u00e1m\u00edthatnak. A fiatal kezd\u0151k sz\u00e1m\u00e1ra azonban nemcsak a fizet\u00e9s sz\u00e1m\u00edt.\" \/>\n\t<meta name=\"robots\" content=\"max-image-preview:large\" \/>\n\t<meta name=\"author\" content=\"Juh\u00e1sz P\u00e9ter\"\/>\n\t<meta name=\"keywords\" content=\"friss diplom\u00e1sok,informatikusok,p\u00e1lyakezd\u0151k\" \/>\n\t<link rel=\"canonical\" href=\"https:\/\/allasorias.hu\/hirek\/vezetnek-a-muszaki-kepzesben-vegzett-fiatalok\/\" \/>\n\t<meta name=\"generator\" content=\"All in One SEO (AIOSEO) 5.0.0.1\" \/>\n\t\t<meta property=\"og:locale\" content=\"hu_HU\" \/>\n\t\t<meta property=\"og:site_name\" content=\"AllasOrias.hu | H\u00edrek-lapszemle | \u00dczleti h\u00edrek az \u00e1ll\u00e1s \u00e9s a munka vil\u00e1g\u00e1b\u00f3l\" \/>\n\t\t<meta property=\"og:type\" content=\"article\" \/>\n\t\t<meta property=\"og:title\" content=\"A m\u0171szaki v\u00e9gzetts\u00e9g el\u0151ny a fiatalokn\u00e1l\" \/>\n\t\t<meta property=\"og:description\" content=\"A m\u0171szaki k\u00e9pz\u00e9sb\u0151l \u00e9rkez\u0151 munkakezd\u0151k j\u00f3 poz\u00edci\u00f3kra \u00e9s fizet\u00e9sekre sz\u00e1m\u00edthatnak. A fiatal kezd\u0151k sz\u00e1m\u00e1ra azonban nemcsak a fizet\u00e9s sz\u00e1m\u00edt.\" \/>\n\t\t<meta property=\"og:url\" content=\"https:\/\/allasorias.hu\/hirek\/vezetnek-a-muszaki-kepzesben-vegzett-fiatalok\/\" \/>\n\t\t<meta property=\"og:image\" content=\"https:\/\/allasorias.hu\/hirek\/wp-content\/uploads\/2025\/02\/friss-diplomasok.jpg\" \/>\n\t\t<meta property=\"og:image:secure_url\" content=\"https:\/\/allasorias.hu\/hirek\/wp-content\/uploads\/2025\/02\/friss-diplomasok.jpg\" \/>\n\t\t<meta property=\"og:image:width\" content=\"1920\" \/>\n\t\t<meta property=\"og:image:height\" content=\"1280\" \/>\n\t\t<meta property=\"article:published_time\" content=\"2025-02-05T09:53:26+00:00\" \/>\n\t\t<meta property=\"article:modified_time\" content=\"2025-05-13T14:02:36+00:00\" \/>\n\t\t<meta property=\"article:publisher\" content=\"https:\/\/www.facebook.com\/allasorias\" \/>\n\t\t<meta name=\"twitter:card\" content=\"summary_large_image\" \/>\n\t\t<meta name=\"twitter:title\" content=\"A m\u0171szaki v\u00e9gzetts\u00e9g el\u0151ny a fiatalokn\u00e1l\" \/>\n\t\t<meta name=\"twitter:description\" content=\"A m\u0171szaki k\u00e9pz\u00e9sb\u0151l \u00e9rkez\u0151 munkakezd\u0151k j\u00f3 poz\u00edci\u00f3kra \u00e9s fizet\u00e9sekre sz\u00e1m\u00edthatnak. A fiatal kezd\u0151k sz\u00e1m\u00e1ra azonban nemcsak a fizet\u00e9s sz\u00e1m\u00edt.\" \/>\n\t\t<meta name=\"twitter:image\" content=\"https:\/\/allasorias.hu\/hirek\/wp-content\/uploads\/2025\/02\/friss-diplomasok.jpg\" \/>\n\t\t<meta name=\"twitter:label1\" content=\"Written by\" \/>\n\t\t<meta name=\"twitter:data1\" content=\"Juh\u00e1sz P\u00e9ter\" \/>\n\t\t<meta name=\"twitter:label2\" content=\"Est. reading time\" \/>\n\t\t<meta name=\"twitter:data2\" content=\"1 minute\" \/>\n\t\t<script type=\"application\/ld+json\" class=\"aioseo-schema\">\n\t\t\t{\"@context\":\"https:\\\/\\\/schema.org\",\"@graph\":[{\"@type\":\"Article\",\"@id\":\"https:\\\/\\\/allasorias.hu\\\/hirek\\\/vezetnek-a-muszaki-kepzesben-vegzett-fiatalok\\\/#article\",\"name\":\"A m\\u0171szaki v\\u00e9gzetts\\u00e9g el\\u0151ny a fiatalokn\\u00e1l\",\"headline\":\"Vezetnek a m\\u0171szaki k\\u00e9pz\\u00e9sben v\\u00e9gzett fiatalok\",\"author\":{\"@id\":\"https:\\\/\\\/allasorias.hu\\\/hirek\\\/author\\\/admin-allasorias\\\/#author\"},\"publisher\":{\"@id\":\"https:\\\/\\\/allasorias.hu\\\/hirek\\\/#organization\"},\"image\":{\"@type\":\"ImageObject\",\"url\":\"https:\\\/\\\/allasorias.hu\\\/hirek\\\/wp-content\\\/uploads\\\/2025\\\/02\\\/friss-diplomasok.jpg\",\"width\":1920,\"height\":1280,\"caption\":\"Vezetnek a m\\u0171szaki k\\u00e9pz\\u00e9sben v\\u00e9gzett fiatalok - Allasorias.hu\\\/Hirek\"},\"datePublished\":\"2025-02-05T11:53:26+02:00\",\"dateModified\":\"2025-05-13T16:02:36+02:00\",\"inLanguage\":\"hu-HU\",\"mainEntityOfPage\":{\"@id\":\"https:\\\/\\\/allasorias.hu\\\/hirek\\\/vezetnek-a-muszaki-kepzesben-vegzett-fiatalok\\\/#webpage\"},\"isPartOf\":{\"@id\":\"https:\\\/\\\/allasorias.hu\\\/hirek\\\/vezetnek-a-muszaki-kepzesben-vegzett-fiatalok\\\/#webpage\"},\"articleSection\":\"Munkaer\\u0151piac, friss diplom\\u00e1sok, informatikusok, p\\u00e1lyakezd\\u0151k\"},{\"@type\":\"BreadcrumbList\",\"@id\":\"https:\\\/\\\/allasorias.hu\\\/hirek\\\/vezetnek-a-muszaki-kepzesben-vegzett-fiatalok\\\/#breadcrumblist\",\"itemListElement\":[{\"@type\":\"ListItem\",\"@id\":\"https:\\\/\\\/allasorias.hu\\\/hirek#listItem\",\"position\":1,\"name\":\"Home\",\"item\":\"https:\\\/\\\/allasorias.hu\\\/hirek\",\"nextItem\":{\"@type\":\"ListItem\",\"@id\":\"https:\\\/\\\/allasorias.hu\\\/hirek\\\/temak\\\/munkaeropiac\\\/#listItem\",\"name\":\"Munkaer\\u0151piac\"}},{\"@type\":\"ListItem\",\"@id\":\"https:\\\/\\\/allasorias.hu\\\/hirek\\\/temak\\\/munkaeropiac\\\/#listItem\",\"position\":2,\"name\":\"Munkaer\\u0151piac\",\"item\":\"https:\\\/\\\/allasorias.hu\\\/hirek\\\/temak\\\/munkaeropiac\\\/\",\"nextItem\":{\"@type\":\"ListItem\",\"@id\":\"https:\\\/\\\/allasorias.hu\\\/hirek\\\/vezetnek-a-muszaki-kepzesben-vegzett-fiatalok\\\/#listItem\",\"name\":\"Vezetnek a m\\u0171szaki k\\u00e9pz\\u00e9sben v\\u00e9gzett fiatalok\"},\"previousItem\":{\"@type\":\"ListItem\",\"@id\":\"https:\\\/\\\/allasorias.hu\\\/hirek#listItem\",\"name\":\"Home\"}},{\"@type\":\"ListItem\",\"@id\":\"https:\\\/\\\/allasorias.hu\\\/hirek\\\/vezetnek-a-muszaki-kepzesben-vegzett-fiatalok\\\/#listItem\",\"position\":3,\"name\":\"Vezetnek a m\\u0171szaki k\\u00e9pz\\u00e9sben v\\u00e9gzett fiatalok\",\"previousItem\":{\"@type\":\"ListItem\",\"@id\":\"https:\\\/\\\/allasorias.hu\\\/hirek\\\/temak\\\/munkaeropiac\\\/#listItem\",\"name\":\"Munkaer\\u0151piac\"}}]},{\"@type\":\"Organization\",\"@id\":\"https:\\\/\\\/allasorias.hu\\\/hirek\\\/#organization\",\"name\":\"AllasOrias.hu | H\\u00edrek-lapszemle\",\"description\":\"\\u00dczleti h\\u00edrek az \\u00e1ll\\u00e1s \\u00e9s a munka vil\\u00e1g\\u00e1b\\u00f3l\",\"url\":\"https:\\\/\\\/allasorias.hu\\\/hirek\\\/\",\"logo\":{\"@type\":\"ImageObject\",\"url\":\"https:\\\/\\\/allasorias.hu\\\/hirek\\\/wp-content\\\/uploads\\\/2022\\\/10\\\/allasorias_site_facebok_logo.png\",\"@id\":\"https:\\\/\\\/allasorias.hu\\\/hirek\\\/vezetnek-a-muszaki-kepzesben-vegzett-fiatalok\\\/#organizationLogo\"},\"image\":{\"@id\":\"https:\\\/\\\/allasorias.hu\\\/hirek\\\/vezetnek-a-muszaki-kepzesben-vegzett-fiatalok\\\/#organizationLogo\"},\"sameAs\":[\"https:\\\/\\\/www.facebook.com\\\/allasorias\",\"https:\\\/\\\/www.linkedin.com\\\/company\\\/allasorias\"]},{\"@type\":\"Person\",\"@id\":\"https:\\\/\\\/allasorias.hu\\\/hirek\\\/author\\\/admin-allasorias\\\/#author\",\"url\":\"https:\\\/\\\/allasorias.hu\\\/hirek\\\/author\\\/admin-allasorias\\\/\",\"name\":\"Juh\\u00e1sz P\\u00e9ter\",\"image\":{\"@type\":\"ImageObject\",\"@id\":\"https:\\\/\\\/allasorias.hu\\\/hirek\\\/vezetnek-a-muszaki-kepzesben-vegzett-fiatalok\\\/#authorImage\",\"url\":\"https:\\\/\\\/secure.gravatar.com\\\/avatar\\\/36e6bcb83148978b992977cb0f54d22feb0cce8a0a849a9410532bb2623ba4c6?s=96&d=mm&r=g\",\"width\":96,\"height\":96,\"caption\":\"Juh\\u00e1sz P\\u00e9ter\"}},{\"@type\":\"WebPage\",\"@id\":\"https:\\\/\\\/allasorias.hu\\\/hirek\\\/vezetnek-a-muszaki-kepzesben-vegzett-fiatalok\\\/#webpage\",\"url\":\"https:\\\/\\\/allasorias.hu\\\/hirek\\\/vezetnek-a-muszaki-kepzesben-vegzett-fiatalok\\\/\",\"name\":\"A m\\u0171szaki v\\u00e9gzetts\\u00e9g el\\u0151ny a fiatalokn\\u00e1l\",\"description\":\"A m\\u0171szaki k\\u00e9pz\\u00e9sb\\u0151l \\u00e9rkez\\u0151 munkakezd\\u0151k j\\u00f3 poz\\u00edci\\u00f3kra \\u00e9s fizet\\u00e9sekre sz\\u00e1m\\u00edthatnak. A fiatal kezd\\u0151k sz\\u00e1m\\u00e1ra azonban nemcsak a fizet\\u00e9s sz\\u00e1m\\u00edt.\",\"inLanguage\":\"hu-HU\",\"isPartOf\":{\"@id\":\"https:\\\/\\\/allasorias.hu\\\/hirek\\\/#website\"},\"breadcrumb\":{\"@id\":\"https:\\\/\\\/allasorias.hu\\\/hirek\\\/vezetnek-a-muszaki-kepzesben-vegzett-fiatalok\\\/#breadcrumblist\"},\"author\":{\"@id\":\"https:\\\/\\\/allasorias.hu\\\/hirek\\\/author\\\/admin-allasorias\\\/#author\"},\"creator\":{\"@id\":\"https:\\\/\\\/allasorias.hu\\\/hirek\\\/author\\\/admin-allasorias\\\/#author\"},\"image\":{\"@type\":\"ImageObject\",\"url\":\"https:\\\/\\\/allasorias.hu\\\/hirek\\\/wp-content\\\/uploads\\\/2025\\\/02\\\/friss-diplomasok.jpg\",\"@id\":\"https:\\\/\\\/allasorias.hu\\\/hirek\\\/vezetnek-a-muszaki-kepzesben-vegzett-fiatalok\\\/#mainImage\",\"width\":1920,\"height\":1280,\"caption\":\"Vezetnek a m\\u0171szaki k\\u00e9pz\\u00e9sben v\\u00e9gzett fiatalok - Allasorias.hu\\\/Hirek\"},\"primaryImageOfPage\":{\"@id\":\"https:\\\/\\\/allasorias.hu\\\/hirek\\\/vezetnek-a-muszaki-kepzesben-vegzett-fiatalok\\\/#mainImage\"},\"datePublished\":\"2025-02-05T11:53:26+02:00\",\"dateModified\":\"2025-05-13T16:02:36+02:00\"},{\"@type\":\"WebSite\",\"@id\":\"https:\\\/\\\/allasorias.hu\\\/hirek\\\/#website\",\"url\":\"https:\\\/\\\/allasorias.hu\\\/hirek\\\/\",\"name\":\"AllasOrias.hu | H\\u00edrek-lapszemle\",\"description\":\"\\u00dczleti h\\u00edrek az \\u00e1ll\\u00e1s \\u00e9s a munka vil\\u00e1g\\u00e1b\\u00f3l\",\"inLanguage\":\"hu-HU\",\"publisher\":{\"@id\":\"https:\\\/\\\/allasorias.hu\\\/hirek\\\/#organization\"}}]}\n\t\t<\/script>\n\t\t<!-- All in One SEO -->\n\n","aioseo_head_json":{"title":"A m\u0171szaki v\u00e9gzetts\u00e9g el\u0151ny a fiatalokn\u00e1l","description":"A m\u0171szaki k\u00e9pz\u00e9sb\u0151l \u00e9rkez\u0151 munkakezd\u0151k j\u00f3 poz\u00edci\u00f3kra \u00e9s fizet\u00e9sekre sz\u00e1m\u00edthatnak. A fiatal kezd\u0151k sz\u00e1m\u00e1ra azonban nemcsak a fizet\u00e9s sz\u00e1m\u00edt.","canonical_url":"https:\/\/allasorias.hu\/hirek\/vezetnek-a-muszaki-kepzesben-vegzett-fiatalok\/","robots":"max-image-preview:large","keywords":"friss diplom\u00e1sok,informatikusok,p\u00e1lyakezd\u0151k","webmasterTools":{"miscellaneous":""},"schema":{"@context":"https:\/\/schema.org","@graph":[{"@type":"Article","@id":"https:\/\/allasorias.hu\/hirek\/vezetnek-a-muszaki-kepzesben-vegzett-fiatalok\/#article","name":"A m\u0171szaki v\u00e9gzetts\u00e9g el\u0151ny a fiatalokn\u00e1l","headline":"Vezetnek a m\u0171szaki k\u00e9pz\u00e9sben v\u00e9gzett fiatalok","author":{"@id":"https:\/\/allasorias.hu\/hirek\/author\/admin-allasorias\/#author"},"publisher":{"@id":"https:\/\/allasorias.hu\/hirek\/#organization"},"image":{"@type":"ImageObject","url":"https:\/\/allasorias.hu\/hirek\/wp-content\/uploads\/2025\/02\/friss-diplomasok.jpg","width":1920,"height":1280,"caption":"Vezetnek a m\u0171szaki k\u00e9pz\u00e9sben v\u00e9gzett fiatalok - Allasorias.hu\/Hirek"},"datePublished":"2025-02-05T11:53:26+02:00","dateModified":"2025-05-13T16:02:36+02:00","inLanguage":"hu-HU","mainEntityOfPage":{"@id":"https:\/\/allasorias.hu\/hirek\/vezetnek-a-muszaki-kepzesben-vegzett-fiatalok\/#webpage"},"isPartOf":{"@id":"https:\/\/allasorias.hu\/hirek\/vezetnek-a-muszaki-kepzesben-vegzett-fiatalok\/#webpage"},"articleSection":"Munkaer\u0151piac, friss diplom\u00e1sok, informatikusok, p\u00e1lyakezd\u0151k"},{"@type":"BreadcrumbList","@id":"https:\/\/allasorias.hu\/hirek\/vezetnek-a-muszaki-kepzesben-vegzett-fiatalok\/#breadcrumblist","itemListElement":[{"@type":"ListItem","@id":"https:\/\/allasorias.hu\/hirek#listItem","position":1,"name":"Home","item":"https:\/\/allasorias.hu\/hirek","nextItem":{"@type":"ListItem","@id":"https:\/\/allasorias.hu\/hirek\/temak\/munkaeropiac\/#listItem","name":"Munkaer\u0151piac"}},{"@type":"ListItem","@id":"https:\/\/allasorias.hu\/hirek\/temak\/munkaeropiac\/#listItem","position":2,"name":"Munkaer\u0151piac","item":"https:\/\/allasorias.hu\/hirek\/temak\/munkaeropiac\/","nextItem":{"@type":"ListItem","@id":"https:\/\/allasorias.hu\/hirek\/vezetnek-a-muszaki-kepzesben-vegzett-fiatalok\/#listItem","name":"Vezetnek a m\u0171szaki k\u00e9pz\u00e9sben v\u00e9gzett fiatalok"},"previousItem":{"@type":"ListItem","@id":"https:\/\/allasorias.hu\/hirek#listItem","name":"Home"}},{"@type":"ListItem","@id":"https:\/\/allasorias.hu\/hirek\/vezetnek-a-muszaki-kepzesben-vegzett-fiatalok\/#listItem","position":3,"name":"Vezetnek a m\u0171szaki k\u00e9pz\u00e9sben v\u00e9gzett fiatalok","previousItem":{"@type":"ListItem","@id":"https:\/\/allasorias.hu\/hirek\/temak\/munkaeropiac\/#listItem","name":"Munkaer\u0151piac"}}]},{"@type":"Organization","@id":"https:\/\/allasorias.hu\/hirek\/#organization","name":"AllasOrias.hu | H\u00edrek-lapszemle","description":"\u00dczleti h\u00edrek az \u00e1ll\u00e1s \u00e9s a munka vil\u00e1g\u00e1b\u00f3l","url":"https:\/\/allasorias.hu\/hirek\/","logo":{"@type":"ImageObject","url":"https:\/\/allasorias.hu\/hirek\/wp-content\/uploads\/2022\/10\/allasorias_site_facebok_logo.png","@id":"https:\/\/allasorias.hu\/hirek\/vezetnek-a-muszaki-kepzesben-vegzett-fiatalok\/#organizationLogo"},"image":{"@id":"https:\/\/allasorias.hu\/hirek\/vezetnek-a-muszaki-kepzesben-vegzett-fiatalok\/#organizationLogo"},"sameAs":["https:\/\/www.facebook.com\/allasorias","https:\/\/www.linkedin.com\/company\/allasorias"]},{"@type":"Person","@id":"https:\/\/allasorias.hu\/hirek\/author\/admin-allasorias\/#author","url":"https:\/\/allasorias.hu\/hirek\/author\/admin-allasorias\/","name":"Juh\u00e1sz P\u00e9ter","image":{"@type":"ImageObject","@id":"https:\/\/allasorias.hu\/hirek\/vezetnek-a-muszaki-kepzesben-vegzett-fiatalok\/#authorImage","url":"https:\/\/secure.gravatar.com\/avatar\/36e6bcb83148978b992977cb0f54d22feb0cce8a0a849a9410532bb2623ba4c6?s=96&d=mm&r=g","width":96,"height":96,"caption":"Juh\u00e1sz P\u00e9ter"}},{"@type":"WebPage","@id":"https:\/\/allasorias.hu\/hirek\/vezetnek-a-muszaki-kepzesben-vegzett-fiatalok\/#webpage","url":"https:\/\/allasorias.hu\/hirek\/vezetnek-a-muszaki-kepzesben-vegzett-fiatalok\/","name":"A m\u0171szaki v\u00e9gzetts\u00e9g el\u0151ny a fiatalokn\u00e1l","description":"A m\u0171szaki k\u00e9pz\u00e9sb\u0151l \u00e9rkez\u0151 munkakezd\u0151k j\u00f3 poz\u00edci\u00f3kra \u00e9s fizet\u00e9sekre sz\u00e1m\u00edthatnak. A fiatal kezd\u0151k sz\u00e1m\u00e1ra azonban nemcsak a fizet\u00e9s sz\u00e1m\u00edt.","inLanguage":"hu-HU","isPartOf":{"@id":"https:\/\/allasorias.hu\/hirek\/#website"},"breadcrumb":{"@id":"https:\/\/allasorias.hu\/hirek\/vezetnek-a-muszaki-kepzesben-vegzett-fiatalok\/#breadcrumblist"},"author":{"@id":"https:\/\/allasorias.hu\/hirek\/author\/admin-allasorias\/#author"},"creator":{"@id":"https:\/\/allasorias.hu\/hirek\/author\/admin-allasorias\/#author"},"image":{"@type":"ImageObject","url":"https:\/\/allasorias.hu\/hirek\/wp-content\/uploads\/2025\/02\/friss-diplomasok.jpg","@id":"https:\/\/allasorias.hu\/hirek\/vezetnek-a-muszaki-kepzesben-vegzett-fiatalok\/#mainImage","width":1920,"height":1280,"caption":"Vezetnek a m\u0171szaki k\u00e9pz\u00e9sben v\u00e9gzett fiatalok - Allasorias.hu\/Hirek"},"primaryImageOfPage":{"@id":"https:\/\/allasorias.hu\/hirek\/vezetnek-a-muszaki-kepzesben-vegzett-fiatalok\/#mainImage"},"datePublished":"2025-02-05T11:53:26+02:00","dateModified":"2025-05-13T16:02:36+02:00"},{"@type":"WebSite","@id":"https:\/\/allasorias.hu\/hirek\/#website","url":"https:\/\/allasorias.hu\/hirek\/","name":"AllasOrias.hu | H\u00edrek-lapszemle","description":"\u00dczleti h\u00edrek az \u00e1ll\u00e1s \u00e9s a munka vil\u00e1g\u00e1b\u00f3l","inLanguage":"hu-HU","publisher":{"@id":"https:\/\/allasorias.hu\/hirek\/#organization"}}]},"og:locale":"hu_HU","og:site_name":"AllasOrias.hu | H\u00edrek-lapszemle | \u00dczleti h\u00edrek az \u00e1ll\u00e1s \u00e9s a munka vil\u00e1g\u00e1b\u00f3l","og:type":"article","og:title":"A m\u0171szaki v\u00e9gzetts\u00e9g el\u0151ny a fiatalokn\u00e1l","og:description":"A m\u0171szaki k\u00e9pz\u00e9sb\u0151l \u00e9rkez\u0151 munkakezd\u0151k j\u00f3 poz\u00edci\u00f3kra \u00e9s fizet\u00e9sekre sz\u00e1m\u00edthatnak. A fiatal kezd\u0151k sz\u00e1m\u00e1ra azonban nemcsak a fizet\u00e9s sz\u00e1m\u00edt.","og:url":"https:\/\/allasorias.hu\/hirek\/vezetnek-a-muszaki-kepzesben-vegzett-fiatalok\/","og:image":"https:\/\/allasorias.hu\/hirek\/wp-content\/uploads\/2025\/02\/friss-diplomasok.jpg","og:image:secure_url":"https:\/\/allasorias.hu\/hirek\/wp-content\/uploads\/2025\/02\/friss-diplomasok.jpg","og:image:width":1920,"og:image:height":1280,"article:published_time":"2025-02-05T09:53:26+00:00","article:modified_time":"2025-05-13T14:02:36+00:00","article:publisher":"https:\/\/www.facebook.com\/allasorias","twitter:card":"summary_large_image","twitter:title":"A m\u0171szaki v\u00e9gzetts\u00e9g el\u0151ny a fiatalokn\u00e1l","twitter:description":"A m\u0171szaki k\u00e9pz\u00e9sb\u0151l \u00e9rkez\u0151 munkakezd\u0151k j\u00f3 poz\u00edci\u00f3kra \u00e9s fizet\u00e9sekre sz\u00e1m\u00edthatnak. A fiatal kezd\u0151k sz\u00e1m\u00e1ra azonban nemcsak a fizet\u00e9s sz\u00e1m\u00edt.","twitter:image":"https:\/\/allasorias.hu\/hirek\/wp-content\/uploads\/2025\/02\/friss-diplomasok.jpg","twitter:label1":"Written by","twitter:data1":"Juh\u00e1sz P\u00e9ter","twitter:label2":"Est. reading time","twitter:data2":"1 minute"},"aioseo_meta_data":{"post_id":"8172","title":"A m\u0171szaki v\u00e9gzetts\u00e9g el\u0151ny a fiatalokn\u00e1l","description":"A m\u0171szaki k\u00e9pz\u00e9sb\u0151l \u00e9rkez\u0151 munkakezd\u0151k j\u00f3 poz\u00edci\u00f3kra \u00e9s fizet\u00e9sekre sz\u00e1m\u00edthatnak. A fiatal kezd\u0151k sz\u00e1m\u00e1ra azonban nemcsak a fizet\u00e9s sz\u00e1m\u00edt.","keywords":null,"keyphrases":{"focus":{"keyphrase":"","score":0,"analysis":{"keyphraseInTitle":{"score":0,"maxScore":9,"error":1}}},"additional":[]},"primary_term":null,"canonical_url":null,"og_title":null,"og_description":null,"og_object_type":"default","og_image_type":"default","og_image_url":null,"og_image_width":null,"og_image_height":null,"og_image_custom_url":null,"og_image_custom_fields":null,"og_video":"","og_custom_url":null,"og_article_section":null,"og_article_tags":null,"twitter_use_og":true,"twitter_card":"default","twitter_image_type":"default","twitter_image_url":null,"twitter_image_custom_url":null,"twitter_image_custom_fields":null,"twitter_title":null,"twitter_description":null,"schema":{"blockGraphs":[],"customGraphs":[],"default":{"data":{"Article":[],"Course":[],"Dataset":[],"FAQPage":[],"Movie":[],"Person":[],"Product":[],"ProductReview":[],"Car":[],"Recipe":[],"Service":[],"SoftwareApplication":[],"WebPage":[]},"graphName":"Article","isEnabled":true},"graphs":[]},"schema_type":"default","schema_type_options":null,"pillar_content":false,"robots_default":true,"robots_noindex":false,"robots_noarchive":false,"robots_nosnippet":false,"robots_nofollow":false,"robots_noimageindex":false,"robots_noodp":false,"robots_notranslate":false,"robots_max_snippet":"-1","robots_max_videopreview":"-1","robots_max_imagepreview":"large","priority":null,"frequency":"default","location":null,"local_seo":null,"breadcrumb_settings":null,"limit_modified_date":false,"ai":null,"created":"2025-02-05 09:36:44","updated":"2025-10-02 20:55:24","seo_analyzer_scan_date":null,"focus_keyword":null,"additional_keywords":null,"truseo_locale":null},"aioseo_breadcrumb":"<div class=\"aioseo-breadcrumbs\"><span class=\"aioseo-breadcrumb\">\n\t\t\t<a href=\"https:\/\/allasorias.hu\/hirek\" title=\"Home\">Home<\/a>\n\t\t<\/span><span class=\"aioseo-breadcrumb-separator\">&raquo;<\/span><span class=\"aioseo-breadcrumb\">\n\t\t\t<a href=\"https:\/\/allasorias.hu\/hirek\/temak\/munkaeropiac\/\" title=\"Munkaer\u0151piac\">Munkaer\u0151piac<\/a>\n\t\t<\/span><span class=\"aioseo-breadcrumb-separator\">&raquo;<\/span><span class=\"aioseo-breadcrumb\">\n\t\t\tVezetnek a m\u0171szaki k\u00e9pz\u00e9sben v\u00e9gzett fiatalok\n\t\t<\/span><\/div>","aioseo_breadcrumb_json":[{"label":"Home","link":"https:\/\/allasorias.hu\/hirek"},{"label":"Munkaer\u0151piac","link":"https:\/\/allasorias.hu\/hirek\/temak\/munkaeropiac\/"},{"label":"Vezetnek a m\u0171szaki k\u00e9pz\u00e9sben v\u00e9gzett fiatalok","link":"https:\/\/allasorias.hu\/hirek\/vezetnek-a-muszaki-kepzesben-vegzett-fiatalok\/"}],"_links":{"self":[{"href":"https:\/\/allasorias.hu\/hirek\/wp-json\/wp\/v2\/posts\/8172","targetHints":{"allow":["GET"]}}],"collection":[{"href":"https:\/\/allasorias.hu\/hirek\/wp-json\/wp\/v2\/posts"}],"about":[{"href":"https:\/\/allasorias.hu\/hirek\/wp-json\/wp\/v2\/types\/post"}],"author":[{"embeddable":true,"href":"https:\/\/allasorias.hu\/hirek\/wp-json\/wp\/v2\/users\/1"}],"replies":[{"embeddable":true,"href":"https:\/\/allasorias.hu\/hirek\/wp-json\/wp\/v2\/comments?post=8172"}],"version-history":[{"count":1,"href":"https:\/\/allasorias.hu\/hirek\/wp-json\/wp\/v2\/posts\/8172\/revisions"}],"predecessor-version":[{"id":8174,"href":"https:\/\/allasorias.hu\/hirek\/wp-json\/wp\/v2\/posts\/8172\/revisions\/8174"}],"wp:featuredmedia":[{"embeddable":true,"href":"https:\/\/allasorias.hu\/hirek\/wp-json\/wp\/v2\/media\/8173"}],"wp:attachment":[{"href":"https:\/\/allasorias.hu\/hirek\/wp-json\/wp\/v2\/media?parent=8172"}],"wp:term":[{"taxonomy":"category","embeddable":true,"href":"https:\/\/allasorias.hu\/hirek\/wp-json\/wp\/v2\/categories?post=8172"},{"taxonomy":"post_tag","embeddable":true,"href":"https:\/\/allasorias.hu\/hirek\/wp-json\/wp\/v2\/tags?post=8172"}],"curies":[{"name":"wp","href":"https:\/\/api.w.org\/{rel}","templated":true}]}}