{"id":8165,"date":"2025-02-03T10:49:17","date_gmt":"2025-02-03T08:49:17","guid":{"rendered":"https:\/\/allasorias.hu\/hirek\/?p=8165"},"modified":"2025-05-09T15:56:45","modified_gmt":"2025-05-09T13:56:45","slug":"megvaltoznak-a-foglalkoztatasi-trendek","status":"publish","type":"post","link":"https:\/\/allasorias.hu\/hirek\/megvaltoznak-a-foglalkoztatasi-trendek\/","title":{"rendered":"Megv\u00e1ltoznak a foglalkoztat\u00e1si trendek"},"content":{"rendered":"<p><strong>\u00d6t \u00e9v m\u00falva komoly foglalkoztat\u00e1si v\u00e1ltoz\u00e1sokkal kell szemben\u00e9zni a vil\u00e1g orsz\u00e1gaiban. Bizonyos szakm\u00e1k kiszorulnak, m\u00e1sok meger\u0151s\u00f6dnek a v\u00e1ltoz\u00e1sok hat\u00e1s\u00e1ra. A szoftverfejleszt\u0151k jelent\u0151s foglalkoztat\u00e1s b\u0151v\u00fcl\u00e9sre sz\u00e1m\u00edthatnak.<\/strong><\/p>\n<p>A munkaer\u0151piac folyamatosan fejl\u0151dik, egyes munkahelyek megsz\u0171nnek, \u00e9s \u00fajak jelennek meg. A technol\u00f3giai fejleszt\u00e9sek d\u00f6nt\u0151 szerepet j\u00e1tszanak ebben az \u00e1talakul\u00e1sban, ami n\u00f6vekv\u0151 ig\u00e9nyt teremt az \u00faj k\u00e9szs\u00e9gek ir\u00e1nt. Teh\u00e1t igazz\u00e1 v\u00e1lik, a tanulni, tanulni, tanulni \u00f6r\u00f6k szlogen. 2030-ra v\u00e1rhat\u00f3an 92 milli\u00f3 munkahely sz\u0171nik meg, mik\u00f6zben 170 milli\u00f3 \u00faj munkahely j\u00f6n l\u00e9tre \u2013 \u00e1ll\u00edtja a Euronews Business, amely k\u00f6zelebbr\u0151l megvizsg\u00e1lta a legink\u00e1bb n\u00f6vekv\u0151 \u00e9s cs\u00f6kken\u0151 \u00e1ll\u00e1sokat.<\/p>\n<p>A Vil\u00e1ggazdas\u00e1gi F\u00f3rum (WEF) \u201eFuture of Jobs Report 2025\u201d c\u00edm\u0171 kiadv\u00e1nya felt\u00e1rta a glob\u00e1lis foglalkoztat\u00e1si trendeket, \u00e9s jelent\u0151s betekint\u00e9st ny\u00fajt a fejl\u0151d\u0151 munkaer\u0151piacba. T\u00f6bb mint 1000 nagy glob\u00e1lis munkaad\u00f3 megk\u00e9rdezett vezet\u0151i szerint 2030-ra sz\u00e1zal\u00e9kban m\u00e9rve a leggyorsabban n\u00f6vekv\u0151 munkak\u00f6r\u00f6k nagym\u00e9rt\u00e9kben a technol\u00f3giai fejl\u0151d\u00e9snek lesznek k\u00f6sz\u00f6nhet\u0151ek, bele\u00e9rtve a mesters\u00e9ges intelligenci\u00e1t (AI), a robotik\u00e1t \u00e9s a kiterjesztett digit\u00e1lis hozz\u00e1f\u00e9r\u00e9st.<\/p>\n<ul>\n<li>A Big Data szak\u00e9rt\u0151k sz\u00e1ma 2025 \u00e9s 2030 k\u00f6z\u00f6tt v\u00e1rhat\u00f3an 113 sz\u00e1zal\u00e9kkal fog n\u00f6vekedni,<\/li>\n<li>ezt k\u00f6vetik a p\u00e9nz\u00fcgyi-technol\u00f3giai (FinTech) m\u00e9rn\u00f6k\u00f6k (93 sz\u00e1zal\u00e9k),<\/li>\n<li>az AI \u00e9s a g\u00e9pi tanul\u00e1si szak\u00e9rt\u0151k (82 sz\u00e1zal\u00e9k).<\/li>\n<\/ul>\n<h2>A k\u00f6vetkez\u0151 \u00f6t \u00e9vben a vezet\u0151k a k\u00f6vetkez\u0151 poz\u00edci\u00f3kban v\u00e1rnak n\u00f6veked\u00e9st:<\/h2>\n<ul>\n<li>Szoftver- \u00e9s alkalmaz\u00e1sfejleszt\u0151k (57 sz\u00e1zal\u00e9k)<\/li>\n<li>Biztons\u00e1gi menedzsment szak\u00e9rt\u0151k (53 sz\u00e1zal\u00e9k)<\/li>\n<li>Adatt\u00e1rh\u00e1z-szak\u00e9rt\u0151k (49 sz\u00e1zal\u00e9k)<\/li>\n<li>Auton\u00f3m \u00e9s elektromos j\u00e1rm\u0171vek szak\u00e9rt\u0151i (48 sz\u00e1zal\u00e9k)<\/li>\n<li>UI \u00e9s UX tervez\u0151k (48 sz\u00e1zal\u00e9k)<\/li>\n<li>K\u00f6nny\u0171 teheraut\u00f3k vagy sz\u00e1ll\u00edt\u00f3szolg\u00e1latok sof\u0151rjei (46 sz\u00e1zal\u00e9k)<\/li>\n<li>A t\u00e1rgyak internete szak\u00e9rt\u0151i (42 sz\u00e1zal\u00e9k)<\/li>\n<li>Adatelemz\u0151k \u00e9s tud\u00f3sok (41 sz\u00e1zal\u00e9k)<\/li>\n<\/ul>\n<p>Az irodai poz\u00edci\u00f3k a k\u00fcl\u00f6nb\u00f6z\u0151 ipar\u00e1gakban cs\u00f6kkennek, de nem gyors \u00fctemben: a postai irodai dolgoz\u00f3k (-34 sz\u00e1zal\u00e9k), a bankp\u00e9nzt\u00e1rosok \u00e9s a kapcsol\u00f3d\u00f3 irodai dolgoz\u00f3k (-31 sz\u00e1zal\u00e9k).A technol\u00f3giai fejleszt\u00e9sek, k\u00f6zt\u00fck a mesters\u00e9ges intelligencia kulcsszerepet j\u00e1tszanak a munkahelyek sz\u00e1m\u00e1nak cs\u00f6kken\u00e9s\u00e9ben. P\u00e9ld\u00e1ul az adatr\u00f6gz\u00edt\u0151 \u00fcgyint\u00e9z\u0151kn\u00e9l 26 sz\u00e1zal\u00e9kos visszaes\u00e9s v\u00e1rhat\u00f3, mivel a v\u00e1llalkoz\u00e1sok egyre ink\u00e1bb digitaliz\u00e1lj\u00e1k tev\u00e9kenys\u00e9g\u00fcket. Hasonl\u00f3k\u00e9ppen minden \u00f6t\u00f6dik p\u00e9nzt\u00e1ros \u00e9s jegykezel\u0151 (-20 sz\u00e1zal\u00e9k) kiszorul a digit\u00e1lis jegyek \u00e9s \u00f6np\u00e9nzt\u00e1ri rendszerek elterjed\u00e9se miatt.<\/p>\n<h2>Kiszorulnak m\u00e9g a piacr\u00f3l:<\/h2>\n<ul>\n<li>Adminisztrat\u00edv asszisztensek \u00e9s \u00fcgyvezet\u0151 titk\u00e1rok (-20 sz\u00e1zal\u00e9k)<\/li>\n<li>Nyomdai \u00e9s kapcsol\u00f3d\u00f3 szakm\u00e1ban dolgoz\u00f3k (-20 sz\u00e1zal\u00e9k)<\/li>\n<li>Sz\u00e1mviteli, k\u00f6nyvel\u00e9si \u00e9s b\u00e9rsz\u00e1mfejt\u0151k (-18 sz\u00e1zal\u00e9k)<\/li>\n<li>Anyagnyilv\u00e1ntart\u00f3 \u00e9s rakt\u00e1ri \u00fcgyint\u00e9z\u0151k (-16 sz\u00e1zal\u00e9k)<\/li>\n<li>\u00c9rt\u00e9kes\u00edt\u0151k \u00e9s utcai \u00e1rusok (-14 sz\u00e1zal\u00e9k)<\/li>\n<\/ul>\n<p>A gazd\u00e1lkod\u00f3knak azonban sz\u00fcks\u00e9ge van 35 milli\u00f3val t\u00f6bb munkahely bet\u00f6lt\u00e9s\u00e9re a mez\u0151gazdas\u00e1gban. A mez\u0151gazdas\u00e1gi munk\u00e1sok, munk\u00e1sok \u00e9s m\u00e1s mez\u0151gazdas\u00e1gi dolgoz\u00f3k t\u00falnyom\u00f3r\u00e9szt uralj\u00e1k a leggyorsabban n\u00f6vekv\u0151 \u00e1ll\u00e1slist\u00e1t. Ebben a szektorban v\u00e1rhat\u00f3an 49 milli\u00f3 \u00faj munkahely j\u00f6n l\u00e9tre, mik\u00f6zben 14,1 milli\u00f3 sz\u0171nik meg, ami 34,9 milli\u00f3 munkahely n\u00f6veked\u00e9st eredm\u00e9nyez a k\u00f6vetkez\u0151 \u00f6t \u00e9vben.<\/p>\n<p>A sz\u00e1ll\u00edt\u00e1s egy m\u00e1sik gyorsan n\u00f6vekv\u0151 ipar\u00e1g. Tov\u00e1bbi 9,8 milli\u00f3 munkahely j\u00f6n l\u00e9tre a kisteheraut\u00f3k \u00e9s a sz\u00e1ll\u00edt\u00f3szolg\u00e1latok sof\u0151rjei sz\u00e1m\u00e1ra, m\u00edg a szem\u00e9lyg\u00e9pkocsi-, kisteheraut\u00f3- \u00e9s motorker\u00e9kp\u00e1r-vezet\u0151k 4,1 milli\u00f3val b\u0151v\u00fclnek. A szoftver- \u00e9s alkalmaz\u00e1sfejleszt\u0151k is 6,7 milli\u00f3 munkahelyn\u00f6veked\u00e9sre sz\u00e1m\u00edthatnak. Az \u00e9lelmiszeripar is jelent\u0151s m\u00e9rt\u00e9kben hozz\u00e1j\u00e1rul a munkahelyek n\u00f6veked\u00e9s\u00e9hez. Becsl\u00e9sek szerint 4,3 milli\u00f3 tov\u00e1bbi munkahely j\u00f6n l\u00e9tre az \u00e9lelmiszer-feldolgoz\u00f3 \u00e9s a kapcsol\u00f3d\u00f3 szakm\u00e1k dolgoz\u00f3i sz\u00e1m\u00e1ra, m\u00edg az \u00e9lelmiszer- \u00e9s italfelszolg\u00e1l\u00f3k 2,8 milli\u00f3val b\u0151v\u00fclnek. \u00c1pol\u00f3kb\u00f3l \u00e9s gondoz\u00f3kb\u00f3l is t\u00f6bb kell.<\/p>\n<p>Az egyetemi \u00e9s fels\u0151oktat\u00e1si tan\u00e1rok (1,9 milli\u00f3) \u00e9s a k\u00f6z\u00e9piskolai tan\u00e1rok (1,6 milli\u00f3) \u00e1ll\u00e1slehet\u0151s\u00e9gei is benne vannak a top 15-ben. A munkav\u00e1llal\u00f3k jelenlegi k\u00e9szs\u00e9geinek 39 sz\u00e1zal\u00e9ka v\u00e1rhat\u00f3an 2030-ra \u00e1talakul vagy elavultt\u00e1 v\u00e1lik. Kevesebb harmadik orsz\u00e1gbeli munkav\u00e1llal\u00f3 \u00e9rkezhet Magyarorsz\u00e1gra, ami a foglalkoztat\u00e1si lehet\u0151s\u00e9geket korl\u00e1tozza. Kiemelten fontos, hogy els\u0151sorban magyar munkav\u00e1llal\u00f3knak biztos\u00edtsanak munkalehet\u0151s\u00e9get, \u00edgy a vend\u00e9gmunk\u00e1sok p\u00f3tl\u00e1s\u00e1t hazai munkaer\u0151vel k\u00edv\u00e1nj\u00e1k megoldani. \u201e<em>Amellett, hogy ez cs\u00f6kkenti a k\u00f6lcs\u00f6nz\u00f6tt munkav\u00e1llal\u00f3k sz\u00e1m\u00e1t, n\u00f6velheti a versenyt is a megmaradt forr\u00e1sok\u00e9rt<\/em>\u201d \u2013 mondta G\u00f6ltl Viktor, a WHC \u00fcgyvezet\u0151 igazgat\u00f3ja az Economxnak.<\/p>\n<p>Forr\u00e1s: <a href=\"https:\/\/www.economx.hu\/gazdasag\/2030-munkaeropiac-keszsegek-allaslehetosegek.803631.html\" target=\"_blank\" rel=\"nofollow noopener\">economx.hu<\/a><\/p>\n","protected":false},"excerpt":{"rendered":"<p>\u00d6t \u00e9v m\u00falva komoly foglalkoztat\u00e1si v\u00e1ltoz\u00e1sokkal kell szemben\u00e9zni a vil\u00e1g orsz\u00e1gaiban. Bizonyos szakm\u00e1k kiszorulnak, m\u00e1sok meger\u0151s\u00f6dnek a v\u00e1ltoz\u00e1sok hat\u00e1s\u00e1ra. A szoftverfejleszt\u0151k jelent\u0151s foglalkoztat\u00e1s b\u0151v\u00fcl\u00e9sre sz\u00e1m\u00edthatnak. A munkaer\u0151piac folyamatosan fejl\u0151dik, egyes munkahelyek megsz\u0171nnek, \u00e9s \u00fajak jelennek meg. A technol\u00f3giai fejleszt\u00e9sek d\u00f6nt\u0151 szerepet j\u00e1tszanak ebben az \u00e1talakul\u00e1sban, ami n\u00f6vekv\u0151 ig\u00e9nyt teremt az \u00faj k\u00e9szs\u00e9gek ir\u00e1nt. Teh\u00e1t igazz\u00e1 [&hellip;]<\/p>\n","protected":false},"author":1,"featured_media":8166,"comment_status":"closed","ping_status":"closed","sticky":false,"template":"","format":"standard","meta":{"_monsterinsights_skip_tracking":false,"footnotes":""},"categories":[200],"tags":[864,865],"class_list":["post-8165","post","type-post","status-publish","format-standard","has-post-thumbnail","hentry","category-munkaeropiac","tag-foglalkoztatasi-trendek","tag-munkaeropiaci-trendek"],"aioseo_notices":[],"aioseo_head":"\n\t\t<!-- All in One SEO 5.0.0.1 - aioseo.com -->\n\t<meta name=\"description\" content=\"\u00d6t \u00e9v m\u00falva komoly foglalkoztat\u00e1si v\u00e1ltoz\u00e1sokkal kell szemben\u00e9zni a vil\u00e1g orsz\u00e1gaiban. Bizonyos szakm\u00e1k kiszorulnak, m\u00e1sok meger\u0151s\u00f6dnek a v\u00e1ltoz\u00e1sok hat\u00e1s\u00e1ra.\" \/>\n\t<meta name=\"robots\" content=\"max-image-preview:large\" \/>\n\t<meta name=\"author\" content=\"Juh\u00e1sz P\u00e9ter\"\/>\n\t<meta name=\"keywords\" content=\"foglalkoztat\u00e1si trendek,munkaer\u0151piaci trendek\" \/>\n\t<link rel=\"canonical\" href=\"https:\/\/allasorias.hu\/hirek\/megvaltoznak-a-foglalkoztatasi-trendek\/\" \/>\n\t<meta name=\"generator\" content=\"All in One SEO (AIOSEO) 5.0.0.1\" \/>\n\t\t<meta property=\"og:locale\" content=\"hu_HU\" \/>\n\t\t<meta property=\"og:site_name\" content=\"AllasOrias.hu | H\u00edrek-lapszemle | \u00dczleti h\u00edrek az \u00e1ll\u00e1s \u00e9s a munka vil\u00e1g\u00e1b\u00f3l\" \/>\n\t\t<meta property=\"og:type\" content=\"article\" \/>\n\t\t<meta property=\"og:title\" content=\"Foglalkoztat\u00e1si trendek v\u00e1ltoz\u00e1sa v\u00e1rhat\u00f3\" \/>\n\t\t<meta property=\"og:description\" content=\"\u00d6t \u00e9v m\u00falva komoly foglalkoztat\u00e1si v\u00e1ltoz\u00e1sokkal kell szemben\u00e9zni a vil\u00e1g orsz\u00e1gaiban. Bizonyos szakm\u00e1k kiszorulnak, m\u00e1sok meger\u0151s\u00f6dnek a v\u00e1ltoz\u00e1sok hat\u00e1s\u00e1ra.\" \/>\n\t\t<meta property=\"og:url\" content=\"https:\/\/allasorias.hu\/hirek\/megvaltoznak-a-foglalkoztatasi-trendek\/\" \/>\n\t\t<meta property=\"og:image\" content=\"https:\/\/allasorias.hu\/hirek\/wp-content\/uploads\/2025\/02\/foglalkoztatasi-trendek.jpg\" \/>\n\t\t<meta property=\"og:image:secure_url\" content=\"https:\/\/allasorias.hu\/hirek\/wp-content\/uploads\/2025\/02\/foglalkoztatasi-trendek.jpg\" \/>\n\t\t<meta property=\"og:image:width\" content=\"1920\" \/>\n\t\t<meta property=\"og:image:height\" content=\"1280\" \/>\n\t\t<meta property=\"article:published_time\" content=\"2025-02-03T08:49:17+00:00\" \/>\n\t\t<meta property=\"article:modified_time\" content=\"2025-05-09T13:56:45+00:00\" \/>\n\t\t<meta property=\"article:publisher\" content=\"https:\/\/www.facebook.com\/allasorias\" \/>\n\t\t<meta name=\"twitter:card\" content=\"summary_large_image\" \/>\n\t\t<meta name=\"twitter:title\" content=\"Foglalkoztat\u00e1si trendek v\u00e1ltoz\u00e1sa v\u00e1rhat\u00f3\" \/>\n\t\t<meta name=\"twitter:description\" content=\"\u00d6t \u00e9v m\u00falva komoly foglalkoztat\u00e1si v\u00e1ltoz\u00e1sokkal kell szemben\u00e9zni a vil\u00e1g orsz\u00e1gaiban. Bizonyos szakm\u00e1k kiszorulnak, m\u00e1sok meger\u0151s\u00f6dnek a v\u00e1ltoz\u00e1sok hat\u00e1s\u00e1ra.\" \/>\n\t\t<meta name=\"twitter:image\" content=\"https:\/\/allasorias.hu\/hirek\/wp-content\/uploads\/2025\/02\/foglalkoztatasi-trendek.jpg\" \/>\n\t\t<meta name=\"twitter:label1\" content=\"Written by\" \/>\n\t\t<meta name=\"twitter:data1\" content=\"Juh\u00e1sz P\u00e9ter\" \/>\n\t\t<meta name=\"twitter:label2\" content=\"Est. reading time\" \/>\n\t\t<meta name=\"twitter:data2\" content=\"5 minutes\" \/>\n\t\t<script type=\"application\/ld+json\" class=\"aioseo-schema\">\n\t\t\t{\"@context\":\"https:\\\/\\\/schema.org\",\"@graph\":[{\"@type\":\"Article\",\"@id\":\"https:\\\/\\\/allasorias.hu\\\/hirek\\\/megvaltoznak-a-foglalkoztatasi-trendek\\\/#article\",\"name\":\"Foglalkoztat\\u00e1si trendek v\\u00e1ltoz\\u00e1sa v\\u00e1rhat\\u00f3\",\"headline\":\"Megv\\u00e1ltoznak a foglalkoztat\\u00e1si trendek\",\"author\":{\"@id\":\"https:\\\/\\\/allasorias.hu\\\/hirek\\\/author\\\/admin-allasorias\\\/#author\"},\"publisher\":{\"@id\":\"https:\\\/\\\/allasorias.hu\\\/hirek\\\/#organization\"},\"image\":{\"@type\":\"ImageObject\",\"url\":\"https:\\\/\\\/allasorias.hu\\\/hirek\\\/wp-content\\\/uploads\\\/2025\\\/02\\\/foglalkoztatasi-trendek.jpg\",\"width\":1920,\"height\":1280,\"caption\":\"Megv\\u00e1ltoznak a foglalkoztat\\u00e1si trendek - Allasorias.hu\\\/Hirek\"},\"datePublished\":\"2025-02-03T10:49:17+02:00\",\"dateModified\":\"2025-05-09T15:56:45+02:00\",\"inLanguage\":\"hu-HU\",\"mainEntityOfPage\":{\"@id\":\"https:\\\/\\\/allasorias.hu\\\/hirek\\\/megvaltoznak-a-foglalkoztatasi-trendek\\\/#webpage\"},\"isPartOf\":{\"@id\":\"https:\\\/\\\/allasorias.hu\\\/hirek\\\/megvaltoznak-a-foglalkoztatasi-trendek\\\/#webpage\"},\"articleSection\":\"Munkaer\\u0151piac, foglalkoztat\\u00e1si trendek, munkaer\\u0151piaci trendek\"},{\"@type\":\"BreadcrumbList\",\"@id\":\"https:\\\/\\\/allasorias.hu\\\/hirek\\\/megvaltoznak-a-foglalkoztatasi-trendek\\\/#breadcrumblist\",\"itemListElement\":[{\"@type\":\"ListItem\",\"@id\":\"https:\\\/\\\/allasorias.hu\\\/hirek#listItem\",\"position\":1,\"name\":\"Home\",\"item\":\"https:\\\/\\\/allasorias.hu\\\/hirek\",\"nextItem\":{\"@type\":\"ListItem\",\"@id\":\"https:\\\/\\\/allasorias.hu\\\/hirek\\\/temak\\\/munkaeropiac\\\/#listItem\",\"name\":\"Munkaer\\u0151piac\"}},{\"@type\":\"ListItem\",\"@id\":\"https:\\\/\\\/allasorias.hu\\\/hirek\\\/temak\\\/munkaeropiac\\\/#listItem\",\"position\":2,\"name\":\"Munkaer\\u0151piac\",\"item\":\"https:\\\/\\\/allasorias.hu\\\/hirek\\\/temak\\\/munkaeropiac\\\/\",\"nextItem\":{\"@type\":\"ListItem\",\"@id\":\"https:\\\/\\\/allasorias.hu\\\/hirek\\\/megvaltoznak-a-foglalkoztatasi-trendek\\\/#listItem\",\"name\":\"Megv\\u00e1ltoznak a foglalkoztat\\u00e1si trendek\"},\"previousItem\":{\"@type\":\"ListItem\",\"@id\":\"https:\\\/\\\/allasorias.hu\\\/hirek#listItem\",\"name\":\"Home\"}},{\"@type\":\"ListItem\",\"@id\":\"https:\\\/\\\/allasorias.hu\\\/hirek\\\/megvaltoznak-a-foglalkoztatasi-trendek\\\/#listItem\",\"position\":3,\"name\":\"Megv\\u00e1ltoznak a foglalkoztat\\u00e1si trendek\",\"previousItem\":{\"@type\":\"ListItem\",\"@id\":\"https:\\\/\\\/allasorias.hu\\\/hirek\\\/temak\\\/munkaeropiac\\\/#listItem\",\"name\":\"Munkaer\\u0151piac\"}}]},{\"@type\":\"Organization\",\"@id\":\"https:\\\/\\\/allasorias.hu\\\/hirek\\\/#organization\",\"name\":\"AllasOrias.hu | H\\u00edrek-lapszemle\",\"description\":\"\\u00dczleti h\\u00edrek az \\u00e1ll\\u00e1s \\u00e9s a munka vil\\u00e1g\\u00e1b\\u00f3l\",\"url\":\"https:\\\/\\\/allasorias.hu\\\/hirek\\\/\",\"logo\":{\"@type\":\"ImageObject\",\"url\":\"https:\\\/\\\/allasorias.hu\\\/hirek\\\/wp-content\\\/uploads\\\/2022\\\/10\\\/allasorias_site_facebok_logo.png\",\"@id\":\"https:\\\/\\\/allasorias.hu\\\/hirek\\\/megvaltoznak-a-foglalkoztatasi-trendek\\\/#organizationLogo\"},\"image\":{\"@id\":\"https:\\\/\\\/allasorias.hu\\\/hirek\\\/megvaltoznak-a-foglalkoztatasi-trendek\\\/#organizationLogo\"},\"sameAs\":[\"https:\\\/\\\/www.facebook.com\\\/allasorias\",\"https:\\\/\\\/www.linkedin.com\\\/company\\\/allasorias\"]},{\"@type\":\"Person\",\"@id\":\"https:\\\/\\\/allasorias.hu\\\/hirek\\\/author\\\/admin-allasorias\\\/#author\",\"url\":\"https:\\\/\\\/allasorias.hu\\\/hirek\\\/author\\\/admin-allasorias\\\/\",\"name\":\"Juh\\u00e1sz P\\u00e9ter\",\"image\":{\"@type\":\"ImageObject\",\"@id\":\"https:\\\/\\\/allasorias.hu\\\/hirek\\\/megvaltoznak-a-foglalkoztatasi-trendek\\\/#authorImage\",\"url\":\"https:\\\/\\\/secure.gravatar.com\\\/avatar\\\/36e6bcb83148978b992977cb0f54d22feb0cce8a0a849a9410532bb2623ba4c6?s=96&d=mm&r=g\",\"width\":96,\"height\":96,\"caption\":\"Juh\\u00e1sz P\\u00e9ter\"}},{\"@type\":\"WebPage\",\"@id\":\"https:\\\/\\\/allasorias.hu\\\/hirek\\\/megvaltoznak-a-foglalkoztatasi-trendek\\\/#webpage\",\"url\":\"https:\\\/\\\/allasorias.hu\\\/hirek\\\/megvaltoznak-a-foglalkoztatasi-trendek\\\/\",\"name\":\"Foglalkoztat\\u00e1si trendek v\\u00e1ltoz\\u00e1sa v\\u00e1rhat\\u00f3\",\"description\":\"\\u00d6t \\u00e9v m\\u00falva komoly foglalkoztat\\u00e1si v\\u00e1ltoz\\u00e1sokkal kell szemben\\u00e9zni a vil\\u00e1g orsz\\u00e1gaiban. Bizonyos szakm\\u00e1k kiszorulnak, m\\u00e1sok meger\\u0151s\\u00f6dnek a v\\u00e1ltoz\\u00e1sok hat\\u00e1s\\u00e1ra.\",\"inLanguage\":\"hu-HU\",\"isPartOf\":{\"@id\":\"https:\\\/\\\/allasorias.hu\\\/hirek\\\/#website\"},\"breadcrumb\":{\"@id\":\"https:\\\/\\\/allasorias.hu\\\/hirek\\\/megvaltoznak-a-foglalkoztatasi-trendek\\\/#breadcrumblist\"},\"author\":{\"@id\":\"https:\\\/\\\/allasorias.hu\\\/hirek\\\/author\\\/admin-allasorias\\\/#author\"},\"creator\":{\"@id\":\"https:\\\/\\\/allasorias.hu\\\/hirek\\\/author\\\/admin-allasorias\\\/#author\"},\"image\":{\"@type\":\"ImageObject\",\"url\":\"https:\\\/\\\/allasorias.hu\\\/hirek\\\/wp-content\\\/uploads\\\/2025\\\/02\\\/foglalkoztatasi-trendek.jpg\",\"@id\":\"https:\\\/\\\/allasorias.hu\\\/hirek\\\/megvaltoznak-a-foglalkoztatasi-trendek\\\/#mainImage\",\"width\":1920,\"height\":1280,\"caption\":\"Megv\\u00e1ltoznak a foglalkoztat\\u00e1si trendek - Allasorias.hu\\\/Hirek\"},\"primaryImageOfPage\":{\"@id\":\"https:\\\/\\\/allasorias.hu\\\/hirek\\\/megvaltoznak-a-foglalkoztatasi-trendek\\\/#mainImage\"},\"datePublished\":\"2025-02-03T10:49:17+02:00\",\"dateModified\":\"2025-05-09T15:56:45+02:00\"},{\"@type\":\"WebSite\",\"@id\":\"https:\\\/\\\/allasorias.hu\\\/hirek\\\/#website\",\"url\":\"https:\\\/\\\/allasorias.hu\\\/hirek\\\/\",\"name\":\"AllasOrias.hu | H\\u00edrek-lapszemle\",\"description\":\"\\u00dczleti h\\u00edrek az \\u00e1ll\\u00e1s \\u00e9s a munka vil\\u00e1g\\u00e1b\\u00f3l\",\"inLanguage\":\"hu-HU\",\"publisher\":{\"@id\":\"https:\\\/\\\/allasorias.hu\\\/hirek\\\/#organization\"}}]}\n\t\t<\/script>\n\t\t<!-- All in One SEO -->\n\n","aioseo_head_json":{"title":"Foglalkoztat\u00e1si trendek v\u00e1ltoz\u00e1sa v\u00e1rhat\u00f3","description":"\u00d6t \u00e9v m\u00falva komoly foglalkoztat\u00e1si v\u00e1ltoz\u00e1sokkal kell szemben\u00e9zni a vil\u00e1g orsz\u00e1gaiban. Bizonyos szakm\u00e1k kiszorulnak, m\u00e1sok meger\u0151s\u00f6dnek a v\u00e1ltoz\u00e1sok hat\u00e1s\u00e1ra.","canonical_url":"https:\/\/allasorias.hu\/hirek\/megvaltoznak-a-foglalkoztatasi-trendek\/","robots":"max-image-preview:large","keywords":"foglalkoztat\u00e1si trendek,munkaer\u0151piaci trendek","webmasterTools":{"miscellaneous":""},"schema":{"@context":"https:\/\/schema.org","@graph":[{"@type":"Article","@id":"https:\/\/allasorias.hu\/hirek\/megvaltoznak-a-foglalkoztatasi-trendek\/#article","name":"Foglalkoztat\u00e1si trendek v\u00e1ltoz\u00e1sa v\u00e1rhat\u00f3","headline":"Megv\u00e1ltoznak a foglalkoztat\u00e1si trendek","author":{"@id":"https:\/\/allasorias.hu\/hirek\/author\/admin-allasorias\/#author"},"publisher":{"@id":"https:\/\/allasorias.hu\/hirek\/#organization"},"image":{"@type":"ImageObject","url":"https:\/\/allasorias.hu\/hirek\/wp-content\/uploads\/2025\/02\/foglalkoztatasi-trendek.jpg","width":1920,"height":1280,"caption":"Megv\u00e1ltoznak a foglalkoztat\u00e1si trendek - Allasorias.hu\/Hirek"},"datePublished":"2025-02-03T10:49:17+02:00","dateModified":"2025-05-09T15:56:45+02:00","inLanguage":"hu-HU","mainEntityOfPage":{"@id":"https:\/\/allasorias.hu\/hirek\/megvaltoznak-a-foglalkoztatasi-trendek\/#webpage"},"isPartOf":{"@id":"https:\/\/allasorias.hu\/hirek\/megvaltoznak-a-foglalkoztatasi-trendek\/#webpage"},"articleSection":"Munkaer\u0151piac, foglalkoztat\u00e1si trendek, munkaer\u0151piaci trendek"},{"@type":"BreadcrumbList","@id":"https:\/\/allasorias.hu\/hirek\/megvaltoznak-a-foglalkoztatasi-trendek\/#breadcrumblist","itemListElement":[{"@type":"ListItem","@id":"https:\/\/allasorias.hu\/hirek#listItem","position":1,"name":"Home","item":"https:\/\/allasorias.hu\/hirek","nextItem":{"@type":"ListItem","@id":"https:\/\/allasorias.hu\/hirek\/temak\/munkaeropiac\/#listItem","name":"Munkaer\u0151piac"}},{"@type":"ListItem","@id":"https:\/\/allasorias.hu\/hirek\/temak\/munkaeropiac\/#listItem","position":2,"name":"Munkaer\u0151piac","item":"https:\/\/allasorias.hu\/hirek\/temak\/munkaeropiac\/","nextItem":{"@type":"ListItem","@id":"https:\/\/allasorias.hu\/hirek\/megvaltoznak-a-foglalkoztatasi-trendek\/#listItem","name":"Megv\u00e1ltoznak a foglalkoztat\u00e1si trendek"},"previousItem":{"@type":"ListItem","@id":"https:\/\/allasorias.hu\/hirek#listItem","name":"Home"}},{"@type":"ListItem","@id":"https:\/\/allasorias.hu\/hirek\/megvaltoznak-a-foglalkoztatasi-trendek\/#listItem","position":3,"name":"Megv\u00e1ltoznak a foglalkoztat\u00e1si trendek","previousItem":{"@type":"ListItem","@id":"https:\/\/allasorias.hu\/hirek\/temak\/munkaeropiac\/#listItem","name":"Munkaer\u0151piac"}}]},{"@type":"Organization","@id":"https:\/\/allasorias.hu\/hirek\/#organization","name":"AllasOrias.hu | H\u00edrek-lapszemle","description":"\u00dczleti h\u00edrek az \u00e1ll\u00e1s \u00e9s a munka vil\u00e1g\u00e1b\u00f3l","url":"https:\/\/allasorias.hu\/hirek\/","logo":{"@type":"ImageObject","url":"https:\/\/allasorias.hu\/hirek\/wp-content\/uploads\/2022\/10\/allasorias_site_facebok_logo.png","@id":"https:\/\/allasorias.hu\/hirek\/megvaltoznak-a-foglalkoztatasi-trendek\/#organizationLogo"},"image":{"@id":"https:\/\/allasorias.hu\/hirek\/megvaltoznak-a-foglalkoztatasi-trendek\/#organizationLogo"},"sameAs":["https:\/\/www.facebook.com\/allasorias","https:\/\/www.linkedin.com\/company\/allasorias"]},{"@type":"Person","@id":"https:\/\/allasorias.hu\/hirek\/author\/admin-allasorias\/#author","url":"https:\/\/allasorias.hu\/hirek\/author\/admin-allasorias\/","name":"Juh\u00e1sz P\u00e9ter","image":{"@type":"ImageObject","@id":"https:\/\/allasorias.hu\/hirek\/megvaltoznak-a-foglalkoztatasi-trendek\/#authorImage","url":"https:\/\/secure.gravatar.com\/avatar\/36e6bcb83148978b992977cb0f54d22feb0cce8a0a849a9410532bb2623ba4c6?s=96&d=mm&r=g","width":96,"height":96,"caption":"Juh\u00e1sz P\u00e9ter"}},{"@type":"WebPage","@id":"https:\/\/allasorias.hu\/hirek\/megvaltoznak-a-foglalkoztatasi-trendek\/#webpage","url":"https:\/\/allasorias.hu\/hirek\/megvaltoznak-a-foglalkoztatasi-trendek\/","name":"Foglalkoztat\u00e1si trendek v\u00e1ltoz\u00e1sa v\u00e1rhat\u00f3","description":"\u00d6t \u00e9v m\u00falva komoly foglalkoztat\u00e1si v\u00e1ltoz\u00e1sokkal kell szemben\u00e9zni a vil\u00e1g orsz\u00e1gaiban. Bizonyos szakm\u00e1k kiszorulnak, m\u00e1sok meger\u0151s\u00f6dnek a v\u00e1ltoz\u00e1sok hat\u00e1s\u00e1ra.","inLanguage":"hu-HU","isPartOf":{"@id":"https:\/\/allasorias.hu\/hirek\/#website"},"breadcrumb":{"@id":"https:\/\/allasorias.hu\/hirek\/megvaltoznak-a-foglalkoztatasi-trendek\/#breadcrumblist"},"author":{"@id":"https:\/\/allasorias.hu\/hirek\/author\/admin-allasorias\/#author"},"creator":{"@id":"https:\/\/allasorias.hu\/hirek\/author\/admin-allasorias\/#author"},"image":{"@type":"ImageObject","url":"https:\/\/allasorias.hu\/hirek\/wp-content\/uploads\/2025\/02\/foglalkoztatasi-trendek.jpg","@id":"https:\/\/allasorias.hu\/hirek\/megvaltoznak-a-foglalkoztatasi-trendek\/#mainImage","width":1920,"height":1280,"caption":"Megv\u00e1ltoznak a foglalkoztat\u00e1si trendek - Allasorias.hu\/Hirek"},"primaryImageOfPage":{"@id":"https:\/\/allasorias.hu\/hirek\/megvaltoznak-a-foglalkoztatasi-trendek\/#mainImage"},"datePublished":"2025-02-03T10:49:17+02:00","dateModified":"2025-05-09T15:56:45+02:00"},{"@type":"WebSite","@id":"https:\/\/allasorias.hu\/hirek\/#website","url":"https:\/\/allasorias.hu\/hirek\/","name":"AllasOrias.hu | H\u00edrek-lapszemle","description":"\u00dczleti h\u00edrek az \u00e1ll\u00e1s \u00e9s a munka vil\u00e1g\u00e1b\u00f3l","inLanguage":"hu-HU","publisher":{"@id":"https:\/\/allasorias.hu\/hirek\/#organization"}}]},"og:locale":"hu_HU","og:site_name":"AllasOrias.hu | H\u00edrek-lapszemle | \u00dczleti h\u00edrek az \u00e1ll\u00e1s \u00e9s a munka vil\u00e1g\u00e1b\u00f3l","og:type":"article","og:title":"Foglalkoztat\u00e1si trendek v\u00e1ltoz\u00e1sa v\u00e1rhat\u00f3","og:description":"\u00d6t \u00e9v m\u00falva komoly foglalkoztat\u00e1si v\u00e1ltoz\u00e1sokkal kell szemben\u00e9zni a vil\u00e1g orsz\u00e1gaiban. Bizonyos szakm\u00e1k kiszorulnak, m\u00e1sok meger\u0151s\u00f6dnek a v\u00e1ltoz\u00e1sok hat\u00e1s\u00e1ra.","og:url":"https:\/\/allasorias.hu\/hirek\/megvaltoznak-a-foglalkoztatasi-trendek\/","og:image":"https:\/\/allasorias.hu\/hirek\/wp-content\/uploads\/2025\/02\/foglalkoztatasi-trendek.jpg","og:image:secure_url":"https:\/\/allasorias.hu\/hirek\/wp-content\/uploads\/2025\/02\/foglalkoztatasi-trendek.jpg","og:image:width":1920,"og:image:height":1280,"article:published_time":"2025-02-03T08:49:17+00:00","article:modified_time":"2025-05-09T13:56:45+00:00","article:publisher":"https:\/\/www.facebook.com\/allasorias","twitter:card":"summary_large_image","twitter:title":"Foglalkoztat\u00e1si trendek v\u00e1ltoz\u00e1sa v\u00e1rhat\u00f3","twitter:description":"\u00d6t \u00e9v m\u00falva komoly foglalkoztat\u00e1si v\u00e1ltoz\u00e1sokkal kell szemben\u00e9zni a vil\u00e1g orsz\u00e1gaiban. Bizonyos szakm\u00e1k kiszorulnak, m\u00e1sok meger\u0151s\u00f6dnek a v\u00e1ltoz\u00e1sok hat\u00e1s\u00e1ra.","twitter:image":"https:\/\/allasorias.hu\/hirek\/wp-content\/uploads\/2025\/02\/foglalkoztatasi-trendek.jpg","twitter:label1":"Written by","twitter:data1":"Juh\u00e1sz P\u00e9ter","twitter:label2":"Est. reading time","twitter:data2":"5 minutes"},"aioseo_meta_data":{"post_id":"8165","title":"Foglalkoztat\u00e1si trendek v\u00e1ltoz\u00e1sa v\u00e1rhat\u00f3","description":"\u00d6t \u00e9v m\u00falva komoly foglalkoztat\u00e1si v\u00e1ltoz\u00e1sokkal kell szemben\u00e9zni a vil\u00e1g orsz\u00e1gaiban. Bizonyos szakm\u00e1k kiszorulnak, m\u00e1sok meger\u0151s\u00f6dnek a v\u00e1ltoz\u00e1sok hat\u00e1s\u00e1ra.","keywords":null,"keyphrases":{"focus":{"keyphrase":"","score":0,"analysis":{"keyphraseInTitle":{"score":0,"maxScore":9,"error":1}}},"additional":[]},"primary_term":null,"canonical_url":null,"og_title":null,"og_description":null,"og_object_type":"default","og_image_type":"default","og_image_url":null,"og_image_width":null,"og_image_height":null,"og_image_custom_url":null,"og_image_custom_fields":null,"og_video":"","og_custom_url":null,"og_article_section":null,"og_article_tags":null,"twitter_use_og":true,"twitter_card":"default","twitter_image_type":"default","twitter_image_url":null,"twitter_image_custom_url":null,"twitter_image_custom_fields":null,"twitter_title":null,"twitter_description":null,"schema":{"blockGraphs":[],"customGraphs":[],"default":{"data":{"Article":[],"Course":[],"Dataset":[],"FAQPage":[],"Movie":[],"Person":[],"Product":[],"ProductReview":[],"Car":[],"Recipe":[],"Service":[],"SoftwareApplication":[],"WebPage":[]},"graphName":"Article","isEnabled":true},"graphs":[]},"schema_type":"default","schema_type_options":null,"pillar_content":false,"robots_default":true,"robots_noindex":false,"robots_noarchive":false,"robots_nosnippet":false,"robots_nofollow":false,"robots_noimageindex":false,"robots_noodp":false,"robots_notranslate":false,"robots_max_snippet":"-1","robots_max_videopreview":"-1","robots_max_imagepreview":"large","priority":null,"frequency":"default","location":null,"local_seo":null,"breadcrumb_settings":null,"limit_modified_date":false,"ai":null,"created":"2025-02-03 08:19:26","updated":"2025-10-02 20:54:25","seo_analyzer_scan_date":null,"focus_keyword":null,"additional_keywords":null,"truseo_locale":null},"aioseo_breadcrumb":"<div class=\"aioseo-breadcrumbs\"><span class=\"aioseo-breadcrumb\">\n\t\t\t<a href=\"https:\/\/allasorias.hu\/hirek\" title=\"Home\">Home<\/a>\n\t\t<\/span><span class=\"aioseo-breadcrumb-separator\">&raquo;<\/span><span class=\"aioseo-breadcrumb\">\n\t\t\t<a href=\"https:\/\/allasorias.hu\/hirek\/temak\/munkaeropiac\/\" title=\"Munkaer\u0151piac\">Munkaer\u0151piac<\/a>\n\t\t<\/span><span class=\"aioseo-breadcrumb-separator\">&raquo;<\/span><span class=\"aioseo-breadcrumb\">\n\t\t\tMegv\u00e1ltoznak a foglalkoztat\u00e1si trendek\n\t\t<\/span><\/div>","aioseo_breadcrumb_json":[{"label":"Home","link":"https:\/\/allasorias.hu\/hirek"},{"label":"Munkaer\u0151piac","link":"https:\/\/allasorias.hu\/hirek\/temak\/munkaeropiac\/"},{"label":"Megv\u00e1ltoznak a foglalkoztat\u00e1si trendek","link":"https:\/\/allasorias.hu\/hirek\/megvaltoznak-a-foglalkoztatasi-trendek\/"}],"_links":{"self":[{"href":"https:\/\/allasorias.hu\/hirek\/wp-json\/wp\/v2\/posts\/8165","targetHints":{"allow":["GET"]}}],"collection":[{"href":"https:\/\/allasorias.hu\/hirek\/wp-json\/wp\/v2\/posts"}],"about":[{"href":"https:\/\/allasorias.hu\/hirek\/wp-json\/wp\/v2\/types\/post"}],"author":[{"embeddable":true,"href":"https:\/\/allasorias.hu\/hirek\/wp-json\/wp\/v2\/users\/1"}],"replies":[{"embeddable":true,"href":"https:\/\/allasorias.hu\/hirek\/wp-json\/wp\/v2\/comments?post=8165"}],"version-history":[{"count":1,"href":"https:\/\/allasorias.hu\/hirek\/wp-json\/wp\/v2\/posts\/8165\/revisions"}],"predecessor-version":[{"id":8167,"href":"https:\/\/allasorias.hu\/hirek\/wp-json\/wp\/v2\/posts\/8165\/revisions\/8167"}],"wp:featuredmedia":[{"embeddable":true,"href":"https:\/\/allasorias.hu\/hirek\/wp-json\/wp\/v2\/media\/8166"}],"wp:attachment":[{"href":"https:\/\/allasorias.hu\/hirek\/wp-json\/wp\/v2\/media?parent=8165"}],"wp:term":[{"taxonomy":"category","embeddable":true,"href":"https:\/\/allasorias.hu\/hirek\/wp-json\/wp\/v2\/categories?post=8165"},{"taxonomy":"post_tag","embeddable":true,"href":"https:\/\/allasorias.hu\/hirek\/wp-json\/wp\/v2\/tags?post=8165"}],"curies":[{"name":"wp","href":"https:\/\/api.w.org\/{rel}","templated":true}]}}