{"id":8154,"date":"2025-01-27T14:08:13","date_gmt":"2025-01-27T12:08:13","guid":{"rendered":"https:\/\/allasorias.hu\/hirek\/?p=8154"},"modified":"2025-05-09T13:42:35","modified_gmt":"2025-05-09T11:42:35","slug":"inkabb-az-automatizalas-terjed-hazankban","status":"publish","type":"post","link":"https:\/\/allasorias.hu\/hirek\/inkabb-az-automatizalas-terjed-hazankban\/","title":{"rendered":"Ink\u00e1bb az automatiz\u00e1l\u00e1s terjed haz\u00e1nkban"},"content":{"rendered":"<p><strong>A hazai v\u00e1llalatok egyel\u0151re az automatiz\u00e1l\u00e1sban \u00e9rdekeltek, a mesters\u00e9ges intelligencia prefer\u00e1l\u00e1sa m\u00e9g v\u00e1rat mag\u00e1ra. A k\u00fcl\u00f6nb\u00f6z\u0151 gener\u00e1ci\u00f3 m\u00e1s-m\u00e1s elv\u00e1r\u00e1sokat fogalmaz meg a fejleszt\u00e9sek ter\u00fclet\u00e9n.<\/strong><\/p>\n<p>Egyel\u0151re nem a mesters\u00e9ges intelligencia (AI) mozgatja a sz\u00e1lakat Magyarorsz\u00e1g munkaer\u0151piac\u00e1n a Hays szak\u00e9rt\u0151i szerint, hanem a digitaliz\u00e1ci\u00f3 \u00e1ltal\u00e1nosabb form\u00e1i: az automatiz\u00e1l\u00e1sban j\u00e1rtas szakemberek ir\u00e1nti kereslet p\u00e9ld\u00e1ul bombak\u00e9nt robbant az elm\u00falt \u00e9vekben azzal, hogy egyre t\u00f6bb termel\u0151v\u00e1llalat inveszt\u00e1l a gy\u00e1rt\u00e1s automatiz\u00e1l\u00e1s\u00e1ba. A munkaer\u0151piac h\u00e1rom meghat\u00e1roz\u00f3 szegmens\u00e9nek f\u0151bb jellegzetess\u00e9geit tekintett\u00e9k \u00e1t a Hays szak\u00e9rt\u0151i, miel\u0151tt a tan\u00e1csad\u00f3 c\u00e9g megjelentetn\u00e9 az id\u00e9n jubileumi, 15. kiad\u00e1s\u00e1hoz \u00e9rkez\u0151 Salary Guide-ot, \u00e9ves rendszeress\u00e9g\u0171, a munkav\u00e1llal\u00f3k helyzet\u00e9t \u00e9s a b\u00e9reket vizsg\u00e1l\u00f3 felm\u00e9r\u00e9s\u00e9t.<\/p>\n<p>A Hays egyik f\u0151 meg\u00e1llap\u00edt\u00e1sa, hogy glob\u00e1lis l\u00e1tk\u00e9pen m\u00e1r l\u00e1tszik, itthon viszont egyel\u0151re m\u00e9g a m\u00e9rn\u00f6ki, az \u00e9lettudom\u00e1nyok, valamint a technol\u00f3giai szektorban sem igaz\u00e1n \u00e9rezhet\u0151 az AI hat\u00e1sa. Mik\u00f6zben gyorsabb\u00e1 \u00e9s k\u00f6lts\u00e9ghat\u00e9konyabb\u00e1 teszi a kutat\u00e1si folyamatokat a gy\u00f3gyszerfejleszt\u00e9sben, jav\u00edtja a diagnosztikai pontoss\u00e1got, \u00e9s lehet\u0151v\u00e9 teszi a betegspecifikus kezel\u00e9si tervek kidolgoz\u00e1s\u00e1t, az alkalmaz\u00e1sa hatalmas k\u00f6lts\u00e9gekkel j\u00e1r.<\/p>\n<h2>Automatiz\u00e1l\u00e1s a mesters\u00e9ges intelligencia helyett<\/h2>\n<p>Ez\u00e9rt Magyarorsz\u00e1gon csak kev\u00e9s c\u00e9g engedheti meg mag\u00e1nak az AI haszn\u00e1lat\u00e1t, \u00e9s ez ugyan\u00fagy \u00e9rv\u00e9nyes a m\u00e9rn\u00f6ki-termel\u00e9si, valamint a technol\u00f3giai ter\u00fcletre is: ezeken is ink\u00e1bb a mindennapi teend\u0151kben \u00e9s kisebb feladatokban ny\u00fajt seg\u00edts\u00e9get, ami \u00e9rthet\u0151v\u00e9 teszi, hogy a munkaer\u0151piaci vonzata egyel\u0151re minim\u00e1lis. Sokkal ink\u00e1bb \u00e9rezhet\u0151 a digitaliz\u00e1ci\u00f3 m\u00e1s form\u00e1inak hat\u00e1sa: a termel\u00e9sben p\u00e9ld\u00e1ul a gy\u00e1rt\u00e1s automatiz\u00e1l\u00e1sa sz\u00e1m\u00edtott k\u00f6zponti t\u00e9m\u00e1nak a hazai v\u00e1llalatokn\u00e1l, gyakorlatilag m\u00e9rett\u0151l f\u00fcggetlen\u00fcl. Azzal pedig, hogy egyre t\u00f6bb termel\u0151v\u00e1llalat inveszt\u00e1lt termel\u00e9se automatiz\u00e1l\u00e1s\u00e1ba, felrobbantotta a keresletet az ehhez \u00e9rt\u0151 szakemberek ir\u00e1nt.<\/p>\n<p>Hasonl\u00f3 erej\u0171 innov\u00e1ci\u00f3k\u00e9nt jelent meg ezen a ter\u00fcleten a 3D nyomtat\u00e1s is, amely szint\u00e9n sok \u00faj munkahelyet hozott l\u00e9tre. \u201e<em>Mik\u00f6zben az automatiz\u00e1l\u00e1s sz\u00e1rnyalt, a nagy aut\u00f3gy\u00e1rt\u00f3k sorra h\u00fazt\u00e1k be a k\u00e9zif\u00e9ket, ami a term\u00e9ksz\u00e1mok \u00e9s a megrendel\u00e9sek mellett a foglalkoztat\u00e1si mutat\u00f3kra is hat\u00e1ssal volt<\/em>\u201d \u2013 mondta Katona Tibor, a Hays Hungary kereskedelmi igazgat\u00f3ja. Hozz\u00e1tette: mindezekhez az is hozz\u00e1j\u00e1rult, hogy az elektromos aut\u00f3z\u00e1shoz kapcsol\u00f3d\u00f3 fejleszt\u00e9sekre, term\u00e9kekre l\u00e9nyegesen kisebb volt az ig\u00e9ny a v\u00e1rtn\u00e1l.<\/p>\n<p>Mik\u00f6zben a technol\u00f3giai szektorban Magyarorsz\u00e1g tov\u00e1bbra is k\u00f6zkedvelt r\u00e9gi\u00f3s c\u00e9lpontja a multinacion\u00e1lis c\u00e9geknek, amelyek az elm\u00falt \u00e9vekben is sok kompetenci\u00e1t \u00e9s k\u00f6zpontot hoztak ide, a gy\u00e1rt\u00e1sban m\u00e1s a helyzet: a term\u00e9kfejleszt\u00e9s ter\u00fclet\u00e9n kev\u00e9s \u00faj nagyv\u00e1llalati szerepl\u0151 jelent meg, \u00edgy az itteni kkv-k maradtak t\u00f6bbs\u00e9gben. M\u00e1rpedig ez a c\u00e9gkateg\u00f3ria nem a legvonz\u00f3bb a munkaer\u0151piacon n\u00f6vekv\u0151 ar\u00e1nyban megjelen\u0151 Y \u00e9s Z gener\u00e1ci\u00f3s munkav\u00e1llal\u00f3knak. \u0150k sokkal jobban artikul\u00e1lt elv\u00e1r\u00e1sokkal rendelkeznek, mint az id\u0151sebb koroszt\u00e1lyokhoz tartoz\u00f3k.<\/p>\n<h2>Home office vs irodai jelenl\u00e9t<\/h2>\n<p>Egyfel\u0151l azokat a munkaad\u00f3kat prefer\u00e1lj\u00e1k, ahol t\u00f6bb fejl\u0151d\u00e9si lehet\u0151s\u00e9get l\u00e1tnak, ahol a j\u00f6v\u0151be mutat\u00f3 kompetenci\u00e1kat tanulhatnak meg, ahol digitaliz\u00e1ltabb a munkak\u00f6rnyezet \u2013 \u00e9s ahol nagyobb f\u00fcggetlens\u00e9get kapnak a munk\u00e1ban. Ez minimum heti t\u00f6bb napra kiterjed\u0151 home office lehet\u0151s\u00e9get jelent, de a technol\u00f3giai szektorban sokan kifejezetten teljes t\u00e1vmunk\u00e1t keresnek. Ez pedig nem egyszer\u0171 elv\u00e1r\u00e1s egy olyan munkaer\u0151piacon, ahol egyre t\u00f6bb munkaad\u00f3 k\u00f6veteli meg a teljes visszat\u00e9r\u00e9st az irod\u00e1ba.<\/p>\n<p>A gy\u00f3gyszeripar \u00e9s az orvosi eszk\u00f6z\u00f6k szektora azon \u00fcd\u00edt\u0151 kiv\u00e9telek k\u00f6z\u00e9 tartozik, ahol nem l\u00e1tni az er\u0151lk\u00f6d\u00e9s nyomait, hogy min\u00e9l t\u00f6bb legyen a k\u00f6telez\u0151 irodai jelenl\u00e9t. Ez arra utal, hogy ezek a szerepl\u0151k k\u00e9pesek voltak meg\u0151rizni a rugalmass\u00e1gukat a pand\u00e9mia lecseng\u00e9s\u00e9t k\u00f6vet\u0151en is, r\u00e1ad\u00e1sul ez m\u00e1r komoly versenyel\u0151nyt is jelent a sz\u00e1mukra. Sok fiatal munkav\u00e1llal\u00f3 ugyanis kem\u00e9nyen ragaszkodik az otthoni munkav\u00e9gz\u00e9s lehet\u0151s\u00e9g\u00e9hez: amennyiben aktu\u00e1lis munk\u00e1ltat\u00f3juk szigor\u00edt ezen a t\u00e9ren, a t\u00f6bbs\u00e9g nem tud \u00e9s nem is akar azonosulni a v\u00e1ltoz\u00e1sokkal.<\/p>\n<p>\u201e<em>Mivel maradnak a piacon olyan munkaad\u00f3k, ahol a home office tov\u00e1bbra is a c\u00e9ges kult\u00fara r\u00e9sze marad, a szigor f\u0151leg a fiatalabb munkav\u00e1llal\u00f3kn\u00e1l nyirb\u00e1lhatja meg a h\u0171s\u00e9gfaktort<\/em>\u201d \u2013 fogalmazott Seres Tam\u00e1s, a Hays Hungary m\u00e9rn\u00f6ki, ingatlan- \u00e9s \u00e9p\u00edt\u0151ipari div\u00edzi\u00f3j\u00e1nak vezet\u0151je. Szerinte ez ak\u00e1r od\u00e1ig vezethet, hogy egy ilyen l\u00e9p\u00e9s tehet valakit passz\u00edvb\u00f3l akt\u00edv \u00e1ll\u00e1skeres\u0151v\u00e9. Az otthoni munkav\u00e9gz\u00e9s korl\u00e1toz\u00e1sa ugyan\u00fagy tasz\u00edtja a fiatalabbakat, mint a t\u00falzott szervezeti merevs\u00e9g. \u0150k ugyanis min\u00e9l gyorsabban \u00e9s min\u00e9l magasabbra akarnak jutni a rangl\u00e9tr\u00e1n.<\/p>\n<p>B\u00e9relk\u00e9pzel\u00e9seik mellett ak\u00e1r hossz\u00fa t\u00e1von is kitartanak, \u00e9s t\u00f6bb id\u0151t sz\u00e1nnak lehet\u0151s\u00e9geik felm\u00e9r\u00e9s\u00e9re, hogy v\u00e9g\u00fcl egzisztenci\u00e1lisan is el\u00e9gedettek legyenek. Ilyen felt\u00e9telek mellett pedig nem minden munk\u00e1ltat\u00f3 k\u00e9pes rajthoz \u00e1llni a tehets\u00e9gek\u00e9rt folytatott versenyben. A Hays febru\u00e1r k\u00f6zep\u00e9n adja ki r\u00e9szletes b\u00e9rfelm\u00e9r\u00e9s\u00e9t \u00e9s a 3000 r\u00e9sztvev\u0151 v\u00e1laszaival k\u00e9sz\u00fclt munkaer\u0151piaci kutat\u00e1s\u00e1t.<\/p>\n<p>Forr\u00e1s: <a href=\"https:\/\/www.digitalhungary.hu\/gazdasag\/A-nagy-AI-boom-meg-nem-erte-el-a-magyar-munkaeropiacot\/26935\/\" target=\"_blank\" rel=\"nofollow noopener noreferrer\">digitalhungary.hu<\/a><\/p>\n","protected":false},"excerpt":{"rendered":"<p>A hazai v\u00e1llalatok egyel\u0151re az automatiz\u00e1l\u00e1sban \u00e9rdekeltek, a mesters\u00e9ges intelligencia prefer\u00e1l\u00e1sa m\u00e9g v\u00e1rat mag\u00e1ra. A k\u00fcl\u00f6nb\u00f6z\u0151 gener\u00e1ci\u00f3 m\u00e1s-m\u00e1s elv\u00e1r\u00e1sokat fogalmaz meg a fejleszt\u00e9sek ter\u00fclet\u00e9n. Egyel\u0151re nem a mesters\u00e9ges intelligencia (AI) mozgatja a sz\u00e1lakat Magyarorsz\u00e1g munkaer\u0151piac\u00e1n a Hays szak\u00e9rt\u0151i szerint, hanem a digitaliz\u00e1ci\u00f3 \u00e1ltal\u00e1nosabb form\u00e1i: az automatiz\u00e1l\u00e1sban j\u00e1rtas szakemberek ir\u00e1nti kereslet p\u00e9ld\u00e1ul bombak\u00e9nt robbant az elm\u00falt [&hellip;]<\/p>\n","protected":false},"author":1,"featured_media":8155,"comment_status":"closed","ping_status":"closed","sticky":false,"template":"","format":"standard","meta":{"_monsterinsights_skip_tracking":false,"footnotes":""},"categories":[200],"tags":[],"class_list":["post-8154","post","type-post","status-publish","format-standard","has-post-thumbnail","hentry","category-munkaeropiac"],"aioseo_notices":[],"aioseo_head":"\n\t\t<!-- All in One SEO 5.0.0.1 - aioseo.com -->\n\t<meta name=\"description\" content=\"A hazai v\u00e1llalatok egyel\u0151re az automatiz\u00e1l\u00e1sban \u00e9rdekeltek, a mesters\u00e9ges intelligencia prefer\u00e1l\u00e1sa m\u00e9g v\u00e1rat mag\u00e1ra.\" \/>\n\t<meta name=\"robots\" content=\"max-image-preview:large\" \/>\n\t<meta name=\"author\" content=\"Juh\u00e1sz P\u00e9ter\"\/>\n\t<link rel=\"canonical\" href=\"https:\/\/allasorias.hu\/hirek\/inkabb-az-automatizalas-terjed-hazankban\/\" \/>\n\t<meta name=\"generator\" content=\"All in One SEO (AIOSEO) 5.0.0.1\" \/>\n\t\t<meta property=\"og:locale\" content=\"hu_HU\" \/>\n\t\t<meta property=\"og:site_name\" content=\"AllasOrias.hu | H\u00edrek-lapszemle | \u00dczleti h\u00edrek az \u00e1ll\u00e1s \u00e9s a munka vil\u00e1g\u00e1b\u00f3l\" \/>\n\t\t<meta property=\"og:type\" content=\"article\" \/>\n\t\t<meta property=\"og:title\" content=\"Automatiz\u00e1l\u00e1s terjed\u00e9se haz\u00e1nkban er\u0151s\u00f6dik\" \/>\n\t\t<meta property=\"og:description\" content=\"A hazai v\u00e1llalatok egyel\u0151re az automatiz\u00e1l\u00e1sban \u00e9rdekeltek, a mesters\u00e9ges intelligencia prefer\u00e1l\u00e1sa m\u00e9g v\u00e1rat mag\u00e1ra.\" \/>\n\t\t<meta property=\"og:url\" content=\"https:\/\/allasorias.hu\/hirek\/inkabb-az-automatizalas-terjed-hazankban\/\" \/>\n\t\t<meta property=\"og:image\" content=\"https:\/\/allasorias.hu\/hirek\/wp-content\/uploads\/2025\/01\/automatizalt-folyamatok.jpg\" \/>\n\t\t<meta property=\"og:image:secure_url\" content=\"https:\/\/allasorias.hu\/hirek\/wp-content\/uploads\/2025\/01\/automatizalt-folyamatok.jpg\" \/>\n\t\t<meta property=\"og:image:width\" content=\"1920\" \/>\n\t\t<meta property=\"og:image:height\" content=\"1281\" \/>\n\t\t<meta property=\"article:published_time\" content=\"2025-01-27T12:08:13+00:00\" \/>\n\t\t<meta property=\"article:modified_time\" content=\"2025-05-09T11:42:35+00:00\" \/>\n\t\t<meta property=\"article:publisher\" content=\"https:\/\/www.facebook.com\/allasorias\" \/>\n\t\t<meta name=\"twitter:card\" content=\"summary_large_image\" \/>\n\t\t<meta name=\"twitter:title\" content=\"Automatiz\u00e1l\u00e1s terjed\u00e9se haz\u00e1nkban er\u0151s\u00f6dik\" \/>\n\t\t<meta name=\"twitter:description\" content=\"A hazai v\u00e1llalatok egyel\u0151re az automatiz\u00e1l\u00e1sban \u00e9rdekeltek, a mesters\u00e9ges intelligencia prefer\u00e1l\u00e1sa m\u00e9g v\u00e1rat mag\u00e1ra.\" \/>\n\t\t<meta name=\"twitter:image\" content=\"https:\/\/allasorias.hu\/hirek\/wp-content\/uploads\/2025\/01\/automatizalt-folyamatok.jpg\" \/>\n\t\t<meta name=\"twitter:label1\" content=\"Written by\" \/>\n\t\t<meta name=\"twitter:data1\" content=\"Juh\u00e1sz P\u00e9ter\" \/>\n\t\t<meta name=\"twitter:label2\" content=\"Est. reading time\" \/>\n\t\t<meta name=\"twitter:data2\" content=\"5 minutes\" \/>\n\t\t<script type=\"application\/ld+json\" class=\"aioseo-schema\">\n\t\t\t{\"@context\":\"https:\\\/\\\/schema.org\",\"@graph\":[{\"@type\":\"Article\",\"@id\":\"https:\\\/\\\/allasorias.hu\\\/hirek\\\/inkabb-az-automatizalas-terjed-hazankban\\\/#article\",\"name\":\"Automatiz\\u00e1l\\u00e1s terjed\\u00e9se haz\\u00e1nkban er\\u0151s\\u00f6dik\",\"headline\":\"Ink\\u00e1bb az automatiz\\u00e1l\\u00e1s terjed haz\\u00e1nkban\",\"author\":{\"@id\":\"https:\\\/\\\/allasorias.hu\\\/hirek\\\/author\\\/admin-allasorias\\\/#author\"},\"publisher\":{\"@id\":\"https:\\\/\\\/allasorias.hu\\\/hirek\\\/#organization\"},\"image\":{\"@type\":\"ImageObject\",\"url\":\"https:\\\/\\\/allasorias.hu\\\/hirek\\\/wp-content\\\/uploads\\\/2025\\\/01\\\/automatizalt-folyamatok.jpg\",\"width\":1920,\"height\":1281,\"caption\":\"Ink\\u00e1bb az automatiz\\u00e1l\\u00e1s terjed haz\\u00e1nkban - Allasorias.hu\\\/Hirek\"},\"datePublished\":\"2025-01-27T14:08:13+02:00\",\"dateModified\":\"2025-05-09T13:42:35+02:00\",\"inLanguage\":\"hu-HU\",\"mainEntityOfPage\":{\"@id\":\"https:\\\/\\\/allasorias.hu\\\/hirek\\\/inkabb-az-automatizalas-terjed-hazankban\\\/#webpage\"},\"isPartOf\":{\"@id\":\"https:\\\/\\\/allasorias.hu\\\/hirek\\\/inkabb-az-automatizalas-terjed-hazankban\\\/#webpage\"},\"articleSection\":\"Munkaer\\u0151piac\"},{\"@type\":\"BreadcrumbList\",\"@id\":\"https:\\\/\\\/allasorias.hu\\\/hirek\\\/inkabb-az-automatizalas-terjed-hazankban\\\/#breadcrumblist\",\"itemListElement\":[{\"@type\":\"ListItem\",\"@id\":\"https:\\\/\\\/allasorias.hu\\\/hirek#listItem\",\"position\":1,\"name\":\"Home\",\"item\":\"https:\\\/\\\/allasorias.hu\\\/hirek\",\"nextItem\":{\"@type\":\"ListItem\",\"@id\":\"https:\\\/\\\/allasorias.hu\\\/hirek\\\/temak\\\/munkaeropiac\\\/#listItem\",\"name\":\"Munkaer\\u0151piac\"}},{\"@type\":\"ListItem\",\"@id\":\"https:\\\/\\\/allasorias.hu\\\/hirek\\\/temak\\\/munkaeropiac\\\/#listItem\",\"position\":2,\"name\":\"Munkaer\\u0151piac\",\"item\":\"https:\\\/\\\/allasorias.hu\\\/hirek\\\/temak\\\/munkaeropiac\\\/\",\"nextItem\":{\"@type\":\"ListItem\",\"@id\":\"https:\\\/\\\/allasorias.hu\\\/hirek\\\/inkabb-az-automatizalas-terjed-hazankban\\\/#listItem\",\"name\":\"Ink\\u00e1bb az automatiz\\u00e1l\\u00e1s terjed haz\\u00e1nkban\"},\"previousItem\":{\"@type\":\"ListItem\",\"@id\":\"https:\\\/\\\/allasorias.hu\\\/hirek#listItem\",\"name\":\"Home\"}},{\"@type\":\"ListItem\",\"@id\":\"https:\\\/\\\/allasorias.hu\\\/hirek\\\/inkabb-az-automatizalas-terjed-hazankban\\\/#listItem\",\"position\":3,\"name\":\"Ink\\u00e1bb az automatiz\\u00e1l\\u00e1s terjed haz\\u00e1nkban\",\"previousItem\":{\"@type\":\"ListItem\",\"@id\":\"https:\\\/\\\/allasorias.hu\\\/hirek\\\/temak\\\/munkaeropiac\\\/#listItem\",\"name\":\"Munkaer\\u0151piac\"}}]},{\"@type\":\"Organization\",\"@id\":\"https:\\\/\\\/allasorias.hu\\\/hirek\\\/#organization\",\"name\":\"AllasOrias.hu | H\\u00edrek-lapszemle\",\"description\":\"\\u00dczleti h\\u00edrek az \\u00e1ll\\u00e1s \\u00e9s a munka vil\\u00e1g\\u00e1b\\u00f3l\",\"url\":\"https:\\\/\\\/allasorias.hu\\\/hirek\\\/\",\"logo\":{\"@type\":\"ImageObject\",\"url\":\"https:\\\/\\\/allasorias.hu\\\/hirek\\\/wp-content\\\/uploads\\\/2022\\\/10\\\/allasorias_site_facebok_logo.png\",\"@id\":\"https:\\\/\\\/allasorias.hu\\\/hirek\\\/inkabb-az-automatizalas-terjed-hazankban\\\/#organizationLogo\"},\"image\":{\"@id\":\"https:\\\/\\\/allasorias.hu\\\/hirek\\\/inkabb-az-automatizalas-terjed-hazankban\\\/#organizationLogo\"},\"sameAs\":[\"https:\\\/\\\/www.facebook.com\\\/allasorias\",\"https:\\\/\\\/www.linkedin.com\\\/company\\\/allasorias\"]},{\"@type\":\"Person\",\"@id\":\"https:\\\/\\\/allasorias.hu\\\/hirek\\\/author\\\/admin-allasorias\\\/#author\",\"url\":\"https:\\\/\\\/allasorias.hu\\\/hirek\\\/author\\\/admin-allasorias\\\/\",\"name\":\"Juh\\u00e1sz P\\u00e9ter\",\"image\":{\"@type\":\"ImageObject\",\"@id\":\"https:\\\/\\\/allasorias.hu\\\/hirek\\\/inkabb-az-automatizalas-terjed-hazankban\\\/#authorImage\",\"url\":\"https:\\\/\\\/secure.gravatar.com\\\/avatar\\\/36e6bcb83148978b992977cb0f54d22feb0cce8a0a849a9410532bb2623ba4c6?s=96&d=mm&r=g\",\"width\":96,\"height\":96,\"caption\":\"Juh\\u00e1sz P\\u00e9ter\"}},{\"@type\":\"WebPage\",\"@id\":\"https:\\\/\\\/allasorias.hu\\\/hirek\\\/inkabb-az-automatizalas-terjed-hazankban\\\/#webpage\",\"url\":\"https:\\\/\\\/allasorias.hu\\\/hirek\\\/inkabb-az-automatizalas-terjed-hazankban\\\/\",\"name\":\"Automatiz\\u00e1l\\u00e1s terjed\\u00e9se haz\\u00e1nkban er\\u0151s\\u00f6dik\",\"description\":\"A hazai v\\u00e1llalatok egyel\\u0151re az automatiz\\u00e1l\\u00e1sban \\u00e9rdekeltek, a mesters\\u00e9ges intelligencia prefer\\u00e1l\\u00e1sa m\\u00e9g v\\u00e1rat mag\\u00e1ra.\",\"inLanguage\":\"hu-HU\",\"isPartOf\":{\"@id\":\"https:\\\/\\\/allasorias.hu\\\/hirek\\\/#website\"},\"breadcrumb\":{\"@id\":\"https:\\\/\\\/allasorias.hu\\\/hirek\\\/inkabb-az-automatizalas-terjed-hazankban\\\/#breadcrumblist\"},\"author\":{\"@id\":\"https:\\\/\\\/allasorias.hu\\\/hirek\\\/author\\\/admin-allasorias\\\/#author\"},\"creator\":{\"@id\":\"https:\\\/\\\/allasorias.hu\\\/hirek\\\/author\\\/admin-allasorias\\\/#author\"},\"image\":{\"@type\":\"ImageObject\",\"url\":\"https:\\\/\\\/allasorias.hu\\\/hirek\\\/wp-content\\\/uploads\\\/2025\\\/01\\\/automatizalt-folyamatok.jpg\",\"@id\":\"https:\\\/\\\/allasorias.hu\\\/hirek\\\/inkabb-az-automatizalas-terjed-hazankban\\\/#mainImage\",\"width\":1920,\"height\":1281,\"caption\":\"Ink\\u00e1bb az automatiz\\u00e1l\\u00e1s terjed haz\\u00e1nkban - Allasorias.hu\\\/Hirek\"},\"primaryImageOfPage\":{\"@id\":\"https:\\\/\\\/allasorias.hu\\\/hirek\\\/inkabb-az-automatizalas-terjed-hazankban\\\/#mainImage\"},\"datePublished\":\"2025-01-27T14:08:13+02:00\",\"dateModified\":\"2025-05-09T13:42:35+02:00\"},{\"@type\":\"WebSite\",\"@id\":\"https:\\\/\\\/allasorias.hu\\\/hirek\\\/#website\",\"url\":\"https:\\\/\\\/allasorias.hu\\\/hirek\\\/\",\"name\":\"AllasOrias.hu | H\\u00edrek-lapszemle\",\"description\":\"\\u00dczleti h\\u00edrek az \\u00e1ll\\u00e1s \\u00e9s a munka vil\\u00e1g\\u00e1b\\u00f3l\",\"inLanguage\":\"hu-HU\",\"publisher\":{\"@id\":\"https:\\\/\\\/allasorias.hu\\\/hirek\\\/#organization\"}}]}\n\t\t<\/script>\n\t\t<!-- All in One SEO -->\n\n","aioseo_head_json":{"title":"Automatiz\u00e1l\u00e1s terjed\u00e9se haz\u00e1nkban er\u0151s\u00f6dik","description":"A hazai v\u00e1llalatok egyel\u0151re az automatiz\u00e1l\u00e1sban \u00e9rdekeltek, a mesters\u00e9ges intelligencia prefer\u00e1l\u00e1sa m\u00e9g v\u00e1rat mag\u00e1ra.","canonical_url":"https:\/\/allasorias.hu\/hirek\/inkabb-az-automatizalas-terjed-hazankban\/","robots":"max-image-preview:large","keywords":"","webmasterTools":{"miscellaneous":""},"schema":{"@context":"https:\/\/schema.org","@graph":[{"@type":"Article","@id":"https:\/\/allasorias.hu\/hirek\/inkabb-az-automatizalas-terjed-hazankban\/#article","name":"Automatiz\u00e1l\u00e1s terjed\u00e9se haz\u00e1nkban er\u0151s\u00f6dik","headline":"Ink\u00e1bb az automatiz\u00e1l\u00e1s terjed haz\u00e1nkban","author":{"@id":"https:\/\/allasorias.hu\/hirek\/author\/admin-allasorias\/#author"},"publisher":{"@id":"https:\/\/allasorias.hu\/hirek\/#organization"},"image":{"@type":"ImageObject","url":"https:\/\/allasorias.hu\/hirek\/wp-content\/uploads\/2025\/01\/automatizalt-folyamatok.jpg","width":1920,"height":1281,"caption":"Ink\u00e1bb az automatiz\u00e1l\u00e1s terjed haz\u00e1nkban - Allasorias.hu\/Hirek"},"datePublished":"2025-01-27T14:08:13+02:00","dateModified":"2025-05-09T13:42:35+02:00","inLanguage":"hu-HU","mainEntityOfPage":{"@id":"https:\/\/allasorias.hu\/hirek\/inkabb-az-automatizalas-terjed-hazankban\/#webpage"},"isPartOf":{"@id":"https:\/\/allasorias.hu\/hirek\/inkabb-az-automatizalas-terjed-hazankban\/#webpage"},"articleSection":"Munkaer\u0151piac"},{"@type":"BreadcrumbList","@id":"https:\/\/allasorias.hu\/hirek\/inkabb-az-automatizalas-terjed-hazankban\/#breadcrumblist","itemListElement":[{"@type":"ListItem","@id":"https:\/\/allasorias.hu\/hirek#listItem","position":1,"name":"Home","item":"https:\/\/allasorias.hu\/hirek","nextItem":{"@type":"ListItem","@id":"https:\/\/allasorias.hu\/hirek\/temak\/munkaeropiac\/#listItem","name":"Munkaer\u0151piac"}},{"@type":"ListItem","@id":"https:\/\/allasorias.hu\/hirek\/temak\/munkaeropiac\/#listItem","position":2,"name":"Munkaer\u0151piac","item":"https:\/\/allasorias.hu\/hirek\/temak\/munkaeropiac\/","nextItem":{"@type":"ListItem","@id":"https:\/\/allasorias.hu\/hirek\/inkabb-az-automatizalas-terjed-hazankban\/#listItem","name":"Ink\u00e1bb az automatiz\u00e1l\u00e1s terjed haz\u00e1nkban"},"previousItem":{"@type":"ListItem","@id":"https:\/\/allasorias.hu\/hirek#listItem","name":"Home"}},{"@type":"ListItem","@id":"https:\/\/allasorias.hu\/hirek\/inkabb-az-automatizalas-terjed-hazankban\/#listItem","position":3,"name":"Ink\u00e1bb az automatiz\u00e1l\u00e1s terjed haz\u00e1nkban","previousItem":{"@type":"ListItem","@id":"https:\/\/allasorias.hu\/hirek\/temak\/munkaeropiac\/#listItem","name":"Munkaer\u0151piac"}}]},{"@type":"Organization","@id":"https:\/\/allasorias.hu\/hirek\/#organization","name":"AllasOrias.hu | H\u00edrek-lapszemle","description":"\u00dczleti h\u00edrek az \u00e1ll\u00e1s \u00e9s a munka vil\u00e1g\u00e1b\u00f3l","url":"https:\/\/allasorias.hu\/hirek\/","logo":{"@type":"ImageObject","url":"https:\/\/allasorias.hu\/hirek\/wp-content\/uploads\/2022\/10\/allasorias_site_facebok_logo.png","@id":"https:\/\/allasorias.hu\/hirek\/inkabb-az-automatizalas-terjed-hazankban\/#organizationLogo"},"image":{"@id":"https:\/\/allasorias.hu\/hirek\/inkabb-az-automatizalas-terjed-hazankban\/#organizationLogo"},"sameAs":["https:\/\/www.facebook.com\/allasorias","https:\/\/www.linkedin.com\/company\/allasorias"]},{"@type":"Person","@id":"https:\/\/allasorias.hu\/hirek\/author\/admin-allasorias\/#author","url":"https:\/\/allasorias.hu\/hirek\/author\/admin-allasorias\/","name":"Juh\u00e1sz P\u00e9ter","image":{"@type":"ImageObject","@id":"https:\/\/allasorias.hu\/hirek\/inkabb-az-automatizalas-terjed-hazankban\/#authorImage","url":"https:\/\/secure.gravatar.com\/avatar\/36e6bcb83148978b992977cb0f54d22feb0cce8a0a849a9410532bb2623ba4c6?s=96&d=mm&r=g","width":96,"height":96,"caption":"Juh\u00e1sz P\u00e9ter"}},{"@type":"WebPage","@id":"https:\/\/allasorias.hu\/hirek\/inkabb-az-automatizalas-terjed-hazankban\/#webpage","url":"https:\/\/allasorias.hu\/hirek\/inkabb-az-automatizalas-terjed-hazankban\/","name":"Automatiz\u00e1l\u00e1s terjed\u00e9se haz\u00e1nkban er\u0151s\u00f6dik","description":"A hazai v\u00e1llalatok egyel\u0151re az automatiz\u00e1l\u00e1sban \u00e9rdekeltek, a mesters\u00e9ges intelligencia prefer\u00e1l\u00e1sa m\u00e9g v\u00e1rat mag\u00e1ra.","inLanguage":"hu-HU","isPartOf":{"@id":"https:\/\/allasorias.hu\/hirek\/#website"},"breadcrumb":{"@id":"https:\/\/allasorias.hu\/hirek\/inkabb-az-automatizalas-terjed-hazankban\/#breadcrumblist"},"author":{"@id":"https:\/\/allasorias.hu\/hirek\/author\/admin-allasorias\/#author"},"creator":{"@id":"https:\/\/allasorias.hu\/hirek\/author\/admin-allasorias\/#author"},"image":{"@type":"ImageObject","url":"https:\/\/allasorias.hu\/hirek\/wp-content\/uploads\/2025\/01\/automatizalt-folyamatok.jpg","@id":"https:\/\/allasorias.hu\/hirek\/inkabb-az-automatizalas-terjed-hazankban\/#mainImage","width":1920,"height":1281,"caption":"Ink\u00e1bb az automatiz\u00e1l\u00e1s terjed haz\u00e1nkban - Allasorias.hu\/Hirek"},"primaryImageOfPage":{"@id":"https:\/\/allasorias.hu\/hirek\/inkabb-az-automatizalas-terjed-hazankban\/#mainImage"},"datePublished":"2025-01-27T14:08:13+02:00","dateModified":"2025-05-09T13:42:35+02:00"},{"@type":"WebSite","@id":"https:\/\/allasorias.hu\/hirek\/#website","url":"https:\/\/allasorias.hu\/hirek\/","name":"AllasOrias.hu | H\u00edrek-lapszemle","description":"\u00dczleti h\u00edrek az \u00e1ll\u00e1s \u00e9s a munka vil\u00e1g\u00e1b\u00f3l","inLanguage":"hu-HU","publisher":{"@id":"https:\/\/allasorias.hu\/hirek\/#organization"}}]},"og:locale":"hu_HU","og:site_name":"AllasOrias.hu | H\u00edrek-lapszemle | \u00dczleti h\u00edrek az \u00e1ll\u00e1s \u00e9s a munka vil\u00e1g\u00e1b\u00f3l","og:type":"article","og:title":"Automatiz\u00e1l\u00e1s terjed\u00e9se haz\u00e1nkban er\u0151s\u00f6dik","og:description":"A hazai v\u00e1llalatok egyel\u0151re az automatiz\u00e1l\u00e1sban \u00e9rdekeltek, a mesters\u00e9ges intelligencia prefer\u00e1l\u00e1sa m\u00e9g v\u00e1rat mag\u00e1ra.","og:url":"https:\/\/allasorias.hu\/hirek\/inkabb-az-automatizalas-terjed-hazankban\/","og:image":"https:\/\/allasorias.hu\/hirek\/wp-content\/uploads\/2025\/01\/automatizalt-folyamatok.jpg","og:image:secure_url":"https:\/\/allasorias.hu\/hirek\/wp-content\/uploads\/2025\/01\/automatizalt-folyamatok.jpg","og:image:width":1920,"og:image:height":1281,"article:published_time":"2025-01-27T12:08:13+00:00","article:modified_time":"2025-05-09T11:42:35+00:00","article:publisher":"https:\/\/www.facebook.com\/allasorias","twitter:card":"summary_large_image","twitter:title":"Automatiz\u00e1l\u00e1s terjed\u00e9se haz\u00e1nkban er\u0151s\u00f6dik","twitter:description":"A hazai v\u00e1llalatok egyel\u0151re az automatiz\u00e1l\u00e1sban \u00e9rdekeltek, a mesters\u00e9ges intelligencia prefer\u00e1l\u00e1sa m\u00e9g v\u00e1rat mag\u00e1ra.","twitter:image":"https:\/\/allasorias.hu\/hirek\/wp-content\/uploads\/2025\/01\/automatizalt-folyamatok.jpg","twitter:label1":"Written by","twitter:data1":"Juh\u00e1sz P\u00e9ter","twitter:label2":"Est. reading time","twitter:data2":"5 minutes"},"aioseo_meta_data":{"post_id":"8154","title":"Automatiz\u00e1l\u00e1s terjed\u00e9se haz\u00e1nkban er\u0151s\u00f6dik","description":"A hazai v\u00e1llalatok egyel\u0151re az automatiz\u00e1l\u00e1sban \u00e9rdekeltek, a mesters\u00e9ges intelligencia prefer\u00e1l\u00e1sa m\u00e9g v\u00e1rat mag\u00e1ra.","keywords":null,"keyphrases":{"focus":{"keyphrase":"","score":0,"analysis":{"keyphraseInTitle":{"score":0,"maxScore":9,"error":1}}},"additional":[]},"primary_term":null,"canonical_url":null,"og_title":null,"og_description":null,"og_object_type":"default","og_image_type":"default","og_image_url":null,"og_image_width":null,"og_image_height":null,"og_image_custom_url":null,"og_image_custom_fields":null,"og_video":"","og_custom_url":null,"og_article_section":null,"og_article_tags":null,"twitter_use_og":true,"twitter_card":"default","twitter_image_type":"default","twitter_image_url":null,"twitter_image_custom_url":null,"twitter_image_custom_fields":null,"twitter_title":null,"twitter_description":null,"schema":{"blockGraphs":[],"customGraphs":[],"default":{"data":{"Article":[],"Course":[],"Dataset":[],"FAQPage":[],"Movie":[],"Person":[],"Product":[],"ProductReview":[],"Car":[],"Recipe":[],"Service":[],"SoftwareApplication":[],"WebPage":[]},"graphName":"Article","isEnabled":true},"graphs":[]},"schema_type":"default","schema_type_options":null,"pillar_content":false,"robots_default":true,"robots_noindex":false,"robots_noarchive":false,"robots_nosnippet":false,"robots_nofollow":false,"robots_noimageindex":false,"robots_noodp":false,"robots_notranslate":false,"robots_max_snippet":"-1","robots_max_videopreview":"-1","robots_max_imagepreview":"large","priority":null,"frequency":"default","location":null,"local_seo":null,"breadcrumb_settings":null,"limit_modified_date":false,"ai":null,"created":"2025-01-27 11:54:48","updated":"2025-10-02 20:54:25","seo_analyzer_scan_date":null,"focus_keyword":null,"additional_keywords":null,"truseo_locale":null},"aioseo_breadcrumb":"<div class=\"aioseo-breadcrumbs\"><span class=\"aioseo-breadcrumb\">\n\t\t\t<a href=\"https:\/\/allasorias.hu\/hirek\" title=\"Home\">Home<\/a>\n\t\t<\/span><span class=\"aioseo-breadcrumb-separator\">&raquo;<\/span><span class=\"aioseo-breadcrumb\">\n\t\t\t<a href=\"https:\/\/allasorias.hu\/hirek\/temak\/munkaeropiac\/\" title=\"Munkaer\u0151piac\">Munkaer\u0151piac<\/a>\n\t\t<\/span><span class=\"aioseo-breadcrumb-separator\">&raquo;<\/span><span class=\"aioseo-breadcrumb\">\n\t\t\tInk\u00e1bb az automatiz\u00e1l\u00e1s terjed haz\u00e1nkban\n\t\t<\/span><\/div>","aioseo_breadcrumb_json":[{"label":"Home","link":"https:\/\/allasorias.hu\/hirek"},{"label":"Munkaer\u0151piac","link":"https:\/\/allasorias.hu\/hirek\/temak\/munkaeropiac\/"},{"label":"Ink\u00e1bb az automatiz\u00e1l\u00e1s terjed haz\u00e1nkban","link":"https:\/\/allasorias.hu\/hirek\/inkabb-az-automatizalas-terjed-hazankban\/"}],"_links":{"self":[{"href":"https:\/\/allasorias.hu\/hirek\/wp-json\/wp\/v2\/posts\/8154","targetHints":{"allow":["GET"]}}],"collection":[{"href":"https:\/\/allasorias.hu\/hirek\/wp-json\/wp\/v2\/posts"}],"about":[{"href":"https:\/\/allasorias.hu\/hirek\/wp-json\/wp\/v2\/types\/post"}],"author":[{"embeddable":true,"href":"https:\/\/allasorias.hu\/hirek\/wp-json\/wp\/v2\/users\/1"}],"replies":[{"embeddable":true,"href":"https:\/\/allasorias.hu\/hirek\/wp-json\/wp\/v2\/comments?post=8154"}],"version-history":[{"count":1,"href":"https:\/\/allasorias.hu\/hirek\/wp-json\/wp\/v2\/posts\/8154\/revisions"}],"predecessor-version":[{"id":8156,"href":"https:\/\/allasorias.hu\/hirek\/wp-json\/wp\/v2\/posts\/8154\/revisions\/8156"}],"wp:featuredmedia":[{"embeddable":true,"href":"https:\/\/allasorias.hu\/hirek\/wp-json\/wp\/v2\/media\/8155"}],"wp:attachment":[{"href":"https:\/\/allasorias.hu\/hirek\/wp-json\/wp\/v2\/media?parent=8154"}],"wp:term":[{"taxonomy":"category","embeddable":true,"href":"https:\/\/allasorias.hu\/hirek\/wp-json\/wp\/v2\/categories?post=8154"},{"taxonomy":"post_tag","embeddable":true,"href":"https:\/\/allasorias.hu\/hirek\/wp-json\/wp\/v2\/tags?post=8154"}],"curies":[{"name":"wp","href":"https:\/\/api.w.org\/{rel}","templated":true}]}}