{"id":8150,"date":"2025-01-24T10:04:03","date_gmt":"2025-01-24T08:04:03","guid":{"rendered":"https:\/\/allasorias.hu\/hirek\/?p=8150"},"modified":"2025-01-24T10:04:03","modified_gmt":"2025-01-24T08:04:03","slug":"eros-a-magyar-munkaeropiac","status":"publish","type":"post","link":"https:\/\/allasorias.hu\/hirek\/eros-a-magyar-munkaeropiac\/","title":{"rendered":"Er\u0151s a magyar munkaer\u0151piac"},"content":{"rendered":"<p><strong>J\u00f3l teljes\u00edt haz\u00e1nk a foglalkoztatotts\u00e1g ter\u00fclet\u00e9n, a c\u00e9l, hogy\u00a0 \u00f6t \u00e9v m\u00falva a 20\u201364 \u00e9ves n\u00e9pess\u00e9g foglalkoztat\u00e1si r\u00e1t\u00e1ja \u00e9rje el a 85 sz\u00e1zal\u00e9kot. <\/strong><\/p>\n<p>Tov\u00e1bbra is kedvez\u0151 sz\u00e1mokat mutat a magyarorsz\u00e1gi munkaer\u0151piac, az el\u00e9rt eredm\u00e9nyeket sem a koronav\u00edrus-j\u00e1rv\u00e1ny, sem a h\u00e1bor\u00fa nem tudta let\u00f6rni. A foglalkoztat\u00e1s r\u00e1t\u00e1ja tart\u00f3san magas szinten van, m\u00edg az inakt\u00edvak sz\u00e1ma rekordalacsony. Az eredm\u00e9nyek meg\u0151rz\u00e9s\u00e9hez t\u00f6bb korm\u00e1nyzati program is hozz\u00e1j\u00e1rult. A munkaer\u0151piac az a ter\u00fclet, amely kiemelt eredm\u00e9nyekre mutat r\u00e1.<\/p>\n<p>Az idei k\u00f6lts\u00e9gvet\u00e9si t\u00f6rv\u00e9ny indokl\u00e1sa is kiemeli, hogy a foglalkoztatotts\u00e1g n\u00f6vel\u00e9se ter\u00e9n az elm\u00falt \u00e9vtizedben uni\u00f3s szinten is kiemelked\u0151en j\u00f3l teljes\u00edtett Magyarorsz\u00e1g: a 20\u201364 \u00e9ves korcsoport foglalkoztat\u00e1si r\u00e1t\u00e1ja 2010 \u00e9s 2023 k\u00f6z\u00f6tt 18,5 sz\u00e1zal\u00e9kponttal n\u00f6vekedett, mind a n\u0151i, mind a f\u00e9rfi foglalkoztat\u00e1si r\u00e1ta meghaladja az eur\u00f3pai uni\u00f3s szintet. A korm\u00e1ny fontos c\u00e9lkit\u0171z\u00e9se, hogy a 20\u201364 \u00e9ves n\u00e9pess\u00e9g foglalkoztat\u00e1si r\u00e1t\u00e1ja 2030-ra \u00e9rje el a 85 sz\u00e1zal\u00e9kot (az uni\u00f3s c\u00e9l 78 sz\u00e1zal\u00e9k), tov\u00e1bb\u00e1 \u00f6tsz\u00e1zezer \u00faj munkahelyet hozzon l\u00e9tre \u00e9s dinamiz\u00e1lja a megl\u00e9v\u0151 munkaer\u0151-forgalmat a munkaer\u0151-k\u00edn\u00e1lat b\u0151v\u00edt\u00e9s\u00e9vel \u00e9s fejleszt\u00e9s\u00e9vel.<\/p>\n<p>A KSH novemberi sz\u00e1mait m\u00e1r ismerj\u00fck, azokb\u00f3l kider\u00fclt, hogy a 15\u201374 \u00e9ves foglalkoztatottak \u00e1tlagos sz\u00e1ma az el\u0151z\u0151 \u00e9v azonos id\u0151szak\u00e1hoz k\u00e9pest 33 ezerrel, 4 milli\u00f3 679 ezerre m\u00e9rs\u00e9kl\u0151d\u00f6tt, \u00e1m a mutat\u00f3 \u00edgy is magas. Novemberben a munkan\u00e9lk\u00fcliek sz\u00e1ma 221 ezer f\u0151, a munkan\u00e9lk\u00fclis\u00e9gi r\u00e1ta 4,5 sz\u00e1zal\u00e9k volt. Azt is tudjuk m\u00e1r a Nemzeti Foglalkoztat\u00e1si Szolg\u00e1lat kimutat\u00e1s\u00e1b\u00f3l, hogy 2024 december\u00e9ben mind\u00f6ssze 220,8 ezren szerepeltek az \u00e1ll\u00e1skeres\u0151 regiszterben, ami az el\u0151z\u0151 \u00e9v azonos id\u0151szak\u00e1hoz k\u00e9pest t\u00f6bb mint n\u00e9gyezer f\u0151s cs\u00f6kken\u00e9s.<\/p>\n<h2>Rekord alacsony a regisztr\u00e1lt \u00e1ll\u00e1skeres\u0151<\/h2>\n<p>Az \u00e1ll\u00e1skeres\u0151k sz\u00e1ma nemcsak \u00e9ves alapon, hanem a megel\u0151z\u0151 h\u00f3naphoz viszony\u00edtva is t\u00f6bb mint n\u00e9gyezer f\u0151vel m\u00e9rs\u00e9kl\u0151d\u00f6tt. A rendszerv\u00e1lt\u00e1s \u00f3ta nem volt ilyen alacsony a regisztr\u00e1lt \u00e1ll\u00e1skeres\u0151k sz\u00e1ma. Szint\u00e9n kedvez\u0151, hogy az inakt\u00edvak sz\u00e1ma is rekordalacsony szintet mutat. A Vil\u00e1ggazdas\u00e1g a minap szint\u00e9n arr\u00f3l \u00edrt, hogy ha van mutat\u00f3, amelyet tal\u00e1n m\u00e9g a korm\u00e1ny kritikusai sem vitatnak, az a munkaer\u0151piachoz k\u00f6t\u0151dik.<\/p>\n<p>Orb\u00e1n Viktor minisztereln\u00f6k a 2010-es korm\u00e1nyv\u00e1lt\u00e1st megel\u0151z\u0151en hirdette meg a munkaalap\u00fa t\u00e1rsadalmat, egy\u00fattal egymilli\u00f3 \u00faj munkahelyet \u00edg\u00e9rt. Ebben akkor t\u00f6bben k\u00e9telkedtek, \u00e1m az \u00edg\u00e9retb\u0151l val\u00f3s\u00e1g lett. A rekordot 2023 szeptember\u00e9ben siker\u00fclt be\u00e1ll\u00edtani, akkor 4 milli\u00f3 730 ezren munkav\u00e1llal\u00f3 volt haz\u00e1nkban, \u00f6sszehasonl\u00edtva 2010 janu\u00e1rj\u00e1ban 3 milli\u00f3 800 ezren dolgoztak. Az eredm\u00e9nyt az els\u0151dleges munkaer\u0151piacon siker\u00fclt el\u00e9rni, teh\u00e1t sz\u00f3 sincs arr\u00f3l, hogy a k\u00f6zfoglalkoztat\u00e1snak k\u00f6sz\u00f6nhet\u0151 a fel\u00edvel\u00e9s. A teljes\u00edtm\u00e9nnyel Magyarorsz\u00e1g foglalkoztat\u00e1si r\u00e1t\u00e1ja a 20\u201364 \u00e9vesek k\u00f6r\u00e9ben a 2010-es 62,2 sz\u00e1zal\u00e9kr\u00f3l 2023-ra 80,7 sz\u00e1zal\u00e9kra emelkedett.<\/p>\n<p>Forr\u00e1s: <a href=\"https:\/\/hirtv.hu\/ahirtvhirei\/vilaggazdasag-egy-terulet-melyen-sem-a-jarvany-sem-a-haboru-nem-fogott-magyarorszagon-2599975\" target=\"_blank\" rel=\"nofollow noopener noreferrer\">hirtv.hu<\/a><\/p>\n","protected":false},"excerpt":{"rendered":"<p>J\u00f3l teljes\u00edt haz\u00e1nk a foglalkoztatotts\u00e1g ter\u00fclet\u00e9n, a c\u00e9l, hogy\u00a0 \u00f6t \u00e9v m\u00falva a 20\u201364 \u00e9ves n\u00e9pess\u00e9g foglalkoztat\u00e1si r\u00e1t\u00e1ja \u00e9rje el a 85 sz\u00e1zal\u00e9kot. Tov\u00e1bbra is kedvez\u0151 sz\u00e1mokat mutat a magyarorsz\u00e1gi munkaer\u0151piac, az el\u00e9rt eredm\u00e9nyeket sem a koronav\u00edrus-j\u00e1rv\u00e1ny, sem a h\u00e1bor\u00fa nem tudta let\u00f6rni. A foglalkoztat\u00e1s r\u00e1t\u00e1ja tart\u00f3san magas szinten van, m\u00edg az inakt\u00edvak sz\u00e1ma rekordalacsony. [&hellip;]<\/p>\n","protected":false},"author":1,"featured_media":8152,"comment_status":"closed","ping_status":"closed","sticky":false,"template":"","format":"standard","meta":{"_monsterinsights_skip_tracking":false,"footnotes":""},"categories":[200],"tags":[],"class_list":["post-8150","post","type-post","status-publish","format-standard","has-post-thumbnail","hentry","category-munkaeropiac"],"aioseo_notices":[],"aioseo_head":"\n\t\t<!-- All in One SEO 5.0.0.1 - aioseo.com -->\n\t<meta name=\"description\" content=\"J\u00f3l teljes\u00edt haz\u00e1nk a foglalkoztatotts\u00e1g ter\u00fclet\u00e9n, a c\u00e9l, hogy \u00f6t \u00e9v m\u00falva a 20\u201364 \u00e9ves n\u00e9pess\u00e9g foglalkoztat\u00e1si r\u00e1t\u00e1ja \u00e9rje el a 85 sz\u00e1zal\u00e9kot.\" \/>\n\t<meta name=\"robots\" content=\"max-image-preview:large\" \/>\n\t<meta name=\"author\" content=\"Juh\u00e1sz P\u00e9ter\"\/>\n\t<link rel=\"canonical\" href=\"https:\/\/allasorias.hu\/hirek\/eros-a-magyar-munkaeropiac\/\" \/>\n\t<meta name=\"generator\" content=\"All in One SEO (AIOSEO) 5.0.0.1\" \/>\n\t\t<meta property=\"og:locale\" content=\"hu_HU\" \/>\n\t\t<meta property=\"og:site_name\" content=\"AllasOrias.hu | H\u00edrek-lapszemle | \u00dczleti h\u00edrek az \u00e1ll\u00e1s \u00e9s a munka vil\u00e1g\u00e1b\u00f3l\" \/>\n\t\t<meta property=\"og:type\" content=\"article\" \/>\n\t\t<meta property=\"og:title\" content=\"Er\u0151s a magyar munkaer\u0151piac | AllasOrias.hu | H\u00edrek-lapszemle\" \/>\n\t\t<meta property=\"og:description\" content=\"J\u00f3l teljes\u00edt haz\u00e1nk a foglalkoztatotts\u00e1g ter\u00fclet\u00e9n, a c\u00e9l, hogy \u00f6t \u00e9v m\u00falva a 20\u201364 \u00e9ves n\u00e9pess\u00e9g foglalkoztat\u00e1si r\u00e1t\u00e1ja \u00e9rje el a 85 sz\u00e1zal\u00e9kot.\" \/>\n\t\t<meta property=\"og:url\" content=\"https:\/\/allasorias.hu\/hirek\/eros-a-magyar-munkaeropiac\/\" \/>\n\t\t<meta property=\"og:image\" content=\"https:\/\/allasorias.hu\/hirek\/wp-content\/uploads\/2025\/01\/magyar-munkaeropiac-grafikon.jpg\" \/>\n\t\t<meta property=\"og:image:secure_url\" content=\"https:\/\/allasorias.hu\/hirek\/wp-content\/uploads\/2025\/01\/magyar-munkaeropiac-grafikon.jpg\" \/>\n\t\t<meta property=\"og:image:width\" content=\"1920\" \/>\n\t\t<meta property=\"og:image:height\" content=\"1280\" \/>\n\t\t<meta property=\"article:published_time\" content=\"2025-01-24T08:04:03+00:00\" \/>\n\t\t<meta property=\"article:modified_time\" content=\"2025-01-24T08:04:03+00:00\" \/>\n\t\t<meta property=\"article:publisher\" content=\"https:\/\/www.facebook.com\/allasorias\" \/>\n\t\t<meta name=\"twitter:card\" content=\"summary_large_image\" \/>\n\t\t<meta name=\"twitter:title\" content=\"Er\u0151s a magyar munkaer\u0151piac | AllasOrias.hu | H\u00edrek-lapszemle\" \/>\n\t\t<meta name=\"twitter:description\" content=\"J\u00f3l teljes\u00edt haz\u00e1nk a foglalkoztatotts\u00e1g ter\u00fclet\u00e9n, a c\u00e9l, hogy \u00f6t \u00e9v m\u00falva a 20\u201364 \u00e9ves n\u00e9pess\u00e9g foglalkoztat\u00e1si r\u00e1t\u00e1ja \u00e9rje el a 85 sz\u00e1zal\u00e9kot.\" \/>\n\t\t<meta name=\"twitter:image\" content=\"https:\/\/allasorias.hu\/hirek\/wp-content\/uploads\/2025\/01\/magyar-munkaeropiac-grafikon.jpg\" \/>\n\t\t<meta name=\"twitter:label1\" content=\"Written by\" \/>\n\t\t<meta name=\"twitter:data1\" content=\"Juh\u00e1sz P\u00e9ter\" \/>\n\t\t<meta name=\"twitter:label2\" content=\"Est. reading time\" \/>\n\t\t<meta name=\"twitter:data2\" content=\"3 minutes\" \/>\n\t\t<script type=\"application\/ld+json\" class=\"aioseo-schema\">\n\t\t\t{\"@context\":\"https:\\\/\\\/schema.org\",\"@graph\":[{\"@type\":\"Article\",\"@id\":\"https:\\\/\\\/allasorias.hu\\\/hirek\\\/eros-a-magyar-munkaeropiac\\\/#article\",\"name\":\"Er\\u0151s a magyar munkaer\\u0151piac | AllasOrias.hu | H\\u00edrek-lapszemle\",\"headline\":\"Er\\u0151s a magyar munkaer\\u0151piac\",\"author\":{\"@id\":\"https:\\\/\\\/allasorias.hu\\\/hirek\\\/author\\\/admin-allasorias\\\/#author\"},\"publisher\":{\"@id\":\"https:\\\/\\\/allasorias.hu\\\/hirek\\\/#organization\"},\"image\":{\"@type\":\"ImageObject\",\"url\":\"https:\\\/\\\/allasorias.hu\\\/hirek\\\/wp-content\\\/uploads\\\/2025\\\/01\\\/magyar-munkaeropiac-grafikon.jpg\",\"width\":1920,\"height\":1280,\"caption\":\"Er\\u0151s a magyar munkaer\\u0151piac - Allasorias.hu\\\/Hirek\"},\"datePublished\":\"2025-01-24T10:04:03+02:00\",\"dateModified\":\"2025-01-24T10:04:03+02:00\",\"inLanguage\":\"hu-HU\",\"mainEntityOfPage\":{\"@id\":\"https:\\\/\\\/allasorias.hu\\\/hirek\\\/eros-a-magyar-munkaeropiac\\\/#webpage\"},\"isPartOf\":{\"@id\":\"https:\\\/\\\/allasorias.hu\\\/hirek\\\/eros-a-magyar-munkaeropiac\\\/#webpage\"},\"articleSection\":\"Munkaer\\u0151piac\"},{\"@type\":\"BreadcrumbList\",\"@id\":\"https:\\\/\\\/allasorias.hu\\\/hirek\\\/eros-a-magyar-munkaeropiac\\\/#breadcrumblist\",\"itemListElement\":[{\"@type\":\"ListItem\",\"@id\":\"https:\\\/\\\/allasorias.hu\\\/hirek#listItem\",\"position\":1,\"name\":\"Home\",\"item\":\"https:\\\/\\\/allasorias.hu\\\/hirek\",\"nextItem\":{\"@type\":\"ListItem\",\"@id\":\"https:\\\/\\\/allasorias.hu\\\/hirek\\\/temak\\\/munkaeropiac\\\/#listItem\",\"name\":\"Munkaer\\u0151piac\"}},{\"@type\":\"ListItem\",\"@id\":\"https:\\\/\\\/allasorias.hu\\\/hirek\\\/temak\\\/munkaeropiac\\\/#listItem\",\"position\":2,\"name\":\"Munkaer\\u0151piac\",\"item\":\"https:\\\/\\\/allasorias.hu\\\/hirek\\\/temak\\\/munkaeropiac\\\/\",\"nextItem\":{\"@type\":\"ListItem\",\"@id\":\"https:\\\/\\\/allasorias.hu\\\/hirek\\\/eros-a-magyar-munkaeropiac\\\/#listItem\",\"name\":\"Er\\u0151s a magyar munkaer\\u0151piac\"},\"previousItem\":{\"@type\":\"ListItem\",\"@id\":\"https:\\\/\\\/allasorias.hu\\\/hirek#listItem\",\"name\":\"Home\"}},{\"@type\":\"ListItem\",\"@id\":\"https:\\\/\\\/allasorias.hu\\\/hirek\\\/eros-a-magyar-munkaeropiac\\\/#listItem\",\"position\":3,\"name\":\"Er\\u0151s a magyar munkaer\\u0151piac\",\"previousItem\":{\"@type\":\"ListItem\",\"@id\":\"https:\\\/\\\/allasorias.hu\\\/hirek\\\/temak\\\/munkaeropiac\\\/#listItem\",\"name\":\"Munkaer\\u0151piac\"}}]},{\"@type\":\"Organization\",\"@id\":\"https:\\\/\\\/allasorias.hu\\\/hirek\\\/#organization\",\"name\":\"AllasOrias.hu | H\\u00edrek-lapszemle\",\"description\":\"\\u00dczleti h\\u00edrek az \\u00e1ll\\u00e1s \\u00e9s a munka vil\\u00e1g\\u00e1b\\u00f3l\",\"url\":\"https:\\\/\\\/allasorias.hu\\\/hirek\\\/\",\"logo\":{\"@type\":\"ImageObject\",\"url\":\"https:\\\/\\\/allasorias.hu\\\/hirek\\\/wp-content\\\/uploads\\\/2022\\\/10\\\/allasorias_site_facebok_logo.png\",\"@id\":\"https:\\\/\\\/allasorias.hu\\\/hirek\\\/eros-a-magyar-munkaeropiac\\\/#organizationLogo\"},\"image\":{\"@id\":\"https:\\\/\\\/allasorias.hu\\\/hirek\\\/eros-a-magyar-munkaeropiac\\\/#organizationLogo\"},\"sameAs\":[\"https:\\\/\\\/www.facebook.com\\\/allasorias\",\"https:\\\/\\\/www.linkedin.com\\\/company\\\/allasorias\"]},{\"@type\":\"Person\",\"@id\":\"https:\\\/\\\/allasorias.hu\\\/hirek\\\/author\\\/admin-allasorias\\\/#author\",\"url\":\"https:\\\/\\\/allasorias.hu\\\/hirek\\\/author\\\/admin-allasorias\\\/\",\"name\":\"Juh\\u00e1sz P\\u00e9ter\",\"image\":{\"@type\":\"ImageObject\",\"@id\":\"https:\\\/\\\/allasorias.hu\\\/hirek\\\/eros-a-magyar-munkaeropiac\\\/#authorImage\",\"url\":\"https:\\\/\\\/secure.gravatar.com\\\/avatar\\\/36e6bcb83148978b992977cb0f54d22feb0cce8a0a849a9410532bb2623ba4c6?s=96&d=mm&r=g\",\"width\":96,\"height\":96,\"caption\":\"Juh\\u00e1sz P\\u00e9ter\"}},{\"@type\":\"WebPage\",\"@id\":\"https:\\\/\\\/allasorias.hu\\\/hirek\\\/eros-a-magyar-munkaeropiac\\\/#webpage\",\"url\":\"https:\\\/\\\/allasorias.hu\\\/hirek\\\/eros-a-magyar-munkaeropiac\\\/\",\"name\":\"Er\\u0151s a magyar munkaer\\u0151piac | AllasOrias.hu | H\\u00edrek-lapszemle\",\"description\":\"J\\u00f3l teljes\\u00edt haz\\u00e1nk a foglalkoztatotts\\u00e1g ter\\u00fclet\\u00e9n, a c\\u00e9l, hogy \\u00f6t \\u00e9v m\\u00falva a 20\\u201364 \\u00e9ves n\\u00e9pess\\u00e9g foglalkoztat\\u00e1si r\\u00e1t\\u00e1ja \\u00e9rje el a 85 sz\\u00e1zal\\u00e9kot.\",\"inLanguage\":\"hu-HU\",\"isPartOf\":{\"@id\":\"https:\\\/\\\/allasorias.hu\\\/hirek\\\/#website\"},\"breadcrumb\":{\"@id\":\"https:\\\/\\\/allasorias.hu\\\/hirek\\\/eros-a-magyar-munkaeropiac\\\/#breadcrumblist\"},\"author\":{\"@id\":\"https:\\\/\\\/allasorias.hu\\\/hirek\\\/author\\\/admin-allasorias\\\/#author\"},\"creator\":{\"@id\":\"https:\\\/\\\/allasorias.hu\\\/hirek\\\/author\\\/admin-allasorias\\\/#author\"},\"image\":{\"@type\":\"ImageObject\",\"url\":\"https:\\\/\\\/allasorias.hu\\\/hirek\\\/wp-content\\\/uploads\\\/2025\\\/01\\\/magyar-munkaeropiac-grafikon.jpg\",\"@id\":\"https:\\\/\\\/allasorias.hu\\\/hirek\\\/eros-a-magyar-munkaeropiac\\\/#mainImage\",\"width\":1920,\"height\":1280,\"caption\":\"Er\\u0151s a magyar munkaer\\u0151piac - Allasorias.hu\\\/Hirek\"},\"primaryImageOfPage\":{\"@id\":\"https:\\\/\\\/allasorias.hu\\\/hirek\\\/eros-a-magyar-munkaeropiac\\\/#mainImage\"},\"datePublished\":\"2025-01-24T10:04:03+02:00\",\"dateModified\":\"2025-01-24T10:04:03+02:00\"},{\"@type\":\"WebSite\",\"@id\":\"https:\\\/\\\/allasorias.hu\\\/hirek\\\/#website\",\"url\":\"https:\\\/\\\/allasorias.hu\\\/hirek\\\/\",\"name\":\"AllasOrias.hu | H\\u00edrek-lapszemle\",\"description\":\"\\u00dczleti h\\u00edrek az \\u00e1ll\\u00e1s \\u00e9s a munka vil\\u00e1g\\u00e1b\\u00f3l\",\"inLanguage\":\"hu-HU\",\"publisher\":{\"@id\":\"https:\\\/\\\/allasorias.hu\\\/hirek\\\/#organization\"}}]}\n\t\t<\/script>\n\t\t<!-- All in One SEO -->\n\n","aioseo_head_json":{"title":"Er\u0151s a magyar munkaer\u0151piac | AllasOrias.hu | H\u00edrek-lapszemle","description":"J\u00f3l teljes\u00edt haz\u00e1nk a foglalkoztatotts\u00e1g ter\u00fclet\u00e9n, a c\u00e9l, hogy \u00f6t \u00e9v m\u00falva a 20\u201364 \u00e9ves n\u00e9pess\u00e9g foglalkoztat\u00e1si r\u00e1t\u00e1ja \u00e9rje el a 85 sz\u00e1zal\u00e9kot.","canonical_url":"https:\/\/allasorias.hu\/hirek\/eros-a-magyar-munkaeropiac\/","robots":"max-image-preview:large","keywords":"","webmasterTools":{"miscellaneous":""},"schema":{"@context":"https:\/\/schema.org","@graph":[{"@type":"Article","@id":"https:\/\/allasorias.hu\/hirek\/eros-a-magyar-munkaeropiac\/#article","name":"Er\u0151s a magyar munkaer\u0151piac | AllasOrias.hu | H\u00edrek-lapszemle","headline":"Er\u0151s a magyar munkaer\u0151piac","author":{"@id":"https:\/\/allasorias.hu\/hirek\/author\/admin-allasorias\/#author"},"publisher":{"@id":"https:\/\/allasorias.hu\/hirek\/#organization"},"image":{"@type":"ImageObject","url":"https:\/\/allasorias.hu\/hirek\/wp-content\/uploads\/2025\/01\/magyar-munkaeropiac-grafikon.jpg","width":1920,"height":1280,"caption":"Er\u0151s a magyar munkaer\u0151piac - Allasorias.hu\/Hirek"},"datePublished":"2025-01-24T10:04:03+02:00","dateModified":"2025-01-24T10:04:03+02:00","inLanguage":"hu-HU","mainEntityOfPage":{"@id":"https:\/\/allasorias.hu\/hirek\/eros-a-magyar-munkaeropiac\/#webpage"},"isPartOf":{"@id":"https:\/\/allasorias.hu\/hirek\/eros-a-magyar-munkaeropiac\/#webpage"},"articleSection":"Munkaer\u0151piac"},{"@type":"BreadcrumbList","@id":"https:\/\/allasorias.hu\/hirek\/eros-a-magyar-munkaeropiac\/#breadcrumblist","itemListElement":[{"@type":"ListItem","@id":"https:\/\/allasorias.hu\/hirek#listItem","position":1,"name":"Home","item":"https:\/\/allasorias.hu\/hirek","nextItem":{"@type":"ListItem","@id":"https:\/\/allasorias.hu\/hirek\/temak\/munkaeropiac\/#listItem","name":"Munkaer\u0151piac"}},{"@type":"ListItem","@id":"https:\/\/allasorias.hu\/hirek\/temak\/munkaeropiac\/#listItem","position":2,"name":"Munkaer\u0151piac","item":"https:\/\/allasorias.hu\/hirek\/temak\/munkaeropiac\/","nextItem":{"@type":"ListItem","@id":"https:\/\/allasorias.hu\/hirek\/eros-a-magyar-munkaeropiac\/#listItem","name":"Er\u0151s a magyar munkaer\u0151piac"},"previousItem":{"@type":"ListItem","@id":"https:\/\/allasorias.hu\/hirek#listItem","name":"Home"}},{"@type":"ListItem","@id":"https:\/\/allasorias.hu\/hirek\/eros-a-magyar-munkaeropiac\/#listItem","position":3,"name":"Er\u0151s a magyar munkaer\u0151piac","previousItem":{"@type":"ListItem","@id":"https:\/\/allasorias.hu\/hirek\/temak\/munkaeropiac\/#listItem","name":"Munkaer\u0151piac"}}]},{"@type":"Organization","@id":"https:\/\/allasorias.hu\/hirek\/#organization","name":"AllasOrias.hu | H\u00edrek-lapszemle","description":"\u00dczleti h\u00edrek az \u00e1ll\u00e1s \u00e9s a munka vil\u00e1g\u00e1b\u00f3l","url":"https:\/\/allasorias.hu\/hirek\/","logo":{"@type":"ImageObject","url":"https:\/\/allasorias.hu\/hirek\/wp-content\/uploads\/2022\/10\/allasorias_site_facebok_logo.png","@id":"https:\/\/allasorias.hu\/hirek\/eros-a-magyar-munkaeropiac\/#organizationLogo"},"image":{"@id":"https:\/\/allasorias.hu\/hirek\/eros-a-magyar-munkaeropiac\/#organizationLogo"},"sameAs":["https:\/\/www.facebook.com\/allasorias","https:\/\/www.linkedin.com\/company\/allasorias"]},{"@type":"Person","@id":"https:\/\/allasorias.hu\/hirek\/author\/admin-allasorias\/#author","url":"https:\/\/allasorias.hu\/hirek\/author\/admin-allasorias\/","name":"Juh\u00e1sz P\u00e9ter","image":{"@type":"ImageObject","@id":"https:\/\/allasorias.hu\/hirek\/eros-a-magyar-munkaeropiac\/#authorImage","url":"https:\/\/secure.gravatar.com\/avatar\/36e6bcb83148978b992977cb0f54d22feb0cce8a0a849a9410532bb2623ba4c6?s=96&d=mm&r=g","width":96,"height":96,"caption":"Juh\u00e1sz P\u00e9ter"}},{"@type":"WebPage","@id":"https:\/\/allasorias.hu\/hirek\/eros-a-magyar-munkaeropiac\/#webpage","url":"https:\/\/allasorias.hu\/hirek\/eros-a-magyar-munkaeropiac\/","name":"Er\u0151s a magyar munkaer\u0151piac | AllasOrias.hu | H\u00edrek-lapszemle","description":"J\u00f3l teljes\u00edt haz\u00e1nk a foglalkoztatotts\u00e1g ter\u00fclet\u00e9n, a c\u00e9l, hogy \u00f6t \u00e9v m\u00falva a 20\u201364 \u00e9ves n\u00e9pess\u00e9g foglalkoztat\u00e1si r\u00e1t\u00e1ja \u00e9rje el a 85 sz\u00e1zal\u00e9kot.","inLanguage":"hu-HU","isPartOf":{"@id":"https:\/\/allasorias.hu\/hirek\/#website"},"breadcrumb":{"@id":"https:\/\/allasorias.hu\/hirek\/eros-a-magyar-munkaeropiac\/#breadcrumblist"},"author":{"@id":"https:\/\/allasorias.hu\/hirek\/author\/admin-allasorias\/#author"},"creator":{"@id":"https:\/\/allasorias.hu\/hirek\/author\/admin-allasorias\/#author"},"image":{"@type":"ImageObject","url":"https:\/\/allasorias.hu\/hirek\/wp-content\/uploads\/2025\/01\/magyar-munkaeropiac-grafikon.jpg","@id":"https:\/\/allasorias.hu\/hirek\/eros-a-magyar-munkaeropiac\/#mainImage","width":1920,"height":1280,"caption":"Er\u0151s a magyar munkaer\u0151piac - Allasorias.hu\/Hirek"},"primaryImageOfPage":{"@id":"https:\/\/allasorias.hu\/hirek\/eros-a-magyar-munkaeropiac\/#mainImage"},"datePublished":"2025-01-24T10:04:03+02:00","dateModified":"2025-01-24T10:04:03+02:00"},{"@type":"WebSite","@id":"https:\/\/allasorias.hu\/hirek\/#website","url":"https:\/\/allasorias.hu\/hirek\/","name":"AllasOrias.hu | H\u00edrek-lapszemle","description":"\u00dczleti h\u00edrek az \u00e1ll\u00e1s \u00e9s a munka vil\u00e1g\u00e1b\u00f3l","inLanguage":"hu-HU","publisher":{"@id":"https:\/\/allasorias.hu\/hirek\/#organization"}}]},"og:locale":"hu_HU","og:site_name":"AllasOrias.hu | H\u00edrek-lapszemle | \u00dczleti h\u00edrek az \u00e1ll\u00e1s \u00e9s a munka vil\u00e1g\u00e1b\u00f3l","og:type":"article","og:title":"Er\u0151s a magyar munkaer\u0151piac | AllasOrias.hu | H\u00edrek-lapszemle","og:description":"J\u00f3l teljes\u00edt haz\u00e1nk a foglalkoztatotts\u00e1g ter\u00fclet\u00e9n, a c\u00e9l, hogy \u00f6t \u00e9v m\u00falva a 20\u201364 \u00e9ves n\u00e9pess\u00e9g foglalkoztat\u00e1si r\u00e1t\u00e1ja \u00e9rje el a 85 sz\u00e1zal\u00e9kot.","og:url":"https:\/\/allasorias.hu\/hirek\/eros-a-magyar-munkaeropiac\/","og:image":"https:\/\/allasorias.hu\/hirek\/wp-content\/uploads\/2025\/01\/magyar-munkaeropiac-grafikon.jpg","og:image:secure_url":"https:\/\/allasorias.hu\/hirek\/wp-content\/uploads\/2025\/01\/magyar-munkaeropiac-grafikon.jpg","og:image:width":1920,"og:image:height":1280,"article:published_time":"2025-01-24T08:04:03+00:00","article:modified_time":"2025-01-24T08:04:03+00:00","article:publisher":"https:\/\/www.facebook.com\/allasorias","twitter:card":"summary_large_image","twitter:title":"Er\u0151s a magyar munkaer\u0151piac | AllasOrias.hu | H\u00edrek-lapszemle","twitter:description":"J\u00f3l teljes\u00edt haz\u00e1nk a foglalkoztatotts\u00e1g ter\u00fclet\u00e9n, a c\u00e9l, hogy \u00f6t \u00e9v m\u00falva a 20\u201364 \u00e9ves n\u00e9pess\u00e9g foglalkoztat\u00e1si r\u00e1t\u00e1ja \u00e9rje el a 85 sz\u00e1zal\u00e9kot.","twitter:image":"https:\/\/allasorias.hu\/hirek\/wp-content\/uploads\/2025\/01\/magyar-munkaeropiac-grafikon.jpg","twitter:label1":"Written by","twitter:data1":"Juh\u00e1sz P\u00e9ter","twitter:label2":"Est. reading time","twitter:data2":"3 minutes"},"aioseo_meta_data":{"post_id":"8150","title":null,"description":"J\u00f3l teljes\u00edt haz\u00e1nk a foglalkoztatotts\u00e1g ter\u00fclet\u00e9n, a c\u00e9l, hogy \u00f6t \u00e9v m\u00falva a 20\u201364 \u00e9ves n\u00e9pess\u00e9g foglalkoztat\u00e1si r\u00e1t\u00e1ja \u00e9rje el a 85 sz\u00e1zal\u00e9kot.","keywords":null,"keyphrases":{"focus":{"keyphrase":"","score":0,"analysis":{"keyphraseInTitle":{"score":0,"maxScore":9,"error":1}}},"additional":[]},"primary_term":null,"canonical_url":null,"og_title":null,"og_description":null,"og_object_type":"default","og_image_type":"default","og_image_url":null,"og_image_width":null,"og_image_height":null,"og_image_custom_url":null,"og_image_custom_fields":null,"og_video":"","og_custom_url":null,"og_article_section":null,"og_article_tags":null,"twitter_use_og":true,"twitter_card":"default","twitter_image_type":"default","twitter_image_url":null,"twitter_image_custom_url":null,"twitter_image_custom_fields":null,"twitter_title":null,"twitter_description":null,"schema":{"blockGraphs":[],"customGraphs":[],"default":{"data":{"Article":[],"Course":[],"Dataset":[],"FAQPage":[],"Movie":[],"Person":[],"Product":[],"ProductReview":[],"Car":[],"Recipe":[],"Service":[],"SoftwareApplication":[],"WebPage":[]},"graphName":"Article","isEnabled":true},"graphs":[]},"schema_type":"default","schema_type_options":null,"pillar_content":false,"robots_default":true,"robots_noindex":false,"robots_noarchive":false,"robots_nosnippet":false,"robots_nofollow":false,"robots_noimageindex":false,"robots_noodp":false,"robots_notranslate":false,"robots_max_snippet":"-1","robots_max_videopreview":"-1","robots_max_imagepreview":"large","priority":null,"frequency":"default","location":null,"local_seo":null,"breadcrumb_settings":null,"limit_modified_date":false,"ai":null,"created":"2025-01-24 07:32:20","updated":"2025-10-02 20:53:30","seo_analyzer_scan_date":null,"focus_keyword":null,"additional_keywords":null,"truseo_locale":null},"aioseo_breadcrumb":"<div class=\"aioseo-breadcrumbs\"><span class=\"aioseo-breadcrumb\">\n\t\t\t<a href=\"https:\/\/allasorias.hu\/hirek\" title=\"Home\">Home<\/a>\n\t\t<\/span><span class=\"aioseo-breadcrumb-separator\">&raquo;<\/span><span class=\"aioseo-breadcrumb\">\n\t\t\t<a href=\"https:\/\/allasorias.hu\/hirek\/temak\/munkaeropiac\/\" title=\"Munkaer\u0151piac\">Munkaer\u0151piac<\/a>\n\t\t<\/span><span class=\"aioseo-breadcrumb-separator\">&raquo;<\/span><span class=\"aioseo-breadcrumb\">\n\t\t\tEr\u0151s a magyar munkaer\u0151piac\n\t\t<\/span><\/div>","aioseo_breadcrumb_json":[{"label":"Home","link":"https:\/\/allasorias.hu\/hirek"},{"label":"Munkaer\u0151piac","link":"https:\/\/allasorias.hu\/hirek\/temak\/munkaeropiac\/"},{"label":"Er\u0151s a magyar munkaer\u0151piac","link":"https:\/\/allasorias.hu\/hirek\/eros-a-magyar-munkaeropiac\/"}],"_links":{"self":[{"href":"https:\/\/allasorias.hu\/hirek\/wp-json\/wp\/v2\/posts\/8150","targetHints":{"allow":["GET"]}}],"collection":[{"href":"https:\/\/allasorias.hu\/hirek\/wp-json\/wp\/v2\/posts"}],"about":[{"href":"https:\/\/allasorias.hu\/hirek\/wp-json\/wp\/v2\/types\/post"}],"author":[{"embeddable":true,"href":"https:\/\/allasorias.hu\/hirek\/wp-json\/wp\/v2\/users\/1"}],"replies":[{"embeddable":true,"href":"https:\/\/allasorias.hu\/hirek\/wp-json\/wp\/v2\/comments?post=8150"}],"version-history":[{"count":1,"href":"https:\/\/allasorias.hu\/hirek\/wp-json\/wp\/v2\/posts\/8150\/revisions"}],"predecessor-version":[{"id":8153,"href":"https:\/\/allasorias.hu\/hirek\/wp-json\/wp\/v2\/posts\/8150\/revisions\/8153"}],"wp:featuredmedia":[{"embeddable":true,"href":"https:\/\/allasorias.hu\/hirek\/wp-json\/wp\/v2\/media\/8152"}],"wp:attachment":[{"href":"https:\/\/allasorias.hu\/hirek\/wp-json\/wp\/v2\/media?parent=8150"}],"wp:term":[{"taxonomy":"category","embeddable":true,"href":"https:\/\/allasorias.hu\/hirek\/wp-json\/wp\/v2\/categories?post=8150"},{"taxonomy":"post_tag","embeddable":true,"href":"https:\/\/allasorias.hu\/hirek\/wp-json\/wp\/v2\/tags?post=8150"}],"curies":[{"name":"wp","href":"https:\/\/api.w.org\/{rel}","templated":true}]}}