{"id":8147,"date":"2025-01-22T14:59:39","date_gmt":"2025-01-22T12:59:39","guid":{"rendered":"https:\/\/allasorias.hu\/hirek\/?p=8147"},"modified":"2025-05-09T14:26:50","modified_gmt":"2025-05-09T12:26:50","slug":"keves-a-magyar-munkavallalo-szukseg-van-vendegmunkasokra","status":"publish","type":"post","link":"https:\/\/allasorias.hu\/hirek\/keves-a-magyar-munkavallalo-szukseg-van-vendegmunkasokra\/","title":{"rendered":"Kev\u00e9s a magyar munkav\u00e1llal\u00f3, sz\u00fcks\u00e9g van vend\u00e9gmunk\u00e1sokra"},"content":{"rendered":"<p><strong>Egyel\u0151re \u00fagy t\u0171nik a kev\u00e9s magyar munkav\u00e1llal\u00f3 miatt, kellenek a k\u00fclf\u00f6ldr\u0151l \u00e9rkez\u0151 dolgoz\u00f3k.\u00a0 A jog szerint a k\u00fclf\u00f6ldi munkav\u00e1llal\u00f3 b\u00e9re nem lehet alacsonyabb a hazai munk\u00e1s\u00e9n\u00e1l, \u00edgy csak t\u00f6bbletmunk\u00e1val kereshetnek t\u00f6bbet a vend\u00e9gmunk\u00e1sok. <\/strong><\/p>\n<p>A V\u00e1llalkoz\u00f3k \u00e9s Munk\u00e1ltat\u00f3k Orsz\u00e1gos Sz\u00f6vets\u00e9ge (VOSZ) szerint a magyar gazdas\u00e1g fejl\u0151d\u00e9s\u00e9nek jelenlegi szakasz\u00e1ban sz\u00fcks\u00e9g van a vend\u00e9gmunk\u00e1sok alkalmaz\u00e1s\u00e1ra, mert \u00edgy t\u00f6bb beruh\u00e1z\u00e1s val\u00f3sul meg \u00e9s t\u00f6bb munkahely j\u00f6n l\u00e9tre a magyar munkav\u00e1llal\u00f3k sz\u00e1m\u00e1ra. A szervezet ez\u00e9rt fontosnak tartja, hogy adminisztrat\u00edv korl\u00e1toz\u00f3 int\u00e9zked\u00e9sekkel ne sz\u0171k\u00edts\u00e9k tov\u00e1bb a vend\u00e9gmunk\u00e1sok alkalmaz\u00e1s\u00e1nak lehet\u0151s\u00e9g\u00e9t.<\/p>\n<h2>Hi\u00e1ny a k\u00e9kgall\u00e9ros dolgoz\u00f3kb\u00f3l<\/h2>\n<p>A VOSZ az MTI-hez kedden eljuttatott k\u00f6zlem\u00e9nye szerint sok munkaad\u00f3 tapasztalja, hogy nem tal\u00e1l elegend\u0151 magyar munkav\u00e1llal\u00f3t sem a m\u0171k\u00f6d\u00e9shez, sem a tev\u00e9kenys\u00e9ge b\u0151v\u00edt\u00e9s\u00e9hez. Hozz\u00e1tett\u00e9k, hogy els\u0151sorban a k\u00e9kgall\u00e9ros munkak\u00f6r\u00f6k a munkaer\u0151hi\u00e1nyos ter\u00fcletek, vagyis a fizikai, jellemz\u0151en betan\u00edtott, alacsonyabb k\u00e9pzetts\u00e9get ig\u00e9nyl\u0151 \u00e1ll\u00e1sok. A sz\u00f6vets\u00e9g r\u00e1mutat: ha az \u00e9rintett c\u00e9gek sz\u00e1m\u00e1ra nem \u00e1ll rendelkez\u00e9sre az ig\u00e9nyekhez rugalmasan illeszked\u0151 lehet\u0151s\u00e9g, amelyet a k\u00fclf\u00f6ldi munkav\u00e1llal\u00f3k biztos\u00edtanak v\u00e1llalatuk fejl\u0151d\u00e9s\u00e9hez, akkor sz\u0171k\u00edtik a tev\u00e9kenys\u00e9g\u00fcket vagy v\u00e9gs\u0151 soron \u00e1thelyezik azt kedvez\u0151bb gazd\u00e1lkod\u00e1si k\u00f6rnyezetet &#8211; megfelel\u0151 munkaer\u0151t &#8211; biztos\u00edt\u00f3 orsz\u00e1gokba.<\/p>\n<h2>Megegyez\u0151 b\u00e9r j\u00e1r<\/h2>\n<p>Ezzel pedig elv\u00e9sz a magyarok \u00e1ltal elfoglalt munkahelyek egy r\u00e9sze &#8211; figyelmeztet a VOSZ. A szervezet szerint a gyakorlati tapasztalatok alapj\u00e1n t\u00e9vhitnek bizonyult az, hogy a vend\u00e9gmunk\u00e1sok alacsony b\u00e9re szor\u00edtja le a magyar b\u00e9reket, illetve az is, hogy magasabb b\u00e9rk\u00f6lts\u00e9g v\u00e1llal\u00e1s\u00e1val lehetne itthon is munkaer\u0151t tal\u00e1lni. Kiemelt\u00e9k, hogy a Munka t\u00f6rv\u00e9nyk\u00f6nyve \u00e9rtelm\u00e9ben a vend\u00e9gmunk\u00e1sok b\u00e9re nem t\u00e9rhet el a magyarok\u00e9t\u00f3l, ugyanis az adott munkahelyen \u00e9s munkak\u00f6rben szok\u00e1sos b\u00e9rt kell kapnia a munkav\u00e1llal\u00f3nak, nemzetis\u00e9g\u00e9t\u0151l f\u00fcggetlen\u00fcl, vagyis a vend\u00e9gmunk\u00e1sok csak t\u00fal\u00f3r\u00e1val, t\u00f6bbletmunka v\u00e1llal\u00e1s\u00e1val kereshetnek t\u00f6bbet.<\/p>\n<p>A munkaad\u00f3t terhel\u0151 j\u00e1rul\u00e9kos k\u00f6lts\u00e9gek viszont &#8211; a munk\u00e1ra val\u00f3 felk\u00e9sz\u00edt\u00e9s, illetve az integr\u00e1ci\u00f3 miatt &#8211; a k\u00fclf\u00f6ldiekn\u00e9l sokkal, ak\u00e1r 30-50 sz\u00e1zal\u00e9kkal nagyobb kiad\u00e1sokat jelentenek \u00f6sszess\u00e9g\u00e9ben. A gazdas\u00e1gi k\u00f6r\u00fclm\u00e9nyek v\u00e1ltoz\u00e1s\u00e1val, a technol\u00f3gia fejl\u0151d\u00e9s\u00e9vel hosszabb id\u0151t\u00e1von a sz\u00f6vets\u00e9g a vend\u00e9gmunk\u00e1sok ir\u00e1nti kereslet cs\u00f6kken\u00e9s\u00e9re sz\u00e1m\u00edt, \u00e1m \u00fagy v\u00e9lik, am\u00edg ez be nem k\u00f6vetkezik, addig mindent el kell k\u00f6vetni az\u00e9rt, hogy &#8222;<em>a gazdas\u00e1gi fejl\u0151d\u00e9sbe legal\u00e1bb felesleges adminisztrat\u00edv korl\u00e1tokat nem \u00e9p\u00edts\u00fcnk, mert azzal az eg\u00e9sz magyar gazdas\u00e1g \u00e9s t\u00e1rsadalom vesz\u00edt.<\/em>&#8221;<\/p>\n<p>Forr\u00e1s: <a href=\"https:\/\/www.hrportal.hu\/c\/ezert-van-szukseg-magyarorszagon-a-vendegmunkasokra-20250122.html\" target=\"_blank\" rel=\"nofollow noopener noreferrer\">hrportal.hu<\/a><\/p>\n","protected":false},"excerpt":{"rendered":"<p>Egyel\u0151re \u00fagy t\u0171nik a kev\u00e9s magyar munkav\u00e1llal\u00f3 miatt, kellenek a k\u00fclf\u00f6ldr\u0151l \u00e9rkez\u0151 dolgoz\u00f3k.\u00a0 A jog szerint a k\u00fclf\u00f6ldi munkav\u00e1llal\u00f3 b\u00e9re nem lehet alacsonyabb a hazai munk\u00e1s\u00e9n\u00e1l, \u00edgy csak t\u00f6bbletmunk\u00e1val kereshetnek t\u00f6bbet a vend\u00e9gmunk\u00e1sok. A V\u00e1llalkoz\u00f3k \u00e9s Munk\u00e1ltat\u00f3k Orsz\u00e1gos Sz\u00f6vets\u00e9ge (VOSZ) szerint a magyar gazdas\u00e1g fejl\u0151d\u00e9s\u00e9nek jelenlegi szakasz\u00e1ban sz\u00fcks\u00e9g van a vend\u00e9gmunk\u00e1sok alkalmaz\u00e1s\u00e1ra, mert \u00edgy t\u00f6bb [&hellip;]<\/p>\n","protected":false},"author":1,"featured_media":8148,"comment_status":"closed","ping_status":"closed","sticky":false,"template":"","format":"standard","meta":{"_monsterinsights_skip_tracking":false,"footnotes":""},"categories":[1],"tags":[],"class_list":["post-8147","post","type-post","status-publish","format-standard","has-post-thumbnail","hentry","category-allaskereses"],"aioseo_notices":[],"aioseo_head":"\n\t\t<!-- All in One SEO 5.0.0.1 - aioseo.com -->\n\t<meta name=\"description\" content=\"Egyel\u0151re \u00fagy t\u0171nik a kev\u00e9s magyar munkav\u00e1llal\u00f3 miatt, kellenek a k\u00fclf\u00f6ldr\u0151l \u00e9rkez\u0151 dolgoz\u00f3k.\" \/>\n\t<meta name=\"robots\" content=\"max-image-preview:large\" \/>\n\t<meta name=\"author\" content=\"Juh\u00e1sz P\u00e9ter\"\/>\n\t<link rel=\"canonical\" href=\"https:\/\/allasorias.hu\/hirek\/keves-a-magyar-munkavallalo-szukseg-van-vendegmunkasokra\/\" \/>\n\t<meta name=\"generator\" content=\"All in One SEO (AIOSEO) 5.0.0.1\" \/>\n\t\t<meta property=\"og:locale\" content=\"hu_HU\" \/>\n\t\t<meta property=\"og:site_name\" content=\"AllasOrias.hu | H\u00edrek-lapszemle | \u00dczleti h\u00edrek az \u00e1ll\u00e1s \u00e9s a munka vil\u00e1g\u00e1b\u00f3l\" \/>\n\t\t<meta property=\"og:type\" content=\"article\" \/>\n\t\t<meta property=\"og:title\" content=\"Magyar munkav\u00e1llal\u00f3k hi\u00e1nya: vend\u00e9gmunk\u00e1sok kellenek\" \/>\n\t\t<meta property=\"og:description\" content=\"Egyel\u0151re \u00fagy t\u0171nik a kev\u00e9s magyar munkav\u00e1llal\u00f3 miatt, kellenek a k\u00fclf\u00f6ldr\u0151l \u00e9rkez\u0151 dolgoz\u00f3k.\" \/>\n\t\t<meta property=\"og:url\" content=\"https:\/\/allasorias.hu\/hirek\/keves-a-magyar-munkavallalo-szukseg-van-vendegmunkasokra\/\" \/>\n\t\t<meta property=\"og:image\" content=\"https:\/\/allasorias.hu\/hirek\/wp-content\/uploads\/2025\/01\/vendegmunkasokra-van-szukseg.jpg\" \/>\n\t\t<meta property=\"og:image:secure_url\" content=\"https:\/\/allasorias.hu\/hirek\/wp-content\/uploads\/2025\/01\/vendegmunkasokra-van-szukseg.jpg\" \/>\n\t\t<meta property=\"og:image:width\" content=\"1920\" \/>\n\t\t<meta property=\"og:image:height\" content=\"1280\" \/>\n\t\t<meta property=\"article:published_time\" content=\"2025-01-22T12:59:39+00:00\" \/>\n\t\t<meta property=\"article:modified_time\" content=\"2025-05-09T12:26:50+00:00\" \/>\n\t\t<meta property=\"article:publisher\" content=\"https:\/\/www.facebook.com\/allasorias\" \/>\n\t\t<meta name=\"twitter:card\" content=\"summary_large_image\" \/>\n\t\t<meta name=\"twitter:title\" content=\"Magyar munkav\u00e1llal\u00f3k hi\u00e1nya: vend\u00e9gmunk\u00e1sok kellenek\" \/>\n\t\t<meta name=\"twitter:description\" content=\"Egyel\u0151re \u00fagy t\u0171nik a kev\u00e9s magyar munkav\u00e1llal\u00f3 miatt, kellenek a k\u00fclf\u00f6ldr\u0151l \u00e9rkez\u0151 dolgoz\u00f3k.\" \/>\n\t\t<meta name=\"twitter:image\" content=\"https:\/\/allasorias.hu\/hirek\/wp-content\/uploads\/2025\/01\/vendegmunkasokra-van-szukseg.jpg\" \/>\n\t\t<meta name=\"twitter:label1\" content=\"Written by\" \/>\n\t\t<meta name=\"twitter:data1\" content=\"Juh\u00e1sz P\u00e9ter\" \/>\n\t\t<meta name=\"twitter:label2\" content=\"Est. reading time\" \/>\n\t\t<meta name=\"twitter:data2\" content=\"3 minutes\" \/>\n\t\t<script type=\"application\/ld+json\" class=\"aioseo-schema\">\n\t\t\t{\"@context\":\"https:\\\/\\\/schema.org\",\"@graph\":[{\"@type\":\"Article\",\"@id\":\"https:\\\/\\\/allasorias.hu\\\/hirek\\\/keves-a-magyar-munkavallalo-szukseg-van-vendegmunkasokra\\\/#article\",\"name\":\"Magyar munkav\\u00e1llal\\u00f3k hi\\u00e1nya: vend\\u00e9gmunk\\u00e1sok kellenek\",\"headline\":\"Kev\\u00e9s a magyar munkav\\u00e1llal\\u00f3, sz\\u00fcks\\u00e9g van vend\\u00e9gmunk\\u00e1sokra\",\"author\":{\"@id\":\"https:\\\/\\\/allasorias.hu\\\/hirek\\\/author\\\/admin-allasorias\\\/#author\"},\"publisher\":{\"@id\":\"https:\\\/\\\/allasorias.hu\\\/hirek\\\/#organization\"},\"image\":{\"@type\":\"ImageObject\",\"url\":\"https:\\\/\\\/allasorias.hu\\\/hirek\\\/wp-content\\\/uploads\\\/2025\\\/01\\\/vendegmunkasokra-van-szukseg.jpg\",\"width\":1920,\"height\":1280,\"caption\":\"Kev\\u00e9s a magyar munkav\\u00e1llal\\u00f3m sz\\u00fcks\\u00e9g van vend\\u00e9gmunk\\u00e1sokra - Allasorias.hu\\\/Hirek\"},\"datePublished\":\"2025-01-22T14:59:39+02:00\",\"dateModified\":\"2025-05-09T14:26:50+02:00\",\"inLanguage\":\"hu-HU\",\"mainEntityOfPage\":{\"@id\":\"https:\\\/\\\/allasorias.hu\\\/hirek\\\/keves-a-magyar-munkavallalo-szukseg-van-vendegmunkasokra\\\/#webpage\"},\"isPartOf\":{\"@id\":\"https:\\\/\\\/allasorias.hu\\\/hirek\\\/keves-a-magyar-munkavallalo-szukseg-van-vendegmunkasokra\\\/#webpage\"},\"articleSection\":\"\\u00c1ll\\u00e1skeres\\u00e9s\"},{\"@type\":\"BreadcrumbList\",\"@id\":\"https:\\\/\\\/allasorias.hu\\\/hirek\\\/keves-a-magyar-munkavallalo-szukseg-van-vendegmunkasokra\\\/#breadcrumblist\",\"itemListElement\":[{\"@type\":\"ListItem\",\"@id\":\"https:\\\/\\\/allasorias.hu\\\/hirek#listItem\",\"position\":1,\"name\":\"Home\",\"item\":\"https:\\\/\\\/allasorias.hu\\\/hirek\",\"nextItem\":{\"@type\":\"ListItem\",\"@id\":\"https:\\\/\\\/allasorias.hu\\\/hirek\\\/temak\\\/allaskereses\\\/#listItem\",\"name\":\"\\u00c1ll\\u00e1skeres\\u00e9s\"}},{\"@type\":\"ListItem\",\"@id\":\"https:\\\/\\\/allasorias.hu\\\/hirek\\\/temak\\\/allaskereses\\\/#listItem\",\"position\":2,\"name\":\"\\u00c1ll\\u00e1skeres\\u00e9s\",\"item\":\"https:\\\/\\\/allasorias.hu\\\/hirek\\\/temak\\\/allaskereses\\\/\",\"nextItem\":{\"@type\":\"ListItem\",\"@id\":\"https:\\\/\\\/allasorias.hu\\\/hirek\\\/keves-a-magyar-munkavallalo-szukseg-van-vendegmunkasokra\\\/#listItem\",\"name\":\"Kev\\u00e9s a magyar munkav\\u00e1llal\\u00f3, sz\\u00fcks\\u00e9g van vend\\u00e9gmunk\\u00e1sokra\"},\"previousItem\":{\"@type\":\"ListItem\",\"@id\":\"https:\\\/\\\/allasorias.hu\\\/hirek#listItem\",\"name\":\"Home\"}},{\"@type\":\"ListItem\",\"@id\":\"https:\\\/\\\/allasorias.hu\\\/hirek\\\/keves-a-magyar-munkavallalo-szukseg-van-vendegmunkasokra\\\/#listItem\",\"position\":3,\"name\":\"Kev\\u00e9s a magyar munkav\\u00e1llal\\u00f3, sz\\u00fcks\\u00e9g van vend\\u00e9gmunk\\u00e1sokra\",\"previousItem\":{\"@type\":\"ListItem\",\"@id\":\"https:\\\/\\\/allasorias.hu\\\/hirek\\\/temak\\\/allaskereses\\\/#listItem\",\"name\":\"\\u00c1ll\\u00e1skeres\\u00e9s\"}}]},{\"@type\":\"Organization\",\"@id\":\"https:\\\/\\\/allasorias.hu\\\/hirek\\\/#organization\",\"name\":\"AllasOrias.hu | H\\u00edrek-lapszemle\",\"description\":\"\\u00dczleti h\\u00edrek az \\u00e1ll\\u00e1s \\u00e9s a munka vil\\u00e1g\\u00e1b\\u00f3l\",\"url\":\"https:\\\/\\\/allasorias.hu\\\/hirek\\\/\",\"logo\":{\"@type\":\"ImageObject\",\"url\":\"https:\\\/\\\/allasorias.hu\\\/hirek\\\/wp-content\\\/uploads\\\/2022\\\/10\\\/allasorias_site_facebok_logo.png\",\"@id\":\"https:\\\/\\\/allasorias.hu\\\/hirek\\\/keves-a-magyar-munkavallalo-szukseg-van-vendegmunkasokra\\\/#organizationLogo\"},\"image\":{\"@id\":\"https:\\\/\\\/allasorias.hu\\\/hirek\\\/keves-a-magyar-munkavallalo-szukseg-van-vendegmunkasokra\\\/#organizationLogo\"},\"sameAs\":[\"https:\\\/\\\/www.facebook.com\\\/allasorias\",\"https:\\\/\\\/www.linkedin.com\\\/company\\\/allasorias\"]},{\"@type\":\"Person\",\"@id\":\"https:\\\/\\\/allasorias.hu\\\/hirek\\\/author\\\/admin-allasorias\\\/#author\",\"url\":\"https:\\\/\\\/allasorias.hu\\\/hirek\\\/author\\\/admin-allasorias\\\/\",\"name\":\"Juh\\u00e1sz P\\u00e9ter\",\"image\":{\"@type\":\"ImageObject\",\"@id\":\"https:\\\/\\\/allasorias.hu\\\/hirek\\\/keves-a-magyar-munkavallalo-szukseg-van-vendegmunkasokra\\\/#authorImage\",\"url\":\"https:\\\/\\\/secure.gravatar.com\\\/avatar\\\/36e6bcb83148978b992977cb0f54d22feb0cce8a0a849a9410532bb2623ba4c6?s=96&d=mm&r=g\",\"width\":96,\"height\":96,\"caption\":\"Juh\\u00e1sz P\\u00e9ter\"}},{\"@type\":\"WebPage\",\"@id\":\"https:\\\/\\\/allasorias.hu\\\/hirek\\\/keves-a-magyar-munkavallalo-szukseg-van-vendegmunkasokra\\\/#webpage\",\"url\":\"https:\\\/\\\/allasorias.hu\\\/hirek\\\/keves-a-magyar-munkavallalo-szukseg-van-vendegmunkasokra\\\/\",\"name\":\"Magyar munkav\\u00e1llal\\u00f3k hi\\u00e1nya: vend\\u00e9gmunk\\u00e1sok kellenek\",\"description\":\"Egyel\\u0151re \\u00fagy t\\u0171nik a kev\\u00e9s magyar munkav\\u00e1llal\\u00f3 miatt, kellenek a k\\u00fclf\\u00f6ldr\\u0151l \\u00e9rkez\\u0151 dolgoz\\u00f3k.\",\"inLanguage\":\"hu-HU\",\"isPartOf\":{\"@id\":\"https:\\\/\\\/allasorias.hu\\\/hirek\\\/#website\"},\"breadcrumb\":{\"@id\":\"https:\\\/\\\/allasorias.hu\\\/hirek\\\/keves-a-magyar-munkavallalo-szukseg-van-vendegmunkasokra\\\/#breadcrumblist\"},\"author\":{\"@id\":\"https:\\\/\\\/allasorias.hu\\\/hirek\\\/author\\\/admin-allasorias\\\/#author\"},\"creator\":{\"@id\":\"https:\\\/\\\/allasorias.hu\\\/hirek\\\/author\\\/admin-allasorias\\\/#author\"},\"image\":{\"@type\":\"ImageObject\",\"url\":\"https:\\\/\\\/allasorias.hu\\\/hirek\\\/wp-content\\\/uploads\\\/2025\\\/01\\\/vendegmunkasokra-van-szukseg.jpg\",\"@id\":\"https:\\\/\\\/allasorias.hu\\\/hirek\\\/keves-a-magyar-munkavallalo-szukseg-van-vendegmunkasokra\\\/#mainImage\",\"width\":1920,\"height\":1280,\"caption\":\"Kev\\u00e9s a magyar munkav\\u00e1llal\\u00f3m sz\\u00fcks\\u00e9g van vend\\u00e9gmunk\\u00e1sokra - Allasorias.hu\\\/Hirek\"},\"primaryImageOfPage\":{\"@id\":\"https:\\\/\\\/allasorias.hu\\\/hirek\\\/keves-a-magyar-munkavallalo-szukseg-van-vendegmunkasokra\\\/#mainImage\"},\"datePublished\":\"2025-01-22T14:59:39+02:00\",\"dateModified\":\"2025-05-09T14:26:50+02:00\"},{\"@type\":\"WebSite\",\"@id\":\"https:\\\/\\\/allasorias.hu\\\/hirek\\\/#website\",\"url\":\"https:\\\/\\\/allasorias.hu\\\/hirek\\\/\",\"name\":\"AllasOrias.hu | H\\u00edrek-lapszemle\",\"description\":\"\\u00dczleti h\\u00edrek az \\u00e1ll\\u00e1s \\u00e9s a munka vil\\u00e1g\\u00e1b\\u00f3l\",\"inLanguage\":\"hu-HU\",\"publisher\":{\"@id\":\"https:\\\/\\\/allasorias.hu\\\/hirek\\\/#organization\"}}]}\n\t\t<\/script>\n\t\t<!-- All in One SEO -->\n\n","aioseo_head_json":{"title":"Magyar munkav\u00e1llal\u00f3k hi\u00e1nya: vend\u00e9gmunk\u00e1sok kellenek","description":"Egyel\u0151re \u00fagy t\u0171nik a kev\u00e9s magyar munkav\u00e1llal\u00f3 miatt, kellenek a k\u00fclf\u00f6ldr\u0151l \u00e9rkez\u0151 dolgoz\u00f3k.","canonical_url":"https:\/\/allasorias.hu\/hirek\/keves-a-magyar-munkavallalo-szukseg-van-vendegmunkasokra\/","robots":"max-image-preview:large","keywords":"","webmasterTools":{"miscellaneous":""},"schema":{"@context":"https:\/\/schema.org","@graph":[{"@type":"Article","@id":"https:\/\/allasorias.hu\/hirek\/keves-a-magyar-munkavallalo-szukseg-van-vendegmunkasokra\/#article","name":"Magyar munkav\u00e1llal\u00f3k hi\u00e1nya: vend\u00e9gmunk\u00e1sok kellenek","headline":"Kev\u00e9s a magyar munkav\u00e1llal\u00f3, sz\u00fcks\u00e9g van vend\u00e9gmunk\u00e1sokra","author":{"@id":"https:\/\/allasorias.hu\/hirek\/author\/admin-allasorias\/#author"},"publisher":{"@id":"https:\/\/allasorias.hu\/hirek\/#organization"},"image":{"@type":"ImageObject","url":"https:\/\/allasorias.hu\/hirek\/wp-content\/uploads\/2025\/01\/vendegmunkasokra-van-szukseg.jpg","width":1920,"height":1280,"caption":"Kev\u00e9s a magyar munkav\u00e1llal\u00f3m sz\u00fcks\u00e9g van vend\u00e9gmunk\u00e1sokra - Allasorias.hu\/Hirek"},"datePublished":"2025-01-22T14:59:39+02:00","dateModified":"2025-05-09T14:26:50+02:00","inLanguage":"hu-HU","mainEntityOfPage":{"@id":"https:\/\/allasorias.hu\/hirek\/keves-a-magyar-munkavallalo-szukseg-van-vendegmunkasokra\/#webpage"},"isPartOf":{"@id":"https:\/\/allasorias.hu\/hirek\/keves-a-magyar-munkavallalo-szukseg-van-vendegmunkasokra\/#webpage"},"articleSection":"\u00c1ll\u00e1skeres\u00e9s"},{"@type":"BreadcrumbList","@id":"https:\/\/allasorias.hu\/hirek\/keves-a-magyar-munkavallalo-szukseg-van-vendegmunkasokra\/#breadcrumblist","itemListElement":[{"@type":"ListItem","@id":"https:\/\/allasorias.hu\/hirek#listItem","position":1,"name":"Home","item":"https:\/\/allasorias.hu\/hirek","nextItem":{"@type":"ListItem","@id":"https:\/\/allasorias.hu\/hirek\/temak\/allaskereses\/#listItem","name":"\u00c1ll\u00e1skeres\u00e9s"}},{"@type":"ListItem","@id":"https:\/\/allasorias.hu\/hirek\/temak\/allaskereses\/#listItem","position":2,"name":"\u00c1ll\u00e1skeres\u00e9s","item":"https:\/\/allasorias.hu\/hirek\/temak\/allaskereses\/","nextItem":{"@type":"ListItem","@id":"https:\/\/allasorias.hu\/hirek\/keves-a-magyar-munkavallalo-szukseg-van-vendegmunkasokra\/#listItem","name":"Kev\u00e9s a magyar munkav\u00e1llal\u00f3, sz\u00fcks\u00e9g van vend\u00e9gmunk\u00e1sokra"},"previousItem":{"@type":"ListItem","@id":"https:\/\/allasorias.hu\/hirek#listItem","name":"Home"}},{"@type":"ListItem","@id":"https:\/\/allasorias.hu\/hirek\/keves-a-magyar-munkavallalo-szukseg-van-vendegmunkasokra\/#listItem","position":3,"name":"Kev\u00e9s a magyar munkav\u00e1llal\u00f3, sz\u00fcks\u00e9g van vend\u00e9gmunk\u00e1sokra","previousItem":{"@type":"ListItem","@id":"https:\/\/allasorias.hu\/hirek\/temak\/allaskereses\/#listItem","name":"\u00c1ll\u00e1skeres\u00e9s"}}]},{"@type":"Organization","@id":"https:\/\/allasorias.hu\/hirek\/#organization","name":"AllasOrias.hu | H\u00edrek-lapszemle","description":"\u00dczleti h\u00edrek az \u00e1ll\u00e1s \u00e9s a munka vil\u00e1g\u00e1b\u00f3l","url":"https:\/\/allasorias.hu\/hirek\/","logo":{"@type":"ImageObject","url":"https:\/\/allasorias.hu\/hirek\/wp-content\/uploads\/2022\/10\/allasorias_site_facebok_logo.png","@id":"https:\/\/allasorias.hu\/hirek\/keves-a-magyar-munkavallalo-szukseg-van-vendegmunkasokra\/#organizationLogo"},"image":{"@id":"https:\/\/allasorias.hu\/hirek\/keves-a-magyar-munkavallalo-szukseg-van-vendegmunkasokra\/#organizationLogo"},"sameAs":["https:\/\/www.facebook.com\/allasorias","https:\/\/www.linkedin.com\/company\/allasorias"]},{"@type":"Person","@id":"https:\/\/allasorias.hu\/hirek\/author\/admin-allasorias\/#author","url":"https:\/\/allasorias.hu\/hirek\/author\/admin-allasorias\/","name":"Juh\u00e1sz P\u00e9ter","image":{"@type":"ImageObject","@id":"https:\/\/allasorias.hu\/hirek\/keves-a-magyar-munkavallalo-szukseg-van-vendegmunkasokra\/#authorImage","url":"https:\/\/secure.gravatar.com\/avatar\/36e6bcb83148978b992977cb0f54d22feb0cce8a0a849a9410532bb2623ba4c6?s=96&d=mm&r=g","width":96,"height":96,"caption":"Juh\u00e1sz P\u00e9ter"}},{"@type":"WebPage","@id":"https:\/\/allasorias.hu\/hirek\/keves-a-magyar-munkavallalo-szukseg-van-vendegmunkasokra\/#webpage","url":"https:\/\/allasorias.hu\/hirek\/keves-a-magyar-munkavallalo-szukseg-van-vendegmunkasokra\/","name":"Magyar munkav\u00e1llal\u00f3k hi\u00e1nya: vend\u00e9gmunk\u00e1sok kellenek","description":"Egyel\u0151re \u00fagy t\u0171nik a kev\u00e9s magyar munkav\u00e1llal\u00f3 miatt, kellenek a k\u00fclf\u00f6ldr\u0151l \u00e9rkez\u0151 dolgoz\u00f3k.","inLanguage":"hu-HU","isPartOf":{"@id":"https:\/\/allasorias.hu\/hirek\/#website"},"breadcrumb":{"@id":"https:\/\/allasorias.hu\/hirek\/keves-a-magyar-munkavallalo-szukseg-van-vendegmunkasokra\/#breadcrumblist"},"author":{"@id":"https:\/\/allasorias.hu\/hirek\/author\/admin-allasorias\/#author"},"creator":{"@id":"https:\/\/allasorias.hu\/hirek\/author\/admin-allasorias\/#author"},"image":{"@type":"ImageObject","url":"https:\/\/allasorias.hu\/hirek\/wp-content\/uploads\/2025\/01\/vendegmunkasokra-van-szukseg.jpg","@id":"https:\/\/allasorias.hu\/hirek\/keves-a-magyar-munkavallalo-szukseg-van-vendegmunkasokra\/#mainImage","width":1920,"height":1280,"caption":"Kev\u00e9s a magyar munkav\u00e1llal\u00f3m sz\u00fcks\u00e9g van vend\u00e9gmunk\u00e1sokra - Allasorias.hu\/Hirek"},"primaryImageOfPage":{"@id":"https:\/\/allasorias.hu\/hirek\/keves-a-magyar-munkavallalo-szukseg-van-vendegmunkasokra\/#mainImage"},"datePublished":"2025-01-22T14:59:39+02:00","dateModified":"2025-05-09T14:26:50+02:00"},{"@type":"WebSite","@id":"https:\/\/allasorias.hu\/hirek\/#website","url":"https:\/\/allasorias.hu\/hirek\/","name":"AllasOrias.hu | H\u00edrek-lapszemle","description":"\u00dczleti h\u00edrek az \u00e1ll\u00e1s \u00e9s a munka vil\u00e1g\u00e1b\u00f3l","inLanguage":"hu-HU","publisher":{"@id":"https:\/\/allasorias.hu\/hirek\/#organization"}}]},"og:locale":"hu_HU","og:site_name":"AllasOrias.hu | H\u00edrek-lapszemle | \u00dczleti h\u00edrek az \u00e1ll\u00e1s \u00e9s a munka vil\u00e1g\u00e1b\u00f3l","og:type":"article","og:title":"Magyar munkav\u00e1llal\u00f3k hi\u00e1nya: vend\u00e9gmunk\u00e1sok kellenek","og:description":"Egyel\u0151re \u00fagy t\u0171nik a kev\u00e9s magyar munkav\u00e1llal\u00f3 miatt, kellenek a k\u00fclf\u00f6ldr\u0151l \u00e9rkez\u0151 dolgoz\u00f3k.","og:url":"https:\/\/allasorias.hu\/hirek\/keves-a-magyar-munkavallalo-szukseg-van-vendegmunkasokra\/","og:image":"https:\/\/allasorias.hu\/hirek\/wp-content\/uploads\/2025\/01\/vendegmunkasokra-van-szukseg.jpg","og:image:secure_url":"https:\/\/allasorias.hu\/hirek\/wp-content\/uploads\/2025\/01\/vendegmunkasokra-van-szukseg.jpg","og:image:width":1920,"og:image:height":1280,"article:published_time":"2025-01-22T12:59:39+00:00","article:modified_time":"2025-05-09T12:26:50+00:00","article:publisher":"https:\/\/www.facebook.com\/allasorias","twitter:card":"summary_large_image","twitter:title":"Magyar munkav\u00e1llal\u00f3k hi\u00e1nya: vend\u00e9gmunk\u00e1sok kellenek","twitter:description":"Egyel\u0151re \u00fagy t\u0171nik a kev\u00e9s magyar munkav\u00e1llal\u00f3 miatt, kellenek a k\u00fclf\u00f6ldr\u0151l \u00e9rkez\u0151 dolgoz\u00f3k.","twitter:image":"https:\/\/allasorias.hu\/hirek\/wp-content\/uploads\/2025\/01\/vendegmunkasokra-van-szukseg.jpg","twitter:label1":"Written by","twitter:data1":"Juh\u00e1sz P\u00e9ter","twitter:label2":"Est. reading time","twitter:data2":"3 minutes"},"aioseo_meta_data":{"post_id":"8147","title":"Magyar munkav\u00e1llal\u00f3k hi\u00e1nya: vend\u00e9gmunk\u00e1sok kellenek","description":"Egyel\u0151re \u00fagy t\u0171nik a kev\u00e9s magyar munkav\u00e1llal\u00f3 miatt, kellenek a k\u00fclf\u00f6ldr\u0151l \u00e9rkez\u0151 dolgoz\u00f3k.","keywords":null,"keyphrases":{"focus":{"keyphrase":"","score":0,"analysis":{"keyphraseInTitle":{"score":0,"maxScore":9,"error":1}}},"additional":[]},"primary_term":null,"canonical_url":null,"og_title":null,"og_description":null,"og_object_type":"default","og_image_type":"default","og_image_url":null,"og_image_width":null,"og_image_height":null,"og_image_custom_url":null,"og_image_custom_fields":null,"og_video":"","og_custom_url":null,"og_article_section":null,"og_article_tags":null,"twitter_use_og":true,"twitter_card":"default","twitter_image_type":"default","twitter_image_url":null,"twitter_image_custom_url":null,"twitter_image_custom_fields":null,"twitter_title":null,"twitter_description":null,"schema":{"blockGraphs":[],"customGraphs":[],"default":{"data":{"Article":[],"Course":[],"Dataset":[],"FAQPage":[],"Movie":[],"Person":[],"Product":[],"ProductReview":[],"Car":[],"Recipe":[],"Service":[],"SoftwareApplication":[],"WebPage":[]},"graphName":"Article","isEnabled":true},"graphs":[]},"schema_type":"default","schema_type_options":null,"pillar_content":false,"robots_default":true,"robots_noindex":false,"robots_noarchive":false,"robots_nosnippet":false,"robots_nofollow":false,"robots_noimageindex":false,"robots_noodp":false,"robots_notranslate":false,"robots_max_snippet":"-1","robots_max_videopreview":"-1","robots_max_imagepreview":"large","priority":null,"frequency":"default","location":null,"local_seo":null,"breadcrumb_settings":null,"limit_modified_date":false,"ai":null,"created":"2025-01-22 09:41:57","updated":"2025-10-02 20:53:30","seo_analyzer_scan_date":null,"focus_keyword":null,"additional_keywords":null,"truseo_locale":null},"aioseo_breadcrumb":"<div class=\"aioseo-breadcrumbs\"><span class=\"aioseo-breadcrumb\">\n\t\t\t<a href=\"https:\/\/allasorias.hu\/hirek\" title=\"Home\">Home<\/a>\n\t\t<\/span><span class=\"aioseo-breadcrumb-separator\">&raquo;<\/span><span class=\"aioseo-breadcrumb\">\n\t\t\t<a href=\"https:\/\/allasorias.hu\/hirek\/temak\/allaskereses\/\" title=\"\u00c1ll\u00e1skeres\u00e9s\">\u00c1ll\u00e1skeres\u00e9s<\/a>\n\t\t<\/span><span class=\"aioseo-breadcrumb-separator\">&raquo;<\/span><span class=\"aioseo-breadcrumb\">\n\t\t\tKev\u00e9s a magyar munkav\u00e1llal\u00f3, sz\u00fcks\u00e9g van vend\u00e9gmunk\u00e1sokra\n\t\t<\/span><\/div>","aioseo_breadcrumb_json":[{"label":"Home","link":"https:\/\/allasorias.hu\/hirek"},{"label":"\u00c1ll\u00e1skeres\u00e9s","link":"https:\/\/allasorias.hu\/hirek\/temak\/allaskereses\/"},{"label":"Kev\u00e9s a magyar munkav\u00e1llal\u00f3, sz\u00fcks\u00e9g van vend\u00e9gmunk\u00e1sokra","link":"https:\/\/allasorias.hu\/hirek\/keves-a-magyar-munkavallalo-szukseg-van-vendegmunkasokra\/"}],"_links":{"self":[{"href":"https:\/\/allasorias.hu\/hirek\/wp-json\/wp\/v2\/posts\/8147","targetHints":{"allow":["GET"]}}],"collection":[{"href":"https:\/\/allasorias.hu\/hirek\/wp-json\/wp\/v2\/posts"}],"about":[{"href":"https:\/\/allasorias.hu\/hirek\/wp-json\/wp\/v2\/types\/post"}],"author":[{"embeddable":true,"href":"https:\/\/allasorias.hu\/hirek\/wp-json\/wp\/v2\/users\/1"}],"replies":[{"embeddable":true,"href":"https:\/\/allasorias.hu\/hirek\/wp-json\/wp\/v2\/comments?post=8147"}],"version-history":[{"count":2,"href":"https:\/\/allasorias.hu\/hirek\/wp-json\/wp\/v2\/posts\/8147\/revisions"}],"predecessor-version":[{"id":8151,"href":"https:\/\/allasorias.hu\/hirek\/wp-json\/wp\/v2\/posts\/8147\/revisions\/8151"}],"wp:featuredmedia":[{"embeddable":true,"href":"https:\/\/allasorias.hu\/hirek\/wp-json\/wp\/v2\/media\/8148"}],"wp:attachment":[{"href":"https:\/\/allasorias.hu\/hirek\/wp-json\/wp\/v2\/media?parent=8147"}],"wp:term":[{"taxonomy":"category","embeddable":true,"href":"https:\/\/allasorias.hu\/hirek\/wp-json\/wp\/v2\/categories?post=8147"},{"taxonomy":"post_tag","embeddable":true,"href":"https:\/\/allasorias.hu\/hirek\/wp-json\/wp\/v2\/tags?post=8147"}],"curies":[{"name":"wp","href":"https:\/\/api.w.org\/{rel}","templated":true}]}}