{"id":8144,"date":"2025-01-21T17:24:03","date_gmt":"2025-01-21T15:24:03","guid":{"rendered":"https:\/\/allasorias.hu\/hirek\/?p=8144"},"modified":"2025-05-09T16:03:12","modified_gmt":"2025-05-09T14:03:12","slug":"munkaba-allitani-azonnal-az-elkuldott-munkavallalokat","status":"publish","type":"post","link":"https:\/\/allasorias.hu\/hirek\/munkaba-allitani-azonnal-az-elkuldott-munkavallalokat\/","title":{"rendered":"Munk\u00e1ba \u00e1ll\u00edtani azonnal az elk\u00fcld\u00f6tt munkav\u00e1llal\u00f3kat"},"content":{"rendered":"<p><strong>Vissza nem t\u00e9r\u00edtend\u0151 t\u00e1mogat\u00e1st kaphatnak azok a v\u00e1llalkoz\u00e1sok, amelyek kor\u00e1bban elk\u00fcld\u00f6tt dolgoz\u00f3kat foglalkoztatnak. A foglalkoztat\u00e1s id\u0151tartama nem lehet napi n\u00e9gy \u00f3r\u00e1n\u00e1l kevesebb.<\/strong><\/p>\n<p>A korm\u00e1ny \u00faj, 1,5 milli\u00e1rd forintos t\u00e1mogat\u00e1si programot ind\u00edt a kkv-k sz\u00e1m\u00e1ra annak \u00e9rdek\u00e9ben, hogy az elbocs\u00e1tott dolgoz\u00f3k egyetlen napot se t\u00f6ltsenek munka n\u00e9lk\u00fcl. A \u201eMunk\u00e1b\u00f3l munk\u00e1ba\u201d program a csal\u00e1dok v\u00e9delme \u00e9rdek\u00e9ben el\u0151seg\u00edti az elbocs\u00e1tott dolgoz\u00f3k azonnali, \u00fajb\u00f3li munk\u00e1ba \u00e1ll\u00e1s\u00e1t \u2013 jelentette be h\u00e9tf\u0151i k\u00f6zlem\u00e9ny\u00e9ben Czomba S\u00e1ndor, a Nemzetgazdas\u00e1gi Miniszt\u00e9rium (NGM) foglalkoztat\u00e1spolitik\u00e1\u00e9rt felel\u0151s \u00e1llamtitk\u00e1ra.<\/p>\n<p>A program c\u00e9lja azon mikro-, kis-, \u00e9s k\u00f6z\u00e9pv\u00e1llalkoz\u00e1sok l\u00e9tsz\u00e1mb\u0151v\u00edt\u00e9s\u00e9nek t\u00e1mogat\u00e1sa, melyek egyazon munk\u00e1ltat\u00f3 \u00e1ltal le\u00e9p\u00edtett, legal\u00e1bb 5, legfeljebb 20 f\u0151s munkav\u00e1llal\u00f3i \u00e1llom\u00e1ny \u00e1tv\u00e9tel\u00e9vel v\u00e1llalj\u00e1k statisztikai \u00e1llom\u00e1nyi l\u00e9tsz\u00e1muk n\u00f6vel\u00e9s\u00e9t \u00e9s a felvett munkav\u00e1llal\u00f3k nyolc h\u00f3napig t\u00f6rt\u00e9n\u0151 foglalkoztat\u00e1s\u00e1t \u2013 ismertette az \u00e1llamtitk\u00e1r. Mint kifejtette, a program c\u00e9lcsoportj\u00e1t azok a 15-64 \u00e9v k\u00f6z\u00f6tti szem\u00e9lyek k\u00e9pezik, akik a p\u00e1ly\u00e1zat beny\u00fajt\u00e1s\u00e1t megel\u0151z\u0151 3 h\u00f3napban egyazon munk\u00e1ltat\u00f3n\u00e1l vesztett\u00e9k el munkahely\u00fcket.<\/p>\n<p>A program k\u00f6zel 1,5 milli\u00e1rd forintb\u00f3l val\u00f3sul meg, a vissza nem t\u00e9r\u00edtend\u0151 t\u00e1mogat\u00e1s \u00f6sszege maximum 54,24 milli\u00f3 forint lehet. A t\u00e1mogat\u00e1s m\u00e9rt\u00e9ke teljes munkaid\u0151s foglalkoztat\u00e1s eset\u00e9n a munk\u00e1ltat\u00f3t terhel\u0151 brutt\u00f3 b\u00e9r \u00e9s a t\u00e9nylegesen \u00e1tutal\u00e1sra ker\u00fcl\u0151 szoci\u00e1lis hozz\u00e1j\u00e1rul\u00e1si ad\u00f3 50 sz\u00e1zal\u00e9ka, de legfeljebb havi 339 ezer forint munkav\u00e1llal\u00f3nk\u00e9nt.<\/p>\n<p>A t\u00e1mogat\u00e1ssal \u00e9rintett szem\u00e9lyek felv\u00e9tele az \u00e9rintett v\u00e1llalkoz\u00e1s munkav\u00e1llal\u00f3i l\u00e9tsz\u00e1m\u00e1nak nett\u00f3 n\u00f6veked\u00e9s\u00e9t kell, hogy eredm\u00e9nyezze, r\u00e9szmunkaid\u0151ben t\u00f6rt\u00e9n\u0151 foglalkoztat\u00e1s eset\u00e9n a foglalkoztat\u00e1s id\u0151tartama nem lehet 4 \u00f3r\u00e1n\u00e1l kevesebb, de akkor a t\u00e1mogat\u00e1s \u00f6sszege ar\u00e1nyosan cs\u00f6kken. A p\u00e1ly\u00e1zatra 2025. j\u00falius 31. napj\u00e1ig lehet jelentkezni a p\u00e1ly\u00e1zati felh\u00edv\u00e1sban foglaltaknak megfelel\u0151en. A r\u00e9szletek az OFA Nonprofit Kft. weboldal\u00e1n tal\u00e1lhat\u00f3k meg\u2013 h\u00edvta fel a figyelmet Czomba S\u00e1ndor.<\/p>\n<p>Forr\u00e1s: <a href=\"https:\/\/www.hrportal.hu\/hr\/uj-tamogatasi-program-indul-az-elbocsatott-dolgozok-azonnal-munkara-talalhatnak-20250120.html\" target=\"_blank\" rel=\"nofollow noopener noreferrer\">hrportal.hu<\/a><\/p>\n","protected":false},"excerpt":{"rendered":"<p>Vissza nem t\u00e9r\u00edtend\u0151 t\u00e1mogat\u00e1st kaphatnak azok a v\u00e1llalkoz\u00e1sok, amelyek kor\u00e1bban elk\u00fcld\u00f6tt dolgoz\u00f3kat foglalkoztatnak. A foglalkoztat\u00e1s id\u0151tartama nem lehet napi n\u00e9gy \u00f3r\u00e1n\u00e1l kevesebb. A korm\u00e1ny \u00faj, 1,5 milli\u00e1rd forintos t\u00e1mogat\u00e1si programot ind\u00edt a kkv-k sz\u00e1m\u00e1ra annak \u00e9rdek\u00e9ben, hogy az elbocs\u00e1tott dolgoz\u00f3k egyetlen napot se t\u00f6ltsenek munka n\u00e9lk\u00fcl. A \u201eMunk\u00e1b\u00f3l munk\u00e1ba\u201d program a csal\u00e1dok v\u00e9delme \u00e9rdek\u00e9ben el\u0151seg\u00edti [&hellip;]<\/p>\n","protected":false},"author":1,"featured_media":8145,"comment_status":"closed","ping_status":"closed","sticky":false,"template":"","format":"standard","meta":{"_monsterinsights_skip_tracking":false,"footnotes":""},"categories":[200],"tags":[705,592],"class_list":["post-8144","post","type-post","status-publish","format-standard","has-post-thumbnail","hentry","category-munkaeropiac","tag-palyazat","tag-tamogatas"],"aioseo_notices":[],"aioseo_head":"\n\t\t<!-- All in One SEO 5.0.0.1 - aioseo.com -->\n\t<meta name=\"description\" content=\"Vissza nem t\u00e9r\u00edtend\u0151 t\u00e1mogat\u00e1st kaphatnak azok a v\u00e1llalkoz\u00e1sok, amelyek kor\u00e1bban elk\u00fcld\u00f6tt dolgoz\u00f3kat foglalkoztatnak.\" \/>\n\t<meta name=\"robots\" content=\"max-image-preview:large\" \/>\n\t<meta name=\"author\" content=\"Juh\u00e1sz P\u00e9ter\"\/>\n\t<meta name=\"keywords\" content=\"p\u00e1ly\u00e1zat,t\u00e1mogat\u00e1s\" \/>\n\t<link rel=\"canonical\" href=\"https:\/\/allasorias.hu\/hirek\/munkaba-allitani-azonnal-az-elkuldott-munkavallalokat\/\" \/>\n\t<meta name=\"generator\" content=\"All in One SEO (AIOSEO) 5.0.0.1\" \/>\n\t\t<meta property=\"og:locale\" content=\"hu_HU\" \/>\n\t\t<meta property=\"og:site_name\" content=\"AllasOrias.hu | H\u00edrek-lapszemle | \u00dczleti h\u00edrek az \u00e1ll\u00e1s \u00e9s a munka vil\u00e1g\u00e1b\u00f3l\" \/>\n\t\t<meta property=\"og:type\" content=\"article\" \/>\n\t\t<meta property=\"og:title\" content=\"Elk\u00fcld\u00f6tt munkav\u00e1llal\u00f3k azonnali munk\u00e1ba \u00e1ll\u00edt\u00e1sa\" \/>\n\t\t<meta property=\"og:description\" content=\"Vissza nem t\u00e9r\u00edtend\u0151 t\u00e1mogat\u00e1st kaphatnak azok a v\u00e1llalkoz\u00e1sok, amelyek kor\u00e1bban elk\u00fcld\u00f6tt dolgoz\u00f3kat foglalkoztatnak.\" \/>\n\t\t<meta property=\"og:url\" content=\"https:\/\/allasorias.hu\/hirek\/munkaba-allitani-azonnal-az-elkuldott-munkavallalokat\/\" \/>\n\t\t<meta property=\"og:image\" content=\"https:\/\/allasorias.hu\/hirek\/wp-content\/uploads\/2025\/01\/munkabol-munkaba-program.jpg\" \/>\n\t\t<meta property=\"og:image:secure_url\" content=\"https:\/\/allasorias.hu\/hirek\/wp-content\/uploads\/2025\/01\/munkabol-munkaba-program.jpg\" \/>\n\t\t<meta property=\"og:image:width\" content=\"1920\" \/>\n\t\t<meta property=\"og:image:height\" content=\"1280\" \/>\n\t\t<meta property=\"article:published_time\" content=\"2025-01-21T15:24:03+00:00\" \/>\n\t\t<meta property=\"article:modified_time\" content=\"2025-05-09T14:03:12+00:00\" \/>\n\t\t<meta property=\"article:publisher\" content=\"https:\/\/www.facebook.com\/allasorias\" \/>\n\t\t<meta name=\"twitter:card\" content=\"summary_large_image\" \/>\n\t\t<meta name=\"twitter:title\" content=\"Elk\u00fcld\u00f6tt munkav\u00e1llal\u00f3k azonnali munk\u00e1ba \u00e1ll\u00edt\u00e1sa\" \/>\n\t\t<meta name=\"twitter:description\" content=\"Vissza nem t\u00e9r\u00edtend\u0151 t\u00e1mogat\u00e1st kaphatnak azok a v\u00e1llalkoz\u00e1sok, amelyek kor\u00e1bban elk\u00fcld\u00f6tt dolgoz\u00f3kat foglalkoztatnak.\" \/>\n\t\t<meta name=\"twitter:image\" content=\"https:\/\/allasorias.hu\/hirek\/wp-content\/uploads\/2025\/01\/munkabol-munkaba-program.jpg\" \/>\n\t\t<meta name=\"twitter:label1\" content=\"Written by\" \/>\n\t\t<meta name=\"twitter:data1\" content=\"Juh\u00e1sz P\u00e9ter\" \/>\n\t\t<meta name=\"twitter:label2\" content=\"Est. reading time\" \/>\n\t\t<meta name=\"twitter:data2\" content=\"2 minutes\" \/>\n\t\t<script type=\"application\/ld+json\" class=\"aioseo-schema\">\n\t\t\t{\"@context\":\"https:\\\/\\\/schema.org\",\"@graph\":[{\"@type\":\"Article\",\"@id\":\"https:\\\/\\\/allasorias.hu\\\/hirek\\\/munkaba-allitani-azonnal-az-elkuldott-munkavallalokat\\\/#article\",\"name\":\"Elk\\u00fcld\\u00f6tt munkav\\u00e1llal\\u00f3k azonnali munk\\u00e1ba \\u00e1ll\\u00edt\\u00e1sa\",\"headline\":\"Munk\\u00e1ba \\u00e1ll\\u00edtani azonnal az elk\\u00fcld\\u00f6tt munkav\\u00e1llal\\u00f3kat\",\"author\":{\"@id\":\"https:\\\/\\\/allasorias.hu\\\/hirek\\\/author\\\/admin-allasorias\\\/#author\"},\"publisher\":{\"@id\":\"https:\\\/\\\/allasorias.hu\\\/hirek\\\/#organization\"},\"image\":{\"@type\":\"ImageObject\",\"url\":\"https:\\\/\\\/allasorias.hu\\\/hirek\\\/wp-content\\\/uploads\\\/2025\\\/01\\\/munkabol-munkaba-program.jpg\",\"width\":1920,\"height\":1280,\"caption\":\"Munk\\u00e1ba \\u00e1ll\\u00edtani azonnal az elk\\u00fcld\\u00f6tt munkav\\u00e1llal\\u00f3kat - Allasorias.hu\\\/Hirek\"},\"datePublished\":\"2025-01-21T17:24:03+02:00\",\"dateModified\":\"2025-05-09T16:03:12+02:00\",\"inLanguage\":\"hu-HU\",\"mainEntityOfPage\":{\"@id\":\"https:\\\/\\\/allasorias.hu\\\/hirek\\\/munkaba-allitani-azonnal-az-elkuldott-munkavallalokat\\\/#webpage\"},\"isPartOf\":{\"@id\":\"https:\\\/\\\/allasorias.hu\\\/hirek\\\/munkaba-allitani-azonnal-az-elkuldott-munkavallalokat\\\/#webpage\"},\"articleSection\":\"Munkaer\\u0151piac, p\\u00e1ly\\u00e1zat, t\\u00e1mogat\\u00e1s\"},{\"@type\":\"BreadcrumbList\",\"@id\":\"https:\\\/\\\/allasorias.hu\\\/hirek\\\/munkaba-allitani-azonnal-az-elkuldott-munkavallalokat\\\/#breadcrumblist\",\"itemListElement\":[{\"@type\":\"ListItem\",\"@id\":\"https:\\\/\\\/allasorias.hu\\\/hirek#listItem\",\"position\":1,\"name\":\"Home\",\"item\":\"https:\\\/\\\/allasorias.hu\\\/hirek\",\"nextItem\":{\"@type\":\"ListItem\",\"@id\":\"https:\\\/\\\/allasorias.hu\\\/hirek\\\/temak\\\/munkaeropiac\\\/#listItem\",\"name\":\"Munkaer\\u0151piac\"}},{\"@type\":\"ListItem\",\"@id\":\"https:\\\/\\\/allasorias.hu\\\/hirek\\\/temak\\\/munkaeropiac\\\/#listItem\",\"position\":2,\"name\":\"Munkaer\\u0151piac\",\"item\":\"https:\\\/\\\/allasorias.hu\\\/hirek\\\/temak\\\/munkaeropiac\\\/\",\"nextItem\":{\"@type\":\"ListItem\",\"@id\":\"https:\\\/\\\/allasorias.hu\\\/hirek\\\/munkaba-allitani-azonnal-az-elkuldott-munkavallalokat\\\/#listItem\",\"name\":\"Munk\\u00e1ba \\u00e1ll\\u00edtani azonnal az elk\\u00fcld\\u00f6tt munkav\\u00e1llal\\u00f3kat\"},\"previousItem\":{\"@type\":\"ListItem\",\"@id\":\"https:\\\/\\\/allasorias.hu\\\/hirek#listItem\",\"name\":\"Home\"}},{\"@type\":\"ListItem\",\"@id\":\"https:\\\/\\\/allasorias.hu\\\/hirek\\\/munkaba-allitani-azonnal-az-elkuldott-munkavallalokat\\\/#listItem\",\"position\":3,\"name\":\"Munk\\u00e1ba \\u00e1ll\\u00edtani azonnal az elk\\u00fcld\\u00f6tt munkav\\u00e1llal\\u00f3kat\",\"previousItem\":{\"@type\":\"ListItem\",\"@id\":\"https:\\\/\\\/allasorias.hu\\\/hirek\\\/temak\\\/munkaeropiac\\\/#listItem\",\"name\":\"Munkaer\\u0151piac\"}}]},{\"@type\":\"Organization\",\"@id\":\"https:\\\/\\\/allasorias.hu\\\/hirek\\\/#organization\",\"name\":\"AllasOrias.hu | H\\u00edrek-lapszemle\",\"description\":\"\\u00dczleti h\\u00edrek az \\u00e1ll\\u00e1s \\u00e9s a munka vil\\u00e1g\\u00e1b\\u00f3l\",\"url\":\"https:\\\/\\\/allasorias.hu\\\/hirek\\\/\",\"logo\":{\"@type\":\"ImageObject\",\"url\":\"https:\\\/\\\/allasorias.hu\\\/hirek\\\/wp-content\\\/uploads\\\/2022\\\/10\\\/allasorias_site_facebok_logo.png\",\"@id\":\"https:\\\/\\\/allasorias.hu\\\/hirek\\\/munkaba-allitani-azonnal-az-elkuldott-munkavallalokat\\\/#organizationLogo\"},\"image\":{\"@id\":\"https:\\\/\\\/allasorias.hu\\\/hirek\\\/munkaba-allitani-azonnal-az-elkuldott-munkavallalokat\\\/#organizationLogo\"},\"sameAs\":[\"https:\\\/\\\/www.facebook.com\\\/allasorias\",\"https:\\\/\\\/www.linkedin.com\\\/company\\\/allasorias\"]},{\"@type\":\"Person\",\"@id\":\"https:\\\/\\\/allasorias.hu\\\/hirek\\\/author\\\/admin-allasorias\\\/#author\",\"url\":\"https:\\\/\\\/allasorias.hu\\\/hirek\\\/author\\\/admin-allasorias\\\/\",\"name\":\"Juh\\u00e1sz P\\u00e9ter\",\"image\":{\"@type\":\"ImageObject\",\"@id\":\"https:\\\/\\\/allasorias.hu\\\/hirek\\\/munkaba-allitani-azonnal-az-elkuldott-munkavallalokat\\\/#authorImage\",\"url\":\"https:\\\/\\\/secure.gravatar.com\\\/avatar\\\/36e6bcb83148978b992977cb0f54d22feb0cce8a0a849a9410532bb2623ba4c6?s=96&d=mm&r=g\",\"width\":96,\"height\":96,\"caption\":\"Juh\\u00e1sz P\\u00e9ter\"}},{\"@type\":\"WebPage\",\"@id\":\"https:\\\/\\\/allasorias.hu\\\/hirek\\\/munkaba-allitani-azonnal-az-elkuldott-munkavallalokat\\\/#webpage\",\"url\":\"https:\\\/\\\/allasorias.hu\\\/hirek\\\/munkaba-allitani-azonnal-az-elkuldott-munkavallalokat\\\/\",\"name\":\"Elk\\u00fcld\\u00f6tt munkav\\u00e1llal\\u00f3k azonnali munk\\u00e1ba \\u00e1ll\\u00edt\\u00e1sa\",\"description\":\"Vissza nem t\\u00e9r\\u00edtend\\u0151 t\\u00e1mogat\\u00e1st kaphatnak azok a v\\u00e1llalkoz\\u00e1sok, amelyek kor\\u00e1bban elk\\u00fcld\\u00f6tt dolgoz\\u00f3kat foglalkoztatnak.\",\"inLanguage\":\"hu-HU\",\"isPartOf\":{\"@id\":\"https:\\\/\\\/allasorias.hu\\\/hirek\\\/#website\"},\"breadcrumb\":{\"@id\":\"https:\\\/\\\/allasorias.hu\\\/hirek\\\/munkaba-allitani-azonnal-az-elkuldott-munkavallalokat\\\/#breadcrumblist\"},\"author\":{\"@id\":\"https:\\\/\\\/allasorias.hu\\\/hirek\\\/author\\\/admin-allasorias\\\/#author\"},\"creator\":{\"@id\":\"https:\\\/\\\/allasorias.hu\\\/hirek\\\/author\\\/admin-allasorias\\\/#author\"},\"image\":{\"@type\":\"ImageObject\",\"url\":\"https:\\\/\\\/allasorias.hu\\\/hirek\\\/wp-content\\\/uploads\\\/2025\\\/01\\\/munkabol-munkaba-program.jpg\",\"@id\":\"https:\\\/\\\/allasorias.hu\\\/hirek\\\/munkaba-allitani-azonnal-az-elkuldott-munkavallalokat\\\/#mainImage\",\"width\":1920,\"height\":1280,\"caption\":\"Munk\\u00e1ba \\u00e1ll\\u00edtani azonnal az elk\\u00fcld\\u00f6tt munkav\\u00e1llal\\u00f3kat - Allasorias.hu\\\/Hirek\"},\"primaryImageOfPage\":{\"@id\":\"https:\\\/\\\/allasorias.hu\\\/hirek\\\/munkaba-allitani-azonnal-az-elkuldott-munkavallalokat\\\/#mainImage\"},\"datePublished\":\"2025-01-21T17:24:03+02:00\",\"dateModified\":\"2025-05-09T16:03:12+02:00\"},{\"@type\":\"WebSite\",\"@id\":\"https:\\\/\\\/allasorias.hu\\\/hirek\\\/#website\",\"url\":\"https:\\\/\\\/allasorias.hu\\\/hirek\\\/\",\"name\":\"AllasOrias.hu | H\\u00edrek-lapszemle\",\"description\":\"\\u00dczleti h\\u00edrek az \\u00e1ll\\u00e1s \\u00e9s a munka vil\\u00e1g\\u00e1b\\u00f3l\",\"inLanguage\":\"hu-HU\",\"publisher\":{\"@id\":\"https:\\\/\\\/allasorias.hu\\\/hirek\\\/#organization\"}}]}\n\t\t<\/script>\n\t\t<!-- All in One SEO -->\n\n","aioseo_head_json":{"title":"Elk\u00fcld\u00f6tt munkav\u00e1llal\u00f3k azonnali munk\u00e1ba \u00e1ll\u00edt\u00e1sa","description":"Vissza nem t\u00e9r\u00edtend\u0151 t\u00e1mogat\u00e1st kaphatnak azok a v\u00e1llalkoz\u00e1sok, amelyek kor\u00e1bban elk\u00fcld\u00f6tt dolgoz\u00f3kat foglalkoztatnak.","canonical_url":"https:\/\/allasorias.hu\/hirek\/munkaba-allitani-azonnal-az-elkuldott-munkavallalokat\/","robots":"max-image-preview:large","keywords":"p\u00e1ly\u00e1zat,t\u00e1mogat\u00e1s","webmasterTools":{"miscellaneous":""},"schema":{"@context":"https:\/\/schema.org","@graph":[{"@type":"Article","@id":"https:\/\/allasorias.hu\/hirek\/munkaba-allitani-azonnal-az-elkuldott-munkavallalokat\/#article","name":"Elk\u00fcld\u00f6tt munkav\u00e1llal\u00f3k azonnali munk\u00e1ba \u00e1ll\u00edt\u00e1sa","headline":"Munk\u00e1ba \u00e1ll\u00edtani azonnal az elk\u00fcld\u00f6tt munkav\u00e1llal\u00f3kat","author":{"@id":"https:\/\/allasorias.hu\/hirek\/author\/admin-allasorias\/#author"},"publisher":{"@id":"https:\/\/allasorias.hu\/hirek\/#organization"},"image":{"@type":"ImageObject","url":"https:\/\/allasorias.hu\/hirek\/wp-content\/uploads\/2025\/01\/munkabol-munkaba-program.jpg","width":1920,"height":1280,"caption":"Munk\u00e1ba \u00e1ll\u00edtani azonnal az elk\u00fcld\u00f6tt munkav\u00e1llal\u00f3kat - Allasorias.hu\/Hirek"},"datePublished":"2025-01-21T17:24:03+02:00","dateModified":"2025-05-09T16:03:12+02:00","inLanguage":"hu-HU","mainEntityOfPage":{"@id":"https:\/\/allasorias.hu\/hirek\/munkaba-allitani-azonnal-az-elkuldott-munkavallalokat\/#webpage"},"isPartOf":{"@id":"https:\/\/allasorias.hu\/hirek\/munkaba-allitani-azonnal-az-elkuldott-munkavallalokat\/#webpage"},"articleSection":"Munkaer\u0151piac, p\u00e1ly\u00e1zat, t\u00e1mogat\u00e1s"},{"@type":"BreadcrumbList","@id":"https:\/\/allasorias.hu\/hirek\/munkaba-allitani-azonnal-az-elkuldott-munkavallalokat\/#breadcrumblist","itemListElement":[{"@type":"ListItem","@id":"https:\/\/allasorias.hu\/hirek#listItem","position":1,"name":"Home","item":"https:\/\/allasorias.hu\/hirek","nextItem":{"@type":"ListItem","@id":"https:\/\/allasorias.hu\/hirek\/temak\/munkaeropiac\/#listItem","name":"Munkaer\u0151piac"}},{"@type":"ListItem","@id":"https:\/\/allasorias.hu\/hirek\/temak\/munkaeropiac\/#listItem","position":2,"name":"Munkaer\u0151piac","item":"https:\/\/allasorias.hu\/hirek\/temak\/munkaeropiac\/","nextItem":{"@type":"ListItem","@id":"https:\/\/allasorias.hu\/hirek\/munkaba-allitani-azonnal-az-elkuldott-munkavallalokat\/#listItem","name":"Munk\u00e1ba \u00e1ll\u00edtani azonnal az elk\u00fcld\u00f6tt munkav\u00e1llal\u00f3kat"},"previousItem":{"@type":"ListItem","@id":"https:\/\/allasorias.hu\/hirek#listItem","name":"Home"}},{"@type":"ListItem","@id":"https:\/\/allasorias.hu\/hirek\/munkaba-allitani-azonnal-az-elkuldott-munkavallalokat\/#listItem","position":3,"name":"Munk\u00e1ba \u00e1ll\u00edtani azonnal az elk\u00fcld\u00f6tt munkav\u00e1llal\u00f3kat","previousItem":{"@type":"ListItem","@id":"https:\/\/allasorias.hu\/hirek\/temak\/munkaeropiac\/#listItem","name":"Munkaer\u0151piac"}}]},{"@type":"Organization","@id":"https:\/\/allasorias.hu\/hirek\/#organization","name":"AllasOrias.hu | H\u00edrek-lapszemle","description":"\u00dczleti h\u00edrek az \u00e1ll\u00e1s \u00e9s a munka vil\u00e1g\u00e1b\u00f3l","url":"https:\/\/allasorias.hu\/hirek\/","logo":{"@type":"ImageObject","url":"https:\/\/allasorias.hu\/hirek\/wp-content\/uploads\/2022\/10\/allasorias_site_facebok_logo.png","@id":"https:\/\/allasorias.hu\/hirek\/munkaba-allitani-azonnal-az-elkuldott-munkavallalokat\/#organizationLogo"},"image":{"@id":"https:\/\/allasorias.hu\/hirek\/munkaba-allitani-azonnal-az-elkuldott-munkavallalokat\/#organizationLogo"},"sameAs":["https:\/\/www.facebook.com\/allasorias","https:\/\/www.linkedin.com\/company\/allasorias"]},{"@type":"Person","@id":"https:\/\/allasorias.hu\/hirek\/author\/admin-allasorias\/#author","url":"https:\/\/allasorias.hu\/hirek\/author\/admin-allasorias\/","name":"Juh\u00e1sz P\u00e9ter","image":{"@type":"ImageObject","@id":"https:\/\/allasorias.hu\/hirek\/munkaba-allitani-azonnal-az-elkuldott-munkavallalokat\/#authorImage","url":"https:\/\/secure.gravatar.com\/avatar\/36e6bcb83148978b992977cb0f54d22feb0cce8a0a849a9410532bb2623ba4c6?s=96&d=mm&r=g","width":96,"height":96,"caption":"Juh\u00e1sz P\u00e9ter"}},{"@type":"WebPage","@id":"https:\/\/allasorias.hu\/hirek\/munkaba-allitani-azonnal-az-elkuldott-munkavallalokat\/#webpage","url":"https:\/\/allasorias.hu\/hirek\/munkaba-allitani-azonnal-az-elkuldott-munkavallalokat\/","name":"Elk\u00fcld\u00f6tt munkav\u00e1llal\u00f3k azonnali munk\u00e1ba \u00e1ll\u00edt\u00e1sa","description":"Vissza nem t\u00e9r\u00edtend\u0151 t\u00e1mogat\u00e1st kaphatnak azok a v\u00e1llalkoz\u00e1sok, amelyek kor\u00e1bban elk\u00fcld\u00f6tt dolgoz\u00f3kat foglalkoztatnak.","inLanguage":"hu-HU","isPartOf":{"@id":"https:\/\/allasorias.hu\/hirek\/#website"},"breadcrumb":{"@id":"https:\/\/allasorias.hu\/hirek\/munkaba-allitani-azonnal-az-elkuldott-munkavallalokat\/#breadcrumblist"},"author":{"@id":"https:\/\/allasorias.hu\/hirek\/author\/admin-allasorias\/#author"},"creator":{"@id":"https:\/\/allasorias.hu\/hirek\/author\/admin-allasorias\/#author"},"image":{"@type":"ImageObject","url":"https:\/\/allasorias.hu\/hirek\/wp-content\/uploads\/2025\/01\/munkabol-munkaba-program.jpg","@id":"https:\/\/allasorias.hu\/hirek\/munkaba-allitani-azonnal-az-elkuldott-munkavallalokat\/#mainImage","width":1920,"height":1280,"caption":"Munk\u00e1ba \u00e1ll\u00edtani azonnal az elk\u00fcld\u00f6tt munkav\u00e1llal\u00f3kat - Allasorias.hu\/Hirek"},"primaryImageOfPage":{"@id":"https:\/\/allasorias.hu\/hirek\/munkaba-allitani-azonnal-az-elkuldott-munkavallalokat\/#mainImage"},"datePublished":"2025-01-21T17:24:03+02:00","dateModified":"2025-05-09T16:03:12+02:00"},{"@type":"WebSite","@id":"https:\/\/allasorias.hu\/hirek\/#website","url":"https:\/\/allasorias.hu\/hirek\/","name":"AllasOrias.hu | H\u00edrek-lapszemle","description":"\u00dczleti h\u00edrek az \u00e1ll\u00e1s \u00e9s a munka vil\u00e1g\u00e1b\u00f3l","inLanguage":"hu-HU","publisher":{"@id":"https:\/\/allasorias.hu\/hirek\/#organization"}}]},"og:locale":"hu_HU","og:site_name":"AllasOrias.hu | H\u00edrek-lapszemle | \u00dczleti h\u00edrek az \u00e1ll\u00e1s \u00e9s a munka vil\u00e1g\u00e1b\u00f3l","og:type":"article","og:title":"Elk\u00fcld\u00f6tt munkav\u00e1llal\u00f3k azonnali munk\u00e1ba \u00e1ll\u00edt\u00e1sa","og:description":"Vissza nem t\u00e9r\u00edtend\u0151 t\u00e1mogat\u00e1st kaphatnak azok a v\u00e1llalkoz\u00e1sok, amelyek kor\u00e1bban elk\u00fcld\u00f6tt dolgoz\u00f3kat foglalkoztatnak.","og:url":"https:\/\/allasorias.hu\/hirek\/munkaba-allitani-azonnal-az-elkuldott-munkavallalokat\/","og:image":"https:\/\/allasorias.hu\/hirek\/wp-content\/uploads\/2025\/01\/munkabol-munkaba-program.jpg","og:image:secure_url":"https:\/\/allasorias.hu\/hirek\/wp-content\/uploads\/2025\/01\/munkabol-munkaba-program.jpg","og:image:width":1920,"og:image:height":1280,"article:published_time":"2025-01-21T15:24:03+00:00","article:modified_time":"2025-05-09T14:03:12+00:00","article:publisher":"https:\/\/www.facebook.com\/allasorias","twitter:card":"summary_large_image","twitter:title":"Elk\u00fcld\u00f6tt munkav\u00e1llal\u00f3k azonnali munk\u00e1ba \u00e1ll\u00edt\u00e1sa","twitter:description":"Vissza nem t\u00e9r\u00edtend\u0151 t\u00e1mogat\u00e1st kaphatnak azok a v\u00e1llalkoz\u00e1sok, amelyek kor\u00e1bban elk\u00fcld\u00f6tt dolgoz\u00f3kat foglalkoztatnak.","twitter:image":"https:\/\/allasorias.hu\/hirek\/wp-content\/uploads\/2025\/01\/munkabol-munkaba-program.jpg","twitter:label1":"Written by","twitter:data1":"Juh\u00e1sz P\u00e9ter","twitter:label2":"Est. reading time","twitter:data2":"2 minutes"},"aioseo_meta_data":{"post_id":"8144","title":"Elk\u00fcld\u00f6tt munkav\u00e1llal\u00f3k azonnali munk\u00e1ba \u00e1ll\u00edt\u00e1sa","description":"Vissza nem t\u00e9r\u00edtend\u0151 t\u00e1mogat\u00e1st kaphatnak azok a v\u00e1llalkoz\u00e1sok, amelyek kor\u00e1bban elk\u00fcld\u00f6tt dolgoz\u00f3kat foglalkoztatnak.","keywords":null,"keyphrases":{"focus":{"keyphrase":"","score":0,"analysis":{"keyphraseInTitle":{"score":0,"maxScore":9,"error":1}}},"additional":[]},"primary_term":null,"canonical_url":null,"og_title":null,"og_description":null,"og_object_type":"default","og_image_type":"default","og_image_url":null,"og_image_width":null,"og_image_height":null,"og_image_custom_url":null,"og_image_custom_fields":null,"og_video":"","og_custom_url":null,"og_article_section":null,"og_article_tags":null,"twitter_use_og":true,"twitter_card":"default","twitter_image_type":"default","twitter_image_url":null,"twitter_image_custom_url":null,"twitter_image_custom_fields":null,"twitter_title":null,"twitter_description":null,"schema":{"blockGraphs":[],"customGraphs":[],"default":{"data":{"Article":[],"Course":[],"Dataset":[],"FAQPage":[],"Movie":[],"Person":[],"Product":[],"ProductReview":[],"Car":[],"Recipe":[],"Service":[],"SoftwareApplication":[],"WebPage":[]},"graphName":"Article","isEnabled":true},"graphs":[]},"schema_type":"default","schema_type_options":null,"pillar_content":false,"robots_default":true,"robots_noindex":false,"robots_noarchive":false,"robots_nosnippet":false,"robots_nofollow":false,"robots_noimageindex":false,"robots_noodp":false,"robots_notranslate":false,"robots_max_snippet":"-1","robots_max_videopreview":"-1","robots_max_imagepreview":"large","priority":null,"frequency":"default","location":null,"local_seo":null,"breadcrumb_settings":null,"limit_modified_date":false,"ai":null,"created":"2025-01-21 15:17:58","updated":"2025-10-02 20:53:30","seo_analyzer_scan_date":null,"focus_keyword":null,"additional_keywords":null,"truseo_locale":null},"aioseo_breadcrumb":"<div class=\"aioseo-breadcrumbs\"><span class=\"aioseo-breadcrumb\">\n\t\t\t<a href=\"https:\/\/allasorias.hu\/hirek\" title=\"Home\">Home<\/a>\n\t\t<\/span><span class=\"aioseo-breadcrumb-separator\">&raquo;<\/span><span class=\"aioseo-breadcrumb\">\n\t\t\t<a href=\"https:\/\/allasorias.hu\/hirek\/temak\/munkaeropiac\/\" title=\"Munkaer\u0151piac\">Munkaer\u0151piac<\/a>\n\t\t<\/span><span class=\"aioseo-breadcrumb-separator\">&raquo;<\/span><span class=\"aioseo-breadcrumb\">\n\t\t\tMunk\u00e1ba \u00e1ll\u00edtani azonnal az elk\u00fcld\u00f6tt munkav\u00e1llal\u00f3kat\n\t\t<\/span><\/div>","aioseo_breadcrumb_json":[{"label":"Home","link":"https:\/\/allasorias.hu\/hirek"},{"label":"Munkaer\u0151piac","link":"https:\/\/allasorias.hu\/hirek\/temak\/munkaeropiac\/"},{"label":"Munk\u00e1ba \u00e1ll\u00edtani azonnal az elk\u00fcld\u00f6tt munkav\u00e1llal\u00f3kat","link":"https:\/\/allasorias.hu\/hirek\/munkaba-allitani-azonnal-az-elkuldott-munkavallalokat\/"}],"_links":{"self":[{"href":"https:\/\/allasorias.hu\/hirek\/wp-json\/wp\/v2\/posts\/8144","targetHints":{"allow":["GET"]}}],"collection":[{"href":"https:\/\/allasorias.hu\/hirek\/wp-json\/wp\/v2\/posts"}],"about":[{"href":"https:\/\/allasorias.hu\/hirek\/wp-json\/wp\/v2\/types\/post"}],"author":[{"embeddable":true,"href":"https:\/\/allasorias.hu\/hirek\/wp-json\/wp\/v2\/users\/1"}],"replies":[{"embeddable":true,"href":"https:\/\/allasorias.hu\/hirek\/wp-json\/wp\/v2\/comments?post=8144"}],"version-history":[{"count":1,"href":"https:\/\/allasorias.hu\/hirek\/wp-json\/wp\/v2\/posts\/8144\/revisions"}],"predecessor-version":[{"id":8146,"href":"https:\/\/allasorias.hu\/hirek\/wp-json\/wp\/v2\/posts\/8144\/revisions\/8146"}],"wp:featuredmedia":[{"embeddable":true,"href":"https:\/\/allasorias.hu\/hirek\/wp-json\/wp\/v2\/media\/8145"}],"wp:attachment":[{"href":"https:\/\/allasorias.hu\/hirek\/wp-json\/wp\/v2\/media?parent=8144"}],"wp:term":[{"taxonomy":"category","embeddable":true,"href":"https:\/\/allasorias.hu\/hirek\/wp-json\/wp\/v2\/categories?post=8144"},{"taxonomy":"post_tag","embeddable":true,"href":"https:\/\/allasorias.hu\/hirek\/wp-json\/wp\/v2\/tags?post=8144"}],"curies":[{"name":"wp","href":"https:\/\/api.w.org\/{rel}","templated":true}]}}