{"id":8136,"date":"2025-01-17T12:45:27","date_gmt":"2025-01-17T10:45:27","guid":{"rendered":"https:\/\/allasorias.hu\/hirek\/?p=8136"},"modified":"2025-05-09T16:11:47","modified_gmt":"2025-05-09T14:11:47","slug":"nem-minden-diplomas-keres-jol","status":"publish","type":"post","link":"https:\/\/allasorias.hu\/hirek\/nem-minden-diplomas-keres-jol\/","title":{"rendered":"Nem minden diplom\u00e1s keres j\u00f3l"},"content":{"rendered":"<p><strong>Vannak olyan diplom\u00e1k, melyekkel nem felt\u00e9tlen\u00fcl lehet j\u00f3 kezd\u0151fizet\u00e9st kapni, ez\u00e9rt is \u00e1tgondoland\u00f3 a szakv\u00e1laszt\u00e1s. Keveset keres p\u00e9ld\u00e1ul a r\u00e9g\u00e9sz, a t\u00e1ncm\u0171v\u00e9sz vagy a tervez\u0151grafikus.<\/strong><\/p>\n<p>B\u00e1r a fels\u0151fok\u00fa v\u00e9gzetts\u00e9ghez alapvet\u0151en magasabb fizet\u00e9s t\u00e1rsul, \u00e1m n\u00e9h\u00e1ny diploma eset\u00e9ben a p\u00e1lyakezd\u0151k alapb\u00e9re kir\u00edv\u00f3an alacsony lehet \u2013 mutatott r\u00e1 az Eduline. A diploma megszerz\u00e9se sok fiatal sz\u00e1m\u00e1ra hatalmas jelent\u0151s\u00e9ggel b\u00edr, \u00e1m ami a meg\u00e9lhet\u00e9st illeti, \u00e9rdemes \u00e1tgondolni, milyen ter\u00fcleten szeretn\u00e9nek tov\u00e1bbtanulni, ugyanis az elhelyezked\u00e9s is neh\u00e9z lehet egyes v\u00e9gzetts\u00e9gekkel, \u00e9s a v\u00e1rhat\u00f3 fizet\u00e9s sem k\u00f6zel\u00edti meg azt a szintet, amit a legt\u00f6bben elv\u00e1r\u00e1nak a fels\u0151fok\u00fa tanulm\u00e1nyok elv\u00e9gz\u00e9se ut\u00e1n.<\/p>\n<p>Kor\u00e1bban a 168.hu is besz\u00e1molt arr\u00f3l, hogy a Diplom\u00e1s P\u00e1lyak\u00f6vet\u00e9si Rendszer adatai alapj\u00e1n mely szakemberek ir\u00e1nt mutatkozik a legalacsonyabb kereslet, \u00e9s ez szoros \u00f6sszef\u00fcgg\u00e9sben \u00e1ll azzal is, hogy mekkora fizet\u00e9sre sz\u00e1m\u00edthatnak azok, akik ezeken a ter\u00fcleteken szeretn\u00e9nek elhelyezkedni. A munkaer\u0151piaci v\u00e1ltoz\u00e1sokat folyamatosan elemzik, ennek k\u00f6sz\u00f6nhet\u0151en id\u0151r\u0151l id\u0151re l\u00e1tszik, hogy milyen szakokon \u00e9rdemes tov\u00e1bbtanulni. B\u00e1r most friss adatok \u00e9rkeztek, de az adatok feldolgoz\u00e1sa hosszadalmas, \u00edgy egyel\u0151re a 2023 decemberi fizet\u00e9si adatok \u00e1llnak rendelkez\u00e9sre.<\/p>\n<p>A Diplom\u00e1s P\u00e1lyak\u00f6vet\u00e9si Rendszer friss adatai alapj\u00e1n egy\u00e9rtelm\u0171en l\u00e1tszik, hogy melyek azok az alapszakok, ahol a p\u00e1lyakezd\u0151k a diploma megszerz\u00e9s\u00e9t k\u00f6vet\u0151en a legalacsonyabb fizet\u00e9sekkel sz\u00e1molhatnak. M\u00e1r a munkakeres\u00e9s is neh\u00e9zs\u00e9gekbe \u00fctk\u00f6zhet, ugyanis sokkal kevesebb lehet\u0151s\u00e9g \u00e1ll rendelkez\u00e9sre, mint a keresett szakm\u00e1k eset\u00e9ben.<\/p>\n<p>Az els\u0151 helyen ez\u00fattal a r\u00e9g\u00e9szet \u00e1ll, amellyel brutt\u00f3 265 930 forintos kezd\u0151fizet\u00e9s j\u00e1r. B\u00e1r ez az el\u0151z\u0151 \u00e9vi list\u00e1ban m\u00e9g nem szerepelt, \u00e1m mostanra beker\u00fcl a list\u00e1ba, b\u00e1r az is t\u00e9ny, hogy akik ezt a szakot v\u00e1lasztj\u00e1k, jellemz\u0151en nem \u00e1llnak meg egy alapszakos v\u00e9gzetts\u00e9gn\u00e9l: t\u00f6bb mint 80 sz\u00e1zal\u00e9kuk a mesterszakos diplom\u00e1t is megszerzi.<\/p>\n<ul>\n<li>A k\u00f6rnyezetkult\u00fara szak is csak 289 420 forintot \u00e9s,<\/li>\n<li>m\u00edg a di\u00e1kok k\u00f6r\u00e9ben sok\u00e1ig n\u00e9pszer\u0171 anim\u00e1ci\u00f3 szakot elv\u00e9gz\u0151k 293 759 forintra sz\u00e1m\u00edthatnak.<\/li>\n<li>A textiltervez\u0151k\u00e9nt v\u00e9gz\u0151 hallgat\u00f3k sincsenek sokkal jobb helyzetben a 307 423 forintos brutt\u00f3 fizet\u00e9ssel,<\/li>\n<li>\u00e9s a fotogr\u00e1fia szakkal sem k\u00f6nny\u0171 meggazdagodni a 309 270 forintos b\u00e9rez\u00e9ssel.<\/li>\n<li>A mozg\u00f3k\u00e9pkult\u00fara \u00e9s m\u00e9diaismeret 319 965 forintos fizet\u00e9se is meglep\u0151 lehet,<\/li>\n<li>ahogyan a k\u00e9pi \u00e1br\u00e1zol\u00e1s alapszak 323 045 forintja is nagyon alacsonynak sz\u00e1m\u00edt.<\/li>\n<li>A tervez\u0151grafika 337 760 forintot \u00edr,<\/li>\n<li>m\u00edg a t\u00e1rgyalkot\u00e1s alapszakos diplom\u00e1val rendelkez\u0151k 343 166 forintos fizet\u00e9sre sz\u00e1m\u00edthatnak.<\/li>\n<li>A lista utols\u00f3 hely\u00e9n a t\u00e1ncm\u0171v\u00e9sz diploma \u00e1ll, amelyhez az utols\u00f3 adatok szerint 349 040 forintos \u00e1tlagos fizet\u00e9s t\u00e1rsul.<\/li>\n<\/ul>\n<p>A fenti adatok f\u00e9ny\u00e9ben \u00e9rdemes lehet \u00e1tgondolni, hogy hol \u00e9rdemes tov\u00e1bbtanulni, hiszen ezen adatokban m\u00e1r azok is szerepelnek, akik a 2021\/2022-es tan\u00e9vben v\u00e9geztek, teh\u00e1t az elm\u00falt \u00e9vek munkaer\u0151piaci helyzet\u00e9t is t\u00fckr\u00f6zi.<\/p>\n<p>Forr\u00e1s: <a href=\"https:\/\/168.hu\/penz\/diploma-vegzettseg-alacsony-fizetes-egyetem-felsofoku-tanulmanyok-284554\" target=\"_blank\" rel=\"nofollow noopener noreferrer\">168.hu<\/a><\/p>\n","protected":false},"excerpt":{"rendered":"<p>Vannak olyan diplom\u00e1k, melyekkel nem felt\u00e9tlen\u00fcl lehet j\u00f3 kezd\u0151fizet\u00e9st kapni, ez\u00e9rt is \u00e1tgondoland\u00f3 a szakv\u00e1laszt\u00e1s. Keveset keres p\u00e9ld\u00e1ul a r\u00e9g\u00e9sz, a t\u00e1ncm\u0171v\u00e9sz vagy a tervez\u0151grafikus. B\u00e1r a fels\u0151fok\u00fa v\u00e9gzetts\u00e9ghez alapvet\u0151en magasabb fizet\u00e9s t\u00e1rsul, \u00e1m n\u00e9h\u00e1ny diploma eset\u00e9ben a p\u00e1lyakezd\u0151k alapb\u00e9re kir\u00edv\u00f3an alacsony lehet \u2013 mutatott r\u00e1 az Eduline. A diploma megszerz\u00e9se sok fiatal sz\u00e1m\u00e1ra hatalmas [&hellip;]<\/p>\n","protected":false},"author":1,"featured_media":8137,"comment_status":"closed","ping_status":"closed","sticky":false,"template":"","format":"standard","meta":{"_monsterinsights_skip_tracking":false,"footnotes":""},"categories":[200],"tags":[391,862],"class_list":["post-8136","post","type-post","status-publish","format-standard","has-post-thumbnail","hentry","category-munkaeropiac","tag-diploma","tag-diplomas-fizetesek"],"aioseo_notices":[],"aioseo_head":"\n\t\t<!-- All in One SEO 5.0.0.1 - aioseo.com -->\n\t<meta name=\"description\" content=\"Vannak olyan diplom\u00e1k, melyekkel nem felt\u00e9tlen\u00fcl lehet j\u00f3 kezd\u0151fizet\u00e9st kapni, ez\u00e9rt is \u00e1tgondoland\u00f3 a szakv\u00e1laszt\u00e1s.\" \/>\n\t<meta name=\"robots\" content=\"max-image-preview:large\" \/>\n\t<meta name=\"author\" content=\"Juh\u00e1sz P\u00e9ter\"\/>\n\t<meta name=\"keywords\" content=\"diploma,diplom\u00e1s fizet\u00e9sek\" \/>\n\t<link rel=\"canonical\" href=\"https:\/\/allasorias.hu\/hirek\/nem-minden-diplomas-keres-jol\/\" \/>\n\t<meta name=\"generator\" content=\"All in One SEO (AIOSEO) 5.0.0.1\" \/>\n\t\t<meta property=\"og:locale\" content=\"hu_HU\" \/>\n\t\t<meta property=\"og:site_name\" content=\"AllasOrias.hu | H\u00edrek-lapszemle | \u00dczleti h\u00edrek az \u00e1ll\u00e1s \u00e9s a munka vil\u00e1g\u00e1b\u00f3l\" \/>\n\t\t<meta property=\"og:type\" content=\"article\" \/>\n\t\t<meta property=\"og:title\" content=\"Diplom\u00e1val sem mindig biztos a j\u00f3 kereset\" \/>\n\t\t<meta property=\"og:description\" content=\"Vannak olyan diplom\u00e1k, melyekkel nem felt\u00e9tlen\u00fcl lehet j\u00f3 kezd\u0151fizet\u00e9st kapni, ez\u00e9rt is \u00e1tgondoland\u00f3 a szakv\u00e1laszt\u00e1s.\" \/>\n\t\t<meta property=\"og:url\" content=\"https:\/\/allasorias.hu\/hirek\/nem-minden-diplomas-keres-jol\/\" \/>\n\t\t<meta property=\"og:image\" content=\"https:\/\/allasorias.hu\/hirek\/wp-content\/uploads\/2025\/01\/diplomas-fizetesek.jpg\" \/>\n\t\t<meta property=\"og:image:secure_url\" content=\"https:\/\/allasorias.hu\/hirek\/wp-content\/uploads\/2025\/01\/diplomas-fizetesek.jpg\" \/>\n\t\t<meta property=\"og:image:width\" content=\"1920\" \/>\n\t\t<meta property=\"og:image:height\" content=\"1282\" \/>\n\t\t<meta property=\"article:published_time\" content=\"2025-01-17T10:45:27+00:00\" \/>\n\t\t<meta property=\"article:modified_time\" content=\"2025-05-09T14:11:47+00:00\" \/>\n\t\t<meta property=\"article:publisher\" content=\"https:\/\/www.facebook.com\/allasorias\" \/>\n\t\t<meta name=\"twitter:card\" content=\"summary_large_image\" \/>\n\t\t<meta name=\"twitter:title\" content=\"Diplom\u00e1val sem mindig biztos a j\u00f3 kereset\" \/>\n\t\t<meta name=\"twitter:description\" content=\"Vannak olyan diplom\u00e1k, melyekkel nem felt\u00e9tlen\u00fcl lehet j\u00f3 kezd\u0151fizet\u00e9st kapni, ez\u00e9rt is \u00e1tgondoland\u00f3 a szakv\u00e1laszt\u00e1s.\" \/>\n\t\t<meta name=\"twitter:image\" content=\"https:\/\/allasorias.hu\/hirek\/wp-content\/uploads\/2025\/01\/diplomas-fizetesek.jpg\" \/>\n\t\t<meta name=\"twitter:label1\" content=\"Written by\" \/>\n\t\t<meta name=\"twitter:data1\" content=\"Juh\u00e1sz P\u00e9ter\" \/>\n\t\t<meta name=\"twitter:label2\" content=\"Est. reading time\" \/>\n\t\t<meta name=\"twitter:data2\" content=\"3 minutes\" \/>\n\t\t<script type=\"application\/ld+json\" class=\"aioseo-schema\">\n\t\t\t{\"@context\":\"https:\\\/\\\/schema.org\",\"@graph\":[{\"@type\":\"Article\",\"@id\":\"https:\\\/\\\/allasorias.hu\\\/hirek\\\/nem-minden-diplomas-keres-jol\\\/#article\",\"name\":\"Diplom\\u00e1val sem mindig biztos a j\\u00f3 kereset\",\"headline\":\"Nem minden diplom\\u00e1s keres j\\u00f3l\",\"author\":{\"@id\":\"https:\\\/\\\/allasorias.hu\\\/hirek\\\/author\\\/admin-allasorias\\\/#author\"},\"publisher\":{\"@id\":\"https:\\\/\\\/allasorias.hu\\\/hirek\\\/#organization\"},\"image\":{\"@type\":\"ImageObject\",\"url\":\"https:\\\/\\\/allasorias.hu\\\/hirek\\\/wp-content\\\/uploads\\\/2025\\\/01\\\/diplomas-fizetesek.jpg\",\"width\":1920,\"height\":1282,\"caption\":\"Nem minden diplom\\u00e1s keres j\\u00f3l - Allasorias.hu\\\/Hirek\"},\"datePublished\":\"2025-01-17T12:45:27+02:00\",\"dateModified\":\"2025-05-09T16:11:47+02:00\",\"inLanguage\":\"hu-HU\",\"mainEntityOfPage\":{\"@id\":\"https:\\\/\\\/allasorias.hu\\\/hirek\\\/nem-minden-diplomas-keres-jol\\\/#webpage\"},\"isPartOf\":{\"@id\":\"https:\\\/\\\/allasorias.hu\\\/hirek\\\/nem-minden-diplomas-keres-jol\\\/#webpage\"},\"articleSection\":\"Munkaer\\u0151piac, diploma, diplom\\u00e1s fizet\\u00e9sek\"},{\"@type\":\"BreadcrumbList\",\"@id\":\"https:\\\/\\\/allasorias.hu\\\/hirek\\\/nem-minden-diplomas-keres-jol\\\/#breadcrumblist\",\"itemListElement\":[{\"@type\":\"ListItem\",\"@id\":\"https:\\\/\\\/allasorias.hu\\\/hirek#listItem\",\"position\":1,\"name\":\"Home\",\"item\":\"https:\\\/\\\/allasorias.hu\\\/hirek\",\"nextItem\":{\"@type\":\"ListItem\",\"@id\":\"https:\\\/\\\/allasorias.hu\\\/hirek\\\/temak\\\/munkaeropiac\\\/#listItem\",\"name\":\"Munkaer\\u0151piac\"}},{\"@type\":\"ListItem\",\"@id\":\"https:\\\/\\\/allasorias.hu\\\/hirek\\\/temak\\\/munkaeropiac\\\/#listItem\",\"position\":2,\"name\":\"Munkaer\\u0151piac\",\"item\":\"https:\\\/\\\/allasorias.hu\\\/hirek\\\/temak\\\/munkaeropiac\\\/\",\"nextItem\":{\"@type\":\"ListItem\",\"@id\":\"https:\\\/\\\/allasorias.hu\\\/hirek\\\/nem-minden-diplomas-keres-jol\\\/#listItem\",\"name\":\"Nem minden diplom\\u00e1s keres j\\u00f3l\"},\"previousItem\":{\"@type\":\"ListItem\",\"@id\":\"https:\\\/\\\/allasorias.hu\\\/hirek#listItem\",\"name\":\"Home\"}},{\"@type\":\"ListItem\",\"@id\":\"https:\\\/\\\/allasorias.hu\\\/hirek\\\/nem-minden-diplomas-keres-jol\\\/#listItem\",\"position\":3,\"name\":\"Nem minden diplom\\u00e1s keres j\\u00f3l\",\"previousItem\":{\"@type\":\"ListItem\",\"@id\":\"https:\\\/\\\/allasorias.hu\\\/hirek\\\/temak\\\/munkaeropiac\\\/#listItem\",\"name\":\"Munkaer\\u0151piac\"}}]},{\"@type\":\"Organization\",\"@id\":\"https:\\\/\\\/allasorias.hu\\\/hirek\\\/#organization\",\"name\":\"AllasOrias.hu | H\\u00edrek-lapszemle\",\"description\":\"\\u00dczleti h\\u00edrek az \\u00e1ll\\u00e1s \\u00e9s a munka vil\\u00e1g\\u00e1b\\u00f3l\",\"url\":\"https:\\\/\\\/allasorias.hu\\\/hirek\\\/\",\"logo\":{\"@type\":\"ImageObject\",\"url\":\"https:\\\/\\\/allasorias.hu\\\/hirek\\\/wp-content\\\/uploads\\\/2022\\\/10\\\/allasorias_site_facebok_logo.png\",\"@id\":\"https:\\\/\\\/allasorias.hu\\\/hirek\\\/nem-minden-diplomas-keres-jol\\\/#organizationLogo\"},\"image\":{\"@id\":\"https:\\\/\\\/allasorias.hu\\\/hirek\\\/nem-minden-diplomas-keres-jol\\\/#organizationLogo\"},\"sameAs\":[\"https:\\\/\\\/www.facebook.com\\\/allasorias\",\"https:\\\/\\\/www.linkedin.com\\\/company\\\/allasorias\"]},{\"@type\":\"Person\",\"@id\":\"https:\\\/\\\/allasorias.hu\\\/hirek\\\/author\\\/admin-allasorias\\\/#author\",\"url\":\"https:\\\/\\\/allasorias.hu\\\/hirek\\\/author\\\/admin-allasorias\\\/\",\"name\":\"Juh\\u00e1sz P\\u00e9ter\",\"image\":{\"@type\":\"ImageObject\",\"@id\":\"https:\\\/\\\/allasorias.hu\\\/hirek\\\/nem-minden-diplomas-keres-jol\\\/#authorImage\",\"url\":\"https:\\\/\\\/secure.gravatar.com\\\/avatar\\\/36e6bcb83148978b992977cb0f54d22feb0cce8a0a849a9410532bb2623ba4c6?s=96&d=mm&r=g\",\"width\":96,\"height\":96,\"caption\":\"Juh\\u00e1sz P\\u00e9ter\"}},{\"@type\":\"WebPage\",\"@id\":\"https:\\\/\\\/allasorias.hu\\\/hirek\\\/nem-minden-diplomas-keres-jol\\\/#webpage\",\"url\":\"https:\\\/\\\/allasorias.hu\\\/hirek\\\/nem-minden-diplomas-keres-jol\\\/\",\"name\":\"Diplom\\u00e1val sem mindig biztos a j\\u00f3 kereset\",\"description\":\"Vannak olyan diplom\\u00e1k, melyekkel nem felt\\u00e9tlen\\u00fcl lehet j\\u00f3 kezd\\u0151fizet\\u00e9st kapni, ez\\u00e9rt is \\u00e1tgondoland\\u00f3 a szakv\\u00e1laszt\\u00e1s.\",\"inLanguage\":\"hu-HU\",\"isPartOf\":{\"@id\":\"https:\\\/\\\/allasorias.hu\\\/hirek\\\/#website\"},\"breadcrumb\":{\"@id\":\"https:\\\/\\\/allasorias.hu\\\/hirek\\\/nem-minden-diplomas-keres-jol\\\/#breadcrumblist\"},\"author\":{\"@id\":\"https:\\\/\\\/allasorias.hu\\\/hirek\\\/author\\\/admin-allasorias\\\/#author\"},\"creator\":{\"@id\":\"https:\\\/\\\/allasorias.hu\\\/hirek\\\/author\\\/admin-allasorias\\\/#author\"},\"image\":{\"@type\":\"ImageObject\",\"url\":\"https:\\\/\\\/allasorias.hu\\\/hirek\\\/wp-content\\\/uploads\\\/2025\\\/01\\\/diplomas-fizetesek.jpg\",\"@id\":\"https:\\\/\\\/allasorias.hu\\\/hirek\\\/nem-minden-diplomas-keres-jol\\\/#mainImage\",\"width\":1920,\"height\":1282,\"caption\":\"Nem minden diplom\\u00e1s keres j\\u00f3l - Allasorias.hu\\\/Hirek\"},\"primaryImageOfPage\":{\"@id\":\"https:\\\/\\\/allasorias.hu\\\/hirek\\\/nem-minden-diplomas-keres-jol\\\/#mainImage\"},\"datePublished\":\"2025-01-17T12:45:27+02:00\",\"dateModified\":\"2025-05-09T16:11:47+02:00\"},{\"@type\":\"WebSite\",\"@id\":\"https:\\\/\\\/allasorias.hu\\\/hirek\\\/#website\",\"url\":\"https:\\\/\\\/allasorias.hu\\\/hirek\\\/\",\"name\":\"AllasOrias.hu | H\\u00edrek-lapszemle\",\"description\":\"\\u00dczleti h\\u00edrek az \\u00e1ll\\u00e1s \\u00e9s a munka vil\\u00e1g\\u00e1b\\u00f3l\",\"inLanguage\":\"hu-HU\",\"publisher\":{\"@id\":\"https:\\\/\\\/allasorias.hu\\\/hirek\\\/#organization\"}}]}\n\t\t<\/script>\n\t\t<!-- All in One SEO -->\n\n","aioseo_head_json":{"title":"Diplom\u00e1val sem mindig biztos a j\u00f3 kereset","description":"Vannak olyan diplom\u00e1k, melyekkel nem felt\u00e9tlen\u00fcl lehet j\u00f3 kezd\u0151fizet\u00e9st kapni, ez\u00e9rt is \u00e1tgondoland\u00f3 a szakv\u00e1laszt\u00e1s.","canonical_url":"https:\/\/allasorias.hu\/hirek\/nem-minden-diplomas-keres-jol\/","robots":"max-image-preview:large","keywords":"diploma,diplom\u00e1s fizet\u00e9sek","webmasterTools":{"miscellaneous":""},"schema":{"@context":"https:\/\/schema.org","@graph":[{"@type":"Article","@id":"https:\/\/allasorias.hu\/hirek\/nem-minden-diplomas-keres-jol\/#article","name":"Diplom\u00e1val sem mindig biztos a j\u00f3 kereset","headline":"Nem minden diplom\u00e1s keres j\u00f3l","author":{"@id":"https:\/\/allasorias.hu\/hirek\/author\/admin-allasorias\/#author"},"publisher":{"@id":"https:\/\/allasorias.hu\/hirek\/#organization"},"image":{"@type":"ImageObject","url":"https:\/\/allasorias.hu\/hirek\/wp-content\/uploads\/2025\/01\/diplomas-fizetesek.jpg","width":1920,"height":1282,"caption":"Nem minden diplom\u00e1s keres j\u00f3l - Allasorias.hu\/Hirek"},"datePublished":"2025-01-17T12:45:27+02:00","dateModified":"2025-05-09T16:11:47+02:00","inLanguage":"hu-HU","mainEntityOfPage":{"@id":"https:\/\/allasorias.hu\/hirek\/nem-minden-diplomas-keres-jol\/#webpage"},"isPartOf":{"@id":"https:\/\/allasorias.hu\/hirek\/nem-minden-diplomas-keres-jol\/#webpage"},"articleSection":"Munkaer\u0151piac, diploma, diplom\u00e1s fizet\u00e9sek"},{"@type":"BreadcrumbList","@id":"https:\/\/allasorias.hu\/hirek\/nem-minden-diplomas-keres-jol\/#breadcrumblist","itemListElement":[{"@type":"ListItem","@id":"https:\/\/allasorias.hu\/hirek#listItem","position":1,"name":"Home","item":"https:\/\/allasorias.hu\/hirek","nextItem":{"@type":"ListItem","@id":"https:\/\/allasorias.hu\/hirek\/temak\/munkaeropiac\/#listItem","name":"Munkaer\u0151piac"}},{"@type":"ListItem","@id":"https:\/\/allasorias.hu\/hirek\/temak\/munkaeropiac\/#listItem","position":2,"name":"Munkaer\u0151piac","item":"https:\/\/allasorias.hu\/hirek\/temak\/munkaeropiac\/","nextItem":{"@type":"ListItem","@id":"https:\/\/allasorias.hu\/hirek\/nem-minden-diplomas-keres-jol\/#listItem","name":"Nem minden diplom\u00e1s keres j\u00f3l"},"previousItem":{"@type":"ListItem","@id":"https:\/\/allasorias.hu\/hirek#listItem","name":"Home"}},{"@type":"ListItem","@id":"https:\/\/allasorias.hu\/hirek\/nem-minden-diplomas-keres-jol\/#listItem","position":3,"name":"Nem minden diplom\u00e1s keres j\u00f3l","previousItem":{"@type":"ListItem","@id":"https:\/\/allasorias.hu\/hirek\/temak\/munkaeropiac\/#listItem","name":"Munkaer\u0151piac"}}]},{"@type":"Organization","@id":"https:\/\/allasorias.hu\/hirek\/#organization","name":"AllasOrias.hu | H\u00edrek-lapszemle","description":"\u00dczleti h\u00edrek az \u00e1ll\u00e1s \u00e9s a munka vil\u00e1g\u00e1b\u00f3l","url":"https:\/\/allasorias.hu\/hirek\/","logo":{"@type":"ImageObject","url":"https:\/\/allasorias.hu\/hirek\/wp-content\/uploads\/2022\/10\/allasorias_site_facebok_logo.png","@id":"https:\/\/allasorias.hu\/hirek\/nem-minden-diplomas-keres-jol\/#organizationLogo"},"image":{"@id":"https:\/\/allasorias.hu\/hirek\/nem-minden-diplomas-keres-jol\/#organizationLogo"},"sameAs":["https:\/\/www.facebook.com\/allasorias","https:\/\/www.linkedin.com\/company\/allasorias"]},{"@type":"Person","@id":"https:\/\/allasorias.hu\/hirek\/author\/admin-allasorias\/#author","url":"https:\/\/allasorias.hu\/hirek\/author\/admin-allasorias\/","name":"Juh\u00e1sz P\u00e9ter","image":{"@type":"ImageObject","@id":"https:\/\/allasorias.hu\/hirek\/nem-minden-diplomas-keres-jol\/#authorImage","url":"https:\/\/secure.gravatar.com\/avatar\/36e6bcb83148978b992977cb0f54d22feb0cce8a0a849a9410532bb2623ba4c6?s=96&d=mm&r=g","width":96,"height":96,"caption":"Juh\u00e1sz P\u00e9ter"}},{"@type":"WebPage","@id":"https:\/\/allasorias.hu\/hirek\/nem-minden-diplomas-keres-jol\/#webpage","url":"https:\/\/allasorias.hu\/hirek\/nem-minden-diplomas-keres-jol\/","name":"Diplom\u00e1val sem mindig biztos a j\u00f3 kereset","description":"Vannak olyan diplom\u00e1k, melyekkel nem felt\u00e9tlen\u00fcl lehet j\u00f3 kezd\u0151fizet\u00e9st kapni, ez\u00e9rt is \u00e1tgondoland\u00f3 a szakv\u00e1laszt\u00e1s.","inLanguage":"hu-HU","isPartOf":{"@id":"https:\/\/allasorias.hu\/hirek\/#website"},"breadcrumb":{"@id":"https:\/\/allasorias.hu\/hirek\/nem-minden-diplomas-keres-jol\/#breadcrumblist"},"author":{"@id":"https:\/\/allasorias.hu\/hirek\/author\/admin-allasorias\/#author"},"creator":{"@id":"https:\/\/allasorias.hu\/hirek\/author\/admin-allasorias\/#author"},"image":{"@type":"ImageObject","url":"https:\/\/allasorias.hu\/hirek\/wp-content\/uploads\/2025\/01\/diplomas-fizetesek.jpg","@id":"https:\/\/allasorias.hu\/hirek\/nem-minden-diplomas-keres-jol\/#mainImage","width":1920,"height":1282,"caption":"Nem minden diplom\u00e1s keres j\u00f3l - Allasorias.hu\/Hirek"},"primaryImageOfPage":{"@id":"https:\/\/allasorias.hu\/hirek\/nem-minden-diplomas-keres-jol\/#mainImage"},"datePublished":"2025-01-17T12:45:27+02:00","dateModified":"2025-05-09T16:11:47+02:00"},{"@type":"WebSite","@id":"https:\/\/allasorias.hu\/hirek\/#website","url":"https:\/\/allasorias.hu\/hirek\/","name":"AllasOrias.hu | H\u00edrek-lapszemle","description":"\u00dczleti h\u00edrek az \u00e1ll\u00e1s \u00e9s a munka vil\u00e1g\u00e1b\u00f3l","inLanguage":"hu-HU","publisher":{"@id":"https:\/\/allasorias.hu\/hirek\/#organization"}}]},"og:locale":"hu_HU","og:site_name":"AllasOrias.hu | H\u00edrek-lapszemle | \u00dczleti h\u00edrek az \u00e1ll\u00e1s \u00e9s a munka vil\u00e1g\u00e1b\u00f3l","og:type":"article","og:title":"Diplom\u00e1val sem mindig biztos a j\u00f3 kereset","og:description":"Vannak olyan diplom\u00e1k, melyekkel nem felt\u00e9tlen\u00fcl lehet j\u00f3 kezd\u0151fizet\u00e9st kapni, ez\u00e9rt is \u00e1tgondoland\u00f3 a szakv\u00e1laszt\u00e1s.","og:url":"https:\/\/allasorias.hu\/hirek\/nem-minden-diplomas-keres-jol\/","og:image":"https:\/\/allasorias.hu\/hirek\/wp-content\/uploads\/2025\/01\/diplomas-fizetesek.jpg","og:image:secure_url":"https:\/\/allasorias.hu\/hirek\/wp-content\/uploads\/2025\/01\/diplomas-fizetesek.jpg","og:image:width":1920,"og:image:height":1282,"article:published_time":"2025-01-17T10:45:27+00:00","article:modified_time":"2025-05-09T14:11:47+00:00","article:publisher":"https:\/\/www.facebook.com\/allasorias","twitter:card":"summary_large_image","twitter:title":"Diplom\u00e1val sem mindig biztos a j\u00f3 kereset","twitter:description":"Vannak olyan diplom\u00e1k, melyekkel nem felt\u00e9tlen\u00fcl lehet j\u00f3 kezd\u0151fizet\u00e9st kapni, ez\u00e9rt is \u00e1tgondoland\u00f3 a szakv\u00e1laszt\u00e1s.","twitter:image":"https:\/\/allasorias.hu\/hirek\/wp-content\/uploads\/2025\/01\/diplomas-fizetesek.jpg","twitter:label1":"Written by","twitter:data1":"Juh\u00e1sz P\u00e9ter","twitter:label2":"Est. reading time","twitter:data2":"3 minutes"},"aioseo_meta_data":{"post_id":"8136","title":"Diplom\u00e1val sem mindig biztos a j\u00f3 kereset","description":"Vannak olyan diplom\u00e1k, melyekkel nem felt\u00e9tlen\u00fcl lehet j\u00f3 kezd\u0151fizet\u00e9st kapni, ez\u00e9rt is \u00e1tgondoland\u00f3 a szakv\u00e1laszt\u00e1s.","keywords":null,"keyphrases":{"focus":{"keyphrase":"","score":0,"analysis":{"keyphraseInTitle":{"score":0,"maxScore":9,"error":1}}},"additional":[]},"primary_term":null,"canonical_url":null,"og_title":null,"og_description":null,"og_object_type":"default","og_image_type":"default","og_image_url":null,"og_image_width":null,"og_image_height":null,"og_image_custom_url":null,"og_image_custom_fields":null,"og_video":"","og_custom_url":null,"og_article_section":null,"og_article_tags":null,"twitter_use_og":true,"twitter_card":"default","twitter_image_type":"default","twitter_image_url":null,"twitter_image_custom_url":null,"twitter_image_custom_fields":null,"twitter_title":null,"twitter_description":null,"schema":{"blockGraphs":[],"customGraphs":[],"default":{"data":{"Article":[],"Course":[],"Dataset":[],"FAQPage":[],"Movie":[],"Person":[],"Product":[],"ProductReview":[],"Car":[],"Recipe":[],"Service":[],"SoftwareApplication":[],"WebPage":[]},"graphName":"Article","isEnabled":true},"graphs":[]},"schema_type":"default","schema_type_options":null,"pillar_content":false,"robots_default":true,"robots_noindex":false,"robots_noarchive":false,"robots_nosnippet":false,"robots_nofollow":false,"robots_noimageindex":false,"robots_noodp":false,"robots_notranslate":false,"robots_max_snippet":"-1","robots_max_videopreview":"-1","robots_max_imagepreview":"large","priority":null,"frequency":"default","location":null,"local_seo":null,"breadcrumb_settings":null,"limit_modified_date":false,"ai":null,"created":"2025-01-17 09:59:27","updated":"2025-10-02 20:53:30","seo_analyzer_scan_date":null,"focus_keyword":null,"additional_keywords":null,"truseo_locale":null},"aioseo_breadcrumb":"<div class=\"aioseo-breadcrumbs\"><span class=\"aioseo-breadcrumb\">\n\t\t\t<a href=\"https:\/\/allasorias.hu\/hirek\" title=\"Home\">Home<\/a>\n\t\t<\/span><span class=\"aioseo-breadcrumb-separator\">&raquo;<\/span><span class=\"aioseo-breadcrumb\">\n\t\t\t<a href=\"https:\/\/allasorias.hu\/hirek\/temak\/munkaeropiac\/\" title=\"Munkaer\u0151piac\">Munkaer\u0151piac<\/a>\n\t\t<\/span><span class=\"aioseo-breadcrumb-separator\">&raquo;<\/span><span class=\"aioseo-breadcrumb\">\n\t\t\tNem minden diplom\u00e1s keres j\u00f3l\n\t\t<\/span><\/div>","aioseo_breadcrumb_json":[{"label":"Home","link":"https:\/\/allasorias.hu\/hirek"},{"label":"Munkaer\u0151piac","link":"https:\/\/allasorias.hu\/hirek\/temak\/munkaeropiac\/"},{"label":"Nem minden diplom\u00e1s keres j\u00f3l","link":"https:\/\/allasorias.hu\/hirek\/nem-minden-diplomas-keres-jol\/"}],"_links":{"self":[{"href":"https:\/\/allasorias.hu\/hirek\/wp-json\/wp\/v2\/posts\/8136","targetHints":{"allow":["GET"]}}],"collection":[{"href":"https:\/\/allasorias.hu\/hirek\/wp-json\/wp\/v2\/posts"}],"about":[{"href":"https:\/\/allasorias.hu\/hirek\/wp-json\/wp\/v2\/types\/post"}],"author":[{"embeddable":true,"href":"https:\/\/allasorias.hu\/hirek\/wp-json\/wp\/v2\/users\/1"}],"replies":[{"embeddable":true,"href":"https:\/\/allasorias.hu\/hirek\/wp-json\/wp\/v2\/comments?post=8136"}],"version-history":[{"count":1,"href":"https:\/\/allasorias.hu\/hirek\/wp-json\/wp\/v2\/posts\/8136\/revisions"}],"predecessor-version":[{"id":8138,"href":"https:\/\/allasorias.hu\/hirek\/wp-json\/wp\/v2\/posts\/8136\/revisions\/8138"}],"wp:featuredmedia":[{"embeddable":true,"href":"https:\/\/allasorias.hu\/hirek\/wp-json\/wp\/v2\/media\/8137"}],"wp:attachment":[{"href":"https:\/\/allasorias.hu\/hirek\/wp-json\/wp\/v2\/media?parent=8136"}],"wp:term":[{"taxonomy":"category","embeddable":true,"href":"https:\/\/allasorias.hu\/hirek\/wp-json\/wp\/v2\/categories?post=8136"},{"taxonomy":"post_tag","embeddable":true,"href":"https:\/\/allasorias.hu\/hirek\/wp-json\/wp\/v2\/tags?post=8136"}],"curies":[{"name":"wp","href":"https:\/\/api.w.org\/{rel}","templated":true}]}}