{"id":8113,"date":"2025-01-06T12:48:17","date_gmt":"2025-01-06T10:48:17","guid":{"rendered":"https:\/\/allasorias.hu\/hirek\/?p=8113"},"modified":"2025-01-06T12:48:17","modified_gmt":"2025-01-06T10:48:17","slug":"elengedhetetlenul-fontos-tulajdonsagok-a-munkavallalasnal","status":"publish","type":"post","link":"https:\/\/allasorias.hu\/hirek\/elengedhetetlenul-fontos-tulajdonsagok-a-munkavallalasnal\/","title":{"rendered":"Elengedhetetlen\u00fcl fontos tulajdons\u00e1gok a munkav\u00e1llal\u00e1sn\u00e1l"},"content":{"rendered":"<p><strong>Az emberi tulajdons\u00e1gok, a hat\u00e9kony kommunik\u00e1ci\u00f3, a l\u00e9nyegl\u00e1t\u00e1s k\u00e9pess\u00e9ge nagyon fontosak a munkav\u00e1llal\u00f3n\u00e1l \u00e9s a c\u00e9geknek ezekre m\u00e9g jobban kell figyelni\u00fck.<\/strong><\/p>\n<p>A karriertr\u00e9ner szerint bizonyos tulajdons\u00e1gok\u00e9rt a munk\u00e1ltat\u00f3nak ak\u00e1r a juttat\u00e1sok dupl\u00e1j\u00e1t is \u00e9rdemes kifizetnie. Az ide\u00e1lis munkav\u00e1llal\u00f3 nagyon sokat jelent, igyekeznek megbecs\u00fclni a c\u00e9gek. Ak\u00e1r \u00e1ll\u00e1sinterj\u00fara k\u00e9sz\u00fcl, mert \u00faj kih\u00edv\u00e1st keres a munkaer\u0151piacon, ak\u00e1r a jelenlegi munkahely\u00e9n szeretn\u00e9 jav\u00edtani a teljes\u00edtm\u00e9ny\u00e9t, id\u0151r\u0151l id\u0151re mindenkinek sz\u00fcks\u00e9ge lehet egy k\u00e9szs\u00e9gfriss\u00edt\u00e9sre \u2013 a magukat ide\u00e1lis munkav\u00e1llal\u00f3knak tart\u00f3knak legal\u00e1bbis mindenk\u00e9pp.<\/p>\n<p>Az Investopedia szerint m\u00e1r az \u00e1ll\u00e1sinterj\u00fan is \u201e<em>kiemelten fontosak az emberi kvalit\u00e1sok, amelyek olyan jellemvon\u00e1sok \u00e9s interperszon\u00e1lis k\u00e9szs\u00e9gek, amelyek jellemzik az ember m\u00e1sokkal val\u00f3 hat\u00e9kony interakci\u00f3j\u00e1t. A munkahelyen a szem\u00e9lyes k\u00e9szs\u00e9geket a szakmai kompetenci\u00e1k kieg\u00e9sz\u00edt\u00e9s\u00e9nek tekintik, amelyek az egy\u00e9n tud\u00e1s\u00e1ra \u00e9s foglalkoz\u00e1si k\u00e9szs\u00e9geire utalnak<\/em>\u201d.<\/p>\n<p>Grace McCarrick karriertr\u00e9ner komoly tapasztalatra \u00e9s ismeretanyagra tett szert az \u00e9vek alatt, tud\u00e1s\u00e1t pedig \u00e1t is adja az \u00e9rdekl\u0151d\u0151knek \u2013 \u00edrja a Your Tango port\u00e1l. Mint mondja: tan\u00edtja, melyek azok az emberi kvalit\u00e1sok, amik elengedhetetlenek a meg\u00e9lhet\u00e9shez.<\/p>\n<p>N\u00e9zz\u00fck, melyik az a h\u00e1rom emberi tulajdons\u00e1g, ami\u00e9rt ak\u00e1r a fizet\u00e9s\u00fcnk dupl\u00e1j\u00e1t is \u00e9rdemes kifizetni\u00fck a c\u00e9geknek:<\/p>\n<ul>\n<li>emp\u00e1tia,<\/li>\n<li>l\u00e9nyegl\u00e1t\u00e1s,<\/li>\n<li>kommunik\u00e1ci\u00f3.<\/li>\n<\/ul>\n<p>\u201e<em>Mondok h\u00e1rom olyan emberi kvalit\u00e1st, amelyek szerintem annyira alul\u00e9rt\u00e9keltek, hogy val\u00f3sz\u00edn\u0171leg dupl\u00e1n fizetn\u00e9k \u00e9rte<\/em>\u201d \u2013 vallotta be vide\u00f3j\u00e1ban a szakember.<\/p>\n<p>Forr\u00e1s: mandiner.hu<\/p>\n","protected":false},"excerpt":{"rendered":"<p>Az emberi tulajdons\u00e1gok, a hat\u00e9kony kommunik\u00e1ci\u00f3, a l\u00e9nyegl\u00e1t\u00e1s k\u00e9pess\u00e9ge nagyon fontosak a munkav\u00e1llal\u00f3n\u00e1l \u00e9s a c\u00e9geknek ezekre m\u00e9g jobban kell figyelni\u00fck. A karriertr\u00e9ner szerint bizonyos tulajdons\u00e1gok\u00e9rt a munk\u00e1ltat\u00f3nak ak\u00e1r a juttat\u00e1sok dupl\u00e1j\u00e1t is \u00e9rdemes kifizetnie. Az ide\u00e1lis munkav\u00e1llal\u00f3 nagyon sokat jelent, igyekeznek megbecs\u00fclni a c\u00e9gek. Ak\u00e1r \u00e1ll\u00e1sinterj\u00fara k\u00e9sz\u00fcl, mert \u00faj kih\u00edv\u00e1st keres a munkaer\u0151piacon, ak\u00e1r [&hellip;]<\/p>\n","protected":false},"author":1,"featured_media":8114,"comment_status":"closed","ping_status":"closed","sticky":false,"template":"","format":"standard","meta":{"_monsterinsights_skip_tracking":false,"footnotes":""},"categories":[1],"tags":[],"class_list":["post-8113","post","type-post","status-publish","format-standard","has-post-thumbnail","hentry","category-allaskereses"],"aioseo_notices":[],"aioseo_head":"\n\t\t<!-- All in One SEO 5.0.0.1 - aioseo.com -->\n\t<meta name=\"description\" content=\"Az emberi tulajdons\u00e1gok, a hat\u00e9kony kommunik\u00e1ci\u00f3, a l\u00e9nyegl\u00e1t\u00e1s k\u00e9pess\u00e9ge nagyon fontosak a munkav\u00e1llal\u00f3n\u00e1l \u00e9s a c\u00e9geknek ezekre m\u00e9g jobban kell figyelni\u00fck.\" \/>\n\t<meta name=\"robots\" content=\"max-image-preview:large\" \/>\n\t<meta name=\"author\" content=\"Juh\u00e1sz P\u00e9ter\"\/>\n\t<link rel=\"canonical\" href=\"https:\/\/allasorias.hu\/hirek\/elengedhetetlenul-fontos-tulajdonsagok-a-munkavallalasnal\/\" \/>\n\t<meta name=\"generator\" content=\"All in One SEO (AIOSEO) 5.0.0.1\" \/>\n\t\t<meta property=\"og:locale\" content=\"hu_HU\" \/>\n\t\t<meta property=\"og:site_name\" content=\"AllasOrias.hu | H\u00edrek-lapszemle | \u00dczleti h\u00edrek az \u00e1ll\u00e1s \u00e9s a munka vil\u00e1g\u00e1b\u00f3l\" \/>\n\t\t<meta property=\"og:type\" content=\"article\" \/>\n\t\t<meta property=\"og:title\" content=\"Elengedhetetlen\u00fcl fontos tulajdons\u00e1gok a munkav\u00e1llal\u00e1sn\u00e1l |\" \/>\n\t\t<meta property=\"og:description\" content=\"Az emberi tulajdons\u00e1gok, a hat\u00e9kony kommunik\u00e1ci\u00f3, a l\u00e9nyegl\u00e1t\u00e1s k\u00e9pess\u00e9ge nagyon fontosak a munkav\u00e1llal\u00f3n\u00e1l \u00e9s a c\u00e9geknek ezekre m\u00e9g jobban kell figyelni\u00fck.\" \/>\n\t\t<meta property=\"og:url\" content=\"https:\/\/allasorias.hu\/hirek\/elengedhetetlenul-fontos-tulajdonsagok-a-munkavallalasnal\/\" \/>\n\t\t<meta property=\"og:image\" content=\"https:\/\/allasorias.hu\/hirek\/wp-content\/uploads\/2025\/01\/fontos-emberi-tulajdonsagok.jpg\" \/>\n\t\t<meta property=\"og:image:secure_url\" content=\"https:\/\/allasorias.hu\/hirek\/wp-content\/uploads\/2025\/01\/fontos-emberi-tulajdonsagok.jpg\" \/>\n\t\t<meta property=\"og:image:width\" content=\"1920\" \/>\n\t\t<meta property=\"og:image:height\" content=\"1280\" \/>\n\t\t<meta property=\"article:published_time\" content=\"2025-01-06T10:48:17+00:00\" \/>\n\t\t<meta property=\"article:modified_time\" content=\"2025-01-06T10:48:17+00:00\" \/>\n\t\t<meta property=\"article:publisher\" content=\"https:\/\/www.facebook.com\/allasorias\" \/>\n\t\t<meta name=\"twitter:card\" content=\"summary_large_image\" \/>\n\t\t<meta name=\"twitter:title\" content=\"Elengedhetetlen\u00fcl fontos tulajdons\u00e1gok a munkav\u00e1llal\u00e1sn\u00e1l |\" \/>\n\t\t<meta name=\"twitter:description\" content=\"Az emberi tulajdons\u00e1gok, a hat\u00e9kony kommunik\u00e1ci\u00f3, a l\u00e9nyegl\u00e1t\u00e1s k\u00e9pess\u00e9ge nagyon fontosak a munkav\u00e1llal\u00f3n\u00e1l \u00e9s a c\u00e9geknek ezekre m\u00e9g jobban kell figyelni\u00fck.\" \/>\n\t\t<meta name=\"twitter:image\" content=\"https:\/\/allasorias.hu\/hirek\/wp-content\/uploads\/2025\/01\/fontos-emberi-tulajdonsagok.jpg\" \/>\n\t\t<meta name=\"twitter:label1\" content=\"Written by\" \/>\n\t\t<meta name=\"twitter:data1\" content=\"Juh\u00e1sz P\u00e9ter\" \/>\n\t\t<meta name=\"twitter:label2\" content=\"Est. reading time\" \/>\n\t\t<meta name=\"twitter:data2\" content=\"2 minutes\" \/>\n\t\t<script type=\"application\/ld+json\" class=\"aioseo-schema\">\n\t\t\t{\"@context\":\"https:\\\/\\\/schema.org\",\"@graph\":[{\"@type\":\"Article\",\"@id\":\"https:\\\/\\\/allasorias.hu\\\/hirek\\\/elengedhetetlenul-fontos-tulajdonsagok-a-munkavallalasnal\\\/#article\",\"name\":\"Elengedhetetlen\\u00fcl fontos tulajdons\\u00e1gok a munkav\\u00e1llal\\u00e1sn\\u00e1l |\",\"headline\":\"Elengedhetetlen\\u00fcl fontos tulajdons\\u00e1gok a munkav\\u00e1llal\\u00e1sn\\u00e1l\",\"author\":{\"@id\":\"https:\\\/\\\/allasorias.hu\\\/hirek\\\/author\\\/admin-allasorias\\\/#author\"},\"publisher\":{\"@id\":\"https:\\\/\\\/allasorias.hu\\\/hirek\\\/#organization\"},\"image\":{\"@type\":\"ImageObject\",\"url\":\"https:\\\/\\\/allasorias.hu\\\/hirek\\\/wp-content\\\/uploads\\\/2025\\\/01\\\/fontos-emberi-tulajdonsagok.jpg\",\"width\":1920,\"height\":1280,\"caption\":\"Elengedhetetlen\\u00fcl fontos tulajdons\\u00e1gok a munkav\\u00e1llal\\u00e1sn\\u00e1l - Allasorias.hu\\\/Hirek\"},\"datePublished\":\"2025-01-06T12:48:17+02:00\",\"dateModified\":\"2025-01-06T12:48:17+02:00\",\"inLanguage\":\"hu-HU\",\"mainEntityOfPage\":{\"@id\":\"https:\\\/\\\/allasorias.hu\\\/hirek\\\/elengedhetetlenul-fontos-tulajdonsagok-a-munkavallalasnal\\\/#webpage\"},\"isPartOf\":{\"@id\":\"https:\\\/\\\/allasorias.hu\\\/hirek\\\/elengedhetetlenul-fontos-tulajdonsagok-a-munkavallalasnal\\\/#webpage\"},\"articleSection\":\"\\u00c1ll\\u00e1skeres\\u00e9s\"},{\"@type\":\"BreadcrumbList\",\"@id\":\"https:\\\/\\\/allasorias.hu\\\/hirek\\\/elengedhetetlenul-fontos-tulajdonsagok-a-munkavallalasnal\\\/#breadcrumblist\",\"itemListElement\":[{\"@type\":\"ListItem\",\"@id\":\"https:\\\/\\\/allasorias.hu\\\/hirek#listItem\",\"position\":1,\"name\":\"Home\",\"item\":\"https:\\\/\\\/allasorias.hu\\\/hirek\",\"nextItem\":{\"@type\":\"ListItem\",\"@id\":\"https:\\\/\\\/allasorias.hu\\\/hirek\\\/temak\\\/allaskereses\\\/#listItem\",\"name\":\"\\u00c1ll\\u00e1skeres\\u00e9s\"}},{\"@type\":\"ListItem\",\"@id\":\"https:\\\/\\\/allasorias.hu\\\/hirek\\\/temak\\\/allaskereses\\\/#listItem\",\"position\":2,\"name\":\"\\u00c1ll\\u00e1skeres\\u00e9s\",\"item\":\"https:\\\/\\\/allasorias.hu\\\/hirek\\\/temak\\\/allaskereses\\\/\",\"nextItem\":{\"@type\":\"ListItem\",\"@id\":\"https:\\\/\\\/allasorias.hu\\\/hirek\\\/elengedhetetlenul-fontos-tulajdonsagok-a-munkavallalasnal\\\/#listItem\",\"name\":\"Elengedhetetlen\\u00fcl fontos tulajdons\\u00e1gok a munkav\\u00e1llal\\u00e1sn\\u00e1l\"},\"previousItem\":{\"@type\":\"ListItem\",\"@id\":\"https:\\\/\\\/allasorias.hu\\\/hirek#listItem\",\"name\":\"Home\"}},{\"@type\":\"ListItem\",\"@id\":\"https:\\\/\\\/allasorias.hu\\\/hirek\\\/elengedhetetlenul-fontos-tulajdonsagok-a-munkavallalasnal\\\/#listItem\",\"position\":3,\"name\":\"Elengedhetetlen\\u00fcl fontos tulajdons\\u00e1gok a munkav\\u00e1llal\\u00e1sn\\u00e1l\",\"previousItem\":{\"@type\":\"ListItem\",\"@id\":\"https:\\\/\\\/allasorias.hu\\\/hirek\\\/temak\\\/allaskereses\\\/#listItem\",\"name\":\"\\u00c1ll\\u00e1skeres\\u00e9s\"}}]},{\"@type\":\"Organization\",\"@id\":\"https:\\\/\\\/allasorias.hu\\\/hirek\\\/#organization\",\"name\":\"AllasOrias.hu | H\\u00edrek-lapszemle\",\"description\":\"\\u00dczleti h\\u00edrek az \\u00e1ll\\u00e1s \\u00e9s a munka vil\\u00e1g\\u00e1b\\u00f3l\",\"url\":\"https:\\\/\\\/allasorias.hu\\\/hirek\\\/\",\"logo\":{\"@type\":\"ImageObject\",\"url\":\"https:\\\/\\\/allasorias.hu\\\/hirek\\\/wp-content\\\/uploads\\\/2022\\\/10\\\/allasorias_site_facebok_logo.png\",\"@id\":\"https:\\\/\\\/allasorias.hu\\\/hirek\\\/elengedhetetlenul-fontos-tulajdonsagok-a-munkavallalasnal\\\/#organizationLogo\"},\"image\":{\"@id\":\"https:\\\/\\\/allasorias.hu\\\/hirek\\\/elengedhetetlenul-fontos-tulajdonsagok-a-munkavallalasnal\\\/#organizationLogo\"},\"sameAs\":[\"https:\\\/\\\/www.facebook.com\\\/allasorias\",\"https:\\\/\\\/www.linkedin.com\\\/company\\\/allasorias\"]},{\"@type\":\"Person\",\"@id\":\"https:\\\/\\\/allasorias.hu\\\/hirek\\\/author\\\/admin-allasorias\\\/#author\",\"url\":\"https:\\\/\\\/allasorias.hu\\\/hirek\\\/author\\\/admin-allasorias\\\/\",\"name\":\"Juh\\u00e1sz P\\u00e9ter\",\"image\":{\"@type\":\"ImageObject\",\"@id\":\"https:\\\/\\\/allasorias.hu\\\/hirek\\\/elengedhetetlenul-fontos-tulajdonsagok-a-munkavallalasnal\\\/#authorImage\",\"url\":\"https:\\\/\\\/secure.gravatar.com\\\/avatar\\\/36e6bcb83148978b992977cb0f54d22feb0cce8a0a849a9410532bb2623ba4c6?s=96&d=mm&r=g\",\"width\":96,\"height\":96,\"caption\":\"Juh\\u00e1sz P\\u00e9ter\"}},{\"@type\":\"WebPage\",\"@id\":\"https:\\\/\\\/allasorias.hu\\\/hirek\\\/elengedhetetlenul-fontos-tulajdonsagok-a-munkavallalasnal\\\/#webpage\",\"url\":\"https:\\\/\\\/allasorias.hu\\\/hirek\\\/elengedhetetlenul-fontos-tulajdonsagok-a-munkavallalasnal\\\/\",\"name\":\"Elengedhetetlen\\u00fcl fontos tulajdons\\u00e1gok a munkav\\u00e1llal\\u00e1sn\\u00e1l |\",\"description\":\"Az emberi tulajdons\\u00e1gok, a hat\\u00e9kony kommunik\\u00e1ci\\u00f3, a l\\u00e9nyegl\\u00e1t\\u00e1s k\\u00e9pess\\u00e9ge nagyon fontosak a munkav\\u00e1llal\\u00f3n\\u00e1l \\u00e9s a c\\u00e9geknek ezekre m\\u00e9g jobban kell figyelni\\u00fck.\",\"inLanguage\":\"hu-HU\",\"isPartOf\":{\"@id\":\"https:\\\/\\\/allasorias.hu\\\/hirek\\\/#website\"},\"breadcrumb\":{\"@id\":\"https:\\\/\\\/allasorias.hu\\\/hirek\\\/elengedhetetlenul-fontos-tulajdonsagok-a-munkavallalasnal\\\/#breadcrumblist\"},\"author\":{\"@id\":\"https:\\\/\\\/allasorias.hu\\\/hirek\\\/author\\\/admin-allasorias\\\/#author\"},\"creator\":{\"@id\":\"https:\\\/\\\/allasorias.hu\\\/hirek\\\/author\\\/admin-allasorias\\\/#author\"},\"image\":{\"@type\":\"ImageObject\",\"url\":\"https:\\\/\\\/allasorias.hu\\\/hirek\\\/wp-content\\\/uploads\\\/2025\\\/01\\\/fontos-emberi-tulajdonsagok.jpg\",\"@id\":\"https:\\\/\\\/allasorias.hu\\\/hirek\\\/elengedhetetlenul-fontos-tulajdonsagok-a-munkavallalasnal\\\/#mainImage\",\"width\":1920,\"height\":1280,\"caption\":\"Elengedhetetlen\\u00fcl fontos tulajdons\\u00e1gok a munkav\\u00e1llal\\u00e1sn\\u00e1l - Allasorias.hu\\\/Hirek\"},\"primaryImageOfPage\":{\"@id\":\"https:\\\/\\\/allasorias.hu\\\/hirek\\\/elengedhetetlenul-fontos-tulajdonsagok-a-munkavallalasnal\\\/#mainImage\"},\"datePublished\":\"2025-01-06T12:48:17+02:00\",\"dateModified\":\"2025-01-06T12:48:17+02:00\"},{\"@type\":\"WebSite\",\"@id\":\"https:\\\/\\\/allasorias.hu\\\/hirek\\\/#website\",\"url\":\"https:\\\/\\\/allasorias.hu\\\/hirek\\\/\",\"name\":\"AllasOrias.hu | H\\u00edrek-lapszemle\",\"description\":\"\\u00dczleti h\\u00edrek az \\u00e1ll\\u00e1s \\u00e9s a munka vil\\u00e1g\\u00e1b\\u00f3l\",\"inLanguage\":\"hu-HU\",\"publisher\":{\"@id\":\"https:\\\/\\\/allasorias.hu\\\/hirek\\\/#organization\"}}]}\n\t\t<\/script>\n\t\t<!-- All in One SEO -->\n\n","aioseo_head_json":{"title":"Elengedhetetlen\u00fcl fontos tulajdons\u00e1gok a munkav\u00e1llal\u00e1sn\u00e1l |","description":"Az emberi tulajdons\u00e1gok, a hat\u00e9kony kommunik\u00e1ci\u00f3, a l\u00e9nyegl\u00e1t\u00e1s k\u00e9pess\u00e9ge nagyon fontosak a munkav\u00e1llal\u00f3n\u00e1l \u00e9s a c\u00e9geknek ezekre m\u00e9g jobban kell figyelni\u00fck.","canonical_url":"https:\/\/allasorias.hu\/hirek\/elengedhetetlenul-fontos-tulajdonsagok-a-munkavallalasnal\/","robots":"max-image-preview:large","keywords":"","webmasterTools":{"miscellaneous":""},"schema":{"@context":"https:\/\/schema.org","@graph":[{"@type":"Article","@id":"https:\/\/allasorias.hu\/hirek\/elengedhetetlenul-fontos-tulajdonsagok-a-munkavallalasnal\/#article","name":"Elengedhetetlen\u00fcl fontos tulajdons\u00e1gok a munkav\u00e1llal\u00e1sn\u00e1l |","headline":"Elengedhetetlen\u00fcl fontos tulajdons\u00e1gok a munkav\u00e1llal\u00e1sn\u00e1l","author":{"@id":"https:\/\/allasorias.hu\/hirek\/author\/admin-allasorias\/#author"},"publisher":{"@id":"https:\/\/allasorias.hu\/hirek\/#organization"},"image":{"@type":"ImageObject","url":"https:\/\/allasorias.hu\/hirek\/wp-content\/uploads\/2025\/01\/fontos-emberi-tulajdonsagok.jpg","width":1920,"height":1280,"caption":"Elengedhetetlen\u00fcl fontos tulajdons\u00e1gok a munkav\u00e1llal\u00e1sn\u00e1l - Allasorias.hu\/Hirek"},"datePublished":"2025-01-06T12:48:17+02:00","dateModified":"2025-01-06T12:48:17+02:00","inLanguage":"hu-HU","mainEntityOfPage":{"@id":"https:\/\/allasorias.hu\/hirek\/elengedhetetlenul-fontos-tulajdonsagok-a-munkavallalasnal\/#webpage"},"isPartOf":{"@id":"https:\/\/allasorias.hu\/hirek\/elengedhetetlenul-fontos-tulajdonsagok-a-munkavallalasnal\/#webpage"},"articleSection":"\u00c1ll\u00e1skeres\u00e9s"},{"@type":"BreadcrumbList","@id":"https:\/\/allasorias.hu\/hirek\/elengedhetetlenul-fontos-tulajdonsagok-a-munkavallalasnal\/#breadcrumblist","itemListElement":[{"@type":"ListItem","@id":"https:\/\/allasorias.hu\/hirek#listItem","position":1,"name":"Home","item":"https:\/\/allasorias.hu\/hirek","nextItem":{"@type":"ListItem","@id":"https:\/\/allasorias.hu\/hirek\/temak\/allaskereses\/#listItem","name":"\u00c1ll\u00e1skeres\u00e9s"}},{"@type":"ListItem","@id":"https:\/\/allasorias.hu\/hirek\/temak\/allaskereses\/#listItem","position":2,"name":"\u00c1ll\u00e1skeres\u00e9s","item":"https:\/\/allasorias.hu\/hirek\/temak\/allaskereses\/","nextItem":{"@type":"ListItem","@id":"https:\/\/allasorias.hu\/hirek\/elengedhetetlenul-fontos-tulajdonsagok-a-munkavallalasnal\/#listItem","name":"Elengedhetetlen\u00fcl fontos tulajdons\u00e1gok a munkav\u00e1llal\u00e1sn\u00e1l"},"previousItem":{"@type":"ListItem","@id":"https:\/\/allasorias.hu\/hirek#listItem","name":"Home"}},{"@type":"ListItem","@id":"https:\/\/allasorias.hu\/hirek\/elengedhetetlenul-fontos-tulajdonsagok-a-munkavallalasnal\/#listItem","position":3,"name":"Elengedhetetlen\u00fcl fontos tulajdons\u00e1gok a munkav\u00e1llal\u00e1sn\u00e1l","previousItem":{"@type":"ListItem","@id":"https:\/\/allasorias.hu\/hirek\/temak\/allaskereses\/#listItem","name":"\u00c1ll\u00e1skeres\u00e9s"}}]},{"@type":"Organization","@id":"https:\/\/allasorias.hu\/hirek\/#organization","name":"AllasOrias.hu | H\u00edrek-lapszemle","description":"\u00dczleti h\u00edrek az \u00e1ll\u00e1s \u00e9s a munka vil\u00e1g\u00e1b\u00f3l","url":"https:\/\/allasorias.hu\/hirek\/","logo":{"@type":"ImageObject","url":"https:\/\/allasorias.hu\/hirek\/wp-content\/uploads\/2022\/10\/allasorias_site_facebok_logo.png","@id":"https:\/\/allasorias.hu\/hirek\/elengedhetetlenul-fontos-tulajdonsagok-a-munkavallalasnal\/#organizationLogo"},"image":{"@id":"https:\/\/allasorias.hu\/hirek\/elengedhetetlenul-fontos-tulajdonsagok-a-munkavallalasnal\/#organizationLogo"},"sameAs":["https:\/\/www.facebook.com\/allasorias","https:\/\/www.linkedin.com\/company\/allasorias"]},{"@type":"Person","@id":"https:\/\/allasorias.hu\/hirek\/author\/admin-allasorias\/#author","url":"https:\/\/allasorias.hu\/hirek\/author\/admin-allasorias\/","name":"Juh\u00e1sz P\u00e9ter","image":{"@type":"ImageObject","@id":"https:\/\/allasorias.hu\/hirek\/elengedhetetlenul-fontos-tulajdonsagok-a-munkavallalasnal\/#authorImage","url":"https:\/\/secure.gravatar.com\/avatar\/36e6bcb83148978b992977cb0f54d22feb0cce8a0a849a9410532bb2623ba4c6?s=96&d=mm&r=g","width":96,"height":96,"caption":"Juh\u00e1sz P\u00e9ter"}},{"@type":"WebPage","@id":"https:\/\/allasorias.hu\/hirek\/elengedhetetlenul-fontos-tulajdonsagok-a-munkavallalasnal\/#webpage","url":"https:\/\/allasorias.hu\/hirek\/elengedhetetlenul-fontos-tulajdonsagok-a-munkavallalasnal\/","name":"Elengedhetetlen\u00fcl fontos tulajdons\u00e1gok a munkav\u00e1llal\u00e1sn\u00e1l |","description":"Az emberi tulajdons\u00e1gok, a hat\u00e9kony kommunik\u00e1ci\u00f3, a l\u00e9nyegl\u00e1t\u00e1s k\u00e9pess\u00e9ge nagyon fontosak a munkav\u00e1llal\u00f3n\u00e1l \u00e9s a c\u00e9geknek ezekre m\u00e9g jobban kell figyelni\u00fck.","inLanguage":"hu-HU","isPartOf":{"@id":"https:\/\/allasorias.hu\/hirek\/#website"},"breadcrumb":{"@id":"https:\/\/allasorias.hu\/hirek\/elengedhetetlenul-fontos-tulajdonsagok-a-munkavallalasnal\/#breadcrumblist"},"author":{"@id":"https:\/\/allasorias.hu\/hirek\/author\/admin-allasorias\/#author"},"creator":{"@id":"https:\/\/allasorias.hu\/hirek\/author\/admin-allasorias\/#author"},"image":{"@type":"ImageObject","url":"https:\/\/allasorias.hu\/hirek\/wp-content\/uploads\/2025\/01\/fontos-emberi-tulajdonsagok.jpg","@id":"https:\/\/allasorias.hu\/hirek\/elengedhetetlenul-fontos-tulajdonsagok-a-munkavallalasnal\/#mainImage","width":1920,"height":1280,"caption":"Elengedhetetlen\u00fcl fontos tulajdons\u00e1gok a munkav\u00e1llal\u00e1sn\u00e1l - Allasorias.hu\/Hirek"},"primaryImageOfPage":{"@id":"https:\/\/allasorias.hu\/hirek\/elengedhetetlenul-fontos-tulajdonsagok-a-munkavallalasnal\/#mainImage"},"datePublished":"2025-01-06T12:48:17+02:00","dateModified":"2025-01-06T12:48:17+02:00"},{"@type":"WebSite","@id":"https:\/\/allasorias.hu\/hirek\/#website","url":"https:\/\/allasorias.hu\/hirek\/","name":"AllasOrias.hu | H\u00edrek-lapszemle","description":"\u00dczleti h\u00edrek az \u00e1ll\u00e1s \u00e9s a munka vil\u00e1g\u00e1b\u00f3l","inLanguage":"hu-HU","publisher":{"@id":"https:\/\/allasorias.hu\/hirek\/#organization"}}]},"og:locale":"hu_HU","og:site_name":"AllasOrias.hu | H\u00edrek-lapszemle | \u00dczleti h\u00edrek az \u00e1ll\u00e1s \u00e9s a munka vil\u00e1g\u00e1b\u00f3l","og:type":"article","og:title":"Elengedhetetlen\u00fcl fontos tulajdons\u00e1gok a munkav\u00e1llal\u00e1sn\u00e1l |","og:description":"Az emberi tulajdons\u00e1gok, a hat\u00e9kony kommunik\u00e1ci\u00f3, a l\u00e9nyegl\u00e1t\u00e1s k\u00e9pess\u00e9ge nagyon fontosak a munkav\u00e1llal\u00f3n\u00e1l \u00e9s a c\u00e9geknek ezekre m\u00e9g jobban kell figyelni\u00fck.","og:url":"https:\/\/allasorias.hu\/hirek\/elengedhetetlenul-fontos-tulajdonsagok-a-munkavallalasnal\/","og:image":"https:\/\/allasorias.hu\/hirek\/wp-content\/uploads\/2025\/01\/fontos-emberi-tulajdonsagok.jpg","og:image:secure_url":"https:\/\/allasorias.hu\/hirek\/wp-content\/uploads\/2025\/01\/fontos-emberi-tulajdonsagok.jpg","og:image:width":1920,"og:image:height":1280,"article:published_time":"2025-01-06T10:48:17+00:00","article:modified_time":"2025-01-06T10:48:17+00:00","article:publisher":"https:\/\/www.facebook.com\/allasorias","twitter:card":"summary_large_image","twitter:title":"Elengedhetetlen\u00fcl fontos tulajdons\u00e1gok a munkav\u00e1llal\u00e1sn\u00e1l |","twitter:description":"Az emberi tulajdons\u00e1gok, a hat\u00e9kony kommunik\u00e1ci\u00f3, a l\u00e9nyegl\u00e1t\u00e1s k\u00e9pess\u00e9ge nagyon fontosak a munkav\u00e1llal\u00f3n\u00e1l \u00e9s a c\u00e9geknek ezekre m\u00e9g jobban kell figyelni\u00fck.","twitter:image":"https:\/\/allasorias.hu\/hirek\/wp-content\/uploads\/2025\/01\/fontos-emberi-tulajdonsagok.jpg","twitter:label1":"Written by","twitter:data1":"Juh\u00e1sz P\u00e9ter","twitter:label2":"Est. reading time","twitter:data2":"2 minutes"},"aioseo_meta_data":{"post_id":"8113","title":"#post_title |","description":"Az emberi tulajdons\u00e1gok, a hat\u00e9kony kommunik\u00e1ci\u00f3, a l\u00e9nyegl\u00e1t\u00e1s k\u00e9pess\u00e9ge nagyon fontosak a munkav\u00e1llal\u00f3n\u00e1l \u00e9s a c\u00e9geknek ezekre m\u00e9g jobban kell figyelni\u00fck.","keywords":null,"keyphrases":{"focus":{"keyphrase":"","score":0,"analysis":{"keyphraseInTitle":{"score":0,"maxScore":9,"error":1}}},"additional":[]},"primary_term":null,"canonical_url":null,"og_title":null,"og_description":null,"og_object_type":"default","og_image_type":"default","og_image_url":null,"og_image_width":null,"og_image_height":null,"og_image_custom_url":null,"og_image_custom_fields":null,"og_video":"","og_custom_url":null,"og_article_section":null,"og_article_tags":null,"twitter_use_og":true,"twitter_card":"default","twitter_image_type":"default","twitter_image_url":null,"twitter_image_custom_url":null,"twitter_image_custom_fields":null,"twitter_title":null,"twitter_description":null,"schema":{"blockGraphs":[],"customGraphs":[],"default":{"data":{"Article":[],"Course":[],"Dataset":[],"FAQPage":[],"Movie":[],"Person":[],"Product":[],"ProductReview":[],"Car":[],"Recipe":[],"Service":[],"SoftwareApplication":[],"WebPage":[]},"graphName":"Article","isEnabled":true},"graphs":[]},"schema_type":"default","schema_type_options":null,"pillar_content":false,"robots_default":true,"robots_noindex":false,"robots_noarchive":false,"robots_nosnippet":false,"robots_nofollow":false,"robots_noimageindex":false,"robots_noodp":false,"robots_notranslate":false,"robots_max_snippet":"-1","robots_max_videopreview":"-1","robots_max_imagepreview":"large","priority":null,"frequency":"default","location":null,"local_seo":null,"breadcrumb_settings":null,"limit_modified_date":false,"ai":null,"created":"2025-01-06 10:34:13","updated":"2025-10-02 20:51:43","seo_analyzer_scan_date":null,"focus_keyword":null,"additional_keywords":null,"truseo_locale":null},"aioseo_breadcrumb":"<div class=\"aioseo-breadcrumbs\"><span class=\"aioseo-breadcrumb\">\n\t\t\t<a href=\"https:\/\/allasorias.hu\/hirek\" title=\"Home\">Home<\/a>\n\t\t<\/span><span class=\"aioseo-breadcrumb-separator\">&raquo;<\/span><span class=\"aioseo-breadcrumb\">\n\t\t\t<a href=\"https:\/\/allasorias.hu\/hirek\/temak\/allaskereses\/\" title=\"\u00c1ll\u00e1skeres\u00e9s\">\u00c1ll\u00e1skeres\u00e9s<\/a>\n\t\t<\/span><span class=\"aioseo-breadcrumb-separator\">&raquo;<\/span><span class=\"aioseo-breadcrumb\">\n\t\t\tElengedhetetlen\u00fcl fontos tulajdons\u00e1gok a munkav\u00e1llal\u00e1sn\u00e1l\n\t\t<\/span><\/div>","aioseo_breadcrumb_json":[{"label":"Home","link":"https:\/\/allasorias.hu\/hirek"},{"label":"\u00c1ll\u00e1skeres\u00e9s","link":"https:\/\/allasorias.hu\/hirek\/temak\/allaskereses\/"},{"label":"Elengedhetetlen\u00fcl fontos tulajdons\u00e1gok a munkav\u00e1llal\u00e1sn\u00e1l","link":"https:\/\/allasorias.hu\/hirek\/elengedhetetlenul-fontos-tulajdonsagok-a-munkavallalasnal\/"}],"_links":{"self":[{"href":"https:\/\/allasorias.hu\/hirek\/wp-json\/wp\/v2\/posts\/8113","targetHints":{"allow":["GET"]}}],"collection":[{"href":"https:\/\/allasorias.hu\/hirek\/wp-json\/wp\/v2\/posts"}],"about":[{"href":"https:\/\/allasorias.hu\/hirek\/wp-json\/wp\/v2\/types\/post"}],"author":[{"embeddable":true,"href":"https:\/\/allasorias.hu\/hirek\/wp-json\/wp\/v2\/users\/1"}],"replies":[{"embeddable":true,"href":"https:\/\/allasorias.hu\/hirek\/wp-json\/wp\/v2\/comments?post=8113"}],"version-history":[{"count":1,"href":"https:\/\/allasorias.hu\/hirek\/wp-json\/wp\/v2\/posts\/8113\/revisions"}],"predecessor-version":[{"id":8115,"href":"https:\/\/allasorias.hu\/hirek\/wp-json\/wp\/v2\/posts\/8113\/revisions\/8115"}],"wp:featuredmedia":[{"embeddable":true,"href":"https:\/\/allasorias.hu\/hirek\/wp-json\/wp\/v2\/media\/8114"}],"wp:attachment":[{"href":"https:\/\/allasorias.hu\/hirek\/wp-json\/wp\/v2\/media?parent=8113"}],"wp:term":[{"taxonomy":"category","embeddable":true,"href":"https:\/\/allasorias.hu\/hirek\/wp-json\/wp\/v2\/categories?post=8113"},{"taxonomy":"post_tag","embeddable":true,"href":"https:\/\/allasorias.hu\/hirek\/wp-json\/wp\/v2\/tags?post=8113"}],"curies":[{"name":"wp","href":"https:\/\/api.w.org\/{rel}","templated":true}]}}