{"id":8075,"date":"2024-12-12T12:05:59","date_gmt":"2024-12-12T10:05:59","guid":{"rendered":"https:\/\/allasorias.hu\/hirek\/?p=8075"},"modified":"2025-05-09T11:27:52","modified_gmt":"2025-05-09T09:27:52","slug":"eszak-magyarorszagon-fellendulest-varnak-a-cegek","status":"publish","type":"post","link":"https:\/\/allasorias.hu\/hirek\/eszak-magyarorszagon-fellendulest-varnak-a-cegek\/","title":{"rendered":"\u00c9szak-Magyarorsz\u00e1gon fellend\u00fcl\u00e9st v\u00e1rnak a c\u00e9gek"},"content":{"rendered":"<p><strong>\u00c9szak-Magyarorsz\u00e1gon fellend\u00fcl\u00e9st v\u00e1rnak j\u00f6v\u0151re a c\u00e9gek, de az orsz\u00e1g m\u00e1s ter\u00fcletein vannak akik bor\u00fal\u00e1t\u00f3bbak. A munkaer\u0151hi\u00e1nyt tov\u00e1bbk\u00e9pz\u00e9sekkel pr\u00f3b\u00e1lj\u00e1k kik\u00fcsz\u00f6b\u00f6lni.<\/strong><\/p>\n<p>Javul\u00f3 gazdas\u00e1gi kil\u00e1t\u00e1sokat mutatnak a munkaer\u0151piaci visszajelz\u00e9sek, a belf\u00f6ldi munk\u00e1ltat\u00f3k 35 sz\u00e1zal\u00e9ka b\u0151v\u00edtheti a munkaer\u0151keret\u00e9t 2025 els\u0151 negyed\u00e9v\u00e9ben &#8211; k\u00f6z\u00f6lte az MTI-vel\u00a0 a Manpower Magyarorsz\u00e1g. A munkaer\u0151-k\u00f6zvet\u00edt\u0151 felm\u00e9r\u00e9se alapj\u00e1n mind\u00f6ssze a c\u00e9gek 21 sz\u00e1zal\u00e9ka kezdheti l\u00e9tsz\u00e1mcs\u00f6kkent\u00e9ssel a k\u00f6vetkez\u0151 \u00e9vet. Az aut\u00f3ipar tov\u00e1bbra is a k\u00f6r\u00fclm\u00e9nyek roml\u00e1s\u00e1val sz\u00e1mol, vel\u00fck egy\u00fctt a logisztikai kil\u00e1t\u00e1sok is gyeng\u00e9k.<\/p>\n<p>A legnagyobb szegmenst jelent\u0151 alapanyag- \u00e9s feldolgoz\u00f3ipar szerepl\u0151inek v\u00e1rakoz\u00e1sa viszont jelent\u0151sen javult egy \u00e9v alatt, mellett\u00fck az ingatlan- \u00e9s p\u00e9nz\u00fcgyi ter\u00fcleten tev\u00e9kenyked\u0151k ugyancsak kiugr\u00f3 bizakod\u00e1ssal v\u00e1rj\u00e1k a k\u00f6vetkez\u0151 id\u0151szakot &#8211; \u00edrt\u00e1k. R\u00e9gi\u00f3s \u00f6sszevet\u00e9sben a f\u0151v\u00e1roson k\u00edv\u00fcl a nyugat-dun\u00e1nt\u00fali \u00e9s az \u00e9szak-magyarorsz\u00e1gi v\u00e1llalkoz\u00e1sok rem\u00e9lnek legink\u00e1bb a piaci \u00e9l\u00e9nk\u00fcl\u00e9st, \u00e9s csak a d\u00e9l-dun\u00e1nt\u00faliak terveznek a l\u00e9tsz\u00e1memel\u00e9seket meghalad\u00f3 elbocs\u00e1t\u00e1sokat.<\/p>\n<p>M\u00e9ret szerinti megoszl\u00e1sban nincs ilyen kiv\u00e9tel, a legkisebb t\u00e1rsas\u00e1gok is legal\u00e1bb 6 sz\u00e1zal\u00e9kos b\u0151v\u00edt\u00e9ssel sz\u00e1molnak a k\u00f6zlem\u00e9ny szerint. A munkaer\u0151hi\u00e1ny egyel\u0151re nem t\u0171nik jelent\u0151s kih\u00edv\u00e1snak a c\u00e9ges vil\u00e1gban, jelenleg csup\u00e1n a megk\u00e9rdezettek \u00f6t\u00f6de tekinti ezt jelent\u0151s neh\u00e9zs\u00e9gnek, f\u0151k\u00e9pp gy\u00e1rt\u00e1si ter\u00fcleten, m\u00e9rn\u00f6ki \u00e9s informatikai munkak\u00f6r\u00f6kben. Ezt az akad\u00e1lyt f\u0151k\u00e9pp az alkalmazottak tov\u00e1bbk\u00e9pz\u00e9s\u00e9vel \u00e9s fizet\u00e9semel\u00e9ssel k\u00fczdhetik le a c\u00e9gek a visszajelz\u00e9sek alapj\u00e1n. A Manpower magyarorsz\u00e1gi felm\u00e9r\u00e9se a munk\u00e1ltat\u00f3k 525 f\u0151s reprezentat\u00edv mint\u00e1j\u00e1nak megk\u00e9rdez\u00e9s\u00e9vel k\u00e9sz\u00fclt.<\/p>\n<p>Forr\u00e1s: <a href=\"https:\/\/www.hellovidek.hu\/gazdasag\/2024\/12\/11\/a-hazai-cegek-21-szazaleka-elbocsatasokkal-kezdheti-az-uj-evet-ok-lehetnek-igazan-bajban\" target=\"_blank\" rel=\"nofollow noopener noreferrer\">hellovidek.hu<\/a><\/p>\n","protected":false},"excerpt":{"rendered":"<p>\u00c9szak-Magyarorsz\u00e1gon fellend\u00fcl\u00e9st v\u00e1rnak j\u00f6v\u0151re a c\u00e9gek, de az orsz\u00e1g m\u00e1s ter\u00fcletein vannak akik bor\u00fal\u00e1t\u00f3bbak. A munkaer\u0151hi\u00e1nyt tov\u00e1bbk\u00e9pz\u00e9sekkel pr\u00f3b\u00e1lj\u00e1k kik\u00fcsz\u00f6b\u00f6lni. Javul\u00f3 gazdas\u00e1gi kil\u00e1t\u00e1sokat mutatnak a munkaer\u0151piaci visszajelz\u00e9sek, a belf\u00f6ldi munk\u00e1ltat\u00f3k 35 sz\u00e1zal\u00e9ka b\u0151v\u00edtheti a munkaer\u0151keret\u00e9t 2025 els\u0151 negyed\u00e9v\u00e9ben &#8211; k\u00f6z\u00f6lte az MTI-vel\u00a0 a Manpower Magyarorsz\u00e1g. A munkaer\u0151-k\u00f6zvet\u00edt\u0151 felm\u00e9r\u00e9se alapj\u00e1n mind\u00f6ssze a c\u00e9gek 21 sz\u00e1zal\u00e9ka kezdheti l\u00e9tsz\u00e1mcs\u00f6kkent\u00e9ssel [&hellip;]<\/p>\n","protected":false},"author":1,"featured_media":8076,"comment_status":"closed","ping_status":"closed","sticky":false,"template":"","format":"standard","meta":{"_monsterinsights_skip_tracking":false,"footnotes":""},"categories":[200],"tags":[214,335],"class_list":["post-8075","post","type-post","status-publish","format-standard","has-post-thumbnail","hentry","category-munkaeropiac","tag-gazdasag","tag-munkaeropiac"],"aioseo_notices":[],"aioseo_head":"\n\t\t<!-- All in One SEO 5.0.0.1 - aioseo.com -->\n\t<meta name=\"description\" content=\"\u00c9szak-Magyarorsz\u00e1gon fellend\u00fcl\u00e9st v\u00e1rnak j\u00f6v\u0151re a c\u00e9gek, de az orsz\u00e1g m\u00e1s ter\u00fcletein vannak akik bor\u00fal\u00e1t\u00f3bbak.\" \/>\n\t<meta name=\"robots\" content=\"max-image-preview:large\" \/>\n\t<meta name=\"author\" content=\"Juh\u00e1sz P\u00e9ter\"\/>\n\t<meta name=\"keywords\" content=\"gazdas\u00e1g,munkaer\u0151piac\" \/>\n\t<link rel=\"canonical\" href=\"https:\/\/allasorias.hu\/hirek\/eszak-magyarorszagon-fellendulest-varnak-a-cegek\/\" \/>\n\t<meta name=\"generator\" content=\"All in One SEO (AIOSEO) 5.0.0.1\" \/>\n\t\t<meta property=\"og:locale\" content=\"hu_HU\" \/>\n\t\t<meta property=\"og:site_name\" content=\"AllasOrias.hu | H\u00edrek-lapszemle | \u00dczleti h\u00edrek az \u00e1ll\u00e1s \u00e9s a munka vil\u00e1g\u00e1b\u00f3l\" \/>\n\t\t<meta property=\"og:type\" content=\"article\" \/>\n\t\t<meta property=\"og:title\" content=\"\u00c9szak-Magyarorsz\u00e1g gazdas\u00e1gi n\u00f6veked\u00e9st v\u00e1r\" \/>\n\t\t<meta property=\"og:description\" content=\"\u00c9szak-Magyarorsz\u00e1gon fellend\u00fcl\u00e9st v\u00e1rnak j\u00f6v\u0151re a c\u00e9gek, de az orsz\u00e1g m\u00e1s ter\u00fcletein vannak akik bor\u00fal\u00e1t\u00f3bbak.\" \/>\n\t\t<meta property=\"og:url\" content=\"https:\/\/allasorias.hu\/hirek\/eszak-magyarorszagon-fellendulest-varnak-a-cegek\/\" \/>\n\t\t<meta property=\"og:image\" content=\"https:\/\/allasorias.hu\/hirek\/wp-content\/uploads\/2024\/12\/gazdasagi-fellendules.jpg\" \/>\n\t\t<meta property=\"og:image:secure_url\" content=\"https:\/\/allasorias.hu\/hirek\/wp-content\/uploads\/2024\/12\/gazdasagi-fellendules.jpg\" \/>\n\t\t<meta property=\"og:image:width\" content=\"1920\" \/>\n\t\t<meta property=\"og:image:height\" content=\"1280\" \/>\n\t\t<meta property=\"article:published_time\" content=\"2024-12-12T10:05:59+00:00\" \/>\n\t\t<meta property=\"article:modified_time\" content=\"2025-05-09T09:27:52+00:00\" \/>\n\t\t<meta property=\"article:publisher\" content=\"https:\/\/www.facebook.com\/allasorias\" \/>\n\t\t<meta name=\"twitter:card\" content=\"summary_large_image\" \/>\n\t\t<meta name=\"twitter:title\" content=\"\u00c9szak-Magyarorsz\u00e1g gazdas\u00e1gi n\u00f6veked\u00e9st v\u00e1r\" \/>\n\t\t<meta name=\"twitter:description\" content=\"\u00c9szak-Magyarorsz\u00e1gon fellend\u00fcl\u00e9st v\u00e1rnak j\u00f6v\u0151re a c\u00e9gek, de az orsz\u00e1g m\u00e1s ter\u00fcletein vannak akik bor\u00fal\u00e1t\u00f3bbak.\" \/>\n\t\t<meta name=\"twitter:image\" content=\"https:\/\/allasorias.hu\/hirek\/wp-content\/uploads\/2024\/12\/gazdasagi-fellendules.jpg\" \/>\n\t\t<meta name=\"twitter:label1\" content=\"Written by\" \/>\n\t\t<meta name=\"twitter:data1\" content=\"Juh\u00e1sz P\u00e9ter\" \/>\n\t\t<meta name=\"twitter:label2\" content=\"Est. reading time\" \/>\n\t\t<meta name=\"twitter:data2\" content=\"2 minutes\" \/>\n\t\t<script type=\"application\/ld+json\" class=\"aioseo-schema\">\n\t\t\t{\"@context\":\"https:\\\/\\\/schema.org\",\"@graph\":[{\"@type\":\"Article\",\"@id\":\"https:\\\/\\\/allasorias.hu\\\/hirek\\\/eszak-magyarorszagon-fellendulest-varnak-a-cegek\\\/#article\",\"name\":\"\\u00c9szak-Magyarorsz\\u00e1g gazdas\\u00e1gi n\\u00f6veked\\u00e9st v\\u00e1r\",\"headline\":\"\\u00c9szak-Magyarorsz\\u00e1gon fellend\\u00fcl\\u00e9st v\\u00e1rnak a c\\u00e9gek\",\"author\":{\"@id\":\"https:\\\/\\\/allasorias.hu\\\/hirek\\\/author\\\/admin-allasorias\\\/#author\"},\"publisher\":{\"@id\":\"https:\\\/\\\/allasorias.hu\\\/hirek\\\/#organization\"},\"image\":{\"@type\":\"ImageObject\",\"url\":\"https:\\\/\\\/allasorias.hu\\\/hirek\\\/wp-content\\\/uploads\\\/2024\\\/12\\\/gazdasagi-fellendules.jpg\",\"width\":1920,\"height\":1280,\"caption\":\"\\u00c9szak-Magyarorsz\\u00e1gon fellend\\u00fcl\\u00e9st v\\u00e1rnak a c\\u00e9gek - Allasorias.hu\\\/Hirek\"},\"datePublished\":\"2024-12-12T12:05:59+02:00\",\"dateModified\":\"2025-05-09T11:27:52+02:00\",\"inLanguage\":\"hu-HU\",\"mainEntityOfPage\":{\"@id\":\"https:\\\/\\\/allasorias.hu\\\/hirek\\\/eszak-magyarorszagon-fellendulest-varnak-a-cegek\\\/#webpage\"},\"isPartOf\":{\"@id\":\"https:\\\/\\\/allasorias.hu\\\/hirek\\\/eszak-magyarorszagon-fellendulest-varnak-a-cegek\\\/#webpage\"},\"articleSection\":\"Munkaer\\u0151piac, Gazdas\\u00e1g, munkaer\\u0151piac\"},{\"@type\":\"BreadcrumbList\",\"@id\":\"https:\\\/\\\/allasorias.hu\\\/hirek\\\/eszak-magyarorszagon-fellendulest-varnak-a-cegek\\\/#breadcrumblist\",\"itemListElement\":[{\"@type\":\"ListItem\",\"@id\":\"https:\\\/\\\/allasorias.hu\\\/hirek#listItem\",\"position\":1,\"name\":\"Home\",\"item\":\"https:\\\/\\\/allasorias.hu\\\/hirek\",\"nextItem\":{\"@type\":\"ListItem\",\"@id\":\"https:\\\/\\\/allasorias.hu\\\/hirek\\\/temak\\\/munkaeropiac\\\/#listItem\",\"name\":\"Munkaer\\u0151piac\"}},{\"@type\":\"ListItem\",\"@id\":\"https:\\\/\\\/allasorias.hu\\\/hirek\\\/temak\\\/munkaeropiac\\\/#listItem\",\"position\":2,\"name\":\"Munkaer\\u0151piac\",\"item\":\"https:\\\/\\\/allasorias.hu\\\/hirek\\\/temak\\\/munkaeropiac\\\/\",\"nextItem\":{\"@type\":\"ListItem\",\"@id\":\"https:\\\/\\\/allasorias.hu\\\/hirek\\\/eszak-magyarorszagon-fellendulest-varnak-a-cegek\\\/#listItem\",\"name\":\"\\u00c9szak-Magyarorsz\\u00e1gon fellend\\u00fcl\\u00e9st v\\u00e1rnak a c\\u00e9gek\"},\"previousItem\":{\"@type\":\"ListItem\",\"@id\":\"https:\\\/\\\/allasorias.hu\\\/hirek#listItem\",\"name\":\"Home\"}},{\"@type\":\"ListItem\",\"@id\":\"https:\\\/\\\/allasorias.hu\\\/hirek\\\/eszak-magyarorszagon-fellendulest-varnak-a-cegek\\\/#listItem\",\"position\":3,\"name\":\"\\u00c9szak-Magyarorsz\\u00e1gon fellend\\u00fcl\\u00e9st v\\u00e1rnak a c\\u00e9gek\",\"previousItem\":{\"@type\":\"ListItem\",\"@id\":\"https:\\\/\\\/allasorias.hu\\\/hirek\\\/temak\\\/munkaeropiac\\\/#listItem\",\"name\":\"Munkaer\\u0151piac\"}}]},{\"@type\":\"Organization\",\"@id\":\"https:\\\/\\\/allasorias.hu\\\/hirek\\\/#organization\",\"name\":\"AllasOrias.hu | H\\u00edrek-lapszemle\",\"description\":\"\\u00dczleti h\\u00edrek az \\u00e1ll\\u00e1s \\u00e9s a munka vil\\u00e1g\\u00e1b\\u00f3l\",\"url\":\"https:\\\/\\\/allasorias.hu\\\/hirek\\\/\",\"logo\":{\"@type\":\"ImageObject\",\"url\":\"https:\\\/\\\/allasorias.hu\\\/hirek\\\/wp-content\\\/uploads\\\/2022\\\/10\\\/allasorias_site_facebok_logo.png\",\"@id\":\"https:\\\/\\\/allasorias.hu\\\/hirek\\\/eszak-magyarorszagon-fellendulest-varnak-a-cegek\\\/#organizationLogo\"},\"image\":{\"@id\":\"https:\\\/\\\/allasorias.hu\\\/hirek\\\/eszak-magyarorszagon-fellendulest-varnak-a-cegek\\\/#organizationLogo\"},\"sameAs\":[\"https:\\\/\\\/www.facebook.com\\\/allasorias\",\"https:\\\/\\\/www.linkedin.com\\\/company\\\/allasorias\"]},{\"@type\":\"Person\",\"@id\":\"https:\\\/\\\/allasorias.hu\\\/hirek\\\/author\\\/admin-allasorias\\\/#author\",\"url\":\"https:\\\/\\\/allasorias.hu\\\/hirek\\\/author\\\/admin-allasorias\\\/\",\"name\":\"Juh\\u00e1sz P\\u00e9ter\",\"image\":{\"@type\":\"ImageObject\",\"@id\":\"https:\\\/\\\/allasorias.hu\\\/hirek\\\/eszak-magyarorszagon-fellendulest-varnak-a-cegek\\\/#authorImage\",\"url\":\"https:\\\/\\\/secure.gravatar.com\\\/avatar\\\/36e6bcb83148978b992977cb0f54d22feb0cce8a0a849a9410532bb2623ba4c6?s=96&d=mm&r=g\",\"width\":96,\"height\":96,\"caption\":\"Juh\\u00e1sz P\\u00e9ter\"}},{\"@type\":\"WebPage\",\"@id\":\"https:\\\/\\\/allasorias.hu\\\/hirek\\\/eszak-magyarorszagon-fellendulest-varnak-a-cegek\\\/#webpage\",\"url\":\"https:\\\/\\\/allasorias.hu\\\/hirek\\\/eszak-magyarorszagon-fellendulest-varnak-a-cegek\\\/\",\"name\":\"\\u00c9szak-Magyarorsz\\u00e1g gazdas\\u00e1gi n\\u00f6veked\\u00e9st v\\u00e1r\",\"description\":\"\\u00c9szak-Magyarorsz\\u00e1gon fellend\\u00fcl\\u00e9st v\\u00e1rnak j\\u00f6v\\u0151re a c\\u00e9gek, de az orsz\\u00e1g m\\u00e1s ter\\u00fcletein vannak akik bor\\u00fal\\u00e1t\\u00f3bbak.\",\"inLanguage\":\"hu-HU\",\"isPartOf\":{\"@id\":\"https:\\\/\\\/allasorias.hu\\\/hirek\\\/#website\"},\"breadcrumb\":{\"@id\":\"https:\\\/\\\/allasorias.hu\\\/hirek\\\/eszak-magyarorszagon-fellendulest-varnak-a-cegek\\\/#breadcrumblist\"},\"author\":{\"@id\":\"https:\\\/\\\/allasorias.hu\\\/hirek\\\/author\\\/admin-allasorias\\\/#author\"},\"creator\":{\"@id\":\"https:\\\/\\\/allasorias.hu\\\/hirek\\\/author\\\/admin-allasorias\\\/#author\"},\"image\":{\"@type\":\"ImageObject\",\"url\":\"https:\\\/\\\/allasorias.hu\\\/hirek\\\/wp-content\\\/uploads\\\/2024\\\/12\\\/gazdasagi-fellendules.jpg\",\"@id\":\"https:\\\/\\\/allasorias.hu\\\/hirek\\\/eszak-magyarorszagon-fellendulest-varnak-a-cegek\\\/#mainImage\",\"width\":1920,\"height\":1280,\"caption\":\"\\u00c9szak-Magyarorsz\\u00e1gon fellend\\u00fcl\\u00e9st v\\u00e1rnak a c\\u00e9gek - Allasorias.hu\\\/Hirek\"},\"primaryImageOfPage\":{\"@id\":\"https:\\\/\\\/allasorias.hu\\\/hirek\\\/eszak-magyarorszagon-fellendulest-varnak-a-cegek\\\/#mainImage\"},\"datePublished\":\"2024-12-12T12:05:59+02:00\",\"dateModified\":\"2025-05-09T11:27:52+02:00\"},{\"@type\":\"WebSite\",\"@id\":\"https:\\\/\\\/allasorias.hu\\\/hirek\\\/#website\",\"url\":\"https:\\\/\\\/allasorias.hu\\\/hirek\\\/\",\"name\":\"AllasOrias.hu | H\\u00edrek-lapszemle\",\"description\":\"\\u00dczleti h\\u00edrek az \\u00e1ll\\u00e1s \\u00e9s a munka vil\\u00e1g\\u00e1b\\u00f3l\",\"inLanguage\":\"hu-HU\",\"publisher\":{\"@id\":\"https:\\\/\\\/allasorias.hu\\\/hirek\\\/#organization\"}}]}\n\t\t<\/script>\n\t\t<!-- All in One SEO -->\n\n","aioseo_head_json":{"title":"\u00c9szak-Magyarorsz\u00e1g gazdas\u00e1gi n\u00f6veked\u00e9st v\u00e1r","description":"\u00c9szak-Magyarorsz\u00e1gon fellend\u00fcl\u00e9st v\u00e1rnak j\u00f6v\u0151re a c\u00e9gek, de az orsz\u00e1g m\u00e1s ter\u00fcletein vannak akik bor\u00fal\u00e1t\u00f3bbak.","canonical_url":"https:\/\/allasorias.hu\/hirek\/eszak-magyarorszagon-fellendulest-varnak-a-cegek\/","robots":"max-image-preview:large","keywords":"gazdas\u00e1g,munkaer\u0151piac","webmasterTools":{"miscellaneous":""},"schema":{"@context":"https:\/\/schema.org","@graph":[{"@type":"Article","@id":"https:\/\/allasorias.hu\/hirek\/eszak-magyarorszagon-fellendulest-varnak-a-cegek\/#article","name":"\u00c9szak-Magyarorsz\u00e1g gazdas\u00e1gi n\u00f6veked\u00e9st v\u00e1r","headline":"\u00c9szak-Magyarorsz\u00e1gon fellend\u00fcl\u00e9st v\u00e1rnak a c\u00e9gek","author":{"@id":"https:\/\/allasorias.hu\/hirek\/author\/admin-allasorias\/#author"},"publisher":{"@id":"https:\/\/allasorias.hu\/hirek\/#organization"},"image":{"@type":"ImageObject","url":"https:\/\/allasorias.hu\/hirek\/wp-content\/uploads\/2024\/12\/gazdasagi-fellendules.jpg","width":1920,"height":1280,"caption":"\u00c9szak-Magyarorsz\u00e1gon fellend\u00fcl\u00e9st v\u00e1rnak a c\u00e9gek - Allasorias.hu\/Hirek"},"datePublished":"2024-12-12T12:05:59+02:00","dateModified":"2025-05-09T11:27:52+02:00","inLanguage":"hu-HU","mainEntityOfPage":{"@id":"https:\/\/allasorias.hu\/hirek\/eszak-magyarorszagon-fellendulest-varnak-a-cegek\/#webpage"},"isPartOf":{"@id":"https:\/\/allasorias.hu\/hirek\/eszak-magyarorszagon-fellendulest-varnak-a-cegek\/#webpage"},"articleSection":"Munkaer\u0151piac, Gazdas\u00e1g, munkaer\u0151piac"},{"@type":"BreadcrumbList","@id":"https:\/\/allasorias.hu\/hirek\/eszak-magyarorszagon-fellendulest-varnak-a-cegek\/#breadcrumblist","itemListElement":[{"@type":"ListItem","@id":"https:\/\/allasorias.hu\/hirek#listItem","position":1,"name":"Home","item":"https:\/\/allasorias.hu\/hirek","nextItem":{"@type":"ListItem","@id":"https:\/\/allasorias.hu\/hirek\/temak\/munkaeropiac\/#listItem","name":"Munkaer\u0151piac"}},{"@type":"ListItem","@id":"https:\/\/allasorias.hu\/hirek\/temak\/munkaeropiac\/#listItem","position":2,"name":"Munkaer\u0151piac","item":"https:\/\/allasorias.hu\/hirek\/temak\/munkaeropiac\/","nextItem":{"@type":"ListItem","@id":"https:\/\/allasorias.hu\/hirek\/eszak-magyarorszagon-fellendulest-varnak-a-cegek\/#listItem","name":"\u00c9szak-Magyarorsz\u00e1gon fellend\u00fcl\u00e9st v\u00e1rnak a c\u00e9gek"},"previousItem":{"@type":"ListItem","@id":"https:\/\/allasorias.hu\/hirek#listItem","name":"Home"}},{"@type":"ListItem","@id":"https:\/\/allasorias.hu\/hirek\/eszak-magyarorszagon-fellendulest-varnak-a-cegek\/#listItem","position":3,"name":"\u00c9szak-Magyarorsz\u00e1gon fellend\u00fcl\u00e9st v\u00e1rnak a c\u00e9gek","previousItem":{"@type":"ListItem","@id":"https:\/\/allasorias.hu\/hirek\/temak\/munkaeropiac\/#listItem","name":"Munkaer\u0151piac"}}]},{"@type":"Organization","@id":"https:\/\/allasorias.hu\/hirek\/#organization","name":"AllasOrias.hu | H\u00edrek-lapszemle","description":"\u00dczleti h\u00edrek az \u00e1ll\u00e1s \u00e9s a munka vil\u00e1g\u00e1b\u00f3l","url":"https:\/\/allasorias.hu\/hirek\/","logo":{"@type":"ImageObject","url":"https:\/\/allasorias.hu\/hirek\/wp-content\/uploads\/2022\/10\/allasorias_site_facebok_logo.png","@id":"https:\/\/allasorias.hu\/hirek\/eszak-magyarorszagon-fellendulest-varnak-a-cegek\/#organizationLogo"},"image":{"@id":"https:\/\/allasorias.hu\/hirek\/eszak-magyarorszagon-fellendulest-varnak-a-cegek\/#organizationLogo"},"sameAs":["https:\/\/www.facebook.com\/allasorias","https:\/\/www.linkedin.com\/company\/allasorias"]},{"@type":"Person","@id":"https:\/\/allasorias.hu\/hirek\/author\/admin-allasorias\/#author","url":"https:\/\/allasorias.hu\/hirek\/author\/admin-allasorias\/","name":"Juh\u00e1sz P\u00e9ter","image":{"@type":"ImageObject","@id":"https:\/\/allasorias.hu\/hirek\/eszak-magyarorszagon-fellendulest-varnak-a-cegek\/#authorImage","url":"https:\/\/secure.gravatar.com\/avatar\/36e6bcb83148978b992977cb0f54d22feb0cce8a0a849a9410532bb2623ba4c6?s=96&d=mm&r=g","width":96,"height":96,"caption":"Juh\u00e1sz P\u00e9ter"}},{"@type":"WebPage","@id":"https:\/\/allasorias.hu\/hirek\/eszak-magyarorszagon-fellendulest-varnak-a-cegek\/#webpage","url":"https:\/\/allasorias.hu\/hirek\/eszak-magyarorszagon-fellendulest-varnak-a-cegek\/","name":"\u00c9szak-Magyarorsz\u00e1g gazdas\u00e1gi n\u00f6veked\u00e9st v\u00e1r","description":"\u00c9szak-Magyarorsz\u00e1gon fellend\u00fcl\u00e9st v\u00e1rnak j\u00f6v\u0151re a c\u00e9gek, de az orsz\u00e1g m\u00e1s ter\u00fcletein vannak akik bor\u00fal\u00e1t\u00f3bbak.","inLanguage":"hu-HU","isPartOf":{"@id":"https:\/\/allasorias.hu\/hirek\/#website"},"breadcrumb":{"@id":"https:\/\/allasorias.hu\/hirek\/eszak-magyarorszagon-fellendulest-varnak-a-cegek\/#breadcrumblist"},"author":{"@id":"https:\/\/allasorias.hu\/hirek\/author\/admin-allasorias\/#author"},"creator":{"@id":"https:\/\/allasorias.hu\/hirek\/author\/admin-allasorias\/#author"},"image":{"@type":"ImageObject","url":"https:\/\/allasorias.hu\/hirek\/wp-content\/uploads\/2024\/12\/gazdasagi-fellendules.jpg","@id":"https:\/\/allasorias.hu\/hirek\/eszak-magyarorszagon-fellendulest-varnak-a-cegek\/#mainImage","width":1920,"height":1280,"caption":"\u00c9szak-Magyarorsz\u00e1gon fellend\u00fcl\u00e9st v\u00e1rnak a c\u00e9gek - Allasorias.hu\/Hirek"},"primaryImageOfPage":{"@id":"https:\/\/allasorias.hu\/hirek\/eszak-magyarorszagon-fellendulest-varnak-a-cegek\/#mainImage"},"datePublished":"2024-12-12T12:05:59+02:00","dateModified":"2025-05-09T11:27:52+02:00"},{"@type":"WebSite","@id":"https:\/\/allasorias.hu\/hirek\/#website","url":"https:\/\/allasorias.hu\/hirek\/","name":"AllasOrias.hu | H\u00edrek-lapszemle","description":"\u00dczleti h\u00edrek az \u00e1ll\u00e1s \u00e9s a munka vil\u00e1g\u00e1b\u00f3l","inLanguage":"hu-HU","publisher":{"@id":"https:\/\/allasorias.hu\/hirek\/#organization"}}]},"og:locale":"hu_HU","og:site_name":"AllasOrias.hu | H\u00edrek-lapszemle | \u00dczleti h\u00edrek az \u00e1ll\u00e1s \u00e9s a munka vil\u00e1g\u00e1b\u00f3l","og:type":"article","og:title":"\u00c9szak-Magyarorsz\u00e1g gazdas\u00e1gi n\u00f6veked\u00e9st v\u00e1r","og:description":"\u00c9szak-Magyarorsz\u00e1gon fellend\u00fcl\u00e9st v\u00e1rnak j\u00f6v\u0151re a c\u00e9gek, de az orsz\u00e1g m\u00e1s ter\u00fcletein vannak akik bor\u00fal\u00e1t\u00f3bbak.","og:url":"https:\/\/allasorias.hu\/hirek\/eszak-magyarorszagon-fellendulest-varnak-a-cegek\/","og:image":"https:\/\/allasorias.hu\/hirek\/wp-content\/uploads\/2024\/12\/gazdasagi-fellendules.jpg","og:image:secure_url":"https:\/\/allasorias.hu\/hirek\/wp-content\/uploads\/2024\/12\/gazdasagi-fellendules.jpg","og:image:width":1920,"og:image:height":1280,"article:published_time":"2024-12-12T10:05:59+00:00","article:modified_time":"2025-05-09T09:27:52+00:00","article:publisher":"https:\/\/www.facebook.com\/allasorias","twitter:card":"summary_large_image","twitter:title":"\u00c9szak-Magyarorsz\u00e1g gazdas\u00e1gi n\u00f6veked\u00e9st v\u00e1r","twitter:description":"\u00c9szak-Magyarorsz\u00e1gon fellend\u00fcl\u00e9st v\u00e1rnak j\u00f6v\u0151re a c\u00e9gek, de az orsz\u00e1g m\u00e1s ter\u00fcletein vannak akik bor\u00fal\u00e1t\u00f3bbak.","twitter:image":"https:\/\/allasorias.hu\/hirek\/wp-content\/uploads\/2024\/12\/gazdasagi-fellendules.jpg","twitter:label1":"Written by","twitter:data1":"Juh\u00e1sz P\u00e9ter","twitter:label2":"Est. reading time","twitter:data2":"2 minutes"},"aioseo_meta_data":{"post_id":"8075","title":"\u00c9szak-Magyarorsz\u00e1g gazdas\u00e1gi n\u00f6veked\u00e9st v\u00e1r","description":"\u00c9szak-Magyarorsz\u00e1gon fellend\u00fcl\u00e9st v\u00e1rnak j\u00f6v\u0151re a c\u00e9gek, de az orsz\u00e1g m\u00e1s ter\u00fcletein vannak akik bor\u00fal\u00e1t\u00f3bbak.","keywords":null,"keyphrases":{"focus":{"keyphrase":"","score":0,"analysis":{"keyphraseInTitle":{"score":0,"maxScore":9,"error":1}}},"additional":[]},"primary_term":null,"canonical_url":null,"og_title":null,"og_description":null,"og_object_type":"default","og_image_type":"default","og_image_url":null,"og_image_width":null,"og_image_height":null,"og_image_custom_url":null,"og_image_custom_fields":null,"og_video":"","og_custom_url":null,"og_article_section":null,"og_article_tags":null,"twitter_use_og":true,"twitter_card":"default","twitter_image_type":"default","twitter_image_url":null,"twitter_image_custom_url":null,"twitter_image_custom_fields":null,"twitter_title":null,"twitter_description":null,"schema":{"blockGraphs":[],"customGraphs":[],"default":{"data":{"Article":[],"Course":[],"Dataset":[],"FAQPage":[],"Movie":[],"Person":[],"Product":[],"ProductReview":[],"Car":[],"Recipe":[],"Service":[],"SoftwareApplication":[],"WebPage":[]},"graphName":"Article","isEnabled":true},"graphs":[]},"schema_type":"default","schema_type_options":null,"pillar_content":false,"robots_default":true,"robots_noindex":false,"robots_noarchive":false,"robots_nosnippet":false,"robots_nofollow":false,"robots_noimageindex":false,"robots_noodp":false,"robots_notranslate":false,"robots_max_snippet":"-1","robots_max_videopreview":"-1","robots_max_imagepreview":"large","priority":null,"frequency":"default","location":null,"local_seo":null,"breadcrumb_settings":null,"limit_modified_date":false,"ai":null,"created":"2024-12-12 09:23:38","updated":"2025-10-02 20:47:18","seo_analyzer_scan_date":null,"focus_keyword":null,"additional_keywords":null,"truseo_locale":null},"aioseo_breadcrumb":"<div class=\"aioseo-breadcrumbs\"><span class=\"aioseo-breadcrumb\">\n\t\t\t<a href=\"https:\/\/allasorias.hu\/hirek\" title=\"Home\">Home<\/a>\n\t\t<\/span><span class=\"aioseo-breadcrumb-separator\">&raquo;<\/span><span class=\"aioseo-breadcrumb\">\n\t\t\t<a href=\"https:\/\/allasorias.hu\/hirek\/temak\/munkaeropiac\/\" title=\"Munkaer\u0151piac\">Munkaer\u0151piac<\/a>\n\t\t<\/span><span class=\"aioseo-breadcrumb-separator\">&raquo;<\/span><span class=\"aioseo-breadcrumb\">\n\t\t\t\u00c9szak-Magyarorsz\u00e1gon fellend\u00fcl\u00e9st v\u00e1rnak a c\u00e9gek\n\t\t<\/span><\/div>","aioseo_breadcrumb_json":[{"label":"Home","link":"https:\/\/allasorias.hu\/hirek"},{"label":"Munkaer\u0151piac","link":"https:\/\/allasorias.hu\/hirek\/temak\/munkaeropiac\/"},{"label":"\u00c9szak-Magyarorsz\u00e1gon fellend\u00fcl\u00e9st v\u00e1rnak a c\u00e9gek","link":"https:\/\/allasorias.hu\/hirek\/eszak-magyarorszagon-fellendulest-varnak-a-cegek\/"}],"_links":{"self":[{"href":"https:\/\/allasorias.hu\/hirek\/wp-json\/wp\/v2\/posts\/8075","targetHints":{"allow":["GET"]}}],"collection":[{"href":"https:\/\/allasorias.hu\/hirek\/wp-json\/wp\/v2\/posts"}],"about":[{"href":"https:\/\/allasorias.hu\/hirek\/wp-json\/wp\/v2\/types\/post"}],"author":[{"embeddable":true,"href":"https:\/\/allasorias.hu\/hirek\/wp-json\/wp\/v2\/users\/1"}],"replies":[{"embeddable":true,"href":"https:\/\/allasorias.hu\/hirek\/wp-json\/wp\/v2\/comments?post=8075"}],"version-history":[{"count":1,"href":"https:\/\/allasorias.hu\/hirek\/wp-json\/wp\/v2\/posts\/8075\/revisions"}],"predecessor-version":[{"id":8077,"href":"https:\/\/allasorias.hu\/hirek\/wp-json\/wp\/v2\/posts\/8075\/revisions\/8077"}],"wp:featuredmedia":[{"embeddable":true,"href":"https:\/\/allasorias.hu\/hirek\/wp-json\/wp\/v2\/media\/8076"}],"wp:attachment":[{"href":"https:\/\/allasorias.hu\/hirek\/wp-json\/wp\/v2\/media?parent=8075"}],"wp:term":[{"taxonomy":"category","embeddable":true,"href":"https:\/\/allasorias.hu\/hirek\/wp-json\/wp\/v2\/categories?post=8075"},{"taxonomy":"post_tag","embeddable":true,"href":"https:\/\/allasorias.hu\/hirek\/wp-json\/wp\/v2\/tags?post=8075"}],"curies":[{"name":"wp","href":"https:\/\/api.w.org\/{rel}","templated":true}]}}