{"id":8072,"date":"2024-12-11T11:51:58","date_gmt":"2024-12-11T09:51:58","guid":{"rendered":"https:\/\/allasorias.hu\/hirek\/?p=8072"},"modified":"2025-05-09T11:01:54","modified_gmt":"2025-05-09T09:01:54","slug":"bovules-es-csokkenes-az-autoiparban","status":"publish","type":"post","link":"https:\/\/allasorias.hu\/hirek\/bovules-es-csokkenes-az-autoiparban\/","title":{"rendered":"B\u0151v\u00fcl\u00e9s \u00e9s cs\u00f6kken\u00e9s az aut\u00f3iparban"},"content":{"rendered":"<p><strong>Egyszerre van jelen a b\u0151v\u00fcl\u00e9s \u00e9s a l\u00e9tsz\u00e1mcs\u00f6kken\u00e9s az aut\u00f3iparban. A c\u00e9gek m\u00e9rs\u00e9kelten fejlesztettek \u00e9s b\u0151v\u00edtett\u00e9k a dolgoz\u00f3i l\u00e9tsz\u00e1mot, de van olyan c\u00e9g is, ahol el kellett k\u00fcldeni munkav\u00e1llal\u00f3kat.<\/strong><\/p>\n<p>Szeptemberben jelent\u0151s mozg\u00e1sok voltak a hazai aut\u00f3ipar \u00e9s kapcsol\u00f3d\u00f3 szektorok munkaer\u0151piac\u00e1n. Mik\u00f6zben a BMW \u00e9s a Mercedes-Benz gy\u00e1rai tov\u00e1bb b\u0151v\u00fclnek, az akkumul\u00e1torgy\u00e1rt\u00e1sban visszaes\u00e9s tapasztalhat\u00f3. A besz\u00e1ll\u00edt\u00f3i l\u00e1ncban is vegyes a k\u00e9p: egyes v\u00e1llalatok jelent\u0151s l\u00e9tsz\u00e1mn\u00f6veked\u00e9st \u00e9rtek el, m\u00e1sok pedig cs\u00f6kkentett\u00e9k \u00e1llom\u00e1nyukat. A v\u00e1ltoz\u00e1sok j\u00f3l t\u00fckr\u00f6zik az ipar\u00e1gi \u00e1talakul\u00e1sok dinamik\u00e1j\u00e1t \u00e9s a gazdas\u00e1gi k\u00f6rnyezet hat\u00e1sait.<\/p>\n<h2>Bmw, Mercedes, Audi<\/h2>\n<p>Szeptemberben jelent\u0151s l\u00e9tsz\u00e1mmozg\u00e1sok t\u00f6rt\u00e9ntek a hazai nagyv\u00e1llalatokn\u00e1l, k\u00fcl\u00f6n\u00f6sen az aut\u00f3iparban \u00e9s a hozz\u00e1 kapcsol\u00f3d\u00f3 szektorokban. A debreceni BMW Manufacturing Hungary Kft. tov\u00e1bb folytatta dinamikus b\u0151v\u00fcl\u00e9s\u00e9t: egy h\u00f3nap alatt 228 f\u0151vel n\u0151tt az alkalmazottak sz\u00e1ma, el\u00e9rve a 2198 f\u0151t. Ez a n\u00f6veked\u00e9s j\u00f3l t\u00fckr\u00f6zi a gy\u00e1r folyamatos fejleszt\u00e9seit \u00e9s az elektromos modellek gy\u00e1rt\u00e1s\u00e1ra val\u00f3 felk\u00e9sz\u00fcl\u00e9s\u00e9t.<\/p>\n<p>Hasonl\u00f3an pozit\u00edv tendencia figyelhet\u0151 meg a Mercedes-Benz Manufacturing Hungary Kft.-n\u00e9l, ahol 84 \u00faj munkav\u00e1llal\u00f3t vettek fel, jelezve a kapacit\u00e1sb\u0151v\u00edt\u00e9s ir\u00e1nti ig\u00e9nyt. A Grundfos Magyarorsz\u00e1g Kft. 82 f\u0151s b\u0151v\u00fcl\u00e9se szint\u00e9n a gy\u00e1rt\u00e1si tev\u00e9kenys\u00e9g er\u0151s\u00f6d\u00e9s\u00e9re utal, m\u00edg a Knorr-Bremse Hung\u00e1ria Kft. \u00e9s a Linamar Hungary Zrt. l\u00e9tsz\u00e1ma 35, illetve 43 f\u0151vel n\u0151tt, ami az ipar\u00e1g besz\u00e1ll\u00edt\u00f3i szegmens\u00e9nek stabilit\u00e1s\u00e1t jelzi. Az Audi Hungaria Zrt. is folytatta n\u00f6veked\u00e9s\u00e9t, 42 f\u0151vel gyarap\u00edtva munkav\u00e1llal\u00f3i l\u00e9tsz\u00e1m\u00e1t.<\/p>\n<h2>K\u00f6zleked\u00e9s<\/h2>\n<p>A k\u00f6zleked\u00e9si szektorban szint\u00e9n b\u0151v\u00fcl\u00e9s volt tapasztalhat\u00f3. A Vol\u00e1nbusz Zrt. 56 f\u0151vel n\u00f6velte alkalmazottainak sz\u00e1m\u00e1t, m\u00edg a M\u00c1V Zrt. eset\u00e9ben 24 f\u0151s l\u00e9tsz\u00e1mn\u00f6veked\u00e9st regisztr\u00e1ltak. Ezek az eredm\u00e9nyek a stabil m\u0171k\u00f6d\u00e9s fenntart\u00e1s\u00e1ra \u00e9s az infrastrukt\u00fara fejleszt\u00e9s\u00e9re utalnak. Ezzel szemben a M\u00c1V-START Zrt.-n\u00e9l 45 f\u0151s cs\u00f6kken\u00e9s t\u00f6rt\u00e9nt, ami val\u00f3sz\u00edn\u0171leg bels\u0151 \u00e1talak\u00edt\u00e1sok k\u00f6vetkezm\u00e9nye.<\/p>\n<p>Nem minden v\u00e1llalat sz\u00e1m\u00e1ra volt azonban kedvez\u0151 a szeptember. Az SK On Hungary Kft. jelent\u0151s, 91 f\u0151s l\u00e9tsz\u00e1mcs\u00f6kken\u00e9st szenvedett el, ami az akkumul\u00e1torgy\u00e1rt\u00e1sban tapasztalhat\u00f3 bizonytalans\u00e1got t\u00fckr\u00f6zi. Hasonl\u00f3 cs\u00f6kken\u00e9s volt megfigyelhet\u0151 a Jabil Circuit Magyarorsz\u00e1g Kft.-n\u00e9l, ahol 97 f\u0151vel cs\u00f6kkent az \u00e1llom\u00e1ny. A Samsung SDI Magyarorsz\u00e1g Zrt. 30 f\u0151s l\u00e9tsz\u00e1mcs\u00f6kken\u00e9se, valamint az SMR Automotive Mirror Technology Hungary Bt. 33 f\u0151s visszaes\u00e9se is az ipar\u00e1g besz\u00e1ll\u00edt\u00f3i l\u00e1nc\u00e1ban tapasztalhat\u00f3 \u00e1tmeneti neh\u00e9zs\u00e9geket jelzi. A Continental Automotive Hungary Kft. eset\u00e9ben kisebb m\u00e9rt\u00e9k\u0171, 17 f\u0151s cs\u00f6kken\u00e9st regisztr\u00e1ltak \u2013 olvashat\u00f3 ki a HR Port\u00e1l \u00e1ltal k\u00f6zz\u00e9tett adatokb\u00f3l.<\/p>\n<p>Forr\u00e1s: <a href=\"https:\/\/autopro.hu\/hr\/a-bmw-es-a-mercedes-huzza-az-autoipari-munkaeropiacot\/1275586\" target=\"_blank\" rel=\"nofollow noopener noreferrer\">autopro.hu<\/a><\/p>\n","protected":false},"excerpt":{"rendered":"<p>Egyszerre van jelen a b\u0151v\u00fcl\u00e9s \u00e9s a l\u00e9tsz\u00e1mcs\u00f6kken\u00e9s az aut\u00f3iparban. A c\u00e9gek m\u00e9rs\u00e9kelten fejlesztettek \u00e9s b\u0151v\u00edtett\u00e9k a dolgoz\u00f3i l\u00e9tsz\u00e1mot, de van olyan c\u00e9g is, ahol el kellett k\u00fcldeni munkav\u00e1llal\u00f3kat. Szeptemberben jelent\u0151s mozg\u00e1sok voltak a hazai aut\u00f3ipar \u00e9s kapcsol\u00f3d\u00f3 szektorok munkaer\u0151piac\u00e1n. Mik\u00f6zben a BMW \u00e9s a Mercedes-Benz gy\u00e1rai tov\u00e1bb b\u0151v\u00fclnek, az akkumul\u00e1torgy\u00e1rt\u00e1sban visszaes\u00e9s tapasztalhat\u00f3. A besz\u00e1ll\u00edt\u00f3i [&hellip;]<\/p>\n","protected":false},"author":1,"featured_media":8073,"comment_status":"closed","ping_status":"closed","sticky":false,"template":"","format":"standard","meta":{"_monsterinsights_skip_tracking":false,"footnotes":""},"categories":[200],"tags":[857,856],"class_list":["post-8072","post","type-post","status-publish","format-standard","has-post-thumbnail","hentry","category-munkaeropiac","tag-autogyartas","tag-autoipar"],"aioseo_notices":[],"aioseo_head":"\n\t\t<!-- All in One SEO 5.0.0.1 - aioseo.com -->\n\t<meta name=\"description\" content=\"Egyszerre van jelen a b\u0151v\u00fcl\u00e9s \u00e9s a l\u00e9tsz\u00e1mcs\u00f6kken\u00e9s az aut\u00f3iparban. A c\u00e9gek m\u00e9rs\u00e9kelten fejlesztettek \u00e9s b\u0151v\u00edtett\u00e9k a dolgoz\u00f3i l\u00e9tsz\u00e1mot,\" \/>\n\t<meta name=\"robots\" content=\"max-image-preview:large\" \/>\n\t<meta name=\"author\" content=\"Juh\u00e1sz P\u00e9ter\"\/>\n\t<meta name=\"keywords\" content=\"aut\u00f3gy\u00e1rt\u00e1s,aut\u00f3ipar\" \/>\n\t<link rel=\"canonical\" href=\"https:\/\/allasorias.hu\/hirek\/bovules-es-csokkenes-az-autoiparban\/\" \/>\n\t<meta name=\"generator\" content=\"All in One SEO (AIOSEO) 5.0.0.1\" \/>\n\t\t<meta property=\"og:locale\" content=\"hu_HU\" \/>\n\t\t<meta property=\"og:site_name\" content=\"AllasOrias.hu | H\u00edrek-lapszemle | \u00dczleti h\u00edrek az \u00e1ll\u00e1s \u00e9s a munka vil\u00e1g\u00e1b\u00f3l\" \/>\n\t\t<meta property=\"og:type\" content=\"article\" \/>\n\t\t<meta property=\"og:title\" content=\"Aut\u00f3iparban egyszerre b\u0151v\u00fcl\u00e9s \u00e9s visszaes\u00e9s\" \/>\n\t\t<meta property=\"og:description\" content=\"Egyszerre van jelen a b\u0151v\u00fcl\u00e9s \u00e9s a l\u00e9tsz\u00e1mcs\u00f6kken\u00e9s az aut\u00f3iparban. A c\u00e9gek m\u00e9rs\u00e9kelten fejlesztettek \u00e9s b\u0151v\u00edtett\u00e9k a dolgoz\u00f3i l\u00e9tsz\u00e1mot,\" \/>\n\t\t<meta property=\"og:url\" content=\"https:\/\/allasorias.hu\/hirek\/bovules-es-csokkenes-az-autoiparban\/\" \/>\n\t\t<meta property=\"og:image\" content=\"https:\/\/allasorias.hu\/hirek\/wp-content\/uploads\/2024\/12\/autoipar-munkaeropiac.jpg\" \/>\n\t\t<meta property=\"og:image:secure_url\" content=\"https:\/\/allasorias.hu\/hirek\/wp-content\/uploads\/2024\/12\/autoipar-munkaeropiac.jpg\" \/>\n\t\t<meta property=\"og:image:width\" content=\"1920\" \/>\n\t\t<meta property=\"og:image:height\" content=\"1280\" \/>\n\t\t<meta property=\"article:published_time\" content=\"2024-12-11T09:51:58+00:00\" \/>\n\t\t<meta property=\"article:modified_time\" content=\"2025-05-09T09:01:54+00:00\" \/>\n\t\t<meta property=\"article:publisher\" content=\"https:\/\/www.facebook.com\/allasorias\" \/>\n\t\t<meta name=\"twitter:card\" content=\"summary_large_image\" \/>\n\t\t<meta name=\"twitter:title\" content=\"Aut\u00f3iparban egyszerre b\u0151v\u00fcl\u00e9s \u00e9s visszaes\u00e9s\" \/>\n\t\t<meta name=\"twitter:description\" content=\"Egyszerre van jelen a b\u0151v\u00fcl\u00e9s \u00e9s a l\u00e9tsz\u00e1mcs\u00f6kken\u00e9s az aut\u00f3iparban. A c\u00e9gek m\u00e9rs\u00e9kelten fejlesztettek \u00e9s b\u0151v\u00edtett\u00e9k a dolgoz\u00f3i l\u00e9tsz\u00e1mot,\" \/>\n\t\t<meta name=\"twitter:image\" content=\"https:\/\/allasorias.hu\/hirek\/wp-content\/uploads\/2024\/12\/autoipar-munkaeropiac.jpg\" \/>\n\t\t<meta name=\"twitter:label1\" content=\"Written by\" \/>\n\t\t<meta name=\"twitter:data1\" content=\"Juh\u00e1sz P\u00e9ter\" \/>\n\t\t<meta name=\"twitter:label2\" content=\"Est. reading time\" \/>\n\t\t<meta name=\"twitter:data2\" content=\"3 minutes\" \/>\n\t\t<script type=\"application\/ld+json\" class=\"aioseo-schema\">\n\t\t\t{\"@context\":\"https:\\\/\\\/schema.org\",\"@graph\":[{\"@type\":\"Article\",\"@id\":\"https:\\\/\\\/allasorias.hu\\\/hirek\\\/bovules-es-csokkenes-az-autoiparban\\\/#article\",\"name\":\"Aut\\u00f3iparban egyszerre b\\u0151v\\u00fcl\\u00e9s \\u00e9s visszaes\\u00e9s\",\"headline\":\"B\\u0151v\\u00fcl\\u00e9s \\u00e9s cs\\u00f6kken\\u00e9s az aut\\u00f3iparban\",\"author\":{\"@id\":\"https:\\\/\\\/allasorias.hu\\\/hirek\\\/author\\\/admin-allasorias\\\/#author\"},\"publisher\":{\"@id\":\"https:\\\/\\\/allasorias.hu\\\/hirek\\\/#organization\"},\"image\":{\"@type\":\"ImageObject\",\"url\":\"https:\\\/\\\/allasorias.hu\\\/hirek\\\/wp-content\\\/uploads\\\/2024\\\/12\\\/autoipar-munkaeropiac.jpg\",\"width\":1920,\"height\":1280,\"caption\":\"B\\u0151v\\u00fcl\\u00e9s \\u00e9s cs\\u00f6kken\\u00e9s az aut\\u00f3iparban - Allasorias.hu\\\/Hirek\"},\"datePublished\":\"2024-12-11T11:51:58+02:00\",\"dateModified\":\"2025-05-09T11:01:54+02:00\",\"inLanguage\":\"hu-HU\",\"mainEntityOfPage\":{\"@id\":\"https:\\\/\\\/allasorias.hu\\\/hirek\\\/bovules-es-csokkenes-az-autoiparban\\\/#webpage\"},\"isPartOf\":{\"@id\":\"https:\\\/\\\/allasorias.hu\\\/hirek\\\/bovules-es-csokkenes-az-autoiparban\\\/#webpage\"},\"articleSection\":\"Munkaer\\u0151piac, aut\\u00f3gy\\u00e1rt\\u00e1s, aut\\u00f3ipar\"},{\"@type\":\"BreadcrumbList\",\"@id\":\"https:\\\/\\\/allasorias.hu\\\/hirek\\\/bovules-es-csokkenes-az-autoiparban\\\/#breadcrumblist\",\"itemListElement\":[{\"@type\":\"ListItem\",\"@id\":\"https:\\\/\\\/allasorias.hu\\\/hirek#listItem\",\"position\":1,\"name\":\"Home\",\"item\":\"https:\\\/\\\/allasorias.hu\\\/hirek\",\"nextItem\":{\"@type\":\"ListItem\",\"@id\":\"https:\\\/\\\/allasorias.hu\\\/hirek\\\/temak\\\/munkaeropiac\\\/#listItem\",\"name\":\"Munkaer\\u0151piac\"}},{\"@type\":\"ListItem\",\"@id\":\"https:\\\/\\\/allasorias.hu\\\/hirek\\\/temak\\\/munkaeropiac\\\/#listItem\",\"position\":2,\"name\":\"Munkaer\\u0151piac\",\"item\":\"https:\\\/\\\/allasorias.hu\\\/hirek\\\/temak\\\/munkaeropiac\\\/\",\"nextItem\":{\"@type\":\"ListItem\",\"@id\":\"https:\\\/\\\/allasorias.hu\\\/hirek\\\/bovules-es-csokkenes-az-autoiparban\\\/#listItem\",\"name\":\"B\\u0151v\\u00fcl\\u00e9s \\u00e9s cs\\u00f6kken\\u00e9s az aut\\u00f3iparban\"},\"previousItem\":{\"@type\":\"ListItem\",\"@id\":\"https:\\\/\\\/allasorias.hu\\\/hirek#listItem\",\"name\":\"Home\"}},{\"@type\":\"ListItem\",\"@id\":\"https:\\\/\\\/allasorias.hu\\\/hirek\\\/bovules-es-csokkenes-az-autoiparban\\\/#listItem\",\"position\":3,\"name\":\"B\\u0151v\\u00fcl\\u00e9s \\u00e9s cs\\u00f6kken\\u00e9s az aut\\u00f3iparban\",\"previousItem\":{\"@type\":\"ListItem\",\"@id\":\"https:\\\/\\\/allasorias.hu\\\/hirek\\\/temak\\\/munkaeropiac\\\/#listItem\",\"name\":\"Munkaer\\u0151piac\"}}]},{\"@type\":\"Organization\",\"@id\":\"https:\\\/\\\/allasorias.hu\\\/hirek\\\/#organization\",\"name\":\"AllasOrias.hu | H\\u00edrek-lapszemle\",\"description\":\"\\u00dczleti h\\u00edrek az \\u00e1ll\\u00e1s \\u00e9s a munka vil\\u00e1g\\u00e1b\\u00f3l\",\"url\":\"https:\\\/\\\/allasorias.hu\\\/hirek\\\/\",\"logo\":{\"@type\":\"ImageObject\",\"url\":\"https:\\\/\\\/allasorias.hu\\\/hirek\\\/wp-content\\\/uploads\\\/2022\\\/10\\\/allasorias_site_facebok_logo.png\",\"@id\":\"https:\\\/\\\/allasorias.hu\\\/hirek\\\/bovules-es-csokkenes-az-autoiparban\\\/#organizationLogo\"},\"image\":{\"@id\":\"https:\\\/\\\/allasorias.hu\\\/hirek\\\/bovules-es-csokkenes-az-autoiparban\\\/#organizationLogo\"},\"sameAs\":[\"https:\\\/\\\/www.facebook.com\\\/allasorias\",\"https:\\\/\\\/www.linkedin.com\\\/company\\\/allasorias\"]},{\"@type\":\"Person\",\"@id\":\"https:\\\/\\\/allasorias.hu\\\/hirek\\\/author\\\/admin-allasorias\\\/#author\",\"url\":\"https:\\\/\\\/allasorias.hu\\\/hirek\\\/author\\\/admin-allasorias\\\/\",\"name\":\"Juh\\u00e1sz P\\u00e9ter\",\"image\":{\"@type\":\"ImageObject\",\"@id\":\"https:\\\/\\\/allasorias.hu\\\/hirek\\\/bovules-es-csokkenes-az-autoiparban\\\/#authorImage\",\"url\":\"https:\\\/\\\/secure.gravatar.com\\\/avatar\\\/36e6bcb83148978b992977cb0f54d22feb0cce8a0a849a9410532bb2623ba4c6?s=96&d=mm&r=g\",\"width\":96,\"height\":96,\"caption\":\"Juh\\u00e1sz P\\u00e9ter\"}},{\"@type\":\"WebPage\",\"@id\":\"https:\\\/\\\/allasorias.hu\\\/hirek\\\/bovules-es-csokkenes-az-autoiparban\\\/#webpage\",\"url\":\"https:\\\/\\\/allasorias.hu\\\/hirek\\\/bovules-es-csokkenes-az-autoiparban\\\/\",\"name\":\"Aut\\u00f3iparban egyszerre b\\u0151v\\u00fcl\\u00e9s \\u00e9s visszaes\\u00e9s\",\"description\":\"Egyszerre van jelen a b\\u0151v\\u00fcl\\u00e9s \\u00e9s a l\\u00e9tsz\\u00e1mcs\\u00f6kken\\u00e9s az aut\\u00f3iparban. A c\\u00e9gek m\\u00e9rs\\u00e9kelten fejlesztettek \\u00e9s b\\u0151v\\u00edtett\\u00e9k a dolgoz\\u00f3i l\\u00e9tsz\\u00e1mot,\",\"inLanguage\":\"hu-HU\",\"isPartOf\":{\"@id\":\"https:\\\/\\\/allasorias.hu\\\/hirek\\\/#website\"},\"breadcrumb\":{\"@id\":\"https:\\\/\\\/allasorias.hu\\\/hirek\\\/bovules-es-csokkenes-az-autoiparban\\\/#breadcrumblist\"},\"author\":{\"@id\":\"https:\\\/\\\/allasorias.hu\\\/hirek\\\/author\\\/admin-allasorias\\\/#author\"},\"creator\":{\"@id\":\"https:\\\/\\\/allasorias.hu\\\/hirek\\\/author\\\/admin-allasorias\\\/#author\"},\"image\":{\"@type\":\"ImageObject\",\"url\":\"https:\\\/\\\/allasorias.hu\\\/hirek\\\/wp-content\\\/uploads\\\/2024\\\/12\\\/autoipar-munkaeropiac.jpg\",\"@id\":\"https:\\\/\\\/allasorias.hu\\\/hirek\\\/bovules-es-csokkenes-az-autoiparban\\\/#mainImage\",\"width\":1920,\"height\":1280,\"caption\":\"B\\u0151v\\u00fcl\\u00e9s \\u00e9s cs\\u00f6kken\\u00e9s az aut\\u00f3iparban - Allasorias.hu\\\/Hirek\"},\"primaryImageOfPage\":{\"@id\":\"https:\\\/\\\/allasorias.hu\\\/hirek\\\/bovules-es-csokkenes-az-autoiparban\\\/#mainImage\"},\"datePublished\":\"2024-12-11T11:51:58+02:00\",\"dateModified\":\"2025-05-09T11:01:54+02:00\"},{\"@type\":\"WebSite\",\"@id\":\"https:\\\/\\\/allasorias.hu\\\/hirek\\\/#website\",\"url\":\"https:\\\/\\\/allasorias.hu\\\/hirek\\\/\",\"name\":\"AllasOrias.hu | H\\u00edrek-lapszemle\",\"description\":\"\\u00dczleti h\\u00edrek az \\u00e1ll\\u00e1s \\u00e9s a munka vil\\u00e1g\\u00e1b\\u00f3l\",\"inLanguage\":\"hu-HU\",\"publisher\":{\"@id\":\"https:\\\/\\\/allasorias.hu\\\/hirek\\\/#organization\"}}]}\n\t\t<\/script>\n\t\t<!-- All in One SEO -->\n\n","aioseo_head_json":{"title":"Aut\u00f3iparban egyszerre b\u0151v\u00fcl\u00e9s \u00e9s visszaes\u00e9s","description":"Egyszerre van jelen a b\u0151v\u00fcl\u00e9s \u00e9s a l\u00e9tsz\u00e1mcs\u00f6kken\u00e9s az aut\u00f3iparban. A c\u00e9gek m\u00e9rs\u00e9kelten fejlesztettek \u00e9s b\u0151v\u00edtett\u00e9k a dolgoz\u00f3i l\u00e9tsz\u00e1mot,","canonical_url":"https:\/\/allasorias.hu\/hirek\/bovules-es-csokkenes-az-autoiparban\/","robots":"max-image-preview:large","keywords":"aut\u00f3gy\u00e1rt\u00e1s,aut\u00f3ipar","webmasterTools":{"miscellaneous":""},"schema":{"@context":"https:\/\/schema.org","@graph":[{"@type":"Article","@id":"https:\/\/allasorias.hu\/hirek\/bovules-es-csokkenes-az-autoiparban\/#article","name":"Aut\u00f3iparban egyszerre b\u0151v\u00fcl\u00e9s \u00e9s visszaes\u00e9s","headline":"B\u0151v\u00fcl\u00e9s \u00e9s cs\u00f6kken\u00e9s az aut\u00f3iparban","author":{"@id":"https:\/\/allasorias.hu\/hirek\/author\/admin-allasorias\/#author"},"publisher":{"@id":"https:\/\/allasorias.hu\/hirek\/#organization"},"image":{"@type":"ImageObject","url":"https:\/\/allasorias.hu\/hirek\/wp-content\/uploads\/2024\/12\/autoipar-munkaeropiac.jpg","width":1920,"height":1280,"caption":"B\u0151v\u00fcl\u00e9s \u00e9s cs\u00f6kken\u00e9s az aut\u00f3iparban - Allasorias.hu\/Hirek"},"datePublished":"2024-12-11T11:51:58+02:00","dateModified":"2025-05-09T11:01:54+02:00","inLanguage":"hu-HU","mainEntityOfPage":{"@id":"https:\/\/allasorias.hu\/hirek\/bovules-es-csokkenes-az-autoiparban\/#webpage"},"isPartOf":{"@id":"https:\/\/allasorias.hu\/hirek\/bovules-es-csokkenes-az-autoiparban\/#webpage"},"articleSection":"Munkaer\u0151piac, aut\u00f3gy\u00e1rt\u00e1s, aut\u00f3ipar"},{"@type":"BreadcrumbList","@id":"https:\/\/allasorias.hu\/hirek\/bovules-es-csokkenes-az-autoiparban\/#breadcrumblist","itemListElement":[{"@type":"ListItem","@id":"https:\/\/allasorias.hu\/hirek#listItem","position":1,"name":"Home","item":"https:\/\/allasorias.hu\/hirek","nextItem":{"@type":"ListItem","@id":"https:\/\/allasorias.hu\/hirek\/temak\/munkaeropiac\/#listItem","name":"Munkaer\u0151piac"}},{"@type":"ListItem","@id":"https:\/\/allasorias.hu\/hirek\/temak\/munkaeropiac\/#listItem","position":2,"name":"Munkaer\u0151piac","item":"https:\/\/allasorias.hu\/hirek\/temak\/munkaeropiac\/","nextItem":{"@type":"ListItem","@id":"https:\/\/allasorias.hu\/hirek\/bovules-es-csokkenes-az-autoiparban\/#listItem","name":"B\u0151v\u00fcl\u00e9s \u00e9s cs\u00f6kken\u00e9s az aut\u00f3iparban"},"previousItem":{"@type":"ListItem","@id":"https:\/\/allasorias.hu\/hirek#listItem","name":"Home"}},{"@type":"ListItem","@id":"https:\/\/allasorias.hu\/hirek\/bovules-es-csokkenes-az-autoiparban\/#listItem","position":3,"name":"B\u0151v\u00fcl\u00e9s \u00e9s cs\u00f6kken\u00e9s az aut\u00f3iparban","previousItem":{"@type":"ListItem","@id":"https:\/\/allasorias.hu\/hirek\/temak\/munkaeropiac\/#listItem","name":"Munkaer\u0151piac"}}]},{"@type":"Organization","@id":"https:\/\/allasorias.hu\/hirek\/#organization","name":"AllasOrias.hu | H\u00edrek-lapszemle","description":"\u00dczleti h\u00edrek az \u00e1ll\u00e1s \u00e9s a munka vil\u00e1g\u00e1b\u00f3l","url":"https:\/\/allasorias.hu\/hirek\/","logo":{"@type":"ImageObject","url":"https:\/\/allasorias.hu\/hirek\/wp-content\/uploads\/2022\/10\/allasorias_site_facebok_logo.png","@id":"https:\/\/allasorias.hu\/hirek\/bovules-es-csokkenes-az-autoiparban\/#organizationLogo"},"image":{"@id":"https:\/\/allasorias.hu\/hirek\/bovules-es-csokkenes-az-autoiparban\/#organizationLogo"},"sameAs":["https:\/\/www.facebook.com\/allasorias","https:\/\/www.linkedin.com\/company\/allasorias"]},{"@type":"Person","@id":"https:\/\/allasorias.hu\/hirek\/author\/admin-allasorias\/#author","url":"https:\/\/allasorias.hu\/hirek\/author\/admin-allasorias\/","name":"Juh\u00e1sz P\u00e9ter","image":{"@type":"ImageObject","@id":"https:\/\/allasorias.hu\/hirek\/bovules-es-csokkenes-az-autoiparban\/#authorImage","url":"https:\/\/secure.gravatar.com\/avatar\/36e6bcb83148978b992977cb0f54d22feb0cce8a0a849a9410532bb2623ba4c6?s=96&d=mm&r=g","width":96,"height":96,"caption":"Juh\u00e1sz P\u00e9ter"}},{"@type":"WebPage","@id":"https:\/\/allasorias.hu\/hirek\/bovules-es-csokkenes-az-autoiparban\/#webpage","url":"https:\/\/allasorias.hu\/hirek\/bovules-es-csokkenes-az-autoiparban\/","name":"Aut\u00f3iparban egyszerre b\u0151v\u00fcl\u00e9s \u00e9s visszaes\u00e9s","description":"Egyszerre van jelen a b\u0151v\u00fcl\u00e9s \u00e9s a l\u00e9tsz\u00e1mcs\u00f6kken\u00e9s az aut\u00f3iparban. A c\u00e9gek m\u00e9rs\u00e9kelten fejlesztettek \u00e9s b\u0151v\u00edtett\u00e9k a dolgoz\u00f3i l\u00e9tsz\u00e1mot,","inLanguage":"hu-HU","isPartOf":{"@id":"https:\/\/allasorias.hu\/hirek\/#website"},"breadcrumb":{"@id":"https:\/\/allasorias.hu\/hirek\/bovules-es-csokkenes-az-autoiparban\/#breadcrumblist"},"author":{"@id":"https:\/\/allasorias.hu\/hirek\/author\/admin-allasorias\/#author"},"creator":{"@id":"https:\/\/allasorias.hu\/hirek\/author\/admin-allasorias\/#author"},"image":{"@type":"ImageObject","url":"https:\/\/allasorias.hu\/hirek\/wp-content\/uploads\/2024\/12\/autoipar-munkaeropiac.jpg","@id":"https:\/\/allasorias.hu\/hirek\/bovules-es-csokkenes-az-autoiparban\/#mainImage","width":1920,"height":1280,"caption":"B\u0151v\u00fcl\u00e9s \u00e9s cs\u00f6kken\u00e9s az aut\u00f3iparban - Allasorias.hu\/Hirek"},"primaryImageOfPage":{"@id":"https:\/\/allasorias.hu\/hirek\/bovules-es-csokkenes-az-autoiparban\/#mainImage"},"datePublished":"2024-12-11T11:51:58+02:00","dateModified":"2025-05-09T11:01:54+02:00"},{"@type":"WebSite","@id":"https:\/\/allasorias.hu\/hirek\/#website","url":"https:\/\/allasorias.hu\/hirek\/","name":"AllasOrias.hu | H\u00edrek-lapszemle","description":"\u00dczleti h\u00edrek az \u00e1ll\u00e1s \u00e9s a munka vil\u00e1g\u00e1b\u00f3l","inLanguage":"hu-HU","publisher":{"@id":"https:\/\/allasorias.hu\/hirek\/#organization"}}]},"og:locale":"hu_HU","og:site_name":"AllasOrias.hu | H\u00edrek-lapszemle | \u00dczleti h\u00edrek az \u00e1ll\u00e1s \u00e9s a munka vil\u00e1g\u00e1b\u00f3l","og:type":"article","og:title":"Aut\u00f3iparban egyszerre b\u0151v\u00fcl\u00e9s \u00e9s visszaes\u00e9s","og:description":"Egyszerre van jelen a b\u0151v\u00fcl\u00e9s \u00e9s a l\u00e9tsz\u00e1mcs\u00f6kken\u00e9s az aut\u00f3iparban. A c\u00e9gek m\u00e9rs\u00e9kelten fejlesztettek \u00e9s b\u0151v\u00edtett\u00e9k a dolgoz\u00f3i l\u00e9tsz\u00e1mot,","og:url":"https:\/\/allasorias.hu\/hirek\/bovules-es-csokkenes-az-autoiparban\/","og:image":"https:\/\/allasorias.hu\/hirek\/wp-content\/uploads\/2024\/12\/autoipar-munkaeropiac.jpg","og:image:secure_url":"https:\/\/allasorias.hu\/hirek\/wp-content\/uploads\/2024\/12\/autoipar-munkaeropiac.jpg","og:image:width":1920,"og:image:height":1280,"article:published_time":"2024-12-11T09:51:58+00:00","article:modified_time":"2025-05-09T09:01:54+00:00","article:publisher":"https:\/\/www.facebook.com\/allasorias","twitter:card":"summary_large_image","twitter:title":"Aut\u00f3iparban egyszerre b\u0151v\u00fcl\u00e9s \u00e9s visszaes\u00e9s","twitter:description":"Egyszerre van jelen a b\u0151v\u00fcl\u00e9s \u00e9s a l\u00e9tsz\u00e1mcs\u00f6kken\u00e9s az aut\u00f3iparban. A c\u00e9gek m\u00e9rs\u00e9kelten fejlesztettek \u00e9s b\u0151v\u00edtett\u00e9k a dolgoz\u00f3i l\u00e9tsz\u00e1mot,","twitter:image":"https:\/\/allasorias.hu\/hirek\/wp-content\/uploads\/2024\/12\/autoipar-munkaeropiac.jpg","twitter:label1":"Written by","twitter:data1":"Juh\u00e1sz P\u00e9ter","twitter:label2":"Est. reading time","twitter:data2":"3 minutes"},"aioseo_meta_data":{"post_id":"8072","title":"Aut\u00f3iparban egyszerre b\u0151v\u00fcl\u00e9s \u00e9s visszaes\u00e9s","description":"Egyszerre van jelen a b\u0151v\u00fcl\u00e9s \u00e9s a l\u00e9tsz\u00e1mcs\u00f6kken\u00e9s az aut\u00f3iparban. A c\u00e9gek m\u00e9rs\u00e9kelten fejlesztettek \u00e9s b\u0151v\u00edtett\u00e9k a dolgoz\u00f3i l\u00e9tsz\u00e1mot,","keywords":null,"keyphrases":{"focus":{"keyphrase":"","score":0,"analysis":{"keyphraseInTitle":{"score":0,"maxScore":9,"error":1}}},"additional":[]},"primary_term":null,"canonical_url":null,"og_title":null,"og_description":null,"og_object_type":"default","og_image_type":"default","og_image_url":null,"og_image_width":null,"og_image_height":null,"og_image_custom_url":null,"og_image_custom_fields":null,"og_video":"","og_custom_url":null,"og_article_section":null,"og_article_tags":null,"twitter_use_og":true,"twitter_card":"default","twitter_image_type":"default","twitter_image_url":null,"twitter_image_custom_url":null,"twitter_image_custom_fields":null,"twitter_title":null,"twitter_description":null,"schema":{"blockGraphs":[],"customGraphs":[],"default":{"data":{"Article":[],"Course":[],"Dataset":[],"FAQPage":[],"Movie":[],"Person":[],"Product":[],"ProductReview":[],"Car":[],"Recipe":[],"Service":[],"SoftwareApplication":[],"WebPage":[]},"graphName":"Article","isEnabled":true},"graphs":[]},"schema_type":"default","schema_type_options":null,"pillar_content":false,"robots_default":true,"robots_noindex":false,"robots_noarchive":false,"robots_nosnippet":false,"robots_nofollow":false,"robots_noimageindex":false,"robots_noodp":false,"robots_notranslate":false,"robots_max_snippet":"-1","robots_max_videopreview":"-1","robots_max_imagepreview":"large","priority":null,"frequency":"default","location":null,"local_seo":null,"breadcrumb_settings":null,"limit_modified_date":false,"ai":null,"created":"2024-12-11 09:40:02","updated":"2025-10-02 20:47:18","seo_analyzer_scan_date":null,"focus_keyword":null,"additional_keywords":null,"truseo_locale":null},"aioseo_breadcrumb":"<div class=\"aioseo-breadcrumbs\"><span class=\"aioseo-breadcrumb\">\n\t\t\t<a href=\"https:\/\/allasorias.hu\/hirek\" title=\"Home\">Home<\/a>\n\t\t<\/span><span class=\"aioseo-breadcrumb-separator\">&raquo;<\/span><span class=\"aioseo-breadcrumb\">\n\t\t\t<a href=\"https:\/\/allasorias.hu\/hirek\/temak\/munkaeropiac\/\" title=\"Munkaer\u0151piac\">Munkaer\u0151piac<\/a>\n\t\t<\/span><span class=\"aioseo-breadcrumb-separator\">&raquo;<\/span><span class=\"aioseo-breadcrumb\">\n\t\t\tB\u0151v\u00fcl\u00e9s \u00e9s cs\u00f6kken\u00e9s az aut\u00f3iparban\n\t\t<\/span><\/div>","aioseo_breadcrumb_json":[{"label":"Home","link":"https:\/\/allasorias.hu\/hirek"},{"label":"Munkaer\u0151piac","link":"https:\/\/allasorias.hu\/hirek\/temak\/munkaeropiac\/"},{"label":"B\u0151v\u00fcl\u00e9s \u00e9s cs\u00f6kken\u00e9s az aut\u00f3iparban","link":"https:\/\/allasorias.hu\/hirek\/bovules-es-csokkenes-az-autoiparban\/"}],"_links":{"self":[{"href":"https:\/\/allasorias.hu\/hirek\/wp-json\/wp\/v2\/posts\/8072","targetHints":{"allow":["GET"]}}],"collection":[{"href":"https:\/\/allasorias.hu\/hirek\/wp-json\/wp\/v2\/posts"}],"about":[{"href":"https:\/\/allasorias.hu\/hirek\/wp-json\/wp\/v2\/types\/post"}],"author":[{"embeddable":true,"href":"https:\/\/allasorias.hu\/hirek\/wp-json\/wp\/v2\/users\/1"}],"replies":[{"embeddable":true,"href":"https:\/\/allasorias.hu\/hirek\/wp-json\/wp\/v2\/comments?post=8072"}],"version-history":[{"count":1,"href":"https:\/\/allasorias.hu\/hirek\/wp-json\/wp\/v2\/posts\/8072\/revisions"}],"predecessor-version":[{"id":8074,"href":"https:\/\/allasorias.hu\/hirek\/wp-json\/wp\/v2\/posts\/8072\/revisions\/8074"}],"wp:featuredmedia":[{"embeddable":true,"href":"https:\/\/allasorias.hu\/hirek\/wp-json\/wp\/v2\/media\/8073"}],"wp:attachment":[{"href":"https:\/\/allasorias.hu\/hirek\/wp-json\/wp\/v2\/media?parent=8072"}],"wp:term":[{"taxonomy":"category","embeddable":true,"href":"https:\/\/allasorias.hu\/hirek\/wp-json\/wp\/v2\/categories?post=8072"},{"taxonomy":"post_tag","embeddable":true,"href":"https:\/\/allasorias.hu\/hirek\/wp-json\/wp\/v2\/tags?post=8072"}],"curies":[{"name":"wp","href":"https:\/\/api.w.org\/{rel}","templated":true}]}}