{"id":8062,"date":"2024-12-05T11:52:18","date_gmt":"2024-12-05T09:52:18","guid":{"rendered":"https:\/\/allasorias.hu\/hirek\/?p=8062"},"modified":"2025-05-09T11:58:37","modified_gmt":"2025-05-09T09:58:37","slug":"fontos-az-elkotelezettseg-a-munkahelyen","status":"publish","type":"post","link":"https:\/\/allasorias.hu\/hirek\/fontos-az-elkotelezettseg-a-munkahelyen\/","title":{"rendered":"Fontos az elk\u00f6telezetts\u00e9g a munkahelyen"},"content":{"rendered":"<p><strong>Aki elk\u00f6telezett a munkahely\u00e9n, eredm\u00e9nyesebben dolgozik \u00e9s kev\u00e9sb\u00e9 stresszel. A munkahelyek egy r\u00e9sze k\u00fcl\u00f6nb\u00f6z\u0151 juttat\u00e1sokkal igyekszik n\u00f6velni a munkav\u00e1llal\u00f3k munkahelyi komfort\u00e9rzet\u00e9t.<\/strong><\/p>\n<p>Azok a munkav\u00e1llal\u00f3k, akik elk\u00f6telezettek a munkahely\u00fck\u00f6n, egy friss felm\u00e9r\u00e9s szerint kevesebb napi negat\u00edv \u00e9rzelemr\u0151l sz\u00e1moltak be. Az amerikai munkav\u00e1llal\u00f3k tov\u00e1bbra is sok negat\u00edv \u00e9rzelemr\u0151l &#8211; p\u00e9ld\u00e1ul stresszr\u0151l, aggodalomr\u00f3l, haragr\u00f3l \u00e9s szomor\u00fas\u00e1gr\u00f3l &#8211; sz\u00e1molnak be. T\u00f6bbr\u0151l, mint a j\u00e1rv\u00e1ny el\u0151tt,\u00a0 der\u00fcl ki a Gallup december 2-i friss\u00edtett, a munkav\u00e1llal\u00f3k j\u00f3l\u00e9t\u00e9re vonatkoz\u00f3 kimutat\u00e1sb\u00f3l \u2013 \u00edrja a HR Drive. Mind a n\u00e9gy negat\u00edv \u00e9rzelem a vil\u00e1gj\u00e1rv\u00e1ny cs\u00facspontj\u00e1n, 2020-ban \u00e9rte el a maximumot .<\/p>\n<ul>\n<li>A megk\u00e9rdezettek 51%-a mondta, hogy az el\u0151z\u0151 munkanapon \u201ea nap nagy r\u00e9sz\u00e9ben\u201d stresszt tapasztalt.<\/li>\n<li>Ek\u00f6zben 40% sz\u00e1molt be arr\u00f3l, hogy aggodalmat,<\/li>\n<li>22% d\u00fch\u00f6t,<\/li>\n<li>18% pedig szomor\u00fas\u00e1got tapasztalt.<\/li>\n<\/ul>\n<p>Ezek az \u00e9rzelmek azonban a munkav\u00e1llal\u00f3k elk\u00f6telezetts\u00e9g\u00e9t\u0151l f\u00fcgg\u0151en elt\u00e9r\u0151ek voltak \u201e<em>A munkahelyi interakci\u00f3k m\u00e9rhet\u0151 szerepet j\u00e1tszanak a munkav\u00e1llal\u00f3k \u00e9rzelmeiben<\/em>\u201d &#8211; \u00edrta a jelent\u00e9sben Ryan Pendell, a Gallup vezet\u0151 munkahelyi tudom\u00e1nyos szerkeszt\u0151je. \u201e<em>Az elk\u00f6telezett alkalmazottak l\u00e9nyegesen kisebb val\u00f3sz\u00edn\u0171s\u00e9ggel \u00e9lnek \u00e1t magas szint\u0171 napi negat\u00edv \u00e9rzelmeket, mint azok, akik nem elk\u00f6telezettek<\/em>\u201d.<\/p>\n<h2>Fontos t\u00e9nyez\u0151 a magas sz\u00ednvonal\u00fa vezet\u00e9s<\/h2>\n<p>P\u00e9ld\u00e1ul, b\u00e1r a v\u00e1laszad\u00f3k t\u00f6bb mint fele sz\u00e1molt be stresszr\u0151l, ez az ar\u00e1ny 69%-ra ugrott azok k\u00f6r\u00e9ben, akik akt\u00edvan nem voltak elk\u00f6telezettek, \u00e9s 40%-ra cs\u00f6kkent azok k\u00f6r\u00e9ben, akik elk\u00f6telezettek voltak. Pendell r\u00e1mutatott, hogy a magas sz\u00ednvonal\u00fa vezet\u00e9s az egyik legnagyobb t\u00e9nyez\u0151 a munkav\u00e1llal\u00f3k mindennapi \u00e9rzelmeiben. Az isolved jelent\u00e9se szerint 10-b\u0151l k\u00f6zel 8 munkav\u00e1llal\u00f3 tapasztalta a ki\u00e9g\u00e9st az elm\u00falt \u00e9vben, ami a munkav\u00e1llal\u00f3k fel\u00e9n\u00e9l alacsonyabb elk\u00f6telezetts\u00e9ghez, egyharmadukn\u00e1l pedig alacsonyabb termel\u00e9kenys\u00e9ghez vezet.<\/p>\n<p>A munkav\u00e1llal\u00f3k mintegy 70%-a azt mondta, hogy nyugtalan \u00e9s munkahelyet szeretne v\u00e1ltani, k\u00fcl\u00f6n\u00f6sen a nagyobb rugalmass\u00e1g, a jobb juttat\u00e1sok \u00e9s a karrier\u00e9p\u00edt\u00e9si lehet\u0151s\u00e9gek miatt. A HR igazgat\u00f3k mintegy fele viszont azt mondta, hogy a cs\u00f6kken\u0151 elk\u00f6telezetts\u00e9g k\u00f6zepette 2024-ben \u00faj j\u00f3l\u00e9ti juttat\u00e1sokat tervez felaj\u00e1nlani &#8211; der\u00fcl ki a Conference Board jelent\u00e9s\u00e9b\u0151l. A ment\u00e1lis eg\u00e9szs\u00e9gre vonatkoz\u00f3 kezdem\u00e9nyez\u00e9sek voltak a leggyakoribb \u00faj juttat\u00e1si kateg\u00f3ria, amelyet a fizikai eg\u00e9szs\u00e9gre \u00e9s fitts\u00e9gre, a p\u00e9nz\u00fcgyi j\u00f3l\u00e9tre \u00e9s a munka \u00e9s a mag\u00e1n\u00e9let egyens\u00faly\u00e1ra vonatkoz\u00f3 kezdem\u00e9nyez\u00e9sek k\u00f6vettek.<\/p>\n<p>Forr\u00e1s: <a href=\"https:\/\/www.hrportal.hu\/hr\/felmeres-rosszabb-a-dolgozok-hangulata-mint-a-jarvany-elott-20241204.html\" target=\"_blank\" rel=\"nofollow noopener noreferrer\">hrportal.hu<\/a><\/p>\n","protected":false},"excerpt":{"rendered":"<p>Aki elk\u00f6telezett a munkahely\u00e9n, eredm\u00e9nyesebben dolgozik \u00e9s kev\u00e9sb\u00e9 stresszel. A munkahelyek egy r\u00e9sze k\u00fcl\u00f6nb\u00f6z\u0151 juttat\u00e1sokkal igyekszik n\u00f6velni a munkav\u00e1llal\u00f3k munkahelyi komfort\u00e9rzet\u00e9t. Azok a munkav\u00e1llal\u00f3k, akik elk\u00f6telezettek a munkahely\u00fck\u00f6n, egy friss felm\u00e9r\u00e9s szerint kevesebb napi negat\u00edv \u00e9rzelemr\u0151l sz\u00e1moltak be. Az amerikai munkav\u00e1llal\u00f3k tov\u00e1bbra is sok negat\u00edv \u00e9rzelemr\u0151l &#8211; p\u00e9ld\u00e1ul stresszr\u0151l, aggodalomr\u00f3l, haragr\u00f3l \u00e9s szomor\u00fas\u00e1gr\u00f3l &#8211; sz\u00e1molnak [&hellip;]<\/p>\n","protected":false},"author":1,"featured_media":8063,"comment_status":"closed","ping_status":"closed","sticky":false,"template":"","format":"standard","meta":{"_monsterinsights_skip_tracking":false,"footnotes":""},"categories":[200],"tags":[851,293,852],"class_list":["post-8062","post","type-post","status-publish","format-standard","has-post-thumbnail","hentry","category-munkaeropiac","tag-elkotelezettseg","tag-mentalis-egeszseg","tag-stressz"],"aioseo_notices":[],"aioseo_head":"\n\t\t<!-- All in One SEO 5.0.0.1 - aioseo.com -->\n\t<meta name=\"description\" content=\"Aki elk\u00f6telezett a munkahely\u00e9n, eredm\u00e9nyesebben dolgozik \u00e9s kev\u00e9sb\u00e9 stresszel. K\u00fcl\u00f6nb\u00f6z\u0151 juttat\u00e1sokkal igyekeznek n\u00f6velni a munkahelyi komfort\u00e9rzetet.\" \/>\n\t<meta name=\"robots\" content=\"max-image-preview:large\" \/>\n\t<meta name=\"author\" content=\"Juh\u00e1sz P\u00e9ter\"\/>\n\t<meta name=\"keywords\" content=\"elk\u00f6telezetts\u00e9g,ment\u00e1lis eg\u00e9szs\u00e9g,stressz\" \/>\n\t<link rel=\"canonical\" href=\"https:\/\/allasorias.hu\/hirek\/fontos-az-elkotelezettseg-a-munkahelyen\/\" \/>\n\t<meta name=\"generator\" content=\"All in One SEO (AIOSEO) 5.0.0.1\" \/>\n\t\t<meta property=\"og:locale\" content=\"hu_HU\" \/>\n\t\t<meta property=\"og:site_name\" content=\"AllasOrias.hu | H\u00edrek-lapszemle | \u00dczleti h\u00edrek az \u00e1ll\u00e1s \u00e9s a munka vil\u00e1g\u00e1b\u00f3l\" \/>\n\t\t<meta property=\"og:type\" content=\"article\" \/>\n\t\t<meta property=\"og:title\" content=\"Elk\u00f6telezetts\u00e9g jav\u00edtja a munkahelyi eredm\u00e9nyeket\" \/>\n\t\t<meta property=\"og:description\" content=\"Aki elk\u00f6telezett a munkahely\u00e9n, eredm\u00e9nyesebben dolgozik \u00e9s kev\u00e9sb\u00e9 stresszel. K\u00fcl\u00f6nb\u00f6z\u0151 juttat\u00e1sokkal igyekeznek n\u00f6velni a munkahelyi komfort\u00e9rzetet.\" \/>\n\t\t<meta property=\"og:url\" content=\"https:\/\/allasorias.hu\/hirek\/fontos-az-elkotelezettseg-a-munkahelyen\/\" \/>\n\t\t<meta property=\"og:image\" content=\"https:\/\/allasorias.hu\/hirek\/wp-content\/uploads\/2024\/12\/munkahelyi-elkotelezettseg.jpg\" \/>\n\t\t<meta property=\"og:image:secure_url\" content=\"https:\/\/allasorias.hu\/hirek\/wp-content\/uploads\/2024\/12\/munkahelyi-elkotelezettseg.jpg\" \/>\n\t\t<meta property=\"og:image:width\" content=\"1920\" \/>\n\t\t<meta property=\"og:image:height\" content=\"1281\" \/>\n\t\t<meta property=\"article:published_time\" content=\"2024-12-05T09:52:18+00:00\" \/>\n\t\t<meta property=\"article:modified_time\" content=\"2025-05-09T09:58:37+00:00\" \/>\n\t\t<meta property=\"article:publisher\" content=\"https:\/\/www.facebook.com\/allasorias\" \/>\n\t\t<meta name=\"twitter:card\" content=\"summary_large_image\" \/>\n\t\t<meta name=\"twitter:title\" content=\"Elk\u00f6telezetts\u00e9g jav\u00edtja a munkahelyi eredm\u00e9nyeket\" \/>\n\t\t<meta name=\"twitter:description\" content=\"Aki elk\u00f6telezett a munkahely\u00e9n, eredm\u00e9nyesebben dolgozik \u00e9s kev\u00e9sb\u00e9 stresszel. K\u00fcl\u00f6nb\u00f6z\u0151 juttat\u00e1sokkal igyekeznek n\u00f6velni a munkahelyi komfort\u00e9rzetet.\" \/>\n\t\t<meta name=\"twitter:image\" content=\"https:\/\/allasorias.hu\/hirek\/wp-content\/uploads\/2024\/12\/munkahelyi-elkotelezettseg.jpg\" \/>\n\t\t<meta name=\"twitter:label1\" content=\"Written by\" \/>\n\t\t<meta name=\"twitter:data1\" content=\"Juh\u00e1sz P\u00e9ter\" \/>\n\t\t<meta name=\"twitter:label2\" content=\"Est. reading time\" \/>\n\t\t<meta name=\"twitter:data2\" content=\"3 minutes\" \/>\n\t\t<script type=\"application\/ld+json\" class=\"aioseo-schema\">\n\t\t\t{\"@context\":\"https:\\\/\\\/schema.org\",\"@graph\":[{\"@type\":\"Article\",\"@id\":\"https:\\\/\\\/allasorias.hu\\\/hirek\\\/fontos-az-elkotelezettseg-a-munkahelyen\\\/#article\",\"name\":\"Elk\\u00f6telezetts\\u00e9g jav\\u00edtja a munkahelyi eredm\\u00e9nyeket\",\"headline\":\"Fontos az elk\\u00f6telezetts\\u00e9g a munkahelyen\",\"author\":{\"@id\":\"https:\\\/\\\/allasorias.hu\\\/hirek\\\/author\\\/admin-allasorias\\\/#author\"},\"publisher\":{\"@id\":\"https:\\\/\\\/allasorias.hu\\\/hirek\\\/#organization\"},\"image\":{\"@type\":\"ImageObject\",\"url\":\"https:\\\/\\\/allasorias.hu\\\/hirek\\\/wp-content\\\/uploads\\\/2024\\\/12\\\/munkahelyi-elkotelezettseg.jpg\",\"width\":1920,\"height\":1281,\"caption\":\"Fontos az elk\\u00f6telezetts\\u00e9g a munkahelyen - Allasorias.hu\\\/Hirek\"},\"datePublished\":\"2024-12-05T11:52:18+02:00\",\"dateModified\":\"2025-05-09T11:58:37+02:00\",\"inLanguage\":\"hu-HU\",\"mainEntityOfPage\":{\"@id\":\"https:\\\/\\\/allasorias.hu\\\/hirek\\\/fontos-az-elkotelezettseg-a-munkahelyen\\\/#webpage\"},\"isPartOf\":{\"@id\":\"https:\\\/\\\/allasorias.hu\\\/hirek\\\/fontos-az-elkotelezettseg-a-munkahelyen\\\/#webpage\"},\"articleSection\":\"Munkaer\\u0151piac, elk\\u00f6telezetts\\u00e9g, ment\\u00e1lis eg\\u00e9szs\\u00e9g, stressz\"},{\"@type\":\"BreadcrumbList\",\"@id\":\"https:\\\/\\\/allasorias.hu\\\/hirek\\\/fontos-az-elkotelezettseg-a-munkahelyen\\\/#breadcrumblist\",\"itemListElement\":[{\"@type\":\"ListItem\",\"@id\":\"https:\\\/\\\/allasorias.hu\\\/hirek#listItem\",\"position\":1,\"name\":\"Home\",\"item\":\"https:\\\/\\\/allasorias.hu\\\/hirek\",\"nextItem\":{\"@type\":\"ListItem\",\"@id\":\"https:\\\/\\\/allasorias.hu\\\/hirek\\\/temak\\\/munkaeropiac\\\/#listItem\",\"name\":\"Munkaer\\u0151piac\"}},{\"@type\":\"ListItem\",\"@id\":\"https:\\\/\\\/allasorias.hu\\\/hirek\\\/temak\\\/munkaeropiac\\\/#listItem\",\"position\":2,\"name\":\"Munkaer\\u0151piac\",\"item\":\"https:\\\/\\\/allasorias.hu\\\/hirek\\\/temak\\\/munkaeropiac\\\/\",\"nextItem\":{\"@type\":\"ListItem\",\"@id\":\"https:\\\/\\\/allasorias.hu\\\/hirek\\\/fontos-az-elkotelezettseg-a-munkahelyen\\\/#listItem\",\"name\":\"Fontos az elk\\u00f6telezetts\\u00e9g a munkahelyen\"},\"previousItem\":{\"@type\":\"ListItem\",\"@id\":\"https:\\\/\\\/allasorias.hu\\\/hirek#listItem\",\"name\":\"Home\"}},{\"@type\":\"ListItem\",\"@id\":\"https:\\\/\\\/allasorias.hu\\\/hirek\\\/fontos-az-elkotelezettseg-a-munkahelyen\\\/#listItem\",\"position\":3,\"name\":\"Fontos az elk\\u00f6telezetts\\u00e9g a munkahelyen\",\"previousItem\":{\"@type\":\"ListItem\",\"@id\":\"https:\\\/\\\/allasorias.hu\\\/hirek\\\/temak\\\/munkaeropiac\\\/#listItem\",\"name\":\"Munkaer\\u0151piac\"}}]},{\"@type\":\"Organization\",\"@id\":\"https:\\\/\\\/allasorias.hu\\\/hirek\\\/#organization\",\"name\":\"AllasOrias.hu | H\\u00edrek-lapszemle\",\"description\":\"\\u00dczleti h\\u00edrek az \\u00e1ll\\u00e1s \\u00e9s a munka vil\\u00e1g\\u00e1b\\u00f3l\",\"url\":\"https:\\\/\\\/allasorias.hu\\\/hirek\\\/\",\"logo\":{\"@type\":\"ImageObject\",\"url\":\"https:\\\/\\\/allasorias.hu\\\/hirek\\\/wp-content\\\/uploads\\\/2022\\\/10\\\/allasorias_site_facebok_logo.png\",\"@id\":\"https:\\\/\\\/allasorias.hu\\\/hirek\\\/fontos-az-elkotelezettseg-a-munkahelyen\\\/#organizationLogo\"},\"image\":{\"@id\":\"https:\\\/\\\/allasorias.hu\\\/hirek\\\/fontos-az-elkotelezettseg-a-munkahelyen\\\/#organizationLogo\"},\"sameAs\":[\"https:\\\/\\\/www.facebook.com\\\/allasorias\",\"https:\\\/\\\/www.linkedin.com\\\/company\\\/allasorias\"]},{\"@type\":\"Person\",\"@id\":\"https:\\\/\\\/allasorias.hu\\\/hirek\\\/author\\\/admin-allasorias\\\/#author\",\"url\":\"https:\\\/\\\/allasorias.hu\\\/hirek\\\/author\\\/admin-allasorias\\\/\",\"name\":\"Juh\\u00e1sz P\\u00e9ter\",\"image\":{\"@type\":\"ImageObject\",\"@id\":\"https:\\\/\\\/allasorias.hu\\\/hirek\\\/fontos-az-elkotelezettseg-a-munkahelyen\\\/#authorImage\",\"url\":\"https:\\\/\\\/secure.gravatar.com\\\/avatar\\\/36e6bcb83148978b992977cb0f54d22feb0cce8a0a849a9410532bb2623ba4c6?s=96&d=mm&r=g\",\"width\":96,\"height\":96,\"caption\":\"Juh\\u00e1sz P\\u00e9ter\"}},{\"@type\":\"WebPage\",\"@id\":\"https:\\\/\\\/allasorias.hu\\\/hirek\\\/fontos-az-elkotelezettseg-a-munkahelyen\\\/#webpage\",\"url\":\"https:\\\/\\\/allasorias.hu\\\/hirek\\\/fontos-az-elkotelezettseg-a-munkahelyen\\\/\",\"name\":\"Elk\\u00f6telezetts\\u00e9g jav\\u00edtja a munkahelyi eredm\\u00e9nyeket\",\"description\":\"Aki elk\\u00f6telezett a munkahely\\u00e9n, eredm\\u00e9nyesebben dolgozik \\u00e9s kev\\u00e9sb\\u00e9 stresszel. K\\u00fcl\\u00f6nb\\u00f6z\\u0151 juttat\\u00e1sokkal igyekeznek n\\u00f6velni a munkahelyi komfort\\u00e9rzetet.\",\"inLanguage\":\"hu-HU\",\"isPartOf\":{\"@id\":\"https:\\\/\\\/allasorias.hu\\\/hirek\\\/#website\"},\"breadcrumb\":{\"@id\":\"https:\\\/\\\/allasorias.hu\\\/hirek\\\/fontos-az-elkotelezettseg-a-munkahelyen\\\/#breadcrumblist\"},\"author\":{\"@id\":\"https:\\\/\\\/allasorias.hu\\\/hirek\\\/author\\\/admin-allasorias\\\/#author\"},\"creator\":{\"@id\":\"https:\\\/\\\/allasorias.hu\\\/hirek\\\/author\\\/admin-allasorias\\\/#author\"},\"image\":{\"@type\":\"ImageObject\",\"url\":\"https:\\\/\\\/allasorias.hu\\\/hirek\\\/wp-content\\\/uploads\\\/2024\\\/12\\\/munkahelyi-elkotelezettseg.jpg\",\"@id\":\"https:\\\/\\\/allasorias.hu\\\/hirek\\\/fontos-az-elkotelezettseg-a-munkahelyen\\\/#mainImage\",\"width\":1920,\"height\":1281,\"caption\":\"Fontos az elk\\u00f6telezetts\\u00e9g a munkahelyen - Allasorias.hu\\\/Hirek\"},\"primaryImageOfPage\":{\"@id\":\"https:\\\/\\\/allasorias.hu\\\/hirek\\\/fontos-az-elkotelezettseg-a-munkahelyen\\\/#mainImage\"},\"datePublished\":\"2024-12-05T11:52:18+02:00\",\"dateModified\":\"2025-05-09T11:58:37+02:00\"},{\"@type\":\"WebSite\",\"@id\":\"https:\\\/\\\/allasorias.hu\\\/hirek\\\/#website\",\"url\":\"https:\\\/\\\/allasorias.hu\\\/hirek\\\/\",\"name\":\"AllasOrias.hu | H\\u00edrek-lapszemle\",\"description\":\"\\u00dczleti h\\u00edrek az \\u00e1ll\\u00e1s \\u00e9s a munka vil\\u00e1g\\u00e1b\\u00f3l\",\"inLanguage\":\"hu-HU\",\"publisher\":{\"@id\":\"https:\\\/\\\/allasorias.hu\\\/hirek\\\/#organization\"}}]}\n\t\t<\/script>\n\t\t<!-- All in One SEO -->\n\n","aioseo_head_json":{"title":"Elk\u00f6telezetts\u00e9g jav\u00edtja a munkahelyi eredm\u00e9nyeket","description":"Aki elk\u00f6telezett a munkahely\u00e9n, eredm\u00e9nyesebben dolgozik \u00e9s kev\u00e9sb\u00e9 stresszel. K\u00fcl\u00f6nb\u00f6z\u0151 juttat\u00e1sokkal igyekeznek n\u00f6velni a munkahelyi komfort\u00e9rzetet.","canonical_url":"https:\/\/allasorias.hu\/hirek\/fontos-az-elkotelezettseg-a-munkahelyen\/","robots":"max-image-preview:large","keywords":"elk\u00f6telezetts\u00e9g,ment\u00e1lis eg\u00e9szs\u00e9g,stressz","webmasterTools":{"miscellaneous":""},"schema":{"@context":"https:\/\/schema.org","@graph":[{"@type":"Article","@id":"https:\/\/allasorias.hu\/hirek\/fontos-az-elkotelezettseg-a-munkahelyen\/#article","name":"Elk\u00f6telezetts\u00e9g jav\u00edtja a munkahelyi eredm\u00e9nyeket","headline":"Fontos az elk\u00f6telezetts\u00e9g a munkahelyen","author":{"@id":"https:\/\/allasorias.hu\/hirek\/author\/admin-allasorias\/#author"},"publisher":{"@id":"https:\/\/allasorias.hu\/hirek\/#organization"},"image":{"@type":"ImageObject","url":"https:\/\/allasorias.hu\/hirek\/wp-content\/uploads\/2024\/12\/munkahelyi-elkotelezettseg.jpg","width":1920,"height":1281,"caption":"Fontos az elk\u00f6telezetts\u00e9g a munkahelyen - Allasorias.hu\/Hirek"},"datePublished":"2024-12-05T11:52:18+02:00","dateModified":"2025-05-09T11:58:37+02:00","inLanguage":"hu-HU","mainEntityOfPage":{"@id":"https:\/\/allasorias.hu\/hirek\/fontos-az-elkotelezettseg-a-munkahelyen\/#webpage"},"isPartOf":{"@id":"https:\/\/allasorias.hu\/hirek\/fontos-az-elkotelezettseg-a-munkahelyen\/#webpage"},"articleSection":"Munkaer\u0151piac, elk\u00f6telezetts\u00e9g, ment\u00e1lis eg\u00e9szs\u00e9g, stressz"},{"@type":"BreadcrumbList","@id":"https:\/\/allasorias.hu\/hirek\/fontos-az-elkotelezettseg-a-munkahelyen\/#breadcrumblist","itemListElement":[{"@type":"ListItem","@id":"https:\/\/allasorias.hu\/hirek#listItem","position":1,"name":"Home","item":"https:\/\/allasorias.hu\/hirek","nextItem":{"@type":"ListItem","@id":"https:\/\/allasorias.hu\/hirek\/temak\/munkaeropiac\/#listItem","name":"Munkaer\u0151piac"}},{"@type":"ListItem","@id":"https:\/\/allasorias.hu\/hirek\/temak\/munkaeropiac\/#listItem","position":2,"name":"Munkaer\u0151piac","item":"https:\/\/allasorias.hu\/hirek\/temak\/munkaeropiac\/","nextItem":{"@type":"ListItem","@id":"https:\/\/allasorias.hu\/hirek\/fontos-az-elkotelezettseg-a-munkahelyen\/#listItem","name":"Fontos az elk\u00f6telezetts\u00e9g a munkahelyen"},"previousItem":{"@type":"ListItem","@id":"https:\/\/allasorias.hu\/hirek#listItem","name":"Home"}},{"@type":"ListItem","@id":"https:\/\/allasorias.hu\/hirek\/fontos-az-elkotelezettseg-a-munkahelyen\/#listItem","position":3,"name":"Fontos az elk\u00f6telezetts\u00e9g a munkahelyen","previousItem":{"@type":"ListItem","@id":"https:\/\/allasorias.hu\/hirek\/temak\/munkaeropiac\/#listItem","name":"Munkaer\u0151piac"}}]},{"@type":"Organization","@id":"https:\/\/allasorias.hu\/hirek\/#organization","name":"AllasOrias.hu | H\u00edrek-lapszemle","description":"\u00dczleti h\u00edrek az \u00e1ll\u00e1s \u00e9s a munka vil\u00e1g\u00e1b\u00f3l","url":"https:\/\/allasorias.hu\/hirek\/","logo":{"@type":"ImageObject","url":"https:\/\/allasorias.hu\/hirek\/wp-content\/uploads\/2022\/10\/allasorias_site_facebok_logo.png","@id":"https:\/\/allasorias.hu\/hirek\/fontos-az-elkotelezettseg-a-munkahelyen\/#organizationLogo"},"image":{"@id":"https:\/\/allasorias.hu\/hirek\/fontos-az-elkotelezettseg-a-munkahelyen\/#organizationLogo"},"sameAs":["https:\/\/www.facebook.com\/allasorias","https:\/\/www.linkedin.com\/company\/allasorias"]},{"@type":"Person","@id":"https:\/\/allasorias.hu\/hirek\/author\/admin-allasorias\/#author","url":"https:\/\/allasorias.hu\/hirek\/author\/admin-allasorias\/","name":"Juh\u00e1sz P\u00e9ter","image":{"@type":"ImageObject","@id":"https:\/\/allasorias.hu\/hirek\/fontos-az-elkotelezettseg-a-munkahelyen\/#authorImage","url":"https:\/\/secure.gravatar.com\/avatar\/36e6bcb83148978b992977cb0f54d22feb0cce8a0a849a9410532bb2623ba4c6?s=96&d=mm&r=g","width":96,"height":96,"caption":"Juh\u00e1sz P\u00e9ter"}},{"@type":"WebPage","@id":"https:\/\/allasorias.hu\/hirek\/fontos-az-elkotelezettseg-a-munkahelyen\/#webpage","url":"https:\/\/allasorias.hu\/hirek\/fontos-az-elkotelezettseg-a-munkahelyen\/","name":"Elk\u00f6telezetts\u00e9g jav\u00edtja a munkahelyi eredm\u00e9nyeket","description":"Aki elk\u00f6telezett a munkahely\u00e9n, eredm\u00e9nyesebben dolgozik \u00e9s kev\u00e9sb\u00e9 stresszel. K\u00fcl\u00f6nb\u00f6z\u0151 juttat\u00e1sokkal igyekeznek n\u00f6velni a munkahelyi komfort\u00e9rzetet.","inLanguage":"hu-HU","isPartOf":{"@id":"https:\/\/allasorias.hu\/hirek\/#website"},"breadcrumb":{"@id":"https:\/\/allasorias.hu\/hirek\/fontos-az-elkotelezettseg-a-munkahelyen\/#breadcrumblist"},"author":{"@id":"https:\/\/allasorias.hu\/hirek\/author\/admin-allasorias\/#author"},"creator":{"@id":"https:\/\/allasorias.hu\/hirek\/author\/admin-allasorias\/#author"},"image":{"@type":"ImageObject","url":"https:\/\/allasorias.hu\/hirek\/wp-content\/uploads\/2024\/12\/munkahelyi-elkotelezettseg.jpg","@id":"https:\/\/allasorias.hu\/hirek\/fontos-az-elkotelezettseg-a-munkahelyen\/#mainImage","width":1920,"height":1281,"caption":"Fontos az elk\u00f6telezetts\u00e9g a munkahelyen - Allasorias.hu\/Hirek"},"primaryImageOfPage":{"@id":"https:\/\/allasorias.hu\/hirek\/fontos-az-elkotelezettseg-a-munkahelyen\/#mainImage"},"datePublished":"2024-12-05T11:52:18+02:00","dateModified":"2025-05-09T11:58:37+02:00"},{"@type":"WebSite","@id":"https:\/\/allasorias.hu\/hirek\/#website","url":"https:\/\/allasorias.hu\/hirek\/","name":"AllasOrias.hu | H\u00edrek-lapszemle","description":"\u00dczleti h\u00edrek az \u00e1ll\u00e1s \u00e9s a munka vil\u00e1g\u00e1b\u00f3l","inLanguage":"hu-HU","publisher":{"@id":"https:\/\/allasorias.hu\/hirek\/#organization"}}]},"og:locale":"hu_HU","og:site_name":"AllasOrias.hu | H\u00edrek-lapszemle | \u00dczleti h\u00edrek az \u00e1ll\u00e1s \u00e9s a munka vil\u00e1g\u00e1b\u00f3l","og:type":"article","og:title":"Elk\u00f6telezetts\u00e9g jav\u00edtja a munkahelyi eredm\u00e9nyeket","og:description":"Aki elk\u00f6telezett a munkahely\u00e9n, eredm\u00e9nyesebben dolgozik \u00e9s kev\u00e9sb\u00e9 stresszel. K\u00fcl\u00f6nb\u00f6z\u0151 juttat\u00e1sokkal igyekeznek n\u00f6velni a munkahelyi komfort\u00e9rzetet.","og:url":"https:\/\/allasorias.hu\/hirek\/fontos-az-elkotelezettseg-a-munkahelyen\/","og:image":"https:\/\/allasorias.hu\/hirek\/wp-content\/uploads\/2024\/12\/munkahelyi-elkotelezettseg.jpg","og:image:secure_url":"https:\/\/allasorias.hu\/hirek\/wp-content\/uploads\/2024\/12\/munkahelyi-elkotelezettseg.jpg","og:image:width":1920,"og:image:height":1281,"article:published_time":"2024-12-05T09:52:18+00:00","article:modified_time":"2025-05-09T09:58:37+00:00","article:publisher":"https:\/\/www.facebook.com\/allasorias","twitter:card":"summary_large_image","twitter:title":"Elk\u00f6telezetts\u00e9g jav\u00edtja a munkahelyi eredm\u00e9nyeket","twitter:description":"Aki elk\u00f6telezett a munkahely\u00e9n, eredm\u00e9nyesebben dolgozik \u00e9s kev\u00e9sb\u00e9 stresszel. K\u00fcl\u00f6nb\u00f6z\u0151 juttat\u00e1sokkal igyekeznek n\u00f6velni a munkahelyi komfort\u00e9rzetet.","twitter:image":"https:\/\/allasorias.hu\/hirek\/wp-content\/uploads\/2024\/12\/munkahelyi-elkotelezettseg.jpg","twitter:label1":"Written by","twitter:data1":"Juh\u00e1sz P\u00e9ter","twitter:label2":"Est. reading time","twitter:data2":"3 minutes"},"aioseo_meta_data":{"post_id":"8062","title":"Elk\u00f6telezetts\u00e9g jav\u00edtja a munkahelyi eredm\u00e9nyeket","description":"Aki elk\u00f6telezett a munkahely\u00e9n, eredm\u00e9nyesebben dolgozik \u00e9s kev\u00e9sb\u00e9 stresszel. K\u00fcl\u00f6nb\u00f6z\u0151 juttat\u00e1sokkal igyekeznek n\u00f6velni a munkahelyi komfort\u00e9rzetet.","keywords":null,"keyphrases":{"focus":{"keyphrase":"","score":0,"analysis":{"keyphraseInTitle":{"score":0,"maxScore":9,"error":1}}},"additional":[]},"primary_term":null,"canonical_url":null,"og_title":null,"og_description":null,"og_object_type":"default","og_image_type":"default","og_image_url":null,"og_image_width":null,"og_image_height":null,"og_image_custom_url":null,"og_image_custom_fields":null,"og_video":"","og_custom_url":null,"og_article_section":null,"og_article_tags":null,"twitter_use_og":true,"twitter_card":"default","twitter_image_type":"default","twitter_image_url":null,"twitter_image_custom_url":null,"twitter_image_custom_fields":null,"twitter_title":null,"twitter_description":null,"schema":{"blockGraphs":[],"customGraphs":[],"default":{"data":{"Article":[],"Course":[],"Dataset":[],"FAQPage":[],"Movie":[],"Person":[],"Product":[],"ProductReview":[],"Car":[],"Recipe":[],"Service":[],"SoftwareApplication":[],"WebPage":[]},"graphName":"Article","isEnabled":true},"graphs":[]},"schema_type":"default","schema_type_options":null,"pillar_content":false,"robots_default":true,"robots_noindex":false,"robots_noarchive":false,"robots_nosnippet":false,"robots_nofollow":false,"robots_noimageindex":false,"robots_noodp":false,"robots_notranslate":false,"robots_max_snippet":"-1","robots_max_videopreview":"-1","robots_max_imagepreview":"large","priority":null,"frequency":"default","location":null,"local_seo":null,"breadcrumb_settings":null,"limit_modified_date":false,"ai":null,"created":"2024-12-05 09:26:04","updated":"2025-10-02 20:44:03","seo_analyzer_scan_date":null,"focus_keyword":null,"additional_keywords":null,"truseo_locale":null},"aioseo_breadcrumb":"<div class=\"aioseo-breadcrumbs\"><span class=\"aioseo-breadcrumb\">\n\t\t\t<a href=\"https:\/\/allasorias.hu\/hirek\" title=\"Home\">Home<\/a>\n\t\t<\/span><span class=\"aioseo-breadcrumb-separator\">&raquo;<\/span><span class=\"aioseo-breadcrumb\">\n\t\t\t<a href=\"https:\/\/allasorias.hu\/hirek\/temak\/munkaeropiac\/\" title=\"Munkaer\u0151piac\">Munkaer\u0151piac<\/a>\n\t\t<\/span><span class=\"aioseo-breadcrumb-separator\">&raquo;<\/span><span class=\"aioseo-breadcrumb\">\n\t\t\tFontos az elk\u00f6telezetts\u00e9g a munkahelyen\n\t\t<\/span><\/div>","aioseo_breadcrumb_json":[{"label":"Home","link":"https:\/\/allasorias.hu\/hirek"},{"label":"Munkaer\u0151piac","link":"https:\/\/allasorias.hu\/hirek\/temak\/munkaeropiac\/"},{"label":"Fontos az elk\u00f6telezetts\u00e9g a munkahelyen","link":"https:\/\/allasorias.hu\/hirek\/fontos-az-elkotelezettseg-a-munkahelyen\/"}],"_links":{"self":[{"href":"https:\/\/allasorias.hu\/hirek\/wp-json\/wp\/v2\/posts\/8062","targetHints":{"allow":["GET"]}}],"collection":[{"href":"https:\/\/allasorias.hu\/hirek\/wp-json\/wp\/v2\/posts"}],"about":[{"href":"https:\/\/allasorias.hu\/hirek\/wp-json\/wp\/v2\/types\/post"}],"author":[{"embeddable":true,"href":"https:\/\/allasorias.hu\/hirek\/wp-json\/wp\/v2\/users\/1"}],"replies":[{"embeddable":true,"href":"https:\/\/allasorias.hu\/hirek\/wp-json\/wp\/v2\/comments?post=8062"}],"version-history":[{"count":2,"href":"https:\/\/allasorias.hu\/hirek\/wp-json\/wp\/v2\/posts\/8062\/revisions"}],"predecessor-version":[{"id":8426,"href":"https:\/\/allasorias.hu\/hirek\/wp-json\/wp\/v2\/posts\/8062\/revisions\/8426"}],"wp:featuredmedia":[{"embeddable":true,"href":"https:\/\/allasorias.hu\/hirek\/wp-json\/wp\/v2\/media\/8063"}],"wp:attachment":[{"href":"https:\/\/allasorias.hu\/hirek\/wp-json\/wp\/v2\/media?parent=8062"}],"wp:term":[{"taxonomy":"category","embeddable":true,"href":"https:\/\/allasorias.hu\/hirek\/wp-json\/wp\/v2\/categories?post=8062"},{"taxonomy":"post_tag","embeddable":true,"href":"https:\/\/allasorias.hu\/hirek\/wp-json\/wp\/v2\/tags?post=8062"}],"curies":[{"name":"wp","href":"https:\/\/api.w.org\/{rel}","templated":true}]}}