{"id":8056,"date":"2024-12-03T11:38:52","date_gmt":"2024-12-03T09:38:52","guid":{"rendered":"https:\/\/allasorias.hu\/hirek\/?p=8056"},"modified":"2025-05-13T15:46:55","modified_gmt":"2025-05-13T13:46:55","slug":"tobb-szakkepzett-munkavallalora-van-szukseg","status":"publish","type":"post","link":"https:\/\/allasorias.hu\/hirek\/tobb-szakkepzett-munkavallalora-van-szukseg\/","title":{"rendered":"T\u00f6bb szakk\u00e9pzett munkav\u00e1llal\u00f3ra van sz\u00fcks\u00e9g"},"content":{"rendered":"<p><strong>A j\u00f6v\u0151ben arra kell t\u00f6rekedni, hogy min\u00e9l t\u00f6bb szakk\u00e9pzett munkaer\u0151 jelenjen meg a munkaer\u0151piacon, ez komoly feladatok el\u00e9 \u00e1ll\u00edtja az oktat\u00e1st \u00e9s a foglalkoztat\u00e1spolitik\u00e1t haz\u00e1nkban. A nemzetgazdas\u00e1gi miniszter t\u00f6bbek k\u00f6z\u00f6tt err\u0151l a t\u00e9m\u00e1r\u00f3l nyilatkozott Br\u00fcsszelben.<\/strong><\/p>\n<p>Nagy M\u00e1rton a foglalkoztat\u00e1si, szoci\u00e1lpolitikai, eg\u00e9szs\u00e9g\u00fcgyi \u00e9s fogyaszt\u00f3v\u00e9delmi tan\u00e1cs \u00fcl\u00e9s\u00e9re \u00e9rkezett a belga f\u0151v\u00e1rosba, ahol a tan\u00e1cskoz\u00e1st megel\u0151z\u0151en angol nyelven adott nyilatkozatot. A szakk\u00e9pzett munkaer\u0151 hi\u00e1ny\u00e1nak kezel\u00e9se a legfontosabb kih\u00edv\u00e1s az eur\u00f3pai munkaer\u0151piacon, a v\u00e1llaltok 77 sz\u00e1zal\u00e9ka v\u00e9li hogy ez korl\u00e1tozza m\u0171k\u00f6d\u00e9s\u00e9ben, illetve 60 sz\u00e1zal\u00e9kuk szerint ez akad\u00e1lyozza a beruh\u00e1z\u00e1sokat \u2013 emelte ki a nemzetgazdas\u00e1gi miniszter h\u00e9tf\u0151n Br\u00fcsszelben.<\/p>\n<p>Rem\u00e9ny\u00e9t fejezte ki, hogy a tan\u00e1cs\u00fcl\u00e9sen a szakminiszterek j\u00f3v\u00e1hagyj\u00e1k az EU-ban tapasztalhat\u00f3 munkaer\u0151- \u00e9s k\u00e9szs\u00e9ghi\u00e1nyr\u00f3l, a kiakn\u00e1zatlan munkaer\u0151-potenci\u00e1l mozg\u00f3s\u00edt\u00e1s\u00e1ra \u00f6sszpontos\u00edt\u00f3 tan\u00e1csi k\u00f6vetkeztet\u00e9st, ami el\u0151mozd\u00edthatja az EU versenyk\u00e9pess\u00e9g\u00e9t is. Mint mondta, a miniszterek ir\u00e1nyad\u00f3 vit\u00e1t fognak tartani a 2025-\u00f6s eur\u00f3pai szemeszter j\u00f6v\u0151beli foglalkoztat\u00e1s- \u00e9s szoci\u00e1lpolitikai priorit\u00e1sair\u00f3l.<\/p>\n<p>Kiemelte, hogy a h\u00e9tf\u0151i tan\u00e1cskoz\u00e1s legnagyobb kih\u00edv\u00e1st jelent\u0151 pontja a gyakornokokr\u00f3l sz\u00f3l\u00f3 ir\u00e1nyelv megfogalmaz\u00e1sa. A magyar eln\u00f6ks\u00e9g e t\u00e9ren \u00e1ltal\u00e1nos megk\u00f6zel\u00edt\u00e9st akar el\u00e9rni, ami mand\u00e1tumot jelent az Eur\u00f3pai Parlamenttel folytatand\u00f3 t\u00e1rgyal\u00e1sok megkezd\u00e9s\u00e9hez. Szavai szerint, ehhez m\u00e9g nincs meg a min\u0151s\u00edtett t\u00f6bbs\u00e9g a tan\u00e1cson bel\u00fcl, de egyre jobban k\u00f6zel\u00edtenek az \u00e1ll\u00e1spontok. K\u00f3sa \u00c1d\u00e1m fogyat\u00e9koss\u00e1g\u00fcgyi \u00e1llamtitk\u00e1r a tan\u00e1cskoz\u00e1sra \u00e9rkezve, elmondta, hogy napirenden van egy tan\u00e1csi k\u00f6vetkeztet\u00e9s elfogad\u00e1sa, amely a ter\u00fcleti egyenl\u0151tlens\u00e9gekre \u00e9s ehhez kapcsol\u00f3d\u00f3an a szoci\u00e1lis szolg\u00e1ltat\u00e1sokhoz val\u00f3 hozz\u00e1f\u00e9r\u00e9sre \u00f6sszpontos\u00edt, ami jav\u00edtani fogja a t\u00e1rsadalmi befogad\u00e1st, \u00e9s hozz\u00e1j\u00e1rul a szeg\u00e9nys\u00e9g elleni k\u00fczdelemhez.<\/p>\n<p>Ennek k\u00f6zpontj\u00e1ban a fogyat\u00e9koss\u00e1ggal \u00e9l\u0151 szem\u00e9lyek t\u00e1rsadalmi befogad\u00e1s\u00e1nak, a foglalkoztat\u00e1s, \u00e9szszer\u0171 alkalmazkod\u00e1s \u00e9s rehabilit\u00e1ci\u00f3 r\u00e9v\u00e9n t\u00f6rt\u00e9n\u0151 el\u0151mozd\u00edt\u00e1sa \u00e1ll. \u201e<em>Magyarorsz\u00e1g elk\u00f6telezett a szoci\u00e1lpolitika ter\u00fclet\u00e9n, olyan megold\u00e1sokat vezetett be, amelyek seg\u00edthetnek a szeg\u00e9nys\u00e9g cs\u00f6kkent\u00e9s\u00e9ben \u00e9s a munkaer\u0151piaci helyzet jav\u00edt\u00e1s\u00e1ban. Az \u00e9n \u00e1ll\u00e1spontom, hogy munka van, minden van<\/em>\u201d \u2013 h\u00fazta al\u00e1 az \u00e1llamtitk\u00e1r.<\/p>\n<p>Forr\u00e1s: <a href=\"https:\/\/hirtv.hu\/hirtv_gazdasagi_hirei\/nagy-marton-a-szakkepzett-munkaero-hianyanak-kezelese-a-legfontosabb-kihivas-az-europai-munkaeropiacon-2597139\" target=\"_blank\" rel=\"nofollow noopener noreferrer\">hirtv.hu<\/a><\/p>\n","protected":false},"excerpt":{"rendered":"<p>A j\u00f6v\u0151ben arra kell t\u00f6rekedni, hogy min\u00e9l t\u00f6bb szakk\u00e9pzett munkaer\u0151 jelenjen meg a munkaer\u0151piacon, ez komoly feladatok el\u00e9 \u00e1ll\u00edtja az oktat\u00e1st \u00e9s a foglalkoztat\u00e1spolitik\u00e1t haz\u00e1nkban. A nemzetgazdas\u00e1gi miniszter t\u00f6bbek k\u00f6z\u00f6tt err\u0151l a t\u00e9m\u00e1r\u00f3l nyilatkozott Br\u00fcsszelben. Nagy M\u00e1rton a foglalkoztat\u00e1si, szoci\u00e1lpolitikai, eg\u00e9szs\u00e9g\u00fcgyi \u00e9s fogyaszt\u00f3v\u00e9delmi tan\u00e1cs \u00fcl\u00e9s\u00e9re \u00e9rkezett a belga f\u0151v\u00e1rosba, ahol a tan\u00e1cskoz\u00e1st megel\u0151z\u0151en angol nyelven [&hellip;]<\/p>\n","protected":false},"author":1,"featured_media":8057,"comment_status":"closed","ping_status":"closed","sticky":false,"template":"","format":"standard","meta":{"_monsterinsights_skip_tracking":false,"footnotes":""},"categories":[200],"tags":[614,850],"class_list":["post-8056","post","type-post","status-publish","format-standard","has-post-thumbnail","hentry","category-munkaeropiac","tag-szakkepzes","tag-szakkepzett-munkaero"],"aioseo_notices":[],"aioseo_head":"\n\t\t<!-- All in One SEO 5.0.0.1 - aioseo.com -->\n\t<meta name=\"description\" content=\"A j\u00f6v\u0151ben arra kell t\u00f6rekedni, hogy min\u00e9l t\u00f6bb szakk\u00e9pzett munkaer\u0151 jelenjen meg a munkaer\u0151piacon.\" \/>\n\t<meta name=\"robots\" content=\"max-image-preview:large\" \/>\n\t<meta name=\"author\" content=\"Juh\u00e1sz P\u00e9ter\"\/>\n\t<meta name=\"keywords\" content=\"szakk\u00e9pz\u00e9s,szakk\u00e9pzett munkaer\u0151\" \/>\n\t<link rel=\"canonical\" href=\"https:\/\/allasorias.hu\/hirek\/tobb-szakkepzett-munkavallalora-van-szukseg\/\" \/>\n\t<meta name=\"generator\" content=\"All in One SEO (AIOSEO) 5.0.0.1\" \/>\n\t\t<meta property=\"og:locale\" content=\"hu_HU\" \/>\n\t\t<meta property=\"og:site_name\" content=\"AllasOrias.hu | H\u00edrek-lapszemle | \u00dczleti h\u00edrek az \u00e1ll\u00e1s \u00e9s a munka vil\u00e1g\u00e1b\u00f3l\" \/>\n\t\t<meta property=\"og:type\" content=\"article\" \/>\n\t\t<meta property=\"og:title\" content=\"T\u00f6bb szakk\u00e9pzett dolgoz\u00f3ra van sz\u00fcks\u00e9g\" \/>\n\t\t<meta property=\"og:description\" content=\"A j\u00f6v\u0151ben arra kell t\u00f6rekedni, hogy min\u00e9l t\u00f6bb szakk\u00e9pzett munkaer\u0151 jelenjen meg a munkaer\u0151piacon.\" \/>\n\t\t<meta property=\"og:url\" content=\"https:\/\/allasorias.hu\/hirek\/tobb-szakkepzett-munkavallalora-van-szukseg\/\" \/>\n\t\t<meta property=\"og:image\" content=\"https:\/\/allasorias.hu\/hirek\/wp-content\/uploads\/2024\/12\/szakkepzett-munkaero.jpg\" \/>\n\t\t<meta property=\"og:image:secure_url\" content=\"https:\/\/allasorias.hu\/hirek\/wp-content\/uploads\/2024\/12\/szakkepzett-munkaero.jpg\" \/>\n\t\t<meta property=\"og:image:width\" content=\"1920\" \/>\n\t\t<meta property=\"og:image:height\" content=\"1281\" \/>\n\t\t<meta property=\"article:published_time\" content=\"2024-12-03T09:38:52+00:00\" \/>\n\t\t<meta property=\"article:modified_time\" content=\"2025-05-13T13:46:55+00:00\" \/>\n\t\t<meta property=\"article:publisher\" content=\"https:\/\/www.facebook.com\/allasorias\" \/>\n\t\t<meta name=\"twitter:card\" content=\"summary_large_image\" \/>\n\t\t<meta name=\"twitter:title\" content=\"T\u00f6bb szakk\u00e9pzett dolgoz\u00f3ra van sz\u00fcks\u00e9g\" \/>\n\t\t<meta name=\"twitter:description\" content=\"A j\u00f6v\u0151ben arra kell t\u00f6rekedni, hogy min\u00e9l t\u00f6bb szakk\u00e9pzett munkaer\u0151 jelenjen meg a munkaer\u0151piacon.\" \/>\n\t\t<meta name=\"twitter:image\" content=\"https:\/\/allasorias.hu\/hirek\/wp-content\/uploads\/2024\/12\/szakkepzett-munkaero.jpg\" \/>\n\t\t<meta name=\"twitter:label1\" content=\"Written by\" \/>\n\t\t<meta name=\"twitter:data1\" content=\"Juh\u00e1sz P\u00e9ter\" \/>\n\t\t<meta name=\"twitter:label2\" content=\"Est. reading time\" \/>\n\t\t<meta name=\"twitter:data2\" content=\"2 minutes\" \/>\n\t\t<script type=\"application\/ld+json\" class=\"aioseo-schema\">\n\t\t\t{\"@context\":\"https:\\\/\\\/schema.org\",\"@graph\":[{\"@type\":\"Article\",\"@id\":\"https:\\\/\\\/allasorias.hu\\\/hirek\\\/tobb-szakkepzett-munkavallalora-van-szukseg\\\/#article\",\"name\":\"T\\u00f6bb szakk\\u00e9pzett dolgoz\\u00f3ra van sz\\u00fcks\\u00e9g\",\"headline\":\"T\\u00f6bb szakk\\u00e9pzett munkav\\u00e1llal\\u00f3ra van sz\\u00fcks\\u00e9g\",\"author\":{\"@id\":\"https:\\\/\\\/allasorias.hu\\\/hirek\\\/author\\\/admin-allasorias\\\/#author\"},\"publisher\":{\"@id\":\"https:\\\/\\\/allasorias.hu\\\/hirek\\\/#organization\"},\"image\":{\"@type\":\"ImageObject\",\"url\":\"https:\\\/\\\/allasorias.hu\\\/hirek\\\/wp-content\\\/uploads\\\/2024\\\/12\\\/szakkepzett-munkaero.jpg\",\"width\":1920,\"height\":1281,\"caption\":\"T\\u00f6bb szakk\\u00e9pzett munkav\\u00e1llal\\u00f3ra van sz\\u00fcks\\u00e9g - Allasorias.hu\\\/Hirek\"},\"datePublished\":\"2024-12-03T11:38:52+02:00\",\"dateModified\":\"2025-05-13T15:46:55+02:00\",\"inLanguage\":\"hu-HU\",\"mainEntityOfPage\":{\"@id\":\"https:\\\/\\\/allasorias.hu\\\/hirek\\\/tobb-szakkepzett-munkavallalora-van-szukseg\\\/#webpage\"},\"isPartOf\":{\"@id\":\"https:\\\/\\\/allasorias.hu\\\/hirek\\\/tobb-szakkepzett-munkavallalora-van-szukseg\\\/#webpage\"},\"articleSection\":\"Munkaer\\u0151piac, szakk\\u00e9pz\\u00e9s, szakk\\u00e9pzett munkaer\\u0151\"},{\"@type\":\"BreadcrumbList\",\"@id\":\"https:\\\/\\\/allasorias.hu\\\/hirek\\\/tobb-szakkepzett-munkavallalora-van-szukseg\\\/#breadcrumblist\",\"itemListElement\":[{\"@type\":\"ListItem\",\"@id\":\"https:\\\/\\\/allasorias.hu\\\/hirek#listItem\",\"position\":1,\"name\":\"Home\",\"item\":\"https:\\\/\\\/allasorias.hu\\\/hirek\",\"nextItem\":{\"@type\":\"ListItem\",\"@id\":\"https:\\\/\\\/allasorias.hu\\\/hirek\\\/temak\\\/munkaeropiac\\\/#listItem\",\"name\":\"Munkaer\\u0151piac\"}},{\"@type\":\"ListItem\",\"@id\":\"https:\\\/\\\/allasorias.hu\\\/hirek\\\/temak\\\/munkaeropiac\\\/#listItem\",\"position\":2,\"name\":\"Munkaer\\u0151piac\",\"item\":\"https:\\\/\\\/allasorias.hu\\\/hirek\\\/temak\\\/munkaeropiac\\\/\",\"nextItem\":{\"@type\":\"ListItem\",\"@id\":\"https:\\\/\\\/allasorias.hu\\\/hirek\\\/tobb-szakkepzett-munkavallalora-van-szukseg\\\/#listItem\",\"name\":\"T\\u00f6bb szakk\\u00e9pzett munkav\\u00e1llal\\u00f3ra van sz\\u00fcks\\u00e9g\"},\"previousItem\":{\"@type\":\"ListItem\",\"@id\":\"https:\\\/\\\/allasorias.hu\\\/hirek#listItem\",\"name\":\"Home\"}},{\"@type\":\"ListItem\",\"@id\":\"https:\\\/\\\/allasorias.hu\\\/hirek\\\/tobb-szakkepzett-munkavallalora-van-szukseg\\\/#listItem\",\"position\":3,\"name\":\"T\\u00f6bb szakk\\u00e9pzett munkav\\u00e1llal\\u00f3ra van sz\\u00fcks\\u00e9g\",\"previousItem\":{\"@type\":\"ListItem\",\"@id\":\"https:\\\/\\\/allasorias.hu\\\/hirek\\\/temak\\\/munkaeropiac\\\/#listItem\",\"name\":\"Munkaer\\u0151piac\"}}]},{\"@type\":\"Organization\",\"@id\":\"https:\\\/\\\/allasorias.hu\\\/hirek\\\/#organization\",\"name\":\"AllasOrias.hu | H\\u00edrek-lapszemle\",\"description\":\"\\u00dczleti h\\u00edrek az \\u00e1ll\\u00e1s \\u00e9s a munka vil\\u00e1g\\u00e1b\\u00f3l\",\"url\":\"https:\\\/\\\/allasorias.hu\\\/hirek\\\/\",\"logo\":{\"@type\":\"ImageObject\",\"url\":\"https:\\\/\\\/allasorias.hu\\\/hirek\\\/wp-content\\\/uploads\\\/2022\\\/10\\\/allasorias_site_facebok_logo.png\",\"@id\":\"https:\\\/\\\/allasorias.hu\\\/hirek\\\/tobb-szakkepzett-munkavallalora-van-szukseg\\\/#organizationLogo\"},\"image\":{\"@id\":\"https:\\\/\\\/allasorias.hu\\\/hirek\\\/tobb-szakkepzett-munkavallalora-van-szukseg\\\/#organizationLogo\"},\"sameAs\":[\"https:\\\/\\\/www.facebook.com\\\/allasorias\",\"https:\\\/\\\/www.linkedin.com\\\/company\\\/allasorias\"]},{\"@type\":\"Person\",\"@id\":\"https:\\\/\\\/allasorias.hu\\\/hirek\\\/author\\\/admin-allasorias\\\/#author\",\"url\":\"https:\\\/\\\/allasorias.hu\\\/hirek\\\/author\\\/admin-allasorias\\\/\",\"name\":\"Juh\\u00e1sz P\\u00e9ter\",\"image\":{\"@type\":\"ImageObject\",\"@id\":\"https:\\\/\\\/allasorias.hu\\\/hirek\\\/tobb-szakkepzett-munkavallalora-van-szukseg\\\/#authorImage\",\"url\":\"https:\\\/\\\/secure.gravatar.com\\\/avatar\\\/36e6bcb83148978b992977cb0f54d22feb0cce8a0a849a9410532bb2623ba4c6?s=96&d=mm&r=g\",\"width\":96,\"height\":96,\"caption\":\"Juh\\u00e1sz P\\u00e9ter\"}},{\"@type\":\"WebPage\",\"@id\":\"https:\\\/\\\/allasorias.hu\\\/hirek\\\/tobb-szakkepzett-munkavallalora-van-szukseg\\\/#webpage\",\"url\":\"https:\\\/\\\/allasorias.hu\\\/hirek\\\/tobb-szakkepzett-munkavallalora-van-szukseg\\\/\",\"name\":\"T\\u00f6bb szakk\\u00e9pzett dolgoz\\u00f3ra van sz\\u00fcks\\u00e9g\",\"description\":\"A j\\u00f6v\\u0151ben arra kell t\\u00f6rekedni, hogy min\\u00e9l t\\u00f6bb szakk\\u00e9pzett munkaer\\u0151 jelenjen meg a munkaer\\u0151piacon.\",\"inLanguage\":\"hu-HU\",\"isPartOf\":{\"@id\":\"https:\\\/\\\/allasorias.hu\\\/hirek\\\/#website\"},\"breadcrumb\":{\"@id\":\"https:\\\/\\\/allasorias.hu\\\/hirek\\\/tobb-szakkepzett-munkavallalora-van-szukseg\\\/#breadcrumblist\"},\"author\":{\"@id\":\"https:\\\/\\\/allasorias.hu\\\/hirek\\\/author\\\/admin-allasorias\\\/#author\"},\"creator\":{\"@id\":\"https:\\\/\\\/allasorias.hu\\\/hirek\\\/author\\\/admin-allasorias\\\/#author\"},\"image\":{\"@type\":\"ImageObject\",\"url\":\"https:\\\/\\\/allasorias.hu\\\/hirek\\\/wp-content\\\/uploads\\\/2024\\\/12\\\/szakkepzett-munkaero.jpg\",\"@id\":\"https:\\\/\\\/allasorias.hu\\\/hirek\\\/tobb-szakkepzett-munkavallalora-van-szukseg\\\/#mainImage\",\"width\":1920,\"height\":1281,\"caption\":\"T\\u00f6bb szakk\\u00e9pzett munkav\\u00e1llal\\u00f3ra van sz\\u00fcks\\u00e9g - Allasorias.hu\\\/Hirek\"},\"primaryImageOfPage\":{\"@id\":\"https:\\\/\\\/allasorias.hu\\\/hirek\\\/tobb-szakkepzett-munkavallalora-van-szukseg\\\/#mainImage\"},\"datePublished\":\"2024-12-03T11:38:52+02:00\",\"dateModified\":\"2025-05-13T15:46:55+02:00\"},{\"@type\":\"WebSite\",\"@id\":\"https:\\\/\\\/allasorias.hu\\\/hirek\\\/#website\",\"url\":\"https:\\\/\\\/allasorias.hu\\\/hirek\\\/\",\"name\":\"AllasOrias.hu | H\\u00edrek-lapszemle\",\"description\":\"\\u00dczleti h\\u00edrek az \\u00e1ll\\u00e1s \\u00e9s a munka vil\\u00e1g\\u00e1b\\u00f3l\",\"inLanguage\":\"hu-HU\",\"publisher\":{\"@id\":\"https:\\\/\\\/allasorias.hu\\\/hirek\\\/#organization\"}}]}\n\t\t<\/script>\n\t\t<!-- All in One SEO -->\n\n","aioseo_head_json":{"title":"T\u00f6bb szakk\u00e9pzett dolgoz\u00f3ra van sz\u00fcks\u00e9g","description":"A j\u00f6v\u0151ben arra kell t\u00f6rekedni, hogy min\u00e9l t\u00f6bb szakk\u00e9pzett munkaer\u0151 jelenjen meg a munkaer\u0151piacon.","canonical_url":"https:\/\/allasorias.hu\/hirek\/tobb-szakkepzett-munkavallalora-van-szukseg\/","robots":"max-image-preview:large","keywords":"szakk\u00e9pz\u00e9s,szakk\u00e9pzett munkaer\u0151","webmasterTools":{"miscellaneous":""},"schema":{"@context":"https:\/\/schema.org","@graph":[{"@type":"Article","@id":"https:\/\/allasorias.hu\/hirek\/tobb-szakkepzett-munkavallalora-van-szukseg\/#article","name":"T\u00f6bb szakk\u00e9pzett dolgoz\u00f3ra van sz\u00fcks\u00e9g","headline":"T\u00f6bb szakk\u00e9pzett munkav\u00e1llal\u00f3ra van sz\u00fcks\u00e9g","author":{"@id":"https:\/\/allasorias.hu\/hirek\/author\/admin-allasorias\/#author"},"publisher":{"@id":"https:\/\/allasorias.hu\/hirek\/#organization"},"image":{"@type":"ImageObject","url":"https:\/\/allasorias.hu\/hirek\/wp-content\/uploads\/2024\/12\/szakkepzett-munkaero.jpg","width":1920,"height":1281,"caption":"T\u00f6bb szakk\u00e9pzett munkav\u00e1llal\u00f3ra van sz\u00fcks\u00e9g - Allasorias.hu\/Hirek"},"datePublished":"2024-12-03T11:38:52+02:00","dateModified":"2025-05-13T15:46:55+02:00","inLanguage":"hu-HU","mainEntityOfPage":{"@id":"https:\/\/allasorias.hu\/hirek\/tobb-szakkepzett-munkavallalora-van-szukseg\/#webpage"},"isPartOf":{"@id":"https:\/\/allasorias.hu\/hirek\/tobb-szakkepzett-munkavallalora-van-szukseg\/#webpage"},"articleSection":"Munkaer\u0151piac, szakk\u00e9pz\u00e9s, szakk\u00e9pzett munkaer\u0151"},{"@type":"BreadcrumbList","@id":"https:\/\/allasorias.hu\/hirek\/tobb-szakkepzett-munkavallalora-van-szukseg\/#breadcrumblist","itemListElement":[{"@type":"ListItem","@id":"https:\/\/allasorias.hu\/hirek#listItem","position":1,"name":"Home","item":"https:\/\/allasorias.hu\/hirek","nextItem":{"@type":"ListItem","@id":"https:\/\/allasorias.hu\/hirek\/temak\/munkaeropiac\/#listItem","name":"Munkaer\u0151piac"}},{"@type":"ListItem","@id":"https:\/\/allasorias.hu\/hirek\/temak\/munkaeropiac\/#listItem","position":2,"name":"Munkaer\u0151piac","item":"https:\/\/allasorias.hu\/hirek\/temak\/munkaeropiac\/","nextItem":{"@type":"ListItem","@id":"https:\/\/allasorias.hu\/hirek\/tobb-szakkepzett-munkavallalora-van-szukseg\/#listItem","name":"T\u00f6bb szakk\u00e9pzett munkav\u00e1llal\u00f3ra van sz\u00fcks\u00e9g"},"previousItem":{"@type":"ListItem","@id":"https:\/\/allasorias.hu\/hirek#listItem","name":"Home"}},{"@type":"ListItem","@id":"https:\/\/allasorias.hu\/hirek\/tobb-szakkepzett-munkavallalora-van-szukseg\/#listItem","position":3,"name":"T\u00f6bb szakk\u00e9pzett munkav\u00e1llal\u00f3ra van sz\u00fcks\u00e9g","previousItem":{"@type":"ListItem","@id":"https:\/\/allasorias.hu\/hirek\/temak\/munkaeropiac\/#listItem","name":"Munkaer\u0151piac"}}]},{"@type":"Organization","@id":"https:\/\/allasorias.hu\/hirek\/#organization","name":"AllasOrias.hu | H\u00edrek-lapszemle","description":"\u00dczleti h\u00edrek az \u00e1ll\u00e1s \u00e9s a munka vil\u00e1g\u00e1b\u00f3l","url":"https:\/\/allasorias.hu\/hirek\/","logo":{"@type":"ImageObject","url":"https:\/\/allasorias.hu\/hirek\/wp-content\/uploads\/2022\/10\/allasorias_site_facebok_logo.png","@id":"https:\/\/allasorias.hu\/hirek\/tobb-szakkepzett-munkavallalora-van-szukseg\/#organizationLogo"},"image":{"@id":"https:\/\/allasorias.hu\/hirek\/tobb-szakkepzett-munkavallalora-van-szukseg\/#organizationLogo"},"sameAs":["https:\/\/www.facebook.com\/allasorias","https:\/\/www.linkedin.com\/company\/allasorias"]},{"@type":"Person","@id":"https:\/\/allasorias.hu\/hirek\/author\/admin-allasorias\/#author","url":"https:\/\/allasorias.hu\/hirek\/author\/admin-allasorias\/","name":"Juh\u00e1sz P\u00e9ter","image":{"@type":"ImageObject","@id":"https:\/\/allasorias.hu\/hirek\/tobb-szakkepzett-munkavallalora-van-szukseg\/#authorImage","url":"https:\/\/secure.gravatar.com\/avatar\/36e6bcb83148978b992977cb0f54d22feb0cce8a0a849a9410532bb2623ba4c6?s=96&d=mm&r=g","width":96,"height":96,"caption":"Juh\u00e1sz P\u00e9ter"}},{"@type":"WebPage","@id":"https:\/\/allasorias.hu\/hirek\/tobb-szakkepzett-munkavallalora-van-szukseg\/#webpage","url":"https:\/\/allasorias.hu\/hirek\/tobb-szakkepzett-munkavallalora-van-szukseg\/","name":"T\u00f6bb szakk\u00e9pzett dolgoz\u00f3ra van sz\u00fcks\u00e9g","description":"A j\u00f6v\u0151ben arra kell t\u00f6rekedni, hogy min\u00e9l t\u00f6bb szakk\u00e9pzett munkaer\u0151 jelenjen meg a munkaer\u0151piacon.","inLanguage":"hu-HU","isPartOf":{"@id":"https:\/\/allasorias.hu\/hirek\/#website"},"breadcrumb":{"@id":"https:\/\/allasorias.hu\/hirek\/tobb-szakkepzett-munkavallalora-van-szukseg\/#breadcrumblist"},"author":{"@id":"https:\/\/allasorias.hu\/hirek\/author\/admin-allasorias\/#author"},"creator":{"@id":"https:\/\/allasorias.hu\/hirek\/author\/admin-allasorias\/#author"},"image":{"@type":"ImageObject","url":"https:\/\/allasorias.hu\/hirek\/wp-content\/uploads\/2024\/12\/szakkepzett-munkaero.jpg","@id":"https:\/\/allasorias.hu\/hirek\/tobb-szakkepzett-munkavallalora-van-szukseg\/#mainImage","width":1920,"height":1281,"caption":"T\u00f6bb szakk\u00e9pzett munkav\u00e1llal\u00f3ra van sz\u00fcks\u00e9g - Allasorias.hu\/Hirek"},"primaryImageOfPage":{"@id":"https:\/\/allasorias.hu\/hirek\/tobb-szakkepzett-munkavallalora-van-szukseg\/#mainImage"},"datePublished":"2024-12-03T11:38:52+02:00","dateModified":"2025-05-13T15:46:55+02:00"},{"@type":"WebSite","@id":"https:\/\/allasorias.hu\/hirek\/#website","url":"https:\/\/allasorias.hu\/hirek\/","name":"AllasOrias.hu | H\u00edrek-lapszemle","description":"\u00dczleti h\u00edrek az \u00e1ll\u00e1s \u00e9s a munka vil\u00e1g\u00e1b\u00f3l","inLanguage":"hu-HU","publisher":{"@id":"https:\/\/allasorias.hu\/hirek\/#organization"}}]},"og:locale":"hu_HU","og:site_name":"AllasOrias.hu | H\u00edrek-lapszemle | \u00dczleti h\u00edrek az \u00e1ll\u00e1s \u00e9s a munka vil\u00e1g\u00e1b\u00f3l","og:type":"article","og:title":"T\u00f6bb szakk\u00e9pzett dolgoz\u00f3ra van sz\u00fcks\u00e9g","og:description":"A j\u00f6v\u0151ben arra kell t\u00f6rekedni, hogy min\u00e9l t\u00f6bb szakk\u00e9pzett munkaer\u0151 jelenjen meg a munkaer\u0151piacon.","og:url":"https:\/\/allasorias.hu\/hirek\/tobb-szakkepzett-munkavallalora-van-szukseg\/","og:image":"https:\/\/allasorias.hu\/hirek\/wp-content\/uploads\/2024\/12\/szakkepzett-munkaero.jpg","og:image:secure_url":"https:\/\/allasorias.hu\/hirek\/wp-content\/uploads\/2024\/12\/szakkepzett-munkaero.jpg","og:image:width":1920,"og:image:height":1281,"article:published_time":"2024-12-03T09:38:52+00:00","article:modified_time":"2025-05-13T13:46:55+00:00","article:publisher":"https:\/\/www.facebook.com\/allasorias","twitter:card":"summary_large_image","twitter:title":"T\u00f6bb szakk\u00e9pzett dolgoz\u00f3ra van sz\u00fcks\u00e9g","twitter:description":"A j\u00f6v\u0151ben arra kell t\u00f6rekedni, hogy min\u00e9l t\u00f6bb szakk\u00e9pzett munkaer\u0151 jelenjen meg a munkaer\u0151piacon.","twitter:image":"https:\/\/allasorias.hu\/hirek\/wp-content\/uploads\/2024\/12\/szakkepzett-munkaero.jpg","twitter:label1":"Written by","twitter:data1":"Juh\u00e1sz P\u00e9ter","twitter:label2":"Est. reading time","twitter:data2":"2 minutes"},"aioseo_meta_data":{"post_id":"8056","title":"T\u00f6bb szakk\u00e9pzett dolgoz\u00f3ra van sz\u00fcks\u00e9g","description":"A j\u00f6v\u0151ben arra kell t\u00f6rekedni, hogy min\u00e9l t\u00f6bb szakk\u00e9pzett munkaer\u0151 jelenjen meg a munkaer\u0151piacon.","keywords":null,"keyphrases":{"focus":{"keyphrase":"","score":0,"analysis":{"keyphraseInTitle":{"score":0,"maxScore":9,"error":1}}},"additional":[]},"primary_term":null,"canonical_url":null,"og_title":null,"og_description":null,"og_object_type":"default","og_image_type":"default","og_image_url":null,"og_image_width":null,"og_image_height":null,"og_image_custom_url":null,"og_image_custom_fields":null,"og_video":"","og_custom_url":null,"og_article_section":null,"og_article_tags":null,"twitter_use_og":true,"twitter_card":"default","twitter_image_type":"default","twitter_image_url":null,"twitter_image_custom_url":null,"twitter_image_custom_fields":null,"twitter_title":null,"twitter_description":null,"schema":{"blockGraphs":[],"customGraphs":[],"default":{"data":{"Article":[],"Course":[],"Dataset":[],"FAQPage":[],"Movie":[],"Person":[],"Product":[],"ProductReview":[],"Car":[],"Recipe":[],"Service":[],"SoftwareApplication":[],"WebPage":[]},"graphName":"Article","isEnabled":true},"graphs":[]},"schema_type":"default","schema_type_options":null,"pillar_content":false,"robots_default":true,"robots_noindex":false,"robots_noarchive":false,"robots_nosnippet":false,"robots_nofollow":false,"robots_noimageindex":false,"robots_noodp":false,"robots_notranslate":false,"robots_max_snippet":"-1","robots_max_videopreview":"-1","robots_max_imagepreview":"large","priority":null,"frequency":"default","location":null,"local_seo":null,"breadcrumb_settings":null,"limit_modified_date":false,"ai":null,"created":"2024-12-03 08:42:51","updated":"2025-10-02 20:44:03","seo_analyzer_scan_date":null,"focus_keyword":null,"additional_keywords":null,"truseo_locale":null},"aioseo_breadcrumb":"<div class=\"aioseo-breadcrumbs\"><span class=\"aioseo-breadcrumb\">\n\t\t\t<a href=\"https:\/\/allasorias.hu\/hirek\" title=\"Home\">Home<\/a>\n\t\t<\/span><span class=\"aioseo-breadcrumb-separator\">&raquo;<\/span><span class=\"aioseo-breadcrumb\">\n\t\t\t<a href=\"https:\/\/allasorias.hu\/hirek\/temak\/munkaeropiac\/\" title=\"Munkaer\u0151piac\">Munkaer\u0151piac<\/a>\n\t\t<\/span><span class=\"aioseo-breadcrumb-separator\">&raquo;<\/span><span class=\"aioseo-breadcrumb\">\n\t\t\tT\u00f6bb szakk\u00e9pzett munkav\u00e1llal\u00f3ra van sz\u00fcks\u00e9g\n\t\t<\/span><\/div>","aioseo_breadcrumb_json":[{"label":"Home","link":"https:\/\/allasorias.hu\/hirek"},{"label":"Munkaer\u0151piac","link":"https:\/\/allasorias.hu\/hirek\/temak\/munkaeropiac\/"},{"label":"T\u00f6bb szakk\u00e9pzett munkav\u00e1llal\u00f3ra van sz\u00fcks\u00e9g","link":"https:\/\/allasorias.hu\/hirek\/tobb-szakkepzett-munkavallalora-van-szukseg\/"}],"_links":{"self":[{"href":"https:\/\/allasorias.hu\/hirek\/wp-json\/wp\/v2\/posts\/8056","targetHints":{"allow":["GET"]}}],"collection":[{"href":"https:\/\/allasorias.hu\/hirek\/wp-json\/wp\/v2\/posts"}],"about":[{"href":"https:\/\/allasorias.hu\/hirek\/wp-json\/wp\/v2\/types\/post"}],"author":[{"embeddable":true,"href":"https:\/\/allasorias.hu\/hirek\/wp-json\/wp\/v2\/users\/1"}],"replies":[{"embeddable":true,"href":"https:\/\/allasorias.hu\/hirek\/wp-json\/wp\/v2\/comments?post=8056"}],"version-history":[{"count":1,"href":"https:\/\/allasorias.hu\/hirek\/wp-json\/wp\/v2\/posts\/8056\/revisions"}],"predecessor-version":[{"id":8058,"href":"https:\/\/allasorias.hu\/hirek\/wp-json\/wp\/v2\/posts\/8056\/revisions\/8058"}],"wp:featuredmedia":[{"embeddable":true,"href":"https:\/\/allasorias.hu\/hirek\/wp-json\/wp\/v2\/media\/8057"}],"wp:attachment":[{"href":"https:\/\/allasorias.hu\/hirek\/wp-json\/wp\/v2\/media?parent=8056"}],"wp:term":[{"taxonomy":"category","embeddable":true,"href":"https:\/\/allasorias.hu\/hirek\/wp-json\/wp\/v2\/categories?post=8056"},{"taxonomy":"post_tag","embeddable":true,"href":"https:\/\/allasorias.hu\/hirek\/wp-json\/wp\/v2\/tags?post=8056"}],"curies":[{"name":"wp","href":"https:\/\/api.w.org\/{rel}","templated":true}]}}