{"id":8053,"date":"2024-12-02T16:44:44","date_gmt":"2024-12-02T14:44:44","guid":{"rendered":"https:\/\/allasorias.hu\/hirek\/?p=8053"},"modified":"2024-12-02T16:44:44","modified_gmt":"2024-12-02T14:44:44","slug":"elteroen-velekednek-a-magyar-foglalkoztatottsagrol-a-kormany-es-az-elemzok","status":"publish","type":"post","link":"https:\/\/allasorias.hu\/hirek\/elteroen-velekednek-a-magyar-foglalkoztatottsagrol-a-kormany-es-az-elemzok\/","title":{"rendered":"Elt\u00e9r\u0151en v\u00e9lekednek a magyar foglalkoztatotts\u00e1gr\u00f3l a korm\u00e1ny \u00e9s az elemz\u0151k"},"content":{"rendered":"<p><strong>A korm\u00e1ny szerint javult a foglalkoztatotts\u00e1g, az elemz\u0151k szerint enn\u00e9l \u00f6sszetettebb a helyzet haz\u00e1nkban. A szakemberek szerint a foglalkoztatotts\u00e1g m\u00e9rs\u00e9kl\u0151d\u00e9s\u00e9ben az is szerepet j\u00e1tszik, hogy a munk\u00e1ltat\u00f3k kiv\u00e1rnak az \u00faj munkaer\u0151 felv\u00e9tel\u00e9vel.<\/strong><\/p>\n<p>A K\u00f6zponti Statisztikai Hivatal legfrissebb adatai alapj\u00e1n 2024 okt\u00f3ber\u00e9ben k\u00f6zel 4,7 milli\u00f3an dolgoztak, azaz imm\u00e1ron t\u00f6bb mint egy \u00e9ve tart\u00f3san magas szinten, 4,7 milli\u00f3 k\u00f6r\u00fcl mozog a foglalkoztatottak sz\u00e1ma. Az okt\u00f3berben l\u00e1tott minim\u00e1lis cs\u00f6kken\u00e9s abb\u00f3l ad\u00f3dik, hogy tavaly \u0151sszel a foglalkoztatottak sz\u00e1ma t\u00f6rt\u00e9nelmi m\u00e9rt\u00e9kben kiemelked\u0151 szinten \u00e1llt. Czomba S\u00e1ndor foglalkoztat\u00e1spolitik\u00e1\u00e9rt felel\u0151s \u00e1llamtitk\u00e1r komment\u00e1lta a KSH okt\u00f3beri munkaer\u0151piaci adatait: a korm\u00e1nyzat kiemelt c\u00e9lja 2010 \u00f3ta egy\u00e9rtelm\u0171: aki akar \u00e9s tud, az dolgozhasson.<\/p>\n<h2>H\u00e1rom\u00e9ves b\u00e9rmeg\u00e1llapod\u00e1s<\/h2>\n<p>Az el\u00e9rt eredm\u00e9nyek szemmel l\u00e1that\u00f3k, a munkaalap\u00fa t\u00e1rsadalom meger\u0151s\u00f6d\u00f6tt, a Gyurcs\u00e1ny-korszakhoz k\u00e9pest ma m\u00e1r egymilli\u00f3val t\u00f6bben dolgoznak Magyarorsz\u00e1gon. Az \u00e1llamtitk\u00e1r hangs\u00falyozta: a korm\u00e1ny teljes\u00edtette a 21 int\u00e9zked\u00e9sb\u0151l \u00e1ll\u00f3 \u00daj Gazdas\u00e1gpolitikai Akci\u00f3terv els\u0151 pontj\u00e1t, a munkav\u00e1llal\u00f3i \u00e9s munk\u00e1ltat\u00f3i \u00e9rdekk\u00e9pviseletek k\u00f6z\u00f6tt t\u00f6rt\u00e9nelmi jelent\u0151s\u00e9g\u0171, h\u00e1rom\u00e9ves b\u00e9rmeg\u00e1llapod\u00e1s j\u00f6tt l\u00e9tre. Ennek eredm\u00e9nyek\u00e9nt a minim\u00e1lb\u00e9r 2025-ben 9 sz\u00e1zal\u00e9kkal, 290 800 forintra, 2026-ban 13 sz\u00e1zal\u00e9kkal, 328 600 forintra, 2027-re 14 sz\u00e1zal\u00e9kkal, 374 600 forintra emelkedhet, ezzel megalapozva a n\u00e9gyszeres n\u00f6veked\u00e9st 2010-hez k\u00e9pest.<\/p>\n<p>A korm\u00e1ny a b\u00e9rmeg\u00e1llapod\u00e1s biztos\u00edt\u00e1sa \u00e9rdek\u00e9ben seg\u00edti azon munk\u00e1ltat\u00f3kat, akik minim\u00e1lb\u00e9rrel foglalkoztatnak munkav\u00e1llal\u00f3kat. Nekik \u201ecs\u00fasztatva\u201d kell majd fizetni\u00fck a megn\u00f6vekedett szoci\u00e1lis hozz\u00e1j\u00e1rul\u00e1si ad\u00f3t, teh\u00e1t 2025-ben a 2024-es, 2026-ban a 2025-\u00f6s, m\u00edg 2027-ben a 2026-os \u00e9rt\u00e9knek megfelel\u0151en kell befizetni\u00fck. Virov\u00e1cz P\u00e9ter, az ING Bank vezet\u0151 elemz\u0151je szerint a r\u00e9szletes adatok alapj\u00e1n azt l\u00e1tni, hogy okt\u00f3berben a gazdas\u00e1gilag akt\u00edvak sz\u00e1ma hibahat\u00e1ron bel\u00fcli minim\u00e1lis cs\u00f6kken\u00e9st mutatott \u00e9s ezzel p\u00e1rhuzamosan az inakt\u00edvak csoportj\u00e1nak l\u00e9tsz\u00e1ma csek\u00e9ly m\u00e9rt\u00e9kben cs\u00f6kkent. Ez ut\u00f3bbi v\u00e9lhet\u0151en a n\u00e9pess\u00e9gfogy\u00e1sb\u00f3l \u00e9s a nyugd\u00edjba vonul\u00e1sb\u00f3l eredhet.<\/p>\n<p>A h\u00e1romhavi mozg\u00f3\u00e1tlagos adatok eset\u00e9n csak egy kicsit mozgalmasabb a k\u00e9p. A foglalkoztatottak sz\u00e1ma 5500 f\u0151vel m\u00e9rs\u00e9kl\u0151d\u00f6tt, amely l\u00e9tsz\u00e1m nagyj\u00e1b\u00f3l \u00f6t\u00f6de n\u00f6velte csup\u00e1n a munkan\u00e9lk\u00fcli l\u00e9tsz\u00e1mot. Mindezek alapj\u00e1n \u00fagy t\u0171nik, hogy els\u0151sorban a szezon\u00e1lis munk\u00e1k kifut\u00e1sa okozhatta a foglalkoztat\u00e1s enyhe m\u00e9rs\u00e9kl\u0151d\u00e9s\u00e9t. Komoly struktur\u00e1lis v\u00e1ltoz\u00e1s nem k\u00f6rvonalaz\u00f3dik a munkaer\u0151piacon. Mindezek alapj\u00e1n tov\u00e1bbra is tartjuk azon n\u00e9zet\u00fcnket, hogy a munkaer\u0151piac feszes, ami \u00edgy \u00e9rdemben befoly\u00e1solja a b\u00e9rez\u00e9si d\u00f6nt\u00e9seket is.<\/p>\n<h2>A szezon\u00e1lis foglalkoztat\u00e1s befoly\u00e1sol\u00f3 lehet<\/h2>\n<p>Az el\u0151tt\u00fcnk \u00e1ll\u00f3 h\u00f3napokban a munkaer\u0151piacot kett\u0151s er\u0151k form\u00e1lj\u00e1k. Egyr\u00e9szt a t\u00e9l tov\u00e1bbi h\u00f3napjaiban a szezon\u00e1lis foglalkoztat\u00e1s emelkedhet, ami seg\u00edtheti a r\u00e1t\u00e1k lass\u00fa javul\u00e1s\u00e1t. Szint\u00e9n ebbe az ir\u00e1nyba hathatna, amennyiben beindulna az \u00e9p\u00edt\u0151ipar, p\u00e1rhuzamosan a javul\u00f3 rendel\u00e9s\u00e1llom\u00e1nyokkal \u00e9s folytat\u00f3dna a szolg\u00e1ltat\u00e1sok teljes\u00edtm\u00e9ny\u00e9nek n\u00f6veked\u00e9se. Moln\u00e1r D\u00e1niel, a Makron\u00f3m Int\u00e9zet vezet\u0151 makrogazdas\u00e1gi elemz\u0151je szerint a szezon\u00e1lisan kiigaz\u00edtott adatok alapj\u00e1n nagys\u00e1grendileg hasonl\u00f3 \u00fctem\u0171 m\u00e9rs\u00e9kl\u0151d\u00e9st mutatnak az adatok a megel\u0151z\u0151 3 h\u00f3napos id\u0151szakkal \u00f6sszevetve, vagyis a munkaer\u0151piac gyeng\u00e9bb teljes\u00edtm\u00e9ny\u00e9ben az ut\u00f3bbi id\u0151szak folyamatai j\u00e1tssz\u00e1k a nagyobb szerepet.<\/p>\n<p>A foglalkoztat\u00e1si helyzetet \u00e9rdemben a gazdas\u00e1gi k\u00f6rnyezet befoly\u00e1solja. A gyeng\u00e9bb n\u00f6veked\u00e9si kil\u00e1t\u00e1sokra v\u00e1laszul a munk\u00e1ltat\u00f3k visszafogj\u00e1k felv\u00e9teli sz\u00e1nd\u00e9kaikat \u00e9s a meg\u00fcresed\u0151 \u00e1ll\u00e1sokat, p\u00e9ld\u00e1ul nyugd\u00edjba vonul\u00e1s vagy felmond\u00e1s ok\u00e1n, nem is felt\u00e9tlen\u00fcl t\u00f6ltik fel azonnal. Vagyis lelassul a munkaer\u0151piac bels\u0151 dinamik\u00e1ja, az \u00e1ll\u00e1skeres\u0151k is csak lassabban tudnak elhelyezkedni. A m\u00e1sik r\u00e9szr\u0151l viszont igyekeznek megtartani a megl\u00e9v\u0151 munkaerej\u00fcket arra tekintettel, hogy ha a kereslet rendez\u0151dik, akkor az \u00faj munkav\u00e1llal\u00f3k felv\u00e9tele csak jelent\u0151s k\u00f6lts\u00e9gek mellett, illetve hosszadalmas folyamat keret\u00e9ben k\u00f6vetkezhet be.<\/p>\n<p>A foglalkoztat\u00e1ssal szemben az aktivit\u00e1s kism\u00e9rt\u00e9kben emelkedett a megel\u0151z\u0151 \u00e9vi szintj\u00e9hez k\u00e9pest, vagyis az elm\u00falt id\u0151szakban m\u00e1r lassul\u00e1st mutat az a folyamat, hogy egyre t\u00f6bben l\u00e9pnek be a munkaer\u0151piacra. A foglalkoztat\u00e1s kism\u00e9rt\u00e9k\u0171 cs\u00f6kken\u00e9se \u00e9s a v\u00e1ltozatlan aktivit\u00e1si szint egy\u00fcttesen eredm\u00e9nyezt\u00e9k a munkan\u00e9lk\u00fclis\u00e9g \u00e9ves b\u00e1zis\u00fa, 16 ezer f\u0151s n\u00f6veked\u00e9s\u00e9t. Ugyanakkor a 4,6 sz\u00e1zal\u00e9kos munkan\u00e9lk\u00fclis\u00e9gi r\u00e1ta m\u00e9g mindig alacsonynak tekinthet\u0151 historikus \u00f6sszevet\u00e9sben.<\/p>\n<p>Forr\u00e1s: <a href=\"https:\/\/www.vg.hu\/vilaggazdasag-magyar-gazdasag\/2024\/11\/munkaeropiac-allam-elemzok-az-oktoberi-adatok\" target=\"_blank\" rel=\"nofollow noopener noreferrer\">vg.hu<\/a><\/p>\n","protected":false},"excerpt":{"rendered":"<p>A korm\u00e1ny szerint javult a foglalkoztatotts\u00e1g, az elemz\u0151k szerint enn\u00e9l \u00f6sszetettebb a helyzet haz\u00e1nkban. A szakemberek szerint a foglalkoztatotts\u00e1g m\u00e9rs\u00e9kl\u0151d\u00e9s\u00e9ben az is szerepet j\u00e1tszik, hogy a munk\u00e1ltat\u00f3k kiv\u00e1rnak az \u00faj munkaer\u0151 felv\u00e9tel\u00e9vel. A K\u00f6zponti Statisztikai Hivatal legfrissebb adatai alapj\u00e1n 2024 okt\u00f3ber\u00e9ben k\u00f6zel 4,7 milli\u00f3an dolgoztak, azaz imm\u00e1ron t\u00f6bb mint egy \u00e9ve tart\u00f3san magas szinten, 4,7 [&hellip;]<\/p>\n","protected":false},"author":1,"featured_media":8054,"comment_status":"closed","ping_status":"closed","sticky":false,"template":"","format":"standard","meta":{"_monsterinsights_skip_tracking":false,"footnotes":""},"categories":[200],"tags":[849],"class_list":["post-8053","post","type-post","status-publish","format-standard","has-post-thumbnail","hentry","category-munkaeropiac","tag-foglalkoztatottsagrol"],"aioseo_notices":[],"aioseo_head":"\n\t\t<!-- All in One SEO 5.0.0.1 - aioseo.com -->\n\t<meta name=\"description\" content=\"A korm\u00e1ny szerint javult a foglalkoztatotts\u00e1g, az elemz\u0151k szerint enn\u00e9l \u00f6sszetettebb a helyzet haz\u00e1nkban. Az is szerepet j\u00e1tszik, hogy a munk\u00e1ltat\u00f3k kiv\u00e1rnak.\" \/>\n\t<meta name=\"robots\" content=\"max-image-preview:large\" \/>\n\t<meta name=\"author\" content=\"Juh\u00e1sz P\u00e9ter\"\/>\n\t<meta name=\"keywords\" content=\"foglalkoztatotts\u00e1gr\u00f3l\" \/>\n\t<link rel=\"canonical\" href=\"https:\/\/allasorias.hu\/hirek\/elteroen-velekednek-a-magyar-foglalkoztatottsagrol-a-kormany-es-az-elemzok\/\" \/>\n\t<meta name=\"generator\" content=\"All in One SEO (AIOSEO) 5.0.0.1\" \/>\n\t\t<meta property=\"og:locale\" content=\"hu_HU\" \/>\n\t\t<meta property=\"og:site_name\" content=\"AllasOrias.hu | H\u00edrek-lapszemle | \u00dczleti h\u00edrek az \u00e1ll\u00e1s \u00e9s a munka vil\u00e1g\u00e1b\u00f3l\" \/>\n\t\t<meta property=\"og:type\" content=\"article\" \/>\n\t\t<meta property=\"og:title\" content=\"Elt\u00e9r\u0151en v\u00e9lekednek a magyar foglalkoztatotts\u00e1gr\u00f3l\" \/>\n\t\t<meta property=\"og:description\" content=\"A korm\u00e1ny szerint javult a foglalkoztatotts\u00e1g, az elemz\u0151k szerint enn\u00e9l \u00f6sszetettebb a helyzet haz\u00e1nkban. Az is szerepet j\u00e1tszik, hogy a munk\u00e1ltat\u00f3k kiv\u00e1rnak.\" \/>\n\t\t<meta property=\"og:url\" content=\"https:\/\/allasorias.hu\/hirek\/elteroen-velekednek-a-magyar-foglalkoztatottsagrol-a-kormany-es-az-elemzok\/\" \/>\n\t\t<meta property=\"og:image\" content=\"https:\/\/allasorias.hu\/hirek\/wp-content\/uploads\/2024\/12\/magyar-foglalkoztatottsag.jpg\" \/>\n\t\t<meta property=\"og:image:secure_url\" content=\"https:\/\/allasorias.hu\/hirek\/wp-content\/uploads\/2024\/12\/magyar-foglalkoztatottsag.jpg\" \/>\n\t\t<meta property=\"og:image:width\" content=\"1920\" \/>\n\t\t<meta property=\"og:image:height\" content=\"1280\" \/>\n\t\t<meta property=\"article:published_time\" content=\"2024-12-02T14:44:44+00:00\" \/>\n\t\t<meta property=\"article:modified_time\" content=\"2024-12-02T14:44:44+00:00\" \/>\n\t\t<meta property=\"article:publisher\" content=\"https:\/\/www.facebook.com\/allasorias\" \/>\n\t\t<meta name=\"twitter:card\" content=\"summary_large_image\" \/>\n\t\t<meta name=\"twitter:title\" content=\"Elt\u00e9r\u0151en v\u00e9lekednek a magyar foglalkoztatotts\u00e1gr\u00f3l\" \/>\n\t\t<meta name=\"twitter:description\" content=\"A korm\u00e1ny szerint javult a foglalkoztatotts\u00e1g, az elemz\u0151k szerint enn\u00e9l \u00f6sszetettebb a helyzet haz\u00e1nkban. Az is szerepet j\u00e1tszik, hogy a munk\u00e1ltat\u00f3k kiv\u00e1rnak.\" \/>\n\t\t<meta name=\"twitter:image\" content=\"https:\/\/allasorias.hu\/hirek\/wp-content\/uploads\/2024\/12\/magyar-foglalkoztatottsag.jpg\" \/>\n\t\t<meta name=\"twitter:label1\" content=\"Written by\" \/>\n\t\t<meta name=\"twitter:data1\" content=\"Juh\u00e1sz P\u00e9ter\" \/>\n\t\t<meta name=\"twitter:label2\" content=\"Est. reading time\" \/>\n\t\t<meta name=\"twitter:data2\" content=\"5 minutes\" \/>\n\t\t<script type=\"application\/ld+json\" class=\"aioseo-schema\">\n\t\t\t{\"@context\":\"https:\\\/\\\/schema.org\",\"@graph\":[{\"@type\":\"Article\",\"@id\":\"https:\\\/\\\/allasorias.hu\\\/hirek\\\/elteroen-velekednek-a-magyar-foglalkoztatottsagrol-a-kormany-es-az-elemzok\\\/#article\",\"name\":\"Elt\\u00e9r\\u0151en v\\u00e9lekednek a magyar foglalkoztatotts\\u00e1gr\\u00f3l\",\"headline\":\"Elt\\u00e9r\\u0151en v\\u00e9lekednek a magyar foglalkoztatotts\\u00e1gr\\u00f3l a korm\\u00e1ny \\u00e9s az elemz\\u0151k\",\"author\":{\"@id\":\"https:\\\/\\\/allasorias.hu\\\/hirek\\\/author\\\/admin-allasorias\\\/#author\"},\"publisher\":{\"@id\":\"https:\\\/\\\/allasorias.hu\\\/hirek\\\/#organization\"},\"image\":{\"@type\":\"ImageObject\",\"url\":\"https:\\\/\\\/allasorias.hu\\\/hirek\\\/wp-content\\\/uploads\\\/2024\\\/12\\\/magyar-foglalkoztatottsag.jpg\",\"width\":1920,\"height\":1280,\"caption\":\"Elt\\u00e9r\\u0151en v\\u00e9lekednek a magyar foglalkoztatotts\\u00e1gr\\u00f3l a korm\\u00e1ny \\u00e9s az elemz\\u0151k - Allasorias.hu\\\/Hirek\"},\"datePublished\":\"2024-12-02T16:44:44+02:00\",\"dateModified\":\"2024-12-02T16:44:44+02:00\",\"inLanguage\":\"hu-HU\",\"mainEntityOfPage\":{\"@id\":\"https:\\\/\\\/allasorias.hu\\\/hirek\\\/elteroen-velekednek-a-magyar-foglalkoztatottsagrol-a-kormany-es-az-elemzok\\\/#webpage\"},\"isPartOf\":{\"@id\":\"https:\\\/\\\/allasorias.hu\\\/hirek\\\/elteroen-velekednek-a-magyar-foglalkoztatottsagrol-a-kormany-es-az-elemzok\\\/#webpage\"},\"articleSection\":\"Munkaer\\u0151piac, foglalkoztatotts\\u00e1gr\\u00f3l\"},{\"@type\":\"BreadcrumbList\",\"@id\":\"https:\\\/\\\/allasorias.hu\\\/hirek\\\/elteroen-velekednek-a-magyar-foglalkoztatottsagrol-a-kormany-es-az-elemzok\\\/#breadcrumblist\",\"itemListElement\":[{\"@type\":\"ListItem\",\"@id\":\"https:\\\/\\\/allasorias.hu\\\/hirek#listItem\",\"position\":1,\"name\":\"Home\",\"item\":\"https:\\\/\\\/allasorias.hu\\\/hirek\",\"nextItem\":{\"@type\":\"ListItem\",\"@id\":\"https:\\\/\\\/allasorias.hu\\\/hirek\\\/temak\\\/munkaeropiac\\\/#listItem\",\"name\":\"Munkaer\\u0151piac\"}},{\"@type\":\"ListItem\",\"@id\":\"https:\\\/\\\/allasorias.hu\\\/hirek\\\/temak\\\/munkaeropiac\\\/#listItem\",\"position\":2,\"name\":\"Munkaer\\u0151piac\",\"item\":\"https:\\\/\\\/allasorias.hu\\\/hirek\\\/temak\\\/munkaeropiac\\\/\",\"nextItem\":{\"@type\":\"ListItem\",\"@id\":\"https:\\\/\\\/allasorias.hu\\\/hirek\\\/elteroen-velekednek-a-magyar-foglalkoztatottsagrol-a-kormany-es-az-elemzok\\\/#listItem\",\"name\":\"Elt\\u00e9r\\u0151en v\\u00e9lekednek a magyar foglalkoztatotts\\u00e1gr\\u00f3l a korm\\u00e1ny \\u00e9s az elemz\\u0151k\"},\"previousItem\":{\"@type\":\"ListItem\",\"@id\":\"https:\\\/\\\/allasorias.hu\\\/hirek#listItem\",\"name\":\"Home\"}},{\"@type\":\"ListItem\",\"@id\":\"https:\\\/\\\/allasorias.hu\\\/hirek\\\/elteroen-velekednek-a-magyar-foglalkoztatottsagrol-a-kormany-es-az-elemzok\\\/#listItem\",\"position\":3,\"name\":\"Elt\\u00e9r\\u0151en v\\u00e9lekednek a magyar foglalkoztatotts\\u00e1gr\\u00f3l a korm\\u00e1ny \\u00e9s az elemz\\u0151k\",\"previousItem\":{\"@type\":\"ListItem\",\"@id\":\"https:\\\/\\\/allasorias.hu\\\/hirek\\\/temak\\\/munkaeropiac\\\/#listItem\",\"name\":\"Munkaer\\u0151piac\"}}]},{\"@type\":\"Organization\",\"@id\":\"https:\\\/\\\/allasorias.hu\\\/hirek\\\/#organization\",\"name\":\"AllasOrias.hu | H\\u00edrek-lapszemle\",\"description\":\"\\u00dczleti h\\u00edrek az \\u00e1ll\\u00e1s \\u00e9s a munka vil\\u00e1g\\u00e1b\\u00f3l\",\"url\":\"https:\\\/\\\/allasorias.hu\\\/hirek\\\/\",\"logo\":{\"@type\":\"ImageObject\",\"url\":\"https:\\\/\\\/allasorias.hu\\\/hirek\\\/wp-content\\\/uploads\\\/2022\\\/10\\\/allasorias_site_facebok_logo.png\",\"@id\":\"https:\\\/\\\/allasorias.hu\\\/hirek\\\/elteroen-velekednek-a-magyar-foglalkoztatottsagrol-a-kormany-es-az-elemzok\\\/#organizationLogo\"},\"image\":{\"@id\":\"https:\\\/\\\/allasorias.hu\\\/hirek\\\/elteroen-velekednek-a-magyar-foglalkoztatottsagrol-a-kormany-es-az-elemzok\\\/#organizationLogo\"},\"sameAs\":[\"https:\\\/\\\/www.facebook.com\\\/allasorias\",\"https:\\\/\\\/www.linkedin.com\\\/company\\\/allasorias\"]},{\"@type\":\"Person\",\"@id\":\"https:\\\/\\\/allasorias.hu\\\/hirek\\\/author\\\/admin-allasorias\\\/#author\",\"url\":\"https:\\\/\\\/allasorias.hu\\\/hirek\\\/author\\\/admin-allasorias\\\/\",\"name\":\"Juh\\u00e1sz P\\u00e9ter\",\"image\":{\"@type\":\"ImageObject\",\"@id\":\"https:\\\/\\\/allasorias.hu\\\/hirek\\\/elteroen-velekednek-a-magyar-foglalkoztatottsagrol-a-kormany-es-az-elemzok\\\/#authorImage\",\"url\":\"https:\\\/\\\/secure.gravatar.com\\\/avatar\\\/36e6bcb83148978b992977cb0f54d22feb0cce8a0a849a9410532bb2623ba4c6?s=96&d=mm&r=g\",\"width\":96,\"height\":96,\"caption\":\"Juh\\u00e1sz P\\u00e9ter\"}},{\"@type\":\"WebPage\",\"@id\":\"https:\\\/\\\/allasorias.hu\\\/hirek\\\/elteroen-velekednek-a-magyar-foglalkoztatottsagrol-a-kormany-es-az-elemzok\\\/#webpage\",\"url\":\"https:\\\/\\\/allasorias.hu\\\/hirek\\\/elteroen-velekednek-a-magyar-foglalkoztatottsagrol-a-kormany-es-az-elemzok\\\/\",\"name\":\"Elt\\u00e9r\\u0151en v\\u00e9lekednek a magyar foglalkoztatotts\\u00e1gr\\u00f3l\",\"description\":\"A korm\\u00e1ny szerint javult a foglalkoztatotts\\u00e1g, az elemz\\u0151k szerint enn\\u00e9l \\u00f6sszetettebb a helyzet haz\\u00e1nkban. Az is szerepet j\\u00e1tszik, hogy a munk\\u00e1ltat\\u00f3k kiv\\u00e1rnak.\",\"inLanguage\":\"hu-HU\",\"isPartOf\":{\"@id\":\"https:\\\/\\\/allasorias.hu\\\/hirek\\\/#website\"},\"breadcrumb\":{\"@id\":\"https:\\\/\\\/allasorias.hu\\\/hirek\\\/elteroen-velekednek-a-magyar-foglalkoztatottsagrol-a-kormany-es-az-elemzok\\\/#breadcrumblist\"},\"author\":{\"@id\":\"https:\\\/\\\/allasorias.hu\\\/hirek\\\/author\\\/admin-allasorias\\\/#author\"},\"creator\":{\"@id\":\"https:\\\/\\\/allasorias.hu\\\/hirek\\\/author\\\/admin-allasorias\\\/#author\"},\"image\":{\"@type\":\"ImageObject\",\"url\":\"https:\\\/\\\/allasorias.hu\\\/hirek\\\/wp-content\\\/uploads\\\/2024\\\/12\\\/magyar-foglalkoztatottsag.jpg\",\"@id\":\"https:\\\/\\\/allasorias.hu\\\/hirek\\\/elteroen-velekednek-a-magyar-foglalkoztatottsagrol-a-kormany-es-az-elemzok\\\/#mainImage\",\"width\":1920,\"height\":1280,\"caption\":\"Elt\\u00e9r\\u0151en v\\u00e9lekednek a magyar foglalkoztatotts\\u00e1gr\\u00f3l a korm\\u00e1ny \\u00e9s az elemz\\u0151k - Allasorias.hu\\\/Hirek\"},\"primaryImageOfPage\":{\"@id\":\"https:\\\/\\\/allasorias.hu\\\/hirek\\\/elteroen-velekednek-a-magyar-foglalkoztatottsagrol-a-kormany-es-az-elemzok\\\/#mainImage\"},\"datePublished\":\"2024-12-02T16:44:44+02:00\",\"dateModified\":\"2024-12-02T16:44:44+02:00\"},{\"@type\":\"WebSite\",\"@id\":\"https:\\\/\\\/allasorias.hu\\\/hirek\\\/#website\",\"url\":\"https:\\\/\\\/allasorias.hu\\\/hirek\\\/\",\"name\":\"AllasOrias.hu | H\\u00edrek-lapszemle\",\"description\":\"\\u00dczleti h\\u00edrek az \\u00e1ll\\u00e1s \\u00e9s a munka vil\\u00e1g\\u00e1b\\u00f3l\",\"inLanguage\":\"hu-HU\",\"publisher\":{\"@id\":\"https:\\\/\\\/allasorias.hu\\\/hirek\\\/#organization\"}}]}\n\t\t<\/script>\n\t\t<!-- All in One SEO -->\n\n","aioseo_head_json":{"title":"Elt\u00e9r\u0151en v\u00e9lekednek a magyar foglalkoztatotts\u00e1gr\u00f3l","description":"A korm\u00e1ny szerint javult a foglalkoztatotts\u00e1g, az elemz\u0151k szerint enn\u00e9l \u00f6sszetettebb a helyzet haz\u00e1nkban. Az is szerepet j\u00e1tszik, hogy a munk\u00e1ltat\u00f3k kiv\u00e1rnak.","canonical_url":"https:\/\/allasorias.hu\/hirek\/elteroen-velekednek-a-magyar-foglalkoztatottsagrol-a-kormany-es-az-elemzok\/","robots":"max-image-preview:large","keywords":"foglalkoztatotts\u00e1gr\u00f3l","webmasterTools":{"miscellaneous":""},"schema":{"@context":"https:\/\/schema.org","@graph":[{"@type":"Article","@id":"https:\/\/allasorias.hu\/hirek\/elteroen-velekednek-a-magyar-foglalkoztatottsagrol-a-kormany-es-az-elemzok\/#article","name":"Elt\u00e9r\u0151en v\u00e9lekednek a magyar foglalkoztatotts\u00e1gr\u00f3l","headline":"Elt\u00e9r\u0151en v\u00e9lekednek a magyar foglalkoztatotts\u00e1gr\u00f3l a korm\u00e1ny \u00e9s az elemz\u0151k","author":{"@id":"https:\/\/allasorias.hu\/hirek\/author\/admin-allasorias\/#author"},"publisher":{"@id":"https:\/\/allasorias.hu\/hirek\/#organization"},"image":{"@type":"ImageObject","url":"https:\/\/allasorias.hu\/hirek\/wp-content\/uploads\/2024\/12\/magyar-foglalkoztatottsag.jpg","width":1920,"height":1280,"caption":"Elt\u00e9r\u0151en v\u00e9lekednek a magyar foglalkoztatotts\u00e1gr\u00f3l a korm\u00e1ny \u00e9s az elemz\u0151k - Allasorias.hu\/Hirek"},"datePublished":"2024-12-02T16:44:44+02:00","dateModified":"2024-12-02T16:44:44+02:00","inLanguage":"hu-HU","mainEntityOfPage":{"@id":"https:\/\/allasorias.hu\/hirek\/elteroen-velekednek-a-magyar-foglalkoztatottsagrol-a-kormany-es-az-elemzok\/#webpage"},"isPartOf":{"@id":"https:\/\/allasorias.hu\/hirek\/elteroen-velekednek-a-magyar-foglalkoztatottsagrol-a-kormany-es-az-elemzok\/#webpage"},"articleSection":"Munkaer\u0151piac, foglalkoztatotts\u00e1gr\u00f3l"},{"@type":"BreadcrumbList","@id":"https:\/\/allasorias.hu\/hirek\/elteroen-velekednek-a-magyar-foglalkoztatottsagrol-a-kormany-es-az-elemzok\/#breadcrumblist","itemListElement":[{"@type":"ListItem","@id":"https:\/\/allasorias.hu\/hirek#listItem","position":1,"name":"Home","item":"https:\/\/allasorias.hu\/hirek","nextItem":{"@type":"ListItem","@id":"https:\/\/allasorias.hu\/hirek\/temak\/munkaeropiac\/#listItem","name":"Munkaer\u0151piac"}},{"@type":"ListItem","@id":"https:\/\/allasorias.hu\/hirek\/temak\/munkaeropiac\/#listItem","position":2,"name":"Munkaer\u0151piac","item":"https:\/\/allasorias.hu\/hirek\/temak\/munkaeropiac\/","nextItem":{"@type":"ListItem","@id":"https:\/\/allasorias.hu\/hirek\/elteroen-velekednek-a-magyar-foglalkoztatottsagrol-a-kormany-es-az-elemzok\/#listItem","name":"Elt\u00e9r\u0151en v\u00e9lekednek a magyar foglalkoztatotts\u00e1gr\u00f3l a korm\u00e1ny \u00e9s az elemz\u0151k"},"previousItem":{"@type":"ListItem","@id":"https:\/\/allasorias.hu\/hirek#listItem","name":"Home"}},{"@type":"ListItem","@id":"https:\/\/allasorias.hu\/hirek\/elteroen-velekednek-a-magyar-foglalkoztatottsagrol-a-kormany-es-az-elemzok\/#listItem","position":3,"name":"Elt\u00e9r\u0151en v\u00e9lekednek a magyar foglalkoztatotts\u00e1gr\u00f3l a korm\u00e1ny \u00e9s az elemz\u0151k","previousItem":{"@type":"ListItem","@id":"https:\/\/allasorias.hu\/hirek\/temak\/munkaeropiac\/#listItem","name":"Munkaer\u0151piac"}}]},{"@type":"Organization","@id":"https:\/\/allasorias.hu\/hirek\/#organization","name":"AllasOrias.hu | H\u00edrek-lapszemle","description":"\u00dczleti h\u00edrek az \u00e1ll\u00e1s \u00e9s a munka vil\u00e1g\u00e1b\u00f3l","url":"https:\/\/allasorias.hu\/hirek\/","logo":{"@type":"ImageObject","url":"https:\/\/allasorias.hu\/hirek\/wp-content\/uploads\/2022\/10\/allasorias_site_facebok_logo.png","@id":"https:\/\/allasorias.hu\/hirek\/elteroen-velekednek-a-magyar-foglalkoztatottsagrol-a-kormany-es-az-elemzok\/#organizationLogo"},"image":{"@id":"https:\/\/allasorias.hu\/hirek\/elteroen-velekednek-a-magyar-foglalkoztatottsagrol-a-kormany-es-az-elemzok\/#organizationLogo"},"sameAs":["https:\/\/www.facebook.com\/allasorias","https:\/\/www.linkedin.com\/company\/allasorias"]},{"@type":"Person","@id":"https:\/\/allasorias.hu\/hirek\/author\/admin-allasorias\/#author","url":"https:\/\/allasorias.hu\/hirek\/author\/admin-allasorias\/","name":"Juh\u00e1sz P\u00e9ter","image":{"@type":"ImageObject","@id":"https:\/\/allasorias.hu\/hirek\/elteroen-velekednek-a-magyar-foglalkoztatottsagrol-a-kormany-es-az-elemzok\/#authorImage","url":"https:\/\/secure.gravatar.com\/avatar\/36e6bcb83148978b992977cb0f54d22feb0cce8a0a849a9410532bb2623ba4c6?s=96&d=mm&r=g","width":96,"height":96,"caption":"Juh\u00e1sz P\u00e9ter"}},{"@type":"WebPage","@id":"https:\/\/allasorias.hu\/hirek\/elteroen-velekednek-a-magyar-foglalkoztatottsagrol-a-kormany-es-az-elemzok\/#webpage","url":"https:\/\/allasorias.hu\/hirek\/elteroen-velekednek-a-magyar-foglalkoztatottsagrol-a-kormany-es-az-elemzok\/","name":"Elt\u00e9r\u0151en v\u00e9lekednek a magyar foglalkoztatotts\u00e1gr\u00f3l","description":"A korm\u00e1ny szerint javult a foglalkoztatotts\u00e1g, az elemz\u0151k szerint enn\u00e9l \u00f6sszetettebb a helyzet haz\u00e1nkban. Az is szerepet j\u00e1tszik, hogy a munk\u00e1ltat\u00f3k kiv\u00e1rnak.","inLanguage":"hu-HU","isPartOf":{"@id":"https:\/\/allasorias.hu\/hirek\/#website"},"breadcrumb":{"@id":"https:\/\/allasorias.hu\/hirek\/elteroen-velekednek-a-magyar-foglalkoztatottsagrol-a-kormany-es-az-elemzok\/#breadcrumblist"},"author":{"@id":"https:\/\/allasorias.hu\/hirek\/author\/admin-allasorias\/#author"},"creator":{"@id":"https:\/\/allasorias.hu\/hirek\/author\/admin-allasorias\/#author"},"image":{"@type":"ImageObject","url":"https:\/\/allasorias.hu\/hirek\/wp-content\/uploads\/2024\/12\/magyar-foglalkoztatottsag.jpg","@id":"https:\/\/allasorias.hu\/hirek\/elteroen-velekednek-a-magyar-foglalkoztatottsagrol-a-kormany-es-az-elemzok\/#mainImage","width":1920,"height":1280,"caption":"Elt\u00e9r\u0151en v\u00e9lekednek a magyar foglalkoztatotts\u00e1gr\u00f3l a korm\u00e1ny \u00e9s az elemz\u0151k - Allasorias.hu\/Hirek"},"primaryImageOfPage":{"@id":"https:\/\/allasorias.hu\/hirek\/elteroen-velekednek-a-magyar-foglalkoztatottsagrol-a-kormany-es-az-elemzok\/#mainImage"},"datePublished":"2024-12-02T16:44:44+02:00","dateModified":"2024-12-02T16:44:44+02:00"},{"@type":"WebSite","@id":"https:\/\/allasorias.hu\/hirek\/#website","url":"https:\/\/allasorias.hu\/hirek\/","name":"AllasOrias.hu | H\u00edrek-lapszemle","description":"\u00dczleti h\u00edrek az \u00e1ll\u00e1s \u00e9s a munka vil\u00e1g\u00e1b\u00f3l","inLanguage":"hu-HU","publisher":{"@id":"https:\/\/allasorias.hu\/hirek\/#organization"}}]},"og:locale":"hu_HU","og:site_name":"AllasOrias.hu | H\u00edrek-lapszemle | \u00dczleti h\u00edrek az \u00e1ll\u00e1s \u00e9s a munka vil\u00e1g\u00e1b\u00f3l","og:type":"article","og:title":"Elt\u00e9r\u0151en v\u00e9lekednek a magyar foglalkoztatotts\u00e1gr\u00f3l","og:description":"A korm\u00e1ny szerint javult a foglalkoztatotts\u00e1g, az elemz\u0151k szerint enn\u00e9l \u00f6sszetettebb a helyzet haz\u00e1nkban. Az is szerepet j\u00e1tszik, hogy a munk\u00e1ltat\u00f3k kiv\u00e1rnak.","og:url":"https:\/\/allasorias.hu\/hirek\/elteroen-velekednek-a-magyar-foglalkoztatottsagrol-a-kormany-es-az-elemzok\/","og:image":"https:\/\/allasorias.hu\/hirek\/wp-content\/uploads\/2024\/12\/magyar-foglalkoztatottsag.jpg","og:image:secure_url":"https:\/\/allasorias.hu\/hirek\/wp-content\/uploads\/2024\/12\/magyar-foglalkoztatottsag.jpg","og:image:width":1920,"og:image:height":1280,"article:published_time":"2024-12-02T14:44:44+00:00","article:modified_time":"2024-12-02T14:44:44+00:00","article:publisher":"https:\/\/www.facebook.com\/allasorias","twitter:card":"summary_large_image","twitter:title":"Elt\u00e9r\u0151en v\u00e9lekednek a magyar foglalkoztatotts\u00e1gr\u00f3l","twitter:description":"A korm\u00e1ny szerint javult a foglalkoztatotts\u00e1g, az elemz\u0151k szerint enn\u00e9l \u00f6sszetettebb a helyzet haz\u00e1nkban. Az is szerepet j\u00e1tszik, hogy a munk\u00e1ltat\u00f3k kiv\u00e1rnak.","twitter:image":"https:\/\/allasorias.hu\/hirek\/wp-content\/uploads\/2024\/12\/magyar-foglalkoztatottsag.jpg","twitter:label1":"Written by","twitter:data1":"Juh\u00e1sz P\u00e9ter","twitter:label2":"Est. reading time","twitter:data2":"5 minutes"},"aioseo_meta_data":{"post_id":"8053","title":"Elt\u00e9r\u0151en v\u00e9lekednek a magyar foglalkoztatotts\u00e1gr\u00f3l","description":"A korm\u00e1ny szerint javult a foglalkoztatotts\u00e1g, az elemz\u0151k szerint enn\u00e9l \u00f6sszetettebb a helyzet haz\u00e1nkban. Az is szerepet j\u00e1tszik, hogy a munk\u00e1ltat\u00f3k kiv\u00e1rnak.","keywords":null,"keyphrases":{"focus":{"keyphrase":"","score":0,"analysis":{"keyphraseInTitle":{"score":0,"maxScore":9,"error":1}}},"additional":[]},"primary_term":null,"canonical_url":null,"og_title":null,"og_description":null,"og_object_type":"default","og_image_type":"default","og_image_url":null,"og_image_width":null,"og_image_height":null,"og_image_custom_url":null,"og_image_custom_fields":null,"og_video":"","og_custom_url":null,"og_article_section":null,"og_article_tags":null,"twitter_use_og":true,"twitter_card":"default","twitter_image_type":"default","twitter_image_url":null,"twitter_image_custom_url":null,"twitter_image_custom_fields":null,"twitter_title":null,"twitter_description":null,"schema":{"blockGraphs":[],"customGraphs":[],"default":{"data":{"Article":[],"Course":[],"Dataset":[],"FAQPage":[],"Movie":[],"Person":[],"Product":[],"ProductReview":[],"Car":[],"Recipe":[],"Service":[],"SoftwareApplication":[],"WebPage":[]},"graphName":"Article","isEnabled":true},"graphs":[]},"schema_type":"default","schema_type_options":null,"pillar_content":false,"robots_default":true,"robots_noindex":false,"robots_noarchive":false,"robots_nosnippet":false,"robots_nofollow":false,"robots_noimageindex":false,"robots_noodp":false,"robots_notranslate":false,"robots_max_snippet":"-1","robots_max_videopreview":"-1","robots_max_imagepreview":"large","priority":null,"frequency":"default","location":null,"local_seo":null,"breadcrumb_settings":null,"limit_modified_date":false,"ai":null,"created":"2024-12-02 14:30:26","updated":"2025-10-02 20:44:03","seo_analyzer_scan_date":null,"focus_keyword":null,"additional_keywords":null,"truseo_locale":null},"aioseo_breadcrumb":"<div class=\"aioseo-breadcrumbs\"><span class=\"aioseo-breadcrumb\">\n\t\t\t<a href=\"https:\/\/allasorias.hu\/hirek\" title=\"Home\">Home<\/a>\n\t\t<\/span><span class=\"aioseo-breadcrumb-separator\">&raquo;<\/span><span class=\"aioseo-breadcrumb\">\n\t\t\t<a href=\"https:\/\/allasorias.hu\/hirek\/temak\/munkaeropiac\/\" title=\"Munkaer\u0151piac\">Munkaer\u0151piac<\/a>\n\t\t<\/span><span class=\"aioseo-breadcrumb-separator\">&raquo;<\/span><span class=\"aioseo-breadcrumb\">\n\t\t\tElt\u00e9r\u0151en v\u00e9lekednek a magyar foglalkoztatotts\u00e1gr\u00f3l a korm\u00e1ny \u00e9s az elemz\u0151k\n\t\t<\/span><\/div>","aioseo_breadcrumb_json":[{"label":"Home","link":"https:\/\/allasorias.hu\/hirek"},{"label":"Munkaer\u0151piac","link":"https:\/\/allasorias.hu\/hirek\/temak\/munkaeropiac\/"},{"label":"Elt\u00e9r\u0151en v\u00e9lekednek a magyar foglalkoztatotts\u00e1gr\u00f3l a korm\u00e1ny \u00e9s az elemz\u0151k","link":"https:\/\/allasorias.hu\/hirek\/elteroen-velekednek-a-magyar-foglalkoztatottsagrol-a-kormany-es-az-elemzok\/"}],"_links":{"self":[{"href":"https:\/\/allasorias.hu\/hirek\/wp-json\/wp\/v2\/posts\/8053","targetHints":{"allow":["GET"]}}],"collection":[{"href":"https:\/\/allasorias.hu\/hirek\/wp-json\/wp\/v2\/posts"}],"about":[{"href":"https:\/\/allasorias.hu\/hirek\/wp-json\/wp\/v2\/types\/post"}],"author":[{"embeddable":true,"href":"https:\/\/allasorias.hu\/hirek\/wp-json\/wp\/v2\/users\/1"}],"replies":[{"embeddable":true,"href":"https:\/\/allasorias.hu\/hirek\/wp-json\/wp\/v2\/comments?post=8053"}],"version-history":[{"count":1,"href":"https:\/\/allasorias.hu\/hirek\/wp-json\/wp\/v2\/posts\/8053\/revisions"}],"predecessor-version":[{"id":8055,"href":"https:\/\/allasorias.hu\/hirek\/wp-json\/wp\/v2\/posts\/8053\/revisions\/8055"}],"wp:featuredmedia":[{"embeddable":true,"href":"https:\/\/allasorias.hu\/hirek\/wp-json\/wp\/v2\/media\/8054"}],"wp:attachment":[{"href":"https:\/\/allasorias.hu\/hirek\/wp-json\/wp\/v2\/media?parent=8053"}],"wp:term":[{"taxonomy":"category","embeddable":true,"href":"https:\/\/allasorias.hu\/hirek\/wp-json\/wp\/v2\/categories?post=8053"},{"taxonomy":"post_tag","embeddable":true,"href":"https:\/\/allasorias.hu\/hirek\/wp-json\/wp\/v2\/tags?post=8053"}],"curies":[{"name":"wp","href":"https:\/\/api.w.org\/{rel}","templated":true}]}}