{"id":8013,"date":"2024-11-14T14:10:03","date_gmt":"2024-11-14T12:10:03","guid":{"rendered":"https:\/\/allasorias.hu\/hirek\/?p=8013"},"modified":"2024-11-14T14:10:03","modified_gmt":"2024-11-14T12:10:03","slug":"tobb-szaz-fot-bocsat-el-egy-ceg-az-mi-miatt","status":"publish","type":"post","link":"https:\/\/allasorias.hu\/hirek\/tobb-szaz-fot-bocsat-el-egy-ceg-az-mi-miatt\/","title":{"rendered":"T\u00f6bb sz\u00e1z f\u0151t bocs\u00e1t el egy c\u00e9g az MI miatt"},"content":{"rendered":"<p><strong>Egyre t\u00f6bb ter\u00fcleten \u00e9rezteti hat\u00e1s\u00e1t a mesters\u00e9ges intelligencia, a szak\u00e9rt\u0151k azt j\u00f3solj\u00e1k, hogy teljesen \u00e1trendezi majd a munkaer\u0151piacot a technol\u00f3gia. <\/strong><\/p>\n<p>K\u00f6r\u00fclbel\u00fcl ezer f\u0151 \u00e9rintett, t\u0151keig\u00e9nyes befektet\u00e9seket tervez a c\u00e9g. A mesters\u00e9ges intelligencia ir\u00e1ny\u00e1ba fejleszten\u00e9nek \u00e9s ehhez sok p\u00e9nz kell. J\u00f3l elker\u00fclt\u00e9k az AMD alkalmazottait az elm\u00falt \u00e9vek t\u00f6meges techipari elbocs\u00e1t\u00e1sai, azonban most v\u00e9get \u00e9rt a szerencs\u00e9s sz\u00e9ri\u00e1juk. A v\u00e1llalat jelent\u0151s le\u00e9p\u00edt\u00e9sbe kezdett, miut\u00e1n egyr\u00e9szt az okt\u00f3ber v\u00e9g\u00e9n bejelentett harmadik \u00fczleti negyed\u00e9ves eredm\u00e9nyei vegyes k\u00e9pet mutattak, m\u00e1sr\u00e9szt pedig t\u0151keig\u00e9nyes befektet\u00e9seket tervez a mesters\u00e9ges intelligencia piac\u00e1n val\u00f3 poz\u00edci\u00f3j\u00e1nak er\u0151s\u00edt\u00e9se \u00e9rdek\u00e9ben.<\/p>\n<p>A WCCFTech sz\u00e1m\u00e1ra meger\u0151s\u00edtett inform\u00e1ci\u00f3k alapj\u00e1n a k\u00f6r\u00fclbel\u00fcl 26 ezer f\u0151s glob\u00e1lis munkaerej\u00e9nek olyan 4 sz\u00e1zal\u00e9k\u00e1t \u00e9p\u00edti le az AMD, azaz nagyj\u00e1b\u00f3l ezer szem\u00e9ly \u00e9rintett. A nyilv\u00e1nos f\u00f3rumokon megsz\u00f3lalt dolgoz\u00f3k tan\u00fas\u00e1ga szerint az elbocs\u00e1t\u00e1s h\u00edre teljesen v\u00e1ratlanul \u00e9rte a munkav\u00e1llal\u00f3kat, azonban az AMD viszonylag nagyvonal\u00fa v\u00e9gkiel\u00e9g\u00edt\u00e9seket osztogat az \u00e9rintetteknek, ami \u00e9rdemi seg\u00edts\u00e9get jelent sz\u00e1mukra a helyzet kezel\u00e9s\u00e9ben.<\/p>\n<p>Az AMD az idei harmadik \u00fczleti negyed\u00e9v\u00e9ben az egy \u00e9vvel ezel\u0151tti azonos id\u0151szakhoz k\u00e9pest 17% bev\u00e9teln\u00f6veked\u00e9st \u00e9rt el, a profitja pedig 34%-kal n\u0151tt. Viszont a gaminghez kapcsol\u00f3d\u00f3 bev\u00e9telei 69%-ot estek, els\u0151sorban a j\u00e1t\u00e9kkonzolokba sz\u00e1nt egyedi rendszerlapk\u00e1k ir\u00e1nti kereslet cs\u00f6kken\u00e9se miatt. Az AMD a mesters\u00e9ges intelligencia futtat\u00e1s\u00e1ra sz\u00e1nt gyors\u00edt\u00f3k\u00e1rty\u00e1k piac\u00e1n k\u00edv\u00e1nja n\u00f6velni a jelenl\u00e9t\u00e9t, ebben l\u00e1tja a legnagyobb n\u00f6veked\u00e9si lehet\u0151s\u00e9get. Annyira nem a gamingen lesz a f\u00f3kusz a k\u00f6vetkez\u0151 \u00e9vekben, hogy m\u00e9g a hamarosan bemutatkoz\u00f3 Radeon RX 8000 vide\u00f3k\u00e1rty\u00e1i is elker\u00fclik majd a cs\u00facskateg\u00f3ri\u00e1t.<\/p>\n<p>Forr\u00e1s: <a href=\"https:\/\/www.origo.hu\/techbazis\/2024\/11\/mesterseges-intelligencia-leepites-amd\" target=\"_blank\" rel=\"nofollow noopener noreferrer\">origo.hu<\/a><\/p>\n","protected":false},"excerpt":{"rendered":"<p>Egyre t\u00f6bb ter\u00fcleten \u00e9rezteti hat\u00e1s\u00e1t a mesters\u00e9ges intelligencia, a szak\u00e9rt\u0151k azt j\u00f3solj\u00e1k, hogy teljesen \u00e1trendezi majd a munkaer\u0151piacot a technol\u00f3gia. K\u00f6r\u00fclbel\u00fcl ezer f\u0151 \u00e9rintett, t\u0151keig\u00e9nyes befektet\u00e9seket tervez a c\u00e9g. A mesters\u00e9ges intelligencia ir\u00e1ny\u00e1ba fejleszten\u00e9nek \u00e9s ehhez sok p\u00e9nz kell. J\u00f3l elker\u00fclt\u00e9k az AMD alkalmazottait az elm\u00falt \u00e9vek t\u00f6meges techipari elbocs\u00e1t\u00e1sai, azonban most v\u00e9get \u00e9rt a [&hellip;]<\/p>\n","protected":false},"author":1,"featured_media":8014,"comment_status":"closed","ping_status":"closed","sticky":false,"template":"","format":"standard","meta":{"_monsterinsights_skip_tracking":false,"footnotes":""},"categories":[200],"tags":[839,264],"class_list":["post-8013","post","type-post","status-publish","format-standard","has-post-thumbnail","hentry","category-munkaeropiac","tag-amd","tag-mesterseges-intelligencia"],"aioseo_notices":[],"aioseo_head":"\n\t\t<!-- All in One SEO 5.0.0.1 - aioseo.com -->\n\t<meta name=\"description\" content=\"Egyre t\u00f6bb ter\u00fcleten \u00e9rezteti hat\u00e1s\u00e1t a mesters\u00e9ges intelligencia, a szak\u00e9rt\u0151k azt j\u00f3solj\u00e1k, hogy teljesen \u00e1trendezi majd a munkaer\u0151piacot a technol\u00f3gia.\" \/>\n\t<meta name=\"robots\" content=\"max-image-preview:large\" \/>\n\t<meta name=\"author\" content=\"Juh\u00e1sz P\u00e9ter\"\/>\n\t<meta name=\"keywords\" content=\"amd,mesters\u00e9ges intelligencia\" \/>\n\t<link rel=\"canonical\" href=\"https:\/\/allasorias.hu\/hirek\/tobb-szaz-fot-bocsat-el-egy-ceg-az-mi-miatt\/\" \/>\n\t<meta name=\"generator\" content=\"All in One SEO (AIOSEO) 5.0.0.1\" \/>\n\t\t<meta property=\"og:locale\" content=\"hu_HU\" \/>\n\t\t<meta property=\"og:site_name\" content=\"AllasOrias.hu | H\u00edrek-lapszemle | \u00dczleti h\u00edrek az \u00e1ll\u00e1s \u00e9s a munka vil\u00e1g\u00e1b\u00f3l\" \/>\n\t\t<meta property=\"og:type\" content=\"article\" \/>\n\t\t<meta property=\"og:title\" content=\"T\u00f6bb sz\u00e1z f\u0151t bocs\u00e1t el egy c\u00e9g az MI miatt |\" \/>\n\t\t<meta property=\"og:description\" content=\"Egyre t\u00f6bb ter\u00fcleten \u00e9rezteti hat\u00e1s\u00e1t a mesters\u00e9ges intelligencia, a szak\u00e9rt\u0151k azt j\u00f3solj\u00e1k, hogy teljesen \u00e1trendezi majd a munkaer\u0151piacot a technol\u00f3gia.\" \/>\n\t\t<meta property=\"og:url\" content=\"https:\/\/allasorias.hu\/hirek\/tobb-szaz-fot-bocsat-el-egy-ceg-az-mi-miatt\/\" \/>\n\t\t<meta property=\"og:image\" content=\"https:\/\/allasorias.hu\/hirek\/wp-content\/uploads\/2024\/11\/amd-mesterseges-intelligencia.jpg\" \/>\n\t\t<meta property=\"og:image:secure_url\" content=\"https:\/\/allasorias.hu\/hirek\/wp-content\/uploads\/2024\/11\/amd-mesterseges-intelligencia.jpg\" \/>\n\t\t<meta property=\"og:image:width\" content=\"1920\" \/>\n\t\t<meta property=\"og:image:height\" content=\"1097\" \/>\n\t\t<meta property=\"article:published_time\" content=\"2024-11-14T12:10:03+00:00\" \/>\n\t\t<meta property=\"article:modified_time\" content=\"2024-11-14T12:10:03+00:00\" \/>\n\t\t<meta property=\"article:publisher\" content=\"https:\/\/www.facebook.com\/allasorias\" \/>\n\t\t<meta name=\"twitter:card\" content=\"summary_large_image\" \/>\n\t\t<meta name=\"twitter:title\" content=\"T\u00f6bb sz\u00e1z f\u0151t bocs\u00e1t el egy c\u00e9g az MI miatt |\" \/>\n\t\t<meta name=\"twitter:description\" content=\"Egyre t\u00f6bb ter\u00fcleten \u00e9rezteti hat\u00e1s\u00e1t a mesters\u00e9ges intelligencia, a szak\u00e9rt\u0151k azt j\u00f3solj\u00e1k, hogy teljesen \u00e1trendezi majd a munkaer\u0151piacot a technol\u00f3gia.\" \/>\n\t\t<meta name=\"twitter:image\" content=\"https:\/\/allasorias.hu\/hirek\/wp-content\/uploads\/2024\/11\/amd-mesterseges-intelligencia.jpg\" \/>\n\t\t<meta name=\"twitter:label1\" content=\"Written by\" \/>\n\t\t<meta name=\"twitter:data1\" content=\"Juh\u00e1sz P\u00e9ter\" \/>\n\t\t<meta name=\"twitter:label2\" content=\"Est. reading time\" \/>\n\t\t<meta name=\"twitter:data2\" content=\"2 minutes\" \/>\n\t\t<script type=\"application\/ld+json\" class=\"aioseo-schema\">\n\t\t\t{\"@context\":\"https:\\\/\\\/schema.org\",\"@graph\":[{\"@type\":\"Article\",\"@id\":\"https:\\\/\\\/allasorias.hu\\\/hirek\\\/tobb-szaz-fot-bocsat-el-egy-ceg-az-mi-miatt\\\/#article\",\"name\":\"T\\u00f6bb sz\\u00e1z f\\u0151t bocs\\u00e1t el egy c\\u00e9g az MI miatt |\",\"headline\":\"T\\u00f6bb sz\\u00e1z f\\u0151t bocs\\u00e1t el egy c\\u00e9g az MI miatt\",\"author\":{\"@id\":\"https:\\\/\\\/allasorias.hu\\\/hirek\\\/author\\\/admin-allasorias\\\/#author\"},\"publisher\":{\"@id\":\"https:\\\/\\\/allasorias.hu\\\/hirek\\\/#organization\"},\"image\":{\"@type\":\"ImageObject\",\"url\":\"https:\\\/\\\/allasorias.hu\\\/hirek\\\/wp-content\\\/uploads\\\/2024\\\/11\\\/amd-mesterseges-intelligencia.jpg\",\"width\":1920,\"height\":1097,\"caption\":\"T\\u00f6bb sz\\u00e1z f\\u0151t bocs\\u00e1t el egy c\\u00e9g az MI miatt - Allasorias.hu\\\/Hirek\"},\"datePublished\":\"2024-11-14T14:10:03+02:00\",\"dateModified\":\"2024-11-14T14:10:03+02:00\",\"inLanguage\":\"hu-HU\",\"mainEntityOfPage\":{\"@id\":\"https:\\\/\\\/allasorias.hu\\\/hirek\\\/tobb-szaz-fot-bocsat-el-egy-ceg-az-mi-miatt\\\/#webpage\"},\"isPartOf\":{\"@id\":\"https:\\\/\\\/allasorias.hu\\\/hirek\\\/tobb-szaz-fot-bocsat-el-egy-ceg-az-mi-miatt\\\/#webpage\"},\"articleSection\":\"Munkaer\\u0151piac, AMD, mesters\\u00e9ges intelligencia\"},{\"@type\":\"BreadcrumbList\",\"@id\":\"https:\\\/\\\/allasorias.hu\\\/hirek\\\/tobb-szaz-fot-bocsat-el-egy-ceg-az-mi-miatt\\\/#breadcrumblist\",\"itemListElement\":[{\"@type\":\"ListItem\",\"@id\":\"https:\\\/\\\/allasorias.hu\\\/hirek#listItem\",\"position\":1,\"name\":\"Home\",\"item\":\"https:\\\/\\\/allasorias.hu\\\/hirek\",\"nextItem\":{\"@type\":\"ListItem\",\"@id\":\"https:\\\/\\\/allasorias.hu\\\/hirek\\\/temak\\\/munkaeropiac\\\/#listItem\",\"name\":\"Munkaer\\u0151piac\"}},{\"@type\":\"ListItem\",\"@id\":\"https:\\\/\\\/allasorias.hu\\\/hirek\\\/temak\\\/munkaeropiac\\\/#listItem\",\"position\":2,\"name\":\"Munkaer\\u0151piac\",\"item\":\"https:\\\/\\\/allasorias.hu\\\/hirek\\\/temak\\\/munkaeropiac\\\/\",\"nextItem\":{\"@type\":\"ListItem\",\"@id\":\"https:\\\/\\\/allasorias.hu\\\/hirek\\\/tobb-szaz-fot-bocsat-el-egy-ceg-az-mi-miatt\\\/#listItem\",\"name\":\"T\\u00f6bb sz\\u00e1z f\\u0151t bocs\\u00e1t el egy c\\u00e9g az MI miatt\"},\"previousItem\":{\"@type\":\"ListItem\",\"@id\":\"https:\\\/\\\/allasorias.hu\\\/hirek#listItem\",\"name\":\"Home\"}},{\"@type\":\"ListItem\",\"@id\":\"https:\\\/\\\/allasorias.hu\\\/hirek\\\/tobb-szaz-fot-bocsat-el-egy-ceg-az-mi-miatt\\\/#listItem\",\"position\":3,\"name\":\"T\\u00f6bb sz\\u00e1z f\\u0151t bocs\\u00e1t el egy c\\u00e9g az MI miatt\",\"previousItem\":{\"@type\":\"ListItem\",\"@id\":\"https:\\\/\\\/allasorias.hu\\\/hirek\\\/temak\\\/munkaeropiac\\\/#listItem\",\"name\":\"Munkaer\\u0151piac\"}}]},{\"@type\":\"Organization\",\"@id\":\"https:\\\/\\\/allasorias.hu\\\/hirek\\\/#organization\",\"name\":\"AllasOrias.hu | H\\u00edrek-lapszemle\",\"description\":\"\\u00dczleti h\\u00edrek az \\u00e1ll\\u00e1s \\u00e9s a munka vil\\u00e1g\\u00e1b\\u00f3l\",\"url\":\"https:\\\/\\\/allasorias.hu\\\/hirek\\\/\",\"logo\":{\"@type\":\"ImageObject\",\"url\":\"https:\\\/\\\/allasorias.hu\\\/hirek\\\/wp-content\\\/uploads\\\/2022\\\/10\\\/allasorias_site_facebok_logo.png\",\"@id\":\"https:\\\/\\\/allasorias.hu\\\/hirek\\\/tobb-szaz-fot-bocsat-el-egy-ceg-az-mi-miatt\\\/#organizationLogo\"},\"image\":{\"@id\":\"https:\\\/\\\/allasorias.hu\\\/hirek\\\/tobb-szaz-fot-bocsat-el-egy-ceg-az-mi-miatt\\\/#organizationLogo\"},\"sameAs\":[\"https:\\\/\\\/www.facebook.com\\\/allasorias\",\"https:\\\/\\\/www.linkedin.com\\\/company\\\/allasorias\"]},{\"@type\":\"Person\",\"@id\":\"https:\\\/\\\/allasorias.hu\\\/hirek\\\/author\\\/admin-allasorias\\\/#author\",\"url\":\"https:\\\/\\\/allasorias.hu\\\/hirek\\\/author\\\/admin-allasorias\\\/\",\"name\":\"Juh\\u00e1sz P\\u00e9ter\",\"image\":{\"@type\":\"ImageObject\",\"@id\":\"https:\\\/\\\/allasorias.hu\\\/hirek\\\/tobb-szaz-fot-bocsat-el-egy-ceg-az-mi-miatt\\\/#authorImage\",\"url\":\"https:\\\/\\\/secure.gravatar.com\\\/avatar\\\/36e6bcb83148978b992977cb0f54d22feb0cce8a0a849a9410532bb2623ba4c6?s=96&d=mm&r=g\",\"width\":96,\"height\":96,\"caption\":\"Juh\\u00e1sz P\\u00e9ter\"}},{\"@type\":\"WebPage\",\"@id\":\"https:\\\/\\\/allasorias.hu\\\/hirek\\\/tobb-szaz-fot-bocsat-el-egy-ceg-az-mi-miatt\\\/#webpage\",\"url\":\"https:\\\/\\\/allasorias.hu\\\/hirek\\\/tobb-szaz-fot-bocsat-el-egy-ceg-az-mi-miatt\\\/\",\"name\":\"T\\u00f6bb sz\\u00e1z f\\u0151t bocs\\u00e1t el egy c\\u00e9g az MI miatt |\",\"description\":\"Egyre t\\u00f6bb ter\\u00fcleten \\u00e9rezteti hat\\u00e1s\\u00e1t a mesters\\u00e9ges intelligencia, a szak\\u00e9rt\\u0151k azt j\\u00f3solj\\u00e1k, hogy teljesen \\u00e1trendezi majd a munkaer\\u0151piacot a technol\\u00f3gia.\",\"inLanguage\":\"hu-HU\",\"isPartOf\":{\"@id\":\"https:\\\/\\\/allasorias.hu\\\/hirek\\\/#website\"},\"breadcrumb\":{\"@id\":\"https:\\\/\\\/allasorias.hu\\\/hirek\\\/tobb-szaz-fot-bocsat-el-egy-ceg-az-mi-miatt\\\/#breadcrumblist\"},\"author\":{\"@id\":\"https:\\\/\\\/allasorias.hu\\\/hirek\\\/author\\\/admin-allasorias\\\/#author\"},\"creator\":{\"@id\":\"https:\\\/\\\/allasorias.hu\\\/hirek\\\/author\\\/admin-allasorias\\\/#author\"},\"image\":{\"@type\":\"ImageObject\",\"url\":\"https:\\\/\\\/allasorias.hu\\\/hirek\\\/wp-content\\\/uploads\\\/2024\\\/11\\\/amd-mesterseges-intelligencia.jpg\",\"@id\":\"https:\\\/\\\/allasorias.hu\\\/hirek\\\/tobb-szaz-fot-bocsat-el-egy-ceg-az-mi-miatt\\\/#mainImage\",\"width\":1920,\"height\":1097,\"caption\":\"T\\u00f6bb sz\\u00e1z f\\u0151t bocs\\u00e1t el egy c\\u00e9g az MI miatt - Allasorias.hu\\\/Hirek\"},\"primaryImageOfPage\":{\"@id\":\"https:\\\/\\\/allasorias.hu\\\/hirek\\\/tobb-szaz-fot-bocsat-el-egy-ceg-az-mi-miatt\\\/#mainImage\"},\"datePublished\":\"2024-11-14T14:10:03+02:00\",\"dateModified\":\"2024-11-14T14:10:03+02:00\"},{\"@type\":\"WebSite\",\"@id\":\"https:\\\/\\\/allasorias.hu\\\/hirek\\\/#website\",\"url\":\"https:\\\/\\\/allasorias.hu\\\/hirek\\\/\",\"name\":\"AllasOrias.hu | H\\u00edrek-lapszemle\",\"description\":\"\\u00dczleti h\\u00edrek az \\u00e1ll\\u00e1s \\u00e9s a munka vil\\u00e1g\\u00e1b\\u00f3l\",\"inLanguage\":\"hu-HU\",\"publisher\":{\"@id\":\"https:\\\/\\\/allasorias.hu\\\/hirek\\\/#organization\"}}]}\n\t\t<\/script>\n\t\t<!-- All in One SEO -->\n\n","aioseo_head_json":{"title":"T\u00f6bb sz\u00e1z f\u0151t bocs\u00e1t el egy c\u00e9g az MI miatt |","description":"Egyre t\u00f6bb ter\u00fcleten \u00e9rezteti hat\u00e1s\u00e1t a mesters\u00e9ges intelligencia, a szak\u00e9rt\u0151k azt j\u00f3solj\u00e1k, hogy teljesen \u00e1trendezi majd a munkaer\u0151piacot a technol\u00f3gia.","canonical_url":"https:\/\/allasorias.hu\/hirek\/tobb-szaz-fot-bocsat-el-egy-ceg-az-mi-miatt\/","robots":"max-image-preview:large","keywords":"amd,mesters\u00e9ges intelligencia","webmasterTools":{"miscellaneous":""},"schema":{"@context":"https:\/\/schema.org","@graph":[{"@type":"Article","@id":"https:\/\/allasorias.hu\/hirek\/tobb-szaz-fot-bocsat-el-egy-ceg-az-mi-miatt\/#article","name":"T\u00f6bb sz\u00e1z f\u0151t bocs\u00e1t el egy c\u00e9g az MI miatt |","headline":"T\u00f6bb sz\u00e1z f\u0151t bocs\u00e1t el egy c\u00e9g az MI miatt","author":{"@id":"https:\/\/allasorias.hu\/hirek\/author\/admin-allasorias\/#author"},"publisher":{"@id":"https:\/\/allasorias.hu\/hirek\/#organization"},"image":{"@type":"ImageObject","url":"https:\/\/allasorias.hu\/hirek\/wp-content\/uploads\/2024\/11\/amd-mesterseges-intelligencia.jpg","width":1920,"height":1097,"caption":"T\u00f6bb sz\u00e1z f\u0151t bocs\u00e1t el egy c\u00e9g az MI miatt - Allasorias.hu\/Hirek"},"datePublished":"2024-11-14T14:10:03+02:00","dateModified":"2024-11-14T14:10:03+02:00","inLanguage":"hu-HU","mainEntityOfPage":{"@id":"https:\/\/allasorias.hu\/hirek\/tobb-szaz-fot-bocsat-el-egy-ceg-az-mi-miatt\/#webpage"},"isPartOf":{"@id":"https:\/\/allasorias.hu\/hirek\/tobb-szaz-fot-bocsat-el-egy-ceg-az-mi-miatt\/#webpage"},"articleSection":"Munkaer\u0151piac, AMD, mesters\u00e9ges intelligencia"},{"@type":"BreadcrumbList","@id":"https:\/\/allasorias.hu\/hirek\/tobb-szaz-fot-bocsat-el-egy-ceg-az-mi-miatt\/#breadcrumblist","itemListElement":[{"@type":"ListItem","@id":"https:\/\/allasorias.hu\/hirek#listItem","position":1,"name":"Home","item":"https:\/\/allasorias.hu\/hirek","nextItem":{"@type":"ListItem","@id":"https:\/\/allasorias.hu\/hirek\/temak\/munkaeropiac\/#listItem","name":"Munkaer\u0151piac"}},{"@type":"ListItem","@id":"https:\/\/allasorias.hu\/hirek\/temak\/munkaeropiac\/#listItem","position":2,"name":"Munkaer\u0151piac","item":"https:\/\/allasorias.hu\/hirek\/temak\/munkaeropiac\/","nextItem":{"@type":"ListItem","@id":"https:\/\/allasorias.hu\/hirek\/tobb-szaz-fot-bocsat-el-egy-ceg-az-mi-miatt\/#listItem","name":"T\u00f6bb sz\u00e1z f\u0151t bocs\u00e1t el egy c\u00e9g az MI miatt"},"previousItem":{"@type":"ListItem","@id":"https:\/\/allasorias.hu\/hirek#listItem","name":"Home"}},{"@type":"ListItem","@id":"https:\/\/allasorias.hu\/hirek\/tobb-szaz-fot-bocsat-el-egy-ceg-az-mi-miatt\/#listItem","position":3,"name":"T\u00f6bb sz\u00e1z f\u0151t bocs\u00e1t el egy c\u00e9g az MI miatt","previousItem":{"@type":"ListItem","@id":"https:\/\/allasorias.hu\/hirek\/temak\/munkaeropiac\/#listItem","name":"Munkaer\u0151piac"}}]},{"@type":"Organization","@id":"https:\/\/allasorias.hu\/hirek\/#organization","name":"AllasOrias.hu | H\u00edrek-lapszemle","description":"\u00dczleti h\u00edrek az \u00e1ll\u00e1s \u00e9s a munka vil\u00e1g\u00e1b\u00f3l","url":"https:\/\/allasorias.hu\/hirek\/","logo":{"@type":"ImageObject","url":"https:\/\/allasorias.hu\/hirek\/wp-content\/uploads\/2022\/10\/allasorias_site_facebok_logo.png","@id":"https:\/\/allasorias.hu\/hirek\/tobb-szaz-fot-bocsat-el-egy-ceg-az-mi-miatt\/#organizationLogo"},"image":{"@id":"https:\/\/allasorias.hu\/hirek\/tobb-szaz-fot-bocsat-el-egy-ceg-az-mi-miatt\/#organizationLogo"},"sameAs":["https:\/\/www.facebook.com\/allasorias","https:\/\/www.linkedin.com\/company\/allasorias"]},{"@type":"Person","@id":"https:\/\/allasorias.hu\/hirek\/author\/admin-allasorias\/#author","url":"https:\/\/allasorias.hu\/hirek\/author\/admin-allasorias\/","name":"Juh\u00e1sz P\u00e9ter","image":{"@type":"ImageObject","@id":"https:\/\/allasorias.hu\/hirek\/tobb-szaz-fot-bocsat-el-egy-ceg-az-mi-miatt\/#authorImage","url":"https:\/\/secure.gravatar.com\/avatar\/36e6bcb83148978b992977cb0f54d22feb0cce8a0a849a9410532bb2623ba4c6?s=96&d=mm&r=g","width":96,"height":96,"caption":"Juh\u00e1sz P\u00e9ter"}},{"@type":"WebPage","@id":"https:\/\/allasorias.hu\/hirek\/tobb-szaz-fot-bocsat-el-egy-ceg-az-mi-miatt\/#webpage","url":"https:\/\/allasorias.hu\/hirek\/tobb-szaz-fot-bocsat-el-egy-ceg-az-mi-miatt\/","name":"T\u00f6bb sz\u00e1z f\u0151t bocs\u00e1t el egy c\u00e9g az MI miatt |","description":"Egyre t\u00f6bb ter\u00fcleten \u00e9rezteti hat\u00e1s\u00e1t a mesters\u00e9ges intelligencia, a szak\u00e9rt\u0151k azt j\u00f3solj\u00e1k, hogy teljesen \u00e1trendezi majd a munkaer\u0151piacot a technol\u00f3gia.","inLanguage":"hu-HU","isPartOf":{"@id":"https:\/\/allasorias.hu\/hirek\/#website"},"breadcrumb":{"@id":"https:\/\/allasorias.hu\/hirek\/tobb-szaz-fot-bocsat-el-egy-ceg-az-mi-miatt\/#breadcrumblist"},"author":{"@id":"https:\/\/allasorias.hu\/hirek\/author\/admin-allasorias\/#author"},"creator":{"@id":"https:\/\/allasorias.hu\/hirek\/author\/admin-allasorias\/#author"},"image":{"@type":"ImageObject","url":"https:\/\/allasorias.hu\/hirek\/wp-content\/uploads\/2024\/11\/amd-mesterseges-intelligencia.jpg","@id":"https:\/\/allasorias.hu\/hirek\/tobb-szaz-fot-bocsat-el-egy-ceg-az-mi-miatt\/#mainImage","width":1920,"height":1097,"caption":"T\u00f6bb sz\u00e1z f\u0151t bocs\u00e1t el egy c\u00e9g az MI miatt - Allasorias.hu\/Hirek"},"primaryImageOfPage":{"@id":"https:\/\/allasorias.hu\/hirek\/tobb-szaz-fot-bocsat-el-egy-ceg-az-mi-miatt\/#mainImage"},"datePublished":"2024-11-14T14:10:03+02:00","dateModified":"2024-11-14T14:10:03+02:00"},{"@type":"WebSite","@id":"https:\/\/allasorias.hu\/hirek\/#website","url":"https:\/\/allasorias.hu\/hirek\/","name":"AllasOrias.hu | H\u00edrek-lapszemle","description":"\u00dczleti h\u00edrek az \u00e1ll\u00e1s \u00e9s a munka vil\u00e1g\u00e1b\u00f3l","inLanguage":"hu-HU","publisher":{"@id":"https:\/\/allasorias.hu\/hirek\/#organization"}}]},"og:locale":"hu_HU","og:site_name":"AllasOrias.hu | H\u00edrek-lapszemle | \u00dczleti h\u00edrek az \u00e1ll\u00e1s \u00e9s a munka vil\u00e1g\u00e1b\u00f3l","og:type":"article","og:title":"T\u00f6bb sz\u00e1z f\u0151t bocs\u00e1t el egy c\u00e9g az MI miatt |","og:description":"Egyre t\u00f6bb ter\u00fcleten \u00e9rezteti hat\u00e1s\u00e1t a mesters\u00e9ges intelligencia, a szak\u00e9rt\u0151k azt j\u00f3solj\u00e1k, hogy teljesen \u00e1trendezi majd a munkaer\u0151piacot a technol\u00f3gia.","og:url":"https:\/\/allasorias.hu\/hirek\/tobb-szaz-fot-bocsat-el-egy-ceg-az-mi-miatt\/","og:image":"https:\/\/allasorias.hu\/hirek\/wp-content\/uploads\/2024\/11\/amd-mesterseges-intelligencia.jpg","og:image:secure_url":"https:\/\/allasorias.hu\/hirek\/wp-content\/uploads\/2024\/11\/amd-mesterseges-intelligencia.jpg","og:image:width":1920,"og:image:height":1097,"article:published_time":"2024-11-14T12:10:03+00:00","article:modified_time":"2024-11-14T12:10:03+00:00","article:publisher":"https:\/\/www.facebook.com\/allasorias","twitter:card":"summary_large_image","twitter:title":"T\u00f6bb sz\u00e1z f\u0151t bocs\u00e1t el egy c\u00e9g az MI miatt |","twitter:description":"Egyre t\u00f6bb ter\u00fcleten \u00e9rezteti hat\u00e1s\u00e1t a mesters\u00e9ges intelligencia, a szak\u00e9rt\u0151k azt j\u00f3solj\u00e1k, hogy teljesen \u00e1trendezi majd a munkaer\u0151piacot a technol\u00f3gia.","twitter:image":"https:\/\/allasorias.hu\/hirek\/wp-content\/uploads\/2024\/11\/amd-mesterseges-intelligencia.jpg","twitter:label1":"Written by","twitter:data1":"Juh\u00e1sz P\u00e9ter","twitter:label2":"Est. reading time","twitter:data2":"2 minutes"},"aioseo_meta_data":{"post_id":"8013","title":"#post_title |","description":"Egyre t\u00f6bb ter\u00fcleten \u00e9rezteti hat\u00e1s\u00e1t a mesters\u00e9ges intelligencia, a szak\u00e9rt\u0151k azt j\u00f3solj\u00e1k, hogy teljesen \u00e1trendezi majd a munkaer\u0151piacot a technol\u00f3gia.","keywords":null,"keyphrases":{"focus":{"keyphrase":"","score":0,"analysis":{"keyphraseInTitle":{"score":0,"maxScore":9,"error":1}}},"additional":[]},"primary_term":null,"canonical_url":null,"og_title":null,"og_description":null,"og_object_type":"default","og_image_type":"default","og_image_url":null,"og_image_width":null,"og_image_height":null,"og_image_custom_url":null,"og_image_custom_fields":null,"og_video":"","og_custom_url":null,"og_article_section":null,"og_article_tags":null,"twitter_use_og":true,"twitter_card":"default","twitter_image_type":"default","twitter_image_url":null,"twitter_image_custom_url":null,"twitter_image_custom_fields":null,"twitter_title":null,"twitter_description":null,"schema":{"blockGraphs":[],"customGraphs":[],"default":{"data":{"Article":[],"Course":[],"Dataset":[],"FAQPage":[],"Movie":[],"Person":[],"Product":[],"ProductReview":[],"Car":[],"Recipe":[],"Service":[],"SoftwareApplication":[],"WebPage":[]},"graphName":"Article","isEnabled":true},"graphs":[]},"schema_type":"default","schema_type_options":null,"pillar_content":false,"robots_default":true,"robots_noindex":false,"robots_noarchive":false,"robots_nosnippet":false,"robots_nofollow":false,"robots_noimageindex":false,"robots_noodp":false,"robots_notranslate":false,"robots_max_snippet":"-1","robots_max_videopreview":"-1","robots_max_imagepreview":"large","priority":null,"frequency":"default","location":null,"local_seo":null,"breadcrumb_settings":null,"limit_modified_date":false,"ai":null,"created":"2024-11-14 12:00:41","updated":"2025-10-02 20:41:49","seo_analyzer_scan_date":null,"focus_keyword":null,"additional_keywords":null,"truseo_locale":null},"aioseo_breadcrumb":"<div class=\"aioseo-breadcrumbs\"><span class=\"aioseo-breadcrumb\">\n\t\t\t<a href=\"https:\/\/allasorias.hu\/hirek\" title=\"Home\">Home<\/a>\n\t\t<\/span><span class=\"aioseo-breadcrumb-separator\">&raquo;<\/span><span class=\"aioseo-breadcrumb\">\n\t\t\t<a href=\"https:\/\/allasorias.hu\/hirek\/temak\/munkaeropiac\/\" title=\"Munkaer\u0151piac\">Munkaer\u0151piac<\/a>\n\t\t<\/span><span class=\"aioseo-breadcrumb-separator\">&raquo;<\/span><span class=\"aioseo-breadcrumb\">\n\t\t\tT\u00f6bb sz\u00e1z f\u0151t bocs\u00e1t el egy c\u00e9g az MI miatt\n\t\t<\/span><\/div>","aioseo_breadcrumb_json":[{"label":"Home","link":"https:\/\/allasorias.hu\/hirek"},{"label":"Munkaer\u0151piac","link":"https:\/\/allasorias.hu\/hirek\/temak\/munkaeropiac\/"},{"label":"T\u00f6bb sz\u00e1z f\u0151t bocs\u00e1t el egy c\u00e9g az MI miatt","link":"https:\/\/allasorias.hu\/hirek\/tobb-szaz-fot-bocsat-el-egy-ceg-az-mi-miatt\/"}],"_links":{"self":[{"href":"https:\/\/allasorias.hu\/hirek\/wp-json\/wp\/v2\/posts\/8013","targetHints":{"allow":["GET"]}}],"collection":[{"href":"https:\/\/allasorias.hu\/hirek\/wp-json\/wp\/v2\/posts"}],"about":[{"href":"https:\/\/allasorias.hu\/hirek\/wp-json\/wp\/v2\/types\/post"}],"author":[{"embeddable":true,"href":"https:\/\/allasorias.hu\/hirek\/wp-json\/wp\/v2\/users\/1"}],"replies":[{"embeddable":true,"href":"https:\/\/allasorias.hu\/hirek\/wp-json\/wp\/v2\/comments?post=8013"}],"version-history":[{"count":1,"href":"https:\/\/allasorias.hu\/hirek\/wp-json\/wp\/v2\/posts\/8013\/revisions"}],"predecessor-version":[{"id":8015,"href":"https:\/\/allasorias.hu\/hirek\/wp-json\/wp\/v2\/posts\/8013\/revisions\/8015"}],"wp:featuredmedia":[{"embeddable":true,"href":"https:\/\/allasorias.hu\/hirek\/wp-json\/wp\/v2\/media\/8014"}],"wp:attachment":[{"href":"https:\/\/allasorias.hu\/hirek\/wp-json\/wp\/v2\/media?parent=8013"}],"wp:term":[{"taxonomy":"category","embeddable":true,"href":"https:\/\/allasorias.hu\/hirek\/wp-json\/wp\/v2\/categories?post=8013"},{"taxonomy":"post_tag","embeddable":true,"href":"https:\/\/allasorias.hu\/hirek\/wp-json\/wp\/v2\/tags?post=8013"}],"curies":[{"name":"wp","href":"https:\/\/api.w.org\/{rel}","templated":true}]}}