{"id":8009,"date":"2024-11-13T16:28:56","date_gmt":"2024-11-13T14:28:56","guid":{"rendered":"https:\/\/allasorias.hu\/hirek\/?p=8009"},"modified":"2025-05-09T11:14:29","modified_gmt":"2025-05-09T09:14:29","slug":"egyre-tobben-dolgoznak-zold-foglalkoztatasban","status":"publish","type":"post","link":"https:\/\/allasorias.hu\/hirek\/egyre-tobben-dolgoznak-zold-foglalkoztatasban\/","title":{"rendered":"Egyre t\u00f6bben dolgoznak z\u00f6ld foglalkoztat\u00e1sban"},"content":{"rendered":"<p><strong>Folyamatosan \u00e1talakul az elk\u00f6vetkez\u0151 \u00e9vekben a munkaer\u0151piac a sz\u00fcks\u00e9ges z\u00f6ld \u00e1t\u00e1ll\u00e1sok miatt. Bizonyos munkater\u00fcleteken cs\u00f6kken a dolgoz\u00f3k l\u00e9tsz\u00e1ma, de m\u00e1shol fejl\u0151d\u00e9sre lehet sz\u00e1m\u00edtani. \u00d6t \u00e9v alatt t\u00f6bb mint \u00f6tven sz\u00e1zal\u00e9kkal cs\u00f6kkentik az uni\u00f3ban az \u00fcvegh\u00e1zhat\u00e1s\u00fa g\u00e1zok kibocs\u00e1t\u00e1s\u00e1t.<\/strong><\/p>\n<p>A z\u00f6ld \u00e1t\u00e1ll\u00e1s, azon bel\u00fcl a z\u00e9r\u00f3 nett\u00f3 kibocs\u00e1t\u00e1s a munkaer\u0151piacokat is megmozgatja vil\u00e1gszinten. Az OECD id\u00e9n ny\u00e1ron kiadott munkaer\u0151piaci jelent\u00e9se szerint 2015-2019 k\u00f6z\u00f6tt \u201ez\u00f6ld\u201d foglalkoz\u00e1sban a munkav\u00e1llal\u00f3k 21%-a dolgozott. Magyarorsz\u00e1gon az OECD-\u00e1tlagn\u00e1l magasabb, 23%-os volt a \u201ez\u00f6ld\u201d munkahelyek ar\u00e1nya, amellyel lek\u00f6vetj\u00fck a r\u00e9gi\u00f3s folyamatokat. Ez a folyamat azonban er\u0151s\u00f6dhet, ugyanis a munkahelyek t\u00f6bb mint egynegyed\u00e9t nagym\u00e9rt\u00e9kben befoly\u00e1solja majd a z\u00f6ld\u00e1t\u00e1ll\u00e1s a k\u00f6vetkez\u0151 \u00e9vek sor\u00e1n.<\/p>\n<p>A nagy mennyis\u00e9g\u0171 \u00fcvegh\u00e1zhat\u00e1s\u00fa g\u00e1zt kibocs\u00e1t\u00f3 ipar\u00e1gakban v\u00e1rhat\u00f3an cs\u00f6kken a munkahelyek sz\u00e1ma, m\u00edg \u00faj lehet\u0151s\u00e9gek ny\u00edlnak meg az z\u00f6ld\u00e1gazatokban, \u00e9s sz\u00e1mos foglalkoz\u00e1s \u00e1talakul. Ebben seg\u00edts\u00e9get jelenthet a munkav\u00e1llal\u00f3k \u00e1tk\u00e9pz\u00e9se, olvashat\u00f3 az Oeconomus elemz\u00e9s\u00e9ben. M\u00e9g 2019-ben k\u00f6t\u00f6ttek meg\u00e1llapod\u00e1st az Eur\u00f3pai Uni\u00f3 vezet\u0151i, miszerint 2050-re az eg\u00e9sz EU-ban megval\u00f3s\u00edtj\u00e1k a kl\u00edmasemlegess\u00e9get.<\/p>\n<p>Ennek r\u00e9szek\u00e9nt az egyik c\u00e9l, hogy 2030-ra legal\u00e1bb 55%-kal cs\u00f6kkentik az EU nett\u00f3 \u00fcvegh\u00e1zhat\u00e1s\u00fag\u00e1z-kibocs\u00e1t\u00e1s\u00e1t (az 1990-es szinthez k\u00e9pest). Ezt seg\u00edti az \u00fan. nett\u00f3 z\u00e9r\u00f3 kibocs\u00e1t\u00e1s is, vagyis az \u00fcvegh\u00e1zhat\u00e1s\u00fa g\u00e1zok (\u00dcHG-k) kibocs\u00e1t\u00e1s\u00e1nak \u00e9s a l\u00e9gk\u00f6rb\u0151l sz\u00e1rmaz\u00f3, m\u00e1r megl\u00e9v\u0151 \u00dcHG-k elnyel\u00e9s\u00e9nek kiegyens\u00falyoz\u00e1s\u00e1ra ir\u00e1nyul\u00f3 c\u00e9lkit\u0171z\u00e9s. Ezzel p\u00e1rhuzamosan a tiszta technol\u00f3gi\u00e1k \u00e9s a z\u00f6ld munkahelyek eur\u00f3pai meghonos\u00edt\u00e1sa \u00e9rdek\u00e9ben kiadt\u00e1k az EU-ban a nett\u00f3 z\u00e9r\u00f3 kibocs\u00e1t\u00e1si c\u00e9lt szolg\u00e1l\u00f3 iparr\u00f3l sz\u00f3l\u00f3 rendeletet is.<\/p>\n<h2>\u00c1t\u00e1ll\u00e1s tiszta energi\u00e1ra<\/h2>\n<p>Ez azt jelenti, hogy n\u00f6velni kell az EU-ban azoknak a technol\u00f3gi\u00e1knak a gy\u00e1rt\u00e1si kapacit\u00e1s\u00e1t, amelyek el\u0151seg\u00edtik a tiszta energi\u00e1ra val\u00f3 \u00e1t\u00e1ll\u00e1st, \u00e9s amelyek alkalmaz\u00e1sa sor\u00e1n az \u00fcvegh\u00e1zhat\u00e1s\u00fag\u00e1z-kibocs\u00e1t\u00e1s m\u00e9rt\u00e9ke rendk\u00edv\u00fcl alacsony, nulla vagy negat\u00edv. A z\u00e9r\u00f3 nett\u00f3 \u00e1t\u00e1ll\u00e1s a munkaer\u0151piacokat is megmozgatja, \u00e1talak\u00edtja. Az OECD ny\u00e1ri elemz\u00e9se szerint a munkahelyek t\u00f6bb mint egynegyed\u00e9t nagym\u00e9rt\u00e9kben befoly\u00e1solja majd a z\u00f6ld \u00e1t\u00e1ll\u00e1s.<\/p>\n<p>Az OECD-ben t\u00f6bb szakpolitikai int\u00e9zked\u00e9s is seg\u00edti a kl\u00edmasemlegess\u00e9g el\u00e9r\u00e9s\u00e9t 2050-ig, emiatt a nagy \u00dcHG-kibocs\u00e1t\u00e1s\u00fa ipar\u00e1gakban v\u00e1rhat\u00f3an cs\u00f6kken a munkahelyek sz\u00e1ma, m\u00edg \u00faj lehet\u0151s\u00e9gek ny\u00edlnak meg a z\u00f6ld \u00e1gazatokban, \u00e9s sz\u00e1mos megl\u00e9v\u0151 foglalkoz\u00e1s \u00e1talakul. Az \u00e9ghajlatv\u00e1ltoz\u00e1s ugyanakkor maga is hat\u00e1ssal lesz a munkaer\u0151-keresletre \u00e9s a munkak\u00f6r\u00fclm\u00e9nyekre, els\u0151sorban a h\u0151m\u00e9rs\u00e9klet emelked\u00e9se \u00e9s az egyre gyakoribb\u00e1 v\u00e1l\u00f3 sz\u00e9ls\u0151s\u00e9ges id\u0151j\u00e1r\u00e1si esem\u00e9nyek miatt.<\/p>\n<p>Forr\u00e1s: <a href=\"https:\/\/www.economx.hu\/ingatlan\/magyarorszagon-jol-all-a-vilagversenyben-egyre-zoldebbe-valik-a-munkaeropiac.799365.html\" target=\"_blank\" rel=\"nofollow noopener noreferrer\">economx.hu<\/a><\/p>\n","protected":false},"excerpt":{"rendered":"<p>Folyamatosan \u00e1talakul az elk\u00f6vetkez\u0151 \u00e9vekben a munkaer\u0151piac a sz\u00fcks\u00e9ges z\u00f6ld \u00e1t\u00e1ll\u00e1sok miatt. Bizonyos munkater\u00fcleteken cs\u00f6kken a dolgoz\u00f3k l\u00e9tsz\u00e1ma, de m\u00e1shol fejl\u0151d\u00e9sre lehet sz\u00e1m\u00edtani. \u00d6t \u00e9v alatt t\u00f6bb mint \u00f6tven sz\u00e1zal\u00e9kkal cs\u00f6kkentik az uni\u00f3ban az \u00fcvegh\u00e1zhat\u00e1s\u00fa g\u00e1zok kibocs\u00e1t\u00e1s\u00e1t. A z\u00f6ld \u00e1t\u00e1ll\u00e1s, azon bel\u00fcl a z\u00e9r\u00f3 nett\u00f3 kibocs\u00e1t\u00e1s a munkaer\u0151piacokat is megmozgatja vil\u00e1gszinten. Az OECD id\u00e9n ny\u00e1ron [&hellip;]<\/p>\n","protected":false},"author":1,"featured_media":8010,"comment_status":"closed","ping_status":"closed","sticky":false,"template":"","format":"standard","meta":{"_monsterinsights_skip_tracking":false,"footnotes":""},"categories":[200],"tags":[838,837],"class_list":["post-8009","post","type-post","status-publish","format-standard","has-post-thumbnail","hentry","category-munkaeropiac","tag-zold-atallas","tag-zold-foglalkoztatas"],"aioseo_notices":[],"aioseo_head":"\n\t\t<!-- All in One SEO 5.0.0.1 - aioseo.com -->\n\t<meta name=\"description\" content=\"Folyamatosan \u00e1talakul az elk\u00f6vetkez\u0151 \u00e9vekben a munkaer\u0151piac a sz\u00fcks\u00e9ges z\u00f6ld \u00e1t\u00e1ll\u00e1sok miatt.\" \/>\n\t<meta name=\"robots\" content=\"max-image-preview:large\" \/>\n\t<meta name=\"author\" content=\"Juh\u00e1sz P\u00e9ter\"\/>\n\t<meta name=\"keywords\" content=\"z\u00f6ld \u00e1t\u00e1ll\u00e1s,z\u00f6ld foglalkoztat\u00e1s\" \/>\n\t<link rel=\"canonical\" href=\"https:\/\/allasorias.hu\/hirek\/egyre-tobben-dolgoznak-zold-foglalkoztatasban\/\" \/>\n\t<meta name=\"generator\" content=\"All in One SEO (AIOSEO) 5.0.0.1\" \/>\n\t\t<meta property=\"og:locale\" content=\"hu_HU\" \/>\n\t\t<meta property=\"og:site_name\" content=\"AllasOrias.hu | H\u00edrek-lapszemle | \u00dczleti h\u00edrek az \u00e1ll\u00e1s \u00e9s a munka vil\u00e1g\u00e1b\u00f3l\" \/>\n\t\t<meta property=\"og:type\" content=\"article\" \/>\n\t\t<meta property=\"og:title\" content=\"Z\u00f6ld foglalkoztat\u00e1sban egyre t\u00f6bben dolgoznak\" \/>\n\t\t<meta property=\"og:description\" content=\"Folyamatosan \u00e1talakul az elk\u00f6vetkez\u0151 \u00e9vekben a munkaer\u0151piac a sz\u00fcks\u00e9ges z\u00f6ld \u00e1t\u00e1ll\u00e1sok miatt.\" \/>\n\t\t<meta property=\"og:url\" content=\"https:\/\/allasorias.hu\/hirek\/egyre-tobben-dolgoznak-zold-foglalkoztatasban\/\" \/>\n\t\t<meta property=\"og:image\" content=\"https:\/\/allasorias.hu\/hirek\/wp-content\/uploads\/2024\/11\/zold-foglalkoztatas.jpg\" \/>\n\t\t<meta property=\"og:image:secure_url\" content=\"https:\/\/allasorias.hu\/hirek\/wp-content\/uploads\/2024\/11\/zold-foglalkoztatas.jpg\" \/>\n\t\t<meta property=\"og:image:width\" content=\"1920\" \/>\n\t\t<meta property=\"og:image:height\" content=\"1280\" \/>\n\t\t<meta property=\"article:published_time\" content=\"2024-11-13T14:28:56+00:00\" \/>\n\t\t<meta property=\"article:modified_time\" content=\"2025-05-09T09:14:29+00:00\" \/>\n\t\t<meta property=\"article:publisher\" content=\"https:\/\/www.facebook.com\/allasorias\" \/>\n\t\t<meta name=\"twitter:card\" content=\"summary_large_image\" \/>\n\t\t<meta name=\"twitter:title\" content=\"Z\u00f6ld foglalkoztat\u00e1sban egyre t\u00f6bben dolgoznak\" \/>\n\t\t<meta name=\"twitter:description\" content=\"Folyamatosan \u00e1talakul az elk\u00f6vetkez\u0151 \u00e9vekben a munkaer\u0151piac a sz\u00fcks\u00e9ges z\u00f6ld \u00e1t\u00e1ll\u00e1sok miatt.\" \/>\n\t\t<meta name=\"twitter:image\" content=\"https:\/\/allasorias.hu\/hirek\/wp-content\/uploads\/2024\/11\/zold-foglalkoztatas.jpg\" \/>\n\t\t<meta name=\"twitter:label1\" content=\"Written by\" \/>\n\t\t<meta name=\"twitter:data1\" content=\"Juh\u00e1sz P\u00e9ter\" \/>\n\t\t<meta name=\"twitter:label2\" content=\"Est. reading time\" \/>\n\t\t<meta name=\"twitter:data2\" content=\"3 minutes\" \/>\n\t\t<script type=\"application\/ld+json\" class=\"aioseo-schema\">\n\t\t\t{\"@context\":\"https:\\\/\\\/schema.org\",\"@graph\":[{\"@type\":\"Article\",\"@id\":\"https:\\\/\\\/allasorias.hu\\\/hirek\\\/egyre-tobben-dolgoznak-zold-foglalkoztatasban\\\/#article\",\"name\":\"Z\\u00f6ld foglalkoztat\\u00e1sban egyre t\\u00f6bben dolgoznak\",\"headline\":\"Egyre t\\u00f6bben dolgoznak z\\u00f6ld foglalkoztat\\u00e1sban\",\"author\":{\"@id\":\"https:\\\/\\\/allasorias.hu\\\/hirek\\\/author\\\/admin-allasorias\\\/#author\"},\"publisher\":{\"@id\":\"https:\\\/\\\/allasorias.hu\\\/hirek\\\/#organization\"},\"image\":{\"@type\":\"ImageObject\",\"url\":\"https:\\\/\\\/allasorias.hu\\\/hirek\\\/wp-content\\\/uploads\\\/2024\\\/11\\\/zold-foglalkoztatas.jpg\",\"width\":1920,\"height\":1280,\"caption\":\"Egyre t\\u00f6bben dolgoznak z\\u00f6ld foglalkoztat\\u00e1sban - Allasorias.hu\\\/Hirek\"},\"datePublished\":\"2024-11-13T16:28:56+02:00\",\"dateModified\":\"2025-05-09T11:14:29+02:00\",\"inLanguage\":\"hu-HU\",\"mainEntityOfPage\":{\"@id\":\"https:\\\/\\\/allasorias.hu\\\/hirek\\\/egyre-tobben-dolgoznak-zold-foglalkoztatasban\\\/#webpage\"},\"isPartOf\":{\"@id\":\"https:\\\/\\\/allasorias.hu\\\/hirek\\\/egyre-tobben-dolgoznak-zold-foglalkoztatasban\\\/#webpage\"},\"articleSection\":\"Munkaer\\u0151piac, z\\u00f6ld \\u00e1t\\u00e1ll\\u00e1s, z\\u00f6ld foglalkoztat\\u00e1s\"},{\"@type\":\"BreadcrumbList\",\"@id\":\"https:\\\/\\\/allasorias.hu\\\/hirek\\\/egyre-tobben-dolgoznak-zold-foglalkoztatasban\\\/#breadcrumblist\",\"itemListElement\":[{\"@type\":\"ListItem\",\"@id\":\"https:\\\/\\\/allasorias.hu\\\/hirek#listItem\",\"position\":1,\"name\":\"Home\",\"item\":\"https:\\\/\\\/allasorias.hu\\\/hirek\",\"nextItem\":{\"@type\":\"ListItem\",\"@id\":\"https:\\\/\\\/allasorias.hu\\\/hirek\\\/temak\\\/munkaeropiac\\\/#listItem\",\"name\":\"Munkaer\\u0151piac\"}},{\"@type\":\"ListItem\",\"@id\":\"https:\\\/\\\/allasorias.hu\\\/hirek\\\/temak\\\/munkaeropiac\\\/#listItem\",\"position\":2,\"name\":\"Munkaer\\u0151piac\",\"item\":\"https:\\\/\\\/allasorias.hu\\\/hirek\\\/temak\\\/munkaeropiac\\\/\",\"nextItem\":{\"@type\":\"ListItem\",\"@id\":\"https:\\\/\\\/allasorias.hu\\\/hirek\\\/egyre-tobben-dolgoznak-zold-foglalkoztatasban\\\/#listItem\",\"name\":\"Egyre t\\u00f6bben dolgoznak z\\u00f6ld foglalkoztat\\u00e1sban\"},\"previousItem\":{\"@type\":\"ListItem\",\"@id\":\"https:\\\/\\\/allasorias.hu\\\/hirek#listItem\",\"name\":\"Home\"}},{\"@type\":\"ListItem\",\"@id\":\"https:\\\/\\\/allasorias.hu\\\/hirek\\\/egyre-tobben-dolgoznak-zold-foglalkoztatasban\\\/#listItem\",\"position\":3,\"name\":\"Egyre t\\u00f6bben dolgoznak z\\u00f6ld foglalkoztat\\u00e1sban\",\"previousItem\":{\"@type\":\"ListItem\",\"@id\":\"https:\\\/\\\/allasorias.hu\\\/hirek\\\/temak\\\/munkaeropiac\\\/#listItem\",\"name\":\"Munkaer\\u0151piac\"}}]},{\"@type\":\"Organization\",\"@id\":\"https:\\\/\\\/allasorias.hu\\\/hirek\\\/#organization\",\"name\":\"AllasOrias.hu | H\\u00edrek-lapszemle\",\"description\":\"\\u00dczleti h\\u00edrek az \\u00e1ll\\u00e1s \\u00e9s a munka vil\\u00e1g\\u00e1b\\u00f3l\",\"url\":\"https:\\\/\\\/allasorias.hu\\\/hirek\\\/\",\"logo\":{\"@type\":\"ImageObject\",\"url\":\"https:\\\/\\\/allasorias.hu\\\/hirek\\\/wp-content\\\/uploads\\\/2022\\\/10\\\/allasorias_site_facebok_logo.png\",\"@id\":\"https:\\\/\\\/allasorias.hu\\\/hirek\\\/egyre-tobben-dolgoznak-zold-foglalkoztatasban\\\/#organizationLogo\"},\"image\":{\"@id\":\"https:\\\/\\\/allasorias.hu\\\/hirek\\\/egyre-tobben-dolgoznak-zold-foglalkoztatasban\\\/#organizationLogo\"},\"sameAs\":[\"https:\\\/\\\/www.facebook.com\\\/allasorias\",\"https:\\\/\\\/www.linkedin.com\\\/company\\\/allasorias\"]},{\"@type\":\"Person\",\"@id\":\"https:\\\/\\\/allasorias.hu\\\/hirek\\\/author\\\/admin-allasorias\\\/#author\",\"url\":\"https:\\\/\\\/allasorias.hu\\\/hirek\\\/author\\\/admin-allasorias\\\/\",\"name\":\"Juh\\u00e1sz P\\u00e9ter\",\"image\":{\"@type\":\"ImageObject\",\"@id\":\"https:\\\/\\\/allasorias.hu\\\/hirek\\\/egyre-tobben-dolgoznak-zold-foglalkoztatasban\\\/#authorImage\",\"url\":\"https:\\\/\\\/secure.gravatar.com\\\/avatar\\\/36e6bcb83148978b992977cb0f54d22feb0cce8a0a849a9410532bb2623ba4c6?s=96&d=mm&r=g\",\"width\":96,\"height\":96,\"caption\":\"Juh\\u00e1sz P\\u00e9ter\"}},{\"@type\":\"WebPage\",\"@id\":\"https:\\\/\\\/allasorias.hu\\\/hirek\\\/egyre-tobben-dolgoznak-zold-foglalkoztatasban\\\/#webpage\",\"url\":\"https:\\\/\\\/allasorias.hu\\\/hirek\\\/egyre-tobben-dolgoznak-zold-foglalkoztatasban\\\/\",\"name\":\"Z\\u00f6ld foglalkoztat\\u00e1sban egyre t\\u00f6bben dolgoznak\",\"description\":\"Folyamatosan \\u00e1talakul az elk\\u00f6vetkez\\u0151 \\u00e9vekben a munkaer\\u0151piac a sz\\u00fcks\\u00e9ges z\\u00f6ld \\u00e1t\\u00e1ll\\u00e1sok miatt.\",\"inLanguage\":\"hu-HU\",\"isPartOf\":{\"@id\":\"https:\\\/\\\/allasorias.hu\\\/hirek\\\/#website\"},\"breadcrumb\":{\"@id\":\"https:\\\/\\\/allasorias.hu\\\/hirek\\\/egyre-tobben-dolgoznak-zold-foglalkoztatasban\\\/#breadcrumblist\"},\"author\":{\"@id\":\"https:\\\/\\\/allasorias.hu\\\/hirek\\\/author\\\/admin-allasorias\\\/#author\"},\"creator\":{\"@id\":\"https:\\\/\\\/allasorias.hu\\\/hirek\\\/author\\\/admin-allasorias\\\/#author\"},\"image\":{\"@type\":\"ImageObject\",\"url\":\"https:\\\/\\\/allasorias.hu\\\/hirek\\\/wp-content\\\/uploads\\\/2024\\\/11\\\/zold-foglalkoztatas.jpg\",\"@id\":\"https:\\\/\\\/allasorias.hu\\\/hirek\\\/egyre-tobben-dolgoznak-zold-foglalkoztatasban\\\/#mainImage\",\"width\":1920,\"height\":1280,\"caption\":\"Egyre t\\u00f6bben dolgoznak z\\u00f6ld foglalkoztat\\u00e1sban - Allasorias.hu\\\/Hirek\"},\"primaryImageOfPage\":{\"@id\":\"https:\\\/\\\/allasorias.hu\\\/hirek\\\/egyre-tobben-dolgoznak-zold-foglalkoztatasban\\\/#mainImage\"},\"datePublished\":\"2024-11-13T16:28:56+02:00\",\"dateModified\":\"2025-05-09T11:14:29+02:00\"},{\"@type\":\"WebSite\",\"@id\":\"https:\\\/\\\/allasorias.hu\\\/hirek\\\/#website\",\"url\":\"https:\\\/\\\/allasorias.hu\\\/hirek\\\/\",\"name\":\"AllasOrias.hu | H\\u00edrek-lapszemle\",\"description\":\"\\u00dczleti h\\u00edrek az \\u00e1ll\\u00e1s \\u00e9s a munka vil\\u00e1g\\u00e1b\\u00f3l\",\"inLanguage\":\"hu-HU\",\"publisher\":{\"@id\":\"https:\\\/\\\/allasorias.hu\\\/hirek\\\/#organization\"}}]}\n\t\t<\/script>\n\t\t<!-- All in One SEO -->\n\n","aioseo_head_json":{"title":"Z\u00f6ld foglalkoztat\u00e1sban egyre t\u00f6bben dolgoznak","description":"Folyamatosan \u00e1talakul az elk\u00f6vetkez\u0151 \u00e9vekben a munkaer\u0151piac a sz\u00fcks\u00e9ges z\u00f6ld \u00e1t\u00e1ll\u00e1sok miatt.","canonical_url":"https:\/\/allasorias.hu\/hirek\/egyre-tobben-dolgoznak-zold-foglalkoztatasban\/","robots":"max-image-preview:large","keywords":"z\u00f6ld \u00e1t\u00e1ll\u00e1s,z\u00f6ld foglalkoztat\u00e1s","webmasterTools":{"miscellaneous":""},"schema":{"@context":"https:\/\/schema.org","@graph":[{"@type":"Article","@id":"https:\/\/allasorias.hu\/hirek\/egyre-tobben-dolgoznak-zold-foglalkoztatasban\/#article","name":"Z\u00f6ld foglalkoztat\u00e1sban egyre t\u00f6bben dolgoznak","headline":"Egyre t\u00f6bben dolgoznak z\u00f6ld foglalkoztat\u00e1sban","author":{"@id":"https:\/\/allasorias.hu\/hirek\/author\/admin-allasorias\/#author"},"publisher":{"@id":"https:\/\/allasorias.hu\/hirek\/#organization"},"image":{"@type":"ImageObject","url":"https:\/\/allasorias.hu\/hirek\/wp-content\/uploads\/2024\/11\/zold-foglalkoztatas.jpg","width":1920,"height":1280,"caption":"Egyre t\u00f6bben dolgoznak z\u00f6ld foglalkoztat\u00e1sban - Allasorias.hu\/Hirek"},"datePublished":"2024-11-13T16:28:56+02:00","dateModified":"2025-05-09T11:14:29+02:00","inLanguage":"hu-HU","mainEntityOfPage":{"@id":"https:\/\/allasorias.hu\/hirek\/egyre-tobben-dolgoznak-zold-foglalkoztatasban\/#webpage"},"isPartOf":{"@id":"https:\/\/allasorias.hu\/hirek\/egyre-tobben-dolgoznak-zold-foglalkoztatasban\/#webpage"},"articleSection":"Munkaer\u0151piac, z\u00f6ld \u00e1t\u00e1ll\u00e1s, z\u00f6ld foglalkoztat\u00e1s"},{"@type":"BreadcrumbList","@id":"https:\/\/allasorias.hu\/hirek\/egyre-tobben-dolgoznak-zold-foglalkoztatasban\/#breadcrumblist","itemListElement":[{"@type":"ListItem","@id":"https:\/\/allasorias.hu\/hirek#listItem","position":1,"name":"Home","item":"https:\/\/allasorias.hu\/hirek","nextItem":{"@type":"ListItem","@id":"https:\/\/allasorias.hu\/hirek\/temak\/munkaeropiac\/#listItem","name":"Munkaer\u0151piac"}},{"@type":"ListItem","@id":"https:\/\/allasorias.hu\/hirek\/temak\/munkaeropiac\/#listItem","position":2,"name":"Munkaer\u0151piac","item":"https:\/\/allasorias.hu\/hirek\/temak\/munkaeropiac\/","nextItem":{"@type":"ListItem","@id":"https:\/\/allasorias.hu\/hirek\/egyre-tobben-dolgoznak-zold-foglalkoztatasban\/#listItem","name":"Egyre t\u00f6bben dolgoznak z\u00f6ld foglalkoztat\u00e1sban"},"previousItem":{"@type":"ListItem","@id":"https:\/\/allasorias.hu\/hirek#listItem","name":"Home"}},{"@type":"ListItem","@id":"https:\/\/allasorias.hu\/hirek\/egyre-tobben-dolgoznak-zold-foglalkoztatasban\/#listItem","position":3,"name":"Egyre t\u00f6bben dolgoznak z\u00f6ld foglalkoztat\u00e1sban","previousItem":{"@type":"ListItem","@id":"https:\/\/allasorias.hu\/hirek\/temak\/munkaeropiac\/#listItem","name":"Munkaer\u0151piac"}}]},{"@type":"Organization","@id":"https:\/\/allasorias.hu\/hirek\/#organization","name":"AllasOrias.hu | H\u00edrek-lapszemle","description":"\u00dczleti h\u00edrek az \u00e1ll\u00e1s \u00e9s a munka vil\u00e1g\u00e1b\u00f3l","url":"https:\/\/allasorias.hu\/hirek\/","logo":{"@type":"ImageObject","url":"https:\/\/allasorias.hu\/hirek\/wp-content\/uploads\/2022\/10\/allasorias_site_facebok_logo.png","@id":"https:\/\/allasorias.hu\/hirek\/egyre-tobben-dolgoznak-zold-foglalkoztatasban\/#organizationLogo"},"image":{"@id":"https:\/\/allasorias.hu\/hirek\/egyre-tobben-dolgoznak-zold-foglalkoztatasban\/#organizationLogo"},"sameAs":["https:\/\/www.facebook.com\/allasorias","https:\/\/www.linkedin.com\/company\/allasorias"]},{"@type":"Person","@id":"https:\/\/allasorias.hu\/hirek\/author\/admin-allasorias\/#author","url":"https:\/\/allasorias.hu\/hirek\/author\/admin-allasorias\/","name":"Juh\u00e1sz P\u00e9ter","image":{"@type":"ImageObject","@id":"https:\/\/allasorias.hu\/hirek\/egyre-tobben-dolgoznak-zold-foglalkoztatasban\/#authorImage","url":"https:\/\/secure.gravatar.com\/avatar\/36e6bcb83148978b992977cb0f54d22feb0cce8a0a849a9410532bb2623ba4c6?s=96&d=mm&r=g","width":96,"height":96,"caption":"Juh\u00e1sz P\u00e9ter"}},{"@type":"WebPage","@id":"https:\/\/allasorias.hu\/hirek\/egyre-tobben-dolgoznak-zold-foglalkoztatasban\/#webpage","url":"https:\/\/allasorias.hu\/hirek\/egyre-tobben-dolgoznak-zold-foglalkoztatasban\/","name":"Z\u00f6ld foglalkoztat\u00e1sban egyre t\u00f6bben dolgoznak","description":"Folyamatosan \u00e1talakul az elk\u00f6vetkez\u0151 \u00e9vekben a munkaer\u0151piac a sz\u00fcks\u00e9ges z\u00f6ld \u00e1t\u00e1ll\u00e1sok miatt.","inLanguage":"hu-HU","isPartOf":{"@id":"https:\/\/allasorias.hu\/hirek\/#website"},"breadcrumb":{"@id":"https:\/\/allasorias.hu\/hirek\/egyre-tobben-dolgoznak-zold-foglalkoztatasban\/#breadcrumblist"},"author":{"@id":"https:\/\/allasorias.hu\/hirek\/author\/admin-allasorias\/#author"},"creator":{"@id":"https:\/\/allasorias.hu\/hirek\/author\/admin-allasorias\/#author"},"image":{"@type":"ImageObject","url":"https:\/\/allasorias.hu\/hirek\/wp-content\/uploads\/2024\/11\/zold-foglalkoztatas.jpg","@id":"https:\/\/allasorias.hu\/hirek\/egyre-tobben-dolgoznak-zold-foglalkoztatasban\/#mainImage","width":1920,"height":1280,"caption":"Egyre t\u00f6bben dolgoznak z\u00f6ld foglalkoztat\u00e1sban - Allasorias.hu\/Hirek"},"primaryImageOfPage":{"@id":"https:\/\/allasorias.hu\/hirek\/egyre-tobben-dolgoznak-zold-foglalkoztatasban\/#mainImage"},"datePublished":"2024-11-13T16:28:56+02:00","dateModified":"2025-05-09T11:14:29+02:00"},{"@type":"WebSite","@id":"https:\/\/allasorias.hu\/hirek\/#website","url":"https:\/\/allasorias.hu\/hirek\/","name":"AllasOrias.hu | H\u00edrek-lapszemle","description":"\u00dczleti h\u00edrek az \u00e1ll\u00e1s \u00e9s a munka vil\u00e1g\u00e1b\u00f3l","inLanguage":"hu-HU","publisher":{"@id":"https:\/\/allasorias.hu\/hirek\/#organization"}}]},"og:locale":"hu_HU","og:site_name":"AllasOrias.hu | H\u00edrek-lapszemle | \u00dczleti h\u00edrek az \u00e1ll\u00e1s \u00e9s a munka vil\u00e1g\u00e1b\u00f3l","og:type":"article","og:title":"Z\u00f6ld foglalkoztat\u00e1sban egyre t\u00f6bben dolgoznak","og:description":"Folyamatosan \u00e1talakul az elk\u00f6vetkez\u0151 \u00e9vekben a munkaer\u0151piac a sz\u00fcks\u00e9ges z\u00f6ld \u00e1t\u00e1ll\u00e1sok miatt.","og:url":"https:\/\/allasorias.hu\/hirek\/egyre-tobben-dolgoznak-zold-foglalkoztatasban\/","og:image":"https:\/\/allasorias.hu\/hirek\/wp-content\/uploads\/2024\/11\/zold-foglalkoztatas.jpg","og:image:secure_url":"https:\/\/allasorias.hu\/hirek\/wp-content\/uploads\/2024\/11\/zold-foglalkoztatas.jpg","og:image:width":1920,"og:image:height":1280,"article:published_time":"2024-11-13T14:28:56+00:00","article:modified_time":"2025-05-09T09:14:29+00:00","article:publisher":"https:\/\/www.facebook.com\/allasorias","twitter:card":"summary_large_image","twitter:title":"Z\u00f6ld foglalkoztat\u00e1sban egyre t\u00f6bben dolgoznak","twitter:description":"Folyamatosan \u00e1talakul az elk\u00f6vetkez\u0151 \u00e9vekben a munkaer\u0151piac a sz\u00fcks\u00e9ges z\u00f6ld \u00e1t\u00e1ll\u00e1sok miatt.","twitter:image":"https:\/\/allasorias.hu\/hirek\/wp-content\/uploads\/2024\/11\/zold-foglalkoztatas.jpg","twitter:label1":"Written by","twitter:data1":"Juh\u00e1sz P\u00e9ter","twitter:label2":"Est. reading time","twitter:data2":"3 minutes"},"aioseo_meta_data":{"post_id":"8009","title":"Z\u00f6ld foglalkoztat\u00e1sban egyre t\u00f6bben dolgoznak","description":"Folyamatosan \u00e1talakul az elk\u00f6vetkez\u0151 \u00e9vekben a munkaer\u0151piac a sz\u00fcks\u00e9ges z\u00f6ld \u00e1t\u00e1ll\u00e1sok miatt.","keywords":null,"keyphrases":{"focus":{"keyphrase":"","score":0,"analysis":{"keyphraseInTitle":{"score":0,"maxScore":9,"error":1}}},"additional":[]},"primary_term":null,"canonical_url":null,"og_title":null,"og_description":null,"og_object_type":"default","og_image_type":"default","og_image_url":null,"og_image_width":null,"og_image_height":null,"og_image_custom_url":null,"og_image_custom_fields":null,"og_video":"","og_custom_url":null,"og_article_section":null,"og_article_tags":null,"twitter_use_og":true,"twitter_card":"default","twitter_image_type":"default","twitter_image_url":null,"twitter_image_custom_url":null,"twitter_image_custom_fields":null,"twitter_title":null,"twitter_description":null,"schema":{"blockGraphs":[],"customGraphs":[],"default":{"data":{"Article":[],"Course":[],"Dataset":[],"FAQPage":[],"Movie":[],"Person":[],"Product":[],"ProductReview":[],"Car":[],"Recipe":[],"Service":[],"SoftwareApplication":[],"WebPage":[]},"graphName":"Article","isEnabled":true},"graphs":[]},"schema_type":"default","schema_type_options":null,"pillar_content":false,"robots_default":true,"robots_noindex":false,"robots_noarchive":false,"robots_nosnippet":false,"robots_nofollow":false,"robots_noimageindex":false,"robots_noodp":false,"robots_notranslate":false,"robots_max_snippet":"-1","robots_max_videopreview":"-1","robots_max_imagepreview":"large","priority":null,"frequency":"default","location":null,"local_seo":null,"breadcrumb_settings":null,"limit_modified_date":false,"ai":null,"created":"2024-11-13 14:19:33","updated":"2025-10-02 20:39:32","seo_analyzer_scan_date":null,"focus_keyword":null,"additional_keywords":null,"truseo_locale":null},"aioseo_breadcrumb":"<div class=\"aioseo-breadcrumbs\"><span class=\"aioseo-breadcrumb\">\n\t\t\t<a href=\"https:\/\/allasorias.hu\/hirek\" title=\"Home\">Home<\/a>\n\t\t<\/span><span class=\"aioseo-breadcrumb-separator\">&raquo;<\/span><span class=\"aioseo-breadcrumb\">\n\t\t\t<a href=\"https:\/\/allasorias.hu\/hirek\/temak\/munkaeropiac\/\" title=\"Munkaer\u0151piac\">Munkaer\u0151piac<\/a>\n\t\t<\/span><span class=\"aioseo-breadcrumb-separator\">&raquo;<\/span><span class=\"aioseo-breadcrumb\">\n\t\t\tEgyre t\u00f6bben dolgoznak z\u00f6ld foglalkoztat\u00e1sban\n\t\t<\/span><\/div>","aioseo_breadcrumb_json":[{"label":"Home","link":"https:\/\/allasorias.hu\/hirek"},{"label":"Munkaer\u0151piac","link":"https:\/\/allasorias.hu\/hirek\/temak\/munkaeropiac\/"},{"label":"Egyre t\u00f6bben dolgoznak z\u00f6ld foglalkoztat\u00e1sban","link":"https:\/\/allasorias.hu\/hirek\/egyre-tobben-dolgoznak-zold-foglalkoztatasban\/"}],"_links":{"self":[{"href":"https:\/\/allasorias.hu\/hirek\/wp-json\/wp\/v2\/posts\/8009","targetHints":{"allow":["GET"]}}],"collection":[{"href":"https:\/\/allasorias.hu\/hirek\/wp-json\/wp\/v2\/posts"}],"about":[{"href":"https:\/\/allasorias.hu\/hirek\/wp-json\/wp\/v2\/types\/post"}],"author":[{"embeddable":true,"href":"https:\/\/allasorias.hu\/hirek\/wp-json\/wp\/v2\/users\/1"}],"replies":[{"embeddable":true,"href":"https:\/\/allasorias.hu\/hirek\/wp-json\/wp\/v2\/comments?post=8009"}],"version-history":[{"count":3,"href":"https:\/\/allasorias.hu\/hirek\/wp-json\/wp\/v2\/posts\/8009\/revisions"}],"predecessor-version":[{"id":8419,"href":"https:\/\/allasorias.hu\/hirek\/wp-json\/wp\/v2\/posts\/8009\/revisions\/8419"}],"wp:featuredmedia":[{"embeddable":true,"href":"https:\/\/allasorias.hu\/hirek\/wp-json\/wp\/v2\/media\/8010"}],"wp:attachment":[{"href":"https:\/\/allasorias.hu\/hirek\/wp-json\/wp\/v2\/media?parent=8009"}],"wp:term":[{"taxonomy":"category","embeddable":true,"href":"https:\/\/allasorias.hu\/hirek\/wp-json\/wp\/v2\/categories?post=8009"},{"taxonomy":"post_tag","embeddable":true,"href":"https:\/\/allasorias.hu\/hirek\/wp-json\/wp\/v2\/tags?post=8009"}],"curies":[{"name":"wp","href":"https:\/\/api.w.org\/{rel}","templated":true}]}}