{"id":8000,"date":"2024-11-08T12:42:24","date_gmt":"2024-11-08T10:42:24","guid":{"rendered":"https:\/\/allasorias.hu\/hirek\/?p=8000"},"modified":"2024-11-08T12:42:24","modified_gmt":"2024-11-08T10:42:24","slug":"nem-valtoztatnak-a-nyugdijrendszeren","status":"publish","type":"post","link":"https:\/\/allasorias.hu\/hirek\/nem-valtoztatnak-a-nyugdijrendszeren\/","title":{"rendered":"Nem v\u00e1ltoztatnak a nyugd\u00edjrendszeren"},"content":{"rendered":"<p><strong>A nyugd\u00edjkiad\u00e1sok biztos\u00edtottak Magyarorsz\u00e1gon, ez\u00e9rt egyel\u0151re \u00e9vekig nem sz\u00e1nd\u00e9kozik a korm\u00e1ny v\u00e1ltoztatni a kialak\u00edtott rendszeren. Ezt t\u00e1masztja al\u00e1 az OECD jelent\u00e9se is.<\/strong><\/p>\n<p>Magyarorsz\u00e1g korm\u00e1nya beny\u00fajtotta Magyarorsz\u00e1g K\u00f6z\u00e9pt\u00e1v\u00fa K\u00f6lts\u00e9gvet\u00e9si-Struktur\u00e1lis Terv\u00e9t, mely nyilv\u00e1noss\u00e1 is v\u00e1lt az Eur\u00f3pai Bizotts\u00e1g honlapj\u00e1n. A tervezetb\u0151l kider\u00fcl, hogy az eddigi korm\u00e1nyzati int\u00e9zked\u00e9sek figyelembev\u00e9tel\u00e9vel egy\u00fctt 2025-ben is megkapj\u00e1k a nyugd\u00edjasok a 13. havi nyugd\u00edjat, \u00e9s az is, hogy a k\u00f6vetkez\u0151 10 \u00e9vben marad a jelenlegi rendszer a tervek szerint.<\/p>\n<h2>Meg\u0151rzik a nyugd\u00edjak re\u00e1l\u00e9rt\u00e9k\u00e9t<\/h2>\n<p>Mint azt az uni\u00f3nak beny\u00fajtott j\u00f6v\u0151 \u00e9vi k\u00f6lts\u00e9gvet\u00e9si tervezetben megfogalmazt\u00e1k, az eddig meghozott korm\u00e1nyzati int\u00e9zked\u00e9seket figyelembe v\u00e9ve nem csak a 13. havi nyugd\u00edjra sz\u00e1m\u00edthatnak majd 2025-ben is a nyugd\u00edjasok, de a nyugd\u00edjak re\u00e1l\u00e9rt\u00e9k\u00e9t is meg\u0151rzik a j\u00f6v\u0151 \u00e9v folyam\u00e1n. A magyar nyugd\u00edjrendszer fenntarthat\u00f3s\u00e1g\u00e1val kapcsolatban f\u00fcggetlen szak\u00e9rt\u0151 v\u00e9lem\u00e9ny\u00e9t is kik\u00e9rt\u00e9k az OECD mellett, hogy kider\u00fclj\u00f6n, mennyire fenntarthat\u00f3.<\/p>\n<p>A magyar nyugd\u00edjrendszert a Gazdas\u00e1gi Egy\u00fcttm\u0171k\u00f6d\u00e9si \u00e9s Fejleszt\u00e9si Szervezet (OECD) is vizsg\u00e1lta, jelent\u00e9s\u00fcket m\u00e9g 2024. j\u00fanius\u00e1ban tett\u00e9k k\u00f6zz\u00e9 honlapjukon. Amint azt a k\u00f6z\u00e9pt\u00e1v\u00fa k\u00f6lts\u00e9gvet\u00e9si-struktur\u00e1lis tervezetben \u00edrj\u00e1k, a f\u00fcggetlen szak\u00e9rt\u0151i vizsg\u00e1lat elismer\u0151en nyilatkozott a hazai nyugd\u00edjrendszerr\u0151l. Kiemelt\u00e9k, hogy &#8222;<em>az ido\u030bskori\u00a0 szege\u0301nyse\u0301g megakada\u0301lyoza\u0301sa szempontja\u0301bo\u0301l a magyar nyugdi\u0301jrendszer jo\u0301l teljesi\u0301t, amit bizonyi\u0301t, hogy Magyarorsza\u0301gon me\u0301g nemzetko\u0308zi o\u0308sszehasonli\u0301ta\u0301sban is kifejezetten alacsony az ido\u030bskori relati\u0301v szege\u0301nyse\u0301g.<\/em>&#8221;<\/p>\n<h2>Nem indokolt a v\u00e1ltoztat\u00e1s<\/h2>\n<p>A jelente\u0301sben elismerte\u0301k azokat a 2011- 2012-ben ve\u0301grehajtott va\u0301ltoztata\u0301sokat is, amelyeknek ko\u0308szo\u0308nheto\u030ben a nyugdi\u0301jrendszer stabilan e\u0301s fenntarthato\u0301an\u00a0 mu\u030bko\u0308dik. Mivel a nyugdi\u0301jkiada\u0301sok finanszi\u0301roza\u0301sa biztosi\u0301tott, eze\u0301rt a korma\u0301ny a ko\u0308zeljo\u0308vo\u030bben nem tervez va\u0301ltoztata\u0301st ezzel kapcsolatban, \u00e1ll az Eur\u00f3pai Bizotts\u00e1g honlapj\u00e1n megosztott tervezetben. &#8222;<em>A nyugdi\u0301jrendszerbe valo\u0301 beavatkoza\u0301s az elko\u0308vetkezendo\u030b e\u0301vtizedben nem indokolt<\/em>&#8221; \u2013 \u00edrj\u00e1k.<\/p>\n<p>Meger\u0151s\u00edtik tov\u00e1bb\u00e1, hogy a korma\u0301ny garant\u00e1lja a nyugdi\u0301jak e\u0301rte\u0301ka\u0301llo\u0301sa\u0301ga\u0301t, e\u0301s a 13. havi nyugdi\u0301jat is kifizeti. A nyugdi\u0301jkorhata\u0301r tova\u0301bbi emele\u0301se sem indokolt, e\u0301s a korma\u0301ny tova\u0301bbra is biztosi\u0301tja a no\u030bk sza\u0301ma\u0301ra a ketto\u030bs szerepva\u0301llala\u0301suk elismere\u0301se\u0301t jelento\u030b, 40 e\u0301v jogviszony alapja\u0301n a korhata\u0301r beto\u0308lte\u0301se elo\u030btt ige\u0301nybe veheto\u030b nyugdi\u0301jat. A korma\u0301ny a nyugdi\u0301jak kifizete\u0301se\u0301t nem megszori\u0301ta\u0301sokkal, hanem a gazdasa\u0301g ero\u030bsi\u0301te\u0301se\u0301vel, a foglalkoztatottak sza\u0301ma\u0301nak no\u0308vele\u0301se\u0301vel biztosi\u0301tja.<\/p>\n<p>&nbsp;<\/p>\n<p>Forr\u00e1s: <a href=\"https:\/\/divany.hu\/eletem\/nyugdij-terv\/\" target=\"_blank\" rel=\"nofollow noopener noreferrer\">divany.hu<\/a><\/p>\n","protected":false},"excerpt":{"rendered":"<p>A nyugd\u00edjkiad\u00e1sok biztos\u00edtottak Magyarorsz\u00e1gon, ez\u00e9rt egyel\u0151re \u00e9vekig nem sz\u00e1nd\u00e9kozik a korm\u00e1ny v\u00e1ltoztatni a kialak\u00edtott rendszeren. Ezt t\u00e1masztja al\u00e1 az OECD jelent\u00e9se is. Magyarorsz\u00e1g korm\u00e1nya beny\u00fajtotta Magyarorsz\u00e1g K\u00f6z\u00e9pt\u00e1v\u00fa K\u00f6lts\u00e9gvet\u00e9si-Struktur\u00e1lis Terv\u00e9t, mely nyilv\u00e1noss\u00e1 is v\u00e1lt az Eur\u00f3pai Bizotts\u00e1g honlapj\u00e1n. A tervezetb\u0151l kider\u00fcl, hogy az eddigi korm\u00e1nyzati int\u00e9zked\u00e9sek figyelembev\u00e9tel\u00e9vel egy\u00fctt 2025-ben is megkapj\u00e1k a nyugd\u00edjasok a 13. havi [&hellip;]<\/p>\n","protected":false},"author":1,"featured_media":8001,"comment_status":"closed","ping_status":"closed","sticky":false,"template":"","format":"standard","meta":{"_monsterinsights_skip_tracking":false,"footnotes":""},"categories":[198],"tags":[396,385],"class_list":["post-8000","post","type-post","status-publish","format-standard","has-post-thumbnail","hentry","category-gazdasag","tag-nyugdij","tag-nyugdijas"],"aioseo_notices":[],"aioseo_head":"\n\t\t<!-- All in One SEO 5.0.0.1 - aioseo.com -->\n\t<meta name=\"description\" content=\"A nyugd\u00edjkiad\u00e1sok biztos\u00edtottak Magyarorsz\u00e1gon, ez\u00e9rt egyel\u0151re \u00e9vekig nem sz\u00e1nd\u00e9kozik a korm\u00e1ny v\u00e1ltoztatni a kialak\u00edtott rendszeren.\" \/>\n\t<meta name=\"robots\" content=\"max-image-preview:large\" \/>\n\t<meta name=\"author\" content=\"Juh\u00e1sz P\u00e9ter\"\/>\n\t<meta name=\"keywords\" content=\"nyugd\u00edj,nyugd\u00edjas\" \/>\n\t<link rel=\"canonical\" href=\"https:\/\/allasorias.hu\/hirek\/nem-valtoztatnak-a-nyugdijrendszeren\/\" \/>\n\t<meta name=\"generator\" content=\"All in One SEO (AIOSEO) 5.0.0.1\" \/>\n\t\t<meta property=\"og:locale\" content=\"hu_HU\" \/>\n\t\t<meta property=\"og:site_name\" content=\"AllasOrias.hu | H\u00edrek-lapszemle | \u00dczleti h\u00edrek az \u00e1ll\u00e1s \u00e9s a munka vil\u00e1g\u00e1b\u00f3l\" \/>\n\t\t<meta property=\"og:type\" content=\"article\" \/>\n\t\t<meta property=\"og:title\" content=\"Nem v\u00e1ltoztatnak a nyugd\u00edjrendszeren | Allasorias.hu\/Hirek\" \/>\n\t\t<meta property=\"og:description\" content=\"A nyugd\u00edjkiad\u00e1sok biztos\u00edtottak Magyarorsz\u00e1gon, ez\u00e9rt egyel\u0151re \u00e9vekig nem sz\u00e1nd\u00e9kozik a korm\u00e1ny v\u00e1ltoztatni a kialak\u00edtott rendszeren.\" \/>\n\t\t<meta property=\"og:url\" content=\"https:\/\/allasorias.hu\/hirek\/nem-valtoztatnak-a-nyugdijrendszeren\/\" \/>\n\t\t<meta property=\"og:image\" content=\"https:\/\/allasorias.hu\/hirek\/wp-content\/uploads\/2024\/11\/nyugdijas-ferfi-sporol.jpg\" \/>\n\t\t<meta property=\"og:image:secure_url\" content=\"https:\/\/allasorias.hu\/hirek\/wp-content\/uploads\/2024\/11\/nyugdijas-ferfi-sporol.jpg\" \/>\n\t\t<meta property=\"og:image:width\" content=\"1920\" \/>\n\t\t<meta property=\"og:image:height\" content=\"1242\" \/>\n\t\t<meta property=\"article:published_time\" content=\"2024-11-08T10:42:24+00:00\" \/>\n\t\t<meta property=\"article:modified_time\" content=\"2024-11-08T10:42:24+00:00\" \/>\n\t\t<meta property=\"article:publisher\" content=\"https:\/\/www.facebook.com\/allasorias\" \/>\n\t\t<meta name=\"twitter:card\" content=\"summary_large_image\" \/>\n\t\t<meta name=\"twitter:title\" content=\"Nem v\u00e1ltoztatnak a nyugd\u00edjrendszeren | Allasorias.hu\/Hirek\" \/>\n\t\t<meta name=\"twitter:description\" content=\"A nyugd\u00edjkiad\u00e1sok biztos\u00edtottak Magyarorsz\u00e1gon, ez\u00e9rt egyel\u0151re \u00e9vekig nem sz\u00e1nd\u00e9kozik a korm\u00e1ny v\u00e1ltoztatni a kialak\u00edtott rendszeren.\" \/>\n\t\t<meta name=\"twitter:image\" content=\"https:\/\/allasorias.hu\/hirek\/wp-content\/uploads\/2024\/11\/nyugdijas-ferfi-sporol.jpg\" \/>\n\t\t<meta name=\"twitter:label1\" content=\"Written by\" \/>\n\t\t<meta name=\"twitter:data1\" content=\"Juh\u00e1sz P\u00e9ter\" \/>\n\t\t<meta name=\"twitter:label2\" content=\"Est. reading time\" \/>\n\t\t<meta name=\"twitter:data2\" content=\"3 minutes\" \/>\n\t\t<script type=\"application\/ld+json\" class=\"aioseo-schema\">\n\t\t\t{\"@context\":\"https:\\\/\\\/schema.org\",\"@graph\":[{\"@type\":\"Article\",\"@id\":\"https:\\\/\\\/allasorias.hu\\\/hirek\\\/nem-valtoztatnak-a-nyugdijrendszeren\\\/#article\",\"name\":\"Nem v\\u00e1ltoztatnak a nyugd\\u00edjrendszeren | Allasorias.hu\\\/Hirek\",\"headline\":\"Nem v\\u00e1ltoztatnak a nyugd\\u00edjrendszeren\",\"author\":{\"@id\":\"https:\\\/\\\/allasorias.hu\\\/hirek\\\/author\\\/admin-allasorias\\\/#author\"},\"publisher\":{\"@id\":\"https:\\\/\\\/allasorias.hu\\\/hirek\\\/#organization\"},\"image\":{\"@type\":\"ImageObject\",\"url\":\"https:\\\/\\\/allasorias.hu\\\/hirek\\\/wp-content\\\/uploads\\\/2024\\\/11\\\/nyugdijas-ferfi-sporol.jpg\",\"width\":1920,\"height\":1242,\"caption\":\"Nem v\\u00e1ltoztatnak a nyugd\\u00edjrendszeren - Allasorias.hu\\\/Hirek\"},\"datePublished\":\"2024-11-08T12:42:24+02:00\",\"dateModified\":\"2024-11-08T12:42:24+02:00\",\"inLanguage\":\"hu-HU\",\"mainEntityOfPage\":{\"@id\":\"https:\\\/\\\/allasorias.hu\\\/hirek\\\/nem-valtoztatnak-a-nyugdijrendszeren\\\/#webpage\"},\"isPartOf\":{\"@id\":\"https:\\\/\\\/allasorias.hu\\\/hirek\\\/nem-valtoztatnak-a-nyugdijrendszeren\\\/#webpage\"},\"articleSection\":\"Gazdas\\u00e1g, nyugd\\u00edj, nyugd\\u00edjas\"},{\"@type\":\"BreadcrumbList\",\"@id\":\"https:\\\/\\\/allasorias.hu\\\/hirek\\\/nem-valtoztatnak-a-nyugdijrendszeren\\\/#breadcrumblist\",\"itemListElement\":[{\"@type\":\"ListItem\",\"@id\":\"https:\\\/\\\/allasorias.hu\\\/hirek#listItem\",\"position\":1,\"name\":\"Home\",\"item\":\"https:\\\/\\\/allasorias.hu\\\/hirek\",\"nextItem\":{\"@type\":\"ListItem\",\"@id\":\"https:\\\/\\\/allasorias.hu\\\/hirek\\\/temak\\\/gazdasag\\\/#listItem\",\"name\":\"Gazdas\\u00e1g\"}},{\"@type\":\"ListItem\",\"@id\":\"https:\\\/\\\/allasorias.hu\\\/hirek\\\/temak\\\/gazdasag\\\/#listItem\",\"position\":2,\"name\":\"Gazdas\\u00e1g\",\"item\":\"https:\\\/\\\/allasorias.hu\\\/hirek\\\/temak\\\/gazdasag\\\/\",\"nextItem\":{\"@type\":\"ListItem\",\"@id\":\"https:\\\/\\\/allasorias.hu\\\/hirek\\\/nem-valtoztatnak-a-nyugdijrendszeren\\\/#listItem\",\"name\":\"Nem v\\u00e1ltoztatnak a nyugd\\u00edjrendszeren\"},\"previousItem\":{\"@type\":\"ListItem\",\"@id\":\"https:\\\/\\\/allasorias.hu\\\/hirek#listItem\",\"name\":\"Home\"}},{\"@type\":\"ListItem\",\"@id\":\"https:\\\/\\\/allasorias.hu\\\/hirek\\\/nem-valtoztatnak-a-nyugdijrendszeren\\\/#listItem\",\"position\":3,\"name\":\"Nem v\\u00e1ltoztatnak a nyugd\\u00edjrendszeren\",\"previousItem\":{\"@type\":\"ListItem\",\"@id\":\"https:\\\/\\\/allasorias.hu\\\/hirek\\\/temak\\\/gazdasag\\\/#listItem\",\"name\":\"Gazdas\\u00e1g\"}}]},{\"@type\":\"Organization\",\"@id\":\"https:\\\/\\\/allasorias.hu\\\/hirek\\\/#organization\",\"name\":\"AllasOrias.hu | H\\u00edrek-lapszemle\",\"description\":\"\\u00dczleti h\\u00edrek az \\u00e1ll\\u00e1s \\u00e9s a munka vil\\u00e1g\\u00e1b\\u00f3l\",\"url\":\"https:\\\/\\\/allasorias.hu\\\/hirek\\\/\",\"logo\":{\"@type\":\"ImageObject\",\"url\":\"https:\\\/\\\/allasorias.hu\\\/hirek\\\/wp-content\\\/uploads\\\/2022\\\/10\\\/allasorias_site_facebok_logo.png\",\"@id\":\"https:\\\/\\\/allasorias.hu\\\/hirek\\\/nem-valtoztatnak-a-nyugdijrendszeren\\\/#organizationLogo\"},\"image\":{\"@id\":\"https:\\\/\\\/allasorias.hu\\\/hirek\\\/nem-valtoztatnak-a-nyugdijrendszeren\\\/#organizationLogo\"},\"sameAs\":[\"https:\\\/\\\/www.facebook.com\\\/allasorias\",\"https:\\\/\\\/www.linkedin.com\\\/company\\\/allasorias\"]},{\"@type\":\"Person\",\"@id\":\"https:\\\/\\\/allasorias.hu\\\/hirek\\\/author\\\/admin-allasorias\\\/#author\",\"url\":\"https:\\\/\\\/allasorias.hu\\\/hirek\\\/author\\\/admin-allasorias\\\/\",\"name\":\"Juh\\u00e1sz P\\u00e9ter\",\"image\":{\"@type\":\"ImageObject\",\"@id\":\"https:\\\/\\\/allasorias.hu\\\/hirek\\\/nem-valtoztatnak-a-nyugdijrendszeren\\\/#authorImage\",\"url\":\"https:\\\/\\\/secure.gravatar.com\\\/avatar\\\/36e6bcb83148978b992977cb0f54d22feb0cce8a0a849a9410532bb2623ba4c6?s=96&d=mm&r=g\",\"width\":96,\"height\":96,\"caption\":\"Juh\\u00e1sz P\\u00e9ter\"}},{\"@type\":\"WebPage\",\"@id\":\"https:\\\/\\\/allasorias.hu\\\/hirek\\\/nem-valtoztatnak-a-nyugdijrendszeren\\\/#webpage\",\"url\":\"https:\\\/\\\/allasorias.hu\\\/hirek\\\/nem-valtoztatnak-a-nyugdijrendszeren\\\/\",\"name\":\"Nem v\\u00e1ltoztatnak a nyugd\\u00edjrendszeren | Allasorias.hu\\\/Hirek\",\"description\":\"A nyugd\\u00edjkiad\\u00e1sok biztos\\u00edtottak Magyarorsz\\u00e1gon, ez\\u00e9rt egyel\\u0151re \\u00e9vekig nem sz\\u00e1nd\\u00e9kozik a korm\\u00e1ny v\\u00e1ltoztatni a kialak\\u00edtott rendszeren.\",\"inLanguage\":\"hu-HU\",\"isPartOf\":{\"@id\":\"https:\\\/\\\/allasorias.hu\\\/hirek\\\/#website\"},\"breadcrumb\":{\"@id\":\"https:\\\/\\\/allasorias.hu\\\/hirek\\\/nem-valtoztatnak-a-nyugdijrendszeren\\\/#breadcrumblist\"},\"author\":{\"@id\":\"https:\\\/\\\/allasorias.hu\\\/hirek\\\/author\\\/admin-allasorias\\\/#author\"},\"creator\":{\"@id\":\"https:\\\/\\\/allasorias.hu\\\/hirek\\\/author\\\/admin-allasorias\\\/#author\"},\"image\":{\"@type\":\"ImageObject\",\"url\":\"https:\\\/\\\/allasorias.hu\\\/hirek\\\/wp-content\\\/uploads\\\/2024\\\/11\\\/nyugdijas-ferfi-sporol.jpg\",\"@id\":\"https:\\\/\\\/allasorias.hu\\\/hirek\\\/nem-valtoztatnak-a-nyugdijrendszeren\\\/#mainImage\",\"width\":1920,\"height\":1242,\"caption\":\"Nem v\\u00e1ltoztatnak a nyugd\\u00edjrendszeren - Allasorias.hu\\\/Hirek\"},\"primaryImageOfPage\":{\"@id\":\"https:\\\/\\\/allasorias.hu\\\/hirek\\\/nem-valtoztatnak-a-nyugdijrendszeren\\\/#mainImage\"},\"datePublished\":\"2024-11-08T12:42:24+02:00\",\"dateModified\":\"2024-11-08T12:42:24+02:00\"},{\"@type\":\"WebSite\",\"@id\":\"https:\\\/\\\/allasorias.hu\\\/hirek\\\/#website\",\"url\":\"https:\\\/\\\/allasorias.hu\\\/hirek\\\/\",\"name\":\"AllasOrias.hu | H\\u00edrek-lapszemle\",\"description\":\"\\u00dczleti h\\u00edrek az \\u00e1ll\\u00e1s \\u00e9s a munka vil\\u00e1g\\u00e1b\\u00f3l\",\"inLanguage\":\"hu-HU\",\"publisher\":{\"@id\":\"https:\\\/\\\/allasorias.hu\\\/hirek\\\/#organization\"}}]}\n\t\t<\/script>\n\t\t<!-- All in One SEO -->\n\n","aioseo_head_json":{"title":"Nem v\u00e1ltoztatnak a nyugd\u00edjrendszeren | Allasorias.hu\/Hirek","description":"A nyugd\u00edjkiad\u00e1sok biztos\u00edtottak Magyarorsz\u00e1gon, ez\u00e9rt egyel\u0151re \u00e9vekig nem sz\u00e1nd\u00e9kozik a korm\u00e1ny v\u00e1ltoztatni a kialak\u00edtott rendszeren.","canonical_url":"https:\/\/allasorias.hu\/hirek\/nem-valtoztatnak-a-nyugdijrendszeren\/","robots":"max-image-preview:large","keywords":"nyugd\u00edj,nyugd\u00edjas","webmasterTools":{"miscellaneous":""},"schema":{"@context":"https:\/\/schema.org","@graph":[{"@type":"Article","@id":"https:\/\/allasorias.hu\/hirek\/nem-valtoztatnak-a-nyugdijrendszeren\/#article","name":"Nem v\u00e1ltoztatnak a nyugd\u00edjrendszeren | Allasorias.hu\/Hirek","headline":"Nem v\u00e1ltoztatnak a nyugd\u00edjrendszeren","author":{"@id":"https:\/\/allasorias.hu\/hirek\/author\/admin-allasorias\/#author"},"publisher":{"@id":"https:\/\/allasorias.hu\/hirek\/#organization"},"image":{"@type":"ImageObject","url":"https:\/\/allasorias.hu\/hirek\/wp-content\/uploads\/2024\/11\/nyugdijas-ferfi-sporol.jpg","width":1920,"height":1242,"caption":"Nem v\u00e1ltoztatnak a nyugd\u00edjrendszeren - Allasorias.hu\/Hirek"},"datePublished":"2024-11-08T12:42:24+02:00","dateModified":"2024-11-08T12:42:24+02:00","inLanguage":"hu-HU","mainEntityOfPage":{"@id":"https:\/\/allasorias.hu\/hirek\/nem-valtoztatnak-a-nyugdijrendszeren\/#webpage"},"isPartOf":{"@id":"https:\/\/allasorias.hu\/hirek\/nem-valtoztatnak-a-nyugdijrendszeren\/#webpage"},"articleSection":"Gazdas\u00e1g, nyugd\u00edj, nyugd\u00edjas"},{"@type":"BreadcrumbList","@id":"https:\/\/allasorias.hu\/hirek\/nem-valtoztatnak-a-nyugdijrendszeren\/#breadcrumblist","itemListElement":[{"@type":"ListItem","@id":"https:\/\/allasorias.hu\/hirek#listItem","position":1,"name":"Home","item":"https:\/\/allasorias.hu\/hirek","nextItem":{"@type":"ListItem","@id":"https:\/\/allasorias.hu\/hirek\/temak\/gazdasag\/#listItem","name":"Gazdas\u00e1g"}},{"@type":"ListItem","@id":"https:\/\/allasorias.hu\/hirek\/temak\/gazdasag\/#listItem","position":2,"name":"Gazdas\u00e1g","item":"https:\/\/allasorias.hu\/hirek\/temak\/gazdasag\/","nextItem":{"@type":"ListItem","@id":"https:\/\/allasorias.hu\/hirek\/nem-valtoztatnak-a-nyugdijrendszeren\/#listItem","name":"Nem v\u00e1ltoztatnak a nyugd\u00edjrendszeren"},"previousItem":{"@type":"ListItem","@id":"https:\/\/allasorias.hu\/hirek#listItem","name":"Home"}},{"@type":"ListItem","@id":"https:\/\/allasorias.hu\/hirek\/nem-valtoztatnak-a-nyugdijrendszeren\/#listItem","position":3,"name":"Nem v\u00e1ltoztatnak a nyugd\u00edjrendszeren","previousItem":{"@type":"ListItem","@id":"https:\/\/allasorias.hu\/hirek\/temak\/gazdasag\/#listItem","name":"Gazdas\u00e1g"}}]},{"@type":"Organization","@id":"https:\/\/allasorias.hu\/hirek\/#organization","name":"AllasOrias.hu | H\u00edrek-lapszemle","description":"\u00dczleti h\u00edrek az \u00e1ll\u00e1s \u00e9s a munka vil\u00e1g\u00e1b\u00f3l","url":"https:\/\/allasorias.hu\/hirek\/","logo":{"@type":"ImageObject","url":"https:\/\/allasorias.hu\/hirek\/wp-content\/uploads\/2022\/10\/allasorias_site_facebok_logo.png","@id":"https:\/\/allasorias.hu\/hirek\/nem-valtoztatnak-a-nyugdijrendszeren\/#organizationLogo"},"image":{"@id":"https:\/\/allasorias.hu\/hirek\/nem-valtoztatnak-a-nyugdijrendszeren\/#organizationLogo"},"sameAs":["https:\/\/www.facebook.com\/allasorias","https:\/\/www.linkedin.com\/company\/allasorias"]},{"@type":"Person","@id":"https:\/\/allasorias.hu\/hirek\/author\/admin-allasorias\/#author","url":"https:\/\/allasorias.hu\/hirek\/author\/admin-allasorias\/","name":"Juh\u00e1sz P\u00e9ter","image":{"@type":"ImageObject","@id":"https:\/\/allasorias.hu\/hirek\/nem-valtoztatnak-a-nyugdijrendszeren\/#authorImage","url":"https:\/\/secure.gravatar.com\/avatar\/36e6bcb83148978b992977cb0f54d22feb0cce8a0a849a9410532bb2623ba4c6?s=96&d=mm&r=g","width":96,"height":96,"caption":"Juh\u00e1sz P\u00e9ter"}},{"@type":"WebPage","@id":"https:\/\/allasorias.hu\/hirek\/nem-valtoztatnak-a-nyugdijrendszeren\/#webpage","url":"https:\/\/allasorias.hu\/hirek\/nem-valtoztatnak-a-nyugdijrendszeren\/","name":"Nem v\u00e1ltoztatnak a nyugd\u00edjrendszeren | Allasorias.hu\/Hirek","description":"A nyugd\u00edjkiad\u00e1sok biztos\u00edtottak Magyarorsz\u00e1gon, ez\u00e9rt egyel\u0151re \u00e9vekig nem sz\u00e1nd\u00e9kozik a korm\u00e1ny v\u00e1ltoztatni a kialak\u00edtott rendszeren.","inLanguage":"hu-HU","isPartOf":{"@id":"https:\/\/allasorias.hu\/hirek\/#website"},"breadcrumb":{"@id":"https:\/\/allasorias.hu\/hirek\/nem-valtoztatnak-a-nyugdijrendszeren\/#breadcrumblist"},"author":{"@id":"https:\/\/allasorias.hu\/hirek\/author\/admin-allasorias\/#author"},"creator":{"@id":"https:\/\/allasorias.hu\/hirek\/author\/admin-allasorias\/#author"},"image":{"@type":"ImageObject","url":"https:\/\/allasorias.hu\/hirek\/wp-content\/uploads\/2024\/11\/nyugdijas-ferfi-sporol.jpg","@id":"https:\/\/allasorias.hu\/hirek\/nem-valtoztatnak-a-nyugdijrendszeren\/#mainImage","width":1920,"height":1242,"caption":"Nem v\u00e1ltoztatnak a nyugd\u00edjrendszeren - Allasorias.hu\/Hirek"},"primaryImageOfPage":{"@id":"https:\/\/allasorias.hu\/hirek\/nem-valtoztatnak-a-nyugdijrendszeren\/#mainImage"},"datePublished":"2024-11-08T12:42:24+02:00","dateModified":"2024-11-08T12:42:24+02:00"},{"@type":"WebSite","@id":"https:\/\/allasorias.hu\/hirek\/#website","url":"https:\/\/allasorias.hu\/hirek\/","name":"AllasOrias.hu | H\u00edrek-lapszemle","description":"\u00dczleti h\u00edrek az \u00e1ll\u00e1s \u00e9s a munka vil\u00e1g\u00e1b\u00f3l","inLanguage":"hu-HU","publisher":{"@id":"https:\/\/allasorias.hu\/hirek\/#organization"}}]},"og:locale":"hu_HU","og:site_name":"AllasOrias.hu | H\u00edrek-lapszemle | \u00dczleti h\u00edrek az \u00e1ll\u00e1s \u00e9s a munka vil\u00e1g\u00e1b\u00f3l","og:type":"article","og:title":"Nem v\u00e1ltoztatnak a nyugd\u00edjrendszeren | Allasorias.hu\/Hirek","og:description":"A nyugd\u00edjkiad\u00e1sok biztos\u00edtottak Magyarorsz\u00e1gon, ez\u00e9rt egyel\u0151re \u00e9vekig nem sz\u00e1nd\u00e9kozik a korm\u00e1ny v\u00e1ltoztatni a kialak\u00edtott rendszeren.","og:url":"https:\/\/allasorias.hu\/hirek\/nem-valtoztatnak-a-nyugdijrendszeren\/","og:image":"https:\/\/allasorias.hu\/hirek\/wp-content\/uploads\/2024\/11\/nyugdijas-ferfi-sporol.jpg","og:image:secure_url":"https:\/\/allasorias.hu\/hirek\/wp-content\/uploads\/2024\/11\/nyugdijas-ferfi-sporol.jpg","og:image:width":1920,"og:image:height":1242,"article:published_time":"2024-11-08T10:42:24+00:00","article:modified_time":"2024-11-08T10:42:24+00:00","article:publisher":"https:\/\/www.facebook.com\/allasorias","twitter:card":"summary_large_image","twitter:title":"Nem v\u00e1ltoztatnak a nyugd\u00edjrendszeren | Allasorias.hu\/Hirek","twitter:description":"A nyugd\u00edjkiad\u00e1sok biztos\u00edtottak Magyarorsz\u00e1gon, ez\u00e9rt egyel\u0151re \u00e9vekig nem sz\u00e1nd\u00e9kozik a korm\u00e1ny v\u00e1ltoztatni a kialak\u00edtott rendszeren.","twitter:image":"https:\/\/allasorias.hu\/hirek\/wp-content\/uploads\/2024\/11\/nyugdijas-ferfi-sporol.jpg","twitter:label1":"Written by","twitter:data1":"Juh\u00e1sz P\u00e9ter","twitter:label2":"Est. reading time","twitter:data2":"3 minutes"},"aioseo_meta_data":{"post_id":"8000","title":"#post_title | Allasorias.hu\/Hirek","description":"A nyugd\u00edjkiad\u00e1sok biztos\u00edtottak Magyarorsz\u00e1gon, ez\u00e9rt egyel\u0151re \u00e9vekig nem sz\u00e1nd\u00e9kozik a korm\u00e1ny v\u00e1ltoztatni a kialak\u00edtott rendszeren.","keywords":null,"keyphrases":{"focus":{"keyphrase":"","score":0,"analysis":{"keyphraseInTitle":{"score":0,"maxScore":9,"error":1}}},"additional":[]},"primary_term":null,"canonical_url":null,"og_title":null,"og_description":null,"og_object_type":"default","og_image_type":"default","og_image_url":null,"og_image_width":null,"og_image_height":null,"og_image_custom_url":null,"og_image_custom_fields":null,"og_video":"","og_custom_url":null,"og_article_section":null,"og_article_tags":null,"twitter_use_og":true,"twitter_card":"default","twitter_image_type":"default","twitter_image_url":null,"twitter_image_custom_url":null,"twitter_image_custom_fields":null,"twitter_title":null,"twitter_description":null,"schema":{"blockGraphs":[],"customGraphs":[],"default":{"data":{"Article":[],"Course":[],"Dataset":[],"FAQPage":[],"Movie":[],"Person":[],"Product":[],"ProductReview":[],"Car":[],"Recipe":[],"Service":[],"SoftwareApplication":[],"WebPage":[]},"graphName":"Article","isEnabled":true},"graphs":[]},"schema_type":"default","schema_type_options":null,"pillar_content":false,"robots_default":true,"robots_noindex":false,"robots_noarchive":false,"robots_nosnippet":false,"robots_nofollow":false,"robots_noimageindex":false,"robots_noodp":false,"robots_notranslate":false,"robots_max_snippet":"-1","robots_max_videopreview":"-1","robots_max_imagepreview":"large","priority":null,"frequency":"default","location":null,"local_seo":null,"breadcrumb_settings":null,"limit_modified_date":false,"ai":null,"created":"2024-11-08 10:24:15","updated":"2025-10-02 20:39:32","seo_analyzer_scan_date":null,"focus_keyword":null,"additional_keywords":null,"truseo_locale":null},"aioseo_breadcrumb":"<div class=\"aioseo-breadcrumbs\"><span class=\"aioseo-breadcrumb\">\n\t\t\t<a href=\"https:\/\/allasorias.hu\/hirek\" title=\"Home\">Home<\/a>\n\t\t<\/span><span class=\"aioseo-breadcrumb-separator\">&raquo;<\/span><span class=\"aioseo-breadcrumb\">\n\t\t\t<a href=\"https:\/\/allasorias.hu\/hirek\/temak\/gazdasag\/\" title=\"Gazdas\u00e1g\">Gazdas\u00e1g<\/a>\n\t\t<\/span><span class=\"aioseo-breadcrumb-separator\">&raquo;<\/span><span class=\"aioseo-breadcrumb\">\n\t\t\tNem v\u00e1ltoztatnak a nyugd\u00edjrendszeren\n\t\t<\/span><\/div>","aioseo_breadcrumb_json":[{"label":"Home","link":"https:\/\/allasorias.hu\/hirek"},{"label":"Gazdas\u00e1g","link":"https:\/\/allasorias.hu\/hirek\/temak\/gazdasag\/"},{"label":"Nem v\u00e1ltoztatnak a nyugd\u00edjrendszeren","link":"https:\/\/allasorias.hu\/hirek\/nem-valtoztatnak-a-nyugdijrendszeren\/"}],"_links":{"self":[{"href":"https:\/\/allasorias.hu\/hirek\/wp-json\/wp\/v2\/posts\/8000","targetHints":{"allow":["GET"]}}],"collection":[{"href":"https:\/\/allasorias.hu\/hirek\/wp-json\/wp\/v2\/posts"}],"about":[{"href":"https:\/\/allasorias.hu\/hirek\/wp-json\/wp\/v2\/types\/post"}],"author":[{"embeddable":true,"href":"https:\/\/allasorias.hu\/hirek\/wp-json\/wp\/v2\/users\/1"}],"replies":[{"embeddable":true,"href":"https:\/\/allasorias.hu\/hirek\/wp-json\/wp\/v2\/comments?post=8000"}],"version-history":[{"count":1,"href":"https:\/\/allasorias.hu\/hirek\/wp-json\/wp\/v2\/posts\/8000\/revisions"}],"predecessor-version":[{"id":8002,"href":"https:\/\/allasorias.hu\/hirek\/wp-json\/wp\/v2\/posts\/8000\/revisions\/8002"}],"wp:featuredmedia":[{"embeddable":true,"href":"https:\/\/allasorias.hu\/hirek\/wp-json\/wp\/v2\/media\/8001"}],"wp:attachment":[{"href":"https:\/\/allasorias.hu\/hirek\/wp-json\/wp\/v2\/media?parent=8000"}],"wp:term":[{"taxonomy":"category","embeddable":true,"href":"https:\/\/allasorias.hu\/hirek\/wp-json\/wp\/v2\/categories?post=8000"},{"taxonomy":"post_tag","embeddable":true,"href":"https:\/\/allasorias.hu\/hirek\/wp-json\/wp\/v2\/tags?post=8000"}],"curies":[{"name":"wp","href":"https:\/\/api.w.org\/{rel}","templated":true}]}}