{"id":7997,"date":"2024-11-07T13:45:28","date_gmt":"2024-11-07T11:45:28","guid":{"rendered":"https:\/\/allasorias.hu\/hirek\/?p=7997"},"modified":"2025-05-09T10:53:49","modified_gmt":"2025-05-09T08:53:49","slug":"bajban-az-autogyarto-cegek-tobb-ezer-dolgozot-kuldenek-el","status":"publish","type":"post","link":"https:\/\/allasorias.hu\/hirek\/bajban-az-autogyarto-cegek-tobb-ezer-dolgozot-kuldenek-el\/","title":{"rendered":"Bajban az aut\u00f3gy\u00e1rt\u00f3 c\u00e9gek \u2013 t\u00f6bb ezer dolgoz\u00f3t k\u00fcldenek el"},"content":{"rendered":"<p><strong>A h\u00e9ten k\u00e9t nagy v\u00e1llalat is bejelentette: nagym\u00e9rt\u00e9k\u0171 l\u00e9tsz\u00e1m le\u00e9p\u00edt\u00e9st hajtanak v\u00e9gre. A jap\u00e1nokn\u00e1l a vezet\u0151k b\u00e9r\u00e9t is megcsapolj\u00e1k. A Volkswagen csoportn\u00e1l is s\u00falyosbodik a gazdas\u00e1gi helyzet. <\/strong><\/p>\n<p>\u00d3ri\u00e1si le\u00e9p\u00edt\u00e9st jelentett be a Nissan Motor: a c\u00e9g megsz\u00fcntet kilencezer munkahelyet \u00e9s 20 sz\u00e1zal\u00e9kkal cs\u00f6kkenti a glob\u00e1lis termel\u00e9si kapacit\u00e1s\u00e1t. A jap\u00e1n v\u00e1llalat k\u00f6z\u00f6lte azt is, hogy 50 sz\u00e1zal\u00e9kkal cs\u00f6kkentik a vez\u00e9rigazgat\u00f3, Ucsida Makoto fizet\u00e9s\u00e9t, \u00edrja a The New York Times. Ucsida \u00f6nk\u00e9nt mond le a fizet\u00e9se egy r\u00e9sz\u00e9r\u0151l, a vezet\u0151s\u00e9g m\u00e1s tagjai is hasonl\u00f3an d\u00f6nt\u00f6ttek. A Nissan \u00fczemi eredm\u00e9nye a mostani p\u00e9nz\u00fcgyi \u00e9v els\u0151 fel\u00e9ben 90 sz\u00e1zal\u00e9kkal, 214 milli\u00f3 doll\u00e1rra esett vissza. A Nissan az \u00f6sszes f\u0151bb piac\u00e1n gyeng\u00fcl\u0151 elad\u00e1sokkal k\u00fczd, a kiskereskedelmi elad\u00e1sok a v\u00e1llalat a f\u0151 \u00e9szak-amerikai, jap\u00e1n \u00e9s k\u00ednai piacon is cs\u00f6kkentek ebben az id\u0151szakban.<\/p>\n<p>A Reuters azt \u00edrja, a Nissan a megtakar\u00edt\u00e1si tervt\u0151l 2,6 milli\u00e1rd doll\u00e1ros sp\u00f3rol\u00e1st rem\u00e9l. A c\u00e9gnek 133\u202f580 alkalmazottja van, \u00edgy a 9000 dolgoz\u00f3 elk\u00fcld\u00e9se 6,7 sz\u00e1zal\u00e9kos le\u00e9p\u00edt\u00e9st jelent. A p\u00e9nz\u00fcgyi \u00e9v els\u0151 fel\u00e9ben a Nissan elad\u00e1sai a k\u00ednai piacon 14,3 sz\u00e1zal\u00e9kkal, az amerikai piacon 3 sz\u00e1zal\u00e9kkal estek vissza. A h\u00e9ten jelentette be\u00a0 a n\u00e9met Schaeffler AG, a vil\u00e1g egyik vezet\u0151 aut\u00f3alkatr\u00e9sz-gy\u00e1rt\u00f3ja, hogy elk\u00fcld \u00f6tezer dolgoz\u00f3t, \u00e9s egyre s\u00falyosabb forgat\u00f3k\u00f6nyvvel sz\u00e1mol a Volkswagen-csoport is.<\/p>\n<p>Forr\u00e1s: <a href=\"https:\/\/telex.hu\/gazdasag\/2024\/11\/07\/nissan-leepites-ceo-fizetes-felezes\" target=\"_blank\" rel=\"nofollow noopener noreferrer\">telex.hu<\/a><\/p>\n","protected":false},"excerpt":{"rendered":"<p>A h\u00e9ten k\u00e9t nagy v\u00e1llalat is bejelentette: nagym\u00e9rt\u00e9k\u0171 l\u00e9tsz\u00e1m le\u00e9p\u00edt\u00e9st hajtanak v\u00e9gre. A jap\u00e1nokn\u00e1l a vezet\u0151k b\u00e9r\u00e9t is megcsapolj\u00e1k. A Volkswagen csoportn\u00e1l is s\u00falyosbodik a gazdas\u00e1gi helyzet. \u00d3ri\u00e1si le\u00e9p\u00edt\u00e9st jelentett be a Nissan Motor: a c\u00e9g megsz\u00fcntet kilencezer munkahelyet \u00e9s 20 sz\u00e1zal\u00e9kkal cs\u00f6kkenti a glob\u00e1lis termel\u00e9si kapacit\u00e1s\u00e1t. A jap\u00e1n v\u00e1llalat k\u00f6z\u00f6lte azt is, hogy 50 [&hellip;]<\/p>\n","protected":false},"author":1,"featured_media":7998,"comment_status":"closed","ping_status":"closed","sticky":false,"template":"","format":"standard","meta":{"_monsterinsights_skip_tracking":false,"footnotes":""},"categories":[201],"tags":[],"class_list":["post-7997","post","type-post","status-publish","format-standard","has-post-thumbnail","hentry","category-kulfold"],"aioseo_notices":[],"aioseo_head":"\n\t\t<!-- All in One SEO 5.0.0.1 - aioseo.com -->\n\t<meta name=\"description\" content=\"A h\u00e9ten k\u00e9t nagy v\u00e1llalat is bejelentette: nagym\u00e9rt\u00e9k\u0171 l\u00e9tsz\u00e1m le\u00e9p\u00edt\u00e9st hajtanak v\u00e9gre. A jap\u00e1nokn\u00e1l a vezet\u0151k b\u00e9r\u00e9t is megcsapolj\u00e1k.\" \/>\n\t<meta name=\"robots\" content=\"max-image-preview:large\" \/>\n\t<meta name=\"author\" content=\"Juh\u00e1sz P\u00e9ter\"\/>\n\t<link rel=\"canonical\" href=\"https:\/\/allasorias.hu\/hirek\/bajban-az-autogyarto-cegek-tobb-ezer-dolgozot-kuldenek-el\/\" \/>\n\t<meta name=\"generator\" content=\"All in One SEO (AIOSEO) 5.0.0.1\" \/>\n\t\t<meta property=\"og:locale\" content=\"hu_HU\" \/>\n\t\t<meta property=\"og:site_name\" content=\"AllasOrias.hu | H\u00edrek-lapszemle | \u00dczleti h\u00edrek az \u00e1ll\u00e1s \u00e9s a munka vil\u00e1g\u00e1b\u00f3l\" \/>\n\t\t<meta property=\"og:type\" content=\"article\" \/>\n\t\t<meta property=\"og:title\" content=\"Aut\u00f3gy\u00e1rt\u00f3k t\u00f6meges elbocs\u00e1t\u00e1sokat ind\u00edtanak\" \/>\n\t\t<meta property=\"og:description\" content=\"A h\u00e9ten k\u00e9t nagy v\u00e1llalat is bejelentette: nagym\u00e9rt\u00e9k\u0171 l\u00e9tsz\u00e1m le\u00e9p\u00edt\u00e9st hajtanak v\u00e9gre. A jap\u00e1nokn\u00e1l a vezet\u0151k b\u00e9r\u00e9t is megcsapolj\u00e1k.\" \/>\n\t\t<meta property=\"og:url\" content=\"https:\/\/allasorias.hu\/hirek\/bajban-az-autogyarto-cegek-tobb-ezer-dolgozot-kuldenek-el\/\" \/>\n\t\t<meta property=\"og:image\" content=\"https:\/\/allasorias.hu\/hirek\/wp-content\/uploads\/2024\/11\/letszamleepites-az-autogyartasban.jpg\" \/>\n\t\t<meta property=\"og:image:secure_url\" content=\"https:\/\/allasorias.hu\/hirek\/wp-content\/uploads\/2024\/11\/letszamleepites-az-autogyartasban.jpg\" \/>\n\t\t<meta property=\"og:image:width\" content=\"1920\" \/>\n\t\t<meta property=\"og:image:height\" content=\"1280\" \/>\n\t\t<meta property=\"article:published_time\" content=\"2024-11-07T11:45:28+00:00\" \/>\n\t\t<meta property=\"article:modified_time\" content=\"2025-05-09T08:53:49+00:00\" \/>\n\t\t<meta property=\"article:publisher\" content=\"https:\/\/www.facebook.com\/allasorias\" \/>\n\t\t<meta name=\"twitter:card\" content=\"summary_large_image\" \/>\n\t\t<meta name=\"twitter:title\" content=\"Aut\u00f3gy\u00e1rt\u00f3k t\u00f6meges elbocs\u00e1t\u00e1sokat ind\u00edtanak\" \/>\n\t\t<meta name=\"twitter:description\" content=\"A h\u00e9ten k\u00e9t nagy v\u00e1llalat is bejelentette: nagym\u00e9rt\u00e9k\u0171 l\u00e9tsz\u00e1m le\u00e9p\u00edt\u00e9st hajtanak v\u00e9gre. A jap\u00e1nokn\u00e1l a vezet\u0151k b\u00e9r\u00e9t is megcsapolj\u00e1k.\" \/>\n\t\t<meta name=\"twitter:image\" content=\"https:\/\/allasorias.hu\/hirek\/wp-content\/uploads\/2024\/11\/letszamleepites-az-autogyartasban.jpg\" \/>\n\t\t<meta name=\"twitter:label1\" content=\"Written by\" \/>\n\t\t<meta name=\"twitter:data1\" content=\"Juh\u00e1sz P\u00e9ter\" \/>\n\t\t<meta name=\"twitter:label2\" content=\"Est. reading time\" \/>\n\t\t<meta name=\"twitter:data2\" content=\"2 minutes\" \/>\n\t\t<script type=\"application\/ld+json\" class=\"aioseo-schema\">\n\t\t\t{\"@context\":\"https:\\\/\\\/schema.org\",\"@graph\":[{\"@type\":\"Article\",\"@id\":\"https:\\\/\\\/allasorias.hu\\\/hirek\\\/bajban-az-autogyarto-cegek-tobb-ezer-dolgozot-kuldenek-el\\\/#article\",\"name\":\"Aut\\u00f3gy\\u00e1rt\\u00f3k t\\u00f6meges elbocs\\u00e1t\\u00e1sokat ind\\u00edtanak\",\"headline\":\"Bajban az aut\\u00f3gy\\u00e1rt\\u00f3 c\\u00e9gek \\u2013 t\\u00f6bb ezer dolgoz\\u00f3t k\\u00fcldenek el\",\"author\":{\"@id\":\"https:\\\/\\\/allasorias.hu\\\/hirek\\\/author\\\/admin-allasorias\\\/#author\"},\"publisher\":{\"@id\":\"https:\\\/\\\/allasorias.hu\\\/hirek\\\/#organization\"},\"image\":{\"@type\":\"ImageObject\",\"url\":\"https:\\\/\\\/allasorias.hu\\\/hirek\\\/wp-content\\\/uploads\\\/2024\\\/11\\\/letszamleepites-az-autogyartasban.jpg\",\"width\":1920,\"height\":1280,\"caption\":\"Bajban az aut\\u00f3gy\\u00e1rt\\u00f3 c\\u00e9gek \\u2013 t\\u00f6bb ezer dolgoz\\u00f3t k\\u00fcldenek el - Allasorias.hu\\\/Hirek\"},\"datePublished\":\"2024-11-07T13:45:28+02:00\",\"dateModified\":\"2025-05-09T10:53:49+02:00\",\"inLanguage\":\"hu-HU\",\"mainEntityOfPage\":{\"@id\":\"https:\\\/\\\/allasorias.hu\\\/hirek\\\/bajban-az-autogyarto-cegek-tobb-ezer-dolgozot-kuldenek-el\\\/#webpage\"},\"isPartOf\":{\"@id\":\"https:\\\/\\\/allasorias.hu\\\/hirek\\\/bajban-az-autogyarto-cegek-tobb-ezer-dolgozot-kuldenek-el\\\/#webpage\"},\"articleSection\":\"K\\u00fclf\\u00f6ld\"},{\"@type\":\"BreadcrumbList\",\"@id\":\"https:\\\/\\\/allasorias.hu\\\/hirek\\\/bajban-az-autogyarto-cegek-tobb-ezer-dolgozot-kuldenek-el\\\/#breadcrumblist\",\"itemListElement\":[{\"@type\":\"ListItem\",\"@id\":\"https:\\\/\\\/allasorias.hu\\\/hirek#listItem\",\"position\":1,\"name\":\"Home\",\"item\":\"https:\\\/\\\/allasorias.hu\\\/hirek\",\"nextItem\":{\"@type\":\"ListItem\",\"@id\":\"https:\\\/\\\/allasorias.hu\\\/hirek\\\/temak\\\/kulfold\\\/#listItem\",\"name\":\"K\\u00fclf\\u00f6ld\"}},{\"@type\":\"ListItem\",\"@id\":\"https:\\\/\\\/allasorias.hu\\\/hirek\\\/temak\\\/kulfold\\\/#listItem\",\"position\":2,\"name\":\"K\\u00fclf\\u00f6ld\",\"item\":\"https:\\\/\\\/allasorias.hu\\\/hirek\\\/temak\\\/kulfold\\\/\",\"nextItem\":{\"@type\":\"ListItem\",\"@id\":\"https:\\\/\\\/allasorias.hu\\\/hirek\\\/bajban-az-autogyarto-cegek-tobb-ezer-dolgozot-kuldenek-el\\\/#listItem\",\"name\":\"Bajban az aut\\u00f3gy\\u00e1rt\\u00f3 c\\u00e9gek \\u2013 t\\u00f6bb ezer dolgoz\\u00f3t k\\u00fcldenek el\"},\"previousItem\":{\"@type\":\"ListItem\",\"@id\":\"https:\\\/\\\/allasorias.hu\\\/hirek#listItem\",\"name\":\"Home\"}},{\"@type\":\"ListItem\",\"@id\":\"https:\\\/\\\/allasorias.hu\\\/hirek\\\/bajban-az-autogyarto-cegek-tobb-ezer-dolgozot-kuldenek-el\\\/#listItem\",\"position\":3,\"name\":\"Bajban az aut\\u00f3gy\\u00e1rt\\u00f3 c\\u00e9gek \\u2013 t\\u00f6bb ezer dolgoz\\u00f3t k\\u00fcldenek el\",\"previousItem\":{\"@type\":\"ListItem\",\"@id\":\"https:\\\/\\\/allasorias.hu\\\/hirek\\\/temak\\\/kulfold\\\/#listItem\",\"name\":\"K\\u00fclf\\u00f6ld\"}}]},{\"@type\":\"Organization\",\"@id\":\"https:\\\/\\\/allasorias.hu\\\/hirek\\\/#organization\",\"name\":\"AllasOrias.hu | H\\u00edrek-lapszemle\",\"description\":\"\\u00dczleti h\\u00edrek az \\u00e1ll\\u00e1s \\u00e9s a munka vil\\u00e1g\\u00e1b\\u00f3l\",\"url\":\"https:\\\/\\\/allasorias.hu\\\/hirek\\\/\",\"logo\":{\"@type\":\"ImageObject\",\"url\":\"https:\\\/\\\/allasorias.hu\\\/hirek\\\/wp-content\\\/uploads\\\/2022\\\/10\\\/allasorias_site_facebok_logo.png\",\"@id\":\"https:\\\/\\\/allasorias.hu\\\/hirek\\\/bajban-az-autogyarto-cegek-tobb-ezer-dolgozot-kuldenek-el\\\/#organizationLogo\"},\"image\":{\"@id\":\"https:\\\/\\\/allasorias.hu\\\/hirek\\\/bajban-az-autogyarto-cegek-tobb-ezer-dolgozot-kuldenek-el\\\/#organizationLogo\"},\"sameAs\":[\"https:\\\/\\\/www.facebook.com\\\/allasorias\",\"https:\\\/\\\/www.linkedin.com\\\/company\\\/allasorias\"]},{\"@type\":\"Person\",\"@id\":\"https:\\\/\\\/allasorias.hu\\\/hirek\\\/author\\\/admin-allasorias\\\/#author\",\"url\":\"https:\\\/\\\/allasorias.hu\\\/hirek\\\/author\\\/admin-allasorias\\\/\",\"name\":\"Juh\\u00e1sz P\\u00e9ter\",\"image\":{\"@type\":\"ImageObject\",\"@id\":\"https:\\\/\\\/allasorias.hu\\\/hirek\\\/bajban-az-autogyarto-cegek-tobb-ezer-dolgozot-kuldenek-el\\\/#authorImage\",\"url\":\"https:\\\/\\\/secure.gravatar.com\\\/avatar\\\/36e6bcb83148978b992977cb0f54d22feb0cce8a0a849a9410532bb2623ba4c6?s=96&d=mm&r=g\",\"width\":96,\"height\":96,\"caption\":\"Juh\\u00e1sz P\\u00e9ter\"}},{\"@type\":\"WebPage\",\"@id\":\"https:\\\/\\\/allasorias.hu\\\/hirek\\\/bajban-az-autogyarto-cegek-tobb-ezer-dolgozot-kuldenek-el\\\/#webpage\",\"url\":\"https:\\\/\\\/allasorias.hu\\\/hirek\\\/bajban-az-autogyarto-cegek-tobb-ezer-dolgozot-kuldenek-el\\\/\",\"name\":\"Aut\\u00f3gy\\u00e1rt\\u00f3k t\\u00f6meges elbocs\\u00e1t\\u00e1sokat ind\\u00edtanak\",\"description\":\"A h\\u00e9ten k\\u00e9t nagy v\\u00e1llalat is bejelentette: nagym\\u00e9rt\\u00e9k\\u0171 l\\u00e9tsz\\u00e1m le\\u00e9p\\u00edt\\u00e9st hajtanak v\\u00e9gre. A jap\\u00e1nokn\\u00e1l a vezet\\u0151k b\\u00e9r\\u00e9t is megcsapolj\\u00e1k.\",\"inLanguage\":\"hu-HU\",\"isPartOf\":{\"@id\":\"https:\\\/\\\/allasorias.hu\\\/hirek\\\/#website\"},\"breadcrumb\":{\"@id\":\"https:\\\/\\\/allasorias.hu\\\/hirek\\\/bajban-az-autogyarto-cegek-tobb-ezer-dolgozot-kuldenek-el\\\/#breadcrumblist\"},\"author\":{\"@id\":\"https:\\\/\\\/allasorias.hu\\\/hirek\\\/author\\\/admin-allasorias\\\/#author\"},\"creator\":{\"@id\":\"https:\\\/\\\/allasorias.hu\\\/hirek\\\/author\\\/admin-allasorias\\\/#author\"},\"image\":{\"@type\":\"ImageObject\",\"url\":\"https:\\\/\\\/allasorias.hu\\\/hirek\\\/wp-content\\\/uploads\\\/2024\\\/11\\\/letszamleepites-az-autogyartasban.jpg\",\"@id\":\"https:\\\/\\\/allasorias.hu\\\/hirek\\\/bajban-az-autogyarto-cegek-tobb-ezer-dolgozot-kuldenek-el\\\/#mainImage\",\"width\":1920,\"height\":1280,\"caption\":\"Bajban az aut\\u00f3gy\\u00e1rt\\u00f3 c\\u00e9gek \\u2013 t\\u00f6bb ezer dolgoz\\u00f3t k\\u00fcldenek el - Allasorias.hu\\\/Hirek\"},\"primaryImageOfPage\":{\"@id\":\"https:\\\/\\\/allasorias.hu\\\/hirek\\\/bajban-az-autogyarto-cegek-tobb-ezer-dolgozot-kuldenek-el\\\/#mainImage\"},\"datePublished\":\"2024-11-07T13:45:28+02:00\",\"dateModified\":\"2025-05-09T10:53:49+02:00\"},{\"@type\":\"WebSite\",\"@id\":\"https:\\\/\\\/allasorias.hu\\\/hirek\\\/#website\",\"url\":\"https:\\\/\\\/allasorias.hu\\\/hirek\\\/\",\"name\":\"AllasOrias.hu | H\\u00edrek-lapszemle\",\"description\":\"\\u00dczleti h\\u00edrek az \\u00e1ll\\u00e1s \\u00e9s a munka vil\\u00e1g\\u00e1b\\u00f3l\",\"inLanguage\":\"hu-HU\",\"publisher\":{\"@id\":\"https:\\\/\\\/allasorias.hu\\\/hirek\\\/#organization\"}}]}\n\t\t<\/script>\n\t\t<!-- All in One SEO -->\n\n","aioseo_head_json":{"title":"Aut\u00f3gy\u00e1rt\u00f3k t\u00f6meges elbocs\u00e1t\u00e1sokat ind\u00edtanak","description":"A h\u00e9ten k\u00e9t nagy v\u00e1llalat is bejelentette: nagym\u00e9rt\u00e9k\u0171 l\u00e9tsz\u00e1m le\u00e9p\u00edt\u00e9st hajtanak v\u00e9gre. A jap\u00e1nokn\u00e1l a vezet\u0151k b\u00e9r\u00e9t is megcsapolj\u00e1k.","canonical_url":"https:\/\/allasorias.hu\/hirek\/bajban-az-autogyarto-cegek-tobb-ezer-dolgozot-kuldenek-el\/","robots":"max-image-preview:large","keywords":"","webmasterTools":{"miscellaneous":""},"schema":{"@context":"https:\/\/schema.org","@graph":[{"@type":"Article","@id":"https:\/\/allasorias.hu\/hirek\/bajban-az-autogyarto-cegek-tobb-ezer-dolgozot-kuldenek-el\/#article","name":"Aut\u00f3gy\u00e1rt\u00f3k t\u00f6meges elbocs\u00e1t\u00e1sokat ind\u00edtanak","headline":"Bajban az aut\u00f3gy\u00e1rt\u00f3 c\u00e9gek \u2013 t\u00f6bb ezer dolgoz\u00f3t k\u00fcldenek el","author":{"@id":"https:\/\/allasorias.hu\/hirek\/author\/admin-allasorias\/#author"},"publisher":{"@id":"https:\/\/allasorias.hu\/hirek\/#organization"},"image":{"@type":"ImageObject","url":"https:\/\/allasorias.hu\/hirek\/wp-content\/uploads\/2024\/11\/letszamleepites-az-autogyartasban.jpg","width":1920,"height":1280,"caption":"Bajban az aut\u00f3gy\u00e1rt\u00f3 c\u00e9gek \u2013 t\u00f6bb ezer dolgoz\u00f3t k\u00fcldenek el - Allasorias.hu\/Hirek"},"datePublished":"2024-11-07T13:45:28+02:00","dateModified":"2025-05-09T10:53:49+02:00","inLanguage":"hu-HU","mainEntityOfPage":{"@id":"https:\/\/allasorias.hu\/hirek\/bajban-az-autogyarto-cegek-tobb-ezer-dolgozot-kuldenek-el\/#webpage"},"isPartOf":{"@id":"https:\/\/allasorias.hu\/hirek\/bajban-az-autogyarto-cegek-tobb-ezer-dolgozot-kuldenek-el\/#webpage"},"articleSection":"K\u00fclf\u00f6ld"},{"@type":"BreadcrumbList","@id":"https:\/\/allasorias.hu\/hirek\/bajban-az-autogyarto-cegek-tobb-ezer-dolgozot-kuldenek-el\/#breadcrumblist","itemListElement":[{"@type":"ListItem","@id":"https:\/\/allasorias.hu\/hirek#listItem","position":1,"name":"Home","item":"https:\/\/allasorias.hu\/hirek","nextItem":{"@type":"ListItem","@id":"https:\/\/allasorias.hu\/hirek\/temak\/kulfold\/#listItem","name":"K\u00fclf\u00f6ld"}},{"@type":"ListItem","@id":"https:\/\/allasorias.hu\/hirek\/temak\/kulfold\/#listItem","position":2,"name":"K\u00fclf\u00f6ld","item":"https:\/\/allasorias.hu\/hirek\/temak\/kulfold\/","nextItem":{"@type":"ListItem","@id":"https:\/\/allasorias.hu\/hirek\/bajban-az-autogyarto-cegek-tobb-ezer-dolgozot-kuldenek-el\/#listItem","name":"Bajban az aut\u00f3gy\u00e1rt\u00f3 c\u00e9gek \u2013 t\u00f6bb ezer dolgoz\u00f3t k\u00fcldenek el"},"previousItem":{"@type":"ListItem","@id":"https:\/\/allasorias.hu\/hirek#listItem","name":"Home"}},{"@type":"ListItem","@id":"https:\/\/allasorias.hu\/hirek\/bajban-az-autogyarto-cegek-tobb-ezer-dolgozot-kuldenek-el\/#listItem","position":3,"name":"Bajban az aut\u00f3gy\u00e1rt\u00f3 c\u00e9gek \u2013 t\u00f6bb ezer dolgoz\u00f3t k\u00fcldenek el","previousItem":{"@type":"ListItem","@id":"https:\/\/allasorias.hu\/hirek\/temak\/kulfold\/#listItem","name":"K\u00fclf\u00f6ld"}}]},{"@type":"Organization","@id":"https:\/\/allasorias.hu\/hirek\/#organization","name":"AllasOrias.hu | H\u00edrek-lapszemle","description":"\u00dczleti h\u00edrek az \u00e1ll\u00e1s \u00e9s a munka vil\u00e1g\u00e1b\u00f3l","url":"https:\/\/allasorias.hu\/hirek\/","logo":{"@type":"ImageObject","url":"https:\/\/allasorias.hu\/hirek\/wp-content\/uploads\/2022\/10\/allasorias_site_facebok_logo.png","@id":"https:\/\/allasorias.hu\/hirek\/bajban-az-autogyarto-cegek-tobb-ezer-dolgozot-kuldenek-el\/#organizationLogo"},"image":{"@id":"https:\/\/allasorias.hu\/hirek\/bajban-az-autogyarto-cegek-tobb-ezer-dolgozot-kuldenek-el\/#organizationLogo"},"sameAs":["https:\/\/www.facebook.com\/allasorias","https:\/\/www.linkedin.com\/company\/allasorias"]},{"@type":"Person","@id":"https:\/\/allasorias.hu\/hirek\/author\/admin-allasorias\/#author","url":"https:\/\/allasorias.hu\/hirek\/author\/admin-allasorias\/","name":"Juh\u00e1sz P\u00e9ter","image":{"@type":"ImageObject","@id":"https:\/\/allasorias.hu\/hirek\/bajban-az-autogyarto-cegek-tobb-ezer-dolgozot-kuldenek-el\/#authorImage","url":"https:\/\/secure.gravatar.com\/avatar\/36e6bcb83148978b992977cb0f54d22feb0cce8a0a849a9410532bb2623ba4c6?s=96&d=mm&r=g","width":96,"height":96,"caption":"Juh\u00e1sz P\u00e9ter"}},{"@type":"WebPage","@id":"https:\/\/allasorias.hu\/hirek\/bajban-az-autogyarto-cegek-tobb-ezer-dolgozot-kuldenek-el\/#webpage","url":"https:\/\/allasorias.hu\/hirek\/bajban-az-autogyarto-cegek-tobb-ezer-dolgozot-kuldenek-el\/","name":"Aut\u00f3gy\u00e1rt\u00f3k t\u00f6meges elbocs\u00e1t\u00e1sokat ind\u00edtanak","description":"A h\u00e9ten k\u00e9t nagy v\u00e1llalat is bejelentette: nagym\u00e9rt\u00e9k\u0171 l\u00e9tsz\u00e1m le\u00e9p\u00edt\u00e9st hajtanak v\u00e9gre. A jap\u00e1nokn\u00e1l a vezet\u0151k b\u00e9r\u00e9t is megcsapolj\u00e1k.","inLanguage":"hu-HU","isPartOf":{"@id":"https:\/\/allasorias.hu\/hirek\/#website"},"breadcrumb":{"@id":"https:\/\/allasorias.hu\/hirek\/bajban-az-autogyarto-cegek-tobb-ezer-dolgozot-kuldenek-el\/#breadcrumblist"},"author":{"@id":"https:\/\/allasorias.hu\/hirek\/author\/admin-allasorias\/#author"},"creator":{"@id":"https:\/\/allasorias.hu\/hirek\/author\/admin-allasorias\/#author"},"image":{"@type":"ImageObject","url":"https:\/\/allasorias.hu\/hirek\/wp-content\/uploads\/2024\/11\/letszamleepites-az-autogyartasban.jpg","@id":"https:\/\/allasorias.hu\/hirek\/bajban-az-autogyarto-cegek-tobb-ezer-dolgozot-kuldenek-el\/#mainImage","width":1920,"height":1280,"caption":"Bajban az aut\u00f3gy\u00e1rt\u00f3 c\u00e9gek \u2013 t\u00f6bb ezer dolgoz\u00f3t k\u00fcldenek el - Allasorias.hu\/Hirek"},"primaryImageOfPage":{"@id":"https:\/\/allasorias.hu\/hirek\/bajban-az-autogyarto-cegek-tobb-ezer-dolgozot-kuldenek-el\/#mainImage"},"datePublished":"2024-11-07T13:45:28+02:00","dateModified":"2025-05-09T10:53:49+02:00"},{"@type":"WebSite","@id":"https:\/\/allasorias.hu\/hirek\/#website","url":"https:\/\/allasorias.hu\/hirek\/","name":"AllasOrias.hu | H\u00edrek-lapszemle","description":"\u00dczleti h\u00edrek az \u00e1ll\u00e1s \u00e9s a munka vil\u00e1g\u00e1b\u00f3l","inLanguage":"hu-HU","publisher":{"@id":"https:\/\/allasorias.hu\/hirek\/#organization"}}]},"og:locale":"hu_HU","og:site_name":"AllasOrias.hu | H\u00edrek-lapszemle | \u00dczleti h\u00edrek az \u00e1ll\u00e1s \u00e9s a munka vil\u00e1g\u00e1b\u00f3l","og:type":"article","og:title":"Aut\u00f3gy\u00e1rt\u00f3k t\u00f6meges elbocs\u00e1t\u00e1sokat ind\u00edtanak","og:description":"A h\u00e9ten k\u00e9t nagy v\u00e1llalat is bejelentette: nagym\u00e9rt\u00e9k\u0171 l\u00e9tsz\u00e1m le\u00e9p\u00edt\u00e9st hajtanak v\u00e9gre. A jap\u00e1nokn\u00e1l a vezet\u0151k b\u00e9r\u00e9t is megcsapolj\u00e1k.","og:url":"https:\/\/allasorias.hu\/hirek\/bajban-az-autogyarto-cegek-tobb-ezer-dolgozot-kuldenek-el\/","og:image":"https:\/\/allasorias.hu\/hirek\/wp-content\/uploads\/2024\/11\/letszamleepites-az-autogyartasban.jpg","og:image:secure_url":"https:\/\/allasorias.hu\/hirek\/wp-content\/uploads\/2024\/11\/letszamleepites-az-autogyartasban.jpg","og:image:width":1920,"og:image:height":1280,"article:published_time":"2024-11-07T11:45:28+00:00","article:modified_time":"2025-05-09T08:53:49+00:00","article:publisher":"https:\/\/www.facebook.com\/allasorias","twitter:card":"summary_large_image","twitter:title":"Aut\u00f3gy\u00e1rt\u00f3k t\u00f6meges elbocs\u00e1t\u00e1sokat ind\u00edtanak","twitter:description":"A h\u00e9ten k\u00e9t nagy v\u00e1llalat is bejelentette: nagym\u00e9rt\u00e9k\u0171 l\u00e9tsz\u00e1m le\u00e9p\u00edt\u00e9st hajtanak v\u00e9gre. A jap\u00e1nokn\u00e1l a vezet\u0151k b\u00e9r\u00e9t is megcsapolj\u00e1k.","twitter:image":"https:\/\/allasorias.hu\/hirek\/wp-content\/uploads\/2024\/11\/letszamleepites-az-autogyartasban.jpg","twitter:label1":"Written by","twitter:data1":"Juh\u00e1sz P\u00e9ter","twitter:label2":"Est. reading time","twitter:data2":"2 minutes"},"aioseo_meta_data":{"post_id":"7997","title":"Aut\u00f3gy\u00e1rt\u00f3k t\u00f6meges elbocs\u00e1t\u00e1sokat ind\u00edtanak","description":"A h\u00e9ten k\u00e9t nagy v\u00e1llalat is bejelentette: nagym\u00e9rt\u00e9k\u0171 l\u00e9tsz\u00e1m le\u00e9p\u00edt\u00e9st hajtanak v\u00e9gre. A jap\u00e1nokn\u00e1l a vezet\u0151k b\u00e9r\u00e9t is megcsapolj\u00e1k.","keywords":null,"keyphrases":{"focus":{"keyphrase":"","score":0,"analysis":{"keyphraseInTitle":{"score":0,"maxScore":9,"error":1}}},"additional":[]},"primary_term":null,"canonical_url":null,"og_title":null,"og_description":null,"og_object_type":"default","og_image_type":"default","og_image_url":null,"og_image_width":null,"og_image_height":null,"og_image_custom_url":null,"og_image_custom_fields":null,"og_video":"","og_custom_url":null,"og_article_section":null,"og_article_tags":null,"twitter_use_og":true,"twitter_card":"default","twitter_image_type":"default","twitter_image_url":null,"twitter_image_custom_url":null,"twitter_image_custom_fields":null,"twitter_title":null,"twitter_description":null,"schema":{"blockGraphs":[],"customGraphs":[],"default":{"data":{"Article":[],"Course":[],"Dataset":[],"FAQPage":[],"Movie":[],"Person":[],"Product":[],"ProductReview":[],"Car":[],"Recipe":[],"Service":[],"SoftwareApplication":[],"WebPage":[]},"graphName":"Article","isEnabled":true},"graphs":[]},"schema_type":"default","schema_type_options":null,"pillar_content":false,"robots_default":true,"robots_noindex":false,"robots_noarchive":false,"robots_nosnippet":false,"robots_nofollow":false,"robots_noimageindex":false,"robots_noodp":false,"robots_notranslate":false,"robots_max_snippet":"-1","robots_max_videopreview":"-1","robots_max_imagepreview":"large","priority":null,"frequency":"default","location":null,"local_seo":null,"breadcrumb_settings":null,"limit_modified_date":false,"ai":null,"created":"2024-11-07 11:37:12","updated":"2025-10-02 20:39:32","seo_analyzer_scan_date":null,"focus_keyword":null,"additional_keywords":null,"truseo_locale":null},"aioseo_breadcrumb":"<div class=\"aioseo-breadcrumbs\"><span class=\"aioseo-breadcrumb\">\n\t\t\t<a href=\"https:\/\/allasorias.hu\/hirek\" title=\"Home\">Home<\/a>\n\t\t<\/span><span class=\"aioseo-breadcrumb-separator\">&raquo;<\/span><span class=\"aioseo-breadcrumb\">\n\t\t\t<a href=\"https:\/\/allasorias.hu\/hirek\/temak\/kulfold\/\" title=\"K\u00fclf\u00f6ld\">K\u00fclf\u00f6ld<\/a>\n\t\t<\/span><span class=\"aioseo-breadcrumb-separator\">&raquo;<\/span><span class=\"aioseo-breadcrumb\">\n\t\t\tBajban az aut\u00f3gy\u00e1rt\u00f3 c\u00e9gek \u2013 t\u00f6bb ezer dolgoz\u00f3t k\u00fcldenek el\n\t\t<\/span><\/div>","aioseo_breadcrumb_json":[{"label":"Home","link":"https:\/\/allasorias.hu\/hirek"},{"label":"K\u00fclf\u00f6ld","link":"https:\/\/allasorias.hu\/hirek\/temak\/kulfold\/"},{"label":"Bajban az aut\u00f3gy\u00e1rt\u00f3 c\u00e9gek \u2013 t\u00f6bb ezer dolgoz\u00f3t k\u00fcldenek el","link":"https:\/\/allasorias.hu\/hirek\/bajban-az-autogyarto-cegek-tobb-ezer-dolgozot-kuldenek-el\/"}],"_links":{"self":[{"href":"https:\/\/allasorias.hu\/hirek\/wp-json\/wp\/v2\/posts\/7997","targetHints":{"allow":["GET"]}}],"collection":[{"href":"https:\/\/allasorias.hu\/hirek\/wp-json\/wp\/v2\/posts"}],"about":[{"href":"https:\/\/allasorias.hu\/hirek\/wp-json\/wp\/v2\/types\/post"}],"author":[{"embeddable":true,"href":"https:\/\/allasorias.hu\/hirek\/wp-json\/wp\/v2\/users\/1"}],"replies":[{"embeddable":true,"href":"https:\/\/allasorias.hu\/hirek\/wp-json\/wp\/v2\/comments?post=7997"}],"version-history":[{"count":1,"href":"https:\/\/allasorias.hu\/hirek\/wp-json\/wp\/v2\/posts\/7997\/revisions"}],"predecessor-version":[{"id":7999,"href":"https:\/\/allasorias.hu\/hirek\/wp-json\/wp\/v2\/posts\/7997\/revisions\/7999"}],"wp:featuredmedia":[{"embeddable":true,"href":"https:\/\/allasorias.hu\/hirek\/wp-json\/wp\/v2\/media\/7998"}],"wp:attachment":[{"href":"https:\/\/allasorias.hu\/hirek\/wp-json\/wp\/v2\/media?parent=7997"}],"wp:term":[{"taxonomy":"category","embeddable":true,"href":"https:\/\/allasorias.hu\/hirek\/wp-json\/wp\/v2\/categories?post=7997"},{"taxonomy":"post_tag","embeddable":true,"href":"https:\/\/allasorias.hu\/hirek\/wp-json\/wp\/v2\/tags?post=7997"}],"curies":[{"name":"wp","href":"https:\/\/api.w.org\/{rel}","templated":true}]}}