{"id":7985,"date":"2024-11-04T10:55:24","date_gmt":"2024-11-04T08:55:24","guid":{"rendered":"https:\/\/allasorias.hu\/hirek\/?p=7985"},"modified":"2025-05-09T15:36:04","modified_gmt":"2025-05-09T13:36:04","slug":"lakasfelujitasra-is-koltheto-majd-a-szep-kartya","status":"publish","type":"post","link":"https:\/\/allasorias.hu\/hirek\/lakasfelujitasra-is-koltheto-majd-a-szep-kartya\/","title":{"rendered":"Lak\u00e1sfel\u00faj\u00edt\u00e1sra is k\u00f6lthet\u0151 majd a Sz\u00e9p-k\u00e1rtya?"},"content":{"rendered":"<p><strong>A b\u00e9ren k\u00edv\u00fcli juttat\u00e1sok felhaszn\u00e1hat\u00f3sga nagyban v\u00e1ltozik, amennyiben a Parlament elfogadja a beny\u00fajtott csomagot. A Sz\u00e9p-k\u00e1rtya p\u00e9ld\u00e1ul lak\u00e1sfel\u00faj\u00edt\u00e1sra is felhaszn\u00e1lhat\u00f3 majd, de ugyan\u00edgy a nyugd\u00edjc\u00e9l\u00fa megtakar\u00edt\u00e1sok is.<\/strong><\/p>\n<p>Ad\u00f3mentes juttat\u00e1s lehet az \u00e1llatkerti bel\u00e9p\u0151, a c\u00e9ges konditerem. Sz\u00e9p-k\u00e1rty\u00e1r\u00f3l fizethet\u0151 &#8211; megk\u00f6t\u00e9sekkel &#8211; a lak\u00e1sfel\u00faj\u00edt\u00e1s. Parlament el\u0151tt a j\u00f6v\u0151 \u00e9vi ad\u00f3t\u00f6rv\u00e9nyek, ezen bel\u00fcl is a kedvezm\u00e9nyesen adhat\u00f3 munk\u00e1ltat\u00f3i juttat\u00e1sok. Beny\u00fajtotta a j\u00f6v\u0151 \u00e9vre tervezett ad\u00f3t\u00f6rv\u00e9nyek javaslat\u00e1t Varga Mih\u00e1ly p\u00e9nz\u00fcgyminiszter, amely a b\u00e9ren k\u00edv\u00fcli juttat\u00e1sok k\u00f6r\u00e9ben is \u00faj szab\u00e1lyokat jelenthet.<\/p>\n<p>Fata L\u00e1szl\u00f3 juttat\u00e1si szak\u00e9rt\u0151 foglalta \u00f6ssze a legfontosabb \u00fajdons\u00e1gokat. A tervezet szerint j\u00f6v\u0151re lak\u00e1sfel\u00faj\u00edt\u00e1sra is felhaszn\u00e1lhat\u00f3 lesz a SZ\u00c9P-k\u00e1rtya egyenlege. Az ilyen c\u00e9lra felhaszn\u00e1lhat\u00f3 \u00f6sszeg nem haladhatja meg a fizet\u00e9si sz\u00e1ml\u00e1n 2025. \u00e9v janu\u00e1r 1-j\u00e9n nyilv\u00e1ntartott \u00f6sszeg \u00e9s a sz\u00e1ml\u00e1ra 2025. \u00e9vben utalt \u00f6sszeg 50 sz\u00e1zal\u00e9k\u00e1t. Hogy eg\u00e9szen pontosan milyen term\u00e9keket \u00e9s szolg\u00e1ltat\u00e1sokat \u00e9rint a m\u00f3dos\u00edt\u00e1s, azt k\u00e9s\u0151bbi korm\u00e1nyrendelet hat\u00e1rozza majd meg.<\/p>\n<p>Az \u00d6nk\u00e9ntes K\u00f6lcs\u00f6n\u00f6s P\u00e9nzt\u00e1rakr\u00f3l sz\u00f3l\u00f3 t\u00f6rv\u00e9ny, mely p\u00e1rhuzamosan v\u00e1ltozik, az ad\u00f3t\u00f6rv\u00e9nyekkel j\u00f6v\u0151re lehet\u0151v\u00e9 tenn\u00e9, hogy a nyugd\u00edjp\u00e9nzt\u00e1ri megtakar\u00edt\u00e1sok lak\u00e1sc\u00e9lra is felhaszn\u00e1lhat\u00f3k legyenek \u2013 r\u00e1ad\u00e1sul az \u00f6nk\u00e9ntes nyugd\u00edjp\u00e9nzt\u00e1r eredeti funkci\u00f3j\u00e1hoz hasonl\u00f3an ad\u00f3mentesen. Ad\u00f3mentes lesz a c\u00e9ges konditerem vagy sportp\u00e1lya haszn\u00e1lata is, ha elfogadj\u00e1k a javaslatot, illetve a m\u00e1r kor\u00e1bban is ad\u00f3mentesen adhat\u00f3 sportrendezv\u00e9nyre vagy kultur\u00e1lis szolg\u00e1ltat\u00e1sra sz\u00f3l\u00f3 bel\u00e9p\u0151, b\u00e9rlet \u2013 mely mind a k\u00e9t esetben a minim\u00e1lb\u00e9r \u00f6sszeg\u00e9ig adhat\u00f3 ad\u00f3mentesen \u2013 mell\u00e9 \u00e9rkeznek \u00faj lehet\u0151s\u00e9gk\u00e9nt az \u00e1llatkerti bel\u00e9p\u0151k vagy b\u00e9rletek.<\/p>\n<p>Nyer\u0151 lehet ez a c\u00e9ges juttat\u00e1s \u00e9v v\u00e9ge fel\u00e9. Nemr\u00e9g \u00edrtunk egy \u00e9v v\u00e9ge fel\u00e9 hasznos juttat\u00e1si form\u00e1r\u00f3l, a csek\u00e9ly \u00e9rt\u00e9k\u0171 aj\u00e1nd\u00e9kr\u00f3l. \u00c9vente h\u00e1romszor adhat\u00f3 munkav\u00e1llal\u00f3nk\u00e9nt ak\u00e1r 80 ezer forint \u00e9rt\u00e9kben, s\u0151t k\u00f6zeli hozz\u00e1tartoz\u00f3kra is kiterjeszthet\u0151. Kedvez\u0151, 33 sz\u00e1zal\u00e9kos az ad\u00f3z\u00e1sa. \u00c9v v\u00e9ge fel\u00e9 n\u00e9pszer\u0171 c\u00e9ges juttat\u00e1si forma lehet a csek\u00e9ly \u00e9rt\u00e9k\u0171 aj\u00e1nd\u00e9k. Az ad\u00f3megtakar\u00edt\u00e1s lehet\u0151s\u00e9ge mellett fontos \u00e9rv az is, hogy a munkav\u00e1llal\u00f3k szeretik az utalv\u00e1nyban kapott juttat\u00e1sokat, hiszen k\u00e9zzelfoghat\u00f3, mindennapi v\u00e1s\u00e1rl\u00e1sra haszn\u00e1lhat\u00f3 \u2013 \u00edgy szinte a k\u00e9szp\u00e9nzzel egyenrang\u00fanak tekintett \u2013 eszk\u00f6zr\u0151l van sz\u00f3, amely sz\u00e9les k\u00f6rben, sz\u00e1mos term\u00e9kcsoport v\u00e1s\u00e1rl\u00e1s\u00e1ra is felhaszn\u00e1lhat\u00f3.<\/p>\n<p>Forr\u00e1s: <a href=\"https:\/\/haszon.hu\/megkeresni\/munka\/juttatas-valtozas-cafeteria\" target=\"_blank\" rel=\"nofollow noopener noreferrer\">haszon.hu<\/a><\/p>\n","protected":false},"excerpt":{"rendered":"<p>A b\u00e9ren k\u00edv\u00fcli juttat\u00e1sok felhaszn\u00e1hat\u00f3sga nagyban v\u00e1ltozik, amennyiben a Parlament elfogadja a beny\u00fajtott csomagot. A Sz\u00e9p-k\u00e1rtya p\u00e9ld\u00e1ul lak\u00e1sfel\u00faj\u00edt\u00e1sra is felhaszn\u00e1lhat\u00f3 majd, de ugyan\u00edgy a nyugd\u00edjc\u00e9l\u00fa megtakar\u00edt\u00e1sok is. Ad\u00f3mentes juttat\u00e1s lehet az \u00e1llatkerti bel\u00e9p\u0151, a c\u00e9ges konditerem. Sz\u00e9p-k\u00e1rty\u00e1r\u00f3l fizethet\u0151 &#8211; megk\u00f6t\u00e9sekkel &#8211; a lak\u00e1sfel\u00faj\u00edt\u00e1s. Parlament el\u0151tt a j\u00f6v\u0151 \u00e9vi ad\u00f3t\u00f6rv\u00e9nyek, ezen bel\u00fcl is a kedvezm\u00e9nyesen adhat\u00f3 [&hellip;]<\/p>\n","protected":false},"author":1,"featured_media":7986,"comment_status":"closed","ping_status":"closed","sticky":false,"template":"","format":"standard","meta":{"_monsterinsights_skip_tracking":false,"footnotes":""},"categories":[198],"tags":[269,831],"class_list":["post-7985","post","type-post","status-publish","format-standard","has-post-thumbnail","hentry","category-gazdasag","tag-juttatas","tag-szep-kartya"],"aioseo_notices":[],"aioseo_head":"\n\t\t<!-- All in One SEO 5.0.0.1 - aioseo.com -->\n\t<meta name=\"description\" content=\"A b\u00e9ren k\u00edv\u00fcli juttat\u00e1sok felhaszn\u00e1hat\u00f3sga nagyban v\u00e1ltozik, amennyiben a Parlament elfogadja a beny\u00fajtott csomagot.\" \/>\n\t<meta name=\"robots\" content=\"max-image-preview:large\" \/>\n\t<meta name=\"author\" content=\"Juh\u00e1sz P\u00e9ter\"\/>\n\t<meta name=\"keywords\" content=\"juttat\u00e1s,sz\u00e9p-k\u00e1rtya\" \/>\n\t<link rel=\"canonical\" href=\"https:\/\/allasorias.hu\/hirek\/lakasfelujitasra-is-koltheto-majd-a-szep-kartya\/\" \/>\n\t<meta name=\"generator\" content=\"All in One SEO (AIOSEO) 5.0.0.1\" \/>\n\t\t<meta property=\"og:locale\" content=\"hu_HU\" \/>\n\t\t<meta property=\"og:site_name\" content=\"AllasOrias.hu | H\u00edrek-lapszemle | \u00dczleti h\u00edrek az \u00e1ll\u00e1s \u00e9s a munka vil\u00e1g\u00e1b\u00f3l\" \/>\n\t\t<meta property=\"og:type\" content=\"article\" \/>\n\t\t<meta property=\"og:title\" content=\"Sz\u00e9p-k\u00e1rtya: lak\u00e1sfel\u00faj\u00edt\u00e1sra is felhaszn\u00e1lhat\u00f3?\" \/>\n\t\t<meta property=\"og:description\" content=\"A b\u00e9ren k\u00edv\u00fcli juttat\u00e1sok felhaszn\u00e1hat\u00f3sga nagyban v\u00e1ltozik, amennyiben a Parlament elfogadja a beny\u00fajtott csomagot.\" \/>\n\t\t<meta property=\"og:url\" content=\"https:\/\/allasorias.hu\/hirek\/lakasfelujitasra-is-koltheto-majd-a-szep-kartya\/\" \/>\n\t\t<meta property=\"og:image\" content=\"https:\/\/allasorias.hu\/hirek\/wp-content\/uploads\/2024\/11\/szep-kartya-hasznalata.jpg\" \/>\n\t\t<meta property=\"og:image:secure_url\" content=\"https:\/\/allasorias.hu\/hirek\/wp-content\/uploads\/2024\/11\/szep-kartya-hasznalata.jpg\" \/>\n\t\t<meta property=\"og:image:width\" content=\"1920\" \/>\n\t\t<meta property=\"og:image:height\" content=\"1280\" \/>\n\t\t<meta property=\"article:published_time\" content=\"2024-11-04T08:55:24+00:00\" \/>\n\t\t<meta property=\"article:modified_time\" content=\"2025-05-09T13:36:04+00:00\" \/>\n\t\t<meta property=\"article:publisher\" content=\"https:\/\/www.facebook.com\/allasorias\" \/>\n\t\t<meta name=\"twitter:card\" content=\"summary_large_image\" \/>\n\t\t<meta name=\"twitter:title\" content=\"Sz\u00e9p-k\u00e1rtya: lak\u00e1sfel\u00faj\u00edt\u00e1sra is felhaszn\u00e1lhat\u00f3?\" \/>\n\t\t<meta name=\"twitter:description\" content=\"A b\u00e9ren k\u00edv\u00fcli juttat\u00e1sok felhaszn\u00e1hat\u00f3sga nagyban v\u00e1ltozik, amennyiben a Parlament elfogadja a beny\u00fajtott csomagot.\" \/>\n\t\t<meta name=\"twitter:image\" content=\"https:\/\/allasorias.hu\/hirek\/wp-content\/uploads\/2024\/11\/szep-kartya-hasznalata.jpg\" \/>\n\t\t<meta name=\"twitter:label1\" content=\"Written by\" \/>\n\t\t<meta name=\"twitter:data1\" content=\"Juh\u00e1sz P\u00e9ter\" \/>\n\t\t<meta name=\"twitter:label2\" content=\"Est. reading time\" \/>\n\t\t<meta name=\"twitter:data2\" content=\"3 minutes\" \/>\n\t\t<script type=\"application\/ld+json\" class=\"aioseo-schema\">\n\t\t\t{\"@context\":\"https:\\\/\\\/schema.org\",\"@graph\":[{\"@type\":\"Article\",\"@id\":\"https:\\\/\\\/allasorias.hu\\\/hirek\\\/lakasfelujitasra-is-koltheto-majd-a-szep-kartya\\\/#article\",\"name\":\"Sz\\u00e9p-k\\u00e1rtya: lak\\u00e1sfel\\u00faj\\u00edt\\u00e1sra is felhaszn\\u00e1lhat\\u00f3?\",\"headline\":\"Lak\\u00e1sfel\\u00faj\\u00edt\\u00e1sra is k\\u00f6lthet\\u0151 majd a Sz\\u00e9p-k\\u00e1rtya?\",\"author\":{\"@id\":\"https:\\\/\\\/allasorias.hu\\\/hirek\\\/author\\\/admin-allasorias\\\/#author\"},\"publisher\":{\"@id\":\"https:\\\/\\\/allasorias.hu\\\/hirek\\\/#organization\"},\"image\":{\"@type\":\"ImageObject\",\"url\":\"https:\\\/\\\/allasorias.hu\\\/hirek\\\/wp-content\\\/uploads\\\/2024\\\/11\\\/szep-kartya-hasznalata.jpg\",\"width\":1920,\"height\":1280,\"caption\":\"Lak\\u00e1sfel\\u00faj\\u00edt\\u00e1sra is k\\u00f6lthet\\u0151 majd a Sz\\u00e9p-k\\u00e1rtya? - Allasorias.hu\\\/Hirek\"},\"datePublished\":\"2024-11-04T10:55:24+02:00\",\"dateModified\":\"2025-05-09T15:36:04+02:00\",\"inLanguage\":\"hu-HU\",\"mainEntityOfPage\":{\"@id\":\"https:\\\/\\\/allasorias.hu\\\/hirek\\\/lakasfelujitasra-is-koltheto-majd-a-szep-kartya\\\/#webpage\"},\"isPartOf\":{\"@id\":\"https:\\\/\\\/allasorias.hu\\\/hirek\\\/lakasfelujitasra-is-koltheto-majd-a-szep-kartya\\\/#webpage\"},\"articleSection\":\"Gazdas\\u00e1g, juttat\\u00e1s, sz\\u00e9p-k\\u00e1rtya\"},{\"@type\":\"BreadcrumbList\",\"@id\":\"https:\\\/\\\/allasorias.hu\\\/hirek\\\/lakasfelujitasra-is-koltheto-majd-a-szep-kartya\\\/#breadcrumblist\",\"itemListElement\":[{\"@type\":\"ListItem\",\"@id\":\"https:\\\/\\\/allasorias.hu\\\/hirek#listItem\",\"position\":1,\"name\":\"Home\",\"item\":\"https:\\\/\\\/allasorias.hu\\\/hirek\",\"nextItem\":{\"@type\":\"ListItem\",\"@id\":\"https:\\\/\\\/allasorias.hu\\\/hirek\\\/temak\\\/gazdasag\\\/#listItem\",\"name\":\"Gazdas\\u00e1g\"}},{\"@type\":\"ListItem\",\"@id\":\"https:\\\/\\\/allasorias.hu\\\/hirek\\\/temak\\\/gazdasag\\\/#listItem\",\"position\":2,\"name\":\"Gazdas\\u00e1g\",\"item\":\"https:\\\/\\\/allasorias.hu\\\/hirek\\\/temak\\\/gazdasag\\\/\",\"nextItem\":{\"@type\":\"ListItem\",\"@id\":\"https:\\\/\\\/allasorias.hu\\\/hirek\\\/lakasfelujitasra-is-koltheto-majd-a-szep-kartya\\\/#listItem\",\"name\":\"Lak\\u00e1sfel\\u00faj\\u00edt\\u00e1sra is k\\u00f6lthet\\u0151 majd a Sz\\u00e9p-k\\u00e1rtya?\"},\"previousItem\":{\"@type\":\"ListItem\",\"@id\":\"https:\\\/\\\/allasorias.hu\\\/hirek#listItem\",\"name\":\"Home\"}},{\"@type\":\"ListItem\",\"@id\":\"https:\\\/\\\/allasorias.hu\\\/hirek\\\/lakasfelujitasra-is-koltheto-majd-a-szep-kartya\\\/#listItem\",\"position\":3,\"name\":\"Lak\\u00e1sfel\\u00faj\\u00edt\\u00e1sra is k\\u00f6lthet\\u0151 majd a Sz\\u00e9p-k\\u00e1rtya?\",\"previousItem\":{\"@type\":\"ListItem\",\"@id\":\"https:\\\/\\\/allasorias.hu\\\/hirek\\\/temak\\\/gazdasag\\\/#listItem\",\"name\":\"Gazdas\\u00e1g\"}}]},{\"@type\":\"Organization\",\"@id\":\"https:\\\/\\\/allasorias.hu\\\/hirek\\\/#organization\",\"name\":\"AllasOrias.hu | H\\u00edrek-lapszemle\",\"description\":\"\\u00dczleti h\\u00edrek az \\u00e1ll\\u00e1s \\u00e9s a munka vil\\u00e1g\\u00e1b\\u00f3l\",\"url\":\"https:\\\/\\\/allasorias.hu\\\/hirek\\\/\",\"logo\":{\"@type\":\"ImageObject\",\"url\":\"https:\\\/\\\/allasorias.hu\\\/hirek\\\/wp-content\\\/uploads\\\/2022\\\/10\\\/allasorias_site_facebok_logo.png\",\"@id\":\"https:\\\/\\\/allasorias.hu\\\/hirek\\\/lakasfelujitasra-is-koltheto-majd-a-szep-kartya\\\/#organizationLogo\"},\"image\":{\"@id\":\"https:\\\/\\\/allasorias.hu\\\/hirek\\\/lakasfelujitasra-is-koltheto-majd-a-szep-kartya\\\/#organizationLogo\"},\"sameAs\":[\"https:\\\/\\\/www.facebook.com\\\/allasorias\",\"https:\\\/\\\/www.linkedin.com\\\/company\\\/allasorias\"]},{\"@type\":\"Person\",\"@id\":\"https:\\\/\\\/allasorias.hu\\\/hirek\\\/author\\\/admin-allasorias\\\/#author\",\"url\":\"https:\\\/\\\/allasorias.hu\\\/hirek\\\/author\\\/admin-allasorias\\\/\",\"name\":\"Juh\\u00e1sz P\\u00e9ter\",\"image\":{\"@type\":\"ImageObject\",\"@id\":\"https:\\\/\\\/allasorias.hu\\\/hirek\\\/lakasfelujitasra-is-koltheto-majd-a-szep-kartya\\\/#authorImage\",\"url\":\"https:\\\/\\\/secure.gravatar.com\\\/avatar\\\/36e6bcb83148978b992977cb0f54d22feb0cce8a0a849a9410532bb2623ba4c6?s=96&d=mm&r=g\",\"width\":96,\"height\":96,\"caption\":\"Juh\\u00e1sz P\\u00e9ter\"}},{\"@type\":\"WebPage\",\"@id\":\"https:\\\/\\\/allasorias.hu\\\/hirek\\\/lakasfelujitasra-is-koltheto-majd-a-szep-kartya\\\/#webpage\",\"url\":\"https:\\\/\\\/allasorias.hu\\\/hirek\\\/lakasfelujitasra-is-koltheto-majd-a-szep-kartya\\\/\",\"name\":\"Sz\\u00e9p-k\\u00e1rtya: lak\\u00e1sfel\\u00faj\\u00edt\\u00e1sra is felhaszn\\u00e1lhat\\u00f3?\",\"description\":\"A b\\u00e9ren k\\u00edv\\u00fcli juttat\\u00e1sok felhaszn\\u00e1hat\\u00f3sga nagyban v\\u00e1ltozik, amennyiben a Parlament elfogadja a beny\\u00fajtott csomagot.\",\"inLanguage\":\"hu-HU\",\"isPartOf\":{\"@id\":\"https:\\\/\\\/allasorias.hu\\\/hirek\\\/#website\"},\"breadcrumb\":{\"@id\":\"https:\\\/\\\/allasorias.hu\\\/hirek\\\/lakasfelujitasra-is-koltheto-majd-a-szep-kartya\\\/#breadcrumblist\"},\"author\":{\"@id\":\"https:\\\/\\\/allasorias.hu\\\/hirek\\\/author\\\/admin-allasorias\\\/#author\"},\"creator\":{\"@id\":\"https:\\\/\\\/allasorias.hu\\\/hirek\\\/author\\\/admin-allasorias\\\/#author\"},\"image\":{\"@type\":\"ImageObject\",\"url\":\"https:\\\/\\\/allasorias.hu\\\/hirek\\\/wp-content\\\/uploads\\\/2024\\\/11\\\/szep-kartya-hasznalata.jpg\",\"@id\":\"https:\\\/\\\/allasorias.hu\\\/hirek\\\/lakasfelujitasra-is-koltheto-majd-a-szep-kartya\\\/#mainImage\",\"width\":1920,\"height\":1280,\"caption\":\"Lak\\u00e1sfel\\u00faj\\u00edt\\u00e1sra is k\\u00f6lthet\\u0151 majd a Sz\\u00e9p-k\\u00e1rtya? - Allasorias.hu\\\/Hirek\"},\"primaryImageOfPage\":{\"@id\":\"https:\\\/\\\/allasorias.hu\\\/hirek\\\/lakasfelujitasra-is-koltheto-majd-a-szep-kartya\\\/#mainImage\"},\"datePublished\":\"2024-11-04T10:55:24+02:00\",\"dateModified\":\"2025-05-09T15:36:04+02:00\"},{\"@type\":\"WebSite\",\"@id\":\"https:\\\/\\\/allasorias.hu\\\/hirek\\\/#website\",\"url\":\"https:\\\/\\\/allasorias.hu\\\/hirek\\\/\",\"name\":\"AllasOrias.hu | H\\u00edrek-lapszemle\",\"description\":\"\\u00dczleti h\\u00edrek az \\u00e1ll\\u00e1s \\u00e9s a munka vil\\u00e1g\\u00e1b\\u00f3l\",\"inLanguage\":\"hu-HU\",\"publisher\":{\"@id\":\"https:\\\/\\\/allasorias.hu\\\/hirek\\\/#organization\"}}]}\n\t\t<\/script>\n\t\t<!-- All in One SEO -->\n\n","aioseo_head_json":{"title":"Sz\u00e9p-k\u00e1rtya: lak\u00e1sfel\u00faj\u00edt\u00e1sra is felhaszn\u00e1lhat\u00f3?","description":"A b\u00e9ren k\u00edv\u00fcli juttat\u00e1sok felhaszn\u00e1hat\u00f3sga nagyban v\u00e1ltozik, amennyiben a Parlament elfogadja a beny\u00fajtott csomagot.","canonical_url":"https:\/\/allasorias.hu\/hirek\/lakasfelujitasra-is-koltheto-majd-a-szep-kartya\/","robots":"max-image-preview:large","keywords":"juttat\u00e1s,sz\u00e9p-k\u00e1rtya","webmasterTools":{"miscellaneous":""},"schema":{"@context":"https:\/\/schema.org","@graph":[{"@type":"Article","@id":"https:\/\/allasorias.hu\/hirek\/lakasfelujitasra-is-koltheto-majd-a-szep-kartya\/#article","name":"Sz\u00e9p-k\u00e1rtya: lak\u00e1sfel\u00faj\u00edt\u00e1sra is felhaszn\u00e1lhat\u00f3?","headline":"Lak\u00e1sfel\u00faj\u00edt\u00e1sra is k\u00f6lthet\u0151 majd a Sz\u00e9p-k\u00e1rtya?","author":{"@id":"https:\/\/allasorias.hu\/hirek\/author\/admin-allasorias\/#author"},"publisher":{"@id":"https:\/\/allasorias.hu\/hirek\/#organization"},"image":{"@type":"ImageObject","url":"https:\/\/allasorias.hu\/hirek\/wp-content\/uploads\/2024\/11\/szep-kartya-hasznalata.jpg","width":1920,"height":1280,"caption":"Lak\u00e1sfel\u00faj\u00edt\u00e1sra is k\u00f6lthet\u0151 majd a Sz\u00e9p-k\u00e1rtya? - Allasorias.hu\/Hirek"},"datePublished":"2024-11-04T10:55:24+02:00","dateModified":"2025-05-09T15:36:04+02:00","inLanguage":"hu-HU","mainEntityOfPage":{"@id":"https:\/\/allasorias.hu\/hirek\/lakasfelujitasra-is-koltheto-majd-a-szep-kartya\/#webpage"},"isPartOf":{"@id":"https:\/\/allasorias.hu\/hirek\/lakasfelujitasra-is-koltheto-majd-a-szep-kartya\/#webpage"},"articleSection":"Gazdas\u00e1g, juttat\u00e1s, sz\u00e9p-k\u00e1rtya"},{"@type":"BreadcrumbList","@id":"https:\/\/allasorias.hu\/hirek\/lakasfelujitasra-is-koltheto-majd-a-szep-kartya\/#breadcrumblist","itemListElement":[{"@type":"ListItem","@id":"https:\/\/allasorias.hu\/hirek#listItem","position":1,"name":"Home","item":"https:\/\/allasorias.hu\/hirek","nextItem":{"@type":"ListItem","@id":"https:\/\/allasorias.hu\/hirek\/temak\/gazdasag\/#listItem","name":"Gazdas\u00e1g"}},{"@type":"ListItem","@id":"https:\/\/allasorias.hu\/hirek\/temak\/gazdasag\/#listItem","position":2,"name":"Gazdas\u00e1g","item":"https:\/\/allasorias.hu\/hirek\/temak\/gazdasag\/","nextItem":{"@type":"ListItem","@id":"https:\/\/allasorias.hu\/hirek\/lakasfelujitasra-is-koltheto-majd-a-szep-kartya\/#listItem","name":"Lak\u00e1sfel\u00faj\u00edt\u00e1sra is k\u00f6lthet\u0151 majd a Sz\u00e9p-k\u00e1rtya?"},"previousItem":{"@type":"ListItem","@id":"https:\/\/allasorias.hu\/hirek#listItem","name":"Home"}},{"@type":"ListItem","@id":"https:\/\/allasorias.hu\/hirek\/lakasfelujitasra-is-koltheto-majd-a-szep-kartya\/#listItem","position":3,"name":"Lak\u00e1sfel\u00faj\u00edt\u00e1sra is k\u00f6lthet\u0151 majd a Sz\u00e9p-k\u00e1rtya?","previousItem":{"@type":"ListItem","@id":"https:\/\/allasorias.hu\/hirek\/temak\/gazdasag\/#listItem","name":"Gazdas\u00e1g"}}]},{"@type":"Organization","@id":"https:\/\/allasorias.hu\/hirek\/#organization","name":"AllasOrias.hu | H\u00edrek-lapszemle","description":"\u00dczleti h\u00edrek az \u00e1ll\u00e1s \u00e9s a munka vil\u00e1g\u00e1b\u00f3l","url":"https:\/\/allasorias.hu\/hirek\/","logo":{"@type":"ImageObject","url":"https:\/\/allasorias.hu\/hirek\/wp-content\/uploads\/2022\/10\/allasorias_site_facebok_logo.png","@id":"https:\/\/allasorias.hu\/hirek\/lakasfelujitasra-is-koltheto-majd-a-szep-kartya\/#organizationLogo"},"image":{"@id":"https:\/\/allasorias.hu\/hirek\/lakasfelujitasra-is-koltheto-majd-a-szep-kartya\/#organizationLogo"},"sameAs":["https:\/\/www.facebook.com\/allasorias","https:\/\/www.linkedin.com\/company\/allasorias"]},{"@type":"Person","@id":"https:\/\/allasorias.hu\/hirek\/author\/admin-allasorias\/#author","url":"https:\/\/allasorias.hu\/hirek\/author\/admin-allasorias\/","name":"Juh\u00e1sz P\u00e9ter","image":{"@type":"ImageObject","@id":"https:\/\/allasorias.hu\/hirek\/lakasfelujitasra-is-koltheto-majd-a-szep-kartya\/#authorImage","url":"https:\/\/secure.gravatar.com\/avatar\/36e6bcb83148978b992977cb0f54d22feb0cce8a0a849a9410532bb2623ba4c6?s=96&d=mm&r=g","width":96,"height":96,"caption":"Juh\u00e1sz P\u00e9ter"}},{"@type":"WebPage","@id":"https:\/\/allasorias.hu\/hirek\/lakasfelujitasra-is-koltheto-majd-a-szep-kartya\/#webpage","url":"https:\/\/allasorias.hu\/hirek\/lakasfelujitasra-is-koltheto-majd-a-szep-kartya\/","name":"Sz\u00e9p-k\u00e1rtya: lak\u00e1sfel\u00faj\u00edt\u00e1sra is felhaszn\u00e1lhat\u00f3?","description":"A b\u00e9ren k\u00edv\u00fcli juttat\u00e1sok felhaszn\u00e1hat\u00f3sga nagyban v\u00e1ltozik, amennyiben a Parlament elfogadja a beny\u00fajtott csomagot.","inLanguage":"hu-HU","isPartOf":{"@id":"https:\/\/allasorias.hu\/hirek\/#website"},"breadcrumb":{"@id":"https:\/\/allasorias.hu\/hirek\/lakasfelujitasra-is-koltheto-majd-a-szep-kartya\/#breadcrumblist"},"author":{"@id":"https:\/\/allasorias.hu\/hirek\/author\/admin-allasorias\/#author"},"creator":{"@id":"https:\/\/allasorias.hu\/hirek\/author\/admin-allasorias\/#author"},"image":{"@type":"ImageObject","url":"https:\/\/allasorias.hu\/hirek\/wp-content\/uploads\/2024\/11\/szep-kartya-hasznalata.jpg","@id":"https:\/\/allasorias.hu\/hirek\/lakasfelujitasra-is-koltheto-majd-a-szep-kartya\/#mainImage","width":1920,"height":1280,"caption":"Lak\u00e1sfel\u00faj\u00edt\u00e1sra is k\u00f6lthet\u0151 majd a Sz\u00e9p-k\u00e1rtya? - Allasorias.hu\/Hirek"},"primaryImageOfPage":{"@id":"https:\/\/allasorias.hu\/hirek\/lakasfelujitasra-is-koltheto-majd-a-szep-kartya\/#mainImage"},"datePublished":"2024-11-04T10:55:24+02:00","dateModified":"2025-05-09T15:36:04+02:00"},{"@type":"WebSite","@id":"https:\/\/allasorias.hu\/hirek\/#website","url":"https:\/\/allasorias.hu\/hirek\/","name":"AllasOrias.hu | H\u00edrek-lapszemle","description":"\u00dczleti h\u00edrek az \u00e1ll\u00e1s \u00e9s a munka vil\u00e1g\u00e1b\u00f3l","inLanguage":"hu-HU","publisher":{"@id":"https:\/\/allasorias.hu\/hirek\/#organization"}}]},"og:locale":"hu_HU","og:site_name":"AllasOrias.hu | H\u00edrek-lapszemle | \u00dczleti h\u00edrek az \u00e1ll\u00e1s \u00e9s a munka vil\u00e1g\u00e1b\u00f3l","og:type":"article","og:title":"Sz\u00e9p-k\u00e1rtya: lak\u00e1sfel\u00faj\u00edt\u00e1sra is felhaszn\u00e1lhat\u00f3?","og:description":"A b\u00e9ren k\u00edv\u00fcli juttat\u00e1sok felhaszn\u00e1hat\u00f3sga nagyban v\u00e1ltozik, amennyiben a Parlament elfogadja a beny\u00fajtott csomagot.","og:url":"https:\/\/allasorias.hu\/hirek\/lakasfelujitasra-is-koltheto-majd-a-szep-kartya\/","og:image":"https:\/\/allasorias.hu\/hirek\/wp-content\/uploads\/2024\/11\/szep-kartya-hasznalata.jpg","og:image:secure_url":"https:\/\/allasorias.hu\/hirek\/wp-content\/uploads\/2024\/11\/szep-kartya-hasznalata.jpg","og:image:width":1920,"og:image:height":1280,"article:published_time":"2024-11-04T08:55:24+00:00","article:modified_time":"2025-05-09T13:36:04+00:00","article:publisher":"https:\/\/www.facebook.com\/allasorias","twitter:card":"summary_large_image","twitter:title":"Sz\u00e9p-k\u00e1rtya: lak\u00e1sfel\u00faj\u00edt\u00e1sra is felhaszn\u00e1lhat\u00f3?","twitter:description":"A b\u00e9ren k\u00edv\u00fcli juttat\u00e1sok felhaszn\u00e1hat\u00f3sga nagyban v\u00e1ltozik, amennyiben a Parlament elfogadja a beny\u00fajtott csomagot.","twitter:image":"https:\/\/allasorias.hu\/hirek\/wp-content\/uploads\/2024\/11\/szep-kartya-hasznalata.jpg","twitter:label1":"Written by","twitter:data1":"Juh\u00e1sz P\u00e9ter","twitter:label2":"Est. reading time","twitter:data2":"3 minutes"},"aioseo_meta_data":{"post_id":"7985","title":"Sz\u00e9p-k\u00e1rtya: lak\u00e1sfel\u00faj\u00edt\u00e1sra is felhaszn\u00e1lhat\u00f3?","description":"A b\u00e9ren k\u00edv\u00fcli juttat\u00e1sok felhaszn\u00e1hat\u00f3sga nagyban v\u00e1ltozik, amennyiben a Parlament elfogadja a beny\u00fajtott csomagot.","keywords":null,"keyphrases":{"focus":{"keyphrase":"","score":0,"analysis":{"keyphraseInTitle":{"score":0,"maxScore":9,"error":1}}},"additional":[]},"primary_term":null,"canonical_url":null,"og_title":null,"og_description":null,"og_object_type":"default","og_image_type":"default","og_image_url":null,"og_image_width":null,"og_image_height":null,"og_image_custom_url":null,"og_image_custom_fields":null,"og_video":"","og_custom_url":null,"og_article_section":null,"og_article_tags":null,"twitter_use_og":true,"twitter_card":"default","twitter_image_type":"default","twitter_image_url":null,"twitter_image_custom_url":null,"twitter_image_custom_fields":null,"twitter_title":null,"twitter_description":null,"schema":{"blockGraphs":[],"customGraphs":[],"default":{"data":{"Article":[],"Course":[],"Dataset":[],"FAQPage":[],"Movie":[],"Person":[],"Product":[],"ProductReview":[],"Car":[],"Recipe":[],"Service":[],"SoftwareApplication":[],"WebPage":[]},"graphName":"Article","isEnabled":true},"graphs":[]},"schema_type":"default","schema_type_options":null,"pillar_content":false,"robots_default":true,"robots_noindex":false,"robots_noarchive":false,"robots_nosnippet":false,"robots_nofollow":false,"robots_noimageindex":false,"robots_noodp":false,"robots_notranslate":false,"robots_max_snippet":"-1","robots_max_videopreview":"-1","robots_max_imagepreview":"large","priority":null,"frequency":"default","location":null,"local_seo":null,"breadcrumb_settings":null,"limit_modified_date":false,"ai":null,"created":"2024-11-04 08:34:39","updated":"2025-10-02 20:37:28","seo_analyzer_scan_date":null,"focus_keyword":null,"additional_keywords":null,"truseo_locale":null},"aioseo_breadcrumb":"<div class=\"aioseo-breadcrumbs\"><span class=\"aioseo-breadcrumb\">\n\t\t\t<a href=\"https:\/\/allasorias.hu\/hirek\" title=\"Home\">Home<\/a>\n\t\t<\/span><span class=\"aioseo-breadcrumb-separator\">&raquo;<\/span><span class=\"aioseo-breadcrumb\">\n\t\t\t<a href=\"https:\/\/allasorias.hu\/hirek\/temak\/gazdasag\/\" title=\"Gazdas\u00e1g\">Gazdas\u00e1g<\/a>\n\t\t<\/span><span class=\"aioseo-breadcrumb-separator\">&raquo;<\/span><span class=\"aioseo-breadcrumb\">\n\t\t\tLak\u00e1sfel\u00faj\u00edt\u00e1sra is k\u00f6lthet\u0151 majd a Sz\u00e9p-k\u00e1rtya?\n\t\t<\/span><\/div>","aioseo_breadcrumb_json":[{"label":"Home","link":"https:\/\/allasorias.hu\/hirek"},{"label":"Gazdas\u00e1g","link":"https:\/\/allasorias.hu\/hirek\/temak\/gazdasag\/"},{"label":"Lak\u00e1sfel\u00faj\u00edt\u00e1sra is k\u00f6lthet\u0151 majd a Sz\u00e9p-k\u00e1rtya?","link":"https:\/\/allasorias.hu\/hirek\/lakasfelujitasra-is-koltheto-majd-a-szep-kartya\/"}],"_links":{"self":[{"href":"https:\/\/allasorias.hu\/hirek\/wp-json\/wp\/v2\/posts\/7985","targetHints":{"allow":["GET"]}}],"collection":[{"href":"https:\/\/allasorias.hu\/hirek\/wp-json\/wp\/v2\/posts"}],"about":[{"href":"https:\/\/allasorias.hu\/hirek\/wp-json\/wp\/v2\/types\/post"}],"author":[{"embeddable":true,"href":"https:\/\/allasorias.hu\/hirek\/wp-json\/wp\/v2\/users\/1"}],"replies":[{"embeddable":true,"href":"https:\/\/allasorias.hu\/hirek\/wp-json\/wp\/v2\/comments?post=7985"}],"version-history":[{"count":1,"href":"https:\/\/allasorias.hu\/hirek\/wp-json\/wp\/v2\/posts\/7985\/revisions"}],"predecessor-version":[{"id":7987,"href":"https:\/\/allasorias.hu\/hirek\/wp-json\/wp\/v2\/posts\/7985\/revisions\/7987"}],"wp:featuredmedia":[{"embeddable":true,"href":"https:\/\/allasorias.hu\/hirek\/wp-json\/wp\/v2\/media\/7986"}],"wp:attachment":[{"href":"https:\/\/allasorias.hu\/hirek\/wp-json\/wp\/v2\/media?parent=7985"}],"wp:term":[{"taxonomy":"category","embeddable":true,"href":"https:\/\/allasorias.hu\/hirek\/wp-json\/wp\/v2\/categories?post=7985"},{"taxonomy":"post_tag","embeddable":true,"href":"https:\/\/allasorias.hu\/hirek\/wp-json\/wp\/v2\/tags?post=7985"}],"curies":[{"name":"wp","href":"https:\/\/api.w.org\/{rel}","templated":true}]}}