{"id":7949,"date":"2024-10-15T10:34:42","date_gmt":"2024-10-15T08:34:42","guid":{"rendered":"https:\/\/allasorias.hu\/hirek\/?p=7949"},"modified":"2024-10-15T10:34:42","modified_gmt":"2024-10-15T08:34:42","slug":"munkaerokolcsonzes-etikusan","status":"publish","type":"post","link":"https:\/\/allasorias.hu\/hirek\/munkaerokolcsonzes-etikusan\/","title":{"rendered":"Munkaer\u0151k\u00f6lcs\u00f6nz\u00e9s etikusan"},"content":{"rendered":"<p><strong>Kiemelten fontos a munkaer\u0151 k\u00f6lcs\u00f6nz\u00e9s ter\u00fclet\u00e9n az egy\u00fcttm\u0171k\u00f6d\u00e9s, a korrekt jogi k\u00f6rnyezet \u00e9s a szakmais\u00e1g. T\u00f6bbek k\u00f6z\u00f6tt ezeket a c\u00e9lokat t\u0171zte ki c\u00e9lul a nemr\u00e9g megalakult szekci\u00f3.\u00a0 <\/strong><\/p>\n<p>A V\u00e1llalkoz\u00f3k \u00e9s Munk\u00e1ltat\u00f3k Orsz\u00e1gos Sz\u00f6vets\u00e9ge (VOSZ) keretein bel\u00fcl megalakult a Min\u0151s\u00edtett HR Szolg\u00e1ltat\u00f3k Szekci\u00f3ja, amely a min\u0151s\u00edtett munkaer\u0151-k\u00f6lcs\u00f6nz\u0151 c\u00e9gek k\u00e9tharmad\u00e1t foglalja mag\u00e1ba. Ez a szekci\u00f3 a HR szolg\u00e1ltat\u00e1si piac szerepl\u0151inek \u00faj, egyes\u00edtett platformja, amely k\u00f6z\u00f6s \u00e9rdekk\u00e9pviseleti c\u00e9lok ment\u00e9n t\u00f6m\u00f6r\u00edti a szektort, kiemelten figyelve az etikus \u00e9s jogszer\u0171 m\u0171k\u00f6d\u00e9sre.<\/p>\n<h2><strong>A szekci\u00f3 c\u00e9ljai \u00e9s szerepe a munkaer\u0151piacon<\/strong><\/h2>\n<p>A szekci\u00f3 megalakul\u00e1s\u00e1t k\u00f6vet\u0151en a VOSZ fontos szerepet k\u00edv\u00e1n bet\u00f6lteni a munkaer\u0151piac szab\u00e1lyoz\u00e1s\u00e1ban a min\u0151s\u00edtett munkaer\u0151-k\u00f6lcs\u00f6nz\u00e9s ter\u00fclet\u00e9n is, a foglalkoztat\u00e1s n\u00f6vel\u00e9s\u00e9ben, valamint a szektorban tapasztalhat\u00f3 probl\u00e9m\u00e1k kezel\u00e9s\u00e9ben. C\u00e9ljuk, hogy az \u00e1llammal \u00e9s m\u00e1s \u00e9rintett felekkel szoros egy\u00fcttm\u0171k\u00f6d\u00e9sben dolgozzanak, hozz\u00e1j\u00e1rulva a munkaer\u0151piac stabilit\u00e1s\u00e1hoz \u00e9s a munkaer\u0151-k\u00f6lcs\u00f6nz\u00e9si szektor fejl\u0151d\u00e9s\u00e9hez.<\/p>\n<p>A szekci\u00f3 alapjait az elm\u00falt id\u0151szak piaci \u00e9s szab\u00e1lyoz\u00e1si v\u00e1ltoz\u00e1sai is indokolt\u00e1k. A munkaer\u0151-k\u00f6lcs\u00f6nz\u00e9si szektorban egyre t\u00f6bb szerepl\u0151 j\u00e1tszik meghat\u00e1roz\u00f3 szerepet, \u00e9s a k\u00fcl\u00f6nb\u00f6z\u0151 t\u00e1rsas\u00e1gok k\u00f6z\u00f6tti egy\u00fcttm\u0171k\u00f6d\u00e9s, valamint a piac jogszab\u00e1lyk\u00f6vet\u0151s\u00e9g\u00e9nek biztos\u00edt\u00e1sa alapvet\u0151 \u00e9rdek.<\/p>\n<h2><strong>\u00d6nszab\u00e1lyoz\u00e1si megold\u00e1sok \u00e9s a jogszab\u00e1lyok betarthat\u00f3s\u00e1ga<\/strong><\/h2>\n<p>Az \u00e1llami szab\u00e1lyoz\u00e1s \u00e9s ellen\u0151rz\u00e9s er\u0151s\u00edt\u00e9se mellett a VOSZ \u00e9s a Min\u0151s\u00edtett HR Szolg\u00e1ltat\u00f3k Szekci\u00f3ja \u00fajabb \u00e9s hat\u00e9konyabb \u00f6nszab\u00e1lyoz\u00e1si megold\u00e1sokat is keres. A szekci\u00f3 megalakul\u00e1s\u00e1val egy\u00fctt felmer\u00fcl\u0151 egyik legforr\u00f3bb t\u00e9ma a min\u0151s\u00edtett munkaer\u0151-k\u00f6lcs\u00f6nz\u00e9si szab\u00e1lyok betarthat\u00f3s\u00e1g\u00e1ra vonatkoz\u00f3 javaslatok. Mih\u00e1lyi Magdolna, a szekci\u00f3 eln\u00f6ke \u00e1ll\u00e1sfoglal\u00e1s\u00e1ban r\u00e1mutatott, hogy az ilyen jelleg\u0171 szab\u00e1lyoz\u00e1s ink\u00e1bb a piac sz\u0171k\u00edt\u00e9s\u00e9t eredm\u00e9nyezheti, ami k\u00e1ros lenne a kisebb min\u0151s\u00edtett c\u00e9gek, a k\u00f6lcs\u00f6nvev\u0151 v\u00e1llalkoz\u00e1sok, valamint a munkav\u00e1llal\u00f3k sz\u00e1m\u00e1ra is. A piac szerepl\u0151inek kiz\u00e1r\u00e1sa \u00e1remelked\u00e9st, a szolg\u00e1ltat\u00e1si sz\u00ednvonal cs\u00f6kken\u00e9s\u00e9t, valamint a rugalmass\u00e1g \u00e9s innov\u00e1ci\u00f3 visszaes\u00e9s\u00e9t vonn\u00e1 maga ut\u00e1n.<\/p>\n<p>Mih\u00e1lyi Magdolna, az id\u00e9n 20 \u00e9ves JOBTAIN HR Szolg\u00e1ltat\u00f3 Kft. tulajdonos-\u00fcgyvezet\u0151je. A VOSZ Min\u0151s\u00edtett HR Szolg\u00e1ltat\u00f3k szekci\u00f3 eln\u00f6ki poz\u00edci\u00f3ja mellett a Magyar Munkaer\u0151-k\u00f6lcs\u00f6nz\u0151k Orsz\u00e1gos Sz\u00f6vets\u00e9ge (MMOSZ) Fel\u00fcgyel\u0151 Bizotts\u00e1g\u00e1nak eln\u00f6ki tiszts\u00e9g\u00e9t is bet\u00f6lti.<\/p>\n<h2><strong>A Jobtain \u00e9s a min\u0151s\u00edtett foglalkoztat\u00f3i st\u00e1tusz szerepe<\/strong><\/h2>\n<p>A Jobtain az els\u0151k k\u00f6z\u00f6tt szerezte meg a min\u0151s\u00edtett foglalkoztat\u00f3i st\u00e1tuszt, \u00e9s kiemelt c\u00e9lj\u00e1nak tekinti a munkaer\u0151piaci egyens\u00faly megteremt\u00e9s\u00e9t, a versenyk\u00e9pess\u00e9gi \u00e9s t\u00f6rv\u00e9nyi szempontok harmoniz\u00e1l\u00e1s\u00e1val. A Min\u0151s\u00edtett HR Szolg\u00e1ltat\u00f3k Szekci\u00f3ja kiemelt c\u00e9lja, hogy seg\u00edtse a k\u00f6z\u00e9p- \u00e9s kisv\u00e1llalkoz\u00e1sokat, valamint fenntartsa a versenyt a munkaer\u0151-k\u00f6lcs\u00f6nz\u00e9si piacon. Ezzel kapcsolatosan felh\u00edvt\u00e1k a figyelmet arra is, hogy a jogszab\u00e1lyi el\u0151\u00edr\u00e1sok betart\u00e1sa nem a v\u00e1llalat m\u00e9ret\u00e9t\u0151l f\u00fcgg, hanem sokkal ink\u00e1bb a c\u00e9g \u00fczemeltet\u00e9s\u00e9nek \u00e9s etikus m\u0171k\u00f6d\u00e9s\u00e9nek \u00e9rdem\u00e9t\u0151l.<\/p>\n<p>A szekci\u00f3 tagjai olyan k\u00f6lcs\u00f6nz\u0151 c\u00e9gek, amelyek ezer f\u0151 feletti munkav\u00e1llal\u00f3t foglalkoztatnak, \u00e9s k\u00f6vetkezetesen megfelelnek a jogi el\u0151\u00edr\u00e1soknak. A szekci\u00f3 vezet\u00e9se hangs\u00falyozta, hogy a l\u00e9tsz\u00e1mkorl\u00e1tok emel\u00e9se helyett ink\u00e1bb a megl\u00e9v\u0151 szab\u00e1lyoz\u00e1s hat\u00e9konyabb ellen\u0151rz\u00e9s\u00e9re kellene f\u00f3kusz\u00e1lni, valamint a harmadik orsz\u00e1gbeli munkav\u00e1llal\u00f3k behozatal\u00e1val kapcsolatos illeg\u00e1lis gyakorlatok visszaszor\u00edt\u00e1s\u00e1ra. Mih\u00e1lyi Magdolna szerint az olyan c\u00e9gek, amelyek nem min\u0151s\u00edtett k\u00f6lcs\u00f6nz\u0151 c\u00e9gk\u00e9nt m\u0171k\u00f6dnek, \u00e9s f\u0151tev\u00e9kenys\u00e9g\u00fck nem a munkaer\u0151-k\u00f6lcs\u00f6nz\u00e9s, gyakran nem rendelkeznek a megfelel\u0151 adminisztrat\u00edv eszk\u00f6z\u00f6kkel \u00e9s tapasztalattal, ami tov\u00e1bbi jogi \u00e9s gazdas\u00e1gi kock\u00e1zatokat rejt.<\/p>\n<h2><strong>A szekci\u00f3 elk\u00f6telezetts\u00e9ge a munkaer\u0151piac fejleszt\u00e9se ir\u00e1nt<\/strong><\/h2>\n<p>A Min\u0151s\u00edtett HR Szolg\u00e1ltat\u00f3k Szekci\u00f3ja teh\u00e1t elk\u00f6telezetten l\u00e9p fel a munkaer\u0151-k\u00f6lcs\u00f6nz\u00e9si piac etikus, jogszab\u00e1lyk\u00f6vet\u0151 \u00e9s fenntarthat\u00f3 fejleszt\u00e9s\u00e9\u00e9rt, mik\u00f6zben az \u00e1llammal \u00e9s m\u00e1s \u00e9rintettekkel egy\u00fcttm\u0171k\u00f6dve t\u00e1mogatj\u00e1k a foglalkoztat\u00e1s n\u00f6vel\u00e9s\u00e9t, a munkaer\u0151hi\u00e1ny hat\u00e9kony kezel\u00e9s\u00e9t \u00e9s a t\u00e1rsadalmi fenntarthat\u00f3s\u00e1got. A szekci\u00f3 k\u00e9sz k\u00e9pviselni tagjainak \u00e9rdekeit, \u00e9s akt\u00edv r\u00e9szv\u00e9tel\u00fckkel hozz\u00e1j\u00e1rulni a munkaer\u0151piac kiegyens\u00falyozott fejl\u0151d\u00e9s\u00e9hez. \u00d6sszess\u00e9g\u00e9ben a Min\u0151s\u00edtett HR Szolg\u00e1ltat\u00f3k Szekci\u00f3j\u00e1nak l\u00e9trehoz\u00e1sa fontos l\u00e9p\u00e9s a szektor fejl\u0151d\u00e9se \u00e9s a munkaer\u0151-k\u00f6lcs\u00f6nz\u00e9si piac szab\u00e1lyoz\u00e1s\u00e1nak jav\u00edt\u00e1sa \u00e9rdek\u00e9ben.<\/p>\n<p>Forr\u00e1s: <a href=\"https:\/\/www.hrportal.hu\/c\/megalakult-a-minositett-hr-szolgaltatok-szekcioja-a-vosz-on-belul-20241014.html\" target=\"_blank\" rel=\"nofollow noopener noreferrer\">hrportal.hu<\/a><\/p>\n","protected":false},"excerpt":{"rendered":"<p>Kiemelten fontos a munkaer\u0151 k\u00f6lcs\u00f6nz\u00e9s ter\u00fclet\u00e9n az egy\u00fcttm\u0171k\u00f6d\u00e9s, a korrekt jogi k\u00f6rnyezet \u00e9s a szakmais\u00e1g. T\u00f6bbek k\u00f6z\u00f6tt ezeket a c\u00e9lokat t\u0171zte ki c\u00e9lul a nemr\u00e9g megalakult szekci\u00f3.\u00a0 A V\u00e1llalkoz\u00f3k \u00e9s Munk\u00e1ltat\u00f3k Orsz\u00e1gos Sz\u00f6vets\u00e9ge (VOSZ) keretein bel\u00fcl megalakult a Min\u0151s\u00edtett HR Szolg\u00e1ltat\u00f3k Szekci\u00f3ja, amely a min\u0151s\u00edtett munkaer\u0151-k\u00f6lcs\u00f6nz\u0151 c\u00e9gek k\u00e9tharmad\u00e1t foglalja mag\u00e1ba. Ez a szekci\u00f3 a HR [&hellip;]<\/p>\n","protected":false},"author":1,"featured_media":7950,"comment_status":"closed","ping_status":"closed","sticky":false,"template":"","format":"standard","meta":{"_monsterinsights_skip_tracking":false,"footnotes":""},"categories":[200],"tags":[819,608],"class_list":["post-7949","post","type-post","status-publish","format-standard","has-post-thumbnail","hentry","category-munkaeropiac","tag-hr-szolgaltatok","tag-munkaerokolcsonzes"],"aioseo_notices":[],"aioseo_head":"\n\t\t<!-- All in One SEO 5.0.0.1 - aioseo.com -->\n\t<meta name=\"description\" content=\"Kiemelten fontos a munkaer\u0151 k\u00f6lcs\u00f6nz\u00e9s ter\u00fclet\u00e9n az egy\u00fcttm\u0171k\u00f6d\u00e9s, a korrekt jogi k\u00f6rnyezet \u00e9s a szakmais\u00e1g. Megalakult a Min\u0151s\u00edtett HR Szolg\u00e1ltat\u00f3k Szekci\u00f3ja.\" \/>\n\t<meta name=\"robots\" content=\"max-image-preview:large\" \/>\n\t<meta name=\"author\" content=\"Juh\u00e1sz P\u00e9ter\"\/>\n\t<meta name=\"keywords\" content=\"hr szolg\u00e1ltat\u00f3k,munkaer\u0151k\u00f6lcs\u00f6nz\u00e9s\" \/>\n\t<link rel=\"canonical\" href=\"https:\/\/allasorias.hu\/hirek\/munkaerokolcsonzes-etikusan\/\" \/>\n\t<meta name=\"generator\" content=\"All in One SEO (AIOSEO) 5.0.0.1\" \/>\n\t\t<meta property=\"og:locale\" content=\"hu_HU\" \/>\n\t\t<meta property=\"og:site_name\" content=\"AllasOrias.hu | H\u00edrek-lapszemle | \u00dczleti h\u00edrek az \u00e1ll\u00e1s \u00e9s a munka vil\u00e1g\u00e1b\u00f3l\" \/>\n\t\t<meta property=\"og:type\" content=\"article\" \/>\n\t\t<meta property=\"og:title\" content=\"Munkaer\u0151k\u00f6lcs\u00f6nz\u00e9s etikusan | Allasorias.hu\/Hirek\" \/>\n\t\t<meta property=\"og:description\" content=\"Kiemelten fontos a munkaer\u0151 k\u00f6lcs\u00f6nz\u00e9s ter\u00fclet\u00e9n az egy\u00fcttm\u0171k\u00f6d\u00e9s, a korrekt jogi k\u00f6rnyezet \u00e9s a szakmais\u00e1g. Megalakult a Min\u0151s\u00edtett HR Szolg\u00e1ltat\u00f3k Szekci\u00f3ja.\" \/>\n\t\t<meta property=\"og:url\" content=\"https:\/\/allasorias.hu\/hirek\/munkaerokolcsonzes-etikusan\/\" \/>\n\t\t<meta property=\"og:image\" content=\"https:\/\/allasorias.hu\/hirek\/wp-content\/uploads\/2024\/10\/munkaerokolcsonzes-etikusan.jpg\" \/>\n\t\t<meta property=\"og:image:secure_url\" content=\"https:\/\/allasorias.hu\/hirek\/wp-content\/uploads\/2024\/10\/munkaerokolcsonzes-etikusan.jpg\" \/>\n\t\t<meta property=\"og:image:width\" content=\"1920\" \/>\n\t\t<meta property=\"og:image:height\" content=\"1280\" \/>\n\t\t<meta property=\"article:published_time\" content=\"2024-10-15T08:34:42+00:00\" \/>\n\t\t<meta property=\"article:modified_time\" content=\"2024-10-15T08:34:42+00:00\" \/>\n\t\t<meta property=\"article:publisher\" content=\"https:\/\/www.facebook.com\/allasorias\" \/>\n\t\t<meta name=\"twitter:card\" content=\"summary_large_image\" \/>\n\t\t<meta name=\"twitter:title\" content=\"Munkaer\u0151k\u00f6lcs\u00f6nz\u00e9s etikusan | Allasorias.hu\/Hirek\" \/>\n\t\t<meta name=\"twitter:description\" content=\"Kiemelten fontos a munkaer\u0151 k\u00f6lcs\u00f6nz\u00e9s ter\u00fclet\u00e9n az egy\u00fcttm\u0171k\u00f6d\u00e9s, a korrekt jogi k\u00f6rnyezet \u00e9s a szakmais\u00e1g. Megalakult a Min\u0151s\u00edtett HR Szolg\u00e1ltat\u00f3k Szekci\u00f3ja.\" \/>\n\t\t<meta name=\"twitter:image\" content=\"https:\/\/allasorias.hu\/hirek\/wp-content\/uploads\/2024\/10\/munkaerokolcsonzes-etikusan.jpg\" \/>\n\t\t<meta name=\"twitter:label1\" content=\"Written by\" \/>\n\t\t<meta name=\"twitter:data1\" content=\"Juh\u00e1sz P\u00e9ter\" \/>\n\t\t<meta name=\"twitter:label2\" content=\"Est. reading time\" \/>\n\t\t<meta name=\"twitter:data2\" content=\"5 minutes\" \/>\n\t\t<script type=\"application\/ld+json\" class=\"aioseo-schema\">\n\t\t\t{\"@context\":\"https:\\\/\\\/schema.org\",\"@graph\":[{\"@type\":\"Article\",\"@id\":\"https:\\\/\\\/allasorias.hu\\\/hirek\\\/munkaerokolcsonzes-etikusan\\\/#article\",\"name\":\"Munkaer\\u0151k\\u00f6lcs\\u00f6nz\\u00e9s etikusan | Allasorias.hu\\\/Hirek\",\"headline\":\"Munkaer\\u0151k\\u00f6lcs\\u00f6nz\\u00e9s etikusan\",\"author\":{\"@id\":\"https:\\\/\\\/allasorias.hu\\\/hirek\\\/author\\\/admin-allasorias\\\/#author\"},\"publisher\":{\"@id\":\"https:\\\/\\\/allasorias.hu\\\/hirek\\\/#organization\"},\"image\":{\"@type\":\"ImageObject\",\"url\":\"https:\\\/\\\/allasorias.hu\\\/hirek\\\/wp-content\\\/uploads\\\/2024\\\/10\\\/munkaerokolcsonzes-etikusan.jpg\",\"width\":1920,\"height\":1280,\"caption\":\"Munkaer\\u0151k\\u00f6lcs\\u00f6nz\\u00e9s etikusan - Allasorias.hu\\\/Hirek\"},\"datePublished\":\"2024-10-15T10:34:42+02:00\",\"dateModified\":\"2024-10-15T10:34:42+02:00\",\"inLanguage\":\"hu-HU\",\"mainEntityOfPage\":{\"@id\":\"https:\\\/\\\/allasorias.hu\\\/hirek\\\/munkaerokolcsonzes-etikusan\\\/#webpage\"},\"isPartOf\":{\"@id\":\"https:\\\/\\\/allasorias.hu\\\/hirek\\\/munkaerokolcsonzes-etikusan\\\/#webpage\"},\"articleSection\":\"Munkaer\\u0151piac, HR Szolg\\u00e1ltat\\u00f3k, munkaer\\u0151k\\u00f6lcs\\u00f6nz\\u00e9s\"},{\"@type\":\"BreadcrumbList\",\"@id\":\"https:\\\/\\\/allasorias.hu\\\/hirek\\\/munkaerokolcsonzes-etikusan\\\/#breadcrumblist\",\"itemListElement\":[{\"@type\":\"ListItem\",\"@id\":\"https:\\\/\\\/allasorias.hu\\\/hirek#listItem\",\"position\":1,\"name\":\"Home\",\"item\":\"https:\\\/\\\/allasorias.hu\\\/hirek\",\"nextItem\":{\"@type\":\"ListItem\",\"@id\":\"https:\\\/\\\/allasorias.hu\\\/hirek\\\/temak\\\/munkaeropiac\\\/#listItem\",\"name\":\"Munkaer\\u0151piac\"}},{\"@type\":\"ListItem\",\"@id\":\"https:\\\/\\\/allasorias.hu\\\/hirek\\\/temak\\\/munkaeropiac\\\/#listItem\",\"position\":2,\"name\":\"Munkaer\\u0151piac\",\"item\":\"https:\\\/\\\/allasorias.hu\\\/hirek\\\/temak\\\/munkaeropiac\\\/\",\"nextItem\":{\"@type\":\"ListItem\",\"@id\":\"https:\\\/\\\/allasorias.hu\\\/hirek\\\/munkaerokolcsonzes-etikusan\\\/#listItem\",\"name\":\"Munkaer\\u0151k\\u00f6lcs\\u00f6nz\\u00e9s etikusan\"},\"previousItem\":{\"@type\":\"ListItem\",\"@id\":\"https:\\\/\\\/allasorias.hu\\\/hirek#listItem\",\"name\":\"Home\"}},{\"@type\":\"ListItem\",\"@id\":\"https:\\\/\\\/allasorias.hu\\\/hirek\\\/munkaerokolcsonzes-etikusan\\\/#listItem\",\"position\":3,\"name\":\"Munkaer\\u0151k\\u00f6lcs\\u00f6nz\\u00e9s etikusan\",\"previousItem\":{\"@type\":\"ListItem\",\"@id\":\"https:\\\/\\\/allasorias.hu\\\/hirek\\\/temak\\\/munkaeropiac\\\/#listItem\",\"name\":\"Munkaer\\u0151piac\"}}]},{\"@type\":\"Organization\",\"@id\":\"https:\\\/\\\/allasorias.hu\\\/hirek\\\/#organization\",\"name\":\"AllasOrias.hu | H\\u00edrek-lapszemle\",\"description\":\"\\u00dczleti h\\u00edrek az \\u00e1ll\\u00e1s \\u00e9s a munka vil\\u00e1g\\u00e1b\\u00f3l\",\"url\":\"https:\\\/\\\/allasorias.hu\\\/hirek\\\/\",\"logo\":{\"@type\":\"ImageObject\",\"url\":\"https:\\\/\\\/allasorias.hu\\\/hirek\\\/wp-content\\\/uploads\\\/2022\\\/10\\\/allasorias_site_facebok_logo.png\",\"@id\":\"https:\\\/\\\/allasorias.hu\\\/hirek\\\/munkaerokolcsonzes-etikusan\\\/#organizationLogo\"},\"image\":{\"@id\":\"https:\\\/\\\/allasorias.hu\\\/hirek\\\/munkaerokolcsonzes-etikusan\\\/#organizationLogo\"},\"sameAs\":[\"https:\\\/\\\/www.facebook.com\\\/allasorias\",\"https:\\\/\\\/www.linkedin.com\\\/company\\\/allasorias\"]},{\"@type\":\"Person\",\"@id\":\"https:\\\/\\\/allasorias.hu\\\/hirek\\\/author\\\/admin-allasorias\\\/#author\",\"url\":\"https:\\\/\\\/allasorias.hu\\\/hirek\\\/author\\\/admin-allasorias\\\/\",\"name\":\"Juh\\u00e1sz P\\u00e9ter\",\"image\":{\"@type\":\"ImageObject\",\"@id\":\"https:\\\/\\\/allasorias.hu\\\/hirek\\\/munkaerokolcsonzes-etikusan\\\/#authorImage\",\"url\":\"https:\\\/\\\/secure.gravatar.com\\\/avatar\\\/36e6bcb83148978b992977cb0f54d22feb0cce8a0a849a9410532bb2623ba4c6?s=96&d=mm&r=g\",\"width\":96,\"height\":96,\"caption\":\"Juh\\u00e1sz P\\u00e9ter\"}},{\"@type\":\"WebPage\",\"@id\":\"https:\\\/\\\/allasorias.hu\\\/hirek\\\/munkaerokolcsonzes-etikusan\\\/#webpage\",\"url\":\"https:\\\/\\\/allasorias.hu\\\/hirek\\\/munkaerokolcsonzes-etikusan\\\/\",\"name\":\"Munkaer\\u0151k\\u00f6lcs\\u00f6nz\\u00e9s etikusan | Allasorias.hu\\\/Hirek\",\"description\":\"Kiemelten fontos a munkaer\\u0151 k\\u00f6lcs\\u00f6nz\\u00e9s ter\\u00fclet\\u00e9n az egy\\u00fcttm\\u0171k\\u00f6d\\u00e9s, a korrekt jogi k\\u00f6rnyezet \\u00e9s a szakmais\\u00e1g. Megalakult a Min\\u0151s\\u00edtett HR Szolg\\u00e1ltat\\u00f3k Szekci\\u00f3ja.\",\"inLanguage\":\"hu-HU\",\"isPartOf\":{\"@id\":\"https:\\\/\\\/allasorias.hu\\\/hirek\\\/#website\"},\"breadcrumb\":{\"@id\":\"https:\\\/\\\/allasorias.hu\\\/hirek\\\/munkaerokolcsonzes-etikusan\\\/#breadcrumblist\"},\"author\":{\"@id\":\"https:\\\/\\\/allasorias.hu\\\/hirek\\\/author\\\/admin-allasorias\\\/#author\"},\"creator\":{\"@id\":\"https:\\\/\\\/allasorias.hu\\\/hirek\\\/author\\\/admin-allasorias\\\/#author\"},\"image\":{\"@type\":\"ImageObject\",\"url\":\"https:\\\/\\\/allasorias.hu\\\/hirek\\\/wp-content\\\/uploads\\\/2024\\\/10\\\/munkaerokolcsonzes-etikusan.jpg\",\"@id\":\"https:\\\/\\\/allasorias.hu\\\/hirek\\\/munkaerokolcsonzes-etikusan\\\/#mainImage\",\"width\":1920,\"height\":1280,\"caption\":\"Munkaer\\u0151k\\u00f6lcs\\u00f6nz\\u00e9s etikusan - Allasorias.hu\\\/Hirek\"},\"primaryImageOfPage\":{\"@id\":\"https:\\\/\\\/allasorias.hu\\\/hirek\\\/munkaerokolcsonzes-etikusan\\\/#mainImage\"},\"datePublished\":\"2024-10-15T10:34:42+02:00\",\"dateModified\":\"2024-10-15T10:34:42+02:00\"},{\"@type\":\"WebSite\",\"@id\":\"https:\\\/\\\/allasorias.hu\\\/hirek\\\/#website\",\"url\":\"https:\\\/\\\/allasorias.hu\\\/hirek\\\/\",\"name\":\"AllasOrias.hu | H\\u00edrek-lapszemle\",\"description\":\"\\u00dczleti h\\u00edrek az \\u00e1ll\\u00e1s \\u00e9s a munka vil\\u00e1g\\u00e1b\\u00f3l\",\"inLanguage\":\"hu-HU\",\"publisher\":{\"@id\":\"https:\\\/\\\/allasorias.hu\\\/hirek\\\/#organization\"}}]}\n\t\t<\/script>\n\t\t<!-- All in One SEO -->\n\n","aioseo_head_json":{"title":"Munkaer\u0151k\u00f6lcs\u00f6nz\u00e9s etikusan | Allasorias.hu\/Hirek","description":"Kiemelten fontos a munkaer\u0151 k\u00f6lcs\u00f6nz\u00e9s ter\u00fclet\u00e9n az egy\u00fcttm\u0171k\u00f6d\u00e9s, a korrekt jogi k\u00f6rnyezet \u00e9s a szakmais\u00e1g. Megalakult a Min\u0151s\u00edtett HR Szolg\u00e1ltat\u00f3k Szekci\u00f3ja.","canonical_url":"https:\/\/allasorias.hu\/hirek\/munkaerokolcsonzes-etikusan\/","robots":"max-image-preview:large","keywords":"hr szolg\u00e1ltat\u00f3k,munkaer\u0151k\u00f6lcs\u00f6nz\u00e9s","webmasterTools":{"miscellaneous":""},"schema":{"@context":"https:\/\/schema.org","@graph":[{"@type":"Article","@id":"https:\/\/allasorias.hu\/hirek\/munkaerokolcsonzes-etikusan\/#article","name":"Munkaer\u0151k\u00f6lcs\u00f6nz\u00e9s etikusan | Allasorias.hu\/Hirek","headline":"Munkaer\u0151k\u00f6lcs\u00f6nz\u00e9s etikusan","author":{"@id":"https:\/\/allasorias.hu\/hirek\/author\/admin-allasorias\/#author"},"publisher":{"@id":"https:\/\/allasorias.hu\/hirek\/#organization"},"image":{"@type":"ImageObject","url":"https:\/\/allasorias.hu\/hirek\/wp-content\/uploads\/2024\/10\/munkaerokolcsonzes-etikusan.jpg","width":1920,"height":1280,"caption":"Munkaer\u0151k\u00f6lcs\u00f6nz\u00e9s etikusan - Allasorias.hu\/Hirek"},"datePublished":"2024-10-15T10:34:42+02:00","dateModified":"2024-10-15T10:34:42+02:00","inLanguage":"hu-HU","mainEntityOfPage":{"@id":"https:\/\/allasorias.hu\/hirek\/munkaerokolcsonzes-etikusan\/#webpage"},"isPartOf":{"@id":"https:\/\/allasorias.hu\/hirek\/munkaerokolcsonzes-etikusan\/#webpage"},"articleSection":"Munkaer\u0151piac, HR Szolg\u00e1ltat\u00f3k, munkaer\u0151k\u00f6lcs\u00f6nz\u00e9s"},{"@type":"BreadcrumbList","@id":"https:\/\/allasorias.hu\/hirek\/munkaerokolcsonzes-etikusan\/#breadcrumblist","itemListElement":[{"@type":"ListItem","@id":"https:\/\/allasorias.hu\/hirek#listItem","position":1,"name":"Home","item":"https:\/\/allasorias.hu\/hirek","nextItem":{"@type":"ListItem","@id":"https:\/\/allasorias.hu\/hirek\/temak\/munkaeropiac\/#listItem","name":"Munkaer\u0151piac"}},{"@type":"ListItem","@id":"https:\/\/allasorias.hu\/hirek\/temak\/munkaeropiac\/#listItem","position":2,"name":"Munkaer\u0151piac","item":"https:\/\/allasorias.hu\/hirek\/temak\/munkaeropiac\/","nextItem":{"@type":"ListItem","@id":"https:\/\/allasorias.hu\/hirek\/munkaerokolcsonzes-etikusan\/#listItem","name":"Munkaer\u0151k\u00f6lcs\u00f6nz\u00e9s etikusan"},"previousItem":{"@type":"ListItem","@id":"https:\/\/allasorias.hu\/hirek#listItem","name":"Home"}},{"@type":"ListItem","@id":"https:\/\/allasorias.hu\/hirek\/munkaerokolcsonzes-etikusan\/#listItem","position":3,"name":"Munkaer\u0151k\u00f6lcs\u00f6nz\u00e9s etikusan","previousItem":{"@type":"ListItem","@id":"https:\/\/allasorias.hu\/hirek\/temak\/munkaeropiac\/#listItem","name":"Munkaer\u0151piac"}}]},{"@type":"Organization","@id":"https:\/\/allasorias.hu\/hirek\/#organization","name":"AllasOrias.hu | H\u00edrek-lapszemle","description":"\u00dczleti h\u00edrek az \u00e1ll\u00e1s \u00e9s a munka vil\u00e1g\u00e1b\u00f3l","url":"https:\/\/allasorias.hu\/hirek\/","logo":{"@type":"ImageObject","url":"https:\/\/allasorias.hu\/hirek\/wp-content\/uploads\/2022\/10\/allasorias_site_facebok_logo.png","@id":"https:\/\/allasorias.hu\/hirek\/munkaerokolcsonzes-etikusan\/#organizationLogo"},"image":{"@id":"https:\/\/allasorias.hu\/hirek\/munkaerokolcsonzes-etikusan\/#organizationLogo"},"sameAs":["https:\/\/www.facebook.com\/allasorias","https:\/\/www.linkedin.com\/company\/allasorias"]},{"@type":"Person","@id":"https:\/\/allasorias.hu\/hirek\/author\/admin-allasorias\/#author","url":"https:\/\/allasorias.hu\/hirek\/author\/admin-allasorias\/","name":"Juh\u00e1sz P\u00e9ter","image":{"@type":"ImageObject","@id":"https:\/\/allasorias.hu\/hirek\/munkaerokolcsonzes-etikusan\/#authorImage","url":"https:\/\/secure.gravatar.com\/avatar\/36e6bcb83148978b992977cb0f54d22feb0cce8a0a849a9410532bb2623ba4c6?s=96&d=mm&r=g","width":96,"height":96,"caption":"Juh\u00e1sz P\u00e9ter"}},{"@type":"WebPage","@id":"https:\/\/allasorias.hu\/hirek\/munkaerokolcsonzes-etikusan\/#webpage","url":"https:\/\/allasorias.hu\/hirek\/munkaerokolcsonzes-etikusan\/","name":"Munkaer\u0151k\u00f6lcs\u00f6nz\u00e9s etikusan | Allasorias.hu\/Hirek","description":"Kiemelten fontos a munkaer\u0151 k\u00f6lcs\u00f6nz\u00e9s ter\u00fclet\u00e9n az egy\u00fcttm\u0171k\u00f6d\u00e9s, a korrekt jogi k\u00f6rnyezet \u00e9s a szakmais\u00e1g. Megalakult a Min\u0151s\u00edtett HR Szolg\u00e1ltat\u00f3k Szekci\u00f3ja.","inLanguage":"hu-HU","isPartOf":{"@id":"https:\/\/allasorias.hu\/hirek\/#website"},"breadcrumb":{"@id":"https:\/\/allasorias.hu\/hirek\/munkaerokolcsonzes-etikusan\/#breadcrumblist"},"author":{"@id":"https:\/\/allasorias.hu\/hirek\/author\/admin-allasorias\/#author"},"creator":{"@id":"https:\/\/allasorias.hu\/hirek\/author\/admin-allasorias\/#author"},"image":{"@type":"ImageObject","url":"https:\/\/allasorias.hu\/hirek\/wp-content\/uploads\/2024\/10\/munkaerokolcsonzes-etikusan.jpg","@id":"https:\/\/allasorias.hu\/hirek\/munkaerokolcsonzes-etikusan\/#mainImage","width":1920,"height":1280,"caption":"Munkaer\u0151k\u00f6lcs\u00f6nz\u00e9s etikusan - Allasorias.hu\/Hirek"},"primaryImageOfPage":{"@id":"https:\/\/allasorias.hu\/hirek\/munkaerokolcsonzes-etikusan\/#mainImage"},"datePublished":"2024-10-15T10:34:42+02:00","dateModified":"2024-10-15T10:34:42+02:00"},{"@type":"WebSite","@id":"https:\/\/allasorias.hu\/hirek\/#website","url":"https:\/\/allasorias.hu\/hirek\/","name":"AllasOrias.hu | H\u00edrek-lapszemle","description":"\u00dczleti h\u00edrek az \u00e1ll\u00e1s \u00e9s a munka vil\u00e1g\u00e1b\u00f3l","inLanguage":"hu-HU","publisher":{"@id":"https:\/\/allasorias.hu\/hirek\/#organization"}}]},"og:locale":"hu_HU","og:site_name":"AllasOrias.hu | H\u00edrek-lapszemle | \u00dczleti h\u00edrek az \u00e1ll\u00e1s \u00e9s a munka vil\u00e1g\u00e1b\u00f3l","og:type":"article","og:title":"Munkaer\u0151k\u00f6lcs\u00f6nz\u00e9s etikusan | Allasorias.hu\/Hirek","og:description":"Kiemelten fontos a munkaer\u0151 k\u00f6lcs\u00f6nz\u00e9s ter\u00fclet\u00e9n az egy\u00fcttm\u0171k\u00f6d\u00e9s, a korrekt jogi k\u00f6rnyezet \u00e9s a szakmais\u00e1g. Megalakult a Min\u0151s\u00edtett HR Szolg\u00e1ltat\u00f3k Szekci\u00f3ja.","og:url":"https:\/\/allasorias.hu\/hirek\/munkaerokolcsonzes-etikusan\/","og:image":"https:\/\/allasorias.hu\/hirek\/wp-content\/uploads\/2024\/10\/munkaerokolcsonzes-etikusan.jpg","og:image:secure_url":"https:\/\/allasorias.hu\/hirek\/wp-content\/uploads\/2024\/10\/munkaerokolcsonzes-etikusan.jpg","og:image:width":1920,"og:image:height":1280,"article:published_time":"2024-10-15T08:34:42+00:00","article:modified_time":"2024-10-15T08:34:42+00:00","article:publisher":"https:\/\/www.facebook.com\/allasorias","twitter:card":"summary_large_image","twitter:title":"Munkaer\u0151k\u00f6lcs\u00f6nz\u00e9s etikusan | Allasorias.hu\/Hirek","twitter:description":"Kiemelten fontos a munkaer\u0151 k\u00f6lcs\u00f6nz\u00e9s ter\u00fclet\u00e9n az egy\u00fcttm\u0171k\u00f6d\u00e9s, a korrekt jogi k\u00f6rnyezet \u00e9s a szakmais\u00e1g. Megalakult a Min\u0151s\u00edtett HR Szolg\u00e1ltat\u00f3k Szekci\u00f3ja.","twitter:image":"https:\/\/allasorias.hu\/hirek\/wp-content\/uploads\/2024\/10\/munkaerokolcsonzes-etikusan.jpg","twitter:label1":"Written by","twitter:data1":"Juh\u00e1sz P\u00e9ter","twitter:label2":"Est. reading time","twitter:data2":"5 minutes"},"aioseo_meta_data":{"post_id":"7949","title":"#post_title | Allasorias.hu\/Hirek","description":"Kiemelten fontos a munkaer\u0151 k\u00f6lcs\u00f6nz\u00e9s ter\u00fclet\u00e9n az egy\u00fcttm\u0171k\u00f6d\u00e9s, a korrekt jogi k\u00f6rnyezet \u00e9s a szakmais\u00e1g. Megalakult a Min\u0151s\u00edtett HR Szolg\u00e1ltat\u00f3k Szekci\u00f3ja.","keywords":null,"keyphrases":{"focus":{"keyphrase":"","score":0,"analysis":{"keyphraseInTitle":{"score":0,"maxScore":9,"error":1}}},"additional":[]},"primary_term":null,"canonical_url":null,"og_title":null,"og_description":null,"og_object_type":"default","og_image_type":"default","og_image_url":null,"og_image_width":null,"og_image_height":null,"og_image_custom_url":null,"og_image_custom_fields":null,"og_video":"","og_custom_url":null,"og_article_section":null,"og_article_tags":null,"twitter_use_og":true,"twitter_card":"default","twitter_image_type":"default","twitter_image_url":null,"twitter_image_custom_url":null,"twitter_image_custom_fields":null,"twitter_title":null,"twitter_description":null,"schema":{"blockGraphs":[],"customGraphs":[],"default":{"data":{"Article":[],"Course":[],"Dataset":[],"FAQPage":[],"Movie":[],"Person":[],"Product":[],"ProductReview":[],"Car":[],"Recipe":[],"Service":[],"SoftwareApplication":[],"WebPage":[]},"graphName":"Article","isEnabled":true},"graphs":[]},"schema_type":"default","schema_type_options":null,"pillar_content":false,"robots_default":true,"robots_noindex":false,"robots_noarchive":false,"robots_nosnippet":false,"robots_nofollow":false,"robots_noimageindex":false,"robots_noodp":false,"robots_notranslate":false,"robots_max_snippet":"-1","robots_max_videopreview":"-1","robots_max_imagepreview":"large","priority":null,"frequency":"default","location":null,"local_seo":null,"breadcrumb_settings":null,"limit_modified_date":false,"ai":null,"created":"2024-10-15 07:49:23","updated":"2025-10-02 20:31:11","seo_analyzer_scan_date":null,"focus_keyword":null,"additional_keywords":null,"truseo_locale":null},"aioseo_breadcrumb":"<div class=\"aioseo-breadcrumbs\"><span class=\"aioseo-breadcrumb\">\n\t\t\t<a href=\"https:\/\/allasorias.hu\/hirek\" title=\"Home\">Home<\/a>\n\t\t<\/span><span class=\"aioseo-breadcrumb-separator\">&raquo;<\/span><span class=\"aioseo-breadcrumb\">\n\t\t\t<a href=\"https:\/\/allasorias.hu\/hirek\/temak\/munkaeropiac\/\" title=\"Munkaer\u0151piac\">Munkaer\u0151piac<\/a>\n\t\t<\/span><span class=\"aioseo-breadcrumb-separator\">&raquo;<\/span><span class=\"aioseo-breadcrumb\">\n\t\t\tMunkaer\u0151k\u00f6lcs\u00f6nz\u00e9s etikusan\n\t\t<\/span><\/div>","aioseo_breadcrumb_json":[{"label":"Home","link":"https:\/\/allasorias.hu\/hirek"},{"label":"Munkaer\u0151piac","link":"https:\/\/allasorias.hu\/hirek\/temak\/munkaeropiac\/"},{"label":"Munkaer\u0151k\u00f6lcs\u00f6nz\u00e9s etikusan","link":"https:\/\/allasorias.hu\/hirek\/munkaerokolcsonzes-etikusan\/"}],"_links":{"self":[{"href":"https:\/\/allasorias.hu\/hirek\/wp-json\/wp\/v2\/posts\/7949","targetHints":{"allow":["GET"]}}],"collection":[{"href":"https:\/\/allasorias.hu\/hirek\/wp-json\/wp\/v2\/posts"}],"about":[{"href":"https:\/\/allasorias.hu\/hirek\/wp-json\/wp\/v2\/types\/post"}],"author":[{"embeddable":true,"href":"https:\/\/allasorias.hu\/hirek\/wp-json\/wp\/v2\/users\/1"}],"replies":[{"embeddable":true,"href":"https:\/\/allasorias.hu\/hirek\/wp-json\/wp\/v2\/comments?post=7949"}],"version-history":[{"count":1,"href":"https:\/\/allasorias.hu\/hirek\/wp-json\/wp\/v2\/posts\/7949\/revisions"}],"predecessor-version":[{"id":7951,"href":"https:\/\/allasorias.hu\/hirek\/wp-json\/wp\/v2\/posts\/7949\/revisions\/7951"}],"wp:featuredmedia":[{"embeddable":true,"href":"https:\/\/allasorias.hu\/hirek\/wp-json\/wp\/v2\/media\/7950"}],"wp:attachment":[{"href":"https:\/\/allasorias.hu\/hirek\/wp-json\/wp\/v2\/media?parent=7949"}],"wp:term":[{"taxonomy":"category","embeddable":true,"href":"https:\/\/allasorias.hu\/hirek\/wp-json\/wp\/v2\/categories?post=7949"},{"taxonomy":"post_tag","embeddable":true,"href":"https:\/\/allasorias.hu\/hirek\/wp-json\/wp\/v2\/tags?post=7949"}],"curies":[{"name":"wp","href":"https:\/\/api.w.org\/{rel}","templated":true}]}}