{"id":7946,"date":"2024-10-14T15:02:19","date_gmt":"2024-10-14T13:02:19","guid":{"rendered":"https:\/\/allasorias.hu\/hirek\/?p=7946"},"modified":"2025-05-09T10:00:14","modified_gmt":"2025-05-09T08:00:14","slug":"a-tapasztalt-magyar-munkaerore-van-szukseg","status":"publish","type":"post","link":"https:\/\/allasorias.hu\/hirek\/a-tapasztalt-magyar-munkaerore-van-szukseg\/","title":{"rendered":"A tapasztalt magyar munkaer\u0151re van sz\u00fcks\u00e9g"},"content":{"rendered":"<p><strong>Vannak m\u00e9g tartal\u00e9kok a magyar munkaer\u0151piacon, az elk\u00f6vetkez\u0151 id\u0151szakban az e-kereskedelem ter\u00fclet\u00e9n v\u00e1rhat\u00f3 nagyobb ig\u00e9ny. Az \u00e1talakul\u00f3ban l\u00e9v\u0151 munkafelt\u00e9telek mellett figyelembe kell venni a gazdas\u00e1g termel\u00e9kenys\u00e9g\u00e9t.<\/strong><\/p>\n<p>Id\u00e9n cs\u00f6kkent a c\u00e9gek munkaer\u0151-kereslete, \u00e9s azon bel\u00fcl is v\u00e1ltoz\u00e1sok rajzol\u00f3dnak ki: m\u00edg kor\u00e1bban egy r\u00f6vid id\u0151re fellend\u00fclt a k\u00fclf\u00f6ldi munkav\u00e1llal\u00f3k ir\u00e1nti ig\u00e9ny, most legink\u00e1bb szakk\u00e9pzett munkaer\u0151re, magyar munkav\u00e1llal\u00f3kra van kereslet &#8211; k\u00f6z\u00f6lte a Man at Work munkaer\u0151k\u00f6lcs\u00f6nz\u0151 c\u00e9g. \u201e<em>B\u00e1r jelenleg a c\u00e9gek \u00f3vatosabban b\u0151v\u00fclnek &#8211; van, ahol most egy\u00e1ltal\u00e1n nem is vesznek fel \u00faj embereket, csak az elmen\u0151ket p\u00f3tolj\u00e1k -, akkor is d\u00f6nt\u0151en a szakk\u00e9pzett magyar munkaer\u0151t keresik. Biztosak vagyunk benne, hogy m\u00e9g id\u00e9n l\u00e1tunk v\u00e1ltoz\u00e1sokat a munkaer\u0151-k\u00f6lcs\u00f6nz\u00e9s ter\u00fclet\u00e9n is, legal\u00e1bbis bizonyos szektorokban<\/em>\u201d \u2013 mondta Baradits Bulcs\u00fa \u00fczlet\u00e1gvezet\u0151.<\/p>\n<p>T\u00f6bb munkaer\u0151re lesz sz\u00fcks\u00e9g a webshopok \u00e9s nagykeresked\u00e9sek rakt\u00e1raiba, logisztikai ter\u00fcletekre, vagy mondjuk a kisz\u00e1ll\u00edt\u00e1s lebonyol\u00edt\u00e1s\u00e1hoz. A szakember v\u00e9lem\u00e9nye szerint, m\u00edg ny\u00e1ron a vend\u00e9gl\u00e1t\u00e1s vagy a mez\u0151gazdas\u00e1g ter\u00e9n lehetett fellend\u00fcl\u00e9st tapasztalni, \u00fagy most az e-kereskedelem szempontj\u00e1b\u00f3l v\u00e1rhat\u00f3 er\u0151s id\u0151szak. K\u00f6zelegnek a Black Friday aj\u00e1nlatok, amelyek haz\u00e1nkban nem korl\u00e1toz\u00f3dnak egyetlen h\u00e9tv\u00e9g\u00e9re, \u00edgy a kar\u00e1csonyi v\u00e1s\u00e1rl\u00e1si l\u00e1z ak\u00e1r m\u00e1r okt\u00f3ber v\u00e9g\u00e9n, november elej\u00e9n elkezd\u0151dhet.<\/p>\n<p>A hazai munkaer\u0151piac aktualit\u00e1sair\u00f3l volt sz\u00f3 a budapesti HR Fest nev\u0171 rendezv\u00e9nyen is. Panyi Mikl\u00f3s, a Minisztereln\u00f6ks\u00e9g parlamenti \u00e9s strat\u00e9giai \u00e1llamtitk\u00e1ra szerint m\u00e9g vannak tartal\u00e9kok, ami nagys\u00e1grendileg tov\u00e1bbi 300 ezer f\u0151. E tartal\u00e9k nagyr\u00e9szt fiatalokb\u00f3l, id\u0151sebb koroszt\u00e1ly tagjaib\u00f3l \u00e9s alacsonyabban k\u00e9pzett vid\u00e9ken \u00e9l\u0151 inakt\u00edvakb\u00f3l \u00e1ll. Szerinte az elm\u00falt id\u0151szakban indult munkaer\u0151piaci programok is ezeket a csoportokat k\u00edv\u00e1nj\u00e1k el\u00e9rni \u00e9s bevonni \u0151ket a magyar munkaer\u0151piacra.<\/p>\n<p>A munkaer\u0151piac feszess\u00e9g\u00e9re tekintettel e tartal\u00e9kok mellett term\u00e9szetesen tov\u00e1bbra is kiemelt figyelmet kell ford\u00edtani a munkav\u00e1llal\u00f3i mobilit\u00e1sra, a szak- \u00e9s feln\u0151ttk\u00e9pz\u00e9sre, a magyar gazdas\u00e1g termel\u00e9kenys\u00e9g\u00e9nek n\u00f6vel\u00e9s\u00e9re, a digitaliz\u00e1ci\u00f3ban, automatiz\u00e1ci\u00f3ban rejl\u0151 lehet\u0151s\u00e9gekre &#8211; hangs\u00falyozta.<\/p>\n<p>Forr\u00e1s: <a href=\"https:\/\/mfor.hu\/cikkek\/makro\/szakkepzett-magyarokra-es-nem-kulfoldiekre-vadasznak-a-cegek-.html\" target=\"_blank\" rel=\"nofollow noopener noreferrer\">mfor.hu<\/a><\/p>\n","protected":false},"excerpt":{"rendered":"<p>Vannak m\u00e9g tartal\u00e9kok a magyar munkaer\u0151piacon, az elk\u00f6vetkez\u0151 id\u0151szakban az e-kereskedelem ter\u00fclet\u00e9n v\u00e1rhat\u00f3 nagyobb ig\u00e9ny. Az \u00e1talakul\u00f3ban l\u00e9v\u0151 munkafelt\u00e9telek mellett figyelembe kell venni a gazdas\u00e1g termel\u00e9kenys\u00e9g\u00e9t. Id\u00e9n cs\u00f6kkent a c\u00e9gek munkaer\u0151-kereslete, \u00e9s azon bel\u00fcl is v\u00e1ltoz\u00e1sok rajzol\u00f3dnak ki: m\u00edg kor\u00e1bban egy r\u00f6vid id\u0151re fellend\u00fclt a k\u00fclf\u00f6ldi munkav\u00e1llal\u00f3k ir\u00e1nti ig\u00e9ny, most legink\u00e1bb szakk\u00e9pzett munkaer\u0151re, magyar munkav\u00e1llal\u00f3kra [&hellip;]<\/p>\n","protected":false},"author":1,"featured_media":7947,"comment_status":"closed","ping_status":"closed","sticky":false,"template":"","format":"standard","meta":{"_monsterinsights_skip_tracking":false,"footnotes":""},"categories":[200],"tags":[818],"class_list":["post-7946","post","type-post","status-publish","format-standard","has-post-thumbnail","hentry","category-munkaeropiac","tag-e-kereskedelem"],"aioseo_notices":[],"aioseo_head":"\n\t\t<!-- All in One SEO 5.0.0.1 - aioseo.com -->\n\t<meta name=\"description\" content=\"Vannak m\u00e9g tartal\u00e9kok a magyar munkaer\u0151piacon, az elk\u00f6vetkez\u0151 id\u0151szakban az e-kereskedelem ter\u00fclet\u00e9n v\u00e1rhat\u00f3 nagyobb ig\u00e9ny.\" \/>\n\t<meta name=\"robots\" content=\"max-image-preview:large\" \/>\n\t<meta name=\"author\" content=\"Juh\u00e1sz P\u00e9ter\"\/>\n\t<meta name=\"keywords\" content=\"e-kereskedelem\" \/>\n\t<link rel=\"canonical\" href=\"https:\/\/allasorias.hu\/hirek\/a-tapasztalt-magyar-munkaerore-van-szukseg\/\" \/>\n\t<meta name=\"generator\" content=\"All in One SEO (AIOSEO) 5.0.0.1\" \/>\n\t\t<meta property=\"og:locale\" content=\"hu_HU\" \/>\n\t\t<meta property=\"og:site_name\" content=\"AllasOrias.hu | H\u00edrek-lapszemle | \u00dczleti h\u00edrek az \u00e1ll\u00e1s \u00e9s a munka vil\u00e1g\u00e1b\u00f3l\" \/>\n\t\t<meta property=\"og:type\" content=\"article\" \/>\n\t\t<meta property=\"og:title\" content=\"Tapasztalt magyar dolgoz\u00f3kra van sz\u00fcks\u00e9g\" \/>\n\t\t<meta property=\"og:description\" content=\"Vannak m\u00e9g tartal\u00e9kok a magyar munkaer\u0151piacon, az elk\u00f6vetkez\u0151 id\u0151szakban az e-kereskedelem ter\u00fclet\u00e9n v\u00e1rhat\u00f3 nagyobb ig\u00e9ny.\" \/>\n\t\t<meta property=\"og:url\" content=\"https:\/\/allasorias.hu\/hirek\/a-tapasztalt-magyar-munkaerore-van-szukseg\/\" \/>\n\t\t<meta property=\"og:image\" content=\"https:\/\/allasorias.hu\/hirek\/wp-content\/uploads\/2024\/10\/e-kereskedelem.jpg\" \/>\n\t\t<meta property=\"og:image:secure_url\" content=\"https:\/\/allasorias.hu\/hirek\/wp-content\/uploads\/2024\/10\/e-kereskedelem.jpg\" \/>\n\t\t<meta property=\"og:image:width\" content=\"1920\" \/>\n\t\t<meta property=\"og:image:height\" content=\"1280\" \/>\n\t\t<meta property=\"article:published_time\" content=\"2024-10-14T13:02:19+00:00\" \/>\n\t\t<meta property=\"article:modified_time\" content=\"2025-05-09T08:00:14+00:00\" \/>\n\t\t<meta property=\"article:publisher\" content=\"https:\/\/www.facebook.com\/allasorias\" \/>\n\t\t<meta name=\"twitter:card\" content=\"summary_large_image\" \/>\n\t\t<meta name=\"twitter:title\" content=\"Tapasztalt magyar dolgoz\u00f3kra van sz\u00fcks\u00e9g\" \/>\n\t\t<meta name=\"twitter:description\" content=\"Vannak m\u00e9g tartal\u00e9kok a magyar munkaer\u0151piacon, az elk\u00f6vetkez\u0151 id\u0151szakban az e-kereskedelem ter\u00fclet\u00e9n v\u00e1rhat\u00f3 nagyobb ig\u00e9ny.\" \/>\n\t\t<meta name=\"twitter:image\" content=\"https:\/\/allasorias.hu\/hirek\/wp-content\/uploads\/2024\/10\/e-kereskedelem.jpg\" \/>\n\t\t<meta name=\"twitter:label1\" content=\"Written by\" \/>\n\t\t<meta name=\"twitter:data1\" content=\"Juh\u00e1sz P\u00e9ter\" \/>\n\t\t<meta name=\"twitter:label2\" content=\"Est. reading time\" \/>\n\t\t<meta name=\"twitter:data2\" content=\"2 minutes\" \/>\n\t\t<script type=\"application\/ld+json\" class=\"aioseo-schema\">\n\t\t\t{\"@context\":\"https:\\\/\\\/schema.org\",\"@graph\":[{\"@type\":\"Article\",\"@id\":\"https:\\\/\\\/allasorias.hu\\\/hirek\\\/a-tapasztalt-magyar-munkaerore-van-szukseg\\\/#article\",\"name\":\"Tapasztalt magyar dolgoz\\u00f3kra van sz\\u00fcks\\u00e9g\",\"headline\":\"A tapasztalt magyar munkaer\\u0151re van sz\\u00fcks\\u00e9g\",\"author\":{\"@id\":\"https:\\\/\\\/allasorias.hu\\\/hirek\\\/author\\\/admin-allasorias\\\/#author\"},\"publisher\":{\"@id\":\"https:\\\/\\\/allasorias.hu\\\/hirek\\\/#organization\"},\"image\":{\"@type\":\"ImageObject\",\"url\":\"https:\\\/\\\/allasorias.hu\\\/hirek\\\/wp-content\\\/uploads\\\/2024\\\/10\\\/e-kereskedelem.jpg\",\"width\":1920,\"height\":1280,\"caption\":\"A tapasztalt magyar munkaer\\u0151re van sz\\u00fcks\\u00e9g - Allasorias.hu\\\/Hirek\"},\"datePublished\":\"2024-10-14T15:02:19+02:00\",\"dateModified\":\"2025-05-09T10:00:14+02:00\",\"inLanguage\":\"hu-HU\",\"mainEntityOfPage\":{\"@id\":\"https:\\\/\\\/allasorias.hu\\\/hirek\\\/a-tapasztalt-magyar-munkaerore-van-szukseg\\\/#webpage\"},\"isPartOf\":{\"@id\":\"https:\\\/\\\/allasorias.hu\\\/hirek\\\/a-tapasztalt-magyar-munkaerore-van-szukseg\\\/#webpage\"},\"articleSection\":\"Munkaer\\u0151piac, e-kereskedelem\"},{\"@type\":\"BreadcrumbList\",\"@id\":\"https:\\\/\\\/allasorias.hu\\\/hirek\\\/a-tapasztalt-magyar-munkaerore-van-szukseg\\\/#breadcrumblist\",\"itemListElement\":[{\"@type\":\"ListItem\",\"@id\":\"https:\\\/\\\/allasorias.hu\\\/hirek#listItem\",\"position\":1,\"name\":\"Home\",\"item\":\"https:\\\/\\\/allasorias.hu\\\/hirek\",\"nextItem\":{\"@type\":\"ListItem\",\"@id\":\"https:\\\/\\\/allasorias.hu\\\/hirek\\\/temak\\\/munkaeropiac\\\/#listItem\",\"name\":\"Munkaer\\u0151piac\"}},{\"@type\":\"ListItem\",\"@id\":\"https:\\\/\\\/allasorias.hu\\\/hirek\\\/temak\\\/munkaeropiac\\\/#listItem\",\"position\":2,\"name\":\"Munkaer\\u0151piac\",\"item\":\"https:\\\/\\\/allasorias.hu\\\/hirek\\\/temak\\\/munkaeropiac\\\/\",\"nextItem\":{\"@type\":\"ListItem\",\"@id\":\"https:\\\/\\\/allasorias.hu\\\/hirek\\\/a-tapasztalt-magyar-munkaerore-van-szukseg\\\/#listItem\",\"name\":\"A tapasztalt magyar munkaer\\u0151re van sz\\u00fcks\\u00e9g\"},\"previousItem\":{\"@type\":\"ListItem\",\"@id\":\"https:\\\/\\\/allasorias.hu\\\/hirek#listItem\",\"name\":\"Home\"}},{\"@type\":\"ListItem\",\"@id\":\"https:\\\/\\\/allasorias.hu\\\/hirek\\\/a-tapasztalt-magyar-munkaerore-van-szukseg\\\/#listItem\",\"position\":3,\"name\":\"A tapasztalt magyar munkaer\\u0151re van sz\\u00fcks\\u00e9g\",\"previousItem\":{\"@type\":\"ListItem\",\"@id\":\"https:\\\/\\\/allasorias.hu\\\/hirek\\\/temak\\\/munkaeropiac\\\/#listItem\",\"name\":\"Munkaer\\u0151piac\"}}]},{\"@type\":\"Organization\",\"@id\":\"https:\\\/\\\/allasorias.hu\\\/hirek\\\/#organization\",\"name\":\"AllasOrias.hu | H\\u00edrek-lapszemle\",\"description\":\"\\u00dczleti h\\u00edrek az \\u00e1ll\\u00e1s \\u00e9s a munka vil\\u00e1g\\u00e1b\\u00f3l\",\"url\":\"https:\\\/\\\/allasorias.hu\\\/hirek\\\/\",\"logo\":{\"@type\":\"ImageObject\",\"url\":\"https:\\\/\\\/allasorias.hu\\\/hirek\\\/wp-content\\\/uploads\\\/2022\\\/10\\\/allasorias_site_facebok_logo.png\",\"@id\":\"https:\\\/\\\/allasorias.hu\\\/hirek\\\/a-tapasztalt-magyar-munkaerore-van-szukseg\\\/#organizationLogo\"},\"image\":{\"@id\":\"https:\\\/\\\/allasorias.hu\\\/hirek\\\/a-tapasztalt-magyar-munkaerore-van-szukseg\\\/#organizationLogo\"},\"sameAs\":[\"https:\\\/\\\/www.facebook.com\\\/allasorias\",\"https:\\\/\\\/www.linkedin.com\\\/company\\\/allasorias\"]},{\"@type\":\"Person\",\"@id\":\"https:\\\/\\\/allasorias.hu\\\/hirek\\\/author\\\/admin-allasorias\\\/#author\",\"url\":\"https:\\\/\\\/allasorias.hu\\\/hirek\\\/author\\\/admin-allasorias\\\/\",\"name\":\"Juh\\u00e1sz P\\u00e9ter\",\"image\":{\"@type\":\"ImageObject\",\"@id\":\"https:\\\/\\\/allasorias.hu\\\/hirek\\\/a-tapasztalt-magyar-munkaerore-van-szukseg\\\/#authorImage\",\"url\":\"https:\\\/\\\/secure.gravatar.com\\\/avatar\\\/36e6bcb83148978b992977cb0f54d22feb0cce8a0a849a9410532bb2623ba4c6?s=96&d=mm&r=g\",\"width\":96,\"height\":96,\"caption\":\"Juh\\u00e1sz P\\u00e9ter\"}},{\"@type\":\"WebPage\",\"@id\":\"https:\\\/\\\/allasorias.hu\\\/hirek\\\/a-tapasztalt-magyar-munkaerore-van-szukseg\\\/#webpage\",\"url\":\"https:\\\/\\\/allasorias.hu\\\/hirek\\\/a-tapasztalt-magyar-munkaerore-van-szukseg\\\/\",\"name\":\"Tapasztalt magyar dolgoz\\u00f3kra van sz\\u00fcks\\u00e9g\",\"description\":\"Vannak m\\u00e9g tartal\\u00e9kok a magyar munkaer\\u0151piacon, az elk\\u00f6vetkez\\u0151 id\\u0151szakban az e-kereskedelem ter\\u00fclet\\u00e9n v\\u00e1rhat\\u00f3 nagyobb ig\\u00e9ny.\",\"inLanguage\":\"hu-HU\",\"isPartOf\":{\"@id\":\"https:\\\/\\\/allasorias.hu\\\/hirek\\\/#website\"},\"breadcrumb\":{\"@id\":\"https:\\\/\\\/allasorias.hu\\\/hirek\\\/a-tapasztalt-magyar-munkaerore-van-szukseg\\\/#breadcrumblist\"},\"author\":{\"@id\":\"https:\\\/\\\/allasorias.hu\\\/hirek\\\/author\\\/admin-allasorias\\\/#author\"},\"creator\":{\"@id\":\"https:\\\/\\\/allasorias.hu\\\/hirek\\\/author\\\/admin-allasorias\\\/#author\"},\"image\":{\"@type\":\"ImageObject\",\"url\":\"https:\\\/\\\/allasorias.hu\\\/hirek\\\/wp-content\\\/uploads\\\/2024\\\/10\\\/e-kereskedelem.jpg\",\"@id\":\"https:\\\/\\\/allasorias.hu\\\/hirek\\\/a-tapasztalt-magyar-munkaerore-van-szukseg\\\/#mainImage\",\"width\":1920,\"height\":1280,\"caption\":\"A tapasztalt magyar munkaer\\u0151re van sz\\u00fcks\\u00e9g - Allasorias.hu\\\/Hirek\"},\"primaryImageOfPage\":{\"@id\":\"https:\\\/\\\/allasorias.hu\\\/hirek\\\/a-tapasztalt-magyar-munkaerore-van-szukseg\\\/#mainImage\"},\"datePublished\":\"2024-10-14T15:02:19+02:00\",\"dateModified\":\"2025-05-09T10:00:14+02:00\"},{\"@type\":\"WebSite\",\"@id\":\"https:\\\/\\\/allasorias.hu\\\/hirek\\\/#website\",\"url\":\"https:\\\/\\\/allasorias.hu\\\/hirek\\\/\",\"name\":\"AllasOrias.hu | H\\u00edrek-lapszemle\",\"description\":\"\\u00dczleti h\\u00edrek az \\u00e1ll\\u00e1s \\u00e9s a munka vil\\u00e1g\\u00e1b\\u00f3l\",\"inLanguage\":\"hu-HU\",\"publisher\":{\"@id\":\"https:\\\/\\\/allasorias.hu\\\/hirek\\\/#organization\"}}]}\n\t\t<\/script>\n\t\t<!-- All in One SEO -->\n\n","aioseo_head_json":{"title":"Tapasztalt magyar dolgoz\u00f3kra van sz\u00fcks\u00e9g","description":"Vannak m\u00e9g tartal\u00e9kok a magyar munkaer\u0151piacon, az elk\u00f6vetkez\u0151 id\u0151szakban az e-kereskedelem ter\u00fclet\u00e9n v\u00e1rhat\u00f3 nagyobb ig\u00e9ny.","canonical_url":"https:\/\/allasorias.hu\/hirek\/a-tapasztalt-magyar-munkaerore-van-szukseg\/","robots":"max-image-preview:large","keywords":"e-kereskedelem","webmasterTools":{"miscellaneous":""},"schema":{"@context":"https:\/\/schema.org","@graph":[{"@type":"Article","@id":"https:\/\/allasorias.hu\/hirek\/a-tapasztalt-magyar-munkaerore-van-szukseg\/#article","name":"Tapasztalt magyar dolgoz\u00f3kra van sz\u00fcks\u00e9g","headline":"A tapasztalt magyar munkaer\u0151re van sz\u00fcks\u00e9g","author":{"@id":"https:\/\/allasorias.hu\/hirek\/author\/admin-allasorias\/#author"},"publisher":{"@id":"https:\/\/allasorias.hu\/hirek\/#organization"},"image":{"@type":"ImageObject","url":"https:\/\/allasorias.hu\/hirek\/wp-content\/uploads\/2024\/10\/e-kereskedelem.jpg","width":1920,"height":1280,"caption":"A tapasztalt magyar munkaer\u0151re van sz\u00fcks\u00e9g - Allasorias.hu\/Hirek"},"datePublished":"2024-10-14T15:02:19+02:00","dateModified":"2025-05-09T10:00:14+02:00","inLanguage":"hu-HU","mainEntityOfPage":{"@id":"https:\/\/allasorias.hu\/hirek\/a-tapasztalt-magyar-munkaerore-van-szukseg\/#webpage"},"isPartOf":{"@id":"https:\/\/allasorias.hu\/hirek\/a-tapasztalt-magyar-munkaerore-van-szukseg\/#webpage"},"articleSection":"Munkaer\u0151piac, e-kereskedelem"},{"@type":"BreadcrumbList","@id":"https:\/\/allasorias.hu\/hirek\/a-tapasztalt-magyar-munkaerore-van-szukseg\/#breadcrumblist","itemListElement":[{"@type":"ListItem","@id":"https:\/\/allasorias.hu\/hirek#listItem","position":1,"name":"Home","item":"https:\/\/allasorias.hu\/hirek","nextItem":{"@type":"ListItem","@id":"https:\/\/allasorias.hu\/hirek\/temak\/munkaeropiac\/#listItem","name":"Munkaer\u0151piac"}},{"@type":"ListItem","@id":"https:\/\/allasorias.hu\/hirek\/temak\/munkaeropiac\/#listItem","position":2,"name":"Munkaer\u0151piac","item":"https:\/\/allasorias.hu\/hirek\/temak\/munkaeropiac\/","nextItem":{"@type":"ListItem","@id":"https:\/\/allasorias.hu\/hirek\/a-tapasztalt-magyar-munkaerore-van-szukseg\/#listItem","name":"A tapasztalt magyar munkaer\u0151re van sz\u00fcks\u00e9g"},"previousItem":{"@type":"ListItem","@id":"https:\/\/allasorias.hu\/hirek#listItem","name":"Home"}},{"@type":"ListItem","@id":"https:\/\/allasorias.hu\/hirek\/a-tapasztalt-magyar-munkaerore-van-szukseg\/#listItem","position":3,"name":"A tapasztalt magyar munkaer\u0151re van sz\u00fcks\u00e9g","previousItem":{"@type":"ListItem","@id":"https:\/\/allasorias.hu\/hirek\/temak\/munkaeropiac\/#listItem","name":"Munkaer\u0151piac"}}]},{"@type":"Organization","@id":"https:\/\/allasorias.hu\/hirek\/#organization","name":"AllasOrias.hu | H\u00edrek-lapszemle","description":"\u00dczleti h\u00edrek az \u00e1ll\u00e1s \u00e9s a munka vil\u00e1g\u00e1b\u00f3l","url":"https:\/\/allasorias.hu\/hirek\/","logo":{"@type":"ImageObject","url":"https:\/\/allasorias.hu\/hirek\/wp-content\/uploads\/2022\/10\/allasorias_site_facebok_logo.png","@id":"https:\/\/allasorias.hu\/hirek\/a-tapasztalt-magyar-munkaerore-van-szukseg\/#organizationLogo"},"image":{"@id":"https:\/\/allasorias.hu\/hirek\/a-tapasztalt-magyar-munkaerore-van-szukseg\/#organizationLogo"},"sameAs":["https:\/\/www.facebook.com\/allasorias","https:\/\/www.linkedin.com\/company\/allasorias"]},{"@type":"Person","@id":"https:\/\/allasorias.hu\/hirek\/author\/admin-allasorias\/#author","url":"https:\/\/allasorias.hu\/hirek\/author\/admin-allasorias\/","name":"Juh\u00e1sz P\u00e9ter","image":{"@type":"ImageObject","@id":"https:\/\/allasorias.hu\/hirek\/a-tapasztalt-magyar-munkaerore-van-szukseg\/#authorImage","url":"https:\/\/secure.gravatar.com\/avatar\/36e6bcb83148978b992977cb0f54d22feb0cce8a0a849a9410532bb2623ba4c6?s=96&d=mm&r=g","width":96,"height":96,"caption":"Juh\u00e1sz P\u00e9ter"}},{"@type":"WebPage","@id":"https:\/\/allasorias.hu\/hirek\/a-tapasztalt-magyar-munkaerore-van-szukseg\/#webpage","url":"https:\/\/allasorias.hu\/hirek\/a-tapasztalt-magyar-munkaerore-van-szukseg\/","name":"Tapasztalt magyar dolgoz\u00f3kra van sz\u00fcks\u00e9g","description":"Vannak m\u00e9g tartal\u00e9kok a magyar munkaer\u0151piacon, az elk\u00f6vetkez\u0151 id\u0151szakban az e-kereskedelem ter\u00fclet\u00e9n v\u00e1rhat\u00f3 nagyobb ig\u00e9ny.","inLanguage":"hu-HU","isPartOf":{"@id":"https:\/\/allasorias.hu\/hirek\/#website"},"breadcrumb":{"@id":"https:\/\/allasorias.hu\/hirek\/a-tapasztalt-magyar-munkaerore-van-szukseg\/#breadcrumblist"},"author":{"@id":"https:\/\/allasorias.hu\/hirek\/author\/admin-allasorias\/#author"},"creator":{"@id":"https:\/\/allasorias.hu\/hirek\/author\/admin-allasorias\/#author"},"image":{"@type":"ImageObject","url":"https:\/\/allasorias.hu\/hirek\/wp-content\/uploads\/2024\/10\/e-kereskedelem.jpg","@id":"https:\/\/allasorias.hu\/hirek\/a-tapasztalt-magyar-munkaerore-van-szukseg\/#mainImage","width":1920,"height":1280,"caption":"A tapasztalt magyar munkaer\u0151re van sz\u00fcks\u00e9g - Allasorias.hu\/Hirek"},"primaryImageOfPage":{"@id":"https:\/\/allasorias.hu\/hirek\/a-tapasztalt-magyar-munkaerore-van-szukseg\/#mainImage"},"datePublished":"2024-10-14T15:02:19+02:00","dateModified":"2025-05-09T10:00:14+02:00"},{"@type":"WebSite","@id":"https:\/\/allasorias.hu\/hirek\/#website","url":"https:\/\/allasorias.hu\/hirek\/","name":"AllasOrias.hu | H\u00edrek-lapszemle","description":"\u00dczleti h\u00edrek az \u00e1ll\u00e1s \u00e9s a munka vil\u00e1g\u00e1b\u00f3l","inLanguage":"hu-HU","publisher":{"@id":"https:\/\/allasorias.hu\/hirek\/#organization"}}]},"og:locale":"hu_HU","og:site_name":"AllasOrias.hu | H\u00edrek-lapszemle | \u00dczleti h\u00edrek az \u00e1ll\u00e1s \u00e9s a munka vil\u00e1g\u00e1b\u00f3l","og:type":"article","og:title":"Tapasztalt magyar dolgoz\u00f3kra van sz\u00fcks\u00e9g","og:description":"Vannak m\u00e9g tartal\u00e9kok a magyar munkaer\u0151piacon, az elk\u00f6vetkez\u0151 id\u0151szakban az e-kereskedelem ter\u00fclet\u00e9n v\u00e1rhat\u00f3 nagyobb ig\u00e9ny.","og:url":"https:\/\/allasorias.hu\/hirek\/a-tapasztalt-magyar-munkaerore-van-szukseg\/","og:image":"https:\/\/allasorias.hu\/hirek\/wp-content\/uploads\/2024\/10\/e-kereskedelem.jpg","og:image:secure_url":"https:\/\/allasorias.hu\/hirek\/wp-content\/uploads\/2024\/10\/e-kereskedelem.jpg","og:image:width":1920,"og:image:height":1280,"article:published_time":"2024-10-14T13:02:19+00:00","article:modified_time":"2025-05-09T08:00:14+00:00","article:publisher":"https:\/\/www.facebook.com\/allasorias","twitter:card":"summary_large_image","twitter:title":"Tapasztalt magyar dolgoz\u00f3kra van sz\u00fcks\u00e9g","twitter:description":"Vannak m\u00e9g tartal\u00e9kok a magyar munkaer\u0151piacon, az elk\u00f6vetkez\u0151 id\u0151szakban az e-kereskedelem ter\u00fclet\u00e9n v\u00e1rhat\u00f3 nagyobb ig\u00e9ny.","twitter:image":"https:\/\/allasorias.hu\/hirek\/wp-content\/uploads\/2024\/10\/e-kereskedelem.jpg","twitter:label1":"Written by","twitter:data1":"Juh\u00e1sz P\u00e9ter","twitter:label2":"Est. reading time","twitter:data2":"2 minutes"},"aioseo_meta_data":{"post_id":"7946","title":"Tapasztalt magyar dolgoz\u00f3kra van sz\u00fcks\u00e9g","description":"Vannak m\u00e9g tartal\u00e9kok a magyar munkaer\u0151piacon, az elk\u00f6vetkez\u0151 id\u0151szakban az e-kereskedelem ter\u00fclet\u00e9n v\u00e1rhat\u00f3 nagyobb ig\u00e9ny.","keywords":null,"keyphrases":{"focus":{"keyphrase":"","score":0,"analysis":{"keyphraseInTitle":{"score":0,"maxScore":9,"error":1}}},"additional":[]},"primary_term":null,"canonical_url":null,"og_title":null,"og_description":null,"og_object_type":"default","og_image_type":"default","og_image_url":null,"og_image_width":null,"og_image_height":null,"og_image_custom_url":null,"og_image_custom_fields":null,"og_video":"","og_custom_url":null,"og_article_section":null,"og_article_tags":null,"twitter_use_og":true,"twitter_card":"default","twitter_image_type":"default","twitter_image_url":null,"twitter_image_custom_url":null,"twitter_image_custom_fields":null,"twitter_title":null,"twitter_description":null,"schema":{"blockGraphs":[],"customGraphs":[],"default":{"data":{"Article":[],"Course":[],"Dataset":[],"FAQPage":[],"Movie":[],"Person":[],"Product":[],"ProductReview":[],"Car":[],"Recipe":[],"Service":[],"SoftwareApplication":[],"WebPage":[]},"graphName":"Article","isEnabled":true},"graphs":[]},"schema_type":"default","schema_type_options":null,"pillar_content":false,"robots_default":true,"robots_noindex":false,"robots_noarchive":false,"robots_nosnippet":false,"robots_nofollow":false,"robots_noimageindex":false,"robots_noodp":false,"robots_notranslate":false,"robots_max_snippet":"-1","robots_max_videopreview":"-1","robots_max_imagepreview":"large","priority":null,"frequency":"default","location":null,"local_seo":null,"breadcrumb_settings":null,"limit_modified_date":false,"ai":null,"created":"2024-10-14 12:54:08","updated":"2025-10-02 20:31:11","seo_analyzer_scan_date":null,"focus_keyword":null,"additional_keywords":null,"truseo_locale":null},"aioseo_breadcrumb":"<div class=\"aioseo-breadcrumbs\"><span class=\"aioseo-breadcrumb\">\n\t\t\t<a href=\"https:\/\/allasorias.hu\/hirek\" title=\"Home\">Home<\/a>\n\t\t<\/span><span class=\"aioseo-breadcrumb-separator\">&raquo;<\/span><span class=\"aioseo-breadcrumb\">\n\t\t\t<a href=\"https:\/\/allasorias.hu\/hirek\/temak\/munkaeropiac\/\" title=\"Munkaer\u0151piac\">Munkaer\u0151piac<\/a>\n\t\t<\/span><span class=\"aioseo-breadcrumb-separator\">&raquo;<\/span><span class=\"aioseo-breadcrumb\">\n\t\t\tA tapasztalt magyar munkaer\u0151re van sz\u00fcks\u00e9g\n\t\t<\/span><\/div>","aioseo_breadcrumb_json":[{"label":"Home","link":"https:\/\/allasorias.hu\/hirek"},{"label":"Munkaer\u0151piac","link":"https:\/\/allasorias.hu\/hirek\/temak\/munkaeropiac\/"},{"label":"A tapasztalt magyar munkaer\u0151re van sz\u00fcks\u00e9g","link":"https:\/\/allasorias.hu\/hirek\/a-tapasztalt-magyar-munkaerore-van-szukseg\/"}],"_links":{"self":[{"href":"https:\/\/allasorias.hu\/hirek\/wp-json\/wp\/v2\/posts\/7946","targetHints":{"allow":["GET"]}}],"collection":[{"href":"https:\/\/allasorias.hu\/hirek\/wp-json\/wp\/v2\/posts"}],"about":[{"href":"https:\/\/allasorias.hu\/hirek\/wp-json\/wp\/v2\/types\/post"}],"author":[{"embeddable":true,"href":"https:\/\/allasorias.hu\/hirek\/wp-json\/wp\/v2\/users\/1"}],"replies":[{"embeddable":true,"href":"https:\/\/allasorias.hu\/hirek\/wp-json\/wp\/v2\/comments?post=7946"}],"version-history":[{"count":1,"href":"https:\/\/allasorias.hu\/hirek\/wp-json\/wp\/v2\/posts\/7946\/revisions"}],"predecessor-version":[{"id":7948,"href":"https:\/\/allasorias.hu\/hirek\/wp-json\/wp\/v2\/posts\/7946\/revisions\/7948"}],"wp:featuredmedia":[{"embeddable":true,"href":"https:\/\/allasorias.hu\/hirek\/wp-json\/wp\/v2\/media\/7947"}],"wp:attachment":[{"href":"https:\/\/allasorias.hu\/hirek\/wp-json\/wp\/v2\/media?parent=7946"}],"wp:term":[{"taxonomy":"category","embeddable":true,"href":"https:\/\/allasorias.hu\/hirek\/wp-json\/wp\/v2\/categories?post=7946"},{"taxonomy":"post_tag","embeddable":true,"href":"https:\/\/allasorias.hu\/hirek\/wp-json\/wp\/v2\/tags?post=7946"}],"curies":[{"name":"wp","href":"https:\/\/api.w.org\/{rel}","templated":true}]}}