{"id":7943,"date":"2024-10-11T08:29:29","date_gmt":"2024-10-11T06:29:29","guid":{"rendered":"https:\/\/allasorias.hu\/hirek\/?p=7943"},"modified":"2024-10-14T09:30:09","modified_gmt":"2024-10-14T07:30:09","slug":"meg-kell-tartani-a-jo-munkaerot","status":"publish","type":"post","link":"https:\/\/allasorias.hu\/hirek\/meg-kell-tartani-a-jo-munkaerot\/","title":{"rendered":"Meg kell tartani a j\u00f3 munkaer\u0151t"},"content":{"rendered":"<p><strong>A j\u00f3 munkaer\u0151 megtart\u00e1sa mindenf\u00e9le gazdas\u00e1gi k\u00f6rnyezetben fontos, hiszen nagyon neh\u00e9z k\u00e9s\u0151bb p\u00f3tolni \u0151ket. Els\u0151sorban a hazai munkav\u00e1llal\u00f3kra kell f\u00f3kusz\u00e1lni a korm\u00e1ny szerint. <\/strong><\/p>\n<p>Magyarorsz\u00e1g a hosszan tart\u00f3 seg\u00e9lyez\u00e9s helyett a miel\u0151bbi elhelyezked\u00e9s \u00f6szt\u00f6nz\u00e9s\u00e9t tartja a legjobb megold\u00e1s\u00e1nak a munkan\u00e9lk\u00fclis\u00e9gre \u2013 mondta a nemzetgazdas\u00e1gi miniszter Budapesten, az EU-tag\u00e1llamok foglalkoztat\u00e1si \u00e9s szoci\u00e1lpolitikai \u00fcgyek\u00e9rt felel\u0151s minisztereinek inform\u00e1lis tal\u00e1lkoz\u00f3j\u00e1n. Nagy M\u00e1rton szerint Magyarorsz\u00e1gon is el\u00e9rhet\u0151 a 85 sz\u00e1zal\u00e9kos foglalkoztat\u00e1si r\u00e1ta, ha siker\u00fclne m\u00e9g bels\u0151 munkaer\u0151piaci tartal\u00e9kot mozg\u00f3s\u00edtani.<\/p>\n<p>F\u0151k\u00e9pp a fiatal \u00e9s az id\u0151sebb nemzed\u00e9k gyarap\u00edthatn\u00e1 az \u00faj elhelyezked\u0151k t\u00e1bor\u00e1t, a m\u00e1s orsz\u00e1gokb\u00f3l, Eur\u00f3p\u00e1n k\u00edv\u00fclr\u0151l \u00e9rkez\u0151kre a korm\u00e1ny csak akkor sz\u00e1m\u00edt, ha belf\u00f6ldr\u0151l nem el\u00e9g\u00edthet\u0151 ki a munkaer\u0151ig\u00e9ny \u2013 tette hozz\u00e1. A t\u00e1rcavezet\u0151 eur\u00f3pai szint\u0171 kih\u00edv\u00e1snak l\u00e1tja a szakemberhi\u00e1nyt, ami r\u00e9szben abb\u00f3l ered, hogy az \u00e1ll\u00e1st keres\u0151k k\u00e9pzetts\u00e9ge nem tal\u00e1lkozik a piaci ig\u00e9nyekkel, de a demogr\u00e1fiai folyamatok sem kedveznek az ut\u00e1np\u00f3tl\u00e1s biztos\u00edt\u00e1s\u00e1nak.<\/p>\n<p>A robotiz\u00e1ci\u00f3, az automatiz\u00e1lt megold\u00e1sok enyh\u00edthetik ugyan a munkaer\u0151hi\u00e1nyt, de a munkaad\u00f3k m\u00e1r r\u00e1j\u00f6ttek, hogy a legnehezebb id\u0151kben sem \u00e9rdemes a j\u00f3 szakembereket elbocs\u00e1tani, mert k\u00e9s\u0151bb neh\u00e9z lesz \u0151ket p\u00f3tolni \u2013 hangs\u00falyozta.\u00a0 Bel\u00fcgyminiszt\u00e9rium gondoskod\u00e1spolitik\u00e1\u00e9rt felel\u0151s \u00e1llamtitk\u00e1ra a fogyat\u00e9kkal \u00e9l\u0151k, megv\u00e1ltozott munkak\u00e9pess\u00e9g\u0171ek foglalkoztat\u00e1s\u00e1ban is nagy lehet\u0151s\u00e9geket l\u00e1t.<\/p>\n<p>F\u00fcl\u00f6p Attila szerint a helyes megk\u00f6zel\u00edt\u00e9s arra \u00f6sszpontos\u00edt, milyen k\u00e9pess\u00e9gekkel rendelkeznek, \u00e9s nem arra, hogy mit vesztettek el, hiszen \u0151k is alkothatnak maradand\u00f3t, sz\u00e1mos ter\u00fcleten v\u00e9gezhetnek \u00e9rt\u00e9kteremt\u0151 tev\u00e9kenys\u00e9get. Ennek \u00e9rdek\u00e9ben meg kell vizsg\u00e1lni, mik a foglalkoztat\u00e1suk akad\u00e1lyai, \u00e9s meg kell k\u00f6nny\u00edteni az elhelyezked\u00e9s\u00fcket, hogy \u0151k is munk\u00e1b\u00f3l tarthass\u00e1k el magukat \u2013 tette hozz\u00e1.<\/p>\n<p>Forr\u00e1s: <a href=\"https:\/\/magyarnemzet.hu\/gazdasag\/2024\/10\/mozgositani-kell-a-belso-munkaeropiaci-tartalekokat\" target=\"_blank\" rel=\"nofollow noopener noreferrer\">magyarnemzet.hu<\/a><\/p>\n","protected":false},"excerpt":{"rendered":"<p>A j\u00f3 munkaer\u0151 megtart\u00e1sa mindenf\u00e9le gazdas\u00e1gi k\u00f6rnyezetben fontos, hiszen nagyon neh\u00e9z k\u00e9s\u0151bb p\u00f3tolni \u0151ket. Els\u0151sorban a hazai munkav\u00e1llal\u00f3kra kell f\u00f3kusz\u00e1lni a korm\u00e1ny szerint. Magyarorsz\u00e1g a hosszan tart\u00f3 seg\u00e9lyez\u00e9s helyett a miel\u0151bbi elhelyezked\u00e9s \u00f6szt\u00f6nz\u00e9s\u00e9t tartja a legjobb megold\u00e1s\u00e1nak a munkan\u00e9lk\u00fclis\u00e9gre \u2013 mondta a nemzetgazdas\u00e1gi miniszter Budapesten, az EU-tag\u00e1llamok foglalkoztat\u00e1si \u00e9s szoci\u00e1lpolitikai \u00fcgyek\u00e9rt felel\u0151s minisztereinek inform\u00e1lis tal\u00e1lkoz\u00f3j\u00e1n. [&hellip;]<\/p>\n","protected":false},"author":1,"featured_media":7944,"comment_status":"closed","ping_status":"closed","sticky":false,"template":"","format":"standard","meta":{"_monsterinsights_skip_tracking":false,"footnotes":""},"categories":[200],"tags":[],"class_list":["post-7943","post","type-post","status-publish","format-standard","has-post-thumbnail","hentry","category-munkaeropiac"],"aioseo_notices":[],"aioseo_head":"\n\t\t<!-- All in One SEO 5.0.0.1 - aioseo.com -->\n\t<meta name=\"description\" content=\"A j\u00f3 munkaer\u0151 megtart\u00e1sa mindenf\u00e9le gazdas\u00e1gi k\u00f6rnyezetben fontos, hiszen nagyon neh\u00e9z k\u00e9s\u0151bb p\u00f3tolni \u0151ket.\" \/>\n\t<meta name=\"robots\" content=\"max-image-preview:large\" \/>\n\t<meta name=\"author\" content=\"Juh\u00e1sz P\u00e9ter\"\/>\n\t<link rel=\"canonical\" href=\"https:\/\/allasorias.hu\/hirek\/meg-kell-tartani-a-jo-munkaerot\/\" \/>\n\t<meta name=\"generator\" content=\"All in One SEO (AIOSEO) 5.0.0.1\" \/>\n\t\t<meta property=\"og:locale\" content=\"hu_HU\" \/>\n\t\t<meta property=\"og:site_name\" content=\"AllasOrias.hu | H\u00edrek-lapszemle | \u00dczleti h\u00edrek az \u00e1ll\u00e1s \u00e9s a munka vil\u00e1g\u00e1b\u00f3l\" \/>\n\t\t<meta property=\"og:type\" content=\"article\" \/>\n\t\t<meta property=\"og:title\" content=\"Meg kell tartani a j\u00f3 munkaer\u0151t |\" \/>\n\t\t<meta property=\"og:description\" content=\"A j\u00f3 munkaer\u0151 megtart\u00e1sa mindenf\u00e9le gazdas\u00e1gi k\u00f6rnyezetben fontos, hiszen nagyon neh\u00e9z k\u00e9s\u0151bb p\u00f3tolni \u0151ket.\" \/>\n\t\t<meta property=\"og:url\" content=\"https:\/\/allasorias.hu\/hirek\/meg-kell-tartani-a-jo-munkaerot\/\" \/>\n\t\t<meta property=\"og:image\" content=\"https:\/\/allasorias.hu\/hirek\/wp-content\/uploads\/2024\/10\/jo-munkaero-megtartasa.jpg\" \/>\n\t\t<meta property=\"og:image:secure_url\" content=\"https:\/\/allasorias.hu\/hirek\/wp-content\/uploads\/2024\/10\/jo-munkaero-megtartasa.jpg\" \/>\n\t\t<meta property=\"og:image:width\" content=\"1920\" \/>\n\t\t<meta property=\"og:image:height\" content=\"1280\" \/>\n\t\t<meta property=\"article:published_time\" content=\"2024-10-11T06:29:29+00:00\" \/>\n\t\t<meta property=\"article:modified_time\" content=\"2024-10-14T07:30:09+00:00\" \/>\n\t\t<meta property=\"article:publisher\" content=\"https:\/\/www.facebook.com\/allasorias\" \/>\n\t\t<meta name=\"twitter:card\" content=\"summary_large_image\" \/>\n\t\t<meta name=\"twitter:title\" content=\"Meg kell tartani a j\u00f3 munkaer\u0151t |\" \/>\n\t\t<meta name=\"twitter:description\" content=\"A j\u00f3 munkaer\u0151 megtart\u00e1sa mindenf\u00e9le gazdas\u00e1gi k\u00f6rnyezetben fontos, hiszen nagyon neh\u00e9z k\u00e9s\u0151bb p\u00f3tolni \u0151ket.\" \/>\n\t\t<meta name=\"twitter:image\" content=\"https:\/\/allasorias.hu\/hirek\/wp-content\/uploads\/2024\/10\/jo-munkaero-megtartasa.jpg\" \/>\n\t\t<meta name=\"twitter:label1\" content=\"Written by\" \/>\n\t\t<meta name=\"twitter:data1\" content=\"Juh\u00e1sz P\u00e9ter\" \/>\n\t\t<meta name=\"twitter:label2\" content=\"Est. reading time\" \/>\n\t\t<meta name=\"twitter:data2\" content=\"2 minutes\" \/>\n\t\t<script type=\"application\/ld+json\" class=\"aioseo-schema\">\n\t\t\t{\"@context\":\"https:\\\/\\\/schema.org\",\"@graph\":[{\"@type\":\"Article\",\"@id\":\"https:\\\/\\\/allasorias.hu\\\/hirek\\\/meg-kell-tartani-a-jo-munkaerot\\\/#article\",\"name\":\"Meg kell tartani a j\\u00f3 munkaer\\u0151t |\",\"headline\":\"Meg kell tartani a j\\u00f3 munkaer\\u0151t\",\"author\":{\"@id\":\"https:\\\/\\\/allasorias.hu\\\/hirek\\\/author\\\/admin-allasorias\\\/#author\"},\"publisher\":{\"@id\":\"https:\\\/\\\/allasorias.hu\\\/hirek\\\/#organization\"},\"image\":{\"@type\":\"ImageObject\",\"url\":\"https:\\\/\\\/allasorias.hu\\\/hirek\\\/wp-content\\\/uploads\\\/2024\\\/10\\\/jo-munkaero-megtartasa.jpg\",\"width\":1920,\"height\":1280,\"caption\":\"Meg kell tartani a j\\u00f3 munkaer\\u0151t - Allasorias.hu\\\/Hirek\"},\"datePublished\":\"2024-10-11T08:29:29+02:00\",\"dateModified\":\"2024-10-14T09:30:09+02:00\",\"inLanguage\":\"hu-HU\",\"mainEntityOfPage\":{\"@id\":\"https:\\\/\\\/allasorias.hu\\\/hirek\\\/meg-kell-tartani-a-jo-munkaerot\\\/#webpage\"},\"isPartOf\":{\"@id\":\"https:\\\/\\\/allasorias.hu\\\/hirek\\\/meg-kell-tartani-a-jo-munkaerot\\\/#webpage\"},\"articleSection\":\"Munkaer\\u0151piac\"},{\"@type\":\"BreadcrumbList\",\"@id\":\"https:\\\/\\\/allasorias.hu\\\/hirek\\\/meg-kell-tartani-a-jo-munkaerot\\\/#breadcrumblist\",\"itemListElement\":[{\"@type\":\"ListItem\",\"@id\":\"https:\\\/\\\/allasorias.hu\\\/hirek#listItem\",\"position\":1,\"name\":\"Home\",\"item\":\"https:\\\/\\\/allasorias.hu\\\/hirek\",\"nextItem\":{\"@type\":\"ListItem\",\"@id\":\"https:\\\/\\\/allasorias.hu\\\/hirek\\\/temak\\\/munkaeropiac\\\/#listItem\",\"name\":\"Munkaer\\u0151piac\"}},{\"@type\":\"ListItem\",\"@id\":\"https:\\\/\\\/allasorias.hu\\\/hirek\\\/temak\\\/munkaeropiac\\\/#listItem\",\"position\":2,\"name\":\"Munkaer\\u0151piac\",\"item\":\"https:\\\/\\\/allasorias.hu\\\/hirek\\\/temak\\\/munkaeropiac\\\/\",\"nextItem\":{\"@type\":\"ListItem\",\"@id\":\"https:\\\/\\\/allasorias.hu\\\/hirek\\\/meg-kell-tartani-a-jo-munkaerot\\\/#listItem\",\"name\":\"Meg kell tartani a j\\u00f3 munkaer\\u0151t\"},\"previousItem\":{\"@type\":\"ListItem\",\"@id\":\"https:\\\/\\\/allasorias.hu\\\/hirek#listItem\",\"name\":\"Home\"}},{\"@type\":\"ListItem\",\"@id\":\"https:\\\/\\\/allasorias.hu\\\/hirek\\\/meg-kell-tartani-a-jo-munkaerot\\\/#listItem\",\"position\":3,\"name\":\"Meg kell tartani a j\\u00f3 munkaer\\u0151t\",\"previousItem\":{\"@type\":\"ListItem\",\"@id\":\"https:\\\/\\\/allasorias.hu\\\/hirek\\\/temak\\\/munkaeropiac\\\/#listItem\",\"name\":\"Munkaer\\u0151piac\"}}]},{\"@type\":\"Organization\",\"@id\":\"https:\\\/\\\/allasorias.hu\\\/hirek\\\/#organization\",\"name\":\"AllasOrias.hu | H\\u00edrek-lapszemle\",\"description\":\"\\u00dczleti h\\u00edrek az \\u00e1ll\\u00e1s \\u00e9s a munka vil\\u00e1g\\u00e1b\\u00f3l\",\"url\":\"https:\\\/\\\/allasorias.hu\\\/hirek\\\/\",\"logo\":{\"@type\":\"ImageObject\",\"url\":\"https:\\\/\\\/allasorias.hu\\\/hirek\\\/wp-content\\\/uploads\\\/2022\\\/10\\\/allasorias_site_facebok_logo.png\",\"@id\":\"https:\\\/\\\/allasorias.hu\\\/hirek\\\/meg-kell-tartani-a-jo-munkaerot\\\/#organizationLogo\"},\"image\":{\"@id\":\"https:\\\/\\\/allasorias.hu\\\/hirek\\\/meg-kell-tartani-a-jo-munkaerot\\\/#organizationLogo\"},\"sameAs\":[\"https:\\\/\\\/www.facebook.com\\\/allasorias\",\"https:\\\/\\\/www.linkedin.com\\\/company\\\/allasorias\"]},{\"@type\":\"Person\",\"@id\":\"https:\\\/\\\/allasorias.hu\\\/hirek\\\/author\\\/admin-allasorias\\\/#author\",\"url\":\"https:\\\/\\\/allasorias.hu\\\/hirek\\\/author\\\/admin-allasorias\\\/\",\"name\":\"Juh\\u00e1sz P\\u00e9ter\",\"image\":{\"@type\":\"ImageObject\",\"@id\":\"https:\\\/\\\/allasorias.hu\\\/hirek\\\/meg-kell-tartani-a-jo-munkaerot\\\/#authorImage\",\"url\":\"https:\\\/\\\/secure.gravatar.com\\\/avatar\\\/36e6bcb83148978b992977cb0f54d22feb0cce8a0a849a9410532bb2623ba4c6?s=96&d=mm&r=g\",\"width\":96,\"height\":96,\"caption\":\"Juh\\u00e1sz P\\u00e9ter\"}},{\"@type\":\"WebPage\",\"@id\":\"https:\\\/\\\/allasorias.hu\\\/hirek\\\/meg-kell-tartani-a-jo-munkaerot\\\/#webpage\",\"url\":\"https:\\\/\\\/allasorias.hu\\\/hirek\\\/meg-kell-tartani-a-jo-munkaerot\\\/\",\"name\":\"Meg kell tartani a j\\u00f3 munkaer\\u0151t |\",\"description\":\"A j\\u00f3 munkaer\\u0151 megtart\\u00e1sa mindenf\\u00e9le gazdas\\u00e1gi k\\u00f6rnyezetben fontos, hiszen nagyon neh\\u00e9z k\\u00e9s\\u0151bb p\\u00f3tolni \\u0151ket.\",\"inLanguage\":\"hu-HU\",\"isPartOf\":{\"@id\":\"https:\\\/\\\/allasorias.hu\\\/hirek\\\/#website\"},\"breadcrumb\":{\"@id\":\"https:\\\/\\\/allasorias.hu\\\/hirek\\\/meg-kell-tartani-a-jo-munkaerot\\\/#breadcrumblist\"},\"author\":{\"@id\":\"https:\\\/\\\/allasorias.hu\\\/hirek\\\/author\\\/admin-allasorias\\\/#author\"},\"creator\":{\"@id\":\"https:\\\/\\\/allasorias.hu\\\/hirek\\\/author\\\/admin-allasorias\\\/#author\"},\"image\":{\"@type\":\"ImageObject\",\"url\":\"https:\\\/\\\/allasorias.hu\\\/hirek\\\/wp-content\\\/uploads\\\/2024\\\/10\\\/jo-munkaero-megtartasa.jpg\",\"@id\":\"https:\\\/\\\/allasorias.hu\\\/hirek\\\/meg-kell-tartani-a-jo-munkaerot\\\/#mainImage\",\"width\":1920,\"height\":1280,\"caption\":\"Meg kell tartani a j\\u00f3 munkaer\\u0151t - Allasorias.hu\\\/Hirek\"},\"primaryImageOfPage\":{\"@id\":\"https:\\\/\\\/allasorias.hu\\\/hirek\\\/meg-kell-tartani-a-jo-munkaerot\\\/#mainImage\"},\"datePublished\":\"2024-10-11T08:29:29+02:00\",\"dateModified\":\"2024-10-14T09:30:09+02:00\"},{\"@type\":\"WebSite\",\"@id\":\"https:\\\/\\\/allasorias.hu\\\/hirek\\\/#website\",\"url\":\"https:\\\/\\\/allasorias.hu\\\/hirek\\\/\",\"name\":\"AllasOrias.hu | H\\u00edrek-lapszemle\",\"description\":\"\\u00dczleti h\\u00edrek az \\u00e1ll\\u00e1s \\u00e9s a munka vil\\u00e1g\\u00e1b\\u00f3l\",\"inLanguage\":\"hu-HU\",\"publisher\":{\"@id\":\"https:\\\/\\\/allasorias.hu\\\/hirek\\\/#organization\"}}]}\n\t\t<\/script>\n\t\t<!-- All in One SEO -->\n\n","aioseo_head_json":{"title":"Meg kell tartani a j\u00f3 munkaer\u0151t |","description":"A j\u00f3 munkaer\u0151 megtart\u00e1sa mindenf\u00e9le gazdas\u00e1gi k\u00f6rnyezetben fontos, hiszen nagyon neh\u00e9z k\u00e9s\u0151bb p\u00f3tolni \u0151ket.","canonical_url":"https:\/\/allasorias.hu\/hirek\/meg-kell-tartani-a-jo-munkaerot\/","robots":"max-image-preview:large","keywords":"","webmasterTools":{"miscellaneous":""},"schema":{"@context":"https:\/\/schema.org","@graph":[{"@type":"Article","@id":"https:\/\/allasorias.hu\/hirek\/meg-kell-tartani-a-jo-munkaerot\/#article","name":"Meg kell tartani a j\u00f3 munkaer\u0151t |","headline":"Meg kell tartani a j\u00f3 munkaer\u0151t","author":{"@id":"https:\/\/allasorias.hu\/hirek\/author\/admin-allasorias\/#author"},"publisher":{"@id":"https:\/\/allasorias.hu\/hirek\/#organization"},"image":{"@type":"ImageObject","url":"https:\/\/allasorias.hu\/hirek\/wp-content\/uploads\/2024\/10\/jo-munkaero-megtartasa.jpg","width":1920,"height":1280,"caption":"Meg kell tartani a j\u00f3 munkaer\u0151t - Allasorias.hu\/Hirek"},"datePublished":"2024-10-11T08:29:29+02:00","dateModified":"2024-10-14T09:30:09+02:00","inLanguage":"hu-HU","mainEntityOfPage":{"@id":"https:\/\/allasorias.hu\/hirek\/meg-kell-tartani-a-jo-munkaerot\/#webpage"},"isPartOf":{"@id":"https:\/\/allasorias.hu\/hirek\/meg-kell-tartani-a-jo-munkaerot\/#webpage"},"articleSection":"Munkaer\u0151piac"},{"@type":"BreadcrumbList","@id":"https:\/\/allasorias.hu\/hirek\/meg-kell-tartani-a-jo-munkaerot\/#breadcrumblist","itemListElement":[{"@type":"ListItem","@id":"https:\/\/allasorias.hu\/hirek#listItem","position":1,"name":"Home","item":"https:\/\/allasorias.hu\/hirek","nextItem":{"@type":"ListItem","@id":"https:\/\/allasorias.hu\/hirek\/temak\/munkaeropiac\/#listItem","name":"Munkaer\u0151piac"}},{"@type":"ListItem","@id":"https:\/\/allasorias.hu\/hirek\/temak\/munkaeropiac\/#listItem","position":2,"name":"Munkaer\u0151piac","item":"https:\/\/allasorias.hu\/hirek\/temak\/munkaeropiac\/","nextItem":{"@type":"ListItem","@id":"https:\/\/allasorias.hu\/hirek\/meg-kell-tartani-a-jo-munkaerot\/#listItem","name":"Meg kell tartani a j\u00f3 munkaer\u0151t"},"previousItem":{"@type":"ListItem","@id":"https:\/\/allasorias.hu\/hirek#listItem","name":"Home"}},{"@type":"ListItem","@id":"https:\/\/allasorias.hu\/hirek\/meg-kell-tartani-a-jo-munkaerot\/#listItem","position":3,"name":"Meg kell tartani a j\u00f3 munkaer\u0151t","previousItem":{"@type":"ListItem","@id":"https:\/\/allasorias.hu\/hirek\/temak\/munkaeropiac\/#listItem","name":"Munkaer\u0151piac"}}]},{"@type":"Organization","@id":"https:\/\/allasorias.hu\/hirek\/#organization","name":"AllasOrias.hu | H\u00edrek-lapszemle","description":"\u00dczleti h\u00edrek az \u00e1ll\u00e1s \u00e9s a munka vil\u00e1g\u00e1b\u00f3l","url":"https:\/\/allasorias.hu\/hirek\/","logo":{"@type":"ImageObject","url":"https:\/\/allasorias.hu\/hirek\/wp-content\/uploads\/2022\/10\/allasorias_site_facebok_logo.png","@id":"https:\/\/allasorias.hu\/hirek\/meg-kell-tartani-a-jo-munkaerot\/#organizationLogo"},"image":{"@id":"https:\/\/allasorias.hu\/hirek\/meg-kell-tartani-a-jo-munkaerot\/#organizationLogo"},"sameAs":["https:\/\/www.facebook.com\/allasorias","https:\/\/www.linkedin.com\/company\/allasorias"]},{"@type":"Person","@id":"https:\/\/allasorias.hu\/hirek\/author\/admin-allasorias\/#author","url":"https:\/\/allasorias.hu\/hirek\/author\/admin-allasorias\/","name":"Juh\u00e1sz P\u00e9ter","image":{"@type":"ImageObject","@id":"https:\/\/allasorias.hu\/hirek\/meg-kell-tartani-a-jo-munkaerot\/#authorImage","url":"https:\/\/secure.gravatar.com\/avatar\/36e6bcb83148978b992977cb0f54d22feb0cce8a0a849a9410532bb2623ba4c6?s=96&d=mm&r=g","width":96,"height":96,"caption":"Juh\u00e1sz P\u00e9ter"}},{"@type":"WebPage","@id":"https:\/\/allasorias.hu\/hirek\/meg-kell-tartani-a-jo-munkaerot\/#webpage","url":"https:\/\/allasorias.hu\/hirek\/meg-kell-tartani-a-jo-munkaerot\/","name":"Meg kell tartani a j\u00f3 munkaer\u0151t |","description":"A j\u00f3 munkaer\u0151 megtart\u00e1sa mindenf\u00e9le gazdas\u00e1gi k\u00f6rnyezetben fontos, hiszen nagyon neh\u00e9z k\u00e9s\u0151bb p\u00f3tolni \u0151ket.","inLanguage":"hu-HU","isPartOf":{"@id":"https:\/\/allasorias.hu\/hirek\/#website"},"breadcrumb":{"@id":"https:\/\/allasorias.hu\/hirek\/meg-kell-tartani-a-jo-munkaerot\/#breadcrumblist"},"author":{"@id":"https:\/\/allasorias.hu\/hirek\/author\/admin-allasorias\/#author"},"creator":{"@id":"https:\/\/allasorias.hu\/hirek\/author\/admin-allasorias\/#author"},"image":{"@type":"ImageObject","url":"https:\/\/allasorias.hu\/hirek\/wp-content\/uploads\/2024\/10\/jo-munkaero-megtartasa.jpg","@id":"https:\/\/allasorias.hu\/hirek\/meg-kell-tartani-a-jo-munkaerot\/#mainImage","width":1920,"height":1280,"caption":"Meg kell tartani a j\u00f3 munkaer\u0151t - Allasorias.hu\/Hirek"},"primaryImageOfPage":{"@id":"https:\/\/allasorias.hu\/hirek\/meg-kell-tartani-a-jo-munkaerot\/#mainImage"},"datePublished":"2024-10-11T08:29:29+02:00","dateModified":"2024-10-14T09:30:09+02:00"},{"@type":"WebSite","@id":"https:\/\/allasorias.hu\/hirek\/#website","url":"https:\/\/allasorias.hu\/hirek\/","name":"AllasOrias.hu | H\u00edrek-lapszemle","description":"\u00dczleti h\u00edrek az \u00e1ll\u00e1s \u00e9s a munka vil\u00e1g\u00e1b\u00f3l","inLanguage":"hu-HU","publisher":{"@id":"https:\/\/allasorias.hu\/hirek\/#organization"}}]},"og:locale":"hu_HU","og:site_name":"AllasOrias.hu | H\u00edrek-lapszemle | \u00dczleti h\u00edrek az \u00e1ll\u00e1s \u00e9s a munka vil\u00e1g\u00e1b\u00f3l","og:type":"article","og:title":"Meg kell tartani a j\u00f3 munkaer\u0151t |","og:description":"A j\u00f3 munkaer\u0151 megtart\u00e1sa mindenf\u00e9le gazdas\u00e1gi k\u00f6rnyezetben fontos, hiszen nagyon neh\u00e9z k\u00e9s\u0151bb p\u00f3tolni \u0151ket.","og:url":"https:\/\/allasorias.hu\/hirek\/meg-kell-tartani-a-jo-munkaerot\/","og:image":"https:\/\/allasorias.hu\/hirek\/wp-content\/uploads\/2024\/10\/jo-munkaero-megtartasa.jpg","og:image:secure_url":"https:\/\/allasorias.hu\/hirek\/wp-content\/uploads\/2024\/10\/jo-munkaero-megtartasa.jpg","og:image:width":1920,"og:image:height":1280,"article:published_time":"2024-10-11T06:29:29+00:00","article:modified_time":"2024-10-14T07:30:09+00:00","article:publisher":"https:\/\/www.facebook.com\/allasorias","twitter:card":"summary_large_image","twitter:title":"Meg kell tartani a j\u00f3 munkaer\u0151t |","twitter:description":"A j\u00f3 munkaer\u0151 megtart\u00e1sa mindenf\u00e9le gazdas\u00e1gi k\u00f6rnyezetben fontos, hiszen nagyon neh\u00e9z k\u00e9s\u0151bb p\u00f3tolni \u0151ket.","twitter:image":"https:\/\/allasorias.hu\/hirek\/wp-content\/uploads\/2024\/10\/jo-munkaero-megtartasa.jpg","twitter:label1":"Written by","twitter:data1":"Juh\u00e1sz P\u00e9ter","twitter:label2":"Est. reading time","twitter:data2":"2 minutes"},"aioseo_meta_data":{"post_id":"7943","title":"#post_title |","description":"A j\u00f3 munkaer\u0151 megtart\u00e1sa mindenf\u00e9le gazdas\u00e1gi k\u00f6rnyezetben fontos, hiszen nagyon neh\u00e9z k\u00e9s\u0151bb p\u00f3tolni \u0151ket.","keywords":null,"keyphrases":{"focus":{"keyphrase":"","score":0,"analysis":{"keyphraseInTitle":{"score":0,"maxScore":9,"error":1}}},"additional":[]},"primary_term":null,"canonical_url":null,"og_title":null,"og_description":null,"og_object_type":"default","og_image_type":"default","og_image_url":null,"og_image_width":null,"og_image_height":null,"og_image_custom_url":null,"og_image_custom_fields":null,"og_video":"","og_custom_url":null,"og_article_section":null,"og_article_tags":null,"twitter_use_og":true,"twitter_card":"default","twitter_image_type":"default","twitter_image_url":null,"twitter_image_custom_url":null,"twitter_image_custom_fields":null,"twitter_title":null,"twitter_description":null,"schema":{"blockGraphs":[],"customGraphs":[],"default":{"data":{"Article":[],"Course":[],"Dataset":[],"FAQPage":[],"Movie":[],"Person":[],"Product":[],"ProductReview":[],"Car":[],"Recipe":[],"Service":[],"SoftwareApplication":[],"WebPage":[]},"graphName":"Article","isEnabled":true},"graphs":[]},"schema_type":"default","schema_type_options":null,"pillar_content":false,"robots_default":true,"robots_noindex":false,"robots_noarchive":false,"robots_nosnippet":false,"robots_nofollow":false,"robots_noimageindex":false,"robots_noodp":false,"robots_notranslate":false,"robots_max_snippet":"-1","robots_max_videopreview":"-1","robots_max_imagepreview":"large","priority":null,"frequency":"default","location":null,"local_seo":null,"breadcrumb_settings":null,"limit_modified_date":false,"ai":null,"created":"2024-10-14 06:15:59","updated":"2025-10-02 20:31:11","seo_analyzer_scan_date":null,"focus_keyword":null,"additional_keywords":null,"truseo_locale":null},"aioseo_breadcrumb":"<div class=\"aioseo-breadcrumbs\"><span class=\"aioseo-breadcrumb\">\n\t\t\t<a href=\"https:\/\/allasorias.hu\/hirek\" title=\"Home\">Home<\/a>\n\t\t<\/span><span class=\"aioseo-breadcrumb-separator\">&raquo;<\/span><span class=\"aioseo-breadcrumb\">\n\t\t\t<a href=\"https:\/\/allasorias.hu\/hirek\/temak\/munkaeropiac\/\" title=\"Munkaer\u0151piac\">Munkaer\u0151piac<\/a>\n\t\t<\/span><span class=\"aioseo-breadcrumb-separator\">&raquo;<\/span><span class=\"aioseo-breadcrumb\">\n\t\t\tMeg kell tartani a j\u00f3 munkaer\u0151t\n\t\t<\/span><\/div>","aioseo_breadcrumb_json":[{"label":"Home","link":"https:\/\/allasorias.hu\/hirek"},{"label":"Munkaer\u0151piac","link":"https:\/\/allasorias.hu\/hirek\/temak\/munkaeropiac\/"},{"label":"Meg kell tartani a j\u00f3 munkaer\u0151t","link":"https:\/\/allasorias.hu\/hirek\/meg-kell-tartani-a-jo-munkaerot\/"}],"_links":{"self":[{"href":"https:\/\/allasorias.hu\/hirek\/wp-json\/wp\/v2\/posts\/7943","targetHints":{"allow":["GET"]}}],"collection":[{"href":"https:\/\/allasorias.hu\/hirek\/wp-json\/wp\/v2\/posts"}],"about":[{"href":"https:\/\/allasorias.hu\/hirek\/wp-json\/wp\/v2\/types\/post"}],"author":[{"embeddable":true,"href":"https:\/\/allasorias.hu\/hirek\/wp-json\/wp\/v2\/users\/1"}],"replies":[{"embeddable":true,"href":"https:\/\/allasorias.hu\/hirek\/wp-json\/wp\/v2\/comments?post=7943"}],"version-history":[{"count":1,"href":"https:\/\/allasorias.hu\/hirek\/wp-json\/wp\/v2\/posts\/7943\/revisions"}],"predecessor-version":[{"id":7945,"href":"https:\/\/allasorias.hu\/hirek\/wp-json\/wp\/v2\/posts\/7943\/revisions\/7945"}],"wp:featuredmedia":[{"embeddable":true,"href":"https:\/\/allasorias.hu\/hirek\/wp-json\/wp\/v2\/media\/7944"}],"wp:attachment":[{"href":"https:\/\/allasorias.hu\/hirek\/wp-json\/wp\/v2\/media?parent=7943"}],"wp:term":[{"taxonomy":"category","embeddable":true,"href":"https:\/\/allasorias.hu\/hirek\/wp-json\/wp\/v2\/categories?post=7943"},{"taxonomy":"post_tag","embeddable":true,"href":"https:\/\/allasorias.hu\/hirek\/wp-json\/wp\/v2\/tags?post=7943"}],"curies":[{"name":"wp","href":"https:\/\/api.w.org\/{rel}","templated":true}]}}