{"id":7930,"date":"2024-10-07T10:43:19","date_gmt":"2024-10-07T08:43:19","guid":{"rendered":"https:\/\/allasorias.hu\/hirek\/?p=7930"},"modified":"2024-10-07T10:43:19","modified_gmt":"2024-10-07T08:43:19","slug":"sokan-szeretnenek-nemzetkozi-cegnel-dolgozni","status":"publish","type":"post","link":"https:\/\/allasorias.hu\/hirek\/sokan-szeretnenek-nemzetkozi-cegnel-dolgozni\/","title":{"rendered":"Sokan szeretn\u00e9nek nemzetk\u00f6zi c\u00e9gn\u00e9l dolgozni"},"content":{"rendered":"<p><strong>Az egyetemi hallgat\u00f3k k\u00f6r\u00e9ben v\u00e9gzett felm\u00e9r\u00e9sb\u0151l t\u00f6bbek k\u00f6z\u00f6tt az is kider\u00fcl, hogy nagyr\u00e9sz\u00fck el\u00e9gedett a v\u00e1lasztott szakkal, amelyet v\u00e9gez. Az \u00e1ll\u00e1slehet\u0151s\u00e9gek k\u00f6z\u00f6tt t\u00f6bb mint \u00f6tven sz\u00e1zal\u00e9kuk a mag\u00e1nszektort jel\u00f6lte meg.<\/strong><\/p>\n<p>A m\u00e9rn\u00f6ki \u00e9s technol\u00f3giai ipar\u00e1gban helyezkedne el legsz\u00edvesebben az egyetemi hallgat\u00f3k t\u00f6bbs\u00e9ge a diploma megszerz\u00e9se ut\u00e1n, der\u00fclt ki az 56. M\u0171egyetemi \u00c1ll\u00e1sb\u00f6rze szervez\u0151i \u00e1ltal k\u00e9sz\u00edtett kutat\u00e1sb\u00f3l. A v\u00e1laszad\u00f3k h\u00e1romnegyede f\u0151k\u00e9nt nemzetk\u00f6zi c\u00e9gekn\u00e9l dolgozna, de a kit\u00f6lt\u0151k k\u00f6zel fele a mag\u00e1nszektort is megjel\u00f6lte ebben a k\u00e9rd\u00e9sk\u00f6rben. A felm\u00e9r\u00e9sb\u0151l az is kirajzol\u00f3dott, hogy melyek a legn\u00e9pszer\u0171bb c\u00e9gek a j\u00f6v\u0151 munkav\u00e1llal\u00f3i sz\u00e1m\u00e1ra.<\/p>\n<p>T\u00f6bb mint 500 hallgat\u00f3 \u00e9s friss diplom\u00e1s t\u00f6lt\u00f6tte ki az 56. M\u0171egyetemi \u00c1ll\u00e1sb\u00f6rze szervez\u0151inek legfrissebb felm\u00e9r\u00e9s\u00e9t, melyben t\u00f6bbek k\u00f6z\u00f6tt arra kerest\u00e9k a v\u00e1laszt, hogy a v\u00e1laszad\u00f3k hogyan \u00e9rt\u00e9kelik a v\u00e1lasztott szakir\u00e1nyukat, \u00e9s hogy milyen munkahelyek, poz\u00edci\u00f3k \u00e9rdeklik \u0151ket legink\u00e1bb karrierj\u00fck kezdet\u00e9n. A kutat\u00e1s eredm\u00e9nyei szerint a hallgat\u00f3k \u00e9s friss diplom\u00e1sok 84 sz\u00e1zal\u00e9ka \u00e9rdekl\u0151d\u00e9si k\u00f6r alapj\u00e1n v\u00e1lasztotta a szakir\u00e1ny\u00e1t, de 77 sz\u00e1zal\u00e9kuk a karrierlehet\u0151s\u00e9get, a j\u00f6v\u0151ben kereseti lehet\u0151s\u00e9get is megjel\u00f6lte okk\u00e9nt.<\/p>\n<p>Mint kider\u00fclt, a t\u00f6bbs\u00e9g r\u00e1ad\u00e1sul j\u00f3l is d\u00f6nt\u00f6tt, hiszen \u00f6tb\u0151l n\u00e9gyen (82 sz\u00e1zal\u00e9k) saj\u00e1t bevall\u00e1suk szerint el\u00e9gedettek azzal a szakkal, amit elv\u00e9geztek, \u00e9s k\u00f6z\u00fcl\u00fck majdnem mindenki a szakm\u00e1j\u00e1hoz kapcsol\u00f3d\u00f3 kieg\u00e9sz\u00edt\u0151 k\u00e9pz\u00e9sre jelentkeznek m\u00e9g a j\u00f6v\u0151ben.<\/p>\n<ul>\n<li>Egyt\u0151l \u00f6tig terjed\u0151 sk\u00e1l\u00e1n a v\u00e1laszad\u00f3k a m\u00e9rn\u00f6ki \u00e9s technol\u00f3giai ipar\u00e1gat jel\u00f6lt\u00e9k a sz\u00e1mukra legvonz\u00f3bbnak (4,6) a munkaer\u0151piacon,<\/li>\n<li>ezt k\u00f6vette szorosan az eg\u00e9szs\u00e9g\u00fcgy (4,4)<\/li>\n<li>\u00e9s a p\u00e9nz\u00fcgyi \u00e9s banki szektor (4,3) a dobog\u00f3 m\u00e1sodik illetve harmadik fok\u00e1n.<\/li>\n<li>A legkev\u00e9sb\u00e9 a marketing \u00e9s rekl\u00e1m (3,5)<\/li>\n<li>\u00e9s az oktat\u00e1s (3,2) vonz\u00f3 a di\u00e1kok sz\u00e1m\u00e1ra.<\/li>\n<\/ul>\n<p>A felm\u00e9r\u00e9s k\u00e9sz\u00edt\u0151i arra is k\u00edv\u00e1ncsiak voltak, hogy a r\u00e9sztvev\u0151k milyen szegmensben keresg\u00e9lnek legink\u00e1bb \u00e1ll\u00e1sokat.<\/p>\n<ul>\n<li>A legt\u00f6bben (73 sz\u00e1zal\u00e9k) a nemzetk\u00f6zi c\u00e9geket jel\u00f6lte meg,<\/li>\n<li>a kit\u00f6lt\u0151k 54 sz\u00e1zal\u00e9ka a mag\u00e1nszektorban is n\u00e9zel\u0151dik,<\/li>\n<li>a k\u00f6zszf\u00e9r\u00e1ban 34 sz\u00e1zal\u00e9k helyezkedne el,<\/li>\n<li>a nonprofit szektort 30 sz\u00e1zal\u00e9k v\u00e1lasztotta,<\/li>\n<li>a startupokat pedig mind\u00f6ssze 18 sz\u00e1zal\u00e9k tartja elk\u00e9pzelhet\u0151nek munkahely\u00e9\u00fcl.<\/li>\n<\/ul>\n<p>A k\u00e9rd\u0151\u00edvben kit\u00e9rtek arra is, hogy a hallgat\u00f3k melyik v\u00e1llalatn\u00e1l szeretn\u00e9nek elhelyezkedni legink\u00e1bb a diploma megszerz\u00e9se ut\u00e1n, ha van preferenci\u00e1juk. B\u00e1r mivel sz\u00e1mos ter\u00fcletr\u0151l \u00e9rkeztek kit\u00f6lt\u00e9sek, a c\u00e9gek eloszl\u00e1s\u00e1t fenntart\u00e1ssal kell kezelni, de kiemelked\u0151en sokszor szerepelt a v\u00e1laszok k\u00f6z\u00f6tt a Telekom, a Mol, a Coca-Cola, a Yettel, a Bosch, az OTP \u00e9s az Audi is. Az eml\u00edtett v\u00e1llalatok k\u00f6z\u00fcl t\u00f6bb is ki\u00e1ll\u00edt\u00f3k\u00e9nt lesz jelen 2024. okt\u00f3ber 8-\u00e1n \u00e9s 9-\u00e9n a Budapesti M\u0171szaki \u00e9s Gazdas\u00e1gtudom\u00e1nyi Egyetemen az 56. M\u0171egyetemi \u00c1ll\u00e1sb\u00f6rz\u00e9n, ahov\u00e1 a friss felm\u00e9r\u00e9s szerint a l\u00e1togat\u00f3k 94 sz\u00e1zal\u00e9ka \u00e1ll\u00e1skeres\u00e9s c\u00e9lj\u00e1b\u00f3l megy el, de gyakornoki lehet\u0151s\u00e9gek keres\u00e9se \u00e9s inform\u00e1ci\u00f3gy\u0171jt\u00e9s miatt is sokan jelen lesznek a rendre t\u00edzezreket megmozgat\u00f3 rendezv\u00e9nyen, amelyre ezen a linken lehet regisztr\u00e1lni: <a href=\"https:\/\/www.muegyetemiallasborze.hu\/regisztracio\" target=\"_blank\" rel=\"nofollow noopener noreferrer\">https:\/\/www.muegyetemiallasborze.hu\/regisztracio<\/a>.<\/p>\n<p>Forr\u00e1s: <a href=\"https:\/\/azuzlet.hu\/kiderult-hol-helyezkednenek-el-leginkabb-az-egyetemi-hallgatok\/\" target=\"_blank\" rel=\"nofollow noopener noreferrer\">azuzlet.hu<\/a><\/p>\n","protected":false},"excerpt":{"rendered":"<p>Az egyetemi hallgat\u00f3k k\u00f6r\u00e9ben v\u00e9gzett felm\u00e9r\u00e9sb\u0151l t\u00f6bbek k\u00f6z\u00f6tt az is kider\u00fcl, hogy nagyr\u00e9sz\u00fck el\u00e9gedett a v\u00e1lasztott szakkal, amelyet v\u00e9gez. Az \u00e1ll\u00e1slehet\u0151s\u00e9gek k\u00f6z\u00f6tt t\u00f6bb mint \u00f6tven sz\u00e1zal\u00e9kuk a mag\u00e1nszektort jel\u00f6lte meg. A m\u00e9rn\u00f6ki \u00e9s technol\u00f3giai ipar\u00e1gban helyezkedne el legsz\u00edvesebben az egyetemi hallgat\u00f3k t\u00f6bbs\u00e9ge a diploma megszerz\u00e9se ut\u00e1n, der\u00fclt ki az 56. M\u0171egyetemi \u00c1ll\u00e1sb\u00f6rze szervez\u0151i \u00e1ltal k\u00e9sz\u00edtett [&hellip;]<\/p>\n","protected":false},"author":1,"featured_media":7931,"comment_status":"closed","ping_status":"closed","sticky":false,"template":"","format":"standard","meta":{"_monsterinsights_skip_tracking":false,"footnotes":""},"categories":[200],"tags":[],"class_list":["post-7930","post","type-post","status-publish","format-standard","has-post-thumbnail","hentry","category-munkaeropiac"],"aioseo_notices":[],"aioseo_head":"\n\t\t<!-- All in One SEO 5.0.0.1 - aioseo.com -->\n\t<meta name=\"description\" content=\"Az egyetemi hallgat\u00f3k k\u00f6r\u00e9ben v\u00e9gzett felm\u00e9r\u00e9sb\u0151l t\u00f6bbek k\u00f6z\u00f6tt az is kider\u00fcl, hogy nagyr\u00e9sz\u00fck el\u00e9gedett a v\u00e1lasztott szakkal, amelyet v\u00e9gez.\" \/>\n\t<meta name=\"robots\" content=\"max-image-preview:large\" \/>\n\t<meta name=\"author\" content=\"Juh\u00e1sz P\u00e9ter\"\/>\n\t<link rel=\"canonical\" href=\"https:\/\/allasorias.hu\/hirek\/sokan-szeretnenek-nemzetkozi-cegnel-dolgozni\/\" \/>\n\t<meta name=\"generator\" content=\"All in One SEO (AIOSEO) 5.0.0.1\" \/>\n\t\t<meta property=\"og:locale\" content=\"hu_HU\" \/>\n\t\t<meta property=\"og:site_name\" content=\"AllasOrias.hu | H\u00edrek-lapszemle | \u00dczleti h\u00edrek az \u00e1ll\u00e1s \u00e9s a munka vil\u00e1g\u00e1b\u00f3l\" \/>\n\t\t<meta property=\"og:type\" content=\"article\" \/>\n\t\t<meta property=\"og:title\" content=\"Sokan szeretn\u00e9nek nemzetk\u00f6zi c\u00e9gn\u00e9l dolgozni |\" \/>\n\t\t<meta property=\"og:description\" content=\"Az egyetemi hallgat\u00f3k k\u00f6r\u00e9ben v\u00e9gzett felm\u00e9r\u00e9sb\u0151l t\u00f6bbek k\u00f6z\u00f6tt az is kider\u00fcl, hogy nagyr\u00e9sz\u00fck el\u00e9gedett a v\u00e1lasztott szakkal, amelyet v\u00e9gez.\" \/>\n\t\t<meta property=\"og:url\" content=\"https:\/\/allasorias.hu\/hirek\/sokan-szeretnenek-nemzetkozi-cegnel-dolgozni\/\" \/>\n\t\t<meta property=\"og:image\" content=\"https:\/\/allasorias.hu\/hirek\/wp-content\/uploads\/2024\/10\/egyetemi-felmeres.jpg\" \/>\n\t\t<meta property=\"og:image:secure_url\" content=\"https:\/\/allasorias.hu\/hirek\/wp-content\/uploads\/2024\/10\/egyetemi-felmeres.jpg\" \/>\n\t\t<meta property=\"og:image:width\" content=\"1920\" \/>\n\t\t<meta property=\"og:image:height\" content=\"1536\" \/>\n\t\t<meta property=\"article:published_time\" content=\"2024-10-07T08:43:19+00:00\" \/>\n\t\t<meta property=\"article:modified_time\" content=\"2024-10-07T08:43:19+00:00\" \/>\n\t\t<meta property=\"article:publisher\" content=\"https:\/\/www.facebook.com\/allasorias\" \/>\n\t\t<meta name=\"twitter:card\" content=\"summary_large_image\" \/>\n\t\t<meta name=\"twitter:title\" content=\"Sokan szeretn\u00e9nek nemzetk\u00f6zi c\u00e9gn\u00e9l dolgozni |\" \/>\n\t\t<meta name=\"twitter:description\" content=\"Az egyetemi hallgat\u00f3k k\u00f6r\u00e9ben v\u00e9gzett felm\u00e9r\u00e9sb\u0151l t\u00f6bbek k\u00f6z\u00f6tt az is kider\u00fcl, hogy nagyr\u00e9sz\u00fck el\u00e9gedett a v\u00e1lasztott szakkal, amelyet v\u00e9gez.\" \/>\n\t\t<meta name=\"twitter:image\" content=\"https:\/\/allasorias.hu\/hirek\/wp-content\/uploads\/2024\/10\/egyetemi-felmeres.jpg\" \/>\n\t\t<meta name=\"twitter:label1\" content=\"Written by\" \/>\n\t\t<meta name=\"twitter:data1\" content=\"Juh\u00e1sz P\u00e9ter\" \/>\n\t\t<meta name=\"twitter:label2\" content=\"Est. reading time\" \/>\n\t\t<meta name=\"twitter:data2\" content=\"3 minutes\" \/>\n\t\t<script type=\"application\/ld+json\" class=\"aioseo-schema\">\n\t\t\t{\"@context\":\"https:\\\/\\\/schema.org\",\"@graph\":[{\"@type\":\"Article\",\"@id\":\"https:\\\/\\\/allasorias.hu\\\/hirek\\\/sokan-szeretnenek-nemzetkozi-cegnel-dolgozni\\\/#article\",\"name\":\"Sokan szeretn\\u00e9nek nemzetk\\u00f6zi c\\u00e9gn\\u00e9l dolgozni |\",\"headline\":\"Sokan szeretn\\u00e9nek nemzetk\\u00f6zi c\\u00e9gn\\u00e9l dolgozni\",\"author\":{\"@id\":\"https:\\\/\\\/allasorias.hu\\\/hirek\\\/author\\\/admin-allasorias\\\/#author\"},\"publisher\":{\"@id\":\"https:\\\/\\\/allasorias.hu\\\/hirek\\\/#organization\"},\"image\":{\"@type\":\"ImageObject\",\"url\":\"https:\\\/\\\/allasorias.hu\\\/hirek\\\/wp-content\\\/uploads\\\/2024\\\/10\\\/egyetemi-felmeres.jpg\",\"width\":1920,\"height\":1536,\"caption\":\"Sokan szeretn\\u00e9nek nemzetk\\u00f6zi c\\u00e9gn\\u00e9l dolgozni - Allasorias.hu\\\/Hirek\"},\"datePublished\":\"2024-10-07T10:43:19+02:00\",\"dateModified\":\"2024-10-07T10:43:19+02:00\",\"inLanguage\":\"hu-HU\",\"mainEntityOfPage\":{\"@id\":\"https:\\\/\\\/allasorias.hu\\\/hirek\\\/sokan-szeretnenek-nemzetkozi-cegnel-dolgozni\\\/#webpage\"},\"isPartOf\":{\"@id\":\"https:\\\/\\\/allasorias.hu\\\/hirek\\\/sokan-szeretnenek-nemzetkozi-cegnel-dolgozni\\\/#webpage\"},\"articleSection\":\"Munkaer\\u0151piac\"},{\"@type\":\"BreadcrumbList\",\"@id\":\"https:\\\/\\\/allasorias.hu\\\/hirek\\\/sokan-szeretnenek-nemzetkozi-cegnel-dolgozni\\\/#breadcrumblist\",\"itemListElement\":[{\"@type\":\"ListItem\",\"@id\":\"https:\\\/\\\/allasorias.hu\\\/hirek#listItem\",\"position\":1,\"name\":\"Home\",\"item\":\"https:\\\/\\\/allasorias.hu\\\/hirek\",\"nextItem\":{\"@type\":\"ListItem\",\"@id\":\"https:\\\/\\\/allasorias.hu\\\/hirek\\\/temak\\\/munkaeropiac\\\/#listItem\",\"name\":\"Munkaer\\u0151piac\"}},{\"@type\":\"ListItem\",\"@id\":\"https:\\\/\\\/allasorias.hu\\\/hirek\\\/temak\\\/munkaeropiac\\\/#listItem\",\"position\":2,\"name\":\"Munkaer\\u0151piac\",\"item\":\"https:\\\/\\\/allasorias.hu\\\/hirek\\\/temak\\\/munkaeropiac\\\/\",\"nextItem\":{\"@type\":\"ListItem\",\"@id\":\"https:\\\/\\\/allasorias.hu\\\/hirek\\\/sokan-szeretnenek-nemzetkozi-cegnel-dolgozni\\\/#listItem\",\"name\":\"Sokan szeretn\\u00e9nek nemzetk\\u00f6zi c\\u00e9gn\\u00e9l dolgozni\"},\"previousItem\":{\"@type\":\"ListItem\",\"@id\":\"https:\\\/\\\/allasorias.hu\\\/hirek#listItem\",\"name\":\"Home\"}},{\"@type\":\"ListItem\",\"@id\":\"https:\\\/\\\/allasorias.hu\\\/hirek\\\/sokan-szeretnenek-nemzetkozi-cegnel-dolgozni\\\/#listItem\",\"position\":3,\"name\":\"Sokan szeretn\\u00e9nek nemzetk\\u00f6zi c\\u00e9gn\\u00e9l dolgozni\",\"previousItem\":{\"@type\":\"ListItem\",\"@id\":\"https:\\\/\\\/allasorias.hu\\\/hirek\\\/temak\\\/munkaeropiac\\\/#listItem\",\"name\":\"Munkaer\\u0151piac\"}}]},{\"@type\":\"Organization\",\"@id\":\"https:\\\/\\\/allasorias.hu\\\/hirek\\\/#organization\",\"name\":\"AllasOrias.hu | H\\u00edrek-lapszemle\",\"description\":\"\\u00dczleti h\\u00edrek az \\u00e1ll\\u00e1s \\u00e9s a munka vil\\u00e1g\\u00e1b\\u00f3l\",\"url\":\"https:\\\/\\\/allasorias.hu\\\/hirek\\\/\",\"logo\":{\"@type\":\"ImageObject\",\"url\":\"https:\\\/\\\/allasorias.hu\\\/hirek\\\/wp-content\\\/uploads\\\/2022\\\/10\\\/allasorias_site_facebok_logo.png\",\"@id\":\"https:\\\/\\\/allasorias.hu\\\/hirek\\\/sokan-szeretnenek-nemzetkozi-cegnel-dolgozni\\\/#organizationLogo\"},\"image\":{\"@id\":\"https:\\\/\\\/allasorias.hu\\\/hirek\\\/sokan-szeretnenek-nemzetkozi-cegnel-dolgozni\\\/#organizationLogo\"},\"sameAs\":[\"https:\\\/\\\/www.facebook.com\\\/allasorias\",\"https:\\\/\\\/www.linkedin.com\\\/company\\\/allasorias\"]},{\"@type\":\"Person\",\"@id\":\"https:\\\/\\\/allasorias.hu\\\/hirek\\\/author\\\/admin-allasorias\\\/#author\",\"url\":\"https:\\\/\\\/allasorias.hu\\\/hirek\\\/author\\\/admin-allasorias\\\/\",\"name\":\"Juh\\u00e1sz P\\u00e9ter\",\"image\":{\"@type\":\"ImageObject\",\"@id\":\"https:\\\/\\\/allasorias.hu\\\/hirek\\\/sokan-szeretnenek-nemzetkozi-cegnel-dolgozni\\\/#authorImage\",\"url\":\"https:\\\/\\\/secure.gravatar.com\\\/avatar\\\/36e6bcb83148978b992977cb0f54d22feb0cce8a0a849a9410532bb2623ba4c6?s=96&d=mm&r=g\",\"width\":96,\"height\":96,\"caption\":\"Juh\\u00e1sz P\\u00e9ter\"}},{\"@type\":\"WebPage\",\"@id\":\"https:\\\/\\\/allasorias.hu\\\/hirek\\\/sokan-szeretnenek-nemzetkozi-cegnel-dolgozni\\\/#webpage\",\"url\":\"https:\\\/\\\/allasorias.hu\\\/hirek\\\/sokan-szeretnenek-nemzetkozi-cegnel-dolgozni\\\/\",\"name\":\"Sokan szeretn\\u00e9nek nemzetk\\u00f6zi c\\u00e9gn\\u00e9l dolgozni |\",\"description\":\"Az egyetemi hallgat\\u00f3k k\\u00f6r\\u00e9ben v\\u00e9gzett felm\\u00e9r\\u00e9sb\\u0151l t\\u00f6bbek k\\u00f6z\\u00f6tt az is kider\\u00fcl, hogy nagyr\\u00e9sz\\u00fck el\\u00e9gedett a v\\u00e1lasztott szakkal, amelyet v\\u00e9gez.\",\"inLanguage\":\"hu-HU\",\"isPartOf\":{\"@id\":\"https:\\\/\\\/allasorias.hu\\\/hirek\\\/#website\"},\"breadcrumb\":{\"@id\":\"https:\\\/\\\/allasorias.hu\\\/hirek\\\/sokan-szeretnenek-nemzetkozi-cegnel-dolgozni\\\/#breadcrumblist\"},\"author\":{\"@id\":\"https:\\\/\\\/allasorias.hu\\\/hirek\\\/author\\\/admin-allasorias\\\/#author\"},\"creator\":{\"@id\":\"https:\\\/\\\/allasorias.hu\\\/hirek\\\/author\\\/admin-allasorias\\\/#author\"},\"image\":{\"@type\":\"ImageObject\",\"url\":\"https:\\\/\\\/allasorias.hu\\\/hirek\\\/wp-content\\\/uploads\\\/2024\\\/10\\\/egyetemi-felmeres.jpg\",\"@id\":\"https:\\\/\\\/allasorias.hu\\\/hirek\\\/sokan-szeretnenek-nemzetkozi-cegnel-dolgozni\\\/#mainImage\",\"width\":1920,\"height\":1536,\"caption\":\"Sokan szeretn\\u00e9nek nemzetk\\u00f6zi c\\u00e9gn\\u00e9l dolgozni - Allasorias.hu\\\/Hirek\"},\"primaryImageOfPage\":{\"@id\":\"https:\\\/\\\/allasorias.hu\\\/hirek\\\/sokan-szeretnenek-nemzetkozi-cegnel-dolgozni\\\/#mainImage\"},\"datePublished\":\"2024-10-07T10:43:19+02:00\",\"dateModified\":\"2024-10-07T10:43:19+02:00\"},{\"@type\":\"WebSite\",\"@id\":\"https:\\\/\\\/allasorias.hu\\\/hirek\\\/#website\",\"url\":\"https:\\\/\\\/allasorias.hu\\\/hirek\\\/\",\"name\":\"AllasOrias.hu | H\\u00edrek-lapszemle\",\"description\":\"\\u00dczleti h\\u00edrek az \\u00e1ll\\u00e1s \\u00e9s a munka vil\\u00e1g\\u00e1b\\u00f3l\",\"inLanguage\":\"hu-HU\",\"publisher\":{\"@id\":\"https:\\\/\\\/allasorias.hu\\\/hirek\\\/#organization\"}}]}\n\t\t<\/script>\n\t\t<!-- All in One SEO -->\n\n","aioseo_head_json":{"title":"Sokan szeretn\u00e9nek nemzetk\u00f6zi c\u00e9gn\u00e9l dolgozni |","description":"Az egyetemi hallgat\u00f3k k\u00f6r\u00e9ben v\u00e9gzett felm\u00e9r\u00e9sb\u0151l t\u00f6bbek k\u00f6z\u00f6tt az is kider\u00fcl, hogy nagyr\u00e9sz\u00fck el\u00e9gedett a v\u00e1lasztott szakkal, amelyet v\u00e9gez.","canonical_url":"https:\/\/allasorias.hu\/hirek\/sokan-szeretnenek-nemzetkozi-cegnel-dolgozni\/","robots":"max-image-preview:large","keywords":"","webmasterTools":{"miscellaneous":""},"schema":{"@context":"https:\/\/schema.org","@graph":[{"@type":"Article","@id":"https:\/\/allasorias.hu\/hirek\/sokan-szeretnenek-nemzetkozi-cegnel-dolgozni\/#article","name":"Sokan szeretn\u00e9nek nemzetk\u00f6zi c\u00e9gn\u00e9l dolgozni |","headline":"Sokan szeretn\u00e9nek nemzetk\u00f6zi c\u00e9gn\u00e9l dolgozni","author":{"@id":"https:\/\/allasorias.hu\/hirek\/author\/admin-allasorias\/#author"},"publisher":{"@id":"https:\/\/allasorias.hu\/hirek\/#organization"},"image":{"@type":"ImageObject","url":"https:\/\/allasorias.hu\/hirek\/wp-content\/uploads\/2024\/10\/egyetemi-felmeres.jpg","width":1920,"height":1536,"caption":"Sokan szeretn\u00e9nek nemzetk\u00f6zi c\u00e9gn\u00e9l dolgozni - Allasorias.hu\/Hirek"},"datePublished":"2024-10-07T10:43:19+02:00","dateModified":"2024-10-07T10:43:19+02:00","inLanguage":"hu-HU","mainEntityOfPage":{"@id":"https:\/\/allasorias.hu\/hirek\/sokan-szeretnenek-nemzetkozi-cegnel-dolgozni\/#webpage"},"isPartOf":{"@id":"https:\/\/allasorias.hu\/hirek\/sokan-szeretnenek-nemzetkozi-cegnel-dolgozni\/#webpage"},"articleSection":"Munkaer\u0151piac"},{"@type":"BreadcrumbList","@id":"https:\/\/allasorias.hu\/hirek\/sokan-szeretnenek-nemzetkozi-cegnel-dolgozni\/#breadcrumblist","itemListElement":[{"@type":"ListItem","@id":"https:\/\/allasorias.hu\/hirek#listItem","position":1,"name":"Home","item":"https:\/\/allasorias.hu\/hirek","nextItem":{"@type":"ListItem","@id":"https:\/\/allasorias.hu\/hirek\/temak\/munkaeropiac\/#listItem","name":"Munkaer\u0151piac"}},{"@type":"ListItem","@id":"https:\/\/allasorias.hu\/hirek\/temak\/munkaeropiac\/#listItem","position":2,"name":"Munkaer\u0151piac","item":"https:\/\/allasorias.hu\/hirek\/temak\/munkaeropiac\/","nextItem":{"@type":"ListItem","@id":"https:\/\/allasorias.hu\/hirek\/sokan-szeretnenek-nemzetkozi-cegnel-dolgozni\/#listItem","name":"Sokan szeretn\u00e9nek nemzetk\u00f6zi c\u00e9gn\u00e9l dolgozni"},"previousItem":{"@type":"ListItem","@id":"https:\/\/allasorias.hu\/hirek#listItem","name":"Home"}},{"@type":"ListItem","@id":"https:\/\/allasorias.hu\/hirek\/sokan-szeretnenek-nemzetkozi-cegnel-dolgozni\/#listItem","position":3,"name":"Sokan szeretn\u00e9nek nemzetk\u00f6zi c\u00e9gn\u00e9l dolgozni","previousItem":{"@type":"ListItem","@id":"https:\/\/allasorias.hu\/hirek\/temak\/munkaeropiac\/#listItem","name":"Munkaer\u0151piac"}}]},{"@type":"Organization","@id":"https:\/\/allasorias.hu\/hirek\/#organization","name":"AllasOrias.hu | H\u00edrek-lapszemle","description":"\u00dczleti h\u00edrek az \u00e1ll\u00e1s \u00e9s a munka vil\u00e1g\u00e1b\u00f3l","url":"https:\/\/allasorias.hu\/hirek\/","logo":{"@type":"ImageObject","url":"https:\/\/allasorias.hu\/hirek\/wp-content\/uploads\/2022\/10\/allasorias_site_facebok_logo.png","@id":"https:\/\/allasorias.hu\/hirek\/sokan-szeretnenek-nemzetkozi-cegnel-dolgozni\/#organizationLogo"},"image":{"@id":"https:\/\/allasorias.hu\/hirek\/sokan-szeretnenek-nemzetkozi-cegnel-dolgozni\/#organizationLogo"},"sameAs":["https:\/\/www.facebook.com\/allasorias","https:\/\/www.linkedin.com\/company\/allasorias"]},{"@type":"Person","@id":"https:\/\/allasorias.hu\/hirek\/author\/admin-allasorias\/#author","url":"https:\/\/allasorias.hu\/hirek\/author\/admin-allasorias\/","name":"Juh\u00e1sz P\u00e9ter","image":{"@type":"ImageObject","@id":"https:\/\/allasorias.hu\/hirek\/sokan-szeretnenek-nemzetkozi-cegnel-dolgozni\/#authorImage","url":"https:\/\/secure.gravatar.com\/avatar\/36e6bcb83148978b992977cb0f54d22feb0cce8a0a849a9410532bb2623ba4c6?s=96&d=mm&r=g","width":96,"height":96,"caption":"Juh\u00e1sz P\u00e9ter"}},{"@type":"WebPage","@id":"https:\/\/allasorias.hu\/hirek\/sokan-szeretnenek-nemzetkozi-cegnel-dolgozni\/#webpage","url":"https:\/\/allasorias.hu\/hirek\/sokan-szeretnenek-nemzetkozi-cegnel-dolgozni\/","name":"Sokan szeretn\u00e9nek nemzetk\u00f6zi c\u00e9gn\u00e9l dolgozni |","description":"Az egyetemi hallgat\u00f3k k\u00f6r\u00e9ben v\u00e9gzett felm\u00e9r\u00e9sb\u0151l t\u00f6bbek k\u00f6z\u00f6tt az is kider\u00fcl, hogy nagyr\u00e9sz\u00fck el\u00e9gedett a v\u00e1lasztott szakkal, amelyet v\u00e9gez.","inLanguage":"hu-HU","isPartOf":{"@id":"https:\/\/allasorias.hu\/hirek\/#website"},"breadcrumb":{"@id":"https:\/\/allasorias.hu\/hirek\/sokan-szeretnenek-nemzetkozi-cegnel-dolgozni\/#breadcrumblist"},"author":{"@id":"https:\/\/allasorias.hu\/hirek\/author\/admin-allasorias\/#author"},"creator":{"@id":"https:\/\/allasorias.hu\/hirek\/author\/admin-allasorias\/#author"},"image":{"@type":"ImageObject","url":"https:\/\/allasorias.hu\/hirek\/wp-content\/uploads\/2024\/10\/egyetemi-felmeres.jpg","@id":"https:\/\/allasorias.hu\/hirek\/sokan-szeretnenek-nemzetkozi-cegnel-dolgozni\/#mainImage","width":1920,"height":1536,"caption":"Sokan szeretn\u00e9nek nemzetk\u00f6zi c\u00e9gn\u00e9l dolgozni - Allasorias.hu\/Hirek"},"primaryImageOfPage":{"@id":"https:\/\/allasorias.hu\/hirek\/sokan-szeretnenek-nemzetkozi-cegnel-dolgozni\/#mainImage"},"datePublished":"2024-10-07T10:43:19+02:00","dateModified":"2024-10-07T10:43:19+02:00"},{"@type":"WebSite","@id":"https:\/\/allasorias.hu\/hirek\/#website","url":"https:\/\/allasorias.hu\/hirek\/","name":"AllasOrias.hu | H\u00edrek-lapszemle","description":"\u00dczleti h\u00edrek az \u00e1ll\u00e1s \u00e9s a munka vil\u00e1g\u00e1b\u00f3l","inLanguage":"hu-HU","publisher":{"@id":"https:\/\/allasorias.hu\/hirek\/#organization"}}]},"og:locale":"hu_HU","og:site_name":"AllasOrias.hu | H\u00edrek-lapszemle | \u00dczleti h\u00edrek az \u00e1ll\u00e1s \u00e9s a munka vil\u00e1g\u00e1b\u00f3l","og:type":"article","og:title":"Sokan szeretn\u00e9nek nemzetk\u00f6zi c\u00e9gn\u00e9l dolgozni |","og:description":"Az egyetemi hallgat\u00f3k k\u00f6r\u00e9ben v\u00e9gzett felm\u00e9r\u00e9sb\u0151l t\u00f6bbek k\u00f6z\u00f6tt az is kider\u00fcl, hogy nagyr\u00e9sz\u00fck el\u00e9gedett a v\u00e1lasztott szakkal, amelyet v\u00e9gez.","og:url":"https:\/\/allasorias.hu\/hirek\/sokan-szeretnenek-nemzetkozi-cegnel-dolgozni\/","og:image":"https:\/\/allasorias.hu\/hirek\/wp-content\/uploads\/2024\/10\/egyetemi-felmeres.jpg","og:image:secure_url":"https:\/\/allasorias.hu\/hirek\/wp-content\/uploads\/2024\/10\/egyetemi-felmeres.jpg","og:image:width":1920,"og:image:height":1536,"article:published_time":"2024-10-07T08:43:19+00:00","article:modified_time":"2024-10-07T08:43:19+00:00","article:publisher":"https:\/\/www.facebook.com\/allasorias","twitter:card":"summary_large_image","twitter:title":"Sokan szeretn\u00e9nek nemzetk\u00f6zi c\u00e9gn\u00e9l dolgozni |","twitter:description":"Az egyetemi hallgat\u00f3k k\u00f6r\u00e9ben v\u00e9gzett felm\u00e9r\u00e9sb\u0151l t\u00f6bbek k\u00f6z\u00f6tt az is kider\u00fcl, hogy nagyr\u00e9sz\u00fck el\u00e9gedett a v\u00e1lasztott szakkal, amelyet v\u00e9gez.","twitter:image":"https:\/\/allasorias.hu\/hirek\/wp-content\/uploads\/2024\/10\/egyetemi-felmeres.jpg","twitter:label1":"Written by","twitter:data1":"Juh\u00e1sz P\u00e9ter","twitter:label2":"Est. reading time","twitter:data2":"3 minutes"},"aioseo_meta_data":{"post_id":"7930","title":"#post_title |","description":"Az egyetemi hallgat\u00f3k k\u00f6r\u00e9ben v\u00e9gzett felm\u00e9r\u00e9sb\u0151l t\u00f6bbek k\u00f6z\u00f6tt az is kider\u00fcl, hogy nagyr\u00e9sz\u00fck el\u00e9gedett a v\u00e1lasztott szakkal, amelyet v\u00e9gez.","keywords":null,"keyphrases":{"focus":{"keyphrase":"","score":0,"analysis":{"keyphraseInTitle":{"score":0,"maxScore":9,"error":1}}},"additional":[]},"primary_term":null,"canonical_url":null,"og_title":null,"og_description":null,"og_object_type":"default","og_image_type":"default","og_image_url":null,"og_image_width":null,"og_image_height":null,"og_image_custom_url":null,"og_image_custom_fields":null,"og_video":"","og_custom_url":null,"og_article_section":null,"og_article_tags":null,"twitter_use_og":true,"twitter_card":"default","twitter_image_type":"default","twitter_image_url":null,"twitter_image_custom_url":null,"twitter_image_custom_fields":null,"twitter_title":null,"twitter_description":null,"schema":{"blockGraphs":[],"customGraphs":[],"default":{"data":{"Article":[],"Course":[],"Dataset":[],"FAQPage":[],"Movie":[],"Person":[],"Product":[],"ProductReview":[],"Car":[],"Recipe":[],"Service":[],"SoftwareApplication":[],"WebPage":[]},"graphName":"Article","isEnabled":true},"graphs":[]},"schema_type":"default","schema_type_options":null,"pillar_content":false,"robots_default":true,"robots_noindex":false,"robots_noarchive":false,"robots_nosnippet":false,"robots_nofollow":false,"robots_noimageindex":false,"robots_noodp":false,"robots_notranslate":false,"robots_max_snippet":"-1","robots_max_videopreview":"-1","robots_max_imagepreview":"large","priority":null,"frequency":"default","location":null,"local_seo":null,"breadcrumb_settings":null,"limit_modified_date":false,"ai":null,"created":"2024-10-07 08:10:21","updated":"2025-10-02 20:27:18","seo_analyzer_scan_date":null,"focus_keyword":null,"additional_keywords":null,"truseo_locale":null},"aioseo_breadcrumb":"<div class=\"aioseo-breadcrumbs\"><span class=\"aioseo-breadcrumb\">\n\t\t\t<a href=\"https:\/\/allasorias.hu\/hirek\" title=\"Home\">Home<\/a>\n\t\t<\/span><span class=\"aioseo-breadcrumb-separator\">&raquo;<\/span><span class=\"aioseo-breadcrumb\">\n\t\t\t<a href=\"https:\/\/allasorias.hu\/hirek\/temak\/munkaeropiac\/\" title=\"Munkaer\u0151piac\">Munkaer\u0151piac<\/a>\n\t\t<\/span><span class=\"aioseo-breadcrumb-separator\">&raquo;<\/span><span class=\"aioseo-breadcrumb\">\n\t\t\tSokan szeretn\u00e9nek nemzetk\u00f6zi c\u00e9gn\u00e9l dolgozni\n\t\t<\/span><\/div>","aioseo_breadcrumb_json":[{"label":"Home","link":"https:\/\/allasorias.hu\/hirek"},{"label":"Munkaer\u0151piac","link":"https:\/\/allasorias.hu\/hirek\/temak\/munkaeropiac\/"},{"label":"Sokan szeretn\u00e9nek nemzetk\u00f6zi c\u00e9gn\u00e9l dolgozni","link":"https:\/\/allasorias.hu\/hirek\/sokan-szeretnenek-nemzetkozi-cegnel-dolgozni\/"}],"_links":{"self":[{"href":"https:\/\/allasorias.hu\/hirek\/wp-json\/wp\/v2\/posts\/7930","targetHints":{"allow":["GET"]}}],"collection":[{"href":"https:\/\/allasorias.hu\/hirek\/wp-json\/wp\/v2\/posts"}],"about":[{"href":"https:\/\/allasorias.hu\/hirek\/wp-json\/wp\/v2\/types\/post"}],"author":[{"embeddable":true,"href":"https:\/\/allasorias.hu\/hirek\/wp-json\/wp\/v2\/users\/1"}],"replies":[{"embeddable":true,"href":"https:\/\/allasorias.hu\/hirek\/wp-json\/wp\/v2\/comments?post=7930"}],"version-history":[{"count":1,"href":"https:\/\/allasorias.hu\/hirek\/wp-json\/wp\/v2\/posts\/7930\/revisions"}],"predecessor-version":[{"id":7932,"href":"https:\/\/allasorias.hu\/hirek\/wp-json\/wp\/v2\/posts\/7930\/revisions\/7932"}],"wp:featuredmedia":[{"embeddable":true,"href":"https:\/\/allasorias.hu\/hirek\/wp-json\/wp\/v2\/media\/7931"}],"wp:attachment":[{"href":"https:\/\/allasorias.hu\/hirek\/wp-json\/wp\/v2\/media?parent=7930"}],"wp:term":[{"taxonomy":"category","embeddable":true,"href":"https:\/\/allasorias.hu\/hirek\/wp-json\/wp\/v2\/categories?post=7930"},{"taxonomy":"post_tag","embeddable":true,"href":"https:\/\/allasorias.hu\/hirek\/wp-json\/wp\/v2\/tags?post=7930"}],"curies":[{"name":"wp","href":"https:\/\/api.w.org\/{rel}","templated":true}]}}