{"id":7912,"date":"2024-10-01T13:18:45","date_gmt":"2024-10-01T11:18:45","guid":{"rendered":"https:\/\/allasorias.hu\/hirek\/?p=7912"},"modified":"2024-10-01T13:28:27","modified_gmt":"2024-10-01T11:28:27","slug":"uj-karrierutakat-epitenek-a-fiatalok","status":"publish","type":"post","link":"https:\/\/allasorias.hu\/hirek\/uj-karrierutakat-epitenek-a-fiatalok\/","title":{"rendered":"\u00daj karrierutakat \u00e9p\u00edtenek a fiatalok"},"content":{"rendered":"<p><strong>A fiataloknak a munka vil\u00e1g\u00e1ban fontos a szabads\u00e1g, az \u00f6n\u00e1ll\u00f3 \u00fat, ez\u00e9rt nem felt\u00e9tlen\u00fcl szeretik r\u00f6gh\u00f6z k\u00f6tni magukat. Tudatosan hat\u00e1rozz\u00e1k meg a munk\u00e1val kapcsolatos elv\u00e1r\u00e1saikat.<\/strong><\/p>\n<p>A digit\u00e1lis bennsz\u00fcl\u00f6ttek olyan gener\u00e1ci\u00f3t k\u00e9pviselnek, amely tagjai m\u00e1r az internet vil\u00e1g\u00e1ba sz\u00fclettek \u00e9s ebben a k\u00f6rnyezetben n\u0151ttek fel. Egyre t\u00f6bb fiatal akn\u00e1zza ki a k\u00f6z\u00f6ss\u00e9gi m\u00e9dia \u00e9s az online piacterek \u00e1ltal k\u00edn\u00e1lt lehet\u0151s\u00e9geket, amely egyszer\u0171bb\u00e9 teszik a bel\u00e9p\u00e9st a v\u00e1llalkoz\u00f3i vil\u00e1gba is.Ennek eredm\u00e9nyek\u00e9nt a fiatalok m\u00e1r nem csup\u00e1n hagyom\u00e1nyos v\u00e1llalkoz\u00f3i szerepk\u00f6r\u00f6kben jelenhetnek meg, hanem \u00faj karrierutakat is ki\u00e9p\u00edthetnek, p\u00e9ld\u00e1ul tartalomk\u00e9sz\u00edt\u0151k\u00e9nt vagy influencerk\u00e9nt, akik saj\u00e1t m\u00e1rk\u00e1ikat \u00f6n\u00e1ll\u00f3an menedzselik.<\/p>\n<p>Azok a Z gener\u00e1ci\u00f3s fiatalok, akik saj\u00e1t v\u00e1llalkoz\u00e1sba kezdenek, olyan \u00e9letm\u00f3dot alak\u00edtanak ki, amely nagyobb rugalmass\u00e1got \u00e9s szabads\u00e1got biztos\u00edt. A fiatal v\u00e1llalkoz\u00f3k gyakran nem a hagyom\u00e1nyos munkaid\u0151ben dolgoznak, \u00e9s el\u0151nyben r\u00e9szes\u00edtik a digit\u00e1lis technol\u00f3gi\u00e1k haszn\u00e1lat\u00e1b\u00f3l ered\u0151 mobilit\u00e1st \u00e9s rugalmass\u00e1got. Ez a gener\u00e1ci\u00f3 saj\u00e1t kez\u00e9be veszi a karrierje ir\u00e1ny\u00edt\u00e1s\u00e1t, \u00e9s olyan munkak\u00f6rnyezetet teremt, amely jobban megfelel az \u00e9letst\u00edlusuknak \u00e9s az \u00e9rt\u00e9krendj\u00fcknek. Ennek a koroszt\u00e1lynak kiemelten fontos az \u00f6n\u00e1ll\u00f3s\u00e1g \u00e9s az auton\u00f3mia mind a mag\u00e1n\u00e9letben, mind a karrierben.<\/p>\n<p><strong>V\u00e1llalkoz\u00f3i amb\u00edci\u00f3k \u00e9s t\u00e1rsadalmi felel\u0151ss\u00e9gv\u00e1llal\u00e1s<\/strong><\/p>\n<p>Ez a gener\u00e1ci\u00f3 er\u0151sen t\u00f6rekszik a f\u00fcggetlens\u00e9gre, amely sok esetben saj\u00e1t v\u00e1llalkoz\u00e1s ind\u00edt\u00e1s\u00e1ban nyilv\u00e1nul meg &#8211; nem akarnak egy nagyv\u00e1llalat alkalmazottjak\u00e9nt dolgozni. Az Entrepreneur m\u00e1r egy 2018-as jelent\u00e9s\u00e9ben r\u00e1mutatott, hogy a Z gener\u00e1ci\u00f3 tagjainak 41 sz\u00e1zal\u00e9ka tervezi saj\u00e1t v\u00e1llalkoz\u00e1st ind\u00edt\u00e1s\u00e1t, ami j\u00f3l t\u00fckr\u00f6zi a kreat\u00edv szabads\u00e1g \u00e9s az \u00f6n\u00e1ll\u00f3s\u00e1g ir\u00e1nti v\u00e1gyukat. A Square 2023-as kutat\u00e1sa alapj\u00e1n, amelyben 250 fiatal amerikai v\u00e1llalkoz\u00f3t k\u00e9rdeztek meg, ez az ar\u00e1ny m\u00e1r 84 sz\u00e1zal\u00e9k volt &#8211; t\u00fckr\u00f6zve a v\u00e1llalkoz\u00f3i szellem n\u00f6vekv\u0151 jelent\u0151s\u00e9g\u00e9t a gener\u00e1ci\u00f3 tagjai k\u00f6z\u00f6tt. Ez az 1995 \u00e9s 2009 k\u00f6z\u00f6tt sz\u00fcletett nemzed\u00e9k er\u0151teljesen elk\u00f6telezett a t\u00e1rsadalmi es\u00e9lyegyenl\u0151s\u00e9g, \u00e9s a k\u00f6rnyezeti fenntarthat\u00f3s\u00e1g mellett.<\/p>\n<p>Az akt\u00edv ki\u00e1ll\u00e1s \u00e9rt\u00e9keik mellett &#8211; legyen az az online vagy az offline t\u00e9rben &#8211; kiemelt szerepet j\u00e1tszik az \u00e9let\u00fckben, \u00e9s gyakran tesznek val\u00f3s l\u00e9p\u00e9seket az \u00e1ltaluk fontosnak tartott \u00fcgyek t\u00e1mogat\u00e1sa \u00e9rdek\u00e9ben. Ez a tudatoss\u00e1g meghat\u00e1rozza fogyaszt\u00e1si szok\u00e1saikat is, hiszen el\u0151nyben r\u00e9szes\u00edtik azokat a m\u00e1rk\u00e1kat, amelyek val\u00f3di elk\u00f6telezetts\u00e9get mutatnak a t\u00e1rsadalmi \u00e9s k\u00f6rnyezeti felel\u0151ss\u00e9gv\u00e1llal\u00e1s ir\u00e1nt. A Z gener\u00e1ci\u00f3 sz\u00e1m\u00e1ra rendk\u00edv\u00fcl fontos a munka \u00e9s a mag\u00e1n\u00e9let egyens\u00falya. A hagyom\u00e1nyos, 9-t\u0151l 5-ig tart\u00f3 munkaid\u0151 sokuk sz\u00e1m\u00e1ra nem vonz\u00f3, helyette ink\u00e1bb a rugalmas munkaid\u0151vel j\u00e1r\u00f3 lehet\u0151s\u00e9geket keresik. Egy saj\u00e1t v\u00e1llalkoz\u00e1s ind\u00edt\u00e1sa lehet\u0151v\u00e9 teszi sz\u00e1mukra, hogy saj\u00e1t id\u0151beoszt\u00e1suk szerint dolgozzanak, ami jobban illeszkedik az \u00e9letm\u00f3djukhoz \u00e9s a szem\u00e9lyes priorit\u00e1sokhoz.<\/p>\n<p>A digit\u00e1lis technol\u00f3gi\u00e1k gyors fejl\u0151d\u00e9se \u00e9s az online platformok el\u00e9rhet\u0151s\u00e9ge megk\u00f6nny\u00edtette a v\u00e1llalkoz\u00e1s ind\u00edt\u00e1s\u00e1t \u00e9s m\u0171k\u00f6dtet\u00e9s\u00e9t. Az e-kereskedelem, a k\u00f6z\u00f6ss\u00e9gi m\u00e9dia \u00e9s a digit\u00e1lis marketing eszk\u00f6z\u00f6k mind hozz\u00e1j\u00e1rultak ahhoz, hogy a Z gener\u00e1ci\u00f3 tagjai egyszer\u0171bben \u00e9s alacsonyabb k\u00f6lts\u00e9ggel tudjanak bel\u00e9pni a v\u00e1llalkoz\u00f3i vil\u00e1gba. A fiatalok k\u00e9pesek kihaszn\u00e1lni ezeket az eszk\u00f6z\u00f6ket \u00fagy, hogy glob\u00e1lis piacokat \u00e9rjenek el an\u00e9lk\u00fcl, hogy jelent\u0151s t\u0151k\u00e9t kellene befektetni\u00fck. A k\u00f6z\u00f6ss\u00e9gi m\u00e9di\u00e1n kereszt\u00fcl a Z gener\u00e1ci\u00f3 tagjai rengeteg inspir\u00e1ci\u00f3t mer\u00edthetnek kort\u00e1rsaikt\u00f3l, akik m\u00e1r fiatalon jelent\u0151s sikereket \u00e9rtek el v\u00e1llalkoz\u00f3k\u00e9nt.<\/p>\n<p>Ezek az influencerek nemcsak motiv\u00e1lj\u00e1k a fiatalokat, hanem gyakorlati tan\u00e1csokkal is ell\u00e1tj\u00e1k \u0151ket, ami m\u00e9g ink\u00e1bb \u00f6szt\u00f6nzi a v\u00e1llalkoz\u00f3i szellem kialakul\u00e1s\u00e1t. A sikeres p\u00e9ldak\u00e9pek t\u00f6rt\u00e9netei azt a hitet er\u0151s\u00edtik benn\u00fck, hogy a v\u00e1llalkoz\u00e1sind\u00edt\u00e1s nem csup\u00e1n lehets\u00e9ges, hanem el\u00e9rhet\u0151 c\u00e9l is. A gazdas\u00e1gi bizonytalans\u00e1g, amelyet a Z gener\u00e1ci\u00f3 sz\u00e1mos tagja megtapasztalt, k\u00fcl\u00f6n\u00f6sen a COVID-19 vil\u00e1gj\u00e1rv\u00e1ny alatt, arra \u00f6szt\u00f6n\u00f6zte ennek a koroszt\u00e1lynak a tagjait, hogy alternat\u00edv meg\u00e9lhet\u00e9si forr\u00e1sokat keressenek. Egy saj\u00e1t v\u00e1llalkoz\u00e1s ind\u00edt\u00e1sa sokak sz\u00e1m\u00e1ra biztos\u00edt lehet\u0151s\u00e9get arra, hogy a bizonytalan munkaer\u0151-piaci k\u00f6rnyezetben is stabil maradjon a p\u00e9nz\u00fcgyi helyzet\u00fck.<\/p>\n<p>Az ilyen bizonytalans\u00e1g gyakran meger\u0151s\u00edti benn\u00fck azt az ig\u00e9nyt, hogy saj\u00e1t kez\u00fckbe vegy\u00e9k j\u00f6vedelm\u00fck alakul\u00e1s\u00e1t. Sok fiatal v\u00e1llalkoz\u00f3 nemcsak a profitot tekinti els\u0151dleges c\u00e9lnak, hanem azt is, hogy v\u00e1llalkoz\u00e1sukkal pozit\u00edv t\u00e1rsadalmi hat\u00e1st \u00e9rjenek el. Ez a c\u00e9lvez\u00e9relt v\u00e1llalkoz\u00f3i szellem nemcsak innov\u00e1ci\u00f3t, hanem jelent\u0151s t\u00e1rsadalmi v\u00e1ltoz\u00e1sokat is hozhat.<\/p>\n<p><strong>Az Alfa gener\u00e1ci\u00f3 j\u00f6v\u0151k\u00e9pe<\/strong><\/p>\n<p>Az ilyen v\u00e1llalkoz\u00e1sok ir\u00e1nti v\u00e1gy k\u00fcl\u00f6n\u00f6sen er\u0151s a Z gener\u00e1ci\u00f3 k\u00f6r\u00e9ben, akik sz\u00edvesen v\u00e1llalj\u00e1k a felel\u0151ss\u00e9get a vil\u00e1g jobb\u00e1 t\u00e9tel\u00e9\u00e9rt. A Visa \u00faj kutat\u00e1sa szerint az Alfa gener\u00e1ci\u00f3s (2010 \u00e9s 2025 k\u00f6z\u00f6tt sz\u00fcletett) gyermekek munk\u00e1val kapcsolatos elk\u00e9pzel\u00e9sei radik\u00e1lisan elt\u00e9rnek a jelenlegi norm\u00e1kt\u00f3l. A 2023. augusztus 16-20. k\u00f6z\u00f6tt v\u00e9gzett kutat\u00e1sban 550 8 \u00e9s 14 \u00e9v k\u00f6z\u00f6tti magyar gyermek vett r\u00e9szt. Az adatokat egy online felm\u00e9r\u00e9s seg\u00edts\u00e9g\u00e9vel gy\u0171jt\u00f6tt\u00e9k \u00f6ssze Magyarorsz\u00e1gon. A kutat\u00e1sb\u00f3l kider\u00fclt, hogy a Magyarorsz\u00e1gon megk\u00e9rdezett gyerekek 79 sz\u00e1zal\u00e9ka ink\u00e1bb saj\u00e1t maga f\u0151n\u00f6kek\u00e9nt, vagy mell\u00e9k\u00e1ll\u00e1sban v\u00e1llalkoz\u00f3k\u00e9nt k\u00e9pzeli el a j\u00f6v\u0151j\u00e9t, \u00e9s mind\u00f6ssze 6 sz\u00e1zal\u00e9kuk szeretne alkalmazottk\u00e9nt dolgozni.<\/p>\n<p>A kutat\u00e1s azt is kimutatta, hogy az Alfa gener\u00e1ci\u00f3 kapcsolata a technol\u00f3gi\u00e1val rendk\u00edv\u00fcl er\u0151s: a 8-14 \u00e9ves magyar gyerekek t\u00f6bb mint fele (55%) keresett p\u00e9nzt az elm\u00falt \u00e9vben, \u00e9s ebb\u0151l 66 sz\u00e1zal\u00e9k valamilyen technol\u00f3giai eszk\u00f6z seg\u00edts\u00e9g\u00e9vel tette ezt. Ez a gener\u00e1ci\u00f3 m\u00e1r most is digit\u00e1lis tartalomk\u00e9sz\u00edt\u0151kt\u0151l tanul p\u00e9nzt keresni, hat\u00e1suk a munkaer\u0151piacra v\u00e1rhat\u00f3an m\u00e9g nagyobb, mint a megel\u0151z\u0151 Z gener\u00e1ci\u00f3\u00e9, amikor n\u00e9h\u00e1ny \u00e9ven bel\u00fcl dolgozni kezdenek. Az Alfa gener\u00e1ci\u00f3 sz\u00e1m\u00e1ra a technol\u00f3gia k\u00f6zponti szerepet j\u00e1tszik a munk\u00e1val kapcsolatos elk\u00e9pzel\u00e9seikben.<\/p>\n<p>A Visa kutat\u00e1sa szerint a 14 \u00e9vesek negyede \u00fagy v\u00e9li, hogy a mesters\u00e9ges intelligencia seg\u00edteni fogja \u0151ket j\u00f6v\u0151beli munk\u00e1juk sor\u00e1n. Emellett egyre jobban \u00e9rdekl\u0151dnek a digitaliz\u00e1ci\u00f3 ir\u00e1nt, \u00e9s a z\u00f6ldebb, fenntarthat\u00f3bb j\u00f6v\u0151 fel\u00e9 mutat\u00f3 trendekhez is hozz\u00e1j\u00e1rulnak azzal, hogy online \u00e9rt\u00e9kes\u00edt\u00e9sb\u0151l szerzik j\u00f6vedelm\u00fcket.<\/p>\n<p>Azt, hogy az Alfa gener\u00e1ci\u00f3 viszonya a munk\u00e1hoz \u00e9s a vil\u00e1ghoz mennyire k\u00fcl\u00f6nb\u00f6zik az el\u0151z\u0151 nemzed\u00e9kek\u00e9t\u0151l, mi sem bizony\u00edtja jobban, mint arra a feladatra adott megold\u00e1saik, hogy tal\u00e1ljanak ki olyan innov\u00e1ci\u00f3kat, amelyek megk\u00f6nny\u00edthetik feln\u0151tt \u00e9let\u00fcket. A kutat\u00e1s eredm\u00e9nyei alapj\u00e1n elmondhat\u00f3, hogy az Alfa gener\u00e1ci\u00f3 teljesen \u00e1talak\u00edtja majd a v\u00e1llalkoz\u00e1sok m\u0171k\u00f6d\u00e9s\u00e9t is, a technol\u00f3giai<\/p>\n<p>Forr\u00e1s: <a href=\"https:\/\/www.computertrends.hu\/cwprint\/miert-dont-egyre-tobb-fiatal-a-vallalkozas-mellett-359984.html\" target=\"_blank\" rel=\"nofollow noopener noreferrer\">computertrends.hu<\/a><\/p>\n","protected":false},"excerpt":{"rendered":"<p>A fiataloknak a munka vil\u00e1g\u00e1ban fontos a szabads\u00e1g, az \u00f6n\u00e1ll\u00f3 \u00fat, ez\u00e9rt nem felt\u00e9tlen\u00fcl szeretik r\u00f6gh\u00f6z k\u00f6tni magukat. Tudatosan hat\u00e1rozz\u00e1k meg a munk\u00e1val kapcsolatos elv\u00e1r\u00e1saikat. A digit\u00e1lis bennsz\u00fcl\u00f6ttek olyan gener\u00e1ci\u00f3t k\u00e9pviselnek, amely tagjai m\u00e1r az internet vil\u00e1g\u00e1ba sz\u00fclettek \u00e9s ebben a k\u00f6rnyezetben n\u0151ttek fel. Egyre t\u00f6bb fiatal akn\u00e1zza ki a k\u00f6z\u00f6ss\u00e9gi m\u00e9dia \u00e9s az online [&hellip;]<\/p>\n","protected":false},"author":1,"featured_media":7913,"comment_status":"closed","ping_status":"closed","sticky":false,"template":"","format":"standard","meta":{"_monsterinsights_skip_tracking":false,"footnotes":""},"categories":[200],"tags":[650,221,581],"class_list":["post-7912","post","type-post","status-publish","format-standard","has-post-thumbnail","hentry","category-munkaeropiac","tag-alfa-generacio","tag-fiatalok","tag-z-generacio"],"aioseo_notices":[],"aioseo_head":"\n\t\t<!-- All in One SEO 5.0.0.1 - aioseo.com -->\n\t<meta name=\"description\" content=\"A fiataloknak a munka vil\u00e1g\u00e1ban fontos a szabads\u00e1g, az \u00f6n\u00e1ll\u00f3 \u00fat, ez\u00e9rt nem felt\u00e9tlen\u00fcl szeretik r\u00f6gh\u00f6z k\u00f6tni magukat. Tudatosan hat\u00e1rozz\u00e1k meg az elv\u00e1r\u00e1saikat.\" \/>\n\t<meta name=\"robots\" content=\"max-image-preview:large\" \/>\n\t<meta name=\"author\" content=\"Juh\u00e1sz P\u00e9ter\"\/>\n\t<meta name=\"keywords\" content=\"alfa gener\u00e1ci\u00f3,fiatalok,z gener\u00e1ci\u00f3\" \/>\n\t<link rel=\"canonical\" href=\"https:\/\/allasorias.hu\/hirek\/uj-karrierutakat-epitenek-a-fiatalok\/\" \/>\n\t<meta name=\"generator\" content=\"All in One SEO (AIOSEO) 5.0.0.1\" \/>\n\t\t<meta property=\"og:locale\" content=\"hu_HU\" \/>\n\t\t<meta property=\"og:site_name\" content=\"AllasOrias.hu | H\u00edrek-lapszemle | \u00dczleti h\u00edrek az \u00e1ll\u00e1s \u00e9s a munka vil\u00e1g\u00e1b\u00f3l\" \/>\n\t\t<meta property=\"og:type\" content=\"article\" \/>\n\t\t<meta property=\"og:title\" content=\"\u00daj karrierutakat \u00e9p\u00edtenek a fiatalok |\" \/>\n\t\t<meta property=\"og:description\" content=\"A fiataloknak a munka vil\u00e1g\u00e1ban fontos a szabads\u00e1g, az \u00f6n\u00e1ll\u00f3 \u00fat, ez\u00e9rt nem felt\u00e9tlen\u00fcl szeretik r\u00f6gh\u00f6z k\u00f6tni magukat. Tudatosan hat\u00e1rozz\u00e1k meg az elv\u00e1r\u00e1saikat.\" \/>\n\t\t<meta property=\"og:url\" content=\"https:\/\/allasorias.hu\/hirek\/uj-karrierutakat-epitenek-a-fiatalok\/\" \/>\n\t\t<meta property=\"og:image\" content=\"https:\/\/allasorias.hu\/hirek\/wp-content\/uploads\/2024\/10\/fiatal-vallalkozok.jpg\" \/>\n\t\t<meta property=\"og:image:secure_url\" content=\"https:\/\/allasorias.hu\/hirek\/wp-content\/uploads\/2024\/10\/fiatal-vallalkozok.jpg\" \/>\n\t\t<meta property=\"og:image:width\" content=\"1920\" \/>\n\t\t<meta property=\"og:image:height\" content=\"1280\" \/>\n\t\t<meta property=\"article:published_time\" content=\"2024-10-01T11:18:45+00:00\" \/>\n\t\t<meta property=\"article:modified_time\" content=\"2024-10-01T11:28:27+00:00\" \/>\n\t\t<meta property=\"article:publisher\" content=\"https:\/\/www.facebook.com\/allasorias\" \/>\n\t\t<meta name=\"twitter:card\" content=\"summary_large_image\" \/>\n\t\t<meta name=\"twitter:title\" content=\"\u00daj karrierutakat \u00e9p\u00edtenek a fiatalok |\" \/>\n\t\t<meta name=\"twitter:description\" content=\"A fiataloknak a munka vil\u00e1g\u00e1ban fontos a szabads\u00e1g, az \u00f6n\u00e1ll\u00f3 \u00fat, ez\u00e9rt nem felt\u00e9tlen\u00fcl szeretik r\u00f6gh\u00f6z k\u00f6tni magukat. Tudatosan hat\u00e1rozz\u00e1k meg az elv\u00e1r\u00e1saikat.\" \/>\n\t\t<meta name=\"twitter:image\" content=\"https:\/\/allasorias.hu\/hirek\/wp-content\/uploads\/2024\/10\/fiatal-vallalkozok.jpg\" \/>\n\t\t<meta name=\"twitter:label1\" content=\"Written by\" \/>\n\t\t<meta name=\"twitter:data1\" content=\"Juh\u00e1sz P\u00e9ter\" \/>\n\t\t<meta name=\"twitter:label2\" content=\"Est. reading time\" \/>\n\t\t<meta name=\"twitter:data2\" content=\"7 minutes\" \/>\n\t\t<script type=\"application\/ld+json\" class=\"aioseo-schema\">\n\t\t\t{\"@context\":\"https:\\\/\\\/schema.org\",\"@graph\":[{\"@type\":\"Article\",\"@id\":\"https:\\\/\\\/allasorias.hu\\\/hirek\\\/uj-karrierutakat-epitenek-a-fiatalok\\\/#article\",\"name\":\"\\u00daj karrierutakat \\u00e9p\\u00edtenek a fiatalok |\",\"headline\":\"\\u00daj karrierutakat \\u00e9p\\u00edtenek a fiatalok\",\"author\":{\"@id\":\"https:\\\/\\\/allasorias.hu\\\/hirek\\\/author\\\/admin-allasorias\\\/#author\"},\"publisher\":{\"@id\":\"https:\\\/\\\/allasorias.hu\\\/hirek\\\/#organization\"},\"image\":{\"@type\":\"ImageObject\",\"url\":\"https:\\\/\\\/allasorias.hu\\\/hirek\\\/wp-content\\\/uploads\\\/2024\\\/10\\\/fiatal-vallalkozok.jpg\",\"width\":1920,\"height\":1280,\"caption\":\"\\u00daj karrierutakat \\u00e9p\\u00edtenek a fiatalok - Allasorias.hu\\\/Hirek\"},\"datePublished\":\"2024-10-01T13:18:45+02:00\",\"dateModified\":\"2024-10-01T13:28:27+02:00\",\"inLanguage\":\"hu-HU\",\"mainEntityOfPage\":{\"@id\":\"https:\\\/\\\/allasorias.hu\\\/hirek\\\/uj-karrierutakat-epitenek-a-fiatalok\\\/#webpage\"},\"isPartOf\":{\"@id\":\"https:\\\/\\\/allasorias.hu\\\/hirek\\\/uj-karrierutakat-epitenek-a-fiatalok\\\/#webpage\"},\"articleSection\":\"Munkaer\\u0151piac, alfa gener\\u00e1ci\\u00f3, fiatalok, Z gener\\u00e1ci\\u00f3\"},{\"@type\":\"BreadcrumbList\",\"@id\":\"https:\\\/\\\/allasorias.hu\\\/hirek\\\/uj-karrierutakat-epitenek-a-fiatalok\\\/#breadcrumblist\",\"itemListElement\":[{\"@type\":\"ListItem\",\"@id\":\"https:\\\/\\\/allasorias.hu\\\/hirek#listItem\",\"position\":1,\"name\":\"Home\",\"item\":\"https:\\\/\\\/allasorias.hu\\\/hirek\",\"nextItem\":{\"@type\":\"ListItem\",\"@id\":\"https:\\\/\\\/allasorias.hu\\\/hirek\\\/temak\\\/munkaeropiac\\\/#listItem\",\"name\":\"Munkaer\\u0151piac\"}},{\"@type\":\"ListItem\",\"@id\":\"https:\\\/\\\/allasorias.hu\\\/hirek\\\/temak\\\/munkaeropiac\\\/#listItem\",\"position\":2,\"name\":\"Munkaer\\u0151piac\",\"item\":\"https:\\\/\\\/allasorias.hu\\\/hirek\\\/temak\\\/munkaeropiac\\\/\",\"nextItem\":{\"@type\":\"ListItem\",\"@id\":\"https:\\\/\\\/allasorias.hu\\\/hirek\\\/uj-karrierutakat-epitenek-a-fiatalok\\\/#listItem\",\"name\":\"\\u00daj karrierutakat \\u00e9p\\u00edtenek a fiatalok\"},\"previousItem\":{\"@type\":\"ListItem\",\"@id\":\"https:\\\/\\\/allasorias.hu\\\/hirek#listItem\",\"name\":\"Home\"}},{\"@type\":\"ListItem\",\"@id\":\"https:\\\/\\\/allasorias.hu\\\/hirek\\\/uj-karrierutakat-epitenek-a-fiatalok\\\/#listItem\",\"position\":3,\"name\":\"\\u00daj karrierutakat \\u00e9p\\u00edtenek a fiatalok\",\"previousItem\":{\"@type\":\"ListItem\",\"@id\":\"https:\\\/\\\/allasorias.hu\\\/hirek\\\/temak\\\/munkaeropiac\\\/#listItem\",\"name\":\"Munkaer\\u0151piac\"}}]},{\"@type\":\"Organization\",\"@id\":\"https:\\\/\\\/allasorias.hu\\\/hirek\\\/#organization\",\"name\":\"AllasOrias.hu | H\\u00edrek-lapszemle\",\"description\":\"\\u00dczleti h\\u00edrek az \\u00e1ll\\u00e1s \\u00e9s a munka vil\\u00e1g\\u00e1b\\u00f3l\",\"url\":\"https:\\\/\\\/allasorias.hu\\\/hirek\\\/\",\"logo\":{\"@type\":\"ImageObject\",\"url\":\"https:\\\/\\\/allasorias.hu\\\/hirek\\\/wp-content\\\/uploads\\\/2022\\\/10\\\/allasorias_site_facebok_logo.png\",\"@id\":\"https:\\\/\\\/allasorias.hu\\\/hirek\\\/uj-karrierutakat-epitenek-a-fiatalok\\\/#organizationLogo\"},\"image\":{\"@id\":\"https:\\\/\\\/allasorias.hu\\\/hirek\\\/uj-karrierutakat-epitenek-a-fiatalok\\\/#organizationLogo\"},\"sameAs\":[\"https:\\\/\\\/www.facebook.com\\\/allasorias\",\"https:\\\/\\\/www.linkedin.com\\\/company\\\/allasorias\"]},{\"@type\":\"Person\",\"@id\":\"https:\\\/\\\/allasorias.hu\\\/hirek\\\/author\\\/admin-allasorias\\\/#author\",\"url\":\"https:\\\/\\\/allasorias.hu\\\/hirek\\\/author\\\/admin-allasorias\\\/\",\"name\":\"Juh\\u00e1sz P\\u00e9ter\",\"image\":{\"@type\":\"ImageObject\",\"@id\":\"https:\\\/\\\/allasorias.hu\\\/hirek\\\/uj-karrierutakat-epitenek-a-fiatalok\\\/#authorImage\",\"url\":\"https:\\\/\\\/secure.gravatar.com\\\/avatar\\\/36e6bcb83148978b992977cb0f54d22feb0cce8a0a849a9410532bb2623ba4c6?s=96&d=mm&r=g\",\"width\":96,\"height\":96,\"caption\":\"Juh\\u00e1sz P\\u00e9ter\"}},{\"@type\":\"WebPage\",\"@id\":\"https:\\\/\\\/allasorias.hu\\\/hirek\\\/uj-karrierutakat-epitenek-a-fiatalok\\\/#webpage\",\"url\":\"https:\\\/\\\/allasorias.hu\\\/hirek\\\/uj-karrierutakat-epitenek-a-fiatalok\\\/\",\"name\":\"\\u00daj karrierutakat \\u00e9p\\u00edtenek a fiatalok |\",\"description\":\"A fiataloknak a munka vil\\u00e1g\\u00e1ban fontos a szabads\\u00e1g, az \\u00f6n\\u00e1ll\\u00f3 \\u00fat, ez\\u00e9rt nem felt\\u00e9tlen\\u00fcl szeretik r\\u00f6gh\\u00f6z k\\u00f6tni magukat. Tudatosan hat\\u00e1rozz\\u00e1k meg az elv\\u00e1r\\u00e1saikat.\",\"inLanguage\":\"hu-HU\",\"isPartOf\":{\"@id\":\"https:\\\/\\\/allasorias.hu\\\/hirek\\\/#website\"},\"breadcrumb\":{\"@id\":\"https:\\\/\\\/allasorias.hu\\\/hirek\\\/uj-karrierutakat-epitenek-a-fiatalok\\\/#breadcrumblist\"},\"author\":{\"@id\":\"https:\\\/\\\/allasorias.hu\\\/hirek\\\/author\\\/admin-allasorias\\\/#author\"},\"creator\":{\"@id\":\"https:\\\/\\\/allasorias.hu\\\/hirek\\\/author\\\/admin-allasorias\\\/#author\"},\"image\":{\"@type\":\"ImageObject\",\"url\":\"https:\\\/\\\/allasorias.hu\\\/hirek\\\/wp-content\\\/uploads\\\/2024\\\/10\\\/fiatal-vallalkozok.jpg\",\"@id\":\"https:\\\/\\\/allasorias.hu\\\/hirek\\\/uj-karrierutakat-epitenek-a-fiatalok\\\/#mainImage\",\"width\":1920,\"height\":1280,\"caption\":\"\\u00daj karrierutakat \\u00e9p\\u00edtenek a fiatalok - Allasorias.hu\\\/Hirek\"},\"primaryImageOfPage\":{\"@id\":\"https:\\\/\\\/allasorias.hu\\\/hirek\\\/uj-karrierutakat-epitenek-a-fiatalok\\\/#mainImage\"},\"datePublished\":\"2024-10-01T13:18:45+02:00\",\"dateModified\":\"2024-10-01T13:28:27+02:00\"},{\"@type\":\"WebSite\",\"@id\":\"https:\\\/\\\/allasorias.hu\\\/hirek\\\/#website\",\"url\":\"https:\\\/\\\/allasorias.hu\\\/hirek\\\/\",\"name\":\"AllasOrias.hu | H\\u00edrek-lapszemle\",\"description\":\"\\u00dczleti h\\u00edrek az \\u00e1ll\\u00e1s \\u00e9s a munka vil\\u00e1g\\u00e1b\\u00f3l\",\"inLanguage\":\"hu-HU\",\"publisher\":{\"@id\":\"https:\\\/\\\/allasorias.hu\\\/hirek\\\/#organization\"}}]}\n\t\t<\/script>\n\t\t<!-- All in One SEO -->\n\n","aioseo_head_json":{"title":"\u00daj karrierutakat \u00e9p\u00edtenek a fiatalok |","description":"A fiataloknak a munka vil\u00e1g\u00e1ban fontos a szabads\u00e1g, az \u00f6n\u00e1ll\u00f3 \u00fat, ez\u00e9rt nem felt\u00e9tlen\u00fcl szeretik r\u00f6gh\u00f6z k\u00f6tni magukat. Tudatosan hat\u00e1rozz\u00e1k meg az elv\u00e1r\u00e1saikat.","canonical_url":"https:\/\/allasorias.hu\/hirek\/uj-karrierutakat-epitenek-a-fiatalok\/","robots":"max-image-preview:large","keywords":"alfa gener\u00e1ci\u00f3,fiatalok,z gener\u00e1ci\u00f3","webmasterTools":{"miscellaneous":""},"schema":{"@context":"https:\/\/schema.org","@graph":[{"@type":"Article","@id":"https:\/\/allasorias.hu\/hirek\/uj-karrierutakat-epitenek-a-fiatalok\/#article","name":"\u00daj karrierutakat \u00e9p\u00edtenek a fiatalok |","headline":"\u00daj karrierutakat \u00e9p\u00edtenek a fiatalok","author":{"@id":"https:\/\/allasorias.hu\/hirek\/author\/admin-allasorias\/#author"},"publisher":{"@id":"https:\/\/allasorias.hu\/hirek\/#organization"},"image":{"@type":"ImageObject","url":"https:\/\/allasorias.hu\/hirek\/wp-content\/uploads\/2024\/10\/fiatal-vallalkozok.jpg","width":1920,"height":1280,"caption":"\u00daj karrierutakat \u00e9p\u00edtenek a fiatalok - Allasorias.hu\/Hirek"},"datePublished":"2024-10-01T13:18:45+02:00","dateModified":"2024-10-01T13:28:27+02:00","inLanguage":"hu-HU","mainEntityOfPage":{"@id":"https:\/\/allasorias.hu\/hirek\/uj-karrierutakat-epitenek-a-fiatalok\/#webpage"},"isPartOf":{"@id":"https:\/\/allasorias.hu\/hirek\/uj-karrierutakat-epitenek-a-fiatalok\/#webpage"},"articleSection":"Munkaer\u0151piac, alfa gener\u00e1ci\u00f3, fiatalok, Z gener\u00e1ci\u00f3"},{"@type":"BreadcrumbList","@id":"https:\/\/allasorias.hu\/hirek\/uj-karrierutakat-epitenek-a-fiatalok\/#breadcrumblist","itemListElement":[{"@type":"ListItem","@id":"https:\/\/allasorias.hu\/hirek#listItem","position":1,"name":"Home","item":"https:\/\/allasorias.hu\/hirek","nextItem":{"@type":"ListItem","@id":"https:\/\/allasorias.hu\/hirek\/temak\/munkaeropiac\/#listItem","name":"Munkaer\u0151piac"}},{"@type":"ListItem","@id":"https:\/\/allasorias.hu\/hirek\/temak\/munkaeropiac\/#listItem","position":2,"name":"Munkaer\u0151piac","item":"https:\/\/allasorias.hu\/hirek\/temak\/munkaeropiac\/","nextItem":{"@type":"ListItem","@id":"https:\/\/allasorias.hu\/hirek\/uj-karrierutakat-epitenek-a-fiatalok\/#listItem","name":"\u00daj karrierutakat \u00e9p\u00edtenek a fiatalok"},"previousItem":{"@type":"ListItem","@id":"https:\/\/allasorias.hu\/hirek#listItem","name":"Home"}},{"@type":"ListItem","@id":"https:\/\/allasorias.hu\/hirek\/uj-karrierutakat-epitenek-a-fiatalok\/#listItem","position":3,"name":"\u00daj karrierutakat \u00e9p\u00edtenek a fiatalok","previousItem":{"@type":"ListItem","@id":"https:\/\/allasorias.hu\/hirek\/temak\/munkaeropiac\/#listItem","name":"Munkaer\u0151piac"}}]},{"@type":"Organization","@id":"https:\/\/allasorias.hu\/hirek\/#organization","name":"AllasOrias.hu | H\u00edrek-lapszemle","description":"\u00dczleti h\u00edrek az \u00e1ll\u00e1s \u00e9s a munka vil\u00e1g\u00e1b\u00f3l","url":"https:\/\/allasorias.hu\/hirek\/","logo":{"@type":"ImageObject","url":"https:\/\/allasorias.hu\/hirek\/wp-content\/uploads\/2022\/10\/allasorias_site_facebok_logo.png","@id":"https:\/\/allasorias.hu\/hirek\/uj-karrierutakat-epitenek-a-fiatalok\/#organizationLogo"},"image":{"@id":"https:\/\/allasorias.hu\/hirek\/uj-karrierutakat-epitenek-a-fiatalok\/#organizationLogo"},"sameAs":["https:\/\/www.facebook.com\/allasorias","https:\/\/www.linkedin.com\/company\/allasorias"]},{"@type":"Person","@id":"https:\/\/allasorias.hu\/hirek\/author\/admin-allasorias\/#author","url":"https:\/\/allasorias.hu\/hirek\/author\/admin-allasorias\/","name":"Juh\u00e1sz P\u00e9ter","image":{"@type":"ImageObject","@id":"https:\/\/allasorias.hu\/hirek\/uj-karrierutakat-epitenek-a-fiatalok\/#authorImage","url":"https:\/\/secure.gravatar.com\/avatar\/36e6bcb83148978b992977cb0f54d22feb0cce8a0a849a9410532bb2623ba4c6?s=96&d=mm&r=g","width":96,"height":96,"caption":"Juh\u00e1sz P\u00e9ter"}},{"@type":"WebPage","@id":"https:\/\/allasorias.hu\/hirek\/uj-karrierutakat-epitenek-a-fiatalok\/#webpage","url":"https:\/\/allasorias.hu\/hirek\/uj-karrierutakat-epitenek-a-fiatalok\/","name":"\u00daj karrierutakat \u00e9p\u00edtenek a fiatalok |","description":"A fiataloknak a munka vil\u00e1g\u00e1ban fontos a szabads\u00e1g, az \u00f6n\u00e1ll\u00f3 \u00fat, ez\u00e9rt nem felt\u00e9tlen\u00fcl szeretik r\u00f6gh\u00f6z k\u00f6tni magukat. Tudatosan hat\u00e1rozz\u00e1k meg az elv\u00e1r\u00e1saikat.","inLanguage":"hu-HU","isPartOf":{"@id":"https:\/\/allasorias.hu\/hirek\/#website"},"breadcrumb":{"@id":"https:\/\/allasorias.hu\/hirek\/uj-karrierutakat-epitenek-a-fiatalok\/#breadcrumblist"},"author":{"@id":"https:\/\/allasorias.hu\/hirek\/author\/admin-allasorias\/#author"},"creator":{"@id":"https:\/\/allasorias.hu\/hirek\/author\/admin-allasorias\/#author"},"image":{"@type":"ImageObject","url":"https:\/\/allasorias.hu\/hirek\/wp-content\/uploads\/2024\/10\/fiatal-vallalkozok.jpg","@id":"https:\/\/allasorias.hu\/hirek\/uj-karrierutakat-epitenek-a-fiatalok\/#mainImage","width":1920,"height":1280,"caption":"\u00daj karrierutakat \u00e9p\u00edtenek a fiatalok - Allasorias.hu\/Hirek"},"primaryImageOfPage":{"@id":"https:\/\/allasorias.hu\/hirek\/uj-karrierutakat-epitenek-a-fiatalok\/#mainImage"},"datePublished":"2024-10-01T13:18:45+02:00","dateModified":"2024-10-01T13:28:27+02:00"},{"@type":"WebSite","@id":"https:\/\/allasorias.hu\/hirek\/#website","url":"https:\/\/allasorias.hu\/hirek\/","name":"AllasOrias.hu | H\u00edrek-lapszemle","description":"\u00dczleti h\u00edrek az \u00e1ll\u00e1s \u00e9s a munka vil\u00e1g\u00e1b\u00f3l","inLanguage":"hu-HU","publisher":{"@id":"https:\/\/allasorias.hu\/hirek\/#organization"}}]},"og:locale":"hu_HU","og:site_name":"AllasOrias.hu | H\u00edrek-lapszemle | \u00dczleti h\u00edrek az \u00e1ll\u00e1s \u00e9s a munka vil\u00e1g\u00e1b\u00f3l","og:type":"article","og:title":"\u00daj karrierutakat \u00e9p\u00edtenek a fiatalok |","og:description":"A fiataloknak a munka vil\u00e1g\u00e1ban fontos a szabads\u00e1g, az \u00f6n\u00e1ll\u00f3 \u00fat, ez\u00e9rt nem felt\u00e9tlen\u00fcl szeretik r\u00f6gh\u00f6z k\u00f6tni magukat. Tudatosan hat\u00e1rozz\u00e1k meg az elv\u00e1r\u00e1saikat.","og:url":"https:\/\/allasorias.hu\/hirek\/uj-karrierutakat-epitenek-a-fiatalok\/","og:image":"https:\/\/allasorias.hu\/hirek\/wp-content\/uploads\/2024\/10\/fiatal-vallalkozok.jpg","og:image:secure_url":"https:\/\/allasorias.hu\/hirek\/wp-content\/uploads\/2024\/10\/fiatal-vallalkozok.jpg","og:image:width":1920,"og:image:height":1280,"article:published_time":"2024-10-01T11:18:45+00:00","article:modified_time":"2024-10-01T11:28:27+00:00","article:publisher":"https:\/\/www.facebook.com\/allasorias","twitter:card":"summary_large_image","twitter:title":"\u00daj karrierutakat \u00e9p\u00edtenek a fiatalok |","twitter:description":"A fiataloknak a munka vil\u00e1g\u00e1ban fontos a szabads\u00e1g, az \u00f6n\u00e1ll\u00f3 \u00fat, ez\u00e9rt nem felt\u00e9tlen\u00fcl szeretik r\u00f6gh\u00f6z k\u00f6tni magukat. Tudatosan hat\u00e1rozz\u00e1k meg az elv\u00e1r\u00e1saikat.","twitter:image":"https:\/\/allasorias.hu\/hirek\/wp-content\/uploads\/2024\/10\/fiatal-vallalkozok.jpg","twitter:label1":"Written by","twitter:data1":"Juh\u00e1sz P\u00e9ter","twitter:label2":"Est. reading time","twitter:data2":"7 minutes"},"aioseo_meta_data":{"post_id":"7912","title":"#post_title |","description":"A fiataloknak a munka vil\u00e1g\u00e1ban fontos a szabads\u00e1g, az \u00f6n\u00e1ll\u00f3 \u00fat, ez\u00e9rt nem felt\u00e9tlen\u00fcl szeretik r\u00f6gh\u00f6z k\u00f6tni magukat. Tudatosan hat\u00e1rozz\u00e1k meg az elv\u00e1r\u00e1saikat.","keywords":null,"keyphrases":{"focus":{"keyphrase":"","score":0,"analysis":{"keyphraseInTitle":{"score":0,"maxScore":9,"error":1}}},"additional":[]},"primary_term":null,"canonical_url":null,"og_title":null,"og_description":null,"og_object_type":"default","og_image_type":"default","og_image_url":null,"og_image_width":null,"og_image_height":null,"og_image_custom_url":null,"og_image_custom_fields":null,"og_video":"","og_custom_url":null,"og_article_section":null,"og_article_tags":null,"twitter_use_og":true,"twitter_card":"default","twitter_image_type":"default","twitter_image_url":null,"twitter_image_custom_url":null,"twitter_image_custom_fields":null,"twitter_title":null,"twitter_description":null,"schema":{"blockGraphs":[],"customGraphs":[],"default":{"data":{"Article":[],"Course":[],"Dataset":[],"FAQPage":[],"Movie":[],"Person":[],"Product":[],"ProductReview":[],"Car":[],"Recipe":[],"Service":[],"SoftwareApplication":[],"WebPage":[]},"graphName":"Article","isEnabled":true},"graphs":[]},"schema_type":"default","schema_type_options":null,"pillar_content":false,"robots_default":true,"robots_noindex":false,"robots_noarchive":false,"robots_nosnippet":false,"robots_nofollow":false,"robots_noimageindex":false,"robots_noodp":false,"robots_notranslate":false,"robots_max_snippet":"-1","robots_max_videopreview":"-1","robots_max_imagepreview":"large","priority":null,"frequency":"default","location":null,"local_seo":null,"breadcrumb_settings":null,"limit_modified_date":false,"ai":null,"created":"2024-10-01 10:54:14","updated":"2025-10-02 20:26:07","seo_analyzer_scan_date":null,"focus_keyword":null,"additional_keywords":null,"truseo_locale":null},"aioseo_breadcrumb":"<div class=\"aioseo-breadcrumbs\"><span class=\"aioseo-breadcrumb\">\n\t\t\t<a href=\"https:\/\/allasorias.hu\/hirek\" title=\"Home\">Home<\/a>\n\t\t<\/span><span class=\"aioseo-breadcrumb-separator\">&raquo;<\/span><span class=\"aioseo-breadcrumb\">\n\t\t\t<a href=\"https:\/\/allasorias.hu\/hirek\/temak\/munkaeropiac\/\" title=\"Munkaer\u0151piac\">Munkaer\u0151piac<\/a>\n\t\t<\/span><span class=\"aioseo-breadcrumb-separator\">&raquo;<\/span><span class=\"aioseo-breadcrumb\">\n\t\t\t\u00daj karrierutakat \u00e9p\u00edtenek a fiatalok\n\t\t<\/span><\/div>","aioseo_breadcrumb_json":[{"label":"Home","link":"https:\/\/allasorias.hu\/hirek"},{"label":"Munkaer\u0151piac","link":"https:\/\/allasorias.hu\/hirek\/temak\/munkaeropiac\/"},{"label":"\u00daj karrierutakat \u00e9p\u00edtenek a fiatalok","link":"https:\/\/allasorias.hu\/hirek\/uj-karrierutakat-epitenek-a-fiatalok\/"}],"_links":{"self":[{"href":"https:\/\/allasorias.hu\/hirek\/wp-json\/wp\/v2\/posts\/7912","targetHints":{"allow":["GET"]}}],"collection":[{"href":"https:\/\/allasorias.hu\/hirek\/wp-json\/wp\/v2\/posts"}],"about":[{"href":"https:\/\/allasorias.hu\/hirek\/wp-json\/wp\/v2\/types\/post"}],"author":[{"embeddable":true,"href":"https:\/\/allasorias.hu\/hirek\/wp-json\/wp\/v2\/users\/1"}],"replies":[{"embeddable":true,"href":"https:\/\/allasorias.hu\/hirek\/wp-json\/wp\/v2\/comments?post=7912"}],"version-history":[{"count":3,"href":"https:\/\/allasorias.hu\/hirek\/wp-json\/wp\/v2\/posts\/7912\/revisions"}],"predecessor-version":[{"id":7916,"href":"https:\/\/allasorias.hu\/hirek\/wp-json\/wp\/v2\/posts\/7912\/revisions\/7916"}],"wp:featuredmedia":[{"embeddable":true,"href":"https:\/\/allasorias.hu\/hirek\/wp-json\/wp\/v2\/media\/7913"}],"wp:attachment":[{"href":"https:\/\/allasorias.hu\/hirek\/wp-json\/wp\/v2\/media?parent=7912"}],"wp:term":[{"taxonomy":"category","embeddable":true,"href":"https:\/\/allasorias.hu\/hirek\/wp-json\/wp\/v2\/categories?post=7912"},{"taxonomy":"post_tag","embeddable":true,"href":"https:\/\/allasorias.hu\/hirek\/wp-json\/wp\/v2\/tags?post=7912"}],"curies":[{"name":"wp","href":"https:\/\/api.w.org\/{rel}","templated":true}]}}