{"id":7909,"date":"2024-09-30T10:58:53","date_gmt":"2024-09-30T08:58:53","guid":{"rendered":"https:\/\/allasorias.hu\/hirek\/?p=7909"},"modified":"2025-05-09T16:18:55","modified_gmt":"2025-05-09T14:18:55","slug":"nem-valtozik-a-munkanelkuliek-szama","status":"publish","type":"post","link":"https:\/\/allasorias.hu\/hirek\/nem-valtozik-a-munkanelkuliek-szama\/","title":{"rendered":"Nem v\u00e1ltozik a munkan\u00e9lk\u00fcliek sz\u00e1ma"},"content":{"rendered":"<p><strong>Kiv\u00e1r\u00e1s van a munkaer\u0151piacon, vannak c\u00e9gek, amelyek tartal\u00e9kolj\u00e1k a munkaer\u0151t, v\u00e1rva a gazdas\u00e1gi fellend\u00fcl\u00e9st, ami egyel\u0151re v\u00e1rat mag\u00e1ra.<\/strong><\/p>\n<p>Nem enyh\u00fcl a munkaer\u0151piac feszess\u00e9ge, ez\u00e9rt a v\u00e1llalatok egy r\u00e9sze munkaer\u0151t tartal\u00e9kol, arra sz\u00e1m\u00edtva, hogy j\u00f3l j\u00f6het majd, ha v\u00e9gre beindul a gazdas\u00e1g. Ez n\u00f6veli a kapun bel\u00fcli (rejtett) munkan\u00e9lk\u00fclis\u00e9get az ING elemz\u0151je szerint. Nincs \u00e9rdemi v\u00e1ltoz\u00e1s a munkaer\u0151t \u00e9rint\u0151 folyamatokban, nem cs\u00f6kken a munkan\u00e9lk\u00fcliek 210 ezres sz\u00e1ma \u2013 \u00e1llap\u00edtotta meg a KSH friss munkaer\u0151piaci adatait komment\u00e1lva az ING Bank elemz\u0151je.<\/p>\n<p>Virov\u00e1cz P\u00e9ter szerint a be\u00e9rkezett adatok alapvet\u0151en egybev\u00e1gnak a v\u00e1rakoz\u00e1saikkal. Az elemz\u0151 szerint a munkan\u00e9lk\u00fcliek sz\u00e1ma az\u00e9rt nem v\u00e1ltozik, mert a gazdas\u00e1gilag akt\u00edvak sz\u00e1ma k\u00f6zel 17 ezer f\u0151vel cs\u00f6kkent, mik\u00f6zben az inakt\u00edvak csoportj\u00e1nak l\u00e9tsz\u00e1ma is nagyj\u00e1b\u00f3l ugyanennyivel emelkedett augusztusban. Ennek h\u00e1tter\u00e9ben k\u00e9t, egym\u00e1ssal p\u00e1rhuzamos jelens\u00e9g \u00e1ll: az elbocs\u00e1t\u00e1sok az alacsonyabb kereset\u0171, alacsonyabb k\u00e9pzetts\u00e9g\u0171 munkaer\u0151t \u00e9rinthett\u00e9k, akik csak id\u00e9nymunk\u00e1kb\u00f3l \u00e9lnek; ek\u00f6zben pedig a magas munkaer\u0151-kereslet miatt sokan k\u00f6z\u00fcl\u00fck k\u00f6nnyen tal\u00e1lhattak \u00faj munkahelyet.<\/p>\n<h2>A v\u00e1llalatok megtartj\u00e1k a munkaer\u0151t<\/h2>\n<p>Az elemz\u0151 szerint a foglalkoztatotts\u00e1g \u00e9s az aktivit\u00e1s emelked\u00e9se alapj\u00e1n tov\u00e1bbra is kijelenthet\u0151, hogy\u00a0 m\u00e1r egy\u00e1ltal\u00e1n nem igaz az az \u00e1ll\u00edt\u00e1s, hogy enyh\u00fclne a munkaer\u0151piac feszess\u00e9ge. S\u0151t, a m\u00e1sodik negyed\u00e9vben n\u00f6vekedett az \u00fcres \u00e1ll\u00e1shelyek ar\u00e1nya, mik\u00f6zben a munkan\u00e9lk\u00fclis\u00e9g csak lassan m\u00e9rs\u00e9kl\u0151dik. A munkaer\u0151piac a v\u00e1rtn\u00e1l gyorsabban \u00e1llt teh\u00e1t helyre, mik\u00f6zben a hamarosan bel\u00e9p\u0151 \u00faj termel\u0151i kapacit\u00e1sok arra \u00f6szt\u00f6nzik a v\u00e1llalatokat, hogy tarts\u00e1k meg a munkaer\u0151t.<\/p>\n<p>Annak ellen\u00e9re teh\u00e1t, hogy az \u00fczleti kil\u00e1t\u00e1sok mostans\u00e1g nem a legkedvez\u0151bbek, a v\u00e1llalatok egy r\u00e9sze munkaer\u0151t tartal\u00e9kol. A c\u00e9gek nagyj\u00e1b\u00f3l 15 sz\u00e1zal\u00e9ka tesz \u00edgy, amivel egyfajta kapun bel\u00fcli (rejtett) munkan\u00e9lk\u00fclis\u00e9get okoznak. \u00cdgy pr\u00f3b\u00e1lj\u00e1k elker\u00fclni, hogy ne akkor kelljen hosszasan \u00e9s dr\u00e1g\u00e1n \u00faj munkaer\u0151t felhajtani, amikor megint felfut a kereslet \u00e9s a termel\u00e9s.<\/p>\n<p>Az elemz\u0151 szerint a k\u00f6vetkez\u0151 h\u00f3napokban kett\u0151s er\u0151k form\u00e1lj\u00e1k majd a munkaer\u0151piacot: emelkedhet a szezon\u00e1lis foglalkoztat\u00e1s, illetve tart\u00f3s lehet az \u00e9p\u00edt\u0151ipar kezd\u0151d\u0151 \u00e9s a szolg\u00e1ltat\u00e1sok jelenlegi fel\u00edvel\u00e9se. Ugyanakkor az ipar gyeng\u00e9n muzsik\u00e1l, a visszaes\u0151 rendel\u00e9sek miatt munkaer\u0151-racionaliz\u00e1l\u00e1s v\u00e1rhat\u00f3, \u00e9s a termel\u00e9si kapacit\u00e1sok sem b\u0151v\u00fclnek majd a terveknek megfelel\u0151en.<\/p>\n<p>Forr\u00e1s: <a href=\"https:\/\/hvg.hu\/kkv\/20240927_munkanelkuliseg-foglalkoztatottsag-statisztika-ksh-munkaeropiac-ing-komment-virovacz-peter\" target=\"_blank\" rel=\"nofollow noopener noreferrer\">hvg.hu<\/a><\/p>\n<p>&nbsp;<\/p>\n","protected":false},"excerpt":{"rendered":"<p>Kiv\u00e1r\u00e1s van a munkaer\u0151piacon, vannak c\u00e9gek, amelyek tartal\u00e9kolj\u00e1k a munkaer\u0151t, v\u00e1rva a gazdas\u00e1gi fellend\u00fcl\u00e9st, ami egyel\u0151re v\u00e1rat mag\u00e1ra. Nem enyh\u00fcl a munkaer\u0151piac feszess\u00e9ge, ez\u00e9rt a v\u00e1llalatok egy r\u00e9sze munkaer\u0151t tartal\u00e9kol, arra sz\u00e1m\u00edtva, hogy j\u00f3l j\u00f6het majd, ha v\u00e9gre beindul a gazdas\u00e1g. Ez n\u00f6veli a kapun bel\u00fcli (rejtett) munkan\u00e9lk\u00fclis\u00e9get az ING elemz\u0151je szerint. Nincs \u00e9rdemi v\u00e1ltoz\u00e1s [&hellip;]<\/p>\n","protected":false},"author":1,"featured_media":7910,"comment_status":"closed","ping_status":"closed","sticky":false,"template":"","format":"standard","meta":{"_monsterinsights_skip_tracking":false,"footnotes":""},"categories":[200],"tags":[270],"class_list":["post-7909","post","type-post","status-publish","format-standard","has-post-thumbnail","hentry","category-munkaeropiac","tag-munkaero"],"aioseo_notices":[],"aioseo_head":"\n\t\t<!-- All in One SEO 5.0.0.1 - aioseo.com -->\n\t<meta name=\"description\" content=\"Kiv\u00e1r\u00e1s van a munkaer\u0151piacon, vannak c\u00e9gek, amelyek tartal\u00e9kolj\u00e1k a munkaer\u0151t, v\u00e1rva a gazdas\u00e1gi fellend\u00fcl\u00e9st, ami egyel\u0151re v\u00e1rat mag\u00e1ra.\" \/>\n\t<meta name=\"robots\" content=\"max-image-preview:large\" \/>\n\t<meta name=\"author\" content=\"Juh\u00e1sz P\u00e9ter\"\/>\n\t<meta name=\"keywords\" content=\"munkaer\u0151\" \/>\n\t<link rel=\"canonical\" href=\"https:\/\/allasorias.hu\/hirek\/nem-valtozik-a-munkanelkuliek-szama\/\" \/>\n\t<meta name=\"generator\" content=\"All in One SEO (AIOSEO) 5.0.0.1\" \/>\n\t\t<meta property=\"og:locale\" content=\"hu_HU\" \/>\n\t\t<meta property=\"og:site_name\" content=\"AllasOrias.hu | H\u00edrek-lapszemle | \u00dczleti h\u00edrek az \u00e1ll\u00e1s \u00e9s a munka vil\u00e1g\u00e1b\u00f3l\" \/>\n\t\t<meta property=\"og:type\" content=\"article\" \/>\n\t\t<meta property=\"og:title\" content=\"\u00c1lland\u00f3 a munkan\u00e9lk\u00fcliek sz\u00e1ma haz\u00e1nkban\" \/>\n\t\t<meta property=\"og:description\" content=\"Kiv\u00e1r\u00e1s van a munkaer\u0151piacon, vannak c\u00e9gek, amelyek tartal\u00e9kolj\u00e1k a munkaer\u0151t, v\u00e1rva a gazdas\u00e1gi fellend\u00fcl\u00e9st, ami egyel\u0151re v\u00e1rat mag\u00e1ra.\" \/>\n\t\t<meta property=\"og:url\" content=\"https:\/\/allasorias.hu\/hirek\/nem-valtozik-a-munkanelkuliek-szama\/\" \/>\n\t\t<meta property=\"og:image\" content=\"https:\/\/allasorias.hu\/hirek\/wp-content\/uploads\/2024\/09\/munkanelkuli-helyzet.jpg\" \/>\n\t\t<meta property=\"og:image:secure_url\" content=\"https:\/\/allasorias.hu\/hirek\/wp-content\/uploads\/2024\/09\/munkanelkuli-helyzet.jpg\" \/>\n\t\t<meta property=\"og:image:width\" content=\"1920\" \/>\n\t\t<meta property=\"og:image:height\" content=\"1440\" \/>\n\t\t<meta property=\"article:published_time\" content=\"2024-09-30T08:58:53+00:00\" \/>\n\t\t<meta property=\"article:modified_time\" content=\"2025-05-09T14:18:55+00:00\" \/>\n\t\t<meta property=\"article:publisher\" content=\"https:\/\/www.facebook.com\/allasorias\" \/>\n\t\t<meta name=\"twitter:card\" content=\"summary_large_image\" \/>\n\t\t<meta name=\"twitter:title\" content=\"\u00c1lland\u00f3 a munkan\u00e9lk\u00fcliek sz\u00e1ma haz\u00e1nkban\" \/>\n\t\t<meta name=\"twitter:description\" content=\"Kiv\u00e1r\u00e1s van a munkaer\u0151piacon, vannak c\u00e9gek, amelyek tartal\u00e9kolj\u00e1k a munkaer\u0151t, v\u00e1rva a gazdas\u00e1gi fellend\u00fcl\u00e9st, ami egyel\u0151re v\u00e1rat mag\u00e1ra.\" \/>\n\t\t<meta name=\"twitter:image\" content=\"https:\/\/allasorias.hu\/hirek\/wp-content\/uploads\/2024\/09\/munkanelkuli-helyzet.jpg\" \/>\n\t\t<meta name=\"twitter:label1\" content=\"Written by\" \/>\n\t\t<meta name=\"twitter:data1\" content=\"Juh\u00e1sz P\u00e9ter\" \/>\n\t\t<meta name=\"twitter:label2\" content=\"Est. reading time\" \/>\n\t\t<meta name=\"twitter:data2\" content=\"3 minutes\" \/>\n\t\t<script type=\"application\/ld+json\" class=\"aioseo-schema\">\n\t\t\t{\"@context\":\"https:\\\/\\\/schema.org\",\"@graph\":[{\"@type\":\"Article\",\"@id\":\"https:\\\/\\\/allasorias.hu\\\/hirek\\\/nem-valtozik-a-munkanelkuliek-szama\\\/#article\",\"name\":\"\\u00c1lland\\u00f3 a munkan\\u00e9lk\\u00fcliek sz\\u00e1ma haz\\u00e1nkban\",\"headline\":\"Nem v\\u00e1ltozik a munkan\\u00e9lk\\u00fcliek sz\\u00e1ma\",\"author\":{\"@id\":\"https:\\\/\\\/allasorias.hu\\\/hirek\\\/author\\\/admin-allasorias\\\/#author\"},\"publisher\":{\"@id\":\"https:\\\/\\\/allasorias.hu\\\/hirek\\\/#organization\"},\"image\":{\"@type\":\"ImageObject\",\"url\":\"https:\\\/\\\/allasorias.hu\\\/hirek\\\/wp-content\\\/uploads\\\/2024\\\/09\\\/munkanelkuli-helyzet.jpg\",\"width\":1920,\"height\":1440,\"caption\":\"Nem v\\u00e1ltozik a munkan\\u00e9lk\\u00fcliek sz\\u00e1ma - Allasorias.hu\\\/Hirek\"},\"datePublished\":\"2024-09-30T10:58:53+02:00\",\"dateModified\":\"2025-05-09T16:18:55+02:00\",\"inLanguage\":\"hu-HU\",\"mainEntityOfPage\":{\"@id\":\"https:\\\/\\\/allasorias.hu\\\/hirek\\\/nem-valtozik-a-munkanelkuliek-szama\\\/#webpage\"},\"isPartOf\":{\"@id\":\"https:\\\/\\\/allasorias.hu\\\/hirek\\\/nem-valtozik-a-munkanelkuliek-szama\\\/#webpage\"},\"articleSection\":\"Munkaer\\u0151piac, munkaer\\u0151\"},{\"@type\":\"BreadcrumbList\",\"@id\":\"https:\\\/\\\/allasorias.hu\\\/hirek\\\/nem-valtozik-a-munkanelkuliek-szama\\\/#breadcrumblist\",\"itemListElement\":[{\"@type\":\"ListItem\",\"@id\":\"https:\\\/\\\/allasorias.hu\\\/hirek#listItem\",\"position\":1,\"name\":\"Home\",\"item\":\"https:\\\/\\\/allasorias.hu\\\/hirek\",\"nextItem\":{\"@type\":\"ListItem\",\"@id\":\"https:\\\/\\\/allasorias.hu\\\/hirek\\\/temak\\\/munkaeropiac\\\/#listItem\",\"name\":\"Munkaer\\u0151piac\"}},{\"@type\":\"ListItem\",\"@id\":\"https:\\\/\\\/allasorias.hu\\\/hirek\\\/temak\\\/munkaeropiac\\\/#listItem\",\"position\":2,\"name\":\"Munkaer\\u0151piac\",\"item\":\"https:\\\/\\\/allasorias.hu\\\/hirek\\\/temak\\\/munkaeropiac\\\/\",\"nextItem\":{\"@type\":\"ListItem\",\"@id\":\"https:\\\/\\\/allasorias.hu\\\/hirek\\\/nem-valtozik-a-munkanelkuliek-szama\\\/#listItem\",\"name\":\"Nem v\\u00e1ltozik a munkan\\u00e9lk\\u00fcliek sz\\u00e1ma\"},\"previousItem\":{\"@type\":\"ListItem\",\"@id\":\"https:\\\/\\\/allasorias.hu\\\/hirek#listItem\",\"name\":\"Home\"}},{\"@type\":\"ListItem\",\"@id\":\"https:\\\/\\\/allasorias.hu\\\/hirek\\\/nem-valtozik-a-munkanelkuliek-szama\\\/#listItem\",\"position\":3,\"name\":\"Nem v\\u00e1ltozik a munkan\\u00e9lk\\u00fcliek sz\\u00e1ma\",\"previousItem\":{\"@type\":\"ListItem\",\"@id\":\"https:\\\/\\\/allasorias.hu\\\/hirek\\\/temak\\\/munkaeropiac\\\/#listItem\",\"name\":\"Munkaer\\u0151piac\"}}]},{\"@type\":\"Organization\",\"@id\":\"https:\\\/\\\/allasorias.hu\\\/hirek\\\/#organization\",\"name\":\"AllasOrias.hu | H\\u00edrek-lapszemle\",\"description\":\"\\u00dczleti h\\u00edrek az \\u00e1ll\\u00e1s \\u00e9s a munka vil\\u00e1g\\u00e1b\\u00f3l\",\"url\":\"https:\\\/\\\/allasorias.hu\\\/hirek\\\/\",\"logo\":{\"@type\":\"ImageObject\",\"url\":\"https:\\\/\\\/allasorias.hu\\\/hirek\\\/wp-content\\\/uploads\\\/2022\\\/10\\\/allasorias_site_facebok_logo.png\",\"@id\":\"https:\\\/\\\/allasorias.hu\\\/hirek\\\/nem-valtozik-a-munkanelkuliek-szama\\\/#organizationLogo\"},\"image\":{\"@id\":\"https:\\\/\\\/allasorias.hu\\\/hirek\\\/nem-valtozik-a-munkanelkuliek-szama\\\/#organizationLogo\"},\"sameAs\":[\"https:\\\/\\\/www.facebook.com\\\/allasorias\",\"https:\\\/\\\/www.linkedin.com\\\/company\\\/allasorias\"]},{\"@type\":\"Person\",\"@id\":\"https:\\\/\\\/allasorias.hu\\\/hirek\\\/author\\\/admin-allasorias\\\/#author\",\"url\":\"https:\\\/\\\/allasorias.hu\\\/hirek\\\/author\\\/admin-allasorias\\\/\",\"name\":\"Juh\\u00e1sz P\\u00e9ter\",\"image\":{\"@type\":\"ImageObject\",\"@id\":\"https:\\\/\\\/allasorias.hu\\\/hirek\\\/nem-valtozik-a-munkanelkuliek-szama\\\/#authorImage\",\"url\":\"https:\\\/\\\/secure.gravatar.com\\\/avatar\\\/36e6bcb83148978b992977cb0f54d22feb0cce8a0a849a9410532bb2623ba4c6?s=96&d=mm&r=g\",\"width\":96,\"height\":96,\"caption\":\"Juh\\u00e1sz P\\u00e9ter\"}},{\"@type\":\"WebPage\",\"@id\":\"https:\\\/\\\/allasorias.hu\\\/hirek\\\/nem-valtozik-a-munkanelkuliek-szama\\\/#webpage\",\"url\":\"https:\\\/\\\/allasorias.hu\\\/hirek\\\/nem-valtozik-a-munkanelkuliek-szama\\\/\",\"name\":\"\\u00c1lland\\u00f3 a munkan\\u00e9lk\\u00fcliek sz\\u00e1ma haz\\u00e1nkban\",\"description\":\"Kiv\\u00e1r\\u00e1s van a munkaer\\u0151piacon, vannak c\\u00e9gek, amelyek tartal\\u00e9kolj\\u00e1k a munkaer\\u0151t, v\\u00e1rva a gazdas\\u00e1gi fellend\\u00fcl\\u00e9st, ami egyel\\u0151re v\\u00e1rat mag\\u00e1ra.\",\"inLanguage\":\"hu-HU\",\"isPartOf\":{\"@id\":\"https:\\\/\\\/allasorias.hu\\\/hirek\\\/#website\"},\"breadcrumb\":{\"@id\":\"https:\\\/\\\/allasorias.hu\\\/hirek\\\/nem-valtozik-a-munkanelkuliek-szama\\\/#breadcrumblist\"},\"author\":{\"@id\":\"https:\\\/\\\/allasorias.hu\\\/hirek\\\/author\\\/admin-allasorias\\\/#author\"},\"creator\":{\"@id\":\"https:\\\/\\\/allasorias.hu\\\/hirek\\\/author\\\/admin-allasorias\\\/#author\"},\"image\":{\"@type\":\"ImageObject\",\"url\":\"https:\\\/\\\/allasorias.hu\\\/hirek\\\/wp-content\\\/uploads\\\/2024\\\/09\\\/munkanelkuli-helyzet.jpg\",\"@id\":\"https:\\\/\\\/allasorias.hu\\\/hirek\\\/nem-valtozik-a-munkanelkuliek-szama\\\/#mainImage\",\"width\":1920,\"height\":1440,\"caption\":\"Nem v\\u00e1ltozik a munkan\\u00e9lk\\u00fcliek sz\\u00e1ma - Allasorias.hu\\\/Hirek\"},\"primaryImageOfPage\":{\"@id\":\"https:\\\/\\\/allasorias.hu\\\/hirek\\\/nem-valtozik-a-munkanelkuliek-szama\\\/#mainImage\"},\"datePublished\":\"2024-09-30T10:58:53+02:00\",\"dateModified\":\"2025-05-09T16:18:55+02:00\"},{\"@type\":\"WebSite\",\"@id\":\"https:\\\/\\\/allasorias.hu\\\/hirek\\\/#website\",\"url\":\"https:\\\/\\\/allasorias.hu\\\/hirek\\\/\",\"name\":\"AllasOrias.hu | H\\u00edrek-lapszemle\",\"description\":\"\\u00dczleti h\\u00edrek az \\u00e1ll\\u00e1s \\u00e9s a munka vil\\u00e1g\\u00e1b\\u00f3l\",\"inLanguage\":\"hu-HU\",\"publisher\":{\"@id\":\"https:\\\/\\\/allasorias.hu\\\/hirek\\\/#organization\"}}]}\n\t\t<\/script>\n\t\t<!-- All in One SEO -->\n\n","aioseo_head_json":{"title":"\u00c1lland\u00f3 a munkan\u00e9lk\u00fcliek sz\u00e1ma haz\u00e1nkban","description":"Kiv\u00e1r\u00e1s van a munkaer\u0151piacon, vannak c\u00e9gek, amelyek tartal\u00e9kolj\u00e1k a munkaer\u0151t, v\u00e1rva a gazdas\u00e1gi fellend\u00fcl\u00e9st, ami egyel\u0151re v\u00e1rat mag\u00e1ra.","canonical_url":"https:\/\/allasorias.hu\/hirek\/nem-valtozik-a-munkanelkuliek-szama\/","robots":"max-image-preview:large","keywords":"munkaer\u0151","webmasterTools":{"miscellaneous":""},"schema":{"@context":"https:\/\/schema.org","@graph":[{"@type":"Article","@id":"https:\/\/allasorias.hu\/hirek\/nem-valtozik-a-munkanelkuliek-szama\/#article","name":"\u00c1lland\u00f3 a munkan\u00e9lk\u00fcliek sz\u00e1ma haz\u00e1nkban","headline":"Nem v\u00e1ltozik a munkan\u00e9lk\u00fcliek sz\u00e1ma","author":{"@id":"https:\/\/allasorias.hu\/hirek\/author\/admin-allasorias\/#author"},"publisher":{"@id":"https:\/\/allasorias.hu\/hirek\/#organization"},"image":{"@type":"ImageObject","url":"https:\/\/allasorias.hu\/hirek\/wp-content\/uploads\/2024\/09\/munkanelkuli-helyzet.jpg","width":1920,"height":1440,"caption":"Nem v\u00e1ltozik a munkan\u00e9lk\u00fcliek sz\u00e1ma - Allasorias.hu\/Hirek"},"datePublished":"2024-09-30T10:58:53+02:00","dateModified":"2025-05-09T16:18:55+02:00","inLanguage":"hu-HU","mainEntityOfPage":{"@id":"https:\/\/allasorias.hu\/hirek\/nem-valtozik-a-munkanelkuliek-szama\/#webpage"},"isPartOf":{"@id":"https:\/\/allasorias.hu\/hirek\/nem-valtozik-a-munkanelkuliek-szama\/#webpage"},"articleSection":"Munkaer\u0151piac, munkaer\u0151"},{"@type":"BreadcrumbList","@id":"https:\/\/allasorias.hu\/hirek\/nem-valtozik-a-munkanelkuliek-szama\/#breadcrumblist","itemListElement":[{"@type":"ListItem","@id":"https:\/\/allasorias.hu\/hirek#listItem","position":1,"name":"Home","item":"https:\/\/allasorias.hu\/hirek","nextItem":{"@type":"ListItem","@id":"https:\/\/allasorias.hu\/hirek\/temak\/munkaeropiac\/#listItem","name":"Munkaer\u0151piac"}},{"@type":"ListItem","@id":"https:\/\/allasorias.hu\/hirek\/temak\/munkaeropiac\/#listItem","position":2,"name":"Munkaer\u0151piac","item":"https:\/\/allasorias.hu\/hirek\/temak\/munkaeropiac\/","nextItem":{"@type":"ListItem","@id":"https:\/\/allasorias.hu\/hirek\/nem-valtozik-a-munkanelkuliek-szama\/#listItem","name":"Nem v\u00e1ltozik a munkan\u00e9lk\u00fcliek sz\u00e1ma"},"previousItem":{"@type":"ListItem","@id":"https:\/\/allasorias.hu\/hirek#listItem","name":"Home"}},{"@type":"ListItem","@id":"https:\/\/allasorias.hu\/hirek\/nem-valtozik-a-munkanelkuliek-szama\/#listItem","position":3,"name":"Nem v\u00e1ltozik a munkan\u00e9lk\u00fcliek sz\u00e1ma","previousItem":{"@type":"ListItem","@id":"https:\/\/allasorias.hu\/hirek\/temak\/munkaeropiac\/#listItem","name":"Munkaer\u0151piac"}}]},{"@type":"Organization","@id":"https:\/\/allasorias.hu\/hirek\/#organization","name":"AllasOrias.hu | H\u00edrek-lapszemle","description":"\u00dczleti h\u00edrek az \u00e1ll\u00e1s \u00e9s a munka vil\u00e1g\u00e1b\u00f3l","url":"https:\/\/allasorias.hu\/hirek\/","logo":{"@type":"ImageObject","url":"https:\/\/allasorias.hu\/hirek\/wp-content\/uploads\/2022\/10\/allasorias_site_facebok_logo.png","@id":"https:\/\/allasorias.hu\/hirek\/nem-valtozik-a-munkanelkuliek-szama\/#organizationLogo"},"image":{"@id":"https:\/\/allasorias.hu\/hirek\/nem-valtozik-a-munkanelkuliek-szama\/#organizationLogo"},"sameAs":["https:\/\/www.facebook.com\/allasorias","https:\/\/www.linkedin.com\/company\/allasorias"]},{"@type":"Person","@id":"https:\/\/allasorias.hu\/hirek\/author\/admin-allasorias\/#author","url":"https:\/\/allasorias.hu\/hirek\/author\/admin-allasorias\/","name":"Juh\u00e1sz P\u00e9ter","image":{"@type":"ImageObject","@id":"https:\/\/allasorias.hu\/hirek\/nem-valtozik-a-munkanelkuliek-szama\/#authorImage","url":"https:\/\/secure.gravatar.com\/avatar\/36e6bcb83148978b992977cb0f54d22feb0cce8a0a849a9410532bb2623ba4c6?s=96&d=mm&r=g","width":96,"height":96,"caption":"Juh\u00e1sz P\u00e9ter"}},{"@type":"WebPage","@id":"https:\/\/allasorias.hu\/hirek\/nem-valtozik-a-munkanelkuliek-szama\/#webpage","url":"https:\/\/allasorias.hu\/hirek\/nem-valtozik-a-munkanelkuliek-szama\/","name":"\u00c1lland\u00f3 a munkan\u00e9lk\u00fcliek sz\u00e1ma haz\u00e1nkban","description":"Kiv\u00e1r\u00e1s van a munkaer\u0151piacon, vannak c\u00e9gek, amelyek tartal\u00e9kolj\u00e1k a munkaer\u0151t, v\u00e1rva a gazdas\u00e1gi fellend\u00fcl\u00e9st, ami egyel\u0151re v\u00e1rat mag\u00e1ra.","inLanguage":"hu-HU","isPartOf":{"@id":"https:\/\/allasorias.hu\/hirek\/#website"},"breadcrumb":{"@id":"https:\/\/allasorias.hu\/hirek\/nem-valtozik-a-munkanelkuliek-szama\/#breadcrumblist"},"author":{"@id":"https:\/\/allasorias.hu\/hirek\/author\/admin-allasorias\/#author"},"creator":{"@id":"https:\/\/allasorias.hu\/hirek\/author\/admin-allasorias\/#author"},"image":{"@type":"ImageObject","url":"https:\/\/allasorias.hu\/hirek\/wp-content\/uploads\/2024\/09\/munkanelkuli-helyzet.jpg","@id":"https:\/\/allasorias.hu\/hirek\/nem-valtozik-a-munkanelkuliek-szama\/#mainImage","width":1920,"height":1440,"caption":"Nem v\u00e1ltozik a munkan\u00e9lk\u00fcliek sz\u00e1ma - Allasorias.hu\/Hirek"},"primaryImageOfPage":{"@id":"https:\/\/allasorias.hu\/hirek\/nem-valtozik-a-munkanelkuliek-szama\/#mainImage"},"datePublished":"2024-09-30T10:58:53+02:00","dateModified":"2025-05-09T16:18:55+02:00"},{"@type":"WebSite","@id":"https:\/\/allasorias.hu\/hirek\/#website","url":"https:\/\/allasorias.hu\/hirek\/","name":"AllasOrias.hu | H\u00edrek-lapszemle","description":"\u00dczleti h\u00edrek az \u00e1ll\u00e1s \u00e9s a munka vil\u00e1g\u00e1b\u00f3l","inLanguage":"hu-HU","publisher":{"@id":"https:\/\/allasorias.hu\/hirek\/#organization"}}]},"og:locale":"hu_HU","og:site_name":"AllasOrias.hu | H\u00edrek-lapszemle | \u00dczleti h\u00edrek az \u00e1ll\u00e1s \u00e9s a munka vil\u00e1g\u00e1b\u00f3l","og:type":"article","og:title":"\u00c1lland\u00f3 a munkan\u00e9lk\u00fcliek sz\u00e1ma haz\u00e1nkban","og:description":"Kiv\u00e1r\u00e1s van a munkaer\u0151piacon, vannak c\u00e9gek, amelyek tartal\u00e9kolj\u00e1k a munkaer\u0151t, v\u00e1rva a gazdas\u00e1gi fellend\u00fcl\u00e9st, ami egyel\u0151re v\u00e1rat mag\u00e1ra.","og:url":"https:\/\/allasorias.hu\/hirek\/nem-valtozik-a-munkanelkuliek-szama\/","og:image":"https:\/\/allasorias.hu\/hirek\/wp-content\/uploads\/2024\/09\/munkanelkuli-helyzet.jpg","og:image:secure_url":"https:\/\/allasorias.hu\/hirek\/wp-content\/uploads\/2024\/09\/munkanelkuli-helyzet.jpg","og:image:width":1920,"og:image:height":1440,"article:published_time":"2024-09-30T08:58:53+00:00","article:modified_time":"2025-05-09T14:18:55+00:00","article:publisher":"https:\/\/www.facebook.com\/allasorias","twitter:card":"summary_large_image","twitter:title":"\u00c1lland\u00f3 a munkan\u00e9lk\u00fcliek sz\u00e1ma haz\u00e1nkban","twitter:description":"Kiv\u00e1r\u00e1s van a munkaer\u0151piacon, vannak c\u00e9gek, amelyek tartal\u00e9kolj\u00e1k a munkaer\u0151t, v\u00e1rva a gazdas\u00e1gi fellend\u00fcl\u00e9st, ami egyel\u0151re v\u00e1rat mag\u00e1ra.","twitter:image":"https:\/\/allasorias.hu\/hirek\/wp-content\/uploads\/2024\/09\/munkanelkuli-helyzet.jpg","twitter:label1":"Written by","twitter:data1":"Juh\u00e1sz P\u00e9ter","twitter:label2":"Est. reading time","twitter:data2":"3 minutes"},"aioseo_meta_data":{"post_id":"7909","title":"\u00c1lland\u00f3 a munkan\u00e9lk\u00fcliek sz\u00e1ma haz\u00e1nkban","description":"Kiv\u00e1r\u00e1s van a munkaer\u0151piacon, vannak c\u00e9gek, amelyek tartal\u00e9kolj\u00e1k a munkaer\u0151t, v\u00e1rva a gazdas\u00e1gi fellend\u00fcl\u00e9st, ami egyel\u0151re v\u00e1rat mag\u00e1ra.","keywords":null,"keyphrases":{"focus":{"keyphrase":"","score":0,"analysis":{"keyphraseInTitle":{"score":0,"maxScore":9,"error":1}}},"additional":[]},"primary_term":null,"canonical_url":null,"og_title":null,"og_description":null,"og_object_type":"default","og_image_type":"default","og_image_url":null,"og_image_width":null,"og_image_height":null,"og_image_custom_url":null,"og_image_custom_fields":null,"og_video":"","og_custom_url":null,"og_article_section":null,"og_article_tags":null,"twitter_use_og":true,"twitter_card":"default","twitter_image_type":"default","twitter_image_url":null,"twitter_image_custom_url":null,"twitter_image_custom_fields":null,"twitter_title":null,"twitter_description":null,"schema":{"blockGraphs":[],"customGraphs":[],"default":{"data":{"Article":[],"Course":[],"Dataset":[],"FAQPage":[],"Movie":[],"Person":[],"Product":[],"ProductReview":[],"Car":[],"Recipe":[],"Service":[],"SoftwareApplication":[],"WebPage":[]},"graphName":"Article","isEnabled":true},"graphs":[]},"schema_type":"default","schema_type_options":null,"pillar_content":false,"robots_default":true,"robots_noindex":false,"robots_noarchive":false,"robots_nosnippet":false,"robots_nofollow":false,"robots_noimageindex":false,"robots_noodp":false,"robots_notranslate":false,"robots_max_snippet":"-1","robots_max_videopreview":"-1","robots_max_imagepreview":"large","priority":null,"frequency":"default","location":null,"local_seo":null,"breadcrumb_settings":null,"limit_modified_date":false,"ai":null,"created":"2024-09-30 08:48:13","updated":"2025-10-02 20:26:07","seo_analyzer_scan_date":null,"focus_keyword":null,"additional_keywords":null,"truseo_locale":null},"aioseo_breadcrumb":"<div class=\"aioseo-breadcrumbs\"><span class=\"aioseo-breadcrumb\">\n\t\t\t<a href=\"https:\/\/allasorias.hu\/hirek\" title=\"Home\">Home<\/a>\n\t\t<\/span><span class=\"aioseo-breadcrumb-separator\">&raquo;<\/span><span class=\"aioseo-breadcrumb\">\n\t\t\t<a href=\"https:\/\/allasorias.hu\/hirek\/temak\/munkaeropiac\/\" title=\"Munkaer\u0151piac\">Munkaer\u0151piac<\/a>\n\t\t<\/span><span class=\"aioseo-breadcrumb-separator\">&raquo;<\/span><span class=\"aioseo-breadcrumb\">\n\t\t\tNem v\u00e1ltozik a munkan\u00e9lk\u00fcliek sz\u00e1ma\n\t\t<\/span><\/div>","aioseo_breadcrumb_json":[{"label":"Home","link":"https:\/\/allasorias.hu\/hirek"},{"label":"Munkaer\u0151piac","link":"https:\/\/allasorias.hu\/hirek\/temak\/munkaeropiac\/"},{"label":"Nem v\u00e1ltozik a munkan\u00e9lk\u00fcliek sz\u00e1ma","link":"https:\/\/allasorias.hu\/hirek\/nem-valtozik-a-munkanelkuliek-szama\/"}],"_links":{"self":[{"href":"https:\/\/allasorias.hu\/hirek\/wp-json\/wp\/v2\/posts\/7909","targetHints":{"allow":["GET"]}}],"collection":[{"href":"https:\/\/allasorias.hu\/hirek\/wp-json\/wp\/v2\/posts"}],"about":[{"href":"https:\/\/allasorias.hu\/hirek\/wp-json\/wp\/v2\/types\/post"}],"author":[{"embeddable":true,"href":"https:\/\/allasorias.hu\/hirek\/wp-json\/wp\/v2\/users\/1"}],"replies":[{"embeddable":true,"href":"https:\/\/allasorias.hu\/hirek\/wp-json\/wp\/v2\/comments?post=7909"}],"version-history":[{"count":1,"href":"https:\/\/allasorias.hu\/hirek\/wp-json\/wp\/v2\/posts\/7909\/revisions"}],"predecessor-version":[{"id":7911,"href":"https:\/\/allasorias.hu\/hirek\/wp-json\/wp\/v2\/posts\/7909\/revisions\/7911"}],"wp:featuredmedia":[{"embeddable":true,"href":"https:\/\/allasorias.hu\/hirek\/wp-json\/wp\/v2\/media\/7910"}],"wp:attachment":[{"href":"https:\/\/allasorias.hu\/hirek\/wp-json\/wp\/v2\/media?parent=7909"}],"wp:term":[{"taxonomy":"category","embeddable":true,"href":"https:\/\/allasorias.hu\/hirek\/wp-json\/wp\/v2\/categories?post=7909"},{"taxonomy":"post_tag","embeddable":true,"href":"https:\/\/allasorias.hu\/hirek\/wp-json\/wp\/v2\/tags?post=7909"}],"curies":[{"name":"wp","href":"https:\/\/api.w.org\/{rel}","templated":true}]}}