{"id":7896,"date":"2024-09-24T09:55:49","date_gmt":"2024-09-24T07:55:49","guid":{"rendered":"https:\/\/allasorias.hu\/hirek\/?p=7896"},"modified":"2025-05-13T16:05:32","modified_gmt":"2025-05-13T14:05:32","slug":"vissza-kell-jelezni-a-cegeknek-az-allaskeresesnel","status":"publish","type":"post","link":"https:\/\/allasorias.hu\/hirek\/vissza-kell-jelezni-a-cegeknek-az-allaskeresesnel\/","title":{"rendered":"Vissza kell jelezni a c\u00e9geknek az \u00e1ll\u00e1skeres\u00e9sn\u00e9l"},"content":{"rendered":"<p><strong>Van akit nem zavar, ha nem jeleznek vissza a c\u00e9gek az \u00e1ll\u00e1sra val\u00f3 jelentkez\u00e9sn\u00e9l, de sokan elbizonytalanodnak emiatt, ugyanakkor a v\u00e1llalat h\u00edrnev\u00e9nek sem tesz j\u00f3t a reakci\u00f3 elmarad\u00e1sa. <\/strong><\/p>\n<p>A j\u00f3 jel\u00f6lt\u00e9lm\u00e9ny \u00e9s a v\u00e1llalat pozit\u00edv munkaad\u00f3i h\u00edrnev\u00e9nek fenntart\u00e1sa miatt viszont fontos odafigyelni\u00fck a c\u00e9geknek a visszajelz\u00e9sekre. A nagykor\u00fa magyarok negyede keres jelenleg akt\u00edvan munk\u00e1t, ak\u00e1r a m\u00e1r megl\u00e9v\u0151 \u00e1ll\u00e1sa mellett \u2013 der\u00fclt ki egy \u00e1ll\u00e1skeres\u0151 c\u00e9g felm\u00e9r\u00e9s\u00e9b\u0151l. Az elm\u00falt k\u00e9t \u00e9vben \u00e1ll\u00e1st keres\u0151knek mind\u00f6ssze 5 sz\u00e1zal\u00e9ka mondhatta el mag\u00e1r\u00f3l, hogy minden elk\u00fcld\u00f6tt p\u00e1ly\u00e1zat\u00e1ra kapott visszajelz\u00e9st a hirdet\u0151t\u0151l. \u00c9lez\u0151dik a munkaer\u0151piaci fesz\u00fclts\u00e9g.<\/p>\n<p>Ez a jelens\u00e9g pedig gyakoribb az alacsonyabb v\u00e9gzetts\u00e9g\u0171ek eset\u00e9ben. A v\u00e1laszad\u00f3k 16 sz\u00e1zal\u00e9ka mondta azt, hogy csak akkor kapott v\u00e1laszt, ha a p\u00e1ly\u00e1zatok sz\u0171r\u00e9se sz\u00e1m\u00e1ra pozit\u00edv eredm\u00e9nnyel z\u00e1rult \u00e9s beh\u00edvt\u00e1k \u00e1ll\u00e1sinterj\u00fara, negat\u00edv eredm\u00e9ny eset\u00e9n nem. Nagyon rossz k\u00e9pet fest a c\u00e9gekr\u0151l, ha nem jeleznek a jelentkez\u0151knek. Amennyiben egy c\u00e9g nem k\u00edv\u00e1n egy\u00fctt dolgozni egy adott jelentkez\u0151vel, sok esetben semmilyen v\u00e1laszt nem k\u00fcld nekik. Ez viszont kifejezetten rossz f\u00e9nyt vet egy v\u00e1llalatra.<\/p>\n<h2>El\u00e9g lenne egy automatikus \u00e9rtes\u00edt\u00e9s<\/h2>\n<p>Nemleges v\u00e1lasz eset\u00e9n el\u00e9g lenne csak egy ak\u00e1r automatikus \u00e9rtes\u00edt\u00e9s az eredm\u00e9nyr\u0151l \u2013 ezt a felm\u00e9r\u00e9sben r\u00e9sztvev\u0151k 55 sz\u00e1zal\u00e9ka mondta. 42 sz\u00e1zal\u00e9kuk viszont sz\u00edvesen fogadna r\u00e9szletes indokl\u00e1st is az elutas\u00edt\u00e1s ok\u00e1r\u00f3l \u00e9s 44 sz\u00e1zal\u00e9k sz\u00edvesen foganda inform\u00e1ci\u00f3t arr\u00f3l is, ha elh\u00faz\u00f3dik a kiv\u00e1laszt\u00e1si folyamat. Az \u00e1ll\u00e1skeres\u0151k mind\u00f6ssze 3 sz\u00e1zal\u00e9ka mondta azt, hogy nincs sz\u00fcks\u00e9ge semmilyen \u00e9rtes\u00edt\u00e9sre.<\/p>\n<p>A munkav\u00e1llal\u00f3k sz\u00e1m\u00e1ra teh\u00e1t fontos, hogy hozz\u00e1jussanak a megfelel\u0151 inform\u00e1ci\u00f3khoz a toborz\u00e1si folyamat egyes f\u00e1zisaiban f\u00fcggetlen\u00fcl annak eredm\u00e9ny\u00e9t\u0151l. Az indokl\u00e1ssal a c\u00e9gek seg\u00edthetik a jelentkez\u0151ket abban, hogy tudatosabban m\u00e9rlegelj\u00e9k a jelentkez\u00e9seiket \u00e9s \u00e1ll\u00edts\u00e1k \u00f6ssze a p\u00e1ly\u00e1zataikat, ez pedig a munkaad\u00f3k sz\u00e1m\u00e1ra hossz\u00fa t\u00e1von t\u00f6bb relev\u00e1ns \u00f6n\u00e9letrajzot eredm\u00e9nyezhet. A jelentkez\u0151kkel val\u00f3 rendszeres kommunik\u00e1ci\u00f3ra odafigyelni gyakran er\u0151forr\u00e1sig\u00e9nyes, viszont ann\u00e1l fontosabb a c\u00e9gek j\u00f3 munk\u00e1ltat\u00f3i h\u00edrnev\u00e9nek fenntart\u00e1sa \u00e9s jav\u00edt\u00e1sa \u00e9rdek\u00e9ben.<\/p>\n<p>Forr\u00e1s: <a href=\"https:\/\/www.vg.hu\/vilaggazdasag-magyar-gazdasag\/2024\/09\/munkaeropiaci-munkaltato-jelentkezo#google_vignette\" target=\"_blank\" rel=\"nofollow noopener noreferrer\">vg.hu<\/a><\/p>\n","protected":false},"excerpt":{"rendered":"<p>Van akit nem zavar, ha nem jeleznek vissza a c\u00e9gek az \u00e1ll\u00e1sra val\u00f3 jelentkez\u00e9sn\u00e9l, de sokan elbizonytalanodnak emiatt, ugyanakkor a v\u00e1llalat h\u00edrnev\u00e9nek sem tesz j\u00f3t a reakci\u00f3 elmarad\u00e1sa. A j\u00f3 jel\u00f6lt\u00e9lm\u00e9ny \u00e9s a v\u00e1llalat pozit\u00edv munkaad\u00f3i h\u00edrnev\u00e9nek fenntart\u00e1sa miatt viszont fontos odafigyelni\u00fck a c\u00e9geknek a visszajelz\u00e9sekre. A nagykor\u00fa magyarok negyede keres jelenleg akt\u00edvan munk\u00e1t, ak\u00e1r [&hellip;]<\/p>\n","protected":false},"author":1,"featured_media":7897,"comment_status":"closed","ping_status":"closed","sticky":false,"template":"","format":"standard","meta":{"_monsterinsights_skip_tracking":false,"footnotes":""},"categories":[1],"tags":[],"class_list":["post-7896","post","type-post","status-publish","format-standard","has-post-thumbnail","hentry","category-allaskereses"],"aioseo_notices":[],"aioseo_head":"\n\t\t<!-- All in One SEO 5.0.0.1 - aioseo.com -->\n\t<meta name=\"description\" content=\"Van akit nem zavar, ha nem jeleznek vissza a c\u00e9gek az \u00e1ll\u00e1sra val\u00f3 jelentkez\u00e9sn\u00e9l, de sokan elbizonytalanodnak emiatt\" \/>\n\t<meta name=\"robots\" content=\"max-image-preview:large\" \/>\n\t<meta name=\"author\" content=\"Juh\u00e1sz P\u00e9ter\"\/>\n\t<link rel=\"canonical\" href=\"https:\/\/allasorias.hu\/hirek\/vissza-kell-jelezni-a-cegeknek-az-allaskeresesnel\/\" \/>\n\t<meta name=\"generator\" content=\"All in One SEO (AIOSEO) 5.0.0.1\" \/>\n\t\t<meta property=\"og:locale\" content=\"hu_HU\" \/>\n\t\t<meta property=\"og:site_name\" content=\"AllasOrias.hu | H\u00edrek-lapszemle | \u00dczleti h\u00edrek az \u00e1ll\u00e1s \u00e9s a munka vil\u00e1g\u00e1b\u00f3l\" \/>\n\t\t<meta property=\"og:type\" content=\"article\" \/>\n\t\t<meta property=\"og:title\" content=\"Fontos visszajelz\u00e9st adni az \u00e1ll\u00e1sp\u00e1ly\u00e1z\u00f3knak\" \/>\n\t\t<meta property=\"og:description\" content=\"Van akit nem zavar, ha nem jeleznek vissza a c\u00e9gek az \u00e1ll\u00e1sra val\u00f3 jelentkez\u00e9sn\u00e9l, de sokan elbizonytalanodnak emiatt\" \/>\n\t\t<meta property=\"og:url\" content=\"https:\/\/allasorias.hu\/hirek\/vissza-kell-jelezni-a-cegeknek-az-allaskeresesnel\/\" \/>\n\t\t<meta property=\"og:image\" content=\"https:\/\/allasorias.hu\/hirek\/wp-content\/uploads\/2024\/09\/visszajelzes-allaskeresesnel.jpg\" \/>\n\t\t<meta property=\"og:image:secure_url\" content=\"https:\/\/allasorias.hu\/hirek\/wp-content\/uploads\/2024\/09\/visszajelzes-allaskeresesnel.jpg\" \/>\n\t\t<meta property=\"og:image:width\" content=\"1920\" \/>\n\t\t<meta property=\"og:image:height\" content=\"1280\" \/>\n\t\t<meta property=\"article:published_time\" content=\"2024-09-24T07:55:49+00:00\" \/>\n\t\t<meta property=\"article:modified_time\" content=\"2025-05-13T14:05:32+00:00\" \/>\n\t\t<meta property=\"article:publisher\" content=\"https:\/\/www.facebook.com\/allasorias\" \/>\n\t\t<meta name=\"twitter:card\" content=\"summary_large_image\" \/>\n\t\t<meta name=\"twitter:title\" content=\"Fontos visszajelz\u00e9st adni az \u00e1ll\u00e1sp\u00e1ly\u00e1z\u00f3knak\" \/>\n\t\t<meta name=\"twitter:description\" content=\"Van akit nem zavar, ha nem jeleznek vissza a c\u00e9gek az \u00e1ll\u00e1sra val\u00f3 jelentkez\u00e9sn\u00e9l, de sokan elbizonytalanodnak emiatt\" \/>\n\t\t<meta name=\"twitter:image\" content=\"https:\/\/allasorias.hu\/hirek\/wp-content\/uploads\/2024\/09\/visszajelzes-allaskeresesnel.jpg\" \/>\n\t\t<meta name=\"twitter:label1\" content=\"Written by\" \/>\n\t\t<meta name=\"twitter:data1\" content=\"Juh\u00e1sz P\u00e9ter\" \/>\n\t\t<meta name=\"twitter:label2\" content=\"Est. reading time\" \/>\n\t\t<meta name=\"twitter:data2\" content=\"2 minutes\" \/>\n\t\t<script type=\"application\/ld+json\" class=\"aioseo-schema\">\n\t\t\t{\"@context\":\"https:\\\/\\\/schema.org\",\"@graph\":[{\"@type\":\"Article\",\"@id\":\"https:\\\/\\\/allasorias.hu\\\/hirek\\\/vissza-kell-jelezni-a-cegeknek-az-allaskeresesnel\\\/#article\",\"name\":\"Fontos visszajelz\\u00e9st adni az \\u00e1ll\\u00e1sp\\u00e1ly\\u00e1z\\u00f3knak\",\"headline\":\"Vissza kell jelezni a c\\u00e9geknek az \\u00e1ll\\u00e1skeres\\u00e9sn\\u00e9l\",\"author\":{\"@id\":\"https:\\\/\\\/allasorias.hu\\\/hirek\\\/author\\\/admin-allasorias\\\/#author\"},\"publisher\":{\"@id\":\"https:\\\/\\\/allasorias.hu\\\/hirek\\\/#organization\"},\"image\":{\"@type\":\"ImageObject\",\"url\":\"https:\\\/\\\/allasorias.hu\\\/hirek\\\/wp-content\\\/uploads\\\/2024\\\/09\\\/visszajelzes-allaskeresesnel.jpg\",\"width\":1920,\"height\":1280,\"caption\":\"Vissza kell jelezni a c\\u00e9geknek az \\u00e1ll\\u00e1skeres\\u00e9sn\\u00e9l - Allasorias.hu\\\/Hirek\"},\"datePublished\":\"2024-09-24T09:55:49+02:00\",\"dateModified\":\"2025-05-13T16:05:32+02:00\",\"inLanguage\":\"hu-HU\",\"mainEntityOfPage\":{\"@id\":\"https:\\\/\\\/allasorias.hu\\\/hirek\\\/vissza-kell-jelezni-a-cegeknek-az-allaskeresesnel\\\/#webpage\"},\"isPartOf\":{\"@id\":\"https:\\\/\\\/allasorias.hu\\\/hirek\\\/vissza-kell-jelezni-a-cegeknek-az-allaskeresesnel\\\/#webpage\"},\"articleSection\":\"\\u00c1ll\\u00e1skeres\\u00e9s\"},{\"@type\":\"BreadcrumbList\",\"@id\":\"https:\\\/\\\/allasorias.hu\\\/hirek\\\/vissza-kell-jelezni-a-cegeknek-az-allaskeresesnel\\\/#breadcrumblist\",\"itemListElement\":[{\"@type\":\"ListItem\",\"@id\":\"https:\\\/\\\/allasorias.hu\\\/hirek#listItem\",\"position\":1,\"name\":\"Home\",\"item\":\"https:\\\/\\\/allasorias.hu\\\/hirek\",\"nextItem\":{\"@type\":\"ListItem\",\"@id\":\"https:\\\/\\\/allasorias.hu\\\/hirek\\\/temak\\\/allaskereses\\\/#listItem\",\"name\":\"\\u00c1ll\\u00e1skeres\\u00e9s\"}},{\"@type\":\"ListItem\",\"@id\":\"https:\\\/\\\/allasorias.hu\\\/hirek\\\/temak\\\/allaskereses\\\/#listItem\",\"position\":2,\"name\":\"\\u00c1ll\\u00e1skeres\\u00e9s\",\"item\":\"https:\\\/\\\/allasorias.hu\\\/hirek\\\/temak\\\/allaskereses\\\/\",\"nextItem\":{\"@type\":\"ListItem\",\"@id\":\"https:\\\/\\\/allasorias.hu\\\/hirek\\\/vissza-kell-jelezni-a-cegeknek-az-allaskeresesnel\\\/#listItem\",\"name\":\"Vissza kell jelezni a c\\u00e9geknek az \\u00e1ll\\u00e1skeres\\u00e9sn\\u00e9l\"},\"previousItem\":{\"@type\":\"ListItem\",\"@id\":\"https:\\\/\\\/allasorias.hu\\\/hirek#listItem\",\"name\":\"Home\"}},{\"@type\":\"ListItem\",\"@id\":\"https:\\\/\\\/allasorias.hu\\\/hirek\\\/vissza-kell-jelezni-a-cegeknek-az-allaskeresesnel\\\/#listItem\",\"position\":3,\"name\":\"Vissza kell jelezni a c\\u00e9geknek az \\u00e1ll\\u00e1skeres\\u00e9sn\\u00e9l\",\"previousItem\":{\"@type\":\"ListItem\",\"@id\":\"https:\\\/\\\/allasorias.hu\\\/hirek\\\/temak\\\/allaskereses\\\/#listItem\",\"name\":\"\\u00c1ll\\u00e1skeres\\u00e9s\"}}]},{\"@type\":\"Organization\",\"@id\":\"https:\\\/\\\/allasorias.hu\\\/hirek\\\/#organization\",\"name\":\"AllasOrias.hu | H\\u00edrek-lapszemle\",\"description\":\"\\u00dczleti h\\u00edrek az \\u00e1ll\\u00e1s \\u00e9s a munka vil\\u00e1g\\u00e1b\\u00f3l\",\"url\":\"https:\\\/\\\/allasorias.hu\\\/hirek\\\/\",\"logo\":{\"@type\":\"ImageObject\",\"url\":\"https:\\\/\\\/allasorias.hu\\\/hirek\\\/wp-content\\\/uploads\\\/2022\\\/10\\\/allasorias_site_facebok_logo.png\",\"@id\":\"https:\\\/\\\/allasorias.hu\\\/hirek\\\/vissza-kell-jelezni-a-cegeknek-az-allaskeresesnel\\\/#organizationLogo\"},\"image\":{\"@id\":\"https:\\\/\\\/allasorias.hu\\\/hirek\\\/vissza-kell-jelezni-a-cegeknek-az-allaskeresesnel\\\/#organizationLogo\"},\"sameAs\":[\"https:\\\/\\\/www.facebook.com\\\/allasorias\",\"https:\\\/\\\/www.linkedin.com\\\/company\\\/allasorias\"]},{\"@type\":\"Person\",\"@id\":\"https:\\\/\\\/allasorias.hu\\\/hirek\\\/author\\\/admin-allasorias\\\/#author\",\"url\":\"https:\\\/\\\/allasorias.hu\\\/hirek\\\/author\\\/admin-allasorias\\\/\",\"name\":\"Juh\\u00e1sz P\\u00e9ter\",\"image\":{\"@type\":\"ImageObject\",\"@id\":\"https:\\\/\\\/allasorias.hu\\\/hirek\\\/vissza-kell-jelezni-a-cegeknek-az-allaskeresesnel\\\/#authorImage\",\"url\":\"https:\\\/\\\/secure.gravatar.com\\\/avatar\\\/36e6bcb83148978b992977cb0f54d22feb0cce8a0a849a9410532bb2623ba4c6?s=96&d=mm&r=g\",\"width\":96,\"height\":96,\"caption\":\"Juh\\u00e1sz P\\u00e9ter\"}},{\"@type\":\"WebPage\",\"@id\":\"https:\\\/\\\/allasorias.hu\\\/hirek\\\/vissza-kell-jelezni-a-cegeknek-az-allaskeresesnel\\\/#webpage\",\"url\":\"https:\\\/\\\/allasorias.hu\\\/hirek\\\/vissza-kell-jelezni-a-cegeknek-az-allaskeresesnel\\\/\",\"name\":\"Fontos visszajelz\\u00e9st adni az \\u00e1ll\\u00e1sp\\u00e1ly\\u00e1z\\u00f3knak\",\"description\":\"Van akit nem zavar, ha nem jeleznek vissza a c\\u00e9gek az \\u00e1ll\\u00e1sra val\\u00f3 jelentkez\\u00e9sn\\u00e9l, de sokan elbizonytalanodnak emiatt\",\"inLanguage\":\"hu-HU\",\"isPartOf\":{\"@id\":\"https:\\\/\\\/allasorias.hu\\\/hirek\\\/#website\"},\"breadcrumb\":{\"@id\":\"https:\\\/\\\/allasorias.hu\\\/hirek\\\/vissza-kell-jelezni-a-cegeknek-az-allaskeresesnel\\\/#breadcrumblist\"},\"author\":{\"@id\":\"https:\\\/\\\/allasorias.hu\\\/hirek\\\/author\\\/admin-allasorias\\\/#author\"},\"creator\":{\"@id\":\"https:\\\/\\\/allasorias.hu\\\/hirek\\\/author\\\/admin-allasorias\\\/#author\"},\"image\":{\"@type\":\"ImageObject\",\"url\":\"https:\\\/\\\/allasorias.hu\\\/hirek\\\/wp-content\\\/uploads\\\/2024\\\/09\\\/visszajelzes-allaskeresesnel.jpg\",\"@id\":\"https:\\\/\\\/allasorias.hu\\\/hirek\\\/vissza-kell-jelezni-a-cegeknek-az-allaskeresesnel\\\/#mainImage\",\"width\":1920,\"height\":1280,\"caption\":\"Vissza kell jelezni a c\\u00e9geknek az \\u00e1ll\\u00e1skeres\\u00e9sn\\u00e9l - Allasorias.hu\\\/Hirek\"},\"primaryImageOfPage\":{\"@id\":\"https:\\\/\\\/allasorias.hu\\\/hirek\\\/vissza-kell-jelezni-a-cegeknek-az-allaskeresesnel\\\/#mainImage\"},\"datePublished\":\"2024-09-24T09:55:49+02:00\",\"dateModified\":\"2025-05-13T16:05:32+02:00\"},{\"@type\":\"WebSite\",\"@id\":\"https:\\\/\\\/allasorias.hu\\\/hirek\\\/#website\",\"url\":\"https:\\\/\\\/allasorias.hu\\\/hirek\\\/\",\"name\":\"AllasOrias.hu | H\\u00edrek-lapszemle\",\"description\":\"\\u00dczleti h\\u00edrek az \\u00e1ll\\u00e1s \\u00e9s a munka vil\\u00e1g\\u00e1b\\u00f3l\",\"inLanguage\":\"hu-HU\",\"publisher\":{\"@id\":\"https:\\\/\\\/allasorias.hu\\\/hirek\\\/#organization\"}}]}\n\t\t<\/script>\n\t\t<!-- All in One SEO -->\n\n","aioseo_head_json":{"title":"Fontos visszajelz\u00e9st adni az \u00e1ll\u00e1sp\u00e1ly\u00e1z\u00f3knak","description":"Van akit nem zavar, ha nem jeleznek vissza a c\u00e9gek az \u00e1ll\u00e1sra val\u00f3 jelentkez\u00e9sn\u00e9l, de sokan elbizonytalanodnak emiatt","canonical_url":"https:\/\/allasorias.hu\/hirek\/vissza-kell-jelezni-a-cegeknek-az-allaskeresesnel\/","robots":"max-image-preview:large","keywords":"","webmasterTools":{"miscellaneous":""},"schema":{"@context":"https:\/\/schema.org","@graph":[{"@type":"Article","@id":"https:\/\/allasorias.hu\/hirek\/vissza-kell-jelezni-a-cegeknek-az-allaskeresesnel\/#article","name":"Fontos visszajelz\u00e9st adni az \u00e1ll\u00e1sp\u00e1ly\u00e1z\u00f3knak","headline":"Vissza kell jelezni a c\u00e9geknek az \u00e1ll\u00e1skeres\u00e9sn\u00e9l","author":{"@id":"https:\/\/allasorias.hu\/hirek\/author\/admin-allasorias\/#author"},"publisher":{"@id":"https:\/\/allasorias.hu\/hirek\/#organization"},"image":{"@type":"ImageObject","url":"https:\/\/allasorias.hu\/hirek\/wp-content\/uploads\/2024\/09\/visszajelzes-allaskeresesnel.jpg","width":1920,"height":1280,"caption":"Vissza kell jelezni a c\u00e9geknek az \u00e1ll\u00e1skeres\u00e9sn\u00e9l - Allasorias.hu\/Hirek"},"datePublished":"2024-09-24T09:55:49+02:00","dateModified":"2025-05-13T16:05:32+02:00","inLanguage":"hu-HU","mainEntityOfPage":{"@id":"https:\/\/allasorias.hu\/hirek\/vissza-kell-jelezni-a-cegeknek-az-allaskeresesnel\/#webpage"},"isPartOf":{"@id":"https:\/\/allasorias.hu\/hirek\/vissza-kell-jelezni-a-cegeknek-az-allaskeresesnel\/#webpage"},"articleSection":"\u00c1ll\u00e1skeres\u00e9s"},{"@type":"BreadcrumbList","@id":"https:\/\/allasorias.hu\/hirek\/vissza-kell-jelezni-a-cegeknek-az-allaskeresesnel\/#breadcrumblist","itemListElement":[{"@type":"ListItem","@id":"https:\/\/allasorias.hu\/hirek#listItem","position":1,"name":"Home","item":"https:\/\/allasorias.hu\/hirek","nextItem":{"@type":"ListItem","@id":"https:\/\/allasorias.hu\/hirek\/temak\/allaskereses\/#listItem","name":"\u00c1ll\u00e1skeres\u00e9s"}},{"@type":"ListItem","@id":"https:\/\/allasorias.hu\/hirek\/temak\/allaskereses\/#listItem","position":2,"name":"\u00c1ll\u00e1skeres\u00e9s","item":"https:\/\/allasorias.hu\/hirek\/temak\/allaskereses\/","nextItem":{"@type":"ListItem","@id":"https:\/\/allasorias.hu\/hirek\/vissza-kell-jelezni-a-cegeknek-az-allaskeresesnel\/#listItem","name":"Vissza kell jelezni a c\u00e9geknek az \u00e1ll\u00e1skeres\u00e9sn\u00e9l"},"previousItem":{"@type":"ListItem","@id":"https:\/\/allasorias.hu\/hirek#listItem","name":"Home"}},{"@type":"ListItem","@id":"https:\/\/allasorias.hu\/hirek\/vissza-kell-jelezni-a-cegeknek-az-allaskeresesnel\/#listItem","position":3,"name":"Vissza kell jelezni a c\u00e9geknek az \u00e1ll\u00e1skeres\u00e9sn\u00e9l","previousItem":{"@type":"ListItem","@id":"https:\/\/allasorias.hu\/hirek\/temak\/allaskereses\/#listItem","name":"\u00c1ll\u00e1skeres\u00e9s"}}]},{"@type":"Organization","@id":"https:\/\/allasorias.hu\/hirek\/#organization","name":"AllasOrias.hu | H\u00edrek-lapszemle","description":"\u00dczleti h\u00edrek az \u00e1ll\u00e1s \u00e9s a munka vil\u00e1g\u00e1b\u00f3l","url":"https:\/\/allasorias.hu\/hirek\/","logo":{"@type":"ImageObject","url":"https:\/\/allasorias.hu\/hirek\/wp-content\/uploads\/2022\/10\/allasorias_site_facebok_logo.png","@id":"https:\/\/allasorias.hu\/hirek\/vissza-kell-jelezni-a-cegeknek-az-allaskeresesnel\/#organizationLogo"},"image":{"@id":"https:\/\/allasorias.hu\/hirek\/vissza-kell-jelezni-a-cegeknek-az-allaskeresesnel\/#organizationLogo"},"sameAs":["https:\/\/www.facebook.com\/allasorias","https:\/\/www.linkedin.com\/company\/allasorias"]},{"@type":"Person","@id":"https:\/\/allasorias.hu\/hirek\/author\/admin-allasorias\/#author","url":"https:\/\/allasorias.hu\/hirek\/author\/admin-allasorias\/","name":"Juh\u00e1sz P\u00e9ter","image":{"@type":"ImageObject","@id":"https:\/\/allasorias.hu\/hirek\/vissza-kell-jelezni-a-cegeknek-az-allaskeresesnel\/#authorImage","url":"https:\/\/secure.gravatar.com\/avatar\/36e6bcb83148978b992977cb0f54d22feb0cce8a0a849a9410532bb2623ba4c6?s=96&d=mm&r=g","width":96,"height":96,"caption":"Juh\u00e1sz P\u00e9ter"}},{"@type":"WebPage","@id":"https:\/\/allasorias.hu\/hirek\/vissza-kell-jelezni-a-cegeknek-az-allaskeresesnel\/#webpage","url":"https:\/\/allasorias.hu\/hirek\/vissza-kell-jelezni-a-cegeknek-az-allaskeresesnel\/","name":"Fontos visszajelz\u00e9st adni az \u00e1ll\u00e1sp\u00e1ly\u00e1z\u00f3knak","description":"Van akit nem zavar, ha nem jeleznek vissza a c\u00e9gek az \u00e1ll\u00e1sra val\u00f3 jelentkez\u00e9sn\u00e9l, de sokan elbizonytalanodnak emiatt","inLanguage":"hu-HU","isPartOf":{"@id":"https:\/\/allasorias.hu\/hirek\/#website"},"breadcrumb":{"@id":"https:\/\/allasorias.hu\/hirek\/vissza-kell-jelezni-a-cegeknek-az-allaskeresesnel\/#breadcrumblist"},"author":{"@id":"https:\/\/allasorias.hu\/hirek\/author\/admin-allasorias\/#author"},"creator":{"@id":"https:\/\/allasorias.hu\/hirek\/author\/admin-allasorias\/#author"},"image":{"@type":"ImageObject","url":"https:\/\/allasorias.hu\/hirek\/wp-content\/uploads\/2024\/09\/visszajelzes-allaskeresesnel.jpg","@id":"https:\/\/allasorias.hu\/hirek\/vissza-kell-jelezni-a-cegeknek-az-allaskeresesnel\/#mainImage","width":1920,"height":1280,"caption":"Vissza kell jelezni a c\u00e9geknek az \u00e1ll\u00e1skeres\u00e9sn\u00e9l - Allasorias.hu\/Hirek"},"primaryImageOfPage":{"@id":"https:\/\/allasorias.hu\/hirek\/vissza-kell-jelezni-a-cegeknek-az-allaskeresesnel\/#mainImage"},"datePublished":"2024-09-24T09:55:49+02:00","dateModified":"2025-05-13T16:05:32+02:00"},{"@type":"WebSite","@id":"https:\/\/allasorias.hu\/hirek\/#website","url":"https:\/\/allasorias.hu\/hirek\/","name":"AllasOrias.hu | H\u00edrek-lapszemle","description":"\u00dczleti h\u00edrek az \u00e1ll\u00e1s \u00e9s a munka vil\u00e1g\u00e1b\u00f3l","inLanguage":"hu-HU","publisher":{"@id":"https:\/\/allasorias.hu\/hirek\/#organization"}}]},"og:locale":"hu_HU","og:site_name":"AllasOrias.hu | H\u00edrek-lapszemle | \u00dczleti h\u00edrek az \u00e1ll\u00e1s \u00e9s a munka vil\u00e1g\u00e1b\u00f3l","og:type":"article","og:title":"Fontos visszajelz\u00e9st adni az \u00e1ll\u00e1sp\u00e1ly\u00e1z\u00f3knak","og:description":"Van akit nem zavar, ha nem jeleznek vissza a c\u00e9gek az \u00e1ll\u00e1sra val\u00f3 jelentkez\u00e9sn\u00e9l, de sokan elbizonytalanodnak emiatt","og:url":"https:\/\/allasorias.hu\/hirek\/vissza-kell-jelezni-a-cegeknek-az-allaskeresesnel\/","og:image":"https:\/\/allasorias.hu\/hirek\/wp-content\/uploads\/2024\/09\/visszajelzes-allaskeresesnel.jpg","og:image:secure_url":"https:\/\/allasorias.hu\/hirek\/wp-content\/uploads\/2024\/09\/visszajelzes-allaskeresesnel.jpg","og:image:width":1920,"og:image:height":1280,"article:published_time":"2024-09-24T07:55:49+00:00","article:modified_time":"2025-05-13T14:05:32+00:00","article:publisher":"https:\/\/www.facebook.com\/allasorias","twitter:card":"summary_large_image","twitter:title":"Fontos visszajelz\u00e9st adni az \u00e1ll\u00e1sp\u00e1ly\u00e1z\u00f3knak","twitter:description":"Van akit nem zavar, ha nem jeleznek vissza a c\u00e9gek az \u00e1ll\u00e1sra val\u00f3 jelentkez\u00e9sn\u00e9l, de sokan elbizonytalanodnak emiatt","twitter:image":"https:\/\/allasorias.hu\/hirek\/wp-content\/uploads\/2024\/09\/visszajelzes-allaskeresesnel.jpg","twitter:label1":"Written by","twitter:data1":"Juh\u00e1sz P\u00e9ter","twitter:label2":"Est. reading time","twitter:data2":"2 minutes"},"aioseo_meta_data":{"post_id":"7896","title":"Fontos visszajelz\u00e9st adni az \u00e1ll\u00e1sp\u00e1ly\u00e1z\u00f3knak","description":"Van akit nem zavar, ha nem jeleznek vissza a c\u00e9gek az \u00e1ll\u00e1sra val\u00f3 jelentkez\u00e9sn\u00e9l, de sokan elbizonytalanodnak emiatt","keywords":null,"keyphrases":{"focus":{"keyphrase":"","score":0,"analysis":{"keyphraseInTitle":{"score":0,"maxScore":9,"error":1}}},"additional":[]},"primary_term":null,"canonical_url":null,"og_title":null,"og_description":null,"og_object_type":"default","og_image_type":"default","og_image_url":null,"og_image_width":null,"og_image_height":null,"og_image_custom_url":null,"og_image_custom_fields":null,"og_video":"","og_custom_url":null,"og_article_section":null,"og_article_tags":null,"twitter_use_og":true,"twitter_card":"default","twitter_image_type":"default","twitter_image_url":null,"twitter_image_custom_url":null,"twitter_image_custom_fields":null,"twitter_title":null,"twitter_description":null,"schema":{"blockGraphs":[],"customGraphs":[],"default":{"data":{"Article":[],"Course":[],"Dataset":[],"FAQPage":[],"Movie":[],"Person":[],"Product":[],"ProductReview":[],"Car":[],"Recipe":[],"Service":[],"SoftwareApplication":[],"WebPage":[]},"graphName":"Article","isEnabled":true},"graphs":[]},"schema_type":"default","schema_type_options":null,"pillar_content":false,"robots_default":true,"robots_noindex":false,"robots_noarchive":false,"robots_nosnippet":false,"robots_nofollow":false,"robots_noimageindex":false,"robots_noodp":false,"robots_notranslate":false,"robots_max_snippet":"-1","robots_max_videopreview":"-1","robots_max_imagepreview":"large","priority":null,"frequency":"default","location":null,"local_seo":null,"breadcrumb_settings":null,"limit_modified_date":false,"ai":null,"created":"2024-09-24 07:14:36","updated":"2025-10-02 20:24:20","seo_analyzer_scan_date":null,"focus_keyword":null,"additional_keywords":null,"truseo_locale":null},"aioseo_breadcrumb":"<div class=\"aioseo-breadcrumbs\"><span class=\"aioseo-breadcrumb\">\n\t\t\t<a href=\"https:\/\/allasorias.hu\/hirek\" title=\"Home\">Home<\/a>\n\t\t<\/span><span class=\"aioseo-breadcrumb-separator\">&raquo;<\/span><span class=\"aioseo-breadcrumb\">\n\t\t\t<a href=\"https:\/\/allasorias.hu\/hirek\/temak\/allaskereses\/\" title=\"\u00c1ll\u00e1skeres\u00e9s\">\u00c1ll\u00e1skeres\u00e9s<\/a>\n\t\t<\/span><span class=\"aioseo-breadcrumb-separator\">&raquo;<\/span><span class=\"aioseo-breadcrumb\">\n\t\t\tVissza kell jelezni a c\u00e9geknek az \u00e1ll\u00e1skeres\u00e9sn\u00e9l\n\t\t<\/span><\/div>","aioseo_breadcrumb_json":[{"label":"Home","link":"https:\/\/allasorias.hu\/hirek"},{"label":"\u00c1ll\u00e1skeres\u00e9s","link":"https:\/\/allasorias.hu\/hirek\/temak\/allaskereses\/"},{"label":"Vissza kell jelezni a c\u00e9geknek az \u00e1ll\u00e1skeres\u00e9sn\u00e9l","link":"https:\/\/allasorias.hu\/hirek\/vissza-kell-jelezni-a-cegeknek-az-allaskeresesnel\/"}],"_links":{"self":[{"href":"https:\/\/allasorias.hu\/hirek\/wp-json\/wp\/v2\/posts\/7896","targetHints":{"allow":["GET"]}}],"collection":[{"href":"https:\/\/allasorias.hu\/hirek\/wp-json\/wp\/v2\/posts"}],"about":[{"href":"https:\/\/allasorias.hu\/hirek\/wp-json\/wp\/v2\/types\/post"}],"author":[{"embeddable":true,"href":"https:\/\/allasorias.hu\/hirek\/wp-json\/wp\/v2\/users\/1"}],"replies":[{"embeddable":true,"href":"https:\/\/allasorias.hu\/hirek\/wp-json\/wp\/v2\/comments?post=7896"}],"version-history":[{"count":1,"href":"https:\/\/allasorias.hu\/hirek\/wp-json\/wp\/v2\/posts\/7896\/revisions"}],"predecessor-version":[{"id":7898,"href":"https:\/\/allasorias.hu\/hirek\/wp-json\/wp\/v2\/posts\/7896\/revisions\/7898"}],"wp:featuredmedia":[{"embeddable":true,"href":"https:\/\/allasorias.hu\/hirek\/wp-json\/wp\/v2\/media\/7897"}],"wp:attachment":[{"href":"https:\/\/allasorias.hu\/hirek\/wp-json\/wp\/v2\/media?parent=7896"}],"wp:term":[{"taxonomy":"category","embeddable":true,"href":"https:\/\/allasorias.hu\/hirek\/wp-json\/wp\/v2\/categories?post=7896"},{"taxonomy":"post_tag","embeddable":true,"href":"https:\/\/allasorias.hu\/hirek\/wp-json\/wp\/v2\/tags?post=7896"}],"curies":[{"name":"wp","href":"https:\/\/api.w.org\/{rel}","templated":true}]}}