{"id":7893,"date":"2024-09-23T10:10:20","date_gmt":"2024-09-23T08:10:20","guid":{"rendered":"https:\/\/allasorias.hu\/hirek\/?p=7893"},"modified":"2025-05-09T13:05:11","modified_gmt":"2025-05-09T11:05:11","slug":"hogyan-alakultak-a-berek-egy-ev-alatt-hazankban","status":"publish","type":"post","link":"https:\/\/allasorias.hu\/hirek\/hogyan-alakultak-a-berek-egy-ev-alatt-hazankban\/","title":{"rendered":"Hogyan alakultak a b\u00e9rek egy \u00e9v alatt haz\u00e1nkban?"},"content":{"rendered":"<p><strong>T\u00f6bb mint 10 %-al n\u0151ttek a b\u00e9rek egy \u00e9v alatt Magyarorsz\u00e1gon. A nonprofit szektorban volt a legnagyobb ar\u00e1ny\u00fa n\u00f6veked\u00e9s.<\/strong><\/p>\n<p>A nett\u00f3 \u00e1tlagkereset kedvezm\u00e9nyek n\u00e9lk\u00fcl 423 400 forint volt 2024 j\u00falius\u00e1ban. 2024 j\u00falius\u00e1ban a teljes munkaid\u0151ben alkalmaz\u00e1sban \u00e1ll\u00f3k brutt\u00f3 \u00e1tlagkeresete 636 700, a kedvezm\u00e9nyek figyelembev\u00e9tel\u00e9vel sz\u00e1molt nett\u00f3 \u00e1tlagkereset 438 400 forint volt- der\u00fcl ki a KSH h\u00e9tf\u0151n k\u00f6zz\u00e9tett adataib\u00f3l. A brutt\u00f3 \u00e1tlagkereset 13,9, a nett\u00f3 \u00e1tlagkereset 13,7, a re\u00e1lkereset pedig 9,4%-kal n\u0151tt az egy \u00e9vvel kor\u00e1bbihoz k\u00e9pest.<\/p>\n<p>A brutt\u00f3 kereset medi\u00e1n\u00e9rt\u00e9ke 524 100, a nett\u00f3 kereset medi\u00e1n\u00e9rt\u00e9ke 362 900 forintot \u00e9rt el, 16,5, illetve 16,6%-kal meghaladta az el\u0151z\u0151 \u00e9v azonos id\u0151szakit. 13,9%-kal emelkedett a brutt\u00f3 \u00e1tlagkereset egy \u00e9v alatt.<\/p>\n<h2>2024. j\u00falius:<\/h2>\n<ul>\n<li>A teljes munkaid\u0151ben alkalmaz\u00e1sban \u00e1ll\u00f3k brutt\u00f3 \u00e1tlagkeresete 636 700 forint volt, 13,9%-kal magasabb az egy \u00e9vvel kor\u00e1bbin\u00e1l.<\/li>\n<li>A rendszeres (pr\u00e9mium, jutalom, egyhavi k\u00fcl\u00f6n juttat\u00e1s n\u00e9lk\u00fcli) brutt\u00f3 \u00e1tlagkereset 602 200 forintra becs\u00fclhet\u0151, ez 14,3%-kal t\u00f6bb, mint az el\u0151z\u0151 \u00e9v azonos id\u0151szak\u00e1ban. A rendszeres brutt\u00f3 \u00e1tlagkereset a v\u00e1llalkoz\u00e1sokn\u00e1l 598 800, a k\u00f6lts\u00e9gvet\u00e9sben 604 400, a nonprofit szektorban 629 600 forintot tett ki, 13,2, 17,0, illetve 18,2%-kal emelkedett egy \u00e9v alatt.<\/li>\n<li>A nett\u00f3 \u00e1tlagkereset kedvezm\u00e9nyek n\u00e9lk\u00fcl 423 400, a kedvezm\u00e9nyeket figyelembe v\u00e9ve 438 400 forintot \u00e9rt el, 13,9, illetve 13,7%-kal magasabb volt, mint 2023. j\u00faliusban.<\/li>\n<li>A re\u00e1lkereset 9,4%-kal n\u0151tt a fogyaszt\u00f3i \u00e1rak el\u0151z\u0151 \u00e9v azonos id\u0151szak\u00e1hoz m\u00e9rt 4,1%-os n\u00f6veked\u00e9se mellett.<\/li>\n<li>A brutt\u00f3 medi\u00e1nkereset 524 100 forint volt, 16,5%-kal meghaladta az egy \u00e9vvel kor\u00e1bbit.<\/li>\n<li>A kedvezm\u00e9nyek figyelembev\u00e9tel\u00e9vel sz\u00e1m\u00edtott nett\u00f3 kereset medi\u00e1n\u00e9rt\u00e9ke 362 900 forintot \u00e9rt el, 16,6%-kal fel\u00fclm\u00falva az el\u0151z\u0151 \u00e9v azonos id\u0151szakit.<\/li>\n<\/ul>\n<h2>2024. janu\u00e1r\u2013j\u00falius:<\/h2>\n<ul>\n<li>A teljes munkaid\u0151ben alkalmaz\u00e1sban \u00e1ll\u00f3k brutt\u00f3 \u00e1tlagkeresete 635 000 forint volt.<\/li>\n<li>A nett\u00f3 \u00e1tlagkereset kedvezm\u00e9nyek n\u00e9lk\u00fcl 422 300, a kedvezm\u00e9nyeket figyelembe v\u00e9ve 437 100 forintot \u00e9rt el.<\/li>\n<li>A brutt\u00f3 \u00e9s a kedvezm\u00e9nyek n\u00e9lk\u00fcl sz\u00e1m\u00edtott nett\u00f3 \u00e1tlagkereset egyar\u00e1nt 14,0, m\u00edg a kedvezm\u00e9nyek figyelembev\u00e9tel\u00e9vel sz\u00e1m\u00edtott nett\u00f3 kereset 13,8%-kal n\u0151tt az el\u0151z\u0151 \u00e9v azonos id\u0151szak\u00e1hoz k\u00e9pest.<\/li>\n<\/ul>\n<p>Forr\u00e1s: <a href=\"https:\/\/www.hrportal.hu\/c\/13-9-kal-emelkedett-a-brutto-atlagkereset-egy-ev-alatt-20240923.html\" target=\"_blank\" rel=\"nofollow noopener noreferrer\">hrportal.hu<\/a><\/p>\n","protected":false},"excerpt":{"rendered":"<p>T\u00f6bb mint 10 %-al n\u0151ttek a b\u00e9rek egy \u00e9v alatt Magyarorsz\u00e1gon. A nonprofit szektorban volt a legnagyobb ar\u00e1ny\u00fa n\u00f6veked\u00e9s. A nett\u00f3 \u00e1tlagkereset kedvezm\u00e9nyek n\u00e9lk\u00fcl 423 400 forint volt 2024 j\u00falius\u00e1ban. 2024 j\u00falius\u00e1ban a teljes munkaid\u0151ben alkalmaz\u00e1sban \u00e1ll\u00f3k brutt\u00f3 \u00e1tlagkeresete 636 700, a kedvezm\u00e9nyek figyelembev\u00e9tel\u00e9vel sz\u00e1molt nett\u00f3 \u00e1tlagkereset 438 400 forint volt- der\u00fcl ki a KSH [&hellip;]<\/p>\n","protected":false},"author":1,"featured_media":7894,"comment_status":"closed","ping_status":"closed","sticky":false,"template":"","format":"standard","meta":{"_monsterinsights_skip_tracking":false,"footnotes":""},"categories":[198],"tags":[330,229],"class_list":["post-7893","post","type-post","status-publish","format-standard","has-post-thumbnail","hentry","category-gazdasag","tag-atlagkereset","tag-berek"],"aioseo_notices":[],"aioseo_head":"\n\t\t<!-- All in One SEO 5.0.0.1 - aioseo.com -->\n\t<meta name=\"description\" content=\"T\u00f6bb mint 10 %-al n\u0151ttek a b\u00e9rek egy \u00e9v alatt Magyarorsz\u00e1gon. A nonprofit szektorban volt a legnagyobb ar\u00e1ny\u00fa n\u00f6veked\u00e9s.\" \/>\n\t<meta name=\"robots\" content=\"max-image-preview:large\" \/>\n\t<meta name=\"author\" content=\"Juh\u00e1sz P\u00e9ter\"\/>\n\t<meta name=\"keywords\" content=\"\u00e1tlagkereset,b\u00e9rek\" \/>\n\t<link rel=\"canonical\" href=\"https:\/\/allasorias.hu\/hirek\/hogyan-alakultak-a-berek-egy-ev-alatt-hazankban\/\" \/>\n\t<meta name=\"generator\" content=\"All in One SEO (AIOSEO) 5.0.0.1\" \/>\n\t\t<meta property=\"og:locale\" content=\"hu_HU\" \/>\n\t\t<meta property=\"og:site_name\" content=\"AllasOrias.hu | H\u00edrek-lapszemle | \u00dczleti h\u00edrek az \u00e1ll\u00e1s \u00e9s a munka vil\u00e1g\u00e1b\u00f3l\" \/>\n\t\t<meta property=\"og:type\" content=\"article\" \/>\n\t\t<meta property=\"og:title\" content=\"B\u00e9rek alakul\u00e1sa Magyarorsz\u00e1gon az elm\u00falt \u00e9vben\" \/>\n\t\t<meta property=\"og:description\" content=\"T\u00f6bb mint 10 %-al n\u0151ttek a b\u00e9rek egy \u00e9v alatt Magyarorsz\u00e1gon. A nonprofit szektorban volt a legnagyobb ar\u00e1ny\u00fa n\u00f6veked\u00e9s.\" \/>\n\t\t<meta property=\"og:url\" content=\"https:\/\/allasorias.hu\/hirek\/hogyan-alakultak-a-berek-egy-ev-alatt-hazankban\/\" \/>\n\t\t<meta property=\"og:image\" content=\"https:\/\/allasorias.hu\/hirek\/wp-content\/uploads\/2024\/09\/berek-alakulasa.jpg\" \/>\n\t\t<meta property=\"og:image:secure_url\" content=\"https:\/\/allasorias.hu\/hirek\/wp-content\/uploads\/2024\/09\/berek-alakulasa.jpg\" \/>\n\t\t<meta property=\"og:image:width\" content=\"1920\" \/>\n\t\t<meta property=\"og:image:height\" content=\"1280\" \/>\n\t\t<meta property=\"article:published_time\" content=\"2024-09-23T08:10:20+00:00\" \/>\n\t\t<meta property=\"article:modified_time\" content=\"2025-05-09T11:05:11+00:00\" \/>\n\t\t<meta property=\"article:publisher\" content=\"https:\/\/www.facebook.com\/allasorias\" \/>\n\t\t<meta name=\"twitter:card\" content=\"summary_large_image\" \/>\n\t\t<meta name=\"twitter:title\" content=\"B\u00e9rek alakul\u00e1sa Magyarorsz\u00e1gon az elm\u00falt \u00e9vben\" \/>\n\t\t<meta name=\"twitter:description\" content=\"T\u00f6bb mint 10 %-al n\u0151ttek a b\u00e9rek egy \u00e9v alatt Magyarorsz\u00e1gon. A nonprofit szektorban volt a legnagyobb ar\u00e1ny\u00fa n\u00f6veked\u00e9s.\" \/>\n\t\t<meta name=\"twitter:image\" content=\"https:\/\/allasorias.hu\/hirek\/wp-content\/uploads\/2024\/09\/berek-alakulasa.jpg\" \/>\n\t\t<meta name=\"twitter:label1\" content=\"Written by\" \/>\n\t\t<meta name=\"twitter:data1\" content=\"Juh\u00e1sz P\u00e9ter\" \/>\n\t\t<meta name=\"twitter:label2\" content=\"Est. reading time\" \/>\n\t\t<meta name=\"twitter:data2\" content=\"2 minutes\" \/>\n\t\t<script type=\"application\/ld+json\" class=\"aioseo-schema\">\n\t\t\t{\"@context\":\"https:\\\/\\\/schema.org\",\"@graph\":[{\"@type\":\"Article\",\"@id\":\"https:\\\/\\\/allasorias.hu\\\/hirek\\\/hogyan-alakultak-a-berek-egy-ev-alatt-hazankban\\\/#article\",\"name\":\"B\\u00e9rek alakul\\u00e1sa Magyarorsz\\u00e1gon az elm\\u00falt \\u00e9vben\",\"headline\":\"Hogyan alakultak a b\\u00e9rek egy \\u00e9v alatt haz\\u00e1nkban?\",\"author\":{\"@id\":\"https:\\\/\\\/allasorias.hu\\\/hirek\\\/author\\\/admin-allasorias\\\/#author\"},\"publisher\":{\"@id\":\"https:\\\/\\\/allasorias.hu\\\/hirek\\\/#organization\"},\"image\":{\"@type\":\"ImageObject\",\"url\":\"https:\\\/\\\/allasorias.hu\\\/hirek\\\/wp-content\\\/uploads\\\/2024\\\/09\\\/berek-alakulasa.jpg\",\"width\":1920,\"height\":1280,\"caption\":\"Hogyan alakultak a b\\u00e9rek egy \\u00e9v alatt haz\\u00e1nkban? - Allasorias.hu\\\/Hirek\"},\"datePublished\":\"2024-09-23T10:10:20+02:00\",\"dateModified\":\"2025-05-09T13:05:11+02:00\",\"inLanguage\":\"hu-HU\",\"mainEntityOfPage\":{\"@id\":\"https:\\\/\\\/allasorias.hu\\\/hirek\\\/hogyan-alakultak-a-berek-egy-ev-alatt-hazankban\\\/#webpage\"},\"isPartOf\":{\"@id\":\"https:\\\/\\\/allasorias.hu\\\/hirek\\\/hogyan-alakultak-a-berek-egy-ev-alatt-hazankban\\\/#webpage\"},\"articleSection\":\"Gazdas\\u00e1g, \\u00e1tlagkereset, b\\u00e9rek\"},{\"@type\":\"BreadcrumbList\",\"@id\":\"https:\\\/\\\/allasorias.hu\\\/hirek\\\/hogyan-alakultak-a-berek-egy-ev-alatt-hazankban\\\/#breadcrumblist\",\"itemListElement\":[{\"@type\":\"ListItem\",\"@id\":\"https:\\\/\\\/allasorias.hu\\\/hirek#listItem\",\"position\":1,\"name\":\"Home\",\"item\":\"https:\\\/\\\/allasorias.hu\\\/hirek\",\"nextItem\":{\"@type\":\"ListItem\",\"@id\":\"https:\\\/\\\/allasorias.hu\\\/hirek\\\/temak\\\/gazdasag\\\/#listItem\",\"name\":\"Gazdas\\u00e1g\"}},{\"@type\":\"ListItem\",\"@id\":\"https:\\\/\\\/allasorias.hu\\\/hirek\\\/temak\\\/gazdasag\\\/#listItem\",\"position\":2,\"name\":\"Gazdas\\u00e1g\",\"item\":\"https:\\\/\\\/allasorias.hu\\\/hirek\\\/temak\\\/gazdasag\\\/\",\"nextItem\":{\"@type\":\"ListItem\",\"@id\":\"https:\\\/\\\/allasorias.hu\\\/hirek\\\/hogyan-alakultak-a-berek-egy-ev-alatt-hazankban\\\/#listItem\",\"name\":\"Hogyan alakultak a b\\u00e9rek egy \\u00e9v alatt haz\\u00e1nkban?\"},\"previousItem\":{\"@type\":\"ListItem\",\"@id\":\"https:\\\/\\\/allasorias.hu\\\/hirek#listItem\",\"name\":\"Home\"}},{\"@type\":\"ListItem\",\"@id\":\"https:\\\/\\\/allasorias.hu\\\/hirek\\\/hogyan-alakultak-a-berek-egy-ev-alatt-hazankban\\\/#listItem\",\"position\":3,\"name\":\"Hogyan alakultak a b\\u00e9rek egy \\u00e9v alatt haz\\u00e1nkban?\",\"previousItem\":{\"@type\":\"ListItem\",\"@id\":\"https:\\\/\\\/allasorias.hu\\\/hirek\\\/temak\\\/gazdasag\\\/#listItem\",\"name\":\"Gazdas\\u00e1g\"}}]},{\"@type\":\"Organization\",\"@id\":\"https:\\\/\\\/allasorias.hu\\\/hirek\\\/#organization\",\"name\":\"AllasOrias.hu | H\\u00edrek-lapszemle\",\"description\":\"\\u00dczleti h\\u00edrek az \\u00e1ll\\u00e1s \\u00e9s a munka vil\\u00e1g\\u00e1b\\u00f3l\",\"url\":\"https:\\\/\\\/allasorias.hu\\\/hirek\\\/\",\"logo\":{\"@type\":\"ImageObject\",\"url\":\"https:\\\/\\\/allasorias.hu\\\/hirek\\\/wp-content\\\/uploads\\\/2022\\\/10\\\/allasorias_site_facebok_logo.png\",\"@id\":\"https:\\\/\\\/allasorias.hu\\\/hirek\\\/hogyan-alakultak-a-berek-egy-ev-alatt-hazankban\\\/#organizationLogo\"},\"image\":{\"@id\":\"https:\\\/\\\/allasorias.hu\\\/hirek\\\/hogyan-alakultak-a-berek-egy-ev-alatt-hazankban\\\/#organizationLogo\"},\"sameAs\":[\"https:\\\/\\\/www.facebook.com\\\/allasorias\",\"https:\\\/\\\/www.linkedin.com\\\/company\\\/allasorias\"]},{\"@type\":\"Person\",\"@id\":\"https:\\\/\\\/allasorias.hu\\\/hirek\\\/author\\\/admin-allasorias\\\/#author\",\"url\":\"https:\\\/\\\/allasorias.hu\\\/hirek\\\/author\\\/admin-allasorias\\\/\",\"name\":\"Juh\\u00e1sz P\\u00e9ter\",\"image\":{\"@type\":\"ImageObject\",\"@id\":\"https:\\\/\\\/allasorias.hu\\\/hirek\\\/hogyan-alakultak-a-berek-egy-ev-alatt-hazankban\\\/#authorImage\",\"url\":\"https:\\\/\\\/secure.gravatar.com\\\/avatar\\\/36e6bcb83148978b992977cb0f54d22feb0cce8a0a849a9410532bb2623ba4c6?s=96&d=mm&r=g\",\"width\":96,\"height\":96,\"caption\":\"Juh\\u00e1sz P\\u00e9ter\"}},{\"@type\":\"WebPage\",\"@id\":\"https:\\\/\\\/allasorias.hu\\\/hirek\\\/hogyan-alakultak-a-berek-egy-ev-alatt-hazankban\\\/#webpage\",\"url\":\"https:\\\/\\\/allasorias.hu\\\/hirek\\\/hogyan-alakultak-a-berek-egy-ev-alatt-hazankban\\\/\",\"name\":\"B\\u00e9rek alakul\\u00e1sa Magyarorsz\\u00e1gon az elm\\u00falt \\u00e9vben\",\"description\":\"T\\u00f6bb mint 10 %-al n\\u0151ttek a b\\u00e9rek egy \\u00e9v alatt Magyarorsz\\u00e1gon. A nonprofit szektorban volt a legnagyobb ar\\u00e1ny\\u00fa n\\u00f6veked\\u00e9s.\",\"inLanguage\":\"hu-HU\",\"isPartOf\":{\"@id\":\"https:\\\/\\\/allasorias.hu\\\/hirek\\\/#website\"},\"breadcrumb\":{\"@id\":\"https:\\\/\\\/allasorias.hu\\\/hirek\\\/hogyan-alakultak-a-berek-egy-ev-alatt-hazankban\\\/#breadcrumblist\"},\"author\":{\"@id\":\"https:\\\/\\\/allasorias.hu\\\/hirek\\\/author\\\/admin-allasorias\\\/#author\"},\"creator\":{\"@id\":\"https:\\\/\\\/allasorias.hu\\\/hirek\\\/author\\\/admin-allasorias\\\/#author\"},\"image\":{\"@type\":\"ImageObject\",\"url\":\"https:\\\/\\\/allasorias.hu\\\/hirek\\\/wp-content\\\/uploads\\\/2024\\\/09\\\/berek-alakulasa.jpg\",\"@id\":\"https:\\\/\\\/allasorias.hu\\\/hirek\\\/hogyan-alakultak-a-berek-egy-ev-alatt-hazankban\\\/#mainImage\",\"width\":1920,\"height\":1280,\"caption\":\"Hogyan alakultak a b\\u00e9rek egy \\u00e9v alatt haz\\u00e1nkban? - Allasorias.hu\\\/Hirek\"},\"primaryImageOfPage\":{\"@id\":\"https:\\\/\\\/allasorias.hu\\\/hirek\\\/hogyan-alakultak-a-berek-egy-ev-alatt-hazankban\\\/#mainImage\"},\"datePublished\":\"2024-09-23T10:10:20+02:00\",\"dateModified\":\"2025-05-09T13:05:11+02:00\"},{\"@type\":\"WebSite\",\"@id\":\"https:\\\/\\\/allasorias.hu\\\/hirek\\\/#website\",\"url\":\"https:\\\/\\\/allasorias.hu\\\/hirek\\\/\",\"name\":\"AllasOrias.hu | H\\u00edrek-lapszemle\",\"description\":\"\\u00dczleti h\\u00edrek az \\u00e1ll\\u00e1s \\u00e9s a munka vil\\u00e1g\\u00e1b\\u00f3l\",\"inLanguage\":\"hu-HU\",\"publisher\":{\"@id\":\"https:\\\/\\\/allasorias.hu\\\/hirek\\\/#organization\"}}]}\n\t\t<\/script>\n\t\t<!-- All in One SEO -->\n\n","aioseo_head_json":{"title":"B\u00e9rek alakul\u00e1sa Magyarorsz\u00e1gon az elm\u00falt \u00e9vben","description":"T\u00f6bb mint 10 %-al n\u0151ttek a b\u00e9rek egy \u00e9v alatt Magyarorsz\u00e1gon. A nonprofit szektorban volt a legnagyobb ar\u00e1ny\u00fa n\u00f6veked\u00e9s.","canonical_url":"https:\/\/allasorias.hu\/hirek\/hogyan-alakultak-a-berek-egy-ev-alatt-hazankban\/","robots":"max-image-preview:large","keywords":"\u00e1tlagkereset,b\u00e9rek","webmasterTools":{"miscellaneous":""},"schema":{"@context":"https:\/\/schema.org","@graph":[{"@type":"Article","@id":"https:\/\/allasorias.hu\/hirek\/hogyan-alakultak-a-berek-egy-ev-alatt-hazankban\/#article","name":"B\u00e9rek alakul\u00e1sa Magyarorsz\u00e1gon az elm\u00falt \u00e9vben","headline":"Hogyan alakultak a b\u00e9rek egy \u00e9v alatt haz\u00e1nkban?","author":{"@id":"https:\/\/allasorias.hu\/hirek\/author\/admin-allasorias\/#author"},"publisher":{"@id":"https:\/\/allasorias.hu\/hirek\/#organization"},"image":{"@type":"ImageObject","url":"https:\/\/allasorias.hu\/hirek\/wp-content\/uploads\/2024\/09\/berek-alakulasa.jpg","width":1920,"height":1280,"caption":"Hogyan alakultak a b\u00e9rek egy \u00e9v alatt haz\u00e1nkban? - Allasorias.hu\/Hirek"},"datePublished":"2024-09-23T10:10:20+02:00","dateModified":"2025-05-09T13:05:11+02:00","inLanguage":"hu-HU","mainEntityOfPage":{"@id":"https:\/\/allasorias.hu\/hirek\/hogyan-alakultak-a-berek-egy-ev-alatt-hazankban\/#webpage"},"isPartOf":{"@id":"https:\/\/allasorias.hu\/hirek\/hogyan-alakultak-a-berek-egy-ev-alatt-hazankban\/#webpage"},"articleSection":"Gazdas\u00e1g, \u00e1tlagkereset, b\u00e9rek"},{"@type":"BreadcrumbList","@id":"https:\/\/allasorias.hu\/hirek\/hogyan-alakultak-a-berek-egy-ev-alatt-hazankban\/#breadcrumblist","itemListElement":[{"@type":"ListItem","@id":"https:\/\/allasorias.hu\/hirek#listItem","position":1,"name":"Home","item":"https:\/\/allasorias.hu\/hirek","nextItem":{"@type":"ListItem","@id":"https:\/\/allasorias.hu\/hirek\/temak\/gazdasag\/#listItem","name":"Gazdas\u00e1g"}},{"@type":"ListItem","@id":"https:\/\/allasorias.hu\/hirek\/temak\/gazdasag\/#listItem","position":2,"name":"Gazdas\u00e1g","item":"https:\/\/allasorias.hu\/hirek\/temak\/gazdasag\/","nextItem":{"@type":"ListItem","@id":"https:\/\/allasorias.hu\/hirek\/hogyan-alakultak-a-berek-egy-ev-alatt-hazankban\/#listItem","name":"Hogyan alakultak a b\u00e9rek egy \u00e9v alatt haz\u00e1nkban?"},"previousItem":{"@type":"ListItem","@id":"https:\/\/allasorias.hu\/hirek#listItem","name":"Home"}},{"@type":"ListItem","@id":"https:\/\/allasorias.hu\/hirek\/hogyan-alakultak-a-berek-egy-ev-alatt-hazankban\/#listItem","position":3,"name":"Hogyan alakultak a b\u00e9rek egy \u00e9v alatt haz\u00e1nkban?","previousItem":{"@type":"ListItem","@id":"https:\/\/allasorias.hu\/hirek\/temak\/gazdasag\/#listItem","name":"Gazdas\u00e1g"}}]},{"@type":"Organization","@id":"https:\/\/allasorias.hu\/hirek\/#organization","name":"AllasOrias.hu | H\u00edrek-lapszemle","description":"\u00dczleti h\u00edrek az \u00e1ll\u00e1s \u00e9s a munka vil\u00e1g\u00e1b\u00f3l","url":"https:\/\/allasorias.hu\/hirek\/","logo":{"@type":"ImageObject","url":"https:\/\/allasorias.hu\/hirek\/wp-content\/uploads\/2022\/10\/allasorias_site_facebok_logo.png","@id":"https:\/\/allasorias.hu\/hirek\/hogyan-alakultak-a-berek-egy-ev-alatt-hazankban\/#organizationLogo"},"image":{"@id":"https:\/\/allasorias.hu\/hirek\/hogyan-alakultak-a-berek-egy-ev-alatt-hazankban\/#organizationLogo"},"sameAs":["https:\/\/www.facebook.com\/allasorias","https:\/\/www.linkedin.com\/company\/allasorias"]},{"@type":"Person","@id":"https:\/\/allasorias.hu\/hirek\/author\/admin-allasorias\/#author","url":"https:\/\/allasorias.hu\/hirek\/author\/admin-allasorias\/","name":"Juh\u00e1sz P\u00e9ter","image":{"@type":"ImageObject","@id":"https:\/\/allasorias.hu\/hirek\/hogyan-alakultak-a-berek-egy-ev-alatt-hazankban\/#authorImage","url":"https:\/\/secure.gravatar.com\/avatar\/36e6bcb83148978b992977cb0f54d22feb0cce8a0a849a9410532bb2623ba4c6?s=96&d=mm&r=g","width":96,"height":96,"caption":"Juh\u00e1sz P\u00e9ter"}},{"@type":"WebPage","@id":"https:\/\/allasorias.hu\/hirek\/hogyan-alakultak-a-berek-egy-ev-alatt-hazankban\/#webpage","url":"https:\/\/allasorias.hu\/hirek\/hogyan-alakultak-a-berek-egy-ev-alatt-hazankban\/","name":"B\u00e9rek alakul\u00e1sa Magyarorsz\u00e1gon az elm\u00falt \u00e9vben","description":"T\u00f6bb mint 10 %-al n\u0151ttek a b\u00e9rek egy \u00e9v alatt Magyarorsz\u00e1gon. A nonprofit szektorban volt a legnagyobb ar\u00e1ny\u00fa n\u00f6veked\u00e9s.","inLanguage":"hu-HU","isPartOf":{"@id":"https:\/\/allasorias.hu\/hirek\/#website"},"breadcrumb":{"@id":"https:\/\/allasorias.hu\/hirek\/hogyan-alakultak-a-berek-egy-ev-alatt-hazankban\/#breadcrumblist"},"author":{"@id":"https:\/\/allasorias.hu\/hirek\/author\/admin-allasorias\/#author"},"creator":{"@id":"https:\/\/allasorias.hu\/hirek\/author\/admin-allasorias\/#author"},"image":{"@type":"ImageObject","url":"https:\/\/allasorias.hu\/hirek\/wp-content\/uploads\/2024\/09\/berek-alakulasa.jpg","@id":"https:\/\/allasorias.hu\/hirek\/hogyan-alakultak-a-berek-egy-ev-alatt-hazankban\/#mainImage","width":1920,"height":1280,"caption":"Hogyan alakultak a b\u00e9rek egy \u00e9v alatt haz\u00e1nkban? - Allasorias.hu\/Hirek"},"primaryImageOfPage":{"@id":"https:\/\/allasorias.hu\/hirek\/hogyan-alakultak-a-berek-egy-ev-alatt-hazankban\/#mainImage"},"datePublished":"2024-09-23T10:10:20+02:00","dateModified":"2025-05-09T13:05:11+02:00"},{"@type":"WebSite","@id":"https:\/\/allasorias.hu\/hirek\/#website","url":"https:\/\/allasorias.hu\/hirek\/","name":"AllasOrias.hu | H\u00edrek-lapszemle","description":"\u00dczleti h\u00edrek az \u00e1ll\u00e1s \u00e9s a munka vil\u00e1g\u00e1b\u00f3l","inLanguage":"hu-HU","publisher":{"@id":"https:\/\/allasorias.hu\/hirek\/#organization"}}]},"og:locale":"hu_HU","og:site_name":"AllasOrias.hu | H\u00edrek-lapszemle | \u00dczleti h\u00edrek az \u00e1ll\u00e1s \u00e9s a munka vil\u00e1g\u00e1b\u00f3l","og:type":"article","og:title":"B\u00e9rek alakul\u00e1sa Magyarorsz\u00e1gon az elm\u00falt \u00e9vben","og:description":"T\u00f6bb mint 10 %-al n\u0151ttek a b\u00e9rek egy \u00e9v alatt Magyarorsz\u00e1gon. A nonprofit szektorban volt a legnagyobb ar\u00e1ny\u00fa n\u00f6veked\u00e9s.","og:url":"https:\/\/allasorias.hu\/hirek\/hogyan-alakultak-a-berek-egy-ev-alatt-hazankban\/","og:image":"https:\/\/allasorias.hu\/hirek\/wp-content\/uploads\/2024\/09\/berek-alakulasa.jpg","og:image:secure_url":"https:\/\/allasorias.hu\/hirek\/wp-content\/uploads\/2024\/09\/berek-alakulasa.jpg","og:image:width":1920,"og:image:height":1280,"article:published_time":"2024-09-23T08:10:20+00:00","article:modified_time":"2025-05-09T11:05:11+00:00","article:publisher":"https:\/\/www.facebook.com\/allasorias","twitter:card":"summary_large_image","twitter:title":"B\u00e9rek alakul\u00e1sa Magyarorsz\u00e1gon az elm\u00falt \u00e9vben","twitter:description":"T\u00f6bb mint 10 %-al n\u0151ttek a b\u00e9rek egy \u00e9v alatt Magyarorsz\u00e1gon. A nonprofit szektorban volt a legnagyobb ar\u00e1ny\u00fa n\u00f6veked\u00e9s.","twitter:image":"https:\/\/allasorias.hu\/hirek\/wp-content\/uploads\/2024\/09\/berek-alakulasa.jpg","twitter:label1":"Written by","twitter:data1":"Juh\u00e1sz P\u00e9ter","twitter:label2":"Est. reading time","twitter:data2":"2 minutes"},"aioseo_meta_data":{"post_id":"7893","title":"B\u00e9rek alakul\u00e1sa Magyarorsz\u00e1gon az elm\u00falt \u00e9vben","description":"T\u00f6bb mint 10 %-al n\u0151ttek a b\u00e9rek egy \u00e9v alatt Magyarorsz\u00e1gon. A nonprofit szektorban volt a legnagyobb ar\u00e1ny\u00fa n\u00f6veked\u00e9s.","keywords":null,"keyphrases":{"focus":{"keyphrase":"","score":0,"analysis":{"keyphraseInTitle":{"score":0,"maxScore":9,"error":1}}},"additional":[]},"primary_term":null,"canonical_url":null,"og_title":null,"og_description":null,"og_object_type":"default","og_image_type":"default","og_image_url":null,"og_image_width":null,"og_image_height":null,"og_image_custom_url":null,"og_image_custom_fields":null,"og_video":"","og_custom_url":null,"og_article_section":null,"og_article_tags":null,"twitter_use_og":true,"twitter_card":"default","twitter_image_type":"default","twitter_image_url":null,"twitter_image_custom_url":null,"twitter_image_custom_fields":null,"twitter_title":null,"twitter_description":null,"schema":{"blockGraphs":[],"customGraphs":[],"default":{"data":{"Article":[],"Course":[],"Dataset":[],"FAQPage":[],"Movie":[],"Person":[],"Product":[],"ProductReview":[],"Car":[],"Recipe":[],"Service":[],"SoftwareApplication":[],"WebPage":[]},"graphName":"Article","isEnabled":true},"graphs":[]},"schema_type":"default","schema_type_options":null,"pillar_content":false,"robots_default":true,"robots_noindex":false,"robots_noarchive":false,"robots_nosnippet":false,"robots_nofollow":false,"robots_noimageindex":false,"robots_noodp":false,"robots_notranslate":false,"robots_max_snippet":"-1","robots_max_videopreview":"-1","robots_max_imagepreview":"large","priority":null,"frequency":"default","location":null,"local_seo":null,"breadcrumb_settings":null,"limit_modified_date":false,"ai":null,"created":"2024-09-23 08:00:22","updated":"2025-10-02 20:24:20","seo_analyzer_scan_date":null,"focus_keyword":null,"additional_keywords":null,"truseo_locale":null},"aioseo_breadcrumb":"<div class=\"aioseo-breadcrumbs\"><span class=\"aioseo-breadcrumb\">\n\t\t\t<a href=\"https:\/\/allasorias.hu\/hirek\" title=\"Home\">Home<\/a>\n\t\t<\/span><span class=\"aioseo-breadcrumb-separator\">&raquo;<\/span><span class=\"aioseo-breadcrumb\">\n\t\t\t<a href=\"https:\/\/allasorias.hu\/hirek\/temak\/gazdasag\/\" title=\"Gazdas\u00e1g\">Gazdas\u00e1g<\/a>\n\t\t<\/span><span class=\"aioseo-breadcrumb-separator\">&raquo;<\/span><span class=\"aioseo-breadcrumb\">\n\t\t\tHogyan alakultak a b\u00e9rek egy \u00e9v alatt haz\u00e1nkban?\n\t\t<\/span><\/div>","aioseo_breadcrumb_json":[{"label":"Home","link":"https:\/\/allasorias.hu\/hirek"},{"label":"Gazdas\u00e1g","link":"https:\/\/allasorias.hu\/hirek\/temak\/gazdasag\/"},{"label":"Hogyan alakultak a b\u00e9rek egy \u00e9v alatt haz\u00e1nkban?","link":"https:\/\/allasorias.hu\/hirek\/hogyan-alakultak-a-berek-egy-ev-alatt-hazankban\/"}],"_links":{"self":[{"href":"https:\/\/allasorias.hu\/hirek\/wp-json\/wp\/v2\/posts\/7893","targetHints":{"allow":["GET"]}}],"collection":[{"href":"https:\/\/allasorias.hu\/hirek\/wp-json\/wp\/v2\/posts"}],"about":[{"href":"https:\/\/allasorias.hu\/hirek\/wp-json\/wp\/v2\/types\/post"}],"author":[{"embeddable":true,"href":"https:\/\/allasorias.hu\/hirek\/wp-json\/wp\/v2\/users\/1"}],"replies":[{"embeddable":true,"href":"https:\/\/allasorias.hu\/hirek\/wp-json\/wp\/v2\/comments?post=7893"}],"version-history":[{"count":1,"href":"https:\/\/allasorias.hu\/hirek\/wp-json\/wp\/v2\/posts\/7893\/revisions"}],"predecessor-version":[{"id":7895,"href":"https:\/\/allasorias.hu\/hirek\/wp-json\/wp\/v2\/posts\/7893\/revisions\/7895"}],"wp:featuredmedia":[{"embeddable":true,"href":"https:\/\/allasorias.hu\/hirek\/wp-json\/wp\/v2\/media\/7894"}],"wp:attachment":[{"href":"https:\/\/allasorias.hu\/hirek\/wp-json\/wp\/v2\/media?parent=7893"}],"wp:term":[{"taxonomy":"category","embeddable":true,"href":"https:\/\/allasorias.hu\/hirek\/wp-json\/wp\/v2\/categories?post=7893"},{"taxonomy":"post_tag","embeddable":true,"href":"https:\/\/allasorias.hu\/hirek\/wp-json\/wp\/v2\/tags?post=7893"}],"curies":[{"name":"wp","href":"https:\/\/api.w.org\/{rel}","templated":true}]}}