{"id":7870,"date":"2024-09-11T09:44:21","date_gmt":"2024-09-11T07:44:21","guid":{"rendered":"https:\/\/allasorias.hu\/hirek\/?p=7870"},"modified":"2025-05-09T10:54:52","modified_gmt":"2025-05-09T08:54:52","slug":"bizakodoak-a-munkaeropiac-szereploi-hazankban","status":"publish","type":"post","link":"https:\/\/allasorias.hu\/hirek\/bizakodoak-a-munkaeropiac-szereploi-hazankban\/","title":{"rendered":"Bizakod\u00f3ak a munkaer\u0151piac szerepl\u0151i haz\u00e1nkban"},"content":{"rendered":"<p><strong>Bizakod\u00f3ak a munkaer\u0151piac szerepl\u0151i haz\u00e1nkban, legal\u00e1bbis ezt mutatja egy felm\u00e9r\u00e9s. A c\u00e9gek nagy r\u00e9sze v\u00e1ltozatlan l\u00e9tsz\u00e1mmal m\u0171k\u00f6dne tov\u00e1bb \u00e9s egy j\u00f3 h\u00e1nyaduk l\u00e9tsz\u00e1mb\u0151v\u00edt\u00e9st is tervez. Az aut\u00f3ipari szektorban azonban visszaes\u00e9sre lehet sz\u00e1m\u00edtani.<\/strong><\/p>\n<p>2022 els\u0151 negyed\u00e9ve \u00f3ta nem volt m\u00e9g olyan optimista a hangulat munkaer\u0151piacon, mint id\u00e9n. A hazai munk\u00e1ltat\u00f3k 35%-a l\u00e9tsz\u00e1mb\u0151v\u00edt\u00e9st tervez, ezzel szemben csak 18%-uk gondolkodik a le\u00e9p\u00edt\u00e9sen. Egy a t\u00e9m\u00e1val foglalkoz\u00f3, glob\u00e1lis felm\u00e9r\u00e9s keret\u00e9ben 525 magyar munk\u00e1ltat\u00f3t k\u00e9rdeztek meg, illetve tov\u00e1bbi 42 orsz\u00e1gban v\u00e9geztek m\u00e9g m\u00e9r\u00e9seket. Az eredm\u00e9nyekb\u0151l kider\u00fclt, hogy sokat javult a munkaer\u0151piac helyzete itthon.<\/p>\n<p>A jelenlegi Nett\u00f3 Foglalkoztat\u00e1si Mutat\u00f3 (NFM) +17%, ami 3%-al magasabb az el\u0151z\u0151 negyed\u00e9vin\u00e9l, \u00f6sszesen pedig 5%-ot n\u00f6vekedett. A l\u00e9tsz\u00e1mv\u00e1ltoztat\u00e1s k\u00e9rd\u00e9s\u00e9ben a c\u00e9gek 44%-a biztos, hogy v\u00e1ltozatlan l\u00e9tsz\u00e1mmal haladna tov\u00e1bb, 3%-uk pedig bizonytalan \u2013 der\u00fcl ki a Manpower Magyarorsz\u00e1g friss munkaer\u0151piaci jelent\u00e9s\u00e9b\u0151l. Feh\u00e9r Tam\u00e1s, a Manpower magyarorsz\u00e1gi, horv\u00e1torsz\u00e1gi \u00e9s szlov\u00e9niai \u00fcgyvezet\u0151 igazgat\u00f3ja szerint ez az optimizmus felgyorsul\u00f3 munkaer\u0151-felv\u00e9telhez fog vezetni, ami a statisztik\u00e1ban is j\u00f3csk\u00e1n megjelenik majd.<\/p>\n<h2>Kiv\u00e9tel az aut\u00f3ipar<\/h2>\n<p>Ahol viszont visszaes\u00e9s v\u00e1rhat\u00f3, ezzel egy\u00fctt a D\u00e9l-Dun\u00e1nt\u00fal lesz m\u00e9g rosszabb helyzetben, itt a l\u00e9tsz\u00e1mb\u0151v\u00edt\u00e9s -21%-os negat\u00edv mutat\u00f3j\u00fa lesz az el\u0151rejelz\u00e9sek szerint. Budapesten azonban +26%, az \u00c9szak-Alf\u00f6ld\u00f6n pedig +33% k\u00f6r\u00fcl fog alakulni a kutat\u00e1s szerint.<\/p>\n<p>Ezek a v\u00e1ltoz\u00e1sok f\u0151leg a 10-50 f\u0151 k\u00f6z\u00f6tti \u00e9s 1000 f\u0151 feletti v\u00e1llalkoz\u00e1sokat fogj\u00e1k \u00e9rinteni. Legjobban a kommunik\u00e1ci\u00f3s szolg\u00e1ltat\u00e1sok (+32%), az inform\u00e1ci\u00f3technol\u00f3gia (+30%), a p\u00e9nz\u00fcgyek \u00e9s ingatlanpiac (+28%) fog n\u00f6vekedni. A nemzetk\u00f6zi munkaer\u0151piaci kil\u00e1t\u00e1sok is enyhe javul\u00e1st mutatnak az el\u0151z\u0151 negyed\u00e9vhez k\u00e9pest. A glob\u00e1lis mutat\u00f3 jelenleg 25%-on \u00e1ll, ami 3%-kal magasabb az el\u0151z\u0151 negyed\u00e9vin\u00e9l.<\/p>\n<p>Visszaes\u00e9st a vizsg\u00e1lt 42 orsz\u00e1g egyik\u00e9ben sem v\u00e1rnak, de bizonyos gazdas\u00e1gi vagy politikai neh\u00e9zs\u00e9gek miatt Argent\u00edna (+4%), Chile (+8%), Hongkong (+8%) \u00e9s Izrael (+8%) lass\u00fabb n\u00f6veked\u00e9sre sz\u00e1m\u00edt. Eur\u00f3p\u00e1ban a v\u00e1rakoz\u00e1sok visszafogottabbak a vil\u00e1g\u00e1tlaghoz k\u00e9pest. Kiemelked\u0151 v\u00e1rakoz\u00e1sok Sv\u00e1jcban (+32%), Hollandi\u00e1ban (+30%) \u00e9s \u00cdrorsz\u00e1gban (+28%) mutatkoznak. Eur\u00f3p\u00e1n k\u00edv\u00fcl Indi\u00e1ban (+37%), Costa Ric\u00e1ban (+36%), az Egyes\u00fclt \u00c1llamokban (+34%) \u00e9s Braz\u00edli\u00e1ban (+32%) a legmagasabbak a munkaer\u0151-b\u0151v\u00fcl\u00e9si kil\u00e1t\u00e1sok.<\/p>\n<p>Forr\u00e1s: <a href=\"https:\/\/www.blikk.hu\/gazdasag\/penz\/munkaeropiac-foglalkoztatas-2024\/l2z9z7g\" target=\"_blank\" rel=\"nofollow noopener noreferrer\">blikk.hu<\/a><\/p>\n","protected":false},"excerpt":{"rendered":"<p>Bizakod\u00f3ak a munkaer\u0151piac szerepl\u0151i haz\u00e1nkban, legal\u00e1bbis ezt mutatja egy felm\u00e9r\u00e9s. A c\u00e9gek nagy r\u00e9sze v\u00e1ltozatlan l\u00e9tsz\u00e1mmal m\u0171k\u00f6dne tov\u00e1bb \u00e9s egy j\u00f3 h\u00e1nyaduk l\u00e9tsz\u00e1mb\u0151v\u00edt\u00e9st is tervez. Az aut\u00f3ipari szektorban azonban visszaes\u00e9sre lehet sz\u00e1m\u00edtani. 2022 els\u0151 negyed\u00e9ve \u00f3ta nem volt m\u00e9g olyan optimista a hangulat munkaer\u0151piacon, mint id\u00e9n. A hazai munk\u00e1ltat\u00f3k 35%-a l\u00e9tsz\u00e1mb\u0151v\u00edt\u00e9st tervez, ezzel szemben csak [&hellip;]<\/p>\n","protected":false},"author":1,"featured_media":7871,"comment_status":"closed","ping_status":"closed","sticky":false,"template":"","format":"standard","meta":{"_monsterinsights_skip_tracking":false,"footnotes":""},"categories":[200],"tags":[223,267],"class_list":["post-7870","post","type-post","status-publish","format-standard","has-post-thumbnail","hentry","category-munkaeropiac","tag-foglalkoztatas","tag-statisztika"],"aioseo_notices":[],"aioseo_head":"\n\t\t<!-- All in One SEO 5.0.0.1 - aioseo.com -->\n\t<meta name=\"description\" content=\"Bizakod\u00f3ak a munkaer\u0151piac szerepl\u0151i haz\u00e1nkban, legal\u00e1bbis ezt mutatja egy felm\u00e9r\u00e9s. A c\u00e9gek nagy r\u00e9sze v\u00e1ltozatlan l\u00e9tsz\u00e1mmal m\u0171k\u00f6dne tov\u00e1bb.\" \/>\n\t<meta name=\"robots\" content=\"max-image-preview:large\" \/>\n\t<meta name=\"author\" content=\"Juh\u00e1sz P\u00e9ter\"\/>\n\t<meta name=\"keywords\" content=\"foglalkoztat\u00e1s,statisztika\" \/>\n\t<link rel=\"canonical\" href=\"https:\/\/allasorias.hu\/hirek\/bizakodoak-a-munkaeropiac-szereploi-hazankban\/\" \/>\n\t<meta name=\"generator\" content=\"All in One SEO (AIOSEO) 5.0.0.1\" \/>\n\t\t<meta property=\"og:locale\" content=\"hu_HU\" \/>\n\t\t<meta property=\"og:site_name\" content=\"AllasOrias.hu | H\u00edrek-lapszemle | \u00dczleti h\u00edrek az \u00e1ll\u00e1s \u00e9s a munka vil\u00e1g\u00e1b\u00f3l\" \/>\n\t\t<meta property=\"og:type\" content=\"article\" \/>\n\t\t<meta property=\"og:title\" content=\"Hazai munkaer\u0151piac szerepl\u0151i bizakod\u00f3ak\" \/>\n\t\t<meta property=\"og:description\" content=\"Bizakod\u00f3ak a munkaer\u0151piac szerepl\u0151i haz\u00e1nkban, legal\u00e1bbis ezt mutatja egy felm\u00e9r\u00e9s. A c\u00e9gek nagy r\u00e9sze v\u00e1ltozatlan l\u00e9tsz\u00e1mmal m\u0171k\u00f6dne tov\u00e1bb.\" \/>\n\t\t<meta property=\"og:url\" content=\"https:\/\/allasorias.hu\/hirek\/bizakodoak-a-munkaeropiac-szereploi-hazankban\/\" \/>\n\t\t<meta property=\"og:image\" content=\"https:\/\/allasorias.hu\/hirek\/wp-content\/uploads\/2024\/09\/munkaeropiaci-felmeres.jpg\" \/>\n\t\t<meta property=\"og:image:secure_url\" content=\"https:\/\/allasorias.hu\/hirek\/wp-content\/uploads\/2024\/09\/munkaeropiaci-felmeres.jpg\" \/>\n\t\t<meta property=\"og:image:width\" content=\"1920\" \/>\n\t\t<meta property=\"og:image:height\" content=\"1076\" \/>\n\t\t<meta property=\"article:published_time\" content=\"2024-09-11T07:44:21+00:00\" \/>\n\t\t<meta property=\"article:modified_time\" content=\"2025-05-09T08:54:52+00:00\" \/>\n\t\t<meta property=\"article:publisher\" content=\"https:\/\/www.facebook.com\/allasorias\" \/>\n\t\t<meta name=\"twitter:card\" content=\"summary_large_image\" \/>\n\t\t<meta name=\"twitter:title\" content=\"Hazai munkaer\u0151piac szerepl\u0151i bizakod\u00f3ak\" \/>\n\t\t<meta name=\"twitter:description\" content=\"Bizakod\u00f3ak a munkaer\u0151piac szerepl\u0151i haz\u00e1nkban, legal\u00e1bbis ezt mutatja egy felm\u00e9r\u00e9s. A c\u00e9gek nagy r\u00e9sze v\u00e1ltozatlan l\u00e9tsz\u00e1mmal m\u0171k\u00f6dne tov\u00e1bb.\" \/>\n\t\t<meta name=\"twitter:image\" content=\"https:\/\/allasorias.hu\/hirek\/wp-content\/uploads\/2024\/09\/munkaeropiaci-felmeres.jpg\" \/>\n\t\t<meta name=\"twitter:label1\" content=\"Written by\" \/>\n\t\t<meta name=\"twitter:data1\" content=\"Juh\u00e1sz P\u00e9ter\" \/>\n\t\t<meta name=\"twitter:label2\" content=\"Est. reading time\" \/>\n\t\t<meta name=\"twitter:data2\" content=\"2 minutes\" \/>\n\t\t<script type=\"application\/ld+json\" class=\"aioseo-schema\">\n\t\t\t{\"@context\":\"https:\\\/\\\/schema.org\",\"@graph\":[{\"@type\":\"Article\",\"@id\":\"https:\\\/\\\/allasorias.hu\\\/hirek\\\/bizakodoak-a-munkaeropiac-szereploi-hazankban\\\/#article\",\"name\":\"Hazai munkaer\\u0151piac szerepl\\u0151i bizakod\\u00f3ak\",\"headline\":\"Bizakod\\u00f3ak a munkaer\\u0151piac szerepl\\u0151i haz\\u00e1nkban\",\"author\":{\"@id\":\"https:\\\/\\\/allasorias.hu\\\/hirek\\\/author\\\/admin-allasorias\\\/#author\"},\"publisher\":{\"@id\":\"https:\\\/\\\/allasorias.hu\\\/hirek\\\/#organization\"},\"image\":{\"@type\":\"ImageObject\",\"url\":\"https:\\\/\\\/allasorias.hu\\\/hirek\\\/wp-content\\\/uploads\\\/2024\\\/09\\\/munkaeropiaci-felmeres.jpg\",\"width\":1920,\"height\":1076,\"caption\":\"Bizakod\\u00f3ak a munkaer\\u0151piac szerepl\\u0151i haz\\u00e1nkban - Allasorias.hu\\\/Hirek\"},\"datePublished\":\"2024-09-11T09:44:21+02:00\",\"dateModified\":\"2025-05-09T10:54:52+02:00\",\"inLanguage\":\"hu-HU\",\"mainEntityOfPage\":{\"@id\":\"https:\\\/\\\/allasorias.hu\\\/hirek\\\/bizakodoak-a-munkaeropiac-szereploi-hazankban\\\/#webpage\"},\"isPartOf\":{\"@id\":\"https:\\\/\\\/allasorias.hu\\\/hirek\\\/bizakodoak-a-munkaeropiac-szereploi-hazankban\\\/#webpage\"},\"articleSection\":\"Munkaer\\u0151piac, foglalkoztat\\u00e1s, statisztika\"},{\"@type\":\"BreadcrumbList\",\"@id\":\"https:\\\/\\\/allasorias.hu\\\/hirek\\\/bizakodoak-a-munkaeropiac-szereploi-hazankban\\\/#breadcrumblist\",\"itemListElement\":[{\"@type\":\"ListItem\",\"@id\":\"https:\\\/\\\/allasorias.hu\\\/hirek#listItem\",\"position\":1,\"name\":\"Home\",\"item\":\"https:\\\/\\\/allasorias.hu\\\/hirek\",\"nextItem\":{\"@type\":\"ListItem\",\"@id\":\"https:\\\/\\\/allasorias.hu\\\/hirek\\\/temak\\\/munkaeropiac\\\/#listItem\",\"name\":\"Munkaer\\u0151piac\"}},{\"@type\":\"ListItem\",\"@id\":\"https:\\\/\\\/allasorias.hu\\\/hirek\\\/temak\\\/munkaeropiac\\\/#listItem\",\"position\":2,\"name\":\"Munkaer\\u0151piac\",\"item\":\"https:\\\/\\\/allasorias.hu\\\/hirek\\\/temak\\\/munkaeropiac\\\/\",\"nextItem\":{\"@type\":\"ListItem\",\"@id\":\"https:\\\/\\\/allasorias.hu\\\/hirek\\\/bizakodoak-a-munkaeropiac-szereploi-hazankban\\\/#listItem\",\"name\":\"Bizakod\\u00f3ak a munkaer\\u0151piac szerepl\\u0151i haz\\u00e1nkban\"},\"previousItem\":{\"@type\":\"ListItem\",\"@id\":\"https:\\\/\\\/allasorias.hu\\\/hirek#listItem\",\"name\":\"Home\"}},{\"@type\":\"ListItem\",\"@id\":\"https:\\\/\\\/allasorias.hu\\\/hirek\\\/bizakodoak-a-munkaeropiac-szereploi-hazankban\\\/#listItem\",\"position\":3,\"name\":\"Bizakod\\u00f3ak a munkaer\\u0151piac szerepl\\u0151i haz\\u00e1nkban\",\"previousItem\":{\"@type\":\"ListItem\",\"@id\":\"https:\\\/\\\/allasorias.hu\\\/hirek\\\/temak\\\/munkaeropiac\\\/#listItem\",\"name\":\"Munkaer\\u0151piac\"}}]},{\"@type\":\"Organization\",\"@id\":\"https:\\\/\\\/allasorias.hu\\\/hirek\\\/#organization\",\"name\":\"AllasOrias.hu | H\\u00edrek-lapszemle\",\"description\":\"\\u00dczleti h\\u00edrek az \\u00e1ll\\u00e1s \\u00e9s a munka vil\\u00e1g\\u00e1b\\u00f3l\",\"url\":\"https:\\\/\\\/allasorias.hu\\\/hirek\\\/\",\"logo\":{\"@type\":\"ImageObject\",\"url\":\"https:\\\/\\\/allasorias.hu\\\/hirek\\\/wp-content\\\/uploads\\\/2022\\\/10\\\/allasorias_site_facebok_logo.png\",\"@id\":\"https:\\\/\\\/allasorias.hu\\\/hirek\\\/bizakodoak-a-munkaeropiac-szereploi-hazankban\\\/#organizationLogo\"},\"image\":{\"@id\":\"https:\\\/\\\/allasorias.hu\\\/hirek\\\/bizakodoak-a-munkaeropiac-szereploi-hazankban\\\/#organizationLogo\"},\"sameAs\":[\"https:\\\/\\\/www.facebook.com\\\/allasorias\",\"https:\\\/\\\/www.linkedin.com\\\/company\\\/allasorias\"]},{\"@type\":\"Person\",\"@id\":\"https:\\\/\\\/allasorias.hu\\\/hirek\\\/author\\\/admin-allasorias\\\/#author\",\"url\":\"https:\\\/\\\/allasorias.hu\\\/hirek\\\/author\\\/admin-allasorias\\\/\",\"name\":\"Juh\\u00e1sz P\\u00e9ter\",\"image\":{\"@type\":\"ImageObject\",\"@id\":\"https:\\\/\\\/allasorias.hu\\\/hirek\\\/bizakodoak-a-munkaeropiac-szereploi-hazankban\\\/#authorImage\",\"url\":\"https:\\\/\\\/secure.gravatar.com\\\/avatar\\\/36e6bcb83148978b992977cb0f54d22feb0cce8a0a849a9410532bb2623ba4c6?s=96&d=mm&r=g\",\"width\":96,\"height\":96,\"caption\":\"Juh\\u00e1sz P\\u00e9ter\"}},{\"@type\":\"WebPage\",\"@id\":\"https:\\\/\\\/allasorias.hu\\\/hirek\\\/bizakodoak-a-munkaeropiac-szereploi-hazankban\\\/#webpage\",\"url\":\"https:\\\/\\\/allasorias.hu\\\/hirek\\\/bizakodoak-a-munkaeropiac-szereploi-hazankban\\\/\",\"name\":\"Hazai munkaer\\u0151piac szerepl\\u0151i bizakod\\u00f3ak\",\"description\":\"Bizakod\\u00f3ak a munkaer\\u0151piac szerepl\\u0151i haz\\u00e1nkban, legal\\u00e1bbis ezt mutatja egy felm\\u00e9r\\u00e9s. A c\\u00e9gek nagy r\\u00e9sze v\\u00e1ltozatlan l\\u00e9tsz\\u00e1mmal m\\u0171k\\u00f6dne tov\\u00e1bb.\",\"inLanguage\":\"hu-HU\",\"isPartOf\":{\"@id\":\"https:\\\/\\\/allasorias.hu\\\/hirek\\\/#website\"},\"breadcrumb\":{\"@id\":\"https:\\\/\\\/allasorias.hu\\\/hirek\\\/bizakodoak-a-munkaeropiac-szereploi-hazankban\\\/#breadcrumblist\"},\"author\":{\"@id\":\"https:\\\/\\\/allasorias.hu\\\/hirek\\\/author\\\/admin-allasorias\\\/#author\"},\"creator\":{\"@id\":\"https:\\\/\\\/allasorias.hu\\\/hirek\\\/author\\\/admin-allasorias\\\/#author\"},\"image\":{\"@type\":\"ImageObject\",\"url\":\"https:\\\/\\\/allasorias.hu\\\/hirek\\\/wp-content\\\/uploads\\\/2024\\\/09\\\/munkaeropiaci-felmeres.jpg\",\"@id\":\"https:\\\/\\\/allasorias.hu\\\/hirek\\\/bizakodoak-a-munkaeropiac-szereploi-hazankban\\\/#mainImage\",\"width\":1920,\"height\":1076,\"caption\":\"Bizakod\\u00f3ak a munkaer\\u0151piac szerepl\\u0151i haz\\u00e1nkban - Allasorias.hu\\\/Hirek\"},\"primaryImageOfPage\":{\"@id\":\"https:\\\/\\\/allasorias.hu\\\/hirek\\\/bizakodoak-a-munkaeropiac-szereploi-hazankban\\\/#mainImage\"},\"datePublished\":\"2024-09-11T09:44:21+02:00\",\"dateModified\":\"2025-05-09T10:54:52+02:00\"},{\"@type\":\"WebSite\",\"@id\":\"https:\\\/\\\/allasorias.hu\\\/hirek\\\/#website\",\"url\":\"https:\\\/\\\/allasorias.hu\\\/hirek\\\/\",\"name\":\"AllasOrias.hu | H\\u00edrek-lapszemle\",\"description\":\"\\u00dczleti h\\u00edrek az \\u00e1ll\\u00e1s \\u00e9s a munka vil\\u00e1g\\u00e1b\\u00f3l\",\"inLanguage\":\"hu-HU\",\"publisher\":{\"@id\":\"https:\\\/\\\/allasorias.hu\\\/hirek\\\/#organization\"}}]}\n\t\t<\/script>\n\t\t<!-- All in One SEO -->\n\n","aioseo_head_json":{"title":"Hazai munkaer\u0151piac szerepl\u0151i bizakod\u00f3ak","description":"Bizakod\u00f3ak a munkaer\u0151piac szerepl\u0151i haz\u00e1nkban, legal\u00e1bbis ezt mutatja egy felm\u00e9r\u00e9s. A c\u00e9gek nagy r\u00e9sze v\u00e1ltozatlan l\u00e9tsz\u00e1mmal m\u0171k\u00f6dne tov\u00e1bb.","canonical_url":"https:\/\/allasorias.hu\/hirek\/bizakodoak-a-munkaeropiac-szereploi-hazankban\/","robots":"max-image-preview:large","keywords":"foglalkoztat\u00e1s,statisztika","webmasterTools":{"miscellaneous":""},"schema":{"@context":"https:\/\/schema.org","@graph":[{"@type":"Article","@id":"https:\/\/allasorias.hu\/hirek\/bizakodoak-a-munkaeropiac-szereploi-hazankban\/#article","name":"Hazai munkaer\u0151piac szerepl\u0151i bizakod\u00f3ak","headline":"Bizakod\u00f3ak a munkaer\u0151piac szerepl\u0151i haz\u00e1nkban","author":{"@id":"https:\/\/allasorias.hu\/hirek\/author\/admin-allasorias\/#author"},"publisher":{"@id":"https:\/\/allasorias.hu\/hirek\/#organization"},"image":{"@type":"ImageObject","url":"https:\/\/allasorias.hu\/hirek\/wp-content\/uploads\/2024\/09\/munkaeropiaci-felmeres.jpg","width":1920,"height":1076,"caption":"Bizakod\u00f3ak a munkaer\u0151piac szerepl\u0151i haz\u00e1nkban - Allasorias.hu\/Hirek"},"datePublished":"2024-09-11T09:44:21+02:00","dateModified":"2025-05-09T10:54:52+02:00","inLanguage":"hu-HU","mainEntityOfPage":{"@id":"https:\/\/allasorias.hu\/hirek\/bizakodoak-a-munkaeropiac-szereploi-hazankban\/#webpage"},"isPartOf":{"@id":"https:\/\/allasorias.hu\/hirek\/bizakodoak-a-munkaeropiac-szereploi-hazankban\/#webpage"},"articleSection":"Munkaer\u0151piac, foglalkoztat\u00e1s, statisztika"},{"@type":"BreadcrumbList","@id":"https:\/\/allasorias.hu\/hirek\/bizakodoak-a-munkaeropiac-szereploi-hazankban\/#breadcrumblist","itemListElement":[{"@type":"ListItem","@id":"https:\/\/allasorias.hu\/hirek#listItem","position":1,"name":"Home","item":"https:\/\/allasorias.hu\/hirek","nextItem":{"@type":"ListItem","@id":"https:\/\/allasorias.hu\/hirek\/temak\/munkaeropiac\/#listItem","name":"Munkaer\u0151piac"}},{"@type":"ListItem","@id":"https:\/\/allasorias.hu\/hirek\/temak\/munkaeropiac\/#listItem","position":2,"name":"Munkaer\u0151piac","item":"https:\/\/allasorias.hu\/hirek\/temak\/munkaeropiac\/","nextItem":{"@type":"ListItem","@id":"https:\/\/allasorias.hu\/hirek\/bizakodoak-a-munkaeropiac-szereploi-hazankban\/#listItem","name":"Bizakod\u00f3ak a munkaer\u0151piac szerepl\u0151i haz\u00e1nkban"},"previousItem":{"@type":"ListItem","@id":"https:\/\/allasorias.hu\/hirek#listItem","name":"Home"}},{"@type":"ListItem","@id":"https:\/\/allasorias.hu\/hirek\/bizakodoak-a-munkaeropiac-szereploi-hazankban\/#listItem","position":3,"name":"Bizakod\u00f3ak a munkaer\u0151piac szerepl\u0151i haz\u00e1nkban","previousItem":{"@type":"ListItem","@id":"https:\/\/allasorias.hu\/hirek\/temak\/munkaeropiac\/#listItem","name":"Munkaer\u0151piac"}}]},{"@type":"Organization","@id":"https:\/\/allasorias.hu\/hirek\/#organization","name":"AllasOrias.hu | H\u00edrek-lapszemle","description":"\u00dczleti h\u00edrek az \u00e1ll\u00e1s \u00e9s a munka vil\u00e1g\u00e1b\u00f3l","url":"https:\/\/allasorias.hu\/hirek\/","logo":{"@type":"ImageObject","url":"https:\/\/allasorias.hu\/hirek\/wp-content\/uploads\/2022\/10\/allasorias_site_facebok_logo.png","@id":"https:\/\/allasorias.hu\/hirek\/bizakodoak-a-munkaeropiac-szereploi-hazankban\/#organizationLogo"},"image":{"@id":"https:\/\/allasorias.hu\/hirek\/bizakodoak-a-munkaeropiac-szereploi-hazankban\/#organizationLogo"},"sameAs":["https:\/\/www.facebook.com\/allasorias","https:\/\/www.linkedin.com\/company\/allasorias"]},{"@type":"Person","@id":"https:\/\/allasorias.hu\/hirek\/author\/admin-allasorias\/#author","url":"https:\/\/allasorias.hu\/hirek\/author\/admin-allasorias\/","name":"Juh\u00e1sz P\u00e9ter","image":{"@type":"ImageObject","@id":"https:\/\/allasorias.hu\/hirek\/bizakodoak-a-munkaeropiac-szereploi-hazankban\/#authorImage","url":"https:\/\/secure.gravatar.com\/avatar\/36e6bcb83148978b992977cb0f54d22feb0cce8a0a849a9410532bb2623ba4c6?s=96&d=mm&r=g","width":96,"height":96,"caption":"Juh\u00e1sz P\u00e9ter"}},{"@type":"WebPage","@id":"https:\/\/allasorias.hu\/hirek\/bizakodoak-a-munkaeropiac-szereploi-hazankban\/#webpage","url":"https:\/\/allasorias.hu\/hirek\/bizakodoak-a-munkaeropiac-szereploi-hazankban\/","name":"Hazai munkaer\u0151piac szerepl\u0151i bizakod\u00f3ak","description":"Bizakod\u00f3ak a munkaer\u0151piac szerepl\u0151i haz\u00e1nkban, legal\u00e1bbis ezt mutatja egy felm\u00e9r\u00e9s. A c\u00e9gek nagy r\u00e9sze v\u00e1ltozatlan l\u00e9tsz\u00e1mmal m\u0171k\u00f6dne tov\u00e1bb.","inLanguage":"hu-HU","isPartOf":{"@id":"https:\/\/allasorias.hu\/hirek\/#website"},"breadcrumb":{"@id":"https:\/\/allasorias.hu\/hirek\/bizakodoak-a-munkaeropiac-szereploi-hazankban\/#breadcrumblist"},"author":{"@id":"https:\/\/allasorias.hu\/hirek\/author\/admin-allasorias\/#author"},"creator":{"@id":"https:\/\/allasorias.hu\/hirek\/author\/admin-allasorias\/#author"},"image":{"@type":"ImageObject","url":"https:\/\/allasorias.hu\/hirek\/wp-content\/uploads\/2024\/09\/munkaeropiaci-felmeres.jpg","@id":"https:\/\/allasorias.hu\/hirek\/bizakodoak-a-munkaeropiac-szereploi-hazankban\/#mainImage","width":1920,"height":1076,"caption":"Bizakod\u00f3ak a munkaer\u0151piac szerepl\u0151i haz\u00e1nkban - Allasorias.hu\/Hirek"},"primaryImageOfPage":{"@id":"https:\/\/allasorias.hu\/hirek\/bizakodoak-a-munkaeropiac-szereploi-hazankban\/#mainImage"},"datePublished":"2024-09-11T09:44:21+02:00","dateModified":"2025-05-09T10:54:52+02:00"},{"@type":"WebSite","@id":"https:\/\/allasorias.hu\/hirek\/#website","url":"https:\/\/allasorias.hu\/hirek\/","name":"AllasOrias.hu | H\u00edrek-lapszemle","description":"\u00dczleti h\u00edrek az \u00e1ll\u00e1s \u00e9s a munka vil\u00e1g\u00e1b\u00f3l","inLanguage":"hu-HU","publisher":{"@id":"https:\/\/allasorias.hu\/hirek\/#organization"}}]},"og:locale":"hu_HU","og:site_name":"AllasOrias.hu | H\u00edrek-lapszemle | \u00dczleti h\u00edrek az \u00e1ll\u00e1s \u00e9s a munka vil\u00e1g\u00e1b\u00f3l","og:type":"article","og:title":"Hazai munkaer\u0151piac szerepl\u0151i bizakod\u00f3ak","og:description":"Bizakod\u00f3ak a munkaer\u0151piac szerepl\u0151i haz\u00e1nkban, legal\u00e1bbis ezt mutatja egy felm\u00e9r\u00e9s. A c\u00e9gek nagy r\u00e9sze v\u00e1ltozatlan l\u00e9tsz\u00e1mmal m\u0171k\u00f6dne tov\u00e1bb.","og:url":"https:\/\/allasorias.hu\/hirek\/bizakodoak-a-munkaeropiac-szereploi-hazankban\/","og:image":"https:\/\/allasorias.hu\/hirek\/wp-content\/uploads\/2024\/09\/munkaeropiaci-felmeres.jpg","og:image:secure_url":"https:\/\/allasorias.hu\/hirek\/wp-content\/uploads\/2024\/09\/munkaeropiaci-felmeres.jpg","og:image:width":1920,"og:image:height":1076,"article:published_time":"2024-09-11T07:44:21+00:00","article:modified_time":"2025-05-09T08:54:52+00:00","article:publisher":"https:\/\/www.facebook.com\/allasorias","twitter:card":"summary_large_image","twitter:title":"Hazai munkaer\u0151piac szerepl\u0151i bizakod\u00f3ak","twitter:description":"Bizakod\u00f3ak a munkaer\u0151piac szerepl\u0151i haz\u00e1nkban, legal\u00e1bbis ezt mutatja egy felm\u00e9r\u00e9s. A c\u00e9gek nagy r\u00e9sze v\u00e1ltozatlan l\u00e9tsz\u00e1mmal m\u0171k\u00f6dne tov\u00e1bb.","twitter:image":"https:\/\/allasorias.hu\/hirek\/wp-content\/uploads\/2024\/09\/munkaeropiaci-felmeres.jpg","twitter:label1":"Written by","twitter:data1":"Juh\u00e1sz P\u00e9ter","twitter:label2":"Est. reading time","twitter:data2":"2 minutes"},"aioseo_meta_data":{"post_id":"7870","title":"Hazai munkaer\u0151piac szerepl\u0151i bizakod\u00f3ak","description":"Bizakod\u00f3ak a munkaer\u0151piac szerepl\u0151i haz\u00e1nkban, legal\u00e1bbis ezt mutatja egy felm\u00e9r\u00e9s. A c\u00e9gek nagy r\u00e9sze v\u00e1ltozatlan l\u00e9tsz\u00e1mmal m\u0171k\u00f6dne tov\u00e1bb.","keywords":null,"keyphrases":{"focus":{"keyphrase":"","score":0,"analysis":{"keyphraseInTitle":{"score":0,"maxScore":9,"error":1}}},"additional":[]},"primary_term":null,"canonical_url":null,"og_title":null,"og_description":null,"og_object_type":"default","og_image_type":"default","og_image_url":null,"og_image_width":null,"og_image_height":null,"og_image_custom_url":null,"og_image_custom_fields":null,"og_video":"","og_custom_url":null,"og_article_section":null,"og_article_tags":null,"twitter_use_og":true,"twitter_card":"default","twitter_image_type":"default","twitter_image_url":null,"twitter_image_custom_url":null,"twitter_image_custom_fields":null,"twitter_title":null,"twitter_description":null,"schema":{"blockGraphs":[],"customGraphs":[],"default":{"data":{"Article":[],"Course":[],"Dataset":[],"FAQPage":[],"Movie":[],"Person":[],"Product":[],"ProductReview":[],"Car":[],"Recipe":[],"Service":[],"SoftwareApplication":[],"WebPage":[]},"graphName":"Article","isEnabled":true},"graphs":[]},"schema_type":"default","schema_type_options":null,"pillar_content":false,"robots_default":true,"robots_noindex":false,"robots_noarchive":false,"robots_nosnippet":false,"robots_nofollow":false,"robots_noimageindex":false,"robots_noodp":false,"robots_notranslate":false,"robots_max_snippet":"-1","robots_max_videopreview":"-1","robots_max_imagepreview":"large","priority":null,"frequency":"default","location":null,"local_seo":null,"breadcrumb_settings":null,"limit_modified_date":false,"ai":null,"created":"2024-09-11 07:33:08","updated":"2025-10-02 20:20:21","seo_analyzer_scan_date":null,"focus_keyword":null,"additional_keywords":null,"truseo_locale":null},"aioseo_breadcrumb":"<div class=\"aioseo-breadcrumbs\"><span class=\"aioseo-breadcrumb\">\n\t\t\t<a href=\"https:\/\/allasorias.hu\/hirek\" title=\"Home\">Home<\/a>\n\t\t<\/span><span class=\"aioseo-breadcrumb-separator\">&raquo;<\/span><span class=\"aioseo-breadcrumb\">\n\t\t\t<a href=\"https:\/\/allasorias.hu\/hirek\/temak\/munkaeropiac\/\" title=\"Munkaer\u0151piac\">Munkaer\u0151piac<\/a>\n\t\t<\/span><span class=\"aioseo-breadcrumb-separator\">&raquo;<\/span><span class=\"aioseo-breadcrumb\">\n\t\t\tBizakod\u00f3ak a munkaer\u0151piac szerepl\u0151i haz\u00e1nkban\n\t\t<\/span><\/div>","aioseo_breadcrumb_json":[{"label":"Home","link":"https:\/\/allasorias.hu\/hirek"},{"label":"Munkaer\u0151piac","link":"https:\/\/allasorias.hu\/hirek\/temak\/munkaeropiac\/"},{"label":"Bizakod\u00f3ak a munkaer\u0151piac szerepl\u0151i haz\u00e1nkban","link":"https:\/\/allasorias.hu\/hirek\/bizakodoak-a-munkaeropiac-szereploi-hazankban\/"}],"_links":{"self":[{"href":"https:\/\/allasorias.hu\/hirek\/wp-json\/wp\/v2\/posts\/7870","targetHints":{"allow":["GET"]}}],"collection":[{"href":"https:\/\/allasorias.hu\/hirek\/wp-json\/wp\/v2\/posts"}],"about":[{"href":"https:\/\/allasorias.hu\/hirek\/wp-json\/wp\/v2\/types\/post"}],"author":[{"embeddable":true,"href":"https:\/\/allasorias.hu\/hirek\/wp-json\/wp\/v2\/users\/1"}],"replies":[{"embeddable":true,"href":"https:\/\/allasorias.hu\/hirek\/wp-json\/wp\/v2\/comments?post=7870"}],"version-history":[{"count":1,"href":"https:\/\/allasorias.hu\/hirek\/wp-json\/wp\/v2\/posts\/7870\/revisions"}],"predecessor-version":[{"id":7872,"href":"https:\/\/allasorias.hu\/hirek\/wp-json\/wp\/v2\/posts\/7870\/revisions\/7872"}],"wp:featuredmedia":[{"embeddable":true,"href":"https:\/\/allasorias.hu\/hirek\/wp-json\/wp\/v2\/media\/7871"}],"wp:attachment":[{"href":"https:\/\/allasorias.hu\/hirek\/wp-json\/wp\/v2\/media?parent=7870"}],"wp:term":[{"taxonomy":"category","embeddable":true,"href":"https:\/\/allasorias.hu\/hirek\/wp-json\/wp\/v2\/categories?post=7870"},{"taxonomy":"post_tag","embeddable":true,"href":"https:\/\/allasorias.hu\/hirek\/wp-json\/wp\/v2\/tags?post=7870"}],"curies":[{"name":"wp","href":"https:\/\/api.w.org\/{rel}","templated":true}]}}