{"id":7863,"date":"2024-09-06T09:04:01","date_gmt":"2024-09-06T07:04:01","guid":{"rendered":"https:\/\/allasorias.hu\/hirek\/?p=7863"},"modified":"2025-05-09T13:40:54","modified_gmt":"2025-05-09T11:40:54","slug":"hol-tart-az-allami-teruleten-dolgozok-fizetese","status":"publish","type":"post","link":"https:\/\/allasorias.hu\/hirek\/hol-tart-az-allami-teruleten-dolgozok-fizetese\/","title":{"rendered":"Hol tart az \u00e1llami ter\u00fcleten dolgoz\u00f3k fizet\u00e9se?"},"content":{"rendered":"<p><strong>Nem egyeznek a v\u00e9lem\u00e9nyek arr\u00f3l, hogyan v\u00e1ltozott a korm\u00e1nytisztvisel\u0151k b\u00e9rez\u00e9se. Az \u00e9rdekk\u00e9pviseletek szerint \u00e9vek \u00f3ta v\u00e1ltozatlan az alapb\u00e9r, csup\u00e1n egy sz\u0171k r\u00e9teg kapott kiemelt b\u00e9rez\u00e9st.<\/strong><\/p>\n<p>A korm\u00e1nytisztvisel\u0151k \u00e1tlagfizet\u00e9s\u00e9t csak a p\u00e1r politikai megb\u00edzott h\u00fazza fel, a legt\u00f6bben minim\u00e1lb\u00e9rt \u00e9s garant\u00e1lt b\u00e9rminimumot kapnak. \u201e<em>N\u00e9gy \u00e9v alatt jelent\u0151s b\u00e9remel\u00e9s val\u00f3sult meg a korm\u00e1nytisztvisel\u0151kn\u00e9l, \u00edgy \u00e1tlagfizet\u00e9s\u00fck j\u00f3csk\u00e1n fel\u00fclm\u00falja a garant\u00e1lt b\u00e9rminimumot, imm\u00e1r havi brutt\u00f3 500 ezer forint felett van<\/em>\u201d \u2013 \u00e1ll\u00edtotta a Navracsics Tibor vezette miniszt\u00e9rium kor\u00e1bban.<\/p>\n<p>Az \u00e9rdekk\u00e9pviselet szerint azonban az \u00e1tlag\u00e9rt\u00e9k k\u00f6zl\u00e9se csak a vezet\u0151i r\u00e9teg kiemelked\u0151 fizet\u00e9s\u00e9r\u0151l \u00e1rulkodik, a medi\u00e1nfizet\u00e9sr\u0151l viszont nem ad ki adatot a t\u00e1rca. Mint kider\u00fclt, az \u00f6nkorm\u00e1nyzati k\u00f6ztisztvisel\u0151k alapilletm\u00e9nye 2008 \u00f3ta nem v\u00e1ltozott. A miniszt\u00e9rium szerint a korm\u00e1nyhivatali munkat\u00e1rsak az elm\u00falt \u00f6t \u00e9vben h\u00e1romszor r\u00e9szes\u00fcltek b\u00e9remel\u00e9sben, \u00edgy 2020 \u00f3ta \u00f6sszesen, \u00e1tlagosan csaknem 50 sz\u00e1zal\u00e9kos illetm\u00e9nyemel\u00e9s val\u00f3sult meg a hivatalokn\u00e1l.<\/p>\n<p>A korm\u00e1nyhivatalokban dolgoz\u00f3k brutt\u00f3 \u00e1tlagb\u00e9re 510 585 forint (nett\u00f3ban 339 190). Ez azonban csak a politikai megb\u00edzottak b\u00e9remelked\u00e9s\u00e9nek hat\u00e1s\u00e1ra ilyen magas, v\u00e9lik a korm\u00e1nyhivatali dolgoz\u00f3k, v\u00e9li Boros P\u00e9tern\u00e9, a Magyar K\u00f6ztisztvisel\u0151k, K\u00f6zalkalmazottak \u00e9s K\u00f6zszolg\u00e1lati Dolgoz\u00f3k Szakszervezet\u00e9nek eln\u00f6ke. Az idei k\u00f6lts\u00e9gvet\u00e9si t\u00f6rv\u00e9ny alapj\u00e1n a k\u00f6ztisztvisel\u0151i illetm\u00e9nyalap 38 650 forint, pontosan annyi, mint 2008-ban. A helyhat\u00f3s\u00e1gok megn\u00f6velhetik ezt az illetm\u00e9nyalapot, a lehet\u0151s\u00e9gek azonban az elm\u00falt \u00e9vekben bevezetett korm\u00e1nyzati elvon\u00e1sok \u2013 egyebek k\u00f6zt a szolidarit\u00e1si hozz\u00e1j\u00e1rul\u00e1s emel\u00e9se, a g\u00e9pj\u00e1rm\u0171- \u00e9s az idegenforgalmi ad\u00f3 elvon\u00e1sa \u2013 miatt mindenhol nagyon sz\u0171k\u00f6sek.<\/p>\n<p>Jellemz\u0151en a megyei jog\u00fa v\u00e1rosok \u00e9s a f\u0151v\u00e1rosi ker\u00fcletek eset\u00e9ben az \u00f6nkorm\u00e1nyzati k\u00f6zszolg\u00e1k illetm\u00e9nyalapja 60 \u00e9s 80 ezer forint k\u00f6z\u00f6tt mozog \u2013 emelte ki az MKKSZ-eln\u00f6k. A szeg\u00e9nyebb \u00f6nkorm\u00e1nyzatokn\u00e1l \u00f6sszesen mintegy h\u00e1romezer dolgoz\u00f3 van m\u00e9g, akinek az illetm\u00e9nyalapja a t\u00f6rv\u00e9ny szerinti 38 500 forint. A korm\u00e1nyzat v\u00e1llal\u00e1sa mind\u00f6ssze annyi, hogy fedezetet ad arra, hogy az \u00f6nkorm\u00e1nyzati k\u00f6ztisztvisel\u0151k illetm\u00e9ny\u00e9t minden h\u00f3napban kieg\u00e9sz\u00edts\u00e9k a minim\u00e1lb\u00e9r, illetve a garant\u00e1lt b\u00e9rminimum szintj\u00e9ig az olyan telep\u00fcl\u00e9seken, amelyek nem nett\u00f3 k\u00f6lts\u00e9gvet\u00e9si befizet\u0151k.<\/p>\n<p style=\"text-align: left;\">Forr\u00e1s: <a href=\"https:\/\/forbes.hu\/uzlet\/2008-ota-valtozatlan-az-illetmenyalap-minimalberen-el-az-allami-szektor\/\" target=\"_blank\" rel=\"nofollow noopener\">forbes.hu<\/a><\/p>\n","protected":false},"excerpt":{"rendered":"<p>Nem egyeznek a v\u00e9lem\u00e9nyek arr\u00f3l, hogyan v\u00e1ltozott a korm\u00e1nytisztvisel\u0151k b\u00e9rez\u00e9se. Az \u00e9rdekk\u00e9pviseletek szerint \u00e9vek \u00f3ta v\u00e1ltozatlan az alapb\u00e9r, csup\u00e1n egy sz\u0171k r\u00e9teg kapott kiemelt b\u00e9rez\u00e9st. A korm\u00e1nytisztvisel\u0151k \u00e1tlagfizet\u00e9s\u00e9t csak a p\u00e1r politikai megb\u00edzott h\u00fazza fel, a legt\u00f6bben minim\u00e1lb\u00e9rt \u00e9s garant\u00e1lt b\u00e9rminimumot kapnak. \u201eN\u00e9gy \u00e9v alatt jelent\u0151s b\u00e9remel\u00e9s val\u00f3sult meg a korm\u00e1nytisztvisel\u0151kn\u00e9l, \u00edgy \u00e1tlagfizet\u00e9s\u00fck j\u00f3csk\u00e1n fel\u00fclm\u00falja [&hellip;]<\/p>\n","protected":false},"author":1,"featured_media":7864,"comment_status":"closed","ping_status":"closed","sticky":false,"template":"","format":"standard","meta":{"_monsterinsights_skip_tracking":false,"footnotes":""},"categories":[200],"tags":[805,804],"class_list":["post-7863","post","type-post","status-publish","format-standard","has-post-thumbnail","hentry","category-munkaeropiac","tag-kormanytisztviselok","tag-tisztviselok-bere"],"aioseo_notices":[],"aioseo_head":"\n\t\t<!-- All in One SEO 5.0.0.1 - aioseo.com -->\n\t<meta name=\"description\" content=\"Nem egyeznek a v\u00e9lem\u00e9nyek arr\u00f3l, hogyan v\u00e1ltozott a korm\u00e1ny tisztvisel\u0151k b\u00e9rez\u00e9se. Az \u00e9rdekk\u00e9pviseletek szerint \u00e9vek \u00f3ta v\u00e1ltozatlan az alapb\u00e9r\" \/>\n\t<meta name=\"robots\" content=\"max-image-preview:large\" \/>\n\t<meta name=\"author\" content=\"Juh\u00e1sz P\u00e9ter\"\/>\n\t<meta name=\"keywords\" content=\"korm\u00e1nytisztvisel\u0151k,tisztvisel\u0151k b\u00e9re\" \/>\n\t<link rel=\"canonical\" href=\"https:\/\/allasorias.hu\/hirek\/hol-tart-az-allami-teruleten-dolgozok-fizetese\/\" \/>\n\t<meta name=\"generator\" content=\"All in One SEO (AIOSEO) 5.0.0.1\" \/>\n\t\t<meta property=\"og:locale\" content=\"hu_HU\" \/>\n\t\t<meta property=\"og:site_name\" content=\"AllasOrias.hu | H\u00edrek-lapszemle | \u00dczleti h\u00edrek az \u00e1ll\u00e1s \u00e9s a munka vil\u00e1g\u00e1b\u00f3l\" \/>\n\t\t<meta property=\"og:type\" content=\"article\" \/>\n\t\t<meta property=\"og:title\" content=\"\u00c1llami szektorban dolgoz\u00f3k fizet\u00e9se: aktu\u00e1lis helyzet\" \/>\n\t\t<meta property=\"og:description\" content=\"Nem egyeznek a v\u00e9lem\u00e9nyek arr\u00f3l, hogyan v\u00e1ltozott a korm\u00e1ny tisztvisel\u0151k b\u00e9rez\u00e9se. Az \u00e9rdekk\u00e9pviseletek szerint \u00e9vek \u00f3ta v\u00e1ltozatlan az alapb\u00e9r\" \/>\n\t\t<meta property=\"og:url\" content=\"https:\/\/allasorias.hu\/hirek\/hol-tart-az-allami-teruleten-dolgozok-fizetese\/\" \/>\n\t\t<meta property=\"og:image\" content=\"https:\/\/allasorias.hu\/hirek\/wp-content\/uploads\/2024\/09\/kormanytisztviselok-berezese.jpg\" \/>\n\t\t<meta property=\"og:image:secure_url\" content=\"https:\/\/allasorias.hu\/hirek\/wp-content\/uploads\/2024\/09\/kormanytisztviselok-berezese.jpg\" \/>\n\t\t<meta property=\"og:image:width\" content=\"1920\" \/>\n\t\t<meta property=\"og:image:height\" content=\"1280\" \/>\n\t\t<meta property=\"article:published_time\" content=\"2024-09-06T07:04:01+00:00\" \/>\n\t\t<meta property=\"article:modified_time\" content=\"2025-05-09T11:40:54+00:00\" \/>\n\t\t<meta property=\"article:publisher\" content=\"https:\/\/www.facebook.com\/allasorias\" \/>\n\t\t<meta name=\"twitter:card\" content=\"summary_large_image\" \/>\n\t\t<meta name=\"twitter:title\" content=\"\u00c1llami szektorban dolgoz\u00f3k fizet\u00e9se: aktu\u00e1lis helyzet\" \/>\n\t\t<meta name=\"twitter:description\" content=\"Nem egyeznek a v\u00e9lem\u00e9nyek arr\u00f3l, hogyan v\u00e1ltozott a korm\u00e1ny tisztvisel\u0151k b\u00e9rez\u00e9se. Az \u00e9rdekk\u00e9pviseletek szerint \u00e9vek \u00f3ta v\u00e1ltozatlan az alapb\u00e9r\" \/>\n\t\t<meta name=\"twitter:image\" content=\"https:\/\/allasorias.hu\/hirek\/wp-content\/uploads\/2024\/09\/kormanytisztviselok-berezese.jpg\" \/>\n\t\t<meta name=\"twitter:label1\" content=\"Written by\" \/>\n\t\t<meta name=\"twitter:data1\" content=\"Juh\u00e1sz P\u00e9ter\" \/>\n\t\t<meta name=\"twitter:label2\" content=\"Est. reading time\" \/>\n\t\t<meta name=\"twitter:data2\" content=\"2 minutes\" \/>\n\t\t<script type=\"application\/ld+json\" class=\"aioseo-schema\">\n\t\t\t{\"@context\":\"https:\\\/\\\/schema.org\",\"@graph\":[{\"@type\":\"Article\",\"@id\":\"https:\\\/\\\/allasorias.hu\\\/hirek\\\/hol-tart-az-allami-teruleten-dolgozok-fizetese\\\/#article\",\"name\":\"\\u00c1llami szektorban dolgoz\\u00f3k fizet\\u00e9se: aktu\\u00e1lis helyzet\",\"headline\":\"Hol tart az \\u00e1llami ter\\u00fcleten dolgoz\\u00f3k fizet\\u00e9se?\",\"author\":{\"@id\":\"https:\\\/\\\/allasorias.hu\\\/hirek\\\/author\\\/admin-allasorias\\\/#author\"},\"publisher\":{\"@id\":\"https:\\\/\\\/allasorias.hu\\\/hirek\\\/#organization\"},\"image\":{\"@type\":\"ImageObject\",\"url\":\"https:\\\/\\\/allasorias.hu\\\/hirek\\\/wp-content\\\/uploads\\\/2024\\\/09\\\/kormanytisztviselok-berezese.jpg\",\"width\":1920,\"height\":1280,\"caption\":\"Hol tart az \\u00e1llami ter\\u00fcleten dolgoz\\u00f3k fizet\\u00e9se? - Allasorias.hu\\\/Hirek\"},\"datePublished\":\"2024-09-06T09:04:01+02:00\",\"dateModified\":\"2025-05-09T13:40:54+02:00\",\"inLanguage\":\"hu-HU\",\"mainEntityOfPage\":{\"@id\":\"https:\\\/\\\/allasorias.hu\\\/hirek\\\/hol-tart-az-allami-teruleten-dolgozok-fizetese\\\/#webpage\"},\"isPartOf\":{\"@id\":\"https:\\\/\\\/allasorias.hu\\\/hirek\\\/hol-tart-az-allami-teruleten-dolgozok-fizetese\\\/#webpage\"},\"articleSection\":\"Munkaer\\u0151piac, korm\\u00e1nytisztvisel\\u0151k, tisztvisel\\u0151k b\\u00e9re\"},{\"@type\":\"BreadcrumbList\",\"@id\":\"https:\\\/\\\/allasorias.hu\\\/hirek\\\/hol-tart-az-allami-teruleten-dolgozok-fizetese\\\/#breadcrumblist\",\"itemListElement\":[{\"@type\":\"ListItem\",\"@id\":\"https:\\\/\\\/allasorias.hu\\\/hirek#listItem\",\"position\":1,\"name\":\"Home\",\"item\":\"https:\\\/\\\/allasorias.hu\\\/hirek\",\"nextItem\":{\"@type\":\"ListItem\",\"@id\":\"https:\\\/\\\/allasorias.hu\\\/hirek\\\/temak\\\/munkaeropiac\\\/#listItem\",\"name\":\"Munkaer\\u0151piac\"}},{\"@type\":\"ListItem\",\"@id\":\"https:\\\/\\\/allasorias.hu\\\/hirek\\\/temak\\\/munkaeropiac\\\/#listItem\",\"position\":2,\"name\":\"Munkaer\\u0151piac\",\"item\":\"https:\\\/\\\/allasorias.hu\\\/hirek\\\/temak\\\/munkaeropiac\\\/\",\"nextItem\":{\"@type\":\"ListItem\",\"@id\":\"https:\\\/\\\/allasorias.hu\\\/hirek\\\/hol-tart-az-allami-teruleten-dolgozok-fizetese\\\/#listItem\",\"name\":\"Hol tart az \\u00e1llami ter\\u00fcleten dolgoz\\u00f3k fizet\\u00e9se?\"},\"previousItem\":{\"@type\":\"ListItem\",\"@id\":\"https:\\\/\\\/allasorias.hu\\\/hirek#listItem\",\"name\":\"Home\"}},{\"@type\":\"ListItem\",\"@id\":\"https:\\\/\\\/allasorias.hu\\\/hirek\\\/hol-tart-az-allami-teruleten-dolgozok-fizetese\\\/#listItem\",\"position\":3,\"name\":\"Hol tart az \\u00e1llami ter\\u00fcleten dolgoz\\u00f3k fizet\\u00e9se?\",\"previousItem\":{\"@type\":\"ListItem\",\"@id\":\"https:\\\/\\\/allasorias.hu\\\/hirek\\\/temak\\\/munkaeropiac\\\/#listItem\",\"name\":\"Munkaer\\u0151piac\"}}]},{\"@type\":\"Organization\",\"@id\":\"https:\\\/\\\/allasorias.hu\\\/hirek\\\/#organization\",\"name\":\"AllasOrias.hu | H\\u00edrek-lapszemle\",\"description\":\"\\u00dczleti h\\u00edrek az \\u00e1ll\\u00e1s \\u00e9s a munka vil\\u00e1g\\u00e1b\\u00f3l\",\"url\":\"https:\\\/\\\/allasorias.hu\\\/hirek\\\/\",\"logo\":{\"@type\":\"ImageObject\",\"url\":\"https:\\\/\\\/allasorias.hu\\\/hirek\\\/wp-content\\\/uploads\\\/2022\\\/10\\\/allasorias_site_facebok_logo.png\",\"@id\":\"https:\\\/\\\/allasorias.hu\\\/hirek\\\/hol-tart-az-allami-teruleten-dolgozok-fizetese\\\/#organizationLogo\"},\"image\":{\"@id\":\"https:\\\/\\\/allasorias.hu\\\/hirek\\\/hol-tart-az-allami-teruleten-dolgozok-fizetese\\\/#organizationLogo\"},\"sameAs\":[\"https:\\\/\\\/www.facebook.com\\\/allasorias\",\"https:\\\/\\\/www.linkedin.com\\\/company\\\/allasorias\"]},{\"@type\":\"Person\",\"@id\":\"https:\\\/\\\/allasorias.hu\\\/hirek\\\/author\\\/admin-allasorias\\\/#author\",\"url\":\"https:\\\/\\\/allasorias.hu\\\/hirek\\\/author\\\/admin-allasorias\\\/\",\"name\":\"Juh\\u00e1sz P\\u00e9ter\",\"image\":{\"@type\":\"ImageObject\",\"@id\":\"https:\\\/\\\/allasorias.hu\\\/hirek\\\/hol-tart-az-allami-teruleten-dolgozok-fizetese\\\/#authorImage\",\"url\":\"https:\\\/\\\/secure.gravatar.com\\\/avatar\\\/36e6bcb83148978b992977cb0f54d22feb0cce8a0a849a9410532bb2623ba4c6?s=96&d=mm&r=g\",\"width\":96,\"height\":96,\"caption\":\"Juh\\u00e1sz P\\u00e9ter\"}},{\"@type\":\"WebPage\",\"@id\":\"https:\\\/\\\/allasorias.hu\\\/hirek\\\/hol-tart-az-allami-teruleten-dolgozok-fizetese\\\/#webpage\",\"url\":\"https:\\\/\\\/allasorias.hu\\\/hirek\\\/hol-tart-az-allami-teruleten-dolgozok-fizetese\\\/\",\"name\":\"\\u00c1llami szektorban dolgoz\\u00f3k fizet\\u00e9se: aktu\\u00e1lis helyzet\",\"description\":\"Nem egyeznek a v\\u00e9lem\\u00e9nyek arr\\u00f3l, hogyan v\\u00e1ltozott a korm\\u00e1ny tisztvisel\\u0151k b\\u00e9rez\\u00e9se. Az \\u00e9rdekk\\u00e9pviseletek szerint \\u00e9vek \\u00f3ta v\\u00e1ltozatlan az alapb\\u00e9r\",\"inLanguage\":\"hu-HU\",\"isPartOf\":{\"@id\":\"https:\\\/\\\/allasorias.hu\\\/hirek\\\/#website\"},\"breadcrumb\":{\"@id\":\"https:\\\/\\\/allasorias.hu\\\/hirek\\\/hol-tart-az-allami-teruleten-dolgozok-fizetese\\\/#breadcrumblist\"},\"author\":{\"@id\":\"https:\\\/\\\/allasorias.hu\\\/hirek\\\/author\\\/admin-allasorias\\\/#author\"},\"creator\":{\"@id\":\"https:\\\/\\\/allasorias.hu\\\/hirek\\\/author\\\/admin-allasorias\\\/#author\"},\"image\":{\"@type\":\"ImageObject\",\"url\":\"https:\\\/\\\/allasorias.hu\\\/hirek\\\/wp-content\\\/uploads\\\/2024\\\/09\\\/kormanytisztviselok-berezese.jpg\",\"@id\":\"https:\\\/\\\/allasorias.hu\\\/hirek\\\/hol-tart-az-allami-teruleten-dolgozok-fizetese\\\/#mainImage\",\"width\":1920,\"height\":1280,\"caption\":\"Hol tart az \\u00e1llami ter\\u00fcleten dolgoz\\u00f3k fizet\\u00e9se? - Allasorias.hu\\\/Hirek\"},\"primaryImageOfPage\":{\"@id\":\"https:\\\/\\\/allasorias.hu\\\/hirek\\\/hol-tart-az-allami-teruleten-dolgozok-fizetese\\\/#mainImage\"},\"datePublished\":\"2024-09-06T09:04:01+02:00\",\"dateModified\":\"2025-05-09T13:40:54+02:00\"},{\"@type\":\"WebSite\",\"@id\":\"https:\\\/\\\/allasorias.hu\\\/hirek\\\/#website\",\"url\":\"https:\\\/\\\/allasorias.hu\\\/hirek\\\/\",\"name\":\"AllasOrias.hu | H\\u00edrek-lapszemle\",\"description\":\"\\u00dczleti h\\u00edrek az \\u00e1ll\\u00e1s \\u00e9s a munka vil\\u00e1g\\u00e1b\\u00f3l\",\"inLanguage\":\"hu-HU\",\"publisher\":{\"@id\":\"https:\\\/\\\/allasorias.hu\\\/hirek\\\/#organization\"}}]}\n\t\t<\/script>\n\t\t<!-- All in One SEO -->\n\n","aioseo_head_json":{"title":"\u00c1llami szektorban dolgoz\u00f3k fizet\u00e9se: aktu\u00e1lis helyzet","description":"Nem egyeznek a v\u00e9lem\u00e9nyek arr\u00f3l, hogyan v\u00e1ltozott a korm\u00e1ny tisztvisel\u0151k b\u00e9rez\u00e9se. Az \u00e9rdekk\u00e9pviseletek szerint \u00e9vek \u00f3ta v\u00e1ltozatlan az alapb\u00e9r","canonical_url":"https:\/\/allasorias.hu\/hirek\/hol-tart-az-allami-teruleten-dolgozok-fizetese\/","robots":"max-image-preview:large","keywords":"korm\u00e1nytisztvisel\u0151k,tisztvisel\u0151k b\u00e9re","webmasterTools":{"miscellaneous":""},"schema":{"@context":"https:\/\/schema.org","@graph":[{"@type":"Article","@id":"https:\/\/allasorias.hu\/hirek\/hol-tart-az-allami-teruleten-dolgozok-fizetese\/#article","name":"\u00c1llami szektorban dolgoz\u00f3k fizet\u00e9se: aktu\u00e1lis helyzet","headline":"Hol tart az \u00e1llami ter\u00fcleten dolgoz\u00f3k fizet\u00e9se?","author":{"@id":"https:\/\/allasorias.hu\/hirek\/author\/admin-allasorias\/#author"},"publisher":{"@id":"https:\/\/allasorias.hu\/hirek\/#organization"},"image":{"@type":"ImageObject","url":"https:\/\/allasorias.hu\/hirek\/wp-content\/uploads\/2024\/09\/kormanytisztviselok-berezese.jpg","width":1920,"height":1280,"caption":"Hol tart az \u00e1llami ter\u00fcleten dolgoz\u00f3k fizet\u00e9se? - Allasorias.hu\/Hirek"},"datePublished":"2024-09-06T09:04:01+02:00","dateModified":"2025-05-09T13:40:54+02:00","inLanguage":"hu-HU","mainEntityOfPage":{"@id":"https:\/\/allasorias.hu\/hirek\/hol-tart-az-allami-teruleten-dolgozok-fizetese\/#webpage"},"isPartOf":{"@id":"https:\/\/allasorias.hu\/hirek\/hol-tart-az-allami-teruleten-dolgozok-fizetese\/#webpage"},"articleSection":"Munkaer\u0151piac, korm\u00e1nytisztvisel\u0151k, tisztvisel\u0151k b\u00e9re"},{"@type":"BreadcrumbList","@id":"https:\/\/allasorias.hu\/hirek\/hol-tart-az-allami-teruleten-dolgozok-fizetese\/#breadcrumblist","itemListElement":[{"@type":"ListItem","@id":"https:\/\/allasorias.hu\/hirek#listItem","position":1,"name":"Home","item":"https:\/\/allasorias.hu\/hirek","nextItem":{"@type":"ListItem","@id":"https:\/\/allasorias.hu\/hirek\/temak\/munkaeropiac\/#listItem","name":"Munkaer\u0151piac"}},{"@type":"ListItem","@id":"https:\/\/allasorias.hu\/hirek\/temak\/munkaeropiac\/#listItem","position":2,"name":"Munkaer\u0151piac","item":"https:\/\/allasorias.hu\/hirek\/temak\/munkaeropiac\/","nextItem":{"@type":"ListItem","@id":"https:\/\/allasorias.hu\/hirek\/hol-tart-az-allami-teruleten-dolgozok-fizetese\/#listItem","name":"Hol tart az \u00e1llami ter\u00fcleten dolgoz\u00f3k fizet\u00e9se?"},"previousItem":{"@type":"ListItem","@id":"https:\/\/allasorias.hu\/hirek#listItem","name":"Home"}},{"@type":"ListItem","@id":"https:\/\/allasorias.hu\/hirek\/hol-tart-az-allami-teruleten-dolgozok-fizetese\/#listItem","position":3,"name":"Hol tart az \u00e1llami ter\u00fcleten dolgoz\u00f3k fizet\u00e9se?","previousItem":{"@type":"ListItem","@id":"https:\/\/allasorias.hu\/hirek\/temak\/munkaeropiac\/#listItem","name":"Munkaer\u0151piac"}}]},{"@type":"Organization","@id":"https:\/\/allasorias.hu\/hirek\/#organization","name":"AllasOrias.hu | H\u00edrek-lapszemle","description":"\u00dczleti h\u00edrek az \u00e1ll\u00e1s \u00e9s a munka vil\u00e1g\u00e1b\u00f3l","url":"https:\/\/allasorias.hu\/hirek\/","logo":{"@type":"ImageObject","url":"https:\/\/allasorias.hu\/hirek\/wp-content\/uploads\/2022\/10\/allasorias_site_facebok_logo.png","@id":"https:\/\/allasorias.hu\/hirek\/hol-tart-az-allami-teruleten-dolgozok-fizetese\/#organizationLogo"},"image":{"@id":"https:\/\/allasorias.hu\/hirek\/hol-tart-az-allami-teruleten-dolgozok-fizetese\/#organizationLogo"},"sameAs":["https:\/\/www.facebook.com\/allasorias","https:\/\/www.linkedin.com\/company\/allasorias"]},{"@type":"Person","@id":"https:\/\/allasorias.hu\/hirek\/author\/admin-allasorias\/#author","url":"https:\/\/allasorias.hu\/hirek\/author\/admin-allasorias\/","name":"Juh\u00e1sz P\u00e9ter","image":{"@type":"ImageObject","@id":"https:\/\/allasorias.hu\/hirek\/hol-tart-az-allami-teruleten-dolgozok-fizetese\/#authorImage","url":"https:\/\/secure.gravatar.com\/avatar\/36e6bcb83148978b992977cb0f54d22feb0cce8a0a849a9410532bb2623ba4c6?s=96&d=mm&r=g","width":96,"height":96,"caption":"Juh\u00e1sz P\u00e9ter"}},{"@type":"WebPage","@id":"https:\/\/allasorias.hu\/hirek\/hol-tart-az-allami-teruleten-dolgozok-fizetese\/#webpage","url":"https:\/\/allasorias.hu\/hirek\/hol-tart-az-allami-teruleten-dolgozok-fizetese\/","name":"\u00c1llami szektorban dolgoz\u00f3k fizet\u00e9se: aktu\u00e1lis helyzet","description":"Nem egyeznek a v\u00e9lem\u00e9nyek arr\u00f3l, hogyan v\u00e1ltozott a korm\u00e1ny tisztvisel\u0151k b\u00e9rez\u00e9se. Az \u00e9rdekk\u00e9pviseletek szerint \u00e9vek \u00f3ta v\u00e1ltozatlan az alapb\u00e9r","inLanguage":"hu-HU","isPartOf":{"@id":"https:\/\/allasorias.hu\/hirek\/#website"},"breadcrumb":{"@id":"https:\/\/allasorias.hu\/hirek\/hol-tart-az-allami-teruleten-dolgozok-fizetese\/#breadcrumblist"},"author":{"@id":"https:\/\/allasorias.hu\/hirek\/author\/admin-allasorias\/#author"},"creator":{"@id":"https:\/\/allasorias.hu\/hirek\/author\/admin-allasorias\/#author"},"image":{"@type":"ImageObject","url":"https:\/\/allasorias.hu\/hirek\/wp-content\/uploads\/2024\/09\/kormanytisztviselok-berezese.jpg","@id":"https:\/\/allasorias.hu\/hirek\/hol-tart-az-allami-teruleten-dolgozok-fizetese\/#mainImage","width":1920,"height":1280,"caption":"Hol tart az \u00e1llami ter\u00fcleten dolgoz\u00f3k fizet\u00e9se? - Allasorias.hu\/Hirek"},"primaryImageOfPage":{"@id":"https:\/\/allasorias.hu\/hirek\/hol-tart-az-allami-teruleten-dolgozok-fizetese\/#mainImage"},"datePublished":"2024-09-06T09:04:01+02:00","dateModified":"2025-05-09T13:40:54+02:00"},{"@type":"WebSite","@id":"https:\/\/allasorias.hu\/hirek\/#website","url":"https:\/\/allasorias.hu\/hirek\/","name":"AllasOrias.hu | H\u00edrek-lapszemle","description":"\u00dczleti h\u00edrek az \u00e1ll\u00e1s \u00e9s a munka vil\u00e1g\u00e1b\u00f3l","inLanguage":"hu-HU","publisher":{"@id":"https:\/\/allasorias.hu\/hirek\/#organization"}}]},"og:locale":"hu_HU","og:site_name":"AllasOrias.hu | H\u00edrek-lapszemle | \u00dczleti h\u00edrek az \u00e1ll\u00e1s \u00e9s a munka vil\u00e1g\u00e1b\u00f3l","og:type":"article","og:title":"\u00c1llami szektorban dolgoz\u00f3k fizet\u00e9se: aktu\u00e1lis helyzet","og:description":"Nem egyeznek a v\u00e9lem\u00e9nyek arr\u00f3l, hogyan v\u00e1ltozott a korm\u00e1ny tisztvisel\u0151k b\u00e9rez\u00e9se. Az \u00e9rdekk\u00e9pviseletek szerint \u00e9vek \u00f3ta v\u00e1ltozatlan az alapb\u00e9r","og:url":"https:\/\/allasorias.hu\/hirek\/hol-tart-az-allami-teruleten-dolgozok-fizetese\/","og:image":"https:\/\/allasorias.hu\/hirek\/wp-content\/uploads\/2024\/09\/kormanytisztviselok-berezese.jpg","og:image:secure_url":"https:\/\/allasorias.hu\/hirek\/wp-content\/uploads\/2024\/09\/kormanytisztviselok-berezese.jpg","og:image:width":1920,"og:image:height":1280,"article:published_time":"2024-09-06T07:04:01+00:00","article:modified_time":"2025-05-09T11:40:54+00:00","article:publisher":"https:\/\/www.facebook.com\/allasorias","twitter:card":"summary_large_image","twitter:title":"\u00c1llami szektorban dolgoz\u00f3k fizet\u00e9se: aktu\u00e1lis helyzet","twitter:description":"Nem egyeznek a v\u00e9lem\u00e9nyek arr\u00f3l, hogyan v\u00e1ltozott a korm\u00e1ny tisztvisel\u0151k b\u00e9rez\u00e9se. Az \u00e9rdekk\u00e9pviseletek szerint \u00e9vek \u00f3ta v\u00e1ltozatlan az alapb\u00e9r","twitter:image":"https:\/\/allasorias.hu\/hirek\/wp-content\/uploads\/2024\/09\/kormanytisztviselok-berezese.jpg","twitter:label1":"Written by","twitter:data1":"Juh\u00e1sz P\u00e9ter","twitter:label2":"Est. reading time","twitter:data2":"2 minutes"},"aioseo_meta_data":{"post_id":"7863","title":"\u00c1llami szektorban dolgoz\u00f3k fizet\u00e9se: aktu\u00e1lis helyzet","description":"Nem egyeznek a v\u00e9lem\u00e9nyek arr\u00f3l, hogyan v\u00e1ltozott a korm\u00e1ny tisztvisel\u0151k b\u00e9rez\u00e9se. Az \u00e9rdekk\u00e9pviseletek szerint \u00e9vek \u00f3ta v\u00e1ltozatlan az alapb\u00e9r","keywords":null,"keyphrases":{"focus":{"keyphrase":"","score":0,"analysis":{"keyphraseInTitle":{"score":0,"maxScore":9,"error":1}}},"additional":[]},"primary_term":null,"canonical_url":null,"og_title":null,"og_description":null,"og_object_type":"default","og_image_type":"default","og_image_url":null,"og_image_width":null,"og_image_height":null,"og_image_custom_url":null,"og_image_custom_fields":null,"og_video":"","og_custom_url":null,"og_article_section":null,"og_article_tags":null,"twitter_use_og":true,"twitter_card":"default","twitter_image_type":"default","twitter_image_url":null,"twitter_image_custom_url":null,"twitter_image_custom_fields":null,"twitter_title":null,"twitter_description":null,"schema":{"blockGraphs":[],"customGraphs":[],"default":{"data":{"Article":[],"Course":[],"Dataset":[],"FAQPage":[],"Movie":[],"Person":[],"Product":[],"ProductReview":[],"Car":[],"Recipe":[],"Service":[],"SoftwareApplication":[],"WebPage":[]},"graphName":"Article","isEnabled":true},"graphs":[]},"schema_type":"default","schema_type_options":null,"pillar_content":false,"robots_default":true,"robots_noindex":false,"robots_noarchive":false,"robots_nosnippet":false,"robots_nofollow":false,"robots_noimageindex":false,"robots_noodp":false,"robots_notranslate":false,"robots_max_snippet":"-1","robots_max_videopreview":"-1","robots_max_imagepreview":"large","priority":null,"frequency":"default","location":null,"local_seo":null,"breadcrumb_settings":null,"limit_modified_date":false,"ai":null,"created":"2024-09-06 06:51:29","updated":"2025-10-02 20:20:21","seo_analyzer_scan_date":null,"focus_keyword":null,"additional_keywords":null,"truseo_locale":null},"aioseo_breadcrumb":"<div class=\"aioseo-breadcrumbs\"><span class=\"aioseo-breadcrumb\">\n\t\t\t<a href=\"https:\/\/allasorias.hu\/hirek\" title=\"Home\">Home<\/a>\n\t\t<\/span><span class=\"aioseo-breadcrumb-separator\">&raquo;<\/span><span class=\"aioseo-breadcrumb\">\n\t\t\t<a href=\"https:\/\/allasorias.hu\/hirek\/temak\/munkaeropiac\/\" title=\"Munkaer\u0151piac\">Munkaer\u0151piac<\/a>\n\t\t<\/span><span class=\"aioseo-breadcrumb-separator\">&raquo;<\/span><span class=\"aioseo-breadcrumb\">\n\t\t\tHol tart az \u00e1llami ter\u00fcleten dolgoz\u00f3k fizet\u00e9se?\n\t\t<\/span><\/div>","aioseo_breadcrumb_json":[{"label":"Home","link":"https:\/\/allasorias.hu\/hirek"},{"label":"Munkaer\u0151piac","link":"https:\/\/allasorias.hu\/hirek\/temak\/munkaeropiac\/"},{"label":"Hol tart az \u00e1llami ter\u00fcleten dolgoz\u00f3k fizet\u00e9se?","link":"https:\/\/allasorias.hu\/hirek\/hol-tart-az-allami-teruleten-dolgozok-fizetese\/"}],"_links":{"self":[{"href":"https:\/\/allasorias.hu\/hirek\/wp-json\/wp\/v2\/posts\/7863","targetHints":{"allow":["GET"]}}],"collection":[{"href":"https:\/\/allasorias.hu\/hirek\/wp-json\/wp\/v2\/posts"}],"about":[{"href":"https:\/\/allasorias.hu\/hirek\/wp-json\/wp\/v2\/types\/post"}],"author":[{"embeddable":true,"href":"https:\/\/allasorias.hu\/hirek\/wp-json\/wp\/v2\/users\/1"}],"replies":[{"embeddable":true,"href":"https:\/\/allasorias.hu\/hirek\/wp-json\/wp\/v2\/comments?post=7863"}],"version-history":[{"count":2,"href":"https:\/\/allasorias.hu\/hirek\/wp-json\/wp\/v2\/posts\/7863\/revisions"}],"predecessor-version":[{"id":8429,"href":"https:\/\/allasorias.hu\/hirek\/wp-json\/wp\/v2\/posts\/7863\/revisions\/8429"}],"wp:featuredmedia":[{"embeddable":true,"href":"https:\/\/allasorias.hu\/hirek\/wp-json\/wp\/v2\/media\/7864"}],"wp:attachment":[{"href":"https:\/\/allasorias.hu\/hirek\/wp-json\/wp\/v2\/media?parent=7863"}],"wp:term":[{"taxonomy":"category","embeddable":true,"href":"https:\/\/allasorias.hu\/hirek\/wp-json\/wp\/v2\/categories?post=7863"},{"taxonomy":"post_tag","embeddable":true,"href":"https:\/\/allasorias.hu\/hirek\/wp-json\/wp\/v2\/tags?post=7863"}],"curies":[{"name":"wp","href":"https:\/\/api.w.org\/{rel}","templated":true}]}}