{"id":7860,"date":"2024-09-05T11:01:20","date_gmt":"2024-09-05T09:01:20","guid":{"rendered":"https:\/\/allasorias.hu\/hirek\/?p=7860"},"modified":"2024-09-05T11:01:20","modified_gmt":"2024-09-05T09:01:20","slug":"tobbet-kell-ugyelniuk-sokan-ezt-nem-vallaljak","status":"publish","type":"post","link":"https:\/\/allasorias.hu\/hirek\/tobbet-kell-ugyelniuk-sokan-ezt-nem-vallaljak\/","title":{"rendered":"T\u00f6bbet kell \u00fcgyelni\u00fck \u2013 sokan ezt nem v\u00e1llalj\u00e1k"},"content":{"rendered":"<p><strong>Az eg\u00e9szs\u00e9g\u00fcgyben dolgoz\u00f3k terhei fokoz\u00f3dnak, az \u00fcgyeletek sz\u00e1m\u00e1t n\u00f6velni szeretn\u00e9 a korm\u00e1nyzat, azonban a szakmai szervezetek tiltakoznak. A tervezett v\u00e1ltoztat\u00e1s \u00e9rinti az orvosokat, de a szakdolgoz\u00f3 n\u0151v\u00e9reket is.<\/strong><\/p>\n<p>Az eg\u00e9szs\u00e9g\u00fcgyi dolgoz\u00f3k nagyar\u00e1ny\u00fa felmond\u00e1s\u00e1ra sz\u00e1m\u00edt a F\u00fcggetlen Eg\u00e9szs\u00e9g\u00fcgyi Szakszervezet, miut\u00e1n kider\u00fclt, hogy a korm\u00e1ny milyen m\u00f3don k\u00edv\u00e1nja \u00e1talak\u00edtani a dolgoz\u00f3k munkaidej\u00e9re vonatkoz\u00f3 szab\u00e1lyokat. A Bel\u00fcgyminiszt\u00e9rium tervezet\u00e9ben p\u00e9ld\u00e1ul az szerepel, hogy az eddigi kett\u0151 helyett ak\u00e1r havi hat \u00fcgyeletet is elrendelhetnek a munkav\u00e1llal\u00f3 beleegyez\u00e9se n\u00e9lk\u00fcl. A Magyar Orvosi Kamara kor\u00e1bbi eln\u00f6ke att\u00f3l tart, hogy a m\u00f3dos\u00edt\u00e1s az orvosokat a mag\u00e1nell\u00e1t\u00e1s vagy k\u00fclf\u00f6ld fel\u00e9 terelheti.<\/p>\n<p>A j\u00f6v\u0151ben ez az id\u0151 nem sz\u00e1m\u00edtana bele a nyugd\u00edjhoz sz\u00fcks\u00e9ges szolg\u00e1lati id\u0151be, a k\u00f6telez\u0151 pihen\u0151id\u0151 pedig 11 \u00f3r\u00e1r\u00f3l 8 \u00f3r\u00e1ra cs\u00f6kkenne. Emellett a t\u00f6bbletmunka lehet\u0151s\u00e9ge is megsz\u0171nne, \u00e9s az eb\u00e9did\u0151 sem sz\u00e1m\u00edtana munkaid\u0151nek. A Kamara szerint a korm\u00e1ny a s\u00falyos eg\u00e9szs\u00e9g\u00fcgyi munkaer\u0151hi\u00e1nyt az orvosok \u00e9s szakdolgoz\u00f3k munkaterheinek tov\u00e1bbi n\u00f6vel\u00e9s\u00e9vel \u00e9s a jogaik korl\u00e1toz\u00e1s\u00e1val pr\u00f3b\u00e1lja kezelni.<\/p>\n<h2>Felmond\u00e1s, mag\u00e1nell\u00e1t\u00e1s, k\u00fclf\u00f6ld<\/h2>\n<p>Kincses Gyula, a Magyar Orvosi Kamara kor\u00e1bbi eln\u00f6ke, \u00fagy v\u00e9li, hogy ez a terv nem seg\u00edti a dolgoz\u00f3k \u00e9s a betegek probl\u00e9m\u00e1inak megold\u00e1s\u00e1t, hanem ink\u00e1bb egy katon\u00e1s fegyelmet \u00edr el\u0151, amely nem szolg\u00e1lja a gy\u00f3gy\u00edt\u00e1st. Kincses Gyula szerint nem felt\u00e9tlen\u00fcl k\u00f6vetkezik be k\u00f6zvetlen felmond\u00e1si hull\u00e1m, de v\u00e1rhat\u00f3an folytat\u00f3dik az a tendencia, hogy a kolleg\u00e1k t\u00f6mege a mag\u00e1nell\u00e1t\u00e1s vagy k\u00fclf\u00f6ld fel\u00e9 orient\u00e1l\u00f3dik, ahol nyugodtabb, korrektebb munkak\u00f6r\u00fclm\u00e9nyeket \u00e9s jobb j\u00f6vedelmet biztos\u00edtanak.<\/p>\n<p>R\u00e1ad\u00e1sul az a kedvez\u0151 tendencia is megfordulhat, hogy a k\u00fclf\u00f6ldre t\u00e1voz\u00e1s minim\u00e1lisra cs\u00f6kkent az ut\u00f3bbi id\u0151szakban. A F\u00fcggetlen Eg\u00e9szs\u00e9g\u00fcgyi Szakszervezet eln\u00f6ke, So\u00f3s Adriana, \u00fagy v\u00e9li, hogy b\u00e1r az orvosok eset\u00e9ben is alacsonyak az \u00fcgyeleti d\u00edjak, a felmond\u00e1si hull\u00e1m ink\u00e1bb az eg\u00e9szs\u00e9g\u00fcgyi szakdolgoz\u00f3k k\u00f6r\u00e9ben indulhat el. So\u00f3s Adriana szerint a tervezet anyagilag nagyon s\u00falyos l\u00e9p\u00e9s lenne a szakdolgoz\u00f3k sz\u00e1m\u00e1ra.<\/p>\n<p>Ha eddig egy szakdolgoz\u00f3 12 \u00f3r\u00e1n t\u00fal \u00fcgyelt \u00e9jszaka, akkor megkapta az \u00fcgyeleti d\u00edj 50 sz\u00e1zal\u00e9kkal megemelt p\u00f3tl\u00e9k\u00e1t, ez\u00e9rt sokan v\u00e1llaltak \u00fcgyeletet. \u201e<em>Ink\u00e1bb dolgozott havi 300 \u00f3r\u00e1t \u00fcgyeletekkel egy\u00fctt, hogy a fizet\u00e9se mondjuk eljusson egy olyan 500-550 ezer forint szintre. K\u00e9tszer annyi ideig, mint m\u00e1s emberek dolgoznak. Ha ezeket a pluszokat elveszik, m\u00e1rpedig ebben a tervezetben ez szerepel, hogy 70 sz\u00e1zal\u00e9kos \u00f3rab\u00e9r\u00e9\u00e9rt kell majd h\u00e9tv\u00e9g\u00e9n meg \u00e9jszaka \u00fcgyelni, nem lesz ember, aki ezt v\u00e1llalja. Elmegy m\u00e1shova<\/em>\u201d \u2013 fogalmazott. Az \u00e1llamtitk\u00e1r egyel\u0151re nem k\u00edv\u00e1nt nyilatkozni az \u00fcgyben, a Kamara pedig k\u00e9s\u0151bbre \u00edg\u00e9rt t\u00e1j\u00e9koztat\u00e1st.<\/p>\n<p>Forr\u00e1s: <a href=\"https:\/\/www.atv.hu\/videok\/20240904\/meg-tobb-ugyeletet-varrnanak-az-egeszsegugyi-dolgozok-nyakaba\" target=\"_blank\" rel=\"nofollow noopener noreferrer\">atv.hu<\/a><\/p>\n","protected":false},"excerpt":{"rendered":"<p>Az eg\u00e9szs\u00e9g\u00fcgyben dolgoz\u00f3k terhei fokoz\u00f3dnak, az \u00fcgyeletek sz\u00e1m\u00e1t n\u00f6velni szeretn\u00e9 a korm\u00e1nyzat, azonban a szakmai szervezetek tiltakoznak. A tervezett v\u00e1ltoztat\u00e1s \u00e9rinti az orvosokat, de a szakdolgoz\u00f3 n\u0151v\u00e9reket is. Az eg\u00e9szs\u00e9g\u00fcgyi dolgoz\u00f3k nagyar\u00e1ny\u00fa felmond\u00e1s\u00e1ra sz\u00e1m\u00edt a F\u00fcggetlen Eg\u00e9szs\u00e9g\u00fcgyi Szakszervezet, miut\u00e1n kider\u00fclt, hogy a korm\u00e1ny milyen m\u00f3don k\u00edv\u00e1nja \u00e1talak\u00edtani a dolgoz\u00f3k munkaidej\u00e9re vonatkoz\u00f3 szab\u00e1lyokat. A Bel\u00fcgyminiszt\u00e9rium tervezet\u00e9ben [&hellip;]<\/p>\n","protected":false},"author":1,"featured_media":7861,"comment_status":"closed","ping_status":"closed","sticky":false,"template":"","format":"standard","meta":{"_monsterinsights_skip_tracking":false,"footnotes":""},"categories":[200],"tags":[474,322],"class_list":["post-7860","post","type-post","status-publish","format-standard","has-post-thumbnail","hentry","category-munkaeropiac","tag-apolok","tag-egeszsegugy"],"aioseo_notices":[],"aioseo_head":"\n\t\t<!-- All in One SEO 5.0.0.1 - aioseo.com -->\n\t<meta name=\"description\" content=\"Az eg\u00e9szs\u00e9g\u00fcgyben dolgoz\u00f3k terhei fokoz\u00f3dnak, az \u00fcgyeletek sz\u00e1m\u00e1t n\u00f6velni szeretn\u00e9 a korm\u00e1nyzat, azonban a szakmai szervezetek tiltakoznak.\" \/>\n\t<meta name=\"robots\" content=\"max-image-preview:large\" \/>\n\t<meta name=\"author\" content=\"Juh\u00e1sz P\u00e9ter\"\/>\n\t<meta name=\"keywords\" content=\"\u00e1pol\u00f3k,eg\u00e9szs\u00e9g\u00fcgy\" \/>\n\t<link rel=\"canonical\" href=\"https:\/\/allasorias.hu\/hirek\/tobbet-kell-ugyelniuk-sokan-ezt-nem-vallaljak\/\" \/>\n\t<meta name=\"generator\" content=\"All in One SEO (AIOSEO) 5.0.0.1\" \/>\n\t\t<meta property=\"og:locale\" content=\"hu_HU\" \/>\n\t\t<meta property=\"og:site_name\" content=\"AllasOrias.hu | H\u00edrek-lapszemle | \u00dczleti h\u00edrek az \u00e1ll\u00e1s \u00e9s a munka vil\u00e1g\u00e1b\u00f3l\" \/>\n\t\t<meta property=\"og:type\" content=\"article\" \/>\n\t\t<meta property=\"og:title\" content=\"T\u00f6bbet kell \u00fcgyelni\u00fck \u2013 sokan ezt nem v\u00e1llalj\u00e1k |\" \/>\n\t\t<meta property=\"og:description\" content=\"Az eg\u00e9szs\u00e9g\u00fcgyben dolgoz\u00f3k terhei fokoz\u00f3dnak, az \u00fcgyeletek sz\u00e1m\u00e1t n\u00f6velni szeretn\u00e9 a korm\u00e1nyzat, azonban a szakmai szervezetek tiltakoznak.\" \/>\n\t\t<meta property=\"og:url\" content=\"https:\/\/allasorias.hu\/hirek\/tobbet-kell-ugyelniuk-sokan-ezt-nem-vallaljak\/\" \/>\n\t\t<meta property=\"og:image\" content=\"https:\/\/allasorias.hu\/hirek\/wp-content\/uploads\/2024\/09\/egeszsegugyi-dolgozok-felmondasa.jpg\" \/>\n\t\t<meta property=\"og:image:secure_url\" content=\"https:\/\/allasorias.hu\/hirek\/wp-content\/uploads\/2024\/09\/egeszsegugyi-dolgozok-felmondasa.jpg\" \/>\n\t\t<meta property=\"og:image:width\" content=\"1920\" \/>\n\t\t<meta property=\"og:image:height\" content=\"1080\" \/>\n\t\t<meta property=\"article:published_time\" content=\"2024-09-05T09:01:20+00:00\" \/>\n\t\t<meta property=\"article:modified_time\" content=\"2024-09-05T09:01:20+00:00\" \/>\n\t\t<meta property=\"article:publisher\" content=\"https:\/\/www.facebook.com\/allasorias\" \/>\n\t\t<meta name=\"twitter:card\" content=\"summary_large_image\" \/>\n\t\t<meta name=\"twitter:title\" content=\"T\u00f6bbet kell \u00fcgyelni\u00fck \u2013 sokan ezt nem v\u00e1llalj\u00e1k |\" \/>\n\t\t<meta name=\"twitter:description\" content=\"Az eg\u00e9szs\u00e9g\u00fcgyben dolgoz\u00f3k terhei fokoz\u00f3dnak, az \u00fcgyeletek sz\u00e1m\u00e1t n\u00f6velni szeretn\u00e9 a korm\u00e1nyzat, azonban a szakmai szervezetek tiltakoznak.\" \/>\n\t\t<meta name=\"twitter:image\" content=\"https:\/\/allasorias.hu\/hirek\/wp-content\/uploads\/2024\/09\/egeszsegugyi-dolgozok-felmondasa.jpg\" \/>\n\t\t<meta name=\"twitter:label1\" content=\"Written by\" \/>\n\t\t<meta name=\"twitter:data1\" content=\"Juh\u00e1sz P\u00e9ter\" \/>\n\t\t<meta name=\"twitter:label2\" content=\"Est. reading time\" \/>\n\t\t<meta name=\"twitter:data2\" content=\"3 minutes\" \/>\n\t\t<script type=\"application\/ld+json\" class=\"aioseo-schema\">\n\t\t\t{\"@context\":\"https:\\\/\\\/schema.org\",\"@graph\":[{\"@type\":\"Article\",\"@id\":\"https:\\\/\\\/allasorias.hu\\\/hirek\\\/tobbet-kell-ugyelniuk-sokan-ezt-nem-vallaljak\\\/#article\",\"name\":\"T\\u00f6bbet kell \\u00fcgyelni\\u00fck \\u2013 sokan ezt nem v\\u00e1llalj\\u00e1k |\",\"headline\":\"T\\u00f6bbet kell \\u00fcgyelni\\u00fck \\u2013 sokan ezt nem v\\u00e1llalj\\u00e1k\",\"author\":{\"@id\":\"https:\\\/\\\/allasorias.hu\\\/hirek\\\/author\\\/admin-allasorias\\\/#author\"},\"publisher\":{\"@id\":\"https:\\\/\\\/allasorias.hu\\\/hirek\\\/#organization\"},\"image\":{\"@type\":\"ImageObject\",\"url\":\"https:\\\/\\\/allasorias.hu\\\/hirek\\\/wp-content\\\/uploads\\\/2024\\\/09\\\/egeszsegugyi-dolgozok-felmondasa.jpg\",\"width\":1920,\"height\":1080,\"caption\":\"T\\u00f6bbet kell \\u00fcgyelni\\u00fck \\u2013 sokan ezt nem v\\u00e1llalj\\u00e1k - Allasorias.hu\\\/Hirek\"},\"datePublished\":\"2024-09-05T11:01:20+02:00\",\"dateModified\":\"2024-09-05T11:01:20+02:00\",\"inLanguage\":\"hu-HU\",\"mainEntityOfPage\":{\"@id\":\"https:\\\/\\\/allasorias.hu\\\/hirek\\\/tobbet-kell-ugyelniuk-sokan-ezt-nem-vallaljak\\\/#webpage\"},\"isPartOf\":{\"@id\":\"https:\\\/\\\/allasorias.hu\\\/hirek\\\/tobbet-kell-ugyelniuk-sokan-ezt-nem-vallaljak\\\/#webpage\"},\"articleSection\":\"Munkaer\\u0151piac, \\u00e1pol\\u00f3k, eg\\u00e9szs\\u00e9g\\u00fcgy\"},{\"@type\":\"BreadcrumbList\",\"@id\":\"https:\\\/\\\/allasorias.hu\\\/hirek\\\/tobbet-kell-ugyelniuk-sokan-ezt-nem-vallaljak\\\/#breadcrumblist\",\"itemListElement\":[{\"@type\":\"ListItem\",\"@id\":\"https:\\\/\\\/allasorias.hu\\\/hirek#listItem\",\"position\":1,\"name\":\"Home\",\"item\":\"https:\\\/\\\/allasorias.hu\\\/hirek\",\"nextItem\":{\"@type\":\"ListItem\",\"@id\":\"https:\\\/\\\/allasorias.hu\\\/hirek\\\/temak\\\/munkaeropiac\\\/#listItem\",\"name\":\"Munkaer\\u0151piac\"}},{\"@type\":\"ListItem\",\"@id\":\"https:\\\/\\\/allasorias.hu\\\/hirek\\\/temak\\\/munkaeropiac\\\/#listItem\",\"position\":2,\"name\":\"Munkaer\\u0151piac\",\"item\":\"https:\\\/\\\/allasorias.hu\\\/hirek\\\/temak\\\/munkaeropiac\\\/\",\"nextItem\":{\"@type\":\"ListItem\",\"@id\":\"https:\\\/\\\/allasorias.hu\\\/hirek\\\/tobbet-kell-ugyelniuk-sokan-ezt-nem-vallaljak\\\/#listItem\",\"name\":\"T\\u00f6bbet kell \\u00fcgyelni\\u00fck \\u2013 sokan ezt nem v\\u00e1llalj\\u00e1k\"},\"previousItem\":{\"@type\":\"ListItem\",\"@id\":\"https:\\\/\\\/allasorias.hu\\\/hirek#listItem\",\"name\":\"Home\"}},{\"@type\":\"ListItem\",\"@id\":\"https:\\\/\\\/allasorias.hu\\\/hirek\\\/tobbet-kell-ugyelniuk-sokan-ezt-nem-vallaljak\\\/#listItem\",\"position\":3,\"name\":\"T\\u00f6bbet kell \\u00fcgyelni\\u00fck \\u2013 sokan ezt nem v\\u00e1llalj\\u00e1k\",\"previousItem\":{\"@type\":\"ListItem\",\"@id\":\"https:\\\/\\\/allasorias.hu\\\/hirek\\\/temak\\\/munkaeropiac\\\/#listItem\",\"name\":\"Munkaer\\u0151piac\"}}]},{\"@type\":\"Organization\",\"@id\":\"https:\\\/\\\/allasorias.hu\\\/hirek\\\/#organization\",\"name\":\"AllasOrias.hu | H\\u00edrek-lapszemle\",\"description\":\"\\u00dczleti h\\u00edrek az \\u00e1ll\\u00e1s \\u00e9s a munka vil\\u00e1g\\u00e1b\\u00f3l\",\"url\":\"https:\\\/\\\/allasorias.hu\\\/hirek\\\/\",\"logo\":{\"@type\":\"ImageObject\",\"url\":\"https:\\\/\\\/allasorias.hu\\\/hirek\\\/wp-content\\\/uploads\\\/2022\\\/10\\\/allasorias_site_facebok_logo.png\",\"@id\":\"https:\\\/\\\/allasorias.hu\\\/hirek\\\/tobbet-kell-ugyelniuk-sokan-ezt-nem-vallaljak\\\/#organizationLogo\"},\"image\":{\"@id\":\"https:\\\/\\\/allasorias.hu\\\/hirek\\\/tobbet-kell-ugyelniuk-sokan-ezt-nem-vallaljak\\\/#organizationLogo\"},\"sameAs\":[\"https:\\\/\\\/www.facebook.com\\\/allasorias\",\"https:\\\/\\\/www.linkedin.com\\\/company\\\/allasorias\"]},{\"@type\":\"Person\",\"@id\":\"https:\\\/\\\/allasorias.hu\\\/hirek\\\/author\\\/admin-allasorias\\\/#author\",\"url\":\"https:\\\/\\\/allasorias.hu\\\/hirek\\\/author\\\/admin-allasorias\\\/\",\"name\":\"Juh\\u00e1sz P\\u00e9ter\",\"image\":{\"@type\":\"ImageObject\",\"@id\":\"https:\\\/\\\/allasorias.hu\\\/hirek\\\/tobbet-kell-ugyelniuk-sokan-ezt-nem-vallaljak\\\/#authorImage\",\"url\":\"https:\\\/\\\/secure.gravatar.com\\\/avatar\\\/36e6bcb83148978b992977cb0f54d22feb0cce8a0a849a9410532bb2623ba4c6?s=96&d=mm&r=g\",\"width\":96,\"height\":96,\"caption\":\"Juh\\u00e1sz P\\u00e9ter\"}},{\"@type\":\"WebPage\",\"@id\":\"https:\\\/\\\/allasorias.hu\\\/hirek\\\/tobbet-kell-ugyelniuk-sokan-ezt-nem-vallaljak\\\/#webpage\",\"url\":\"https:\\\/\\\/allasorias.hu\\\/hirek\\\/tobbet-kell-ugyelniuk-sokan-ezt-nem-vallaljak\\\/\",\"name\":\"T\\u00f6bbet kell \\u00fcgyelni\\u00fck \\u2013 sokan ezt nem v\\u00e1llalj\\u00e1k |\",\"description\":\"Az eg\\u00e9szs\\u00e9g\\u00fcgyben dolgoz\\u00f3k terhei fokoz\\u00f3dnak, az \\u00fcgyeletek sz\\u00e1m\\u00e1t n\\u00f6velni szeretn\\u00e9 a korm\\u00e1nyzat, azonban a szakmai szervezetek tiltakoznak.\",\"inLanguage\":\"hu-HU\",\"isPartOf\":{\"@id\":\"https:\\\/\\\/allasorias.hu\\\/hirek\\\/#website\"},\"breadcrumb\":{\"@id\":\"https:\\\/\\\/allasorias.hu\\\/hirek\\\/tobbet-kell-ugyelniuk-sokan-ezt-nem-vallaljak\\\/#breadcrumblist\"},\"author\":{\"@id\":\"https:\\\/\\\/allasorias.hu\\\/hirek\\\/author\\\/admin-allasorias\\\/#author\"},\"creator\":{\"@id\":\"https:\\\/\\\/allasorias.hu\\\/hirek\\\/author\\\/admin-allasorias\\\/#author\"},\"image\":{\"@type\":\"ImageObject\",\"url\":\"https:\\\/\\\/allasorias.hu\\\/hirek\\\/wp-content\\\/uploads\\\/2024\\\/09\\\/egeszsegugyi-dolgozok-felmondasa.jpg\",\"@id\":\"https:\\\/\\\/allasorias.hu\\\/hirek\\\/tobbet-kell-ugyelniuk-sokan-ezt-nem-vallaljak\\\/#mainImage\",\"width\":1920,\"height\":1080,\"caption\":\"T\\u00f6bbet kell \\u00fcgyelni\\u00fck \\u2013 sokan ezt nem v\\u00e1llalj\\u00e1k - Allasorias.hu\\\/Hirek\"},\"primaryImageOfPage\":{\"@id\":\"https:\\\/\\\/allasorias.hu\\\/hirek\\\/tobbet-kell-ugyelniuk-sokan-ezt-nem-vallaljak\\\/#mainImage\"},\"datePublished\":\"2024-09-05T11:01:20+02:00\",\"dateModified\":\"2024-09-05T11:01:20+02:00\"},{\"@type\":\"WebSite\",\"@id\":\"https:\\\/\\\/allasorias.hu\\\/hirek\\\/#website\",\"url\":\"https:\\\/\\\/allasorias.hu\\\/hirek\\\/\",\"name\":\"AllasOrias.hu | H\\u00edrek-lapszemle\",\"description\":\"\\u00dczleti h\\u00edrek az \\u00e1ll\\u00e1s \\u00e9s a munka vil\\u00e1g\\u00e1b\\u00f3l\",\"inLanguage\":\"hu-HU\",\"publisher\":{\"@id\":\"https:\\\/\\\/allasorias.hu\\\/hirek\\\/#organization\"}}]}\n\t\t<\/script>\n\t\t<!-- All in One SEO -->\n\n","aioseo_head_json":{"title":"T\u00f6bbet kell \u00fcgyelni\u00fck \u2013 sokan ezt nem v\u00e1llalj\u00e1k |","description":"Az eg\u00e9szs\u00e9g\u00fcgyben dolgoz\u00f3k terhei fokoz\u00f3dnak, az \u00fcgyeletek sz\u00e1m\u00e1t n\u00f6velni szeretn\u00e9 a korm\u00e1nyzat, azonban a szakmai szervezetek tiltakoznak.","canonical_url":"https:\/\/allasorias.hu\/hirek\/tobbet-kell-ugyelniuk-sokan-ezt-nem-vallaljak\/","robots":"max-image-preview:large","keywords":"\u00e1pol\u00f3k,eg\u00e9szs\u00e9g\u00fcgy","webmasterTools":{"miscellaneous":""},"schema":{"@context":"https:\/\/schema.org","@graph":[{"@type":"Article","@id":"https:\/\/allasorias.hu\/hirek\/tobbet-kell-ugyelniuk-sokan-ezt-nem-vallaljak\/#article","name":"T\u00f6bbet kell \u00fcgyelni\u00fck \u2013 sokan ezt nem v\u00e1llalj\u00e1k |","headline":"T\u00f6bbet kell \u00fcgyelni\u00fck \u2013 sokan ezt nem v\u00e1llalj\u00e1k","author":{"@id":"https:\/\/allasorias.hu\/hirek\/author\/admin-allasorias\/#author"},"publisher":{"@id":"https:\/\/allasorias.hu\/hirek\/#organization"},"image":{"@type":"ImageObject","url":"https:\/\/allasorias.hu\/hirek\/wp-content\/uploads\/2024\/09\/egeszsegugyi-dolgozok-felmondasa.jpg","width":1920,"height":1080,"caption":"T\u00f6bbet kell \u00fcgyelni\u00fck \u2013 sokan ezt nem v\u00e1llalj\u00e1k - Allasorias.hu\/Hirek"},"datePublished":"2024-09-05T11:01:20+02:00","dateModified":"2024-09-05T11:01:20+02:00","inLanguage":"hu-HU","mainEntityOfPage":{"@id":"https:\/\/allasorias.hu\/hirek\/tobbet-kell-ugyelniuk-sokan-ezt-nem-vallaljak\/#webpage"},"isPartOf":{"@id":"https:\/\/allasorias.hu\/hirek\/tobbet-kell-ugyelniuk-sokan-ezt-nem-vallaljak\/#webpage"},"articleSection":"Munkaer\u0151piac, \u00e1pol\u00f3k, eg\u00e9szs\u00e9g\u00fcgy"},{"@type":"BreadcrumbList","@id":"https:\/\/allasorias.hu\/hirek\/tobbet-kell-ugyelniuk-sokan-ezt-nem-vallaljak\/#breadcrumblist","itemListElement":[{"@type":"ListItem","@id":"https:\/\/allasorias.hu\/hirek#listItem","position":1,"name":"Home","item":"https:\/\/allasorias.hu\/hirek","nextItem":{"@type":"ListItem","@id":"https:\/\/allasorias.hu\/hirek\/temak\/munkaeropiac\/#listItem","name":"Munkaer\u0151piac"}},{"@type":"ListItem","@id":"https:\/\/allasorias.hu\/hirek\/temak\/munkaeropiac\/#listItem","position":2,"name":"Munkaer\u0151piac","item":"https:\/\/allasorias.hu\/hirek\/temak\/munkaeropiac\/","nextItem":{"@type":"ListItem","@id":"https:\/\/allasorias.hu\/hirek\/tobbet-kell-ugyelniuk-sokan-ezt-nem-vallaljak\/#listItem","name":"T\u00f6bbet kell \u00fcgyelni\u00fck \u2013 sokan ezt nem v\u00e1llalj\u00e1k"},"previousItem":{"@type":"ListItem","@id":"https:\/\/allasorias.hu\/hirek#listItem","name":"Home"}},{"@type":"ListItem","@id":"https:\/\/allasorias.hu\/hirek\/tobbet-kell-ugyelniuk-sokan-ezt-nem-vallaljak\/#listItem","position":3,"name":"T\u00f6bbet kell \u00fcgyelni\u00fck \u2013 sokan ezt nem v\u00e1llalj\u00e1k","previousItem":{"@type":"ListItem","@id":"https:\/\/allasorias.hu\/hirek\/temak\/munkaeropiac\/#listItem","name":"Munkaer\u0151piac"}}]},{"@type":"Organization","@id":"https:\/\/allasorias.hu\/hirek\/#organization","name":"AllasOrias.hu | H\u00edrek-lapszemle","description":"\u00dczleti h\u00edrek az \u00e1ll\u00e1s \u00e9s a munka vil\u00e1g\u00e1b\u00f3l","url":"https:\/\/allasorias.hu\/hirek\/","logo":{"@type":"ImageObject","url":"https:\/\/allasorias.hu\/hirek\/wp-content\/uploads\/2022\/10\/allasorias_site_facebok_logo.png","@id":"https:\/\/allasorias.hu\/hirek\/tobbet-kell-ugyelniuk-sokan-ezt-nem-vallaljak\/#organizationLogo"},"image":{"@id":"https:\/\/allasorias.hu\/hirek\/tobbet-kell-ugyelniuk-sokan-ezt-nem-vallaljak\/#organizationLogo"},"sameAs":["https:\/\/www.facebook.com\/allasorias","https:\/\/www.linkedin.com\/company\/allasorias"]},{"@type":"Person","@id":"https:\/\/allasorias.hu\/hirek\/author\/admin-allasorias\/#author","url":"https:\/\/allasorias.hu\/hirek\/author\/admin-allasorias\/","name":"Juh\u00e1sz P\u00e9ter","image":{"@type":"ImageObject","@id":"https:\/\/allasorias.hu\/hirek\/tobbet-kell-ugyelniuk-sokan-ezt-nem-vallaljak\/#authorImage","url":"https:\/\/secure.gravatar.com\/avatar\/36e6bcb83148978b992977cb0f54d22feb0cce8a0a849a9410532bb2623ba4c6?s=96&d=mm&r=g","width":96,"height":96,"caption":"Juh\u00e1sz P\u00e9ter"}},{"@type":"WebPage","@id":"https:\/\/allasorias.hu\/hirek\/tobbet-kell-ugyelniuk-sokan-ezt-nem-vallaljak\/#webpage","url":"https:\/\/allasorias.hu\/hirek\/tobbet-kell-ugyelniuk-sokan-ezt-nem-vallaljak\/","name":"T\u00f6bbet kell \u00fcgyelni\u00fck \u2013 sokan ezt nem v\u00e1llalj\u00e1k |","description":"Az eg\u00e9szs\u00e9g\u00fcgyben dolgoz\u00f3k terhei fokoz\u00f3dnak, az \u00fcgyeletek sz\u00e1m\u00e1t n\u00f6velni szeretn\u00e9 a korm\u00e1nyzat, azonban a szakmai szervezetek tiltakoznak.","inLanguage":"hu-HU","isPartOf":{"@id":"https:\/\/allasorias.hu\/hirek\/#website"},"breadcrumb":{"@id":"https:\/\/allasorias.hu\/hirek\/tobbet-kell-ugyelniuk-sokan-ezt-nem-vallaljak\/#breadcrumblist"},"author":{"@id":"https:\/\/allasorias.hu\/hirek\/author\/admin-allasorias\/#author"},"creator":{"@id":"https:\/\/allasorias.hu\/hirek\/author\/admin-allasorias\/#author"},"image":{"@type":"ImageObject","url":"https:\/\/allasorias.hu\/hirek\/wp-content\/uploads\/2024\/09\/egeszsegugyi-dolgozok-felmondasa.jpg","@id":"https:\/\/allasorias.hu\/hirek\/tobbet-kell-ugyelniuk-sokan-ezt-nem-vallaljak\/#mainImage","width":1920,"height":1080,"caption":"T\u00f6bbet kell \u00fcgyelni\u00fck \u2013 sokan ezt nem v\u00e1llalj\u00e1k - Allasorias.hu\/Hirek"},"primaryImageOfPage":{"@id":"https:\/\/allasorias.hu\/hirek\/tobbet-kell-ugyelniuk-sokan-ezt-nem-vallaljak\/#mainImage"},"datePublished":"2024-09-05T11:01:20+02:00","dateModified":"2024-09-05T11:01:20+02:00"},{"@type":"WebSite","@id":"https:\/\/allasorias.hu\/hirek\/#website","url":"https:\/\/allasorias.hu\/hirek\/","name":"AllasOrias.hu | H\u00edrek-lapszemle","description":"\u00dczleti h\u00edrek az \u00e1ll\u00e1s \u00e9s a munka vil\u00e1g\u00e1b\u00f3l","inLanguage":"hu-HU","publisher":{"@id":"https:\/\/allasorias.hu\/hirek\/#organization"}}]},"og:locale":"hu_HU","og:site_name":"AllasOrias.hu | H\u00edrek-lapszemle | \u00dczleti h\u00edrek az \u00e1ll\u00e1s \u00e9s a munka vil\u00e1g\u00e1b\u00f3l","og:type":"article","og:title":"T\u00f6bbet kell \u00fcgyelni\u00fck \u2013 sokan ezt nem v\u00e1llalj\u00e1k |","og:description":"Az eg\u00e9szs\u00e9g\u00fcgyben dolgoz\u00f3k terhei fokoz\u00f3dnak, az \u00fcgyeletek sz\u00e1m\u00e1t n\u00f6velni szeretn\u00e9 a korm\u00e1nyzat, azonban a szakmai szervezetek tiltakoznak.","og:url":"https:\/\/allasorias.hu\/hirek\/tobbet-kell-ugyelniuk-sokan-ezt-nem-vallaljak\/","og:image":"https:\/\/allasorias.hu\/hirek\/wp-content\/uploads\/2024\/09\/egeszsegugyi-dolgozok-felmondasa.jpg","og:image:secure_url":"https:\/\/allasorias.hu\/hirek\/wp-content\/uploads\/2024\/09\/egeszsegugyi-dolgozok-felmondasa.jpg","og:image:width":1920,"og:image:height":1080,"article:published_time":"2024-09-05T09:01:20+00:00","article:modified_time":"2024-09-05T09:01:20+00:00","article:publisher":"https:\/\/www.facebook.com\/allasorias","twitter:card":"summary_large_image","twitter:title":"T\u00f6bbet kell \u00fcgyelni\u00fck \u2013 sokan ezt nem v\u00e1llalj\u00e1k |","twitter:description":"Az eg\u00e9szs\u00e9g\u00fcgyben dolgoz\u00f3k terhei fokoz\u00f3dnak, az \u00fcgyeletek sz\u00e1m\u00e1t n\u00f6velni szeretn\u00e9 a korm\u00e1nyzat, azonban a szakmai szervezetek tiltakoznak.","twitter:image":"https:\/\/allasorias.hu\/hirek\/wp-content\/uploads\/2024\/09\/egeszsegugyi-dolgozok-felmondasa.jpg","twitter:label1":"Written by","twitter:data1":"Juh\u00e1sz P\u00e9ter","twitter:label2":"Est. reading time","twitter:data2":"3 minutes"},"aioseo_meta_data":{"post_id":"7860","title":"#post_title |","description":"Az eg\u00e9szs\u00e9g\u00fcgyben dolgoz\u00f3k terhei fokoz\u00f3dnak, az \u00fcgyeletek sz\u00e1m\u00e1t n\u00f6velni szeretn\u00e9 a korm\u00e1nyzat, azonban a szakmai szervezetek tiltakoznak.","keywords":null,"keyphrases":{"focus":{"keyphrase":"","score":0,"analysis":{"keyphraseInTitle":{"score":0,"maxScore":9,"error":1}}},"additional":[]},"primary_term":null,"canonical_url":null,"og_title":null,"og_description":null,"og_object_type":"default","og_image_type":"default","og_image_url":null,"og_image_width":null,"og_image_height":null,"og_image_custom_url":null,"og_image_custom_fields":null,"og_video":"","og_custom_url":null,"og_article_section":null,"og_article_tags":null,"twitter_use_og":true,"twitter_card":"default","twitter_image_type":"default","twitter_image_url":null,"twitter_image_custom_url":null,"twitter_image_custom_fields":null,"twitter_title":null,"twitter_description":null,"schema":{"blockGraphs":[],"customGraphs":[],"default":{"data":{"Article":[],"Course":[],"Dataset":[],"FAQPage":[],"Movie":[],"Person":[],"Product":[],"ProductReview":[],"Car":[],"Recipe":[],"Service":[],"SoftwareApplication":[],"WebPage":[]},"graphName":"Article","isEnabled":true},"graphs":[]},"schema_type":"default","schema_type_options":null,"pillar_content":false,"robots_default":true,"robots_noindex":false,"robots_noarchive":false,"robots_nosnippet":false,"robots_nofollow":false,"robots_noimageindex":false,"robots_noodp":false,"robots_notranslate":false,"robots_max_snippet":"-1","robots_max_videopreview":"-1","robots_max_imagepreview":"large","priority":null,"frequency":"default","location":null,"local_seo":null,"breadcrumb_settings":null,"limit_modified_date":false,"ai":null,"created":"2024-09-05 08:44:15","updated":"2025-10-02 20:20:21","seo_analyzer_scan_date":null,"focus_keyword":null,"additional_keywords":null,"truseo_locale":null},"aioseo_breadcrumb":"<div class=\"aioseo-breadcrumbs\"><span class=\"aioseo-breadcrumb\">\n\t\t\t<a href=\"https:\/\/allasorias.hu\/hirek\" title=\"Home\">Home<\/a>\n\t\t<\/span><span class=\"aioseo-breadcrumb-separator\">&raquo;<\/span><span class=\"aioseo-breadcrumb\">\n\t\t\t<a href=\"https:\/\/allasorias.hu\/hirek\/temak\/munkaeropiac\/\" title=\"Munkaer\u0151piac\">Munkaer\u0151piac<\/a>\n\t\t<\/span><span class=\"aioseo-breadcrumb-separator\">&raquo;<\/span><span class=\"aioseo-breadcrumb\">\n\t\t\tT\u00f6bbet kell \u00fcgyelni\u00fck \u2013 sokan ezt nem v\u00e1llalj\u00e1k\n\t\t<\/span><\/div>","aioseo_breadcrumb_json":[{"label":"Home","link":"https:\/\/allasorias.hu\/hirek"},{"label":"Munkaer\u0151piac","link":"https:\/\/allasorias.hu\/hirek\/temak\/munkaeropiac\/"},{"label":"T\u00f6bbet kell \u00fcgyelni\u00fck \u2013 sokan ezt nem v\u00e1llalj\u00e1k","link":"https:\/\/allasorias.hu\/hirek\/tobbet-kell-ugyelniuk-sokan-ezt-nem-vallaljak\/"}],"_links":{"self":[{"href":"https:\/\/allasorias.hu\/hirek\/wp-json\/wp\/v2\/posts\/7860","targetHints":{"allow":["GET"]}}],"collection":[{"href":"https:\/\/allasorias.hu\/hirek\/wp-json\/wp\/v2\/posts"}],"about":[{"href":"https:\/\/allasorias.hu\/hirek\/wp-json\/wp\/v2\/types\/post"}],"author":[{"embeddable":true,"href":"https:\/\/allasorias.hu\/hirek\/wp-json\/wp\/v2\/users\/1"}],"replies":[{"embeddable":true,"href":"https:\/\/allasorias.hu\/hirek\/wp-json\/wp\/v2\/comments?post=7860"}],"version-history":[{"count":1,"href":"https:\/\/allasorias.hu\/hirek\/wp-json\/wp\/v2\/posts\/7860\/revisions"}],"predecessor-version":[{"id":7862,"href":"https:\/\/allasorias.hu\/hirek\/wp-json\/wp\/v2\/posts\/7860\/revisions\/7862"}],"wp:featuredmedia":[{"embeddable":true,"href":"https:\/\/allasorias.hu\/hirek\/wp-json\/wp\/v2\/media\/7861"}],"wp:attachment":[{"href":"https:\/\/allasorias.hu\/hirek\/wp-json\/wp\/v2\/media?parent=7860"}],"wp:term":[{"taxonomy":"category","embeddable":true,"href":"https:\/\/allasorias.hu\/hirek\/wp-json\/wp\/v2\/categories?post=7860"},{"taxonomy":"post_tag","embeddable":true,"href":"https:\/\/allasorias.hu\/hirek\/wp-json\/wp\/v2\/tags?post=7860"}],"curies":[{"name":"wp","href":"https:\/\/api.w.org\/{rel}","templated":true}]}}