{"id":7854,"date":"2024-09-02T13:22:05","date_gmt":"2024-09-02T11:22:05","guid":{"rendered":"https:\/\/allasorias.hu\/hirek\/?p=7854"},"modified":"2025-05-09T10:17:52","modified_gmt":"2025-05-09T08:17:52","slug":"attekintettek-a-munkaeropiac-es-a-gazdasag-helyzetet","status":"publish","type":"post","link":"https:\/\/allasorias.hu\/hirek\/attekintettek-a-munkaeropiac-es-a-gazdasag-helyzetet\/","title":{"rendered":"\u00c1ttekintett\u00e9k a munkaer\u0151piac \u00e9s a gazdas\u00e1g helyzet\u00e9t"},"content":{"rendered":"<p><strong>A magyar gazdas\u00e1g \u00e9s a munkaer\u0151piac helyzet\u00e9t tekintett\u00e9k \u00e1t a munkaad\u00f3k \u00e9s a munkav\u00e1llal\u00f3k k\u00e9pvisel\u0151i. T\u00f6bbek k\u00f6z\u00f6tt a b\u00e9rminimum k\u00e9rd\u00e9s\u00e9r\u0151l is t\u00e1rgyaltak de nem sz\u00fcletett meg\u00e1llapod\u00e1s a b\u00e9remel\u00e9si modell \u00e1talak\u00edt\u00e1s\u00e1r\u00f3l.<\/strong><\/p>\n<p>T\u00f6bb \u00e9vre sz\u00f3l\u00f3 b\u00e9rmeg\u00e1llapod\u00e1s kidolgoz\u00e1s\u00e1r\u00f3l, a garant\u00e1lt b\u00e9rminimum lehets\u00e9ges \u00e1talak\u00edt\u00e1s\u00e1r\u00f3l egyeztettek a munkaad\u00f3k \u00e9s a munkav\u00e1llal\u00f3k k\u00e9pvisel\u0151i, a k\u00e9toldal\u00fa t\u00e1rgyal\u00e1st k\u00f6vet\u0151en a felek k\u00f6z\u00fcl ketten nyilatkoztak az MTI-nek. Perlusz L\u00e1szl\u00f3, a V\u00e1llalkoz\u00f3k \u00e9s Munk\u00e1ltat\u00f3k Orsz\u00e1gos Sz\u00f6vets\u00e9g\u00e9nek (VOSZ) f\u0151titk\u00e1ra elmondta, hogy a megbesz\u00e9l\u00e9sen a VOSZ mellett k\u00e9pviseltette mag\u00e1t a Munkaad\u00f3k \u00e9s Gy\u00e1riparosok Orsz\u00e1gos Sz\u00f6vets\u00e9ge (MGYOSZ) \u00e9s az \u00c1ltal\u00e1nos Fogyaszt\u00e1si Sz\u00f6vetkezetek \u00e9s Kereskedelmi T\u00e1rsas\u00e1gok Orsz\u00e1gos Sz\u00f6vets\u00e9ge (\u00c1FEOSZ-COOP), valamint a Liga Szakszervezetek, a Munk\u00e1stan\u00e1csok Orsz\u00e1gos Sz\u00f6vets\u00e9ge \u00e9s a Magyar Szakszervezeti Sz\u00f6vets\u00e9g is.<\/p>\n<h2>Minim\u00e1lb\u00e9r \u00e9s a garant\u00e1lt b\u00e9rminimum emel\u00e9se, eur\u00f3pai uni\u00f3s minim\u00e1lb\u00e9r<\/h2>\n<p>\u00cdgy a Versenyszf\u00e9ra \u00e9s a Korm\u00e1ny \u00c1lland\u00f3 Konzult\u00e1ci\u00f3s F\u00f3rum (VKF) teljes munkaad\u00f3i \u00e9s munkav\u00e1llal\u00f3i oldala jelen volt. Az egyeztet\u00e9sen \u00e1ttekintett\u00e9k a gazdas\u00e1g \u00e9s a munkaer\u0151piac helyzet\u00e9t, valamint arr\u00f3l is t\u00e1rgyaltak, hogyan alakul a j\u00f6v\u0151ben minim\u00e1lb\u00e9r \u00e9s a garant\u00e1lt b\u00e9rminimum emel\u00e9se, \u00e9s \u00e9rintett\u00e9k az eur\u00f3pai uni\u00f3s minim\u00e1lb\u00e9r bevezet\u00e9s\u00e9nek k\u00e9rd\u00e9s\u00e9t is. Perlusz L\u00e1szl\u00f3 \u00fagy v\u00e9lte, a felek nyitottak voltak arra, hogy az orsz\u00e1gos egys\u00e9ges minim\u00e1lb\u00e9r megtart\u00e1sa mellett a j\u00f6v\u0151ben a garant\u00e1lt b\u00e9rminimumot \u00e1gazati b\u00e9rtarifa rendszer v\u00e1ltsa fel. Ezt sz\u00e1m\u00edt\u00e1sai szerint fokozatosan, h\u00e1rom \u00e9v alatt lehetne megval\u00f3s\u00edtani. Azonban jelezte, hogy ez a h\u00e1rom\u00e9ves b\u00e9rmeg\u00e1llapod\u00e1s &#8222;nem a kiz\u00e1r\u00f3lagos j\u00f3 megold\u00e1s&#8221;. Azt ugyanakkor kiemelte, hogy a megold\u00e1s kialak\u00edt\u00e1s\u00e1ban a munkaad\u00f3i \u00e9s a munkav\u00e1llal\u00f3i oldal mellett a korm\u00e1nyra is sz\u00fcks\u00e9g lesz.<\/p>\n<p>Felid\u00e9zte a 2017-2022 k\u00f6z\u00f6tti hat\u00e9ves b\u00e9rmeg\u00e1llapod\u00e1st, amelynek k\u00f6sz\u00f6nhet\u0151en a b\u00e9rek &#8211; termel\u00e9kenys\u00e9get meghalad\u00f3 m\u00e9rt\u00e9k\u0171 &#8211; emel\u00e9s\u00e9vel nyertek a munkav\u00e1llal\u00f3k, de az \u00e1llam is nyert, mert az szja-b\u00f3l \u00e9s \u00e1fa-b\u00f3l t\u00f6bb bev\u00e9tel folyt be, mint amennyit engedtek a szocho m\u00e9rs\u00e9kl\u00e9s\u00e9vel. Perlusz L\u00e1szl\u00f3 elmondta, hogy a mostani helyzetre alkalmazhat\u00f3 t\u00f6bb \u00e9vre sz\u00f3l\u00f3 b\u00e9rmeg\u00e1llapod\u00e1s kidolgoz\u00e1s\u00e1n\u00e1l egy, a kor\u00e1bbi hat\u00e9ves b\u00e9rmeg\u00e1llapod\u00e1shoz hasonl\u00f3 logika ment\u00e9n szeretn\u00e9nek t\u00e1rgyalni a korm\u00e1nnyal, amelynek t\u00e1mogat\u00e1s\u00e1ra nagyban sz\u00e1m\u00edtanak p\u00e9ld\u00e1ul az ad\u00f3- \u00e9s a j\u00e1rul\u00e9krendszer enyh\u00edt\u00e9s\u00e9vel.<\/p>\n<h2>\u00e1gazati tarifa-meg\u00e1llapod\u00e1sok<\/h2>\n<p>M\u00e9sz\u00e1ros Melinda, a Liga eln\u00f6ke meger\u0151s\u00edtette, hogy az eur\u00f3pai uni\u00f3s minim\u00e1lb\u00e9r vet\u00edt\u00e9si alapj\u00e1nak a K\u00f6zponti Statisztikai Hivatal \u00e1ltal havonta publik\u00e1lt &#8211; pr\u00e9mium, jutalom, egyszeri juttat\u00e1s n\u00e9lk\u00fcl sz\u00e1m\u00edtott &#8211; havi brutt\u00f3 \u00e1tlagkeresetet fogadt\u00e1k el. A szakszervezeti vezet\u0151 szerint c\u00e9lk\u00e9nt t\u0171zt\u00e9k ki, hogy a mindenkori minim\u00e1lb\u00e9r a k\u00f6vetkez\u0151 egy-k\u00e9t \u00e9vben \u00e9rje el ennek az 50 sz\u00e1zal\u00e9k\u00e1t. A b\u00e9remel\u00e9si modell \u00e1talak\u00edt\u00e1s\u00e1r\u00f3l a d\u00f6nt\u00e9s m\u00e9g nem sz\u00fcletett meg, \u00edgy m\u00e9g k\u00e9rd\u00e9ses, hogy tov\u00e1bbra is lesz-e minim\u00e1lb\u00e9r \u00e9s garant\u00e1lt b\u00e9rminimum, vagy az orsz\u00e1gos egys\u00e9ges minim\u00e1lb\u00e9r mellett a garant\u00e1lt b\u00e9rminimum szerep\u00e9t \u00e1tveszik az \u00e1gazati tarifa-meg\u00e1llapod\u00e1sok &#8211; mondta.<\/p>\n<p>Fontos tiszt\u00e1zni, az egyeztet\u00e9sek nem a szakmunk\u00e1s minim\u00e1lb\u00e9r megsz\u00fcntet\u00e9s\u00e9r\u0151l, hanem annak lehets\u00e9ges \u00e1talak\u00edt\u00e1s\u00e1r\u00f3l sz\u00f3lnak &#8211; tette hozz\u00e1 a szakszervezeti vezet\u0151. Az \u00e1gazati tarifa-meg\u00e1llapod\u00e1sok kialak\u00edt\u00e1s\u00e1hoz azonban sz\u00e1mos jogszab\u00e1ly, egyebek mellett az \u00e1gazati p\u00e1rbesz\u00e9dbizotts\u00e1gok m\u0171k\u00f6d\u00e9s\u00e9r\u0151l sz\u00f3l\u00f3 t\u00f6rv\u00e9ny t\u00f6bb pontj\u00e1nak \u00e1talak\u00edt\u00e1sa is sz\u00fcks\u00e9ges &#8211; jegyezte meg. M\u00e9sz\u00e1ros Melinda \u00e9s Perlusz L\u00e1szl\u00f3 is egyet\u00e9rtett abban, hogy a b\u00e9remel\u00e9s m\u00e9rt\u00e9k\u00e9t, konkr\u00e9t sz\u00e1mokat csak a b\u00e9remel\u00e9si modell kialak\u00edt\u00e1s\u00e1t k\u00f6vet\u0151en tudnak mondani. A b\u00e9rt\u00e1rgyal\u00e1s a VKF-en m\u00e1r a korm\u00e1ny k\u00e9pvisel\u0151j\u00e9vel kieg\u00e9sz\u00fclve szeptember 18-\u00e1n folytat\u00f3dik.<\/p>\n<p>Forr\u00e1s: <a href=\"https:\/\/www.ma.hu\/uzlet\/402225\/Tobb_evre_szolo_bermegallapodas_kidolgozasarol_egyeztettek_a_munkaadok_es_a_munkavallalok_kepviseloi\" target=\"_blank\" rel=\"nofollow noopener noreferrer\">ma.hu<\/a><\/p>\n","protected":false},"excerpt":{"rendered":"<p>A magyar gazdas\u00e1g \u00e9s a munkaer\u0151piac helyzet\u00e9t tekintett\u00e9k \u00e1t a munkaad\u00f3k \u00e9s a munkav\u00e1llal\u00f3k k\u00e9pvisel\u0151i. T\u00f6bbek k\u00f6z\u00f6tt a b\u00e9rminimum k\u00e9rd\u00e9s\u00e9r\u0151l is t\u00e1rgyaltak de nem sz\u00fcletett meg\u00e1llapod\u00e1s a b\u00e9remel\u00e9si modell \u00e1talak\u00edt\u00e1s\u00e1r\u00f3l. T\u00f6bb \u00e9vre sz\u00f3l\u00f3 b\u00e9rmeg\u00e1llapod\u00e1s kidolgoz\u00e1s\u00e1r\u00f3l, a garant\u00e1lt b\u00e9rminimum lehets\u00e9ges \u00e1talak\u00edt\u00e1s\u00e1r\u00f3l egyeztettek a munkaad\u00f3k \u00e9s a munkav\u00e1llal\u00f3k k\u00e9pvisel\u0151i, a k\u00e9toldal\u00fa t\u00e1rgyal\u00e1st k\u00f6vet\u0151en a felek k\u00f6z\u00fcl ketten [&hellip;]<\/p>\n","protected":false},"author":1,"featured_media":7855,"comment_status":"closed","ping_status":"closed","sticky":false,"template":"","format":"standard","meta":{"_monsterinsights_skip_tracking":false,"footnotes":""},"categories":[198],"tags":[802,803],"class_list":["post-7854","post","type-post","status-publish","format-standard","has-post-thumbnail","hentry","category-gazdasag","tag-berminimum","tag-europai-unios-minimalber"],"aioseo_notices":[],"aioseo_head":"\n\t\t<!-- All in One SEO 5.0.0.1 - aioseo.com -->\n\t<meta name=\"description\" content=\"A magyar gazdas\u00e1g \u00e9s a munkaer\u0151piac helyzet\u00e9t tekintett\u00e9k \u00e1t a munkaad\u00f3k \u00e9s a munkav\u00e1llal\u00f3k k\u00e9pvisel\u0151i. T\u00f6bbek k\u00f6z\u00f6tt a b\u00e9rminimum k\u00e9rd\u00e9s\u00e9r\u0151l is t\u00e1rgyaltak.\" \/>\n\t<meta name=\"robots\" content=\"max-image-preview:large\" \/>\n\t<meta name=\"author\" content=\"Juh\u00e1sz P\u00e9ter\"\/>\n\t<meta name=\"keywords\" content=\"b\u00e9rminimum,eur\u00f3pai uni\u00f3s minim\u00e1lb\u00e9r\" \/>\n\t<link rel=\"canonical\" href=\"https:\/\/allasorias.hu\/hirek\/attekintettek-a-munkaeropiac-es-a-gazdasag-helyzetet\/\" \/>\n\t<meta name=\"generator\" content=\"All in One SEO (AIOSEO) 5.0.0.1\" \/>\n\t\t<meta property=\"og:locale\" content=\"hu_HU\" \/>\n\t\t<meta property=\"og:site_name\" content=\"AllasOrias.hu | H\u00edrek-lapszemle | \u00dczleti h\u00edrek az \u00e1ll\u00e1s \u00e9s a munka vil\u00e1g\u00e1b\u00f3l\" \/>\n\t\t<meta property=\"og:type\" content=\"article\" \/>\n\t\t<meta property=\"og:title\" content=\"Munkaer\u0151piaci \u00e9s gazdas\u00e1gi helyzet\u00e9rt\u00e9kel\u00e9s\" \/>\n\t\t<meta property=\"og:description\" content=\"A magyar gazdas\u00e1g \u00e9s a munkaer\u0151piac helyzet\u00e9t tekintett\u00e9k \u00e1t a munkaad\u00f3k \u00e9s a munkav\u00e1llal\u00f3k k\u00e9pvisel\u0151i. T\u00f6bbek k\u00f6z\u00f6tt a b\u00e9rminimum k\u00e9rd\u00e9s\u00e9r\u0151l is t\u00e1rgyaltak.\" \/>\n\t\t<meta property=\"og:url\" content=\"https:\/\/allasorias.hu\/hirek\/attekintettek-a-munkaeropiac-es-a-gazdasag-helyzetet\/\" \/>\n\t\t<meta property=\"og:image\" content=\"https:\/\/allasorias.hu\/hirek\/wp-content\/uploads\/2024\/09\/munkaeropiac-es-gazdasag.jpg\" \/>\n\t\t<meta property=\"og:image:secure_url\" content=\"https:\/\/allasorias.hu\/hirek\/wp-content\/uploads\/2024\/09\/munkaeropiac-es-gazdasag.jpg\" \/>\n\t\t<meta property=\"og:image:width\" content=\"1920\" \/>\n\t\t<meta property=\"og:image:height\" content=\"1280\" \/>\n\t\t<meta property=\"article:published_time\" content=\"2024-09-02T11:22:05+00:00\" \/>\n\t\t<meta property=\"article:modified_time\" content=\"2025-05-09T08:17:52+00:00\" \/>\n\t\t<meta property=\"article:publisher\" content=\"https:\/\/www.facebook.com\/allasorias\" \/>\n\t\t<meta name=\"twitter:card\" content=\"summary_large_image\" \/>\n\t\t<meta name=\"twitter:title\" content=\"Munkaer\u0151piaci \u00e9s gazdas\u00e1gi helyzet\u00e9rt\u00e9kel\u00e9s\" \/>\n\t\t<meta name=\"twitter:description\" content=\"A magyar gazdas\u00e1g \u00e9s a munkaer\u0151piac helyzet\u00e9t tekintett\u00e9k \u00e1t a munkaad\u00f3k \u00e9s a munkav\u00e1llal\u00f3k k\u00e9pvisel\u0151i. T\u00f6bbek k\u00f6z\u00f6tt a b\u00e9rminimum k\u00e9rd\u00e9s\u00e9r\u0151l is t\u00e1rgyaltak.\" \/>\n\t\t<meta name=\"twitter:image\" content=\"https:\/\/allasorias.hu\/hirek\/wp-content\/uploads\/2024\/09\/munkaeropiac-es-gazdasag.jpg\" \/>\n\t\t<meta name=\"twitter:label1\" content=\"Written by\" \/>\n\t\t<meta name=\"twitter:data1\" content=\"Juh\u00e1sz P\u00e9ter\" \/>\n\t\t<meta name=\"twitter:label2\" content=\"Est. reading time\" \/>\n\t\t<meta name=\"twitter:data2\" content=\"4 minutes\" \/>\n\t\t<script type=\"application\/ld+json\" class=\"aioseo-schema\">\n\t\t\t{\"@context\":\"https:\\\/\\\/schema.org\",\"@graph\":[{\"@type\":\"Article\",\"@id\":\"https:\\\/\\\/allasorias.hu\\\/hirek\\\/attekintettek-a-munkaeropiac-es-a-gazdasag-helyzetet\\\/#article\",\"name\":\"Munkaer\\u0151piaci \\u00e9s gazdas\\u00e1gi helyzet\\u00e9rt\\u00e9kel\\u00e9s\",\"headline\":\"\\u00c1ttekintett\\u00e9k a munkaer\\u0151piac \\u00e9s a gazdas\\u00e1g helyzet\\u00e9t\",\"author\":{\"@id\":\"https:\\\/\\\/allasorias.hu\\\/hirek\\\/author\\\/admin-allasorias\\\/#author\"},\"publisher\":{\"@id\":\"https:\\\/\\\/allasorias.hu\\\/hirek\\\/#organization\"},\"image\":{\"@type\":\"ImageObject\",\"url\":\"https:\\\/\\\/allasorias.hu\\\/hirek\\\/wp-content\\\/uploads\\\/2024\\\/09\\\/munkaeropiac-es-gazdasag.jpg\",\"width\":1920,\"height\":1280,\"caption\":\"\\u00c1ttekintett\\u00e9k a munkaer\\u0151piac \\u00e9s a gazdas\\u00e1g helyzet\\u00e9t - Allasorias.hu\\\/Hirek\"},\"datePublished\":\"2024-09-02T13:22:05+02:00\",\"dateModified\":\"2025-05-09T10:17:52+02:00\",\"inLanguage\":\"hu-HU\",\"mainEntityOfPage\":{\"@id\":\"https:\\\/\\\/allasorias.hu\\\/hirek\\\/attekintettek-a-munkaeropiac-es-a-gazdasag-helyzetet\\\/#webpage\"},\"isPartOf\":{\"@id\":\"https:\\\/\\\/allasorias.hu\\\/hirek\\\/attekintettek-a-munkaeropiac-es-a-gazdasag-helyzetet\\\/#webpage\"},\"articleSection\":\"Gazdas\\u00e1g, b\\u00e9rminimum, eur\\u00f3pai uni\\u00f3s minim\\u00e1lb\\u00e9r\"},{\"@type\":\"BreadcrumbList\",\"@id\":\"https:\\\/\\\/allasorias.hu\\\/hirek\\\/attekintettek-a-munkaeropiac-es-a-gazdasag-helyzetet\\\/#breadcrumblist\",\"itemListElement\":[{\"@type\":\"ListItem\",\"@id\":\"https:\\\/\\\/allasorias.hu\\\/hirek#listItem\",\"position\":1,\"name\":\"Home\",\"item\":\"https:\\\/\\\/allasorias.hu\\\/hirek\",\"nextItem\":{\"@type\":\"ListItem\",\"@id\":\"https:\\\/\\\/allasorias.hu\\\/hirek\\\/temak\\\/gazdasag\\\/#listItem\",\"name\":\"Gazdas\\u00e1g\"}},{\"@type\":\"ListItem\",\"@id\":\"https:\\\/\\\/allasorias.hu\\\/hirek\\\/temak\\\/gazdasag\\\/#listItem\",\"position\":2,\"name\":\"Gazdas\\u00e1g\",\"item\":\"https:\\\/\\\/allasorias.hu\\\/hirek\\\/temak\\\/gazdasag\\\/\",\"nextItem\":{\"@type\":\"ListItem\",\"@id\":\"https:\\\/\\\/allasorias.hu\\\/hirek\\\/attekintettek-a-munkaeropiac-es-a-gazdasag-helyzetet\\\/#listItem\",\"name\":\"\\u00c1ttekintett\\u00e9k a munkaer\\u0151piac \\u00e9s a gazdas\\u00e1g helyzet\\u00e9t\"},\"previousItem\":{\"@type\":\"ListItem\",\"@id\":\"https:\\\/\\\/allasorias.hu\\\/hirek#listItem\",\"name\":\"Home\"}},{\"@type\":\"ListItem\",\"@id\":\"https:\\\/\\\/allasorias.hu\\\/hirek\\\/attekintettek-a-munkaeropiac-es-a-gazdasag-helyzetet\\\/#listItem\",\"position\":3,\"name\":\"\\u00c1ttekintett\\u00e9k a munkaer\\u0151piac \\u00e9s a gazdas\\u00e1g helyzet\\u00e9t\",\"previousItem\":{\"@type\":\"ListItem\",\"@id\":\"https:\\\/\\\/allasorias.hu\\\/hirek\\\/temak\\\/gazdasag\\\/#listItem\",\"name\":\"Gazdas\\u00e1g\"}}]},{\"@type\":\"Organization\",\"@id\":\"https:\\\/\\\/allasorias.hu\\\/hirek\\\/#organization\",\"name\":\"AllasOrias.hu | H\\u00edrek-lapszemle\",\"description\":\"\\u00dczleti h\\u00edrek az \\u00e1ll\\u00e1s \\u00e9s a munka vil\\u00e1g\\u00e1b\\u00f3l\",\"url\":\"https:\\\/\\\/allasorias.hu\\\/hirek\\\/\",\"logo\":{\"@type\":\"ImageObject\",\"url\":\"https:\\\/\\\/allasorias.hu\\\/hirek\\\/wp-content\\\/uploads\\\/2022\\\/10\\\/allasorias_site_facebok_logo.png\",\"@id\":\"https:\\\/\\\/allasorias.hu\\\/hirek\\\/attekintettek-a-munkaeropiac-es-a-gazdasag-helyzetet\\\/#organizationLogo\"},\"image\":{\"@id\":\"https:\\\/\\\/allasorias.hu\\\/hirek\\\/attekintettek-a-munkaeropiac-es-a-gazdasag-helyzetet\\\/#organizationLogo\"},\"sameAs\":[\"https:\\\/\\\/www.facebook.com\\\/allasorias\",\"https:\\\/\\\/www.linkedin.com\\\/company\\\/allasorias\"]},{\"@type\":\"Person\",\"@id\":\"https:\\\/\\\/allasorias.hu\\\/hirek\\\/author\\\/admin-allasorias\\\/#author\",\"url\":\"https:\\\/\\\/allasorias.hu\\\/hirek\\\/author\\\/admin-allasorias\\\/\",\"name\":\"Juh\\u00e1sz P\\u00e9ter\",\"image\":{\"@type\":\"ImageObject\",\"@id\":\"https:\\\/\\\/allasorias.hu\\\/hirek\\\/attekintettek-a-munkaeropiac-es-a-gazdasag-helyzetet\\\/#authorImage\",\"url\":\"https:\\\/\\\/secure.gravatar.com\\\/avatar\\\/36e6bcb83148978b992977cb0f54d22feb0cce8a0a849a9410532bb2623ba4c6?s=96&d=mm&r=g\",\"width\":96,\"height\":96,\"caption\":\"Juh\\u00e1sz P\\u00e9ter\"}},{\"@type\":\"WebPage\",\"@id\":\"https:\\\/\\\/allasorias.hu\\\/hirek\\\/attekintettek-a-munkaeropiac-es-a-gazdasag-helyzetet\\\/#webpage\",\"url\":\"https:\\\/\\\/allasorias.hu\\\/hirek\\\/attekintettek-a-munkaeropiac-es-a-gazdasag-helyzetet\\\/\",\"name\":\"Munkaer\\u0151piaci \\u00e9s gazdas\\u00e1gi helyzet\\u00e9rt\\u00e9kel\\u00e9s\",\"description\":\"A magyar gazdas\\u00e1g \\u00e9s a munkaer\\u0151piac helyzet\\u00e9t tekintett\\u00e9k \\u00e1t a munkaad\\u00f3k \\u00e9s a munkav\\u00e1llal\\u00f3k k\\u00e9pvisel\\u0151i. T\\u00f6bbek k\\u00f6z\\u00f6tt a b\\u00e9rminimum k\\u00e9rd\\u00e9s\\u00e9r\\u0151l is t\\u00e1rgyaltak.\",\"inLanguage\":\"hu-HU\",\"isPartOf\":{\"@id\":\"https:\\\/\\\/allasorias.hu\\\/hirek\\\/#website\"},\"breadcrumb\":{\"@id\":\"https:\\\/\\\/allasorias.hu\\\/hirek\\\/attekintettek-a-munkaeropiac-es-a-gazdasag-helyzetet\\\/#breadcrumblist\"},\"author\":{\"@id\":\"https:\\\/\\\/allasorias.hu\\\/hirek\\\/author\\\/admin-allasorias\\\/#author\"},\"creator\":{\"@id\":\"https:\\\/\\\/allasorias.hu\\\/hirek\\\/author\\\/admin-allasorias\\\/#author\"},\"image\":{\"@type\":\"ImageObject\",\"url\":\"https:\\\/\\\/allasorias.hu\\\/hirek\\\/wp-content\\\/uploads\\\/2024\\\/09\\\/munkaeropiac-es-gazdasag.jpg\",\"@id\":\"https:\\\/\\\/allasorias.hu\\\/hirek\\\/attekintettek-a-munkaeropiac-es-a-gazdasag-helyzetet\\\/#mainImage\",\"width\":1920,\"height\":1280,\"caption\":\"\\u00c1ttekintett\\u00e9k a munkaer\\u0151piac \\u00e9s a gazdas\\u00e1g helyzet\\u00e9t - Allasorias.hu\\\/Hirek\"},\"primaryImageOfPage\":{\"@id\":\"https:\\\/\\\/allasorias.hu\\\/hirek\\\/attekintettek-a-munkaeropiac-es-a-gazdasag-helyzetet\\\/#mainImage\"},\"datePublished\":\"2024-09-02T13:22:05+02:00\",\"dateModified\":\"2025-05-09T10:17:52+02:00\"},{\"@type\":\"WebSite\",\"@id\":\"https:\\\/\\\/allasorias.hu\\\/hirek\\\/#website\",\"url\":\"https:\\\/\\\/allasorias.hu\\\/hirek\\\/\",\"name\":\"AllasOrias.hu | H\\u00edrek-lapszemle\",\"description\":\"\\u00dczleti h\\u00edrek az \\u00e1ll\\u00e1s \\u00e9s a munka vil\\u00e1g\\u00e1b\\u00f3l\",\"inLanguage\":\"hu-HU\",\"publisher\":{\"@id\":\"https:\\\/\\\/allasorias.hu\\\/hirek\\\/#organization\"}}]}\n\t\t<\/script>\n\t\t<!-- All in One SEO -->\n\n","aioseo_head_json":{"title":"Munkaer\u0151piaci \u00e9s gazdas\u00e1gi helyzet\u00e9rt\u00e9kel\u00e9s","description":"A magyar gazdas\u00e1g \u00e9s a munkaer\u0151piac helyzet\u00e9t tekintett\u00e9k \u00e1t a munkaad\u00f3k \u00e9s a munkav\u00e1llal\u00f3k k\u00e9pvisel\u0151i. T\u00f6bbek k\u00f6z\u00f6tt a b\u00e9rminimum k\u00e9rd\u00e9s\u00e9r\u0151l is t\u00e1rgyaltak.","canonical_url":"https:\/\/allasorias.hu\/hirek\/attekintettek-a-munkaeropiac-es-a-gazdasag-helyzetet\/","robots":"max-image-preview:large","keywords":"b\u00e9rminimum,eur\u00f3pai uni\u00f3s minim\u00e1lb\u00e9r","webmasterTools":{"miscellaneous":""},"schema":{"@context":"https:\/\/schema.org","@graph":[{"@type":"Article","@id":"https:\/\/allasorias.hu\/hirek\/attekintettek-a-munkaeropiac-es-a-gazdasag-helyzetet\/#article","name":"Munkaer\u0151piaci \u00e9s gazdas\u00e1gi helyzet\u00e9rt\u00e9kel\u00e9s","headline":"\u00c1ttekintett\u00e9k a munkaer\u0151piac \u00e9s a gazdas\u00e1g helyzet\u00e9t","author":{"@id":"https:\/\/allasorias.hu\/hirek\/author\/admin-allasorias\/#author"},"publisher":{"@id":"https:\/\/allasorias.hu\/hirek\/#organization"},"image":{"@type":"ImageObject","url":"https:\/\/allasorias.hu\/hirek\/wp-content\/uploads\/2024\/09\/munkaeropiac-es-gazdasag.jpg","width":1920,"height":1280,"caption":"\u00c1ttekintett\u00e9k a munkaer\u0151piac \u00e9s a gazdas\u00e1g helyzet\u00e9t - Allasorias.hu\/Hirek"},"datePublished":"2024-09-02T13:22:05+02:00","dateModified":"2025-05-09T10:17:52+02:00","inLanguage":"hu-HU","mainEntityOfPage":{"@id":"https:\/\/allasorias.hu\/hirek\/attekintettek-a-munkaeropiac-es-a-gazdasag-helyzetet\/#webpage"},"isPartOf":{"@id":"https:\/\/allasorias.hu\/hirek\/attekintettek-a-munkaeropiac-es-a-gazdasag-helyzetet\/#webpage"},"articleSection":"Gazdas\u00e1g, b\u00e9rminimum, eur\u00f3pai uni\u00f3s minim\u00e1lb\u00e9r"},{"@type":"BreadcrumbList","@id":"https:\/\/allasorias.hu\/hirek\/attekintettek-a-munkaeropiac-es-a-gazdasag-helyzetet\/#breadcrumblist","itemListElement":[{"@type":"ListItem","@id":"https:\/\/allasorias.hu\/hirek#listItem","position":1,"name":"Home","item":"https:\/\/allasorias.hu\/hirek","nextItem":{"@type":"ListItem","@id":"https:\/\/allasorias.hu\/hirek\/temak\/gazdasag\/#listItem","name":"Gazdas\u00e1g"}},{"@type":"ListItem","@id":"https:\/\/allasorias.hu\/hirek\/temak\/gazdasag\/#listItem","position":2,"name":"Gazdas\u00e1g","item":"https:\/\/allasorias.hu\/hirek\/temak\/gazdasag\/","nextItem":{"@type":"ListItem","@id":"https:\/\/allasorias.hu\/hirek\/attekintettek-a-munkaeropiac-es-a-gazdasag-helyzetet\/#listItem","name":"\u00c1ttekintett\u00e9k a munkaer\u0151piac \u00e9s a gazdas\u00e1g helyzet\u00e9t"},"previousItem":{"@type":"ListItem","@id":"https:\/\/allasorias.hu\/hirek#listItem","name":"Home"}},{"@type":"ListItem","@id":"https:\/\/allasorias.hu\/hirek\/attekintettek-a-munkaeropiac-es-a-gazdasag-helyzetet\/#listItem","position":3,"name":"\u00c1ttekintett\u00e9k a munkaer\u0151piac \u00e9s a gazdas\u00e1g helyzet\u00e9t","previousItem":{"@type":"ListItem","@id":"https:\/\/allasorias.hu\/hirek\/temak\/gazdasag\/#listItem","name":"Gazdas\u00e1g"}}]},{"@type":"Organization","@id":"https:\/\/allasorias.hu\/hirek\/#organization","name":"AllasOrias.hu | H\u00edrek-lapszemle","description":"\u00dczleti h\u00edrek az \u00e1ll\u00e1s \u00e9s a munka vil\u00e1g\u00e1b\u00f3l","url":"https:\/\/allasorias.hu\/hirek\/","logo":{"@type":"ImageObject","url":"https:\/\/allasorias.hu\/hirek\/wp-content\/uploads\/2022\/10\/allasorias_site_facebok_logo.png","@id":"https:\/\/allasorias.hu\/hirek\/attekintettek-a-munkaeropiac-es-a-gazdasag-helyzetet\/#organizationLogo"},"image":{"@id":"https:\/\/allasorias.hu\/hirek\/attekintettek-a-munkaeropiac-es-a-gazdasag-helyzetet\/#organizationLogo"},"sameAs":["https:\/\/www.facebook.com\/allasorias","https:\/\/www.linkedin.com\/company\/allasorias"]},{"@type":"Person","@id":"https:\/\/allasorias.hu\/hirek\/author\/admin-allasorias\/#author","url":"https:\/\/allasorias.hu\/hirek\/author\/admin-allasorias\/","name":"Juh\u00e1sz P\u00e9ter","image":{"@type":"ImageObject","@id":"https:\/\/allasorias.hu\/hirek\/attekintettek-a-munkaeropiac-es-a-gazdasag-helyzetet\/#authorImage","url":"https:\/\/secure.gravatar.com\/avatar\/36e6bcb83148978b992977cb0f54d22feb0cce8a0a849a9410532bb2623ba4c6?s=96&d=mm&r=g","width":96,"height":96,"caption":"Juh\u00e1sz P\u00e9ter"}},{"@type":"WebPage","@id":"https:\/\/allasorias.hu\/hirek\/attekintettek-a-munkaeropiac-es-a-gazdasag-helyzetet\/#webpage","url":"https:\/\/allasorias.hu\/hirek\/attekintettek-a-munkaeropiac-es-a-gazdasag-helyzetet\/","name":"Munkaer\u0151piaci \u00e9s gazdas\u00e1gi helyzet\u00e9rt\u00e9kel\u00e9s","description":"A magyar gazdas\u00e1g \u00e9s a munkaer\u0151piac helyzet\u00e9t tekintett\u00e9k \u00e1t a munkaad\u00f3k \u00e9s a munkav\u00e1llal\u00f3k k\u00e9pvisel\u0151i. T\u00f6bbek k\u00f6z\u00f6tt a b\u00e9rminimum k\u00e9rd\u00e9s\u00e9r\u0151l is t\u00e1rgyaltak.","inLanguage":"hu-HU","isPartOf":{"@id":"https:\/\/allasorias.hu\/hirek\/#website"},"breadcrumb":{"@id":"https:\/\/allasorias.hu\/hirek\/attekintettek-a-munkaeropiac-es-a-gazdasag-helyzetet\/#breadcrumblist"},"author":{"@id":"https:\/\/allasorias.hu\/hirek\/author\/admin-allasorias\/#author"},"creator":{"@id":"https:\/\/allasorias.hu\/hirek\/author\/admin-allasorias\/#author"},"image":{"@type":"ImageObject","url":"https:\/\/allasorias.hu\/hirek\/wp-content\/uploads\/2024\/09\/munkaeropiac-es-gazdasag.jpg","@id":"https:\/\/allasorias.hu\/hirek\/attekintettek-a-munkaeropiac-es-a-gazdasag-helyzetet\/#mainImage","width":1920,"height":1280,"caption":"\u00c1ttekintett\u00e9k a munkaer\u0151piac \u00e9s a gazdas\u00e1g helyzet\u00e9t - Allasorias.hu\/Hirek"},"primaryImageOfPage":{"@id":"https:\/\/allasorias.hu\/hirek\/attekintettek-a-munkaeropiac-es-a-gazdasag-helyzetet\/#mainImage"},"datePublished":"2024-09-02T13:22:05+02:00","dateModified":"2025-05-09T10:17:52+02:00"},{"@type":"WebSite","@id":"https:\/\/allasorias.hu\/hirek\/#website","url":"https:\/\/allasorias.hu\/hirek\/","name":"AllasOrias.hu | H\u00edrek-lapszemle","description":"\u00dczleti h\u00edrek az \u00e1ll\u00e1s \u00e9s a munka vil\u00e1g\u00e1b\u00f3l","inLanguage":"hu-HU","publisher":{"@id":"https:\/\/allasorias.hu\/hirek\/#organization"}}]},"og:locale":"hu_HU","og:site_name":"AllasOrias.hu | H\u00edrek-lapszemle | \u00dczleti h\u00edrek az \u00e1ll\u00e1s \u00e9s a munka vil\u00e1g\u00e1b\u00f3l","og:type":"article","og:title":"Munkaer\u0151piaci \u00e9s gazdas\u00e1gi helyzet\u00e9rt\u00e9kel\u00e9s","og:description":"A magyar gazdas\u00e1g \u00e9s a munkaer\u0151piac helyzet\u00e9t tekintett\u00e9k \u00e1t a munkaad\u00f3k \u00e9s a munkav\u00e1llal\u00f3k k\u00e9pvisel\u0151i. T\u00f6bbek k\u00f6z\u00f6tt a b\u00e9rminimum k\u00e9rd\u00e9s\u00e9r\u0151l is t\u00e1rgyaltak.","og:url":"https:\/\/allasorias.hu\/hirek\/attekintettek-a-munkaeropiac-es-a-gazdasag-helyzetet\/","og:image":"https:\/\/allasorias.hu\/hirek\/wp-content\/uploads\/2024\/09\/munkaeropiac-es-gazdasag.jpg","og:image:secure_url":"https:\/\/allasorias.hu\/hirek\/wp-content\/uploads\/2024\/09\/munkaeropiac-es-gazdasag.jpg","og:image:width":1920,"og:image:height":1280,"article:published_time":"2024-09-02T11:22:05+00:00","article:modified_time":"2025-05-09T08:17:52+00:00","article:publisher":"https:\/\/www.facebook.com\/allasorias","twitter:card":"summary_large_image","twitter:title":"Munkaer\u0151piaci \u00e9s gazdas\u00e1gi helyzet\u00e9rt\u00e9kel\u00e9s","twitter:description":"A magyar gazdas\u00e1g \u00e9s a munkaer\u0151piac helyzet\u00e9t tekintett\u00e9k \u00e1t a munkaad\u00f3k \u00e9s a munkav\u00e1llal\u00f3k k\u00e9pvisel\u0151i. T\u00f6bbek k\u00f6z\u00f6tt a b\u00e9rminimum k\u00e9rd\u00e9s\u00e9r\u0151l is t\u00e1rgyaltak.","twitter:image":"https:\/\/allasorias.hu\/hirek\/wp-content\/uploads\/2024\/09\/munkaeropiac-es-gazdasag.jpg","twitter:label1":"Written by","twitter:data1":"Juh\u00e1sz P\u00e9ter","twitter:label2":"Est. reading time","twitter:data2":"4 minutes"},"aioseo_meta_data":{"post_id":"7854","title":"Munkaer\u0151piaci \u00e9s gazdas\u00e1gi helyzet\u00e9rt\u00e9kel\u00e9s","description":"A magyar gazdas\u00e1g \u00e9s a munkaer\u0151piac helyzet\u00e9t tekintett\u00e9k \u00e1t a munkaad\u00f3k \u00e9s a munkav\u00e1llal\u00f3k k\u00e9pvisel\u0151i. T\u00f6bbek k\u00f6z\u00f6tt a b\u00e9rminimum k\u00e9rd\u00e9s\u00e9r\u0151l is t\u00e1rgyaltak.","keywords":null,"keyphrases":{"focus":{"keyphrase":"","score":0,"analysis":{"keyphraseInTitle":{"score":0,"maxScore":9,"error":1}}},"additional":[]},"primary_term":null,"canonical_url":null,"og_title":null,"og_description":null,"og_object_type":"default","og_image_type":"default","og_image_url":null,"og_image_width":null,"og_image_height":null,"og_image_custom_url":null,"og_image_custom_fields":null,"og_video":"","og_custom_url":null,"og_article_section":null,"og_article_tags":null,"twitter_use_og":true,"twitter_card":"default","twitter_image_type":"default","twitter_image_url":null,"twitter_image_custom_url":null,"twitter_image_custom_fields":null,"twitter_title":null,"twitter_description":null,"schema":{"blockGraphs":[],"customGraphs":[],"default":{"data":{"Article":[],"Course":[],"Dataset":[],"FAQPage":[],"Movie":[],"Person":[],"Product":[],"ProductReview":[],"Car":[],"Recipe":[],"Service":[],"SoftwareApplication":[],"WebPage":[]},"graphName":"Article","isEnabled":true},"graphs":[]},"schema_type":"default","schema_type_options":null,"pillar_content":false,"robots_default":true,"robots_noindex":false,"robots_noarchive":false,"robots_nosnippet":false,"robots_nofollow":false,"robots_noimageindex":false,"robots_noodp":false,"robots_notranslate":false,"robots_max_snippet":"-1","robots_max_videopreview":"-1","robots_max_imagepreview":"large","priority":null,"frequency":"default","location":null,"local_seo":null,"breadcrumb_settings":null,"limit_modified_date":false,"ai":null,"created":"2024-09-02 11:02:26","updated":"2025-10-02 20:19:43","seo_analyzer_scan_date":null,"focus_keyword":null,"additional_keywords":null,"truseo_locale":null},"aioseo_breadcrumb":"<div class=\"aioseo-breadcrumbs\"><span class=\"aioseo-breadcrumb\">\n\t\t\t<a href=\"https:\/\/allasorias.hu\/hirek\" title=\"Home\">Home<\/a>\n\t\t<\/span><span class=\"aioseo-breadcrumb-separator\">&raquo;<\/span><span class=\"aioseo-breadcrumb\">\n\t\t\t<a href=\"https:\/\/allasorias.hu\/hirek\/temak\/gazdasag\/\" title=\"Gazdas\u00e1g\">Gazdas\u00e1g<\/a>\n\t\t<\/span><span class=\"aioseo-breadcrumb-separator\">&raquo;<\/span><span class=\"aioseo-breadcrumb\">\n\t\t\t\u00c1ttekintett\u00e9k a munkaer\u0151piac \u00e9s a gazdas\u00e1g helyzet\u00e9t\n\t\t<\/span><\/div>","aioseo_breadcrumb_json":[{"label":"Home","link":"https:\/\/allasorias.hu\/hirek"},{"label":"Gazdas\u00e1g","link":"https:\/\/allasorias.hu\/hirek\/temak\/gazdasag\/"},{"label":"\u00c1ttekintett\u00e9k a munkaer\u0151piac \u00e9s a gazdas\u00e1g helyzet\u00e9t","link":"https:\/\/allasorias.hu\/hirek\/attekintettek-a-munkaeropiac-es-a-gazdasag-helyzetet\/"}],"_links":{"self":[{"href":"https:\/\/allasorias.hu\/hirek\/wp-json\/wp\/v2\/posts\/7854","targetHints":{"allow":["GET"]}}],"collection":[{"href":"https:\/\/allasorias.hu\/hirek\/wp-json\/wp\/v2\/posts"}],"about":[{"href":"https:\/\/allasorias.hu\/hirek\/wp-json\/wp\/v2\/types\/post"}],"author":[{"embeddable":true,"href":"https:\/\/allasorias.hu\/hirek\/wp-json\/wp\/v2\/users\/1"}],"replies":[{"embeddable":true,"href":"https:\/\/allasorias.hu\/hirek\/wp-json\/wp\/v2\/comments?post=7854"}],"version-history":[{"count":1,"href":"https:\/\/allasorias.hu\/hirek\/wp-json\/wp\/v2\/posts\/7854\/revisions"}],"predecessor-version":[{"id":7856,"href":"https:\/\/allasorias.hu\/hirek\/wp-json\/wp\/v2\/posts\/7854\/revisions\/7856"}],"wp:featuredmedia":[{"embeddable":true,"href":"https:\/\/allasorias.hu\/hirek\/wp-json\/wp\/v2\/media\/7855"}],"wp:attachment":[{"href":"https:\/\/allasorias.hu\/hirek\/wp-json\/wp\/v2\/media?parent=7854"}],"wp:term":[{"taxonomy":"category","embeddable":true,"href":"https:\/\/allasorias.hu\/hirek\/wp-json\/wp\/v2\/categories?post=7854"},{"taxonomy":"post_tag","embeddable":true,"href":"https:\/\/allasorias.hu\/hirek\/wp-json\/wp\/v2\/tags?post=7854"}],"curies":[{"name":"wp","href":"https:\/\/api.w.org\/{rel}","templated":true}]}}