{"id":7796,"date":"2024-07-30T12:52:54","date_gmt":"2024-07-30T10:52:54","guid":{"rendered":"https:\/\/allasorias.hu\/hirek\/?p=7796"},"modified":"2025-05-09T14:26:21","modified_gmt":"2025-05-09T12:26:21","slug":"keves-a-futar-nehez-helyzetben-a-vallalkozasok","status":"publish","type":"post","link":"https:\/\/allasorias.hu\/hirek\/keves-a-futar-nehez-helyzetben-a-vallalkozasok\/","title":{"rendered":"Kev\u00e9s a fut\u00e1r, neh\u00e9z helyzetben a v\u00e1llalkoz\u00e1sok"},"content":{"rendered":"<p><strong>A ny\u00e1r m\u00e9gink\u00e1bb ki\u00e9lezi a helyzetet a fut\u00e1r c\u00e9gekn\u00e9l, ahol komoly l\u00e9tsz\u00e1mhi\u00e1nnyal k\u00fczdenek. A\u00a0 szabads\u00e1gok kiad\u00e1sa is neh\u00e9zs\u00e9gekbe \u00fctk\u00f6zik, mik\u00f6zben a megrendel\u0151k el\u00e9gedetlenek a szolg\u00e1ltat\u00e1sokkal.<\/strong><\/p>\n<p>Elg\u00e1ncsolja a k\u00e9zbes\u00edt\u00e9si piacot a munkaer\u0151hi\u00e1ny: elterjedt jelens\u00e9g lett a ny\u00e1ron, hogy a h\u00e1zhoz rendelt csomagok egy r\u00e9sz\u00e9t nem kapj\u00e1k meg a v\u00e1s\u00e1rl\u00f3k, csak ha maguk mennek el \u00e9rte \u2013 k\u00f6z\u00f6lte az Economxszal az Egyenl\u0151.hu modern szakszervezet. \u00dajabb ter\u00fcleten okoz probl\u00e9m\u00e1kat a munkaer\u0151hi\u00e1ny: az ut\u00f3bbi id\u0151ben annyira megugrott az online csomagk\u00fcld\u0151 szolg\u00e1ltat\u00e1sok ir\u00e1nti kereslet, hogy a k\u00e9zbes\u00edt\u0151 c\u00e9gek a ny\u00e1ri szezonban m\u00e1r nem tudj\u00e1k z\u00f6kken\u0151mentesen ell\u00e1tni a kisz\u00e1ll\u00edt\u00e1sokat, ez\u00e9rt egyre t\u00f6bb v\u00e1s\u00e1rl\u00f3 hoppon marad.<\/p>\n<p>A f\u0151v\u00e1rosban \u00e9s t\u00f6bb vid\u00e9ki telep\u00fcl\u00e9sen jellemz\u0151 lett, hogy a vev\u0151csalogat\u00e1s \u00e9rdek\u00e9ben a web\u00e1ruh\u00e1zban ingyenesecsn k\u00edn\u00e1lt h\u00e1zhoz sz\u00e1ll\u00edt\u00e1s ut\u00f3bb m\u00e9gsem val\u00f3sul meg. A t\u00f6meges megrendel\u00e9sek teljes\u00edt\u00e9sekor ugyanis a fut\u00e1rc\u00e9gek jobb h\u00edj\u00e1n a csomagpontokon vagy automat\u00e1kban rakj\u00e1k le a csomagok egy r\u00e9sz\u00e9t, amir\u0151l viszont csak ut\u00f3bb \u00e9rtes\u00edtik a v\u00e1s\u00e1rl\u00f3t \u2013 tudta meg az Economx. A ny\u00e1r k\u00f6zep\u00e9re fell\u00e1ngolt jelens\u00e9g m\u00f6g\u00f6tt az \u00e1ltal\u00e1nos l\u00e9tsz\u00e1mhi\u00e1ny \u00e1ll, amely a szabads\u00e1gol\u00e1sok id\u0151szak\u00e1ban m\u00e1r logisztikai fennakad\u00e1sokat \u00e9s mindennapos fesz\u00fclts\u00e9geket okoz a c\u00e9gekn\u00e9l.<\/p>\n<h2>Van hogy 180-200 csomag jut egy napra<\/h2>\n<p>A v\u00e1s\u00e1rl\u00f3k ugyan el\u0151bb-ut\u00f3bb hozz\u00e1jutnak a megrendelt \u00e1ruhoz, de van, akinek ehhez meg kell oldani, hogy maga menjen el a hi\u00e1ba v\u00e1rt sz\u00e1ll\u00edtm\u00e1ny\u00e9rt \u2013 mondta lapunknak a kiskereskedelemben m\u0171k\u00f6d\u0151 Egyenl\u0151.hu modern szakszervezet eln\u00f6ke. Bubenk\u00f3 Csaba c\u00e9gnevek eml\u00edt\u00e9se n\u00e9lk\u00fcl v\u00e1zolta: az elm\u00falt napokban t\u00f6bb ismert fut\u00e1rc\u00e9g alkalmazottai kerest\u00e9k meg a szakszervezetet azzal, hogy seg\u00edts\u00e9get k\u00e9rjenek, mert nyakukra \u00e9g a munka. P\u00e9ld\u00e1ul rendszeres, hogy a sof\u0151r\u00f6k \u00fagy kezdik a napi m\u0171szakot, hogy m\u00e1r a dep\u00f3ban kider\u00fcl: a sz\u00fcks\u00e9gesn\u00e9l kevesebb ember \u00e1ll rendelkez\u00e9sre, emiatt fejenk\u00e9nt a megszokottn\u00e1l j\u00f3val t\u00f6bb, \u00e1tlagosan 180-200 csomagot kell c\u00edmre vinni\u00fck.<\/p>\n<p>Ezek k\u00f6z\u00f6tt nagyon neh\u00e9z sz\u00e1ll\u00edtm\u00e1nyok is vannak: nem ritka, hogy aut\u00f3gumit, lapra szerelt b\u00fatorokat vagy lapos t\u00e9v\u00e9t, illetve t\u00f6bb t\u00edzkil\u00f3s \u00e1llateledeles zs\u00e1kokat, konzerveket kell mozgatni. A l\u00e9tsz\u00e1mhi\u00e1ny miatt pedig mostanra elterjedt az a gyakorlat, hogy annak \u00e9rdek\u00e9ben, hogy a szerz\u0151d\u00e9sben v\u00e1llalt hat\u00e1rid\u0151n bel\u00fcl haladjanak a megrendel\u00e9sek, \u00e9s ne legyen torl\u00f3d\u00e1s a k\u00f6zponti rakt\u00e1rban, a k\u00e9zbes\u00edt\u0151 c\u00e9gek bels\u0151 utas\u00edt\u00e1st adnak a fut\u00e1roknak.<\/p>\n<p>Eszerint a kisz\u00e1ll\u00edt\u00e1sra v\u00e1r\u00f3, ingyenes csomagok egy r\u00e9sz\u00e9t eg\u00e9sz egyszer\u0171en nem vihetik ki lakc\u00edmre, hanem gy\u0171jt\u0151ponton kell azokat letenni. Ez pedig rengeteg kellemetlen helyzetet okoz, mivel a legt\u00f6bb k\u00e9zbes\u00edt\u0151 fix k\u00f6rzetet l\u00e1t el, ahol a vev\u0151k t\u00f6bbs\u00e9ge m\u00e1r ismeri \u0151ket. Nem egyszer kapnak olyan telefonh\u00edv\u00e1sokat a sof\u0151r\u00f6k, hogy a felh\u00e1borodott v\u00e1s\u00e1rl\u00f3k rajtuk keresik a csomagot, vagy amiatt el\u00e9gedetlenkednek, hogy h\u00e1zhoz sz\u00e1ll\u00edt\u00e1s helyett sms-t kapnak arr\u00f3l, nekik kell begy\u0171jteni a k\u00fcldem\u00e9nyt \u2013 mutatott r\u00e1 az eln\u00f6k. Hozz\u00e1tette: a fut\u00e1rok nem gy\u0151zik hangs\u00falyozni a reklam\u00e1l\u00f3 \u00fcgyfeleknek, hogy nem az \u0151 hib\u00e1jukb\u00f3l nem \u00e9rkezik meg a v\u00e1rt term\u00e9k.<\/p>\n<h2>A helyettes\u00edt\u00e9s is nehez\u00edti a munk\u00e1t<\/h2>\n<p>R\u00e1ad\u00e1sul, amikor egy m\u00e1sik k\u00f6rzetben kell helyettes\u00edteni a koll\u00e9g\u00e1t, az tov\u00e1bb nehez\u00edti a munk\u00e1t, mivel a beugr\u00f3 sof\u0151r nem ismeri \u00fagy az utc\u00e1kat, az ottani k\u00f6r\u00fclm\u00e9nyeket, a lak\u00f3kat, hogy p\u00e9ld\u00e1ul jellemz\u0151en mikor tal\u00e1lhat\u00f3k otthon. Emiatt gyakori a cs\u00fasz\u00e1s, mert nem vihetik vissza az \u00e1rut a rakt\u00e1rba, \u00edgy pedig n\u0151 rajtuk a nyom\u00e1s. Azt nem engedhetik meg a c\u00e9gek, hogy nem adj\u00e1k ki a szabads\u00e1gokat vagy betegs\u00e9g eset\u00e9n nem engedik t\u00e1pp\u00e9nzre a dolgoz\u00f3t.<\/p>\n<p>S\u0151t, a ny\u00e1ri di\u00e1kmunkalehet\u0151s\u00e9gek k\u00f6z\u00f6tt is kiemelkedik az alkalmi fut\u00e1rkod\u00e1s, ami ugyancsak mutatja, hogy nagy sz\u00fcks\u00e9g van a friss munkaer\u0151re.\u00a0 A rutinosabb munkav\u00e1llal\u00f3k is idegesek, leterheltek, az elviselhet\u0151n\u00e9l nagyobb felel\u0151ss\u00e9g, t\u00f6bb munka h\u00e1rul r\u00e1juk, ez pedig nem fenntarthat\u00f3. Sz\u00fcks\u00e9g van a fizet\u00e9sek emel\u00e9s\u00e9re \u00e9s a hat\u00e9konyabb munkaszervez\u00e9sre is, illetve olyan fell\u00e9p\u00e9sre, amellyel elker\u00fclhet\u0151 lehet, hogy k\u00e9s\u0151bb \u00f6sszeomoljon az eg\u00e9sz rendszer \u2013 sz\u00f6gezte le az Egyenl\u0151.hu vezet\u0151je.<\/p>\n<p>Forr\u00e1s: <a href=\"https:\/\/www.economx.hu\/magyar-gazdasag\/futarcegek-munkaero-elosztopont-csomag-vasarlok-futarok-szakszervezet.793610.html\" target=\"_blank\" rel=\"nofollow noopener noreferrer\">economx.hu<\/a><\/p>\n","protected":false},"excerpt":{"rendered":"<p>A ny\u00e1r m\u00e9gink\u00e1bb ki\u00e9lezi a helyzetet a fut\u00e1r c\u00e9gekn\u00e9l, ahol komoly l\u00e9tsz\u00e1mhi\u00e1nnyal k\u00fczdenek. A\u00a0 szabads\u00e1gok kiad\u00e1sa is neh\u00e9zs\u00e9gekbe \u00fctk\u00f6zik, mik\u00f6zben a megrendel\u0151k el\u00e9gedetlenek a szolg\u00e1ltat\u00e1sokkal. Elg\u00e1ncsolja a k\u00e9zbes\u00edt\u00e9si piacot a munkaer\u0151hi\u00e1ny: elterjedt jelens\u00e9g lett a ny\u00e1ron, hogy a h\u00e1zhoz rendelt csomagok egy r\u00e9sz\u00e9t nem kapj\u00e1k meg a v\u00e1s\u00e1rl\u00f3k, csak ha maguk mennek el \u00e9rte \u2013 [&hellip;]<\/p>\n","protected":false},"author":1,"featured_media":7798,"comment_status":"closed","ping_status":"closed","sticky":false,"template":"","format":"standard","meta":{"_monsterinsights_skip_tracking":false,"footnotes":""},"categories":[203],"tags":[786,652],"class_list":["post-7796","post","type-post","status-publish","format-standard","has-post-thumbnail","hentry","category-hianyszakmak","tag-csomagkuldes","tag-futar"],"aioseo_notices":[],"aioseo_head":"\n\t\t<!-- All in One SEO 5.0.0.1 - aioseo.com -->\n\t<meta name=\"description\" content=\"A ny\u00e1r m\u00e9gink\u00e1bb ki\u00e9lezi a helyzetet a fut\u00e1r c\u00e9gekn\u00e9l, ahol komoly l\u00e9tsz\u00e1mhi\u00e1nnyal k\u00fczdenek. A szabads\u00e1gok kiad\u00e1sa is neh\u00e9zs\u00e9gekbe \u00fctk\u00f6zik.\" \/>\n\t<meta name=\"robots\" content=\"max-image-preview:large\" \/>\n\t<meta name=\"author\" content=\"Juh\u00e1sz P\u00e9ter\"\/>\n\t<meta name=\"keywords\" content=\"csomagk\u00fcld\u00e9s,fut\u00e1r\" \/>\n\t<link rel=\"canonical\" href=\"https:\/\/allasorias.hu\/hirek\/keves-a-futar-nehez-helyzetben-a-vallalkozasok\/\" \/>\n\t<meta name=\"generator\" content=\"All in One SEO (AIOSEO) 5.0.0.1\" \/>\n\t\t<meta property=\"og:locale\" content=\"hu_HU\" \/>\n\t\t<meta property=\"og:site_name\" content=\"AllasOrias.hu | H\u00edrek-lapszemle | \u00dczleti h\u00edrek az \u00e1ll\u00e1s \u00e9s a munka vil\u00e1g\u00e1b\u00f3l\" \/>\n\t\t<meta property=\"og:type\" content=\"article\" \/>\n\t\t<meta property=\"og:title\" content=\"Fut\u00e1rok hi\u00e1nya neh\u00e9z helyzetbe hozza c\u00e9geket\" \/>\n\t\t<meta property=\"og:description\" content=\"A ny\u00e1r m\u00e9gink\u00e1bb ki\u00e9lezi a helyzetet a fut\u00e1r c\u00e9gekn\u00e9l, ahol komoly l\u00e9tsz\u00e1mhi\u00e1nnyal k\u00fczdenek. A szabads\u00e1gok kiad\u00e1sa is neh\u00e9zs\u00e9gekbe \u00fctk\u00f6zik.\" \/>\n\t\t<meta property=\"og:url\" content=\"https:\/\/allasorias.hu\/hirek\/keves-a-futar-nehez-helyzetben-a-vallalkozasok\/\" \/>\n\t\t<meta property=\"og:image\" content=\"https:\/\/allasorias.hu\/hirek\/wp-content\/uploads\/2024\/07\/keves-a-futar.jpg\" \/>\n\t\t<meta property=\"og:image:secure_url\" content=\"https:\/\/allasorias.hu\/hirek\/wp-content\/uploads\/2024\/07\/keves-a-futar.jpg\" \/>\n\t\t<meta property=\"og:image:width\" content=\"1280\" \/>\n\t\t<meta property=\"og:image:height\" content=\"853\" \/>\n\t\t<meta property=\"article:published_time\" content=\"2024-07-30T10:52:54+00:00\" \/>\n\t\t<meta property=\"article:modified_time\" content=\"2025-05-09T12:26:21+00:00\" \/>\n\t\t<meta property=\"article:publisher\" content=\"https:\/\/www.facebook.com\/allasorias\" \/>\n\t\t<meta name=\"twitter:card\" content=\"summary_large_image\" \/>\n\t\t<meta name=\"twitter:title\" content=\"Fut\u00e1rok hi\u00e1nya neh\u00e9z helyzetbe hozza c\u00e9geket\" \/>\n\t\t<meta name=\"twitter:description\" content=\"A ny\u00e1r m\u00e9gink\u00e1bb ki\u00e9lezi a helyzetet a fut\u00e1r c\u00e9gekn\u00e9l, ahol komoly l\u00e9tsz\u00e1mhi\u00e1nnyal k\u00fczdenek. A szabads\u00e1gok kiad\u00e1sa is neh\u00e9zs\u00e9gekbe \u00fctk\u00f6zik.\" \/>\n\t\t<meta name=\"twitter:image\" content=\"https:\/\/allasorias.hu\/hirek\/wp-content\/uploads\/2024\/07\/keves-a-futar.jpg\" \/>\n\t\t<meta name=\"twitter:label1\" content=\"Written by\" \/>\n\t\t<meta name=\"twitter:data1\" content=\"Juh\u00e1sz P\u00e9ter\" \/>\n\t\t<meta name=\"twitter:label2\" content=\"Est. reading time\" \/>\n\t\t<meta name=\"twitter:data2\" content=\"5 minutes\" \/>\n\t\t<script type=\"application\/ld+json\" class=\"aioseo-schema\">\n\t\t\t{\"@context\":\"https:\\\/\\\/schema.org\",\"@graph\":[{\"@type\":\"Article\",\"@id\":\"https:\\\/\\\/allasorias.hu\\\/hirek\\\/keves-a-futar-nehez-helyzetben-a-vallalkozasok\\\/#article\",\"name\":\"Fut\\u00e1rok hi\\u00e1nya neh\\u00e9z helyzetbe hozza c\\u00e9geket\",\"headline\":\"Kev\\u00e9s a fut\\u00e1r, neh\\u00e9z helyzetben a v\\u00e1llalkoz\\u00e1sok\",\"author\":{\"@id\":\"https:\\\/\\\/allasorias.hu\\\/hirek\\\/author\\\/admin-allasorias\\\/#author\"},\"publisher\":{\"@id\":\"https:\\\/\\\/allasorias.hu\\\/hirek\\\/#organization\"},\"image\":{\"@type\":\"ImageObject\",\"url\":\"https:\\\/\\\/allasorias.hu\\\/hirek\\\/wp-content\\\/uploads\\\/2024\\\/07\\\/keves-a-futar.jpg\",\"width\":1280,\"height\":853,\"caption\":\"Kev\\u00e9s a fut\\u00e1r, neh\\u00e9z helyzetben a v\\u00e1llalkoz\\u00e1sok - Allasorias.hu\\\/Hirek\"},\"datePublished\":\"2024-07-30T12:52:54+02:00\",\"dateModified\":\"2025-05-09T14:26:21+02:00\",\"inLanguage\":\"hu-HU\",\"mainEntityOfPage\":{\"@id\":\"https:\\\/\\\/allasorias.hu\\\/hirek\\\/keves-a-futar-nehez-helyzetben-a-vallalkozasok\\\/#webpage\"},\"isPartOf\":{\"@id\":\"https:\\\/\\\/allasorias.hu\\\/hirek\\\/keves-a-futar-nehez-helyzetben-a-vallalkozasok\\\/#webpage\"},\"articleSection\":\"Hi\\u00e1nyszakm\\u00e1k, csomagk\\u00fcld\\u00e9s, fut\\u00e1r\"},{\"@type\":\"BreadcrumbList\",\"@id\":\"https:\\\/\\\/allasorias.hu\\\/hirek\\\/keves-a-futar-nehez-helyzetben-a-vallalkozasok\\\/#breadcrumblist\",\"itemListElement\":[{\"@type\":\"ListItem\",\"@id\":\"https:\\\/\\\/allasorias.hu\\\/hirek#listItem\",\"position\":1,\"name\":\"Home\",\"item\":\"https:\\\/\\\/allasorias.hu\\\/hirek\",\"nextItem\":{\"@type\":\"ListItem\",\"@id\":\"https:\\\/\\\/allasorias.hu\\\/hirek\\\/temak\\\/hianyszakmak\\\/#listItem\",\"name\":\"Hi\\u00e1nyszakm\\u00e1k\"}},{\"@type\":\"ListItem\",\"@id\":\"https:\\\/\\\/allasorias.hu\\\/hirek\\\/temak\\\/hianyszakmak\\\/#listItem\",\"position\":2,\"name\":\"Hi\\u00e1nyszakm\\u00e1k\",\"item\":\"https:\\\/\\\/allasorias.hu\\\/hirek\\\/temak\\\/hianyszakmak\\\/\",\"nextItem\":{\"@type\":\"ListItem\",\"@id\":\"https:\\\/\\\/allasorias.hu\\\/hirek\\\/keves-a-futar-nehez-helyzetben-a-vallalkozasok\\\/#listItem\",\"name\":\"Kev\\u00e9s a fut\\u00e1r, neh\\u00e9z helyzetben a v\\u00e1llalkoz\\u00e1sok\"},\"previousItem\":{\"@type\":\"ListItem\",\"@id\":\"https:\\\/\\\/allasorias.hu\\\/hirek#listItem\",\"name\":\"Home\"}},{\"@type\":\"ListItem\",\"@id\":\"https:\\\/\\\/allasorias.hu\\\/hirek\\\/keves-a-futar-nehez-helyzetben-a-vallalkozasok\\\/#listItem\",\"position\":3,\"name\":\"Kev\\u00e9s a fut\\u00e1r, neh\\u00e9z helyzetben a v\\u00e1llalkoz\\u00e1sok\",\"previousItem\":{\"@type\":\"ListItem\",\"@id\":\"https:\\\/\\\/allasorias.hu\\\/hirek\\\/temak\\\/hianyszakmak\\\/#listItem\",\"name\":\"Hi\\u00e1nyszakm\\u00e1k\"}}]},{\"@type\":\"Organization\",\"@id\":\"https:\\\/\\\/allasorias.hu\\\/hirek\\\/#organization\",\"name\":\"AllasOrias.hu | H\\u00edrek-lapszemle\",\"description\":\"\\u00dczleti h\\u00edrek az \\u00e1ll\\u00e1s \\u00e9s a munka vil\\u00e1g\\u00e1b\\u00f3l\",\"url\":\"https:\\\/\\\/allasorias.hu\\\/hirek\\\/\",\"logo\":{\"@type\":\"ImageObject\",\"url\":\"https:\\\/\\\/allasorias.hu\\\/hirek\\\/wp-content\\\/uploads\\\/2022\\\/10\\\/allasorias_site_facebok_logo.png\",\"@id\":\"https:\\\/\\\/allasorias.hu\\\/hirek\\\/keves-a-futar-nehez-helyzetben-a-vallalkozasok\\\/#organizationLogo\"},\"image\":{\"@id\":\"https:\\\/\\\/allasorias.hu\\\/hirek\\\/keves-a-futar-nehez-helyzetben-a-vallalkozasok\\\/#organizationLogo\"},\"sameAs\":[\"https:\\\/\\\/www.facebook.com\\\/allasorias\",\"https:\\\/\\\/www.linkedin.com\\\/company\\\/allasorias\"]},{\"@type\":\"Person\",\"@id\":\"https:\\\/\\\/allasorias.hu\\\/hirek\\\/author\\\/admin-allasorias\\\/#author\",\"url\":\"https:\\\/\\\/allasorias.hu\\\/hirek\\\/author\\\/admin-allasorias\\\/\",\"name\":\"Juh\\u00e1sz P\\u00e9ter\",\"image\":{\"@type\":\"ImageObject\",\"@id\":\"https:\\\/\\\/allasorias.hu\\\/hirek\\\/keves-a-futar-nehez-helyzetben-a-vallalkozasok\\\/#authorImage\",\"url\":\"https:\\\/\\\/secure.gravatar.com\\\/avatar\\\/36e6bcb83148978b992977cb0f54d22feb0cce8a0a849a9410532bb2623ba4c6?s=96&d=mm&r=g\",\"width\":96,\"height\":96,\"caption\":\"Juh\\u00e1sz P\\u00e9ter\"}},{\"@type\":\"WebPage\",\"@id\":\"https:\\\/\\\/allasorias.hu\\\/hirek\\\/keves-a-futar-nehez-helyzetben-a-vallalkozasok\\\/#webpage\",\"url\":\"https:\\\/\\\/allasorias.hu\\\/hirek\\\/keves-a-futar-nehez-helyzetben-a-vallalkozasok\\\/\",\"name\":\"Fut\\u00e1rok hi\\u00e1nya neh\\u00e9z helyzetbe hozza c\\u00e9geket\",\"description\":\"A ny\\u00e1r m\\u00e9gink\\u00e1bb ki\\u00e9lezi a helyzetet a fut\\u00e1r c\\u00e9gekn\\u00e9l, ahol komoly l\\u00e9tsz\\u00e1mhi\\u00e1nnyal k\\u00fczdenek. A szabads\\u00e1gok kiad\\u00e1sa is neh\\u00e9zs\\u00e9gekbe \\u00fctk\\u00f6zik.\",\"inLanguage\":\"hu-HU\",\"isPartOf\":{\"@id\":\"https:\\\/\\\/allasorias.hu\\\/hirek\\\/#website\"},\"breadcrumb\":{\"@id\":\"https:\\\/\\\/allasorias.hu\\\/hirek\\\/keves-a-futar-nehez-helyzetben-a-vallalkozasok\\\/#breadcrumblist\"},\"author\":{\"@id\":\"https:\\\/\\\/allasorias.hu\\\/hirek\\\/author\\\/admin-allasorias\\\/#author\"},\"creator\":{\"@id\":\"https:\\\/\\\/allasorias.hu\\\/hirek\\\/author\\\/admin-allasorias\\\/#author\"},\"image\":{\"@type\":\"ImageObject\",\"url\":\"https:\\\/\\\/allasorias.hu\\\/hirek\\\/wp-content\\\/uploads\\\/2024\\\/07\\\/keves-a-futar.jpg\",\"@id\":\"https:\\\/\\\/allasorias.hu\\\/hirek\\\/keves-a-futar-nehez-helyzetben-a-vallalkozasok\\\/#mainImage\",\"width\":1280,\"height\":853,\"caption\":\"Kev\\u00e9s a fut\\u00e1r, neh\\u00e9z helyzetben a v\\u00e1llalkoz\\u00e1sok - Allasorias.hu\\\/Hirek\"},\"primaryImageOfPage\":{\"@id\":\"https:\\\/\\\/allasorias.hu\\\/hirek\\\/keves-a-futar-nehez-helyzetben-a-vallalkozasok\\\/#mainImage\"},\"datePublished\":\"2024-07-30T12:52:54+02:00\",\"dateModified\":\"2025-05-09T14:26:21+02:00\"},{\"@type\":\"WebSite\",\"@id\":\"https:\\\/\\\/allasorias.hu\\\/hirek\\\/#website\",\"url\":\"https:\\\/\\\/allasorias.hu\\\/hirek\\\/\",\"name\":\"AllasOrias.hu | H\\u00edrek-lapszemle\",\"description\":\"\\u00dczleti h\\u00edrek az \\u00e1ll\\u00e1s \\u00e9s a munka vil\\u00e1g\\u00e1b\\u00f3l\",\"inLanguage\":\"hu-HU\",\"publisher\":{\"@id\":\"https:\\\/\\\/allasorias.hu\\\/hirek\\\/#organization\"}}]}\n\t\t<\/script>\n\t\t<!-- All in One SEO -->\n\n","aioseo_head_json":{"title":"Fut\u00e1rok hi\u00e1nya neh\u00e9z helyzetbe hozza c\u00e9geket","description":"A ny\u00e1r m\u00e9gink\u00e1bb ki\u00e9lezi a helyzetet a fut\u00e1r c\u00e9gekn\u00e9l, ahol komoly l\u00e9tsz\u00e1mhi\u00e1nnyal k\u00fczdenek. A szabads\u00e1gok kiad\u00e1sa is neh\u00e9zs\u00e9gekbe \u00fctk\u00f6zik.","canonical_url":"https:\/\/allasorias.hu\/hirek\/keves-a-futar-nehez-helyzetben-a-vallalkozasok\/","robots":"max-image-preview:large","keywords":"csomagk\u00fcld\u00e9s,fut\u00e1r","webmasterTools":{"miscellaneous":""},"schema":{"@context":"https:\/\/schema.org","@graph":[{"@type":"Article","@id":"https:\/\/allasorias.hu\/hirek\/keves-a-futar-nehez-helyzetben-a-vallalkozasok\/#article","name":"Fut\u00e1rok hi\u00e1nya neh\u00e9z helyzetbe hozza c\u00e9geket","headline":"Kev\u00e9s a fut\u00e1r, neh\u00e9z helyzetben a v\u00e1llalkoz\u00e1sok","author":{"@id":"https:\/\/allasorias.hu\/hirek\/author\/admin-allasorias\/#author"},"publisher":{"@id":"https:\/\/allasorias.hu\/hirek\/#organization"},"image":{"@type":"ImageObject","url":"https:\/\/allasorias.hu\/hirek\/wp-content\/uploads\/2024\/07\/keves-a-futar.jpg","width":1280,"height":853,"caption":"Kev\u00e9s a fut\u00e1r, neh\u00e9z helyzetben a v\u00e1llalkoz\u00e1sok - Allasorias.hu\/Hirek"},"datePublished":"2024-07-30T12:52:54+02:00","dateModified":"2025-05-09T14:26:21+02:00","inLanguage":"hu-HU","mainEntityOfPage":{"@id":"https:\/\/allasorias.hu\/hirek\/keves-a-futar-nehez-helyzetben-a-vallalkozasok\/#webpage"},"isPartOf":{"@id":"https:\/\/allasorias.hu\/hirek\/keves-a-futar-nehez-helyzetben-a-vallalkozasok\/#webpage"},"articleSection":"Hi\u00e1nyszakm\u00e1k, csomagk\u00fcld\u00e9s, fut\u00e1r"},{"@type":"BreadcrumbList","@id":"https:\/\/allasorias.hu\/hirek\/keves-a-futar-nehez-helyzetben-a-vallalkozasok\/#breadcrumblist","itemListElement":[{"@type":"ListItem","@id":"https:\/\/allasorias.hu\/hirek#listItem","position":1,"name":"Home","item":"https:\/\/allasorias.hu\/hirek","nextItem":{"@type":"ListItem","@id":"https:\/\/allasorias.hu\/hirek\/temak\/hianyszakmak\/#listItem","name":"Hi\u00e1nyszakm\u00e1k"}},{"@type":"ListItem","@id":"https:\/\/allasorias.hu\/hirek\/temak\/hianyszakmak\/#listItem","position":2,"name":"Hi\u00e1nyszakm\u00e1k","item":"https:\/\/allasorias.hu\/hirek\/temak\/hianyszakmak\/","nextItem":{"@type":"ListItem","@id":"https:\/\/allasorias.hu\/hirek\/keves-a-futar-nehez-helyzetben-a-vallalkozasok\/#listItem","name":"Kev\u00e9s a fut\u00e1r, neh\u00e9z helyzetben a v\u00e1llalkoz\u00e1sok"},"previousItem":{"@type":"ListItem","@id":"https:\/\/allasorias.hu\/hirek#listItem","name":"Home"}},{"@type":"ListItem","@id":"https:\/\/allasorias.hu\/hirek\/keves-a-futar-nehez-helyzetben-a-vallalkozasok\/#listItem","position":3,"name":"Kev\u00e9s a fut\u00e1r, neh\u00e9z helyzetben a v\u00e1llalkoz\u00e1sok","previousItem":{"@type":"ListItem","@id":"https:\/\/allasorias.hu\/hirek\/temak\/hianyszakmak\/#listItem","name":"Hi\u00e1nyszakm\u00e1k"}}]},{"@type":"Organization","@id":"https:\/\/allasorias.hu\/hirek\/#organization","name":"AllasOrias.hu | H\u00edrek-lapszemle","description":"\u00dczleti h\u00edrek az \u00e1ll\u00e1s \u00e9s a munka vil\u00e1g\u00e1b\u00f3l","url":"https:\/\/allasorias.hu\/hirek\/","logo":{"@type":"ImageObject","url":"https:\/\/allasorias.hu\/hirek\/wp-content\/uploads\/2022\/10\/allasorias_site_facebok_logo.png","@id":"https:\/\/allasorias.hu\/hirek\/keves-a-futar-nehez-helyzetben-a-vallalkozasok\/#organizationLogo"},"image":{"@id":"https:\/\/allasorias.hu\/hirek\/keves-a-futar-nehez-helyzetben-a-vallalkozasok\/#organizationLogo"},"sameAs":["https:\/\/www.facebook.com\/allasorias","https:\/\/www.linkedin.com\/company\/allasorias"]},{"@type":"Person","@id":"https:\/\/allasorias.hu\/hirek\/author\/admin-allasorias\/#author","url":"https:\/\/allasorias.hu\/hirek\/author\/admin-allasorias\/","name":"Juh\u00e1sz P\u00e9ter","image":{"@type":"ImageObject","@id":"https:\/\/allasorias.hu\/hirek\/keves-a-futar-nehez-helyzetben-a-vallalkozasok\/#authorImage","url":"https:\/\/secure.gravatar.com\/avatar\/36e6bcb83148978b992977cb0f54d22feb0cce8a0a849a9410532bb2623ba4c6?s=96&d=mm&r=g","width":96,"height":96,"caption":"Juh\u00e1sz P\u00e9ter"}},{"@type":"WebPage","@id":"https:\/\/allasorias.hu\/hirek\/keves-a-futar-nehez-helyzetben-a-vallalkozasok\/#webpage","url":"https:\/\/allasorias.hu\/hirek\/keves-a-futar-nehez-helyzetben-a-vallalkozasok\/","name":"Fut\u00e1rok hi\u00e1nya neh\u00e9z helyzetbe hozza c\u00e9geket","description":"A ny\u00e1r m\u00e9gink\u00e1bb ki\u00e9lezi a helyzetet a fut\u00e1r c\u00e9gekn\u00e9l, ahol komoly l\u00e9tsz\u00e1mhi\u00e1nnyal k\u00fczdenek. A szabads\u00e1gok kiad\u00e1sa is neh\u00e9zs\u00e9gekbe \u00fctk\u00f6zik.","inLanguage":"hu-HU","isPartOf":{"@id":"https:\/\/allasorias.hu\/hirek\/#website"},"breadcrumb":{"@id":"https:\/\/allasorias.hu\/hirek\/keves-a-futar-nehez-helyzetben-a-vallalkozasok\/#breadcrumblist"},"author":{"@id":"https:\/\/allasorias.hu\/hirek\/author\/admin-allasorias\/#author"},"creator":{"@id":"https:\/\/allasorias.hu\/hirek\/author\/admin-allasorias\/#author"},"image":{"@type":"ImageObject","url":"https:\/\/allasorias.hu\/hirek\/wp-content\/uploads\/2024\/07\/keves-a-futar.jpg","@id":"https:\/\/allasorias.hu\/hirek\/keves-a-futar-nehez-helyzetben-a-vallalkozasok\/#mainImage","width":1280,"height":853,"caption":"Kev\u00e9s a fut\u00e1r, neh\u00e9z helyzetben a v\u00e1llalkoz\u00e1sok - Allasorias.hu\/Hirek"},"primaryImageOfPage":{"@id":"https:\/\/allasorias.hu\/hirek\/keves-a-futar-nehez-helyzetben-a-vallalkozasok\/#mainImage"},"datePublished":"2024-07-30T12:52:54+02:00","dateModified":"2025-05-09T14:26:21+02:00"},{"@type":"WebSite","@id":"https:\/\/allasorias.hu\/hirek\/#website","url":"https:\/\/allasorias.hu\/hirek\/","name":"AllasOrias.hu | H\u00edrek-lapszemle","description":"\u00dczleti h\u00edrek az \u00e1ll\u00e1s \u00e9s a munka vil\u00e1g\u00e1b\u00f3l","inLanguage":"hu-HU","publisher":{"@id":"https:\/\/allasorias.hu\/hirek\/#organization"}}]},"og:locale":"hu_HU","og:site_name":"AllasOrias.hu | H\u00edrek-lapszemle | \u00dczleti h\u00edrek az \u00e1ll\u00e1s \u00e9s a munka vil\u00e1g\u00e1b\u00f3l","og:type":"article","og:title":"Fut\u00e1rok hi\u00e1nya neh\u00e9z helyzetbe hozza c\u00e9geket","og:description":"A ny\u00e1r m\u00e9gink\u00e1bb ki\u00e9lezi a helyzetet a fut\u00e1r c\u00e9gekn\u00e9l, ahol komoly l\u00e9tsz\u00e1mhi\u00e1nnyal k\u00fczdenek. A szabads\u00e1gok kiad\u00e1sa is neh\u00e9zs\u00e9gekbe \u00fctk\u00f6zik.","og:url":"https:\/\/allasorias.hu\/hirek\/keves-a-futar-nehez-helyzetben-a-vallalkozasok\/","og:image":"https:\/\/allasorias.hu\/hirek\/wp-content\/uploads\/2024\/07\/keves-a-futar.jpg","og:image:secure_url":"https:\/\/allasorias.hu\/hirek\/wp-content\/uploads\/2024\/07\/keves-a-futar.jpg","og:image:width":1280,"og:image:height":853,"article:published_time":"2024-07-30T10:52:54+00:00","article:modified_time":"2025-05-09T12:26:21+00:00","article:publisher":"https:\/\/www.facebook.com\/allasorias","twitter:card":"summary_large_image","twitter:title":"Fut\u00e1rok hi\u00e1nya neh\u00e9z helyzetbe hozza c\u00e9geket","twitter:description":"A ny\u00e1r m\u00e9gink\u00e1bb ki\u00e9lezi a helyzetet a fut\u00e1r c\u00e9gekn\u00e9l, ahol komoly l\u00e9tsz\u00e1mhi\u00e1nnyal k\u00fczdenek. A szabads\u00e1gok kiad\u00e1sa is neh\u00e9zs\u00e9gekbe \u00fctk\u00f6zik.","twitter:image":"https:\/\/allasorias.hu\/hirek\/wp-content\/uploads\/2024\/07\/keves-a-futar.jpg","twitter:label1":"Written by","twitter:data1":"Juh\u00e1sz P\u00e9ter","twitter:label2":"Est. reading time","twitter:data2":"5 minutes"},"aioseo_meta_data":{"post_id":"7796","title":"Fut\u00e1rok hi\u00e1nya neh\u00e9z helyzetbe hozza c\u00e9geket","description":"A ny\u00e1r m\u00e9gink\u00e1bb ki\u00e9lezi a helyzetet a fut\u00e1r c\u00e9gekn\u00e9l, ahol komoly l\u00e9tsz\u00e1mhi\u00e1nnyal k\u00fczdenek. A szabads\u00e1gok kiad\u00e1sa is neh\u00e9zs\u00e9gekbe \u00fctk\u00f6zik.","keywords":null,"keyphrases":{"focus":{"keyphrase":"","score":0,"analysis":{"keyphraseInTitle":{"score":0,"maxScore":9,"error":1}}},"additional":[]},"primary_term":null,"canonical_url":null,"og_title":null,"og_description":null,"og_object_type":"default","og_image_type":"default","og_image_url":null,"og_image_width":null,"og_image_height":null,"og_image_custom_url":null,"og_image_custom_fields":null,"og_video":"","og_custom_url":null,"og_article_section":null,"og_article_tags":null,"twitter_use_og":true,"twitter_card":"default","twitter_image_type":"default","twitter_image_url":null,"twitter_image_custom_url":null,"twitter_image_custom_fields":null,"twitter_title":null,"twitter_description":null,"schema":{"blockGraphs":[],"customGraphs":[],"default":{"data":{"Article":[],"Course":[],"Dataset":[],"FAQPage":[],"Movie":[],"Person":[],"Product":[],"ProductReview":[],"Car":[],"Recipe":[],"Service":[],"SoftwareApplication":[],"WebPage":[]},"graphName":"Article","isEnabled":true},"graphs":[]},"schema_type":"default","schema_type_options":null,"pillar_content":false,"robots_default":true,"robots_noindex":false,"robots_noarchive":false,"robots_nosnippet":false,"robots_nofollow":false,"robots_noimageindex":false,"robots_noodp":false,"robots_notranslate":false,"robots_max_snippet":"-1","robots_max_videopreview":"-1","robots_max_imagepreview":"large","priority":null,"frequency":"default","location":null,"local_seo":null,"breadcrumb_settings":null,"limit_modified_date":false,"ai":null,"created":"2024-07-30 10:44:26","updated":"2025-10-02 20:13:13","seo_analyzer_scan_date":null,"focus_keyword":null,"additional_keywords":null,"truseo_locale":null},"aioseo_breadcrumb":"<div class=\"aioseo-breadcrumbs\"><span class=\"aioseo-breadcrumb\">\n\t\t\t<a href=\"https:\/\/allasorias.hu\/hirek\" title=\"Home\">Home<\/a>\n\t\t<\/span><span class=\"aioseo-breadcrumb-separator\">&raquo;<\/span><span class=\"aioseo-breadcrumb\">\n\t\t\t<a href=\"https:\/\/allasorias.hu\/hirek\/temak\/hianyszakmak\/\" title=\"Hi\u00e1nyszakm\u00e1k\">Hi\u00e1nyszakm\u00e1k<\/a>\n\t\t<\/span><span class=\"aioseo-breadcrumb-separator\">&raquo;<\/span><span class=\"aioseo-breadcrumb\">\n\t\t\tKev\u00e9s a fut\u00e1r, neh\u00e9z helyzetben a v\u00e1llalkoz\u00e1sok\n\t\t<\/span><\/div>","aioseo_breadcrumb_json":[{"label":"Home","link":"https:\/\/allasorias.hu\/hirek"},{"label":"Hi\u00e1nyszakm\u00e1k","link":"https:\/\/allasorias.hu\/hirek\/temak\/hianyszakmak\/"},{"label":"Kev\u00e9s a fut\u00e1r, neh\u00e9z helyzetben a v\u00e1llalkoz\u00e1sok","link":"https:\/\/allasorias.hu\/hirek\/keves-a-futar-nehez-helyzetben-a-vallalkozasok\/"}],"_links":{"self":[{"href":"https:\/\/allasorias.hu\/hirek\/wp-json\/wp\/v2\/posts\/7796","targetHints":{"allow":["GET"]}}],"collection":[{"href":"https:\/\/allasorias.hu\/hirek\/wp-json\/wp\/v2\/posts"}],"about":[{"href":"https:\/\/allasorias.hu\/hirek\/wp-json\/wp\/v2\/types\/post"}],"author":[{"embeddable":true,"href":"https:\/\/allasorias.hu\/hirek\/wp-json\/wp\/v2\/users\/1"}],"replies":[{"embeddable":true,"href":"https:\/\/allasorias.hu\/hirek\/wp-json\/wp\/v2\/comments?post=7796"}],"version-history":[{"count":1,"href":"https:\/\/allasorias.hu\/hirek\/wp-json\/wp\/v2\/posts\/7796\/revisions"}],"predecessor-version":[{"id":7799,"href":"https:\/\/allasorias.hu\/hirek\/wp-json\/wp\/v2\/posts\/7796\/revisions\/7799"}],"wp:featuredmedia":[{"embeddable":true,"href":"https:\/\/allasorias.hu\/hirek\/wp-json\/wp\/v2\/media\/7798"}],"wp:attachment":[{"href":"https:\/\/allasorias.hu\/hirek\/wp-json\/wp\/v2\/media?parent=7796"}],"wp:term":[{"taxonomy":"category","embeddable":true,"href":"https:\/\/allasorias.hu\/hirek\/wp-json\/wp\/v2\/categories?post=7796"},{"taxonomy":"post_tag","embeddable":true,"href":"https:\/\/allasorias.hu\/hirek\/wp-json\/wp\/v2\/tags?post=7796"}],"curies":[{"name":"wp","href":"https:\/\/api.w.org\/{rel}","templated":true}]}}