{"id":7793,"date":"2024-07-29T09:47:21","date_gmt":"2024-07-29T07:47:21","guid":{"rendered":"https:\/\/allasorias.hu\/hirek\/?p=7793"},"modified":"2024-07-30T08:08:37","modified_gmt":"2024-07-30T06:08:37","slug":"egyre-tobben-a-munkaeropiacon","status":"publish","type":"post","link":"https:\/\/allasorias.hu\/hirek\/egyre-tobben-a-munkaeropiacon\/","title":{"rendered":"Egyre t\u00f6bben a munkaer\u0151piacon"},"content":{"rendered":"<p>A korm\u00e1nyzat szerint kedvez\u0151en alakulnak a munkaer\u0151piaci adatok, egyre t\u00f6bben jelennek meg a munka vil\u00e1g\u00e1ban, ugyanakkor a regisztr\u00e1lt munkan\u00e9lk\u00fcliek sz\u00e1ma cs\u00f6kkent. Az eredm\u00e9nyek a<br \/>\nfoglalkoztatotts\u00e1g n\u00f6vel\u00e9s\u00e9t c\u00e9lz\u00f3 int\u00e9zked\u00e9seknek k\u00f6sz\u00f6nhet\u0151ek az \u00e1llamtitk\u00e1r szerint.<\/p>\n<p>Az el\u0151z\u0151 \u00e9v azonos id\u0151szak\u00e1hoz k\u00e9pest t\u00f6bb mint 21 ezer f\u0151vel n\u0151tt a foglalkoztatottak sz\u00e1ma a 15\u201374 \u00e9ves koroszt\u00e1lyban, de negyed\u00e9ves alapon is b\u0151v\u00fcl\u00e9st mutatnak a szezon\u00e1lisan kiigaz\u00edtott\u00a0 adatok. A foglalkoztat\u00e1s b\u0151v\u00fcl\u00e9se teljes eg\u00e9sz\u00e9ben a hazai els\u0151dleges munkaer\u0151piacon ment v\u00e9gbe, itt a foglalkoztatottak sz\u00e1ma az el\u0151z\u0151 \u00e9v azonos id\u0151szak\u00e1hoz k\u00e9pest 26 ezer f\u0151vel n\u0151tt, ami\u00a0 m\u00f6g\u00f6tt a gazdas\u00e1gi teljes\u00edtm\u00e9ny fokoz\u00f3d\u00e1sa h\u00faz\u00f3dik meg. Ezt mutatja az is, hogy \u00e1gazati bont\u00e1sban is els\u0151sorban a szolg\u00e1ltat\u00f3 szektorban n\u0151tt a foglalkoztatottak sz\u00e1ma, amely ter\u00fclet az elm\u00falt\u00a0 id\u0151szakban legink\u00e1bb t\u00e1mogatta a gazdas\u00e1gi n\u00f6veked\u00e9st.<\/p>\n<p>Kism\u00e9rt\u00e9kben, statisztikai hibahat\u00e1ron bel\u00fcl emelkedett a k\u00fclf\u00f6ldi telephelyen dolgoz\u00f3, de magyarorsz\u00e1gi h\u00e1ztart\u00e1sban \u00e9l\u0151 munkav\u00e1llal\u00f3k sz\u00e1ma is, azonban a m\u00e1sodik negyed\u00e9ves 106 ezer f\u0151s l\u00e9tsz\u00e1muk tov\u00e1bbra is \u00e9rdemben elmarad a koronav\u00edrus-j\u00e1rv\u00e1ny el\u0151tt tapasztalt szintt\u0151l. Jelent\u0151sen, t\u00f6bb mint 12 ezer f\u0151vel, 60 ezerre cs\u00f6kkent a k\u00f6zfoglalkoztat\u00e1s keret\u00e9ben dolgoz\u00f3k sz\u00e1ma is.<\/p>\n<p>Emelkedett az aktivit\u00e1s is: a m\u00e1sodik negyed\u00e9vben a 15\u201374 \u00e9ves koroszt\u00e1lynak m\u00e1r a 68 sz\u00e1zal\u00e9ka megjelent a munkaer\u0151piacon foglalkoztatottk\u00e9nt vagy \u00e1ll\u00e1skeres\u0151k\u00e9nt. Az akt\u00edvak sz\u00e1m\u00e1nak n\u00f6veked\u00e9si \u00fcteme ugyanakkor fokozatosan lassul, aminek k\u00f6sz\u00f6nhet\u0151en a munkan\u00e9lk\u00fclis\u00e9gi r\u00e1ta is m\u00e1r m\u00e9rs\u00e9kl\u0151d\u00e9snek indult, a m\u00e1sodik negyed\u00e9vben a munkaer\u0151piacon megjelen\u0151knek csak a 4,3 sz\u00e1zal\u00e9ka nem rendelkezett \u00e1ll\u00e1shellyel.<\/p>\n<blockquote><p>A gazdas\u00e1gi n\u00f6veked\u00e9s fokoz\u00f3d\u00e1s\u00e1val v\u00e1rakoz\u00e1saink szerint a foglalkoztatottak sz\u00e1ma tov\u00e1bb emelkedhet.<\/p><\/blockquote>\n<p>Ennek forr\u00e1s\u00e1t egyr\u00e9szr\u0151l a munkan\u00e9lk\u00fcliek jelenthetik, aminek k\u00f6sz\u00f6nhet\u0151en a munkan\u00e9lk\u00fclis\u00e9gi r\u00e1ta az idei \u00e9v \u00e1tlag\u00e1ban 4 sz\u00e1zal\u00e9k al\u00e1, majd j\u00f6v\u0151re 3,7 sz\u00e1zal\u00e9kra m\u00e9rs\u00e9kl\u0151dhet. \u00c1m az inakt\u00edvak k\u00f6z\u00f6tt is m\u00e9g jelent\u0151s sz\u00e1mban tal\u00e1lhat\u00f3 a munkaer\u0151piacra bevonhat\u00f3 munkaer\u0151, a KSH t\u00f6bb mint 300 ezer f\u0151t tart sz\u00e1mon mint potenci\u00e1lis munkaer\u0151-tartal\u00e9k.<br \/>\nK\u00f6r\u00fckben elt\u00e9r\u0151 t\u00e9nyez\u0151k, p\u00e9ld\u00e1ul a k\u00e9pzetts\u00e9gi szint vagy a f\u00f6ldrajzi elhelyezked\u00e9s jelenti a legnagyobb korl\u00e1tot, az \u0151 munkaer\u0151piaci integr\u00e1ci\u00f3jukban jelent\u0151s seg\u00edts\u00e9get jelenthetnek az elm\u00falt id\u0151szakban bejelentett korm\u00e1nyzati programok, mint a 30 \u00e9v alattiak sz\u00e1m\u00e1ra rendelkez\u00e9sre \u00e1ll\u00f3 Ifj\u00fas\u00e1gi Garancia Plusz program. \u00c1prilis 15-t\u0151l lehet jelentkezni az uni\u00f3s finansz\u00edroz\u00e1s\u00fa, k\u00f6zel 200 milli\u00e1rd forintb\u00f3l megval\u00f3sul\u00f3 Ifj\u00fas\u00e1gi Garancia Plusz programra.<\/p>\n<p>A projekt c\u00e9lja a fiatalkori inaktivit\u00e1s megel\u0151z\u00e9se, illetve a 30 \u00e9v alattiak foglalkoztat\u00e1s\u00e1nak el\u0151seg\u00edt\u00e9se, ami nagym\u00e9rt\u00e9kben seg\u00edtheti a nemzetgazdas\u00e1g munkaer\u0151ig\u00e9ny\u00e9nek kiel\u00e9g\u00edt\u00e9s\u00e9t. Czomba S\u00e1ndor foglalkoztat\u00e1spolitik\u00e1\u00e9rt felel\u0151s \u00e1llamtitk\u00e1r kiemelte: az idei ny\u00e1r els\u0151 h\u00f3napj\u00e1nak munkaer\u0151piaci adatai is a foglalkoztatotts\u00e1g n\u00f6vel\u00e9s\u00e9t c\u00e9lz\u00f3 korm\u00e1nyzati int\u00e9zked\u00e9sek eredm\u00e9nyess\u00e9g\u00e9t t\u00fckr\u00f6zik. A munkaer\u0151piacra l\u00e9p\u0151k t\u00f6bbs\u00e9ge r\u00f6vid id\u0151n bel\u00fcl el tud helyezkedni, amit a munkan\u00e9lk\u00fcliek sz\u00e1m\u00e1ban \u00e9s ar\u00e1ny\u00e1ban havi alapon mutatkoz\u00f3 cs\u00f6kken\u00e9s is bizony\u00edt.<\/p>\n<p>Az \u00e1llamtitk\u00e1r eml\u00e9keztetett: a korm\u00e1ny 2010 \u00f3ta t\u00f6retlen\u00fcl azon dolgozik, hogy mindenki, aki tud \u00e9s szeretne, munk\u00e1ba \u00e1llhasson, legyenek azok fiatalok az egyetem mellett, any\u00e1k gyermekeik nevel\u00e9se k\u00f6zben vagy id\u0151sebbek a nyugd\u00edj mellett. \u00cdgy a 2010 el\u0151tth\u00f6z k\u00e9pest ma m\u00e1r 1 milli\u00f3val t\u00f6bben dolgoznak, \u00e1tlagosan t\u00f6bb mint h\u00e1romszor magasabb fizet\u00e9s\u00e9rt, mik\u00f6zben a regisztr\u00e1lt \u00e1ll\u00e1skeres\u0151k sz\u00e1ma tov\u00e1bbra is t\u00f6rt\u00e9nelmi m\u00e9lyponton van.<\/p>\n<p>Forr\u00e1s. <a href=\"https:\/\/makronom.eu\/2024\/07\/26\/erdemben-nott-foglalkoztatottak-szama-ksh\/\" target=\"_blank\" rel=\"nofollow noopener noreferrer\">makronom.eu<\/a><\/p>\n","protected":false},"excerpt":{"rendered":"<p>A korm\u00e1nyzat szerint kedvez\u0151en alakulnak a munkaer\u0151piaci adatok, egyre t\u00f6bben jelennek meg a munka vil\u00e1g\u00e1ban, ugyanakkor a regisztr\u00e1lt munkan\u00e9lk\u00fcliek sz\u00e1ma cs\u00f6kkent. Az eredm\u00e9nyek a foglalkoztatotts\u00e1g n\u00f6vel\u00e9s\u00e9t c\u00e9lz\u00f3 int\u00e9zked\u00e9seknek k\u00f6sz\u00f6nhet\u0151ek az \u00e1llamtitk\u00e1r szerint. Az el\u0151z\u0151 \u00e9v azonos id\u0151szak\u00e1hoz k\u00e9pest t\u00f6bb mint 21 ezer f\u0151vel n\u0151tt a foglalkoztatottak sz\u00e1ma a 15\u201374 \u00e9ves koroszt\u00e1lyban, de negyed\u00e9ves alapon is [&hellip;]<\/p>\n","protected":false},"author":1,"featured_media":7795,"comment_status":"closed","ping_status":"closed","sticky":false,"template":"","format":"standard","meta":{"_monsterinsights_skip_tracking":false,"footnotes":""},"categories":[200],"tags":[],"class_list":["post-7793","post","type-post","status-publish","format-standard","has-post-thumbnail","hentry","category-munkaeropiac"],"aioseo_notices":[],"aioseo_head":"\n\t\t<!-- All in One SEO 5.0.0.1 - aioseo.com -->\n\t<meta name=\"description\" content=\"A korm\u00e1nyzat szerint kedvez\u0151en alakulnak a munkaer\u0151piaci adatok, egyre t\u00f6bben jelennek meg a munka vil\u00e1g\u00e1ban, ugyanakkor a regisztr\u00e1lt munkan\u00e9lk\u00fcliek sz\u00e1ma cs\u00f6kkent. Az eredm\u00e9nyek a foglalkoztatotts\u00e1g n\u00f6vel\u00e9s\u00e9t c\u00e9lz\u00f3 int\u00e9zked\u00e9seknek k\u00f6sz\u00f6nhet\u0151ek az \u00e1llamtitk\u00e1r szerint. Az el\u0151z\u0151 \u00e9v azonos id\u0151szak\u00e1hoz k\u00e9pest t\u00f6bb mint 21 ezer f\u0151vel n\u0151tt a foglalkoztatottak sz\u00e1ma a 15\u201374 \u00e9ves koroszt\u00e1lyban, de negyed\u00e9ves alapon is\" \/>\n\t<meta name=\"robots\" content=\"max-image-preview:large\" \/>\n\t<meta name=\"author\" content=\"Juh\u00e1sz P\u00e9ter\"\/>\n\t<link rel=\"canonical\" href=\"https:\/\/allasorias.hu\/hirek\/egyre-tobben-a-munkaeropiacon\/\" \/>\n\t<meta name=\"generator\" content=\"All in One SEO (AIOSEO) 5.0.0.1\" \/>\n\t\t<meta property=\"og:locale\" content=\"hu_HU\" \/>\n\t\t<meta property=\"og:site_name\" content=\"AllasOrias.hu | H\u00edrek-lapszemle | \u00dczleti h\u00edrek az \u00e1ll\u00e1s \u00e9s a munka vil\u00e1g\u00e1b\u00f3l\" \/>\n\t\t<meta property=\"og:type\" content=\"article\" \/>\n\t\t<meta property=\"og:title\" content=\"Egyre t\u00f6bben a munkaer\u0151piacon | AllasOrias.hu | H\u00edrek-lapszemle\" \/>\n\t\t<meta property=\"og:description\" content=\"A korm\u00e1nyzat szerint kedvez\u0151en alakulnak a munkaer\u0151piaci adatok, egyre t\u00f6bben jelennek meg a munka vil\u00e1g\u00e1ban, ugyanakkor a regisztr\u00e1lt munkan\u00e9lk\u00fcliek sz\u00e1ma cs\u00f6kkent. Az eredm\u00e9nyek a foglalkoztatotts\u00e1g n\u00f6vel\u00e9s\u00e9t c\u00e9lz\u00f3 int\u00e9zked\u00e9seknek k\u00f6sz\u00f6nhet\u0151ek az \u00e1llamtitk\u00e1r szerint. Az el\u0151z\u0151 \u00e9v azonos id\u0151szak\u00e1hoz k\u00e9pest t\u00f6bb mint 21 ezer f\u0151vel n\u0151tt a foglalkoztatottak sz\u00e1ma a 15\u201374 \u00e9ves koroszt\u00e1lyban, de negyed\u00e9ves alapon is\" \/>\n\t\t<meta property=\"og:url\" content=\"https:\/\/allasorias.hu\/hirek\/egyre-tobben-a-munkaeropiacon\/\" \/>\n\t\t<meta property=\"og:image\" content=\"https:\/\/allasorias.hu\/hirek\/wp-content\/uploads\/2024\/07\/egyre-tobben-a-munkaeropiacon.jpg\" \/>\n\t\t<meta property=\"og:image:secure_url\" content=\"https:\/\/allasorias.hu\/hirek\/wp-content\/uploads\/2024\/07\/egyre-tobben-a-munkaeropiacon.jpg\" \/>\n\t\t<meta property=\"og:image:width\" content=\"1280\" \/>\n\t\t<meta property=\"og:image:height\" content=\"720\" \/>\n\t\t<meta property=\"article:published_time\" content=\"2024-07-29T07:47:21+00:00\" \/>\n\t\t<meta property=\"article:modified_time\" content=\"2024-07-30T06:08:37+00:00\" \/>\n\t\t<meta property=\"article:publisher\" content=\"https:\/\/www.facebook.com\/allasorias\" \/>\n\t\t<meta name=\"twitter:card\" content=\"summary_large_image\" \/>\n\t\t<meta name=\"twitter:title\" content=\"Egyre t\u00f6bben a munkaer\u0151piacon | AllasOrias.hu | H\u00edrek-lapszemle\" \/>\n\t\t<meta name=\"twitter:description\" content=\"A korm\u00e1nyzat szerint kedvez\u0151en alakulnak a munkaer\u0151piaci adatok, egyre t\u00f6bben jelennek meg a munka vil\u00e1g\u00e1ban, ugyanakkor a regisztr\u00e1lt munkan\u00e9lk\u00fcliek sz\u00e1ma cs\u00f6kkent. Az eredm\u00e9nyek a foglalkoztatotts\u00e1g n\u00f6vel\u00e9s\u00e9t c\u00e9lz\u00f3 int\u00e9zked\u00e9seknek k\u00f6sz\u00f6nhet\u0151ek az \u00e1llamtitk\u00e1r szerint. Az el\u0151z\u0151 \u00e9v azonos id\u0151szak\u00e1hoz k\u00e9pest t\u00f6bb mint 21 ezer f\u0151vel n\u0151tt a foglalkoztatottak sz\u00e1ma a 15\u201374 \u00e9ves koroszt\u00e1lyban, de negyed\u00e9ves alapon is\" \/>\n\t\t<meta name=\"twitter:image\" content=\"https:\/\/allasorias.hu\/hirek\/wp-content\/uploads\/2024\/07\/egyre-tobben-a-munkaeropiacon.jpg\" \/>\n\t\t<meta name=\"twitter:label1\" content=\"Written by\" \/>\n\t\t<meta name=\"twitter:data1\" content=\"Juh\u00e1sz P\u00e9ter\" \/>\n\t\t<meta name=\"twitter:label2\" content=\"Est. reading time\" \/>\n\t\t<meta name=\"twitter:data2\" content=\"4 minutes\" \/>\n\t\t<script type=\"application\/ld+json\" class=\"aioseo-schema\">\n\t\t\t{\"@context\":\"https:\\\/\\\/schema.org\",\"@graph\":[{\"@type\":\"Article\",\"@id\":\"https:\\\/\\\/allasorias.hu\\\/hirek\\\/egyre-tobben-a-munkaeropiacon\\\/#article\",\"name\":\"Egyre t\\u00f6bben a munkaer\\u0151piacon | AllasOrias.hu | H\\u00edrek-lapszemle\",\"headline\":\"Egyre t\\u00f6bben a munkaer\\u0151piacon\",\"author\":{\"@id\":\"https:\\\/\\\/allasorias.hu\\\/hirek\\\/author\\\/admin-allasorias\\\/#author\"},\"publisher\":{\"@id\":\"https:\\\/\\\/allasorias.hu\\\/hirek\\\/#organization\"},\"image\":{\"@type\":\"ImageObject\",\"url\":\"https:\\\/\\\/allasorias.hu\\\/hirek\\\/wp-content\\\/uploads\\\/2024\\\/07\\\/egyre-tobben-a-munkaeropiacon.jpg\",\"width\":1280,\"height\":720,\"caption\":\"Egyre t\\u00f6bben a munkaer\\u0151piacon - Allasorias.hu\\\/Hirek\"},\"datePublished\":\"2024-07-29T09:47:21+02:00\",\"dateModified\":\"2024-07-30T08:08:37+02:00\",\"inLanguage\":\"hu-HU\",\"mainEntityOfPage\":{\"@id\":\"https:\\\/\\\/allasorias.hu\\\/hirek\\\/egyre-tobben-a-munkaeropiacon\\\/#webpage\"},\"isPartOf\":{\"@id\":\"https:\\\/\\\/allasorias.hu\\\/hirek\\\/egyre-tobben-a-munkaeropiacon\\\/#webpage\"},\"articleSection\":\"Munkaer\\u0151piac\"},{\"@type\":\"BreadcrumbList\",\"@id\":\"https:\\\/\\\/allasorias.hu\\\/hirek\\\/egyre-tobben-a-munkaeropiacon\\\/#breadcrumblist\",\"itemListElement\":[{\"@type\":\"ListItem\",\"@id\":\"https:\\\/\\\/allasorias.hu\\\/hirek#listItem\",\"position\":1,\"name\":\"Home\",\"item\":\"https:\\\/\\\/allasorias.hu\\\/hirek\",\"nextItem\":{\"@type\":\"ListItem\",\"@id\":\"https:\\\/\\\/allasorias.hu\\\/hirek\\\/temak\\\/munkaeropiac\\\/#listItem\",\"name\":\"Munkaer\\u0151piac\"}},{\"@type\":\"ListItem\",\"@id\":\"https:\\\/\\\/allasorias.hu\\\/hirek\\\/temak\\\/munkaeropiac\\\/#listItem\",\"position\":2,\"name\":\"Munkaer\\u0151piac\",\"item\":\"https:\\\/\\\/allasorias.hu\\\/hirek\\\/temak\\\/munkaeropiac\\\/\",\"nextItem\":{\"@type\":\"ListItem\",\"@id\":\"https:\\\/\\\/allasorias.hu\\\/hirek\\\/egyre-tobben-a-munkaeropiacon\\\/#listItem\",\"name\":\"Egyre t\\u00f6bben a munkaer\\u0151piacon\"},\"previousItem\":{\"@type\":\"ListItem\",\"@id\":\"https:\\\/\\\/allasorias.hu\\\/hirek#listItem\",\"name\":\"Home\"}},{\"@type\":\"ListItem\",\"@id\":\"https:\\\/\\\/allasorias.hu\\\/hirek\\\/egyre-tobben-a-munkaeropiacon\\\/#listItem\",\"position\":3,\"name\":\"Egyre t\\u00f6bben a munkaer\\u0151piacon\",\"previousItem\":{\"@type\":\"ListItem\",\"@id\":\"https:\\\/\\\/allasorias.hu\\\/hirek\\\/temak\\\/munkaeropiac\\\/#listItem\",\"name\":\"Munkaer\\u0151piac\"}}]},{\"@type\":\"Organization\",\"@id\":\"https:\\\/\\\/allasorias.hu\\\/hirek\\\/#organization\",\"name\":\"AllasOrias.hu | H\\u00edrek-lapszemle\",\"description\":\"\\u00dczleti h\\u00edrek az \\u00e1ll\\u00e1s \\u00e9s a munka vil\\u00e1g\\u00e1b\\u00f3l\",\"url\":\"https:\\\/\\\/allasorias.hu\\\/hirek\\\/\",\"logo\":{\"@type\":\"ImageObject\",\"url\":\"https:\\\/\\\/allasorias.hu\\\/hirek\\\/wp-content\\\/uploads\\\/2022\\\/10\\\/allasorias_site_facebok_logo.png\",\"@id\":\"https:\\\/\\\/allasorias.hu\\\/hirek\\\/egyre-tobben-a-munkaeropiacon\\\/#organizationLogo\"},\"image\":{\"@id\":\"https:\\\/\\\/allasorias.hu\\\/hirek\\\/egyre-tobben-a-munkaeropiacon\\\/#organizationLogo\"},\"sameAs\":[\"https:\\\/\\\/www.facebook.com\\\/allasorias\",\"https:\\\/\\\/www.linkedin.com\\\/company\\\/allasorias\"]},{\"@type\":\"Person\",\"@id\":\"https:\\\/\\\/allasorias.hu\\\/hirek\\\/author\\\/admin-allasorias\\\/#author\",\"url\":\"https:\\\/\\\/allasorias.hu\\\/hirek\\\/author\\\/admin-allasorias\\\/\",\"name\":\"Juh\\u00e1sz P\\u00e9ter\",\"image\":{\"@type\":\"ImageObject\",\"@id\":\"https:\\\/\\\/allasorias.hu\\\/hirek\\\/egyre-tobben-a-munkaeropiacon\\\/#authorImage\",\"url\":\"https:\\\/\\\/secure.gravatar.com\\\/avatar\\\/36e6bcb83148978b992977cb0f54d22feb0cce8a0a849a9410532bb2623ba4c6?s=96&d=mm&r=g\",\"width\":96,\"height\":96,\"caption\":\"Juh\\u00e1sz P\\u00e9ter\"}},{\"@type\":\"WebPage\",\"@id\":\"https:\\\/\\\/allasorias.hu\\\/hirek\\\/egyre-tobben-a-munkaeropiacon\\\/#webpage\",\"url\":\"https:\\\/\\\/allasorias.hu\\\/hirek\\\/egyre-tobben-a-munkaeropiacon\\\/\",\"name\":\"Egyre t\\u00f6bben a munkaer\\u0151piacon | AllasOrias.hu | H\\u00edrek-lapszemle\",\"description\":\"A korm\\u00e1nyzat szerint kedvez\\u0151en alakulnak a munkaer\\u0151piaci adatok, egyre t\\u00f6bben jelennek meg a munka vil\\u00e1g\\u00e1ban, ugyanakkor a regisztr\\u00e1lt munkan\\u00e9lk\\u00fcliek sz\\u00e1ma cs\\u00f6kkent. Az eredm\\u00e9nyek a foglalkoztatotts\\u00e1g n\\u00f6vel\\u00e9s\\u00e9t c\\u00e9lz\\u00f3 int\\u00e9zked\\u00e9seknek k\\u00f6sz\\u00f6nhet\\u0151ek az \\u00e1llamtitk\\u00e1r szerint. Az el\\u0151z\\u0151 \\u00e9v azonos id\\u0151szak\\u00e1hoz k\\u00e9pest t\\u00f6bb mint 21 ezer f\\u0151vel n\\u0151tt a foglalkoztatottak sz\\u00e1ma a 15\\u201374 \\u00e9ves koroszt\\u00e1lyban, de negyed\\u00e9ves alapon is\",\"inLanguage\":\"hu-HU\",\"isPartOf\":{\"@id\":\"https:\\\/\\\/allasorias.hu\\\/hirek\\\/#website\"},\"breadcrumb\":{\"@id\":\"https:\\\/\\\/allasorias.hu\\\/hirek\\\/egyre-tobben-a-munkaeropiacon\\\/#breadcrumblist\"},\"author\":{\"@id\":\"https:\\\/\\\/allasorias.hu\\\/hirek\\\/author\\\/admin-allasorias\\\/#author\"},\"creator\":{\"@id\":\"https:\\\/\\\/allasorias.hu\\\/hirek\\\/author\\\/admin-allasorias\\\/#author\"},\"image\":{\"@type\":\"ImageObject\",\"url\":\"https:\\\/\\\/allasorias.hu\\\/hirek\\\/wp-content\\\/uploads\\\/2024\\\/07\\\/egyre-tobben-a-munkaeropiacon.jpg\",\"@id\":\"https:\\\/\\\/allasorias.hu\\\/hirek\\\/egyre-tobben-a-munkaeropiacon\\\/#mainImage\",\"width\":1280,\"height\":720,\"caption\":\"Egyre t\\u00f6bben a munkaer\\u0151piacon - Allasorias.hu\\\/Hirek\"},\"primaryImageOfPage\":{\"@id\":\"https:\\\/\\\/allasorias.hu\\\/hirek\\\/egyre-tobben-a-munkaeropiacon\\\/#mainImage\"},\"datePublished\":\"2024-07-29T09:47:21+02:00\",\"dateModified\":\"2024-07-30T08:08:37+02:00\"},{\"@type\":\"WebSite\",\"@id\":\"https:\\\/\\\/allasorias.hu\\\/hirek\\\/#website\",\"url\":\"https:\\\/\\\/allasorias.hu\\\/hirek\\\/\",\"name\":\"AllasOrias.hu | H\\u00edrek-lapszemle\",\"description\":\"\\u00dczleti h\\u00edrek az \\u00e1ll\\u00e1s \\u00e9s a munka vil\\u00e1g\\u00e1b\\u00f3l\",\"inLanguage\":\"hu-HU\",\"publisher\":{\"@id\":\"https:\\\/\\\/allasorias.hu\\\/hirek\\\/#organization\"}}]}\n\t\t<\/script>\n\t\t<!-- All in One SEO -->\n\n","aioseo_head_json":{"title":"Egyre t\u00f6bben a munkaer\u0151piacon | AllasOrias.hu | H\u00edrek-lapszemle","description":"A korm\u00e1nyzat szerint kedvez\u0151en alakulnak a munkaer\u0151piaci adatok, egyre t\u00f6bben jelennek meg a munka vil\u00e1g\u00e1ban, ugyanakkor a regisztr\u00e1lt munkan\u00e9lk\u00fcliek sz\u00e1ma cs\u00f6kkent. Az eredm\u00e9nyek a foglalkoztatotts\u00e1g n\u00f6vel\u00e9s\u00e9t c\u00e9lz\u00f3 int\u00e9zked\u00e9seknek k\u00f6sz\u00f6nhet\u0151ek az \u00e1llamtitk\u00e1r szerint. Az el\u0151z\u0151 \u00e9v azonos id\u0151szak\u00e1hoz k\u00e9pest t\u00f6bb mint 21 ezer f\u0151vel n\u0151tt a foglalkoztatottak sz\u00e1ma a 15\u201374 \u00e9ves koroszt\u00e1lyban, de negyed\u00e9ves alapon is","canonical_url":"https:\/\/allasorias.hu\/hirek\/egyre-tobben-a-munkaeropiacon\/","robots":"max-image-preview:large","keywords":"","webmasterTools":{"miscellaneous":""},"schema":{"@context":"https:\/\/schema.org","@graph":[{"@type":"Article","@id":"https:\/\/allasorias.hu\/hirek\/egyre-tobben-a-munkaeropiacon\/#article","name":"Egyre t\u00f6bben a munkaer\u0151piacon | AllasOrias.hu | H\u00edrek-lapszemle","headline":"Egyre t\u00f6bben a munkaer\u0151piacon","author":{"@id":"https:\/\/allasorias.hu\/hirek\/author\/admin-allasorias\/#author"},"publisher":{"@id":"https:\/\/allasorias.hu\/hirek\/#organization"},"image":{"@type":"ImageObject","url":"https:\/\/allasorias.hu\/hirek\/wp-content\/uploads\/2024\/07\/egyre-tobben-a-munkaeropiacon.jpg","width":1280,"height":720,"caption":"Egyre t\u00f6bben a munkaer\u0151piacon - Allasorias.hu\/Hirek"},"datePublished":"2024-07-29T09:47:21+02:00","dateModified":"2024-07-30T08:08:37+02:00","inLanguage":"hu-HU","mainEntityOfPage":{"@id":"https:\/\/allasorias.hu\/hirek\/egyre-tobben-a-munkaeropiacon\/#webpage"},"isPartOf":{"@id":"https:\/\/allasorias.hu\/hirek\/egyre-tobben-a-munkaeropiacon\/#webpage"},"articleSection":"Munkaer\u0151piac"},{"@type":"BreadcrumbList","@id":"https:\/\/allasorias.hu\/hirek\/egyre-tobben-a-munkaeropiacon\/#breadcrumblist","itemListElement":[{"@type":"ListItem","@id":"https:\/\/allasorias.hu\/hirek#listItem","position":1,"name":"Home","item":"https:\/\/allasorias.hu\/hirek","nextItem":{"@type":"ListItem","@id":"https:\/\/allasorias.hu\/hirek\/temak\/munkaeropiac\/#listItem","name":"Munkaer\u0151piac"}},{"@type":"ListItem","@id":"https:\/\/allasorias.hu\/hirek\/temak\/munkaeropiac\/#listItem","position":2,"name":"Munkaer\u0151piac","item":"https:\/\/allasorias.hu\/hirek\/temak\/munkaeropiac\/","nextItem":{"@type":"ListItem","@id":"https:\/\/allasorias.hu\/hirek\/egyre-tobben-a-munkaeropiacon\/#listItem","name":"Egyre t\u00f6bben a munkaer\u0151piacon"},"previousItem":{"@type":"ListItem","@id":"https:\/\/allasorias.hu\/hirek#listItem","name":"Home"}},{"@type":"ListItem","@id":"https:\/\/allasorias.hu\/hirek\/egyre-tobben-a-munkaeropiacon\/#listItem","position":3,"name":"Egyre t\u00f6bben a munkaer\u0151piacon","previousItem":{"@type":"ListItem","@id":"https:\/\/allasorias.hu\/hirek\/temak\/munkaeropiac\/#listItem","name":"Munkaer\u0151piac"}}]},{"@type":"Organization","@id":"https:\/\/allasorias.hu\/hirek\/#organization","name":"AllasOrias.hu | H\u00edrek-lapszemle","description":"\u00dczleti h\u00edrek az \u00e1ll\u00e1s \u00e9s a munka vil\u00e1g\u00e1b\u00f3l","url":"https:\/\/allasorias.hu\/hirek\/","logo":{"@type":"ImageObject","url":"https:\/\/allasorias.hu\/hirek\/wp-content\/uploads\/2022\/10\/allasorias_site_facebok_logo.png","@id":"https:\/\/allasorias.hu\/hirek\/egyre-tobben-a-munkaeropiacon\/#organizationLogo"},"image":{"@id":"https:\/\/allasorias.hu\/hirek\/egyre-tobben-a-munkaeropiacon\/#organizationLogo"},"sameAs":["https:\/\/www.facebook.com\/allasorias","https:\/\/www.linkedin.com\/company\/allasorias"]},{"@type":"Person","@id":"https:\/\/allasorias.hu\/hirek\/author\/admin-allasorias\/#author","url":"https:\/\/allasorias.hu\/hirek\/author\/admin-allasorias\/","name":"Juh\u00e1sz P\u00e9ter","image":{"@type":"ImageObject","@id":"https:\/\/allasorias.hu\/hirek\/egyre-tobben-a-munkaeropiacon\/#authorImage","url":"https:\/\/secure.gravatar.com\/avatar\/36e6bcb83148978b992977cb0f54d22feb0cce8a0a849a9410532bb2623ba4c6?s=96&d=mm&r=g","width":96,"height":96,"caption":"Juh\u00e1sz P\u00e9ter"}},{"@type":"WebPage","@id":"https:\/\/allasorias.hu\/hirek\/egyre-tobben-a-munkaeropiacon\/#webpage","url":"https:\/\/allasorias.hu\/hirek\/egyre-tobben-a-munkaeropiacon\/","name":"Egyre t\u00f6bben a munkaer\u0151piacon | AllasOrias.hu | H\u00edrek-lapszemle","description":"A korm\u00e1nyzat szerint kedvez\u0151en alakulnak a munkaer\u0151piaci adatok, egyre t\u00f6bben jelennek meg a munka vil\u00e1g\u00e1ban, ugyanakkor a regisztr\u00e1lt munkan\u00e9lk\u00fcliek sz\u00e1ma cs\u00f6kkent. Az eredm\u00e9nyek a foglalkoztatotts\u00e1g n\u00f6vel\u00e9s\u00e9t c\u00e9lz\u00f3 int\u00e9zked\u00e9seknek k\u00f6sz\u00f6nhet\u0151ek az \u00e1llamtitk\u00e1r szerint. Az el\u0151z\u0151 \u00e9v azonos id\u0151szak\u00e1hoz k\u00e9pest t\u00f6bb mint 21 ezer f\u0151vel n\u0151tt a foglalkoztatottak sz\u00e1ma a 15\u201374 \u00e9ves koroszt\u00e1lyban, de negyed\u00e9ves alapon is","inLanguage":"hu-HU","isPartOf":{"@id":"https:\/\/allasorias.hu\/hirek\/#website"},"breadcrumb":{"@id":"https:\/\/allasorias.hu\/hirek\/egyre-tobben-a-munkaeropiacon\/#breadcrumblist"},"author":{"@id":"https:\/\/allasorias.hu\/hirek\/author\/admin-allasorias\/#author"},"creator":{"@id":"https:\/\/allasorias.hu\/hirek\/author\/admin-allasorias\/#author"},"image":{"@type":"ImageObject","url":"https:\/\/allasorias.hu\/hirek\/wp-content\/uploads\/2024\/07\/egyre-tobben-a-munkaeropiacon.jpg","@id":"https:\/\/allasorias.hu\/hirek\/egyre-tobben-a-munkaeropiacon\/#mainImage","width":1280,"height":720,"caption":"Egyre t\u00f6bben a munkaer\u0151piacon - Allasorias.hu\/Hirek"},"primaryImageOfPage":{"@id":"https:\/\/allasorias.hu\/hirek\/egyre-tobben-a-munkaeropiacon\/#mainImage"},"datePublished":"2024-07-29T09:47:21+02:00","dateModified":"2024-07-30T08:08:37+02:00"},{"@type":"WebSite","@id":"https:\/\/allasorias.hu\/hirek\/#website","url":"https:\/\/allasorias.hu\/hirek\/","name":"AllasOrias.hu | H\u00edrek-lapszemle","description":"\u00dczleti h\u00edrek az \u00e1ll\u00e1s \u00e9s a munka vil\u00e1g\u00e1b\u00f3l","inLanguage":"hu-HU","publisher":{"@id":"https:\/\/allasorias.hu\/hirek\/#organization"}}]},"og:locale":"hu_HU","og:site_name":"AllasOrias.hu | H\u00edrek-lapszemle | \u00dczleti h\u00edrek az \u00e1ll\u00e1s \u00e9s a munka vil\u00e1g\u00e1b\u00f3l","og:type":"article","og:title":"Egyre t\u00f6bben a munkaer\u0151piacon | AllasOrias.hu | H\u00edrek-lapszemle","og:description":"A korm\u00e1nyzat szerint kedvez\u0151en alakulnak a munkaer\u0151piaci adatok, egyre t\u00f6bben jelennek meg a munka vil\u00e1g\u00e1ban, ugyanakkor a regisztr\u00e1lt munkan\u00e9lk\u00fcliek sz\u00e1ma cs\u00f6kkent. Az eredm\u00e9nyek a foglalkoztatotts\u00e1g n\u00f6vel\u00e9s\u00e9t c\u00e9lz\u00f3 int\u00e9zked\u00e9seknek k\u00f6sz\u00f6nhet\u0151ek az \u00e1llamtitk\u00e1r szerint. Az el\u0151z\u0151 \u00e9v azonos id\u0151szak\u00e1hoz k\u00e9pest t\u00f6bb mint 21 ezer f\u0151vel n\u0151tt a foglalkoztatottak sz\u00e1ma a 15\u201374 \u00e9ves koroszt\u00e1lyban, de negyed\u00e9ves alapon is","og:url":"https:\/\/allasorias.hu\/hirek\/egyre-tobben-a-munkaeropiacon\/","og:image":"https:\/\/allasorias.hu\/hirek\/wp-content\/uploads\/2024\/07\/egyre-tobben-a-munkaeropiacon.jpg","og:image:secure_url":"https:\/\/allasorias.hu\/hirek\/wp-content\/uploads\/2024\/07\/egyre-tobben-a-munkaeropiacon.jpg","og:image:width":1280,"og:image:height":720,"article:published_time":"2024-07-29T07:47:21+00:00","article:modified_time":"2024-07-30T06:08:37+00:00","article:publisher":"https:\/\/www.facebook.com\/allasorias","twitter:card":"summary_large_image","twitter:title":"Egyre t\u00f6bben a munkaer\u0151piacon | AllasOrias.hu | H\u00edrek-lapszemle","twitter:description":"A korm\u00e1nyzat szerint kedvez\u0151en alakulnak a munkaer\u0151piaci adatok, egyre t\u00f6bben jelennek meg a munka vil\u00e1g\u00e1ban, ugyanakkor a regisztr\u00e1lt munkan\u00e9lk\u00fcliek sz\u00e1ma cs\u00f6kkent. Az eredm\u00e9nyek a foglalkoztatotts\u00e1g n\u00f6vel\u00e9s\u00e9t c\u00e9lz\u00f3 int\u00e9zked\u00e9seknek k\u00f6sz\u00f6nhet\u0151ek az \u00e1llamtitk\u00e1r szerint. Az el\u0151z\u0151 \u00e9v azonos id\u0151szak\u00e1hoz k\u00e9pest t\u00f6bb mint 21 ezer f\u0151vel n\u0151tt a foglalkoztatottak sz\u00e1ma a 15\u201374 \u00e9ves koroszt\u00e1lyban, de negyed\u00e9ves alapon is","twitter:image":"https:\/\/allasorias.hu\/hirek\/wp-content\/uploads\/2024\/07\/egyre-tobben-a-munkaeropiacon.jpg","twitter:label1":"Written by","twitter:data1":"Juh\u00e1sz P\u00e9ter","twitter:label2":"Est. reading time","twitter:data2":"4 minutes"},"aioseo_meta_data":{"post_id":"7793","title":null,"description":null,"keywords":null,"keyphrases":{"focus":{"keyphrase":"","score":0,"analysis":{"keyphraseInTitle":{"score":0,"maxScore":9,"error":1}}},"additional":[]},"primary_term":null,"canonical_url":null,"og_title":null,"og_description":null,"og_object_type":"default","og_image_type":"default","og_image_url":null,"og_image_width":null,"og_image_height":null,"og_image_custom_url":null,"og_image_custom_fields":null,"og_video":"","og_custom_url":null,"og_article_section":null,"og_article_tags":null,"twitter_use_og":true,"twitter_card":"default","twitter_image_type":"default","twitter_image_url":null,"twitter_image_custom_url":null,"twitter_image_custom_fields":null,"twitter_title":null,"twitter_description":null,"schema":{"blockGraphs":[],"customGraphs":[],"default":{"data":{"Article":[],"Course":[],"Dataset":[],"FAQPage":[],"Movie":[],"Person":[],"Product":[],"ProductReview":[],"Car":[],"Recipe":[],"Service":[],"SoftwareApplication":[],"WebPage":[]},"graphName":"Article","isEnabled":true},"graphs":[]},"schema_type":"default","schema_type_options":null,"pillar_content":false,"robots_default":true,"robots_noindex":false,"robots_noarchive":false,"robots_nosnippet":false,"robots_nofollow":false,"robots_noimageindex":false,"robots_noodp":false,"robots_notranslate":false,"robots_max_snippet":"-1","robots_max_videopreview":"-1","robots_max_imagepreview":"large","priority":null,"frequency":"default","location":null,"local_seo":null,"breadcrumb_settings":null,"limit_modified_date":false,"ai":null,"created":"2024-07-29 07:40:46","updated":"2025-10-02 20:13:13","seo_analyzer_scan_date":null,"focus_keyword":null,"additional_keywords":null,"truseo_locale":null},"aioseo_breadcrumb":"<div class=\"aioseo-breadcrumbs\"><span class=\"aioseo-breadcrumb\">\n\t\t\t<a href=\"https:\/\/allasorias.hu\/hirek\" title=\"Home\">Home<\/a>\n\t\t<\/span><span class=\"aioseo-breadcrumb-separator\">&raquo;<\/span><span class=\"aioseo-breadcrumb\">\n\t\t\t<a href=\"https:\/\/allasorias.hu\/hirek\/temak\/munkaeropiac\/\" title=\"Munkaer\u0151piac\">Munkaer\u0151piac<\/a>\n\t\t<\/span><span class=\"aioseo-breadcrumb-separator\">&raquo;<\/span><span class=\"aioseo-breadcrumb\">\n\t\t\tEgyre t\u00f6bben a munkaer\u0151piacon\n\t\t<\/span><\/div>","aioseo_breadcrumb_json":[{"label":"Home","link":"https:\/\/allasorias.hu\/hirek"},{"label":"Munkaer\u0151piac","link":"https:\/\/allasorias.hu\/hirek\/temak\/munkaeropiac\/"},{"label":"Egyre t\u00f6bben a munkaer\u0151piacon","link":"https:\/\/allasorias.hu\/hirek\/egyre-tobben-a-munkaeropiacon\/"}],"_links":{"self":[{"href":"https:\/\/allasorias.hu\/hirek\/wp-json\/wp\/v2\/posts\/7793","targetHints":{"allow":["GET"]}}],"collection":[{"href":"https:\/\/allasorias.hu\/hirek\/wp-json\/wp\/v2\/posts"}],"about":[{"href":"https:\/\/allasorias.hu\/hirek\/wp-json\/wp\/v2\/types\/post"}],"author":[{"embeddable":true,"href":"https:\/\/allasorias.hu\/hirek\/wp-json\/wp\/v2\/users\/1"}],"replies":[{"embeddable":true,"href":"https:\/\/allasorias.hu\/hirek\/wp-json\/wp\/v2\/comments?post=7793"}],"version-history":[{"count":1,"href":"https:\/\/allasorias.hu\/hirek\/wp-json\/wp\/v2\/posts\/7793\/revisions"}],"predecessor-version":[{"id":7794,"href":"https:\/\/allasorias.hu\/hirek\/wp-json\/wp\/v2\/posts\/7793\/revisions\/7794"}],"wp:featuredmedia":[{"embeddable":true,"href":"https:\/\/allasorias.hu\/hirek\/wp-json\/wp\/v2\/media\/7795"}],"wp:attachment":[{"href":"https:\/\/allasorias.hu\/hirek\/wp-json\/wp\/v2\/media?parent=7793"}],"wp:term":[{"taxonomy":"category","embeddable":true,"href":"https:\/\/allasorias.hu\/hirek\/wp-json\/wp\/v2\/categories?post=7793"},{"taxonomy":"post_tag","embeddable":true,"href":"https:\/\/allasorias.hu\/hirek\/wp-json\/wp\/v2\/tags?post=7793"}],"curies":[{"name":"wp","href":"https:\/\/api.w.org\/{rel}","templated":true}]}}