{"id":7790,"date":"2024-07-26T11:58:05","date_gmt":"2024-07-26T09:58:05","guid":{"rendered":"https:\/\/allasorias.hu\/hirek\/?p=7790"},"modified":"2024-07-26T11:58:05","modified_gmt":"2024-07-26T09:58:05","slug":"a-munkaeropiacra-keszitenek-fel","status":"publish","type":"post","link":"https:\/\/allasorias.hu\/hirek\/a-munkaeropiacra-keszitenek-fel\/","title":{"rendered":"A munkaer\u0151piacra k\u00e9sz\u00edtenek fel"},"content":{"rendered":"<p><strong>Az egyetemek sz\u00e1m\u00e1ra fontos k\u00e9rd\u00e9s, hogy mennyire tudj\u00e1k f\u00f6lk\u00e9sz\u00edteni hallgat\u00f3ikat a munkaer\u0151piacra. Tudnak-e olyan tud\u00e1st ny\u00fajtani sz\u00e1mukra, amivel a kih\u00edv\u00e1soknak meg tudnak felelni a v\u00e1ltoz\u00f3 ig\u00e9nyeknek megfelel\u0151en. A Corvinuson kiemelten kezelik ezt a ter\u00fcletet.<\/strong><\/p>\n<p>A felv\u00e9teli ponthat\u00e1rokb\u00f3l l\u00e1tszik, a Corvinus Egyetem meg tudta szerezni vezet\u0151 hely\u00e9t a gazdas\u00e1gi \u00e9s t\u00e1rsadalomtudom\u00e1nyi ter\u00fcleteken: az egyik legmagasabb pontsz\u00e1mmal lehetett bejutni id\u00e9n is az angol nyelv\u0171 nemzetk\u00f6zi gazd\u00e1lkod\u00e1s szakjukra.<\/p>\n<p>A mez\u0151ny \u00e9l\u00e9n, ahogy v\u00e1rhat\u00f3 volt, a Corvinus Egyetem tal\u00e1lhat\u00f3, amelyet az E\u00f6tv\u00f6s L\u00f3r\u00e1nd Tudom\u00e1nyegyetem, majd a P\u00e1zm\u00e1ny P\u00e9ter Katolikus Egyetem k\u00f6vet. A felvi.hu adatai szerint a gazdas\u00e1gi, t\u00e1rsadalomtudom\u00e1nyi \u00e9s informatikai nappali alapk\u00e9pz\u00e9seken is a Corvinus Egyetem\u00e9 a legmagasabb ponthat\u00e1r. Gazdas\u00e1gi ter\u00fcleten a nyolc legmagasabb ponthat\u00e1r\u00fa k\u00e9pz\u00e9sb\u0151l h\u00e9t a Corvinus Egyetem\u00e9, t\u00e1rsadalomtudom\u00e1nyi k\u00e9pz\u00e9sekben az \u00f6t legmagasabb pontsz\u00e1m\u00fa k\u00e9pz\u00e9sb\u0151l h\u00e1rmat a Corvinus oktat.<\/p>\n<p>Az angol nyelv\u0171 nemzetk\u00f6zi gazd\u00e1lkod\u00e1s szakon a leend\u0151 hallgat\u00f3knak legal\u00e1bb 478 pontot, a szint\u00e9n angol nyelv\u0171 nemzetk\u00f6zi tanulm\u00e1nyok szakon 458 pontot, m\u00edg a magyar nyelv\u0171 gazdas\u00e1ginformatikus szakon 440 pontot kellett gy\u0171jteni\u00fck a beker\u00fcl\u00e9shez. \u201eA 2024-es fels\u0151oktat\u00e1si felv\u00e9teli elj\u00e1r\u00e1sban az egyetem \u00e1ltal oktatott valamennyi k\u00e9pz\u00e9si ter\u00fcleten a legmagasabb ponthat\u00e1rokat \u00e9rte el a Corvinus, amelyre nagyon b\u00fcszk\u00e9k vagyunk\u201d \u2013 fogalmazott Sz\u00e1nt\u00f3 Rich\u00e1rd az int\u00e9zm\u00e9ny alapk\u00e9pz\u00e9sek\u00e9rt felel\u0151s d\u00e9k\u00e1nja. Mint mondta a Corvinus strat\u00e9gi\u00e1ja, hogy a \u201ebemenetkor\u201d sz\u0171rje meg a hallgat\u00f3kat.<\/p>\n<blockquote><p>A magas pontsz\u00e1mok ugyanis egyf\u00e9le garanci\u00e1t ny\u00fajtanak arra, hogy olyan j\u00f3 k\u00e9pess\u00e9g\u0171, tehets\u00e9ges di\u00e1kokat vegy\u00fcnk fel, akik bejutva j\u00f3 es\u00e9llyel v\u00e9gigj\u00e1rj\u00e1k a k\u00e9pz\u00e9seket, \u00e9s a k\u00e9s\u0151bbiekben is meg\u00e1llj\u00e1k majd a hely\u00fcket, sikerrel tudj\u00e1k venni az akad\u00e1lyokat. A hallgat\u00f3i min\u0151s\u00e9g \u2013 term\u00e9szetesen az oktat\u00e1si min\u0151s\u00e9g mellett \u2013 mindig olyan fontos szempont volt, amely fel\u00fcl\u00edrta a mennyis\u00e9gi elv\u00e1r\u00e1sainkat<br \/>\n\u2013 hangs\u00falyozta.<\/p><\/blockquote>\n<p>Az egyetem term\u00e9szetesen nem csak a hallgat\u00f3kt\u00f3l v\u00e1rja el a min\u0151s\u00e9get: folyamatosan fejleszti a k\u00e9pz\u00e9seit. \u201eA hallgat\u00f3k \u00e9s a piac is elv\u00e1rja, hogy az int\u00e9zm\u00e9ny mindig napra k\u00e9sz tud\u00e1st ny\u00fajtson, amellyel a frissen v\u00e9gz\u0151k sikerrel, vagyis min\u00e9l gyorsabban \u00e9s min\u00e9l magasabb fizet\u00e9sek\u00e9rt el tudjanak helyezkedni a piacon\u201d\u2013 hangs\u00falyozta. Eml\u00e9keztetett, hogy Quacquarelli Symonds (QS), a vil\u00e1g egyik legnevesebb fels\u0151oktat\u00e1si min\u0151s\u00edt\u0151 szervezete az elm\u00falt hetekben d\u00edjazta a \u201eFoglalkoztathat\u00f3s\u00e1g \u2013 teljes\u00edtm\u00e9nyjavul\u00e1s\u201d kateg\u00f3ri\u00e1ban a Budapesti Corvinus Egyetemet. A d\u00edjjal az int\u00e9zm\u00e9nyben szerzett diplom\u00e1k munkaer\u0151piaci elismerts\u00e9g\u00e9t jutalmazt\u00e1k, a munk\u00e1ltat\u00f3k pozit\u00edv visszajelz\u00e9seire \u00e9p\u00edtve, amelynek h\u00edre ezek szerint az orsz\u00e1ghat\u00e1ron t\u00falra is eljutott \u2013 v\u00e9li Sz\u00e1nt\u00f3 Rich\u00e1rd.<\/p>\n<p>A meg\u00fajul\u00e1s jegy\u00e9ben \u02dd<em>az ut\u00f3bbi id\u0151ben a teljes alapk\u00e9pz\u00e9si portf\u00f3li\u00f3t korszer\u0171s\u00edtette az egyetem, k\u00fcl\u00f6n\u00f6s tekintettel a k\u00e9t legn\u00e9pszer\u0171bb szakra, a gazd\u00e1lkod\u00e1s \u00e9s menedzsmentre, illetve a nemzetk\u00f6zi gazd\u00e1lkod\u00e1sra\u02dd.<\/em><\/p>\n<p>Jelenleg folyik a mesterk\u00e9pz\u00e9s meg\u00faj\u00edt\u00e1sa is. A Corvinus mesterszakjai k\u00f6z\u00f6tt id\u00e9n deb\u00fct\u00e1l\u00f3 nemzetk\u00f6zi sz\u00e1mvitel \u00e9s k\u00f6nyvvizsg\u00e1lat egy\u00e9ves angol nyelv\u0171 k\u00e9pz\u00e9sre r\u00f6gt\u00f6n m\u00e1sf\u00e9lszeres t\u00faljelentkez\u00e9s \u00e9rkezett. Az egyik legnagyobb preszt\u00edzs\u0171 k\u00e9pz\u00e9st, a vezet\u00e9s \u00e9s szervez\u00e9st mindk\u00e9t nyelven el lehet v\u00e9gezni, a magyar szakra id\u00e9n m\u00e1sf\u00e9lszer annyian ker\u00fclnek be.<\/p>\n<p>A szakmeg\u00faj\u00edt\u00e1soknak k\u00f6sz\u00f6nhet\u0151en a corvinusos angol nyelv\u0171 mesterk\u00e9pz\u00e9sek egy r\u00e9sz\u00e9t m\u00e1r egy \u00e9v alatt is el lehet v\u00e9gezni. \u201eEz az int\u00e9zm\u00e9ny strat\u00e9giai ir\u00e1nya is: a terv egyre t\u00f6bb egy\u00e9ves mesterk\u00e9pz\u00e9s elind\u00edt\u00e1sa, ugyanis a hallgat\u00f3k visszajelz\u00e9seib\u0151l az l\u00e1tszik, hogy ezek n\u00e9pszer\u0171s\u00e9ge megn\u0151tt. Sokan, munkahelyi, csal\u00e1di vagy egy\u00e9b okok miatt nem tudnak, akarnak vissza\u00fclni k\u00e9t\u00e9ves k\u00e9pz\u00e9sre az iskolapadba\u201d \u2013 mutatott r\u00e1.<\/p>\n<p>Szeretn\u00e9nk \u00e9vr\u0151l \u00e9vre \u00fajabb, olyan mesterszakokkal el\u0151j\u00f6nni, amelyr\u0151l \u00fagy l\u00e1tjuk, hogy lesz r\u00e1 kereslet a munkaer\u0151piacon. Ez\u00e9rt 2025-t\u0151l \u00faj, b\u0151v\u00edtett k\u00edn\u00e1lattal jelentkez\u00fcnk, olyan t\u00e9m\u00e1k ker\u00fclnek be a portf\u00f3li\u00f3ban mint a fenntarthat\u00f3s\u00e1g vagy a biodiverzit\u00e1s\u2013 mondta.<\/p>\n<p>Forr\u00e1s: <a href=\"https:\/\/www.vg.hu\/vilaggazdasag-magyar-gazdasag\/2024\/07\/corvinus-egyetem-felveteli-ponthatarok-dekan\" target=\"_blank\" rel=\"nofollow noopener noreferrer\">vg.hu<\/a><\/p>\n","protected":false},"excerpt":{"rendered":"<p>Az egyetemek sz\u00e1m\u00e1ra fontos k\u00e9rd\u00e9s, hogy mennyire tudj\u00e1k f\u00f6lk\u00e9sz\u00edteni hallgat\u00f3ikat a munkaer\u0151piacra. Tudnak-e olyan tud\u00e1st ny\u00fajtani sz\u00e1mukra, amivel a kih\u00edv\u00e1soknak meg tudnak felelni a v\u00e1ltoz\u00f3 ig\u00e9nyeknek megfelel\u0151en. A Corvinuson kiemelten kezelik ezt a ter\u00fcletet. A felv\u00e9teli ponthat\u00e1rokb\u00f3l l\u00e1tszik, a Corvinus Egyetem meg tudta szerezni vezet\u0151 hely\u00e9t a gazdas\u00e1gi \u00e9s t\u00e1rsadalomtudom\u00e1nyi ter\u00fcleteken: az egyik legmagasabb pontsz\u00e1mmal [&hellip;]<\/p>\n","protected":false},"author":1,"featured_media":7791,"comment_status":"closed","ping_status":"closed","sticky":false,"template":"","format":"standard","meta":{"_monsterinsights_skip_tracking":false,"footnotes":""},"categories":[200],"tags":[],"class_list":["post-7790","post","type-post","status-publish","format-standard","has-post-thumbnail","hentry","category-munkaeropiac"],"aioseo_notices":[],"aioseo_head":"\n\t\t<!-- All in One SEO 5.0.0.1 - aioseo.com -->\n\t<meta name=\"description\" content=\"Az egyetemek sz\u00e1m\u00e1ra fontos k\u00e9rd\u00e9s, hogy mennyire tudj\u00e1k f\u00f6lk\u00e9sz\u00edteni hallgat\u00f3ikat a munkaer\u0151piacra. Tudnak-e olyan tud\u00e1st ny\u00fajtani sz\u00e1mukra, amivel a kih\u00edv\u00e1soknak meg tudnak felelni a v\u00e1ltoz\u00f3 ig\u00e9nyeknek megfelel\u0151en. A Corvinuson kiemelten kezelik ezt a ter\u00fcletet. A felv\u00e9teli ponthat\u00e1rokb\u00f3l l\u00e1tszik, a Corvinus Egyetem meg tudta szerezni vezet\u0151 hely\u00e9t a gazdas\u00e1gi \u00e9s t\u00e1rsadalomtudom\u00e1nyi ter\u00fcleteken: az egyik legmagasabb pontsz\u00e1mmal\" \/>\n\t<meta name=\"robots\" content=\"max-image-preview:large\" \/>\n\t<meta name=\"author\" content=\"Juh\u00e1sz P\u00e9ter\"\/>\n\t<link rel=\"canonical\" href=\"https:\/\/allasorias.hu\/hirek\/a-munkaeropiacra-keszitenek-fel\/\" \/>\n\t<meta name=\"generator\" content=\"All in One SEO (AIOSEO) 5.0.0.1\" \/>\n\t\t<meta property=\"og:locale\" content=\"hu_HU\" \/>\n\t\t<meta property=\"og:site_name\" content=\"AllasOrias.hu | H\u00edrek-lapszemle | \u00dczleti h\u00edrek az \u00e1ll\u00e1s \u00e9s a munka vil\u00e1g\u00e1b\u00f3l\" \/>\n\t\t<meta property=\"og:type\" content=\"article\" \/>\n\t\t<meta property=\"og:title\" content=\"A munkaer\u0151piacra k\u00e9sz\u00edtenek fel | AllasOrias.hu | H\u00edrek-lapszemle\" \/>\n\t\t<meta property=\"og:description\" content=\"Az egyetemek sz\u00e1m\u00e1ra fontos k\u00e9rd\u00e9s, hogy mennyire tudj\u00e1k f\u00f6lk\u00e9sz\u00edteni hallgat\u00f3ikat a munkaer\u0151piacra. Tudnak-e olyan tud\u00e1st ny\u00fajtani sz\u00e1mukra, amivel a kih\u00edv\u00e1soknak meg tudnak felelni a v\u00e1ltoz\u00f3 ig\u00e9nyeknek megfelel\u0151en. A Corvinuson kiemelten kezelik ezt a ter\u00fcletet. A felv\u00e9teli ponthat\u00e1rokb\u00f3l l\u00e1tszik, a Corvinus Egyetem meg tudta szerezni vezet\u0151 hely\u00e9t a gazdas\u00e1gi \u00e9s t\u00e1rsadalomtudom\u00e1nyi ter\u00fcleteken: az egyik legmagasabb pontsz\u00e1mmal\" \/>\n\t\t<meta property=\"og:url\" content=\"https:\/\/allasorias.hu\/hirek\/a-munkaeropiacra-keszitenek-fel\/\" \/>\n\t\t<meta property=\"og:image\" content=\"https:\/\/allasorias.hu\/hirek\/wp-content\/uploads\/2024\/07\/egyetemi_felveteli_ponthatar.jpg\" \/>\n\t\t<meta property=\"og:image:secure_url\" content=\"https:\/\/allasorias.hu\/hirek\/wp-content\/uploads\/2024\/07\/egyetemi_felveteli_ponthatar.jpg\" \/>\n\t\t<meta property=\"og:image:width\" content=\"1500\" \/>\n\t\t<meta property=\"og:image:height\" content=\"1000\" \/>\n\t\t<meta property=\"article:published_time\" content=\"2024-07-26T09:58:05+00:00\" \/>\n\t\t<meta property=\"article:modified_time\" content=\"2024-07-26T09:58:05+00:00\" \/>\n\t\t<meta property=\"article:publisher\" content=\"https:\/\/www.facebook.com\/allasorias\" \/>\n\t\t<meta name=\"twitter:card\" content=\"summary_large_image\" \/>\n\t\t<meta name=\"twitter:title\" content=\"A munkaer\u0151piacra k\u00e9sz\u00edtenek fel | AllasOrias.hu | H\u00edrek-lapszemle\" \/>\n\t\t<meta name=\"twitter:description\" content=\"Az egyetemek sz\u00e1m\u00e1ra fontos k\u00e9rd\u00e9s, hogy mennyire tudj\u00e1k f\u00f6lk\u00e9sz\u00edteni hallgat\u00f3ikat a munkaer\u0151piacra. Tudnak-e olyan tud\u00e1st ny\u00fajtani sz\u00e1mukra, amivel a kih\u00edv\u00e1soknak meg tudnak felelni a v\u00e1ltoz\u00f3 ig\u00e9nyeknek megfelel\u0151en. A Corvinuson kiemelten kezelik ezt a ter\u00fcletet. A felv\u00e9teli ponthat\u00e1rokb\u00f3l l\u00e1tszik, a Corvinus Egyetem meg tudta szerezni vezet\u0151 hely\u00e9t a gazdas\u00e1gi \u00e9s t\u00e1rsadalomtudom\u00e1nyi ter\u00fcleteken: az egyik legmagasabb pontsz\u00e1mmal\" \/>\n\t\t<meta name=\"twitter:image\" content=\"https:\/\/allasorias.hu\/hirek\/wp-content\/uploads\/2024\/07\/egyetemi_felveteli_ponthatar.jpg\" \/>\n\t\t<meta name=\"twitter:label1\" content=\"Written by\" \/>\n\t\t<meta name=\"twitter:data1\" content=\"Juh\u00e1sz P\u00e9ter\" \/>\n\t\t<meta name=\"twitter:label2\" content=\"Est. reading time\" \/>\n\t\t<meta name=\"twitter:data2\" content=\"4 minutes\" \/>\n\t\t<script type=\"application\/ld+json\" class=\"aioseo-schema\">\n\t\t\t{\"@context\":\"https:\\\/\\\/schema.org\",\"@graph\":[{\"@type\":\"Article\",\"@id\":\"https:\\\/\\\/allasorias.hu\\\/hirek\\\/a-munkaeropiacra-keszitenek-fel\\\/#article\",\"name\":\"A munkaer\\u0151piacra k\\u00e9sz\\u00edtenek fel | AllasOrias.hu | H\\u00edrek-lapszemle\",\"headline\":\"A munkaer\\u0151piacra k\\u00e9sz\\u00edtenek fel\",\"author\":{\"@id\":\"https:\\\/\\\/allasorias.hu\\\/hirek\\\/author\\\/admin-allasorias\\\/#author\"},\"publisher\":{\"@id\":\"https:\\\/\\\/allasorias.hu\\\/hirek\\\/#organization\"},\"image\":{\"@type\":\"ImageObject\",\"url\":\"https:\\\/\\\/allasorias.hu\\\/hirek\\\/wp-content\\\/uploads\\\/2024\\\/07\\\/egyetemi_felveteli_ponthatar.jpg\",\"width\":1500,\"height\":1000,\"caption\":\"Egyetemista felv\\u00e9telt nyert\"},\"datePublished\":\"2024-07-26T11:58:05+02:00\",\"dateModified\":\"2024-07-26T11:58:05+02:00\",\"inLanguage\":\"hu-HU\",\"mainEntityOfPage\":{\"@id\":\"https:\\\/\\\/allasorias.hu\\\/hirek\\\/a-munkaeropiacra-keszitenek-fel\\\/#webpage\"},\"isPartOf\":{\"@id\":\"https:\\\/\\\/allasorias.hu\\\/hirek\\\/a-munkaeropiacra-keszitenek-fel\\\/#webpage\"},\"articleSection\":\"Munkaer\\u0151piac\"},{\"@type\":\"BreadcrumbList\",\"@id\":\"https:\\\/\\\/allasorias.hu\\\/hirek\\\/a-munkaeropiacra-keszitenek-fel\\\/#breadcrumblist\",\"itemListElement\":[{\"@type\":\"ListItem\",\"@id\":\"https:\\\/\\\/allasorias.hu\\\/hirek#listItem\",\"position\":1,\"name\":\"Home\",\"item\":\"https:\\\/\\\/allasorias.hu\\\/hirek\",\"nextItem\":{\"@type\":\"ListItem\",\"@id\":\"https:\\\/\\\/allasorias.hu\\\/hirek\\\/temak\\\/munkaeropiac\\\/#listItem\",\"name\":\"Munkaer\\u0151piac\"}},{\"@type\":\"ListItem\",\"@id\":\"https:\\\/\\\/allasorias.hu\\\/hirek\\\/temak\\\/munkaeropiac\\\/#listItem\",\"position\":2,\"name\":\"Munkaer\\u0151piac\",\"item\":\"https:\\\/\\\/allasorias.hu\\\/hirek\\\/temak\\\/munkaeropiac\\\/\",\"nextItem\":{\"@type\":\"ListItem\",\"@id\":\"https:\\\/\\\/allasorias.hu\\\/hirek\\\/a-munkaeropiacra-keszitenek-fel\\\/#listItem\",\"name\":\"A munkaer\\u0151piacra k\\u00e9sz\\u00edtenek fel\"},\"previousItem\":{\"@type\":\"ListItem\",\"@id\":\"https:\\\/\\\/allasorias.hu\\\/hirek#listItem\",\"name\":\"Home\"}},{\"@type\":\"ListItem\",\"@id\":\"https:\\\/\\\/allasorias.hu\\\/hirek\\\/a-munkaeropiacra-keszitenek-fel\\\/#listItem\",\"position\":3,\"name\":\"A munkaer\\u0151piacra k\\u00e9sz\\u00edtenek fel\",\"previousItem\":{\"@type\":\"ListItem\",\"@id\":\"https:\\\/\\\/allasorias.hu\\\/hirek\\\/temak\\\/munkaeropiac\\\/#listItem\",\"name\":\"Munkaer\\u0151piac\"}}]},{\"@type\":\"Organization\",\"@id\":\"https:\\\/\\\/allasorias.hu\\\/hirek\\\/#organization\",\"name\":\"AllasOrias.hu | H\\u00edrek-lapszemle\",\"description\":\"\\u00dczleti h\\u00edrek az \\u00e1ll\\u00e1s \\u00e9s a munka vil\\u00e1g\\u00e1b\\u00f3l\",\"url\":\"https:\\\/\\\/allasorias.hu\\\/hirek\\\/\",\"logo\":{\"@type\":\"ImageObject\",\"url\":\"https:\\\/\\\/allasorias.hu\\\/hirek\\\/wp-content\\\/uploads\\\/2022\\\/10\\\/allasorias_site_facebok_logo.png\",\"@id\":\"https:\\\/\\\/allasorias.hu\\\/hirek\\\/a-munkaeropiacra-keszitenek-fel\\\/#organizationLogo\"},\"image\":{\"@id\":\"https:\\\/\\\/allasorias.hu\\\/hirek\\\/a-munkaeropiacra-keszitenek-fel\\\/#organizationLogo\"},\"sameAs\":[\"https:\\\/\\\/www.facebook.com\\\/allasorias\",\"https:\\\/\\\/www.linkedin.com\\\/company\\\/allasorias\"]},{\"@type\":\"Person\",\"@id\":\"https:\\\/\\\/allasorias.hu\\\/hirek\\\/author\\\/admin-allasorias\\\/#author\",\"url\":\"https:\\\/\\\/allasorias.hu\\\/hirek\\\/author\\\/admin-allasorias\\\/\",\"name\":\"Juh\\u00e1sz P\\u00e9ter\",\"image\":{\"@type\":\"ImageObject\",\"@id\":\"https:\\\/\\\/allasorias.hu\\\/hirek\\\/a-munkaeropiacra-keszitenek-fel\\\/#authorImage\",\"url\":\"https:\\\/\\\/secure.gravatar.com\\\/avatar\\\/36e6bcb83148978b992977cb0f54d22feb0cce8a0a849a9410532bb2623ba4c6?s=96&d=mm&r=g\",\"width\":96,\"height\":96,\"caption\":\"Juh\\u00e1sz P\\u00e9ter\"}},{\"@type\":\"WebPage\",\"@id\":\"https:\\\/\\\/allasorias.hu\\\/hirek\\\/a-munkaeropiacra-keszitenek-fel\\\/#webpage\",\"url\":\"https:\\\/\\\/allasorias.hu\\\/hirek\\\/a-munkaeropiacra-keszitenek-fel\\\/\",\"name\":\"A munkaer\\u0151piacra k\\u00e9sz\\u00edtenek fel | AllasOrias.hu | H\\u00edrek-lapszemle\",\"description\":\"Az egyetemek sz\\u00e1m\\u00e1ra fontos k\\u00e9rd\\u00e9s, hogy mennyire tudj\\u00e1k f\\u00f6lk\\u00e9sz\\u00edteni hallgat\\u00f3ikat a munkaer\\u0151piacra. Tudnak-e olyan tud\\u00e1st ny\\u00fajtani sz\\u00e1mukra, amivel a kih\\u00edv\\u00e1soknak meg tudnak felelni a v\\u00e1ltoz\\u00f3 ig\\u00e9nyeknek megfelel\\u0151en. A Corvinuson kiemelten kezelik ezt a ter\\u00fcletet. A felv\\u00e9teli ponthat\\u00e1rokb\\u00f3l l\\u00e1tszik, a Corvinus Egyetem meg tudta szerezni vezet\\u0151 hely\\u00e9t a gazdas\\u00e1gi \\u00e9s t\\u00e1rsadalomtudom\\u00e1nyi ter\\u00fcleteken: az egyik legmagasabb pontsz\\u00e1mmal\",\"inLanguage\":\"hu-HU\",\"isPartOf\":{\"@id\":\"https:\\\/\\\/allasorias.hu\\\/hirek\\\/#website\"},\"breadcrumb\":{\"@id\":\"https:\\\/\\\/allasorias.hu\\\/hirek\\\/a-munkaeropiacra-keszitenek-fel\\\/#breadcrumblist\"},\"author\":{\"@id\":\"https:\\\/\\\/allasorias.hu\\\/hirek\\\/author\\\/admin-allasorias\\\/#author\"},\"creator\":{\"@id\":\"https:\\\/\\\/allasorias.hu\\\/hirek\\\/author\\\/admin-allasorias\\\/#author\"},\"image\":{\"@type\":\"ImageObject\",\"url\":\"https:\\\/\\\/allasorias.hu\\\/hirek\\\/wp-content\\\/uploads\\\/2024\\\/07\\\/egyetemi_felveteli_ponthatar.jpg\",\"@id\":\"https:\\\/\\\/allasorias.hu\\\/hirek\\\/a-munkaeropiacra-keszitenek-fel\\\/#mainImage\",\"width\":1500,\"height\":1000,\"caption\":\"Egyetemista felv\\u00e9telt nyert\"},\"primaryImageOfPage\":{\"@id\":\"https:\\\/\\\/allasorias.hu\\\/hirek\\\/a-munkaeropiacra-keszitenek-fel\\\/#mainImage\"},\"datePublished\":\"2024-07-26T11:58:05+02:00\",\"dateModified\":\"2024-07-26T11:58:05+02:00\"},{\"@type\":\"WebSite\",\"@id\":\"https:\\\/\\\/allasorias.hu\\\/hirek\\\/#website\",\"url\":\"https:\\\/\\\/allasorias.hu\\\/hirek\\\/\",\"name\":\"AllasOrias.hu | H\\u00edrek-lapszemle\",\"description\":\"\\u00dczleti h\\u00edrek az \\u00e1ll\\u00e1s \\u00e9s a munka vil\\u00e1g\\u00e1b\\u00f3l\",\"inLanguage\":\"hu-HU\",\"publisher\":{\"@id\":\"https:\\\/\\\/allasorias.hu\\\/hirek\\\/#organization\"}}]}\n\t\t<\/script>\n\t\t<!-- All in One SEO -->\n\n","aioseo_head_json":{"title":"A munkaer\u0151piacra k\u00e9sz\u00edtenek fel | AllasOrias.hu | H\u00edrek-lapszemle","description":"Az egyetemek sz\u00e1m\u00e1ra fontos k\u00e9rd\u00e9s, hogy mennyire tudj\u00e1k f\u00f6lk\u00e9sz\u00edteni hallgat\u00f3ikat a munkaer\u0151piacra. Tudnak-e olyan tud\u00e1st ny\u00fajtani sz\u00e1mukra, amivel a kih\u00edv\u00e1soknak meg tudnak felelni a v\u00e1ltoz\u00f3 ig\u00e9nyeknek megfelel\u0151en. A Corvinuson kiemelten kezelik ezt a ter\u00fcletet. A felv\u00e9teli ponthat\u00e1rokb\u00f3l l\u00e1tszik, a Corvinus Egyetem meg tudta szerezni vezet\u0151 hely\u00e9t a gazdas\u00e1gi \u00e9s t\u00e1rsadalomtudom\u00e1nyi ter\u00fcleteken: az egyik legmagasabb pontsz\u00e1mmal","canonical_url":"https:\/\/allasorias.hu\/hirek\/a-munkaeropiacra-keszitenek-fel\/","robots":"max-image-preview:large","keywords":"","webmasterTools":{"miscellaneous":""},"schema":{"@context":"https:\/\/schema.org","@graph":[{"@type":"Article","@id":"https:\/\/allasorias.hu\/hirek\/a-munkaeropiacra-keszitenek-fel\/#article","name":"A munkaer\u0151piacra k\u00e9sz\u00edtenek fel | AllasOrias.hu | H\u00edrek-lapszemle","headline":"A munkaer\u0151piacra k\u00e9sz\u00edtenek fel","author":{"@id":"https:\/\/allasorias.hu\/hirek\/author\/admin-allasorias\/#author"},"publisher":{"@id":"https:\/\/allasorias.hu\/hirek\/#organization"},"image":{"@type":"ImageObject","url":"https:\/\/allasorias.hu\/hirek\/wp-content\/uploads\/2024\/07\/egyetemi_felveteli_ponthatar.jpg","width":1500,"height":1000,"caption":"Egyetemista felv\u00e9telt nyert"},"datePublished":"2024-07-26T11:58:05+02:00","dateModified":"2024-07-26T11:58:05+02:00","inLanguage":"hu-HU","mainEntityOfPage":{"@id":"https:\/\/allasorias.hu\/hirek\/a-munkaeropiacra-keszitenek-fel\/#webpage"},"isPartOf":{"@id":"https:\/\/allasorias.hu\/hirek\/a-munkaeropiacra-keszitenek-fel\/#webpage"},"articleSection":"Munkaer\u0151piac"},{"@type":"BreadcrumbList","@id":"https:\/\/allasorias.hu\/hirek\/a-munkaeropiacra-keszitenek-fel\/#breadcrumblist","itemListElement":[{"@type":"ListItem","@id":"https:\/\/allasorias.hu\/hirek#listItem","position":1,"name":"Home","item":"https:\/\/allasorias.hu\/hirek","nextItem":{"@type":"ListItem","@id":"https:\/\/allasorias.hu\/hirek\/temak\/munkaeropiac\/#listItem","name":"Munkaer\u0151piac"}},{"@type":"ListItem","@id":"https:\/\/allasorias.hu\/hirek\/temak\/munkaeropiac\/#listItem","position":2,"name":"Munkaer\u0151piac","item":"https:\/\/allasorias.hu\/hirek\/temak\/munkaeropiac\/","nextItem":{"@type":"ListItem","@id":"https:\/\/allasorias.hu\/hirek\/a-munkaeropiacra-keszitenek-fel\/#listItem","name":"A munkaer\u0151piacra k\u00e9sz\u00edtenek fel"},"previousItem":{"@type":"ListItem","@id":"https:\/\/allasorias.hu\/hirek#listItem","name":"Home"}},{"@type":"ListItem","@id":"https:\/\/allasorias.hu\/hirek\/a-munkaeropiacra-keszitenek-fel\/#listItem","position":3,"name":"A munkaer\u0151piacra k\u00e9sz\u00edtenek fel","previousItem":{"@type":"ListItem","@id":"https:\/\/allasorias.hu\/hirek\/temak\/munkaeropiac\/#listItem","name":"Munkaer\u0151piac"}}]},{"@type":"Organization","@id":"https:\/\/allasorias.hu\/hirek\/#organization","name":"AllasOrias.hu | H\u00edrek-lapszemle","description":"\u00dczleti h\u00edrek az \u00e1ll\u00e1s \u00e9s a munka vil\u00e1g\u00e1b\u00f3l","url":"https:\/\/allasorias.hu\/hirek\/","logo":{"@type":"ImageObject","url":"https:\/\/allasorias.hu\/hirek\/wp-content\/uploads\/2022\/10\/allasorias_site_facebok_logo.png","@id":"https:\/\/allasorias.hu\/hirek\/a-munkaeropiacra-keszitenek-fel\/#organizationLogo"},"image":{"@id":"https:\/\/allasorias.hu\/hirek\/a-munkaeropiacra-keszitenek-fel\/#organizationLogo"},"sameAs":["https:\/\/www.facebook.com\/allasorias","https:\/\/www.linkedin.com\/company\/allasorias"]},{"@type":"Person","@id":"https:\/\/allasorias.hu\/hirek\/author\/admin-allasorias\/#author","url":"https:\/\/allasorias.hu\/hirek\/author\/admin-allasorias\/","name":"Juh\u00e1sz P\u00e9ter","image":{"@type":"ImageObject","@id":"https:\/\/allasorias.hu\/hirek\/a-munkaeropiacra-keszitenek-fel\/#authorImage","url":"https:\/\/secure.gravatar.com\/avatar\/36e6bcb83148978b992977cb0f54d22feb0cce8a0a849a9410532bb2623ba4c6?s=96&d=mm&r=g","width":96,"height":96,"caption":"Juh\u00e1sz P\u00e9ter"}},{"@type":"WebPage","@id":"https:\/\/allasorias.hu\/hirek\/a-munkaeropiacra-keszitenek-fel\/#webpage","url":"https:\/\/allasorias.hu\/hirek\/a-munkaeropiacra-keszitenek-fel\/","name":"A munkaer\u0151piacra k\u00e9sz\u00edtenek fel | AllasOrias.hu | H\u00edrek-lapszemle","description":"Az egyetemek sz\u00e1m\u00e1ra fontos k\u00e9rd\u00e9s, hogy mennyire tudj\u00e1k f\u00f6lk\u00e9sz\u00edteni hallgat\u00f3ikat a munkaer\u0151piacra. Tudnak-e olyan tud\u00e1st ny\u00fajtani sz\u00e1mukra, amivel a kih\u00edv\u00e1soknak meg tudnak felelni a v\u00e1ltoz\u00f3 ig\u00e9nyeknek megfelel\u0151en. A Corvinuson kiemelten kezelik ezt a ter\u00fcletet. A felv\u00e9teli ponthat\u00e1rokb\u00f3l l\u00e1tszik, a Corvinus Egyetem meg tudta szerezni vezet\u0151 hely\u00e9t a gazdas\u00e1gi \u00e9s t\u00e1rsadalomtudom\u00e1nyi ter\u00fcleteken: az egyik legmagasabb pontsz\u00e1mmal","inLanguage":"hu-HU","isPartOf":{"@id":"https:\/\/allasorias.hu\/hirek\/#website"},"breadcrumb":{"@id":"https:\/\/allasorias.hu\/hirek\/a-munkaeropiacra-keszitenek-fel\/#breadcrumblist"},"author":{"@id":"https:\/\/allasorias.hu\/hirek\/author\/admin-allasorias\/#author"},"creator":{"@id":"https:\/\/allasorias.hu\/hirek\/author\/admin-allasorias\/#author"},"image":{"@type":"ImageObject","url":"https:\/\/allasorias.hu\/hirek\/wp-content\/uploads\/2024\/07\/egyetemi_felveteli_ponthatar.jpg","@id":"https:\/\/allasorias.hu\/hirek\/a-munkaeropiacra-keszitenek-fel\/#mainImage","width":1500,"height":1000,"caption":"Egyetemista felv\u00e9telt nyert"},"primaryImageOfPage":{"@id":"https:\/\/allasorias.hu\/hirek\/a-munkaeropiacra-keszitenek-fel\/#mainImage"},"datePublished":"2024-07-26T11:58:05+02:00","dateModified":"2024-07-26T11:58:05+02:00"},{"@type":"WebSite","@id":"https:\/\/allasorias.hu\/hirek\/#website","url":"https:\/\/allasorias.hu\/hirek\/","name":"AllasOrias.hu | H\u00edrek-lapszemle","description":"\u00dczleti h\u00edrek az \u00e1ll\u00e1s \u00e9s a munka vil\u00e1g\u00e1b\u00f3l","inLanguage":"hu-HU","publisher":{"@id":"https:\/\/allasorias.hu\/hirek\/#organization"}}]},"og:locale":"hu_HU","og:site_name":"AllasOrias.hu | H\u00edrek-lapszemle | \u00dczleti h\u00edrek az \u00e1ll\u00e1s \u00e9s a munka vil\u00e1g\u00e1b\u00f3l","og:type":"article","og:title":"A munkaer\u0151piacra k\u00e9sz\u00edtenek fel | AllasOrias.hu | H\u00edrek-lapszemle","og:description":"Az egyetemek sz\u00e1m\u00e1ra fontos k\u00e9rd\u00e9s, hogy mennyire tudj\u00e1k f\u00f6lk\u00e9sz\u00edteni hallgat\u00f3ikat a munkaer\u0151piacra. Tudnak-e olyan tud\u00e1st ny\u00fajtani sz\u00e1mukra, amivel a kih\u00edv\u00e1soknak meg tudnak felelni a v\u00e1ltoz\u00f3 ig\u00e9nyeknek megfelel\u0151en. A Corvinuson kiemelten kezelik ezt a ter\u00fcletet. A felv\u00e9teli ponthat\u00e1rokb\u00f3l l\u00e1tszik, a Corvinus Egyetem meg tudta szerezni vezet\u0151 hely\u00e9t a gazdas\u00e1gi \u00e9s t\u00e1rsadalomtudom\u00e1nyi ter\u00fcleteken: az egyik legmagasabb pontsz\u00e1mmal","og:url":"https:\/\/allasorias.hu\/hirek\/a-munkaeropiacra-keszitenek-fel\/","og:image":"https:\/\/allasorias.hu\/hirek\/wp-content\/uploads\/2024\/07\/egyetemi_felveteli_ponthatar.jpg","og:image:secure_url":"https:\/\/allasorias.hu\/hirek\/wp-content\/uploads\/2024\/07\/egyetemi_felveteli_ponthatar.jpg","og:image:width":1500,"og:image:height":1000,"article:published_time":"2024-07-26T09:58:05+00:00","article:modified_time":"2024-07-26T09:58:05+00:00","article:publisher":"https:\/\/www.facebook.com\/allasorias","twitter:card":"summary_large_image","twitter:title":"A munkaer\u0151piacra k\u00e9sz\u00edtenek fel | AllasOrias.hu | H\u00edrek-lapszemle","twitter:description":"Az egyetemek sz\u00e1m\u00e1ra fontos k\u00e9rd\u00e9s, hogy mennyire tudj\u00e1k f\u00f6lk\u00e9sz\u00edteni hallgat\u00f3ikat a munkaer\u0151piacra. Tudnak-e olyan tud\u00e1st ny\u00fajtani sz\u00e1mukra, amivel a kih\u00edv\u00e1soknak meg tudnak felelni a v\u00e1ltoz\u00f3 ig\u00e9nyeknek megfelel\u0151en. A Corvinuson kiemelten kezelik ezt a ter\u00fcletet. A felv\u00e9teli ponthat\u00e1rokb\u00f3l l\u00e1tszik, a Corvinus Egyetem meg tudta szerezni vezet\u0151 hely\u00e9t a gazdas\u00e1gi \u00e9s t\u00e1rsadalomtudom\u00e1nyi ter\u00fcleteken: az egyik legmagasabb pontsz\u00e1mmal","twitter:image":"https:\/\/allasorias.hu\/hirek\/wp-content\/uploads\/2024\/07\/egyetemi_felveteli_ponthatar.jpg","twitter:label1":"Written by","twitter:data1":"Juh\u00e1sz P\u00e9ter","twitter:label2":"Est. reading time","twitter:data2":"4 minutes"},"aioseo_meta_data":{"post_id":"7790","title":null,"description":null,"keywords":null,"keyphrases":{"focus":{"keyphrase":"","score":0,"analysis":{"keyphraseInTitle":{"score":0,"maxScore":9,"error":1}}},"additional":[]},"primary_term":null,"canonical_url":null,"og_title":null,"og_description":null,"og_object_type":"default","og_image_type":"default","og_image_url":null,"og_image_width":null,"og_image_height":null,"og_image_custom_url":null,"og_image_custom_fields":null,"og_video":"","og_custom_url":null,"og_article_section":null,"og_article_tags":null,"twitter_use_og":true,"twitter_card":"default","twitter_image_type":"default","twitter_image_url":null,"twitter_image_custom_url":null,"twitter_image_custom_fields":null,"twitter_title":null,"twitter_description":null,"schema":{"blockGraphs":[],"customGraphs":[],"default":{"data":{"Article":[],"Course":[],"Dataset":[],"FAQPage":[],"Movie":[],"Person":[],"Product":[],"ProductReview":[],"Car":[],"Recipe":[],"Service":[],"SoftwareApplication":[],"WebPage":[]},"graphName":"Article","isEnabled":true},"graphs":[]},"schema_type":"default","schema_type_options":null,"pillar_content":false,"robots_default":true,"robots_noindex":false,"robots_noarchive":false,"robots_nosnippet":false,"robots_nofollow":false,"robots_noimageindex":false,"robots_noodp":false,"robots_notranslate":false,"robots_max_snippet":"-1","robots_max_videopreview":"-1","robots_max_imagepreview":"large","priority":null,"frequency":"default","location":null,"local_seo":null,"breadcrumb_settings":null,"limit_modified_date":false,"ai":null,"created":"2024-07-26 09:46:48","updated":"2025-10-02 20:13:13","seo_analyzer_scan_date":null,"focus_keyword":null,"additional_keywords":null,"truseo_locale":null},"aioseo_breadcrumb":"<div class=\"aioseo-breadcrumbs\"><span class=\"aioseo-breadcrumb\">\n\t\t\t<a href=\"https:\/\/allasorias.hu\/hirek\" title=\"Home\">Home<\/a>\n\t\t<\/span><span class=\"aioseo-breadcrumb-separator\">&raquo;<\/span><span class=\"aioseo-breadcrumb\">\n\t\t\t<a href=\"https:\/\/allasorias.hu\/hirek\/temak\/munkaeropiac\/\" title=\"Munkaer\u0151piac\">Munkaer\u0151piac<\/a>\n\t\t<\/span><span class=\"aioseo-breadcrumb-separator\">&raquo;<\/span><span class=\"aioseo-breadcrumb\">\n\t\t\tA munkaer\u0151piacra k\u00e9sz\u00edtenek fel\n\t\t<\/span><\/div>","aioseo_breadcrumb_json":[{"label":"Home","link":"https:\/\/allasorias.hu\/hirek"},{"label":"Munkaer\u0151piac","link":"https:\/\/allasorias.hu\/hirek\/temak\/munkaeropiac\/"},{"label":"A munkaer\u0151piacra k\u00e9sz\u00edtenek fel","link":"https:\/\/allasorias.hu\/hirek\/a-munkaeropiacra-keszitenek-fel\/"}],"_links":{"self":[{"href":"https:\/\/allasorias.hu\/hirek\/wp-json\/wp\/v2\/posts\/7790","targetHints":{"allow":["GET"]}}],"collection":[{"href":"https:\/\/allasorias.hu\/hirek\/wp-json\/wp\/v2\/posts"}],"about":[{"href":"https:\/\/allasorias.hu\/hirek\/wp-json\/wp\/v2\/types\/post"}],"author":[{"embeddable":true,"href":"https:\/\/allasorias.hu\/hirek\/wp-json\/wp\/v2\/users\/1"}],"replies":[{"embeddable":true,"href":"https:\/\/allasorias.hu\/hirek\/wp-json\/wp\/v2\/comments?post=7790"}],"version-history":[{"count":1,"href":"https:\/\/allasorias.hu\/hirek\/wp-json\/wp\/v2\/posts\/7790\/revisions"}],"predecessor-version":[{"id":7792,"href":"https:\/\/allasorias.hu\/hirek\/wp-json\/wp\/v2\/posts\/7790\/revisions\/7792"}],"wp:featuredmedia":[{"embeddable":true,"href":"https:\/\/allasorias.hu\/hirek\/wp-json\/wp\/v2\/media\/7791"}],"wp:attachment":[{"href":"https:\/\/allasorias.hu\/hirek\/wp-json\/wp\/v2\/media?parent=7790"}],"wp:term":[{"taxonomy":"category","embeddable":true,"href":"https:\/\/allasorias.hu\/hirek\/wp-json\/wp\/v2\/categories?post=7790"},{"taxonomy":"post_tag","embeddable":true,"href":"https:\/\/allasorias.hu\/hirek\/wp-json\/wp\/v2\/tags?post=7790"}],"curies":[{"name":"wp","href":"https:\/\/api.w.org\/{rel}","templated":true}]}}