{"id":7779,"date":"2024-07-24T09:01:59","date_gmt":"2024-07-24T07:01:59","guid":{"rendered":"https:\/\/allasorias.hu\/hirek\/?p=7779"},"modified":"2024-07-24T09:01:59","modified_gmt":"2024-07-24T07:01:59","slug":"kell-az-angol-nyelvtudas-de-mas-is","status":"publish","type":"post","link":"https:\/\/allasorias.hu\/hirek\/kell-az-angol-nyelvtudas-de-mas-is\/","title":{"rendered":"Kell az angol nyelvtud\u00e1s, de m\u00e1s is"},"content":{"rendered":"<p><strong>A karrier\u00e9p\u00edt\u00e9shez ma m\u00e1r egyre kev\u00e9sb\u00e9 el\u00e9g egy angol nyelvvizsga. Ha valaki magas preszt\u00edzs\u0171, j\u00f3l fizet\u0151 \u00e1ll\u00e1sban szeretne elhelyezkedni, egy\u00e9b nyelvtud\u00e1ssal is rendelkeznie kell. A P\u00e9nzcentrum felm\u00e9rte, mely idegen nyelvek ismerete sz\u00e1m\u00edt val\u00f3ban el\u0151nynek a munkaer\u0151piacon 2024-ben.<\/strong><\/p>\n<p>Tov\u00e1bbra is alapvet\u0151nek tekinthet\u0151 az angol nyelvtud\u00e1s, s\u0151t, a munk\u00e1ltat\u00f3k egyre magasabb szinten v\u00e1rj\u00e1k el azt \u2013 annak ellen\u00e9re, hogy sajnos m\u00e9g mindig kevesen besz\u00e9lik igaz\u00e1n j\u00f3l a nyelvet. \u201e<em>A glob\u00e1lis munkak\u00f6rnyezet \u00e9s a nemzetk\u00f6zi partnerekkel val\u00f3 kapcsolattart\u00e1s miatt az angol nyelvtud\u00e1s m\u00e1r nem csup\u00e1n el\u0151nyt jelent, hanem alapvet\u0151 k\u00f6vetelm\u00e9nynek sz\u00e1m\u00edt sz\u00e1mos ipar\u00e1gban, k\u00fcl\u00f6n\u00f6sen a multinacion\u00e1lis v\u00e1llalatokn\u00e1l \u00e9s a nemzetk\u00f6zi szolg\u00e1ltat\u00f3 k\u00f6zpontokban<\/em>\u201d \u2013 mondta el Bodor Fruzsina, a HR-szolg\u00e1ltat\u00e1sokra szakosodott Prohuman Zrt. k\u00e9pvisel\u0151je.<\/p>\n<p>Az olasz nyelv is n\u00e9pszer\u0171 a di\u00e1kok k\u00f6r\u00e9ben, azonban a hazai munkaer\u0151piacon van enn\u00e9l sokkal t\u00f6bbet \u00e9r\u0151 nyelvtud\u00e1s. Az azonban, hogy az angol mellett egy m\u00e1sik idegen nyelvet is besz\u00e9ljen az adott munkav\u00e1llal\u00f3, a magyar munkaer\u0151piaci k\u00f6rnyezetben meglehet\u0151sen ritka, b\u00e1r az elm\u00falt \u00e9vekben egy\u00e9rtelm\u0171en n\u00f6vekv\u0151 tendencia fedezhet\u0151 fel, k\u00fcl\u00f6n\u00f6sen a p\u00e1lyakezd\u0151k k\u00f6r\u00e9ben. G\u00e1sp\u00e1r Gabriella munka\u00fcgyi coach szerint, ha egy munkav\u00e1llal\u00f3 t\u00e9nylegesen j\u00f3l besz\u00e9l kett\u0151 vagy t\u00f6bb idegen nyelvet, az ak\u00e1r 30-40%-os b\u00e9rt\u00f6bbletet is jelenthet sz\u00e1m\u00e1ra.<\/p>\n<h2>Angol, n\u00e9met, francia, olasz, spanyol nyelvek<\/h2>\n<p>A szak\u00e9rt\u0151k egyet\u00e9rtenek abban, hogy az angol ut\u00e1n a n\u00e9met nyelv a legelterjedtebb a magyar munkav\u00e1llal\u00f3k k\u00f6r\u00e9ben. Ezt k\u00f6veti a francia, a dobog\u00f3ra pedig \u00e9rdekes m\u00f3don az olasz f\u00e9rt fel, amely valamivel n\u00e9pszer\u0171bb, mint a spanyol. Ez nagyr\u00e9szt megegyezik a munkaad\u00f3k elv\u00e1r\u00e1saival: az angol mellett a francia \u00e9s a n\u00e9met nyelv a legkeresettebb a munkaer\u0151piacon \u2013 f\u0151leg a v\u00e1llalati szektorban \u2013, \u00e1m a skandin\u00e1v \u00e9s \u00e1zsiai nyelvek is felt\u00f6rekv\u0151ben vannak.<\/p>\n<p>A k\u00ednai \u00e9s koreai nyelvtud\u00e1s egyre n\u00e9pszer\u0171bb a fels\u0151oktat\u00e1sban r\u00e9sztvev\u0151k k\u00f6r\u00e9ben, \u00e9s a kereslet is folyamatosan n\u00f6vekszik ir\u00e1nta. \u00c1ltal\u00e1nosan elmondhat\u00f3, hogy a hazai munkaer\u0151piacon azok a nyelvek, amelyek besz\u00e9l\u0151i f\u00f6ldrajzilag jobban koncentr\u00e1l\u00f3dnak (gyakran egy orsz\u00e1gra korl\u00e1toz\u00f3dva), mint p\u00e9ld\u00e1ul a holland, a portug\u00e1l, a lengyel, a cseh vagy a g\u00f6r\u00f6g, \u00e1ltal\u00e1ban magasabb kereseti lehet\u0151s\u00e9geket k\u00edn\u00e1lnak, mivel sz\u0171kebb a nyelvet anyanyelvi szinten besz\u00e9l\u0151k k\u00f6re.<\/p>\n<h2>Fontos a k\u00ednai \u00e9s koreai nyelvtud\u00e1s is<\/h2>\n<p>Az \u00e1zsiai beruh\u00e1z\u00e1sok n\u00f6veked\u00e9s\u00e9vel ugr\u00e1sszer\u0171en emelkedett a kereslet a k\u00ednai \u00e9s koreai nyelvtud\u00e1s ir\u00e1nt is. Azok a munkav\u00e1llal\u00f3k, akik ezeket a nyelveket tolm\u00e1csol\u00e1si szinten besz\u00e9lik, kiemelked\u0151 kereseti szintre sz\u00e1m\u00edthatnak. Az \u00e1zsiai beruh\u00e1z\u00f3 c\u00e9gek szinte mindegyike ig\u00e9nyli a magyar-k\u00ednai vagy magyar-koreai nyelvismerettel b\u00edr\u00f3 munkav\u00e1llal\u00f3kat. Ennek oka, hogy sem a k\u00ednai, sem a koreai vezet\u0151k nem besz\u00e9lik magabiztosan az angolt, ez igaz m\u00e9g a jap\u00e1nokra is.<\/p>\n<p>Forr\u00e1s: <a href=\"https:\/\/divany.hu\/eletem\/nyelv-munka\/\" target=\"_blank\" rel=\"nofollow noopener noreferrer\">divany.hu<\/a><\/p>\n<p>&nbsp;<\/p>\n","protected":false},"excerpt":{"rendered":"<p>A karrier\u00e9p\u00edt\u00e9shez ma m\u00e1r egyre kev\u00e9sb\u00e9 el\u00e9g egy angol nyelvvizsga. Ha valaki magas preszt\u00edzs\u0171, j\u00f3l fizet\u0151 \u00e1ll\u00e1sban szeretne elhelyezkedni, egy\u00e9b nyelvtud\u00e1ssal is rendelkeznie kell. A P\u00e9nzcentrum felm\u00e9rte, mely idegen nyelvek ismerete sz\u00e1m\u00edt val\u00f3ban el\u0151nynek a munkaer\u0151piacon 2024-ben. Tov\u00e1bbra is alapvet\u0151nek tekinthet\u0151 az angol nyelvtud\u00e1s, s\u0151t, a munk\u00e1ltat\u00f3k egyre magasabb szinten v\u00e1rj\u00e1k el azt \u2013 annak [&hellip;]<\/p>\n","protected":false},"author":1,"featured_media":7780,"comment_status":"closed","ping_status":"closed","sticky":false,"template":"","format":"standard","meta":{"_monsterinsights_skip_tracking":false,"footnotes":""},"categories":[1],"tags":[],"class_list":["post-7779","post","type-post","status-publish","format-standard","has-post-thumbnail","hentry","category-allaskereses"],"aioseo_notices":[],"aioseo_head":"\n\t\t<!-- All in One SEO 5.0.0.1 - aioseo.com -->\n\t<meta name=\"description\" content=\"Ma m\u00e1r egyre kev\u00e9sb\u00e9 el\u00e9g egy angol nyelvvizsga. Ha valaki j\u00f3l fizet\u0151 \u00e1ll\u00e1sban szeretne elhelyezkedni, egy\u00e9b nyelvtud\u00e1ssal is rendelkeznie kell.\" \/>\n\t<meta name=\"robots\" content=\"max-image-preview:large\" \/>\n\t<meta name=\"author\" content=\"Juh\u00e1sz P\u00e9ter\"\/>\n\t<link rel=\"canonical\" href=\"https:\/\/allasorias.hu\/hirek\/kell-az-angol-nyelvtudas-de-mas-is\/\" \/>\n\t<meta name=\"generator\" content=\"All in One SEO (AIOSEO) 5.0.0.1\" \/>\n\t\t<meta property=\"og:locale\" content=\"hu_HU\" \/>\n\t\t<meta property=\"og:site_name\" content=\"AllasOrias.hu | H\u00edrek-lapszemle | \u00dczleti h\u00edrek az \u00e1ll\u00e1s \u00e9s a munka vil\u00e1g\u00e1b\u00f3l\" \/>\n\t\t<meta property=\"og:type\" content=\"article\" \/>\n\t\t<meta property=\"og:title\" content=\"Kell az angol nyelvtud\u00e1s, de m\u00e1s is | Allasorias.hu\/Hirek\" \/>\n\t\t<meta property=\"og:description\" content=\"Ma m\u00e1r egyre kev\u00e9sb\u00e9 el\u00e9g egy angol nyelvvizsga. Ha valaki j\u00f3l fizet\u0151 \u00e1ll\u00e1sban szeretne elhelyezkedni, egy\u00e9b nyelvtud\u00e1ssal is rendelkeznie kell.\" \/>\n\t\t<meta property=\"og:url\" content=\"https:\/\/allasorias.hu\/hirek\/kell-az-angol-nyelvtudas-de-mas-is\/\" \/>\n\t\t<meta property=\"og:image\" content=\"https:\/\/allasorias.hu\/hirek\/wp-content\/uploads\/2024\/07\/fontos-a-nyelvtudas.jpg\" \/>\n\t\t<meta property=\"og:image:secure_url\" content=\"https:\/\/allasorias.hu\/hirek\/wp-content\/uploads\/2024\/07\/fontos-a-nyelvtudas.jpg\" \/>\n\t\t<meta property=\"og:image:width\" content=\"1280\" \/>\n\t\t<meta property=\"og:image:height\" content=\"827\" \/>\n\t\t<meta property=\"article:published_time\" content=\"2024-07-24T07:01:59+00:00\" \/>\n\t\t<meta property=\"article:modified_time\" content=\"2024-07-24T07:01:59+00:00\" \/>\n\t\t<meta property=\"article:publisher\" content=\"https:\/\/www.facebook.com\/allasorias\" \/>\n\t\t<meta name=\"twitter:card\" content=\"summary_large_image\" \/>\n\t\t<meta name=\"twitter:title\" content=\"Kell az angol nyelvtud\u00e1s, de m\u00e1s is | Allasorias.hu\/Hirek\" \/>\n\t\t<meta name=\"twitter:description\" content=\"Ma m\u00e1r egyre kev\u00e9sb\u00e9 el\u00e9g egy angol nyelvvizsga. Ha valaki j\u00f3l fizet\u0151 \u00e1ll\u00e1sban szeretne elhelyezkedni, egy\u00e9b nyelvtud\u00e1ssal is rendelkeznie kell.\" \/>\n\t\t<meta name=\"twitter:image\" content=\"https:\/\/allasorias.hu\/hirek\/wp-content\/uploads\/2024\/07\/fontos-a-nyelvtudas.jpg\" \/>\n\t\t<meta name=\"twitter:label1\" content=\"Written by\" \/>\n\t\t<meta name=\"twitter:data1\" content=\"Juh\u00e1sz P\u00e9ter\" \/>\n\t\t<meta name=\"twitter:label2\" content=\"Est. reading time\" \/>\n\t\t<meta name=\"twitter:data2\" content=\"3 minutes\" \/>\n\t\t<script type=\"application\/ld+json\" class=\"aioseo-schema\">\n\t\t\t{\"@context\":\"https:\\\/\\\/schema.org\",\"@graph\":[{\"@type\":\"Article\",\"@id\":\"https:\\\/\\\/allasorias.hu\\\/hirek\\\/kell-az-angol-nyelvtudas-de-mas-is\\\/#article\",\"name\":\"Kell az angol nyelvtud\\u00e1s, de m\\u00e1s is | Allasorias.hu\\\/Hirek\",\"headline\":\"Kell az angol nyelvtud\\u00e1s, de m\\u00e1s is\",\"author\":{\"@id\":\"https:\\\/\\\/allasorias.hu\\\/hirek\\\/author\\\/admin-allasorias\\\/#author\"},\"publisher\":{\"@id\":\"https:\\\/\\\/allasorias.hu\\\/hirek\\\/#organization\"},\"image\":{\"@type\":\"ImageObject\",\"url\":\"https:\\\/\\\/allasorias.hu\\\/hirek\\\/wp-content\\\/uploads\\\/2024\\\/07\\\/fontos-a-nyelvtudas.jpg\",\"width\":1280,\"height\":827,\"caption\":\"Kell az angol nyelvtud\\u00e1s, de m\\u00e1s is  - Allasorias.hu\\\/Hirek\"},\"datePublished\":\"2024-07-24T09:01:59+02:00\",\"dateModified\":\"2024-07-24T09:01:59+02:00\",\"inLanguage\":\"hu-HU\",\"mainEntityOfPage\":{\"@id\":\"https:\\\/\\\/allasorias.hu\\\/hirek\\\/kell-az-angol-nyelvtudas-de-mas-is\\\/#webpage\"},\"isPartOf\":{\"@id\":\"https:\\\/\\\/allasorias.hu\\\/hirek\\\/kell-az-angol-nyelvtudas-de-mas-is\\\/#webpage\"},\"articleSection\":\"\\u00c1ll\\u00e1skeres\\u00e9s\"},{\"@type\":\"BreadcrumbList\",\"@id\":\"https:\\\/\\\/allasorias.hu\\\/hirek\\\/kell-az-angol-nyelvtudas-de-mas-is\\\/#breadcrumblist\",\"itemListElement\":[{\"@type\":\"ListItem\",\"@id\":\"https:\\\/\\\/allasorias.hu\\\/hirek#listItem\",\"position\":1,\"name\":\"Home\",\"item\":\"https:\\\/\\\/allasorias.hu\\\/hirek\",\"nextItem\":{\"@type\":\"ListItem\",\"@id\":\"https:\\\/\\\/allasorias.hu\\\/hirek\\\/temak\\\/allaskereses\\\/#listItem\",\"name\":\"\\u00c1ll\\u00e1skeres\\u00e9s\"}},{\"@type\":\"ListItem\",\"@id\":\"https:\\\/\\\/allasorias.hu\\\/hirek\\\/temak\\\/allaskereses\\\/#listItem\",\"position\":2,\"name\":\"\\u00c1ll\\u00e1skeres\\u00e9s\",\"item\":\"https:\\\/\\\/allasorias.hu\\\/hirek\\\/temak\\\/allaskereses\\\/\",\"nextItem\":{\"@type\":\"ListItem\",\"@id\":\"https:\\\/\\\/allasorias.hu\\\/hirek\\\/kell-az-angol-nyelvtudas-de-mas-is\\\/#listItem\",\"name\":\"Kell az angol nyelvtud\\u00e1s, de m\\u00e1s is\"},\"previousItem\":{\"@type\":\"ListItem\",\"@id\":\"https:\\\/\\\/allasorias.hu\\\/hirek#listItem\",\"name\":\"Home\"}},{\"@type\":\"ListItem\",\"@id\":\"https:\\\/\\\/allasorias.hu\\\/hirek\\\/kell-az-angol-nyelvtudas-de-mas-is\\\/#listItem\",\"position\":3,\"name\":\"Kell az angol nyelvtud\\u00e1s, de m\\u00e1s is\",\"previousItem\":{\"@type\":\"ListItem\",\"@id\":\"https:\\\/\\\/allasorias.hu\\\/hirek\\\/temak\\\/allaskereses\\\/#listItem\",\"name\":\"\\u00c1ll\\u00e1skeres\\u00e9s\"}}]},{\"@type\":\"Organization\",\"@id\":\"https:\\\/\\\/allasorias.hu\\\/hirek\\\/#organization\",\"name\":\"AllasOrias.hu | H\\u00edrek-lapszemle\",\"description\":\"\\u00dczleti h\\u00edrek az \\u00e1ll\\u00e1s \\u00e9s a munka vil\\u00e1g\\u00e1b\\u00f3l\",\"url\":\"https:\\\/\\\/allasorias.hu\\\/hirek\\\/\",\"logo\":{\"@type\":\"ImageObject\",\"url\":\"https:\\\/\\\/allasorias.hu\\\/hirek\\\/wp-content\\\/uploads\\\/2022\\\/10\\\/allasorias_site_facebok_logo.png\",\"@id\":\"https:\\\/\\\/allasorias.hu\\\/hirek\\\/kell-az-angol-nyelvtudas-de-mas-is\\\/#organizationLogo\"},\"image\":{\"@id\":\"https:\\\/\\\/allasorias.hu\\\/hirek\\\/kell-az-angol-nyelvtudas-de-mas-is\\\/#organizationLogo\"},\"sameAs\":[\"https:\\\/\\\/www.facebook.com\\\/allasorias\",\"https:\\\/\\\/www.linkedin.com\\\/company\\\/allasorias\"]},{\"@type\":\"Person\",\"@id\":\"https:\\\/\\\/allasorias.hu\\\/hirek\\\/author\\\/admin-allasorias\\\/#author\",\"url\":\"https:\\\/\\\/allasorias.hu\\\/hirek\\\/author\\\/admin-allasorias\\\/\",\"name\":\"Juh\\u00e1sz P\\u00e9ter\",\"image\":{\"@type\":\"ImageObject\",\"@id\":\"https:\\\/\\\/allasorias.hu\\\/hirek\\\/kell-az-angol-nyelvtudas-de-mas-is\\\/#authorImage\",\"url\":\"https:\\\/\\\/secure.gravatar.com\\\/avatar\\\/36e6bcb83148978b992977cb0f54d22feb0cce8a0a849a9410532bb2623ba4c6?s=96&d=mm&r=g\",\"width\":96,\"height\":96,\"caption\":\"Juh\\u00e1sz P\\u00e9ter\"}},{\"@type\":\"WebPage\",\"@id\":\"https:\\\/\\\/allasorias.hu\\\/hirek\\\/kell-az-angol-nyelvtudas-de-mas-is\\\/#webpage\",\"url\":\"https:\\\/\\\/allasorias.hu\\\/hirek\\\/kell-az-angol-nyelvtudas-de-mas-is\\\/\",\"name\":\"Kell az angol nyelvtud\\u00e1s, de m\\u00e1s is | Allasorias.hu\\\/Hirek\",\"description\":\"Ma m\\u00e1r egyre kev\\u00e9sb\\u00e9 el\\u00e9g egy angol nyelvvizsga. Ha valaki j\\u00f3l fizet\\u0151 \\u00e1ll\\u00e1sban szeretne elhelyezkedni, egy\\u00e9b nyelvtud\\u00e1ssal is rendelkeznie kell.\",\"inLanguage\":\"hu-HU\",\"isPartOf\":{\"@id\":\"https:\\\/\\\/allasorias.hu\\\/hirek\\\/#website\"},\"breadcrumb\":{\"@id\":\"https:\\\/\\\/allasorias.hu\\\/hirek\\\/kell-az-angol-nyelvtudas-de-mas-is\\\/#breadcrumblist\"},\"author\":{\"@id\":\"https:\\\/\\\/allasorias.hu\\\/hirek\\\/author\\\/admin-allasorias\\\/#author\"},\"creator\":{\"@id\":\"https:\\\/\\\/allasorias.hu\\\/hirek\\\/author\\\/admin-allasorias\\\/#author\"},\"image\":{\"@type\":\"ImageObject\",\"url\":\"https:\\\/\\\/allasorias.hu\\\/hirek\\\/wp-content\\\/uploads\\\/2024\\\/07\\\/fontos-a-nyelvtudas.jpg\",\"@id\":\"https:\\\/\\\/allasorias.hu\\\/hirek\\\/kell-az-angol-nyelvtudas-de-mas-is\\\/#mainImage\",\"width\":1280,\"height\":827,\"caption\":\"Kell az angol nyelvtud\\u00e1s, de m\\u00e1s is  - Allasorias.hu\\\/Hirek\"},\"primaryImageOfPage\":{\"@id\":\"https:\\\/\\\/allasorias.hu\\\/hirek\\\/kell-az-angol-nyelvtudas-de-mas-is\\\/#mainImage\"},\"datePublished\":\"2024-07-24T09:01:59+02:00\",\"dateModified\":\"2024-07-24T09:01:59+02:00\"},{\"@type\":\"WebSite\",\"@id\":\"https:\\\/\\\/allasorias.hu\\\/hirek\\\/#website\",\"url\":\"https:\\\/\\\/allasorias.hu\\\/hirek\\\/\",\"name\":\"AllasOrias.hu | H\\u00edrek-lapszemle\",\"description\":\"\\u00dczleti h\\u00edrek az \\u00e1ll\\u00e1s \\u00e9s a munka vil\\u00e1g\\u00e1b\\u00f3l\",\"inLanguage\":\"hu-HU\",\"publisher\":{\"@id\":\"https:\\\/\\\/allasorias.hu\\\/hirek\\\/#organization\"}}]}\n\t\t<\/script>\n\t\t<!-- All in One SEO -->\n\n","aioseo_head_json":{"title":"Kell az angol nyelvtud\u00e1s, de m\u00e1s is | Allasorias.hu\/Hirek","description":"Ma m\u00e1r egyre kev\u00e9sb\u00e9 el\u00e9g egy angol nyelvvizsga. Ha valaki j\u00f3l fizet\u0151 \u00e1ll\u00e1sban szeretne elhelyezkedni, egy\u00e9b nyelvtud\u00e1ssal is rendelkeznie kell.","canonical_url":"https:\/\/allasorias.hu\/hirek\/kell-az-angol-nyelvtudas-de-mas-is\/","robots":"max-image-preview:large","keywords":"","webmasterTools":{"miscellaneous":""},"schema":{"@context":"https:\/\/schema.org","@graph":[{"@type":"Article","@id":"https:\/\/allasorias.hu\/hirek\/kell-az-angol-nyelvtudas-de-mas-is\/#article","name":"Kell az angol nyelvtud\u00e1s, de m\u00e1s is | Allasorias.hu\/Hirek","headline":"Kell az angol nyelvtud\u00e1s, de m\u00e1s is","author":{"@id":"https:\/\/allasorias.hu\/hirek\/author\/admin-allasorias\/#author"},"publisher":{"@id":"https:\/\/allasorias.hu\/hirek\/#organization"},"image":{"@type":"ImageObject","url":"https:\/\/allasorias.hu\/hirek\/wp-content\/uploads\/2024\/07\/fontos-a-nyelvtudas.jpg","width":1280,"height":827,"caption":"Kell az angol nyelvtud\u00e1s, de m\u00e1s is  - Allasorias.hu\/Hirek"},"datePublished":"2024-07-24T09:01:59+02:00","dateModified":"2024-07-24T09:01:59+02:00","inLanguage":"hu-HU","mainEntityOfPage":{"@id":"https:\/\/allasorias.hu\/hirek\/kell-az-angol-nyelvtudas-de-mas-is\/#webpage"},"isPartOf":{"@id":"https:\/\/allasorias.hu\/hirek\/kell-az-angol-nyelvtudas-de-mas-is\/#webpage"},"articleSection":"\u00c1ll\u00e1skeres\u00e9s"},{"@type":"BreadcrumbList","@id":"https:\/\/allasorias.hu\/hirek\/kell-az-angol-nyelvtudas-de-mas-is\/#breadcrumblist","itemListElement":[{"@type":"ListItem","@id":"https:\/\/allasorias.hu\/hirek#listItem","position":1,"name":"Home","item":"https:\/\/allasorias.hu\/hirek","nextItem":{"@type":"ListItem","@id":"https:\/\/allasorias.hu\/hirek\/temak\/allaskereses\/#listItem","name":"\u00c1ll\u00e1skeres\u00e9s"}},{"@type":"ListItem","@id":"https:\/\/allasorias.hu\/hirek\/temak\/allaskereses\/#listItem","position":2,"name":"\u00c1ll\u00e1skeres\u00e9s","item":"https:\/\/allasorias.hu\/hirek\/temak\/allaskereses\/","nextItem":{"@type":"ListItem","@id":"https:\/\/allasorias.hu\/hirek\/kell-az-angol-nyelvtudas-de-mas-is\/#listItem","name":"Kell az angol nyelvtud\u00e1s, de m\u00e1s is"},"previousItem":{"@type":"ListItem","@id":"https:\/\/allasorias.hu\/hirek#listItem","name":"Home"}},{"@type":"ListItem","@id":"https:\/\/allasorias.hu\/hirek\/kell-az-angol-nyelvtudas-de-mas-is\/#listItem","position":3,"name":"Kell az angol nyelvtud\u00e1s, de m\u00e1s is","previousItem":{"@type":"ListItem","@id":"https:\/\/allasorias.hu\/hirek\/temak\/allaskereses\/#listItem","name":"\u00c1ll\u00e1skeres\u00e9s"}}]},{"@type":"Organization","@id":"https:\/\/allasorias.hu\/hirek\/#organization","name":"AllasOrias.hu | H\u00edrek-lapszemle","description":"\u00dczleti h\u00edrek az \u00e1ll\u00e1s \u00e9s a munka vil\u00e1g\u00e1b\u00f3l","url":"https:\/\/allasorias.hu\/hirek\/","logo":{"@type":"ImageObject","url":"https:\/\/allasorias.hu\/hirek\/wp-content\/uploads\/2022\/10\/allasorias_site_facebok_logo.png","@id":"https:\/\/allasorias.hu\/hirek\/kell-az-angol-nyelvtudas-de-mas-is\/#organizationLogo"},"image":{"@id":"https:\/\/allasorias.hu\/hirek\/kell-az-angol-nyelvtudas-de-mas-is\/#organizationLogo"},"sameAs":["https:\/\/www.facebook.com\/allasorias","https:\/\/www.linkedin.com\/company\/allasorias"]},{"@type":"Person","@id":"https:\/\/allasorias.hu\/hirek\/author\/admin-allasorias\/#author","url":"https:\/\/allasorias.hu\/hirek\/author\/admin-allasorias\/","name":"Juh\u00e1sz P\u00e9ter","image":{"@type":"ImageObject","@id":"https:\/\/allasorias.hu\/hirek\/kell-az-angol-nyelvtudas-de-mas-is\/#authorImage","url":"https:\/\/secure.gravatar.com\/avatar\/36e6bcb83148978b992977cb0f54d22feb0cce8a0a849a9410532bb2623ba4c6?s=96&d=mm&r=g","width":96,"height":96,"caption":"Juh\u00e1sz P\u00e9ter"}},{"@type":"WebPage","@id":"https:\/\/allasorias.hu\/hirek\/kell-az-angol-nyelvtudas-de-mas-is\/#webpage","url":"https:\/\/allasorias.hu\/hirek\/kell-az-angol-nyelvtudas-de-mas-is\/","name":"Kell az angol nyelvtud\u00e1s, de m\u00e1s is | Allasorias.hu\/Hirek","description":"Ma m\u00e1r egyre kev\u00e9sb\u00e9 el\u00e9g egy angol nyelvvizsga. Ha valaki j\u00f3l fizet\u0151 \u00e1ll\u00e1sban szeretne elhelyezkedni, egy\u00e9b nyelvtud\u00e1ssal is rendelkeznie kell.","inLanguage":"hu-HU","isPartOf":{"@id":"https:\/\/allasorias.hu\/hirek\/#website"},"breadcrumb":{"@id":"https:\/\/allasorias.hu\/hirek\/kell-az-angol-nyelvtudas-de-mas-is\/#breadcrumblist"},"author":{"@id":"https:\/\/allasorias.hu\/hirek\/author\/admin-allasorias\/#author"},"creator":{"@id":"https:\/\/allasorias.hu\/hirek\/author\/admin-allasorias\/#author"},"image":{"@type":"ImageObject","url":"https:\/\/allasorias.hu\/hirek\/wp-content\/uploads\/2024\/07\/fontos-a-nyelvtudas.jpg","@id":"https:\/\/allasorias.hu\/hirek\/kell-az-angol-nyelvtudas-de-mas-is\/#mainImage","width":1280,"height":827,"caption":"Kell az angol nyelvtud\u00e1s, de m\u00e1s is  - Allasorias.hu\/Hirek"},"primaryImageOfPage":{"@id":"https:\/\/allasorias.hu\/hirek\/kell-az-angol-nyelvtudas-de-mas-is\/#mainImage"},"datePublished":"2024-07-24T09:01:59+02:00","dateModified":"2024-07-24T09:01:59+02:00"},{"@type":"WebSite","@id":"https:\/\/allasorias.hu\/hirek\/#website","url":"https:\/\/allasorias.hu\/hirek\/","name":"AllasOrias.hu | H\u00edrek-lapszemle","description":"\u00dczleti h\u00edrek az \u00e1ll\u00e1s \u00e9s a munka vil\u00e1g\u00e1b\u00f3l","inLanguage":"hu-HU","publisher":{"@id":"https:\/\/allasorias.hu\/hirek\/#organization"}}]},"og:locale":"hu_HU","og:site_name":"AllasOrias.hu | H\u00edrek-lapszemle | \u00dczleti h\u00edrek az \u00e1ll\u00e1s \u00e9s a munka vil\u00e1g\u00e1b\u00f3l","og:type":"article","og:title":"Kell az angol nyelvtud\u00e1s, de m\u00e1s is | Allasorias.hu\/Hirek","og:description":"Ma m\u00e1r egyre kev\u00e9sb\u00e9 el\u00e9g egy angol nyelvvizsga. Ha valaki j\u00f3l fizet\u0151 \u00e1ll\u00e1sban szeretne elhelyezkedni, egy\u00e9b nyelvtud\u00e1ssal is rendelkeznie kell.","og:url":"https:\/\/allasorias.hu\/hirek\/kell-az-angol-nyelvtudas-de-mas-is\/","og:image":"https:\/\/allasorias.hu\/hirek\/wp-content\/uploads\/2024\/07\/fontos-a-nyelvtudas.jpg","og:image:secure_url":"https:\/\/allasorias.hu\/hirek\/wp-content\/uploads\/2024\/07\/fontos-a-nyelvtudas.jpg","og:image:width":1280,"og:image:height":827,"article:published_time":"2024-07-24T07:01:59+00:00","article:modified_time":"2024-07-24T07:01:59+00:00","article:publisher":"https:\/\/www.facebook.com\/allasorias","twitter:card":"summary_large_image","twitter:title":"Kell az angol nyelvtud\u00e1s, de m\u00e1s is | Allasorias.hu\/Hirek","twitter:description":"Ma m\u00e1r egyre kev\u00e9sb\u00e9 el\u00e9g egy angol nyelvvizsga. Ha valaki j\u00f3l fizet\u0151 \u00e1ll\u00e1sban szeretne elhelyezkedni, egy\u00e9b nyelvtud\u00e1ssal is rendelkeznie kell.","twitter:image":"https:\/\/allasorias.hu\/hirek\/wp-content\/uploads\/2024\/07\/fontos-a-nyelvtudas.jpg","twitter:label1":"Written by","twitter:data1":"Juh\u00e1sz P\u00e9ter","twitter:label2":"Est. reading time","twitter:data2":"3 minutes"},"aioseo_meta_data":{"post_id":"7779","title":"#post_title | Allasorias.hu\/Hirek","description":"Ma m\u00e1r egyre kev\u00e9sb\u00e9 el\u00e9g egy angol nyelvvizsga. Ha valaki j\u00f3l fizet\u0151 \u00e1ll\u00e1sban szeretne elhelyezkedni, egy\u00e9b nyelvtud\u00e1ssal is rendelkeznie kell.","keywords":null,"keyphrases":{"focus":{"keyphrase":"","score":0,"analysis":{"keyphraseInTitle":{"score":0,"maxScore":9,"error":1}}},"additional":[]},"primary_term":null,"canonical_url":null,"og_title":null,"og_description":null,"og_object_type":"default","og_image_type":"default","og_image_url":null,"og_image_width":null,"og_image_height":null,"og_image_custom_url":null,"og_image_custom_fields":null,"og_video":"","og_custom_url":null,"og_article_section":null,"og_article_tags":null,"twitter_use_og":true,"twitter_card":"default","twitter_image_type":"default","twitter_image_url":null,"twitter_image_custom_url":null,"twitter_image_custom_fields":null,"twitter_title":null,"twitter_description":null,"schema":{"blockGraphs":[],"customGraphs":[],"default":{"data":{"Article":[],"Course":[],"Dataset":[],"FAQPage":[],"Movie":[],"Person":[],"Product":[],"ProductReview":[],"Car":[],"Recipe":[],"Service":[],"SoftwareApplication":[],"WebPage":[]},"graphName":"Article","isEnabled":true},"graphs":[]},"schema_type":"default","schema_type_options":null,"pillar_content":false,"robots_default":true,"robots_noindex":false,"robots_noarchive":false,"robots_nosnippet":false,"robots_nofollow":false,"robots_noimageindex":false,"robots_noodp":false,"robots_notranslate":false,"robots_max_snippet":"-1","robots_max_videopreview":"-1","robots_max_imagepreview":"large","priority":null,"frequency":"default","location":null,"local_seo":null,"breadcrumb_settings":null,"limit_modified_date":false,"ai":null,"created":"2024-07-24 06:31:01","updated":"2025-10-02 20:10:25","seo_analyzer_scan_date":null,"focus_keyword":null,"additional_keywords":null,"truseo_locale":null},"aioseo_breadcrumb":"<div class=\"aioseo-breadcrumbs\"><span class=\"aioseo-breadcrumb\">\n\t\t\t<a href=\"https:\/\/allasorias.hu\/hirek\" title=\"Home\">Home<\/a>\n\t\t<\/span><span class=\"aioseo-breadcrumb-separator\">&raquo;<\/span><span class=\"aioseo-breadcrumb\">\n\t\t\t<a href=\"https:\/\/allasorias.hu\/hirek\/temak\/allaskereses\/\" title=\"\u00c1ll\u00e1skeres\u00e9s\">\u00c1ll\u00e1skeres\u00e9s<\/a>\n\t\t<\/span><span class=\"aioseo-breadcrumb-separator\">&raquo;<\/span><span class=\"aioseo-breadcrumb\">\n\t\t\tKell az angol nyelvtud\u00e1s, de m\u00e1s is\n\t\t<\/span><\/div>","aioseo_breadcrumb_json":[{"label":"Home","link":"https:\/\/allasorias.hu\/hirek"},{"label":"\u00c1ll\u00e1skeres\u00e9s","link":"https:\/\/allasorias.hu\/hirek\/temak\/allaskereses\/"},{"label":"Kell az angol nyelvtud\u00e1s, de m\u00e1s is","link":"https:\/\/allasorias.hu\/hirek\/kell-az-angol-nyelvtudas-de-mas-is\/"}],"_links":{"self":[{"href":"https:\/\/allasorias.hu\/hirek\/wp-json\/wp\/v2\/posts\/7779","targetHints":{"allow":["GET"]}}],"collection":[{"href":"https:\/\/allasorias.hu\/hirek\/wp-json\/wp\/v2\/posts"}],"about":[{"href":"https:\/\/allasorias.hu\/hirek\/wp-json\/wp\/v2\/types\/post"}],"author":[{"embeddable":true,"href":"https:\/\/allasorias.hu\/hirek\/wp-json\/wp\/v2\/users\/1"}],"replies":[{"embeddable":true,"href":"https:\/\/allasorias.hu\/hirek\/wp-json\/wp\/v2\/comments?post=7779"}],"version-history":[{"count":1,"href":"https:\/\/allasorias.hu\/hirek\/wp-json\/wp\/v2\/posts\/7779\/revisions"}],"predecessor-version":[{"id":7781,"href":"https:\/\/allasorias.hu\/hirek\/wp-json\/wp\/v2\/posts\/7779\/revisions\/7781"}],"wp:featuredmedia":[{"embeddable":true,"href":"https:\/\/allasorias.hu\/hirek\/wp-json\/wp\/v2\/media\/7780"}],"wp:attachment":[{"href":"https:\/\/allasorias.hu\/hirek\/wp-json\/wp\/v2\/media?parent=7779"}],"wp:term":[{"taxonomy":"category","embeddable":true,"href":"https:\/\/allasorias.hu\/hirek\/wp-json\/wp\/v2\/categories?post=7779"},{"taxonomy":"post_tag","embeddable":true,"href":"https:\/\/allasorias.hu\/hirek\/wp-json\/wp\/v2\/tags?post=7779"}],"curies":[{"name":"wp","href":"https:\/\/api.w.org\/{rel}","templated":true}]}}