{"id":7762,"date":"2024-07-17T09:42:56","date_gmt":"2024-07-17T07:42:56","guid":{"rendered":"https:\/\/allasorias.hu\/hirek\/?p=7762"},"modified":"2024-07-17T09:42:56","modified_gmt":"2024-07-17T07:42:56","slug":"mire-szamithatnak-a-vallalkozasok","status":"publish","type":"post","link":"https:\/\/allasorias.hu\/hirek\/mire-szamithatnak-a-vallalkozasok\/","title":{"rendered":"Mire sz\u00e1m\u00edthatnak a v\u00e1llalkoz\u00e1sok?"},"content":{"rendered":"<p><strong>A cs\u00f6kken\u0151 v\u00e1s\u00e1rl\u00f3er\u0151, a k\u00f6lts\u00e9gek n\u00f6veked\u00e9se, a megrendel\u00e9sek elmarad\u00e1sa, valamint a szakk\u00e9pzett munkaer\u0151 hi\u00e1nya jelenthetik a mindennapi \u00fczletmenettel kapcsolatos legnagyobb probl\u00e9m\u00e1kat, a KKV szektorban, ugyanakkor ezeknek a s\u00falya \u00e9rezhet\u0151en cs\u00f6kken.<\/strong><\/p>\n<p>A hazai v\u00e1llalkoz\u00e1sokn\u00e1l tov\u00e1bbra sincs munkaer\u0151piaci fesz\u00fclts\u00e9g, nem terveznek elbocs\u00e1t\u00e1sokat, mik\u00f6zben k\u00e9tsz\u00e1mjegy\u0171 b\u00e9rn\u00f6veked\u00e9s prognosztiz\u00e1lhat\u00f3, emellett a beruh\u00e1z\u00e1sok is vissza\u00e1llhatnak az egy \u00e9vvel ezel\u0151tti szintre &#8211; k\u00f6z\u00f6lte a V\u00e1llalkoz\u00f3k \u00e9s Munk\u00e1ltat\u00f3k Orsz\u00e1gos Sz\u00f6vets\u00e9ge (VOSZ) a m\u00e1sodik negyed\u00e9vi VOSZ Barom\u00e9ter \u00fczleti hangulatelemz\u00e9s alapj\u00e1n, amely 400 VOSZ-tag v\u00e1llalati vezet\u0151 megk\u00e9rdez\u00e9s\u00e9vel k\u00e9sz\u00fclt.<\/p>\n<p>A idei m\u00e1sodik negyed\u00e9vi VOSZ Barom\u00e9ter mutat\u00f3ja 54 sz\u00e1zal\u00e9kon \u00e1ll a tavalyi hasonl\u00f3 id\u0151szak 56 sz\u00e1zal\u00e9k\u00e1hoz k\u00e9pest. Az elemz\u00e9s szerint a mutat\u00f3 \u00e9rt\u00e9ke m\u00e1sodik negyed\u00e9ve emelkedik. A hazai kkv-k p\u00e9nz\u00fcgyi helyzete harmadik negyed\u00e9ve ugyan hasonl\u00f3 szinten \u00e1ll, de \u00fczleti hangulatuk \u00e9s beruh\u00e1z\u00e1si hajland\u00f3s\u00e1guk tov\u00e1bb n\u0151tt az els\u0151 negyed\u00e9vhez k\u00e9pest, \u00e9s ezeknek a mutat\u00f3knak az \u00e9rt\u00e9ke m\u00e1r el\u00e9ri az egy \u00e9vvel kor\u00e1bbit &#8211; \u00edrt\u00e1k.<\/p>\n<p>Az \u00fczleti hangulat 59 sz\u00e1zal\u00e9kos \u00e9rt\u00e9k\u00e9vel tov\u00e1bbra is az optimista tartom\u00e1nyban van, az el\u0151z\u0151 negyed\u00e9vhez k\u00e9pest enyh\u00e9n emelkedett, els\u0151sorban az orsz\u00e1g gazdas\u00e1gi helyzet\u00e9vel, valamint az \u00e1rbev\u00e9tellel kapcsolatos pozit\u00edv v\u00e1rakoz\u00e1soknak k\u00f6sz\u00f6nhet\u0151en. Kiemelik: pozit\u00edv adat, hogy a beruh\u00e1z\u00e1sok alindex \u00e9rt\u00e9ke tov\u00e1bb n\u0151tt, a 37-r\u0151l 40 sz\u00e1zal\u00e9kra. Ez azt mutatja, hogy a beruh\u00e1z\u00e1si sz\u00e1nd\u00e9k stabilan kimozdult a cs\u00f6kken\u0151 trendb\u0151l, \u00e9s el\u00e9rte a 2023. m\u00e1sodik negyed\u00e9v\u00e9nek a szintj\u00e9t.<\/p>\n<p>Forr\u00e1s: <a href=\"https:\/\/novekedes.hu\/vallalkozas\/ketszamjegyu-bernovekedes-varhato-a-hazai-kkv-knal\" target=\"_blank\" rel=\"nofollow noopener noreferrer\">novekedes.hu<\/a><\/p>\n","protected":false},"excerpt":{"rendered":"<p>A cs\u00f6kken\u0151 v\u00e1s\u00e1rl\u00f3er\u0151, a k\u00f6lts\u00e9gek n\u00f6veked\u00e9se, a megrendel\u00e9sek elmarad\u00e1sa, valamint a szakk\u00e9pzett munkaer\u0151 hi\u00e1nya jelenthetik a mindennapi \u00fczletmenettel kapcsolatos legnagyobb probl\u00e9m\u00e1kat, a KKV szektorban, ugyanakkor ezeknek a s\u00falya \u00e9rezhet\u0151en cs\u00f6kken. A hazai v\u00e1llalkoz\u00e1sokn\u00e1l tov\u00e1bbra sincs munkaer\u0151piaci fesz\u00fclts\u00e9g, nem terveznek elbocs\u00e1t\u00e1sokat, mik\u00f6zben k\u00e9tsz\u00e1mjegy\u0171 b\u00e9rn\u00f6veked\u00e9s prognosztiz\u00e1lhat\u00f3, emellett a beruh\u00e1z\u00e1sok is vissza\u00e1llhatnak az egy \u00e9vvel ezel\u0151tti szintre &#8211; [&hellip;]<\/p>\n","protected":false},"author":1,"featured_media":7763,"comment_status":"closed","ping_status":"closed","sticky":false,"template":"","format":"standard","meta":{"_monsterinsights_skip_tracking":false,"footnotes":""},"categories":[198],"tags":[640],"class_list":["post-7762","post","type-post","status-publish","format-standard","has-post-thumbnail","hentry","category-gazdasag","tag-vallalkozasok"],"aioseo_notices":[],"aioseo_head":"\n\t\t<!-- All in One SEO 5.0.0.1 - aioseo.com -->\n\t<meta name=\"description\" content=\"A cs\u00f6kken\u0151 v\u00e1s\u00e1rl\u00f3er\u0151, a k\u00f6lts\u00e9gek n\u00f6veked\u00e9se, a megrendel\u00e9sek elmarad\u00e1sa, valamint a szakk\u00e9pzett munkaer\u0151 hi\u00e1nya jelenthetik a mindennapi \u00fczletmenettel kapcsolatos legnagyobb probl\u00e9m\u00e1kat.\" \/>\n\t<meta name=\"robots\" content=\"max-image-preview:large\" \/>\n\t<meta name=\"author\" content=\"Juh\u00e1sz P\u00e9ter\"\/>\n\t<meta name=\"keywords\" content=\"v\u00e1llalkoz\u00e1sok\" \/>\n\t<link rel=\"canonical\" href=\"https:\/\/allasorias.hu\/hirek\/mire-szamithatnak-a-vallalkozasok\/\" \/>\n\t<meta name=\"generator\" content=\"All in One SEO (AIOSEO) 5.0.0.1\" \/>\n\t\t<meta property=\"og:locale\" content=\"hu_HU\" \/>\n\t\t<meta property=\"og:site_name\" content=\"AllasOrias.hu | H\u00edrek-lapszemle | \u00dczleti h\u00edrek az \u00e1ll\u00e1s \u00e9s a munka vil\u00e1g\u00e1b\u00f3l\" \/>\n\t\t<meta property=\"og:type\" content=\"article\" \/>\n\t\t<meta property=\"og:title\" content=\"Mire sz\u00e1m\u00edthatnak a v\u00e1llalkoz\u00e1sok? | Allasorias.hu\/Hirek\" \/>\n\t\t<meta property=\"og:description\" content=\"A cs\u00f6kken\u0151 v\u00e1s\u00e1rl\u00f3er\u0151, a k\u00f6lts\u00e9gek n\u00f6veked\u00e9se, a megrendel\u00e9sek elmarad\u00e1sa, valamint a szakk\u00e9pzett munkaer\u0151 hi\u00e1nya jelenthetik a mindennapi \u00fczletmenettel kapcsolatos legnagyobb probl\u00e9m\u00e1kat.\" \/>\n\t\t<meta property=\"og:url\" content=\"https:\/\/allasorias.hu\/hirek\/mire-szamithatnak-a-vallalkozasok\/\" \/>\n\t\t<meta property=\"og:image\" content=\"https:\/\/allasorias.hu\/hirek\/wp-content\/uploads\/2024\/07\/vallalkozasok-helyzete.jpg\" \/>\n\t\t<meta property=\"og:image:secure_url\" content=\"https:\/\/allasorias.hu\/hirek\/wp-content\/uploads\/2024\/07\/vallalkozasok-helyzete.jpg\" \/>\n\t\t<meta property=\"og:image:width\" content=\"1280\" \/>\n\t\t<meta property=\"og:image:height\" content=\"854\" \/>\n\t\t<meta property=\"article:published_time\" content=\"2024-07-17T07:42:56+00:00\" \/>\n\t\t<meta property=\"article:modified_time\" content=\"2024-07-17T07:42:56+00:00\" \/>\n\t\t<meta property=\"article:publisher\" content=\"https:\/\/www.facebook.com\/allasorias\" \/>\n\t\t<meta name=\"twitter:card\" content=\"summary_large_image\" \/>\n\t\t<meta name=\"twitter:title\" content=\"Mire sz\u00e1m\u00edthatnak a v\u00e1llalkoz\u00e1sok? | Allasorias.hu\/Hirek\" \/>\n\t\t<meta name=\"twitter:description\" content=\"A cs\u00f6kken\u0151 v\u00e1s\u00e1rl\u00f3er\u0151, a k\u00f6lts\u00e9gek n\u00f6veked\u00e9se, a megrendel\u00e9sek elmarad\u00e1sa, valamint a szakk\u00e9pzett munkaer\u0151 hi\u00e1nya jelenthetik a mindennapi \u00fczletmenettel kapcsolatos legnagyobb probl\u00e9m\u00e1kat.\" \/>\n\t\t<meta name=\"twitter:image\" content=\"https:\/\/allasorias.hu\/hirek\/wp-content\/uploads\/2024\/07\/vallalkozasok-helyzete.jpg\" \/>\n\t\t<meta name=\"twitter:label1\" content=\"Written by\" \/>\n\t\t<meta name=\"twitter:data1\" content=\"Juh\u00e1sz P\u00e9ter\" \/>\n\t\t<meta name=\"twitter:label2\" content=\"Est. reading time\" \/>\n\t\t<meta name=\"twitter:data2\" content=\"2 minutes\" \/>\n\t\t<script type=\"application\/ld+json\" class=\"aioseo-schema\">\n\t\t\t{\"@context\":\"https:\\\/\\\/schema.org\",\"@graph\":[{\"@type\":\"Article\",\"@id\":\"https:\\\/\\\/allasorias.hu\\\/hirek\\\/mire-szamithatnak-a-vallalkozasok\\\/#article\",\"name\":\"Mire sz\\u00e1m\\u00edthatnak a v\\u00e1llalkoz\\u00e1sok? | Allasorias.hu\\\/Hirek\",\"headline\":\"Mire sz\\u00e1m\\u00edthatnak a v\\u00e1llalkoz\\u00e1sok?\",\"author\":{\"@id\":\"https:\\\/\\\/allasorias.hu\\\/hirek\\\/author\\\/admin-allasorias\\\/#author\"},\"publisher\":{\"@id\":\"https:\\\/\\\/allasorias.hu\\\/hirek\\\/#organization\"},\"image\":{\"@type\":\"ImageObject\",\"url\":\"https:\\\/\\\/allasorias.hu\\\/hirek\\\/wp-content\\\/uploads\\\/2024\\\/07\\\/vallalkozasok-helyzete.jpg\",\"width\":1280,\"height\":854,\"caption\":\"Mire sz\\u00e1m\\u00edthatnak a v\\u00e1llalkoz\\u00e1sok? - Allasorias.hu\\\/Hirek\"},\"datePublished\":\"2024-07-17T09:42:56+02:00\",\"dateModified\":\"2024-07-17T09:42:56+02:00\",\"inLanguage\":\"hu-HU\",\"mainEntityOfPage\":{\"@id\":\"https:\\\/\\\/allasorias.hu\\\/hirek\\\/mire-szamithatnak-a-vallalkozasok\\\/#webpage\"},\"isPartOf\":{\"@id\":\"https:\\\/\\\/allasorias.hu\\\/hirek\\\/mire-szamithatnak-a-vallalkozasok\\\/#webpage\"},\"articleSection\":\"Gazdas\\u00e1g, v\\u00e1llalkoz\\u00e1sok\"},{\"@type\":\"BreadcrumbList\",\"@id\":\"https:\\\/\\\/allasorias.hu\\\/hirek\\\/mire-szamithatnak-a-vallalkozasok\\\/#breadcrumblist\",\"itemListElement\":[{\"@type\":\"ListItem\",\"@id\":\"https:\\\/\\\/allasorias.hu\\\/hirek#listItem\",\"position\":1,\"name\":\"Home\",\"item\":\"https:\\\/\\\/allasorias.hu\\\/hirek\",\"nextItem\":{\"@type\":\"ListItem\",\"@id\":\"https:\\\/\\\/allasorias.hu\\\/hirek\\\/temak\\\/gazdasag\\\/#listItem\",\"name\":\"Gazdas\\u00e1g\"}},{\"@type\":\"ListItem\",\"@id\":\"https:\\\/\\\/allasorias.hu\\\/hirek\\\/temak\\\/gazdasag\\\/#listItem\",\"position\":2,\"name\":\"Gazdas\\u00e1g\",\"item\":\"https:\\\/\\\/allasorias.hu\\\/hirek\\\/temak\\\/gazdasag\\\/\",\"nextItem\":{\"@type\":\"ListItem\",\"@id\":\"https:\\\/\\\/allasorias.hu\\\/hirek\\\/mire-szamithatnak-a-vallalkozasok\\\/#listItem\",\"name\":\"Mire sz\\u00e1m\\u00edthatnak a v\\u00e1llalkoz\\u00e1sok?\"},\"previousItem\":{\"@type\":\"ListItem\",\"@id\":\"https:\\\/\\\/allasorias.hu\\\/hirek#listItem\",\"name\":\"Home\"}},{\"@type\":\"ListItem\",\"@id\":\"https:\\\/\\\/allasorias.hu\\\/hirek\\\/mire-szamithatnak-a-vallalkozasok\\\/#listItem\",\"position\":3,\"name\":\"Mire sz\\u00e1m\\u00edthatnak a v\\u00e1llalkoz\\u00e1sok?\",\"previousItem\":{\"@type\":\"ListItem\",\"@id\":\"https:\\\/\\\/allasorias.hu\\\/hirek\\\/temak\\\/gazdasag\\\/#listItem\",\"name\":\"Gazdas\\u00e1g\"}}]},{\"@type\":\"Organization\",\"@id\":\"https:\\\/\\\/allasorias.hu\\\/hirek\\\/#organization\",\"name\":\"AllasOrias.hu | H\\u00edrek-lapszemle\",\"description\":\"\\u00dczleti h\\u00edrek az \\u00e1ll\\u00e1s \\u00e9s a munka vil\\u00e1g\\u00e1b\\u00f3l\",\"url\":\"https:\\\/\\\/allasorias.hu\\\/hirek\\\/\",\"logo\":{\"@type\":\"ImageObject\",\"url\":\"https:\\\/\\\/allasorias.hu\\\/hirek\\\/wp-content\\\/uploads\\\/2022\\\/10\\\/allasorias_site_facebok_logo.png\",\"@id\":\"https:\\\/\\\/allasorias.hu\\\/hirek\\\/mire-szamithatnak-a-vallalkozasok\\\/#organizationLogo\"},\"image\":{\"@id\":\"https:\\\/\\\/allasorias.hu\\\/hirek\\\/mire-szamithatnak-a-vallalkozasok\\\/#organizationLogo\"},\"sameAs\":[\"https:\\\/\\\/www.facebook.com\\\/allasorias\",\"https:\\\/\\\/www.linkedin.com\\\/company\\\/allasorias\"]},{\"@type\":\"Person\",\"@id\":\"https:\\\/\\\/allasorias.hu\\\/hirek\\\/author\\\/admin-allasorias\\\/#author\",\"url\":\"https:\\\/\\\/allasorias.hu\\\/hirek\\\/author\\\/admin-allasorias\\\/\",\"name\":\"Juh\\u00e1sz P\\u00e9ter\",\"image\":{\"@type\":\"ImageObject\",\"@id\":\"https:\\\/\\\/allasorias.hu\\\/hirek\\\/mire-szamithatnak-a-vallalkozasok\\\/#authorImage\",\"url\":\"https:\\\/\\\/secure.gravatar.com\\\/avatar\\\/36e6bcb83148978b992977cb0f54d22feb0cce8a0a849a9410532bb2623ba4c6?s=96&d=mm&r=g\",\"width\":96,\"height\":96,\"caption\":\"Juh\\u00e1sz P\\u00e9ter\"}},{\"@type\":\"WebPage\",\"@id\":\"https:\\\/\\\/allasorias.hu\\\/hirek\\\/mire-szamithatnak-a-vallalkozasok\\\/#webpage\",\"url\":\"https:\\\/\\\/allasorias.hu\\\/hirek\\\/mire-szamithatnak-a-vallalkozasok\\\/\",\"name\":\"Mire sz\\u00e1m\\u00edthatnak a v\\u00e1llalkoz\\u00e1sok? | Allasorias.hu\\\/Hirek\",\"description\":\"A cs\\u00f6kken\\u0151 v\\u00e1s\\u00e1rl\\u00f3er\\u0151, a k\\u00f6lts\\u00e9gek n\\u00f6veked\\u00e9se, a megrendel\\u00e9sek elmarad\\u00e1sa, valamint a szakk\\u00e9pzett munkaer\\u0151 hi\\u00e1nya jelenthetik a mindennapi \\u00fczletmenettel kapcsolatos legnagyobb probl\\u00e9m\\u00e1kat.\",\"inLanguage\":\"hu-HU\",\"isPartOf\":{\"@id\":\"https:\\\/\\\/allasorias.hu\\\/hirek\\\/#website\"},\"breadcrumb\":{\"@id\":\"https:\\\/\\\/allasorias.hu\\\/hirek\\\/mire-szamithatnak-a-vallalkozasok\\\/#breadcrumblist\"},\"author\":{\"@id\":\"https:\\\/\\\/allasorias.hu\\\/hirek\\\/author\\\/admin-allasorias\\\/#author\"},\"creator\":{\"@id\":\"https:\\\/\\\/allasorias.hu\\\/hirek\\\/author\\\/admin-allasorias\\\/#author\"},\"image\":{\"@type\":\"ImageObject\",\"url\":\"https:\\\/\\\/allasorias.hu\\\/hirek\\\/wp-content\\\/uploads\\\/2024\\\/07\\\/vallalkozasok-helyzete.jpg\",\"@id\":\"https:\\\/\\\/allasorias.hu\\\/hirek\\\/mire-szamithatnak-a-vallalkozasok\\\/#mainImage\",\"width\":1280,\"height\":854,\"caption\":\"Mire sz\\u00e1m\\u00edthatnak a v\\u00e1llalkoz\\u00e1sok? - Allasorias.hu\\\/Hirek\"},\"primaryImageOfPage\":{\"@id\":\"https:\\\/\\\/allasorias.hu\\\/hirek\\\/mire-szamithatnak-a-vallalkozasok\\\/#mainImage\"},\"datePublished\":\"2024-07-17T09:42:56+02:00\",\"dateModified\":\"2024-07-17T09:42:56+02:00\"},{\"@type\":\"WebSite\",\"@id\":\"https:\\\/\\\/allasorias.hu\\\/hirek\\\/#website\",\"url\":\"https:\\\/\\\/allasorias.hu\\\/hirek\\\/\",\"name\":\"AllasOrias.hu | H\\u00edrek-lapszemle\",\"description\":\"\\u00dczleti h\\u00edrek az \\u00e1ll\\u00e1s \\u00e9s a munka vil\\u00e1g\\u00e1b\\u00f3l\",\"inLanguage\":\"hu-HU\",\"publisher\":{\"@id\":\"https:\\\/\\\/allasorias.hu\\\/hirek\\\/#organization\"}}]}\n\t\t<\/script>\n\t\t<!-- All in One SEO -->\n\n","aioseo_head_json":{"title":"Mire sz\u00e1m\u00edthatnak a v\u00e1llalkoz\u00e1sok? | Allasorias.hu\/Hirek","description":"A cs\u00f6kken\u0151 v\u00e1s\u00e1rl\u00f3er\u0151, a k\u00f6lts\u00e9gek n\u00f6veked\u00e9se, a megrendel\u00e9sek elmarad\u00e1sa, valamint a szakk\u00e9pzett munkaer\u0151 hi\u00e1nya jelenthetik a mindennapi \u00fczletmenettel kapcsolatos legnagyobb probl\u00e9m\u00e1kat.","canonical_url":"https:\/\/allasorias.hu\/hirek\/mire-szamithatnak-a-vallalkozasok\/","robots":"max-image-preview:large","keywords":"v\u00e1llalkoz\u00e1sok","webmasterTools":{"miscellaneous":""},"schema":{"@context":"https:\/\/schema.org","@graph":[{"@type":"Article","@id":"https:\/\/allasorias.hu\/hirek\/mire-szamithatnak-a-vallalkozasok\/#article","name":"Mire sz\u00e1m\u00edthatnak a v\u00e1llalkoz\u00e1sok? | Allasorias.hu\/Hirek","headline":"Mire sz\u00e1m\u00edthatnak a v\u00e1llalkoz\u00e1sok?","author":{"@id":"https:\/\/allasorias.hu\/hirek\/author\/admin-allasorias\/#author"},"publisher":{"@id":"https:\/\/allasorias.hu\/hirek\/#organization"},"image":{"@type":"ImageObject","url":"https:\/\/allasorias.hu\/hirek\/wp-content\/uploads\/2024\/07\/vallalkozasok-helyzete.jpg","width":1280,"height":854,"caption":"Mire sz\u00e1m\u00edthatnak a v\u00e1llalkoz\u00e1sok? - Allasorias.hu\/Hirek"},"datePublished":"2024-07-17T09:42:56+02:00","dateModified":"2024-07-17T09:42:56+02:00","inLanguage":"hu-HU","mainEntityOfPage":{"@id":"https:\/\/allasorias.hu\/hirek\/mire-szamithatnak-a-vallalkozasok\/#webpage"},"isPartOf":{"@id":"https:\/\/allasorias.hu\/hirek\/mire-szamithatnak-a-vallalkozasok\/#webpage"},"articleSection":"Gazdas\u00e1g, v\u00e1llalkoz\u00e1sok"},{"@type":"BreadcrumbList","@id":"https:\/\/allasorias.hu\/hirek\/mire-szamithatnak-a-vallalkozasok\/#breadcrumblist","itemListElement":[{"@type":"ListItem","@id":"https:\/\/allasorias.hu\/hirek#listItem","position":1,"name":"Home","item":"https:\/\/allasorias.hu\/hirek","nextItem":{"@type":"ListItem","@id":"https:\/\/allasorias.hu\/hirek\/temak\/gazdasag\/#listItem","name":"Gazdas\u00e1g"}},{"@type":"ListItem","@id":"https:\/\/allasorias.hu\/hirek\/temak\/gazdasag\/#listItem","position":2,"name":"Gazdas\u00e1g","item":"https:\/\/allasorias.hu\/hirek\/temak\/gazdasag\/","nextItem":{"@type":"ListItem","@id":"https:\/\/allasorias.hu\/hirek\/mire-szamithatnak-a-vallalkozasok\/#listItem","name":"Mire sz\u00e1m\u00edthatnak a v\u00e1llalkoz\u00e1sok?"},"previousItem":{"@type":"ListItem","@id":"https:\/\/allasorias.hu\/hirek#listItem","name":"Home"}},{"@type":"ListItem","@id":"https:\/\/allasorias.hu\/hirek\/mire-szamithatnak-a-vallalkozasok\/#listItem","position":3,"name":"Mire sz\u00e1m\u00edthatnak a v\u00e1llalkoz\u00e1sok?","previousItem":{"@type":"ListItem","@id":"https:\/\/allasorias.hu\/hirek\/temak\/gazdasag\/#listItem","name":"Gazdas\u00e1g"}}]},{"@type":"Organization","@id":"https:\/\/allasorias.hu\/hirek\/#organization","name":"AllasOrias.hu | H\u00edrek-lapszemle","description":"\u00dczleti h\u00edrek az \u00e1ll\u00e1s \u00e9s a munka vil\u00e1g\u00e1b\u00f3l","url":"https:\/\/allasorias.hu\/hirek\/","logo":{"@type":"ImageObject","url":"https:\/\/allasorias.hu\/hirek\/wp-content\/uploads\/2022\/10\/allasorias_site_facebok_logo.png","@id":"https:\/\/allasorias.hu\/hirek\/mire-szamithatnak-a-vallalkozasok\/#organizationLogo"},"image":{"@id":"https:\/\/allasorias.hu\/hirek\/mire-szamithatnak-a-vallalkozasok\/#organizationLogo"},"sameAs":["https:\/\/www.facebook.com\/allasorias","https:\/\/www.linkedin.com\/company\/allasorias"]},{"@type":"Person","@id":"https:\/\/allasorias.hu\/hirek\/author\/admin-allasorias\/#author","url":"https:\/\/allasorias.hu\/hirek\/author\/admin-allasorias\/","name":"Juh\u00e1sz P\u00e9ter","image":{"@type":"ImageObject","@id":"https:\/\/allasorias.hu\/hirek\/mire-szamithatnak-a-vallalkozasok\/#authorImage","url":"https:\/\/secure.gravatar.com\/avatar\/36e6bcb83148978b992977cb0f54d22feb0cce8a0a849a9410532bb2623ba4c6?s=96&d=mm&r=g","width":96,"height":96,"caption":"Juh\u00e1sz P\u00e9ter"}},{"@type":"WebPage","@id":"https:\/\/allasorias.hu\/hirek\/mire-szamithatnak-a-vallalkozasok\/#webpage","url":"https:\/\/allasorias.hu\/hirek\/mire-szamithatnak-a-vallalkozasok\/","name":"Mire sz\u00e1m\u00edthatnak a v\u00e1llalkoz\u00e1sok? | Allasorias.hu\/Hirek","description":"A cs\u00f6kken\u0151 v\u00e1s\u00e1rl\u00f3er\u0151, a k\u00f6lts\u00e9gek n\u00f6veked\u00e9se, a megrendel\u00e9sek elmarad\u00e1sa, valamint a szakk\u00e9pzett munkaer\u0151 hi\u00e1nya jelenthetik a mindennapi \u00fczletmenettel kapcsolatos legnagyobb probl\u00e9m\u00e1kat.","inLanguage":"hu-HU","isPartOf":{"@id":"https:\/\/allasorias.hu\/hirek\/#website"},"breadcrumb":{"@id":"https:\/\/allasorias.hu\/hirek\/mire-szamithatnak-a-vallalkozasok\/#breadcrumblist"},"author":{"@id":"https:\/\/allasorias.hu\/hirek\/author\/admin-allasorias\/#author"},"creator":{"@id":"https:\/\/allasorias.hu\/hirek\/author\/admin-allasorias\/#author"},"image":{"@type":"ImageObject","url":"https:\/\/allasorias.hu\/hirek\/wp-content\/uploads\/2024\/07\/vallalkozasok-helyzete.jpg","@id":"https:\/\/allasorias.hu\/hirek\/mire-szamithatnak-a-vallalkozasok\/#mainImage","width":1280,"height":854,"caption":"Mire sz\u00e1m\u00edthatnak a v\u00e1llalkoz\u00e1sok? - Allasorias.hu\/Hirek"},"primaryImageOfPage":{"@id":"https:\/\/allasorias.hu\/hirek\/mire-szamithatnak-a-vallalkozasok\/#mainImage"},"datePublished":"2024-07-17T09:42:56+02:00","dateModified":"2024-07-17T09:42:56+02:00"},{"@type":"WebSite","@id":"https:\/\/allasorias.hu\/hirek\/#website","url":"https:\/\/allasorias.hu\/hirek\/","name":"AllasOrias.hu | H\u00edrek-lapszemle","description":"\u00dczleti h\u00edrek az \u00e1ll\u00e1s \u00e9s a munka vil\u00e1g\u00e1b\u00f3l","inLanguage":"hu-HU","publisher":{"@id":"https:\/\/allasorias.hu\/hirek\/#organization"}}]},"og:locale":"hu_HU","og:site_name":"AllasOrias.hu | H\u00edrek-lapszemle | \u00dczleti h\u00edrek az \u00e1ll\u00e1s \u00e9s a munka vil\u00e1g\u00e1b\u00f3l","og:type":"article","og:title":"Mire sz\u00e1m\u00edthatnak a v\u00e1llalkoz\u00e1sok? | Allasorias.hu\/Hirek","og:description":"A cs\u00f6kken\u0151 v\u00e1s\u00e1rl\u00f3er\u0151, a k\u00f6lts\u00e9gek n\u00f6veked\u00e9se, a megrendel\u00e9sek elmarad\u00e1sa, valamint a szakk\u00e9pzett munkaer\u0151 hi\u00e1nya jelenthetik a mindennapi \u00fczletmenettel kapcsolatos legnagyobb probl\u00e9m\u00e1kat.","og:url":"https:\/\/allasorias.hu\/hirek\/mire-szamithatnak-a-vallalkozasok\/","og:image":"https:\/\/allasorias.hu\/hirek\/wp-content\/uploads\/2024\/07\/vallalkozasok-helyzete.jpg","og:image:secure_url":"https:\/\/allasorias.hu\/hirek\/wp-content\/uploads\/2024\/07\/vallalkozasok-helyzete.jpg","og:image:width":1280,"og:image:height":854,"article:published_time":"2024-07-17T07:42:56+00:00","article:modified_time":"2024-07-17T07:42:56+00:00","article:publisher":"https:\/\/www.facebook.com\/allasorias","twitter:card":"summary_large_image","twitter:title":"Mire sz\u00e1m\u00edthatnak a v\u00e1llalkoz\u00e1sok? | Allasorias.hu\/Hirek","twitter:description":"A cs\u00f6kken\u0151 v\u00e1s\u00e1rl\u00f3er\u0151, a k\u00f6lts\u00e9gek n\u00f6veked\u00e9se, a megrendel\u00e9sek elmarad\u00e1sa, valamint a szakk\u00e9pzett munkaer\u0151 hi\u00e1nya jelenthetik a mindennapi \u00fczletmenettel kapcsolatos legnagyobb probl\u00e9m\u00e1kat.","twitter:image":"https:\/\/allasorias.hu\/hirek\/wp-content\/uploads\/2024\/07\/vallalkozasok-helyzete.jpg","twitter:label1":"Written by","twitter:data1":"Juh\u00e1sz P\u00e9ter","twitter:label2":"Est. reading time","twitter:data2":"2 minutes"},"aioseo_meta_data":{"post_id":"7762","title":"#post_title | Allasorias.hu\/Hirek","description":"A cs\u00f6kken\u0151 v\u00e1s\u00e1rl\u00f3er\u0151, a k\u00f6lts\u00e9gek n\u00f6veked\u00e9se, a megrendel\u00e9sek elmarad\u00e1sa, valamint a szakk\u00e9pzett munkaer\u0151 hi\u00e1nya jelenthetik a mindennapi \u00fczletmenettel kapcsolatos legnagyobb probl\u00e9m\u00e1kat.","keywords":null,"keyphrases":{"focus":{"keyphrase":"","score":0,"analysis":{"keyphraseInTitle":{"score":0,"maxScore":9,"error":1}}},"additional":[]},"primary_term":null,"canonical_url":null,"og_title":null,"og_description":null,"og_object_type":"default","og_image_type":"default","og_image_url":null,"og_image_width":null,"og_image_height":null,"og_image_custom_url":null,"og_image_custom_fields":null,"og_video":"","og_custom_url":null,"og_article_section":null,"og_article_tags":null,"twitter_use_og":true,"twitter_card":"default","twitter_image_type":"default","twitter_image_url":null,"twitter_image_custom_url":null,"twitter_image_custom_fields":null,"twitter_title":null,"twitter_description":null,"schema":{"blockGraphs":[],"customGraphs":[],"default":{"data":{"Article":[],"Course":[],"Dataset":[],"FAQPage":[],"Movie":[],"Person":[],"Product":[],"ProductReview":[],"Car":[],"Recipe":[],"Service":[],"SoftwareApplication":[],"WebPage":[]},"graphName":"Article","isEnabled":true},"graphs":[]},"schema_type":"default","schema_type_options":null,"pillar_content":false,"robots_default":true,"robots_noindex":false,"robots_noarchive":false,"robots_nosnippet":false,"robots_nofollow":false,"robots_noimageindex":false,"robots_noodp":false,"robots_notranslate":false,"robots_max_snippet":"-1","robots_max_videopreview":"-1","robots_max_imagepreview":"large","priority":null,"frequency":"default","location":null,"local_seo":null,"breadcrumb_settings":null,"limit_modified_date":false,"ai":null,"created":"2024-07-17 07:23:11","updated":"2025-10-02 20:09:34","seo_analyzer_scan_date":null,"focus_keyword":null,"additional_keywords":null,"truseo_locale":null},"aioseo_breadcrumb":"<div class=\"aioseo-breadcrumbs\"><span class=\"aioseo-breadcrumb\">\n\t\t\t<a href=\"https:\/\/allasorias.hu\/hirek\" title=\"Home\">Home<\/a>\n\t\t<\/span><span class=\"aioseo-breadcrumb-separator\">&raquo;<\/span><span class=\"aioseo-breadcrumb\">\n\t\t\t<a href=\"https:\/\/allasorias.hu\/hirek\/temak\/gazdasag\/\" title=\"Gazdas\u00e1g\">Gazdas\u00e1g<\/a>\n\t\t<\/span><span class=\"aioseo-breadcrumb-separator\">&raquo;<\/span><span class=\"aioseo-breadcrumb\">\n\t\t\tMire sz\u00e1m\u00edthatnak a v\u00e1llalkoz\u00e1sok?\n\t\t<\/span><\/div>","aioseo_breadcrumb_json":[{"label":"Home","link":"https:\/\/allasorias.hu\/hirek"},{"label":"Gazdas\u00e1g","link":"https:\/\/allasorias.hu\/hirek\/temak\/gazdasag\/"},{"label":"Mire sz\u00e1m\u00edthatnak a v\u00e1llalkoz\u00e1sok?","link":"https:\/\/allasorias.hu\/hirek\/mire-szamithatnak-a-vallalkozasok\/"}],"_links":{"self":[{"href":"https:\/\/allasorias.hu\/hirek\/wp-json\/wp\/v2\/posts\/7762","targetHints":{"allow":["GET"]}}],"collection":[{"href":"https:\/\/allasorias.hu\/hirek\/wp-json\/wp\/v2\/posts"}],"about":[{"href":"https:\/\/allasorias.hu\/hirek\/wp-json\/wp\/v2\/types\/post"}],"author":[{"embeddable":true,"href":"https:\/\/allasorias.hu\/hirek\/wp-json\/wp\/v2\/users\/1"}],"replies":[{"embeddable":true,"href":"https:\/\/allasorias.hu\/hirek\/wp-json\/wp\/v2\/comments?post=7762"}],"version-history":[{"count":1,"href":"https:\/\/allasorias.hu\/hirek\/wp-json\/wp\/v2\/posts\/7762\/revisions"}],"predecessor-version":[{"id":7764,"href":"https:\/\/allasorias.hu\/hirek\/wp-json\/wp\/v2\/posts\/7762\/revisions\/7764"}],"wp:featuredmedia":[{"embeddable":true,"href":"https:\/\/allasorias.hu\/hirek\/wp-json\/wp\/v2\/media\/7763"}],"wp:attachment":[{"href":"https:\/\/allasorias.hu\/hirek\/wp-json\/wp\/v2\/media?parent=7762"}],"wp:term":[{"taxonomy":"category","embeddable":true,"href":"https:\/\/allasorias.hu\/hirek\/wp-json\/wp\/v2\/categories?post=7762"},{"taxonomy":"post_tag","embeddable":true,"href":"https:\/\/allasorias.hu\/hirek\/wp-json\/wp\/v2\/tags?post=7762"}],"curies":[{"name":"wp","href":"https:\/\/api.w.org\/{rel}","templated":true}]}}