{"id":7746,"date":"2024-07-11T10:30:07","date_gmt":"2024-07-11T08:30:07","guid":{"rendered":"https:\/\/allasorias.hu\/hirek\/?p=7746"},"modified":"2025-05-13T15:59:07","modified_gmt":"2025-05-13T13:59:07","slug":"ugyelni-kell-a-valtozo-munkaeropiaci-szabalyokra","status":"publish","type":"post","link":"https:\/\/allasorias.hu\/hirek\/ugyelni-kell-a-valtozo-munkaeropiaci-szabalyokra\/","title":{"rendered":"\u00dcgyelni kell a v\u00e1ltoz\u00f3 munkaer\u0151piaci szab\u00e1lyokra"},"content":{"rendered":"<p><strong>A vesz\u00e9lyhelyzet ideje alatt m\u00f3dosulnak a Szocho tv.[2] 11. \u00a7-a szerinti kedvezm\u00e9ny szab\u00e1lyai &#8211; h\u00edvja fel a figyelmet az ad\u00f3hat\u00f3s\u00e1g.<\/strong><\/p>\n<p>A 2024. augusztus 1-t\u0151l kezd\u0151d\u0151 munkaviszony eset\u00e9n az a magyar \u00e1llampolg\u00e1r, valamint a Magyarorsz\u00e1ggal hat\u00e1ros, nem EGT-\u00e1llam \u00e1llampolg\u00e1ra sz\u00e1m\u00edt munkaer\u0151piacra l\u00e9p\u0151nek, akinek a kedvezm\u00e9nyezett foglalkoztat\u00e1s kezdet\u00e9nek h\u00f3napj\u00e1t megel\u0151z\u0151 \u00e9vben (365 nap) legfeljebb h\u00e1rom h\u00f3napig (92 napig) volt munkaviszonya, illetve egy\u00e9ni vagy t\u00e1rsas v\u00e1llalkoz\u00f3i jogviszonya &#8211; \u00edrja\u00a0 k\u00f6zlem\u00e9ny\u00e9ben a NAV.<\/p>\n<p>A munk\u00e1ltat\u00f3 a kedvezm\u00e9nyt a foglalkoztat\u00e1s els\u0151 \u00e9v\u00e9ben a brutt\u00f3 munkab\u00e9r, de legfeljebb a minim\u00e1lb\u00e9r ut\u00e1n 13 sz\u00e1zal\u00e9kos, a foglalkoztat\u00e1s ezt k\u00f6vet\u0151 tov\u00e1bbi hat h\u00f3napj\u00e1ban pedig legfeljebb a minim\u00e1lb\u00e9r ut\u00e1n 6,5 sz\u00e1zal\u00e9kos ad\u00f3m\u00e9rt\u00e9kkel meg\u00e1llap\u00edtott \u00f6sszegben veheti ig\u00e9nybe. A kedvezm\u00e9ny azon eg\u00e9sz h\u00f3nap tekintet\u00e9ben is megilleti a munk\u00e1ltat\u00f3t, amelyben a kedvezm\u00e9nyezett foglalkoztat\u00e1s els\u0151 \u00e9ve, illetve tizennyolcadik h\u00f3napja v\u00e9get \u00e9r.<\/p>\n<p>Forr\u00e1s: <a href=\"https:\/\/www.hrportal.hu\/c\/figyelmeztet-a-nav-valtoznak-a-munkaeropiacra-lepok-utani-szochokedvezmeny-szabalyai-20240710.html\" target=\"_blank\" rel=\"nofollow noopener noreferrer\">hrportal.hu<\/a><\/p>\n","protected":false},"excerpt":{"rendered":"<p>A vesz\u00e9lyhelyzet ideje alatt m\u00f3dosulnak a Szocho tv.[2] 11. \u00a7-a szerinti kedvezm\u00e9ny szab\u00e1lyai &#8211; h\u00edvja fel a figyelmet az ad\u00f3hat\u00f3s\u00e1g. A 2024. augusztus 1-t\u0151l kezd\u0151d\u0151 munkaviszony eset\u00e9n az a magyar \u00e1llampolg\u00e1r, valamint a Magyarorsz\u00e1ggal hat\u00e1ros, nem EGT-\u00e1llam \u00e1llampolg\u00e1ra sz\u00e1m\u00edt munkaer\u0151piacra l\u00e9p\u0151nek, akinek a kedvezm\u00e9nyezett foglalkoztat\u00e1s kezdet\u00e9nek h\u00f3napj\u00e1t megel\u0151z\u0151 \u00e9vben (365 nap) legfeljebb h\u00e1rom h\u00f3napig (92 [&hellip;]<\/p>\n","protected":false},"author":1,"featured_media":7747,"comment_status":"closed","ping_status":"closed","sticky":false,"template":"","format":"standard","meta":{"_monsterinsights_skip_tracking":false,"footnotes":""},"categories":[200],"tags":[781],"class_list":["post-7746","post","type-post","status-publish","format-standard","has-post-thumbnail","hentry","category-munkaeropiac","tag-munkaeropiaci-szabalyok"],"aioseo_notices":[],"aioseo_head":"\n\t\t<!-- All in One SEO 5.0.0.1 - aioseo.com -->\n\t<meta name=\"description\" content=\"A vesz\u00e9lyhelyzet ideje alatt m\u00f3dosulnak a Szocho tv.[2] 11. \u00a7-a szerinti kedvezm\u00e9ny szab\u00e1lyai - h\u00edvja fel a figyelmet az ad\u00f3hat\u00f3s\u00e1g.\" \/>\n\t<meta name=\"robots\" content=\"max-image-preview:large\" \/>\n\t<meta name=\"author\" content=\"Juh\u00e1sz P\u00e9ter\"\/>\n\t<meta name=\"keywords\" content=\"munkaer\u0151piaci szab\u00e1lyok\" \/>\n\t<link rel=\"canonical\" href=\"https:\/\/allasorias.hu\/hirek\/ugyelni-kell-a-valtozo-munkaeropiaci-szabalyokra\/\" \/>\n\t<meta name=\"generator\" content=\"All in One SEO (AIOSEO) 5.0.0.1\" \/>\n\t\t<meta property=\"og:locale\" content=\"hu_HU\" \/>\n\t\t<meta property=\"og:site_name\" content=\"AllasOrias.hu | H\u00edrek-lapszemle | \u00dczleti h\u00edrek az \u00e1ll\u00e1s \u00e9s a munka vil\u00e1g\u00e1b\u00f3l\" \/>\n\t\t<meta property=\"og:type\" content=\"article\" \/>\n\t\t<meta property=\"og:title\" content=\"Figyelni kell a munka\u00fcgyi szab\u00e1lyok v\u00e1ltoz\u00e1saira\" \/>\n\t\t<meta property=\"og:description\" content=\"A vesz\u00e9lyhelyzet ideje alatt m\u00f3dosulnak a Szocho tv.[2] 11. \u00a7-a szerinti kedvezm\u00e9ny szab\u00e1lyai - h\u00edvja fel a figyelmet az ad\u00f3hat\u00f3s\u00e1g.\" \/>\n\t\t<meta property=\"og:url\" content=\"https:\/\/allasorias.hu\/hirek\/ugyelni-kell-a-valtozo-munkaeropiaci-szabalyokra\/\" \/>\n\t\t<meta property=\"og:image\" content=\"https:\/\/allasorias.hu\/hirek\/wp-content\/uploads\/2024\/07\/munkaeropiaci-szabalyok.jpg\" \/>\n\t\t<meta property=\"og:image:secure_url\" content=\"https:\/\/allasorias.hu\/hirek\/wp-content\/uploads\/2024\/07\/munkaeropiaci-szabalyok.jpg\" \/>\n\t\t<meta property=\"og:image:width\" content=\"1280\" \/>\n\t\t<meta property=\"og:image:height\" content=\"854\" \/>\n\t\t<meta property=\"article:published_time\" content=\"2024-07-11T08:30:07+00:00\" \/>\n\t\t<meta property=\"article:modified_time\" content=\"2025-05-13T13:59:07+00:00\" \/>\n\t\t<meta property=\"article:publisher\" content=\"https:\/\/www.facebook.com\/allasorias\" \/>\n\t\t<meta name=\"twitter:card\" content=\"summary_large_image\" \/>\n\t\t<meta name=\"twitter:title\" content=\"Figyelni kell a munka\u00fcgyi szab\u00e1lyok v\u00e1ltoz\u00e1saira\" \/>\n\t\t<meta name=\"twitter:description\" content=\"A vesz\u00e9lyhelyzet ideje alatt m\u00f3dosulnak a Szocho tv.[2] 11. \u00a7-a szerinti kedvezm\u00e9ny szab\u00e1lyai - h\u00edvja fel a figyelmet az ad\u00f3hat\u00f3s\u00e1g.\" \/>\n\t\t<meta name=\"twitter:image\" content=\"https:\/\/allasorias.hu\/hirek\/wp-content\/uploads\/2024\/07\/munkaeropiaci-szabalyok.jpg\" \/>\n\t\t<meta name=\"twitter:label1\" content=\"Written by\" \/>\n\t\t<meta name=\"twitter:data1\" content=\"Juh\u00e1sz P\u00e9ter\" \/>\n\t\t<meta name=\"twitter:label2\" content=\"Est. reading time\" \/>\n\t\t<meta name=\"twitter:data2\" content=\"1 minute\" \/>\n\t\t<script type=\"application\/ld+json\" class=\"aioseo-schema\">\n\t\t\t{\"@context\":\"https:\\\/\\\/schema.org\",\"@graph\":[{\"@type\":\"Article\",\"@id\":\"https:\\\/\\\/allasorias.hu\\\/hirek\\\/ugyelni-kell-a-valtozo-munkaeropiaci-szabalyokra\\\/#article\",\"name\":\"Figyelni kell a munka\\u00fcgyi szab\\u00e1lyok v\\u00e1ltoz\\u00e1saira\",\"headline\":\"\\u00dcgyelni kell a v\\u00e1ltoz\\u00f3 munkaer\\u0151piaci szab\\u00e1lyokra\",\"author\":{\"@id\":\"https:\\\/\\\/allasorias.hu\\\/hirek\\\/author\\\/admin-allasorias\\\/#author\"},\"publisher\":{\"@id\":\"https:\\\/\\\/allasorias.hu\\\/hirek\\\/#organization\"},\"image\":{\"@type\":\"ImageObject\",\"url\":\"https:\\\/\\\/allasorias.hu\\\/hirek\\\/wp-content\\\/uploads\\\/2024\\\/07\\\/munkaeropiaci-szabalyok.jpg\",\"width\":1280,\"height\":854,\"caption\":\"\\u00dcgyelni kell a v\\u00e1ltoz\\u00f3 munkaer\\u0151piaci szab\\u00e1lyokra - Allasorias.hu\\\/Hirek\"},\"datePublished\":\"2024-07-11T10:30:07+02:00\",\"dateModified\":\"2025-05-13T15:59:07+02:00\",\"inLanguage\":\"hu-HU\",\"mainEntityOfPage\":{\"@id\":\"https:\\\/\\\/allasorias.hu\\\/hirek\\\/ugyelni-kell-a-valtozo-munkaeropiaci-szabalyokra\\\/#webpage\"},\"isPartOf\":{\"@id\":\"https:\\\/\\\/allasorias.hu\\\/hirek\\\/ugyelni-kell-a-valtozo-munkaeropiaci-szabalyokra\\\/#webpage\"},\"articleSection\":\"Munkaer\\u0151piac, munkaer\\u0151piaci szab\\u00e1lyok\"},{\"@type\":\"BreadcrumbList\",\"@id\":\"https:\\\/\\\/allasorias.hu\\\/hirek\\\/ugyelni-kell-a-valtozo-munkaeropiaci-szabalyokra\\\/#breadcrumblist\",\"itemListElement\":[{\"@type\":\"ListItem\",\"@id\":\"https:\\\/\\\/allasorias.hu\\\/hirek#listItem\",\"position\":1,\"name\":\"Home\",\"item\":\"https:\\\/\\\/allasorias.hu\\\/hirek\",\"nextItem\":{\"@type\":\"ListItem\",\"@id\":\"https:\\\/\\\/allasorias.hu\\\/hirek\\\/temak\\\/munkaeropiac\\\/#listItem\",\"name\":\"Munkaer\\u0151piac\"}},{\"@type\":\"ListItem\",\"@id\":\"https:\\\/\\\/allasorias.hu\\\/hirek\\\/temak\\\/munkaeropiac\\\/#listItem\",\"position\":2,\"name\":\"Munkaer\\u0151piac\",\"item\":\"https:\\\/\\\/allasorias.hu\\\/hirek\\\/temak\\\/munkaeropiac\\\/\",\"nextItem\":{\"@type\":\"ListItem\",\"@id\":\"https:\\\/\\\/allasorias.hu\\\/hirek\\\/ugyelni-kell-a-valtozo-munkaeropiaci-szabalyokra\\\/#listItem\",\"name\":\"\\u00dcgyelni kell a v\\u00e1ltoz\\u00f3 munkaer\\u0151piaci szab\\u00e1lyokra\"},\"previousItem\":{\"@type\":\"ListItem\",\"@id\":\"https:\\\/\\\/allasorias.hu\\\/hirek#listItem\",\"name\":\"Home\"}},{\"@type\":\"ListItem\",\"@id\":\"https:\\\/\\\/allasorias.hu\\\/hirek\\\/ugyelni-kell-a-valtozo-munkaeropiaci-szabalyokra\\\/#listItem\",\"position\":3,\"name\":\"\\u00dcgyelni kell a v\\u00e1ltoz\\u00f3 munkaer\\u0151piaci szab\\u00e1lyokra\",\"previousItem\":{\"@type\":\"ListItem\",\"@id\":\"https:\\\/\\\/allasorias.hu\\\/hirek\\\/temak\\\/munkaeropiac\\\/#listItem\",\"name\":\"Munkaer\\u0151piac\"}}]},{\"@type\":\"Organization\",\"@id\":\"https:\\\/\\\/allasorias.hu\\\/hirek\\\/#organization\",\"name\":\"AllasOrias.hu | H\\u00edrek-lapszemle\",\"description\":\"\\u00dczleti h\\u00edrek az \\u00e1ll\\u00e1s \\u00e9s a munka vil\\u00e1g\\u00e1b\\u00f3l\",\"url\":\"https:\\\/\\\/allasorias.hu\\\/hirek\\\/\",\"logo\":{\"@type\":\"ImageObject\",\"url\":\"https:\\\/\\\/allasorias.hu\\\/hirek\\\/wp-content\\\/uploads\\\/2022\\\/10\\\/allasorias_site_facebok_logo.png\",\"@id\":\"https:\\\/\\\/allasorias.hu\\\/hirek\\\/ugyelni-kell-a-valtozo-munkaeropiaci-szabalyokra\\\/#organizationLogo\"},\"image\":{\"@id\":\"https:\\\/\\\/allasorias.hu\\\/hirek\\\/ugyelni-kell-a-valtozo-munkaeropiaci-szabalyokra\\\/#organizationLogo\"},\"sameAs\":[\"https:\\\/\\\/www.facebook.com\\\/allasorias\",\"https:\\\/\\\/www.linkedin.com\\\/company\\\/allasorias\"]},{\"@type\":\"Person\",\"@id\":\"https:\\\/\\\/allasorias.hu\\\/hirek\\\/author\\\/admin-allasorias\\\/#author\",\"url\":\"https:\\\/\\\/allasorias.hu\\\/hirek\\\/author\\\/admin-allasorias\\\/\",\"name\":\"Juh\\u00e1sz P\\u00e9ter\",\"image\":{\"@type\":\"ImageObject\",\"@id\":\"https:\\\/\\\/allasorias.hu\\\/hirek\\\/ugyelni-kell-a-valtozo-munkaeropiaci-szabalyokra\\\/#authorImage\",\"url\":\"https:\\\/\\\/secure.gravatar.com\\\/avatar\\\/36e6bcb83148978b992977cb0f54d22feb0cce8a0a849a9410532bb2623ba4c6?s=96&d=mm&r=g\",\"width\":96,\"height\":96,\"caption\":\"Juh\\u00e1sz P\\u00e9ter\"}},{\"@type\":\"WebPage\",\"@id\":\"https:\\\/\\\/allasorias.hu\\\/hirek\\\/ugyelni-kell-a-valtozo-munkaeropiaci-szabalyokra\\\/#webpage\",\"url\":\"https:\\\/\\\/allasorias.hu\\\/hirek\\\/ugyelni-kell-a-valtozo-munkaeropiaci-szabalyokra\\\/\",\"name\":\"Figyelni kell a munka\\u00fcgyi szab\\u00e1lyok v\\u00e1ltoz\\u00e1saira\",\"description\":\"A vesz\\u00e9lyhelyzet ideje alatt m\\u00f3dosulnak a Szocho tv.[2] 11. \\u00a7-a szerinti kedvezm\\u00e9ny szab\\u00e1lyai - h\\u00edvja fel a figyelmet az ad\\u00f3hat\\u00f3s\\u00e1g.\",\"inLanguage\":\"hu-HU\",\"isPartOf\":{\"@id\":\"https:\\\/\\\/allasorias.hu\\\/hirek\\\/#website\"},\"breadcrumb\":{\"@id\":\"https:\\\/\\\/allasorias.hu\\\/hirek\\\/ugyelni-kell-a-valtozo-munkaeropiaci-szabalyokra\\\/#breadcrumblist\"},\"author\":{\"@id\":\"https:\\\/\\\/allasorias.hu\\\/hirek\\\/author\\\/admin-allasorias\\\/#author\"},\"creator\":{\"@id\":\"https:\\\/\\\/allasorias.hu\\\/hirek\\\/author\\\/admin-allasorias\\\/#author\"},\"image\":{\"@type\":\"ImageObject\",\"url\":\"https:\\\/\\\/allasorias.hu\\\/hirek\\\/wp-content\\\/uploads\\\/2024\\\/07\\\/munkaeropiaci-szabalyok.jpg\",\"@id\":\"https:\\\/\\\/allasorias.hu\\\/hirek\\\/ugyelni-kell-a-valtozo-munkaeropiaci-szabalyokra\\\/#mainImage\",\"width\":1280,\"height\":854,\"caption\":\"\\u00dcgyelni kell a v\\u00e1ltoz\\u00f3 munkaer\\u0151piaci szab\\u00e1lyokra - Allasorias.hu\\\/Hirek\"},\"primaryImageOfPage\":{\"@id\":\"https:\\\/\\\/allasorias.hu\\\/hirek\\\/ugyelni-kell-a-valtozo-munkaeropiaci-szabalyokra\\\/#mainImage\"},\"datePublished\":\"2024-07-11T10:30:07+02:00\",\"dateModified\":\"2025-05-13T15:59:07+02:00\"},{\"@type\":\"WebSite\",\"@id\":\"https:\\\/\\\/allasorias.hu\\\/hirek\\\/#website\",\"url\":\"https:\\\/\\\/allasorias.hu\\\/hirek\\\/\",\"name\":\"AllasOrias.hu | H\\u00edrek-lapszemle\",\"description\":\"\\u00dczleti h\\u00edrek az \\u00e1ll\\u00e1s \\u00e9s a munka vil\\u00e1g\\u00e1b\\u00f3l\",\"inLanguage\":\"hu-HU\",\"publisher\":{\"@id\":\"https:\\\/\\\/allasorias.hu\\\/hirek\\\/#organization\"}}]}\n\t\t<\/script>\n\t\t<!-- All in One SEO -->\n\n","aioseo_head_json":{"title":"Figyelni kell a munka\u00fcgyi szab\u00e1lyok v\u00e1ltoz\u00e1saira","description":"A vesz\u00e9lyhelyzet ideje alatt m\u00f3dosulnak a Szocho tv.[2] 11. \u00a7-a szerinti kedvezm\u00e9ny szab\u00e1lyai - h\u00edvja fel a figyelmet az ad\u00f3hat\u00f3s\u00e1g.","canonical_url":"https:\/\/allasorias.hu\/hirek\/ugyelni-kell-a-valtozo-munkaeropiaci-szabalyokra\/","robots":"max-image-preview:large","keywords":"munkaer\u0151piaci szab\u00e1lyok","webmasterTools":{"miscellaneous":""},"schema":{"@context":"https:\/\/schema.org","@graph":[{"@type":"Article","@id":"https:\/\/allasorias.hu\/hirek\/ugyelni-kell-a-valtozo-munkaeropiaci-szabalyokra\/#article","name":"Figyelni kell a munka\u00fcgyi szab\u00e1lyok v\u00e1ltoz\u00e1saira","headline":"\u00dcgyelni kell a v\u00e1ltoz\u00f3 munkaer\u0151piaci szab\u00e1lyokra","author":{"@id":"https:\/\/allasorias.hu\/hirek\/author\/admin-allasorias\/#author"},"publisher":{"@id":"https:\/\/allasorias.hu\/hirek\/#organization"},"image":{"@type":"ImageObject","url":"https:\/\/allasorias.hu\/hirek\/wp-content\/uploads\/2024\/07\/munkaeropiaci-szabalyok.jpg","width":1280,"height":854,"caption":"\u00dcgyelni kell a v\u00e1ltoz\u00f3 munkaer\u0151piaci szab\u00e1lyokra - Allasorias.hu\/Hirek"},"datePublished":"2024-07-11T10:30:07+02:00","dateModified":"2025-05-13T15:59:07+02:00","inLanguage":"hu-HU","mainEntityOfPage":{"@id":"https:\/\/allasorias.hu\/hirek\/ugyelni-kell-a-valtozo-munkaeropiaci-szabalyokra\/#webpage"},"isPartOf":{"@id":"https:\/\/allasorias.hu\/hirek\/ugyelni-kell-a-valtozo-munkaeropiaci-szabalyokra\/#webpage"},"articleSection":"Munkaer\u0151piac, munkaer\u0151piaci szab\u00e1lyok"},{"@type":"BreadcrumbList","@id":"https:\/\/allasorias.hu\/hirek\/ugyelni-kell-a-valtozo-munkaeropiaci-szabalyokra\/#breadcrumblist","itemListElement":[{"@type":"ListItem","@id":"https:\/\/allasorias.hu\/hirek#listItem","position":1,"name":"Home","item":"https:\/\/allasorias.hu\/hirek","nextItem":{"@type":"ListItem","@id":"https:\/\/allasorias.hu\/hirek\/temak\/munkaeropiac\/#listItem","name":"Munkaer\u0151piac"}},{"@type":"ListItem","@id":"https:\/\/allasorias.hu\/hirek\/temak\/munkaeropiac\/#listItem","position":2,"name":"Munkaer\u0151piac","item":"https:\/\/allasorias.hu\/hirek\/temak\/munkaeropiac\/","nextItem":{"@type":"ListItem","@id":"https:\/\/allasorias.hu\/hirek\/ugyelni-kell-a-valtozo-munkaeropiaci-szabalyokra\/#listItem","name":"\u00dcgyelni kell a v\u00e1ltoz\u00f3 munkaer\u0151piaci szab\u00e1lyokra"},"previousItem":{"@type":"ListItem","@id":"https:\/\/allasorias.hu\/hirek#listItem","name":"Home"}},{"@type":"ListItem","@id":"https:\/\/allasorias.hu\/hirek\/ugyelni-kell-a-valtozo-munkaeropiaci-szabalyokra\/#listItem","position":3,"name":"\u00dcgyelni kell a v\u00e1ltoz\u00f3 munkaer\u0151piaci szab\u00e1lyokra","previousItem":{"@type":"ListItem","@id":"https:\/\/allasorias.hu\/hirek\/temak\/munkaeropiac\/#listItem","name":"Munkaer\u0151piac"}}]},{"@type":"Organization","@id":"https:\/\/allasorias.hu\/hirek\/#organization","name":"AllasOrias.hu | H\u00edrek-lapszemle","description":"\u00dczleti h\u00edrek az \u00e1ll\u00e1s \u00e9s a munka vil\u00e1g\u00e1b\u00f3l","url":"https:\/\/allasorias.hu\/hirek\/","logo":{"@type":"ImageObject","url":"https:\/\/allasorias.hu\/hirek\/wp-content\/uploads\/2022\/10\/allasorias_site_facebok_logo.png","@id":"https:\/\/allasorias.hu\/hirek\/ugyelni-kell-a-valtozo-munkaeropiaci-szabalyokra\/#organizationLogo"},"image":{"@id":"https:\/\/allasorias.hu\/hirek\/ugyelni-kell-a-valtozo-munkaeropiaci-szabalyokra\/#organizationLogo"},"sameAs":["https:\/\/www.facebook.com\/allasorias","https:\/\/www.linkedin.com\/company\/allasorias"]},{"@type":"Person","@id":"https:\/\/allasorias.hu\/hirek\/author\/admin-allasorias\/#author","url":"https:\/\/allasorias.hu\/hirek\/author\/admin-allasorias\/","name":"Juh\u00e1sz P\u00e9ter","image":{"@type":"ImageObject","@id":"https:\/\/allasorias.hu\/hirek\/ugyelni-kell-a-valtozo-munkaeropiaci-szabalyokra\/#authorImage","url":"https:\/\/secure.gravatar.com\/avatar\/36e6bcb83148978b992977cb0f54d22feb0cce8a0a849a9410532bb2623ba4c6?s=96&d=mm&r=g","width":96,"height":96,"caption":"Juh\u00e1sz P\u00e9ter"}},{"@type":"WebPage","@id":"https:\/\/allasorias.hu\/hirek\/ugyelni-kell-a-valtozo-munkaeropiaci-szabalyokra\/#webpage","url":"https:\/\/allasorias.hu\/hirek\/ugyelni-kell-a-valtozo-munkaeropiaci-szabalyokra\/","name":"Figyelni kell a munka\u00fcgyi szab\u00e1lyok v\u00e1ltoz\u00e1saira","description":"A vesz\u00e9lyhelyzet ideje alatt m\u00f3dosulnak a Szocho tv.[2] 11. \u00a7-a szerinti kedvezm\u00e9ny szab\u00e1lyai - h\u00edvja fel a figyelmet az ad\u00f3hat\u00f3s\u00e1g.","inLanguage":"hu-HU","isPartOf":{"@id":"https:\/\/allasorias.hu\/hirek\/#website"},"breadcrumb":{"@id":"https:\/\/allasorias.hu\/hirek\/ugyelni-kell-a-valtozo-munkaeropiaci-szabalyokra\/#breadcrumblist"},"author":{"@id":"https:\/\/allasorias.hu\/hirek\/author\/admin-allasorias\/#author"},"creator":{"@id":"https:\/\/allasorias.hu\/hirek\/author\/admin-allasorias\/#author"},"image":{"@type":"ImageObject","url":"https:\/\/allasorias.hu\/hirek\/wp-content\/uploads\/2024\/07\/munkaeropiaci-szabalyok.jpg","@id":"https:\/\/allasorias.hu\/hirek\/ugyelni-kell-a-valtozo-munkaeropiaci-szabalyokra\/#mainImage","width":1280,"height":854,"caption":"\u00dcgyelni kell a v\u00e1ltoz\u00f3 munkaer\u0151piaci szab\u00e1lyokra - Allasorias.hu\/Hirek"},"primaryImageOfPage":{"@id":"https:\/\/allasorias.hu\/hirek\/ugyelni-kell-a-valtozo-munkaeropiaci-szabalyokra\/#mainImage"},"datePublished":"2024-07-11T10:30:07+02:00","dateModified":"2025-05-13T15:59:07+02:00"},{"@type":"WebSite","@id":"https:\/\/allasorias.hu\/hirek\/#website","url":"https:\/\/allasorias.hu\/hirek\/","name":"AllasOrias.hu | H\u00edrek-lapszemle","description":"\u00dczleti h\u00edrek az \u00e1ll\u00e1s \u00e9s a munka vil\u00e1g\u00e1b\u00f3l","inLanguage":"hu-HU","publisher":{"@id":"https:\/\/allasorias.hu\/hirek\/#organization"}}]},"og:locale":"hu_HU","og:site_name":"AllasOrias.hu | H\u00edrek-lapszemle | \u00dczleti h\u00edrek az \u00e1ll\u00e1s \u00e9s a munka vil\u00e1g\u00e1b\u00f3l","og:type":"article","og:title":"Figyelni kell a munka\u00fcgyi szab\u00e1lyok v\u00e1ltoz\u00e1saira","og:description":"A vesz\u00e9lyhelyzet ideje alatt m\u00f3dosulnak a Szocho tv.[2] 11. \u00a7-a szerinti kedvezm\u00e9ny szab\u00e1lyai - h\u00edvja fel a figyelmet az ad\u00f3hat\u00f3s\u00e1g.","og:url":"https:\/\/allasorias.hu\/hirek\/ugyelni-kell-a-valtozo-munkaeropiaci-szabalyokra\/","og:image":"https:\/\/allasorias.hu\/hirek\/wp-content\/uploads\/2024\/07\/munkaeropiaci-szabalyok.jpg","og:image:secure_url":"https:\/\/allasorias.hu\/hirek\/wp-content\/uploads\/2024\/07\/munkaeropiaci-szabalyok.jpg","og:image:width":1280,"og:image:height":854,"article:published_time":"2024-07-11T08:30:07+00:00","article:modified_time":"2025-05-13T13:59:07+00:00","article:publisher":"https:\/\/www.facebook.com\/allasorias","twitter:card":"summary_large_image","twitter:title":"Figyelni kell a munka\u00fcgyi szab\u00e1lyok v\u00e1ltoz\u00e1saira","twitter:description":"A vesz\u00e9lyhelyzet ideje alatt m\u00f3dosulnak a Szocho tv.[2] 11. \u00a7-a szerinti kedvezm\u00e9ny szab\u00e1lyai - h\u00edvja fel a figyelmet az ad\u00f3hat\u00f3s\u00e1g.","twitter:image":"https:\/\/allasorias.hu\/hirek\/wp-content\/uploads\/2024\/07\/munkaeropiaci-szabalyok.jpg","twitter:label1":"Written by","twitter:data1":"Juh\u00e1sz P\u00e9ter","twitter:label2":"Est. reading time","twitter:data2":"1 minute"},"aioseo_meta_data":{"post_id":"7746","title":"Figyelni kell a munka\u00fcgyi szab\u00e1lyok v\u00e1ltoz\u00e1saira","description":"A vesz\u00e9lyhelyzet ideje alatt m\u00f3dosulnak a Szocho tv.[2] 11. \u00a7-a szerinti kedvezm\u00e9ny szab\u00e1lyai - h\u00edvja fel a figyelmet az ad\u00f3hat\u00f3s\u00e1g.","keywords":null,"keyphrases":{"focus":{"keyphrase":"","score":0,"analysis":{"keyphraseInTitle":{"score":0,"maxScore":9,"error":1}}},"additional":[]},"primary_term":null,"canonical_url":null,"og_title":null,"og_description":null,"og_object_type":"default","og_image_type":"default","og_image_url":null,"og_image_width":null,"og_image_height":null,"og_image_custom_url":null,"og_image_custom_fields":null,"og_video":"","og_custom_url":null,"og_article_section":null,"og_article_tags":null,"twitter_use_og":true,"twitter_card":"default","twitter_image_type":"default","twitter_image_url":null,"twitter_image_custom_url":null,"twitter_image_custom_fields":null,"twitter_title":null,"twitter_description":null,"schema":{"blockGraphs":[],"customGraphs":[],"default":{"data":{"Article":[],"Course":[],"Dataset":[],"FAQPage":[],"Movie":[],"Person":[],"Product":[],"ProductReview":[],"Car":[],"Recipe":[],"Service":[],"SoftwareApplication":[],"WebPage":[]},"graphName":"Article","isEnabled":true},"graphs":[]},"schema_type":"default","schema_type_options":null,"pillar_content":false,"robots_default":true,"robots_noindex":false,"robots_noarchive":false,"robots_nosnippet":false,"robots_nofollow":false,"robots_noimageindex":false,"robots_noodp":false,"robots_notranslate":false,"robots_max_snippet":"-1","robots_max_videopreview":"-1","robots_max_imagepreview":"large","priority":null,"frequency":"default","location":null,"local_seo":null,"breadcrumb_settings":null,"limit_modified_date":false,"ai":null,"created":"2024-07-11 08:21:21","updated":"2025-10-02 20:08:03","seo_analyzer_scan_date":null,"focus_keyword":null,"additional_keywords":null,"truseo_locale":null},"aioseo_breadcrumb":"<div class=\"aioseo-breadcrumbs\"><span class=\"aioseo-breadcrumb\">\n\t\t\t<a href=\"https:\/\/allasorias.hu\/hirek\" title=\"Home\">Home<\/a>\n\t\t<\/span><span class=\"aioseo-breadcrumb-separator\">&raquo;<\/span><span class=\"aioseo-breadcrumb\">\n\t\t\t<a href=\"https:\/\/allasorias.hu\/hirek\/temak\/munkaeropiac\/\" title=\"Munkaer\u0151piac\">Munkaer\u0151piac<\/a>\n\t\t<\/span><span class=\"aioseo-breadcrumb-separator\">&raquo;<\/span><span class=\"aioseo-breadcrumb\">\n\t\t\t\u00dcgyelni kell a v\u00e1ltoz\u00f3 munkaer\u0151piaci szab\u00e1lyokra\n\t\t<\/span><\/div>","aioseo_breadcrumb_json":[{"label":"Home","link":"https:\/\/allasorias.hu\/hirek"},{"label":"Munkaer\u0151piac","link":"https:\/\/allasorias.hu\/hirek\/temak\/munkaeropiac\/"},{"label":"\u00dcgyelni kell a v\u00e1ltoz\u00f3 munkaer\u0151piaci szab\u00e1lyokra","link":"https:\/\/allasorias.hu\/hirek\/ugyelni-kell-a-valtozo-munkaeropiaci-szabalyokra\/"}],"_links":{"self":[{"href":"https:\/\/allasorias.hu\/hirek\/wp-json\/wp\/v2\/posts\/7746","targetHints":{"allow":["GET"]}}],"collection":[{"href":"https:\/\/allasorias.hu\/hirek\/wp-json\/wp\/v2\/posts"}],"about":[{"href":"https:\/\/allasorias.hu\/hirek\/wp-json\/wp\/v2\/types\/post"}],"author":[{"embeddable":true,"href":"https:\/\/allasorias.hu\/hirek\/wp-json\/wp\/v2\/users\/1"}],"replies":[{"embeddable":true,"href":"https:\/\/allasorias.hu\/hirek\/wp-json\/wp\/v2\/comments?post=7746"}],"version-history":[{"count":1,"href":"https:\/\/allasorias.hu\/hirek\/wp-json\/wp\/v2\/posts\/7746\/revisions"}],"predecessor-version":[{"id":7748,"href":"https:\/\/allasorias.hu\/hirek\/wp-json\/wp\/v2\/posts\/7746\/revisions\/7748"}],"wp:featuredmedia":[{"embeddable":true,"href":"https:\/\/allasorias.hu\/hirek\/wp-json\/wp\/v2\/media\/7747"}],"wp:attachment":[{"href":"https:\/\/allasorias.hu\/hirek\/wp-json\/wp\/v2\/media?parent=7746"}],"wp:term":[{"taxonomy":"category","embeddable":true,"href":"https:\/\/allasorias.hu\/hirek\/wp-json\/wp\/v2\/categories?post=7746"},{"taxonomy":"post_tag","embeddable":true,"href":"https:\/\/allasorias.hu\/hirek\/wp-json\/wp\/v2\/tags?post=7746"}],"curies":[{"name":"wp","href":"https:\/\/api.w.org\/{rel}","templated":true}]}}