{"id":7743,"date":"2024-07-10T08:35:48","date_gmt":"2024-07-10T06:35:48","guid":{"rendered":"https:\/\/allasorias.hu\/hirek\/?p=7743"},"modified":"2025-05-13T16:07:09","modified_gmt":"2025-05-13T14:07:09","slug":"vizsgaljak-a-munkavedelmi-eloirasok-betartasat","status":"publish","type":"post","link":"https:\/\/allasorias.hu\/hirek\/vizsgaljak-a-munkavedelmi-eloirasok-betartasat\/","title":{"rendered":"Vizsg\u00e1lj\u00e1k a munkav\u00e9delmi el\u0151\u00edr\u00e1sok betart\u00e1s\u00e1t"},"content":{"rendered":"<p><strong>A munkav\u00e9delmi hat\u00f3s\u00e1g szakemberei az elm\u00falt \u00e9vekben hangs\u00falyosan ellen\u0151rizt\u00e9k a melegben v\u00e9gzett munk\u00e1ra vonatkoz\u00f3 szab\u00e1lyok betart\u00e1s\u00e1t. A tapasztalatok azt mutatj\u00e1k, hogy a munkaad\u00f3k egyre jobban odafigyelnek a munkav\u00e1llal\u00f3kra, ez\u00e9rt ezt az id\u00e9n ny\u00e1ron m\u00e1r nem k\u00fcl\u00f6n, hanem az \u00f6sszes munkav\u00e9delmi el\u0151\u00edr\u00e1s ellen\u0151rz\u00e9s\u00e9nek r\u00e9szek\u00e9nt vizsg\u00e1lj\u00e1k.<\/strong><\/p>\n<p>Melegben v\u00e9gzett munka eset\u00e9n a munkaad\u00f3nak megfelel\u0151 h\u0151m\u00e9rs\u00e9klet\u0171 \u00e9s mennyis\u00e9g\u0171 v\u00e9d\u0151italt kell biztos\u00edtania a munkav\u00e1llal\u00f3 sz\u00e1m\u00e1ra \u2013 hangs\u00falyozta a Nemzetgazdas\u00e1gi Miniszt\u00e9rium (NGM) munkaer\u0151piac\u00e9rt, munkav\u00e9delem\u00e9rt \u00e9s foglalkoztat\u00e1s-fel\u00fcgyelet\u00e9rt felel\u0151s helyettes \u00e1llamtitk\u00e1ra az M1 aktu\u00e1lis csatorn\u00e1n. Z\u00f6ld-Nagy Vikt\u00f3ria annak kapcs\u00e1n, hogy a t\u00e1rca t\u00e1j\u00e9koztat\u00f3t tett k\u00f6zz\u00e9 a honlapj\u00e1n a melegben betartand\u00f3 munkav\u00e9delmi szab\u00e1lyokr\u00f3l, kiemelte, v\u00e9d\u0151italnak a csapv\u00edz is megfelel, nem k\u00f6telez\u0151 \u00e1sv\u00e1nyvizet adni, ugyanakkor fontos, hogy a folyad\u00e9knak ne legyen magas a cukortartalma.<\/p>\n<h2>Pihen\u0151id\u0151 \u00e9s v\u00e9d\u0151ital<\/h2>\n<p>Megjegyezte, a munkav\u00e1llal\u00f3knak azt tan\u00e1csolj\u00e1k, hogy melegben v\u00e9gzett munka sor\u00e1n ker\u00fclj\u00e9k a cukros, illetve a magas koffeintartalm\u00fa italok fogyaszt\u00e1s\u00e1t. Z\u00f6ld-Nagy Vikt\u00f3ria elmondta, ilyen jelleg\u0171 munka eset\u00e9n m\u00f3dosulnak a pihen\u0151id\u0151 szab\u00e1lyai, adni kell \u00f3r\u00e1nk\u00e9nt 5-10 percet, amit a munkav\u00e1llal\u00f3 pihen\u00e9ssel t\u00f6lthet el h\u0171v\u00f6sebb helyen. Sz\u00f3lt arr\u00f3l is, hogy a munkav\u00e9delmi szab\u00e1lyok kialak\u00edt\u00e1sakor a munkaad\u00f3knak k\u00f6telez\u0151 kock\u00e1zat\u00e9rt\u00e9kel\u00e9st v\u00e9gezni\u00fck. Ez \u00e9rinti a melegben v\u00e9gzett munk\u00e1t is, \u00edgy a munkav\u00e9delmi szab\u00e1lyzatban el\u0151re lehet gondoskodni az ilyen esetekben alkalmazand\u00f3 int\u00e9zked\u00e9sekr\u0151l.<\/p>\n<p>A Kossuth R\u00e1di\u00f3 J\u00f3 reggelt, Magyarorsz\u00e1g! c\u00edm\u0171 m\u0171sor\u00e1ban Z\u00f6ld-Nagy Vikt\u00f3ria elmondta, ilyen munka eset\u00e9n nemcsak a leveg\u0151 h\u0151m\u00e9rs\u00e9klet\u00e9t kell figyelembe venni, hanem a munkav\u00e9gz\u00e9sn\u00e9l haszn\u00e1lt g\u00e9pek, egy\u00e9b berendez\u00e9sek h\u0151j\u00e9nek sug\u00e1rz\u00e1s\u00e1t, a leveg\u0151 p\u00e1ratartalm\u00e1t, a l\u00e9g\u00e1raml\u00e1s biztos\u00edt\u00e1s\u00e1t is.\u00a0 Az ellen\u0151rz\u00e9sek tapasztalata szerint a munkaad\u00f3k a v\u00e9d\u0151italt \u00e1ltal\u00e1ban biztos\u00edtj\u00e1k, ugyanakkor az iroda megfelel\u0151 szell\u0151ztet\u00e9s\u00e9re m\u00e9g most is fel kell h\u00edvni a figyelmet \u2013 mondta az NGM helyettes \u00e1llamtitk\u00e1ra.<\/p>\n<p>Forr\u00e1s: <a href=\"https:\/\/hirklikk.hu\/kozelet\/melegben-vegzett-munka-eseten-vedoitalt-kell-biztositani-a-dolgozoknak\/434427\" target=\"_blank\" rel=\"nofollow noopener noreferrer\">hirklikk.hu<\/a><\/p>\n","protected":false},"excerpt":{"rendered":"<p>A munkav\u00e9delmi hat\u00f3s\u00e1g szakemberei az elm\u00falt \u00e9vekben hangs\u00falyosan ellen\u0151rizt\u00e9k a melegben v\u00e9gzett munk\u00e1ra vonatkoz\u00f3 szab\u00e1lyok betart\u00e1s\u00e1t. A tapasztalatok azt mutatj\u00e1k, hogy a munkaad\u00f3k egyre jobban odafigyelnek a munkav\u00e1llal\u00f3kra, ez\u00e9rt ezt az id\u00e9n ny\u00e1ron m\u00e1r nem k\u00fcl\u00f6n, hanem az \u00f6sszes munkav\u00e9delmi el\u0151\u00edr\u00e1s ellen\u0151rz\u00e9s\u00e9nek r\u00e9szek\u00e9nt vizsg\u00e1lj\u00e1k. Melegben v\u00e9gzett munka eset\u00e9n a munkaad\u00f3nak megfelel\u0151 h\u0151m\u00e9rs\u00e9klet\u0171 \u00e9s mennyis\u00e9g\u0171 v\u00e9d\u0151italt [&hellip;]<\/p>\n","protected":false},"author":1,"featured_media":7744,"comment_status":"closed","ping_status":"closed","sticky":false,"template":"","format":"standard","meta":{"_monsterinsights_skip_tracking":false,"footnotes":""},"categories":[1],"tags":[780,778,779],"class_list":["post-7743","post","type-post","status-publish","format-standard","has-post-thumbnail","hentry","category-allaskereses","tag-munkavedelem","tag-pihenoido","tag-vedoital"],"aioseo_notices":[],"aioseo_head":"\n\t\t<!-- All in One SEO 5.0.0.1 - aioseo.com -->\n\t<meta name=\"description\" content=\"A munkav\u00e9delmi hat\u00f3s\u00e1g szakemberei az elm\u00falt \u00e9vekben hangs\u00falyosan ellen\u0151rizt\u00e9k a melegben v\u00e9gzett munk\u00e1ra vonatkoz\u00f3 szab\u00e1lyok betart\u00e1s\u00e1t.\" \/>\n\t<meta name=\"robots\" content=\"max-image-preview:large\" \/>\n\t<meta name=\"author\" content=\"Juh\u00e1sz P\u00e9ter\"\/>\n\t<meta name=\"keywords\" content=\"munkav\u00e9delem,pihen\u0151id\u0151,v\u00e9d\u0151ital\" \/>\n\t<link rel=\"canonical\" href=\"https:\/\/allasorias.hu\/hirek\/vizsgaljak-a-munkavedelmi-eloirasok-betartasat\/\" \/>\n\t<meta name=\"generator\" content=\"All in One SEO (AIOSEO) 5.0.0.1\" \/>\n\t\t<meta property=\"og:locale\" content=\"hu_HU\" \/>\n\t\t<meta property=\"og:site_name\" content=\"AllasOrias.hu | H\u00edrek-lapszemle | \u00dczleti h\u00edrek az \u00e1ll\u00e1s \u00e9s a munka vil\u00e1g\u00e1b\u00f3l\" \/>\n\t\t<meta property=\"og:type\" content=\"article\" \/>\n\t\t<meta property=\"og:title\" content=\"Vizsg\u00e1lj\u00e1k a munkav\u00e9delmi szab\u00e1lyok betart\u00e1s\u00e1t\" \/>\n\t\t<meta property=\"og:description\" content=\"A munkav\u00e9delmi hat\u00f3s\u00e1g szakemberei az elm\u00falt \u00e9vekben hangs\u00falyosan ellen\u0151rizt\u00e9k a melegben v\u00e9gzett munk\u00e1ra vonatkoz\u00f3 szab\u00e1lyok betart\u00e1s\u00e1t.\" \/>\n\t\t<meta property=\"og:url\" content=\"https:\/\/allasorias.hu\/hirek\/vizsgaljak-a-munkavedelmi-eloirasok-betartasat\/\" \/>\n\t\t<meta property=\"og:image\" content=\"https:\/\/allasorias.hu\/hirek\/wp-content\/uploads\/2024\/07\/pihenoido-es-vedoital.jpg\" \/>\n\t\t<meta property=\"og:image:secure_url\" content=\"https:\/\/allasorias.hu\/hirek\/wp-content\/uploads\/2024\/07\/pihenoido-es-vedoital.jpg\" \/>\n\t\t<meta property=\"og:image:width\" content=\"1280\" \/>\n\t\t<meta property=\"og:image:height\" content=\"717\" \/>\n\t\t<meta property=\"article:published_time\" content=\"2024-07-10T06:35:48+00:00\" \/>\n\t\t<meta property=\"article:modified_time\" content=\"2025-05-13T14:07:09+00:00\" \/>\n\t\t<meta property=\"article:publisher\" content=\"https:\/\/www.facebook.com\/allasorias\" \/>\n\t\t<meta name=\"twitter:card\" content=\"summary_large_image\" \/>\n\t\t<meta name=\"twitter:title\" content=\"Vizsg\u00e1lj\u00e1k a munkav\u00e9delmi szab\u00e1lyok betart\u00e1s\u00e1t\" \/>\n\t\t<meta name=\"twitter:description\" content=\"A munkav\u00e9delmi hat\u00f3s\u00e1g szakemberei az elm\u00falt \u00e9vekben hangs\u00falyosan ellen\u0151rizt\u00e9k a melegben v\u00e9gzett munk\u00e1ra vonatkoz\u00f3 szab\u00e1lyok betart\u00e1s\u00e1t.\" \/>\n\t\t<meta name=\"twitter:image\" content=\"https:\/\/allasorias.hu\/hirek\/wp-content\/uploads\/2024\/07\/pihenoido-es-vedoital.jpg\" \/>\n\t\t<meta name=\"twitter:label1\" content=\"Written by\" \/>\n\t\t<meta name=\"twitter:data1\" content=\"Juh\u00e1sz P\u00e9ter\" \/>\n\t\t<meta name=\"twitter:label2\" content=\"Est. reading time\" \/>\n\t\t<meta name=\"twitter:data2\" content=\"2 minutes\" \/>\n\t\t<script type=\"application\/ld+json\" class=\"aioseo-schema\">\n\t\t\t{\"@context\":\"https:\\\/\\\/schema.org\",\"@graph\":[{\"@type\":\"Article\",\"@id\":\"https:\\\/\\\/allasorias.hu\\\/hirek\\\/vizsgaljak-a-munkavedelmi-eloirasok-betartasat\\\/#article\",\"name\":\"Vizsg\\u00e1lj\\u00e1k a munkav\\u00e9delmi szab\\u00e1lyok betart\\u00e1s\\u00e1t\",\"headline\":\"Vizsg\\u00e1lj\\u00e1k a munkav\\u00e9delmi el\\u0151\\u00edr\\u00e1sok betart\\u00e1s\\u00e1t\",\"author\":{\"@id\":\"https:\\\/\\\/allasorias.hu\\\/hirek\\\/author\\\/admin-allasorias\\\/#author\"},\"publisher\":{\"@id\":\"https:\\\/\\\/allasorias.hu\\\/hirek\\\/#organization\"},\"image\":{\"@type\":\"ImageObject\",\"url\":\"https:\\\/\\\/allasorias.hu\\\/hirek\\\/wp-content\\\/uploads\\\/2024\\\/07\\\/pihenoido-es-vedoital.jpg\",\"width\":1280,\"height\":717,\"caption\":\"Vizsg\\u00e1lj\\u00e1k a munkav\\u00e9delmi el\\u0151\\u00edr\\u00e1sok betart\\u00e1s\\u00e1t - Allasorias.hu\\\/Hirek\"},\"datePublished\":\"2024-07-10T08:35:48+02:00\",\"dateModified\":\"2025-05-13T16:07:09+02:00\",\"inLanguage\":\"hu-HU\",\"mainEntityOfPage\":{\"@id\":\"https:\\\/\\\/allasorias.hu\\\/hirek\\\/vizsgaljak-a-munkavedelmi-eloirasok-betartasat\\\/#webpage\"},\"isPartOf\":{\"@id\":\"https:\\\/\\\/allasorias.hu\\\/hirek\\\/vizsgaljak-a-munkavedelmi-eloirasok-betartasat\\\/#webpage\"},\"articleSection\":\"\\u00c1ll\\u00e1skeres\\u00e9s, munkav\\u00e9delem, pihen\\u0151id\\u0151, v\\u00e9d\\u0151ital\"},{\"@type\":\"BreadcrumbList\",\"@id\":\"https:\\\/\\\/allasorias.hu\\\/hirek\\\/vizsgaljak-a-munkavedelmi-eloirasok-betartasat\\\/#breadcrumblist\",\"itemListElement\":[{\"@type\":\"ListItem\",\"@id\":\"https:\\\/\\\/allasorias.hu\\\/hirek#listItem\",\"position\":1,\"name\":\"Home\",\"item\":\"https:\\\/\\\/allasorias.hu\\\/hirek\",\"nextItem\":{\"@type\":\"ListItem\",\"@id\":\"https:\\\/\\\/allasorias.hu\\\/hirek\\\/temak\\\/allaskereses\\\/#listItem\",\"name\":\"\\u00c1ll\\u00e1skeres\\u00e9s\"}},{\"@type\":\"ListItem\",\"@id\":\"https:\\\/\\\/allasorias.hu\\\/hirek\\\/temak\\\/allaskereses\\\/#listItem\",\"position\":2,\"name\":\"\\u00c1ll\\u00e1skeres\\u00e9s\",\"item\":\"https:\\\/\\\/allasorias.hu\\\/hirek\\\/temak\\\/allaskereses\\\/\",\"nextItem\":{\"@type\":\"ListItem\",\"@id\":\"https:\\\/\\\/allasorias.hu\\\/hirek\\\/vizsgaljak-a-munkavedelmi-eloirasok-betartasat\\\/#listItem\",\"name\":\"Vizsg\\u00e1lj\\u00e1k a munkav\\u00e9delmi el\\u0151\\u00edr\\u00e1sok betart\\u00e1s\\u00e1t\"},\"previousItem\":{\"@type\":\"ListItem\",\"@id\":\"https:\\\/\\\/allasorias.hu\\\/hirek#listItem\",\"name\":\"Home\"}},{\"@type\":\"ListItem\",\"@id\":\"https:\\\/\\\/allasorias.hu\\\/hirek\\\/vizsgaljak-a-munkavedelmi-eloirasok-betartasat\\\/#listItem\",\"position\":3,\"name\":\"Vizsg\\u00e1lj\\u00e1k a munkav\\u00e9delmi el\\u0151\\u00edr\\u00e1sok betart\\u00e1s\\u00e1t\",\"previousItem\":{\"@type\":\"ListItem\",\"@id\":\"https:\\\/\\\/allasorias.hu\\\/hirek\\\/temak\\\/allaskereses\\\/#listItem\",\"name\":\"\\u00c1ll\\u00e1skeres\\u00e9s\"}}]},{\"@type\":\"Organization\",\"@id\":\"https:\\\/\\\/allasorias.hu\\\/hirek\\\/#organization\",\"name\":\"AllasOrias.hu | H\\u00edrek-lapszemle\",\"description\":\"\\u00dczleti h\\u00edrek az \\u00e1ll\\u00e1s \\u00e9s a munka vil\\u00e1g\\u00e1b\\u00f3l\",\"url\":\"https:\\\/\\\/allasorias.hu\\\/hirek\\\/\",\"logo\":{\"@type\":\"ImageObject\",\"url\":\"https:\\\/\\\/allasorias.hu\\\/hirek\\\/wp-content\\\/uploads\\\/2022\\\/10\\\/allasorias_site_facebok_logo.png\",\"@id\":\"https:\\\/\\\/allasorias.hu\\\/hirek\\\/vizsgaljak-a-munkavedelmi-eloirasok-betartasat\\\/#organizationLogo\"},\"image\":{\"@id\":\"https:\\\/\\\/allasorias.hu\\\/hirek\\\/vizsgaljak-a-munkavedelmi-eloirasok-betartasat\\\/#organizationLogo\"},\"sameAs\":[\"https:\\\/\\\/www.facebook.com\\\/allasorias\",\"https:\\\/\\\/www.linkedin.com\\\/company\\\/allasorias\"]},{\"@type\":\"Person\",\"@id\":\"https:\\\/\\\/allasorias.hu\\\/hirek\\\/author\\\/admin-allasorias\\\/#author\",\"url\":\"https:\\\/\\\/allasorias.hu\\\/hirek\\\/author\\\/admin-allasorias\\\/\",\"name\":\"Juh\\u00e1sz P\\u00e9ter\",\"image\":{\"@type\":\"ImageObject\",\"@id\":\"https:\\\/\\\/allasorias.hu\\\/hirek\\\/vizsgaljak-a-munkavedelmi-eloirasok-betartasat\\\/#authorImage\",\"url\":\"https:\\\/\\\/secure.gravatar.com\\\/avatar\\\/36e6bcb83148978b992977cb0f54d22feb0cce8a0a849a9410532bb2623ba4c6?s=96&d=mm&r=g\",\"width\":96,\"height\":96,\"caption\":\"Juh\\u00e1sz P\\u00e9ter\"}},{\"@type\":\"WebPage\",\"@id\":\"https:\\\/\\\/allasorias.hu\\\/hirek\\\/vizsgaljak-a-munkavedelmi-eloirasok-betartasat\\\/#webpage\",\"url\":\"https:\\\/\\\/allasorias.hu\\\/hirek\\\/vizsgaljak-a-munkavedelmi-eloirasok-betartasat\\\/\",\"name\":\"Vizsg\\u00e1lj\\u00e1k a munkav\\u00e9delmi szab\\u00e1lyok betart\\u00e1s\\u00e1t\",\"description\":\"A munkav\\u00e9delmi hat\\u00f3s\\u00e1g szakemberei az elm\\u00falt \\u00e9vekben hangs\\u00falyosan ellen\\u0151rizt\\u00e9k a melegben v\\u00e9gzett munk\\u00e1ra vonatkoz\\u00f3 szab\\u00e1lyok betart\\u00e1s\\u00e1t.\",\"inLanguage\":\"hu-HU\",\"isPartOf\":{\"@id\":\"https:\\\/\\\/allasorias.hu\\\/hirek\\\/#website\"},\"breadcrumb\":{\"@id\":\"https:\\\/\\\/allasorias.hu\\\/hirek\\\/vizsgaljak-a-munkavedelmi-eloirasok-betartasat\\\/#breadcrumblist\"},\"author\":{\"@id\":\"https:\\\/\\\/allasorias.hu\\\/hirek\\\/author\\\/admin-allasorias\\\/#author\"},\"creator\":{\"@id\":\"https:\\\/\\\/allasorias.hu\\\/hirek\\\/author\\\/admin-allasorias\\\/#author\"},\"image\":{\"@type\":\"ImageObject\",\"url\":\"https:\\\/\\\/allasorias.hu\\\/hirek\\\/wp-content\\\/uploads\\\/2024\\\/07\\\/pihenoido-es-vedoital.jpg\",\"@id\":\"https:\\\/\\\/allasorias.hu\\\/hirek\\\/vizsgaljak-a-munkavedelmi-eloirasok-betartasat\\\/#mainImage\",\"width\":1280,\"height\":717,\"caption\":\"Vizsg\\u00e1lj\\u00e1k a munkav\\u00e9delmi el\\u0151\\u00edr\\u00e1sok betart\\u00e1s\\u00e1t - Allasorias.hu\\\/Hirek\"},\"primaryImageOfPage\":{\"@id\":\"https:\\\/\\\/allasorias.hu\\\/hirek\\\/vizsgaljak-a-munkavedelmi-eloirasok-betartasat\\\/#mainImage\"},\"datePublished\":\"2024-07-10T08:35:48+02:00\",\"dateModified\":\"2025-05-13T16:07:09+02:00\"},{\"@type\":\"WebSite\",\"@id\":\"https:\\\/\\\/allasorias.hu\\\/hirek\\\/#website\",\"url\":\"https:\\\/\\\/allasorias.hu\\\/hirek\\\/\",\"name\":\"AllasOrias.hu | H\\u00edrek-lapszemle\",\"description\":\"\\u00dczleti h\\u00edrek az \\u00e1ll\\u00e1s \\u00e9s a munka vil\\u00e1g\\u00e1b\\u00f3l\",\"inLanguage\":\"hu-HU\",\"publisher\":{\"@id\":\"https:\\\/\\\/allasorias.hu\\\/hirek\\\/#organization\"}}]}\n\t\t<\/script>\n\t\t<!-- All in One SEO -->\n\n","aioseo_head_json":{"title":"Vizsg\u00e1lj\u00e1k a munkav\u00e9delmi szab\u00e1lyok betart\u00e1s\u00e1t","description":"A munkav\u00e9delmi hat\u00f3s\u00e1g szakemberei az elm\u00falt \u00e9vekben hangs\u00falyosan ellen\u0151rizt\u00e9k a melegben v\u00e9gzett munk\u00e1ra vonatkoz\u00f3 szab\u00e1lyok betart\u00e1s\u00e1t.","canonical_url":"https:\/\/allasorias.hu\/hirek\/vizsgaljak-a-munkavedelmi-eloirasok-betartasat\/","robots":"max-image-preview:large","keywords":"munkav\u00e9delem,pihen\u0151id\u0151,v\u00e9d\u0151ital","webmasterTools":{"miscellaneous":""},"schema":{"@context":"https:\/\/schema.org","@graph":[{"@type":"Article","@id":"https:\/\/allasorias.hu\/hirek\/vizsgaljak-a-munkavedelmi-eloirasok-betartasat\/#article","name":"Vizsg\u00e1lj\u00e1k a munkav\u00e9delmi szab\u00e1lyok betart\u00e1s\u00e1t","headline":"Vizsg\u00e1lj\u00e1k a munkav\u00e9delmi el\u0151\u00edr\u00e1sok betart\u00e1s\u00e1t","author":{"@id":"https:\/\/allasorias.hu\/hirek\/author\/admin-allasorias\/#author"},"publisher":{"@id":"https:\/\/allasorias.hu\/hirek\/#organization"},"image":{"@type":"ImageObject","url":"https:\/\/allasorias.hu\/hirek\/wp-content\/uploads\/2024\/07\/pihenoido-es-vedoital.jpg","width":1280,"height":717,"caption":"Vizsg\u00e1lj\u00e1k a munkav\u00e9delmi el\u0151\u00edr\u00e1sok betart\u00e1s\u00e1t - Allasorias.hu\/Hirek"},"datePublished":"2024-07-10T08:35:48+02:00","dateModified":"2025-05-13T16:07:09+02:00","inLanguage":"hu-HU","mainEntityOfPage":{"@id":"https:\/\/allasorias.hu\/hirek\/vizsgaljak-a-munkavedelmi-eloirasok-betartasat\/#webpage"},"isPartOf":{"@id":"https:\/\/allasorias.hu\/hirek\/vizsgaljak-a-munkavedelmi-eloirasok-betartasat\/#webpage"},"articleSection":"\u00c1ll\u00e1skeres\u00e9s, munkav\u00e9delem, pihen\u0151id\u0151, v\u00e9d\u0151ital"},{"@type":"BreadcrumbList","@id":"https:\/\/allasorias.hu\/hirek\/vizsgaljak-a-munkavedelmi-eloirasok-betartasat\/#breadcrumblist","itemListElement":[{"@type":"ListItem","@id":"https:\/\/allasorias.hu\/hirek#listItem","position":1,"name":"Home","item":"https:\/\/allasorias.hu\/hirek","nextItem":{"@type":"ListItem","@id":"https:\/\/allasorias.hu\/hirek\/temak\/allaskereses\/#listItem","name":"\u00c1ll\u00e1skeres\u00e9s"}},{"@type":"ListItem","@id":"https:\/\/allasorias.hu\/hirek\/temak\/allaskereses\/#listItem","position":2,"name":"\u00c1ll\u00e1skeres\u00e9s","item":"https:\/\/allasorias.hu\/hirek\/temak\/allaskereses\/","nextItem":{"@type":"ListItem","@id":"https:\/\/allasorias.hu\/hirek\/vizsgaljak-a-munkavedelmi-eloirasok-betartasat\/#listItem","name":"Vizsg\u00e1lj\u00e1k a munkav\u00e9delmi el\u0151\u00edr\u00e1sok betart\u00e1s\u00e1t"},"previousItem":{"@type":"ListItem","@id":"https:\/\/allasorias.hu\/hirek#listItem","name":"Home"}},{"@type":"ListItem","@id":"https:\/\/allasorias.hu\/hirek\/vizsgaljak-a-munkavedelmi-eloirasok-betartasat\/#listItem","position":3,"name":"Vizsg\u00e1lj\u00e1k a munkav\u00e9delmi el\u0151\u00edr\u00e1sok betart\u00e1s\u00e1t","previousItem":{"@type":"ListItem","@id":"https:\/\/allasorias.hu\/hirek\/temak\/allaskereses\/#listItem","name":"\u00c1ll\u00e1skeres\u00e9s"}}]},{"@type":"Organization","@id":"https:\/\/allasorias.hu\/hirek\/#organization","name":"AllasOrias.hu | H\u00edrek-lapszemle","description":"\u00dczleti h\u00edrek az \u00e1ll\u00e1s \u00e9s a munka vil\u00e1g\u00e1b\u00f3l","url":"https:\/\/allasorias.hu\/hirek\/","logo":{"@type":"ImageObject","url":"https:\/\/allasorias.hu\/hirek\/wp-content\/uploads\/2022\/10\/allasorias_site_facebok_logo.png","@id":"https:\/\/allasorias.hu\/hirek\/vizsgaljak-a-munkavedelmi-eloirasok-betartasat\/#organizationLogo"},"image":{"@id":"https:\/\/allasorias.hu\/hirek\/vizsgaljak-a-munkavedelmi-eloirasok-betartasat\/#organizationLogo"},"sameAs":["https:\/\/www.facebook.com\/allasorias","https:\/\/www.linkedin.com\/company\/allasorias"]},{"@type":"Person","@id":"https:\/\/allasorias.hu\/hirek\/author\/admin-allasorias\/#author","url":"https:\/\/allasorias.hu\/hirek\/author\/admin-allasorias\/","name":"Juh\u00e1sz P\u00e9ter","image":{"@type":"ImageObject","@id":"https:\/\/allasorias.hu\/hirek\/vizsgaljak-a-munkavedelmi-eloirasok-betartasat\/#authorImage","url":"https:\/\/secure.gravatar.com\/avatar\/36e6bcb83148978b992977cb0f54d22feb0cce8a0a849a9410532bb2623ba4c6?s=96&d=mm&r=g","width":96,"height":96,"caption":"Juh\u00e1sz P\u00e9ter"}},{"@type":"WebPage","@id":"https:\/\/allasorias.hu\/hirek\/vizsgaljak-a-munkavedelmi-eloirasok-betartasat\/#webpage","url":"https:\/\/allasorias.hu\/hirek\/vizsgaljak-a-munkavedelmi-eloirasok-betartasat\/","name":"Vizsg\u00e1lj\u00e1k a munkav\u00e9delmi szab\u00e1lyok betart\u00e1s\u00e1t","description":"A munkav\u00e9delmi hat\u00f3s\u00e1g szakemberei az elm\u00falt \u00e9vekben hangs\u00falyosan ellen\u0151rizt\u00e9k a melegben v\u00e9gzett munk\u00e1ra vonatkoz\u00f3 szab\u00e1lyok betart\u00e1s\u00e1t.","inLanguage":"hu-HU","isPartOf":{"@id":"https:\/\/allasorias.hu\/hirek\/#website"},"breadcrumb":{"@id":"https:\/\/allasorias.hu\/hirek\/vizsgaljak-a-munkavedelmi-eloirasok-betartasat\/#breadcrumblist"},"author":{"@id":"https:\/\/allasorias.hu\/hirek\/author\/admin-allasorias\/#author"},"creator":{"@id":"https:\/\/allasorias.hu\/hirek\/author\/admin-allasorias\/#author"},"image":{"@type":"ImageObject","url":"https:\/\/allasorias.hu\/hirek\/wp-content\/uploads\/2024\/07\/pihenoido-es-vedoital.jpg","@id":"https:\/\/allasorias.hu\/hirek\/vizsgaljak-a-munkavedelmi-eloirasok-betartasat\/#mainImage","width":1280,"height":717,"caption":"Vizsg\u00e1lj\u00e1k a munkav\u00e9delmi el\u0151\u00edr\u00e1sok betart\u00e1s\u00e1t - Allasorias.hu\/Hirek"},"primaryImageOfPage":{"@id":"https:\/\/allasorias.hu\/hirek\/vizsgaljak-a-munkavedelmi-eloirasok-betartasat\/#mainImage"},"datePublished":"2024-07-10T08:35:48+02:00","dateModified":"2025-05-13T16:07:09+02:00"},{"@type":"WebSite","@id":"https:\/\/allasorias.hu\/hirek\/#website","url":"https:\/\/allasorias.hu\/hirek\/","name":"AllasOrias.hu | H\u00edrek-lapszemle","description":"\u00dczleti h\u00edrek az \u00e1ll\u00e1s \u00e9s a munka vil\u00e1g\u00e1b\u00f3l","inLanguage":"hu-HU","publisher":{"@id":"https:\/\/allasorias.hu\/hirek\/#organization"}}]},"og:locale":"hu_HU","og:site_name":"AllasOrias.hu | H\u00edrek-lapszemle | \u00dczleti h\u00edrek az \u00e1ll\u00e1s \u00e9s a munka vil\u00e1g\u00e1b\u00f3l","og:type":"article","og:title":"Vizsg\u00e1lj\u00e1k a munkav\u00e9delmi szab\u00e1lyok betart\u00e1s\u00e1t","og:description":"A munkav\u00e9delmi hat\u00f3s\u00e1g szakemberei az elm\u00falt \u00e9vekben hangs\u00falyosan ellen\u0151rizt\u00e9k a melegben v\u00e9gzett munk\u00e1ra vonatkoz\u00f3 szab\u00e1lyok betart\u00e1s\u00e1t.","og:url":"https:\/\/allasorias.hu\/hirek\/vizsgaljak-a-munkavedelmi-eloirasok-betartasat\/","og:image":"https:\/\/allasorias.hu\/hirek\/wp-content\/uploads\/2024\/07\/pihenoido-es-vedoital.jpg","og:image:secure_url":"https:\/\/allasorias.hu\/hirek\/wp-content\/uploads\/2024\/07\/pihenoido-es-vedoital.jpg","og:image:width":1280,"og:image:height":717,"article:published_time":"2024-07-10T06:35:48+00:00","article:modified_time":"2025-05-13T14:07:09+00:00","article:publisher":"https:\/\/www.facebook.com\/allasorias","twitter:card":"summary_large_image","twitter:title":"Vizsg\u00e1lj\u00e1k a munkav\u00e9delmi szab\u00e1lyok betart\u00e1s\u00e1t","twitter:description":"A munkav\u00e9delmi hat\u00f3s\u00e1g szakemberei az elm\u00falt \u00e9vekben hangs\u00falyosan ellen\u0151rizt\u00e9k a melegben v\u00e9gzett munk\u00e1ra vonatkoz\u00f3 szab\u00e1lyok betart\u00e1s\u00e1t.","twitter:image":"https:\/\/allasorias.hu\/hirek\/wp-content\/uploads\/2024\/07\/pihenoido-es-vedoital.jpg","twitter:label1":"Written by","twitter:data1":"Juh\u00e1sz P\u00e9ter","twitter:label2":"Est. reading time","twitter:data2":"2 minutes"},"aioseo_meta_data":{"post_id":"7743","title":"Vizsg\u00e1lj\u00e1k a munkav\u00e9delmi szab\u00e1lyok betart\u00e1s\u00e1t","description":"A munkav\u00e9delmi hat\u00f3s\u00e1g szakemberei az elm\u00falt \u00e9vekben hangs\u00falyosan ellen\u0151rizt\u00e9k a melegben v\u00e9gzett munk\u00e1ra vonatkoz\u00f3 szab\u00e1lyok betart\u00e1s\u00e1t.","keywords":null,"keyphrases":{"focus":{"keyphrase":"","score":0,"analysis":{"keyphraseInTitle":{"score":0,"maxScore":9,"error":1}}},"additional":[]},"primary_term":null,"canonical_url":null,"og_title":null,"og_description":null,"og_object_type":"default","og_image_type":"default","og_image_url":null,"og_image_width":null,"og_image_height":null,"og_image_custom_url":null,"og_image_custom_fields":null,"og_video":"","og_custom_url":null,"og_article_section":null,"og_article_tags":null,"twitter_use_og":true,"twitter_card":"default","twitter_image_type":"default","twitter_image_url":null,"twitter_image_custom_url":null,"twitter_image_custom_fields":null,"twitter_title":null,"twitter_description":null,"schema":{"blockGraphs":[],"customGraphs":[],"default":{"data":{"Article":[],"Course":[],"Dataset":[],"FAQPage":[],"Movie":[],"Person":[],"Product":[],"ProductReview":[],"Car":[],"Recipe":[],"Service":[],"SoftwareApplication":[],"WebPage":[]},"graphName":"Article","isEnabled":true},"graphs":[]},"schema_type":"default","schema_type_options":null,"pillar_content":false,"robots_default":true,"robots_noindex":false,"robots_noarchive":false,"robots_nosnippet":false,"robots_nofollow":false,"robots_noimageindex":false,"robots_noodp":false,"robots_notranslate":false,"robots_max_snippet":"-1","robots_max_videopreview":"-1","robots_max_imagepreview":"large","priority":null,"frequency":"default","location":null,"local_seo":null,"breadcrumb_settings":null,"limit_modified_date":false,"ai":null,"created":"2024-07-10 06:27:22","updated":"2025-10-02 20:08:03","seo_analyzer_scan_date":null,"focus_keyword":null,"additional_keywords":null,"truseo_locale":null},"aioseo_breadcrumb":"<div class=\"aioseo-breadcrumbs\"><span class=\"aioseo-breadcrumb\">\n\t\t\t<a href=\"https:\/\/allasorias.hu\/hirek\" title=\"Home\">Home<\/a>\n\t\t<\/span><span class=\"aioseo-breadcrumb-separator\">&raquo;<\/span><span class=\"aioseo-breadcrumb\">\n\t\t\t<a href=\"https:\/\/allasorias.hu\/hirek\/temak\/allaskereses\/\" title=\"\u00c1ll\u00e1skeres\u00e9s\">\u00c1ll\u00e1skeres\u00e9s<\/a>\n\t\t<\/span><span class=\"aioseo-breadcrumb-separator\">&raquo;<\/span><span class=\"aioseo-breadcrumb\">\n\t\t\tVizsg\u00e1lj\u00e1k a munkav\u00e9delmi el\u0151\u00edr\u00e1sok betart\u00e1s\u00e1t\n\t\t<\/span><\/div>","aioseo_breadcrumb_json":[{"label":"Home","link":"https:\/\/allasorias.hu\/hirek"},{"label":"\u00c1ll\u00e1skeres\u00e9s","link":"https:\/\/allasorias.hu\/hirek\/temak\/allaskereses\/"},{"label":"Vizsg\u00e1lj\u00e1k a munkav\u00e9delmi el\u0151\u00edr\u00e1sok betart\u00e1s\u00e1t","link":"https:\/\/allasorias.hu\/hirek\/vizsgaljak-a-munkavedelmi-eloirasok-betartasat\/"}],"_links":{"self":[{"href":"https:\/\/allasorias.hu\/hirek\/wp-json\/wp\/v2\/posts\/7743","targetHints":{"allow":["GET"]}}],"collection":[{"href":"https:\/\/allasorias.hu\/hirek\/wp-json\/wp\/v2\/posts"}],"about":[{"href":"https:\/\/allasorias.hu\/hirek\/wp-json\/wp\/v2\/types\/post"}],"author":[{"embeddable":true,"href":"https:\/\/allasorias.hu\/hirek\/wp-json\/wp\/v2\/users\/1"}],"replies":[{"embeddable":true,"href":"https:\/\/allasorias.hu\/hirek\/wp-json\/wp\/v2\/comments?post=7743"}],"version-history":[{"count":1,"href":"https:\/\/allasorias.hu\/hirek\/wp-json\/wp\/v2\/posts\/7743\/revisions"}],"predecessor-version":[{"id":7745,"href":"https:\/\/allasorias.hu\/hirek\/wp-json\/wp\/v2\/posts\/7743\/revisions\/7745"}],"wp:featuredmedia":[{"embeddable":true,"href":"https:\/\/allasorias.hu\/hirek\/wp-json\/wp\/v2\/media\/7744"}],"wp:attachment":[{"href":"https:\/\/allasorias.hu\/hirek\/wp-json\/wp\/v2\/media?parent=7743"}],"wp:term":[{"taxonomy":"category","embeddable":true,"href":"https:\/\/allasorias.hu\/hirek\/wp-json\/wp\/v2\/categories?post=7743"},{"taxonomy":"post_tag","embeddable":true,"href":"https:\/\/allasorias.hu\/hirek\/wp-json\/wp\/v2\/tags?post=7743"}],"curies":[{"name":"wp","href":"https:\/\/api.w.org\/{rel}","templated":true}]}}