{"id":7729,"date":"2024-07-04T11:29:30","date_gmt":"2024-07-04T09:29:30","guid":{"rendered":"https:\/\/allasorias.hu\/hirek\/?p=7729"},"modified":"2024-07-04T11:29:30","modified_gmt":"2024-07-04T09:29:30","slug":"mi-indul-az-uj-kepzes","status":"publish","type":"post","link":"https:\/\/allasorias.hu\/hirek\/mi-indul-az-uj-kepzes\/","title":{"rendered":"MI \u2013 indul az \u00faj k\u00e9pz\u00e9s"},"content":{"rendered":"<p><strong>A mesters\u00e9ges intelligencia \u00fczleti \u00e9s p\u00e9nz\u00fcgyi alkalmaz\u00e1sainak f\u0151bb ter\u00fcleteit ismertet\u0151 tov\u00e1bbk\u00e9pz\u00e9si szakot ind\u00edt a Budapesti Metropolitan Egyetem 2024 szeptember\u00e9t\u0151l \u2013 \u00edrja az egyetem k\u00f6zlem\u00e9ny\u00e9ben. A k\u00e9pz\u00e9s c\u00e9lja, hogy a mesters\u00e9ges intelligencia \u00fczleti \u00e9s p\u00e9nz\u00fcgyi alkalmaz\u00e1si lehet\u0151s\u00e9geit gyakorlatorient\u00e1ltan mutassa be.<\/strong><\/p>\n<p>A hallgat\u00f3k az elm\u00e9leti alapoz\u00e1s mellett val\u00f3s esettanulm\u00e1nyok \u00e9s sikeres gyakorlati projekteket megval\u00f3s\u00edt\u00f3 szakemberek seg\u00edts\u00e9g\u00e9vel ismerik meg az MI gyakorlati alkalmaz\u00e1s\u00e1t. Az \u00faj szak ind\u00edt\u00e1sa v\u00e1lasz a munkaer\u0151piac dinamikusan v\u00e1ltoz\u00f3 ig\u00e9nyeire. Nem kiz\u00e1r\u00f3lag specifikusinformatikai \u00e9s adatelemz\u0151i alapismeretekre \u00e9p\u00edtve, hanem \u00e1tfog\u00f3an, a hallgat\u00f3k proakt\u00edv \u00e9s probl\u00e9mamegold\u00f3 attit\u0171dj\u00e9t fejleszt\u0151 m\u00f3don.<\/p>\n<p>A k\u00e9pz\u00e9s lehet\u0151v\u00e9 teszi, hogy a technol\u00f3giai \u00e9rdekl\u0151d\u00e9s\u0171, de nem kifejezetten informatikai vagy m\u00e9rn\u00f6ki v\u00e9gzetts\u00e9ggel rendelkez\u0151 jelentkez\u0151k is elm\u00e9lyedhessenek a leg\u00fajabb MI-megold\u00e1sokban. A k\u00e9pz\u00e9s sor\u00e1n a hallgat\u00f3k az elm\u00e9leti alapoz\u00e1s mellett val\u00f3s esettanulm\u00e1nyok \u00e9s sikeres gyakorlati projekteket megval\u00f3s\u00edt\u00f3 szakemberek seg\u00edts\u00e9g\u00e9vel ismerik meg az MI gyakorlati alkalmaz\u00e1si lehet\u0151s\u00e9geit \u00e9s kih\u00edv\u00e1sait.<\/p>\n<h2>Egy\u00fcttm\u0171k\u00f6d\u00e9s a ChatGPT fejleszt\u0151ivel<\/h2>\n<p>A tanul\u00e1st a METU \u00e9s az Arizona State University partners\u00e9g\u00e9nek k\u00f6sz\u00f6nhet\u0151en a vil\u00e1g legjobb egyetemei k\u00f6z\u00f6tt jegyzett amerikai int\u00e9zm\u00e9ny oktat\u00e1si anyagai is seg\u00edtik. Az ASU a vil\u00e1gon az els\u0151 egyetem, amely oktat\u00e1si c\u00e9llal egy\u00fcttm\u0171k\u00f6d\u00e9st \u00edrt al\u00e1 a ChatGPT-t is fejleszt\u0151 Open AI v\u00e1llalattal. A k\u00e9pz\u00e9s keret\u00e9ben a hallgat\u00f3k kipr\u00f3b\u00e1lhatj\u00e1k az MI-alap\u00fa megold\u00e1sok kialak\u00edt\u00e1s\u00e1t \u00e9s a piacvezet\u0151 nagy nyelvi modellek promptol\u00e1s\u00e1t.<\/p>\n<p>Emellett ismereteket ny\u00fajt a mesters\u00e9ges intelligencia b\u0151vebb alkalmaz\u00e1si lehet\u0151s\u00e9gei, kih\u00edv\u00e1sai, kock\u00e1zatai, vesz\u00e9lyei, etikai-jogi \u00e9s szab\u00e1lyoz\u00e1si k\u00e9rd\u00e9sei kapcs\u00e1n is. Az \u00faj szak ind\u00edt\u00e1sa v\u00e1lasz a munkaer\u0151piac dinamikusan v\u00e1ltoz\u00f3 ig\u00e9nyeire, amely egyre t\u00f6bb MI-szak\u00e9rt\u0151t keres a p\u00e9nz\u00fcgyi \u00e9s \u00fczleti szektorban \u2013 nyilatkozta F\u00e1ykiss P\u00e9ter, a Mesters\u00e9ges intelligencia \u00fczleti \u00e9s p\u00e9nz\u00fcgyi alkalmaz\u00e1sai szakir\u00e1ny\u00fa tov\u00e1bbk\u00e9pz\u00e9si szak szakvezet\u0151je.<\/p>\n<p>Folyamatosan n\u00f6vekszik az ig\u00e9ny a technol\u00f3giai fejl\u0151d\u00e9s trendjeit \u00e9s lehet\u0151s\u00e9geit j\u00f3l ismer\u0151, gyakorlati tud\u00e1ssal rendelkez\u0151 szakemberek ir\u00e1nt. A digit\u00e1lis transzform\u00e1ci\u00f3 m\u00e1r \u00e9vek \u00f3ta \u00e9rinti a k\u00fcl\u00f6nb\u00f6z\u0151 ipar\u00e1gakat, a mesters\u00e9ges intelligencia forradalma pedig feler\u0151s\u00edti az ig\u00e9nyt a hat\u00e9kony digit\u00e1lis \u00e1talakul\u00e1sra. A k\u00e9pz\u00e9s c\u00e9lja, hogy a kreat\u00edv-proakt\u00edv szeml\u00e9letm\u00f3d elsaj\u00e1t\u00edt\u00e1s\u00e1t seg\u00edtse a hallgat\u00f3k k\u00f6r\u00e9ben, amely minden szakter\u00fcleten relev\u00e1ns lehet \u2013 tette hozz\u00e1 F\u00e1ykiss. Az \u00faj mesters\u00e9ges intelligencia \u00fczleti \u00e9s p\u00e9nz\u00fcgyi alkalmaz\u00e1sai szakir\u00e1ny\u00fa tov\u00e1bbk\u00e9pz\u00e9si szak 2024 szeptember\u00e9ben indul. Az \u00e9rdekl\u0151d\u0151k m\u00e1r most jelentkezhetnek a k\u00e9pz\u00e9sre.<\/p>\n<p>Forr\u00e1s: <a href=\"https:\/\/www.vg.hu\/vilaggazdasag-magyar-gazdasag\/2024\/07\/mesterseges-intelligencia-metropolitan\" target=\"_blank\" rel=\"nofollow noopener noreferrer\">vg.hu<\/a><\/p>\n","protected":false},"excerpt":{"rendered":"<p>A mesters\u00e9ges intelligencia \u00fczleti \u00e9s p\u00e9nz\u00fcgyi alkalmaz\u00e1sainak f\u0151bb ter\u00fcleteit ismertet\u0151 tov\u00e1bbk\u00e9pz\u00e9si szakot ind\u00edt a Budapesti Metropolitan Egyetem 2024 szeptember\u00e9t\u0151l \u2013 \u00edrja az egyetem k\u00f6zlem\u00e9ny\u00e9ben. A k\u00e9pz\u00e9s c\u00e9lja, hogy a mesters\u00e9ges intelligencia \u00fczleti \u00e9s p\u00e9nz\u00fcgyi alkalmaz\u00e1si lehet\u0151s\u00e9geit gyakorlatorient\u00e1ltan mutassa be. A hallgat\u00f3k az elm\u00e9leti alapoz\u00e1s mellett val\u00f3s esettanulm\u00e1nyok \u00e9s sikeres gyakorlati projekteket megval\u00f3s\u00edt\u00f3 szakemberek seg\u00edts\u00e9g\u00e9vel ismerik [&hellip;]<\/p>\n","protected":false},"author":1,"featured_media":7730,"comment_status":"closed","ping_status":"closed","sticky":false,"template":"","format":"standard","meta":{"_monsterinsights_skip_tracking":false,"footnotes":""},"categories":[199],"tags":[777,380,264],"class_list":["post-7729","post","type-post","status-publish","format-standard","has-post-thumbnail","hentry","category-karrier","tag-budapesti-metropolitan-egyetem","tag-kepzes","tag-mesterseges-intelligencia"],"aioseo_notices":[],"aioseo_head":"\n\t\t<!-- All in One SEO 5.0.0.1 - aioseo.com -->\n\t<meta name=\"description\" content=\"A mesters\u00e9ges intelligencia \u00fczleti \u00e9s p\u00e9nz\u00fcgyi alkalmaz\u00e1sainak f\u0151bb ter\u00fcleteit ismertet\u0151 tov\u00e1bbk\u00e9pz\u00e9si szakot ind\u00edt a Budapesti Metropolitan Egyetem\" \/>\n\t<meta name=\"robots\" content=\"max-image-preview:large\" \/>\n\t<meta name=\"author\" content=\"Juh\u00e1sz P\u00e9ter\"\/>\n\t<meta name=\"keywords\" content=\"budapesti metropolitan egyetem,k\u00e9pz\u00e9s,mesters\u00e9ges intelligencia\" \/>\n\t<link rel=\"canonical\" href=\"https:\/\/allasorias.hu\/hirek\/mi-indul-az-uj-kepzes\/\" \/>\n\t<meta name=\"generator\" content=\"All in One SEO (AIOSEO) 5.0.0.1\" \/>\n\t\t<meta property=\"og:locale\" content=\"hu_HU\" \/>\n\t\t<meta property=\"og:site_name\" content=\"AllasOrias.hu | H\u00edrek-lapszemle | \u00dczleti h\u00edrek az \u00e1ll\u00e1s \u00e9s a munka vil\u00e1g\u00e1b\u00f3l\" \/>\n\t\t<meta property=\"og:type\" content=\"article\" \/>\n\t\t<meta property=\"og:title\" content=\"MI \u2013 indul az \u00faj k\u00e9pz\u00e9s | AllasOrias.hu | H\u00edrek-lapszemle\" \/>\n\t\t<meta property=\"og:description\" content=\"A mesters\u00e9ges intelligencia \u00fczleti \u00e9s p\u00e9nz\u00fcgyi alkalmaz\u00e1sainak f\u0151bb ter\u00fcleteit ismertet\u0151 tov\u00e1bbk\u00e9pz\u00e9si szakot ind\u00edt a Budapesti Metropolitan Egyetem\" \/>\n\t\t<meta property=\"og:url\" content=\"https:\/\/allasorias.hu\/hirek\/mi-indul-az-uj-kepzes\/\" \/>\n\t\t<meta property=\"og:image\" content=\"https:\/\/allasorias.hu\/hirek\/wp-content\/uploads\/2024\/07\/mesterseges-intelligencia-kepzes.jpg\" \/>\n\t\t<meta property=\"og:image:secure_url\" content=\"https:\/\/allasorias.hu\/hirek\/wp-content\/uploads\/2024\/07\/mesterseges-intelligencia-kepzes.jpg\" \/>\n\t\t<meta property=\"og:image:width\" content=\"1280\" \/>\n\t\t<meta property=\"og:image:height\" content=\"854\" \/>\n\t\t<meta property=\"article:published_time\" content=\"2024-07-04T09:29:30+00:00\" \/>\n\t\t<meta property=\"article:modified_time\" content=\"2024-07-04T09:29:30+00:00\" \/>\n\t\t<meta property=\"article:publisher\" content=\"https:\/\/www.facebook.com\/allasorias\" \/>\n\t\t<meta name=\"twitter:card\" content=\"summary_large_image\" \/>\n\t\t<meta name=\"twitter:title\" content=\"MI \u2013 indul az \u00faj k\u00e9pz\u00e9s | AllasOrias.hu | H\u00edrek-lapszemle\" \/>\n\t\t<meta name=\"twitter:description\" content=\"A mesters\u00e9ges intelligencia \u00fczleti \u00e9s p\u00e9nz\u00fcgyi alkalmaz\u00e1sainak f\u0151bb ter\u00fcleteit ismertet\u0151 tov\u00e1bbk\u00e9pz\u00e9si szakot ind\u00edt a Budapesti Metropolitan Egyetem\" \/>\n\t\t<meta name=\"twitter:image\" content=\"https:\/\/allasorias.hu\/hirek\/wp-content\/uploads\/2024\/07\/mesterseges-intelligencia-kepzes.jpg\" \/>\n\t\t<meta name=\"twitter:label1\" content=\"Written by\" \/>\n\t\t<meta name=\"twitter:data1\" content=\"Juh\u00e1sz P\u00e9ter\" \/>\n\t\t<meta name=\"twitter:label2\" content=\"Est. reading time\" \/>\n\t\t<meta name=\"twitter:data2\" content=\"3 minutes\" \/>\n\t\t<script type=\"application\/ld+json\" class=\"aioseo-schema\">\n\t\t\t{\"@context\":\"https:\\\/\\\/schema.org\",\"@graph\":[{\"@type\":\"Article\",\"@id\":\"https:\\\/\\\/allasorias.hu\\\/hirek\\\/mi-indul-az-uj-kepzes\\\/#article\",\"name\":\"MI \\u2013 indul az \\u00faj k\\u00e9pz\\u00e9s | AllasOrias.hu | H\\u00edrek-lapszemle\",\"headline\":\"MI \\u2013 indul az \\u00faj k\\u00e9pz\\u00e9s\",\"author\":{\"@id\":\"https:\\\/\\\/allasorias.hu\\\/hirek\\\/author\\\/admin-allasorias\\\/#author\"},\"publisher\":{\"@id\":\"https:\\\/\\\/allasorias.hu\\\/hirek\\\/#organization\"},\"image\":{\"@type\":\"ImageObject\",\"url\":\"https:\\\/\\\/allasorias.hu\\\/hirek\\\/wp-content\\\/uploads\\\/2024\\\/07\\\/mesterseges-intelligencia-kepzes.jpg\",\"width\":1280,\"height\":854,\"caption\":\"MI \\u2013 indul az \\u00faj k\\u00e9pz\\u00e9s - Allasorias.hu\\\/Hirek\"},\"datePublished\":\"2024-07-04T11:29:30+02:00\",\"dateModified\":\"2024-07-04T11:29:30+02:00\",\"inLanguage\":\"hu-HU\",\"mainEntityOfPage\":{\"@id\":\"https:\\\/\\\/allasorias.hu\\\/hirek\\\/mi-indul-az-uj-kepzes\\\/#webpage\"},\"isPartOf\":{\"@id\":\"https:\\\/\\\/allasorias.hu\\\/hirek\\\/mi-indul-az-uj-kepzes\\\/#webpage\"},\"articleSection\":\"Karrier, Budapesti Metropolitan Egyetem, k\\u00e9pz\\u00e9s, mesters\\u00e9ges intelligencia\"},{\"@type\":\"BreadcrumbList\",\"@id\":\"https:\\\/\\\/allasorias.hu\\\/hirek\\\/mi-indul-az-uj-kepzes\\\/#breadcrumblist\",\"itemListElement\":[{\"@type\":\"ListItem\",\"@id\":\"https:\\\/\\\/allasorias.hu\\\/hirek#listItem\",\"position\":1,\"name\":\"Home\",\"item\":\"https:\\\/\\\/allasorias.hu\\\/hirek\",\"nextItem\":{\"@type\":\"ListItem\",\"@id\":\"https:\\\/\\\/allasorias.hu\\\/hirek\\\/temak\\\/karrier\\\/#listItem\",\"name\":\"Karrier\"}},{\"@type\":\"ListItem\",\"@id\":\"https:\\\/\\\/allasorias.hu\\\/hirek\\\/temak\\\/karrier\\\/#listItem\",\"position\":2,\"name\":\"Karrier\",\"item\":\"https:\\\/\\\/allasorias.hu\\\/hirek\\\/temak\\\/karrier\\\/\",\"nextItem\":{\"@type\":\"ListItem\",\"@id\":\"https:\\\/\\\/allasorias.hu\\\/hirek\\\/mi-indul-az-uj-kepzes\\\/#listItem\",\"name\":\"MI \\u2013 indul az \\u00faj k\\u00e9pz\\u00e9s\"},\"previousItem\":{\"@type\":\"ListItem\",\"@id\":\"https:\\\/\\\/allasorias.hu\\\/hirek#listItem\",\"name\":\"Home\"}},{\"@type\":\"ListItem\",\"@id\":\"https:\\\/\\\/allasorias.hu\\\/hirek\\\/mi-indul-az-uj-kepzes\\\/#listItem\",\"position\":3,\"name\":\"MI \\u2013 indul az \\u00faj k\\u00e9pz\\u00e9s\",\"previousItem\":{\"@type\":\"ListItem\",\"@id\":\"https:\\\/\\\/allasorias.hu\\\/hirek\\\/temak\\\/karrier\\\/#listItem\",\"name\":\"Karrier\"}}]},{\"@type\":\"Organization\",\"@id\":\"https:\\\/\\\/allasorias.hu\\\/hirek\\\/#organization\",\"name\":\"AllasOrias.hu | H\\u00edrek-lapszemle\",\"description\":\"\\u00dczleti h\\u00edrek az \\u00e1ll\\u00e1s \\u00e9s a munka vil\\u00e1g\\u00e1b\\u00f3l\",\"url\":\"https:\\\/\\\/allasorias.hu\\\/hirek\\\/\",\"logo\":{\"@type\":\"ImageObject\",\"url\":\"https:\\\/\\\/allasorias.hu\\\/hirek\\\/wp-content\\\/uploads\\\/2022\\\/10\\\/allasorias_site_facebok_logo.png\",\"@id\":\"https:\\\/\\\/allasorias.hu\\\/hirek\\\/mi-indul-az-uj-kepzes\\\/#organizationLogo\"},\"image\":{\"@id\":\"https:\\\/\\\/allasorias.hu\\\/hirek\\\/mi-indul-az-uj-kepzes\\\/#organizationLogo\"},\"sameAs\":[\"https:\\\/\\\/www.facebook.com\\\/allasorias\",\"https:\\\/\\\/www.linkedin.com\\\/company\\\/allasorias\"]},{\"@type\":\"Person\",\"@id\":\"https:\\\/\\\/allasorias.hu\\\/hirek\\\/author\\\/admin-allasorias\\\/#author\",\"url\":\"https:\\\/\\\/allasorias.hu\\\/hirek\\\/author\\\/admin-allasorias\\\/\",\"name\":\"Juh\\u00e1sz P\\u00e9ter\",\"image\":{\"@type\":\"ImageObject\",\"@id\":\"https:\\\/\\\/allasorias.hu\\\/hirek\\\/mi-indul-az-uj-kepzes\\\/#authorImage\",\"url\":\"https:\\\/\\\/secure.gravatar.com\\\/avatar\\\/36e6bcb83148978b992977cb0f54d22feb0cce8a0a849a9410532bb2623ba4c6?s=96&d=mm&r=g\",\"width\":96,\"height\":96,\"caption\":\"Juh\\u00e1sz P\\u00e9ter\"}},{\"@type\":\"WebPage\",\"@id\":\"https:\\\/\\\/allasorias.hu\\\/hirek\\\/mi-indul-az-uj-kepzes\\\/#webpage\",\"url\":\"https:\\\/\\\/allasorias.hu\\\/hirek\\\/mi-indul-az-uj-kepzes\\\/\",\"name\":\"MI \\u2013 indul az \\u00faj k\\u00e9pz\\u00e9s | AllasOrias.hu | H\\u00edrek-lapszemle\",\"description\":\"A mesters\\u00e9ges intelligencia \\u00fczleti \\u00e9s p\\u00e9nz\\u00fcgyi alkalmaz\\u00e1sainak f\\u0151bb ter\\u00fcleteit ismertet\\u0151 tov\\u00e1bbk\\u00e9pz\\u00e9si szakot ind\\u00edt a Budapesti Metropolitan Egyetem\",\"inLanguage\":\"hu-HU\",\"isPartOf\":{\"@id\":\"https:\\\/\\\/allasorias.hu\\\/hirek\\\/#website\"},\"breadcrumb\":{\"@id\":\"https:\\\/\\\/allasorias.hu\\\/hirek\\\/mi-indul-az-uj-kepzes\\\/#breadcrumblist\"},\"author\":{\"@id\":\"https:\\\/\\\/allasorias.hu\\\/hirek\\\/author\\\/admin-allasorias\\\/#author\"},\"creator\":{\"@id\":\"https:\\\/\\\/allasorias.hu\\\/hirek\\\/author\\\/admin-allasorias\\\/#author\"},\"image\":{\"@type\":\"ImageObject\",\"url\":\"https:\\\/\\\/allasorias.hu\\\/hirek\\\/wp-content\\\/uploads\\\/2024\\\/07\\\/mesterseges-intelligencia-kepzes.jpg\",\"@id\":\"https:\\\/\\\/allasorias.hu\\\/hirek\\\/mi-indul-az-uj-kepzes\\\/#mainImage\",\"width\":1280,\"height\":854,\"caption\":\"MI \\u2013 indul az \\u00faj k\\u00e9pz\\u00e9s - Allasorias.hu\\\/Hirek\"},\"primaryImageOfPage\":{\"@id\":\"https:\\\/\\\/allasorias.hu\\\/hirek\\\/mi-indul-az-uj-kepzes\\\/#mainImage\"},\"datePublished\":\"2024-07-04T11:29:30+02:00\",\"dateModified\":\"2024-07-04T11:29:30+02:00\"},{\"@type\":\"WebSite\",\"@id\":\"https:\\\/\\\/allasorias.hu\\\/hirek\\\/#website\",\"url\":\"https:\\\/\\\/allasorias.hu\\\/hirek\\\/\",\"name\":\"AllasOrias.hu | H\\u00edrek-lapszemle\",\"description\":\"\\u00dczleti h\\u00edrek az \\u00e1ll\\u00e1s \\u00e9s a munka vil\\u00e1g\\u00e1b\\u00f3l\",\"inLanguage\":\"hu-HU\",\"publisher\":{\"@id\":\"https:\\\/\\\/allasorias.hu\\\/hirek\\\/#organization\"}}]}\n\t\t<\/script>\n\t\t<!-- All in One SEO -->\n\n","aioseo_head_json":{"title":"MI \u2013 indul az \u00faj k\u00e9pz\u00e9s | AllasOrias.hu | H\u00edrek-lapszemle","description":"A mesters\u00e9ges intelligencia \u00fczleti \u00e9s p\u00e9nz\u00fcgyi alkalmaz\u00e1sainak f\u0151bb ter\u00fcleteit ismertet\u0151 tov\u00e1bbk\u00e9pz\u00e9si szakot ind\u00edt a Budapesti Metropolitan Egyetem","canonical_url":"https:\/\/allasorias.hu\/hirek\/mi-indul-az-uj-kepzes\/","robots":"max-image-preview:large","keywords":"budapesti metropolitan egyetem,k\u00e9pz\u00e9s,mesters\u00e9ges intelligencia","webmasterTools":{"miscellaneous":""},"schema":{"@context":"https:\/\/schema.org","@graph":[{"@type":"Article","@id":"https:\/\/allasorias.hu\/hirek\/mi-indul-az-uj-kepzes\/#article","name":"MI \u2013 indul az \u00faj k\u00e9pz\u00e9s | AllasOrias.hu | H\u00edrek-lapszemle","headline":"MI \u2013 indul az \u00faj k\u00e9pz\u00e9s","author":{"@id":"https:\/\/allasorias.hu\/hirek\/author\/admin-allasorias\/#author"},"publisher":{"@id":"https:\/\/allasorias.hu\/hirek\/#organization"},"image":{"@type":"ImageObject","url":"https:\/\/allasorias.hu\/hirek\/wp-content\/uploads\/2024\/07\/mesterseges-intelligencia-kepzes.jpg","width":1280,"height":854,"caption":"MI \u2013 indul az \u00faj k\u00e9pz\u00e9s - Allasorias.hu\/Hirek"},"datePublished":"2024-07-04T11:29:30+02:00","dateModified":"2024-07-04T11:29:30+02:00","inLanguage":"hu-HU","mainEntityOfPage":{"@id":"https:\/\/allasorias.hu\/hirek\/mi-indul-az-uj-kepzes\/#webpage"},"isPartOf":{"@id":"https:\/\/allasorias.hu\/hirek\/mi-indul-az-uj-kepzes\/#webpage"},"articleSection":"Karrier, Budapesti Metropolitan Egyetem, k\u00e9pz\u00e9s, mesters\u00e9ges intelligencia"},{"@type":"BreadcrumbList","@id":"https:\/\/allasorias.hu\/hirek\/mi-indul-az-uj-kepzes\/#breadcrumblist","itemListElement":[{"@type":"ListItem","@id":"https:\/\/allasorias.hu\/hirek#listItem","position":1,"name":"Home","item":"https:\/\/allasorias.hu\/hirek","nextItem":{"@type":"ListItem","@id":"https:\/\/allasorias.hu\/hirek\/temak\/karrier\/#listItem","name":"Karrier"}},{"@type":"ListItem","@id":"https:\/\/allasorias.hu\/hirek\/temak\/karrier\/#listItem","position":2,"name":"Karrier","item":"https:\/\/allasorias.hu\/hirek\/temak\/karrier\/","nextItem":{"@type":"ListItem","@id":"https:\/\/allasorias.hu\/hirek\/mi-indul-az-uj-kepzes\/#listItem","name":"MI \u2013 indul az \u00faj k\u00e9pz\u00e9s"},"previousItem":{"@type":"ListItem","@id":"https:\/\/allasorias.hu\/hirek#listItem","name":"Home"}},{"@type":"ListItem","@id":"https:\/\/allasorias.hu\/hirek\/mi-indul-az-uj-kepzes\/#listItem","position":3,"name":"MI \u2013 indul az \u00faj k\u00e9pz\u00e9s","previousItem":{"@type":"ListItem","@id":"https:\/\/allasorias.hu\/hirek\/temak\/karrier\/#listItem","name":"Karrier"}}]},{"@type":"Organization","@id":"https:\/\/allasorias.hu\/hirek\/#organization","name":"AllasOrias.hu | H\u00edrek-lapszemle","description":"\u00dczleti h\u00edrek az \u00e1ll\u00e1s \u00e9s a munka vil\u00e1g\u00e1b\u00f3l","url":"https:\/\/allasorias.hu\/hirek\/","logo":{"@type":"ImageObject","url":"https:\/\/allasorias.hu\/hirek\/wp-content\/uploads\/2022\/10\/allasorias_site_facebok_logo.png","@id":"https:\/\/allasorias.hu\/hirek\/mi-indul-az-uj-kepzes\/#organizationLogo"},"image":{"@id":"https:\/\/allasorias.hu\/hirek\/mi-indul-az-uj-kepzes\/#organizationLogo"},"sameAs":["https:\/\/www.facebook.com\/allasorias","https:\/\/www.linkedin.com\/company\/allasorias"]},{"@type":"Person","@id":"https:\/\/allasorias.hu\/hirek\/author\/admin-allasorias\/#author","url":"https:\/\/allasorias.hu\/hirek\/author\/admin-allasorias\/","name":"Juh\u00e1sz P\u00e9ter","image":{"@type":"ImageObject","@id":"https:\/\/allasorias.hu\/hirek\/mi-indul-az-uj-kepzes\/#authorImage","url":"https:\/\/secure.gravatar.com\/avatar\/36e6bcb83148978b992977cb0f54d22feb0cce8a0a849a9410532bb2623ba4c6?s=96&d=mm&r=g","width":96,"height":96,"caption":"Juh\u00e1sz P\u00e9ter"}},{"@type":"WebPage","@id":"https:\/\/allasorias.hu\/hirek\/mi-indul-az-uj-kepzes\/#webpage","url":"https:\/\/allasorias.hu\/hirek\/mi-indul-az-uj-kepzes\/","name":"MI \u2013 indul az \u00faj k\u00e9pz\u00e9s | AllasOrias.hu | H\u00edrek-lapszemle","description":"A mesters\u00e9ges intelligencia \u00fczleti \u00e9s p\u00e9nz\u00fcgyi alkalmaz\u00e1sainak f\u0151bb ter\u00fcleteit ismertet\u0151 tov\u00e1bbk\u00e9pz\u00e9si szakot ind\u00edt a Budapesti Metropolitan Egyetem","inLanguage":"hu-HU","isPartOf":{"@id":"https:\/\/allasorias.hu\/hirek\/#website"},"breadcrumb":{"@id":"https:\/\/allasorias.hu\/hirek\/mi-indul-az-uj-kepzes\/#breadcrumblist"},"author":{"@id":"https:\/\/allasorias.hu\/hirek\/author\/admin-allasorias\/#author"},"creator":{"@id":"https:\/\/allasorias.hu\/hirek\/author\/admin-allasorias\/#author"},"image":{"@type":"ImageObject","url":"https:\/\/allasorias.hu\/hirek\/wp-content\/uploads\/2024\/07\/mesterseges-intelligencia-kepzes.jpg","@id":"https:\/\/allasorias.hu\/hirek\/mi-indul-az-uj-kepzes\/#mainImage","width":1280,"height":854,"caption":"MI \u2013 indul az \u00faj k\u00e9pz\u00e9s - Allasorias.hu\/Hirek"},"primaryImageOfPage":{"@id":"https:\/\/allasorias.hu\/hirek\/mi-indul-az-uj-kepzes\/#mainImage"},"datePublished":"2024-07-04T11:29:30+02:00","dateModified":"2024-07-04T11:29:30+02:00"},{"@type":"WebSite","@id":"https:\/\/allasorias.hu\/hirek\/#website","url":"https:\/\/allasorias.hu\/hirek\/","name":"AllasOrias.hu | H\u00edrek-lapszemle","description":"\u00dczleti h\u00edrek az \u00e1ll\u00e1s \u00e9s a munka vil\u00e1g\u00e1b\u00f3l","inLanguage":"hu-HU","publisher":{"@id":"https:\/\/allasorias.hu\/hirek\/#organization"}}]},"og:locale":"hu_HU","og:site_name":"AllasOrias.hu | H\u00edrek-lapszemle | \u00dczleti h\u00edrek az \u00e1ll\u00e1s \u00e9s a munka vil\u00e1g\u00e1b\u00f3l","og:type":"article","og:title":"MI \u2013 indul az \u00faj k\u00e9pz\u00e9s | AllasOrias.hu | H\u00edrek-lapszemle","og:description":"A mesters\u00e9ges intelligencia \u00fczleti \u00e9s p\u00e9nz\u00fcgyi alkalmaz\u00e1sainak f\u0151bb ter\u00fcleteit ismertet\u0151 tov\u00e1bbk\u00e9pz\u00e9si szakot ind\u00edt a Budapesti Metropolitan Egyetem","og:url":"https:\/\/allasorias.hu\/hirek\/mi-indul-az-uj-kepzes\/","og:image":"https:\/\/allasorias.hu\/hirek\/wp-content\/uploads\/2024\/07\/mesterseges-intelligencia-kepzes.jpg","og:image:secure_url":"https:\/\/allasorias.hu\/hirek\/wp-content\/uploads\/2024\/07\/mesterseges-intelligencia-kepzes.jpg","og:image:width":1280,"og:image:height":854,"article:published_time":"2024-07-04T09:29:30+00:00","article:modified_time":"2024-07-04T09:29:30+00:00","article:publisher":"https:\/\/www.facebook.com\/allasorias","twitter:card":"summary_large_image","twitter:title":"MI \u2013 indul az \u00faj k\u00e9pz\u00e9s | AllasOrias.hu | H\u00edrek-lapszemle","twitter:description":"A mesters\u00e9ges intelligencia \u00fczleti \u00e9s p\u00e9nz\u00fcgyi alkalmaz\u00e1sainak f\u0151bb ter\u00fcleteit ismertet\u0151 tov\u00e1bbk\u00e9pz\u00e9si szakot ind\u00edt a Budapesti Metropolitan Egyetem","twitter:image":"https:\/\/allasorias.hu\/hirek\/wp-content\/uploads\/2024\/07\/mesterseges-intelligencia-kepzes.jpg","twitter:label1":"Written by","twitter:data1":"Juh\u00e1sz P\u00e9ter","twitter:label2":"Est. reading time","twitter:data2":"3 minutes"},"aioseo_meta_data":{"post_id":"7729","title":null,"description":"A mesters\u00e9ges intelligencia \u00fczleti \u00e9s p\u00e9nz\u00fcgyi alkalmaz\u00e1sainak f\u0151bb ter\u00fcleteit ismertet\u0151 tov\u00e1bbk\u00e9pz\u00e9si szakot ind\u00edt a Budapesti Metropolitan Egyetem","keywords":null,"keyphrases":{"focus":{"keyphrase":"","score":0,"analysis":{"keyphraseInTitle":{"score":0,"maxScore":9,"error":1}}},"additional":[]},"primary_term":null,"canonical_url":null,"og_title":null,"og_description":null,"og_object_type":"default","og_image_type":"default","og_image_url":null,"og_image_width":null,"og_image_height":null,"og_image_custom_url":null,"og_image_custom_fields":null,"og_video":"","og_custom_url":null,"og_article_section":null,"og_article_tags":null,"twitter_use_og":true,"twitter_card":"default","twitter_image_type":"default","twitter_image_url":null,"twitter_image_custom_url":null,"twitter_image_custom_fields":null,"twitter_title":null,"twitter_description":null,"schema":{"blockGraphs":[],"customGraphs":[],"default":{"data":{"Article":[],"Course":[],"Dataset":[],"FAQPage":[],"Movie":[],"Person":[],"Product":[],"ProductReview":[],"Car":[],"Recipe":[],"Service":[],"SoftwareApplication":[],"WebPage":[]},"graphName":"Article","isEnabled":true},"graphs":[]},"schema_type":"default","schema_type_options":null,"pillar_content":false,"robots_default":true,"robots_noindex":false,"robots_noarchive":false,"robots_nosnippet":false,"robots_nofollow":false,"robots_noimageindex":false,"robots_noodp":false,"robots_notranslate":false,"robots_max_snippet":"-1","robots_max_videopreview":"-1","robots_max_imagepreview":"large","priority":null,"frequency":"default","location":null,"local_seo":null,"breadcrumb_settings":null,"limit_modified_date":false,"ai":null,"created":"2024-07-04 09:09:08","updated":"2025-10-02 20:06:25","seo_analyzer_scan_date":null,"focus_keyword":null,"additional_keywords":null,"truseo_locale":null},"aioseo_breadcrumb":"<div class=\"aioseo-breadcrumbs\"><span class=\"aioseo-breadcrumb\">\n\t\t\t<a href=\"https:\/\/allasorias.hu\/hirek\" title=\"Home\">Home<\/a>\n\t\t<\/span><span class=\"aioseo-breadcrumb-separator\">&raquo;<\/span><span class=\"aioseo-breadcrumb\">\n\t\t\t<a href=\"https:\/\/allasorias.hu\/hirek\/temak\/karrier\/\" title=\"Karrier\">Karrier<\/a>\n\t\t<\/span><span class=\"aioseo-breadcrumb-separator\">&raquo;<\/span><span class=\"aioseo-breadcrumb\">\n\t\t\tMI \u2013 indul az \u00faj k\u00e9pz\u00e9s\n\t\t<\/span><\/div>","aioseo_breadcrumb_json":[{"label":"Home","link":"https:\/\/allasorias.hu\/hirek"},{"label":"Karrier","link":"https:\/\/allasorias.hu\/hirek\/temak\/karrier\/"},{"label":"MI \u2013 indul az \u00faj k\u00e9pz\u00e9s","link":"https:\/\/allasorias.hu\/hirek\/mi-indul-az-uj-kepzes\/"}],"_links":{"self":[{"href":"https:\/\/allasorias.hu\/hirek\/wp-json\/wp\/v2\/posts\/7729","targetHints":{"allow":["GET"]}}],"collection":[{"href":"https:\/\/allasorias.hu\/hirek\/wp-json\/wp\/v2\/posts"}],"about":[{"href":"https:\/\/allasorias.hu\/hirek\/wp-json\/wp\/v2\/types\/post"}],"author":[{"embeddable":true,"href":"https:\/\/allasorias.hu\/hirek\/wp-json\/wp\/v2\/users\/1"}],"replies":[{"embeddable":true,"href":"https:\/\/allasorias.hu\/hirek\/wp-json\/wp\/v2\/comments?post=7729"}],"version-history":[{"count":2,"href":"https:\/\/allasorias.hu\/hirek\/wp-json\/wp\/v2\/posts\/7729\/revisions"}],"predecessor-version":[{"id":7732,"href":"https:\/\/allasorias.hu\/hirek\/wp-json\/wp\/v2\/posts\/7729\/revisions\/7732"}],"wp:featuredmedia":[{"embeddable":true,"href":"https:\/\/allasorias.hu\/hirek\/wp-json\/wp\/v2\/media\/7730"}],"wp:attachment":[{"href":"https:\/\/allasorias.hu\/hirek\/wp-json\/wp\/v2\/media?parent=7729"}],"wp:term":[{"taxonomy":"category","embeddable":true,"href":"https:\/\/allasorias.hu\/hirek\/wp-json\/wp\/v2\/categories?post=7729"},{"taxonomy":"post_tag","embeddable":true,"href":"https:\/\/allasorias.hu\/hirek\/wp-json\/wp\/v2\/tags?post=7729"}],"curies":[{"name":"wp","href":"https:\/\/api.w.org\/{rel}","templated":true}]}}