{"id":7714,"date":"2024-06-28T12:49:23","date_gmt":"2024-06-28T10:49:23","guid":{"rendered":"https:\/\/allasorias.hu\/hirek\/?p=7714"},"modified":"2024-06-28T12:51:03","modified_gmt":"2024-06-28T10:51:03","slug":"csokkent-az-allaskeresok-szama-2024-majusaban","status":"publish","type":"post","link":"https:\/\/allasorias.hu\/hirek\/csokkent-az-allaskeresok-szama-2024-majusaban\/","title":{"rendered":"Cs\u00f6kkent az \u00e1ll\u00e1skeres\u0151k sz\u00e1ma 2024. m\u00e1jus\u00e1ban"},"content":{"rendered":"<p><strong>M\u00e1jusban a foglalkoztatottak \u00e1tlagos sz\u00e1ma az el\u0151z\u0151 \u00e9v azonos id\u0151szak\u00e1hoz k\u00e9pest 36 ezerrel, 4 milli\u00f3 749 ezerre n\u0151tt. A munkan\u00e9lk\u00fcliek sz\u00e1ma 212 ezer volt, amivel a munkan\u00e9lk\u00fclis\u00e9gi r\u00e1ta 4,3 sz\u00e1zal\u00e9kra cs\u00f6kkent \u2013 k\u00f6z\u00f6lte a K\u00f6zponti Statisztikai Hivatal. <\/strong><\/p>\n<p>Javult a magyar munkaer\u0151piaci helyzet: a foglalkoztatottak sz\u00e1ma k\u00f6zel\u00edti a tavalyi rekordszintet, ezzel p\u00e1rhuzamosan a munkan\u00e9lk\u00fcliek is egyre kevesebben vannak. \u00c1prilisban a foglalkoztatottak sz\u00e1ma ugyancsak 4 milli\u00f3 749 ezer volt, a munkan\u00e9lk\u00fcliek azonban t\u00f6bben voltak 5000 f\u0151vel. A h\u00e1romhavi mozg\u00f3\u00e1tlag m\u00e1r egy\u00e9rtelm\u0171en kedvez\u0151bb tendenci\u00e1t mutat.<\/p>\n<p>A m\u00e1rcius \u00e9s m\u00e1jus k\u00f6z\u00f6tti h\u00e1rom h\u00f3napban 4 milli\u00f3 745 ezren dolgoztak Magyarorsz\u00e1gon, ami nem sokkal marad el a tavalyi szeptember \u00e9s november k\u00f6z\u00f6tt m\u00e9rt 4 milli\u00f3 755 ezres t\u00f6rt\u00e9nelmi cs\u00facst\u00f3l. A hazai els\u0151dleges munkaer\u0151piacon 4 milli\u00f3 576 ezren dolgoztak, 42 ezerrel t\u00f6bben, mint egy \u00e9vvel kor\u00e1bban.<\/p>\n<p>M\u00edg a k\u00fclf\u00f6ld\u00f6n dolgoz\u00f3k sz\u00e1ma kisebb (hibahat\u00e1ron bel\u00fcli) m\u00e9rt\u00e9kben, 108 ezer f\u0151re n\u0151tt, addig a k\u00f6zfoglalkoztatottak\u00e9 8 ezerrel, 61 ezerre cs\u00f6kkent. B\u00e1r a munkan\u00e9lk\u00fcliek sz\u00e1ma a m\u00e1rcius\u2013m\u00e1jusi id\u0151szakban az el\u0151z\u0151 \u00e9vhez k\u00e9pest 27 ezerrel, 219 ezerre, r\u00e1t\u00e1juk pedig 0,5 sz\u00e1zal\u00e9kponttal, 4,4 sz\u00e1zal\u00e9kra n\u0151tt, az \u00e9v eleje \u00f3ta lass\u00fa javul\u00e1s figyelhet\u0151 meg.<\/p>\n<p>Tavaly december \u00e9s febru\u00e1r k\u00f6z\u00f6tt az \u00e1ll\u00e1stalanok ar\u00e1nya 4,7 sz\u00e1zal\u00e9kon tet\u0151z\u00f6tt, teh\u00e1t harmadik h\u00f3napja folyamatos cs\u00f6kken a munkan\u00e9lk\u00fcliek ar\u00e1nya. A Nemzeti Foglalkoztat\u00e1si Szolg\u00e1lat adminisztrat\u00edv adatai szerint a nyilv\u00e1ntartott \u00e1ll\u00e1skeres\u0151k l\u00e9tsz\u00e1ma 2024. m\u00e1jus v\u00e9g\u00e9n az egy \u00e9vvel kor\u00e1bbihoz k\u00e9pest 1,2 sz\u00e1zal\u00e9kkal, 226 ezer f\u0151re cs\u00f6kkent.<\/p>\n<p>Forr\u00e1s: <a href=\"https:\/\/www.vg.hu\/vilaggazdasag-magyar-gazdasag\/2024\/06\/historikus-csucs-kozeleben-a-hazai-foglalkoztatottsag\" target=\"_blank\" rel=\"nofollow noopener noreferrer\">vg.hu<\/a><\/p>\n","protected":false},"excerpt":{"rendered":"<p>M\u00e1jusban a foglalkoztatottak \u00e1tlagos sz\u00e1ma az el\u0151z\u0151 \u00e9v azonos id\u0151szak\u00e1hoz k\u00e9pest 36 ezerrel, 4 milli\u00f3 749 ezerre n\u0151tt. A munkan\u00e9lk\u00fcliek sz\u00e1ma 212 ezer volt, amivel a munkan\u00e9lk\u00fclis\u00e9gi r\u00e1ta 4,3 sz\u00e1zal\u00e9kra cs\u00f6kkent \u2013 k\u00f6z\u00f6lte a K\u00f6zponti Statisztikai Hivatal. Javult a magyar munkaer\u0151piaci helyzet: a foglalkoztatottak sz\u00e1ma k\u00f6zel\u00edti a tavalyi rekordszintet, ezzel p\u00e1rhuzamosan a munkan\u00e9lk\u00fcliek is egyre [&hellip;]<\/p>\n","protected":false},"author":1,"featured_media":7715,"comment_status":"closed","ping_status":"closed","sticky":false,"template":"","format":"standard","meta":{"_monsterinsights_skip_tracking":false,"footnotes":""},"categories":[200],"tags":[231,765],"class_list":["post-7714","post","type-post","status-publish","format-standard","has-post-thumbnail","hentry","category-munkaeropiac","tag-allaskeresok","tag-foglalkoztatottak"],"aioseo_notices":[],"aioseo_head":"\n\t\t<!-- All in One SEO 5.0.0.1 - aioseo.com -->\n\t<meta name=\"description\" content=\"A foglalkoztatottak sz\u00e1ma k\u00f6zel\u00edti a tavalyi rekordszintet, ezzel p\u00e1rhuzamosan a munkan\u00e9lk\u00fcliek is egyre kevesebben vannak.\" \/>\n\t<meta name=\"robots\" content=\"max-image-preview:large\" \/>\n\t<meta name=\"author\" content=\"Juh\u00e1sz P\u00e9ter\"\/>\n\t<meta name=\"keywords\" content=\"\u00e1ll\u00e1skeres\u0151k,foglalkoztatottak\" \/>\n\t<link rel=\"canonical\" href=\"https:\/\/allasorias.hu\/hirek\/csokkent-az-allaskeresok-szama-2024-majusaban\/\" \/>\n\t<meta name=\"generator\" content=\"All in One SEO (AIOSEO) 5.0.0.1\" \/>\n\t\t<meta property=\"og:locale\" content=\"hu_HU\" \/>\n\t\t<meta property=\"og:site_name\" content=\"AllasOrias.hu | H\u00edrek-lapszemle | \u00dczleti h\u00edrek az \u00e1ll\u00e1s \u00e9s a munka vil\u00e1g\u00e1b\u00f3l\" \/>\n\t\t<meta property=\"og:type\" content=\"article\" \/>\n\t\t<meta property=\"og:title\" content=\"Cs\u00f6kkent az \u00e1ll\u00e1skeres\u0151k sz\u00e1ma 2024. m\u00e1jus\u00e1ban | Allasorias.hu\/Hirek\" \/>\n\t\t<meta property=\"og:description\" content=\"A foglalkoztatottak sz\u00e1ma k\u00f6zel\u00edti a tavalyi rekordszintet, ezzel p\u00e1rhuzamosan a munkan\u00e9lk\u00fcliek is egyre kevesebben vannak.\" \/>\n\t\t<meta property=\"og:url\" content=\"https:\/\/allasorias.hu\/hirek\/csokkent-az-allaskeresok-szama-2024-majusaban\/\" \/>\n\t\t<meta property=\"og:image\" content=\"https:\/\/allasorias.hu\/hirek\/wp-content\/uploads\/2024\/06\/kevesebb-az-allaskereso.jpg\" \/>\n\t\t<meta property=\"og:image:secure_url\" content=\"https:\/\/allasorias.hu\/hirek\/wp-content\/uploads\/2024\/06\/kevesebb-az-allaskereso.jpg\" \/>\n\t\t<meta property=\"og:image:width\" content=\"1280\" \/>\n\t\t<meta property=\"og:image:height\" content=\"854\" \/>\n\t\t<meta property=\"article:published_time\" content=\"2024-06-28T10:49:23+00:00\" \/>\n\t\t<meta property=\"article:modified_time\" content=\"2024-06-28T10:51:03+00:00\" \/>\n\t\t<meta property=\"article:publisher\" content=\"https:\/\/www.facebook.com\/allasorias\" \/>\n\t\t<meta name=\"twitter:card\" content=\"summary_large_image\" \/>\n\t\t<meta name=\"twitter:title\" content=\"Cs\u00f6kkent az \u00e1ll\u00e1skeres\u0151k sz\u00e1ma 2024. m\u00e1jus\u00e1ban | Allasorias.hu\/Hirek\" \/>\n\t\t<meta name=\"twitter:description\" content=\"A foglalkoztatottak sz\u00e1ma k\u00f6zel\u00edti a tavalyi rekordszintet, ezzel p\u00e1rhuzamosan a munkan\u00e9lk\u00fcliek is egyre kevesebben vannak.\" \/>\n\t\t<meta name=\"twitter:image\" content=\"https:\/\/allasorias.hu\/hirek\/wp-content\/uploads\/2024\/06\/kevesebb-az-allaskereso.jpg\" \/>\n\t\t<meta name=\"twitter:label1\" content=\"Written by\" \/>\n\t\t<meta name=\"twitter:data1\" content=\"Juh\u00e1sz P\u00e9ter\" \/>\n\t\t<meta name=\"twitter:label2\" content=\"Est. reading time\" \/>\n\t\t<meta name=\"twitter:data2\" content=\"2 minutes\" \/>\n\t\t<script type=\"application\/ld+json\" class=\"aioseo-schema\">\n\t\t\t{\"@context\":\"https:\\\/\\\/schema.org\",\"@graph\":[{\"@type\":\"Article\",\"@id\":\"https:\\\/\\\/allasorias.hu\\\/hirek\\\/csokkent-az-allaskeresok-szama-2024-majusaban\\\/#article\",\"name\":\"Cs\\u00f6kkent az \\u00e1ll\\u00e1skeres\\u0151k sz\\u00e1ma 2024. m\\u00e1jus\\u00e1ban | Allasorias.hu\\\/Hirek\",\"headline\":\"Cs\\u00f6kkent az \\u00e1ll\\u00e1skeres\\u0151k sz\\u00e1ma 2024. m\\u00e1jus\\u00e1ban\",\"author\":{\"@id\":\"https:\\\/\\\/allasorias.hu\\\/hirek\\\/author\\\/admin-allasorias\\\/#author\"},\"publisher\":{\"@id\":\"https:\\\/\\\/allasorias.hu\\\/hirek\\\/#organization\"},\"image\":{\"@type\":\"ImageObject\",\"url\":\"https:\\\/\\\/allasorias.hu\\\/hirek\\\/wp-content\\\/uploads\\\/2024\\\/06\\\/kevesebb-az-allaskereso.jpg\",\"width\":1280,\"height\":854,\"caption\":\"Cs\\u00f6kkent az \\u00e1ll\\u00e1skeres\\u0151k sz\\u00e1ma - Allasorias.hu\\\/Hirek\"},\"datePublished\":\"2024-06-28T12:49:23+02:00\",\"dateModified\":\"2024-06-28T12:51:03+02:00\",\"inLanguage\":\"hu-HU\",\"mainEntityOfPage\":{\"@id\":\"https:\\\/\\\/allasorias.hu\\\/hirek\\\/csokkent-az-allaskeresok-szama-2024-majusaban\\\/#webpage\"},\"isPartOf\":{\"@id\":\"https:\\\/\\\/allasorias.hu\\\/hirek\\\/csokkent-az-allaskeresok-szama-2024-majusaban\\\/#webpage\"},\"articleSection\":\"Munkaer\\u0151piac, \\u00e1ll\\u00e1skeres\\u0151k, foglalkoztatottak\"},{\"@type\":\"BreadcrumbList\",\"@id\":\"https:\\\/\\\/allasorias.hu\\\/hirek\\\/csokkent-az-allaskeresok-szama-2024-majusaban\\\/#breadcrumblist\",\"itemListElement\":[{\"@type\":\"ListItem\",\"@id\":\"https:\\\/\\\/allasorias.hu\\\/hirek#listItem\",\"position\":1,\"name\":\"Home\",\"item\":\"https:\\\/\\\/allasorias.hu\\\/hirek\",\"nextItem\":{\"@type\":\"ListItem\",\"@id\":\"https:\\\/\\\/allasorias.hu\\\/hirek\\\/temak\\\/munkaeropiac\\\/#listItem\",\"name\":\"Munkaer\\u0151piac\"}},{\"@type\":\"ListItem\",\"@id\":\"https:\\\/\\\/allasorias.hu\\\/hirek\\\/temak\\\/munkaeropiac\\\/#listItem\",\"position\":2,\"name\":\"Munkaer\\u0151piac\",\"item\":\"https:\\\/\\\/allasorias.hu\\\/hirek\\\/temak\\\/munkaeropiac\\\/\",\"nextItem\":{\"@type\":\"ListItem\",\"@id\":\"https:\\\/\\\/allasorias.hu\\\/hirek\\\/csokkent-az-allaskeresok-szama-2024-majusaban\\\/#listItem\",\"name\":\"Cs\\u00f6kkent az \\u00e1ll\\u00e1skeres\\u0151k sz\\u00e1ma 2024. m\\u00e1jus\\u00e1ban\"},\"previousItem\":{\"@type\":\"ListItem\",\"@id\":\"https:\\\/\\\/allasorias.hu\\\/hirek#listItem\",\"name\":\"Home\"}},{\"@type\":\"ListItem\",\"@id\":\"https:\\\/\\\/allasorias.hu\\\/hirek\\\/csokkent-az-allaskeresok-szama-2024-majusaban\\\/#listItem\",\"position\":3,\"name\":\"Cs\\u00f6kkent az \\u00e1ll\\u00e1skeres\\u0151k sz\\u00e1ma 2024. m\\u00e1jus\\u00e1ban\",\"previousItem\":{\"@type\":\"ListItem\",\"@id\":\"https:\\\/\\\/allasorias.hu\\\/hirek\\\/temak\\\/munkaeropiac\\\/#listItem\",\"name\":\"Munkaer\\u0151piac\"}}]},{\"@type\":\"Organization\",\"@id\":\"https:\\\/\\\/allasorias.hu\\\/hirek\\\/#organization\",\"name\":\"AllasOrias.hu | H\\u00edrek-lapszemle\",\"description\":\"\\u00dczleti h\\u00edrek az \\u00e1ll\\u00e1s \\u00e9s a munka vil\\u00e1g\\u00e1b\\u00f3l\",\"url\":\"https:\\\/\\\/allasorias.hu\\\/hirek\\\/\",\"logo\":{\"@type\":\"ImageObject\",\"url\":\"https:\\\/\\\/allasorias.hu\\\/hirek\\\/wp-content\\\/uploads\\\/2022\\\/10\\\/allasorias_site_facebok_logo.png\",\"@id\":\"https:\\\/\\\/allasorias.hu\\\/hirek\\\/csokkent-az-allaskeresok-szama-2024-majusaban\\\/#organizationLogo\"},\"image\":{\"@id\":\"https:\\\/\\\/allasorias.hu\\\/hirek\\\/csokkent-az-allaskeresok-szama-2024-majusaban\\\/#organizationLogo\"},\"sameAs\":[\"https:\\\/\\\/www.facebook.com\\\/allasorias\",\"https:\\\/\\\/www.linkedin.com\\\/company\\\/allasorias\"]},{\"@type\":\"Person\",\"@id\":\"https:\\\/\\\/allasorias.hu\\\/hirek\\\/author\\\/admin-allasorias\\\/#author\",\"url\":\"https:\\\/\\\/allasorias.hu\\\/hirek\\\/author\\\/admin-allasorias\\\/\",\"name\":\"Juh\\u00e1sz P\\u00e9ter\",\"image\":{\"@type\":\"ImageObject\",\"@id\":\"https:\\\/\\\/allasorias.hu\\\/hirek\\\/csokkent-az-allaskeresok-szama-2024-majusaban\\\/#authorImage\",\"url\":\"https:\\\/\\\/secure.gravatar.com\\\/avatar\\\/36e6bcb83148978b992977cb0f54d22feb0cce8a0a849a9410532bb2623ba4c6?s=96&d=mm&r=g\",\"width\":96,\"height\":96,\"caption\":\"Juh\\u00e1sz P\\u00e9ter\"}},{\"@type\":\"WebPage\",\"@id\":\"https:\\\/\\\/allasorias.hu\\\/hirek\\\/csokkent-az-allaskeresok-szama-2024-majusaban\\\/#webpage\",\"url\":\"https:\\\/\\\/allasorias.hu\\\/hirek\\\/csokkent-az-allaskeresok-szama-2024-majusaban\\\/\",\"name\":\"Cs\\u00f6kkent az \\u00e1ll\\u00e1skeres\\u0151k sz\\u00e1ma 2024. m\\u00e1jus\\u00e1ban | Allasorias.hu\\\/Hirek\",\"description\":\"A foglalkoztatottak sz\\u00e1ma k\\u00f6zel\\u00edti a tavalyi rekordszintet, ezzel p\\u00e1rhuzamosan a munkan\\u00e9lk\\u00fcliek is egyre kevesebben vannak.\",\"inLanguage\":\"hu-HU\",\"isPartOf\":{\"@id\":\"https:\\\/\\\/allasorias.hu\\\/hirek\\\/#website\"},\"breadcrumb\":{\"@id\":\"https:\\\/\\\/allasorias.hu\\\/hirek\\\/csokkent-az-allaskeresok-szama-2024-majusaban\\\/#breadcrumblist\"},\"author\":{\"@id\":\"https:\\\/\\\/allasorias.hu\\\/hirek\\\/author\\\/admin-allasorias\\\/#author\"},\"creator\":{\"@id\":\"https:\\\/\\\/allasorias.hu\\\/hirek\\\/author\\\/admin-allasorias\\\/#author\"},\"image\":{\"@type\":\"ImageObject\",\"url\":\"https:\\\/\\\/allasorias.hu\\\/hirek\\\/wp-content\\\/uploads\\\/2024\\\/06\\\/kevesebb-az-allaskereso.jpg\",\"@id\":\"https:\\\/\\\/allasorias.hu\\\/hirek\\\/csokkent-az-allaskeresok-szama-2024-majusaban\\\/#mainImage\",\"width\":1280,\"height\":854,\"caption\":\"Cs\\u00f6kkent az \\u00e1ll\\u00e1skeres\\u0151k sz\\u00e1ma - Allasorias.hu\\\/Hirek\"},\"primaryImageOfPage\":{\"@id\":\"https:\\\/\\\/allasorias.hu\\\/hirek\\\/csokkent-az-allaskeresok-szama-2024-majusaban\\\/#mainImage\"},\"datePublished\":\"2024-06-28T12:49:23+02:00\",\"dateModified\":\"2024-06-28T12:51:03+02:00\"},{\"@type\":\"WebSite\",\"@id\":\"https:\\\/\\\/allasorias.hu\\\/hirek\\\/#website\",\"url\":\"https:\\\/\\\/allasorias.hu\\\/hirek\\\/\",\"name\":\"AllasOrias.hu | H\\u00edrek-lapszemle\",\"description\":\"\\u00dczleti h\\u00edrek az \\u00e1ll\\u00e1s \\u00e9s a munka vil\\u00e1g\\u00e1b\\u00f3l\",\"inLanguage\":\"hu-HU\",\"publisher\":{\"@id\":\"https:\\\/\\\/allasorias.hu\\\/hirek\\\/#organization\"}}]}\n\t\t<\/script>\n\t\t<!-- All in One SEO -->\n\n","aioseo_head_json":{"title":"Cs\u00f6kkent az \u00e1ll\u00e1skeres\u0151k sz\u00e1ma 2024. m\u00e1jus\u00e1ban | Allasorias.hu\/Hirek","description":"A foglalkoztatottak sz\u00e1ma k\u00f6zel\u00edti a tavalyi rekordszintet, ezzel p\u00e1rhuzamosan a munkan\u00e9lk\u00fcliek is egyre kevesebben vannak.","canonical_url":"https:\/\/allasorias.hu\/hirek\/csokkent-az-allaskeresok-szama-2024-majusaban\/","robots":"max-image-preview:large","keywords":"\u00e1ll\u00e1skeres\u0151k,foglalkoztatottak","webmasterTools":{"miscellaneous":""},"schema":{"@context":"https:\/\/schema.org","@graph":[{"@type":"Article","@id":"https:\/\/allasorias.hu\/hirek\/csokkent-az-allaskeresok-szama-2024-majusaban\/#article","name":"Cs\u00f6kkent az \u00e1ll\u00e1skeres\u0151k sz\u00e1ma 2024. m\u00e1jus\u00e1ban | Allasorias.hu\/Hirek","headline":"Cs\u00f6kkent az \u00e1ll\u00e1skeres\u0151k sz\u00e1ma 2024. m\u00e1jus\u00e1ban","author":{"@id":"https:\/\/allasorias.hu\/hirek\/author\/admin-allasorias\/#author"},"publisher":{"@id":"https:\/\/allasorias.hu\/hirek\/#organization"},"image":{"@type":"ImageObject","url":"https:\/\/allasorias.hu\/hirek\/wp-content\/uploads\/2024\/06\/kevesebb-az-allaskereso.jpg","width":1280,"height":854,"caption":"Cs\u00f6kkent az \u00e1ll\u00e1skeres\u0151k sz\u00e1ma - Allasorias.hu\/Hirek"},"datePublished":"2024-06-28T12:49:23+02:00","dateModified":"2024-06-28T12:51:03+02:00","inLanguage":"hu-HU","mainEntityOfPage":{"@id":"https:\/\/allasorias.hu\/hirek\/csokkent-az-allaskeresok-szama-2024-majusaban\/#webpage"},"isPartOf":{"@id":"https:\/\/allasorias.hu\/hirek\/csokkent-az-allaskeresok-szama-2024-majusaban\/#webpage"},"articleSection":"Munkaer\u0151piac, \u00e1ll\u00e1skeres\u0151k, foglalkoztatottak"},{"@type":"BreadcrumbList","@id":"https:\/\/allasorias.hu\/hirek\/csokkent-az-allaskeresok-szama-2024-majusaban\/#breadcrumblist","itemListElement":[{"@type":"ListItem","@id":"https:\/\/allasorias.hu\/hirek#listItem","position":1,"name":"Home","item":"https:\/\/allasorias.hu\/hirek","nextItem":{"@type":"ListItem","@id":"https:\/\/allasorias.hu\/hirek\/temak\/munkaeropiac\/#listItem","name":"Munkaer\u0151piac"}},{"@type":"ListItem","@id":"https:\/\/allasorias.hu\/hirek\/temak\/munkaeropiac\/#listItem","position":2,"name":"Munkaer\u0151piac","item":"https:\/\/allasorias.hu\/hirek\/temak\/munkaeropiac\/","nextItem":{"@type":"ListItem","@id":"https:\/\/allasorias.hu\/hirek\/csokkent-az-allaskeresok-szama-2024-majusaban\/#listItem","name":"Cs\u00f6kkent az \u00e1ll\u00e1skeres\u0151k sz\u00e1ma 2024. m\u00e1jus\u00e1ban"},"previousItem":{"@type":"ListItem","@id":"https:\/\/allasorias.hu\/hirek#listItem","name":"Home"}},{"@type":"ListItem","@id":"https:\/\/allasorias.hu\/hirek\/csokkent-az-allaskeresok-szama-2024-majusaban\/#listItem","position":3,"name":"Cs\u00f6kkent az \u00e1ll\u00e1skeres\u0151k sz\u00e1ma 2024. m\u00e1jus\u00e1ban","previousItem":{"@type":"ListItem","@id":"https:\/\/allasorias.hu\/hirek\/temak\/munkaeropiac\/#listItem","name":"Munkaer\u0151piac"}}]},{"@type":"Organization","@id":"https:\/\/allasorias.hu\/hirek\/#organization","name":"AllasOrias.hu | H\u00edrek-lapszemle","description":"\u00dczleti h\u00edrek az \u00e1ll\u00e1s \u00e9s a munka vil\u00e1g\u00e1b\u00f3l","url":"https:\/\/allasorias.hu\/hirek\/","logo":{"@type":"ImageObject","url":"https:\/\/allasorias.hu\/hirek\/wp-content\/uploads\/2022\/10\/allasorias_site_facebok_logo.png","@id":"https:\/\/allasorias.hu\/hirek\/csokkent-az-allaskeresok-szama-2024-majusaban\/#organizationLogo"},"image":{"@id":"https:\/\/allasorias.hu\/hirek\/csokkent-az-allaskeresok-szama-2024-majusaban\/#organizationLogo"},"sameAs":["https:\/\/www.facebook.com\/allasorias","https:\/\/www.linkedin.com\/company\/allasorias"]},{"@type":"Person","@id":"https:\/\/allasorias.hu\/hirek\/author\/admin-allasorias\/#author","url":"https:\/\/allasorias.hu\/hirek\/author\/admin-allasorias\/","name":"Juh\u00e1sz P\u00e9ter","image":{"@type":"ImageObject","@id":"https:\/\/allasorias.hu\/hirek\/csokkent-az-allaskeresok-szama-2024-majusaban\/#authorImage","url":"https:\/\/secure.gravatar.com\/avatar\/36e6bcb83148978b992977cb0f54d22feb0cce8a0a849a9410532bb2623ba4c6?s=96&d=mm&r=g","width":96,"height":96,"caption":"Juh\u00e1sz P\u00e9ter"}},{"@type":"WebPage","@id":"https:\/\/allasorias.hu\/hirek\/csokkent-az-allaskeresok-szama-2024-majusaban\/#webpage","url":"https:\/\/allasorias.hu\/hirek\/csokkent-az-allaskeresok-szama-2024-majusaban\/","name":"Cs\u00f6kkent az \u00e1ll\u00e1skeres\u0151k sz\u00e1ma 2024. m\u00e1jus\u00e1ban | Allasorias.hu\/Hirek","description":"A foglalkoztatottak sz\u00e1ma k\u00f6zel\u00edti a tavalyi rekordszintet, ezzel p\u00e1rhuzamosan a munkan\u00e9lk\u00fcliek is egyre kevesebben vannak.","inLanguage":"hu-HU","isPartOf":{"@id":"https:\/\/allasorias.hu\/hirek\/#website"},"breadcrumb":{"@id":"https:\/\/allasorias.hu\/hirek\/csokkent-az-allaskeresok-szama-2024-majusaban\/#breadcrumblist"},"author":{"@id":"https:\/\/allasorias.hu\/hirek\/author\/admin-allasorias\/#author"},"creator":{"@id":"https:\/\/allasorias.hu\/hirek\/author\/admin-allasorias\/#author"},"image":{"@type":"ImageObject","url":"https:\/\/allasorias.hu\/hirek\/wp-content\/uploads\/2024\/06\/kevesebb-az-allaskereso.jpg","@id":"https:\/\/allasorias.hu\/hirek\/csokkent-az-allaskeresok-szama-2024-majusaban\/#mainImage","width":1280,"height":854,"caption":"Cs\u00f6kkent az \u00e1ll\u00e1skeres\u0151k sz\u00e1ma - Allasorias.hu\/Hirek"},"primaryImageOfPage":{"@id":"https:\/\/allasorias.hu\/hirek\/csokkent-az-allaskeresok-szama-2024-majusaban\/#mainImage"},"datePublished":"2024-06-28T12:49:23+02:00","dateModified":"2024-06-28T12:51:03+02:00"},{"@type":"WebSite","@id":"https:\/\/allasorias.hu\/hirek\/#website","url":"https:\/\/allasorias.hu\/hirek\/","name":"AllasOrias.hu | H\u00edrek-lapszemle","description":"\u00dczleti h\u00edrek az \u00e1ll\u00e1s \u00e9s a munka vil\u00e1g\u00e1b\u00f3l","inLanguage":"hu-HU","publisher":{"@id":"https:\/\/allasorias.hu\/hirek\/#organization"}}]},"og:locale":"hu_HU","og:site_name":"AllasOrias.hu | H\u00edrek-lapszemle | \u00dczleti h\u00edrek az \u00e1ll\u00e1s \u00e9s a munka vil\u00e1g\u00e1b\u00f3l","og:type":"article","og:title":"Cs\u00f6kkent az \u00e1ll\u00e1skeres\u0151k sz\u00e1ma 2024. m\u00e1jus\u00e1ban | Allasorias.hu\/Hirek","og:description":"A foglalkoztatottak sz\u00e1ma k\u00f6zel\u00edti a tavalyi rekordszintet, ezzel p\u00e1rhuzamosan a munkan\u00e9lk\u00fcliek is egyre kevesebben vannak.","og:url":"https:\/\/allasorias.hu\/hirek\/csokkent-az-allaskeresok-szama-2024-majusaban\/","og:image":"https:\/\/allasorias.hu\/hirek\/wp-content\/uploads\/2024\/06\/kevesebb-az-allaskereso.jpg","og:image:secure_url":"https:\/\/allasorias.hu\/hirek\/wp-content\/uploads\/2024\/06\/kevesebb-az-allaskereso.jpg","og:image:width":1280,"og:image:height":854,"article:published_time":"2024-06-28T10:49:23+00:00","article:modified_time":"2024-06-28T10:51:03+00:00","article:publisher":"https:\/\/www.facebook.com\/allasorias","twitter:card":"summary_large_image","twitter:title":"Cs\u00f6kkent az \u00e1ll\u00e1skeres\u0151k sz\u00e1ma 2024. m\u00e1jus\u00e1ban | Allasorias.hu\/Hirek","twitter:description":"A foglalkoztatottak sz\u00e1ma k\u00f6zel\u00edti a tavalyi rekordszintet, ezzel p\u00e1rhuzamosan a munkan\u00e9lk\u00fcliek is egyre kevesebben vannak.","twitter:image":"https:\/\/allasorias.hu\/hirek\/wp-content\/uploads\/2024\/06\/kevesebb-az-allaskereso.jpg","twitter:label1":"Written by","twitter:data1":"Juh\u00e1sz P\u00e9ter","twitter:label2":"Est. reading time","twitter:data2":"2 minutes"},"aioseo_meta_data":{"post_id":"7714","title":"#post_title | Allasorias.hu\/Hirek","description":"A foglalkoztatottak sz\u00e1ma k\u00f6zel\u00edti a tavalyi rekordszintet, ezzel p\u00e1rhuzamosan a munkan\u00e9lk\u00fcliek is egyre kevesebben vannak.","keywords":null,"keyphrases":{"focus":{"keyphrase":"","score":0,"analysis":{"keyphraseInTitle":{"score":0,"maxScore":9,"error":1}}},"additional":[]},"primary_term":null,"canonical_url":null,"og_title":null,"og_description":null,"og_object_type":"default","og_image_type":"default","og_image_url":null,"og_image_width":null,"og_image_height":null,"og_image_custom_url":null,"og_image_custom_fields":null,"og_video":"","og_custom_url":null,"og_article_section":null,"og_article_tags":null,"twitter_use_og":true,"twitter_card":"default","twitter_image_type":"default","twitter_image_url":null,"twitter_image_custom_url":null,"twitter_image_custom_fields":null,"twitter_title":null,"twitter_description":null,"schema":{"blockGraphs":[],"customGraphs":[],"default":{"data":{"Article":[],"Course":[],"Dataset":[],"FAQPage":[],"Movie":[],"Person":[],"Product":[],"ProductReview":[],"Car":[],"Recipe":[],"Service":[],"SoftwareApplication":[],"WebPage":[]},"graphName":"Article","isEnabled":true},"graphs":[]},"schema_type":"default","schema_type_options":null,"pillar_content":false,"robots_default":true,"robots_noindex":false,"robots_noarchive":false,"robots_nosnippet":false,"robots_nofollow":false,"robots_noimageindex":false,"robots_noodp":false,"robots_notranslate":false,"robots_max_snippet":"-1","robots_max_videopreview":"-1","robots_max_imagepreview":"large","priority":null,"frequency":"default","location":null,"local_seo":null,"breadcrumb_settings":null,"limit_modified_date":false,"ai":null,"created":"2024-06-28 10:40:57","updated":"2025-10-02 20:06:25","seo_analyzer_scan_date":null,"focus_keyword":null,"additional_keywords":null,"truseo_locale":null},"aioseo_breadcrumb":"<div class=\"aioseo-breadcrumbs\"><span class=\"aioseo-breadcrumb\">\n\t\t\t<a href=\"https:\/\/allasorias.hu\/hirek\" title=\"Home\">Home<\/a>\n\t\t<\/span><span class=\"aioseo-breadcrumb-separator\">&raquo;<\/span><span class=\"aioseo-breadcrumb\">\n\t\t\t<a href=\"https:\/\/allasorias.hu\/hirek\/temak\/munkaeropiac\/\" title=\"Munkaer\u0151piac\">Munkaer\u0151piac<\/a>\n\t\t<\/span><span class=\"aioseo-breadcrumb-separator\">&raquo;<\/span><span class=\"aioseo-breadcrumb\">\n\t\t\tCs\u00f6kkent az \u00e1ll\u00e1skeres\u0151k sz\u00e1ma 2024. m\u00e1jus\u00e1ban\n\t\t<\/span><\/div>","aioseo_breadcrumb_json":[{"label":"Home","link":"https:\/\/allasorias.hu\/hirek"},{"label":"Munkaer\u0151piac","link":"https:\/\/allasorias.hu\/hirek\/temak\/munkaeropiac\/"},{"label":"Cs\u00f6kkent az \u00e1ll\u00e1skeres\u0151k sz\u00e1ma 2024. m\u00e1jus\u00e1ban","link":"https:\/\/allasorias.hu\/hirek\/csokkent-az-allaskeresok-szama-2024-majusaban\/"}],"_links":{"self":[{"href":"https:\/\/allasorias.hu\/hirek\/wp-json\/wp\/v2\/posts\/7714","targetHints":{"allow":["GET"]}}],"collection":[{"href":"https:\/\/allasorias.hu\/hirek\/wp-json\/wp\/v2\/posts"}],"about":[{"href":"https:\/\/allasorias.hu\/hirek\/wp-json\/wp\/v2\/types\/post"}],"author":[{"embeddable":true,"href":"https:\/\/allasorias.hu\/hirek\/wp-json\/wp\/v2\/users\/1"}],"replies":[{"embeddable":true,"href":"https:\/\/allasorias.hu\/hirek\/wp-json\/wp\/v2\/comments?post=7714"}],"version-history":[{"count":2,"href":"https:\/\/allasorias.hu\/hirek\/wp-json\/wp\/v2\/posts\/7714\/revisions"}],"predecessor-version":[{"id":7717,"href":"https:\/\/allasorias.hu\/hirek\/wp-json\/wp\/v2\/posts\/7714\/revisions\/7717"}],"wp:featuredmedia":[{"embeddable":true,"href":"https:\/\/allasorias.hu\/hirek\/wp-json\/wp\/v2\/media\/7715"}],"wp:attachment":[{"href":"https:\/\/allasorias.hu\/hirek\/wp-json\/wp\/v2\/media?parent=7714"}],"wp:term":[{"taxonomy":"category","embeddable":true,"href":"https:\/\/allasorias.hu\/hirek\/wp-json\/wp\/v2\/categories?post=7714"},{"taxonomy":"post_tag","embeddable":true,"href":"https:\/\/allasorias.hu\/hirek\/wp-json\/wp\/v2\/tags?post=7714"}],"curies":[{"name":"wp","href":"https:\/\/api.w.org\/{rel}","templated":true}]}}