{"id":7710,"date":"2024-06-27T08:41:15","date_gmt":"2024-06-27T06:41:15","guid":{"rendered":"https:\/\/allasorias.hu\/hirek\/?p=7710"},"modified":"2024-06-27T08:41:15","modified_gmt":"2024-06-27T06:41:15","slug":"lelassul-a-berdinamika-hazankban","status":"publish","type":"post","link":"https:\/\/allasorias.hu\/hirek\/lelassul-a-berdinamika-hazankban\/","title":{"rendered":"Lelassul a b\u00e9rdinamika haz\u00e1nkban"},"content":{"rendered":"<p><strong>A foglalkoztat\u00e1s 2022-2023-ban tov\u00e1bb n\u0151tt, a 20-64 \u00e9ves koroszt\u00e1lyban a foglalkoztat\u00e1si r\u00e1ta 2023-ban t\u00f6rt\u00e9nelmi cs\u00facsra, 80,7%-ra emelkedett, mik\u00f6zben a munkan\u00e9lk\u00fclis\u00e9gi r\u00e1ta 4% k\u00f6zel\u00e9ben maradt.<\/strong><\/p>\n<p>A feszes munkaer\u0151piac \u00e9s a legkisebb b\u00e9rek jelent\u0151s emel\u00e9se miatt igen magas b\u00e9rdinamika alakult ki Magyarorsz\u00e1gon az Eur\u00f3pai Bizotts\u00e1g friss jelent\u00e9se szerint. Az el\u0151rejelz\u00e9s szerint a gazdas\u00e1gi fellend\u00fcl\u00e9s v\u00e1rhat\u00f3an n\u00f6veli a munkaer\u0151 ir\u00e1nti keresletet \u00e9s alacsonyan tartja a munkan\u00e9lk\u00fclis\u00e9get. Mindek\u00f6zben azonban a b\u00e9rdinamika le fog lassulni, \u00edgy a munkaer\u0151k\u00f6lts\u00e9g n\u00f6veked\u00e9se visszafogottabb lehet.<\/p>\n<h2>N\u00f6vekedtek a munkaer\u0151k\u00f6lts\u00e9gek<\/h2>\n<p>Az Eur\u00f3pai Bizotts\u00e1g friss konvergenciajelent\u00e9se szerint a foglalkoztat\u00e1s tov\u00e1bb n\u00f6vekedett m\u00e9g akkor is, amikor a gazdas\u00e1g 2023-ban visszaesett, mivel a v\u00e1llalatok ink\u00e1bb megtartott\u00e1k a dolgoz\u00f3kat a munkaer\u0151hi\u00e1ny k\u00f6zepette. Mindazon\u00e1ltal a bet\u00f6ltetlen \u00e1ll\u00e1sok sz\u00e1ma cs\u00f6kkent a kor\u00e1bbi magas szintekr\u0151l. &#8222;<em>A gazdas\u00e1gi fellend\u00fcl\u00e9s v\u00e1rhat\u00f3an helyre\u00e1ll\u00edtja a munkaer\u0151 ir\u00e1nti keresletet \u00e9s alacsonyan tartja a munkan\u00e9lk\u00fclis\u00e9get<\/em>&#8221; &#8211; vet\u00edtik el\u0151re.<\/p>\n<p>A munkaer\u0151k\u00f6lts\u00e9gek n\u00f6veked\u00e9se az elm\u00falt id\u0151szakban felgyorsult, t\u00fckr\u00f6zve a sz\u0171k\u00f6s munkaer\u0151piacot, a magas infl\u00e1ci\u00f3t, illetve a jelent\u0151s minim\u00e1lb\u00e9r-emel\u00e9sek hat\u00e1s\u00e1t. A b\u00e9rn\u00f6veked\u00e9s v\u00e1rhat\u00f3an er\u0151s marad 2024-ben is, r\u00e9szben a munkaer\u0151hi\u00e1ny, r\u00e9szben a legkisebb b\u00e9rek tov\u00e1bbra is magas n\u00f6veked\u00e9se miatt. Miut\u00e1n azonban az infl\u00e1ci\u00f3 mostanra m\u00e1r alacsonyabb\u00e1 v\u00e1lt, mik\u00f6zben id\u0151vel kifutnak a korm\u00e1nyzati int\u00e9zked\u00e9sek hat\u00e1sai, lassulhat a b\u00e9rdinamika is.<\/p>\n<h2>A termel\u00e9kenys\u00e9g v\u00e1rhat\u00f3an n\u00f6vekszik<\/h2>\n<p>A munkaer\u0151 termel\u00e9kenys\u00e9g\u00e9nek n\u00f6veked\u00e9se 2022-ben lelassult, majd tavaly cs\u00f6kken\u00e9sbe v\u00e1ltott, mivel a re\u00e1l GDP visszaesett &#8211; eml\u00e9keztet a jelent\u00e9s. Az el\u0151rejelz\u00e9s szerint a termel\u00e9kenys\u00e9g v\u00e1rhat\u00f3an 2024-25-ben n\u00f6vekszik, ahogy a gazdas\u00e1g kil\u00e1bal a recesszi\u00f3b\u00f3l, de a b\u0151v\u00fcl\u00e9s visszafogott marad. Ez t\u00fckr\u00f6zi az olyan struktur\u00e1lis probl\u00e9m\u00e1kat, mint a gyenge verseny, a k\u00e9szs\u00e9gekkel kapcsolatos hi\u00e1nyok, illetve az alacsony digitaliz\u00e1ci\u00f3s szint.<\/p>\n<p>Az er\u0151s b\u00e9rn\u00f6veked\u00e9s \u00e9s a gyeng\u00e9bb termel\u00e9kenys\u00e9gi dinamika az egys\u00e9gnyi munkaer\u0151k\u00f6lts\u00e9g n\u00f6veked\u00e9s\u00e9hez vezetett az elm\u00falt \u00e9vekben, amely 2022-ben 13,7%-kal, 2023-ban pedig 15,2%-kal n\u0151tt. Az el\u0151rejelz\u00e9s szerint a b\u00e9rn\u00f6veked\u00e9s v\u00e1rhat\u00f3an lassul az el\u0151tt\u00fcnk \u00e1ll\u00f3 id\u0151szakban, mik\u00f6zben a termel\u00e9kenys\u00e9g n\u00f6vekszik a tavalyi visszaes\u00e9s ut\u00e1n. \u00d6sszess\u00e9g\u00e9ben az munkaer\u0151k\u00f6lts\u00e9g n\u00f6veked\u00e9se \u00edgy enyh\u00fclhet a k\u00f6vetkez\u0151 id\u0151szakban.<\/p>\n<p>Forr\u00e1s: <a href=\"https:\/\/www.portfolio.hu\/gazdasag\/20240626\/megszolalt-az-europai-bizottsag-a-magyar-fizetesekrol-694991\" target=\"_blank\" rel=\"nofollow noopener\">portfolio.hu<\/a><\/p>\n","protected":false},"excerpt":{"rendered":"<p>A foglalkoztat\u00e1s 2022-2023-ban tov\u00e1bb n\u0151tt, a 20-64 \u00e9ves koroszt\u00e1lyban a foglalkoztat\u00e1si r\u00e1ta 2023-ban t\u00f6rt\u00e9nelmi cs\u00facsra, 80,7%-ra emelkedett, mik\u00f6zben a munkan\u00e9lk\u00fclis\u00e9gi r\u00e1ta 4% k\u00f6zel\u00e9ben maradt. A feszes munkaer\u0151piac \u00e9s a legkisebb b\u00e9rek jelent\u0151s emel\u00e9se miatt igen magas b\u00e9rdinamika alakult ki Magyarorsz\u00e1gon az Eur\u00f3pai Bizotts\u00e1g friss jelent\u00e9se szerint. Az el\u0151rejelz\u00e9s szerint a gazdas\u00e1gi fellend\u00fcl\u00e9s v\u00e1rhat\u00f3an n\u00f6veli a [&hellip;]<\/p>\n","protected":false},"author":1,"featured_media":7711,"comment_status":"closed","ping_status":"closed","sticky":false,"template":"","format":"standard","meta":{"_monsterinsights_skip_tracking":false,"footnotes":""},"categories":[198],"tags":[775,768],"class_list":["post-7710","post","type-post","status-publish","format-standard","has-post-thumbnail","hentry","category-gazdasag","tag-berdinamika","tag-munkaerokoltseg"],"aioseo_notices":[],"aioseo_head":"\n\t\t<!-- All in One SEO 5.0.0.1 - aioseo.com -->\n\t<meta name=\"description\" content=\"Az el\u0151rejelz\u00e9s szerint a b\u00e9rn\u00f6veked\u00e9s v\u00e1rhat\u00f3an lassul az el\u0151tt\u00fcnk \u00e1ll\u00f3 id\u0151szakban, mik\u00f6zben a termel\u00e9kenys\u00e9g n\u00f6vekszik a tavalyi visszaes\u00e9s ut\u00e1n.\" \/>\n\t<meta name=\"robots\" content=\"max-image-preview:large\" \/>\n\t<meta name=\"author\" content=\"Juh\u00e1sz P\u00e9ter\"\/>\n\t<meta name=\"keywords\" content=\"b\u00e9rdinamika,munkaer\u0151k\u00f6lts\u00e9g\" \/>\n\t<link rel=\"canonical\" href=\"https:\/\/allasorias.hu\/hirek\/lelassul-a-berdinamika-hazankban\/\" \/>\n\t<meta name=\"generator\" content=\"All in One SEO (AIOSEO) 5.0.0.1\" \/>\n\t\t<meta property=\"og:locale\" content=\"hu_HU\" \/>\n\t\t<meta property=\"og:site_name\" content=\"AllasOrias.hu | H\u00edrek-lapszemle | \u00dczleti h\u00edrek az \u00e1ll\u00e1s \u00e9s a munka vil\u00e1g\u00e1b\u00f3l\" \/>\n\t\t<meta property=\"og:type\" content=\"article\" \/>\n\t\t<meta property=\"og:title\" content=\"Lelassul a b\u00e9rdinamika haz\u00e1nkban | Allasorias.hu\/Hirek\" \/>\n\t\t<meta property=\"og:description\" content=\"Az el\u0151rejelz\u00e9s szerint a b\u00e9rn\u00f6veked\u00e9s v\u00e1rhat\u00f3an lassul az el\u0151tt\u00fcnk \u00e1ll\u00f3 id\u0151szakban, mik\u00f6zben a termel\u00e9kenys\u00e9g n\u00f6vekszik a tavalyi visszaes\u00e9s ut\u00e1n.\" \/>\n\t\t<meta property=\"og:url\" content=\"https:\/\/allasorias.hu\/hirek\/lelassul-a-berdinamika-hazankban\/\" \/>\n\t\t<meta property=\"og:image\" content=\"https:\/\/allasorias.hu\/hirek\/wp-content\/uploads\/2024\/06\/lelassul-a-berdinamika.jpg\" \/>\n\t\t<meta property=\"og:image:secure_url\" content=\"https:\/\/allasorias.hu\/hirek\/wp-content\/uploads\/2024\/06\/lelassul-a-berdinamika.jpg\" \/>\n\t\t<meta property=\"og:image:width\" content=\"1280\" \/>\n\t\t<meta property=\"og:image:height\" content=\"594\" \/>\n\t\t<meta property=\"article:published_time\" content=\"2024-06-27T06:41:15+00:00\" \/>\n\t\t<meta property=\"article:modified_time\" content=\"2024-06-27T06:41:15+00:00\" \/>\n\t\t<meta property=\"article:publisher\" content=\"https:\/\/www.facebook.com\/allasorias\" \/>\n\t\t<meta name=\"twitter:card\" content=\"summary_large_image\" \/>\n\t\t<meta name=\"twitter:title\" content=\"Lelassul a b\u00e9rdinamika haz\u00e1nkban | Allasorias.hu\/Hirek\" \/>\n\t\t<meta name=\"twitter:description\" content=\"Az el\u0151rejelz\u00e9s szerint a b\u00e9rn\u00f6veked\u00e9s v\u00e1rhat\u00f3an lassul az el\u0151tt\u00fcnk \u00e1ll\u00f3 id\u0151szakban, mik\u00f6zben a termel\u00e9kenys\u00e9g n\u00f6vekszik a tavalyi visszaes\u00e9s ut\u00e1n.\" \/>\n\t\t<meta name=\"twitter:image\" content=\"https:\/\/allasorias.hu\/hirek\/wp-content\/uploads\/2024\/06\/lelassul-a-berdinamika.jpg\" \/>\n\t\t<meta name=\"twitter:label1\" content=\"Written by\" \/>\n\t\t<meta name=\"twitter:data1\" content=\"Juh\u00e1sz P\u00e9ter\" \/>\n\t\t<meta name=\"twitter:label2\" content=\"Est. reading time\" \/>\n\t\t<meta name=\"twitter:data2\" content=\"3 minutes\" \/>\n\t\t<script type=\"application\/ld+json\" class=\"aioseo-schema\">\n\t\t\t{\"@context\":\"https:\\\/\\\/schema.org\",\"@graph\":[{\"@type\":\"Article\",\"@id\":\"https:\\\/\\\/allasorias.hu\\\/hirek\\\/lelassul-a-berdinamika-hazankban\\\/#article\",\"name\":\"Lelassul a b\\u00e9rdinamika haz\\u00e1nkban | Allasorias.hu\\\/Hirek\",\"headline\":\"Lelassul a b\\u00e9rdinamika haz\\u00e1nkban\",\"author\":{\"@id\":\"https:\\\/\\\/allasorias.hu\\\/hirek\\\/author\\\/admin-allasorias\\\/#author\"},\"publisher\":{\"@id\":\"https:\\\/\\\/allasorias.hu\\\/hirek\\\/#organization\"},\"image\":{\"@type\":\"ImageObject\",\"url\":\"https:\\\/\\\/allasorias.hu\\\/hirek\\\/wp-content\\\/uploads\\\/2024\\\/06\\\/lelassul-a-berdinamika.jpg\",\"width\":1280,\"height\":594,\"caption\":\"Lelassul a b\\u00e9rdinamika haz\\u00e1nkban - Allasorias.hu\\\/Hirek\"},\"datePublished\":\"2024-06-27T08:41:15+02:00\",\"dateModified\":\"2024-06-27T08:41:15+02:00\",\"inLanguage\":\"hu-HU\",\"mainEntityOfPage\":{\"@id\":\"https:\\\/\\\/allasorias.hu\\\/hirek\\\/lelassul-a-berdinamika-hazankban\\\/#webpage\"},\"isPartOf\":{\"@id\":\"https:\\\/\\\/allasorias.hu\\\/hirek\\\/lelassul-a-berdinamika-hazankban\\\/#webpage\"},\"articleSection\":\"Gazdas\\u00e1g, b\\u00e9rdinamika, munkaer\\u0151k\\u00f6lts\\u00e9g\"},{\"@type\":\"BreadcrumbList\",\"@id\":\"https:\\\/\\\/allasorias.hu\\\/hirek\\\/lelassul-a-berdinamika-hazankban\\\/#breadcrumblist\",\"itemListElement\":[{\"@type\":\"ListItem\",\"@id\":\"https:\\\/\\\/allasorias.hu\\\/hirek#listItem\",\"position\":1,\"name\":\"Home\",\"item\":\"https:\\\/\\\/allasorias.hu\\\/hirek\",\"nextItem\":{\"@type\":\"ListItem\",\"@id\":\"https:\\\/\\\/allasorias.hu\\\/hirek\\\/temak\\\/gazdasag\\\/#listItem\",\"name\":\"Gazdas\\u00e1g\"}},{\"@type\":\"ListItem\",\"@id\":\"https:\\\/\\\/allasorias.hu\\\/hirek\\\/temak\\\/gazdasag\\\/#listItem\",\"position\":2,\"name\":\"Gazdas\\u00e1g\",\"item\":\"https:\\\/\\\/allasorias.hu\\\/hirek\\\/temak\\\/gazdasag\\\/\",\"nextItem\":{\"@type\":\"ListItem\",\"@id\":\"https:\\\/\\\/allasorias.hu\\\/hirek\\\/lelassul-a-berdinamika-hazankban\\\/#listItem\",\"name\":\"Lelassul a b\\u00e9rdinamika haz\\u00e1nkban\"},\"previousItem\":{\"@type\":\"ListItem\",\"@id\":\"https:\\\/\\\/allasorias.hu\\\/hirek#listItem\",\"name\":\"Home\"}},{\"@type\":\"ListItem\",\"@id\":\"https:\\\/\\\/allasorias.hu\\\/hirek\\\/lelassul-a-berdinamika-hazankban\\\/#listItem\",\"position\":3,\"name\":\"Lelassul a b\\u00e9rdinamika haz\\u00e1nkban\",\"previousItem\":{\"@type\":\"ListItem\",\"@id\":\"https:\\\/\\\/allasorias.hu\\\/hirek\\\/temak\\\/gazdasag\\\/#listItem\",\"name\":\"Gazdas\\u00e1g\"}}]},{\"@type\":\"Organization\",\"@id\":\"https:\\\/\\\/allasorias.hu\\\/hirek\\\/#organization\",\"name\":\"AllasOrias.hu | H\\u00edrek-lapszemle\",\"description\":\"\\u00dczleti h\\u00edrek az \\u00e1ll\\u00e1s \\u00e9s a munka vil\\u00e1g\\u00e1b\\u00f3l\",\"url\":\"https:\\\/\\\/allasorias.hu\\\/hirek\\\/\",\"logo\":{\"@type\":\"ImageObject\",\"url\":\"https:\\\/\\\/allasorias.hu\\\/hirek\\\/wp-content\\\/uploads\\\/2022\\\/10\\\/allasorias_site_facebok_logo.png\",\"@id\":\"https:\\\/\\\/allasorias.hu\\\/hirek\\\/lelassul-a-berdinamika-hazankban\\\/#organizationLogo\"},\"image\":{\"@id\":\"https:\\\/\\\/allasorias.hu\\\/hirek\\\/lelassul-a-berdinamika-hazankban\\\/#organizationLogo\"},\"sameAs\":[\"https:\\\/\\\/www.facebook.com\\\/allasorias\",\"https:\\\/\\\/www.linkedin.com\\\/company\\\/allasorias\"]},{\"@type\":\"Person\",\"@id\":\"https:\\\/\\\/allasorias.hu\\\/hirek\\\/author\\\/admin-allasorias\\\/#author\",\"url\":\"https:\\\/\\\/allasorias.hu\\\/hirek\\\/author\\\/admin-allasorias\\\/\",\"name\":\"Juh\\u00e1sz P\\u00e9ter\",\"image\":{\"@type\":\"ImageObject\",\"@id\":\"https:\\\/\\\/allasorias.hu\\\/hirek\\\/lelassul-a-berdinamika-hazankban\\\/#authorImage\",\"url\":\"https:\\\/\\\/secure.gravatar.com\\\/avatar\\\/36e6bcb83148978b992977cb0f54d22feb0cce8a0a849a9410532bb2623ba4c6?s=96&d=mm&r=g\",\"width\":96,\"height\":96,\"caption\":\"Juh\\u00e1sz P\\u00e9ter\"}},{\"@type\":\"WebPage\",\"@id\":\"https:\\\/\\\/allasorias.hu\\\/hirek\\\/lelassul-a-berdinamika-hazankban\\\/#webpage\",\"url\":\"https:\\\/\\\/allasorias.hu\\\/hirek\\\/lelassul-a-berdinamika-hazankban\\\/\",\"name\":\"Lelassul a b\\u00e9rdinamika haz\\u00e1nkban | Allasorias.hu\\\/Hirek\",\"description\":\"Az el\\u0151rejelz\\u00e9s szerint a b\\u00e9rn\\u00f6veked\\u00e9s v\\u00e1rhat\\u00f3an lassul az el\\u0151tt\\u00fcnk \\u00e1ll\\u00f3 id\\u0151szakban, mik\\u00f6zben a termel\\u00e9kenys\\u00e9g n\\u00f6vekszik a tavalyi visszaes\\u00e9s ut\\u00e1n.\",\"inLanguage\":\"hu-HU\",\"isPartOf\":{\"@id\":\"https:\\\/\\\/allasorias.hu\\\/hirek\\\/#website\"},\"breadcrumb\":{\"@id\":\"https:\\\/\\\/allasorias.hu\\\/hirek\\\/lelassul-a-berdinamika-hazankban\\\/#breadcrumblist\"},\"author\":{\"@id\":\"https:\\\/\\\/allasorias.hu\\\/hirek\\\/author\\\/admin-allasorias\\\/#author\"},\"creator\":{\"@id\":\"https:\\\/\\\/allasorias.hu\\\/hirek\\\/author\\\/admin-allasorias\\\/#author\"},\"image\":{\"@type\":\"ImageObject\",\"url\":\"https:\\\/\\\/allasorias.hu\\\/hirek\\\/wp-content\\\/uploads\\\/2024\\\/06\\\/lelassul-a-berdinamika.jpg\",\"@id\":\"https:\\\/\\\/allasorias.hu\\\/hirek\\\/lelassul-a-berdinamika-hazankban\\\/#mainImage\",\"width\":1280,\"height\":594,\"caption\":\"Lelassul a b\\u00e9rdinamika haz\\u00e1nkban - Allasorias.hu\\\/Hirek\"},\"primaryImageOfPage\":{\"@id\":\"https:\\\/\\\/allasorias.hu\\\/hirek\\\/lelassul-a-berdinamika-hazankban\\\/#mainImage\"},\"datePublished\":\"2024-06-27T08:41:15+02:00\",\"dateModified\":\"2024-06-27T08:41:15+02:00\"},{\"@type\":\"WebSite\",\"@id\":\"https:\\\/\\\/allasorias.hu\\\/hirek\\\/#website\",\"url\":\"https:\\\/\\\/allasorias.hu\\\/hirek\\\/\",\"name\":\"AllasOrias.hu | H\\u00edrek-lapszemle\",\"description\":\"\\u00dczleti h\\u00edrek az \\u00e1ll\\u00e1s \\u00e9s a munka vil\\u00e1g\\u00e1b\\u00f3l\",\"inLanguage\":\"hu-HU\",\"publisher\":{\"@id\":\"https:\\\/\\\/allasorias.hu\\\/hirek\\\/#organization\"}}]}\n\t\t<\/script>\n\t\t<!-- All in One SEO -->\n\n","aioseo_head_json":{"title":"Lelassul a b\u00e9rdinamika haz\u00e1nkban | Allasorias.hu\/Hirek","description":"Az el\u0151rejelz\u00e9s szerint a b\u00e9rn\u00f6veked\u00e9s v\u00e1rhat\u00f3an lassul az el\u0151tt\u00fcnk \u00e1ll\u00f3 id\u0151szakban, mik\u00f6zben a termel\u00e9kenys\u00e9g n\u00f6vekszik a tavalyi visszaes\u00e9s ut\u00e1n.","canonical_url":"https:\/\/allasorias.hu\/hirek\/lelassul-a-berdinamika-hazankban\/","robots":"max-image-preview:large","keywords":"b\u00e9rdinamika,munkaer\u0151k\u00f6lts\u00e9g","webmasterTools":{"miscellaneous":""},"schema":{"@context":"https:\/\/schema.org","@graph":[{"@type":"Article","@id":"https:\/\/allasorias.hu\/hirek\/lelassul-a-berdinamika-hazankban\/#article","name":"Lelassul a b\u00e9rdinamika haz\u00e1nkban | Allasorias.hu\/Hirek","headline":"Lelassul a b\u00e9rdinamika haz\u00e1nkban","author":{"@id":"https:\/\/allasorias.hu\/hirek\/author\/admin-allasorias\/#author"},"publisher":{"@id":"https:\/\/allasorias.hu\/hirek\/#organization"},"image":{"@type":"ImageObject","url":"https:\/\/allasorias.hu\/hirek\/wp-content\/uploads\/2024\/06\/lelassul-a-berdinamika.jpg","width":1280,"height":594,"caption":"Lelassul a b\u00e9rdinamika haz\u00e1nkban - Allasorias.hu\/Hirek"},"datePublished":"2024-06-27T08:41:15+02:00","dateModified":"2024-06-27T08:41:15+02:00","inLanguage":"hu-HU","mainEntityOfPage":{"@id":"https:\/\/allasorias.hu\/hirek\/lelassul-a-berdinamika-hazankban\/#webpage"},"isPartOf":{"@id":"https:\/\/allasorias.hu\/hirek\/lelassul-a-berdinamika-hazankban\/#webpage"},"articleSection":"Gazdas\u00e1g, b\u00e9rdinamika, munkaer\u0151k\u00f6lts\u00e9g"},{"@type":"BreadcrumbList","@id":"https:\/\/allasorias.hu\/hirek\/lelassul-a-berdinamika-hazankban\/#breadcrumblist","itemListElement":[{"@type":"ListItem","@id":"https:\/\/allasorias.hu\/hirek#listItem","position":1,"name":"Home","item":"https:\/\/allasorias.hu\/hirek","nextItem":{"@type":"ListItem","@id":"https:\/\/allasorias.hu\/hirek\/temak\/gazdasag\/#listItem","name":"Gazdas\u00e1g"}},{"@type":"ListItem","@id":"https:\/\/allasorias.hu\/hirek\/temak\/gazdasag\/#listItem","position":2,"name":"Gazdas\u00e1g","item":"https:\/\/allasorias.hu\/hirek\/temak\/gazdasag\/","nextItem":{"@type":"ListItem","@id":"https:\/\/allasorias.hu\/hirek\/lelassul-a-berdinamika-hazankban\/#listItem","name":"Lelassul a b\u00e9rdinamika haz\u00e1nkban"},"previousItem":{"@type":"ListItem","@id":"https:\/\/allasorias.hu\/hirek#listItem","name":"Home"}},{"@type":"ListItem","@id":"https:\/\/allasorias.hu\/hirek\/lelassul-a-berdinamika-hazankban\/#listItem","position":3,"name":"Lelassul a b\u00e9rdinamika haz\u00e1nkban","previousItem":{"@type":"ListItem","@id":"https:\/\/allasorias.hu\/hirek\/temak\/gazdasag\/#listItem","name":"Gazdas\u00e1g"}}]},{"@type":"Organization","@id":"https:\/\/allasorias.hu\/hirek\/#organization","name":"AllasOrias.hu | H\u00edrek-lapszemle","description":"\u00dczleti h\u00edrek az \u00e1ll\u00e1s \u00e9s a munka vil\u00e1g\u00e1b\u00f3l","url":"https:\/\/allasorias.hu\/hirek\/","logo":{"@type":"ImageObject","url":"https:\/\/allasorias.hu\/hirek\/wp-content\/uploads\/2022\/10\/allasorias_site_facebok_logo.png","@id":"https:\/\/allasorias.hu\/hirek\/lelassul-a-berdinamika-hazankban\/#organizationLogo"},"image":{"@id":"https:\/\/allasorias.hu\/hirek\/lelassul-a-berdinamika-hazankban\/#organizationLogo"},"sameAs":["https:\/\/www.facebook.com\/allasorias","https:\/\/www.linkedin.com\/company\/allasorias"]},{"@type":"Person","@id":"https:\/\/allasorias.hu\/hirek\/author\/admin-allasorias\/#author","url":"https:\/\/allasorias.hu\/hirek\/author\/admin-allasorias\/","name":"Juh\u00e1sz P\u00e9ter","image":{"@type":"ImageObject","@id":"https:\/\/allasorias.hu\/hirek\/lelassul-a-berdinamika-hazankban\/#authorImage","url":"https:\/\/secure.gravatar.com\/avatar\/36e6bcb83148978b992977cb0f54d22feb0cce8a0a849a9410532bb2623ba4c6?s=96&d=mm&r=g","width":96,"height":96,"caption":"Juh\u00e1sz P\u00e9ter"}},{"@type":"WebPage","@id":"https:\/\/allasorias.hu\/hirek\/lelassul-a-berdinamika-hazankban\/#webpage","url":"https:\/\/allasorias.hu\/hirek\/lelassul-a-berdinamika-hazankban\/","name":"Lelassul a b\u00e9rdinamika haz\u00e1nkban | Allasorias.hu\/Hirek","description":"Az el\u0151rejelz\u00e9s szerint a b\u00e9rn\u00f6veked\u00e9s v\u00e1rhat\u00f3an lassul az el\u0151tt\u00fcnk \u00e1ll\u00f3 id\u0151szakban, mik\u00f6zben a termel\u00e9kenys\u00e9g n\u00f6vekszik a tavalyi visszaes\u00e9s ut\u00e1n.","inLanguage":"hu-HU","isPartOf":{"@id":"https:\/\/allasorias.hu\/hirek\/#website"},"breadcrumb":{"@id":"https:\/\/allasorias.hu\/hirek\/lelassul-a-berdinamika-hazankban\/#breadcrumblist"},"author":{"@id":"https:\/\/allasorias.hu\/hirek\/author\/admin-allasorias\/#author"},"creator":{"@id":"https:\/\/allasorias.hu\/hirek\/author\/admin-allasorias\/#author"},"image":{"@type":"ImageObject","url":"https:\/\/allasorias.hu\/hirek\/wp-content\/uploads\/2024\/06\/lelassul-a-berdinamika.jpg","@id":"https:\/\/allasorias.hu\/hirek\/lelassul-a-berdinamika-hazankban\/#mainImage","width":1280,"height":594,"caption":"Lelassul a b\u00e9rdinamika haz\u00e1nkban - Allasorias.hu\/Hirek"},"primaryImageOfPage":{"@id":"https:\/\/allasorias.hu\/hirek\/lelassul-a-berdinamika-hazankban\/#mainImage"},"datePublished":"2024-06-27T08:41:15+02:00","dateModified":"2024-06-27T08:41:15+02:00"},{"@type":"WebSite","@id":"https:\/\/allasorias.hu\/hirek\/#website","url":"https:\/\/allasorias.hu\/hirek\/","name":"AllasOrias.hu | H\u00edrek-lapszemle","description":"\u00dczleti h\u00edrek az \u00e1ll\u00e1s \u00e9s a munka vil\u00e1g\u00e1b\u00f3l","inLanguage":"hu-HU","publisher":{"@id":"https:\/\/allasorias.hu\/hirek\/#organization"}}]},"og:locale":"hu_HU","og:site_name":"AllasOrias.hu | H\u00edrek-lapszemle | \u00dczleti h\u00edrek az \u00e1ll\u00e1s \u00e9s a munka vil\u00e1g\u00e1b\u00f3l","og:type":"article","og:title":"Lelassul a b\u00e9rdinamika haz\u00e1nkban | Allasorias.hu\/Hirek","og:description":"Az el\u0151rejelz\u00e9s szerint a b\u00e9rn\u00f6veked\u00e9s v\u00e1rhat\u00f3an lassul az el\u0151tt\u00fcnk \u00e1ll\u00f3 id\u0151szakban, mik\u00f6zben a termel\u00e9kenys\u00e9g n\u00f6vekszik a tavalyi visszaes\u00e9s ut\u00e1n.","og:url":"https:\/\/allasorias.hu\/hirek\/lelassul-a-berdinamika-hazankban\/","og:image":"https:\/\/allasorias.hu\/hirek\/wp-content\/uploads\/2024\/06\/lelassul-a-berdinamika.jpg","og:image:secure_url":"https:\/\/allasorias.hu\/hirek\/wp-content\/uploads\/2024\/06\/lelassul-a-berdinamika.jpg","og:image:width":1280,"og:image:height":594,"article:published_time":"2024-06-27T06:41:15+00:00","article:modified_time":"2024-06-27T06:41:15+00:00","article:publisher":"https:\/\/www.facebook.com\/allasorias","twitter:card":"summary_large_image","twitter:title":"Lelassul a b\u00e9rdinamika haz\u00e1nkban | Allasorias.hu\/Hirek","twitter:description":"Az el\u0151rejelz\u00e9s szerint a b\u00e9rn\u00f6veked\u00e9s v\u00e1rhat\u00f3an lassul az el\u0151tt\u00fcnk \u00e1ll\u00f3 id\u0151szakban, mik\u00f6zben a termel\u00e9kenys\u00e9g n\u00f6vekszik a tavalyi visszaes\u00e9s ut\u00e1n.","twitter:image":"https:\/\/allasorias.hu\/hirek\/wp-content\/uploads\/2024\/06\/lelassul-a-berdinamika.jpg","twitter:label1":"Written by","twitter:data1":"Juh\u00e1sz P\u00e9ter","twitter:label2":"Est. reading time","twitter:data2":"3 minutes"},"aioseo_meta_data":{"post_id":"7710","title":"#post_title | Allasorias.hu\/Hirek","description":"Az el\u0151rejelz\u00e9s szerint a b\u00e9rn\u00f6veked\u00e9s v\u00e1rhat\u00f3an lassul az el\u0151tt\u00fcnk \u00e1ll\u00f3 id\u0151szakban, mik\u00f6zben a termel\u00e9kenys\u00e9g n\u00f6vekszik a tavalyi visszaes\u00e9s ut\u00e1n.","keywords":null,"keyphrases":{"focus":{"keyphrase":"","score":0,"analysis":{"keyphraseInTitle":{"score":0,"maxScore":9,"error":1}}},"additional":[]},"primary_term":null,"canonical_url":null,"og_title":null,"og_description":null,"og_object_type":"default","og_image_type":"default","og_image_url":null,"og_image_width":null,"og_image_height":null,"og_image_custom_url":null,"og_image_custom_fields":null,"og_video":"","og_custom_url":null,"og_article_section":null,"og_article_tags":null,"twitter_use_og":true,"twitter_card":"default","twitter_image_type":"default","twitter_image_url":null,"twitter_image_custom_url":null,"twitter_image_custom_fields":null,"twitter_title":null,"twitter_description":null,"schema":{"blockGraphs":[],"customGraphs":[],"default":{"data":{"Article":[],"Course":[],"Dataset":[],"FAQPage":[],"Movie":[],"Person":[],"Product":[],"ProductReview":[],"Car":[],"Recipe":[],"Service":[],"SoftwareApplication":[],"WebPage":[]},"graphName":"Article","isEnabled":true},"graphs":[]},"schema_type":"default","schema_type_options":null,"pillar_content":false,"robots_default":true,"robots_noindex":false,"robots_noarchive":false,"robots_nosnippet":false,"robots_nofollow":false,"robots_noimageindex":false,"robots_noodp":false,"robots_notranslate":false,"robots_max_snippet":"-1","robots_max_videopreview":"-1","robots_max_imagepreview":"large","priority":null,"frequency":"default","location":null,"local_seo":null,"breadcrumb_settings":null,"limit_modified_date":false,"ai":null,"created":"2024-06-27 06:31:29","updated":"2025-10-02 20:05:07","seo_analyzer_scan_date":null,"focus_keyword":null,"additional_keywords":null,"truseo_locale":null},"aioseo_breadcrumb":"<div class=\"aioseo-breadcrumbs\"><span class=\"aioseo-breadcrumb\">\n\t\t\t<a href=\"https:\/\/allasorias.hu\/hirek\" title=\"Home\">Home<\/a>\n\t\t<\/span><span class=\"aioseo-breadcrumb-separator\">&raquo;<\/span><span class=\"aioseo-breadcrumb\">\n\t\t\t<a href=\"https:\/\/allasorias.hu\/hirek\/temak\/gazdasag\/\" title=\"Gazdas\u00e1g\">Gazdas\u00e1g<\/a>\n\t\t<\/span><span class=\"aioseo-breadcrumb-separator\">&raquo;<\/span><span class=\"aioseo-breadcrumb\">\n\t\t\tLelassul a b\u00e9rdinamika haz\u00e1nkban\n\t\t<\/span><\/div>","aioseo_breadcrumb_json":[{"label":"Home","link":"https:\/\/allasorias.hu\/hirek"},{"label":"Gazdas\u00e1g","link":"https:\/\/allasorias.hu\/hirek\/temak\/gazdasag\/"},{"label":"Lelassul a b\u00e9rdinamika haz\u00e1nkban","link":"https:\/\/allasorias.hu\/hirek\/lelassul-a-berdinamika-hazankban\/"}],"_links":{"self":[{"href":"https:\/\/allasorias.hu\/hirek\/wp-json\/wp\/v2\/posts\/7710","targetHints":{"allow":["GET"]}}],"collection":[{"href":"https:\/\/allasorias.hu\/hirek\/wp-json\/wp\/v2\/posts"}],"about":[{"href":"https:\/\/allasorias.hu\/hirek\/wp-json\/wp\/v2\/types\/post"}],"author":[{"embeddable":true,"href":"https:\/\/allasorias.hu\/hirek\/wp-json\/wp\/v2\/users\/1"}],"replies":[{"embeddable":true,"href":"https:\/\/allasorias.hu\/hirek\/wp-json\/wp\/v2\/comments?post=7710"}],"version-history":[{"count":1,"href":"https:\/\/allasorias.hu\/hirek\/wp-json\/wp\/v2\/posts\/7710\/revisions"}],"predecessor-version":[{"id":7712,"href":"https:\/\/allasorias.hu\/hirek\/wp-json\/wp\/v2\/posts\/7710\/revisions\/7712"}],"wp:featuredmedia":[{"embeddable":true,"href":"https:\/\/allasorias.hu\/hirek\/wp-json\/wp\/v2\/media\/7711"}],"wp:attachment":[{"href":"https:\/\/allasorias.hu\/hirek\/wp-json\/wp\/v2\/media?parent=7710"}],"wp:term":[{"taxonomy":"category","embeddable":true,"href":"https:\/\/allasorias.hu\/hirek\/wp-json\/wp\/v2\/categories?post=7710"},{"taxonomy":"post_tag","embeddable":true,"href":"https:\/\/allasorias.hu\/hirek\/wp-json\/wp\/v2\/tags?post=7710"}],"curies":[{"name":"wp","href":"https:\/\/api.w.org\/{rel}","templated":true}]}}